{"id":4585,"date":"2008-01-07T00:00:00","date_gmt":"2008-01-07T00:00:00","guid":{"rendered":"http:\/\/www.carideal.com\/blog\/2008\/01\/07\/peugeot-308-rc-z\/"},"modified":"2015-08-17T10:06:12","modified_gmt":"2015-08-17T08:06:12","slug":"peugeot-308-rc-z","status":"publish","type":"post","link":"https:\/\/www.carideal.com\/blog\/2008\/01\/07\/peugeot-308-rc-z\/","title":{"rendered":"Peugeot 308 RC-Z"},"content":{"rendered":"<div><img decoding=\"async\" src=\"http:\/\/www.carideal.com\/images_actualite\/peugeot308rczcarideal-1199689654.jpg\" alt=\"\" \/>peugeot 308 RC-Z<\/div>\n<div><img decoding=\"async\" src=\"http:\/\/www.carideal.com\/images_actualite\/peugeot308rczcarideal2-1199689675.jpg\" alt=\"\" \/>Peugeot 308 RC-Z vu AR<\/div>\n<div><img decoding=\"async\" src=\"http:\/\/www.carideal.com\/images_actualite\/peugeot308rczcarideal3-1199689700.jpg\" alt=\"\" \/>Int\u00e9rieur sport pour la Peugeot 308 RCZ<\/div>\n<p style=\"margin-bottom: 0cm;\"><b>PEUGEOT 308 RCZ<\/b><\/p>\n<p>&nbsp;<\/p>\n<p style=\"margin-bottom: 0cm;\">Peugeot a donn\u00e9 son accord pour la commercialisation de son magnifique coup\u00e9 308 RC-Z. Elle sera fabriqu\u00e9e en Autriche dans une usine du groupe Magna. Elle ne sera pas fabriqu\u00e9 \u00e0 Sochaux, ni dans une usine du groupe et encore moins chez un carrossier fran\u00e7ais. C'est l'usine de Gaz du groupe Magna en Autriche, remporte la timbale depuis qu'elle ne fabrique plus les Classe E 4matic, 4X4 Mercedes G, BMW X3. Peugeot connait bien ce groupe qui industrialise les toits de ses 307 CC et de ses futures 308 CC. La Peugeot 308 RC-Z est un coup\u00e9 ramass\u00e9, avec un avant tr\u00e8s agressif et des formes tr\u00e8s travaill\u00e9es. L'habitacle se trouve tr\u00e8s en avant avec un arri\u00e8re tr\u00e8s long. Ces proportions peuvent rapeller celles d'une certaine Audi TT. La Peugeot 308 RC-Z est un 2+2 qui emprunte la planche de bord de la 308 berline. Elle devrait \u00eatre motoris\u00e9e par le 1.6 THP de 175 ch et sans doute d'autre dont des moteurs diesels. La Peugeot 308 RC-Z est un coup\u00e9 compact avec ses 4.27 m de long, elle est plus large 1.84 m que haute avec ses 1.32m.<\/p>\n<p>&nbsp;<\/p>\n<p style=\"margin-bottom: 0cm;\">Suite \u00e0 ses prototypes de salons Peugeot s'est d\u00e9cid\u00e9 et a nom\u00e9 son projet T75. Le nouveau patron de PSA Christian Streiff a dynamis\u00e9 ses troupes et a r\u00e9orient\u00e9 ses priorit\u00e9s \u00e0 l'ecoute des clients, ce qui devrait nous donner une gamme plus large que pr\u00e9vu \u00e0 l'origine. Le superbe coup\u00e9 sera produit d'ici un an et demi. Cette associassion avec un groupe Russe pour la fabrication de son nouveau coup\u00e9 308 RC-Z est symptomatique de la tendance actuelle des constructeurs Francais qui n'ont plus les moyens de fabriquer leurs voitures en France ou bien y aurait il une arri\u00e8re pens\u00e9e pour une future diffusion en Russie ou les pays de l'est ? Ou les deux ?<\/p>\n","protected":false},"excerpt":{"rendered":"<p>peugeot 308 RC-Z Peugeot 308 RC-Z vu AR Int\u00e9rieur sport pour la Peugeot 308 RCZ PEUGEOT 308 RCZ &nbsp; Peugeot a donn\u00e9 son accord pour la commercialisation de son magnifique coup\u00e9 308 RC-Z. Elle sera fabriqu\u00e9e en Autriche dans une usine du groupe Magna. Elle ne sera pas fabriqu\u00e9 \u00e0 Sochaux, ni dans une usine &#8230; <a title=\"Peugeot 308 RC-Z\" class=\"read-more\" href=\"https:\/\/www.carideal.com\/blog\/2008\/01\/07\/peugeot-308-rc-z\/\" aria-label=\"En savoir plus sur Peugeot 308 RC-Z\">Lire plus<\/a><\/p>\n","protected":false},"author":3,"featured_media":0,"comment_status":"open","ping_status":"open","sticky":false,"template":"","format":"standard","meta":{"_uag_custom_page_level_css":"","_themeisle_gutenberg_block_has_review":false,"footnotes":""},"categories":[21],"tags":[35],"class_list":["post-4585","post","type-post","status-publish","format-standard","hentry","category-actualites-auto","tag-psa"],"wppr_data":[],"yoast_head":"<!-- This site is optimized with the Yoast SEO plugin v24.8.1 - https:\/\/yoast.com\/wordpress\/plugins\/seo\/ -->\n<title>Peugeot 308 RC-Z - Blog auto Carid\u00e9al<\/title>\n<meta name=\"robots\" content=\"index, follow, max-snippet:-1, max-image-preview:large, max-video-preview:-1\" \/>\n<link rel=\"canonical\" href=\"https:\/\/www.carideal.com\/blog\/2008\/01\/07\/peugeot-308-rc-z\/\" \/>\n<meta property=\"og:locale\" content=\"fr_FR\" \/>\n<meta property=\"og:type\" content=\"article\" \/>\n<meta property=\"og:title\" content=\"Peugeot 308 RC-Z - Blog auto Carid\u00e9al\" \/>\n<meta property=\"og:description\" content=\"peugeot 308 RC-Z Peugeot 308 RC-Z vu AR Int\u00e9rieur sport pour la Peugeot 308 RCZ PEUGEOT 308 RCZ &nbsp; Peugeot a donn\u00e9 son accord pour la commercialisation de son magnifique coup\u00e9 308 RC-Z. Elle sera fabriqu\u00e9e en Autriche dans une usine du groupe Magna. Elle ne sera pas fabriqu\u00e9 \u00e0 Sochaux, ni dans une usine ... Lire plus\" \/>\n<meta property=\"og:url\" content=\"https:\/\/www.carideal.com\/blog\/2008\/01\/07\/peugeot-308-rc-z\/\" \/>\n<meta property=\"og:site_name\" content=\"Blog auto Carid\u00e9al\" \/>\n<meta property=\"article:publisher\" content=\"https:\/\/www.facebook.com\/Carideal.mandataire.automobile\" \/>\n<meta property=\"article:author\" content=\"https:\/\/www.facebook.com\/nicolas.schiavon.39\" \/>\n<meta property=\"article:published_time\" content=\"2008-01-07T00:00:00+00:00\" \/>\n<meta property=\"article:modified_time\" content=\"2015-08-17T08:06:12+00:00\" \/>\n<meta property=\"og:image\" content=\"http:\/\/www.carideal.com\/images_actualite\/peugeot308rczcarideal-1199689654.jpg\" \/>\n<meta name=\"author\" content=\"Nicolas SCHIAVON\" \/>\n<meta name=\"twitter:card\" content=\"summary_large_image\" \/>\n<meta name=\"twitter:creator\" content=\"@caridealauto\" \/>\n<meta name=\"twitter:site\" content=\"@caridealauto\" \/>\n<meta name=\"twitter:label1\" content=\"\u00c9crit par\" \/>\n\t<meta name=\"twitter:data1\" content=\"Nicolas SCHIAVON\" \/>\n\t<meta name=\"twitter:label2\" content=\"Dur\u00e9e de lecture estim\u00e9e\" \/>\n\t<meta name=\"twitter:data2\" content=\"2 minutes\" \/>\n<script type=\"application\/ld+json\" class=\"yoast-schema-graph\">{\"@context\":\"https:\/\/schema.org\",\"@graph\":[{\"@type\":\"Article\",\"@id\":\"https:\/\/www.carideal.com\/blog\/2008\/01\/07\/peugeot-308-rc-z\/#article\",\"isPartOf\":{\"@id\":\"https:\/\/www.carideal.com\/blog\/2008\/01\/07\/peugeot-308-rc-z\/\"},\"author\":{\"name\":\"Nicolas SCHIAVON\",\"@id\":\"https:\/\/www.carideal.com\/blog\/#\/schema\/person\/cd95dc7919660de90d31b366f85be1ec\"},\"headline\":\"Peugeot 308 RC-Z\",\"datePublished\":\"2008-01-07T00:00:00+00:00\",\"dateModified\":\"2015-08-17T08:06:12+00:00\",\"mainEntityOfPage\":{\"@id\":\"https:\/\/www.carideal.com\/blog\/2008\/01\/07\/peugeot-308-rc-z\/\"},\"wordCount\":321,\"commentCount\":0,\"publisher\":{\"@id\":\"https:\/\/www.carideal.com\/blog\/#organization\"},\"image\":{\"@id\":\"https:\/\/www.carideal.com\/blog\/2008\/01\/07\/peugeot-308-rc-z\/#primaryimage\"},\"thumbnailUrl\":\"http:\/\/www.carideal.com\/images_actualite\/peugeot308rczcarideal-1199689654.jpg\",\"keywords\":[\"PSA\"],\"articleSection\":[\"Actualit\u00e9 automobile\"],\"inLanguage\":\"fr-FR\",\"potentialAction\":[{\"@type\":\"CommentAction\",\"name\":\"Comment\",\"target\":[\"https:\/\/www.carideal.com\/blog\/2008\/01\/07\/peugeot-308-rc-z\/#respond\"]}]},{\"@type\":\"WebPage\",\"@id\":\"https:\/\/www.carideal.com\/blog\/2008\/01\/07\/peugeot-308-rc-z\/\",\"url\":\"https:\/\/www.carideal.com\/blog\/2008\/01\/07\/peugeot-308-rc-z\/\",\"name\":\"Peugeot 308 RC-Z - Blog auto Carid\u00e9al\",\"isPartOf\":{\"@id\":\"https:\/\/www.carideal.com\/blog\/#website\"},\"primaryImageOfPage\":{\"@id\":\"https:\/\/www.carideal.com\/blog\/2008\/01\/07\/peugeot-308-rc-z\/#primaryimage\"},\"image\":{\"@id\":\"https:\/\/www.carideal.com\/blog\/2008\/01\/07\/peugeot-308-rc-z\/#primaryimage\"},\"thumbnailUrl\":\"http:\/\/www.carideal.com\/images_actualite\/peugeot308rczcarideal-1199689654.jpg\",\"datePublished\":\"2008-01-07T00:00:00+00:00\",\"dateModified\":\"2015-08-17T08:06:12+00:00\",\"breadcrumb\":{\"@id\":\"https:\/\/www.carideal.com\/blog\/2008\/01\/07\/peugeot-308-rc-z\/#breadcrumb\"},\"inLanguage\":\"fr-FR\",\"potentialAction\":[{\"@type\":\"ReadAction\",\"target\":[\"https:\/\/www.carideal.com\/blog\/2008\/01\/07\/peugeot-308-rc-z\/\"]}]},{\"@type\":\"ImageObject\",\"inLanguage\":\"fr-FR\",\"@id\":\"https:\/\/www.carideal.com\/blog\/2008\/01\/07\/peugeot-308-rc-z\/#primaryimage\",\"url\":\"http:\/\/www.carideal.com\/images_actualite\/peugeot308rczcarideal-1199689654.jpg\",\"contentUrl\":\"http:\/\/www.carideal.com\/images_actualite\/peugeot308rczcarideal-1199689654.jpg\"},{\"@type\":\"BreadcrumbList\",\"@id\":\"https:\/\/www.carideal.com\/blog\/2008\/01\/07\/peugeot-308-rc-z\/#breadcrumb\",\"itemListElement\":[{\"@type\":\"ListItem\",\"position\":1,\"name\":\"Blog Carid\u00e9al\",\"item\":\"https:\/\/www.carideal.com\/blog\/\"},{\"@type\":\"ListItem\",\"position\":2,\"name\":\"Actualit\u00e9 automobile\",\"item\":\"https:\/\/www.carideal.com\/blog\/actualites-auto\/\"},{\"@type\":\"ListItem\",\"position\":3,\"name\":\"Peugeot 308 RC-Z\"}]},{\"@type\":\"WebSite\",\"@id\":\"https:\/\/www.carideal.com\/blog\/#website\",\"url\":\"https:\/\/www.carideal.com\/blog\/\",\"name\":\"Blog auto Carid\u00e9al\",\"description\":\"Actualit\u00e9 auto par des passionn\u00e9s\",\"publisher\":{\"@id\":\"https:\/\/www.carideal.com\/blog\/#organization\"},\"potentialAction\":[{\"@type\":\"SearchAction\",\"target\":{\"@type\":\"EntryPoint\",\"urlTemplate\":\"https:\/\/www.carideal.com\/blog\/?s={search_term_string}\"},\"query-input\":{\"@type\":\"PropertyValueSpecification\",\"valueRequired\":true,\"valueName\":\"search_term_string\"}}],\"inLanguage\":\"fr-FR\"},{\"@type\":\"Organization\",\"@id\":\"https:\/\/www.carideal.com\/blog\/#organization\",\"name\":\"Carideal\",\"url\":\"https:\/\/www.carideal.com\/blog\/\",\"logo\":{\"@type\":\"ImageObject\",\"inLanguage\":\"fr-FR\",\"@id\":\"https:\/\/www.carideal.com\/blog\/#\/schema\/logo\/image\/\",\"url\":\"http:\/\/www.carideal.com\/blog\/wp-content\/uploads\/2016\/03\/logo-carideal-mandataire-automobile.png\",\"contentUrl\":\"http:\/\/www.carideal.com\/blog\/wp-content\/uploads\/2016\/03\/logo-carideal-mandataire-automobile.png\",\"width\":300,\"height\":300,\"caption\":\"Carideal\"},\"image\":{\"@id\":\"https:\/\/www.carideal.com\/blog\/#\/schema\/logo\/image\/\"},\"sameAs\":[\"https:\/\/www.facebook.com\/Carideal.mandataire.automobile\",\"https:\/\/x.com\/caridealauto\",\"https:\/\/www.instagram.com\/carideal1\/\",\"https:\/\/www.linkedin.com\/company\/carideal.com\",\"https:\/\/fr.pinterest.com\/schiavonsas\/\",\"https:\/\/www.youtube.com\/user\/caridealsas\"]},{\"@type\":\"Person\",\"@id\":\"https:\/\/www.carideal.com\/blog\/#\/schema\/person\/cd95dc7919660de90d31b366f85be1ec\",\"name\":\"Nicolas SCHIAVON\",\"image\":{\"@type\":\"ImageObject\",\"inLanguage\":\"fr-FR\",\"@id\":\"https:\/\/www.carideal.com\/blog\/#\/schema\/person\/image\/\",\"url\":\"https:\/\/secure.gravatar.com\/avatar\/c17e55009e671d92cc7f5dc837dc418a?s=96&r=g\",\"contentUrl\":\"https:\/\/secure.gravatar.com\/avatar\/c17e55009e671d92cc7f5dc837dc418a?s=96&r=g\",\"caption\":\"Nicolas SCHIAVON\"},\"description\":\"Nicolas Schiavon est tomb\u00e9 tout petit dans la marmite automobile. Ayant eu un garage de marque automobile, mandataire automobile de la premi\u00e8re heure d\u00e8s 1999. Nicolas a cr\u00e9\u00e9 ces premiers sites de vente de voiture et blog automobile d\u00e8s 1994. Carideal est n\u00e9 le 15 d\u00e9cembre 2000 de la volont\u00e9 de vendre des voitures d'occasions en ligne puis des voitures neuves. Il a pu essayer beaucoup de voitures tr\u00e8s diff\u00e9rentes et ayant eu personnellement quelques belles autos, Subaru Impreza, Mitsubishi Lancer Evo 7, Porsche 911, Ferrari Testarrossa, Audi RS3, RS4 et j'en passe...\",\"sameAs\":[\"http:\/\/www.carideal.com\",\"https:\/\/www.facebook.com\/nicolas.schiavon.39\",\"https:\/\/www.instagram.com\/carideal1\/\",\"https:\/\/www.linkedin.com\/in\/nschiavon\/\",\"https:\/\/x.com\/caridealauto\",\"https:\/\/www.youtube.com\/user\/caridealsas\/\"],\"url\":\"https:\/\/www.carideal.com\/blog\/author\/nschiavon\/\"}]}<\/script>\n<!-- \/ Yoast SEO plugin. -->","yoast_head_json":{"title":"Peugeot 308 RC-Z - Blog auto Carid\u00e9al","robots":{"index":"index","follow":"follow","max-snippet":"max-snippet:-1","max-image-preview":"max-image-preview:large","max-video-preview":"max-video-preview:-1"},"canonical":"https:\/\/www.carideal.com\/blog\/2008\/01\/07\/peugeot-308-rc-z\/","og_locale":"fr_FR","og_type":"article","og_title":"Peugeot 308 RC-Z - Blog auto Carid\u00e9al","og_description":"peugeot 308 RC-Z Peugeot 308 RC-Z vu AR Int\u00e9rieur sport pour la Peugeot 308 RCZ PEUGEOT 308 RCZ &nbsp; Peugeot a donn\u00e9 son accord pour la commercialisation de son magnifique coup\u00e9 308 RC-Z. Elle sera fabriqu\u00e9e en Autriche dans une usine du groupe Magna. Elle ne sera pas fabriqu\u00e9 \u00e0 Sochaux, ni dans une usine ... Lire plus","og_url":"https:\/\/www.carideal.com\/blog\/2008\/01\/07\/peugeot-308-rc-z\/","og_site_name":"Blog auto Carid\u00e9al","article_publisher":"https:\/\/www.facebook.com\/Carideal.mandataire.automobile","article_author":"https:\/\/www.facebook.com\/nicolas.schiavon.39","article_published_time":"2008-01-07T00:00:00+00:00","article_modified_time":"2015-08-17T08:06:12+00:00","og_image":[{"url":"http:\/\/www.carideal.com\/images_actualite\/peugeot308rczcarideal-1199689654.jpg","type":"","width":"","height":""}],"author":"Nicolas SCHIAVON","twitter_card":"summary_large_image","twitter_creator":"@caridealauto","twitter_site":"@caridealauto","twitter_misc":{"\u00c9crit par":"Nicolas SCHIAVON","Dur\u00e9e de lecture estim\u00e9e":"2 minutes"},"schema":{"@context":"https:\/\/schema.org","@graph":[{"@type":"Article","@id":"https:\/\/www.carideal.com\/blog\/2008\/01\/07\/peugeot-308-rc-z\/#article","isPartOf":{"@id":"https:\/\/www.carideal.com\/blog\/2008\/01\/07\/peugeot-308-rc-z\/"},"author":{"name":"Nicolas SCHIAVON","@id":"https:\/\/www.carideal.com\/blog\/#\/schema\/person\/cd95dc7919660de90d31b366f85be1ec"},"headline":"Peugeot 308 RC-Z","datePublished":"2008-01-07T00:00:00+00:00","dateModified":"2015-08-17T08:06:12+00:00","mainEntityOfPage":{"@id":"https:\/\/www.carideal.com\/blog\/2008\/01\/07\/peugeot-308-rc-z\/"},"wordCount":321,"commentCount":0,"publisher":{"@id":"https:\/\/www.carideal.com\/blog\/#organization"},"image":{"@id":"https:\/\/www.carideal.com\/blog\/2008\/01\/07\/peugeot-308-rc-z\/#primaryimage"},"thumbnailUrl":"http:\/\/www.carideal.com\/images_actualite\/peugeot308rczcarideal-1199689654.jpg","keywords":["PSA"],"articleSection":["Actualit\u00e9 automobile"],"inLanguage":"fr-FR","potentialAction":[{"@type":"CommentAction","name":"Comment","target":["https:\/\/www.carideal.com\/blog\/2008\/01\/07\/peugeot-308-rc-z\/#respond"]}]},{"@type":"WebPage","@id":"https:\/\/www.carideal.com\/blog\/2008\/01\/07\/peugeot-308-rc-z\/","url":"https:\/\/www.carideal.com\/blog\/2008\/01\/07\/peugeot-308-rc-z\/","name":"Peugeot 308 RC-Z - Blog auto Carid\u00e9al","isPartOf":{"@id":"https:\/\/www.carideal.com\/blog\/#website"},"primaryImageOfPage":{"@id":"https:\/\/www.carideal.com\/blog\/2008\/01\/07\/peugeot-308-rc-z\/#primaryimage"},"image":{"@id":"https:\/\/www.carideal.com\/blog\/2008\/01\/07\/peugeot-308-rc-z\/#primaryimage"},"thumbnailUrl":"http:\/\/www.carideal.com\/images_actualite\/peugeot308rczcarideal-1199689654.jpg","datePublished":"2008-01-07T00:00:00+00:00","dateModified":"2015-08-17T08:06:12+00:00","breadcrumb":{"@id":"https:\/\/www.carideal.com\/blog\/2008\/01\/07\/peugeot-308-rc-z\/#breadcrumb"},"inLanguage":"fr-FR","potentialAction":[{"@type":"ReadAction","target":["https:\/\/www.carideal.com\/blog\/2008\/01\/07\/peugeot-308-rc-z\/"]}]},{"@type":"ImageObject","inLanguage":"fr-FR","@id":"https:\/\/www.carideal.com\/blog\/2008\/01\/07\/peugeot-308-rc-z\/#primaryimage","url":"http:\/\/www.carideal.com\/images_actualite\/peugeot308rczcarideal-1199689654.jpg","contentUrl":"http:\/\/www.carideal.com\/images_actualite\/peugeot308rczcarideal-1199689654.jpg"},{"@type":"BreadcrumbList","@id":"https:\/\/www.carideal.com\/blog\/2008\/01\/07\/peugeot-308-rc-z\/#breadcrumb","itemListElement":[{"@type":"ListItem","position":1,"name":"Blog Carid\u00e9al","item":"https:\/\/www.carideal.com\/blog\/"},{"@type":"ListItem","position":2,"name":"Actualit\u00e9 automobile","item":"https:\/\/www.carideal.com\/blog\/actualites-auto\/"},{"@type":"ListItem","position":3,"name":"Peugeot 308 RC-Z"}]},{"@type":"WebSite","@id":"https:\/\/www.carideal.com\/blog\/#website","url":"https:\/\/www.carideal.com\/blog\/","name":"Blog auto Carid\u00e9al","description":"Actualit\u00e9 auto par des passionn\u00e9s","publisher":{"@id":"https:\/\/www.carideal.com\/blog\/#organization"},"potentialAction":[{"@type":"SearchAction","target":{"@type":"EntryPoint","urlTemplate":"https:\/\/www.carideal.com\/blog\/?s={search_term_string}"},"query-input":{"@type":"PropertyValueSpecification","valueRequired":true,"valueName":"search_term_string"}}],"inLanguage":"fr-FR"},{"@type":"Organization","@id":"https:\/\/www.carideal.com\/blog\/#organization","name":"Carideal","url":"https:\/\/www.carideal.com\/blog\/","logo":{"@type":"ImageObject","inLanguage":"fr-FR","@id":"https:\/\/www.carideal.com\/blog\/#\/schema\/logo\/image\/","url":"http:\/\/www.carideal.com\/blog\/wp-content\/uploads\/2016\/03\/logo-carideal-mandataire-automobile.png","contentUrl":"http:\/\/www.carideal.com\/blog\/wp-content\/uploads\/2016\/03\/logo-carideal-mandataire-automobile.png","width":300,"height":300,"caption":"Carideal"},"image":{"@id":"https:\/\/www.carideal.com\/blog\/#\/schema\/logo\/image\/"},"sameAs":["https:\/\/www.facebook.com\/Carideal.mandataire.automobile","https:\/\/x.com\/caridealauto","https:\/\/www.instagram.com\/carideal1\/","https:\/\/www.linkedin.com\/company\/carideal.com","https:\/\/fr.pinterest.com\/schiavonsas\/","https:\/\/www.youtube.com\/user\/caridealsas"]},{"@type":"Person","@id":"https:\/\/www.carideal.com\/blog\/#\/schema\/person\/cd95dc7919660de90d31b366f85be1ec","name":"Nicolas SCHIAVON","image":{"@type":"ImageObject","inLanguage":"fr-FR","@id":"https:\/\/www.carideal.com\/blog\/#\/schema\/person\/image\/","url":"https:\/\/secure.gravatar.com\/avatar\/c17e55009e671d92cc7f5dc837dc418a?s=96&r=g","contentUrl":"https:\/\/secure.gravatar.com\/avatar\/c17e55009e671d92cc7f5dc837dc418a?s=96&r=g","caption":"Nicolas SCHIAVON"},"description":"Nicolas Schiavon est tomb\u00e9 tout petit dans la marmite automobile. Ayant eu un garage de marque automobile, mandataire automobile de la premi\u00e8re heure d\u00e8s 1999. Nicolas a cr\u00e9\u00e9 ces premiers sites de vente de voiture et blog automobile d\u00e8s 1994. Carideal est n\u00e9 le 15 d\u00e9cembre 2000 de la volont\u00e9 de vendre des voitures d'occasions en ligne puis des voitures neuves. Il a pu essayer beaucoup de voitures tr\u00e8s diff\u00e9rentes et ayant eu personnellement quelques belles autos, Subaru Impreza, Mitsubishi Lancer Evo 7, Porsche 911, Ferrari Testarrossa, Audi RS3, RS4 et j'en passe...","sameAs":["http:\/\/www.carideal.com","https:\/\/www.facebook.com\/nicolas.schiavon.39","https:\/\/www.instagram.com\/carideal1\/","https:\/\/www.linkedin.com\/in\/nschiavon\/","https:\/\/x.com\/caridealauto","https:\/\/www.youtube.com\/user\/caridealsas\/"],"url":"https:\/\/www.carideal.com\/blog\/author\/nschiavon\/"}]}},"uagb_featured_image_src":{"full":false,"thumbnail":false,"medium":false,"medium_large":false,"large":false,"1536x1536":false,"2048x2048":false,"wppr-widget":false},"uagb_author_info":{"display_name":"Nicolas SCHIAVON","author_link":"https:\/\/www.carideal.com\/blog\/author\/nschiavon\/"},"uagb_comment_info":0,"uagb_excerpt":"peugeot 308 RC-Z Peugeot 308 RC-Z vu AR Int\u00e9rieur sport pour la Peugeot 308 RCZ PEUGEOT 308 RCZ &nbsp; Peugeot a donn\u00e9 son accord pour la commercialisation de son magnifique coup\u00e9 308 RC-Z. Elle sera fabriqu\u00e9e en Autriche dans une usine du groupe Magna. Elle ne sera pas fabriqu\u00e9 \u00e0 Sochaux, ni dans une usine\u2026","_links":{"self":[{"href":"https:\/\/www.carideal.com\/blog\/wp-json\/wp\/v2\/posts\/4585"}],"collection":[{"href":"https:\/\/www.carideal.com\/blog\/wp-json\/wp\/v2\/posts"}],"about":[{"href":"https:\/\/www.carideal.com\/blog\/wp-json\/wp\/v2\/types\/post"}],"author":[{"embeddable":true,"href":"https:\/\/www.carideal.com\/blog\/wp-json\/wp\/v2\/users\/3"}],"replies":[{"embeddable":true,"href":"https:\/\/www.carideal.com\/blog\/wp-json\/wp\/v2\/comments?post=4585"}],"version-history":[{"count":0,"href":"https:\/\/www.carideal.com\/blog\/wp-json\/wp\/v2\/posts\/4585\/revisions"}],"wp:attachment":[{"href":"https:\/\/www.carideal.com\/blog\/wp-json\/wp\/v2\/media?parent=4585"}],"wp:term":[{"taxonomy":"category","embeddable":true,"href":"https:\/\/www.carideal.com\/blog\/wp-json\/wp\/v2\/categories?post=4585"},{"taxonomy":"post_tag","embeddable":true,"href":"https:\/\/www.carideal.com\/blog\/wp-json\/wp\/v2\/tags?post=4585"}],"curies":[{"name":"wp","href":"https:\/\/api.w.org\/{rel}","templated":true}]}}