{"id":4584,"date":"2007-12-10T00:00:00","date_gmt":"2007-12-10T00:00:00","guid":{"rendered":"http:\/\/www.carideal.com\/blog\/2007\/12\/10\/nouvelle-citroen-c5-avant-premiere\/"},"modified":"2015-07-06T12:32:04","modified_gmt":"2015-07-06T10:32:04","slug":"nouvelle-citroen-c5-avant-premiere","status":"publish","type":"post","link":"https:\/\/www.carideal.com\/blog\/2007\/12\/10\/nouvelle-citroen-c5-avant-premiere\/","title":{"rendered":"Nouvelle Citroen C5 avant premi\u00e8re"},"content":{"rendered":"<div><img decoding=\"async\" src=\"http:\/\/www.carideal.com\/images_actualite\/nouvellecitroenc5habitaclecarideal-1197272395.jpg\" alt=\"\" \/>L'habitacle de la nouvelle citroen C5 aux standart<\/p>\n<\/div>\n<div><img decoding=\"async\" src=\"http:\/\/www.carideal.com\/images_actualite\/citroenc5nouvellecarideal-1197272475.jpg\" alt=\"\" \/>Nouvelle citroen c5<\/p>\n<\/div>\n<p>Bon l\u00e0 pas besoin de sortir de Saint Cyr pour se rendre compte qu'il y a une rupture ! Enfin de la berline qui resemble \u00e0 une voiture. Pas de hayon, un coffre classique,exit les suspension hydrauliques sauf en option sur certaines versions. Ceci est le r\u00e9sultat d'enquette menee en interne, 55 a 65 % des acheteurs de la future Citroen C5 seront des nouveaux clients. Les posseseurs de l'actuelle C5 ne veulent qu'un suspension hydraulique, alors que ceux qui l'on abandonn\u00e9 l'on fait car elle etait dote d'une suspension hydraulique. Afin de plaire au plus grand nombre, Citroen a d\u00e9cid\u00e9 de proposer les deux type de suspension \u00e0 ses clients. Ce n'est pas aussi complique a gerer du point de vu industriel qu'on peut le penser. La futur Citroen C5 sera fabriquee dans la meme usine que la 407 et la Citroen C6, et elle utilisera de nombreux elements de plateforme. La nouvelle C5 perdra un peut en habitabilite mais sera largement dans la moyenne du segment. Le client pourra choisir sa suspension en milieu de gamme, avec les moteurs 2L et 2.2L essence et diesel. La version de base essence de 1.8 et 127 ch ne sera disponible qu'avec une suspension classique a ressorts et amortisseurs tandis que les plus grosses motorisations V6 essence de 215 ch et diesel de 208 ch ne seront disponibles qu'avec la suspension hydraulique. Citroen innove aussi dans la securite avec l'adoption pour la premmiere fois d'un p\u00e9dalier retractable en cas de choc frontal. Le passager et le conducteur disposeront de chacun 2 aerateurs chacun. Le tableau de bord melera le classisisme avec ses cadrans ronds m\u00e9lang\u00e9s aux affichages numeriques. Citroen reste fidele au volant a moyen fixe, mais cette fois avec les commandes mieux r\u00e9parties et redessin\u00e9es. Le client aura le choix du type de siege harmonie ou caractere, plus sport et envellopant, et equipe d'un systeme de massage. Le frein de parking sera automatqiue sur les versions equip\u00e9 de la suspension hydractive 3. Les paneaux de portes ont ete dessinees comme des ailes de papillon. Citroen declinera la C5 en Break quelque jours seulement apr\u00e8s la sortie de sa berline. La nouvelle Citroen C5 break devrait se vendre presque autan que la berline. Ce break semble magnifique. Nous on attend la version cabriolet airscape. Citroen decidera de son sort avant la fin de l'annee. On espere la voir bientot en concession.<\/p>\n","protected":false},"excerpt":{"rendered":"<p>L&rsquo;habitacle de la nouvelle citroen C5 aux standart Nouvelle citroen c5 Bon l\u00e0 pas besoin de sortir de Saint Cyr pour se rendre compte qu&rsquo;il y a une rupture ! Enfin de la berline qui resemble \u00e0 une voiture. Pas de hayon, un coffre classique,exit les suspension hydrauliques sauf en option sur certaines versions. Ceci &#8230; <a title=\"Nouvelle Citroen C5 avant premi\u00e8re\" class=\"read-more\" href=\"https:\/\/www.carideal.com\/blog\/2007\/12\/10\/nouvelle-citroen-c5-avant-premiere\/\" aria-label=\"En savoir plus sur Nouvelle Citroen C5 avant premi\u00e8re\">Lire plus<\/a><\/p>\n","protected":false},"author":3,"featured_media":0,"comment_status":"open","ping_status":"open","sticky":false,"template":"","format":"standard","meta":{"_uag_custom_page_level_css":"","_themeisle_gutenberg_block_has_review":false,"footnotes":""},"categories":[21],"tags":[406],"class_list":["post-4584","post","type-post","status-publish","format-standard","hentry","category-actualites-auto","tag-hdi"],"wppr_data":[],"yoast_head":"<!-- This site is optimized with the Yoast SEO plugin v24.8.1 - https:\/\/yoast.com\/wordpress\/plugins\/seo\/ -->\n<title>Nouvelle Citroen C5 avant premi\u00e8re - Blog auto Carid\u00e9al<\/title>\n<meta name=\"robots\" content=\"index, follow, max-snippet:-1, max-image-preview:large, max-video-preview:-1\" \/>\n<link rel=\"canonical\" href=\"https:\/\/www.carideal.com\/blog\/2007\/12\/10\/nouvelle-citroen-c5-avant-premiere\/\" \/>\n<meta property=\"og:locale\" content=\"fr_FR\" \/>\n<meta property=\"og:type\" content=\"article\" \/>\n<meta property=\"og:title\" content=\"Nouvelle Citroen C5 avant premi\u00e8re - Blog auto Carid\u00e9al\" \/>\n<meta property=\"og:description\" content=\"L&#039;habitacle de la nouvelle citroen C5 aux standart Nouvelle citroen c5 Bon l\u00e0 pas besoin de sortir de Saint Cyr pour se rendre compte qu&#039;il y a une rupture ! Enfin de la berline qui resemble \u00e0 une voiture. Pas de hayon, un coffre classique,exit les suspension hydrauliques sauf en option sur certaines versions. Ceci ... Lire plus\" \/>\n<meta property=\"og:url\" content=\"https:\/\/www.carideal.com\/blog\/2007\/12\/10\/nouvelle-citroen-c5-avant-premiere\/\" \/>\n<meta property=\"og:site_name\" content=\"Blog auto Carid\u00e9al\" \/>\n<meta property=\"article:publisher\" content=\"https:\/\/www.facebook.com\/Carideal.mandataire.automobile\" \/>\n<meta property=\"article:author\" content=\"https:\/\/www.facebook.com\/nicolas.schiavon.39\" \/>\n<meta property=\"article:published_time\" content=\"2007-12-10T00:00:00+00:00\" \/>\n<meta property=\"article:modified_time\" content=\"2015-07-06T10:32:04+00:00\" \/>\n<meta property=\"og:image\" content=\"http:\/\/www.carideal.com\/images_actualite\/nouvellecitroenc5habitaclecarideal-1197272395.jpg\" \/>\n<meta name=\"author\" content=\"Nicolas SCHIAVON\" \/>\n<meta name=\"twitter:card\" content=\"summary_large_image\" \/>\n<meta name=\"twitter:creator\" content=\"@caridealauto\" \/>\n<meta name=\"twitter:site\" content=\"@caridealauto\" \/>\n<meta name=\"twitter:label1\" content=\"\u00c9crit par\" \/>\n\t<meta name=\"twitter:data1\" content=\"Nicolas SCHIAVON\" \/>\n\t<meta name=\"twitter:label2\" content=\"Dur\u00e9e de lecture estim\u00e9e\" \/>\n\t<meta name=\"twitter:data2\" content=\"2 minutes\" \/>\n<script type=\"application\/ld+json\" class=\"yoast-schema-graph\">{\"@context\":\"https:\/\/schema.org\",\"@graph\":[{\"@type\":\"Article\",\"@id\":\"https:\/\/www.carideal.com\/blog\/2007\/12\/10\/nouvelle-citroen-c5-avant-premiere\/#article\",\"isPartOf\":{\"@id\":\"https:\/\/www.carideal.com\/blog\/2007\/12\/10\/nouvelle-citroen-c5-avant-premiere\/\"},\"author\":{\"name\":\"Nicolas SCHIAVON\",\"@id\":\"https:\/\/www.carideal.com\/blog\/#\/schema\/person\/cd95dc7919660de90d31b366f85be1ec\"},\"headline\":\"Nouvelle Citroen C5 avant premi\u00e8re\",\"datePublished\":\"2007-12-10T00:00:00+00:00\",\"dateModified\":\"2015-07-06T10:32:04+00:00\",\"mainEntityOfPage\":{\"@id\":\"https:\/\/www.carideal.com\/blog\/2007\/12\/10\/nouvelle-citroen-c5-avant-premiere\/\"},\"wordCount\":413,\"commentCount\":0,\"publisher\":{\"@id\":\"https:\/\/www.carideal.com\/blog\/#organization\"},\"image\":{\"@id\":\"https:\/\/www.carideal.com\/blog\/2007\/12\/10\/nouvelle-citroen-c5-avant-premiere\/#primaryimage\"},\"thumbnailUrl\":\"http:\/\/www.carideal.com\/images_actualite\/nouvellecitroenc5habitaclecarideal-1197272395.jpg\",\"keywords\":[\"HDI Moteur diesel PSA\"],\"articleSection\":[\"Actualit\u00e9 automobile\"],\"inLanguage\":\"fr-FR\",\"potentialAction\":[{\"@type\":\"CommentAction\",\"name\":\"Comment\",\"target\":[\"https:\/\/www.carideal.com\/blog\/2007\/12\/10\/nouvelle-citroen-c5-avant-premiere\/#respond\"]}]},{\"@type\":\"WebPage\",\"@id\":\"https:\/\/www.carideal.com\/blog\/2007\/12\/10\/nouvelle-citroen-c5-avant-premiere\/\",\"url\":\"https:\/\/www.carideal.com\/blog\/2007\/12\/10\/nouvelle-citroen-c5-avant-premiere\/\",\"name\":\"Nouvelle Citroen C5 avant premi\u00e8re - Blog auto Carid\u00e9al\",\"isPartOf\":{\"@id\":\"https:\/\/www.carideal.com\/blog\/#website\"},\"primaryImageOfPage\":{\"@id\":\"https:\/\/www.carideal.com\/blog\/2007\/12\/10\/nouvelle-citroen-c5-avant-premiere\/#primaryimage\"},\"image\":{\"@id\":\"https:\/\/www.carideal.com\/blog\/2007\/12\/10\/nouvelle-citroen-c5-avant-premiere\/#primaryimage\"},\"thumbnailUrl\":\"http:\/\/www.carideal.com\/images_actualite\/nouvellecitroenc5habitaclecarideal-1197272395.jpg\",\"datePublished\":\"2007-12-10T00:00:00+00:00\",\"dateModified\":\"2015-07-06T10:32:04+00:00\",\"breadcrumb\":{\"@id\":\"https:\/\/www.carideal.com\/blog\/2007\/12\/10\/nouvelle-citroen-c5-avant-premiere\/#breadcrumb\"},\"inLanguage\":\"fr-FR\",\"potentialAction\":[{\"@type\":\"ReadAction\",\"target\":[\"https:\/\/www.carideal.com\/blog\/2007\/12\/10\/nouvelle-citroen-c5-avant-premiere\/\"]}]},{\"@type\":\"ImageObject\",\"inLanguage\":\"fr-FR\",\"@id\":\"https:\/\/www.carideal.com\/blog\/2007\/12\/10\/nouvelle-citroen-c5-avant-premiere\/#primaryimage\",\"url\":\"http:\/\/www.carideal.com\/images_actualite\/nouvellecitroenc5habitaclecarideal-1197272395.jpg\",\"contentUrl\":\"http:\/\/www.carideal.com\/images_actualite\/nouvellecitroenc5habitaclecarideal-1197272395.jpg\"},{\"@type\":\"BreadcrumbList\",\"@id\":\"https:\/\/www.carideal.com\/blog\/2007\/12\/10\/nouvelle-citroen-c5-avant-premiere\/#breadcrumb\",\"itemListElement\":[{\"@type\":\"ListItem\",\"position\":1,\"name\":\"Blog Carid\u00e9al\",\"item\":\"https:\/\/www.carideal.com\/blog\/\"},{\"@type\":\"ListItem\",\"position\":2,\"name\":\"Actualit\u00e9 automobile\",\"item\":\"https:\/\/www.carideal.com\/blog\/actualites-auto\/\"},{\"@type\":\"ListItem\",\"position\":3,\"name\":\"Nouvelle Citroen C5 avant premi\u00e8re\"}]},{\"@type\":\"WebSite\",\"@id\":\"https:\/\/www.carideal.com\/blog\/#website\",\"url\":\"https:\/\/www.carideal.com\/blog\/\",\"name\":\"Blog auto Carid\u00e9al\",\"description\":\"Actualit\u00e9 auto par des passionn\u00e9s\",\"publisher\":{\"@id\":\"https:\/\/www.carideal.com\/blog\/#organization\"},\"potentialAction\":[{\"@type\":\"SearchAction\",\"target\":{\"@type\":\"EntryPoint\",\"urlTemplate\":\"https:\/\/www.carideal.com\/blog\/?s={search_term_string}\"},\"query-input\":{\"@type\":\"PropertyValueSpecification\",\"valueRequired\":true,\"valueName\":\"search_term_string\"}}],\"inLanguage\":\"fr-FR\"},{\"@type\":\"Organization\",\"@id\":\"https:\/\/www.carideal.com\/blog\/#organization\",\"name\":\"Carideal\",\"url\":\"https:\/\/www.carideal.com\/blog\/\",\"logo\":{\"@type\":\"ImageObject\",\"inLanguage\":\"fr-FR\",\"@id\":\"https:\/\/www.carideal.com\/blog\/#\/schema\/logo\/image\/\",\"url\":\"http:\/\/www.carideal.com\/blog\/wp-content\/uploads\/2016\/03\/logo-carideal-mandataire-automobile.png\",\"contentUrl\":\"http:\/\/www.carideal.com\/blog\/wp-content\/uploads\/2016\/03\/logo-carideal-mandataire-automobile.png\",\"width\":300,\"height\":300,\"caption\":\"Carideal\"},\"image\":{\"@id\":\"https:\/\/www.carideal.com\/blog\/#\/schema\/logo\/image\/\"},\"sameAs\":[\"https:\/\/www.facebook.com\/Carideal.mandataire.automobile\",\"https:\/\/x.com\/caridealauto\",\"https:\/\/www.instagram.com\/carideal1\/\",\"https:\/\/www.linkedin.com\/company\/carideal.com\",\"https:\/\/fr.pinterest.com\/schiavonsas\/\",\"https:\/\/www.youtube.com\/user\/caridealsas\"]},{\"@type\":\"Person\",\"@id\":\"https:\/\/www.carideal.com\/blog\/#\/schema\/person\/cd95dc7919660de90d31b366f85be1ec\",\"name\":\"Nicolas SCHIAVON\",\"image\":{\"@type\":\"ImageObject\",\"inLanguage\":\"fr-FR\",\"@id\":\"https:\/\/www.carideal.com\/blog\/#\/schema\/person\/image\/\",\"url\":\"https:\/\/secure.gravatar.com\/avatar\/c17e55009e671d92cc7f5dc837dc418a?s=96&r=g\",\"contentUrl\":\"https:\/\/secure.gravatar.com\/avatar\/c17e55009e671d92cc7f5dc837dc418a?s=96&r=g\",\"caption\":\"Nicolas SCHIAVON\"},\"description\":\"Nicolas Schiavon est tomb\u00e9 tout petit dans la marmite automobile. Ayant eu un garage de marque automobile, mandataire automobile de la premi\u00e8re heure d\u00e8s 1999. Nicolas a cr\u00e9\u00e9 ces premiers sites de vente de voiture et blog automobile d\u00e8s 1994. Carideal est n\u00e9 le 15 d\u00e9cembre 2000 de la volont\u00e9 de vendre des voitures d'occasions en ligne puis des voitures neuves. Il a pu essayer beaucoup de voitures tr\u00e8s diff\u00e9rentes et ayant eu personnellement quelques belles autos, Subaru Impreza, Mitsubishi Lancer Evo 7, Porsche 911, Ferrari Testarrossa, Audi RS3, RS4 et j'en passe...\",\"sameAs\":[\"http:\/\/www.carideal.com\",\"https:\/\/www.facebook.com\/nicolas.schiavon.39\",\"https:\/\/www.instagram.com\/carideal1\/\",\"https:\/\/www.linkedin.com\/in\/nschiavon\/\",\"https:\/\/x.com\/caridealauto\",\"https:\/\/www.youtube.com\/user\/caridealsas\/\"],\"url\":\"https:\/\/www.carideal.com\/blog\/author\/nschiavon\/\"}]}<\/script>\n<!-- \/ Yoast SEO plugin. -->","yoast_head_json":{"title":"Nouvelle Citroen C5 avant premi\u00e8re - Blog auto Carid\u00e9al","robots":{"index":"index","follow":"follow","max-snippet":"max-snippet:-1","max-image-preview":"max-image-preview:large","max-video-preview":"max-video-preview:-1"},"canonical":"https:\/\/www.carideal.com\/blog\/2007\/12\/10\/nouvelle-citroen-c5-avant-premiere\/","og_locale":"fr_FR","og_type":"article","og_title":"Nouvelle Citroen C5 avant premi\u00e8re - Blog auto Carid\u00e9al","og_description":"L'habitacle de la nouvelle citroen C5 aux standart Nouvelle citroen c5 Bon l\u00e0 pas besoin de sortir de Saint Cyr pour se rendre compte qu'il y a une rupture ! Enfin de la berline qui resemble \u00e0 une voiture. Pas de hayon, un coffre classique,exit les suspension hydrauliques sauf en option sur certaines versions. Ceci ... Lire plus","og_url":"https:\/\/www.carideal.com\/blog\/2007\/12\/10\/nouvelle-citroen-c5-avant-premiere\/","og_site_name":"Blog auto Carid\u00e9al","article_publisher":"https:\/\/www.facebook.com\/Carideal.mandataire.automobile","article_author":"https:\/\/www.facebook.com\/nicolas.schiavon.39","article_published_time":"2007-12-10T00:00:00+00:00","article_modified_time":"2015-07-06T10:32:04+00:00","og_image":[{"url":"http:\/\/www.carideal.com\/images_actualite\/nouvellecitroenc5habitaclecarideal-1197272395.jpg","type":"","width":"","height":""}],"author":"Nicolas SCHIAVON","twitter_card":"summary_large_image","twitter_creator":"@caridealauto","twitter_site":"@caridealauto","twitter_misc":{"\u00c9crit par":"Nicolas SCHIAVON","Dur\u00e9e de lecture estim\u00e9e":"2 minutes"},"schema":{"@context":"https:\/\/schema.org","@graph":[{"@type":"Article","@id":"https:\/\/www.carideal.com\/blog\/2007\/12\/10\/nouvelle-citroen-c5-avant-premiere\/#article","isPartOf":{"@id":"https:\/\/www.carideal.com\/blog\/2007\/12\/10\/nouvelle-citroen-c5-avant-premiere\/"},"author":{"name":"Nicolas SCHIAVON","@id":"https:\/\/www.carideal.com\/blog\/#\/schema\/person\/cd95dc7919660de90d31b366f85be1ec"},"headline":"Nouvelle Citroen C5 avant premi\u00e8re","datePublished":"2007-12-10T00:00:00+00:00","dateModified":"2015-07-06T10:32:04+00:00","mainEntityOfPage":{"@id":"https:\/\/www.carideal.com\/blog\/2007\/12\/10\/nouvelle-citroen-c5-avant-premiere\/"},"wordCount":413,"commentCount":0,"publisher":{"@id":"https:\/\/www.carideal.com\/blog\/#organization"},"image":{"@id":"https:\/\/www.carideal.com\/blog\/2007\/12\/10\/nouvelle-citroen-c5-avant-premiere\/#primaryimage"},"thumbnailUrl":"http:\/\/www.carideal.com\/images_actualite\/nouvellecitroenc5habitaclecarideal-1197272395.jpg","keywords":["HDI Moteur diesel PSA"],"articleSection":["Actualit\u00e9 automobile"],"inLanguage":"fr-FR","potentialAction":[{"@type":"CommentAction","name":"Comment","target":["https:\/\/www.carideal.com\/blog\/2007\/12\/10\/nouvelle-citroen-c5-avant-premiere\/#respond"]}]},{"@type":"WebPage","@id":"https:\/\/www.carideal.com\/blog\/2007\/12\/10\/nouvelle-citroen-c5-avant-premiere\/","url":"https:\/\/www.carideal.com\/blog\/2007\/12\/10\/nouvelle-citroen-c5-avant-premiere\/","name":"Nouvelle Citroen C5 avant premi\u00e8re - Blog auto Carid\u00e9al","isPartOf":{"@id":"https:\/\/www.carideal.com\/blog\/#website"},"primaryImageOfPage":{"@id":"https:\/\/www.carideal.com\/blog\/2007\/12\/10\/nouvelle-citroen-c5-avant-premiere\/#primaryimage"},"image":{"@id":"https:\/\/www.carideal.com\/blog\/2007\/12\/10\/nouvelle-citroen-c5-avant-premiere\/#primaryimage"},"thumbnailUrl":"http:\/\/www.carideal.com\/images_actualite\/nouvellecitroenc5habitaclecarideal-1197272395.jpg","datePublished":"2007-12-10T00:00:00+00:00","dateModified":"2015-07-06T10:32:04+00:00","breadcrumb":{"@id":"https:\/\/www.carideal.com\/blog\/2007\/12\/10\/nouvelle-citroen-c5-avant-premiere\/#breadcrumb"},"inLanguage":"fr-FR","potentialAction":[{"@type":"ReadAction","target":["https:\/\/www.carideal.com\/blog\/2007\/12\/10\/nouvelle-citroen-c5-avant-premiere\/"]}]},{"@type":"ImageObject","inLanguage":"fr-FR","@id":"https:\/\/www.carideal.com\/blog\/2007\/12\/10\/nouvelle-citroen-c5-avant-premiere\/#primaryimage","url":"http:\/\/www.carideal.com\/images_actualite\/nouvellecitroenc5habitaclecarideal-1197272395.jpg","contentUrl":"http:\/\/www.carideal.com\/images_actualite\/nouvellecitroenc5habitaclecarideal-1197272395.jpg"},{"@type":"BreadcrumbList","@id":"https:\/\/www.carideal.com\/blog\/2007\/12\/10\/nouvelle-citroen-c5-avant-premiere\/#breadcrumb","itemListElement":[{"@type":"ListItem","position":1,"name":"Blog Carid\u00e9al","item":"https:\/\/www.carideal.com\/blog\/"},{"@type":"ListItem","position":2,"name":"Actualit\u00e9 automobile","item":"https:\/\/www.carideal.com\/blog\/actualites-auto\/"},{"@type":"ListItem","position":3,"name":"Nouvelle Citroen C5 avant premi\u00e8re"}]},{"@type":"WebSite","@id":"https:\/\/www.carideal.com\/blog\/#website","url":"https:\/\/www.carideal.com\/blog\/","name":"Blog auto Carid\u00e9al","description":"Actualit\u00e9 auto par des passionn\u00e9s","publisher":{"@id":"https:\/\/www.carideal.com\/blog\/#organization"},"potentialAction":[{"@type":"SearchAction","target":{"@type":"EntryPoint","urlTemplate":"https:\/\/www.carideal.com\/blog\/?s={search_term_string}"},"query-input":{"@type":"PropertyValueSpecification","valueRequired":true,"valueName":"search_term_string"}}],"inLanguage":"fr-FR"},{"@type":"Organization","@id":"https:\/\/www.carideal.com\/blog\/#organization","name":"Carideal","url":"https:\/\/www.carideal.com\/blog\/","logo":{"@type":"ImageObject","inLanguage":"fr-FR","@id":"https:\/\/www.carideal.com\/blog\/#\/schema\/logo\/image\/","url":"http:\/\/www.carideal.com\/blog\/wp-content\/uploads\/2016\/03\/logo-carideal-mandataire-automobile.png","contentUrl":"http:\/\/www.carideal.com\/blog\/wp-content\/uploads\/2016\/03\/logo-carideal-mandataire-automobile.png","width":300,"height":300,"caption":"Carideal"},"image":{"@id":"https:\/\/www.carideal.com\/blog\/#\/schema\/logo\/image\/"},"sameAs":["https:\/\/www.facebook.com\/Carideal.mandataire.automobile","https:\/\/x.com\/caridealauto","https:\/\/www.instagram.com\/carideal1\/","https:\/\/www.linkedin.com\/company\/carideal.com","https:\/\/fr.pinterest.com\/schiavonsas\/","https:\/\/www.youtube.com\/user\/caridealsas"]},{"@type":"Person","@id":"https:\/\/www.carideal.com\/blog\/#\/schema\/person\/cd95dc7919660de90d31b366f85be1ec","name":"Nicolas SCHIAVON","image":{"@type":"ImageObject","inLanguage":"fr-FR","@id":"https:\/\/www.carideal.com\/blog\/#\/schema\/person\/image\/","url":"https:\/\/secure.gravatar.com\/avatar\/c17e55009e671d92cc7f5dc837dc418a?s=96&r=g","contentUrl":"https:\/\/secure.gravatar.com\/avatar\/c17e55009e671d92cc7f5dc837dc418a?s=96&r=g","caption":"Nicolas SCHIAVON"},"description":"Nicolas Schiavon est tomb\u00e9 tout petit dans la marmite automobile. Ayant eu un garage de marque automobile, mandataire automobile de la premi\u00e8re heure d\u00e8s 1999. Nicolas a cr\u00e9\u00e9 ces premiers sites de vente de voiture et blog automobile d\u00e8s 1994. Carideal est n\u00e9 le 15 d\u00e9cembre 2000 de la volont\u00e9 de vendre des voitures d'occasions en ligne puis des voitures neuves. Il a pu essayer beaucoup de voitures tr\u00e8s diff\u00e9rentes et ayant eu personnellement quelques belles autos, Subaru Impreza, Mitsubishi Lancer Evo 7, Porsche 911, Ferrari Testarrossa, Audi RS3, RS4 et j'en passe...","sameAs":["http:\/\/www.carideal.com","https:\/\/www.facebook.com\/nicolas.schiavon.39","https:\/\/www.instagram.com\/carideal1\/","https:\/\/www.linkedin.com\/in\/nschiavon\/","https:\/\/x.com\/caridealauto","https:\/\/www.youtube.com\/user\/caridealsas\/"],"url":"https:\/\/www.carideal.com\/blog\/author\/nschiavon\/"}]}},"uagb_featured_image_src":{"full":false,"thumbnail":false,"medium":false,"medium_large":false,"large":false,"1536x1536":false,"2048x2048":false,"wppr-widget":false},"uagb_author_info":{"display_name":"Nicolas SCHIAVON","author_link":"https:\/\/www.carideal.com\/blog\/author\/nschiavon\/"},"uagb_comment_info":0,"uagb_excerpt":"L'habitacle de la nouvelle citroen C5 aux standart Nouvelle citroen c5 Bon l\u00e0 pas besoin de sortir de Saint Cyr pour se rendre compte qu'il y a une rupture ! Enfin de la berline qui resemble \u00e0 une voiture. Pas de hayon, un coffre classique,exit les suspension hydrauliques sauf en option sur certaines versions. Ceci\u2026","_links":{"self":[{"href":"https:\/\/www.carideal.com\/blog\/wp-json\/wp\/v2\/posts\/4584"}],"collection":[{"href":"https:\/\/www.carideal.com\/blog\/wp-json\/wp\/v2\/posts"}],"about":[{"href":"https:\/\/www.carideal.com\/blog\/wp-json\/wp\/v2\/types\/post"}],"author":[{"embeddable":true,"href":"https:\/\/www.carideal.com\/blog\/wp-json\/wp\/v2\/users\/3"}],"replies":[{"embeddable":true,"href":"https:\/\/www.carideal.com\/blog\/wp-json\/wp\/v2\/comments?post=4584"}],"version-history":[{"count":0,"href":"https:\/\/www.carideal.com\/blog\/wp-json\/wp\/v2\/posts\/4584\/revisions"}],"wp:attachment":[{"href":"https:\/\/www.carideal.com\/blog\/wp-json\/wp\/v2\/media?parent=4584"}],"wp:term":[{"taxonomy":"category","embeddable":true,"href":"https:\/\/www.carideal.com\/blog\/wp-json\/wp\/v2\/categories?post=4584"},{"taxonomy":"post_tag","embeddable":true,"href":"https:\/\/www.carideal.com\/blog\/wp-json\/wp\/v2\/tags?post=4584"}],"curies":[{"name":"wp","href":"https:\/\/api.w.org\/{rel}","templated":true}]}}