{"id":458,"date":"2010-06-18T16:03:00","date_gmt":"2010-06-18T16:03:00","guid":{"rendered":"http:\/\/carideal.com\/blog\/?p=458"},"modified":"2023-08-23T19:19:37","modified_gmt":"2023-08-23T17:19:37","slug":"kia-transporteur-officiel-de-la-coupe-du-monde-2010","status":"publish","type":"post","link":"https:\/\/www.carideal.com\/blog\/2010\/06\/18\/kia-transporteur-officiel-de-la-coupe-du-monde-2010\/","title":{"rendered":"Kia transporteur officiel de la coupe du monde 2010"},"content":{"rendered":"\n<h2 class=\"wp-block-heading\"><strong>Kia transporteur officiel de la coupe du monde 2010<\/strong><\/h2>\n\n\n\n<p>Le football est le vecteur que la marque <a href=\"http:\/\/www.carideal.com\/blog\/marque-de-voiture-actualites-essais\/kia\/\">Kia<\/a> a choisi pour v\u00e9hiculer une image saine et dynamique. La marque cible en effet les \"jeunes de coeur et d'esprit\"<\/p>\n\n\n\n<p>En termes d'exposition m\u00e9diatique on ne peut pas faire beaucoup plus puissant que cette \u00e9v\u00e9nement sportif qui va envahir nos \u00e9crans du 11 juin au 11 juillet 2010.<\/p>\n\n\n\n<p>Alors, Kia a mis les petits plats dans les grands\u00a0: - C\u00e9r\u00e9monie au Soccer City Stadium de Johannesbourg- 207 v\u00e9hicules mis \u00e0 disposition (<a href=\"http:\/\/www.carideal.com\/blog\/2008\/08\/20\/kia-sorento-d-occasion\/\">Sorento<\/a>, <a href=\"http:\/\/www.carideal.com\/blog\/2008\/09\/08\/kia-soul\/\">Soul<\/a>, Carnival...) - Une flotte de bus aux couleurs de la marque - Un syst\u00e8me d'assistance pour tous les v\u00e9hicules<\/p>\n\n\n\n<p>Pour en arriver l\u00e0, le groupe <a href=\"http:\/\/www.carideal.com\/blog\/marque-de-voiture-actualites-essais\/hyundai\/\">Hyundai<\/a>-Kia a sign\u00e9 des contrats de sponsoring strat\u00e9giques avec l'UEFA et la FIFA couvrant les comp\u00e9titions internationales.<\/p>\n\n\n\n<h2 class=\"wp-block-heading\">Un partenariat exceptionnel entre Kia et la Coupe du Monde 2010<\/h2>\n\n\n\n<p>Lors de la Coupe du Monde de football en 2010, un partenariat exceptionnel a vu le jour : Kia, la marque cor\u00e9enne, est devenue le transporteur officiel de l'\u00e9v\u00e9nement. Quels sont les b\u00e9n\u00e9fices pour la marque et que peuvent en attendre les participants et les visiteurs VIP ?<\/p>\n\n\n\n<h3 class=\"wp-block-heading\">Une cible jeune et dynamique<\/h3>\n\n\n\n<p>Kia, en tant que marque automobile, cible les \"jeunes de c\u0153ur et d'esprit\". Quel lien existe-t-il entre cette cible et l'\u00e9v\u00e9nement sportif qui a lieu du 11 juin au 11 juillet 2010 ?<\/p>\n\n\n\n<h3 class=\"wp-block-heading\">Une exposition m\u00e9diatique in\u00e9gal\u00e9e<\/h3>\n\n\n\n<p>La Coupe du Monde de football est un \u00e9v\u00e9nement sportif qui offre une visibilit\u00e9 m\u00e9diatique exceptionnelle. Comment Kia compte-t-elle tirer profit de cette occasion pour renforcer sa notori\u00e9t\u00e9 ?<\/p>\n\n\n\n<h3 class=\"wp-block-heading\">Des actions marquantes pour marquer les esprits<\/h3>\n\n\n\n<p>Kia n'a pas h\u00e9sit\u00e9 \u00e0 mettre les petits plats dans les grands pour cette occasion. Quelles sont les actions phares d\u00e9ploy\u00e9es par la marque pour se d\u00e9marquer et se faire remarquer ?<\/p>\n\n\n\n<h3 class=\"wp-block-heading\">Des contrats de sponsoring strat\u00e9giques<\/h3>\n\n\n\n<p>Le groupe Hyundai-Kia a sign\u00e9 des contrats de sponsoring avec l'UEFA et la FIFA incluant les comp\u00e9titions internationales. Quel est l'impact de ces partenariats pour la marque et comment ces accords ont-ils \u00e9t\u00e9 mis en place ?<\/p>\n\n\n\n<h3 class=\"wp-block-heading\">Les stars du football et les v\u00e9hicules Kia<\/h3>\n\n\n\n<p>Les joueurs internationaux vont-ils abandonner leur voiture de luxe pour rouler en Kia lors de leurs d\u00e9placements personnels ? La r\u00e9ponse dans ce chapitre surprenant.<\/p>\n\n\n\n<p>Ainsi, \u00e0 travers ces six chapitres, d\u00e9couvrez les coulisses et les enjeux du partenariat entre Kia et la Coupe du Monde de football 2010. Un \u00e9v\u00e9nement qui a marqu\u00e9 l'histoire du sport et de l'industrie automobile. Alors, pr\u00eat \u00e0 plonger dans cette aventure passionnante ?<\/p>\n","protected":false},"excerpt":{"rendered":"<p>Kia transporteur officiel de la coupe du monde 2010 Le football est le vecteur que la marque Kia a choisi pour v\u00e9hiculer une image saine et dynamique. La marque cible en effet les \u00ab\u00a0jeunes de coeur et d&rsquo;esprit\u00a0\u00bb En termes d&rsquo;exposition m\u00e9diatique on ne peut pas faire beaucoup plus puissant que cette \u00e9v\u00e9nement sportif qui &#8230; <a title=\"Kia transporteur officiel de la coupe du monde 2010\" class=\"read-more\" href=\"https:\/\/www.carideal.com\/blog\/2010\/06\/18\/kia-transporteur-officiel-de-la-coupe-du-monde-2010\/\" aria-label=\"En savoir plus sur Kia transporteur officiel de la coupe du monde 2010\">Lire plus<\/a><\/p>\n","protected":false},"author":1,"featured_media":27000,"comment_status":"open","ping_status":"open","sticky":false,"template":"","format":"standard","meta":{"_uag_custom_page_level_css":"","_themeisle_gutenberg_block_has_review":false,"footnotes":""},"categories":[6053,17085],"tags":[],"class_list":["post-458","post","type-post","status-publish","format-standard","has-post-thumbnail","hentry","category-kia","category-sports"],"wppr_data":{"cwp_meta_box_check":"No"},"yoast_head":"<!-- This site is optimized with the Yoast SEO plugin v24.8.1 - https:\/\/yoast.com\/wordpress\/plugins\/seo\/ -->\n<title>Kia transporteur officiel de la coupe du monde 2010 - Blog auto Carid\u00e9al<\/title>\n<meta name=\"robots\" content=\"index, follow, max-snippet:-1, max-image-preview:large, max-video-preview:-1\" \/>\n<link rel=\"canonical\" href=\"https:\/\/www.carideal.com\/blog\/2010\/06\/18\/kia-transporteur-officiel-de-la-coupe-du-monde-2010\/\" \/>\n<meta property=\"og:locale\" content=\"fr_FR\" \/>\n<meta property=\"og:type\" content=\"article\" \/>\n<meta property=\"og:title\" content=\"Kia transporteur officiel de la coupe du monde 2010 - Blog auto Carid\u00e9al\" \/>\n<meta property=\"og:description\" content=\"Kia transporteur officiel de la coupe du monde 2010 Le football est le vecteur que la marque Kia a choisi pour v\u00e9hiculer une image saine et dynamique. La marque cible en effet les &quot;jeunes de coeur et d&#039;esprit&quot; En termes d&#039;exposition m\u00e9diatique on ne peut pas faire beaucoup plus puissant que cette \u00e9v\u00e9nement sportif qui ... Lire plus\" \/>\n<meta property=\"og:url\" content=\"https:\/\/www.carideal.com\/blog\/2010\/06\/18\/kia-transporteur-officiel-de-la-coupe-du-monde-2010\/\" \/>\n<meta property=\"og:site_name\" content=\"Blog auto Carid\u00e9al\" \/>\n<meta property=\"article:publisher\" content=\"https:\/\/www.facebook.com\/Carideal.mandataire.automobile\" \/>\n<meta property=\"article:author\" content=\"https:\/\/www.facebook.com\/Carideal.mandataire.automobile\/\" \/>\n<meta property=\"article:published_time\" content=\"2010-06-18T16:03:00+00:00\" \/>\n<meta property=\"article:modified_time\" content=\"2023-08-23T17:19:37+00:00\" \/>\n<meta property=\"og:image\" content=\"https:\/\/www.carideal.com\/blog\/wp-content\/uploads\/2010\/06\/kia-partenaire-officiel.jpg\" \/>\n\t<meta property=\"og:image:width\" content=\"1060\" \/>\n\t<meta property=\"og:image:height\" content=\"992\" \/>\n\t<meta property=\"og:image:type\" content=\"image\/jpeg\" \/>\n<meta name=\"author\" content=\"N.S Carideal\" \/>\n<meta name=\"twitter:card\" content=\"summary_large_image\" \/>\n<meta name=\"twitter:creator\" content=\"@caridealauto\" \/>\n<meta name=\"twitter:site\" content=\"@caridealauto\" \/>\n<meta name=\"twitter:label1\" content=\"\u00c9crit par\" \/>\n\t<meta name=\"twitter:data1\" content=\"N.S Carideal\" \/>\n\t<meta name=\"twitter:label2\" content=\"Dur\u00e9e de lecture estim\u00e9e\" \/>\n\t<meta name=\"twitter:data2\" content=\"3 minutes\" \/>\n<script type=\"application\/ld+json\" class=\"yoast-schema-graph\">{\"@context\":\"https:\/\/schema.org\",\"@graph\":[{\"@type\":\"Article\",\"@id\":\"https:\/\/www.carideal.com\/blog\/2010\/06\/18\/kia-transporteur-officiel-de-la-coupe-du-monde-2010\/#article\",\"isPartOf\":{\"@id\":\"https:\/\/www.carideal.com\/blog\/2010\/06\/18\/kia-transporteur-officiel-de-la-coupe-du-monde-2010\/\"},\"author\":{\"name\":\"N.S Carideal\",\"@id\":\"https:\/\/www.carideal.com\/blog\/#\/schema\/person\/985c7e757d1042d647f21bfaf8d41ebc\"},\"headline\":\"Kia transporteur officiel de la coupe du monde 2010\",\"datePublished\":\"2010-06-18T16:03:00+00:00\",\"dateModified\":\"2023-08-23T17:19:37+00:00\",\"mainEntityOfPage\":{\"@id\":\"https:\/\/www.carideal.com\/blog\/2010\/06\/18\/kia-transporteur-officiel-de-la-coupe-du-monde-2010\/\"},\"wordCount\":443,\"commentCount\":0,\"publisher\":{\"@id\":\"https:\/\/www.carideal.com\/blog\/#organization\"},\"image\":{\"@id\":\"https:\/\/www.carideal.com\/blog\/2010\/06\/18\/kia-transporteur-officiel-de-la-coupe-du-monde-2010\/#primaryimage\"},\"thumbnailUrl\":\"https:\/\/www.carideal.com\/blog\/wp-content\/uploads\/2010\/06\/kia-partenaire-officiel.jpg\",\"articleSection\":[\"Actualit\u00e9 Kia\",\"Sports\"],\"inLanguage\":\"fr-FR\",\"potentialAction\":[{\"@type\":\"CommentAction\",\"name\":\"Comment\",\"target\":[\"https:\/\/www.carideal.com\/blog\/2010\/06\/18\/kia-transporteur-officiel-de-la-coupe-du-monde-2010\/#respond\"]}]},{\"@type\":\"WebPage\",\"@id\":\"https:\/\/www.carideal.com\/blog\/2010\/06\/18\/kia-transporteur-officiel-de-la-coupe-du-monde-2010\/\",\"url\":\"https:\/\/www.carideal.com\/blog\/2010\/06\/18\/kia-transporteur-officiel-de-la-coupe-du-monde-2010\/\",\"name\":\"Kia transporteur officiel de la coupe du monde 2010 - Blog auto Carid\u00e9al\",\"isPartOf\":{\"@id\":\"https:\/\/www.carideal.com\/blog\/#website\"},\"primaryImageOfPage\":{\"@id\":\"https:\/\/www.carideal.com\/blog\/2010\/06\/18\/kia-transporteur-officiel-de-la-coupe-du-monde-2010\/#primaryimage\"},\"image\":{\"@id\":\"https:\/\/www.carideal.com\/blog\/2010\/06\/18\/kia-transporteur-officiel-de-la-coupe-du-monde-2010\/#primaryimage\"},\"thumbnailUrl\":\"https:\/\/www.carideal.com\/blog\/wp-content\/uploads\/2010\/06\/kia-partenaire-officiel.jpg\",\"datePublished\":\"2010-06-18T16:03:00+00:00\",\"dateModified\":\"2023-08-23T17:19:37+00:00\",\"breadcrumb\":{\"@id\":\"https:\/\/www.carideal.com\/blog\/2010\/06\/18\/kia-transporteur-officiel-de-la-coupe-du-monde-2010\/#breadcrumb\"},\"inLanguage\":\"fr-FR\",\"potentialAction\":[{\"@type\":\"ReadAction\",\"target\":[\"https:\/\/www.carideal.com\/blog\/2010\/06\/18\/kia-transporteur-officiel-de-la-coupe-du-monde-2010\/\"]}]},{\"@type\":\"ImageObject\",\"inLanguage\":\"fr-FR\",\"@id\":\"https:\/\/www.carideal.com\/blog\/2010\/06\/18\/kia-transporteur-officiel-de-la-coupe-du-monde-2010\/#primaryimage\",\"url\":\"https:\/\/www.carideal.com\/blog\/wp-content\/uploads\/2010\/06\/kia-partenaire-officiel.jpg\",\"contentUrl\":\"https:\/\/www.carideal.com\/blog\/wp-content\/uploads\/2010\/06\/kia-partenaire-officiel.jpg\",\"width\":1060,\"height\":992,\"caption\":\"Kia transporteur officiel de la coupe du monde 2010\"},{\"@type\":\"BreadcrumbList\",\"@id\":\"https:\/\/www.carideal.com\/blog\/2010\/06\/18\/kia-transporteur-officiel-de-la-coupe-du-monde-2010\/#breadcrumb\",\"itemListElement\":[{\"@type\":\"ListItem\",\"position\":1,\"name\":\"Blog Carid\u00e9al\",\"item\":\"https:\/\/www.carideal.com\/blog\/\"},{\"@type\":\"ListItem\",\"position\":2,\"name\":\"Actualit\u00e9 constructeur automobile\",\"item\":\"https:\/\/www.carideal.com\/blog\/constructeur\/\"},{\"@type\":\"ListItem\",\"position\":3,\"name\":\"Actualit\u00e9 Kia\",\"item\":\"https:\/\/www.carideal.com\/blog\/constructeur\/kia\/\"},{\"@type\":\"ListItem\",\"position\":4,\"name\":\"Kia transporteur officiel de la coupe du monde 2010\"}]},{\"@type\":\"WebSite\",\"@id\":\"https:\/\/www.carideal.com\/blog\/#website\",\"url\":\"https:\/\/www.carideal.com\/blog\/\",\"name\":\"Blog auto Carid\u00e9al\",\"description\":\"Actualit\u00e9 auto par des passionn\u00e9s\",\"publisher\":{\"@id\":\"https:\/\/www.carideal.com\/blog\/#organization\"},\"potentialAction\":[{\"@type\":\"SearchAction\",\"target\":{\"@type\":\"EntryPoint\",\"urlTemplate\":\"https:\/\/www.carideal.com\/blog\/?s={search_term_string}\"},\"query-input\":{\"@type\":\"PropertyValueSpecification\",\"valueRequired\":true,\"valueName\":\"search_term_string\"}}],\"inLanguage\":\"fr-FR\"},{\"@type\":\"Organization\",\"@id\":\"https:\/\/www.carideal.com\/blog\/#organization\",\"name\":\"Carideal\",\"url\":\"https:\/\/www.carideal.com\/blog\/\",\"logo\":{\"@type\":\"ImageObject\",\"inLanguage\":\"fr-FR\",\"@id\":\"https:\/\/www.carideal.com\/blog\/#\/schema\/logo\/image\/\",\"url\":\"http:\/\/www.carideal.com\/blog\/wp-content\/uploads\/2016\/03\/logo-carideal-mandataire-automobile.png\",\"contentUrl\":\"http:\/\/www.carideal.com\/blog\/wp-content\/uploads\/2016\/03\/logo-carideal-mandataire-automobile.png\",\"width\":300,\"height\":300,\"caption\":\"Carideal\"},\"image\":{\"@id\":\"https:\/\/www.carideal.com\/blog\/#\/schema\/logo\/image\/\"},\"sameAs\":[\"https:\/\/www.facebook.com\/Carideal.mandataire.automobile\",\"https:\/\/x.com\/caridealauto\",\"https:\/\/www.instagram.com\/carideal1\/\",\"https:\/\/www.linkedin.com\/company\/carideal.com\",\"https:\/\/fr.pinterest.com\/schiavonsas\/\",\"https:\/\/www.youtube.com\/user\/caridealsas\"]},{\"@type\":\"Person\",\"@id\":\"https:\/\/www.carideal.com\/blog\/#\/schema\/person\/985c7e757d1042d647f21bfaf8d41ebc\",\"name\":\"N.S Carideal\",\"image\":{\"@type\":\"ImageObject\",\"inLanguage\":\"fr-FR\",\"@id\":\"https:\/\/www.carideal.com\/blog\/#\/schema\/person\/image\/\",\"url\":\"https:\/\/secure.gravatar.com\/avatar\/edb7ccdf1a4e3d14aef967760d354d0e?s=96&r=g\",\"contentUrl\":\"https:\/\/secure.gravatar.com\/avatar\/edb7ccdf1a4e3d14aef967760d354d0e?s=96&r=g\",\"caption\":\"N.S Carideal\"},\"description\":\"Depuis tout petit fan d'automobile. Il est question d'essayer et de comparer toutes ces voitures qui nous ont fait r\u00e9ver, avant que celles-ci ne devient uniquement des voitures de collection.\",\"sameAs\":[\"http:\/\/www.carideal.com\/blog\",\"https:\/\/www.facebook.com\/Carideal.mandataire.automobile\/\",\"https:\/\/www.linkedin.com\/in\/nschiavon\/\",\"https:\/\/www.youtube.com\/user\/caridealsas\/\"],\"url\":\"https:\/\/www.carideal.com\/blog\/author\/admin_carideal\/\"}]}<\/script>\n<!-- \/ Yoast SEO plugin. -->","yoast_head_json":{"title":"Kia transporteur officiel de la coupe du monde 2010 - Blog auto Carid\u00e9al","robots":{"index":"index","follow":"follow","max-snippet":"max-snippet:-1","max-image-preview":"max-image-preview:large","max-video-preview":"max-video-preview:-1"},"canonical":"https:\/\/www.carideal.com\/blog\/2010\/06\/18\/kia-transporteur-officiel-de-la-coupe-du-monde-2010\/","og_locale":"fr_FR","og_type":"article","og_title":"Kia transporteur officiel de la coupe du monde 2010 - Blog auto Carid\u00e9al","og_description":"Kia transporteur officiel de la coupe du monde 2010 Le football est le vecteur que la marque Kia a choisi pour v\u00e9hiculer une image saine et dynamique. La marque cible en effet les \"jeunes de coeur et d'esprit\" En termes d'exposition m\u00e9diatique on ne peut pas faire beaucoup plus puissant que cette \u00e9v\u00e9nement sportif qui ... Lire plus","og_url":"https:\/\/www.carideal.com\/blog\/2010\/06\/18\/kia-transporteur-officiel-de-la-coupe-du-monde-2010\/","og_site_name":"Blog auto Carid\u00e9al","article_publisher":"https:\/\/www.facebook.com\/Carideal.mandataire.automobile","article_author":"https:\/\/www.facebook.com\/Carideal.mandataire.automobile\/","article_published_time":"2010-06-18T16:03:00+00:00","article_modified_time":"2023-08-23T17:19:37+00:00","og_image":[{"width":1060,"height":992,"url":"https:\/\/www.carideal.com\/blog\/wp-content\/uploads\/2010\/06\/kia-partenaire-officiel.jpg","type":"image\/jpeg"}],"author":"N.S Carideal","twitter_card":"summary_large_image","twitter_creator":"@caridealauto","twitter_site":"@caridealauto","twitter_misc":{"\u00c9crit par":"N.S Carideal","Dur\u00e9e de lecture estim\u00e9e":"3 minutes"},"schema":{"@context":"https:\/\/schema.org","@graph":[{"@type":"Article","@id":"https:\/\/www.carideal.com\/blog\/2010\/06\/18\/kia-transporteur-officiel-de-la-coupe-du-monde-2010\/#article","isPartOf":{"@id":"https:\/\/www.carideal.com\/blog\/2010\/06\/18\/kia-transporteur-officiel-de-la-coupe-du-monde-2010\/"},"author":{"name":"N.S Carideal","@id":"https:\/\/www.carideal.com\/blog\/#\/schema\/person\/985c7e757d1042d647f21bfaf8d41ebc"},"headline":"Kia transporteur officiel de la coupe du monde 2010","datePublished":"2010-06-18T16:03:00+00:00","dateModified":"2023-08-23T17:19:37+00:00","mainEntityOfPage":{"@id":"https:\/\/www.carideal.com\/blog\/2010\/06\/18\/kia-transporteur-officiel-de-la-coupe-du-monde-2010\/"},"wordCount":443,"commentCount":0,"publisher":{"@id":"https:\/\/www.carideal.com\/blog\/#organization"},"image":{"@id":"https:\/\/www.carideal.com\/blog\/2010\/06\/18\/kia-transporteur-officiel-de-la-coupe-du-monde-2010\/#primaryimage"},"thumbnailUrl":"https:\/\/www.carideal.com\/blog\/wp-content\/uploads\/2010\/06\/kia-partenaire-officiel.jpg","articleSection":["Actualit\u00e9 Kia","Sports"],"inLanguage":"fr-FR","potentialAction":[{"@type":"CommentAction","name":"Comment","target":["https:\/\/www.carideal.com\/blog\/2010\/06\/18\/kia-transporteur-officiel-de-la-coupe-du-monde-2010\/#respond"]}]},{"@type":"WebPage","@id":"https:\/\/www.carideal.com\/blog\/2010\/06\/18\/kia-transporteur-officiel-de-la-coupe-du-monde-2010\/","url":"https:\/\/www.carideal.com\/blog\/2010\/06\/18\/kia-transporteur-officiel-de-la-coupe-du-monde-2010\/","name":"Kia transporteur officiel de la coupe du monde 2010 - Blog auto Carid\u00e9al","isPartOf":{"@id":"https:\/\/www.carideal.com\/blog\/#website"},"primaryImageOfPage":{"@id":"https:\/\/www.carideal.com\/blog\/2010\/06\/18\/kia-transporteur-officiel-de-la-coupe-du-monde-2010\/#primaryimage"},"image":{"@id":"https:\/\/www.carideal.com\/blog\/2010\/06\/18\/kia-transporteur-officiel-de-la-coupe-du-monde-2010\/#primaryimage"},"thumbnailUrl":"https:\/\/www.carideal.com\/blog\/wp-content\/uploads\/2010\/06\/kia-partenaire-officiel.jpg","datePublished":"2010-06-18T16:03:00+00:00","dateModified":"2023-08-23T17:19:37+00:00","breadcrumb":{"@id":"https:\/\/www.carideal.com\/blog\/2010\/06\/18\/kia-transporteur-officiel-de-la-coupe-du-monde-2010\/#breadcrumb"},"inLanguage":"fr-FR","potentialAction":[{"@type":"ReadAction","target":["https:\/\/www.carideal.com\/blog\/2010\/06\/18\/kia-transporteur-officiel-de-la-coupe-du-monde-2010\/"]}]},{"@type":"ImageObject","inLanguage":"fr-FR","@id":"https:\/\/www.carideal.com\/blog\/2010\/06\/18\/kia-transporteur-officiel-de-la-coupe-du-monde-2010\/#primaryimage","url":"https:\/\/www.carideal.com\/blog\/wp-content\/uploads\/2010\/06\/kia-partenaire-officiel.jpg","contentUrl":"https:\/\/www.carideal.com\/blog\/wp-content\/uploads\/2010\/06\/kia-partenaire-officiel.jpg","width":1060,"height":992,"caption":"Kia transporteur officiel de la coupe du monde 2010"},{"@type":"BreadcrumbList","@id":"https:\/\/www.carideal.com\/blog\/2010\/06\/18\/kia-transporteur-officiel-de-la-coupe-du-monde-2010\/#breadcrumb","itemListElement":[{"@type":"ListItem","position":1,"name":"Blog Carid\u00e9al","item":"https:\/\/www.carideal.com\/blog\/"},{"@type":"ListItem","position":2,"name":"Actualit\u00e9 constructeur automobile","item":"https:\/\/www.carideal.com\/blog\/constructeur\/"},{"@type":"ListItem","position":3,"name":"Actualit\u00e9 Kia","item":"https:\/\/www.carideal.com\/blog\/constructeur\/kia\/"},{"@type":"ListItem","position":4,"name":"Kia transporteur officiel de la coupe du monde 2010"}]},{"@type":"WebSite","@id":"https:\/\/www.carideal.com\/blog\/#website","url":"https:\/\/www.carideal.com\/blog\/","name":"Blog auto Carid\u00e9al","description":"Actualit\u00e9 auto par des passionn\u00e9s","publisher":{"@id":"https:\/\/www.carideal.com\/blog\/#organization"},"potentialAction":[{"@type":"SearchAction","target":{"@type":"EntryPoint","urlTemplate":"https:\/\/www.carideal.com\/blog\/?s={search_term_string}"},"query-input":{"@type":"PropertyValueSpecification","valueRequired":true,"valueName":"search_term_string"}}],"inLanguage":"fr-FR"},{"@type":"Organization","@id":"https:\/\/www.carideal.com\/blog\/#organization","name":"Carideal","url":"https:\/\/www.carideal.com\/blog\/","logo":{"@type":"ImageObject","inLanguage":"fr-FR","@id":"https:\/\/www.carideal.com\/blog\/#\/schema\/logo\/image\/","url":"http:\/\/www.carideal.com\/blog\/wp-content\/uploads\/2016\/03\/logo-carideal-mandataire-automobile.png","contentUrl":"http:\/\/www.carideal.com\/blog\/wp-content\/uploads\/2016\/03\/logo-carideal-mandataire-automobile.png","width":300,"height":300,"caption":"Carideal"},"image":{"@id":"https:\/\/www.carideal.com\/blog\/#\/schema\/logo\/image\/"},"sameAs":["https:\/\/www.facebook.com\/Carideal.mandataire.automobile","https:\/\/x.com\/caridealauto","https:\/\/www.instagram.com\/carideal1\/","https:\/\/www.linkedin.com\/company\/carideal.com","https:\/\/fr.pinterest.com\/schiavonsas\/","https:\/\/www.youtube.com\/user\/caridealsas"]},{"@type":"Person","@id":"https:\/\/www.carideal.com\/blog\/#\/schema\/person\/985c7e757d1042d647f21bfaf8d41ebc","name":"N.S Carideal","image":{"@type":"ImageObject","inLanguage":"fr-FR","@id":"https:\/\/www.carideal.com\/blog\/#\/schema\/person\/image\/","url":"https:\/\/secure.gravatar.com\/avatar\/edb7ccdf1a4e3d14aef967760d354d0e?s=96&r=g","contentUrl":"https:\/\/secure.gravatar.com\/avatar\/edb7ccdf1a4e3d14aef967760d354d0e?s=96&r=g","caption":"N.S Carideal"},"description":"Depuis tout petit fan d'automobile. Il est question d'essayer et de comparer toutes ces voitures qui nous ont fait r\u00e9ver, avant que celles-ci ne devient uniquement des voitures de collection.","sameAs":["http:\/\/www.carideal.com\/blog","https:\/\/www.facebook.com\/Carideal.mandataire.automobile\/","https:\/\/www.linkedin.com\/in\/nschiavon\/","https:\/\/www.youtube.com\/user\/caridealsas\/"],"url":"https:\/\/www.carideal.com\/blog\/author\/admin_carideal\/"}]}},"uagb_featured_image_src":{"full":["https:\/\/www.carideal.com\/blog\/wp-content\/uploads\/2010\/06\/kia-partenaire-officiel.jpg",1060,992,false],"thumbnail":["https:\/\/www.carideal.com\/blog\/wp-content\/uploads\/2010\/06\/kia-partenaire-officiel-150x150.jpg",150,150,true],"medium":["https:\/\/www.carideal.com\/blog\/wp-content\/uploads\/2010\/06\/kia-partenaire-officiel-300x281.jpg",300,281,true],"medium_large":["https:\/\/www.carideal.com\/blog\/wp-content\/uploads\/2010\/06\/kia-partenaire-officiel-768x719.jpg",768,719,true],"large":["https:\/\/www.carideal.com\/blog\/wp-content\/uploads\/2010\/06\/kia-partenaire-officiel-1024x958.jpg",1024,958,true],"1536x1536":["https:\/\/www.carideal.com\/blog\/wp-content\/uploads\/2010\/06\/kia-partenaire-officiel.jpg",1060,992,false],"2048x2048":["https:\/\/www.carideal.com\/blog\/wp-content\/uploads\/2010\/06\/kia-partenaire-officiel.jpg",1060,992,false],"wppr-widget":["https:\/\/www.carideal.com\/blog\/wp-content\/uploads\/2010\/06\/kia-partenaire-officiel-50x47.jpg",50,47,true]},"uagb_author_info":{"display_name":"N.S Carideal","author_link":"https:\/\/www.carideal.com\/blog\/author\/admin_carideal\/"},"uagb_comment_info":0,"uagb_excerpt":"Kia transporteur officiel de la coupe du monde 2010 Le football est le vecteur que la marque Kia a choisi pour v\u00e9hiculer une image saine et dynamique. La marque cible en effet les \"jeunes de coeur et d'esprit\" En termes d'exposition m\u00e9diatique on ne peut pas faire beaucoup plus puissant que cette \u00e9v\u00e9nement sportif qui\u2026","_links":{"self":[{"href":"https:\/\/www.carideal.com\/blog\/wp-json\/wp\/v2\/posts\/458"}],"collection":[{"href":"https:\/\/www.carideal.com\/blog\/wp-json\/wp\/v2\/posts"}],"about":[{"href":"https:\/\/www.carideal.com\/blog\/wp-json\/wp\/v2\/types\/post"}],"author":[{"embeddable":true,"href":"https:\/\/www.carideal.com\/blog\/wp-json\/wp\/v2\/users\/1"}],"replies":[{"embeddable":true,"href":"https:\/\/www.carideal.com\/blog\/wp-json\/wp\/v2\/comments?post=458"}],"version-history":[{"count":0,"href":"https:\/\/www.carideal.com\/blog\/wp-json\/wp\/v2\/posts\/458\/revisions"}],"wp:featuredmedia":[{"embeddable":true,"href":"https:\/\/www.carideal.com\/blog\/wp-json\/wp\/v2\/media\/27000"}],"wp:attachment":[{"href":"https:\/\/www.carideal.com\/blog\/wp-json\/wp\/v2\/media?parent=458"}],"wp:term":[{"taxonomy":"category","embeddable":true,"href":"https:\/\/www.carideal.com\/blog\/wp-json\/wp\/v2\/categories?post=458"},{"taxonomy":"post_tag","embeddable":true,"href":"https:\/\/www.carideal.com\/blog\/wp-json\/wp\/v2\/tags?post=458"}],"curies":[{"name":"wp","href":"https:\/\/api.w.org\/{rel}","templated":true}]}}