{"id":4578,"date":"2007-12-10T00:00:00","date_gmt":"2007-12-10T00:00:00","guid":{"rendered":"http:\/\/www.carideal.com\/blog\/2007\/12\/10\/controle-technique-ce-qui-va-changer\/"},"modified":"2025-10-09T15:37:34","modified_gmt":"2025-10-09T13:37:34","slug":"controle-technique-ce-qui-va-changer","status":"publish","type":"post","link":"https:\/\/www.carideal.com\/blog\/2007\/12\/10\/controle-technique-ce-qui-va-changer\/","title":{"rendered":"Controle technique : ce qui va changer"},"content":{"rendered":"\n<div><img decoding=\"async\" src=\"http:\/\/www.carideal.com\/images_actualite\/controletechniquecarideal-1197270404.jpg\" alt=\"\">Le controle technique en 2008 ce qui change<p><\/p>\n<\/div>\n\n\n\n<p>Au 1er Janvier 2008, le controle technique obligatoire pour les voitures de plus de 4 ans subira d'importantes modifications. Cet examen est a renouveler ensuite tous les 2 ans. Depuis 1992 la legislation a \u00e9t\u00e9 regulierement durcie, obligeant les conducteurs a entretenir r\u00e9gulierement leur voiture. Neanmoins il n'en reste pas moins que 20% sont sujet \u00e0 la contre visite encore en 2006, ce qui reste \u00e9lev\u00e9. Le parc automobile Francais ne cesse de vieillir, il a atteind une moyenne de 8 ans d'age en 2007 grace \u00e0 la qualit\u00e9 des voitures recentes et leur entretien. En 2008 le nombre de point de controle seront au nombre de 116 contre 125 auparavant. N\u00e9anmoins le nombre de controle ne diminuera pas car certains seront regroup\u00e9s. Les centres de controles techniques devront eux aussi s'equiper et investir. Les annalyseurs de gaz et opacimetres pour controler les fumees des diesels, devront etres connect\u00e9 aux ordinateurs. Les centres devront aussi s'equiper de <a href=\"https:\/\/www.carideal.com\/blog\/2008\/05\/14\/controle-technique-le-test-obd-a-commence\/\">prises OBD<\/a> (On Board Diagnostic) pour pouvoir dialoguer avec les voitures. Cet investissement represente quand meme une valeur de 7000 \u20acht.<br> Voici 8 nouveaux points : Chaque projecteur au xenon devra etre equip\u00e9 d'un lave phare en etat de marche.<br> Chaque amortisseur pr\u00e9santant des traces d'huiles sera systematiquement refus\u00e9.<br> Chaque ceinture de securite devra \u00eatre impecable sans aucun defaut, les harnais de courses sont banis.<br> Aucune deterioration meme esthetique sur les airbag.<br> La prise OBD permet d controler via le calculateur de la voiture les emissions poluantes.\u00a0 Les modeles essences seront control\u00e9s a partir du 01\/2002. Les voitures particulieres diesels \u00e0 partir du 01\/2004.<br> Le niveau de liquide de frein insufisant est un motif de refus, mais pas encore la pr\u00e9sence d'humidit\u00e9, ni l'air dans le circuit.<br> La pr\u00e9sence du caoutchouc sur la pedale de frein est obligatoire.<br> Les pare buffles sont maintenant systematiquement controles et soumis a contre visite si il y a absence de marquage ce pour les voitures mis en circulation a partir du 25 mai 2007.<br> Pourtant cet examen n'est pas parfait et laisse passer encore quelques bourdes. Le controle technique est un examen viasnt la securit\u00e9 de votre auto, c'est \u00e0 dire que ni le moteur, ni la boite de vitesse ne sont control\u00e9. les jeus mineurs des rotules de direction ne sont plus not\u00e9s mais seulemant exessifs. Les motifs de recalage au controles technique sont les suivants : desequilibre de frein, usure importante des pneus, pollution excessive, mauvais etat des plaques d'immatriculations, controle impossible de la pollution, mauvais fonctionnement des feux stop, mauvais fonctionnement des feux de position, mauvais fonctionnement du frein de stationnement, jeu important dans les rotules de train, deterioration des flexibles de freins.<\/p>\n","protected":false},"excerpt":{"rendered":"<p>Le controle technique en 2008 ce qui change Au 1er Janvier 2008, le controle technique obligatoire pour les voitures de plus de 4 ans subira d&rsquo;importantes modifications. Cet examen est a renouveler ensuite tous les 2 ans. Depuis 1992 la legislation a \u00e9t\u00e9 regulierement durcie, obligeant les conducteurs a entretenir r\u00e9gulierement leur voiture. Neanmoins il &#8230; <a title=\"Controle technique : ce qui va changer\" class=\"read-more\" href=\"https:\/\/www.carideal.com\/blog\/2007\/12\/10\/controle-technique-ce-qui-va-changer\/\" aria-label=\"En savoir plus sur Controle technique : ce qui va changer\">Lire plus<\/a><\/p>\n","protected":false},"author":3,"featured_media":0,"comment_status":"open","ping_status":"open","sticky":false,"template":"","format":"standard","meta":{"_uag_custom_page_level_css":"","_themeisle_gutenberg_block_has_review":false,"footnotes":""},"categories":[21],"tags":[1203],"class_list":["post-4578","post","type-post","status-publish","format-standard","hentry","category-actualites-auto","tag-controle-technique"],"wppr_data":{"cwp_meta_box_check":"No"},"yoast_head":"<!-- This site is optimized with the Yoast SEO plugin v24.8.1 - https:\/\/yoast.com\/wordpress\/plugins\/seo\/ -->\n<title>Controle technique : ce qui va changer - Blog auto Carid\u00e9al<\/title>\n<meta name=\"robots\" content=\"index, follow, max-snippet:-1, max-image-preview:large, max-video-preview:-1\" \/>\n<link rel=\"canonical\" href=\"https:\/\/www.carideal.com\/blog\/2007\/12\/10\/controle-technique-ce-qui-va-changer\/\" \/>\n<meta property=\"og:locale\" content=\"fr_FR\" \/>\n<meta property=\"og:type\" content=\"article\" \/>\n<meta property=\"og:title\" content=\"Controle technique : ce qui va changer - Blog auto Carid\u00e9al\" \/>\n<meta property=\"og:description\" content=\"Le controle technique en 2008 ce qui change Au 1er Janvier 2008, le controle technique obligatoire pour les voitures de plus de 4 ans subira d&#039;importantes modifications. Cet examen est a renouveler ensuite tous les 2 ans. Depuis 1992 la legislation a \u00e9t\u00e9 regulierement durcie, obligeant les conducteurs a entretenir r\u00e9gulierement leur voiture. Neanmoins il ... Lire plus\" \/>\n<meta property=\"og:url\" content=\"https:\/\/www.carideal.com\/blog\/2007\/12\/10\/controle-technique-ce-qui-va-changer\/\" \/>\n<meta property=\"og:site_name\" content=\"Blog auto Carid\u00e9al\" \/>\n<meta property=\"article:publisher\" content=\"https:\/\/www.facebook.com\/Carideal.mandataire.automobile\" \/>\n<meta property=\"article:author\" content=\"https:\/\/www.facebook.com\/nicolas.schiavon.39\" \/>\n<meta property=\"article:published_time\" content=\"2007-12-10T00:00:00+00:00\" \/>\n<meta property=\"article:modified_time\" content=\"2025-10-09T13:37:34+00:00\" \/>\n<meta property=\"og:image\" content=\"http:\/\/www.carideal.com\/images_actualite\/controletechniquecarideal-1197270404.jpg\" \/>\n<meta name=\"author\" content=\"Nicolas SCHIAVON\" \/>\n<meta name=\"twitter:card\" content=\"summary_large_image\" \/>\n<meta name=\"twitter:creator\" content=\"@caridealauto\" \/>\n<meta name=\"twitter:site\" content=\"@caridealauto\" \/>\n<meta name=\"twitter:label1\" content=\"\u00c9crit par\" \/>\n\t<meta name=\"twitter:data1\" content=\"Nicolas SCHIAVON\" \/>\n\t<meta name=\"twitter:label2\" content=\"Dur\u00e9e de lecture estim\u00e9e\" \/>\n\t<meta name=\"twitter:data2\" content=\"3 minutes\" \/>\n<script type=\"application\/ld+json\" class=\"yoast-schema-graph\">{\"@context\":\"https:\/\/schema.org\",\"@graph\":[{\"@type\":\"Article\",\"@id\":\"https:\/\/www.carideal.com\/blog\/2007\/12\/10\/controle-technique-ce-qui-va-changer\/#article\",\"isPartOf\":{\"@id\":\"https:\/\/www.carideal.com\/blog\/2007\/12\/10\/controle-technique-ce-qui-va-changer\/\"},\"author\":{\"name\":\"Nicolas SCHIAVON\",\"@id\":\"https:\/\/www.carideal.com\/blog\/#\/schema\/person\/cd95dc7919660de90d31b366f85be1ec\"},\"headline\":\"Controle technique : ce qui va changer\",\"datePublished\":\"2007-12-10T00:00:00+00:00\",\"dateModified\":\"2025-10-09T13:37:34+00:00\",\"mainEntityOfPage\":{\"@id\":\"https:\/\/www.carideal.com\/blog\/2007\/12\/10\/controle-technique-ce-qui-va-changer\/\"},\"wordCount\":437,\"commentCount\":0,\"publisher\":{\"@id\":\"https:\/\/www.carideal.com\/blog\/#organization\"},\"image\":{\"@id\":\"https:\/\/www.carideal.com\/blog\/2007\/12\/10\/controle-technique-ce-qui-va-changer\/#primaryimage\"},\"thumbnailUrl\":\"http:\/\/www.carideal.com\/images_actualite\/controletechniquecarideal-1197270404.jpg\",\"keywords\":[\"contr\u00f4le technique\"],\"articleSection\":[\"Actualit\u00e9 automobile\"],\"inLanguage\":\"fr-FR\",\"potentialAction\":[{\"@type\":\"CommentAction\",\"name\":\"Comment\",\"target\":[\"https:\/\/www.carideal.com\/blog\/2007\/12\/10\/controle-technique-ce-qui-va-changer\/#respond\"]}]},{\"@type\":\"WebPage\",\"@id\":\"https:\/\/www.carideal.com\/blog\/2007\/12\/10\/controle-technique-ce-qui-va-changer\/\",\"url\":\"https:\/\/www.carideal.com\/blog\/2007\/12\/10\/controle-technique-ce-qui-va-changer\/\",\"name\":\"Controle technique : ce qui va changer - Blog auto Carid\u00e9al\",\"isPartOf\":{\"@id\":\"https:\/\/www.carideal.com\/blog\/#website\"},\"primaryImageOfPage\":{\"@id\":\"https:\/\/www.carideal.com\/blog\/2007\/12\/10\/controle-technique-ce-qui-va-changer\/#primaryimage\"},\"image\":{\"@id\":\"https:\/\/www.carideal.com\/blog\/2007\/12\/10\/controle-technique-ce-qui-va-changer\/#primaryimage\"},\"thumbnailUrl\":\"http:\/\/www.carideal.com\/images_actualite\/controletechniquecarideal-1197270404.jpg\",\"datePublished\":\"2007-12-10T00:00:00+00:00\",\"dateModified\":\"2025-10-09T13:37:34+00:00\",\"breadcrumb\":{\"@id\":\"https:\/\/www.carideal.com\/blog\/2007\/12\/10\/controle-technique-ce-qui-va-changer\/#breadcrumb\"},\"inLanguage\":\"fr-FR\",\"potentialAction\":[{\"@type\":\"ReadAction\",\"target\":[\"https:\/\/www.carideal.com\/blog\/2007\/12\/10\/controle-technique-ce-qui-va-changer\/\"]}]},{\"@type\":\"ImageObject\",\"inLanguage\":\"fr-FR\",\"@id\":\"https:\/\/www.carideal.com\/blog\/2007\/12\/10\/controle-technique-ce-qui-va-changer\/#primaryimage\",\"url\":\"http:\/\/www.carideal.com\/images_actualite\/controletechniquecarideal-1197270404.jpg\",\"contentUrl\":\"http:\/\/www.carideal.com\/images_actualite\/controletechniquecarideal-1197270404.jpg\"},{\"@type\":\"BreadcrumbList\",\"@id\":\"https:\/\/www.carideal.com\/blog\/2007\/12\/10\/controle-technique-ce-qui-va-changer\/#breadcrumb\",\"itemListElement\":[{\"@type\":\"ListItem\",\"position\":1,\"name\":\"Blog Carid\u00e9al\",\"item\":\"https:\/\/www.carideal.com\/blog\/\"},{\"@type\":\"ListItem\",\"position\":2,\"name\":\"Actualit\u00e9 automobile\",\"item\":\"https:\/\/www.carideal.com\/blog\/actualites-auto\/\"},{\"@type\":\"ListItem\",\"position\":3,\"name\":\"Controle technique : ce qui va changer\"}]},{\"@type\":\"WebSite\",\"@id\":\"https:\/\/www.carideal.com\/blog\/#website\",\"url\":\"https:\/\/www.carideal.com\/blog\/\",\"name\":\"Blog auto Carid\u00e9al\",\"description\":\"Actualit\u00e9 auto par des passionn\u00e9s\",\"publisher\":{\"@id\":\"https:\/\/www.carideal.com\/blog\/#organization\"},\"potentialAction\":[{\"@type\":\"SearchAction\",\"target\":{\"@type\":\"EntryPoint\",\"urlTemplate\":\"https:\/\/www.carideal.com\/blog\/?s={search_term_string}\"},\"query-input\":{\"@type\":\"PropertyValueSpecification\",\"valueRequired\":true,\"valueName\":\"search_term_string\"}}],\"inLanguage\":\"fr-FR\"},{\"@type\":\"Organization\",\"@id\":\"https:\/\/www.carideal.com\/blog\/#organization\",\"name\":\"Carideal\",\"url\":\"https:\/\/www.carideal.com\/blog\/\",\"logo\":{\"@type\":\"ImageObject\",\"inLanguage\":\"fr-FR\",\"@id\":\"https:\/\/www.carideal.com\/blog\/#\/schema\/logo\/image\/\",\"url\":\"http:\/\/www.carideal.com\/blog\/wp-content\/uploads\/2016\/03\/logo-carideal-mandataire-automobile.png\",\"contentUrl\":\"http:\/\/www.carideal.com\/blog\/wp-content\/uploads\/2016\/03\/logo-carideal-mandataire-automobile.png\",\"width\":300,\"height\":300,\"caption\":\"Carideal\"},\"image\":{\"@id\":\"https:\/\/www.carideal.com\/blog\/#\/schema\/logo\/image\/\"},\"sameAs\":[\"https:\/\/www.facebook.com\/Carideal.mandataire.automobile\",\"https:\/\/x.com\/caridealauto\",\"https:\/\/www.instagram.com\/carideal1\/\",\"https:\/\/www.linkedin.com\/company\/carideal.com\",\"https:\/\/fr.pinterest.com\/schiavonsas\/\",\"https:\/\/www.youtube.com\/user\/caridealsas\"]},{\"@type\":\"Person\",\"@id\":\"https:\/\/www.carideal.com\/blog\/#\/schema\/person\/cd95dc7919660de90d31b366f85be1ec\",\"name\":\"Nicolas SCHIAVON\",\"image\":{\"@type\":\"ImageObject\",\"inLanguage\":\"fr-FR\",\"@id\":\"https:\/\/www.carideal.com\/blog\/#\/schema\/person\/image\/\",\"url\":\"https:\/\/secure.gravatar.com\/avatar\/c17e55009e671d92cc7f5dc837dc418a?s=96&r=g\",\"contentUrl\":\"https:\/\/secure.gravatar.com\/avatar\/c17e55009e671d92cc7f5dc837dc418a?s=96&r=g\",\"caption\":\"Nicolas SCHIAVON\"},\"description\":\"Nicolas Schiavon est tomb\u00e9 tout petit dans la marmite automobile. Ayant eu un garage de marque automobile, mandataire automobile de la premi\u00e8re heure d\u00e8s 1999. Nicolas a cr\u00e9\u00e9 ces premiers sites de vente de voiture et blog automobile d\u00e8s 1994. Carideal est n\u00e9 le 15 d\u00e9cembre 2000 de la volont\u00e9 de vendre des voitures d'occasions en ligne puis des voitures neuves. Il a pu essayer beaucoup de voitures tr\u00e8s diff\u00e9rentes et ayant eu personnellement quelques belles autos, Subaru Impreza, Mitsubishi Lancer Evo 7, Porsche 911, Ferrari Testarrossa, Audi RS3, RS4 et j'en passe...\",\"sameAs\":[\"http:\/\/www.carideal.com\",\"https:\/\/www.facebook.com\/nicolas.schiavon.39\",\"https:\/\/www.instagram.com\/carideal1\/\",\"https:\/\/www.linkedin.com\/in\/nschiavon\/\",\"https:\/\/x.com\/caridealauto\",\"https:\/\/www.youtube.com\/user\/caridealsas\/\"],\"url\":\"https:\/\/www.carideal.com\/blog\/author\/nschiavon\/\"}]}<\/script>\n<!-- \/ Yoast SEO plugin. -->","yoast_head_json":{"title":"Controle technique : ce qui va changer - Blog auto Carid\u00e9al","robots":{"index":"index","follow":"follow","max-snippet":"max-snippet:-1","max-image-preview":"max-image-preview:large","max-video-preview":"max-video-preview:-1"},"canonical":"https:\/\/www.carideal.com\/blog\/2007\/12\/10\/controle-technique-ce-qui-va-changer\/","og_locale":"fr_FR","og_type":"article","og_title":"Controle technique : ce qui va changer - Blog auto Carid\u00e9al","og_description":"Le controle technique en 2008 ce qui change Au 1er Janvier 2008, le controle technique obligatoire pour les voitures de plus de 4 ans subira d'importantes modifications. Cet examen est a renouveler ensuite tous les 2 ans. Depuis 1992 la legislation a \u00e9t\u00e9 regulierement durcie, obligeant les conducteurs a entretenir r\u00e9gulierement leur voiture. Neanmoins il ... Lire plus","og_url":"https:\/\/www.carideal.com\/blog\/2007\/12\/10\/controle-technique-ce-qui-va-changer\/","og_site_name":"Blog auto Carid\u00e9al","article_publisher":"https:\/\/www.facebook.com\/Carideal.mandataire.automobile","article_author":"https:\/\/www.facebook.com\/nicolas.schiavon.39","article_published_time":"2007-12-10T00:00:00+00:00","article_modified_time":"2025-10-09T13:37:34+00:00","og_image":[{"url":"http:\/\/www.carideal.com\/images_actualite\/controletechniquecarideal-1197270404.jpg","type":"","width":"","height":""}],"author":"Nicolas SCHIAVON","twitter_card":"summary_large_image","twitter_creator":"@caridealauto","twitter_site":"@caridealauto","twitter_misc":{"\u00c9crit par":"Nicolas SCHIAVON","Dur\u00e9e de lecture estim\u00e9e":"3 minutes"},"schema":{"@context":"https:\/\/schema.org","@graph":[{"@type":"Article","@id":"https:\/\/www.carideal.com\/blog\/2007\/12\/10\/controle-technique-ce-qui-va-changer\/#article","isPartOf":{"@id":"https:\/\/www.carideal.com\/blog\/2007\/12\/10\/controle-technique-ce-qui-va-changer\/"},"author":{"name":"Nicolas SCHIAVON","@id":"https:\/\/www.carideal.com\/blog\/#\/schema\/person\/cd95dc7919660de90d31b366f85be1ec"},"headline":"Controle technique : ce qui va changer","datePublished":"2007-12-10T00:00:00+00:00","dateModified":"2025-10-09T13:37:34+00:00","mainEntityOfPage":{"@id":"https:\/\/www.carideal.com\/blog\/2007\/12\/10\/controle-technique-ce-qui-va-changer\/"},"wordCount":437,"commentCount":0,"publisher":{"@id":"https:\/\/www.carideal.com\/blog\/#organization"},"image":{"@id":"https:\/\/www.carideal.com\/blog\/2007\/12\/10\/controle-technique-ce-qui-va-changer\/#primaryimage"},"thumbnailUrl":"http:\/\/www.carideal.com\/images_actualite\/controletechniquecarideal-1197270404.jpg","keywords":["contr\u00f4le technique"],"articleSection":["Actualit\u00e9 automobile"],"inLanguage":"fr-FR","potentialAction":[{"@type":"CommentAction","name":"Comment","target":["https:\/\/www.carideal.com\/blog\/2007\/12\/10\/controle-technique-ce-qui-va-changer\/#respond"]}]},{"@type":"WebPage","@id":"https:\/\/www.carideal.com\/blog\/2007\/12\/10\/controle-technique-ce-qui-va-changer\/","url":"https:\/\/www.carideal.com\/blog\/2007\/12\/10\/controle-technique-ce-qui-va-changer\/","name":"Controle technique : ce qui va changer - Blog auto Carid\u00e9al","isPartOf":{"@id":"https:\/\/www.carideal.com\/blog\/#website"},"primaryImageOfPage":{"@id":"https:\/\/www.carideal.com\/blog\/2007\/12\/10\/controle-technique-ce-qui-va-changer\/#primaryimage"},"image":{"@id":"https:\/\/www.carideal.com\/blog\/2007\/12\/10\/controle-technique-ce-qui-va-changer\/#primaryimage"},"thumbnailUrl":"http:\/\/www.carideal.com\/images_actualite\/controletechniquecarideal-1197270404.jpg","datePublished":"2007-12-10T00:00:00+00:00","dateModified":"2025-10-09T13:37:34+00:00","breadcrumb":{"@id":"https:\/\/www.carideal.com\/blog\/2007\/12\/10\/controle-technique-ce-qui-va-changer\/#breadcrumb"},"inLanguage":"fr-FR","potentialAction":[{"@type":"ReadAction","target":["https:\/\/www.carideal.com\/blog\/2007\/12\/10\/controle-technique-ce-qui-va-changer\/"]}]},{"@type":"ImageObject","inLanguage":"fr-FR","@id":"https:\/\/www.carideal.com\/blog\/2007\/12\/10\/controle-technique-ce-qui-va-changer\/#primaryimage","url":"http:\/\/www.carideal.com\/images_actualite\/controletechniquecarideal-1197270404.jpg","contentUrl":"http:\/\/www.carideal.com\/images_actualite\/controletechniquecarideal-1197270404.jpg"},{"@type":"BreadcrumbList","@id":"https:\/\/www.carideal.com\/blog\/2007\/12\/10\/controle-technique-ce-qui-va-changer\/#breadcrumb","itemListElement":[{"@type":"ListItem","position":1,"name":"Blog Carid\u00e9al","item":"https:\/\/www.carideal.com\/blog\/"},{"@type":"ListItem","position":2,"name":"Actualit\u00e9 automobile","item":"https:\/\/www.carideal.com\/blog\/actualites-auto\/"},{"@type":"ListItem","position":3,"name":"Controle technique : ce qui va changer"}]},{"@type":"WebSite","@id":"https:\/\/www.carideal.com\/blog\/#website","url":"https:\/\/www.carideal.com\/blog\/","name":"Blog auto Carid\u00e9al","description":"Actualit\u00e9 auto par des passionn\u00e9s","publisher":{"@id":"https:\/\/www.carideal.com\/blog\/#organization"},"potentialAction":[{"@type":"SearchAction","target":{"@type":"EntryPoint","urlTemplate":"https:\/\/www.carideal.com\/blog\/?s={search_term_string}"},"query-input":{"@type":"PropertyValueSpecification","valueRequired":true,"valueName":"search_term_string"}}],"inLanguage":"fr-FR"},{"@type":"Organization","@id":"https:\/\/www.carideal.com\/blog\/#organization","name":"Carideal","url":"https:\/\/www.carideal.com\/blog\/","logo":{"@type":"ImageObject","inLanguage":"fr-FR","@id":"https:\/\/www.carideal.com\/blog\/#\/schema\/logo\/image\/","url":"http:\/\/www.carideal.com\/blog\/wp-content\/uploads\/2016\/03\/logo-carideal-mandataire-automobile.png","contentUrl":"http:\/\/www.carideal.com\/blog\/wp-content\/uploads\/2016\/03\/logo-carideal-mandataire-automobile.png","width":300,"height":300,"caption":"Carideal"},"image":{"@id":"https:\/\/www.carideal.com\/blog\/#\/schema\/logo\/image\/"},"sameAs":["https:\/\/www.facebook.com\/Carideal.mandataire.automobile","https:\/\/x.com\/caridealauto","https:\/\/www.instagram.com\/carideal1\/","https:\/\/www.linkedin.com\/company\/carideal.com","https:\/\/fr.pinterest.com\/schiavonsas\/","https:\/\/www.youtube.com\/user\/caridealsas"]},{"@type":"Person","@id":"https:\/\/www.carideal.com\/blog\/#\/schema\/person\/cd95dc7919660de90d31b366f85be1ec","name":"Nicolas SCHIAVON","image":{"@type":"ImageObject","inLanguage":"fr-FR","@id":"https:\/\/www.carideal.com\/blog\/#\/schema\/person\/image\/","url":"https:\/\/secure.gravatar.com\/avatar\/c17e55009e671d92cc7f5dc837dc418a?s=96&r=g","contentUrl":"https:\/\/secure.gravatar.com\/avatar\/c17e55009e671d92cc7f5dc837dc418a?s=96&r=g","caption":"Nicolas SCHIAVON"},"description":"Nicolas Schiavon est tomb\u00e9 tout petit dans la marmite automobile. Ayant eu un garage de marque automobile, mandataire automobile de la premi\u00e8re heure d\u00e8s 1999. Nicolas a cr\u00e9\u00e9 ces premiers sites de vente de voiture et blog automobile d\u00e8s 1994. Carideal est n\u00e9 le 15 d\u00e9cembre 2000 de la volont\u00e9 de vendre des voitures d'occasions en ligne puis des voitures neuves. Il a pu essayer beaucoup de voitures tr\u00e8s diff\u00e9rentes et ayant eu personnellement quelques belles autos, Subaru Impreza, Mitsubishi Lancer Evo 7, Porsche 911, Ferrari Testarrossa, Audi RS3, RS4 et j'en passe...","sameAs":["http:\/\/www.carideal.com","https:\/\/www.facebook.com\/nicolas.schiavon.39","https:\/\/www.instagram.com\/carideal1\/","https:\/\/www.linkedin.com\/in\/nschiavon\/","https:\/\/x.com\/caridealauto","https:\/\/www.youtube.com\/user\/caridealsas\/"],"url":"https:\/\/www.carideal.com\/blog\/author\/nschiavon\/"}]}},"uagb_featured_image_src":{"full":false,"thumbnail":false,"medium":false,"medium_large":false,"large":false,"1536x1536":false,"2048x2048":false,"wppr-widget":false},"uagb_author_info":{"display_name":"Nicolas SCHIAVON","author_link":"https:\/\/www.carideal.com\/blog\/author\/nschiavon\/"},"uagb_comment_info":0,"uagb_excerpt":"Le controle technique en 2008 ce qui change Au 1er Janvier 2008, le controle technique obligatoire pour les voitures de plus de 4 ans subira d'importantes modifications. Cet examen est a renouveler ensuite tous les 2 ans. Depuis 1992 la legislation a \u00e9t\u00e9 regulierement durcie, obligeant les conducteurs a entretenir r\u00e9gulierement leur voiture. Neanmoins il\u2026","_links":{"self":[{"href":"https:\/\/www.carideal.com\/blog\/wp-json\/wp\/v2\/posts\/4578"}],"collection":[{"href":"https:\/\/www.carideal.com\/blog\/wp-json\/wp\/v2\/posts"}],"about":[{"href":"https:\/\/www.carideal.com\/blog\/wp-json\/wp\/v2\/types\/post"}],"author":[{"embeddable":true,"href":"https:\/\/www.carideal.com\/blog\/wp-json\/wp\/v2\/users\/3"}],"replies":[{"embeddable":true,"href":"https:\/\/www.carideal.com\/blog\/wp-json\/wp\/v2\/comments?post=4578"}],"version-history":[{"count":1,"href":"https:\/\/www.carideal.com\/blog\/wp-json\/wp\/v2\/posts\/4578\/revisions"}],"predecessor-version":[{"id":28237,"href":"https:\/\/www.carideal.com\/blog\/wp-json\/wp\/v2\/posts\/4578\/revisions\/28237"}],"wp:attachment":[{"href":"https:\/\/www.carideal.com\/blog\/wp-json\/wp\/v2\/media?parent=4578"}],"wp:term":[{"taxonomy":"category","embeddable":true,"href":"https:\/\/www.carideal.com\/blog\/wp-json\/wp\/v2\/categories?post=4578"},{"taxonomy":"post_tag","embeddable":true,"href":"https:\/\/www.carideal.com\/blog\/wp-json\/wp\/v2\/tags?post=4578"}],"curies":[{"name":"wp","href":"https:\/\/api.w.org\/{rel}","templated":true}]}}