{"id":4577,"date":"2007-12-10T00:00:00","date_gmt":"2007-12-10T00:00:00","guid":{"rendered":"http:\/\/www.carideal.com\/blog\/2007\/12\/10\/nouvelle-legislation-sur-l-immatriculation-des-voitures\/"},"modified":"2020-10-04T17:57:17","modified_gmt":"2020-10-04T15:57:17","slug":"nouvelle-legislation-sur-l-immatriculation-des-voitures","status":"publish","type":"post","link":"https:\/\/www.carideal.com\/blog\/2007\/12\/10\/nouvelle-legislation-sur-l-immatriculation-des-voitures\/","title":{"rendered":"Nouvelle l\u00e9gislation sur l&rsquo;immatriculation des voitures"},"content":{"rendered":"\n<h2 class=\"wp-block-heading\">Nouvelle l\u00e9gislation sur l'immatriculation des voitures<\/h2>\n\n\n\n<p>De nouvelles d'immatriculation entreront en vigueur en 2009<\/p>\n\n\n\n<figure class=\"wp-block-image size-large\"><img loading=\"lazy\" decoding=\"async\" width=\"512\" height=\"341\" src=\"http:\/\/www.carideal.com\/blog\/wp-content\/uploads\/2007\/12\/nouvelleplaquedimatriculationen2009carideal-1197270026.jpg\" alt=\"Nouvelle plaque d'immatriculation\" class=\"wp-image-15163\" srcset=\"https:\/\/www.carideal.com\/blog\/wp-content\/uploads\/2007\/12\/nouvelleplaquedimatriculationen2009carideal-1197270026.jpg 512w, https:\/\/www.carideal.com\/blog\/wp-content\/uploads\/2007\/12\/nouvelleplaquedimatriculationen2009carideal-1197270026-300x200.jpg 300w, https:\/\/www.carideal.com\/blog\/wp-content\/uploads\/2007\/12\/nouvelleplaquedimatriculationen2009carideal-1197270026-110x73.jpg 110w, https:\/\/www.carideal.com\/blog\/wp-content\/uploads\/2007\/12\/nouvelleplaquedimatriculationen2009carideal-1197270026-420x280.jpg 420w, https:\/\/www.carideal.com\/blog\/wp-content\/uploads\/2007\/12\/nouvelleplaquedimatriculationen2009carideal-1197270026-50x33.jpg 50w\" sizes=\"(max-width: 512px) 100vw, 512px\" \/><figcaption>Nouvelle plaque d'immatriculation<\/figcaption><\/figure>\n\n\n\n<p>A partir du 1er janvier 2009, l'immatriculation des voitures et leur plaques d'immatriculations vont radicalement changer. Les voitures seront immatricul\u00e9es \u00e0 vie avec le m\u00eame num\u00e9ro, m\u00eame en cas de changement de propri\u00e9taire. Le fichier des <a href=\"http:\/\/www.carideal.com\/blog\/2014\/05\/15\/la-carte-grise-delaissee-par-letat\/\">cartes grises<\/a> sera g\u00e9r\u00e9 en\u00a0 national et plus en local. Les plaques d'immatriculations n'auront donc plus aucun signe d'appartenance \u00e0 tel ou tel d\u00e9partement ou r\u00e9gion. <a href=\"http:\/\/www.carideal.com\/blog\/voiture-neuve-region\/\">Certaines r\u00e9gions<\/a> commencent \u00e0 r\u00e9agir en faisant voter des motions pour rajouter des signes distinctifs sur les plaques.<\/p>\n\n\n\n<p>Les proc\u00e9dures pour l'immatriculation des v\u00e9hicules sur le fond sont les m\u00eame avec les m\u00eames papiers \u00e0 fournir.<\/p>\n\n\n\n<p>Sur la forme nous aurons \u00e0 faire avec des formalit\u00e9s \u00e0 distances appel\u00e9s SIV. Les services des cartes grises en Pr\u00e9fecture vont fermer et il faudra avoir recours \u00e0 des professionnels licenci\u00e9s qui feront les d\u00e9marches administratives pour vous.<\/p>\n\n\n\n<h4 class=\"wp-block-heading\">Articles similaires<\/h4>\n\n\n\n\n\n<h3 class=\"wp-block-heading\">Fournir des copies de documents d'identit\u00e9<\/h3>\n\n\n\n<p>Envoyez une photocopie de votre permis de conduire avec votre formulaire de candidature pour prouver votre identit\u00e9.<\/p>\n\n\n\n<p>Si vous ne pouvez pas le faire, vous devez envoyer des photocopies d'un document prouvant votre nom et d'un autre document prouvant votre adresse.<\/p>\n\n\n\n<p>Parmi les documents que vous pouvez utiliser pour confirmer votre nom figurent<\/p>\n\n\n\n<ul class=\"wp-block-list\"><li>Passeport<\/li><li>certificat de mariage<\/li><li>certificat de naissance<\/li><li>le permis de conduire fran\u00e7ais actuel<\/li><li>Parmi les documents que vous pouvez utiliser pour confirmer votre adresse figurent<\/li><li>Une facture r\u00e9cente de services publics (au cours des trois derniers mois) - par exemple, gaz, \u00e9lectricit\u00e9, eau, t\u00e9l\u00e9phone fixe<\/li><li>Avis d'imposition<\/li><\/ul>\n\n\n\n<p>Pi\u00e8ces justificatives n\u00e9cessaires pour tous les v\u00e9hicules<br>En plus des documents prouvant votre identit\u00e9, vous devez \u00e9galement envoyer des documents :<\/p>\n","protected":false},"excerpt":{"rendered":"<p>Nouvelle l\u00e9gislation sur l&rsquo;immatriculation des voitures De nouvelles d&rsquo;immatriculation entreront en vigueur en 2009 A partir du 1er janvier 2009, l&rsquo;immatriculation des voitures et leur plaques d&rsquo;immatriculations vont radicalement changer. Les voitures seront immatricul\u00e9es \u00e0 vie avec le m\u00eame num\u00e9ro, m\u00eame en cas de changement de propri\u00e9taire. Le fichier des cartes grises sera g\u00e9r\u00e9 en\u00a0 &#8230; <a title=\"Nouvelle l\u00e9gislation sur l&rsquo;immatriculation des voitures\" class=\"read-more\" href=\"https:\/\/www.carideal.com\/blog\/2007\/12\/10\/nouvelle-legislation-sur-l-immatriculation-des-voitures\/\" aria-label=\"En savoir plus sur Nouvelle l\u00e9gislation sur l&rsquo;immatriculation des voitures\">Lire plus<\/a><\/p>\n","protected":false},"author":3,"featured_media":15163,"comment_status":"open","ping_status":"open","sticky":false,"template":"","format":"standard","meta":{"_uag_custom_page_level_css":"","_themeisle_gutenberg_block_has_review":false,"footnotes":""},"categories":[5962],"tags":[6227,1935],"class_list":["post-4577","post","type-post","status-publish","format-standard","has-post-thumbnail","hentry","category-legislation","tag-carte-grise","tag-plaques-d-immatriculation"],"wppr_data":{"cwp_meta_box_check":"No"},"yoast_head":"<!-- This site is optimized with the Yoast SEO plugin v24.8.1 - https:\/\/yoast.com\/wordpress\/plugins\/seo\/ -->\n<title>Nouvelle l\u00e9gislation sur l&#039;immatriculation des voitures - Blog auto Carid\u00e9al<\/title>\n<meta name=\"robots\" content=\"index, follow, max-snippet:-1, max-image-preview:large, max-video-preview:-1\" \/>\n<link rel=\"canonical\" href=\"https:\/\/www.carideal.com\/blog\/2007\/12\/10\/nouvelle-legislation-sur-l-immatriculation-des-voitures\/\" \/>\n<meta property=\"og:locale\" content=\"fr_FR\" \/>\n<meta property=\"og:type\" content=\"article\" \/>\n<meta property=\"og:title\" content=\"Nouvelle l\u00e9gislation sur l&#039;immatriculation des voitures - Blog auto Carid\u00e9al\" \/>\n<meta property=\"og:description\" content=\"Nouvelle l\u00e9gislation sur l&#039;immatriculation des voitures De nouvelles d&#039;immatriculation entreront en vigueur en 2009 A partir du 1er janvier 2009, l&#039;immatriculation des voitures et leur plaques d&#039;immatriculations vont radicalement changer. Les voitures seront immatricul\u00e9es \u00e0 vie avec le m\u00eame num\u00e9ro, m\u00eame en cas de changement de propri\u00e9taire. Le fichier des cartes grises sera g\u00e9r\u00e9 en\u00a0 ... Lire plus\" \/>\n<meta property=\"og:url\" content=\"https:\/\/www.carideal.com\/blog\/2007\/12\/10\/nouvelle-legislation-sur-l-immatriculation-des-voitures\/\" \/>\n<meta property=\"og:site_name\" content=\"Blog auto Carid\u00e9al\" \/>\n<meta property=\"article:publisher\" content=\"https:\/\/www.facebook.com\/Carideal.mandataire.automobile\" \/>\n<meta property=\"article:author\" content=\"https:\/\/www.facebook.com\/nicolas.schiavon.39\" \/>\n<meta property=\"article:published_time\" content=\"2007-12-10T00:00:00+00:00\" \/>\n<meta property=\"article:modified_time\" content=\"2020-10-04T15:57:17+00:00\" \/>\n<meta property=\"og:image\" content=\"https:\/\/www.carideal.com\/blog\/wp-content\/uploads\/2007\/12\/nouvelleplaquedimatriculationen2009carideal-1197270026.jpg\" \/>\n\t<meta property=\"og:image:width\" content=\"512\" \/>\n\t<meta property=\"og:image:height\" content=\"341\" \/>\n\t<meta property=\"og:image:type\" content=\"image\/jpeg\" \/>\n<meta name=\"author\" content=\"Nicolas SCHIAVON\" \/>\n<meta name=\"twitter:card\" content=\"summary_large_image\" \/>\n<meta name=\"twitter:creator\" content=\"@caridealauto\" \/>\n<meta name=\"twitter:site\" content=\"@caridealauto\" \/>\n<meta name=\"twitter:label1\" content=\"\u00c9crit par\" \/>\n\t<meta name=\"twitter:data1\" content=\"Nicolas SCHIAVON\" \/>\n\t<meta name=\"twitter:label2\" content=\"Dur\u00e9e de lecture estim\u00e9e\" \/>\n\t<meta name=\"twitter:data2\" content=\"1 minute\" \/>\n<script type=\"application\/ld+json\" class=\"yoast-schema-graph\">{\"@context\":\"https:\/\/schema.org\",\"@graph\":[{\"@type\":\"Article\",\"@id\":\"https:\/\/www.carideal.com\/blog\/2007\/12\/10\/nouvelle-legislation-sur-l-immatriculation-des-voitures\/#article\",\"isPartOf\":{\"@id\":\"https:\/\/www.carideal.com\/blog\/2007\/12\/10\/nouvelle-legislation-sur-l-immatriculation-des-voitures\/\"},\"author\":{\"name\":\"Nicolas SCHIAVON\",\"@id\":\"https:\/\/www.carideal.com\/blog\/#\/schema\/person\/cd95dc7919660de90d31b366f85be1ec\"},\"headline\":\"Nouvelle l\u00e9gislation sur l&rsquo;immatriculation des voitures\",\"datePublished\":\"2007-12-10T00:00:00+00:00\",\"dateModified\":\"2020-10-04T15:57:17+00:00\",\"mainEntityOfPage\":{\"@id\":\"https:\/\/www.carideal.com\/blog\/2007\/12\/10\/nouvelle-legislation-sur-l-immatriculation-des-voitures\/\"},\"wordCount\":306,\"commentCount\":0,\"publisher\":{\"@id\":\"https:\/\/www.carideal.com\/blog\/#organization\"},\"image\":{\"@id\":\"https:\/\/www.carideal.com\/blog\/2007\/12\/10\/nouvelle-legislation-sur-l-immatriculation-des-voitures\/#primaryimage\"},\"thumbnailUrl\":\"https:\/\/www.carideal.com\/blog\/wp-content\/uploads\/2007\/12\/nouvelleplaquedimatriculationen2009carideal-1197270026.jpg\",\"keywords\":[\"Carte Grise\",\"plaques d immatriculation\"],\"articleSection\":[\"L\u00e9gislation Automobile\"],\"inLanguage\":\"fr-FR\",\"potentialAction\":[{\"@type\":\"CommentAction\",\"name\":\"Comment\",\"target\":[\"https:\/\/www.carideal.com\/blog\/2007\/12\/10\/nouvelle-legislation-sur-l-immatriculation-des-voitures\/#respond\"]}]},{\"@type\":\"WebPage\",\"@id\":\"https:\/\/www.carideal.com\/blog\/2007\/12\/10\/nouvelle-legislation-sur-l-immatriculation-des-voitures\/\",\"url\":\"https:\/\/www.carideal.com\/blog\/2007\/12\/10\/nouvelle-legislation-sur-l-immatriculation-des-voitures\/\",\"name\":\"Nouvelle l\u00e9gislation sur l'immatriculation des voitures - Blog auto Carid\u00e9al\",\"isPartOf\":{\"@id\":\"https:\/\/www.carideal.com\/blog\/#website\"},\"primaryImageOfPage\":{\"@id\":\"https:\/\/www.carideal.com\/blog\/2007\/12\/10\/nouvelle-legislation-sur-l-immatriculation-des-voitures\/#primaryimage\"},\"image\":{\"@id\":\"https:\/\/www.carideal.com\/blog\/2007\/12\/10\/nouvelle-legislation-sur-l-immatriculation-des-voitures\/#primaryimage\"},\"thumbnailUrl\":\"https:\/\/www.carideal.com\/blog\/wp-content\/uploads\/2007\/12\/nouvelleplaquedimatriculationen2009carideal-1197270026.jpg\",\"datePublished\":\"2007-12-10T00:00:00+00:00\",\"dateModified\":\"2020-10-04T15:57:17+00:00\",\"breadcrumb\":{\"@id\":\"https:\/\/www.carideal.com\/blog\/2007\/12\/10\/nouvelle-legislation-sur-l-immatriculation-des-voitures\/#breadcrumb\"},\"inLanguage\":\"fr-FR\",\"potentialAction\":[{\"@type\":\"ReadAction\",\"target\":[\"https:\/\/www.carideal.com\/blog\/2007\/12\/10\/nouvelle-legislation-sur-l-immatriculation-des-voitures\/\"]}]},{\"@type\":\"ImageObject\",\"inLanguage\":\"fr-FR\",\"@id\":\"https:\/\/www.carideal.com\/blog\/2007\/12\/10\/nouvelle-legislation-sur-l-immatriculation-des-voitures\/#primaryimage\",\"url\":\"https:\/\/www.carideal.com\/blog\/wp-content\/uploads\/2007\/12\/nouvelleplaquedimatriculationen2009carideal-1197270026.jpg\",\"contentUrl\":\"https:\/\/www.carideal.com\/blog\/wp-content\/uploads\/2007\/12\/nouvelleplaquedimatriculationen2009carideal-1197270026.jpg\",\"width\":512,\"height\":341,\"caption\":\"Nouvelle plaque d'immatriculation\"},{\"@type\":\"BreadcrumbList\",\"@id\":\"https:\/\/www.carideal.com\/blog\/2007\/12\/10\/nouvelle-legislation-sur-l-immatriculation-des-voitures\/#breadcrumb\",\"itemListElement\":[{\"@type\":\"ListItem\",\"position\":1,\"name\":\"Blog Carid\u00e9al\",\"item\":\"https:\/\/www.carideal.com\/blog\/\"},{\"@type\":\"ListItem\",\"position\":2,\"name\":\"Divers\",\"item\":\"https:\/\/www.carideal.com\/blog\/divers\/\"},{\"@type\":\"ListItem\",\"position\":3,\"name\":\"L\u00e9gislation Automobile\",\"item\":\"https:\/\/www.carideal.com\/blog\/divers\/legislation\/\"},{\"@type\":\"ListItem\",\"position\":4,\"name\":\"Nouvelle l\u00e9gislation sur l&rsquo;immatriculation des voitures\"}]},{\"@type\":\"WebSite\",\"@id\":\"https:\/\/www.carideal.com\/blog\/#website\",\"url\":\"https:\/\/www.carideal.com\/blog\/\",\"name\":\"Blog auto Carid\u00e9al\",\"description\":\"Actualit\u00e9 auto par des passionn\u00e9s\",\"publisher\":{\"@id\":\"https:\/\/www.carideal.com\/blog\/#organization\"},\"potentialAction\":[{\"@type\":\"SearchAction\",\"target\":{\"@type\":\"EntryPoint\",\"urlTemplate\":\"https:\/\/www.carideal.com\/blog\/?s={search_term_string}\"},\"query-input\":{\"@type\":\"PropertyValueSpecification\",\"valueRequired\":true,\"valueName\":\"search_term_string\"}}],\"inLanguage\":\"fr-FR\"},{\"@type\":\"Organization\",\"@id\":\"https:\/\/www.carideal.com\/blog\/#organization\",\"name\":\"Carideal\",\"url\":\"https:\/\/www.carideal.com\/blog\/\",\"logo\":{\"@type\":\"ImageObject\",\"inLanguage\":\"fr-FR\",\"@id\":\"https:\/\/www.carideal.com\/blog\/#\/schema\/logo\/image\/\",\"url\":\"http:\/\/www.carideal.com\/blog\/wp-content\/uploads\/2016\/03\/logo-carideal-mandataire-automobile.png\",\"contentUrl\":\"http:\/\/www.carideal.com\/blog\/wp-content\/uploads\/2016\/03\/logo-carideal-mandataire-automobile.png\",\"width\":300,\"height\":300,\"caption\":\"Carideal\"},\"image\":{\"@id\":\"https:\/\/www.carideal.com\/blog\/#\/schema\/logo\/image\/\"},\"sameAs\":[\"https:\/\/www.facebook.com\/Carideal.mandataire.automobile\",\"https:\/\/x.com\/caridealauto\",\"https:\/\/www.instagram.com\/carideal1\/\",\"https:\/\/www.linkedin.com\/company\/carideal.com\",\"https:\/\/fr.pinterest.com\/schiavonsas\/\",\"https:\/\/www.youtube.com\/user\/caridealsas\"]},{\"@type\":\"Person\",\"@id\":\"https:\/\/www.carideal.com\/blog\/#\/schema\/person\/cd95dc7919660de90d31b366f85be1ec\",\"name\":\"Nicolas SCHIAVON\",\"image\":{\"@type\":\"ImageObject\",\"inLanguage\":\"fr-FR\",\"@id\":\"https:\/\/www.carideal.com\/blog\/#\/schema\/person\/image\/\",\"url\":\"https:\/\/secure.gravatar.com\/avatar\/c17e55009e671d92cc7f5dc837dc418a?s=96&r=g\",\"contentUrl\":\"https:\/\/secure.gravatar.com\/avatar\/c17e55009e671d92cc7f5dc837dc418a?s=96&r=g\",\"caption\":\"Nicolas SCHIAVON\"},\"description\":\"Nicolas Schiavon est tomb\u00e9 tout petit dans la marmite automobile. Ayant eu un garage de marque automobile, mandataire automobile de la premi\u00e8re heure d\u00e8s 1999. Nicolas a cr\u00e9\u00e9 ces premiers sites de vente de voiture et blog automobile d\u00e8s 1994. Carideal est n\u00e9 le 15 d\u00e9cembre 2000 de la volont\u00e9 de vendre des voitures d'occasions en ligne puis des voitures neuves. Il a pu essayer beaucoup de voitures tr\u00e8s diff\u00e9rentes et ayant eu personnellement quelques belles autos, Subaru Impreza, Mitsubishi Lancer Evo 7, Porsche 911, Ferrari Testarrossa, Audi RS3, RS4 et j'en passe...\",\"sameAs\":[\"http:\/\/www.carideal.com\",\"https:\/\/www.facebook.com\/nicolas.schiavon.39\",\"https:\/\/www.instagram.com\/carideal1\/\",\"https:\/\/www.linkedin.com\/in\/nschiavon\/\",\"https:\/\/x.com\/caridealauto\",\"https:\/\/www.youtube.com\/user\/caridealsas\/\"],\"url\":\"https:\/\/www.carideal.com\/blog\/author\/nschiavon\/\"}]}<\/script>\n<!-- \/ Yoast SEO plugin. -->","yoast_head_json":{"title":"Nouvelle l\u00e9gislation sur l'immatriculation des voitures - Blog auto Carid\u00e9al","robots":{"index":"index","follow":"follow","max-snippet":"max-snippet:-1","max-image-preview":"max-image-preview:large","max-video-preview":"max-video-preview:-1"},"canonical":"https:\/\/www.carideal.com\/blog\/2007\/12\/10\/nouvelle-legislation-sur-l-immatriculation-des-voitures\/","og_locale":"fr_FR","og_type":"article","og_title":"Nouvelle l\u00e9gislation sur l'immatriculation des voitures - Blog auto Carid\u00e9al","og_description":"Nouvelle l\u00e9gislation sur l'immatriculation des voitures De nouvelles d'immatriculation entreront en vigueur en 2009 A partir du 1er janvier 2009, l'immatriculation des voitures et leur plaques d'immatriculations vont radicalement changer. Les voitures seront immatricul\u00e9es \u00e0 vie avec le m\u00eame num\u00e9ro, m\u00eame en cas de changement de propri\u00e9taire. Le fichier des cartes grises sera g\u00e9r\u00e9 en\u00a0 ... Lire plus","og_url":"https:\/\/www.carideal.com\/blog\/2007\/12\/10\/nouvelle-legislation-sur-l-immatriculation-des-voitures\/","og_site_name":"Blog auto Carid\u00e9al","article_publisher":"https:\/\/www.facebook.com\/Carideal.mandataire.automobile","article_author":"https:\/\/www.facebook.com\/nicolas.schiavon.39","article_published_time":"2007-12-10T00:00:00+00:00","article_modified_time":"2020-10-04T15:57:17+00:00","og_image":[{"width":512,"height":341,"url":"https:\/\/www.carideal.com\/blog\/wp-content\/uploads\/2007\/12\/nouvelleplaquedimatriculationen2009carideal-1197270026.jpg","type":"image\/jpeg"}],"author":"Nicolas SCHIAVON","twitter_card":"summary_large_image","twitter_creator":"@caridealauto","twitter_site":"@caridealauto","twitter_misc":{"\u00c9crit par":"Nicolas SCHIAVON","Dur\u00e9e de lecture estim\u00e9e":"1 minute"},"schema":{"@context":"https:\/\/schema.org","@graph":[{"@type":"Article","@id":"https:\/\/www.carideal.com\/blog\/2007\/12\/10\/nouvelle-legislation-sur-l-immatriculation-des-voitures\/#article","isPartOf":{"@id":"https:\/\/www.carideal.com\/blog\/2007\/12\/10\/nouvelle-legislation-sur-l-immatriculation-des-voitures\/"},"author":{"name":"Nicolas SCHIAVON","@id":"https:\/\/www.carideal.com\/blog\/#\/schema\/person\/cd95dc7919660de90d31b366f85be1ec"},"headline":"Nouvelle l\u00e9gislation sur l&rsquo;immatriculation des voitures","datePublished":"2007-12-10T00:00:00+00:00","dateModified":"2020-10-04T15:57:17+00:00","mainEntityOfPage":{"@id":"https:\/\/www.carideal.com\/blog\/2007\/12\/10\/nouvelle-legislation-sur-l-immatriculation-des-voitures\/"},"wordCount":306,"commentCount":0,"publisher":{"@id":"https:\/\/www.carideal.com\/blog\/#organization"},"image":{"@id":"https:\/\/www.carideal.com\/blog\/2007\/12\/10\/nouvelle-legislation-sur-l-immatriculation-des-voitures\/#primaryimage"},"thumbnailUrl":"https:\/\/www.carideal.com\/blog\/wp-content\/uploads\/2007\/12\/nouvelleplaquedimatriculationen2009carideal-1197270026.jpg","keywords":["Carte Grise","plaques d immatriculation"],"articleSection":["L\u00e9gislation Automobile"],"inLanguage":"fr-FR","potentialAction":[{"@type":"CommentAction","name":"Comment","target":["https:\/\/www.carideal.com\/blog\/2007\/12\/10\/nouvelle-legislation-sur-l-immatriculation-des-voitures\/#respond"]}]},{"@type":"WebPage","@id":"https:\/\/www.carideal.com\/blog\/2007\/12\/10\/nouvelle-legislation-sur-l-immatriculation-des-voitures\/","url":"https:\/\/www.carideal.com\/blog\/2007\/12\/10\/nouvelle-legislation-sur-l-immatriculation-des-voitures\/","name":"Nouvelle l\u00e9gislation sur l'immatriculation des voitures - Blog auto Carid\u00e9al","isPartOf":{"@id":"https:\/\/www.carideal.com\/blog\/#website"},"primaryImageOfPage":{"@id":"https:\/\/www.carideal.com\/blog\/2007\/12\/10\/nouvelle-legislation-sur-l-immatriculation-des-voitures\/#primaryimage"},"image":{"@id":"https:\/\/www.carideal.com\/blog\/2007\/12\/10\/nouvelle-legislation-sur-l-immatriculation-des-voitures\/#primaryimage"},"thumbnailUrl":"https:\/\/www.carideal.com\/blog\/wp-content\/uploads\/2007\/12\/nouvelleplaquedimatriculationen2009carideal-1197270026.jpg","datePublished":"2007-12-10T00:00:00+00:00","dateModified":"2020-10-04T15:57:17+00:00","breadcrumb":{"@id":"https:\/\/www.carideal.com\/blog\/2007\/12\/10\/nouvelle-legislation-sur-l-immatriculation-des-voitures\/#breadcrumb"},"inLanguage":"fr-FR","potentialAction":[{"@type":"ReadAction","target":["https:\/\/www.carideal.com\/blog\/2007\/12\/10\/nouvelle-legislation-sur-l-immatriculation-des-voitures\/"]}]},{"@type":"ImageObject","inLanguage":"fr-FR","@id":"https:\/\/www.carideal.com\/blog\/2007\/12\/10\/nouvelle-legislation-sur-l-immatriculation-des-voitures\/#primaryimage","url":"https:\/\/www.carideal.com\/blog\/wp-content\/uploads\/2007\/12\/nouvelleplaquedimatriculationen2009carideal-1197270026.jpg","contentUrl":"https:\/\/www.carideal.com\/blog\/wp-content\/uploads\/2007\/12\/nouvelleplaquedimatriculationen2009carideal-1197270026.jpg","width":512,"height":341,"caption":"Nouvelle plaque d'immatriculation"},{"@type":"BreadcrumbList","@id":"https:\/\/www.carideal.com\/blog\/2007\/12\/10\/nouvelle-legislation-sur-l-immatriculation-des-voitures\/#breadcrumb","itemListElement":[{"@type":"ListItem","position":1,"name":"Blog Carid\u00e9al","item":"https:\/\/www.carideal.com\/blog\/"},{"@type":"ListItem","position":2,"name":"Divers","item":"https:\/\/www.carideal.com\/blog\/divers\/"},{"@type":"ListItem","position":3,"name":"L\u00e9gislation Automobile","item":"https:\/\/www.carideal.com\/blog\/divers\/legislation\/"},{"@type":"ListItem","position":4,"name":"Nouvelle l\u00e9gislation sur l&rsquo;immatriculation des voitures"}]},{"@type":"WebSite","@id":"https:\/\/www.carideal.com\/blog\/#website","url":"https:\/\/www.carideal.com\/blog\/","name":"Blog auto Carid\u00e9al","description":"Actualit\u00e9 auto par des passionn\u00e9s","publisher":{"@id":"https:\/\/www.carideal.com\/blog\/#organization"},"potentialAction":[{"@type":"SearchAction","target":{"@type":"EntryPoint","urlTemplate":"https:\/\/www.carideal.com\/blog\/?s={search_term_string}"},"query-input":{"@type":"PropertyValueSpecification","valueRequired":true,"valueName":"search_term_string"}}],"inLanguage":"fr-FR"},{"@type":"Organization","@id":"https:\/\/www.carideal.com\/blog\/#organization","name":"Carideal","url":"https:\/\/www.carideal.com\/blog\/","logo":{"@type":"ImageObject","inLanguage":"fr-FR","@id":"https:\/\/www.carideal.com\/blog\/#\/schema\/logo\/image\/","url":"http:\/\/www.carideal.com\/blog\/wp-content\/uploads\/2016\/03\/logo-carideal-mandataire-automobile.png","contentUrl":"http:\/\/www.carideal.com\/blog\/wp-content\/uploads\/2016\/03\/logo-carideal-mandataire-automobile.png","width":300,"height":300,"caption":"Carideal"},"image":{"@id":"https:\/\/www.carideal.com\/blog\/#\/schema\/logo\/image\/"},"sameAs":["https:\/\/www.facebook.com\/Carideal.mandataire.automobile","https:\/\/x.com\/caridealauto","https:\/\/www.instagram.com\/carideal1\/","https:\/\/www.linkedin.com\/company\/carideal.com","https:\/\/fr.pinterest.com\/schiavonsas\/","https:\/\/www.youtube.com\/user\/caridealsas"]},{"@type":"Person","@id":"https:\/\/www.carideal.com\/blog\/#\/schema\/person\/cd95dc7919660de90d31b366f85be1ec","name":"Nicolas SCHIAVON","image":{"@type":"ImageObject","inLanguage":"fr-FR","@id":"https:\/\/www.carideal.com\/blog\/#\/schema\/person\/image\/","url":"https:\/\/secure.gravatar.com\/avatar\/c17e55009e671d92cc7f5dc837dc418a?s=96&r=g","contentUrl":"https:\/\/secure.gravatar.com\/avatar\/c17e55009e671d92cc7f5dc837dc418a?s=96&r=g","caption":"Nicolas SCHIAVON"},"description":"Nicolas Schiavon est tomb\u00e9 tout petit dans la marmite automobile. Ayant eu un garage de marque automobile, mandataire automobile de la premi\u00e8re heure d\u00e8s 1999. Nicolas a cr\u00e9\u00e9 ces premiers sites de vente de voiture et blog automobile d\u00e8s 1994. Carideal est n\u00e9 le 15 d\u00e9cembre 2000 de la volont\u00e9 de vendre des voitures d'occasions en ligne puis des voitures neuves. Il a pu essayer beaucoup de voitures tr\u00e8s diff\u00e9rentes et ayant eu personnellement quelques belles autos, Subaru Impreza, Mitsubishi Lancer Evo 7, Porsche 911, Ferrari Testarrossa, Audi RS3, RS4 et j'en passe...","sameAs":["http:\/\/www.carideal.com","https:\/\/www.facebook.com\/nicolas.schiavon.39","https:\/\/www.instagram.com\/carideal1\/","https:\/\/www.linkedin.com\/in\/nschiavon\/","https:\/\/x.com\/caridealauto","https:\/\/www.youtube.com\/user\/caridealsas\/"],"url":"https:\/\/www.carideal.com\/blog\/author\/nschiavon\/"}]}},"uagb_featured_image_src":{"full":["https:\/\/www.carideal.com\/blog\/wp-content\/uploads\/2007\/12\/nouvelleplaquedimatriculationen2009carideal-1197270026.jpg",512,341,false],"thumbnail":["https:\/\/www.carideal.com\/blog\/wp-content\/uploads\/2007\/12\/nouvelleplaquedimatriculationen2009carideal-1197270026-150x150.jpg",150,150,true],"medium":["https:\/\/www.carideal.com\/blog\/wp-content\/uploads\/2007\/12\/nouvelleplaquedimatriculationen2009carideal-1197270026-300x200.jpg",300,200,true],"medium_large":["https:\/\/www.carideal.com\/blog\/wp-content\/uploads\/2007\/12\/nouvelleplaquedimatriculationen2009carideal-1197270026.jpg",512,341,false],"large":["https:\/\/www.carideal.com\/blog\/wp-content\/uploads\/2007\/12\/nouvelleplaquedimatriculationen2009carideal-1197270026.jpg",512,341,false],"1536x1536":["https:\/\/www.carideal.com\/blog\/wp-content\/uploads\/2007\/12\/nouvelleplaquedimatriculationen2009carideal-1197270026.jpg",512,341,false],"2048x2048":["https:\/\/www.carideal.com\/blog\/wp-content\/uploads\/2007\/12\/nouvelleplaquedimatriculationen2009carideal-1197270026.jpg",512,341,false],"wppr-widget":["https:\/\/www.carideal.com\/blog\/wp-content\/uploads\/2007\/12\/nouvelleplaquedimatriculationen2009carideal-1197270026.jpg",50,33,false]},"uagb_author_info":{"display_name":"Nicolas SCHIAVON","author_link":"https:\/\/www.carideal.com\/blog\/author\/nschiavon\/"},"uagb_comment_info":0,"uagb_excerpt":"Nouvelle l\u00e9gislation sur l'immatriculation des voitures De nouvelles d'immatriculation entreront en vigueur en 2009 A partir du 1er janvier 2009, l'immatriculation des voitures et leur plaques d'immatriculations vont radicalement changer. Les voitures seront immatricul\u00e9es \u00e0 vie avec le m\u00eame num\u00e9ro, m\u00eame en cas de changement de propri\u00e9taire. Le fichier des cartes grises sera g\u00e9r\u00e9 en\u00a0\u2026","_links":{"self":[{"href":"https:\/\/www.carideal.com\/blog\/wp-json\/wp\/v2\/posts\/4577"}],"collection":[{"href":"https:\/\/www.carideal.com\/blog\/wp-json\/wp\/v2\/posts"}],"about":[{"href":"https:\/\/www.carideal.com\/blog\/wp-json\/wp\/v2\/types\/post"}],"author":[{"embeddable":true,"href":"https:\/\/www.carideal.com\/blog\/wp-json\/wp\/v2\/users\/3"}],"replies":[{"embeddable":true,"href":"https:\/\/www.carideal.com\/blog\/wp-json\/wp\/v2\/comments?post=4577"}],"version-history":[{"count":0,"href":"https:\/\/www.carideal.com\/blog\/wp-json\/wp\/v2\/posts\/4577\/revisions"}],"wp:featuredmedia":[{"embeddable":true,"href":"https:\/\/www.carideal.com\/blog\/wp-json\/wp\/v2\/media\/15163"}],"wp:attachment":[{"href":"https:\/\/www.carideal.com\/blog\/wp-json\/wp\/v2\/media?parent=4577"}],"wp:term":[{"taxonomy":"category","embeddable":true,"href":"https:\/\/www.carideal.com\/blog\/wp-json\/wp\/v2\/categories?post=4577"},{"taxonomy":"post_tag","embeddable":true,"href":"https:\/\/www.carideal.com\/blog\/wp-json\/wp\/v2\/tags?post=4577"}],"curies":[{"name":"wp","href":"https:\/\/api.w.org\/{rel}","templated":true}]}}