{"id":4574,"date":"2007-12-10T00:00:00","date_gmt":"2007-12-10T00:00:00","guid":{"rendered":"http:\/\/www.carideal.com\/blog\/2007\/12\/10\/la-baisse-des-vitesses-explique-t-elle-les-bons-resultats-de-la-securite-routieres\/"},"modified":"2023-08-25T10:59:03","modified_gmt":"2023-08-25T08:59:03","slug":"la-baisse-des-vitesses-explique-t-elle-les-bons-resultats-de-la-securite-routieres","status":"publish","type":"post","link":"https:\/\/www.carideal.com\/blog\/2007\/12\/10\/la-baisse-des-vitesses-explique-t-elle-les-bons-resultats-de-la-securite-routieres\/","title":{"rendered":"La baisse des vitesses explique-t-elle les r\u00e9sultats de la s\u00e9curit\u00e9 routi\u00e8re ?"},"content":{"rendered":"\n<h2 class=\"wp-block-heading\">La baisse des vitesses explique-t-elle les r\u00e9sultats de la s\u00e9curit\u00e9 routi\u00e8re ?<\/h2>\n\n\n\n<p>Les automobilistes continuent \u00e0 subir une tr\u00e8s forte pression de r\u00e9pression malgr\u00e9 l'am\u00e9lioration de leur comportement. Effectivement, les sanctions ont augment\u00e9 de 8% depuis 1 an, les contr\u00f4les sont trop stricts, les exc\u00e8s de vitesses commis par 90 % des automobilistes sont inf\u00e9rieurs \u00e0 10 km\/h et dans des zones non accidentog\u00e8nes.<\/p>\n\n\n\n<h2 class=\"wp-block-heading\">Bilan S\u00e9curit\u00e9 Routi\u00e8re 2007 : Un paradoxe entre mortalit\u00e9 et accidents<\/h2>\n\n\n\n<h3 class=\"wp-block-heading\">Une baisse de mortalit\u00e9 encourageante<\/h3>\n\n\n\n<p>Le bilan S\u00e9curit\u00e9 Routi\u00e8re 2007 montre une baisse de 2% de mortalit\u00e9 sur les routes, avec un total de 4 615 personnes tu\u00e9es. Cette diminution marque la sixi\u00e8me ann\u00e9e cons\u00e9cutive de baisse, soit une r\u00e9duction d'environ 40% en cinq ans. Un progr\u00e8s ind\u00e9niable, mais quelle est la situation pour les autres usagers de la route ?<\/p>\n\n\n\n<h3 class=\"wp-block-heading\">Les conducteurs et passagers des v\u00e9hicules l\u00e9gers privil\u00e9gi\u00e9s<\/h3>\n\n\n\n<p>La baisse de la mortalit\u00e9 concerne principalement les conducteurs et passagers des v\u00e9hicules l\u00e9gers. Toutefois, les pi\u00e9tons et les usagers des deux-roues motoris\u00e9s ne b\u00e9n\u00e9ficient pas de la m\u00eame am\u00e9lioration. Pourquoi ces cat\u00e9gories d'usagers sont-elles laiss\u00e9es pour compte ?<\/p>\n\n\n\n<h3 class=\"wp-block-heading\">Inversion de tendance pour les accidents corporels<\/h3>\n\n\n\n<p>Malgr\u00e9 la diminution du nombre de tu\u00e9s, le nombre d'accidents corporels a augment\u00e9 de 1,3% en 2007, avec 81 378 accidents recens\u00e9s. De plus, le nombre de personnes bless\u00e9es a connu une hausse de 2,4%, soit 104 601 individus bless\u00e9s. Comment expliquer cette inversion de tendance ?<\/p>\n\n\n\n<figure class=\"wp-block-table is-style-stripes\"><table><tbody><tr><th>Bilan de l'ann\u00e9e<\/th><th><strong>Accidents corporels<\/strong><\/th><th><strong>Personnes tu\u00e9es&nbsp;<\/strong><strong>\u00e0 trente jours<\/strong><\/th><th><strong>Total&nbsp;<\/strong><strong>bless\u00e9s<\/strong><\/th><th><strong>dont bless\u00e9s&nbsp;<\/strong><strong>hospitalis\u00e9s<\/strong><\/th><\/tr><tr><td>2007<\/td><td>81 378<\/td><td>4 615<\/td><td>104 601<\/td><td>40 045<\/td><\/tr><tr><td><strong>2006<a href=\"http:\/\/www.lerepairedesmotards.com\/actualites\/2008\/actu_080114-securite-routiere-bilan-2007.php#_ftn1\"><\/a><\/strong><\/td><td>80 309<\/td><td>4 709<\/td><td>102 125<\/td><td>40 662<\/td><\/tr><tr><td><strong>Diff\u00e9rence 2007 \/ 2006<\/strong><\/td><td>+ 1 069<\/td><td>\u2013 94<\/td><td>+ 2 476<\/td><td>\u2013 617<\/td><\/tr><tr><td><strong>Evolution 2007 \/ 2006<\/strong><\/td><td>+ 1,3 %<\/td><td>\u2013 2,0 %<\/td><td>+ 2,4 %<\/td><td>\u2013 1,5 %<\/td><\/tr><\/tbody><\/table><\/figure>\n\n\n\n<h3 class=\"wp-block-heading\">La vitesse limit\u00e9e : une solution insuffisante<\/h3>\n\n\n\n<p>La r\u00e9duction de la vitesse limite a entra\u00een\u00e9 une diminution de la gravit\u00e9 des accidents, mais n'a pas permis de limiter leur nombre. En effet, si les Fran\u00e7ais roulent moins vite, ils ne conduisent pas forc\u00e9ment mieux. Alors, quelles sont les cons\u00e9quences de cette situation sur les mesures gouvernementales ?<\/p>\n\n\n\n<h4 class=\"wp-block-heading\">Lectures suppl\u00e9mentaires<\/h4>\n\n\n\n<ul class=\"wp-block-list\">\n<li><a href=\"http:\/\/www.carideal.com\/blog\/2013\/03\/28\/securite-routiere-les-progres-continuent\/\">S\u00e9curit\u00e9 routi\u00e8re les progr\u00e8s continuent<\/a><\/li>\n\n\n\n<li><a href=\"http:\/\/www.carideal.com\/blog\/2013\/01\/20\/securite-routiere\/\">S\u00e9curit\u00e9 routi\u00e8re 2012 : les chiffres<\/a><\/li>\n\n\n\n<li><a href=\"http:\/\/www.carideal.com\/blog\/2011\/05\/18\/securite-routiere-140-kmh-en-espagne\/\">S\u00e9curite routiere : 140 kmh en Espagne ?<\/a><\/li>\n<\/ul>\n\n\n\n<h3 class=\"wp-block-heading\">De nouvelles mesures r\u00e9pressives envisag\u00e9es<\/h3>\n\n\n\n<p>Face \u00e0 ces chiffres contrast\u00e9s, le gouvernement envisage de prendre de nouvelles mesures r\u00e9torsives et de r\u00e9pression pour lutter contre l'ins\u00e9curit\u00e9 routi\u00e8re. Quelles pourraient \u00eatre ces mesures et comment les usagers de la route pourraient-ils les accueillir ?<\/p>\n\n\n\n<p>En somme, le bilan S\u00e9curit\u00e9 Routi\u00e8re 2007 pr\u00e9sente un paradoxe entre la baisse de mortalit\u00e9 et l'augmentation des accidents corporels et du nombre de bless\u00e9s. La prise de conscience collective et l'adaptation des comportements au volant sont indispensables pour garantir la s\u00e9curit\u00e9 de tous les usagers de la route.<\/p>\n","protected":false},"excerpt":{"rendered":"<p>La baisse des vitesses explique-t-elle les r\u00e9sultats de la s\u00e9curit\u00e9 routi\u00e8re ? Les automobilistes continuent \u00e0 subir une tr\u00e8s forte pression de r\u00e9pression malgr\u00e9 l&rsquo;am\u00e9lioration de leur comportement. Effectivement, les sanctions ont augment\u00e9 de 8% depuis 1 an, les contr\u00f4les sont trop stricts, les exc\u00e8s de vitesses commis par 90 % des automobilistes sont inf\u00e9rieurs &#8230; <a title=\"La baisse des vitesses explique-t-elle les r\u00e9sultats de la s\u00e9curit\u00e9 routi\u00e8re ?\" class=\"read-more\" href=\"https:\/\/www.carideal.com\/blog\/2007\/12\/10\/la-baisse-des-vitesses-explique-t-elle-les-bons-resultats-de-la-securite-routieres\/\" aria-label=\"En savoir plus sur La baisse des vitesses explique-t-elle les r\u00e9sultats de la s\u00e9curit\u00e9 routi\u00e8re ?\">Lire plus<\/a><\/p>\n","protected":false},"author":3,"featured_media":27065,"comment_status":"open","ping_status":"open","sticky":false,"template":"","format":"standard","meta":{"_uag_custom_page_level_css":"","_themeisle_gutenberg_block_has_review":false,"footnotes":""},"categories":[21,15],"tags":[1233],"class_list":["post-4574","post","type-post","status-publish","format-standard","has-post-thumbnail","hentry","category-actualites-auto","category-radar-et-securite-routiere","tag-accident"],"wppr_data":{"cwp_meta_box_check":"No"},"yoast_head":"<!-- This site is optimized with the Yoast SEO plugin v24.8.1 - https:\/\/yoast.com\/wordpress\/plugins\/seo\/ -->\n<title>La baisse des vitesses explique-t-elle les r\u00e9sultats de la s\u00e9curit\u00e9 routi\u00e8re ? - Blog auto Carid\u00e9al<\/title>\n<meta name=\"description\" content=\"Les automobilistes continuent \u00e0 subir une tr\u00e8s forte pression de r\u00e9pression malgr\u00e9 l&#039;am\u00e9lioration de leur comportement.\" \/>\n<meta name=\"robots\" content=\"index, follow, max-snippet:-1, max-image-preview:large, max-video-preview:-1\" \/>\n<link rel=\"canonical\" href=\"https:\/\/www.carideal.com\/blog\/2007\/12\/10\/la-baisse-des-vitesses-explique-t-elle-les-bons-resultats-de-la-securite-routieres\/\" \/>\n<meta property=\"og:locale\" content=\"fr_FR\" \/>\n<meta property=\"og:type\" content=\"article\" \/>\n<meta property=\"og:title\" content=\"La baisse des vitesses explique-t-elle les r\u00e9sultats de la s\u00e9curit\u00e9 routi\u00e8re ? - Blog auto Carid\u00e9al\" \/>\n<meta property=\"og:description\" content=\"Les automobilistes continuent \u00e0 subir une tr\u00e8s forte pression de r\u00e9pression malgr\u00e9 l&#039;am\u00e9lioration de leur comportement.\" \/>\n<meta property=\"og:url\" content=\"https:\/\/www.carideal.com\/blog\/2007\/12\/10\/la-baisse-des-vitesses-explique-t-elle-les-bons-resultats-de-la-securite-routieres\/\" \/>\n<meta property=\"og:site_name\" content=\"Blog auto Carid\u00e9al\" \/>\n<meta property=\"article:publisher\" content=\"https:\/\/www.facebook.com\/Carideal.mandataire.automobile\" \/>\n<meta property=\"article:author\" content=\"https:\/\/www.facebook.com\/nicolas.schiavon.39\" \/>\n<meta property=\"article:published_time\" content=\"2007-12-10T00:00:00+00:00\" \/>\n<meta property=\"article:modified_time\" content=\"2023-08-25T08:59:03+00:00\" \/>\n<meta property=\"og:image\" content=\"https:\/\/www.carideal.com\/blog\/wp-content\/uploads\/2007\/12\/accidentdevoiturecarideal-1197268942.jpg\" \/>\n\t<meta property=\"og:image:width\" content=\"550\" \/>\n\t<meta property=\"og:image:height\" content=\"378\" \/>\n\t<meta property=\"og:image:type\" content=\"image\/jpeg\" \/>\n<meta name=\"author\" content=\"Nicolas SCHIAVON\" \/>\n<meta name=\"twitter:card\" content=\"summary_large_image\" \/>\n<meta name=\"twitter:creator\" content=\"@caridealauto\" \/>\n<meta name=\"twitter:site\" content=\"@caridealauto\" \/>\n<meta name=\"twitter:label1\" content=\"\u00c9crit par\" \/>\n\t<meta name=\"twitter:data1\" content=\"Nicolas SCHIAVON\" \/>\n\t<meta name=\"twitter:label2\" content=\"Dur\u00e9e de lecture estim\u00e9e\" \/>\n\t<meta name=\"twitter:data2\" content=\"3 minutes\" \/>\n<script type=\"application\/ld+json\" class=\"yoast-schema-graph\">{\"@context\":\"https:\/\/schema.org\",\"@graph\":[{\"@type\":\"Article\",\"@id\":\"https:\/\/www.carideal.com\/blog\/2007\/12\/10\/la-baisse-des-vitesses-explique-t-elle-les-bons-resultats-de-la-securite-routieres\/#article\",\"isPartOf\":{\"@id\":\"https:\/\/www.carideal.com\/blog\/2007\/12\/10\/la-baisse-des-vitesses-explique-t-elle-les-bons-resultats-de-la-securite-routieres\/\"},\"author\":{\"name\":\"Nicolas SCHIAVON\",\"@id\":\"https:\/\/www.carideal.com\/blog\/#\/schema\/person\/cd95dc7919660de90d31b366f85be1ec\"},\"headline\":\"La baisse des vitesses explique-t-elle les r\u00e9sultats de la s\u00e9curit\u00e9 routi\u00e8re ?\",\"datePublished\":\"2007-12-10T00:00:00+00:00\",\"dateModified\":\"2023-08-25T08:59:03+00:00\",\"mainEntityOfPage\":{\"@id\":\"https:\/\/www.carideal.com\/blog\/2007\/12\/10\/la-baisse-des-vitesses-explique-t-elle-les-bons-resultats-de-la-securite-routieres\/\"},\"wordCount\":476,\"commentCount\":0,\"publisher\":{\"@id\":\"https:\/\/www.carideal.com\/blog\/#organization\"},\"image\":{\"@id\":\"https:\/\/www.carideal.com\/blog\/2007\/12\/10\/la-baisse-des-vitesses-explique-t-elle-les-bons-resultats-de-la-securite-routieres\/#primaryimage\"},\"thumbnailUrl\":\"https:\/\/www.carideal.com\/blog\/wp-content\/uploads\/2007\/12\/accidentdevoiturecarideal-1197268942.jpg\",\"keywords\":[\"Accident de Voiture\"],\"articleSection\":[\"Actualit\u00e9 automobile\",\"Radar et s\u00e9curit\u00e9 routi\u00e8re\"],\"inLanguage\":\"fr-FR\",\"potentialAction\":[{\"@type\":\"CommentAction\",\"name\":\"Comment\",\"target\":[\"https:\/\/www.carideal.com\/blog\/2007\/12\/10\/la-baisse-des-vitesses-explique-t-elle-les-bons-resultats-de-la-securite-routieres\/#respond\"]}]},{\"@type\":\"WebPage\",\"@id\":\"https:\/\/www.carideal.com\/blog\/2007\/12\/10\/la-baisse-des-vitesses-explique-t-elle-les-bons-resultats-de-la-securite-routieres\/\",\"url\":\"https:\/\/www.carideal.com\/blog\/2007\/12\/10\/la-baisse-des-vitesses-explique-t-elle-les-bons-resultats-de-la-securite-routieres\/\",\"name\":\"La baisse des vitesses explique-t-elle les r\u00e9sultats de la s\u00e9curit\u00e9 routi\u00e8re ? - Blog auto Carid\u00e9al\",\"isPartOf\":{\"@id\":\"https:\/\/www.carideal.com\/blog\/#website\"},\"primaryImageOfPage\":{\"@id\":\"https:\/\/www.carideal.com\/blog\/2007\/12\/10\/la-baisse-des-vitesses-explique-t-elle-les-bons-resultats-de-la-securite-routieres\/#primaryimage\"},\"image\":{\"@id\":\"https:\/\/www.carideal.com\/blog\/2007\/12\/10\/la-baisse-des-vitesses-explique-t-elle-les-bons-resultats-de-la-securite-routieres\/#primaryimage\"},\"thumbnailUrl\":\"https:\/\/www.carideal.com\/blog\/wp-content\/uploads\/2007\/12\/accidentdevoiturecarideal-1197268942.jpg\",\"datePublished\":\"2007-12-10T00:00:00+00:00\",\"dateModified\":\"2023-08-25T08:59:03+00:00\",\"description\":\"Les automobilistes continuent \u00e0 subir une tr\u00e8s forte pression de r\u00e9pression malgr\u00e9 l'am\u00e9lioration de leur comportement.\",\"breadcrumb\":{\"@id\":\"https:\/\/www.carideal.com\/blog\/2007\/12\/10\/la-baisse-des-vitesses-explique-t-elle-les-bons-resultats-de-la-securite-routieres\/#breadcrumb\"},\"inLanguage\":\"fr-FR\",\"potentialAction\":[{\"@type\":\"ReadAction\",\"target\":[\"https:\/\/www.carideal.com\/blog\/2007\/12\/10\/la-baisse-des-vitesses-explique-t-elle-les-bons-resultats-de-la-securite-routieres\/\"]}]},{\"@type\":\"ImageObject\",\"inLanguage\":\"fr-FR\",\"@id\":\"https:\/\/www.carideal.com\/blog\/2007\/12\/10\/la-baisse-des-vitesses-explique-t-elle-les-bons-resultats-de-la-securite-routieres\/#primaryimage\",\"url\":\"https:\/\/www.carideal.com\/blog\/wp-content\/uploads\/2007\/12\/accidentdevoiturecarideal-1197268942.jpg\",\"contentUrl\":\"https:\/\/www.carideal.com\/blog\/wp-content\/uploads\/2007\/12\/accidentdevoiturecarideal-1197268942.jpg\",\"width\":550,\"height\":378,\"caption\":\"La baisse des vitesses explique-t-elle les r\u00e9sultats de la s\u00e9curit\u00e9 routi\u00e8re ?\"},{\"@type\":\"BreadcrumbList\",\"@id\":\"https:\/\/www.carideal.com\/blog\/2007\/12\/10\/la-baisse-des-vitesses-explique-t-elle-les-bons-resultats-de-la-securite-routieres\/#breadcrumb\",\"itemListElement\":[{\"@type\":\"ListItem\",\"position\":1,\"name\":\"Blog Carid\u00e9al\",\"item\":\"https:\/\/www.carideal.com\/blog\/\"},{\"@type\":\"ListItem\",\"position\":2,\"name\":\"Radar et s\u00e9curit\u00e9 routi\u00e8re\",\"item\":\"https:\/\/www.carideal.com\/blog\/radar-et-securite-routiere\/\"},{\"@type\":\"ListItem\",\"position\":3,\"name\":\"La baisse des vitesses explique-t-elle les r\u00e9sultats de la s\u00e9curit\u00e9 routi\u00e8re ?\"}]},{\"@type\":\"WebSite\",\"@id\":\"https:\/\/www.carideal.com\/blog\/#website\",\"url\":\"https:\/\/www.carideal.com\/blog\/\",\"name\":\"Blog auto Carid\u00e9al\",\"description\":\"Actualit\u00e9 auto par des passionn\u00e9s\",\"publisher\":{\"@id\":\"https:\/\/www.carideal.com\/blog\/#organization\"},\"potentialAction\":[{\"@type\":\"SearchAction\",\"target\":{\"@type\":\"EntryPoint\",\"urlTemplate\":\"https:\/\/www.carideal.com\/blog\/?s={search_term_string}\"},\"query-input\":{\"@type\":\"PropertyValueSpecification\",\"valueRequired\":true,\"valueName\":\"search_term_string\"}}],\"inLanguage\":\"fr-FR\"},{\"@type\":\"Organization\",\"@id\":\"https:\/\/www.carideal.com\/blog\/#organization\",\"name\":\"Carideal\",\"url\":\"https:\/\/www.carideal.com\/blog\/\",\"logo\":{\"@type\":\"ImageObject\",\"inLanguage\":\"fr-FR\",\"@id\":\"https:\/\/www.carideal.com\/blog\/#\/schema\/logo\/image\/\",\"url\":\"http:\/\/www.carideal.com\/blog\/wp-content\/uploads\/2016\/03\/logo-carideal-mandataire-automobile.png\",\"contentUrl\":\"http:\/\/www.carideal.com\/blog\/wp-content\/uploads\/2016\/03\/logo-carideal-mandataire-automobile.png\",\"width\":300,\"height\":300,\"caption\":\"Carideal\"},\"image\":{\"@id\":\"https:\/\/www.carideal.com\/blog\/#\/schema\/logo\/image\/\"},\"sameAs\":[\"https:\/\/www.facebook.com\/Carideal.mandataire.automobile\",\"https:\/\/x.com\/caridealauto\",\"https:\/\/www.instagram.com\/carideal1\/\",\"https:\/\/www.linkedin.com\/company\/carideal.com\",\"https:\/\/fr.pinterest.com\/schiavonsas\/\",\"https:\/\/www.youtube.com\/user\/caridealsas\"]},{\"@type\":\"Person\",\"@id\":\"https:\/\/www.carideal.com\/blog\/#\/schema\/person\/cd95dc7919660de90d31b366f85be1ec\",\"name\":\"Nicolas SCHIAVON\",\"image\":{\"@type\":\"ImageObject\",\"inLanguage\":\"fr-FR\",\"@id\":\"https:\/\/www.carideal.com\/blog\/#\/schema\/person\/image\/\",\"url\":\"https:\/\/secure.gravatar.com\/avatar\/c17e55009e671d92cc7f5dc837dc418a?s=96&r=g\",\"contentUrl\":\"https:\/\/secure.gravatar.com\/avatar\/c17e55009e671d92cc7f5dc837dc418a?s=96&r=g\",\"caption\":\"Nicolas SCHIAVON\"},\"description\":\"Nicolas Schiavon est tomb\u00e9 tout petit dans la marmite automobile. Ayant eu un garage de marque automobile, mandataire automobile de la premi\u00e8re heure d\u00e8s 1999. Nicolas a cr\u00e9\u00e9 ces premiers sites de vente de voiture et blog automobile d\u00e8s 1994. Carideal est n\u00e9 le 15 d\u00e9cembre 2000 de la volont\u00e9 de vendre des voitures d'occasions en ligne puis des voitures neuves. Il a pu essayer beaucoup de voitures tr\u00e8s diff\u00e9rentes et ayant eu personnellement quelques belles autos, Subaru Impreza, Mitsubishi Lancer Evo 7, Porsche 911, Ferrari Testarrossa, Audi RS3, RS4 et j'en passe...\",\"sameAs\":[\"http:\/\/www.carideal.com\",\"https:\/\/www.facebook.com\/nicolas.schiavon.39\",\"https:\/\/www.instagram.com\/carideal1\/\",\"https:\/\/www.linkedin.com\/in\/nschiavon\/\",\"https:\/\/x.com\/caridealauto\",\"https:\/\/www.youtube.com\/user\/caridealsas\/\"],\"url\":\"https:\/\/www.carideal.com\/blog\/author\/nschiavon\/\"}]}<\/script>\n<!-- \/ Yoast SEO plugin. -->","yoast_head_json":{"title":"La baisse des vitesses explique-t-elle les r\u00e9sultats de la s\u00e9curit\u00e9 routi\u00e8re ? - Blog auto Carid\u00e9al","description":"Les automobilistes continuent \u00e0 subir une tr\u00e8s forte pression de r\u00e9pression malgr\u00e9 l'am\u00e9lioration de leur comportement.","robots":{"index":"index","follow":"follow","max-snippet":"max-snippet:-1","max-image-preview":"max-image-preview:large","max-video-preview":"max-video-preview:-1"},"canonical":"https:\/\/www.carideal.com\/blog\/2007\/12\/10\/la-baisse-des-vitesses-explique-t-elle-les-bons-resultats-de-la-securite-routieres\/","og_locale":"fr_FR","og_type":"article","og_title":"La baisse des vitesses explique-t-elle les r\u00e9sultats de la s\u00e9curit\u00e9 routi\u00e8re ? - Blog auto Carid\u00e9al","og_description":"Les automobilistes continuent \u00e0 subir une tr\u00e8s forte pression de r\u00e9pression malgr\u00e9 l'am\u00e9lioration de leur comportement.","og_url":"https:\/\/www.carideal.com\/blog\/2007\/12\/10\/la-baisse-des-vitesses-explique-t-elle-les-bons-resultats-de-la-securite-routieres\/","og_site_name":"Blog auto Carid\u00e9al","article_publisher":"https:\/\/www.facebook.com\/Carideal.mandataire.automobile","article_author":"https:\/\/www.facebook.com\/nicolas.schiavon.39","article_published_time":"2007-12-10T00:00:00+00:00","article_modified_time":"2023-08-25T08:59:03+00:00","og_image":[{"width":550,"height":378,"url":"https:\/\/www.carideal.com\/blog\/wp-content\/uploads\/2007\/12\/accidentdevoiturecarideal-1197268942.jpg","type":"image\/jpeg"}],"author":"Nicolas SCHIAVON","twitter_card":"summary_large_image","twitter_creator":"@caridealauto","twitter_site":"@caridealauto","twitter_misc":{"\u00c9crit par":"Nicolas SCHIAVON","Dur\u00e9e de lecture estim\u00e9e":"3 minutes"},"schema":{"@context":"https:\/\/schema.org","@graph":[{"@type":"Article","@id":"https:\/\/www.carideal.com\/blog\/2007\/12\/10\/la-baisse-des-vitesses-explique-t-elle-les-bons-resultats-de-la-securite-routieres\/#article","isPartOf":{"@id":"https:\/\/www.carideal.com\/blog\/2007\/12\/10\/la-baisse-des-vitesses-explique-t-elle-les-bons-resultats-de-la-securite-routieres\/"},"author":{"name":"Nicolas SCHIAVON","@id":"https:\/\/www.carideal.com\/blog\/#\/schema\/person\/cd95dc7919660de90d31b366f85be1ec"},"headline":"La baisse des vitesses explique-t-elle les r\u00e9sultats de la s\u00e9curit\u00e9 routi\u00e8re ?","datePublished":"2007-12-10T00:00:00+00:00","dateModified":"2023-08-25T08:59:03+00:00","mainEntityOfPage":{"@id":"https:\/\/www.carideal.com\/blog\/2007\/12\/10\/la-baisse-des-vitesses-explique-t-elle-les-bons-resultats-de-la-securite-routieres\/"},"wordCount":476,"commentCount":0,"publisher":{"@id":"https:\/\/www.carideal.com\/blog\/#organization"},"image":{"@id":"https:\/\/www.carideal.com\/blog\/2007\/12\/10\/la-baisse-des-vitesses-explique-t-elle-les-bons-resultats-de-la-securite-routieres\/#primaryimage"},"thumbnailUrl":"https:\/\/www.carideal.com\/blog\/wp-content\/uploads\/2007\/12\/accidentdevoiturecarideal-1197268942.jpg","keywords":["Accident de Voiture"],"articleSection":["Actualit\u00e9 automobile","Radar et s\u00e9curit\u00e9 routi\u00e8re"],"inLanguage":"fr-FR","potentialAction":[{"@type":"CommentAction","name":"Comment","target":["https:\/\/www.carideal.com\/blog\/2007\/12\/10\/la-baisse-des-vitesses-explique-t-elle-les-bons-resultats-de-la-securite-routieres\/#respond"]}]},{"@type":"WebPage","@id":"https:\/\/www.carideal.com\/blog\/2007\/12\/10\/la-baisse-des-vitesses-explique-t-elle-les-bons-resultats-de-la-securite-routieres\/","url":"https:\/\/www.carideal.com\/blog\/2007\/12\/10\/la-baisse-des-vitesses-explique-t-elle-les-bons-resultats-de-la-securite-routieres\/","name":"La baisse des vitesses explique-t-elle les r\u00e9sultats de la s\u00e9curit\u00e9 routi\u00e8re ? - Blog auto Carid\u00e9al","isPartOf":{"@id":"https:\/\/www.carideal.com\/blog\/#website"},"primaryImageOfPage":{"@id":"https:\/\/www.carideal.com\/blog\/2007\/12\/10\/la-baisse-des-vitesses-explique-t-elle-les-bons-resultats-de-la-securite-routieres\/#primaryimage"},"image":{"@id":"https:\/\/www.carideal.com\/blog\/2007\/12\/10\/la-baisse-des-vitesses-explique-t-elle-les-bons-resultats-de-la-securite-routieres\/#primaryimage"},"thumbnailUrl":"https:\/\/www.carideal.com\/blog\/wp-content\/uploads\/2007\/12\/accidentdevoiturecarideal-1197268942.jpg","datePublished":"2007-12-10T00:00:00+00:00","dateModified":"2023-08-25T08:59:03+00:00","description":"Les automobilistes continuent \u00e0 subir une tr\u00e8s forte pression de r\u00e9pression malgr\u00e9 l'am\u00e9lioration de leur comportement.","breadcrumb":{"@id":"https:\/\/www.carideal.com\/blog\/2007\/12\/10\/la-baisse-des-vitesses-explique-t-elle-les-bons-resultats-de-la-securite-routieres\/#breadcrumb"},"inLanguage":"fr-FR","potentialAction":[{"@type":"ReadAction","target":["https:\/\/www.carideal.com\/blog\/2007\/12\/10\/la-baisse-des-vitesses-explique-t-elle-les-bons-resultats-de-la-securite-routieres\/"]}]},{"@type":"ImageObject","inLanguage":"fr-FR","@id":"https:\/\/www.carideal.com\/blog\/2007\/12\/10\/la-baisse-des-vitesses-explique-t-elle-les-bons-resultats-de-la-securite-routieres\/#primaryimage","url":"https:\/\/www.carideal.com\/blog\/wp-content\/uploads\/2007\/12\/accidentdevoiturecarideal-1197268942.jpg","contentUrl":"https:\/\/www.carideal.com\/blog\/wp-content\/uploads\/2007\/12\/accidentdevoiturecarideal-1197268942.jpg","width":550,"height":378,"caption":"La baisse des vitesses explique-t-elle les r\u00e9sultats de la s\u00e9curit\u00e9 routi\u00e8re ?"},{"@type":"BreadcrumbList","@id":"https:\/\/www.carideal.com\/blog\/2007\/12\/10\/la-baisse-des-vitesses-explique-t-elle-les-bons-resultats-de-la-securite-routieres\/#breadcrumb","itemListElement":[{"@type":"ListItem","position":1,"name":"Blog Carid\u00e9al","item":"https:\/\/www.carideal.com\/blog\/"},{"@type":"ListItem","position":2,"name":"Radar et s\u00e9curit\u00e9 routi\u00e8re","item":"https:\/\/www.carideal.com\/blog\/radar-et-securite-routiere\/"},{"@type":"ListItem","position":3,"name":"La baisse des vitesses explique-t-elle les r\u00e9sultats de la s\u00e9curit\u00e9 routi\u00e8re ?"}]},{"@type":"WebSite","@id":"https:\/\/www.carideal.com\/blog\/#website","url":"https:\/\/www.carideal.com\/blog\/","name":"Blog auto Carid\u00e9al","description":"Actualit\u00e9 auto par des passionn\u00e9s","publisher":{"@id":"https:\/\/www.carideal.com\/blog\/#organization"},"potentialAction":[{"@type":"SearchAction","target":{"@type":"EntryPoint","urlTemplate":"https:\/\/www.carideal.com\/blog\/?s={search_term_string}"},"query-input":{"@type":"PropertyValueSpecification","valueRequired":true,"valueName":"search_term_string"}}],"inLanguage":"fr-FR"},{"@type":"Organization","@id":"https:\/\/www.carideal.com\/blog\/#organization","name":"Carideal","url":"https:\/\/www.carideal.com\/blog\/","logo":{"@type":"ImageObject","inLanguage":"fr-FR","@id":"https:\/\/www.carideal.com\/blog\/#\/schema\/logo\/image\/","url":"http:\/\/www.carideal.com\/blog\/wp-content\/uploads\/2016\/03\/logo-carideal-mandataire-automobile.png","contentUrl":"http:\/\/www.carideal.com\/blog\/wp-content\/uploads\/2016\/03\/logo-carideal-mandataire-automobile.png","width":300,"height":300,"caption":"Carideal"},"image":{"@id":"https:\/\/www.carideal.com\/blog\/#\/schema\/logo\/image\/"},"sameAs":["https:\/\/www.facebook.com\/Carideal.mandataire.automobile","https:\/\/x.com\/caridealauto","https:\/\/www.instagram.com\/carideal1\/","https:\/\/www.linkedin.com\/company\/carideal.com","https:\/\/fr.pinterest.com\/schiavonsas\/","https:\/\/www.youtube.com\/user\/caridealsas"]},{"@type":"Person","@id":"https:\/\/www.carideal.com\/blog\/#\/schema\/person\/cd95dc7919660de90d31b366f85be1ec","name":"Nicolas SCHIAVON","image":{"@type":"ImageObject","inLanguage":"fr-FR","@id":"https:\/\/www.carideal.com\/blog\/#\/schema\/person\/image\/","url":"https:\/\/secure.gravatar.com\/avatar\/c17e55009e671d92cc7f5dc837dc418a?s=96&r=g","contentUrl":"https:\/\/secure.gravatar.com\/avatar\/c17e55009e671d92cc7f5dc837dc418a?s=96&r=g","caption":"Nicolas SCHIAVON"},"description":"Nicolas Schiavon est tomb\u00e9 tout petit dans la marmite automobile. Ayant eu un garage de marque automobile, mandataire automobile de la premi\u00e8re heure d\u00e8s 1999. Nicolas a cr\u00e9\u00e9 ces premiers sites de vente de voiture et blog automobile d\u00e8s 1994. Carideal est n\u00e9 le 15 d\u00e9cembre 2000 de la volont\u00e9 de vendre des voitures d'occasions en ligne puis des voitures neuves. Il a pu essayer beaucoup de voitures tr\u00e8s diff\u00e9rentes et ayant eu personnellement quelques belles autos, Subaru Impreza, Mitsubishi Lancer Evo 7, Porsche 911, Ferrari Testarrossa, Audi RS3, RS4 et j'en passe...","sameAs":["http:\/\/www.carideal.com","https:\/\/www.facebook.com\/nicolas.schiavon.39","https:\/\/www.instagram.com\/carideal1\/","https:\/\/www.linkedin.com\/in\/nschiavon\/","https:\/\/x.com\/caridealauto","https:\/\/www.youtube.com\/user\/caridealsas\/"],"url":"https:\/\/www.carideal.com\/blog\/author\/nschiavon\/"}]}},"uagb_featured_image_src":{"full":["https:\/\/www.carideal.com\/blog\/wp-content\/uploads\/2007\/12\/accidentdevoiturecarideal-1197268942.jpg",550,378,false],"thumbnail":["https:\/\/www.carideal.com\/blog\/wp-content\/uploads\/2007\/12\/accidentdevoiturecarideal-1197268942-150x150.jpg",150,150,true],"medium":["https:\/\/www.carideal.com\/blog\/wp-content\/uploads\/2007\/12\/accidentdevoiturecarideal-1197268942-300x206.jpg",300,206,true],"medium_large":["https:\/\/www.carideal.com\/blog\/wp-content\/uploads\/2007\/12\/accidentdevoiturecarideal-1197268942.jpg",550,378,false],"large":["https:\/\/www.carideal.com\/blog\/wp-content\/uploads\/2007\/12\/accidentdevoiturecarideal-1197268942.jpg",550,378,false],"1536x1536":["https:\/\/www.carideal.com\/blog\/wp-content\/uploads\/2007\/12\/accidentdevoiturecarideal-1197268942.jpg",550,378,false],"2048x2048":["https:\/\/www.carideal.com\/blog\/wp-content\/uploads\/2007\/12\/accidentdevoiturecarideal-1197268942.jpg",550,378,false],"wppr-widget":["https:\/\/www.carideal.com\/blog\/wp-content\/uploads\/2007\/12\/accidentdevoiturecarideal-1197268942-50x34.jpg",50,34,true]},"uagb_author_info":{"display_name":"Nicolas SCHIAVON","author_link":"https:\/\/www.carideal.com\/blog\/author\/nschiavon\/"},"uagb_comment_info":0,"uagb_excerpt":"La baisse des vitesses explique-t-elle les r\u00e9sultats de la s\u00e9curit\u00e9 routi\u00e8re ? Les automobilistes continuent \u00e0 subir une tr\u00e8s forte pression de r\u00e9pression malgr\u00e9 l'am\u00e9lioration de leur comportement. Effectivement, les sanctions ont augment\u00e9 de 8% depuis 1 an, les contr\u00f4les sont trop stricts, les exc\u00e8s de vitesses commis par 90 % des automobilistes sont inf\u00e9rieurs\u2026","_links":{"self":[{"href":"https:\/\/www.carideal.com\/blog\/wp-json\/wp\/v2\/posts\/4574"}],"collection":[{"href":"https:\/\/www.carideal.com\/blog\/wp-json\/wp\/v2\/posts"}],"about":[{"href":"https:\/\/www.carideal.com\/blog\/wp-json\/wp\/v2\/types\/post"}],"author":[{"embeddable":true,"href":"https:\/\/www.carideal.com\/blog\/wp-json\/wp\/v2\/users\/3"}],"replies":[{"embeddable":true,"href":"https:\/\/www.carideal.com\/blog\/wp-json\/wp\/v2\/comments?post=4574"}],"version-history":[{"count":0,"href":"https:\/\/www.carideal.com\/blog\/wp-json\/wp\/v2\/posts\/4574\/revisions"}],"wp:featuredmedia":[{"embeddable":true,"href":"https:\/\/www.carideal.com\/blog\/wp-json\/wp\/v2\/media\/27065"}],"wp:attachment":[{"href":"https:\/\/www.carideal.com\/blog\/wp-json\/wp\/v2\/media?parent=4574"}],"wp:term":[{"taxonomy":"category","embeddable":true,"href":"https:\/\/www.carideal.com\/blog\/wp-json\/wp\/v2\/categories?post=4574"},{"taxonomy":"post_tag","embeddable":true,"href":"https:\/\/www.carideal.com\/blog\/wp-json\/wp\/v2\/tags?post=4574"}],"curies":[{"name":"wp","href":"https:\/\/api.w.org\/{rel}","templated":true}]}}