{"id":4573,"date":"2007-12-08T00:00:00","date_gmt":"2007-12-08T00:00:00","guid":{"rendered":"http:\/\/www.carideal.com\/blog\/2007\/12\/08\/eco-taxe-co2\/"},"modified":"2016-06-26T10:17:13","modified_gmt":"2016-06-26T08:17:13","slug":"eco-taxe-co2","status":"publish","type":"post","link":"https:\/\/www.carideal.com\/blog\/2007\/12\/08\/eco-taxe-co2\/","title":{"rendered":"Eco Taxe CO2 Bonus malus"},"content":{"rendered":"<div>\n<p><img decoding=\"async\" src=\"http:\/\/www.carideal.com\/images_actualite\/ecotaxeco2carideal-1197135060.jpg\" alt=\"\" \/><\/p>\n<h1><strong>Eco taxe Co2 bonus malus<\/strong><\/h1>\n<\/div>\n<div>\n<p><img decoding=\"async\" src=\"http:\/\/www.carideal.com\/images_actualite\/emissiondeco2-1194543437.jpg\" alt=\"\" \/><\/p>\n<p>Taxe CO2<\/p>\n<\/div>\n<div>\n<p><img decoding=\"async\" src=\"http:\/\/www.carideal.com\/images_actualite\/vignetteautoco2carideal-1194546646.jpg\" alt=\"\" \/><\/p>\n<p>Bonus Malus Grenelle de l'environnement<\/p>\n<\/div>\n<p>Suite au grenelle de l'environnement notre gouvernement vient d'accoucher du nouveau <strong>bonus malus<\/strong> \u00e9colo ou <strong>\u00e9co taxe CO2<\/strong> qui devrait rentrer en vigueur pour le mois de Janvier 2008 pour les voitures neuves seulement. On peut s'\u00e9tonner ; pourquoi seulement taxer les voitures neuves et pas d'occasions ? Pourquoi ne pas taxer les voitures de 10 ans d'\u00e2ge alors qu'elles emmetent jusqu'\u00e0 5 fois plus de co2 qu'une voiture r\u00e9cente ? pourquoi ne pas taxer les bus? les trains? les camions? les voitures de soci\u00e9t\u00e9s ?<br \/>\nLa vignette auto verte avec bonus pour les voitures qui \u00e9mettent le moins de CO2 et du malus pour celles qui en emettent le plus. Attention : ne pas confondre le CO2 n'est pas un gaz polluant mais un gaz a effet de serre c'est a dire qu'il favorise le r\u00e9chauffement de la planette. Les particules, les suies, les fum\u00e9es sont des polluants. Cette vignette auto baptis\u00e9e \"\u00e9colo\" est la troisieme du nom en vigueur a l'achat de votre voiture. Elle intervient sept ans apr\u00e8s l'abandon de l'ancienne vignette qui devait servir \u00e0 \"nos vieux et qui n'en n'ont jamais vu la couleur\". Cette fois elle pourra soit faire economiser de 200 \u00e0 1000 euros pour les voitures qui rejettent le moins de co2 ou vous couter un malus de 200 \u00e0 2600 euros si vos emissions de co2 sont trop importantes.<\/p>\n<p>En clair les tr\u00e8s petites voitures, tel que Smart, Citroen c1 c2 c3, Peugeot 107 seront avantag\u00e9es alors que les grosses berlines ou 4x4 tel que Porsche Cayenne ou Volkswagen Touareg seront dans le rouge. Il est pr\u00e9vu dans la loi un volet r\u00e9troactif pour la partie bonus pour toute voiture achet\u00e9 a partir du 6 D\u00e9cembre, c'est le cadeau de la saint Nicolas ! Ces mesures d\u00e9voil\u00e9es par Nicolas Sarkozy a la suite du grenelle de l'environement, ont \u00e9t\u00e9 expliqu\u00e9es par le ministre Jean Louis Borloo, et consign\u00e9es dans un amendement au projet de loi de finances rectificative d\u00e9pos\u00e9 par le gouvernement.<\/p>\n<p>A noter la classification des voitures en 3 parties pour le Bonus Malus : la premiere, celle qui donne droit \u00e0 un bonus, ou prime \u00e0 l'achat d'une voiture neuve pour celle qui rejette moins de 130 g de co2 dans l'atmosphere. La deuxieme partie pour les voitures qui rejettent entre 130 et 160 g de co2 : celles ci ne seront pas tax\u00e9es. La troisi\u00e8me partie pour les voitures emettant plus de 160 g de co2 donera droit \u00e0 un malus. Les paliers seront progressivement durcis.<\/p>\n<p>Les bonus seront ventil\u00e9s en plusieurs paliers tels que : 5000 \u20ac pour ceux qui rouleront en rejetant moins de 60g de co2 !!!!!!! (Tout electrique ? Ceci est impossible avec des motorisations classiques. Selon l'ADEME les modeles les plus performant flirtent avec les 100 g) 1000 \u20ac entre 60 et 100 g, 700 \u20ac entre 101 et 120 g, 200 \u20ac entre 121 et 130 g. Les Malus seront aussi segment\u00e9s : 200 \u20ac de 161 \u00e0 165 g, 750 \u20ac de 166 \u00e0 200g, 1600 \u20ac de 201 \u00e0 250 g, et enfin 2600 \u20ac au del\u00e0 de 250 g.<\/p>\n<p>Quand on analyse la situation actuelle, <strong>le malus devrait toucher 25%<\/strong> des voitures vendues, selon le ministere de l'ecologie. Le malus Maximal (2600 \u20ac) restera marginal car il ne devrait concerner que 1% des ventes. Le bonus concernera lui pr\u00e8s de 30% des ventes. <strong>Seul 1 voiture sur 2 ne sera pas touch\u00e9 par cette mesure<\/strong>, car figurant dans le seuil neutre.<\/p>\n<p>le 13\/12\/2007 - A cette heure, et malgr\u00e9 des arret\u00e9s publi\u00e9s, et relay\u00e9s par les differents medias, aucune mesure n'est encore definitive ni valid\u00e9 par le gouvernement. Nous attendons les instructions pour vous donner les processus de reglement des bonus ou malus de l'eco taxe co2.<\/p>\n<p>le 23\/12\/2007 -<\/p>\n<p>Tous les v\u00e9hicules neuf sont concern\u00e9s du moment qu'ils sont neufs et quel que soit leur type de propulsion, essence, diesel, gaz, electrique etc,. Les voitures d'occasions import\u00e9es sont aussi concern\u00e9es pour le malus seulement. Cependant, la taxe CO2 sera minor\u00e9e de 10% par ann\u00e9e d'immatriculation. Les utilitaires et les motos sont exclus du dispositif. L\u00e0 on nage dans le grand n'importe quoi ! Pourquoi et au nom de quelle \u00e9quit\u00e9, un v\u00e9hicule utilitaire qui en plus ne r\u00e9pond pas aux m\u00eames normes drastiques que les voitures particuli\u00e8res (ils poluent plus), ou une moto de 100ch ne serait pas tax\u00e9s ? Cette loi Francaise n'est pas conforme \u00e0 la loi Europ\u00e9enne favorisant la libre circulation les voitures en Europe : en effet pourquoi taxer une voiture d'occasion parce qu'elle a \u00e9t\u00e9 achet\u00e9e en Europe et non en France, cela s'appelle du protexionisme contraire \u00e0 la volont\u00e9 europ\u00e9enne et qui d\u00e9favorisera le porte monnaie des clients au profit des constructeurs en leur permettant de vendre leurs voitures d'occasions plus cheres.<\/p>\n<p>La taxe CO2 sera avanc\u00e9e par le concessionnaire, \u00e0 l'achat de la voiture en cas de bonus. L'acheteur devra s'acquitter de la taxe CO2 en cas de malus \u00e0 l'obtention de sa carte grise. La prime \u00e0 la casse est renomm\u00e9e super bonus, en cas de reprise par un concessionnaire d'une voiture de plus de 15 ans, l'acheteur de la voiture neuve a droit \u00e0 300 \u20ac suppl\u00e9mentaire. Il semblerait que nos constructeurs Francais ne soient pas m\u00e9content, tandis que les constructeurs de voitures puissantes ne souhaitent pas faire de commentaire.<\/p>\n<p>Le bonus CO2 est aussi acquis pour les voitures neuves venant de l'\u00e9tranger. Nous sommes en mesure de pouvoir dans beaucoup de cas faire b\u00e9n\u00e9ficier nos clients de la prime CO2.<\/p>\n","protected":false},"excerpt":{"rendered":"<p>Eco taxe Co2 bonus malus Taxe CO2 Bonus Malus Grenelle de l&rsquo;environnement Suite au grenelle de l&rsquo;environnement notre gouvernement vient d&rsquo;accoucher du nouveau bonus malus \u00e9colo ou \u00e9co taxe CO2 qui devrait rentrer en vigueur pour le mois de Janvier 2008 pour les voitures neuves seulement. On peut s&rsquo;\u00e9tonner ; pourquoi seulement taxer les voitures &#8230; <a title=\"Eco Taxe CO2 Bonus malus\" class=\"read-more\" href=\"https:\/\/www.carideal.com\/blog\/2007\/12\/08\/eco-taxe-co2\/\" aria-label=\"En savoir plus sur Eco Taxe CO2 Bonus malus\">Lire plus<\/a><\/p>\n","protected":false},"author":3,"featured_media":0,"comment_status":"open","ping_status":"open","sticky":false,"template":"","format":"standard","meta":{"_uag_custom_page_level_css":"","_themeisle_gutenberg_block_has_review":false,"footnotes":""},"categories":[21,9,6,5962,10],"tags":[],"class_list":["post-4573","post","type-post","status-publish","format-standard","hentry","category-actualites-auto","category-divers","category-ecologie","category-legislation","category-marche-automobile-voiture-neuve-occasion-4x4-suv"],"wppr_data":[],"yoast_head":"<!-- This site is optimized with the Yoast SEO plugin v24.8.1 - https:\/\/yoast.com\/wordpress\/plugins\/seo\/ -->\n<title>Eco Taxe CO2 Bonus malus - Blog auto Carid\u00e9al<\/title>\n<meta name=\"robots\" content=\"index, follow, max-snippet:-1, max-image-preview:large, max-video-preview:-1\" \/>\n<link rel=\"canonical\" href=\"https:\/\/www.carideal.com\/blog\/2007\/12\/08\/eco-taxe-co2\/\" \/>\n<meta property=\"og:locale\" content=\"fr_FR\" \/>\n<meta property=\"og:type\" content=\"article\" \/>\n<meta property=\"og:title\" content=\"Eco Taxe CO2 Bonus malus - Blog auto Carid\u00e9al\" \/>\n<meta property=\"og:description\" content=\"Eco taxe Co2 bonus malus Taxe CO2 Bonus Malus Grenelle de l&#039;environnement Suite au grenelle de l&#039;environnement notre gouvernement vient d&#039;accoucher du nouveau bonus malus \u00e9colo ou \u00e9co taxe CO2 qui devrait rentrer en vigueur pour le mois de Janvier 2008 pour les voitures neuves seulement. On peut s&#039;\u00e9tonner ; pourquoi seulement taxer les voitures ... Lire plus\" \/>\n<meta property=\"og:url\" content=\"https:\/\/www.carideal.com\/blog\/2007\/12\/08\/eco-taxe-co2\/\" \/>\n<meta property=\"og:site_name\" content=\"Blog auto Carid\u00e9al\" \/>\n<meta property=\"article:publisher\" content=\"https:\/\/www.facebook.com\/Carideal.mandataire.automobile\" \/>\n<meta property=\"article:author\" content=\"https:\/\/www.facebook.com\/nicolas.schiavon.39\" \/>\n<meta property=\"article:published_time\" content=\"2007-12-08T00:00:00+00:00\" \/>\n<meta property=\"article:modified_time\" content=\"2016-06-26T08:17:13+00:00\" \/>\n<meta property=\"og:image\" content=\"http:\/\/www.carideal.com\/images_actualite\/ecotaxeco2carideal-1197135060.jpg\" \/>\n<meta name=\"author\" content=\"Nicolas SCHIAVON\" \/>\n<meta name=\"twitter:card\" content=\"summary_large_image\" \/>\n<meta name=\"twitter:creator\" content=\"@caridealauto\" \/>\n<meta name=\"twitter:site\" content=\"@caridealauto\" \/>\n<meta name=\"twitter:label1\" content=\"\u00c9crit par\" \/>\n\t<meta name=\"twitter:data1\" content=\"Nicolas SCHIAVON\" \/>\n\t<meta name=\"twitter:label2\" content=\"Dur\u00e9e de lecture estim\u00e9e\" \/>\n\t<meta name=\"twitter:data2\" content=\"4 minutes\" \/>\n<script type=\"application\/ld+json\" class=\"yoast-schema-graph\">{\"@context\":\"https:\/\/schema.org\",\"@graph\":[{\"@type\":\"Article\",\"@id\":\"https:\/\/www.carideal.com\/blog\/2007\/12\/08\/eco-taxe-co2\/#article\",\"isPartOf\":{\"@id\":\"https:\/\/www.carideal.com\/blog\/2007\/12\/08\/eco-taxe-co2\/\"},\"author\":{\"name\":\"Nicolas SCHIAVON\",\"@id\":\"https:\/\/www.carideal.com\/blog\/#\/schema\/person\/cd95dc7919660de90d31b366f85be1ec\"},\"headline\":\"Eco Taxe CO2 Bonus malus\",\"datePublished\":\"2007-12-08T00:00:00+00:00\",\"dateModified\":\"2016-06-26T08:17:13+00:00\",\"mainEntityOfPage\":{\"@id\":\"https:\/\/www.carideal.com\/blog\/2007\/12\/08\/eco-taxe-co2\/\"},\"wordCount\":902,\"commentCount\":0,\"publisher\":{\"@id\":\"https:\/\/www.carideal.com\/blog\/#organization\"},\"image\":{\"@id\":\"https:\/\/www.carideal.com\/blog\/2007\/12\/08\/eco-taxe-co2\/#primaryimage\"},\"thumbnailUrl\":\"http:\/\/www.carideal.com\/images_actualite\/ecotaxeco2carideal-1197135060.jpg\",\"articleSection\":[\"Actualit\u00e9 automobile\",\"Divers\",\"Ecologie\",\"L\u00e9gislation Automobile\",\"March\u00e9 automobile\"],\"inLanguage\":\"fr-FR\",\"potentialAction\":[{\"@type\":\"CommentAction\",\"name\":\"Comment\",\"target\":[\"https:\/\/www.carideal.com\/blog\/2007\/12\/08\/eco-taxe-co2\/#respond\"]}]},{\"@type\":\"WebPage\",\"@id\":\"https:\/\/www.carideal.com\/blog\/2007\/12\/08\/eco-taxe-co2\/\",\"url\":\"https:\/\/www.carideal.com\/blog\/2007\/12\/08\/eco-taxe-co2\/\",\"name\":\"Eco Taxe CO2 Bonus malus - Blog auto Carid\u00e9al\",\"isPartOf\":{\"@id\":\"https:\/\/www.carideal.com\/blog\/#website\"},\"primaryImageOfPage\":{\"@id\":\"https:\/\/www.carideal.com\/blog\/2007\/12\/08\/eco-taxe-co2\/#primaryimage\"},\"image\":{\"@id\":\"https:\/\/www.carideal.com\/blog\/2007\/12\/08\/eco-taxe-co2\/#primaryimage\"},\"thumbnailUrl\":\"http:\/\/www.carideal.com\/images_actualite\/ecotaxeco2carideal-1197135060.jpg\",\"datePublished\":\"2007-12-08T00:00:00+00:00\",\"dateModified\":\"2016-06-26T08:17:13+00:00\",\"breadcrumb\":{\"@id\":\"https:\/\/www.carideal.com\/blog\/2007\/12\/08\/eco-taxe-co2\/#breadcrumb\"},\"inLanguage\":\"fr-FR\",\"potentialAction\":[{\"@type\":\"ReadAction\",\"target\":[\"https:\/\/www.carideal.com\/blog\/2007\/12\/08\/eco-taxe-co2\/\"]}]},{\"@type\":\"ImageObject\",\"inLanguage\":\"fr-FR\",\"@id\":\"https:\/\/www.carideal.com\/blog\/2007\/12\/08\/eco-taxe-co2\/#primaryimage\",\"url\":\"http:\/\/www.carideal.com\/images_actualite\/ecotaxeco2carideal-1197135060.jpg\",\"contentUrl\":\"http:\/\/www.carideal.com\/images_actualite\/ecotaxeco2carideal-1197135060.jpg\"},{\"@type\":\"BreadcrumbList\",\"@id\":\"https:\/\/www.carideal.com\/blog\/2007\/12\/08\/eco-taxe-co2\/#breadcrumb\",\"itemListElement\":[{\"@type\":\"ListItem\",\"position\":1,\"name\":\"Blog Carid\u00e9al\",\"item\":\"https:\/\/www.carideal.com\/blog\/\"},{\"@type\":\"ListItem\",\"position\":2,\"name\":\"Actualit\u00e9 automobile\",\"item\":\"https:\/\/www.carideal.com\/blog\/actualites-auto\/\"},{\"@type\":\"ListItem\",\"position\":3,\"name\":\"Eco Taxe CO2 Bonus malus\"}]},{\"@type\":\"WebSite\",\"@id\":\"https:\/\/www.carideal.com\/blog\/#website\",\"url\":\"https:\/\/www.carideal.com\/blog\/\",\"name\":\"Blog auto Carid\u00e9al\",\"description\":\"Actualit\u00e9 auto par des passionn\u00e9s\",\"publisher\":{\"@id\":\"https:\/\/www.carideal.com\/blog\/#organization\"},\"potentialAction\":[{\"@type\":\"SearchAction\",\"target\":{\"@type\":\"EntryPoint\",\"urlTemplate\":\"https:\/\/www.carideal.com\/blog\/?s={search_term_string}\"},\"query-input\":{\"@type\":\"PropertyValueSpecification\",\"valueRequired\":true,\"valueName\":\"search_term_string\"}}],\"inLanguage\":\"fr-FR\"},{\"@type\":\"Organization\",\"@id\":\"https:\/\/www.carideal.com\/blog\/#organization\",\"name\":\"Carideal\",\"url\":\"https:\/\/www.carideal.com\/blog\/\",\"logo\":{\"@type\":\"ImageObject\",\"inLanguage\":\"fr-FR\",\"@id\":\"https:\/\/www.carideal.com\/blog\/#\/schema\/logo\/image\/\",\"url\":\"http:\/\/www.carideal.com\/blog\/wp-content\/uploads\/2016\/03\/logo-carideal-mandataire-automobile.png\",\"contentUrl\":\"http:\/\/www.carideal.com\/blog\/wp-content\/uploads\/2016\/03\/logo-carideal-mandataire-automobile.png\",\"width\":300,\"height\":300,\"caption\":\"Carideal\"},\"image\":{\"@id\":\"https:\/\/www.carideal.com\/blog\/#\/schema\/logo\/image\/\"},\"sameAs\":[\"https:\/\/www.facebook.com\/Carideal.mandataire.automobile\",\"https:\/\/x.com\/caridealauto\",\"https:\/\/www.instagram.com\/carideal1\/\",\"https:\/\/www.linkedin.com\/company\/carideal.com\",\"https:\/\/fr.pinterest.com\/schiavonsas\/\",\"https:\/\/www.youtube.com\/user\/caridealsas\"]},{\"@type\":\"Person\",\"@id\":\"https:\/\/www.carideal.com\/blog\/#\/schema\/person\/cd95dc7919660de90d31b366f85be1ec\",\"name\":\"Nicolas SCHIAVON\",\"image\":{\"@type\":\"ImageObject\",\"inLanguage\":\"fr-FR\",\"@id\":\"https:\/\/www.carideal.com\/blog\/#\/schema\/person\/image\/\",\"url\":\"https:\/\/secure.gravatar.com\/avatar\/c17e55009e671d92cc7f5dc837dc418a?s=96&r=g\",\"contentUrl\":\"https:\/\/secure.gravatar.com\/avatar\/c17e55009e671d92cc7f5dc837dc418a?s=96&r=g\",\"caption\":\"Nicolas SCHIAVON\"},\"description\":\"Nicolas Schiavon est tomb\u00e9 tout petit dans la marmite automobile. Ayant eu un garage de marque automobile, mandataire automobile de la premi\u00e8re heure d\u00e8s 1999. Nicolas a cr\u00e9\u00e9 ces premiers sites de vente de voiture et blog automobile d\u00e8s 1994. Carideal est n\u00e9 le 15 d\u00e9cembre 2000 de la volont\u00e9 de vendre des voitures d'occasions en ligne puis des voitures neuves. Il a pu essayer beaucoup de voitures tr\u00e8s diff\u00e9rentes et ayant eu personnellement quelques belles autos, Subaru Impreza, Mitsubishi Lancer Evo 7, Porsche 911, Ferrari Testarrossa, Audi RS3, RS4 et j'en passe...\",\"sameAs\":[\"http:\/\/www.carideal.com\",\"https:\/\/www.facebook.com\/nicolas.schiavon.39\",\"https:\/\/www.instagram.com\/carideal1\/\",\"https:\/\/www.linkedin.com\/in\/nschiavon\/\",\"https:\/\/x.com\/caridealauto\",\"https:\/\/www.youtube.com\/user\/caridealsas\/\"],\"url\":\"https:\/\/www.carideal.com\/blog\/author\/nschiavon\/\"}]}<\/script>\n<!-- \/ Yoast SEO plugin. -->","yoast_head_json":{"title":"Eco Taxe CO2 Bonus malus - Blog auto Carid\u00e9al","robots":{"index":"index","follow":"follow","max-snippet":"max-snippet:-1","max-image-preview":"max-image-preview:large","max-video-preview":"max-video-preview:-1"},"canonical":"https:\/\/www.carideal.com\/blog\/2007\/12\/08\/eco-taxe-co2\/","og_locale":"fr_FR","og_type":"article","og_title":"Eco Taxe CO2 Bonus malus - Blog auto Carid\u00e9al","og_description":"Eco taxe Co2 bonus malus Taxe CO2 Bonus Malus Grenelle de l'environnement Suite au grenelle de l'environnement notre gouvernement vient d'accoucher du nouveau bonus malus \u00e9colo ou \u00e9co taxe CO2 qui devrait rentrer en vigueur pour le mois de Janvier 2008 pour les voitures neuves seulement. On peut s'\u00e9tonner ; pourquoi seulement taxer les voitures ... Lire plus","og_url":"https:\/\/www.carideal.com\/blog\/2007\/12\/08\/eco-taxe-co2\/","og_site_name":"Blog auto Carid\u00e9al","article_publisher":"https:\/\/www.facebook.com\/Carideal.mandataire.automobile","article_author":"https:\/\/www.facebook.com\/nicolas.schiavon.39","article_published_time":"2007-12-08T00:00:00+00:00","article_modified_time":"2016-06-26T08:17:13+00:00","og_image":[{"url":"http:\/\/www.carideal.com\/images_actualite\/ecotaxeco2carideal-1197135060.jpg","type":"","width":"","height":""}],"author":"Nicolas SCHIAVON","twitter_card":"summary_large_image","twitter_creator":"@caridealauto","twitter_site":"@caridealauto","twitter_misc":{"\u00c9crit par":"Nicolas SCHIAVON","Dur\u00e9e de lecture estim\u00e9e":"4 minutes"},"schema":{"@context":"https:\/\/schema.org","@graph":[{"@type":"Article","@id":"https:\/\/www.carideal.com\/blog\/2007\/12\/08\/eco-taxe-co2\/#article","isPartOf":{"@id":"https:\/\/www.carideal.com\/blog\/2007\/12\/08\/eco-taxe-co2\/"},"author":{"name":"Nicolas SCHIAVON","@id":"https:\/\/www.carideal.com\/blog\/#\/schema\/person\/cd95dc7919660de90d31b366f85be1ec"},"headline":"Eco Taxe CO2 Bonus malus","datePublished":"2007-12-08T00:00:00+00:00","dateModified":"2016-06-26T08:17:13+00:00","mainEntityOfPage":{"@id":"https:\/\/www.carideal.com\/blog\/2007\/12\/08\/eco-taxe-co2\/"},"wordCount":902,"commentCount":0,"publisher":{"@id":"https:\/\/www.carideal.com\/blog\/#organization"},"image":{"@id":"https:\/\/www.carideal.com\/blog\/2007\/12\/08\/eco-taxe-co2\/#primaryimage"},"thumbnailUrl":"http:\/\/www.carideal.com\/images_actualite\/ecotaxeco2carideal-1197135060.jpg","articleSection":["Actualit\u00e9 automobile","Divers","Ecologie","L\u00e9gislation Automobile","March\u00e9 automobile"],"inLanguage":"fr-FR","potentialAction":[{"@type":"CommentAction","name":"Comment","target":["https:\/\/www.carideal.com\/blog\/2007\/12\/08\/eco-taxe-co2\/#respond"]}]},{"@type":"WebPage","@id":"https:\/\/www.carideal.com\/blog\/2007\/12\/08\/eco-taxe-co2\/","url":"https:\/\/www.carideal.com\/blog\/2007\/12\/08\/eco-taxe-co2\/","name":"Eco Taxe CO2 Bonus malus - Blog auto Carid\u00e9al","isPartOf":{"@id":"https:\/\/www.carideal.com\/blog\/#website"},"primaryImageOfPage":{"@id":"https:\/\/www.carideal.com\/blog\/2007\/12\/08\/eco-taxe-co2\/#primaryimage"},"image":{"@id":"https:\/\/www.carideal.com\/blog\/2007\/12\/08\/eco-taxe-co2\/#primaryimage"},"thumbnailUrl":"http:\/\/www.carideal.com\/images_actualite\/ecotaxeco2carideal-1197135060.jpg","datePublished":"2007-12-08T00:00:00+00:00","dateModified":"2016-06-26T08:17:13+00:00","breadcrumb":{"@id":"https:\/\/www.carideal.com\/blog\/2007\/12\/08\/eco-taxe-co2\/#breadcrumb"},"inLanguage":"fr-FR","potentialAction":[{"@type":"ReadAction","target":["https:\/\/www.carideal.com\/blog\/2007\/12\/08\/eco-taxe-co2\/"]}]},{"@type":"ImageObject","inLanguage":"fr-FR","@id":"https:\/\/www.carideal.com\/blog\/2007\/12\/08\/eco-taxe-co2\/#primaryimage","url":"http:\/\/www.carideal.com\/images_actualite\/ecotaxeco2carideal-1197135060.jpg","contentUrl":"http:\/\/www.carideal.com\/images_actualite\/ecotaxeco2carideal-1197135060.jpg"},{"@type":"BreadcrumbList","@id":"https:\/\/www.carideal.com\/blog\/2007\/12\/08\/eco-taxe-co2\/#breadcrumb","itemListElement":[{"@type":"ListItem","position":1,"name":"Blog Carid\u00e9al","item":"https:\/\/www.carideal.com\/blog\/"},{"@type":"ListItem","position":2,"name":"Actualit\u00e9 automobile","item":"https:\/\/www.carideal.com\/blog\/actualites-auto\/"},{"@type":"ListItem","position":3,"name":"Eco Taxe CO2 Bonus malus"}]},{"@type":"WebSite","@id":"https:\/\/www.carideal.com\/blog\/#website","url":"https:\/\/www.carideal.com\/blog\/","name":"Blog auto Carid\u00e9al","description":"Actualit\u00e9 auto par des passionn\u00e9s","publisher":{"@id":"https:\/\/www.carideal.com\/blog\/#organization"},"potentialAction":[{"@type":"SearchAction","target":{"@type":"EntryPoint","urlTemplate":"https:\/\/www.carideal.com\/blog\/?s={search_term_string}"},"query-input":{"@type":"PropertyValueSpecification","valueRequired":true,"valueName":"search_term_string"}}],"inLanguage":"fr-FR"},{"@type":"Organization","@id":"https:\/\/www.carideal.com\/blog\/#organization","name":"Carideal","url":"https:\/\/www.carideal.com\/blog\/","logo":{"@type":"ImageObject","inLanguage":"fr-FR","@id":"https:\/\/www.carideal.com\/blog\/#\/schema\/logo\/image\/","url":"http:\/\/www.carideal.com\/blog\/wp-content\/uploads\/2016\/03\/logo-carideal-mandataire-automobile.png","contentUrl":"http:\/\/www.carideal.com\/blog\/wp-content\/uploads\/2016\/03\/logo-carideal-mandataire-automobile.png","width":300,"height":300,"caption":"Carideal"},"image":{"@id":"https:\/\/www.carideal.com\/blog\/#\/schema\/logo\/image\/"},"sameAs":["https:\/\/www.facebook.com\/Carideal.mandataire.automobile","https:\/\/x.com\/caridealauto","https:\/\/www.instagram.com\/carideal1\/","https:\/\/www.linkedin.com\/company\/carideal.com","https:\/\/fr.pinterest.com\/schiavonsas\/","https:\/\/www.youtube.com\/user\/caridealsas"]},{"@type":"Person","@id":"https:\/\/www.carideal.com\/blog\/#\/schema\/person\/cd95dc7919660de90d31b366f85be1ec","name":"Nicolas SCHIAVON","image":{"@type":"ImageObject","inLanguage":"fr-FR","@id":"https:\/\/www.carideal.com\/blog\/#\/schema\/person\/image\/","url":"https:\/\/secure.gravatar.com\/avatar\/c17e55009e671d92cc7f5dc837dc418a?s=96&r=g","contentUrl":"https:\/\/secure.gravatar.com\/avatar\/c17e55009e671d92cc7f5dc837dc418a?s=96&r=g","caption":"Nicolas SCHIAVON"},"description":"Nicolas Schiavon est tomb\u00e9 tout petit dans la marmite automobile. Ayant eu un garage de marque automobile, mandataire automobile de la premi\u00e8re heure d\u00e8s 1999. Nicolas a cr\u00e9\u00e9 ces premiers sites de vente de voiture et blog automobile d\u00e8s 1994. Carideal est n\u00e9 le 15 d\u00e9cembre 2000 de la volont\u00e9 de vendre des voitures d'occasions en ligne puis des voitures neuves. Il a pu essayer beaucoup de voitures tr\u00e8s diff\u00e9rentes et ayant eu personnellement quelques belles autos, Subaru Impreza, Mitsubishi Lancer Evo 7, Porsche 911, Ferrari Testarrossa, Audi RS3, RS4 et j'en passe...","sameAs":["http:\/\/www.carideal.com","https:\/\/www.facebook.com\/nicolas.schiavon.39","https:\/\/www.instagram.com\/carideal1\/","https:\/\/www.linkedin.com\/in\/nschiavon\/","https:\/\/x.com\/caridealauto","https:\/\/www.youtube.com\/user\/caridealsas\/"],"url":"https:\/\/www.carideal.com\/blog\/author\/nschiavon\/"}]}},"uagb_featured_image_src":{"full":false,"thumbnail":false,"medium":false,"medium_large":false,"large":false,"1536x1536":false,"2048x2048":false,"wppr-widget":false},"uagb_author_info":{"display_name":"Nicolas SCHIAVON","author_link":"https:\/\/www.carideal.com\/blog\/author\/nschiavon\/"},"uagb_comment_info":0,"uagb_excerpt":"Eco taxe Co2 bonus malus Taxe CO2 Bonus Malus Grenelle de l'environnement Suite au grenelle de l'environnement notre gouvernement vient d'accoucher du nouveau bonus malus \u00e9colo ou \u00e9co taxe CO2 qui devrait rentrer en vigueur pour le mois de Janvier 2008 pour les voitures neuves seulement. On peut s'\u00e9tonner ; pourquoi seulement taxer les voitures\u2026","_links":{"self":[{"href":"https:\/\/www.carideal.com\/blog\/wp-json\/wp\/v2\/posts\/4573"}],"collection":[{"href":"https:\/\/www.carideal.com\/blog\/wp-json\/wp\/v2\/posts"}],"about":[{"href":"https:\/\/www.carideal.com\/blog\/wp-json\/wp\/v2\/types\/post"}],"author":[{"embeddable":true,"href":"https:\/\/www.carideal.com\/blog\/wp-json\/wp\/v2\/users\/3"}],"replies":[{"embeddable":true,"href":"https:\/\/www.carideal.com\/blog\/wp-json\/wp\/v2\/comments?post=4573"}],"version-history":[{"count":0,"href":"https:\/\/www.carideal.com\/blog\/wp-json\/wp\/v2\/posts\/4573\/revisions"}],"wp:attachment":[{"href":"https:\/\/www.carideal.com\/blog\/wp-json\/wp\/v2\/media?parent=4573"}],"wp:term":[{"taxonomy":"category","embeddable":true,"href":"https:\/\/www.carideal.com\/blog\/wp-json\/wp\/v2\/categories?post=4573"},{"taxonomy":"post_tag","embeddable":true,"href":"https:\/\/www.carideal.com\/blog\/wp-json\/wp\/v2\/tags?post=4573"}],"curies":[{"name":"wp","href":"https:\/\/api.w.org\/{rel}","templated":true}]}}