{"id":4572,"date":"2007-12-01T00:00:00","date_gmt":"2007-12-01T00:00:00","guid":{"rendered":"http:\/\/www.carideal.com\/blog\/2007\/12\/01\/audi-24h-du-mans-2008\/"},"modified":"2020-03-07T16:36:02","modified_gmt":"2020-03-07T15:36:02","slug":"audi-24h-du-mans-2008","status":"publish","type":"post","link":"https:\/\/www.carideal.com\/blog\/2007\/12\/01\/audi-24h-du-mans-2008\/","title":{"rendered":"Audi 24H du Mans 2008 c est confirm\u00e9"},"content":{"rendered":"<div>\n<figure style=\"width: 854px\" class=\"wp-caption alignnone\"><img loading=\"lazy\" decoding=\"async\" title=\"Audi 24H du Mans 2008\" src=\"http:\/\/www.carideal.com\/images_actualite\/audir10carideal-1196496708.jpg\" alt=\"Audi 24H du Mans 2008\" width=\"864\" height=\"468\" \/><figcaption class=\"wp-caption-text\">Audi 24H du Mans 2008<\/figcaption><\/figure>\n<h1><strong>Audi 24H du Mans 2008 en R10<\/strong><\/h1>\n<\/div>\n<p><strong>Audi 24H du Mans 2008<\/strong> : Le constructeur allemand <span style=\"text-decoration: underline;\">Audi<\/span> vient d'annoncer lors du salon d'Essen en Allemagne sa participation au prochaine 24h du Mans le 14 et 15 Juin 2008. Ce sont trois equipages qui prendront le d\u00e9part de la course, les m\u00eames qu'en 2007, les vainqueurs Frank Biela, Emanuele Pirro et Marco Werner. Audi a\u00a0pr\u00e9cis\u00e9 son intention d'ajouter un autre programe de courses en Europe sous les conditions qu'elles soients mieux et plus market\u00e9, qu'il y ait plus de couverture t\u00e9l\u00e9visuelle, et que l'<strong>automobile Club de L'ouest (ACO)<\/strong> reconnaisse le <strong>LMP1<\/strong> comme la cat\u00e9gorie reine.<\/p>\n<p>L'<strong>Audi R10<\/strong> sera \u00e9quip\u00e9e de son moteur V12 <span style=\"text-decoration: underline;\"><a href=\"http:\/\/www.carideal.com\/blog\/2009\/10\/27\/a4-tdi-120-nouveau-moteur\/\">TDI<\/a><\/span> de 5500 cm3 de deux turbocompresseurs et de <span style=\"text-decoration: underline;\"><a href=\"http:\/\/www.carideal.com\/blog\/2011\/03\/03\/reparation-entretien-fap-filtre-a-particule\/\">filtres \u00e0 particule<\/a><\/span>. La puissance sera de plus de 650 ch et 1100 Nm de couple pour cette Audi 24H du Mans 2008. Audi a investi pas mal d'argen dans le d\u00e9velloppement de son programme de moteur diesel, avce des solutions innovantes. Le constructeur souhaite que le programme LMP1 devienne mondial. Cela lui permet de <span style=\"text-decoration: underline;\"><a href=\"http:\/\/www.carideal.com\/blog\/2013\/11\/08\/volkswagen-veut-encourager-ses-diesels-tdi-aux-usa\/\">promouvoir les ventes de moteurs diesel aux \u00c9tats-Unis<\/a><\/span>.<\/p>\n<p>Le Carburant utilis\u00e9 par Audi Au 24H du Mans 2008, est un <span style=\"text-decoration: underline;\"><a href=\"http:\/\/www.carideal.com\/blog\/2013\/08\/07\/faut-il-accepter-la-hausse-des-taxes-sur-le-gazole-pour-sauver-nos-raffineries\/\">gazole<\/a><\/span> synth\u00e9tique.\u00a0\u00a0Le gazole de comp\u00e9tition contient du GTL (Gas-To-Liquid) fabriqu\u00e9 \u00e0 partir de gaz naturel. Ce Gazole sp\u00e9cifique est fabriqu\u00e9 dans une usine sp\u00e9cifique\u00a0du groupe Shell en Malaisie. Audi au 24H du Mans 2008 utilisera un Gazole dont l'indice de c\u00e9tane, c'est-\u00e0-dire d'auto-inflammation, tourne autour de 75 contre 55 pour le gazole normal.<\/p>\n<h2>Essais Audi 24H du Mans 2008 en R10<\/h2>\n<p>Au terme des Essais des 24 H du Mans 2008 Audi termine 4\u00b0me avec Sa R10 :<br \/>\n4\u00e8me - avec un temps de 3'23\"847 pour boucler le tour.<\/p>\n<h2>Course Audi 24H du Mans 2008 en R10<\/h2>\n<p>Lors de la Course des 24H du Mans 2008, c'est l'\u00e9quipage\u00a0Rinaldo Capello Allan McNish Tom Kristensen sur son Audi R10 qui termine premier avec\u00a0381 Tours\u00a0et\u00a05192.649 Km parcourus. Leur meilleur\u00a0tour a \u00e9t\u00e9 ex\u00e9cut\u00e9 en\u00a03'24''152. Ils ont parcourus une moyenne de 240.692 Km\/h.<\/p>\n<p>La Peugeot 908 arrive deuxi\u00e8me avec son \u00e9quipage\u00a0Marc Gene, Nicolas Minassian, Jacques Villeneuve en\u00a0381 Tours et\u00a05192.649 Km \u00e0 une vitesse moyenne de\u00a0216.36 km\/h. Ils ont effectu\u00e9s leur meilleur tour en\u00a03'21''438.<\/p>\n<h2>Vid\u00e9o Audi 24H du Mans 2008 en R10<\/h2>\n<p><iframe loading=\"lazy\" src=\"https:\/\/www.youtube.com\/embed\/6qk71uziXZI\" width=\"420\" height=\"315\" frameborder=\"0\" allowfullscreen=\"allowfullscreen\"><\/iframe><\/p>\n","protected":false},"excerpt":{"rendered":"<p>Audi 24H du Mans 2008 en R10 Audi 24H du Mans 2008 : Le constructeur allemand Audi vient d&rsquo;annoncer lors du salon d&rsquo;Essen en Allemagne sa participation au prochaine 24h du Mans le 14 et 15 Juin 2008. Ce sont trois equipages qui prendront le d\u00e9part de la course, les m\u00eames qu&rsquo;en 2007, les vainqueurs &#8230; <a title=\"Audi 24H du Mans 2008 c est confirm\u00e9\" class=\"read-more\" href=\"https:\/\/www.carideal.com\/blog\/2007\/12\/01\/audi-24h-du-mans-2008\/\" aria-label=\"En savoir plus sur Audi 24H du Mans 2008 c est confirm\u00e9\">Lire plus<\/a><\/p>\n","protected":false},"author":3,"featured_media":0,"comment_status":"open","ping_status":"open","sticky":false,"template":"","format":"standard","meta":{"_uag_custom_page_level_css":"","_themeisle_gutenberg_block_has_review":false,"footnotes":""},"categories":[5978,21,5944,5972,16],"tags":[],"class_list":["post-4572","post","type-post","status-publish","format-standard","hentry","category-audi","category-actualites-auto","category-constructeur","category-salons","category-sport-auto"],"wppr_data":[],"yoast_head":"<!-- This site is optimized with the Yoast SEO plugin v24.8.1 - https:\/\/yoast.com\/wordpress\/plugins\/seo\/ -->\n<title>Audi 24H du Mans 2008 c est confirm\u00e9 - Blog auto Carid\u00e9al<\/title>\n<meta name=\"description\" content=\"Audi 24H du Mans 2008 : Audi vient d&#039;annoncer lors du salon d&#039;Essen en Allemagne sa participation au prochaine 24h du Mans le 14 et 15 Juin 2008\" \/>\n<meta name=\"robots\" content=\"index, follow, max-snippet:-1, max-image-preview:large, max-video-preview:-1\" \/>\n<link rel=\"canonical\" href=\"https:\/\/www.carideal.com\/blog\/2007\/12\/01\/audi-24h-du-mans-2008\/\" \/>\n<meta property=\"og:locale\" content=\"fr_FR\" \/>\n<meta property=\"og:type\" content=\"article\" \/>\n<meta property=\"og:title\" content=\"Audi 24H du Mans 2008 c est confirm\u00e9 - Blog auto Carid\u00e9al\" \/>\n<meta property=\"og:description\" content=\"Audi 24H du Mans 2008 : Audi vient d&#039;annoncer lors du salon d&#039;Essen en Allemagne sa participation au prochaine 24h du Mans le 14 et 15 Juin 2008\" \/>\n<meta property=\"og:url\" content=\"https:\/\/www.carideal.com\/blog\/2007\/12\/01\/audi-24h-du-mans-2008\/\" \/>\n<meta property=\"og:site_name\" content=\"Blog auto Carid\u00e9al\" \/>\n<meta property=\"article:publisher\" content=\"https:\/\/www.facebook.com\/Carideal.mandataire.automobile\" \/>\n<meta property=\"article:author\" content=\"https:\/\/www.facebook.com\/nicolas.schiavon.39\" \/>\n<meta property=\"article:published_time\" content=\"2007-12-01T00:00:00+00:00\" \/>\n<meta property=\"article:modified_time\" content=\"2020-03-07T15:36:02+00:00\" \/>\n<meta property=\"og:image\" content=\"http:\/\/www.carideal.com\/images_actualite\/audir10carideal-1196496708.jpg\" \/>\n<meta name=\"author\" content=\"Nicolas SCHIAVON\" \/>\n<meta name=\"twitter:card\" content=\"summary_large_image\" \/>\n<meta name=\"twitter:creator\" content=\"@caridealauto\" \/>\n<meta name=\"twitter:site\" content=\"@caridealauto\" \/>\n<meta name=\"twitter:label1\" content=\"\u00c9crit par\" \/>\n\t<meta name=\"twitter:data1\" content=\"Nicolas SCHIAVON\" \/>\n\t<meta name=\"twitter:label2\" content=\"Dur\u00e9e de lecture estim\u00e9e\" \/>\n\t<meta name=\"twitter:data2\" content=\"2 minutes\" \/>\n<script type=\"application\/ld+json\" class=\"yoast-schema-graph\">{\"@context\":\"https:\/\/schema.org\",\"@graph\":[{\"@type\":\"Article\",\"@id\":\"https:\/\/www.carideal.com\/blog\/2007\/12\/01\/audi-24h-du-mans-2008\/#article\",\"isPartOf\":{\"@id\":\"https:\/\/www.carideal.com\/blog\/2007\/12\/01\/audi-24h-du-mans-2008\/\"},\"author\":{\"name\":\"Nicolas SCHIAVON\",\"@id\":\"https:\/\/www.carideal.com\/blog\/#\/schema\/person\/cd95dc7919660de90d31b366f85be1ec\"},\"headline\":\"Audi 24H du Mans 2008 c est confirm\u00e9\",\"datePublished\":\"2007-12-01T00:00:00+00:00\",\"dateModified\":\"2020-03-07T15:36:02+00:00\",\"mainEntityOfPage\":{\"@id\":\"https:\/\/www.carideal.com\/blog\/2007\/12\/01\/audi-24h-du-mans-2008\/\"},\"wordCount\":394,\"commentCount\":0,\"publisher\":{\"@id\":\"https:\/\/www.carideal.com\/blog\/#organization\"},\"image\":{\"@id\":\"https:\/\/www.carideal.com\/blog\/2007\/12\/01\/audi-24h-du-mans-2008\/#primaryimage\"},\"thumbnailUrl\":\"http:\/\/www.carideal.com\/images_actualite\/audir10carideal-1196496708.jpg\",\"articleSection\":[\"Actualit\u00e9 Audi\",\"Actualit\u00e9 automobile\",\"Actualit\u00e9 Constructeur automobile\",\"Salon automobile\",\"Sport Automobile\"],\"inLanguage\":\"fr-FR\",\"potentialAction\":[{\"@type\":\"CommentAction\",\"name\":\"Comment\",\"target\":[\"https:\/\/www.carideal.com\/blog\/2007\/12\/01\/audi-24h-du-mans-2008\/#respond\"]}]},{\"@type\":\"WebPage\",\"@id\":\"https:\/\/www.carideal.com\/blog\/2007\/12\/01\/audi-24h-du-mans-2008\/\",\"url\":\"https:\/\/www.carideal.com\/blog\/2007\/12\/01\/audi-24h-du-mans-2008\/\",\"name\":\"Audi 24H du Mans 2008 c est confirm\u00e9 - Blog auto Carid\u00e9al\",\"isPartOf\":{\"@id\":\"https:\/\/www.carideal.com\/blog\/#website\"},\"primaryImageOfPage\":{\"@id\":\"https:\/\/www.carideal.com\/blog\/2007\/12\/01\/audi-24h-du-mans-2008\/#primaryimage\"},\"image\":{\"@id\":\"https:\/\/www.carideal.com\/blog\/2007\/12\/01\/audi-24h-du-mans-2008\/#primaryimage\"},\"thumbnailUrl\":\"http:\/\/www.carideal.com\/images_actualite\/audir10carideal-1196496708.jpg\",\"datePublished\":\"2007-12-01T00:00:00+00:00\",\"dateModified\":\"2020-03-07T15:36:02+00:00\",\"description\":\"Audi 24H du Mans 2008 : Audi vient d'annoncer lors du salon d'Essen en Allemagne sa participation au prochaine 24h du Mans le 14 et 15 Juin 2008\",\"breadcrumb\":{\"@id\":\"https:\/\/www.carideal.com\/blog\/2007\/12\/01\/audi-24h-du-mans-2008\/#breadcrumb\"},\"inLanguage\":\"fr-FR\",\"potentialAction\":[{\"@type\":\"ReadAction\",\"target\":[\"https:\/\/www.carideal.com\/blog\/2007\/12\/01\/audi-24h-du-mans-2008\/\"]}]},{\"@type\":\"ImageObject\",\"inLanguage\":\"fr-FR\",\"@id\":\"https:\/\/www.carideal.com\/blog\/2007\/12\/01\/audi-24h-du-mans-2008\/#primaryimage\",\"url\":\"http:\/\/www.carideal.com\/images_actualite\/audir10carideal-1196496708.jpg\",\"contentUrl\":\"http:\/\/www.carideal.com\/images_actualite\/audir10carideal-1196496708.jpg\"},{\"@type\":\"BreadcrumbList\",\"@id\":\"https:\/\/www.carideal.com\/blog\/2007\/12\/01\/audi-24h-du-mans-2008\/#breadcrumb\",\"itemListElement\":[{\"@type\":\"ListItem\",\"position\":1,\"name\":\"Blog Carid\u00e9al\",\"item\":\"https:\/\/www.carideal.com\/blog\/\"},{\"@type\":\"ListItem\",\"position\":2,\"name\":\"Actualit\u00e9 automobile\",\"item\":\"https:\/\/www.carideal.com\/blog\/actualites-auto\/\"},{\"@type\":\"ListItem\",\"position\":3,\"name\":\"Audi 24H du Mans 2008 c est confirm\u00e9\"}]},{\"@type\":\"WebSite\",\"@id\":\"https:\/\/www.carideal.com\/blog\/#website\",\"url\":\"https:\/\/www.carideal.com\/blog\/\",\"name\":\"Blog auto Carid\u00e9al\",\"description\":\"Actualit\u00e9 auto par des passionn\u00e9s\",\"publisher\":{\"@id\":\"https:\/\/www.carideal.com\/blog\/#organization\"},\"potentialAction\":[{\"@type\":\"SearchAction\",\"target\":{\"@type\":\"EntryPoint\",\"urlTemplate\":\"https:\/\/www.carideal.com\/blog\/?s={search_term_string}\"},\"query-input\":{\"@type\":\"PropertyValueSpecification\",\"valueRequired\":true,\"valueName\":\"search_term_string\"}}],\"inLanguage\":\"fr-FR\"},{\"@type\":\"Organization\",\"@id\":\"https:\/\/www.carideal.com\/blog\/#organization\",\"name\":\"Carideal\",\"url\":\"https:\/\/www.carideal.com\/blog\/\",\"logo\":{\"@type\":\"ImageObject\",\"inLanguage\":\"fr-FR\",\"@id\":\"https:\/\/www.carideal.com\/blog\/#\/schema\/logo\/image\/\",\"url\":\"http:\/\/www.carideal.com\/blog\/wp-content\/uploads\/2016\/03\/logo-carideal-mandataire-automobile.png\",\"contentUrl\":\"http:\/\/www.carideal.com\/blog\/wp-content\/uploads\/2016\/03\/logo-carideal-mandataire-automobile.png\",\"width\":300,\"height\":300,\"caption\":\"Carideal\"},\"image\":{\"@id\":\"https:\/\/www.carideal.com\/blog\/#\/schema\/logo\/image\/\"},\"sameAs\":[\"https:\/\/www.facebook.com\/Carideal.mandataire.automobile\",\"https:\/\/x.com\/caridealauto\",\"https:\/\/www.instagram.com\/carideal1\/\",\"https:\/\/www.linkedin.com\/company\/carideal.com\",\"https:\/\/fr.pinterest.com\/schiavonsas\/\",\"https:\/\/www.youtube.com\/user\/caridealsas\"]},{\"@type\":\"Person\",\"@id\":\"https:\/\/www.carideal.com\/blog\/#\/schema\/person\/cd95dc7919660de90d31b366f85be1ec\",\"name\":\"Nicolas SCHIAVON\",\"image\":{\"@type\":\"ImageObject\",\"inLanguage\":\"fr-FR\",\"@id\":\"https:\/\/www.carideal.com\/blog\/#\/schema\/person\/image\/\",\"url\":\"https:\/\/secure.gravatar.com\/avatar\/c17e55009e671d92cc7f5dc837dc418a?s=96&r=g\",\"contentUrl\":\"https:\/\/secure.gravatar.com\/avatar\/c17e55009e671d92cc7f5dc837dc418a?s=96&r=g\",\"caption\":\"Nicolas SCHIAVON\"},\"description\":\"Nicolas Schiavon est tomb\u00e9 tout petit dans la marmite automobile. Ayant eu un garage de marque automobile, mandataire automobile de la premi\u00e8re heure d\u00e8s 1999. Nicolas a cr\u00e9\u00e9 ces premiers sites de vente de voiture et blog automobile d\u00e8s 1994. Carideal est n\u00e9 le 15 d\u00e9cembre 2000 de la volont\u00e9 de vendre des voitures d'occasions en ligne puis des voitures neuves. Il a pu essayer beaucoup de voitures tr\u00e8s diff\u00e9rentes et ayant eu personnellement quelques belles autos, Subaru Impreza, Mitsubishi Lancer Evo 7, Porsche 911, Ferrari Testarrossa, Audi RS3, RS4 et j'en passe...\",\"sameAs\":[\"http:\/\/www.carideal.com\",\"https:\/\/www.facebook.com\/nicolas.schiavon.39\",\"https:\/\/www.instagram.com\/carideal1\/\",\"https:\/\/www.linkedin.com\/in\/nschiavon\/\",\"https:\/\/x.com\/caridealauto\",\"https:\/\/www.youtube.com\/user\/caridealsas\/\"],\"url\":\"https:\/\/www.carideal.com\/blog\/author\/nschiavon\/\"}]}<\/script>\n<!-- \/ Yoast SEO plugin. -->","yoast_head_json":{"title":"Audi 24H du Mans 2008 c est confirm\u00e9 - Blog auto Carid\u00e9al","description":"Audi 24H du Mans 2008 : Audi vient d'annoncer lors du salon d'Essen en Allemagne sa participation au prochaine 24h du Mans le 14 et 15 Juin 2008","robots":{"index":"index","follow":"follow","max-snippet":"max-snippet:-1","max-image-preview":"max-image-preview:large","max-video-preview":"max-video-preview:-1"},"canonical":"https:\/\/www.carideal.com\/blog\/2007\/12\/01\/audi-24h-du-mans-2008\/","og_locale":"fr_FR","og_type":"article","og_title":"Audi 24H du Mans 2008 c est confirm\u00e9 - Blog auto Carid\u00e9al","og_description":"Audi 24H du Mans 2008 : Audi vient d'annoncer lors du salon d'Essen en Allemagne sa participation au prochaine 24h du Mans le 14 et 15 Juin 2008","og_url":"https:\/\/www.carideal.com\/blog\/2007\/12\/01\/audi-24h-du-mans-2008\/","og_site_name":"Blog auto Carid\u00e9al","article_publisher":"https:\/\/www.facebook.com\/Carideal.mandataire.automobile","article_author":"https:\/\/www.facebook.com\/nicolas.schiavon.39","article_published_time":"2007-12-01T00:00:00+00:00","article_modified_time":"2020-03-07T15:36:02+00:00","og_image":[{"url":"http:\/\/www.carideal.com\/images_actualite\/audir10carideal-1196496708.jpg","type":"","width":"","height":""}],"author":"Nicolas SCHIAVON","twitter_card":"summary_large_image","twitter_creator":"@caridealauto","twitter_site":"@caridealauto","twitter_misc":{"\u00c9crit par":"Nicolas SCHIAVON","Dur\u00e9e de lecture estim\u00e9e":"2 minutes"},"schema":{"@context":"https:\/\/schema.org","@graph":[{"@type":"Article","@id":"https:\/\/www.carideal.com\/blog\/2007\/12\/01\/audi-24h-du-mans-2008\/#article","isPartOf":{"@id":"https:\/\/www.carideal.com\/blog\/2007\/12\/01\/audi-24h-du-mans-2008\/"},"author":{"name":"Nicolas SCHIAVON","@id":"https:\/\/www.carideal.com\/blog\/#\/schema\/person\/cd95dc7919660de90d31b366f85be1ec"},"headline":"Audi 24H du Mans 2008 c est confirm\u00e9","datePublished":"2007-12-01T00:00:00+00:00","dateModified":"2020-03-07T15:36:02+00:00","mainEntityOfPage":{"@id":"https:\/\/www.carideal.com\/blog\/2007\/12\/01\/audi-24h-du-mans-2008\/"},"wordCount":394,"commentCount":0,"publisher":{"@id":"https:\/\/www.carideal.com\/blog\/#organization"},"image":{"@id":"https:\/\/www.carideal.com\/blog\/2007\/12\/01\/audi-24h-du-mans-2008\/#primaryimage"},"thumbnailUrl":"http:\/\/www.carideal.com\/images_actualite\/audir10carideal-1196496708.jpg","articleSection":["Actualit\u00e9 Audi","Actualit\u00e9 automobile","Actualit\u00e9 Constructeur automobile","Salon automobile","Sport Automobile"],"inLanguage":"fr-FR","potentialAction":[{"@type":"CommentAction","name":"Comment","target":["https:\/\/www.carideal.com\/blog\/2007\/12\/01\/audi-24h-du-mans-2008\/#respond"]}]},{"@type":"WebPage","@id":"https:\/\/www.carideal.com\/blog\/2007\/12\/01\/audi-24h-du-mans-2008\/","url":"https:\/\/www.carideal.com\/blog\/2007\/12\/01\/audi-24h-du-mans-2008\/","name":"Audi 24H du Mans 2008 c est confirm\u00e9 - Blog auto Carid\u00e9al","isPartOf":{"@id":"https:\/\/www.carideal.com\/blog\/#website"},"primaryImageOfPage":{"@id":"https:\/\/www.carideal.com\/blog\/2007\/12\/01\/audi-24h-du-mans-2008\/#primaryimage"},"image":{"@id":"https:\/\/www.carideal.com\/blog\/2007\/12\/01\/audi-24h-du-mans-2008\/#primaryimage"},"thumbnailUrl":"http:\/\/www.carideal.com\/images_actualite\/audir10carideal-1196496708.jpg","datePublished":"2007-12-01T00:00:00+00:00","dateModified":"2020-03-07T15:36:02+00:00","description":"Audi 24H du Mans 2008 : Audi vient d'annoncer lors du salon d'Essen en Allemagne sa participation au prochaine 24h du Mans le 14 et 15 Juin 2008","breadcrumb":{"@id":"https:\/\/www.carideal.com\/blog\/2007\/12\/01\/audi-24h-du-mans-2008\/#breadcrumb"},"inLanguage":"fr-FR","potentialAction":[{"@type":"ReadAction","target":["https:\/\/www.carideal.com\/blog\/2007\/12\/01\/audi-24h-du-mans-2008\/"]}]},{"@type":"ImageObject","inLanguage":"fr-FR","@id":"https:\/\/www.carideal.com\/blog\/2007\/12\/01\/audi-24h-du-mans-2008\/#primaryimage","url":"http:\/\/www.carideal.com\/images_actualite\/audir10carideal-1196496708.jpg","contentUrl":"http:\/\/www.carideal.com\/images_actualite\/audir10carideal-1196496708.jpg"},{"@type":"BreadcrumbList","@id":"https:\/\/www.carideal.com\/blog\/2007\/12\/01\/audi-24h-du-mans-2008\/#breadcrumb","itemListElement":[{"@type":"ListItem","position":1,"name":"Blog Carid\u00e9al","item":"https:\/\/www.carideal.com\/blog\/"},{"@type":"ListItem","position":2,"name":"Actualit\u00e9 automobile","item":"https:\/\/www.carideal.com\/blog\/actualites-auto\/"},{"@type":"ListItem","position":3,"name":"Audi 24H du Mans 2008 c est confirm\u00e9"}]},{"@type":"WebSite","@id":"https:\/\/www.carideal.com\/blog\/#website","url":"https:\/\/www.carideal.com\/blog\/","name":"Blog auto Carid\u00e9al","description":"Actualit\u00e9 auto par des passionn\u00e9s","publisher":{"@id":"https:\/\/www.carideal.com\/blog\/#organization"},"potentialAction":[{"@type":"SearchAction","target":{"@type":"EntryPoint","urlTemplate":"https:\/\/www.carideal.com\/blog\/?s={search_term_string}"},"query-input":{"@type":"PropertyValueSpecification","valueRequired":true,"valueName":"search_term_string"}}],"inLanguage":"fr-FR"},{"@type":"Organization","@id":"https:\/\/www.carideal.com\/blog\/#organization","name":"Carideal","url":"https:\/\/www.carideal.com\/blog\/","logo":{"@type":"ImageObject","inLanguage":"fr-FR","@id":"https:\/\/www.carideal.com\/blog\/#\/schema\/logo\/image\/","url":"http:\/\/www.carideal.com\/blog\/wp-content\/uploads\/2016\/03\/logo-carideal-mandataire-automobile.png","contentUrl":"http:\/\/www.carideal.com\/blog\/wp-content\/uploads\/2016\/03\/logo-carideal-mandataire-automobile.png","width":300,"height":300,"caption":"Carideal"},"image":{"@id":"https:\/\/www.carideal.com\/blog\/#\/schema\/logo\/image\/"},"sameAs":["https:\/\/www.facebook.com\/Carideal.mandataire.automobile","https:\/\/x.com\/caridealauto","https:\/\/www.instagram.com\/carideal1\/","https:\/\/www.linkedin.com\/company\/carideal.com","https:\/\/fr.pinterest.com\/schiavonsas\/","https:\/\/www.youtube.com\/user\/caridealsas"]},{"@type":"Person","@id":"https:\/\/www.carideal.com\/blog\/#\/schema\/person\/cd95dc7919660de90d31b366f85be1ec","name":"Nicolas SCHIAVON","image":{"@type":"ImageObject","inLanguage":"fr-FR","@id":"https:\/\/www.carideal.com\/blog\/#\/schema\/person\/image\/","url":"https:\/\/secure.gravatar.com\/avatar\/c17e55009e671d92cc7f5dc837dc418a?s=96&r=g","contentUrl":"https:\/\/secure.gravatar.com\/avatar\/c17e55009e671d92cc7f5dc837dc418a?s=96&r=g","caption":"Nicolas SCHIAVON"},"description":"Nicolas Schiavon est tomb\u00e9 tout petit dans la marmite automobile. Ayant eu un garage de marque automobile, mandataire automobile de la premi\u00e8re heure d\u00e8s 1999. Nicolas a cr\u00e9\u00e9 ces premiers sites de vente de voiture et blog automobile d\u00e8s 1994. Carideal est n\u00e9 le 15 d\u00e9cembre 2000 de la volont\u00e9 de vendre des voitures d'occasions en ligne puis des voitures neuves. Il a pu essayer beaucoup de voitures tr\u00e8s diff\u00e9rentes et ayant eu personnellement quelques belles autos, Subaru Impreza, Mitsubishi Lancer Evo 7, Porsche 911, Ferrari Testarrossa, Audi RS3, RS4 et j'en passe...","sameAs":["http:\/\/www.carideal.com","https:\/\/www.facebook.com\/nicolas.schiavon.39","https:\/\/www.instagram.com\/carideal1\/","https:\/\/www.linkedin.com\/in\/nschiavon\/","https:\/\/x.com\/caridealauto","https:\/\/www.youtube.com\/user\/caridealsas\/"],"url":"https:\/\/www.carideal.com\/blog\/author\/nschiavon\/"}]}},"uagb_featured_image_src":{"full":false,"thumbnail":false,"medium":false,"medium_large":false,"large":false,"1536x1536":false,"2048x2048":false,"wppr-widget":false},"uagb_author_info":{"display_name":"Nicolas SCHIAVON","author_link":"https:\/\/www.carideal.com\/blog\/author\/nschiavon\/"},"uagb_comment_info":0,"uagb_excerpt":"Audi 24H du Mans 2008 en R10 Audi 24H du Mans 2008 : Le constructeur allemand Audi vient d'annoncer lors du salon d'Essen en Allemagne sa participation au prochaine 24h du Mans le 14 et 15 Juin 2008. Ce sont trois equipages qui prendront le d\u00e9part de la course, les m\u00eames qu'en 2007, les vainqueurs\u2026","_links":{"self":[{"href":"https:\/\/www.carideal.com\/blog\/wp-json\/wp\/v2\/posts\/4572"}],"collection":[{"href":"https:\/\/www.carideal.com\/blog\/wp-json\/wp\/v2\/posts"}],"about":[{"href":"https:\/\/www.carideal.com\/blog\/wp-json\/wp\/v2\/types\/post"}],"author":[{"embeddable":true,"href":"https:\/\/www.carideal.com\/blog\/wp-json\/wp\/v2\/users\/3"}],"replies":[{"embeddable":true,"href":"https:\/\/www.carideal.com\/blog\/wp-json\/wp\/v2\/comments?post=4572"}],"version-history":[{"count":0,"href":"https:\/\/www.carideal.com\/blog\/wp-json\/wp\/v2\/posts\/4572\/revisions"}],"wp:attachment":[{"href":"https:\/\/www.carideal.com\/blog\/wp-json\/wp\/v2\/media?parent=4572"}],"wp:term":[{"taxonomy":"category","embeddable":true,"href":"https:\/\/www.carideal.com\/blog\/wp-json\/wp\/v2\/categories?post=4572"},{"taxonomy":"post_tag","embeddable":true,"href":"https:\/\/www.carideal.com\/blog\/wp-json\/wp\/v2\/tags?post=4572"}],"curies":[{"name":"wp","href":"https:\/\/api.w.org\/{rel}","templated":true}]}}