{"id":4569,"date":"2007-11-28T00:00:00","date_gmt":"2007-11-28T00:00:00","guid":{"rendered":"http:\/\/www.carideal.com\/blog\/2007\/11\/28\/le-sceo-de-shuanghuan\/"},"modified":"2020-03-31T17:05:52","modified_gmt":"2020-03-31T15:05:52","slug":"le-sceo-de-shuanghuan","status":"publish","type":"post","link":"https:\/\/www.carideal.com\/blog\/2007\/11\/28\/le-sceo-de-shuanghuan\/","title":{"rendered":"Le SCEO de Shuanghuan"},"content":{"rendered":"\n<h2 class=\"wp-block-heading\">SCEO de Shuanghuan<\/h2>\n\n\n\n<p>Au salon de Francfort 2007, c'est la premi\u00e8re fois que le <strong>Sceo Shuanghuan<\/strong> sera pr\u00e9sent\u00e9 dans un salon de l'automobile europ\u00e9en. L'objectif est de commercialiser ce v\u00e9hicule en France, en Belgique et aux Pays-Bas avant la fin du troisi\u00e8me trimestre 2007. C'est le premier <a href=\"http:\/\/www.carideal.com\/blog\/2007\/11\/27\/l-industrie-automobile-chinoise\/\">4x4 chinois<\/a> \u00e0 \u00eatre homologu\u00e9 en Europe (le 20 juillet 2007).<\/p>\n\n\n\n<figure class=\"wp-block-image size-full\"><img loading=\"lazy\" decoding=\"async\" width=\"600\" height=\"400\" src=\"http:\/\/www.carideal.com\/blog\/wp-content\/uploads\/2007\/11\/sceo-shuanghuan.jpg\" alt=\"Sceo Shuanghuan\" class=\"wp-image-24886\" srcset=\"https:\/\/www.carideal.com\/blog\/wp-content\/uploads\/2007\/11\/sceo-shuanghuan.jpg 600w, https:\/\/www.carideal.com\/blog\/wp-content\/uploads\/2007\/11\/sceo-shuanghuan-300x200.jpg 300w, https:\/\/www.carideal.com\/blog\/wp-content\/uploads\/2007\/11\/sceo-shuanghuan-50x33.jpg 50w, https:\/\/www.carideal.com\/blog\/wp-content\/uploads\/2007\/11\/sceo-shuanghuan-110x73.jpg 110w, https:\/\/www.carideal.com\/blog\/wp-content\/uploads\/2007\/11\/sceo-shuanghuan-420x280.jpg 420w, https:\/\/www.carideal.com\/blog\/wp-content\/uploads\/2007\/11\/sceo-shuanghuan-272x182.jpg 272w\" sizes=\"(max-width: 600px) 100vw, 600px\" \/><figcaption>Sceo Shuanghuan<\/figcaption><\/figure>\n\n\n\n<p>Shuanghuan, avec son Sceo souhaite r\u00e9pondre \u00e0 toutes les attentes des automobilistes : la passion de l'automobile, de conduire, ... Ainsi que la qualit\u00e9 et la s\u00e9curit\u00e9.<\/p>\n\n\n\n<ul class=\"wp-block-list\"><li><a href=\"http:\/\/www.carideal.com\/blog\/2007\/11\/27\/l-industrie-automobile-chinoise\/\">Les marques de voiture chinoise<\/a><\/li><\/ul>\n\n\n\n<p>Sceo a r\u00e9ussi son \"pari\", il a rempli les normes de construction et de s\u00e9curit\u00e9 les plus exigeantes du march\u00e9 automobile.<br>A l'int\u00e9rieur les commandes sont plac\u00e9es de fa\u00e7on \u00e0 ce qu'elle soit directement sous la main de son automobiliste.<\/p>\n\n\n\n<p>Les \u00e9quipements sont simples \u00e0 utiliser. En ce qui concerne la conception du tableau de bord, les mat\u00e9riaux tels que\u00a0le cuir, plastique souples ou durs imitant le carbone sont utilis\u00e9s pour la qualit\u00e9 du v\u00e9hicule.<br>Habitacle confortable et luxueux. La banquette arri\u00e8re admet jusqu'\u00e0 trois adultes et leurs assure un voyage confortable. De plus, on peut voyager avec une charge encombrante car la banquette est rabattable en 2 parties.<\/p>\n\n\n\n<p>Sceo a eut recours au centre de recherche de Mitsubishi pour la fabrication de ses moteurs essence car Shuanghuan voulait que son Sceo soit \u00e9quip\u00e9 d'une motorisation fiable, de qualit\u00e9 et respectant les normes environnementales.<\/p>\n\n\n\n<p>Ce moteur rempli correctement les normes Europ\u00e9ennes concernant les \u00e9missions de pollution, Euro 4. Bient\u00f4t, une\u00a0version \u00e0 boite automatique sera propos\u00e9e en option. Au d\u00e9but du second trimestre 2007, le Sceo proposera une motorisation diesel. Son r\u00e9servoir de 60 litres lui offre la possibilit\u00e9 de r\u00e9aliser de longs trajets, d'autant plus que sa consommation reste correcte.<\/p>\n\n\n\n<h3 class=\"wp-block-heading\">Articles similaires<\/h3>\n\n\n\n<div style=\"height:50px\" aria-hidden=\"true\" class=\"wp-block-spacer\"><\/div>\n\n\n\n\n\n<p>Pour le ch\u00e2ssis, ils sont, aussi, pass\u00e9s par le centre de design de Mitsubishi car c'est un des sp\u00e9cialistes&nbsp;du tout terrain mondial. Le Sceo a donc \u00e9t\u00e9 con\u00e7u avec des suspensions Macpherson \u00e0 l'avant et des ressort h\u00e9lico\u00efdaux \u00e0 l'arri\u00e8re ; ce qui lui offre la possibilit\u00e9 de faire du tout terrain ainsi que des longs trajets sur routes et autoroutes dans un grand confort.<\/p>\n\n\n\n<p>En ce qui concerne la s\u00e9curit\u00e9 le sceo est \u00e9quip\u00e9 de :<br>- renforts de caisse et de portes;<br>- radars de recul int\u00e9gr\u00e9s;<br>- double airbags frontaux;<br>- r\u00e9troviseurs \u00e9lectriques chauffants;<br>- jantes alliages;<br>- pneus 236\/65 R17.<\/p>\n\n\n\n<p>Shuanghuan proposera deux finitions au choix : Lux version d'entr\u00e9e de gamme avec des \u00e9quipements simplifi\u00e9s et le Grand Lux avec un \u00e9quipement de s\u00e9rie tr\u00e8s complet. Mais ses deux finitions poss\u00e8de la sellerie cuir et la peinture m\u00e9tallis\u00e9e. Ces deux mod\u00e8les sont propos\u00e9s soit en deux soit en quatre roues motrices.<\/p>\n\n\n\n<p>Les \u00e9quipements propos\u00e9s sont susceptibles d'\u00eatre modifi\u00e9 avent sa commercialisation en France.<\/p>\n","protected":false},"excerpt":{"rendered":"<p>SCEO de Shuanghuan Au salon de Francfort 2007, c&rsquo;est la premi\u00e8re fois que le Sceo Shuanghuan sera pr\u00e9sent\u00e9 dans un salon de l&rsquo;automobile europ\u00e9en. L&rsquo;objectif est de commercialiser ce v\u00e9hicule en France, en Belgique et aux Pays-Bas avant la fin du troisi\u00e8me trimestre 2007. C&rsquo;est le premier 4&#215;4 chinois \u00e0 \u00eatre homologu\u00e9 en Europe (le &#8230; <a title=\"Le SCEO de Shuanghuan\" class=\"read-more\" href=\"https:\/\/www.carideal.com\/blog\/2007\/11\/28\/le-sceo-de-shuanghuan\/\" aria-label=\"En savoir plus sur Le SCEO de Shuanghuan\">Lire plus<\/a><\/p>\n","protected":false},"author":3,"featured_media":24886,"comment_status":"open","ping_status":"open","sticky":false,"template":"","format":"standard","meta":{"_uag_custom_page_level_css":"","_themeisle_gutenberg_block_has_review":false,"footnotes":""},"categories":[21],"tags":[],"class_list":["post-4569","post","type-post","status-publish","format-standard","has-post-thumbnail","hentry","category-actualites-auto"],"wppr_data":{"cwp_meta_box_check":"No"},"yoast_head":"<!-- This site is optimized with the Yoast SEO plugin v24.8.1 - https:\/\/yoast.com\/wordpress\/plugins\/seo\/ -->\n<title>Le SCEO de Shuanghuan - Blog auto Carid\u00e9al<\/title>\n<meta name=\"description\" content=\"Au salon de Francfort 2007, c&#039;est la premi\u00e8re fois que le Sceo Shuanghuan sera pr\u00e9sent\u00e9 dans un salon de l&#039;automobile europ\u00e9en\" \/>\n<meta name=\"robots\" content=\"index, follow, max-snippet:-1, max-image-preview:large, max-video-preview:-1\" \/>\n<link rel=\"canonical\" href=\"https:\/\/www.carideal.com\/blog\/2007\/11\/28\/le-sceo-de-shuanghuan\/\" \/>\n<meta property=\"og:locale\" content=\"fr_FR\" \/>\n<meta property=\"og:type\" content=\"article\" \/>\n<meta property=\"og:title\" content=\"Le SCEO de Shuanghuan - Blog auto Carid\u00e9al\" \/>\n<meta property=\"og:description\" content=\"Au salon de Francfort 2007, c&#039;est la premi\u00e8re fois que le Sceo Shuanghuan sera pr\u00e9sent\u00e9 dans un salon de l&#039;automobile europ\u00e9en\" \/>\n<meta property=\"og:url\" content=\"https:\/\/www.carideal.com\/blog\/2007\/11\/28\/le-sceo-de-shuanghuan\/\" \/>\n<meta property=\"og:site_name\" content=\"Blog auto Carid\u00e9al\" \/>\n<meta property=\"article:publisher\" content=\"https:\/\/www.facebook.com\/Carideal.mandataire.automobile\" \/>\n<meta property=\"article:author\" content=\"https:\/\/www.facebook.com\/nicolas.schiavon.39\" \/>\n<meta property=\"article:published_time\" content=\"2007-11-28T00:00:00+00:00\" \/>\n<meta property=\"article:modified_time\" content=\"2020-03-31T15:05:52+00:00\" \/>\n<meta property=\"og:image\" content=\"https:\/\/www.carideal.com\/blog\/wp-content\/uploads\/2007\/11\/sceo-shuanghuan.jpg\" \/>\n\t<meta property=\"og:image:width\" content=\"600\" \/>\n\t<meta property=\"og:image:height\" content=\"400\" \/>\n\t<meta property=\"og:image:type\" content=\"image\/jpeg\" \/>\n<meta name=\"author\" content=\"Nicolas SCHIAVON\" \/>\n<meta name=\"twitter:card\" content=\"summary_large_image\" \/>\n<meta name=\"twitter:creator\" content=\"@caridealauto\" \/>\n<meta name=\"twitter:site\" content=\"@caridealauto\" \/>\n<meta name=\"twitter:label1\" content=\"\u00c9crit par\" \/>\n\t<meta name=\"twitter:data1\" content=\"Nicolas SCHIAVON\" \/>\n\t<meta name=\"twitter:label2\" content=\"Dur\u00e9e de lecture estim\u00e9e\" \/>\n\t<meta name=\"twitter:data2\" content=\"2 minutes\" \/>\n<script type=\"application\/ld+json\" class=\"yoast-schema-graph\">{\"@context\":\"https:\/\/schema.org\",\"@graph\":[{\"@type\":\"Article\",\"@id\":\"https:\/\/www.carideal.com\/blog\/2007\/11\/28\/le-sceo-de-shuanghuan\/#article\",\"isPartOf\":{\"@id\":\"https:\/\/www.carideal.com\/blog\/2007\/11\/28\/le-sceo-de-shuanghuan\/\"},\"author\":{\"name\":\"Nicolas SCHIAVON\",\"@id\":\"https:\/\/www.carideal.com\/blog\/#\/schema\/person\/cd95dc7919660de90d31b366f85be1ec\"},\"headline\":\"Le SCEO de Shuanghuan\",\"datePublished\":\"2007-11-28T00:00:00+00:00\",\"dateModified\":\"2020-03-31T15:05:52+00:00\",\"mainEntityOfPage\":{\"@id\":\"https:\/\/www.carideal.com\/blog\/2007\/11\/28\/le-sceo-de-shuanghuan\/\"},\"wordCount\":493,\"commentCount\":0,\"publisher\":{\"@id\":\"https:\/\/www.carideal.com\/blog\/#organization\"},\"image\":{\"@id\":\"https:\/\/www.carideal.com\/blog\/2007\/11\/28\/le-sceo-de-shuanghuan\/#primaryimage\"},\"thumbnailUrl\":\"https:\/\/www.carideal.com\/blog\/wp-content\/uploads\/2007\/11\/sceo-shuanghuan.jpg\",\"articleSection\":[\"Actualit\u00e9 automobile\"],\"inLanguage\":\"fr-FR\",\"potentialAction\":[{\"@type\":\"CommentAction\",\"name\":\"Comment\",\"target\":[\"https:\/\/www.carideal.com\/blog\/2007\/11\/28\/le-sceo-de-shuanghuan\/#respond\"]}]},{\"@type\":\"WebPage\",\"@id\":\"https:\/\/www.carideal.com\/blog\/2007\/11\/28\/le-sceo-de-shuanghuan\/\",\"url\":\"https:\/\/www.carideal.com\/blog\/2007\/11\/28\/le-sceo-de-shuanghuan\/\",\"name\":\"Le SCEO de Shuanghuan - Blog auto Carid\u00e9al\",\"isPartOf\":{\"@id\":\"https:\/\/www.carideal.com\/blog\/#website\"},\"primaryImageOfPage\":{\"@id\":\"https:\/\/www.carideal.com\/blog\/2007\/11\/28\/le-sceo-de-shuanghuan\/#primaryimage\"},\"image\":{\"@id\":\"https:\/\/www.carideal.com\/blog\/2007\/11\/28\/le-sceo-de-shuanghuan\/#primaryimage\"},\"thumbnailUrl\":\"https:\/\/www.carideal.com\/blog\/wp-content\/uploads\/2007\/11\/sceo-shuanghuan.jpg\",\"datePublished\":\"2007-11-28T00:00:00+00:00\",\"dateModified\":\"2020-03-31T15:05:52+00:00\",\"description\":\"Au salon de Francfort 2007, c'est la premi\u00e8re fois que le Sceo Shuanghuan sera pr\u00e9sent\u00e9 dans un salon de l'automobile europ\u00e9en\",\"breadcrumb\":{\"@id\":\"https:\/\/www.carideal.com\/blog\/2007\/11\/28\/le-sceo-de-shuanghuan\/#breadcrumb\"},\"inLanguage\":\"fr-FR\",\"potentialAction\":[{\"@type\":\"ReadAction\",\"target\":[\"https:\/\/www.carideal.com\/blog\/2007\/11\/28\/le-sceo-de-shuanghuan\/\"]}]},{\"@type\":\"ImageObject\",\"inLanguage\":\"fr-FR\",\"@id\":\"https:\/\/www.carideal.com\/blog\/2007\/11\/28\/le-sceo-de-shuanghuan\/#primaryimage\",\"url\":\"https:\/\/www.carideal.com\/blog\/wp-content\/uploads\/2007\/11\/sceo-shuanghuan.jpg\",\"contentUrl\":\"https:\/\/www.carideal.com\/blog\/wp-content\/uploads\/2007\/11\/sceo-shuanghuan.jpg\",\"width\":600,\"height\":400,\"caption\":\"Sceo Shuanghuan\"},{\"@type\":\"BreadcrumbList\",\"@id\":\"https:\/\/www.carideal.com\/blog\/2007\/11\/28\/le-sceo-de-shuanghuan\/#breadcrumb\",\"itemListElement\":[{\"@type\":\"ListItem\",\"position\":1,\"name\":\"Blog Carid\u00e9al\",\"item\":\"https:\/\/www.carideal.com\/blog\/\"},{\"@type\":\"ListItem\",\"position\":2,\"name\":\"Actualit\u00e9 automobile\",\"item\":\"https:\/\/www.carideal.com\/blog\/actualites-auto\/\"},{\"@type\":\"ListItem\",\"position\":3,\"name\":\"Le SCEO de Shuanghuan\"}]},{\"@type\":\"WebSite\",\"@id\":\"https:\/\/www.carideal.com\/blog\/#website\",\"url\":\"https:\/\/www.carideal.com\/blog\/\",\"name\":\"Blog auto Carid\u00e9al\",\"description\":\"Actualit\u00e9 auto par des passionn\u00e9s\",\"publisher\":{\"@id\":\"https:\/\/www.carideal.com\/blog\/#organization\"},\"potentialAction\":[{\"@type\":\"SearchAction\",\"target\":{\"@type\":\"EntryPoint\",\"urlTemplate\":\"https:\/\/www.carideal.com\/blog\/?s={search_term_string}\"},\"query-input\":{\"@type\":\"PropertyValueSpecification\",\"valueRequired\":true,\"valueName\":\"search_term_string\"}}],\"inLanguage\":\"fr-FR\"},{\"@type\":\"Organization\",\"@id\":\"https:\/\/www.carideal.com\/blog\/#organization\",\"name\":\"Carideal\",\"url\":\"https:\/\/www.carideal.com\/blog\/\",\"logo\":{\"@type\":\"ImageObject\",\"inLanguage\":\"fr-FR\",\"@id\":\"https:\/\/www.carideal.com\/blog\/#\/schema\/logo\/image\/\",\"url\":\"http:\/\/www.carideal.com\/blog\/wp-content\/uploads\/2016\/03\/logo-carideal-mandataire-automobile.png\",\"contentUrl\":\"http:\/\/www.carideal.com\/blog\/wp-content\/uploads\/2016\/03\/logo-carideal-mandataire-automobile.png\",\"width\":300,\"height\":300,\"caption\":\"Carideal\"},\"image\":{\"@id\":\"https:\/\/www.carideal.com\/blog\/#\/schema\/logo\/image\/\"},\"sameAs\":[\"https:\/\/www.facebook.com\/Carideal.mandataire.automobile\",\"https:\/\/x.com\/caridealauto\",\"https:\/\/www.instagram.com\/carideal1\/\",\"https:\/\/www.linkedin.com\/company\/carideal.com\",\"https:\/\/fr.pinterest.com\/schiavonsas\/\",\"https:\/\/www.youtube.com\/user\/caridealsas\"]},{\"@type\":\"Person\",\"@id\":\"https:\/\/www.carideal.com\/blog\/#\/schema\/person\/cd95dc7919660de90d31b366f85be1ec\",\"name\":\"Nicolas SCHIAVON\",\"image\":{\"@type\":\"ImageObject\",\"inLanguage\":\"fr-FR\",\"@id\":\"https:\/\/www.carideal.com\/blog\/#\/schema\/person\/image\/\",\"url\":\"https:\/\/secure.gravatar.com\/avatar\/c17e55009e671d92cc7f5dc837dc418a?s=96&r=g\",\"contentUrl\":\"https:\/\/secure.gravatar.com\/avatar\/c17e55009e671d92cc7f5dc837dc418a?s=96&r=g\",\"caption\":\"Nicolas SCHIAVON\"},\"description\":\"Nicolas Schiavon est tomb\u00e9 tout petit dans la marmite automobile. Ayant eu un garage de marque automobile, mandataire automobile de la premi\u00e8re heure d\u00e8s 1999. Nicolas a cr\u00e9\u00e9 ces premiers sites de vente de voiture et blog automobile d\u00e8s 1994. Carideal est n\u00e9 le 15 d\u00e9cembre 2000 de la volont\u00e9 de vendre des voitures d'occasions en ligne puis des voitures neuves. Il a pu essayer beaucoup de voitures tr\u00e8s diff\u00e9rentes et ayant eu personnellement quelques belles autos, Subaru Impreza, Mitsubishi Lancer Evo 7, Porsche 911, Ferrari Testarrossa, Audi RS3, RS4 et j'en passe...\",\"sameAs\":[\"http:\/\/www.carideal.com\",\"https:\/\/www.facebook.com\/nicolas.schiavon.39\",\"https:\/\/www.instagram.com\/carideal1\/\",\"https:\/\/www.linkedin.com\/in\/nschiavon\/\",\"https:\/\/x.com\/caridealauto\",\"https:\/\/www.youtube.com\/user\/caridealsas\/\"],\"url\":\"https:\/\/www.carideal.com\/blog\/author\/nschiavon\/\"}]}<\/script>\n<!-- \/ Yoast SEO plugin. -->","yoast_head_json":{"title":"Le SCEO de Shuanghuan - Blog auto Carid\u00e9al","description":"Au salon de Francfort 2007, c'est la premi\u00e8re fois que le Sceo Shuanghuan sera pr\u00e9sent\u00e9 dans un salon de l'automobile europ\u00e9en","robots":{"index":"index","follow":"follow","max-snippet":"max-snippet:-1","max-image-preview":"max-image-preview:large","max-video-preview":"max-video-preview:-1"},"canonical":"https:\/\/www.carideal.com\/blog\/2007\/11\/28\/le-sceo-de-shuanghuan\/","og_locale":"fr_FR","og_type":"article","og_title":"Le SCEO de Shuanghuan - Blog auto Carid\u00e9al","og_description":"Au salon de Francfort 2007, c'est la premi\u00e8re fois que le Sceo Shuanghuan sera pr\u00e9sent\u00e9 dans un salon de l'automobile europ\u00e9en","og_url":"https:\/\/www.carideal.com\/blog\/2007\/11\/28\/le-sceo-de-shuanghuan\/","og_site_name":"Blog auto Carid\u00e9al","article_publisher":"https:\/\/www.facebook.com\/Carideal.mandataire.automobile","article_author":"https:\/\/www.facebook.com\/nicolas.schiavon.39","article_published_time":"2007-11-28T00:00:00+00:00","article_modified_time":"2020-03-31T15:05:52+00:00","og_image":[{"width":600,"height":400,"url":"https:\/\/www.carideal.com\/blog\/wp-content\/uploads\/2007\/11\/sceo-shuanghuan.jpg","type":"image\/jpeg"}],"author":"Nicolas SCHIAVON","twitter_card":"summary_large_image","twitter_creator":"@caridealauto","twitter_site":"@caridealauto","twitter_misc":{"\u00c9crit par":"Nicolas SCHIAVON","Dur\u00e9e de lecture estim\u00e9e":"2 minutes"},"schema":{"@context":"https:\/\/schema.org","@graph":[{"@type":"Article","@id":"https:\/\/www.carideal.com\/blog\/2007\/11\/28\/le-sceo-de-shuanghuan\/#article","isPartOf":{"@id":"https:\/\/www.carideal.com\/blog\/2007\/11\/28\/le-sceo-de-shuanghuan\/"},"author":{"name":"Nicolas SCHIAVON","@id":"https:\/\/www.carideal.com\/blog\/#\/schema\/person\/cd95dc7919660de90d31b366f85be1ec"},"headline":"Le SCEO de Shuanghuan","datePublished":"2007-11-28T00:00:00+00:00","dateModified":"2020-03-31T15:05:52+00:00","mainEntityOfPage":{"@id":"https:\/\/www.carideal.com\/blog\/2007\/11\/28\/le-sceo-de-shuanghuan\/"},"wordCount":493,"commentCount":0,"publisher":{"@id":"https:\/\/www.carideal.com\/blog\/#organization"},"image":{"@id":"https:\/\/www.carideal.com\/blog\/2007\/11\/28\/le-sceo-de-shuanghuan\/#primaryimage"},"thumbnailUrl":"https:\/\/www.carideal.com\/blog\/wp-content\/uploads\/2007\/11\/sceo-shuanghuan.jpg","articleSection":["Actualit\u00e9 automobile"],"inLanguage":"fr-FR","potentialAction":[{"@type":"CommentAction","name":"Comment","target":["https:\/\/www.carideal.com\/blog\/2007\/11\/28\/le-sceo-de-shuanghuan\/#respond"]}]},{"@type":"WebPage","@id":"https:\/\/www.carideal.com\/blog\/2007\/11\/28\/le-sceo-de-shuanghuan\/","url":"https:\/\/www.carideal.com\/blog\/2007\/11\/28\/le-sceo-de-shuanghuan\/","name":"Le SCEO de Shuanghuan - Blog auto Carid\u00e9al","isPartOf":{"@id":"https:\/\/www.carideal.com\/blog\/#website"},"primaryImageOfPage":{"@id":"https:\/\/www.carideal.com\/blog\/2007\/11\/28\/le-sceo-de-shuanghuan\/#primaryimage"},"image":{"@id":"https:\/\/www.carideal.com\/blog\/2007\/11\/28\/le-sceo-de-shuanghuan\/#primaryimage"},"thumbnailUrl":"https:\/\/www.carideal.com\/blog\/wp-content\/uploads\/2007\/11\/sceo-shuanghuan.jpg","datePublished":"2007-11-28T00:00:00+00:00","dateModified":"2020-03-31T15:05:52+00:00","description":"Au salon de Francfort 2007, c'est la premi\u00e8re fois que le Sceo Shuanghuan sera pr\u00e9sent\u00e9 dans un salon de l'automobile europ\u00e9en","breadcrumb":{"@id":"https:\/\/www.carideal.com\/blog\/2007\/11\/28\/le-sceo-de-shuanghuan\/#breadcrumb"},"inLanguage":"fr-FR","potentialAction":[{"@type":"ReadAction","target":["https:\/\/www.carideal.com\/blog\/2007\/11\/28\/le-sceo-de-shuanghuan\/"]}]},{"@type":"ImageObject","inLanguage":"fr-FR","@id":"https:\/\/www.carideal.com\/blog\/2007\/11\/28\/le-sceo-de-shuanghuan\/#primaryimage","url":"https:\/\/www.carideal.com\/blog\/wp-content\/uploads\/2007\/11\/sceo-shuanghuan.jpg","contentUrl":"https:\/\/www.carideal.com\/blog\/wp-content\/uploads\/2007\/11\/sceo-shuanghuan.jpg","width":600,"height":400,"caption":"Sceo Shuanghuan"},{"@type":"BreadcrumbList","@id":"https:\/\/www.carideal.com\/blog\/2007\/11\/28\/le-sceo-de-shuanghuan\/#breadcrumb","itemListElement":[{"@type":"ListItem","position":1,"name":"Blog Carid\u00e9al","item":"https:\/\/www.carideal.com\/blog\/"},{"@type":"ListItem","position":2,"name":"Actualit\u00e9 automobile","item":"https:\/\/www.carideal.com\/blog\/actualites-auto\/"},{"@type":"ListItem","position":3,"name":"Le SCEO de Shuanghuan"}]},{"@type":"WebSite","@id":"https:\/\/www.carideal.com\/blog\/#website","url":"https:\/\/www.carideal.com\/blog\/","name":"Blog auto Carid\u00e9al","description":"Actualit\u00e9 auto par des passionn\u00e9s","publisher":{"@id":"https:\/\/www.carideal.com\/blog\/#organization"},"potentialAction":[{"@type":"SearchAction","target":{"@type":"EntryPoint","urlTemplate":"https:\/\/www.carideal.com\/blog\/?s={search_term_string}"},"query-input":{"@type":"PropertyValueSpecification","valueRequired":true,"valueName":"search_term_string"}}],"inLanguage":"fr-FR"},{"@type":"Organization","@id":"https:\/\/www.carideal.com\/blog\/#organization","name":"Carideal","url":"https:\/\/www.carideal.com\/blog\/","logo":{"@type":"ImageObject","inLanguage":"fr-FR","@id":"https:\/\/www.carideal.com\/blog\/#\/schema\/logo\/image\/","url":"http:\/\/www.carideal.com\/blog\/wp-content\/uploads\/2016\/03\/logo-carideal-mandataire-automobile.png","contentUrl":"http:\/\/www.carideal.com\/blog\/wp-content\/uploads\/2016\/03\/logo-carideal-mandataire-automobile.png","width":300,"height":300,"caption":"Carideal"},"image":{"@id":"https:\/\/www.carideal.com\/blog\/#\/schema\/logo\/image\/"},"sameAs":["https:\/\/www.facebook.com\/Carideal.mandataire.automobile","https:\/\/x.com\/caridealauto","https:\/\/www.instagram.com\/carideal1\/","https:\/\/www.linkedin.com\/company\/carideal.com","https:\/\/fr.pinterest.com\/schiavonsas\/","https:\/\/www.youtube.com\/user\/caridealsas"]},{"@type":"Person","@id":"https:\/\/www.carideal.com\/blog\/#\/schema\/person\/cd95dc7919660de90d31b366f85be1ec","name":"Nicolas SCHIAVON","image":{"@type":"ImageObject","inLanguage":"fr-FR","@id":"https:\/\/www.carideal.com\/blog\/#\/schema\/person\/image\/","url":"https:\/\/secure.gravatar.com\/avatar\/c17e55009e671d92cc7f5dc837dc418a?s=96&r=g","contentUrl":"https:\/\/secure.gravatar.com\/avatar\/c17e55009e671d92cc7f5dc837dc418a?s=96&r=g","caption":"Nicolas SCHIAVON"},"description":"Nicolas Schiavon est tomb\u00e9 tout petit dans la marmite automobile. Ayant eu un garage de marque automobile, mandataire automobile de la premi\u00e8re heure d\u00e8s 1999. Nicolas a cr\u00e9\u00e9 ces premiers sites de vente de voiture et blog automobile d\u00e8s 1994. Carideal est n\u00e9 le 15 d\u00e9cembre 2000 de la volont\u00e9 de vendre des voitures d'occasions en ligne puis des voitures neuves. Il a pu essayer beaucoup de voitures tr\u00e8s diff\u00e9rentes et ayant eu personnellement quelques belles autos, Subaru Impreza, Mitsubishi Lancer Evo 7, Porsche 911, Ferrari Testarrossa, Audi RS3, RS4 et j'en passe...","sameAs":["http:\/\/www.carideal.com","https:\/\/www.facebook.com\/nicolas.schiavon.39","https:\/\/www.instagram.com\/carideal1\/","https:\/\/www.linkedin.com\/in\/nschiavon\/","https:\/\/x.com\/caridealauto","https:\/\/www.youtube.com\/user\/caridealsas\/"],"url":"https:\/\/www.carideal.com\/blog\/author\/nschiavon\/"}]}},"uagb_featured_image_src":{"full":["https:\/\/www.carideal.com\/blog\/wp-content\/uploads\/2007\/11\/sceo-shuanghuan.jpg",600,400,false],"thumbnail":["https:\/\/www.carideal.com\/blog\/wp-content\/uploads\/2007\/11\/sceo-shuanghuan-150x150.jpg",150,150,true],"medium":["https:\/\/www.carideal.com\/blog\/wp-content\/uploads\/2007\/11\/sceo-shuanghuan-300x200.jpg",300,200,true],"medium_large":["https:\/\/www.carideal.com\/blog\/wp-content\/uploads\/2007\/11\/sceo-shuanghuan.jpg",600,400,false],"large":["https:\/\/www.carideal.com\/blog\/wp-content\/uploads\/2007\/11\/sceo-shuanghuan.jpg",600,400,false],"1536x1536":["https:\/\/www.carideal.com\/blog\/wp-content\/uploads\/2007\/11\/sceo-shuanghuan.jpg",600,400,false],"2048x2048":["https:\/\/www.carideal.com\/blog\/wp-content\/uploads\/2007\/11\/sceo-shuanghuan.jpg",600,400,false],"wppr-widget":["https:\/\/www.carideal.com\/blog\/wp-content\/uploads\/2007\/11\/sceo-shuanghuan-50x33.jpg",50,33,true]},"uagb_author_info":{"display_name":"Nicolas SCHIAVON","author_link":"https:\/\/www.carideal.com\/blog\/author\/nschiavon\/"},"uagb_comment_info":0,"uagb_excerpt":"SCEO de Shuanghuan Au salon de Francfort 2007, c'est la premi\u00e8re fois que le Sceo Shuanghuan sera pr\u00e9sent\u00e9 dans un salon de l'automobile europ\u00e9en. L'objectif est de commercialiser ce v\u00e9hicule en France, en Belgique et aux Pays-Bas avant la fin du troisi\u00e8me trimestre 2007. C'est le premier 4x4 chinois \u00e0 \u00eatre homologu\u00e9 en Europe (le\u2026","_links":{"self":[{"href":"https:\/\/www.carideal.com\/blog\/wp-json\/wp\/v2\/posts\/4569"}],"collection":[{"href":"https:\/\/www.carideal.com\/blog\/wp-json\/wp\/v2\/posts"}],"about":[{"href":"https:\/\/www.carideal.com\/blog\/wp-json\/wp\/v2\/types\/post"}],"author":[{"embeddable":true,"href":"https:\/\/www.carideal.com\/blog\/wp-json\/wp\/v2\/users\/3"}],"replies":[{"embeddable":true,"href":"https:\/\/www.carideal.com\/blog\/wp-json\/wp\/v2\/comments?post=4569"}],"version-history":[{"count":0,"href":"https:\/\/www.carideal.com\/blog\/wp-json\/wp\/v2\/posts\/4569\/revisions"}],"wp:featuredmedia":[{"embeddable":true,"href":"https:\/\/www.carideal.com\/blog\/wp-json\/wp\/v2\/media\/24886"}],"wp:attachment":[{"href":"https:\/\/www.carideal.com\/blog\/wp-json\/wp\/v2\/media?parent=4569"}],"wp:term":[{"taxonomy":"category","embeddable":true,"href":"https:\/\/www.carideal.com\/blog\/wp-json\/wp\/v2\/categories?post=4569"},{"taxonomy":"post_tag","embeddable":true,"href":"https:\/\/www.carideal.com\/blog\/wp-json\/wp\/v2\/tags?post=4569"}],"curies":[{"name":"wp","href":"https:\/\/api.w.org\/{rel}","templated":true}]}}