{"id":4565,"date":"2007-11-26T00:00:00","date_gmt":"2007-11-26T00:00:00","guid":{"rendered":"http:\/\/www.carideal.com\/blog\/2007\/11\/26\/la-nouvelle-smart\/"},"modified":"2015-07-04T15:49:02","modified_gmt":"2015-07-04T13:49:02","slug":"la-nouvelle-smart","status":"publish","type":"post","link":"https:\/\/www.carideal.com\/blog\/2007\/11\/26\/la-nouvelle-smart\/","title":{"rendered":"La nouvelle Smart"},"content":{"rendered":"<div><img decoding=\"async\" src=\"http:\/\/www.carideal.com\/images_actualite\/smartfortwocoupepassionmhdcarideal-1196088844.jpg\" alt=\"\" \/><\/div>\n<p>Quelques mois apr\u00e8s la sortie de la nouvelle Smart Fortwo, la marque sort le mod\u00e8le Coup\u00e9 Passion MHD (Micro Hybrid Drive).<\/p>\n<p>La fonction Start\/ stop \u00e9quipe ce mod\u00e8le. L'utilisation de cette fonction est agr\u00e9able ; au red\u00e9marrage, il ni a aucun \u00e0 coup ni aucune vibration g\u00e9nante. Elle a une tr\u00e8s bonne r\u00e9activit\u00e9 ce qui permet \u00e0 la remise en route de se faire imm\u00e9diatement. Avec la fonction star\/stop, la Smart pr\u00e9voit une r\u00e9duction de la consommation de 13 % en ville ; c'est \u00e0 dire que la consommation pour 100 km passerait de 7,1 litres \u00e0 6,1 litres pour 100 km.<\/p>\n<p>Le reproche que l'on peut faire \u00e0 la Marque est que cette fonction n'est qu'une option. De plus, cette option s'\u00e9l\u00e8ve \u00e0 500 \u20ac sachant qu'il faut faire plus de 50 000km pour qu'elle rentabilis\u00e9e.<\/p>\n","protected":false},"excerpt":{"rendered":"<p>Quelques mois apr\u00e8s la sortie de la nouvelle Smart Fortwo, la marque sort le mod\u00e8le Coup\u00e9 Passion MHD (Micro Hybrid Drive). La fonction Start\/ stop \u00e9quipe ce mod\u00e8le. L&rsquo;utilisation de cette fonction est agr\u00e9able ; au red\u00e9marrage, il ni a aucun \u00e0 coup ni aucune vibration g\u00e9nante. Elle a une tr\u00e8s bonne r\u00e9activit\u00e9 ce qui &#8230; <a title=\"La nouvelle Smart\" class=\"read-more\" href=\"https:\/\/www.carideal.com\/blog\/2007\/11\/26\/la-nouvelle-smart\/\" aria-label=\"En savoir plus sur La nouvelle Smart\">Lire plus<\/a><\/p>\n","protected":false},"author":3,"featured_media":0,"comment_status":"open","ping_status":"open","sticky":false,"template":"","format":"standard","meta":{"_uag_custom_page_level_css":"","_themeisle_gutenberg_block_has_review":false,"footnotes":""},"categories":[21],"tags":[],"class_list":["post-4565","post","type-post","status-publish","format-standard","hentry","category-actualites-auto"],"wppr_data":[],"yoast_head":"<!-- This site is optimized with the Yoast SEO plugin v24.8.1 - https:\/\/yoast.com\/wordpress\/plugins\/seo\/ -->\n<title>La nouvelle Smart - Blog auto Carid\u00e9al<\/title>\n<meta name=\"robots\" content=\"index, follow, max-snippet:-1, max-image-preview:large, max-video-preview:-1\" \/>\n<link rel=\"canonical\" href=\"https:\/\/www.carideal.com\/blog\/2007\/11\/26\/la-nouvelle-smart\/\" \/>\n<meta property=\"og:locale\" content=\"fr_FR\" \/>\n<meta property=\"og:type\" content=\"article\" \/>\n<meta property=\"og:title\" content=\"La nouvelle Smart - Blog auto Carid\u00e9al\" \/>\n<meta property=\"og:description\" content=\"Quelques mois apr\u00e8s la sortie de la nouvelle Smart Fortwo, la marque sort le mod\u00e8le Coup\u00e9 Passion MHD (Micro Hybrid Drive). La fonction Start\/ stop \u00e9quipe ce mod\u00e8le. L&#039;utilisation de cette fonction est agr\u00e9able ; au red\u00e9marrage, il ni a aucun \u00e0 coup ni aucune vibration g\u00e9nante. Elle a une tr\u00e8s bonne r\u00e9activit\u00e9 ce qui ... Lire plus\" \/>\n<meta property=\"og:url\" content=\"https:\/\/www.carideal.com\/blog\/2007\/11\/26\/la-nouvelle-smart\/\" \/>\n<meta property=\"og:site_name\" content=\"Blog auto Carid\u00e9al\" \/>\n<meta property=\"article:publisher\" content=\"https:\/\/www.facebook.com\/Carideal.mandataire.automobile\" \/>\n<meta property=\"article:author\" content=\"https:\/\/www.facebook.com\/nicolas.schiavon.39\" \/>\n<meta property=\"article:published_time\" content=\"2007-11-26T00:00:00+00:00\" \/>\n<meta property=\"article:modified_time\" content=\"2015-07-04T13:49:02+00:00\" \/>\n<meta property=\"og:image\" content=\"http:\/\/www.carideal.com\/images_actualite\/smartfortwocoupepassionmhdcarideal-1196088844.jpg\" \/>\n<meta name=\"author\" content=\"Nicolas SCHIAVON\" \/>\n<meta name=\"twitter:card\" content=\"summary_large_image\" \/>\n<meta name=\"twitter:creator\" content=\"@caridealauto\" \/>\n<meta name=\"twitter:site\" content=\"@caridealauto\" \/>\n<meta name=\"twitter:label1\" content=\"\u00c9crit par\" \/>\n\t<meta name=\"twitter:data1\" content=\"Nicolas SCHIAVON\" \/>\n\t<meta name=\"twitter:label2\" content=\"Dur\u00e9e de lecture estim\u00e9e\" \/>\n\t<meta name=\"twitter:data2\" content=\"1 minute\" \/>\n<script type=\"application\/ld+json\" class=\"yoast-schema-graph\">{\"@context\":\"https:\/\/schema.org\",\"@graph\":[{\"@type\":\"Article\",\"@id\":\"https:\/\/www.carideal.com\/blog\/2007\/11\/26\/la-nouvelle-smart\/#article\",\"isPartOf\":{\"@id\":\"https:\/\/www.carideal.com\/blog\/2007\/11\/26\/la-nouvelle-smart\/\"},\"author\":{\"name\":\"Nicolas SCHIAVON\",\"@id\":\"https:\/\/www.carideal.com\/blog\/#\/schema\/person\/cd95dc7919660de90d31b366f85be1ec\"},\"headline\":\"La nouvelle Smart\",\"datePublished\":\"2007-11-26T00:00:00+00:00\",\"dateModified\":\"2015-07-04T13:49:02+00:00\",\"mainEntityOfPage\":{\"@id\":\"https:\/\/www.carideal.com\/blog\/2007\/11\/26\/la-nouvelle-smart\/\"},\"wordCount\":138,\"commentCount\":0,\"publisher\":{\"@id\":\"https:\/\/www.carideal.com\/blog\/#organization\"},\"image\":{\"@id\":\"https:\/\/www.carideal.com\/blog\/2007\/11\/26\/la-nouvelle-smart\/#primaryimage\"},\"thumbnailUrl\":\"http:\/\/www.carideal.com\/images_actualite\/smartfortwocoupepassionmhdcarideal-1196088844.jpg\",\"articleSection\":[\"Actualit\u00e9 automobile\"],\"inLanguage\":\"fr-FR\",\"potentialAction\":[{\"@type\":\"CommentAction\",\"name\":\"Comment\",\"target\":[\"https:\/\/www.carideal.com\/blog\/2007\/11\/26\/la-nouvelle-smart\/#respond\"]}]},{\"@type\":\"WebPage\",\"@id\":\"https:\/\/www.carideal.com\/blog\/2007\/11\/26\/la-nouvelle-smart\/\",\"url\":\"https:\/\/www.carideal.com\/blog\/2007\/11\/26\/la-nouvelle-smart\/\",\"name\":\"La nouvelle Smart - Blog auto Carid\u00e9al\",\"isPartOf\":{\"@id\":\"https:\/\/www.carideal.com\/blog\/#website\"},\"primaryImageOfPage\":{\"@id\":\"https:\/\/www.carideal.com\/blog\/2007\/11\/26\/la-nouvelle-smart\/#primaryimage\"},\"image\":{\"@id\":\"https:\/\/www.carideal.com\/blog\/2007\/11\/26\/la-nouvelle-smart\/#primaryimage\"},\"thumbnailUrl\":\"http:\/\/www.carideal.com\/images_actualite\/smartfortwocoupepassionmhdcarideal-1196088844.jpg\",\"datePublished\":\"2007-11-26T00:00:00+00:00\",\"dateModified\":\"2015-07-04T13:49:02+00:00\",\"breadcrumb\":{\"@id\":\"https:\/\/www.carideal.com\/blog\/2007\/11\/26\/la-nouvelle-smart\/#breadcrumb\"},\"inLanguage\":\"fr-FR\",\"potentialAction\":[{\"@type\":\"ReadAction\",\"target\":[\"https:\/\/www.carideal.com\/blog\/2007\/11\/26\/la-nouvelle-smart\/\"]}]},{\"@type\":\"ImageObject\",\"inLanguage\":\"fr-FR\",\"@id\":\"https:\/\/www.carideal.com\/blog\/2007\/11\/26\/la-nouvelle-smart\/#primaryimage\",\"url\":\"http:\/\/www.carideal.com\/images_actualite\/smartfortwocoupepassionmhdcarideal-1196088844.jpg\",\"contentUrl\":\"http:\/\/www.carideal.com\/images_actualite\/smartfortwocoupepassionmhdcarideal-1196088844.jpg\"},{\"@type\":\"BreadcrumbList\",\"@id\":\"https:\/\/www.carideal.com\/blog\/2007\/11\/26\/la-nouvelle-smart\/#breadcrumb\",\"itemListElement\":[{\"@type\":\"ListItem\",\"position\":1,\"name\":\"Blog Carid\u00e9al\",\"item\":\"https:\/\/www.carideal.com\/blog\/\"},{\"@type\":\"ListItem\",\"position\":2,\"name\":\"Actualit\u00e9 automobile\",\"item\":\"https:\/\/www.carideal.com\/blog\/actualites-auto\/\"},{\"@type\":\"ListItem\",\"position\":3,\"name\":\"La nouvelle Smart\"}]},{\"@type\":\"WebSite\",\"@id\":\"https:\/\/www.carideal.com\/blog\/#website\",\"url\":\"https:\/\/www.carideal.com\/blog\/\",\"name\":\"Blog auto Carid\u00e9al\",\"description\":\"Actualit\u00e9 auto par des passionn\u00e9s\",\"publisher\":{\"@id\":\"https:\/\/www.carideal.com\/blog\/#organization\"},\"potentialAction\":[{\"@type\":\"SearchAction\",\"target\":{\"@type\":\"EntryPoint\",\"urlTemplate\":\"https:\/\/www.carideal.com\/blog\/?s={search_term_string}\"},\"query-input\":{\"@type\":\"PropertyValueSpecification\",\"valueRequired\":true,\"valueName\":\"search_term_string\"}}],\"inLanguage\":\"fr-FR\"},{\"@type\":\"Organization\",\"@id\":\"https:\/\/www.carideal.com\/blog\/#organization\",\"name\":\"Carideal\",\"url\":\"https:\/\/www.carideal.com\/blog\/\",\"logo\":{\"@type\":\"ImageObject\",\"inLanguage\":\"fr-FR\",\"@id\":\"https:\/\/www.carideal.com\/blog\/#\/schema\/logo\/image\/\",\"url\":\"http:\/\/www.carideal.com\/blog\/wp-content\/uploads\/2016\/03\/logo-carideal-mandataire-automobile.png\",\"contentUrl\":\"http:\/\/www.carideal.com\/blog\/wp-content\/uploads\/2016\/03\/logo-carideal-mandataire-automobile.png\",\"width\":300,\"height\":300,\"caption\":\"Carideal\"},\"image\":{\"@id\":\"https:\/\/www.carideal.com\/blog\/#\/schema\/logo\/image\/\"},\"sameAs\":[\"https:\/\/www.facebook.com\/Carideal.mandataire.automobile\",\"https:\/\/x.com\/caridealauto\",\"https:\/\/www.instagram.com\/carideal1\/\",\"https:\/\/www.linkedin.com\/company\/carideal.com\",\"https:\/\/fr.pinterest.com\/schiavonsas\/\",\"https:\/\/www.youtube.com\/user\/caridealsas\"]},{\"@type\":\"Person\",\"@id\":\"https:\/\/www.carideal.com\/blog\/#\/schema\/person\/cd95dc7919660de90d31b366f85be1ec\",\"name\":\"Nicolas SCHIAVON\",\"image\":{\"@type\":\"ImageObject\",\"inLanguage\":\"fr-FR\",\"@id\":\"https:\/\/www.carideal.com\/blog\/#\/schema\/person\/image\/\",\"url\":\"https:\/\/secure.gravatar.com\/avatar\/c17e55009e671d92cc7f5dc837dc418a?s=96&r=g\",\"contentUrl\":\"https:\/\/secure.gravatar.com\/avatar\/c17e55009e671d92cc7f5dc837dc418a?s=96&r=g\",\"caption\":\"Nicolas SCHIAVON\"},\"description\":\"Nicolas Schiavon est tomb\u00e9 tout petit dans la marmite automobile. Ayant eu un garage de marque automobile, mandataire automobile de la premi\u00e8re heure d\u00e8s 1999. Nicolas a cr\u00e9\u00e9 ces premiers sites de vente de voiture et blog automobile d\u00e8s 1994. Carideal est n\u00e9 le 15 d\u00e9cembre 2000 de la volont\u00e9 de vendre des voitures d'occasions en ligne puis des voitures neuves. Il a pu essayer beaucoup de voitures tr\u00e8s diff\u00e9rentes et ayant eu personnellement quelques belles autos, Subaru Impreza, Mitsubishi Lancer Evo 7, Porsche 911, Ferrari Testarrossa, Audi RS3, RS4 et j'en passe...\",\"sameAs\":[\"http:\/\/www.carideal.com\",\"https:\/\/www.facebook.com\/nicolas.schiavon.39\",\"https:\/\/www.instagram.com\/carideal1\/\",\"https:\/\/www.linkedin.com\/in\/nschiavon\/\",\"https:\/\/x.com\/caridealauto\",\"https:\/\/www.youtube.com\/user\/caridealsas\/\"],\"url\":\"https:\/\/www.carideal.com\/blog\/author\/nschiavon\/\"}]}<\/script>\n<!-- \/ Yoast SEO plugin. -->","yoast_head_json":{"title":"La nouvelle Smart - Blog auto Carid\u00e9al","robots":{"index":"index","follow":"follow","max-snippet":"max-snippet:-1","max-image-preview":"max-image-preview:large","max-video-preview":"max-video-preview:-1"},"canonical":"https:\/\/www.carideal.com\/blog\/2007\/11\/26\/la-nouvelle-smart\/","og_locale":"fr_FR","og_type":"article","og_title":"La nouvelle Smart - Blog auto Carid\u00e9al","og_description":"Quelques mois apr\u00e8s la sortie de la nouvelle Smart Fortwo, la marque sort le mod\u00e8le Coup\u00e9 Passion MHD (Micro Hybrid Drive). La fonction Start\/ stop \u00e9quipe ce mod\u00e8le. L'utilisation de cette fonction est agr\u00e9able ; au red\u00e9marrage, il ni a aucun \u00e0 coup ni aucune vibration g\u00e9nante. Elle a une tr\u00e8s bonne r\u00e9activit\u00e9 ce qui ... Lire plus","og_url":"https:\/\/www.carideal.com\/blog\/2007\/11\/26\/la-nouvelle-smart\/","og_site_name":"Blog auto Carid\u00e9al","article_publisher":"https:\/\/www.facebook.com\/Carideal.mandataire.automobile","article_author":"https:\/\/www.facebook.com\/nicolas.schiavon.39","article_published_time":"2007-11-26T00:00:00+00:00","article_modified_time":"2015-07-04T13:49:02+00:00","og_image":[{"url":"http:\/\/www.carideal.com\/images_actualite\/smartfortwocoupepassionmhdcarideal-1196088844.jpg","type":"","width":"","height":""}],"author":"Nicolas SCHIAVON","twitter_card":"summary_large_image","twitter_creator":"@caridealauto","twitter_site":"@caridealauto","twitter_misc":{"\u00c9crit par":"Nicolas SCHIAVON","Dur\u00e9e de lecture estim\u00e9e":"1 minute"},"schema":{"@context":"https:\/\/schema.org","@graph":[{"@type":"Article","@id":"https:\/\/www.carideal.com\/blog\/2007\/11\/26\/la-nouvelle-smart\/#article","isPartOf":{"@id":"https:\/\/www.carideal.com\/blog\/2007\/11\/26\/la-nouvelle-smart\/"},"author":{"name":"Nicolas SCHIAVON","@id":"https:\/\/www.carideal.com\/blog\/#\/schema\/person\/cd95dc7919660de90d31b366f85be1ec"},"headline":"La nouvelle Smart","datePublished":"2007-11-26T00:00:00+00:00","dateModified":"2015-07-04T13:49:02+00:00","mainEntityOfPage":{"@id":"https:\/\/www.carideal.com\/blog\/2007\/11\/26\/la-nouvelle-smart\/"},"wordCount":138,"commentCount":0,"publisher":{"@id":"https:\/\/www.carideal.com\/blog\/#organization"},"image":{"@id":"https:\/\/www.carideal.com\/blog\/2007\/11\/26\/la-nouvelle-smart\/#primaryimage"},"thumbnailUrl":"http:\/\/www.carideal.com\/images_actualite\/smartfortwocoupepassionmhdcarideal-1196088844.jpg","articleSection":["Actualit\u00e9 automobile"],"inLanguage":"fr-FR","potentialAction":[{"@type":"CommentAction","name":"Comment","target":["https:\/\/www.carideal.com\/blog\/2007\/11\/26\/la-nouvelle-smart\/#respond"]}]},{"@type":"WebPage","@id":"https:\/\/www.carideal.com\/blog\/2007\/11\/26\/la-nouvelle-smart\/","url":"https:\/\/www.carideal.com\/blog\/2007\/11\/26\/la-nouvelle-smart\/","name":"La nouvelle Smart - Blog auto Carid\u00e9al","isPartOf":{"@id":"https:\/\/www.carideal.com\/blog\/#website"},"primaryImageOfPage":{"@id":"https:\/\/www.carideal.com\/blog\/2007\/11\/26\/la-nouvelle-smart\/#primaryimage"},"image":{"@id":"https:\/\/www.carideal.com\/blog\/2007\/11\/26\/la-nouvelle-smart\/#primaryimage"},"thumbnailUrl":"http:\/\/www.carideal.com\/images_actualite\/smartfortwocoupepassionmhdcarideal-1196088844.jpg","datePublished":"2007-11-26T00:00:00+00:00","dateModified":"2015-07-04T13:49:02+00:00","breadcrumb":{"@id":"https:\/\/www.carideal.com\/blog\/2007\/11\/26\/la-nouvelle-smart\/#breadcrumb"},"inLanguage":"fr-FR","potentialAction":[{"@type":"ReadAction","target":["https:\/\/www.carideal.com\/blog\/2007\/11\/26\/la-nouvelle-smart\/"]}]},{"@type":"ImageObject","inLanguage":"fr-FR","@id":"https:\/\/www.carideal.com\/blog\/2007\/11\/26\/la-nouvelle-smart\/#primaryimage","url":"http:\/\/www.carideal.com\/images_actualite\/smartfortwocoupepassionmhdcarideal-1196088844.jpg","contentUrl":"http:\/\/www.carideal.com\/images_actualite\/smartfortwocoupepassionmhdcarideal-1196088844.jpg"},{"@type":"BreadcrumbList","@id":"https:\/\/www.carideal.com\/blog\/2007\/11\/26\/la-nouvelle-smart\/#breadcrumb","itemListElement":[{"@type":"ListItem","position":1,"name":"Blog Carid\u00e9al","item":"https:\/\/www.carideal.com\/blog\/"},{"@type":"ListItem","position":2,"name":"Actualit\u00e9 automobile","item":"https:\/\/www.carideal.com\/blog\/actualites-auto\/"},{"@type":"ListItem","position":3,"name":"La nouvelle Smart"}]},{"@type":"WebSite","@id":"https:\/\/www.carideal.com\/blog\/#website","url":"https:\/\/www.carideal.com\/blog\/","name":"Blog auto Carid\u00e9al","description":"Actualit\u00e9 auto par des passionn\u00e9s","publisher":{"@id":"https:\/\/www.carideal.com\/blog\/#organization"},"potentialAction":[{"@type":"SearchAction","target":{"@type":"EntryPoint","urlTemplate":"https:\/\/www.carideal.com\/blog\/?s={search_term_string}"},"query-input":{"@type":"PropertyValueSpecification","valueRequired":true,"valueName":"search_term_string"}}],"inLanguage":"fr-FR"},{"@type":"Organization","@id":"https:\/\/www.carideal.com\/blog\/#organization","name":"Carideal","url":"https:\/\/www.carideal.com\/blog\/","logo":{"@type":"ImageObject","inLanguage":"fr-FR","@id":"https:\/\/www.carideal.com\/blog\/#\/schema\/logo\/image\/","url":"http:\/\/www.carideal.com\/blog\/wp-content\/uploads\/2016\/03\/logo-carideal-mandataire-automobile.png","contentUrl":"http:\/\/www.carideal.com\/blog\/wp-content\/uploads\/2016\/03\/logo-carideal-mandataire-automobile.png","width":300,"height":300,"caption":"Carideal"},"image":{"@id":"https:\/\/www.carideal.com\/blog\/#\/schema\/logo\/image\/"},"sameAs":["https:\/\/www.facebook.com\/Carideal.mandataire.automobile","https:\/\/x.com\/caridealauto","https:\/\/www.instagram.com\/carideal1\/","https:\/\/www.linkedin.com\/company\/carideal.com","https:\/\/fr.pinterest.com\/schiavonsas\/","https:\/\/www.youtube.com\/user\/caridealsas"]},{"@type":"Person","@id":"https:\/\/www.carideal.com\/blog\/#\/schema\/person\/cd95dc7919660de90d31b366f85be1ec","name":"Nicolas SCHIAVON","image":{"@type":"ImageObject","inLanguage":"fr-FR","@id":"https:\/\/www.carideal.com\/blog\/#\/schema\/person\/image\/","url":"https:\/\/secure.gravatar.com\/avatar\/c17e55009e671d92cc7f5dc837dc418a?s=96&r=g","contentUrl":"https:\/\/secure.gravatar.com\/avatar\/c17e55009e671d92cc7f5dc837dc418a?s=96&r=g","caption":"Nicolas SCHIAVON"},"description":"Nicolas Schiavon est tomb\u00e9 tout petit dans la marmite automobile. Ayant eu un garage de marque automobile, mandataire automobile de la premi\u00e8re heure d\u00e8s 1999. Nicolas a cr\u00e9\u00e9 ces premiers sites de vente de voiture et blog automobile d\u00e8s 1994. Carideal est n\u00e9 le 15 d\u00e9cembre 2000 de la volont\u00e9 de vendre des voitures d'occasions en ligne puis des voitures neuves. Il a pu essayer beaucoup de voitures tr\u00e8s diff\u00e9rentes et ayant eu personnellement quelques belles autos, Subaru Impreza, Mitsubishi Lancer Evo 7, Porsche 911, Ferrari Testarrossa, Audi RS3, RS4 et j'en passe...","sameAs":["http:\/\/www.carideal.com","https:\/\/www.facebook.com\/nicolas.schiavon.39","https:\/\/www.instagram.com\/carideal1\/","https:\/\/www.linkedin.com\/in\/nschiavon\/","https:\/\/x.com\/caridealauto","https:\/\/www.youtube.com\/user\/caridealsas\/"],"url":"https:\/\/www.carideal.com\/blog\/author\/nschiavon\/"}]}},"uagb_featured_image_src":{"full":false,"thumbnail":false,"medium":false,"medium_large":false,"large":false,"1536x1536":false,"2048x2048":false,"wppr-widget":false},"uagb_author_info":{"display_name":"Nicolas SCHIAVON","author_link":"https:\/\/www.carideal.com\/blog\/author\/nschiavon\/"},"uagb_comment_info":0,"uagb_excerpt":"Quelques mois apr\u00e8s la sortie de la nouvelle Smart Fortwo, la marque sort le mod\u00e8le Coup\u00e9 Passion MHD (Micro Hybrid Drive). La fonction Start\/ stop \u00e9quipe ce mod\u00e8le. L'utilisation de cette fonction est agr\u00e9able ; au red\u00e9marrage, il ni a aucun \u00e0 coup ni aucune vibration g\u00e9nante. Elle a une tr\u00e8s bonne r\u00e9activit\u00e9 ce qui\u2026","_links":{"self":[{"href":"https:\/\/www.carideal.com\/blog\/wp-json\/wp\/v2\/posts\/4565"}],"collection":[{"href":"https:\/\/www.carideal.com\/blog\/wp-json\/wp\/v2\/posts"}],"about":[{"href":"https:\/\/www.carideal.com\/blog\/wp-json\/wp\/v2\/types\/post"}],"author":[{"embeddable":true,"href":"https:\/\/www.carideal.com\/blog\/wp-json\/wp\/v2\/users\/3"}],"replies":[{"embeddable":true,"href":"https:\/\/www.carideal.com\/blog\/wp-json\/wp\/v2\/comments?post=4565"}],"version-history":[{"count":0,"href":"https:\/\/www.carideal.com\/blog\/wp-json\/wp\/v2\/posts\/4565\/revisions"}],"wp:attachment":[{"href":"https:\/\/www.carideal.com\/blog\/wp-json\/wp\/v2\/media?parent=4565"}],"wp:term":[{"taxonomy":"category","embeddable":true,"href":"https:\/\/www.carideal.com\/blog\/wp-json\/wp\/v2\/categories?post=4565"},{"taxonomy":"post_tag","embeddable":true,"href":"https:\/\/www.carideal.com\/blog\/wp-json\/wp\/v2\/tags?post=4565"}],"curies":[{"name":"wp","href":"https:\/\/api.w.org\/{rel}","templated":true}]}}