{"id":4564,"date":"2007-11-26T00:00:00","date_gmt":"2007-11-26T00:00:00","guid":{"rendered":"http:\/\/www.carideal.com\/blog\/2007\/11\/26\/seat-altea-freetrack\/"},"modified":"2020-04-05T16:18:48","modified_gmt":"2020-04-05T14:18:48","slug":"seat-altea-freetrack","status":"publish","type":"post","link":"https:\/\/www.carideal.com\/blog\/2007\/11\/26\/seat-altea-freetrack\/","title":{"rendered":"SEAT Altea 2.0 TDI Freetrack 4"},"content":{"rendered":"\n<h2 class=\"wp-block-heading\">SEAT Altea 2.0 TDI Freetrack 4<\/h2>\n\n\n\n<p>La <strong>Seat Altea Freetrack<\/strong> \u00e0 la m\u00eame base que l'Altea XL ;\u00a0elle a en plus des boucliers et des \u00e9largisseurs d'ailes mais ne poss\u00e8de pas de protections pour les portes. De plus, il poss\u00e8de une transmission int\u00e9grale et permanente ainsi qu'une garde au sol relev\u00e9 de 4cm.<\/p>\n\n\n\n<figure class=\"wp-block-image size-large\"><img loading=\"lazy\" decoding=\"async\" width=\"600\" height=\"338\" src=\"http:\/\/www.carideal.com\/blog\/wp-content\/uploads\/2007\/11\/seat-freetrack.jpg\" alt=\"Seat Altea Freetrack TDI\" class=\"wp-image-24985\" srcset=\"https:\/\/www.carideal.com\/blog\/wp-content\/uploads\/2007\/11\/seat-freetrack.jpg 600w, https:\/\/www.carideal.com\/blog\/wp-content\/uploads\/2007\/11\/seat-freetrack-300x169.jpg 300w, https:\/\/www.carideal.com\/blog\/wp-content\/uploads\/2007\/11\/seat-freetrack-50x28.jpg 50w, https:\/\/www.carideal.com\/blog\/wp-content\/uploads\/2007\/11\/seat-freetrack-110x62.jpg 110w, https:\/\/www.carideal.com\/blog\/wp-content\/uploads\/2007\/11\/seat-freetrack-420x237.jpg 420w\" sizes=\"(max-width: 600px) 100vw, 600px\" \/><figcaption>Seat Altea Freetrack TDI<\/figcaption><\/figure>\n\n\n\n<p>Sa tenue de route met le conducteur en confiance mais l'habitacle d\u00e9\u00e7oit un peu (bruit du diesel et les suspensions perdent de leurs douceurs sur les bosses).<\/p>\n\n\n\n<p>A l'exception du tableau de bord qui est de deux couleurs : noir et bronze, l'habitacle reste le m\u00eame. Ce mod\u00e8le ne peut \u00eatre \u00e9quip\u00e9 que de deux motorisations : une essence de 200 ch et un diesel de 170 ch TDi.<\/p>\n\n\n\n<p>Par contre, le TDi a un co\u00fbt tr\u00e8s \u00e9lev\u00e9 par rapport \u00e0 l'Altea XL 2.0 TDi 170 FR, de 3 165 \u20ac. Mais ce surco\u00fbt est excus\u00e9 par la transmission quatre roues motrices et une gamme compl\u00e8te d'\u00e9quipements en s\u00e9rie : \u00e9cran couleur 7\" int\u00e9gr\u00e9 dans la console de toit, rails de toit chrom\u00e9s.....<\/p>\n\n\n\n<h2 class=\"wp-block-heading\">SEAT Altea 2.0 TDI Freetrack 4<\/h2>\n\n\n\n<p>Le <a href=\"http:\/\/www.carideal.com\/blog\/2018\/01\/28\/meilleurs-monospaces-2018\/\">monospace<\/a> \u00e0 quatre roues motrices se taille une niche unique sur le march\u00e9.<\/p>\n\n\n\n<p>Si le fait de traverser les \u00e9preuves est plus important pour vous que le simple fait de para\u00eetre, le Freetrack pourrait \u00eatre votre moyen de transport id\u00e9al. Il est bas\u00e9 sur l'Altea XL, mais il est plus long, plus large, plus haut et poss\u00e8de une carrosserie en plastique noir robuste. La suspension unique augmente la hauteur de la voiture de 40 mm et la voie est \u00e9galement plus large.<\/p>\n\n\n\n<p>\u00c0 l'int\u00e9rieur, la disposition du tableau de bord n'a pratiquement pas chang\u00e9 par rapport \u00e0 la voiture standard. Toutefois, le Freetrack re\u00e7oit une finition marron fonc\u00e9 unique pour le tableau de bord, les portes, le volant et les si\u00e8ges. Con\u00e7ue pour repr\u00e9senter ce que SEAT appelle \"une sensation de terre ou d'\u00e9corce d'arbre\", elle semble en r\u00e9alit\u00e9 un peu sombre et miteuse.<\/p>\n\n\n\n<p>Cependant, toutes les commandes sont mont\u00e9es en hauteur et \u00e0 proximit\u00e9 du conducteur, ce qui permet de disposer de nombreux espaces de rangement. Les roues et le si\u00e8ge sont tr\u00e8s mobiles, ce qui permet de se mettre \u00e0 l'aise facilement, et la suspension sur\u00e9lev\u00e9e offre une excellente vue sur la route, m\u00eame si les montants A, tr\u00e8s raides, provoquent de grands angles morts.<\/p>\n\n\n\n<p>Toutefois, cette voiture reste un monospace familial dans l'\u00e2me, et son c\u00f4t\u00e9 pratique est un atout. Les si\u00e8ges arri\u00e8res coulissent d'avant en arri\u00e8re pour varier l'espace pour les jambes, et il y a plus d'espace que dans le Tucson. Les passagers arri\u00e8re b\u00e9n\u00e9ficient \u00e9galement de cabines de toit escamotables et d'un excellent syst\u00e8me de DVD rabattable.<\/p>\n\n\n\n<p>Tous ces \u00e9l\u00e9ments, plus les stores arri\u00e8re, les vitres arri\u00e8re \u00e9lectriques et l'accoudoir central, sont de s\u00e9rie. Associ\u00e9s \u00e0 un coffre plus grand et \u00e0 une position de conduite plus confortable, ils donnent \u00e0 la <a href=\"http:\/\/www.carideal.com\/blog\/marque-de-voiture-actualites-essais\/seat\/\">SEAT<\/a> le dessus sur la Hyundai en mati\u00e8re de confort et contribuent \u00e0 justifier son prix plus \u00e9lev\u00e9.<\/p>\n\n\n\n<p>Ce syst\u00e8me \u00e0 quatre roues motrices permet au Freetrack de s'attaquer \u00e0 des terrains peu accident\u00e9s, mais dans des conditions de conduite normales, toute la puissance va aux roues avant. Par cons\u00e9quent, il n'est pas tr\u00e8s diff\u00e9rent d'une Altea XL classique. <\/p>\n\n\n\n<p>La suspension tendue lui assure des virages pr\u00e9cis, sans le roulis de caisse du Tucson et beaucoup plus d'adh\u00e9rence, ce qui vous donne une confiance qui manque \u00e0 la <a href=\"http:\/\/www.carideal.com\/blog\/marque-de-voiture-actualites-essais\/hyundai\/\">Hyundai<\/a>. La SEAT dispose \u00e9galement de commandes mieux \u00e9quilibr\u00e9es, d'une direction plus pr\u00e9cise et plus communicative et de freins beaucoup plus puissants, qui ont \u00e9t\u00e9 beaucoup plus performants lors de nos arr\u00eats d'urgence. Contrairement au <a href=\"http:\/\/www.carideal.com\/blog\/marque-de-voiture-actualites-essais\/hyundai\/tucson\/\">Tucson<\/a>, la SEAT dispose \u00e9galement d'un contr\u00f4le de stabilit\u00e9.<\/p>\n\n\n\n<h4 class=\"wp-block-heading\">S'INSCRIRE<\/h4>\n\n\n\n<p>Inscrivez-vous pour recevoir les derni\u00e8res nouvelles et critiques sur Carideal<br>Restez au courant des derni\u00e8res nouvelles, des critiques et plus encore<\/p>\n\n\n\n<div class=\"wp-block-jetpack-subscriptions\">[jetpack_subscription_form show_only_email_and_button=\"true\" custom_background_button_color=\"undefined\" custom_text_button_color=\"undefined\" submit_button_text=\"Abonnez-vous\" submit_button_classes=\"wp-block-button__link has-background has-vivid-green-cyan-background-color\" show_subscribers_total=\"true\" ]<\/div>\n\n\n\n<p>De plus, le diesel TDI de 2,0 litres a un acc\u00e9l\u00e9rateur plus r\u00e9actif et offre une acc\u00e9l\u00e9ration plus vive. La bo\u00eete de vitesses manuelle \u00e0 six rapports est \u00e9galement plus pr\u00e9cise. Gr\u00e2ce \u00e0 ses performances sup\u00e9rieures, sa maniabilit\u00e9 plus pr\u00e9cise et son meilleur contr\u00f4le de la carrosserie, la SEAT a une longueur d'avance sur sa rivale dans plusieurs domaines cl\u00e9s. Mais ce n'est qu'un avantage pour les acheteurs qui ont 3500 \u20ac de plus \u00e0 payer...<\/p>\n\n\n\n<h3 class=\"wp-block-heading\">Articles similaires<\/h3>\n\n\n\n<div style=\"height:50px\" aria-hidden=\"true\" class=\"wp-block-spacer\"><\/div>\n\n\n\n\n\n<div style=\"height:50px\" aria-hidden=\"true\" class=\"wp-block-spacer\"><\/div>\n\n\n\n<p>La SEAT poss\u00e8de tous les avantages de la traction 4x4 dans une carrosserie de monospace pratique.<\/p>\n\n\n\n<h3 class=\"wp-block-heading\">Les Tarifs<\/h3>\n\n\n\n<p>Des modifications des caract\u00e9ristiques et une r\u00e9vision du marketing du Freetrack ont r\u00e9duit de plusieurs centaines d'euros le prix catalogue. Cependant, \u00e0 19 995 livres, il reste beaucoup plus cher que le Tucson d'entr\u00e9e de gamme. Ailleurs, il y a de meilleures nouvelles. Non seulement la consommation, les \u00e9missions et la taxe sur les voitures de soci\u00e9t\u00e9 sont les plus abordables de cette association, mais l'<a href=\"http:\/\/www.carideal.com\/blog\/2014\/04\/04\/entretien-quel-est-le-cout-reel-de-votre-vehicule\/\">entretien<\/a> est aussi beaucoup moins co\u00fbteux. <\/p>\n\n\n\n<p>Avec trois ans de r\u00e9vision totalisant 790 \u20ac, le Freetrack est moins cher \u00e0 maintenir sur la route que la plupart des <a href=\"http:\/\/www.carideal.com\/blog\/2019\/12\/21\/les-meilleurs-suv-a-acheter-maintenant-2019-2020\/\">SUV<\/a> \u00e0 part enti\u00e8re. Si l'on ajoute \u00e0 ces co\u00fbts d'exploitation plus faibles une performance sup\u00e9rieure sur route, la SEAT est un argument de poids en sa faveur.<\/p>\n","protected":false},"excerpt":{"rendered":"<p>SEAT Altea 2.0 TDI Freetrack 4 La Seat Altea Freetrack \u00e0 la m\u00eame base que l&rsquo;Altea XL ;\u00a0elle a en plus des boucliers et des \u00e9largisseurs d&rsquo;ailes mais ne poss\u00e8de pas de protections pour les portes. De plus, il poss\u00e8de une transmission int\u00e9grale et permanente ainsi qu&rsquo;une garde au sol relev\u00e9 de 4cm. Sa tenue &#8230; <a title=\"SEAT Altea 2.0 TDI Freetrack 4\" class=\"read-more\" href=\"https:\/\/www.carideal.com\/blog\/2007\/11\/26\/seat-altea-freetrack\/\" aria-label=\"En savoir plus sur SEAT Altea 2.0 TDI Freetrack 4\">Lire plus<\/a><\/p>\n","protected":false},"author":3,"featured_media":24985,"comment_status":"open","ping_status":"open","sticky":false,"template":"","format":"standard","meta":{"_uag_custom_page_level_css":"","_themeisle_gutenberg_block_has_review":false,"footnotes":""},"categories":[21],"tags":[407],"class_list":["post-4564","post","type-post","status-publish","format-standard","has-post-thumbnail","hentry","category-actualites-auto","tag-tdi"],"wppr_data":{"cwp_meta_box_check":"No"},"yoast_head":"<!-- This site is optimized with the Yoast SEO plugin v24.8.1 - https:\/\/yoast.com\/wordpress\/plugins\/seo\/ -->\n<title>SEAT Altea 2.0 TDI Freetrack 4 - Blog auto Carid\u00e9al<\/title>\n<meta name=\"description\" content=\"La Seat Altea Freetrack \u00e0 la m\u00eame base que l&#039;Altea XL ; elle a en plus des boucliers et des \u00e9largisseurs d&#039;ailes mais ne poss\u00e8de pas de protections\" \/>\n<meta name=\"robots\" content=\"index, follow, max-snippet:-1, max-image-preview:large, max-video-preview:-1\" \/>\n<link rel=\"canonical\" href=\"https:\/\/www.carideal.com\/blog\/2007\/11\/26\/seat-altea-freetrack\/\" \/>\n<meta property=\"og:locale\" content=\"fr_FR\" \/>\n<meta property=\"og:type\" content=\"article\" \/>\n<meta property=\"og:title\" content=\"SEAT Altea 2.0 TDI Freetrack 4 - Blog auto Carid\u00e9al\" \/>\n<meta property=\"og:description\" content=\"La Seat Altea Freetrack \u00e0 la m\u00eame base que l&#039;Altea XL ; elle a en plus des boucliers et des \u00e9largisseurs d&#039;ailes mais ne poss\u00e8de pas de protections\" \/>\n<meta property=\"og:url\" content=\"https:\/\/www.carideal.com\/blog\/2007\/11\/26\/seat-altea-freetrack\/\" \/>\n<meta property=\"og:site_name\" content=\"Blog auto Carid\u00e9al\" \/>\n<meta property=\"article:publisher\" content=\"https:\/\/www.facebook.com\/Carideal.mandataire.automobile\" \/>\n<meta property=\"article:author\" content=\"https:\/\/www.facebook.com\/nicolas.schiavon.39\" \/>\n<meta property=\"article:published_time\" content=\"2007-11-26T00:00:00+00:00\" \/>\n<meta property=\"article:modified_time\" content=\"2020-04-05T14:18:48+00:00\" \/>\n<meta property=\"og:image\" content=\"https:\/\/www.carideal.com\/blog\/wp-content\/uploads\/2007\/11\/seat-freetrack.jpg\" \/>\n\t<meta property=\"og:image:width\" content=\"600\" \/>\n\t<meta property=\"og:image:height\" content=\"338\" \/>\n\t<meta property=\"og:image:type\" content=\"image\/jpeg\" \/>\n<meta name=\"author\" content=\"Nicolas SCHIAVON\" \/>\n<meta name=\"twitter:card\" content=\"summary_large_image\" \/>\n<meta name=\"twitter:creator\" content=\"@caridealauto\" \/>\n<meta name=\"twitter:site\" content=\"@caridealauto\" \/>\n<meta name=\"twitter:label1\" content=\"\u00c9crit par\" \/>\n\t<meta name=\"twitter:data1\" content=\"Nicolas SCHIAVON\" \/>\n\t<meta name=\"twitter:label2\" content=\"Dur\u00e9e de lecture estim\u00e9e\" \/>\n\t<meta name=\"twitter:data2\" content=\"5 minutes\" \/>\n<script type=\"application\/ld+json\" class=\"yoast-schema-graph\">{\"@context\":\"https:\/\/schema.org\",\"@graph\":[{\"@type\":\"Article\",\"@id\":\"https:\/\/www.carideal.com\/blog\/2007\/11\/26\/seat-altea-freetrack\/#article\",\"isPartOf\":{\"@id\":\"https:\/\/www.carideal.com\/blog\/2007\/11\/26\/seat-altea-freetrack\/\"},\"author\":{\"name\":\"Nicolas SCHIAVON\",\"@id\":\"https:\/\/www.carideal.com\/blog\/#\/schema\/person\/cd95dc7919660de90d31b366f85be1ec\"},\"headline\":\"SEAT Altea 2.0 TDI Freetrack 4\",\"datePublished\":\"2007-11-26T00:00:00+00:00\",\"dateModified\":\"2020-04-05T14:18:48+00:00\",\"mainEntityOfPage\":{\"@id\":\"https:\/\/www.carideal.com\/blog\/2007\/11\/26\/seat-altea-freetrack\/\"},\"wordCount\":932,\"commentCount\":0,\"publisher\":{\"@id\":\"https:\/\/www.carideal.com\/blog\/#organization\"},\"image\":{\"@id\":\"https:\/\/www.carideal.com\/blog\/2007\/11\/26\/seat-altea-freetrack\/#primaryimage\"},\"thumbnailUrl\":\"https:\/\/www.carideal.com\/blog\/wp-content\/uploads\/2007\/11\/seat-freetrack.jpg\",\"keywords\":[\"TDI\"],\"articleSection\":[\"Actualit\u00e9 automobile\"],\"inLanguage\":\"fr-FR\",\"potentialAction\":[{\"@type\":\"CommentAction\",\"name\":\"Comment\",\"target\":[\"https:\/\/www.carideal.com\/blog\/2007\/11\/26\/seat-altea-freetrack\/#respond\"]}]},{\"@type\":\"WebPage\",\"@id\":\"https:\/\/www.carideal.com\/blog\/2007\/11\/26\/seat-altea-freetrack\/\",\"url\":\"https:\/\/www.carideal.com\/blog\/2007\/11\/26\/seat-altea-freetrack\/\",\"name\":\"SEAT Altea 2.0 TDI Freetrack 4 - Blog auto Carid\u00e9al\",\"isPartOf\":{\"@id\":\"https:\/\/www.carideal.com\/blog\/#website\"},\"primaryImageOfPage\":{\"@id\":\"https:\/\/www.carideal.com\/blog\/2007\/11\/26\/seat-altea-freetrack\/#primaryimage\"},\"image\":{\"@id\":\"https:\/\/www.carideal.com\/blog\/2007\/11\/26\/seat-altea-freetrack\/#primaryimage\"},\"thumbnailUrl\":\"https:\/\/www.carideal.com\/blog\/wp-content\/uploads\/2007\/11\/seat-freetrack.jpg\",\"datePublished\":\"2007-11-26T00:00:00+00:00\",\"dateModified\":\"2020-04-05T14:18:48+00:00\",\"description\":\"La Seat Altea Freetrack \u00e0 la m\u00eame base que l'Altea XL ; elle a en plus des boucliers et des \u00e9largisseurs d'ailes mais ne poss\u00e8de pas de protections\",\"breadcrumb\":{\"@id\":\"https:\/\/www.carideal.com\/blog\/2007\/11\/26\/seat-altea-freetrack\/#breadcrumb\"},\"inLanguage\":\"fr-FR\",\"potentialAction\":[{\"@type\":\"ReadAction\",\"target\":[\"https:\/\/www.carideal.com\/blog\/2007\/11\/26\/seat-altea-freetrack\/\"]}]},{\"@type\":\"ImageObject\",\"inLanguage\":\"fr-FR\",\"@id\":\"https:\/\/www.carideal.com\/blog\/2007\/11\/26\/seat-altea-freetrack\/#primaryimage\",\"url\":\"https:\/\/www.carideal.com\/blog\/wp-content\/uploads\/2007\/11\/seat-freetrack.jpg\",\"contentUrl\":\"https:\/\/www.carideal.com\/blog\/wp-content\/uploads\/2007\/11\/seat-freetrack.jpg\",\"width\":600,\"height\":338,\"caption\":\"Seat Altea Freetrack TDI\"},{\"@type\":\"BreadcrumbList\",\"@id\":\"https:\/\/www.carideal.com\/blog\/2007\/11\/26\/seat-altea-freetrack\/#breadcrumb\",\"itemListElement\":[{\"@type\":\"ListItem\",\"position\":1,\"name\":\"Blog Carid\u00e9al\",\"item\":\"https:\/\/www.carideal.com\/blog\/\"},{\"@type\":\"ListItem\",\"position\":2,\"name\":\"Actualit\u00e9 automobile\",\"item\":\"https:\/\/www.carideal.com\/blog\/actualites-auto\/\"},{\"@type\":\"ListItem\",\"position\":3,\"name\":\"SEAT Altea 2.0 TDI Freetrack 4\"}]},{\"@type\":\"WebSite\",\"@id\":\"https:\/\/www.carideal.com\/blog\/#website\",\"url\":\"https:\/\/www.carideal.com\/blog\/\",\"name\":\"Blog auto Carid\u00e9al\",\"description\":\"Actualit\u00e9 auto par des passionn\u00e9s\",\"publisher\":{\"@id\":\"https:\/\/www.carideal.com\/blog\/#organization\"},\"potentialAction\":[{\"@type\":\"SearchAction\",\"target\":{\"@type\":\"EntryPoint\",\"urlTemplate\":\"https:\/\/www.carideal.com\/blog\/?s={search_term_string}\"},\"query-input\":{\"@type\":\"PropertyValueSpecification\",\"valueRequired\":true,\"valueName\":\"search_term_string\"}}],\"inLanguage\":\"fr-FR\"},{\"@type\":\"Organization\",\"@id\":\"https:\/\/www.carideal.com\/blog\/#organization\",\"name\":\"Carideal\",\"url\":\"https:\/\/www.carideal.com\/blog\/\",\"logo\":{\"@type\":\"ImageObject\",\"inLanguage\":\"fr-FR\",\"@id\":\"https:\/\/www.carideal.com\/blog\/#\/schema\/logo\/image\/\",\"url\":\"http:\/\/www.carideal.com\/blog\/wp-content\/uploads\/2016\/03\/logo-carideal-mandataire-automobile.png\",\"contentUrl\":\"http:\/\/www.carideal.com\/blog\/wp-content\/uploads\/2016\/03\/logo-carideal-mandataire-automobile.png\",\"width\":300,\"height\":300,\"caption\":\"Carideal\"},\"image\":{\"@id\":\"https:\/\/www.carideal.com\/blog\/#\/schema\/logo\/image\/\"},\"sameAs\":[\"https:\/\/www.facebook.com\/Carideal.mandataire.automobile\",\"https:\/\/x.com\/caridealauto\",\"https:\/\/www.instagram.com\/carideal1\/\",\"https:\/\/www.linkedin.com\/company\/carideal.com\",\"https:\/\/fr.pinterest.com\/schiavonsas\/\",\"https:\/\/www.youtube.com\/user\/caridealsas\"]},{\"@type\":\"Person\",\"@id\":\"https:\/\/www.carideal.com\/blog\/#\/schema\/person\/cd95dc7919660de90d31b366f85be1ec\",\"name\":\"Nicolas SCHIAVON\",\"image\":{\"@type\":\"ImageObject\",\"inLanguage\":\"fr-FR\",\"@id\":\"https:\/\/www.carideal.com\/blog\/#\/schema\/person\/image\/\",\"url\":\"https:\/\/secure.gravatar.com\/avatar\/c17e55009e671d92cc7f5dc837dc418a?s=96&r=g\",\"contentUrl\":\"https:\/\/secure.gravatar.com\/avatar\/c17e55009e671d92cc7f5dc837dc418a?s=96&r=g\",\"caption\":\"Nicolas SCHIAVON\"},\"description\":\"Nicolas Schiavon est tomb\u00e9 tout petit dans la marmite automobile. Ayant eu un garage de marque automobile, mandataire automobile de la premi\u00e8re heure d\u00e8s 1999. Nicolas a cr\u00e9\u00e9 ces premiers sites de vente de voiture et blog automobile d\u00e8s 1994. Carideal est n\u00e9 le 15 d\u00e9cembre 2000 de la volont\u00e9 de vendre des voitures d'occasions en ligne puis des voitures neuves. Il a pu essayer beaucoup de voitures tr\u00e8s diff\u00e9rentes et ayant eu personnellement quelques belles autos, Subaru Impreza, Mitsubishi Lancer Evo 7, Porsche 911, Ferrari Testarrossa, Audi RS3, RS4 et j'en passe...\",\"sameAs\":[\"http:\/\/www.carideal.com\",\"https:\/\/www.facebook.com\/nicolas.schiavon.39\",\"https:\/\/www.instagram.com\/carideal1\/\",\"https:\/\/www.linkedin.com\/in\/nschiavon\/\",\"https:\/\/x.com\/caridealauto\",\"https:\/\/www.youtube.com\/user\/caridealsas\/\"],\"url\":\"https:\/\/www.carideal.com\/blog\/author\/nschiavon\/\"}]}<\/script>\n<!-- \/ Yoast SEO plugin. -->","yoast_head_json":{"title":"SEAT Altea 2.0 TDI Freetrack 4 - Blog auto Carid\u00e9al","description":"La Seat Altea Freetrack \u00e0 la m\u00eame base que l'Altea XL ; elle a en plus des boucliers et des \u00e9largisseurs d'ailes mais ne poss\u00e8de pas de protections","robots":{"index":"index","follow":"follow","max-snippet":"max-snippet:-1","max-image-preview":"max-image-preview:large","max-video-preview":"max-video-preview:-1"},"canonical":"https:\/\/www.carideal.com\/blog\/2007\/11\/26\/seat-altea-freetrack\/","og_locale":"fr_FR","og_type":"article","og_title":"SEAT Altea 2.0 TDI Freetrack 4 - Blog auto Carid\u00e9al","og_description":"La Seat Altea Freetrack \u00e0 la m\u00eame base que l'Altea XL ; elle a en plus des boucliers et des \u00e9largisseurs d'ailes mais ne poss\u00e8de pas de protections","og_url":"https:\/\/www.carideal.com\/blog\/2007\/11\/26\/seat-altea-freetrack\/","og_site_name":"Blog auto Carid\u00e9al","article_publisher":"https:\/\/www.facebook.com\/Carideal.mandataire.automobile","article_author":"https:\/\/www.facebook.com\/nicolas.schiavon.39","article_published_time":"2007-11-26T00:00:00+00:00","article_modified_time":"2020-04-05T14:18:48+00:00","og_image":[{"width":600,"height":338,"url":"https:\/\/www.carideal.com\/blog\/wp-content\/uploads\/2007\/11\/seat-freetrack.jpg","type":"image\/jpeg"}],"author":"Nicolas SCHIAVON","twitter_card":"summary_large_image","twitter_creator":"@caridealauto","twitter_site":"@caridealauto","twitter_misc":{"\u00c9crit par":"Nicolas SCHIAVON","Dur\u00e9e de lecture estim\u00e9e":"5 minutes"},"schema":{"@context":"https:\/\/schema.org","@graph":[{"@type":"Article","@id":"https:\/\/www.carideal.com\/blog\/2007\/11\/26\/seat-altea-freetrack\/#article","isPartOf":{"@id":"https:\/\/www.carideal.com\/blog\/2007\/11\/26\/seat-altea-freetrack\/"},"author":{"name":"Nicolas SCHIAVON","@id":"https:\/\/www.carideal.com\/blog\/#\/schema\/person\/cd95dc7919660de90d31b366f85be1ec"},"headline":"SEAT Altea 2.0 TDI Freetrack 4","datePublished":"2007-11-26T00:00:00+00:00","dateModified":"2020-04-05T14:18:48+00:00","mainEntityOfPage":{"@id":"https:\/\/www.carideal.com\/blog\/2007\/11\/26\/seat-altea-freetrack\/"},"wordCount":932,"commentCount":0,"publisher":{"@id":"https:\/\/www.carideal.com\/blog\/#organization"},"image":{"@id":"https:\/\/www.carideal.com\/blog\/2007\/11\/26\/seat-altea-freetrack\/#primaryimage"},"thumbnailUrl":"https:\/\/www.carideal.com\/blog\/wp-content\/uploads\/2007\/11\/seat-freetrack.jpg","keywords":["TDI"],"articleSection":["Actualit\u00e9 automobile"],"inLanguage":"fr-FR","potentialAction":[{"@type":"CommentAction","name":"Comment","target":["https:\/\/www.carideal.com\/blog\/2007\/11\/26\/seat-altea-freetrack\/#respond"]}]},{"@type":"WebPage","@id":"https:\/\/www.carideal.com\/blog\/2007\/11\/26\/seat-altea-freetrack\/","url":"https:\/\/www.carideal.com\/blog\/2007\/11\/26\/seat-altea-freetrack\/","name":"SEAT Altea 2.0 TDI Freetrack 4 - Blog auto Carid\u00e9al","isPartOf":{"@id":"https:\/\/www.carideal.com\/blog\/#website"},"primaryImageOfPage":{"@id":"https:\/\/www.carideal.com\/blog\/2007\/11\/26\/seat-altea-freetrack\/#primaryimage"},"image":{"@id":"https:\/\/www.carideal.com\/blog\/2007\/11\/26\/seat-altea-freetrack\/#primaryimage"},"thumbnailUrl":"https:\/\/www.carideal.com\/blog\/wp-content\/uploads\/2007\/11\/seat-freetrack.jpg","datePublished":"2007-11-26T00:00:00+00:00","dateModified":"2020-04-05T14:18:48+00:00","description":"La Seat Altea Freetrack \u00e0 la m\u00eame base que l'Altea XL ; elle a en plus des boucliers et des \u00e9largisseurs d'ailes mais ne poss\u00e8de pas de protections","breadcrumb":{"@id":"https:\/\/www.carideal.com\/blog\/2007\/11\/26\/seat-altea-freetrack\/#breadcrumb"},"inLanguage":"fr-FR","potentialAction":[{"@type":"ReadAction","target":["https:\/\/www.carideal.com\/blog\/2007\/11\/26\/seat-altea-freetrack\/"]}]},{"@type":"ImageObject","inLanguage":"fr-FR","@id":"https:\/\/www.carideal.com\/blog\/2007\/11\/26\/seat-altea-freetrack\/#primaryimage","url":"https:\/\/www.carideal.com\/blog\/wp-content\/uploads\/2007\/11\/seat-freetrack.jpg","contentUrl":"https:\/\/www.carideal.com\/blog\/wp-content\/uploads\/2007\/11\/seat-freetrack.jpg","width":600,"height":338,"caption":"Seat Altea Freetrack TDI"},{"@type":"BreadcrumbList","@id":"https:\/\/www.carideal.com\/blog\/2007\/11\/26\/seat-altea-freetrack\/#breadcrumb","itemListElement":[{"@type":"ListItem","position":1,"name":"Blog Carid\u00e9al","item":"https:\/\/www.carideal.com\/blog\/"},{"@type":"ListItem","position":2,"name":"Actualit\u00e9 automobile","item":"https:\/\/www.carideal.com\/blog\/actualites-auto\/"},{"@type":"ListItem","position":3,"name":"SEAT Altea 2.0 TDI Freetrack 4"}]},{"@type":"WebSite","@id":"https:\/\/www.carideal.com\/blog\/#website","url":"https:\/\/www.carideal.com\/blog\/","name":"Blog auto Carid\u00e9al","description":"Actualit\u00e9 auto par des passionn\u00e9s","publisher":{"@id":"https:\/\/www.carideal.com\/blog\/#organization"},"potentialAction":[{"@type":"SearchAction","target":{"@type":"EntryPoint","urlTemplate":"https:\/\/www.carideal.com\/blog\/?s={search_term_string}"},"query-input":{"@type":"PropertyValueSpecification","valueRequired":true,"valueName":"search_term_string"}}],"inLanguage":"fr-FR"},{"@type":"Organization","@id":"https:\/\/www.carideal.com\/blog\/#organization","name":"Carideal","url":"https:\/\/www.carideal.com\/blog\/","logo":{"@type":"ImageObject","inLanguage":"fr-FR","@id":"https:\/\/www.carideal.com\/blog\/#\/schema\/logo\/image\/","url":"http:\/\/www.carideal.com\/blog\/wp-content\/uploads\/2016\/03\/logo-carideal-mandataire-automobile.png","contentUrl":"http:\/\/www.carideal.com\/blog\/wp-content\/uploads\/2016\/03\/logo-carideal-mandataire-automobile.png","width":300,"height":300,"caption":"Carideal"},"image":{"@id":"https:\/\/www.carideal.com\/blog\/#\/schema\/logo\/image\/"},"sameAs":["https:\/\/www.facebook.com\/Carideal.mandataire.automobile","https:\/\/x.com\/caridealauto","https:\/\/www.instagram.com\/carideal1\/","https:\/\/www.linkedin.com\/company\/carideal.com","https:\/\/fr.pinterest.com\/schiavonsas\/","https:\/\/www.youtube.com\/user\/caridealsas"]},{"@type":"Person","@id":"https:\/\/www.carideal.com\/blog\/#\/schema\/person\/cd95dc7919660de90d31b366f85be1ec","name":"Nicolas SCHIAVON","image":{"@type":"ImageObject","inLanguage":"fr-FR","@id":"https:\/\/www.carideal.com\/blog\/#\/schema\/person\/image\/","url":"https:\/\/secure.gravatar.com\/avatar\/c17e55009e671d92cc7f5dc837dc418a?s=96&r=g","contentUrl":"https:\/\/secure.gravatar.com\/avatar\/c17e55009e671d92cc7f5dc837dc418a?s=96&r=g","caption":"Nicolas SCHIAVON"},"description":"Nicolas Schiavon est tomb\u00e9 tout petit dans la marmite automobile. Ayant eu un garage de marque automobile, mandataire automobile de la premi\u00e8re heure d\u00e8s 1999. Nicolas a cr\u00e9\u00e9 ces premiers sites de vente de voiture et blog automobile d\u00e8s 1994. Carideal est n\u00e9 le 15 d\u00e9cembre 2000 de la volont\u00e9 de vendre des voitures d'occasions en ligne puis des voitures neuves. Il a pu essayer beaucoup de voitures tr\u00e8s diff\u00e9rentes et ayant eu personnellement quelques belles autos, Subaru Impreza, Mitsubishi Lancer Evo 7, Porsche 911, Ferrari Testarrossa, Audi RS3, RS4 et j'en passe...","sameAs":["http:\/\/www.carideal.com","https:\/\/www.facebook.com\/nicolas.schiavon.39","https:\/\/www.instagram.com\/carideal1\/","https:\/\/www.linkedin.com\/in\/nschiavon\/","https:\/\/x.com\/caridealauto","https:\/\/www.youtube.com\/user\/caridealsas\/"],"url":"https:\/\/www.carideal.com\/blog\/author\/nschiavon\/"}]}},"uagb_featured_image_src":{"full":["https:\/\/www.carideal.com\/blog\/wp-content\/uploads\/2007\/11\/seat-freetrack.jpg",600,338,false],"thumbnail":["https:\/\/www.carideal.com\/blog\/wp-content\/uploads\/2007\/11\/seat-freetrack-150x150.jpg",150,150,true],"medium":["https:\/\/www.carideal.com\/blog\/wp-content\/uploads\/2007\/11\/seat-freetrack-300x169.jpg",300,169,true],"medium_large":["https:\/\/www.carideal.com\/blog\/wp-content\/uploads\/2007\/11\/seat-freetrack.jpg",600,338,false],"large":["https:\/\/www.carideal.com\/blog\/wp-content\/uploads\/2007\/11\/seat-freetrack.jpg",600,338,false],"1536x1536":["https:\/\/www.carideal.com\/blog\/wp-content\/uploads\/2007\/11\/seat-freetrack.jpg",600,338,false],"2048x2048":["https:\/\/www.carideal.com\/blog\/wp-content\/uploads\/2007\/11\/seat-freetrack.jpg",600,338,false],"wppr-widget":["https:\/\/www.carideal.com\/blog\/wp-content\/uploads\/2007\/11\/seat-freetrack-50x28.jpg",50,28,true]},"uagb_author_info":{"display_name":"Nicolas SCHIAVON","author_link":"https:\/\/www.carideal.com\/blog\/author\/nschiavon\/"},"uagb_comment_info":0,"uagb_excerpt":"SEAT Altea 2.0 TDI Freetrack 4 La Seat Altea Freetrack \u00e0 la m\u00eame base que l'Altea XL ;\u00a0elle a en plus des boucliers et des \u00e9largisseurs d'ailes mais ne poss\u00e8de pas de protections pour les portes. De plus, il poss\u00e8de une transmission int\u00e9grale et permanente ainsi qu'une garde au sol relev\u00e9 de 4cm. Sa tenue\u2026","_links":{"self":[{"href":"https:\/\/www.carideal.com\/blog\/wp-json\/wp\/v2\/posts\/4564"}],"collection":[{"href":"https:\/\/www.carideal.com\/blog\/wp-json\/wp\/v2\/posts"}],"about":[{"href":"https:\/\/www.carideal.com\/blog\/wp-json\/wp\/v2\/types\/post"}],"author":[{"embeddable":true,"href":"https:\/\/www.carideal.com\/blog\/wp-json\/wp\/v2\/users\/3"}],"replies":[{"embeddable":true,"href":"https:\/\/www.carideal.com\/blog\/wp-json\/wp\/v2\/comments?post=4564"}],"version-history":[{"count":0,"href":"https:\/\/www.carideal.com\/blog\/wp-json\/wp\/v2\/posts\/4564\/revisions"}],"wp:featuredmedia":[{"embeddable":true,"href":"https:\/\/www.carideal.com\/blog\/wp-json\/wp\/v2\/media\/24985"}],"wp:attachment":[{"href":"https:\/\/www.carideal.com\/blog\/wp-json\/wp\/v2\/media?parent=4564"}],"wp:term":[{"taxonomy":"category","embeddable":true,"href":"https:\/\/www.carideal.com\/blog\/wp-json\/wp\/v2\/categories?post=4564"},{"taxonomy":"post_tag","embeddable":true,"href":"https:\/\/www.carideal.com\/blog\/wp-json\/wp\/v2\/tags?post=4564"}],"curies":[{"name":"wp","href":"https:\/\/api.w.org\/{rel}","templated":true}]}}