{"id":4562,"date":"2007-11-23T00:00:00","date_gmt":"2007-11-23T00:00:00","guid":{"rendered":"http:\/\/www.carideal.com\/blog\/2007\/11\/23\/l-erreur-humaine-premiere-cause-d-accidents-de-la-route\/"},"modified":"2024-04-23T20:18:58","modified_gmt":"2024-04-23T18:18:58","slug":"l-erreur-humaine-premiere-cause-d-accidents-de-la-route","status":"publish","type":"post","link":"https:\/\/www.carideal.com\/blog\/2007\/11\/23\/l-erreur-humaine-premiere-cause-d-accidents-de-la-route\/","title":{"rendered":"Erreur humaine premi\u00e8re cause d accident de la route"},"content":{"rendered":"<header class=\"entry-header\">\n<figure id=\"attachment_12869\" aria-describedby=\"caption-attachment-12869\" style=\"width: 590px\" class=\"wp-caption aligncenter\"><a href=\"http:\/\/www.carideal.com\/blog\/wp-content\/uploads\/2007\/11\/accident-de-la-route.jpg\"><img loading=\"lazy\" decoding=\"async\" class=\"wp-image-12869 size-full\" title=\"erreur humaine responsable des accident de la route\" src=\"http:\/\/www.carideal.com\/blog\/wp-content\/uploads\/2007\/11\/accident-de-la-route.jpg\" sizes=\"(max-width: 600px) 100vw, 600px\" srcset=\"http:\/\/www.carideal.com\/blog\/wp-content\/uploads\/2007\/11\/accident-de-la-route.jpg 600w, http:\/\/www.carideal.com\/blog\/wp-content\/uploads\/2007\/11\/accident-de-la-route-300x186.jpg 300w\" alt=\"erreur humaine responsable des accident de la route\" width=\"600\" height=\"372\" \/><\/a><figcaption id=\"caption-attachment-12869\" class=\"wp-caption-text\">erreur humaine responsable des accident de la route<\/figcaption><\/figure>\n<\/header>\n<div class=\"entry-content\">\n<div>\n<div id=\"attachment_12869\" class=\"wp-caption aligncenter\">\n<h1 class=\"wp-caption-text\"><strong>L\u2019erreur Humaine premi\u00e8re cause d\u2019accident de la route<\/strong><\/h1>\n<\/div>\n<\/div>\n<p><strong>Erreur humaine<\/strong> : Pendant des ann\u00e9es ont nous a r\u00e9p\u00e9t\u00e9 que la premi\u00e8re cause de mortalit\u00e9 sur les routes (surtout sur autoroutes) \u00e9tait la vitesse. Or, depuis quelques mois, les<br \/>\nautorit\u00e9s modifient leur jugement et s\u2019appui sur les probl\u00e8mes de fond : les automobilistes ne sont pas assez concentr\u00e9s et vigilants en voitures et serait source d\u2019erreur humaine. D\u2019apr\u00e8s l\u2019Asfa (Association des soci\u00e9t\u00e9s fran\u00e7aises d\u2019autoroute), un accident sur trois \u00e0 pour origine la somnolence ; voir un assoupissement du conducteur. De ce afit, la somnolence devient la premi\u00e8re cause de mortalit\u00e9 sur les autoroutes. De plus, ce chiffres est en constante augmentation depuis dix ans ; sur le reste du r\u00e9seau routier elle repr\u00e9sente entre 10 et 20 % des accidents.<\/p>\n<p>L\u2019autre cause d\u2019accident de la circulation est l\u2019inattention (35 % des accidents) ou erreur humaine. L\u2019Inrest (Institut national de recherche sur les transports et leur s\u00e9curit\u00e9) estime que le\u00a0risque d\u2019avoir un accident est multipli\u00e9 par quatre lors des p\u00e9riodes post-divorces (ou s\u00e9paration conjugale) et met aussi l\u2019accent sur les probl\u00e8mes personnels des automobilistes ce qui les rend moins attentifs.<br \/>\nPour finir, la derni\u00e8re cause d\u2019accident de la route est d\u00fb \u00e0 la manipulation des autoradio, <a href=\"http:\/\/www.carideal.com\/blog\/2012\/12\/19\/le-telephone-portable\/\">t\u00e9l\u00e9phone portable<\/a> ou GPS (pas toujours simple d\u2019utilisation).<br \/>\nEn outre, les conducteurs sont de moins en moins concentr\u00e9s sur la route.<\/p>\n<p>Conseils du docteur S. Cascua :<br \/>\n\u2013 s\u2019arr\u00eater d\u00e8s que les premiers signes de fatigue ou de relachement se font ressentir ;<br \/>\n\u2013 boire un caf\u00e9 permet de rester \u00e9veiller pendant deux heures mais les effets n\u2019apparaissent que vingt\u00a0minutes apr\u00e8s la prise donc attention ;<br \/>\n\u2013 faites une sieste de 15 ou 20 minutes ce qui permet de r\u00e9cup\u00e9rer 20 % des capacit\u00e9s intellectuelles ;<br \/>\n\u2013 faire attention \u00e0 la prise de m\u00e9dicament et leur effets secondaires ;<br \/>\n\u2013 l\u2019id\u00e9al est de changer de conducteur toutes les deux heures.<\/p>\n<\/div>\n","protected":false},"excerpt":{"rendered":"<p>L\u2019erreur Humaine premi\u00e8re cause d\u2019accident de la route Erreur humaine : Pendant des ann\u00e9es ont nous a r\u00e9p\u00e9t\u00e9 que la premi\u00e8re cause de mortalit\u00e9 sur les routes (surtout sur autoroutes) \u00e9tait la vitesse. Or, depuis quelques mois, les autorit\u00e9s modifient leur jugement et s\u2019appui sur les probl\u00e8mes de fond : les automobilistes ne sont pas &#8230; <a title=\"Erreur humaine premi\u00e8re cause d accident de la route\" class=\"read-more\" href=\"https:\/\/www.carideal.com\/blog\/2007\/11\/23\/l-erreur-humaine-premiere-cause-d-accidents-de-la-route\/\" aria-label=\"En savoir plus sur Erreur humaine premi\u00e8re cause d accident de la route\">Lire plus<\/a><\/p>\n","protected":false},"author":3,"featured_media":12850,"comment_status":"open","ping_status":"open","sticky":false,"template":"","format":"standard","meta":{"_uag_custom_page_level_css":"","_themeisle_gutenberg_block_has_review":false,"footnotes":""},"categories":[21,15],"tags":[],"class_list":["post-4562","post","type-post","status-publish","format-standard","has-post-thumbnail","hentry","category-actualites-auto","category-radar-et-securite-routiere"],"wppr_data":[],"yoast_head":"<!-- This site is optimized with the Yoast SEO plugin v24.8.1 - https:\/\/yoast.com\/wordpress\/plugins\/seo\/ -->\n<title>Erreur humaine premi\u00e8re cause d accident de la route - Blog auto Carid\u00e9al<\/title>\n<meta name=\"description\" content=\"Erreur humaine : Pendant des ann\u00e9es ont nous a r\u00e9p\u00e9t\u00e9 que la premi\u00e8re cause de mortalit\u00e9 sur les routes \u00e9tait la vitesse mais c&#039;est l&#039;\u00e9rreur ...\" \/>\n<meta name=\"robots\" content=\"index, follow, max-snippet:-1, max-image-preview:large, max-video-preview:-1\" \/>\n<link rel=\"canonical\" href=\"https:\/\/www.carideal.com\/blog\/2007\/11\/23\/l-erreur-humaine-premiere-cause-d-accidents-de-la-route\/\" \/>\n<meta property=\"og:locale\" content=\"fr_FR\" \/>\n<meta property=\"og:type\" content=\"article\" \/>\n<meta property=\"og:title\" content=\"Erreur humaine premi\u00e8re cause d accident de la route - Blog auto Carid\u00e9al\" \/>\n<meta property=\"og:description\" content=\"Erreur humaine : Pendant des ann\u00e9es ont nous a r\u00e9p\u00e9t\u00e9 que la premi\u00e8re cause de mortalit\u00e9 sur les routes \u00e9tait la vitesse mais c&#039;est l&#039;\u00e9rreur ...\" \/>\n<meta property=\"og:url\" content=\"https:\/\/www.carideal.com\/blog\/2007\/11\/23\/l-erreur-humaine-premiere-cause-d-accidents-de-la-route\/\" \/>\n<meta property=\"og:site_name\" content=\"Blog auto Carid\u00e9al\" \/>\n<meta property=\"article:publisher\" content=\"https:\/\/www.facebook.com\/Carideal.mandataire.automobile\" \/>\n<meta property=\"article:author\" content=\"https:\/\/www.facebook.com\/nicolas.schiavon.39\" \/>\n<meta property=\"article:published_time\" content=\"2007-11-23T00:00:00+00:00\" \/>\n<meta property=\"article:modified_time\" content=\"2024-04-23T18:18:58+00:00\" \/>\n<meta property=\"og:image\" content=\"https:\/\/www.carideal.com\/blog\/wp-content\/uploads\/2007\/11\/accident-de-la-route-1.jpg\" \/>\n\t<meta property=\"og:image:width\" content=\"600\" \/>\n\t<meta property=\"og:image:height\" content=\"372\" \/>\n\t<meta property=\"og:image:type\" content=\"image\/jpeg\" \/>\n<meta name=\"author\" content=\"Nicolas SCHIAVON\" \/>\n<meta name=\"twitter:card\" content=\"summary_large_image\" \/>\n<meta name=\"twitter:creator\" content=\"@caridealauto\" \/>\n<meta name=\"twitter:site\" content=\"@caridealauto\" \/>\n<meta name=\"twitter:label1\" content=\"\u00c9crit par\" \/>\n\t<meta name=\"twitter:data1\" content=\"Nicolas SCHIAVON\" \/>\n\t<meta name=\"twitter:label2\" content=\"Dur\u00e9e de lecture estim\u00e9e\" \/>\n\t<meta name=\"twitter:data2\" content=\"2 minutes\" \/>\n<script type=\"application\/ld+json\" class=\"yoast-schema-graph\">{\"@context\":\"https:\/\/schema.org\",\"@graph\":[{\"@type\":\"Article\",\"@id\":\"https:\/\/www.carideal.com\/blog\/2007\/11\/23\/l-erreur-humaine-premiere-cause-d-accidents-de-la-route\/#article\",\"isPartOf\":{\"@id\":\"https:\/\/www.carideal.com\/blog\/2007\/11\/23\/l-erreur-humaine-premiere-cause-d-accidents-de-la-route\/\"},\"author\":{\"name\":\"Nicolas SCHIAVON\",\"@id\":\"https:\/\/www.carideal.com\/blog\/#\/schema\/person\/cd95dc7919660de90d31b366f85be1ec\"},\"headline\":\"Erreur humaine premi\u00e8re cause d accident de la route\",\"datePublished\":\"2007-11-23T00:00:00+00:00\",\"dateModified\":\"2024-04-23T18:18:58+00:00\",\"mainEntityOfPage\":{\"@id\":\"https:\/\/www.carideal.com\/blog\/2007\/11\/23\/l-erreur-humaine-premiere-cause-d-accidents-de-la-route\/\"},\"wordCount\":364,\"commentCount\":0,\"publisher\":{\"@id\":\"https:\/\/www.carideal.com\/blog\/#organization\"},\"image\":{\"@id\":\"https:\/\/www.carideal.com\/blog\/2007\/11\/23\/l-erreur-humaine-premiere-cause-d-accidents-de-la-route\/#primaryimage\"},\"thumbnailUrl\":\"https:\/\/www.carideal.com\/blog\/wp-content\/uploads\/2007\/11\/accident-de-la-route-1.jpg\",\"articleSection\":[\"Actualit\u00e9 automobile\",\"Radar et s\u00e9curit\u00e9 routi\u00e8re\"],\"inLanguage\":\"fr-FR\",\"potentialAction\":[{\"@type\":\"CommentAction\",\"name\":\"Comment\",\"target\":[\"https:\/\/www.carideal.com\/blog\/2007\/11\/23\/l-erreur-humaine-premiere-cause-d-accidents-de-la-route\/#respond\"]}]},{\"@type\":\"WebPage\",\"@id\":\"https:\/\/www.carideal.com\/blog\/2007\/11\/23\/l-erreur-humaine-premiere-cause-d-accidents-de-la-route\/\",\"url\":\"https:\/\/www.carideal.com\/blog\/2007\/11\/23\/l-erreur-humaine-premiere-cause-d-accidents-de-la-route\/\",\"name\":\"Erreur humaine premi\u00e8re cause d accident de la route - Blog auto Carid\u00e9al\",\"isPartOf\":{\"@id\":\"https:\/\/www.carideal.com\/blog\/#website\"},\"primaryImageOfPage\":{\"@id\":\"https:\/\/www.carideal.com\/blog\/2007\/11\/23\/l-erreur-humaine-premiere-cause-d-accidents-de-la-route\/#primaryimage\"},\"image\":{\"@id\":\"https:\/\/www.carideal.com\/blog\/2007\/11\/23\/l-erreur-humaine-premiere-cause-d-accidents-de-la-route\/#primaryimage\"},\"thumbnailUrl\":\"https:\/\/www.carideal.com\/blog\/wp-content\/uploads\/2007\/11\/accident-de-la-route-1.jpg\",\"datePublished\":\"2007-11-23T00:00:00+00:00\",\"dateModified\":\"2024-04-23T18:18:58+00:00\",\"description\":\"Erreur humaine : Pendant des ann\u00e9es ont nous a r\u00e9p\u00e9t\u00e9 que la premi\u00e8re cause de mortalit\u00e9 sur les routes \u00e9tait la vitesse mais c'est l'\u00e9rreur ...\",\"breadcrumb\":{\"@id\":\"https:\/\/www.carideal.com\/blog\/2007\/11\/23\/l-erreur-humaine-premiere-cause-d-accidents-de-la-route\/#breadcrumb\"},\"inLanguage\":\"fr-FR\",\"potentialAction\":[{\"@type\":\"ReadAction\",\"target\":[\"https:\/\/www.carideal.com\/blog\/2007\/11\/23\/l-erreur-humaine-premiere-cause-d-accidents-de-la-route\/\"]}]},{\"@type\":\"ImageObject\",\"inLanguage\":\"fr-FR\",\"@id\":\"https:\/\/www.carideal.com\/blog\/2007\/11\/23\/l-erreur-humaine-premiere-cause-d-accidents-de-la-route\/#primaryimage\",\"url\":\"https:\/\/www.carideal.com\/blog\/wp-content\/uploads\/2007\/11\/accident-de-la-route-1.jpg\",\"contentUrl\":\"https:\/\/www.carideal.com\/blog\/wp-content\/uploads\/2007\/11\/accident-de-la-route-1.jpg\",\"width\":600,\"height\":372,\"caption\":\"erreur humaine responsable des accident de la route\"},{\"@type\":\"BreadcrumbList\",\"@id\":\"https:\/\/www.carideal.com\/blog\/2007\/11\/23\/l-erreur-humaine-premiere-cause-d-accidents-de-la-route\/#breadcrumb\",\"itemListElement\":[{\"@type\":\"ListItem\",\"position\":1,\"name\":\"Blog Carid\u00e9al\",\"item\":\"https:\/\/www.carideal.com\/blog\/\"},{\"@type\":\"ListItem\",\"position\":2,\"name\":\"Actualit\u00e9 automobile\",\"item\":\"https:\/\/www.carideal.com\/blog\/actualites-auto\/\"},{\"@type\":\"ListItem\",\"position\":3,\"name\":\"Erreur humaine premi\u00e8re cause d accident de la route\"}]},{\"@type\":\"WebSite\",\"@id\":\"https:\/\/www.carideal.com\/blog\/#website\",\"url\":\"https:\/\/www.carideal.com\/blog\/\",\"name\":\"Blog auto Carid\u00e9al\",\"description\":\"Actualit\u00e9 auto par des passionn\u00e9s\",\"publisher\":{\"@id\":\"https:\/\/www.carideal.com\/blog\/#organization\"},\"potentialAction\":[{\"@type\":\"SearchAction\",\"target\":{\"@type\":\"EntryPoint\",\"urlTemplate\":\"https:\/\/www.carideal.com\/blog\/?s={search_term_string}\"},\"query-input\":{\"@type\":\"PropertyValueSpecification\",\"valueRequired\":true,\"valueName\":\"search_term_string\"}}],\"inLanguage\":\"fr-FR\"},{\"@type\":\"Organization\",\"@id\":\"https:\/\/www.carideal.com\/blog\/#organization\",\"name\":\"Carideal\",\"url\":\"https:\/\/www.carideal.com\/blog\/\",\"logo\":{\"@type\":\"ImageObject\",\"inLanguage\":\"fr-FR\",\"@id\":\"https:\/\/www.carideal.com\/blog\/#\/schema\/logo\/image\/\",\"url\":\"http:\/\/www.carideal.com\/blog\/wp-content\/uploads\/2016\/03\/logo-carideal-mandataire-automobile.png\",\"contentUrl\":\"http:\/\/www.carideal.com\/blog\/wp-content\/uploads\/2016\/03\/logo-carideal-mandataire-automobile.png\",\"width\":300,\"height\":300,\"caption\":\"Carideal\"},\"image\":{\"@id\":\"https:\/\/www.carideal.com\/blog\/#\/schema\/logo\/image\/\"},\"sameAs\":[\"https:\/\/www.facebook.com\/Carideal.mandataire.automobile\",\"https:\/\/x.com\/caridealauto\",\"https:\/\/www.instagram.com\/carideal1\/\",\"https:\/\/www.linkedin.com\/company\/carideal.com\",\"https:\/\/fr.pinterest.com\/schiavonsas\/\",\"https:\/\/www.youtube.com\/user\/caridealsas\"]},{\"@type\":\"Person\",\"@id\":\"https:\/\/www.carideal.com\/blog\/#\/schema\/person\/cd95dc7919660de90d31b366f85be1ec\",\"name\":\"Nicolas SCHIAVON\",\"image\":{\"@type\":\"ImageObject\",\"inLanguage\":\"fr-FR\",\"@id\":\"https:\/\/www.carideal.com\/blog\/#\/schema\/person\/image\/\",\"url\":\"https:\/\/secure.gravatar.com\/avatar\/c17e55009e671d92cc7f5dc837dc418a?s=96&r=g\",\"contentUrl\":\"https:\/\/secure.gravatar.com\/avatar\/c17e55009e671d92cc7f5dc837dc418a?s=96&r=g\",\"caption\":\"Nicolas SCHIAVON\"},\"description\":\"Nicolas Schiavon est tomb\u00e9 tout petit dans la marmite automobile. Ayant eu un garage de marque automobile, mandataire automobile de la premi\u00e8re heure d\u00e8s 1999. Nicolas a cr\u00e9\u00e9 ces premiers sites de vente de voiture et blog automobile d\u00e8s 1994. Carideal est n\u00e9 le 15 d\u00e9cembre 2000 de la volont\u00e9 de vendre des voitures d'occasions en ligne puis des voitures neuves. Il a pu essayer beaucoup de voitures tr\u00e8s diff\u00e9rentes et ayant eu personnellement quelques belles autos, Subaru Impreza, Mitsubishi Lancer Evo 7, Porsche 911, Ferrari Testarrossa, Audi RS3, RS4 et j'en passe...\",\"sameAs\":[\"http:\/\/www.carideal.com\",\"https:\/\/www.facebook.com\/nicolas.schiavon.39\",\"https:\/\/www.instagram.com\/carideal1\/\",\"https:\/\/www.linkedin.com\/in\/nschiavon\/\",\"https:\/\/x.com\/caridealauto\",\"https:\/\/www.youtube.com\/user\/caridealsas\/\"],\"url\":\"https:\/\/www.carideal.com\/blog\/author\/nschiavon\/\"}]}<\/script>\n<!-- \/ Yoast SEO plugin. -->","yoast_head_json":{"title":"Erreur humaine premi\u00e8re cause d accident de la route - Blog auto Carid\u00e9al","description":"Erreur humaine : Pendant des ann\u00e9es ont nous a r\u00e9p\u00e9t\u00e9 que la premi\u00e8re cause de mortalit\u00e9 sur les routes \u00e9tait la vitesse mais c'est l'\u00e9rreur ...","robots":{"index":"index","follow":"follow","max-snippet":"max-snippet:-1","max-image-preview":"max-image-preview:large","max-video-preview":"max-video-preview:-1"},"canonical":"https:\/\/www.carideal.com\/blog\/2007\/11\/23\/l-erreur-humaine-premiere-cause-d-accidents-de-la-route\/","og_locale":"fr_FR","og_type":"article","og_title":"Erreur humaine premi\u00e8re cause d accident de la route - Blog auto Carid\u00e9al","og_description":"Erreur humaine : Pendant des ann\u00e9es ont nous a r\u00e9p\u00e9t\u00e9 que la premi\u00e8re cause de mortalit\u00e9 sur les routes \u00e9tait la vitesse mais c'est l'\u00e9rreur ...","og_url":"https:\/\/www.carideal.com\/blog\/2007\/11\/23\/l-erreur-humaine-premiere-cause-d-accidents-de-la-route\/","og_site_name":"Blog auto Carid\u00e9al","article_publisher":"https:\/\/www.facebook.com\/Carideal.mandataire.automobile","article_author":"https:\/\/www.facebook.com\/nicolas.schiavon.39","article_published_time":"2007-11-23T00:00:00+00:00","article_modified_time":"2024-04-23T18:18:58+00:00","og_image":[{"width":600,"height":372,"url":"https:\/\/www.carideal.com\/blog\/wp-content\/uploads\/2007\/11\/accident-de-la-route-1.jpg","type":"image\/jpeg"}],"author":"Nicolas SCHIAVON","twitter_card":"summary_large_image","twitter_creator":"@caridealauto","twitter_site":"@caridealauto","twitter_misc":{"\u00c9crit par":"Nicolas SCHIAVON","Dur\u00e9e de lecture estim\u00e9e":"2 minutes"},"schema":{"@context":"https:\/\/schema.org","@graph":[{"@type":"Article","@id":"https:\/\/www.carideal.com\/blog\/2007\/11\/23\/l-erreur-humaine-premiere-cause-d-accidents-de-la-route\/#article","isPartOf":{"@id":"https:\/\/www.carideal.com\/blog\/2007\/11\/23\/l-erreur-humaine-premiere-cause-d-accidents-de-la-route\/"},"author":{"name":"Nicolas SCHIAVON","@id":"https:\/\/www.carideal.com\/blog\/#\/schema\/person\/cd95dc7919660de90d31b366f85be1ec"},"headline":"Erreur humaine premi\u00e8re cause d accident de la route","datePublished":"2007-11-23T00:00:00+00:00","dateModified":"2024-04-23T18:18:58+00:00","mainEntityOfPage":{"@id":"https:\/\/www.carideal.com\/blog\/2007\/11\/23\/l-erreur-humaine-premiere-cause-d-accidents-de-la-route\/"},"wordCount":364,"commentCount":0,"publisher":{"@id":"https:\/\/www.carideal.com\/blog\/#organization"},"image":{"@id":"https:\/\/www.carideal.com\/blog\/2007\/11\/23\/l-erreur-humaine-premiere-cause-d-accidents-de-la-route\/#primaryimage"},"thumbnailUrl":"https:\/\/www.carideal.com\/blog\/wp-content\/uploads\/2007\/11\/accident-de-la-route-1.jpg","articleSection":["Actualit\u00e9 automobile","Radar et s\u00e9curit\u00e9 routi\u00e8re"],"inLanguage":"fr-FR","potentialAction":[{"@type":"CommentAction","name":"Comment","target":["https:\/\/www.carideal.com\/blog\/2007\/11\/23\/l-erreur-humaine-premiere-cause-d-accidents-de-la-route\/#respond"]}]},{"@type":"WebPage","@id":"https:\/\/www.carideal.com\/blog\/2007\/11\/23\/l-erreur-humaine-premiere-cause-d-accidents-de-la-route\/","url":"https:\/\/www.carideal.com\/blog\/2007\/11\/23\/l-erreur-humaine-premiere-cause-d-accidents-de-la-route\/","name":"Erreur humaine premi\u00e8re cause d accident de la route - Blog auto Carid\u00e9al","isPartOf":{"@id":"https:\/\/www.carideal.com\/blog\/#website"},"primaryImageOfPage":{"@id":"https:\/\/www.carideal.com\/blog\/2007\/11\/23\/l-erreur-humaine-premiere-cause-d-accidents-de-la-route\/#primaryimage"},"image":{"@id":"https:\/\/www.carideal.com\/blog\/2007\/11\/23\/l-erreur-humaine-premiere-cause-d-accidents-de-la-route\/#primaryimage"},"thumbnailUrl":"https:\/\/www.carideal.com\/blog\/wp-content\/uploads\/2007\/11\/accident-de-la-route-1.jpg","datePublished":"2007-11-23T00:00:00+00:00","dateModified":"2024-04-23T18:18:58+00:00","description":"Erreur humaine : Pendant des ann\u00e9es ont nous a r\u00e9p\u00e9t\u00e9 que la premi\u00e8re cause de mortalit\u00e9 sur les routes \u00e9tait la vitesse mais c'est l'\u00e9rreur ...","breadcrumb":{"@id":"https:\/\/www.carideal.com\/blog\/2007\/11\/23\/l-erreur-humaine-premiere-cause-d-accidents-de-la-route\/#breadcrumb"},"inLanguage":"fr-FR","potentialAction":[{"@type":"ReadAction","target":["https:\/\/www.carideal.com\/blog\/2007\/11\/23\/l-erreur-humaine-premiere-cause-d-accidents-de-la-route\/"]}]},{"@type":"ImageObject","inLanguage":"fr-FR","@id":"https:\/\/www.carideal.com\/blog\/2007\/11\/23\/l-erreur-humaine-premiere-cause-d-accidents-de-la-route\/#primaryimage","url":"https:\/\/www.carideal.com\/blog\/wp-content\/uploads\/2007\/11\/accident-de-la-route-1.jpg","contentUrl":"https:\/\/www.carideal.com\/blog\/wp-content\/uploads\/2007\/11\/accident-de-la-route-1.jpg","width":600,"height":372,"caption":"erreur humaine responsable des accident de la route"},{"@type":"BreadcrumbList","@id":"https:\/\/www.carideal.com\/blog\/2007\/11\/23\/l-erreur-humaine-premiere-cause-d-accidents-de-la-route\/#breadcrumb","itemListElement":[{"@type":"ListItem","position":1,"name":"Blog Carid\u00e9al","item":"https:\/\/www.carideal.com\/blog\/"},{"@type":"ListItem","position":2,"name":"Actualit\u00e9 automobile","item":"https:\/\/www.carideal.com\/blog\/actualites-auto\/"},{"@type":"ListItem","position":3,"name":"Erreur humaine premi\u00e8re cause d accident de la route"}]},{"@type":"WebSite","@id":"https:\/\/www.carideal.com\/blog\/#website","url":"https:\/\/www.carideal.com\/blog\/","name":"Blog auto Carid\u00e9al","description":"Actualit\u00e9 auto par des passionn\u00e9s","publisher":{"@id":"https:\/\/www.carideal.com\/blog\/#organization"},"potentialAction":[{"@type":"SearchAction","target":{"@type":"EntryPoint","urlTemplate":"https:\/\/www.carideal.com\/blog\/?s={search_term_string}"},"query-input":{"@type":"PropertyValueSpecification","valueRequired":true,"valueName":"search_term_string"}}],"inLanguage":"fr-FR"},{"@type":"Organization","@id":"https:\/\/www.carideal.com\/blog\/#organization","name":"Carideal","url":"https:\/\/www.carideal.com\/blog\/","logo":{"@type":"ImageObject","inLanguage":"fr-FR","@id":"https:\/\/www.carideal.com\/blog\/#\/schema\/logo\/image\/","url":"http:\/\/www.carideal.com\/blog\/wp-content\/uploads\/2016\/03\/logo-carideal-mandataire-automobile.png","contentUrl":"http:\/\/www.carideal.com\/blog\/wp-content\/uploads\/2016\/03\/logo-carideal-mandataire-automobile.png","width":300,"height":300,"caption":"Carideal"},"image":{"@id":"https:\/\/www.carideal.com\/blog\/#\/schema\/logo\/image\/"},"sameAs":["https:\/\/www.facebook.com\/Carideal.mandataire.automobile","https:\/\/x.com\/caridealauto","https:\/\/www.instagram.com\/carideal1\/","https:\/\/www.linkedin.com\/company\/carideal.com","https:\/\/fr.pinterest.com\/schiavonsas\/","https:\/\/www.youtube.com\/user\/caridealsas"]},{"@type":"Person","@id":"https:\/\/www.carideal.com\/blog\/#\/schema\/person\/cd95dc7919660de90d31b366f85be1ec","name":"Nicolas SCHIAVON","image":{"@type":"ImageObject","inLanguage":"fr-FR","@id":"https:\/\/www.carideal.com\/blog\/#\/schema\/person\/image\/","url":"https:\/\/secure.gravatar.com\/avatar\/c17e55009e671d92cc7f5dc837dc418a?s=96&r=g","contentUrl":"https:\/\/secure.gravatar.com\/avatar\/c17e55009e671d92cc7f5dc837dc418a?s=96&r=g","caption":"Nicolas SCHIAVON"},"description":"Nicolas Schiavon est tomb\u00e9 tout petit dans la marmite automobile. Ayant eu un garage de marque automobile, mandataire automobile de la premi\u00e8re heure d\u00e8s 1999. Nicolas a cr\u00e9\u00e9 ces premiers sites de vente de voiture et blog automobile d\u00e8s 1994. Carideal est n\u00e9 le 15 d\u00e9cembre 2000 de la volont\u00e9 de vendre des voitures d'occasions en ligne puis des voitures neuves. Il a pu essayer beaucoup de voitures tr\u00e8s diff\u00e9rentes et ayant eu personnellement quelques belles autos, Subaru Impreza, Mitsubishi Lancer Evo 7, Porsche 911, Ferrari Testarrossa, Audi RS3, RS4 et j'en passe...","sameAs":["http:\/\/www.carideal.com","https:\/\/www.facebook.com\/nicolas.schiavon.39","https:\/\/www.instagram.com\/carideal1\/","https:\/\/www.linkedin.com\/in\/nschiavon\/","https:\/\/x.com\/caridealauto","https:\/\/www.youtube.com\/user\/caridealsas\/"],"url":"https:\/\/www.carideal.com\/blog\/author\/nschiavon\/"}]}},"uagb_featured_image_src":{"full":["https:\/\/www.carideal.com\/blog\/wp-content\/uploads\/2007\/11\/accident-de-la-route-1.jpg",600,372,false],"thumbnail":["https:\/\/www.carideal.com\/blog\/wp-content\/uploads\/2007\/11\/accident-de-la-route-1-150x150.jpg",150,150,true],"medium":["https:\/\/www.carideal.com\/blog\/wp-content\/uploads\/2007\/11\/accident-de-la-route-1-300x186.jpg",300,186,true],"medium_large":["https:\/\/www.carideal.com\/blog\/wp-content\/uploads\/2007\/11\/accident-de-la-route-1.jpg",600,372,false],"large":["https:\/\/www.carideal.com\/blog\/wp-content\/uploads\/2007\/11\/accident-de-la-route-1.jpg",600,372,false],"1536x1536":["https:\/\/www.carideal.com\/blog\/wp-content\/uploads\/2007\/11\/accident-de-la-route-1.jpg",600,372,false],"2048x2048":["https:\/\/www.carideal.com\/blog\/wp-content\/uploads\/2007\/11\/accident-de-la-route-1.jpg",600,372,false],"wppr-widget":["https:\/\/www.carideal.com\/blog\/wp-content\/uploads\/2007\/11\/accident-de-la-route-1.jpg",50,31,false]},"uagb_author_info":{"display_name":"Nicolas SCHIAVON","author_link":"https:\/\/www.carideal.com\/blog\/author\/nschiavon\/"},"uagb_comment_info":0,"uagb_excerpt":"L\u2019erreur Humaine premi\u00e8re cause d\u2019accident de la route Erreur humaine : Pendant des ann\u00e9es ont nous a r\u00e9p\u00e9t\u00e9 que la premi\u00e8re cause de mortalit\u00e9 sur les routes (surtout sur autoroutes) \u00e9tait la vitesse. Or, depuis quelques mois, les autorit\u00e9s modifient leur jugement et s\u2019appui sur les probl\u00e8mes de fond : les automobilistes ne sont pas\u2026","_links":{"self":[{"href":"https:\/\/www.carideal.com\/blog\/wp-json\/wp\/v2\/posts\/4562"}],"collection":[{"href":"https:\/\/www.carideal.com\/blog\/wp-json\/wp\/v2\/posts"}],"about":[{"href":"https:\/\/www.carideal.com\/blog\/wp-json\/wp\/v2\/types\/post"}],"author":[{"embeddable":true,"href":"https:\/\/www.carideal.com\/blog\/wp-json\/wp\/v2\/users\/3"}],"replies":[{"embeddable":true,"href":"https:\/\/www.carideal.com\/blog\/wp-json\/wp\/v2\/comments?post=4562"}],"version-history":[{"count":1,"href":"https:\/\/www.carideal.com\/blog\/wp-json\/wp\/v2\/posts\/4562\/revisions"}],"predecessor-version":[{"id":27912,"href":"https:\/\/www.carideal.com\/blog\/wp-json\/wp\/v2\/posts\/4562\/revisions\/27912"}],"wp:featuredmedia":[{"embeddable":true,"href":"https:\/\/www.carideal.com\/blog\/wp-json\/wp\/v2\/media\/12850"}],"wp:attachment":[{"href":"https:\/\/www.carideal.com\/blog\/wp-json\/wp\/v2\/media?parent=4562"}],"wp:term":[{"taxonomy":"category","embeddable":true,"href":"https:\/\/www.carideal.com\/blog\/wp-json\/wp\/v2\/categories?post=4562"},{"taxonomy":"post_tag","embeddable":true,"href":"https:\/\/www.carideal.com\/blog\/wp-json\/wp\/v2\/tags?post=4562"}],"curies":[{"name":"wp","href":"https:\/\/api.w.org\/{rel}","templated":true}]}}