{"id":4552,"date":"2007-11-22T00:00:00","date_gmt":"2007-11-22T00:00:00","guid":{"rendered":"http:\/\/www.carideal.com\/blog\/2007\/11\/22\/le-break-de-volvo\/"},"modified":"2015-07-04T14:27:48","modified_gmt":"2015-07-04T12:27:48","slug":"le-break-de-volvo","status":"publish","type":"post","link":"https:\/\/www.carideal.com\/blog\/2007\/11\/22\/le-break-de-volvo\/","title":{"rendered":"Le nouveau Break Volvo V70"},"content":{"rendered":"<div><img decoding=\"async\" src=\"http:\/\/www.carideal.com\/images_actualite\/volvobreakcoconcarideal-1195725401.jpg\" alt=\"\" \/>Break Cocon Volvo V70<\/div>\n<p>Volvo pr\u00e9sente son nouveau break : V70.<br \/>\nLe fabriquant su\u00e9dois ne souhaite pas bousculer sa client\u00e8le et donc garde les m\u00eame lignes que son ancien\u00a0mod\u00e8le ; mais il la dynamise un peut. Le V70 est plus long de 11 cm ce qui lui permet d'atteindre 4,82 m\u00e8tres.<\/p>\n<p>Ces concurrents directs sont : Audi avec son A6 Avant, Mercedes avec le E220 et BMW avec le 520 d Touring.<\/p>\n<p>La nouveaut\u00e9 r\u00e9side dans le hayon arri\u00e8re qui s'ouvre et se referme automatiquement. Le volume du coffre varie de\u00a0 550 l. \u00e0\u00a0 1 600 l. ; la largeur de ce coffre compense le manque\u00a0 de hauteur. Pour transporter des objets long le si\u00e8ge passager se rabat ; il y a une trappe dans le coffre et la banquette se bascule en trois positions 40\/20\/40 (on peut donc basculer cette du milieu en gardant les places de c\u00f4t\u00e9s). Ce nouveaux V70, a un habitacle plus grand pour que ses usag\u00e9s profite mieux du confort g\u00e9n\u00e9ral du v\u00e9hicule. Son moteur lui permet de rouler sans difficult\u00e9 sur toutes les routes diff\u00e9rentes. Mais, le V70 n'appr\u00e9cie guerre la vitesse.<\/p>\n<p>La motorisation diesel plus que satisfaisante avec un prix en baisse de 1 650 \u20ac et un habitacle plus confortable et plus spacieux. Un rem\u00e8de \u00e0 ne pas n\u00e9gliger fasse aux co\u00fbteux allemands.<\/p>\n","protected":false},"excerpt":{"rendered":"<p>Break Cocon Volvo V70 Volvo pr\u00e9sente son nouveau break : V70. Le fabriquant su\u00e9dois ne souhaite pas bousculer sa client\u00e8le et donc garde les m\u00eame lignes que son ancien\u00a0mod\u00e8le ; mais il la dynamise un peut. Le V70 est plus long de 11 cm ce qui lui permet d&rsquo;atteindre 4,82 m\u00e8tres. Ces concurrents directs sont &#8230; <a title=\"Le nouveau Break Volvo V70\" class=\"read-more\" href=\"https:\/\/www.carideal.com\/blog\/2007\/11\/22\/le-break-de-volvo\/\" aria-label=\"En savoir plus sur Le nouveau Break Volvo V70\">Lire plus<\/a><\/p>\n","protected":false},"author":3,"featured_media":0,"comment_status":"open","ping_status":"open","sticky":false,"template":"","format":"standard","meta":{"_uag_custom_page_level_css":"","_themeisle_gutenberg_block_has_review":false,"footnotes":""},"categories":[21],"tags":[],"class_list":["post-4552","post","type-post","status-publish","format-standard","hentry","category-actualites-auto"],"wppr_data":[],"yoast_head":"<!-- This site is optimized with the Yoast SEO plugin v24.8.1 - https:\/\/yoast.com\/wordpress\/plugins\/seo\/ -->\n<title>Le nouveau Break Volvo V70 - Blog auto Carid\u00e9al<\/title>\n<meta name=\"robots\" content=\"index, follow, max-snippet:-1, max-image-preview:large, max-video-preview:-1\" \/>\n<link rel=\"canonical\" href=\"https:\/\/www.carideal.com\/blog\/2007\/11\/22\/le-break-de-volvo\/\" \/>\n<meta property=\"og:locale\" content=\"fr_FR\" \/>\n<meta property=\"og:type\" content=\"article\" \/>\n<meta property=\"og:title\" content=\"Le nouveau Break Volvo V70 - Blog auto Carid\u00e9al\" \/>\n<meta property=\"og:description\" content=\"Break Cocon Volvo V70 Volvo pr\u00e9sente son nouveau break : V70. Le fabriquant su\u00e9dois ne souhaite pas bousculer sa client\u00e8le et donc garde les m\u00eame lignes que son ancien\u00a0mod\u00e8le ; mais il la dynamise un peut. Le V70 est plus long de 11 cm ce qui lui permet d&#039;atteindre 4,82 m\u00e8tres. Ces concurrents directs sont ... Lire plus\" \/>\n<meta property=\"og:url\" content=\"https:\/\/www.carideal.com\/blog\/2007\/11\/22\/le-break-de-volvo\/\" \/>\n<meta property=\"og:site_name\" content=\"Blog auto Carid\u00e9al\" \/>\n<meta property=\"article:publisher\" content=\"https:\/\/www.facebook.com\/Carideal.mandataire.automobile\" \/>\n<meta property=\"article:author\" content=\"https:\/\/www.facebook.com\/nicolas.schiavon.39\" \/>\n<meta property=\"article:published_time\" content=\"2007-11-22T00:00:00+00:00\" \/>\n<meta property=\"article:modified_time\" content=\"2015-07-04T12:27:48+00:00\" \/>\n<meta property=\"og:image\" content=\"http:\/\/www.carideal.com\/images_actualite\/volvobreakcoconcarideal-1195725401.jpg\" \/>\n<meta name=\"author\" content=\"Nicolas SCHIAVON\" \/>\n<meta name=\"twitter:card\" content=\"summary_large_image\" \/>\n<meta name=\"twitter:creator\" content=\"@caridealauto\" \/>\n<meta name=\"twitter:site\" content=\"@caridealauto\" \/>\n<meta name=\"twitter:label1\" content=\"\u00c9crit par\" \/>\n\t<meta name=\"twitter:data1\" content=\"Nicolas SCHIAVON\" \/>\n\t<meta name=\"twitter:label2\" content=\"Dur\u00e9e de lecture estim\u00e9e\" \/>\n\t<meta name=\"twitter:data2\" content=\"1 minute\" \/>\n<script type=\"application\/ld+json\" class=\"yoast-schema-graph\">{\"@context\":\"https:\/\/schema.org\",\"@graph\":[{\"@type\":\"Article\",\"@id\":\"https:\/\/www.carideal.com\/blog\/2007\/11\/22\/le-break-de-volvo\/#article\",\"isPartOf\":{\"@id\":\"https:\/\/www.carideal.com\/blog\/2007\/11\/22\/le-break-de-volvo\/\"},\"author\":{\"name\":\"Nicolas SCHIAVON\",\"@id\":\"https:\/\/www.carideal.com\/blog\/#\/schema\/person\/cd95dc7919660de90d31b366f85be1ec\"},\"headline\":\"Le nouveau Break Volvo V70\",\"datePublished\":\"2007-11-22T00:00:00+00:00\",\"dateModified\":\"2015-07-04T12:27:48+00:00\",\"mainEntityOfPage\":{\"@id\":\"https:\/\/www.carideal.com\/blog\/2007\/11\/22\/le-break-de-volvo\/\"},\"wordCount\":230,\"commentCount\":0,\"publisher\":{\"@id\":\"https:\/\/www.carideal.com\/blog\/#organization\"},\"image\":{\"@id\":\"https:\/\/www.carideal.com\/blog\/2007\/11\/22\/le-break-de-volvo\/#primaryimage\"},\"thumbnailUrl\":\"http:\/\/www.carideal.com\/images_actualite\/volvobreakcoconcarideal-1195725401.jpg\",\"articleSection\":[\"Actualit\u00e9 automobile\"],\"inLanguage\":\"fr-FR\",\"potentialAction\":[{\"@type\":\"CommentAction\",\"name\":\"Comment\",\"target\":[\"https:\/\/www.carideal.com\/blog\/2007\/11\/22\/le-break-de-volvo\/#respond\"]}]},{\"@type\":\"WebPage\",\"@id\":\"https:\/\/www.carideal.com\/blog\/2007\/11\/22\/le-break-de-volvo\/\",\"url\":\"https:\/\/www.carideal.com\/blog\/2007\/11\/22\/le-break-de-volvo\/\",\"name\":\"Le nouveau Break Volvo V70 - Blog auto Carid\u00e9al\",\"isPartOf\":{\"@id\":\"https:\/\/www.carideal.com\/blog\/#website\"},\"primaryImageOfPage\":{\"@id\":\"https:\/\/www.carideal.com\/blog\/2007\/11\/22\/le-break-de-volvo\/#primaryimage\"},\"image\":{\"@id\":\"https:\/\/www.carideal.com\/blog\/2007\/11\/22\/le-break-de-volvo\/#primaryimage\"},\"thumbnailUrl\":\"http:\/\/www.carideal.com\/images_actualite\/volvobreakcoconcarideal-1195725401.jpg\",\"datePublished\":\"2007-11-22T00:00:00+00:00\",\"dateModified\":\"2015-07-04T12:27:48+00:00\",\"breadcrumb\":{\"@id\":\"https:\/\/www.carideal.com\/blog\/2007\/11\/22\/le-break-de-volvo\/#breadcrumb\"},\"inLanguage\":\"fr-FR\",\"potentialAction\":[{\"@type\":\"ReadAction\",\"target\":[\"https:\/\/www.carideal.com\/blog\/2007\/11\/22\/le-break-de-volvo\/\"]}]},{\"@type\":\"ImageObject\",\"inLanguage\":\"fr-FR\",\"@id\":\"https:\/\/www.carideal.com\/blog\/2007\/11\/22\/le-break-de-volvo\/#primaryimage\",\"url\":\"http:\/\/www.carideal.com\/images_actualite\/volvobreakcoconcarideal-1195725401.jpg\",\"contentUrl\":\"http:\/\/www.carideal.com\/images_actualite\/volvobreakcoconcarideal-1195725401.jpg\"},{\"@type\":\"BreadcrumbList\",\"@id\":\"https:\/\/www.carideal.com\/blog\/2007\/11\/22\/le-break-de-volvo\/#breadcrumb\",\"itemListElement\":[{\"@type\":\"ListItem\",\"position\":1,\"name\":\"Blog Carid\u00e9al\",\"item\":\"https:\/\/www.carideal.com\/blog\/\"},{\"@type\":\"ListItem\",\"position\":2,\"name\":\"Actualit\u00e9 automobile\",\"item\":\"https:\/\/www.carideal.com\/blog\/actualites-auto\/\"},{\"@type\":\"ListItem\",\"position\":3,\"name\":\"Le nouveau Break Volvo V70\"}]},{\"@type\":\"WebSite\",\"@id\":\"https:\/\/www.carideal.com\/blog\/#website\",\"url\":\"https:\/\/www.carideal.com\/blog\/\",\"name\":\"Blog auto Carid\u00e9al\",\"description\":\"Actualit\u00e9 auto par des passionn\u00e9s\",\"publisher\":{\"@id\":\"https:\/\/www.carideal.com\/blog\/#organization\"},\"potentialAction\":[{\"@type\":\"SearchAction\",\"target\":{\"@type\":\"EntryPoint\",\"urlTemplate\":\"https:\/\/www.carideal.com\/blog\/?s={search_term_string}\"},\"query-input\":{\"@type\":\"PropertyValueSpecification\",\"valueRequired\":true,\"valueName\":\"search_term_string\"}}],\"inLanguage\":\"fr-FR\"},{\"@type\":\"Organization\",\"@id\":\"https:\/\/www.carideal.com\/blog\/#organization\",\"name\":\"Carideal\",\"url\":\"https:\/\/www.carideal.com\/blog\/\",\"logo\":{\"@type\":\"ImageObject\",\"inLanguage\":\"fr-FR\",\"@id\":\"https:\/\/www.carideal.com\/blog\/#\/schema\/logo\/image\/\",\"url\":\"http:\/\/www.carideal.com\/blog\/wp-content\/uploads\/2016\/03\/logo-carideal-mandataire-automobile.png\",\"contentUrl\":\"http:\/\/www.carideal.com\/blog\/wp-content\/uploads\/2016\/03\/logo-carideal-mandataire-automobile.png\",\"width\":300,\"height\":300,\"caption\":\"Carideal\"},\"image\":{\"@id\":\"https:\/\/www.carideal.com\/blog\/#\/schema\/logo\/image\/\"},\"sameAs\":[\"https:\/\/www.facebook.com\/Carideal.mandataire.automobile\",\"https:\/\/x.com\/caridealauto\",\"https:\/\/www.instagram.com\/carideal1\/\",\"https:\/\/www.linkedin.com\/company\/carideal.com\",\"https:\/\/fr.pinterest.com\/schiavonsas\/\",\"https:\/\/www.youtube.com\/user\/caridealsas\"]},{\"@type\":\"Person\",\"@id\":\"https:\/\/www.carideal.com\/blog\/#\/schema\/person\/cd95dc7919660de90d31b366f85be1ec\",\"name\":\"Nicolas SCHIAVON\",\"image\":{\"@type\":\"ImageObject\",\"inLanguage\":\"fr-FR\",\"@id\":\"https:\/\/www.carideal.com\/blog\/#\/schema\/person\/image\/\",\"url\":\"https:\/\/secure.gravatar.com\/avatar\/c17e55009e671d92cc7f5dc837dc418a?s=96&r=g\",\"contentUrl\":\"https:\/\/secure.gravatar.com\/avatar\/c17e55009e671d92cc7f5dc837dc418a?s=96&r=g\",\"caption\":\"Nicolas SCHIAVON\"},\"description\":\"Nicolas Schiavon est tomb\u00e9 tout petit dans la marmite automobile. Ayant eu un garage de marque automobile, mandataire automobile de la premi\u00e8re heure d\u00e8s 1999. Nicolas a cr\u00e9\u00e9 ces premiers sites de vente de voiture et blog automobile d\u00e8s 1994. Carideal est n\u00e9 le 15 d\u00e9cembre 2000 de la volont\u00e9 de vendre des voitures d'occasions en ligne puis des voitures neuves. Il a pu essayer beaucoup de voitures tr\u00e8s diff\u00e9rentes et ayant eu personnellement quelques belles autos, Subaru Impreza, Mitsubishi Lancer Evo 7, Porsche 911, Ferrari Testarrossa, Audi RS3, RS4 et j'en passe...\",\"sameAs\":[\"http:\/\/www.carideal.com\",\"https:\/\/www.facebook.com\/nicolas.schiavon.39\",\"https:\/\/www.instagram.com\/carideal1\/\",\"https:\/\/www.linkedin.com\/in\/nschiavon\/\",\"https:\/\/x.com\/caridealauto\",\"https:\/\/www.youtube.com\/user\/caridealsas\/\"],\"url\":\"https:\/\/www.carideal.com\/blog\/author\/nschiavon\/\"}]}<\/script>\n<!-- \/ Yoast SEO plugin. -->","yoast_head_json":{"title":"Le nouveau Break Volvo V70 - Blog auto Carid\u00e9al","robots":{"index":"index","follow":"follow","max-snippet":"max-snippet:-1","max-image-preview":"max-image-preview:large","max-video-preview":"max-video-preview:-1"},"canonical":"https:\/\/www.carideal.com\/blog\/2007\/11\/22\/le-break-de-volvo\/","og_locale":"fr_FR","og_type":"article","og_title":"Le nouveau Break Volvo V70 - Blog auto Carid\u00e9al","og_description":"Break Cocon Volvo V70 Volvo pr\u00e9sente son nouveau break : V70. Le fabriquant su\u00e9dois ne souhaite pas bousculer sa client\u00e8le et donc garde les m\u00eame lignes que son ancien\u00a0mod\u00e8le ; mais il la dynamise un peut. Le V70 est plus long de 11 cm ce qui lui permet d'atteindre 4,82 m\u00e8tres. Ces concurrents directs sont ... Lire plus","og_url":"https:\/\/www.carideal.com\/blog\/2007\/11\/22\/le-break-de-volvo\/","og_site_name":"Blog auto Carid\u00e9al","article_publisher":"https:\/\/www.facebook.com\/Carideal.mandataire.automobile","article_author":"https:\/\/www.facebook.com\/nicolas.schiavon.39","article_published_time":"2007-11-22T00:00:00+00:00","article_modified_time":"2015-07-04T12:27:48+00:00","og_image":[{"url":"http:\/\/www.carideal.com\/images_actualite\/volvobreakcoconcarideal-1195725401.jpg","type":"","width":"","height":""}],"author":"Nicolas SCHIAVON","twitter_card":"summary_large_image","twitter_creator":"@caridealauto","twitter_site":"@caridealauto","twitter_misc":{"\u00c9crit par":"Nicolas SCHIAVON","Dur\u00e9e de lecture estim\u00e9e":"1 minute"},"schema":{"@context":"https:\/\/schema.org","@graph":[{"@type":"Article","@id":"https:\/\/www.carideal.com\/blog\/2007\/11\/22\/le-break-de-volvo\/#article","isPartOf":{"@id":"https:\/\/www.carideal.com\/blog\/2007\/11\/22\/le-break-de-volvo\/"},"author":{"name":"Nicolas SCHIAVON","@id":"https:\/\/www.carideal.com\/blog\/#\/schema\/person\/cd95dc7919660de90d31b366f85be1ec"},"headline":"Le nouveau Break Volvo V70","datePublished":"2007-11-22T00:00:00+00:00","dateModified":"2015-07-04T12:27:48+00:00","mainEntityOfPage":{"@id":"https:\/\/www.carideal.com\/blog\/2007\/11\/22\/le-break-de-volvo\/"},"wordCount":230,"commentCount":0,"publisher":{"@id":"https:\/\/www.carideal.com\/blog\/#organization"},"image":{"@id":"https:\/\/www.carideal.com\/blog\/2007\/11\/22\/le-break-de-volvo\/#primaryimage"},"thumbnailUrl":"http:\/\/www.carideal.com\/images_actualite\/volvobreakcoconcarideal-1195725401.jpg","articleSection":["Actualit\u00e9 automobile"],"inLanguage":"fr-FR","potentialAction":[{"@type":"CommentAction","name":"Comment","target":["https:\/\/www.carideal.com\/blog\/2007\/11\/22\/le-break-de-volvo\/#respond"]}]},{"@type":"WebPage","@id":"https:\/\/www.carideal.com\/blog\/2007\/11\/22\/le-break-de-volvo\/","url":"https:\/\/www.carideal.com\/blog\/2007\/11\/22\/le-break-de-volvo\/","name":"Le nouveau Break Volvo V70 - Blog auto Carid\u00e9al","isPartOf":{"@id":"https:\/\/www.carideal.com\/blog\/#website"},"primaryImageOfPage":{"@id":"https:\/\/www.carideal.com\/blog\/2007\/11\/22\/le-break-de-volvo\/#primaryimage"},"image":{"@id":"https:\/\/www.carideal.com\/blog\/2007\/11\/22\/le-break-de-volvo\/#primaryimage"},"thumbnailUrl":"http:\/\/www.carideal.com\/images_actualite\/volvobreakcoconcarideal-1195725401.jpg","datePublished":"2007-11-22T00:00:00+00:00","dateModified":"2015-07-04T12:27:48+00:00","breadcrumb":{"@id":"https:\/\/www.carideal.com\/blog\/2007\/11\/22\/le-break-de-volvo\/#breadcrumb"},"inLanguage":"fr-FR","potentialAction":[{"@type":"ReadAction","target":["https:\/\/www.carideal.com\/blog\/2007\/11\/22\/le-break-de-volvo\/"]}]},{"@type":"ImageObject","inLanguage":"fr-FR","@id":"https:\/\/www.carideal.com\/blog\/2007\/11\/22\/le-break-de-volvo\/#primaryimage","url":"http:\/\/www.carideal.com\/images_actualite\/volvobreakcoconcarideal-1195725401.jpg","contentUrl":"http:\/\/www.carideal.com\/images_actualite\/volvobreakcoconcarideal-1195725401.jpg"},{"@type":"BreadcrumbList","@id":"https:\/\/www.carideal.com\/blog\/2007\/11\/22\/le-break-de-volvo\/#breadcrumb","itemListElement":[{"@type":"ListItem","position":1,"name":"Blog Carid\u00e9al","item":"https:\/\/www.carideal.com\/blog\/"},{"@type":"ListItem","position":2,"name":"Actualit\u00e9 automobile","item":"https:\/\/www.carideal.com\/blog\/actualites-auto\/"},{"@type":"ListItem","position":3,"name":"Le nouveau Break Volvo V70"}]},{"@type":"WebSite","@id":"https:\/\/www.carideal.com\/blog\/#website","url":"https:\/\/www.carideal.com\/blog\/","name":"Blog auto Carid\u00e9al","description":"Actualit\u00e9 auto par des passionn\u00e9s","publisher":{"@id":"https:\/\/www.carideal.com\/blog\/#organization"},"potentialAction":[{"@type":"SearchAction","target":{"@type":"EntryPoint","urlTemplate":"https:\/\/www.carideal.com\/blog\/?s={search_term_string}"},"query-input":{"@type":"PropertyValueSpecification","valueRequired":true,"valueName":"search_term_string"}}],"inLanguage":"fr-FR"},{"@type":"Organization","@id":"https:\/\/www.carideal.com\/blog\/#organization","name":"Carideal","url":"https:\/\/www.carideal.com\/blog\/","logo":{"@type":"ImageObject","inLanguage":"fr-FR","@id":"https:\/\/www.carideal.com\/blog\/#\/schema\/logo\/image\/","url":"http:\/\/www.carideal.com\/blog\/wp-content\/uploads\/2016\/03\/logo-carideal-mandataire-automobile.png","contentUrl":"http:\/\/www.carideal.com\/blog\/wp-content\/uploads\/2016\/03\/logo-carideal-mandataire-automobile.png","width":300,"height":300,"caption":"Carideal"},"image":{"@id":"https:\/\/www.carideal.com\/blog\/#\/schema\/logo\/image\/"},"sameAs":["https:\/\/www.facebook.com\/Carideal.mandataire.automobile","https:\/\/x.com\/caridealauto","https:\/\/www.instagram.com\/carideal1\/","https:\/\/www.linkedin.com\/company\/carideal.com","https:\/\/fr.pinterest.com\/schiavonsas\/","https:\/\/www.youtube.com\/user\/caridealsas"]},{"@type":"Person","@id":"https:\/\/www.carideal.com\/blog\/#\/schema\/person\/cd95dc7919660de90d31b366f85be1ec","name":"Nicolas SCHIAVON","image":{"@type":"ImageObject","inLanguage":"fr-FR","@id":"https:\/\/www.carideal.com\/blog\/#\/schema\/person\/image\/","url":"https:\/\/secure.gravatar.com\/avatar\/c17e55009e671d92cc7f5dc837dc418a?s=96&r=g","contentUrl":"https:\/\/secure.gravatar.com\/avatar\/c17e55009e671d92cc7f5dc837dc418a?s=96&r=g","caption":"Nicolas SCHIAVON"},"description":"Nicolas Schiavon est tomb\u00e9 tout petit dans la marmite automobile. Ayant eu un garage de marque automobile, mandataire automobile de la premi\u00e8re heure d\u00e8s 1999. Nicolas a cr\u00e9\u00e9 ces premiers sites de vente de voiture et blog automobile d\u00e8s 1994. Carideal est n\u00e9 le 15 d\u00e9cembre 2000 de la volont\u00e9 de vendre des voitures d'occasions en ligne puis des voitures neuves. Il a pu essayer beaucoup de voitures tr\u00e8s diff\u00e9rentes et ayant eu personnellement quelques belles autos, Subaru Impreza, Mitsubishi Lancer Evo 7, Porsche 911, Ferrari Testarrossa, Audi RS3, RS4 et j'en passe...","sameAs":["http:\/\/www.carideal.com","https:\/\/www.facebook.com\/nicolas.schiavon.39","https:\/\/www.instagram.com\/carideal1\/","https:\/\/www.linkedin.com\/in\/nschiavon\/","https:\/\/x.com\/caridealauto","https:\/\/www.youtube.com\/user\/caridealsas\/"],"url":"https:\/\/www.carideal.com\/blog\/author\/nschiavon\/"}]}},"uagb_featured_image_src":{"full":false,"thumbnail":false,"medium":false,"medium_large":false,"large":false,"1536x1536":false,"2048x2048":false,"wppr-widget":false},"uagb_author_info":{"display_name":"Nicolas SCHIAVON","author_link":"https:\/\/www.carideal.com\/blog\/author\/nschiavon\/"},"uagb_comment_info":0,"uagb_excerpt":"Break Cocon Volvo V70 Volvo pr\u00e9sente son nouveau break : V70. Le fabriquant su\u00e9dois ne souhaite pas bousculer sa client\u00e8le et donc garde les m\u00eame lignes que son ancien\u00a0mod\u00e8le ; mais il la dynamise un peut. Le V70 est plus long de 11 cm ce qui lui permet d'atteindre 4,82 m\u00e8tres. Ces concurrents directs sont\u2026","_links":{"self":[{"href":"https:\/\/www.carideal.com\/blog\/wp-json\/wp\/v2\/posts\/4552"}],"collection":[{"href":"https:\/\/www.carideal.com\/blog\/wp-json\/wp\/v2\/posts"}],"about":[{"href":"https:\/\/www.carideal.com\/blog\/wp-json\/wp\/v2\/types\/post"}],"author":[{"embeddable":true,"href":"https:\/\/www.carideal.com\/blog\/wp-json\/wp\/v2\/users\/3"}],"replies":[{"embeddable":true,"href":"https:\/\/www.carideal.com\/blog\/wp-json\/wp\/v2\/comments?post=4552"}],"version-history":[{"count":0,"href":"https:\/\/www.carideal.com\/blog\/wp-json\/wp\/v2\/posts\/4552\/revisions"}],"wp:attachment":[{"href":"https:\/\/www.carideal.com\/blog\/wp-json\/wp\/v2\/media?parent=4552"}],"wp:term":[{"taxonomy":"category","embeddable":true,"href":"https:\/\/www.carideal.com\/blog\/wp-json\/wp\/v2\/categories?post=4552"},{"taxonomy":"post_tag","embeddable":true,"href":"https:\/\/www.carideal.com\/blog\/wp-json\/wp\/v2\/tags?post=4552"}],"curies":[{"name":"wp","href":"https:\/\/api.w.org\/{rel}","templated":true}]}}