{"id":4529,"date":"2007-11-12T00:00:00","date_gmt":"2007-11-12T00:00:00","guid":{"rendered":"http:\/\/www.carideal.com\/blog\/2007\/11\/12\/faut-il-instaurer-le-permis-de-conduire-a-16-ans\/"},"modified":"2017-03-03T14:31:29","modified_gmt":"2017-03-03T13:31:29","slug":"faut-il-instaurer-le-permis-de-conduire-a-16-ans","status":"publish","type":"post","link":"https:\/\/www.carideal.com\/blog\/2007\/11\/12\/faut-il-instaurer-le-permis-de-conduire-a-16-ans\/","title":{"rendered":"Permis de conduire \u00e0 16 ans : faut-il l&rsquo;instaurer ?"},"content":{"rendered":"<div>\n<h1><strong>Faut il Instaurer le Permis de conduire \u00e0 16 Ans ?<\/strong><\/h1>\n<\/div>\n<p>Aux <a href=\"http:\/\/www.carideal.com\/blog\/tag\/etats-unis\/\">Etats-Unis<\/a> on passe son <strong>permis de conduire \u00e0 16 ans<\/strong>, Comme au Canada. En Nouvelle Z\u00e9lande ou en Australie, c'est 17 ans. Pourquoi pas nous ? D'autant plus que nos ados doivent passer le BSR et l'ASSR pour pouvoir conduire leur scooter. Ils subissent donc une formation qu'ils n'avaient pas il y a quelques ann\u00e9es. Si nos jeunes sont capables de conduire un scooter dans la circulation de tout les jours, pourquoi pas une voiture ? Si un adulte qui n'a pas le permis a le droit de conduire une voiture sans permis pourquoi un adolescent de 16 ans n'aurait il pas la possibilit\u00e9 d'obtenir le pr\u00e9cieux cesame rose ?<\/p>\n<h2>\u00c2ges et r\u00e8gles minimales pour les conducteurs apprentis et les\u00a0conducteurs<\/h2>\n<p>Avant de commencer \u00e0 apprendre \u00e0 conduire ou \u00e0 conduire\u00a0un nouveau v\u00e9hicule, assurez-vous que vous connaissez les r\u00e8gles et les restrictions qui s'appliquent \u00e0 vous. Diff\u00e9rents v\u00e9hicules ont diff\u00e9rents \u00e2ges et restrictions minimales.<\/p>\n<p>Avant de commencer \u00e0 conduire ou \u00e0 rouler, vous devez :<\/p>\n<ul>\n<li>D\u00e9tenir un permis de conduire valide ou\u00a0provisoire pour\u00a0la France<\/li>\n<li>Assurez-vous que tout v\u00e9hicule que vous conduisez est en \u00e9tat de marche et correctement assur\u00e9<\/li>\n<\/ul>\n<p>Il est important d'apprendre \u00e0 bien conduir\u00a0en toute s\u00e9curit\u00e9 d\u00e8s le d\u00e9but de votre carri\u00e8re de conducteur parce que les mauvaises habitudes sont difficiles \u00e0 briser. L'exp\u00e9rience a montr\u00e9 que les conducteurs apprentis qui pratique la conduite accompagn\u00e9e\u00a0ont de\u00a0meilleurs r\u00e9sultats\u00a0au cours du test de conduite. Rencontrez\u00a0votre professeur\u00a0et la personne qui vous aidera \u00e0 conduire\u00a0et discutez avec eux de ce dont vous avez besoin pour vous concentrer.<\/p>\n<h2>Des habitudes de conduite s\u00fbres<\/h2>\n<p>A 16 ans il est facile d'apprendre les bonnes\u00a0habitudes de conduite s\u00e9curitaires d\u00e8s le d\u00e9part qui am\u00e9lioreront votre <a href=\"http:\/\/www.carideal.com\/blog\/radar-et-securite-routiere\/\">s\u00e9curit\u00e9 au volant<\/a> et celle des autres usagers de la route. Si vous souhaitez pratiquer la\u00a0conduite accompagn\u00e9e avec un conducteur accompagnateur, le conducteur accompagnateur doit \u00eatre \u00e2g\u00e9 de plus\u00a0de 28 ans et titulaires du permis de conduire depuis plus de 5 ans.<\/p>\n<p>En tant que conducteur apprenti, vous devez afficher un autocollant\u00a0'A' dans une position visible sur l'arri\u00e8re de votre v\u00e9hicule. Ces plaques doivent \u00eatre retir\u00e9es lorsque le v\u00e9hicule n'est pas conduit par l'apprenti, car la limite de vitesse maximale pour un v\u00e9hicule affichant des plaques \u00abA\u00bb est de 90\u00a0km\/h.<\/p>\n<h2>Age minimum requis pour un test<\/h2>\n<p>Une fois le \u00ab code \u00bb obtenu, le candidat peut se pr\u00e9senter \u00e0 l'examen pratique dans un d\u00e9lai de 2 jours minimum. A partir de quel \u00e2ge ?<br \/>\nLe candidat peut se pr\u00e9senter \u00e0 l'examen pratique : \u00e0 partir de <strong>17 ans et demi<\/strong>, dans le cadre de l'apprentissage anticip\u00e9 de la conduite (AAC) pour <strong>conduire d\u00e8s 18 ans<\/strong>.<\/p>\n<p>&nbsp;<\/p>\n<p>Donc pour le moment rien ne semble pr\u00e9vu dans la r\u00e9forme du permis de conduire pour envisager de pouvoir passer son permis de conduire \u00e0 16 ans.<\/p>\n","protected":false},"excerpt":{"rendered":"<p>Faut il Instaurer le Permis de conduire \u00e0 16 Ans ? Aux Etats-Unis on passe son permis de conduire \u00e0 16 ans, Comme au Canada. En Nouvelle Z\u00e9lande ou en Australie, c&rsquo;est 17 ans. Pourquoi pas nous ? D&rsquo;autant plus que nos ados doivent passer le BSR et l&rsquo;ASSR pour pouvoir conduire leur scooter. Ils &#8230; <a title=\"Permis de conduire \u00e0 16 ans : faut-il l&rsquo;instaurer ?\" class=\"read-more\" href=\"https:\/\/www.carideal.com\/blog\/2007\/11\/12\/faut-il-instaurer-le-permis-de-conduire-a-16-ans\/\" aria-label=\"En savoir plus sur Permis de conduire \u00e0 16 ans : faut-il l&rsquo;instaurer ?\">Lire plus<\/a><\/p>\n","protected":false},"author":3,"featured_media":15548,"comment_status":"open","ping_status":"open","sticky":false,"template":"","format":"standard","meta":{"_uag_custom_page_level_css":"","_themeisle_gutenberg_block_has_review":false,"footnotes":""},"categories":[21,5962,15],"tags":[292,2500],"class_list":["post-4529","post","type-post","status-publish","format-standard","has-post-thumbnail","hentry","category-actualites-auto","category-legislation","category-radar-et-securite-routiere","tag-etats-unis","tag-permis-de-conduire"],"wppr_data":{"cwp_meta_box_check":"No"},"yoast_head":"<!-- This site is optimized with the Yoast SEO plugin v24.8.1 - https:\/\/yoast.com\/wordpress\/plugins\/seo\/ -->\n<title>Permis de conduire \u00e0 16 ans : faut-il l&#039;instaurer ? - Blog auto Carid\u00e9al<\/title>\n<meta name=\"description\" content=\"Aux Etats-Unis on passe son permis de conduire \u00e0 16 ans, Comme au Canada. En Nouvelle Z\u00e9lande ou en Australie, c&#039;est 17 ans. Pourquoi pas nous ?\" \/>\n<meta name=\"robots\" content=\"index, follow, max-snippet:-1, max-image-preview:large, max-video-preview:-1\" \/>\n<link rel=\"canonical\" href=\"https:\/\/www.carideal.com\/blog\/2007\/11\/12\/faut-il-instaurer-le-permis-de-conduire-a-16-ans\/\" \/>\n<meta property=\"og:locale\" content=\"fr_FR\" \/>\n<meta property=\"og:type\" content=\"article\" \/>\n<meta property=\"og:title\" content=\"Permis de conduire \u00e0 16 ans : faut-il l&#039;instaurer ? - Blog auto Carid\u00e9al\" \/>\n<meta property=\"og:description\" content=\"Aux Etats-Unis on passe son permis de conduire \u00e0 16 ans, Comme au Canada. En Nouvelle Z\u00e9lande ou en Australie, c&#039;est 17 ans. Pourquoi pas nous ?\" \/>\n<meta property=\"og:url\" content=\"https:\/\/www.carideal.com\/blog\/2007\/11\/12\/faut-il-instaurer-le-permis-de-conduire-a-16-ans\/\" \/>\n<meta property=\"og:site_name\" content=\"Blog auto Carid\u00e9al\" \/>\n<meta property=\"article:publisher\" content=\"https:\/\/www.facebook.com\/Carideal.mandataire.automobile\" \/>\n<meta property=\"article:author\" content=\"https:\/\/www.facebook.com\/nicolas.schiavon.39\" \/>\n<meta property=\"article:published_time\" content=\"2007-11-12T00:00:00+00:00\" \/>\n<meta property=\"article:modified_time\" content=\"2017-03-03T13:31:29+00:00\" \/>\n<meta property=\"og:image\" content=\"https:\/\/www.carideal.com\/blog\/wp-content\/uploads\/2007\/11\/permis-de-conduire-16-ans.jpg\" \/>\n\t<meta property=\"og:image:width\" content=\"285\" \/>\n\t<meta property=\"og:image:height\" content=\"400\" \/>\n\t<meta property=\"og:image:type\" content=\"image\/jpeg\" \/>\n<meta name=\"author\" content=\"Nicolas SCHIAVON\" \/>\n<meta name=\"twitter:card\" content=\"summary_large_image\" \/>\n<meta name=\"twitter:creator\" content=\"@caridealauto\" \/>\n<meta name=\"twitter:site\" content=\"@caridealauto\" \/>\n<meta name=\"twitter:label1\" content=\"\u00c9crit par\" \/>\n\t<meta name=\"twitter:data1\" content=\"Nicolas SCHIAVON\" \/>\n\t<meta name=\"twitter:label2\" content=\"Dur\u00e9e de lecture estim\u00e9e\" \/>\n\t<meta name=\"twitter:data2\" content=\"2 minutes\" \/>\n<script type=\"application\/ld+json\" class=\"yoast-schema-graph\">{\"@context\":\"https:\/\/schema.org\",\"@graph\":[{\"@type\":\"Article\",\"@id\":\"https:\/\/www.carideal.com\/blog\/2007\/11\/12\/faut-il-instaurer-le-permis-de-conduire-a-16-ans\/#article\",\"isPartOf\":{\"@id\":\"https:\/\/www.carideal.com\/blog\/2007\/11\/12\/faut-il-instaurer-le-permis-de-conduire-a-16-ans\/\"},\"author\":{\"name\":\"Nicolas SCHIAVON\",\"@id\":\"https:\/\/www.carideal.com\/blog\/#\/schema\/person\/cd95dc7919660de90d31b366f85be1ec\"},\"headline\":\"Permis de conduire \u00e0 16 ans : faut-il l&rsquo;instaurer ?\",\"datePublished\":\"2007-11-12T00:00:00+00:00\",\"dateModified\":\"2017-03-03T13:31:29+00:00\",\"mainEntityOfPage\":{\"@id\":\"https:\/\/www.carideal.com\/blog\/2007\/11\/12\/faut-il-instaurer-le-permis-de-conduire-a-16-ans\/\"},\"wordCount\":495,\"commentCount\":0,\"publisher\":{\"@id\":\"https:\/\/www.carideal.com\/blog\/#organization\"},\"image\":{\"@id\":\"https:\/\/www.carideal.com\/blog\/2007\/11\/12\/faut-il-instaurer-le-permis-de-conduire-a-16-ans\/#primaryimage\"},\"thumbnailUrl\":\"https:\/\/www.carideal.com\/blog\/wp-content\/uploads\/2007\/11\/permis-de-conduire-16-ans.jpg\",\"keywords\":[\"Etats-Unis march\u00e9 automobile am\u00e9ricain\",\"Permis de conduire\"],\"articleSection\":[\"Actualit\u00e9 automobile\",\"L\u00e9gislation Automobile\",\"Radar et s\u00e9curit\u00e9 routi\u00e8re\"],\"inLanguage\":\"fr-FR\",\"potentialAction\":[{\"@type\":\"CommentAction\",\"name\":\"Comment\",\"target\":[\"https:\/\/www.carideal.com\/blog\/2007\/11\/12\/faut-il-instaurer-le-permis-de-conduire-a-16-ans\/#respond\"]}]},{\"@type\":\"WebPage\",\"@id\":\"https:\/\/www.carideal.com\/blog\/2007\/11\/12\/faut-il-instaurer-le-permis-de-conduire-a-16-ans\/\",\"url\":\"https:\/\/www.carideal.com\/blog\/2007\/11\/12\/faut-il-instaurer-le-permis-de-conduire-a-16-ans\/\",\"name\":\"Permis de conduire \u00e0 16 ans : faut-il l'instaurer ? - Blog auto Carid\u00e9al\",\"isPartOf\":{\"@id\":\"https:\/\/www.carideal.com\/blog\/#website\"},\"primaryImageOfPage\":{\"@id\":\"https:\/\/www.carideal.com\/blog\/2007\/11\/12\/faut-il-instaurer-le-permis-de-conduire-a-16-ans\/#primaryimage\"},\"image\":{\"@id\":\"https:\/\/www.carideal.com\/blog\/2007\/11\/12\/faut-il-instaurer-le-permis-de-conduire-a-16-ans\/#primaryimage\"},\"thumbnailUrl\":\"https:\/\/www.carideal.com\/blog\/wp-content\/uploads\/2007\/11\/permis-de-conduire-16-ans.jpg\",\"datePublished\":\"2007-11-12T00:00:00+00:00\",\"dateModified\":\"2017-03-03T13:31:29+00:00\",\"description\":\"Aux Etats-Unis on passe son permis de conduire \u00e0 16 ans, Comme au Canada. En Nouvelle Z\u00e9lande ou en Australie, c'est 17 ans. Pourquoi pas nous ?\",\"breadcrumb\":{\"@id\":\"https:\/\/www.carideal.com\/blog\/2007\/11\/12\/faut-il-instaurer-le-permis-de-conduire-a-16-ans\/#breadcrumb\"},\"inLanguage\":\"fr-FR\",\"potentialAction\":[{\"@type\":\"ReadAction\",\"target\":[\"https:\/\/www.carideal.com\/blog\/2007\/11\/12\/faut-il-instaurer-le-permis-de-conduire-a-16-ans\/\"]}]},{\"@type\":\"ImageObject\",\"inLanguage\":\"fr-FR\",\"@id\":\"https:\/\/www.carideal.com\/blog\/2007\/11\/12\/faut-il-instaurer-le-permis-de-conduire-a-16-ans\/#primaryimage\",\"url\":\"https:\/\/www.carideal.com\/blog\/wp-content\/uploads\/2007\/11\/permis-de-conduire-16-ans.jpg\",\"contentUrl\":\"https:\/\/www.carideal.com\/blog\/wp-content\/uploads\/2007\/11\/permis-de-conduire-16-ans.jpg\",\"width\":285,\"height\":400,\"caption\":\"Permis de conduire \u00e0 16 ans\"},{\"@type\":\"BreadcrumbList\",\"@id\":\"https:\/\/www.carideal.com\/blog\/2007\/11\/12\/faut-il-instaurer-le-permis-de-conduire-a-16-ans\/#breadcrumb\",\"itemListElement\":[{\"@type\":\"ListItem\",\"position\":1,\"name\":\"Blog Carid\u00e9al\",\"item\":\"https:\/\/www.carideal.com\/blog\/\"},{\"@type\":\"ListItem\",\"position\":2,\"name\":\"Actualit\u00e9 automobile\",\"item\":\"https:\/\/www.carideal.com\/blog\/actualites-auto\/\"},{\"@type\":\"ListItem\",\"position\":3,\"name\":\"Permis de conduire \u00e0 16 ans : faut-il l&rsquo;instaurer ?\"}]},{\"@type\":\"WebSite\",\"@id\":\"https:\/\/www.carideal.com\/blog\/#website\",\"url\":\"https:\/\/www.carideal.com\/blog\/\",\"name\":\"Blog auto Carid\u00e9al\",\"description\":\"Actualit\u00e9 auto par des passionn\u00e9s\",\"publisher\":{\"@id\":\"https:\/\/www.carideal.com\/blog\/#organization\"},\"potentialAction\":[{\"@type\":\"SearchAction\",\"target\":{\"@type\":\"EntryPoint\",\"urlTemplate\":\"https:\/\/www.carideal.com\/blog\/?s={search_term_string}\"},\"query-input\":{\"@type\":\"PropertyValueSpecification\",\"valueRequired\":true,\"valueName\":\"search_term_string\"}}],\"inLanguage\":\"fr-FR\"},{\"@type\":\"Organization\",\"@id\":\"https:\/\/www.carideal.com\/blog\/#organization\",\"name\":\"Carideal\",\"url\":\"https:\/\/www.carideal.com\/blog\/\",\"logo\":{\"@type\":\"ImageObject\",\"inLanguage\":\"fr-FR\",\"@id\":\"https:\/\/www.carideal.com\/blog\/#\/schema\/logo\/image\/\",\"url\":\"http:\/\/www.carideal.com\/blog\/wp-content\/uploads\/2016\/03\/logo-carideal-mandataire-automobile.png\",\"contentUrl\":\"http:\/\/www.carideal.com\/blog\/wp-content\/uploads\/2016\/03\/logo-carideal-mandataire-automobile.png\",\"width\":300,\"height\":300,\"caption\":\"Carideal\"},\"image\":{\"@id\":\"https:\/\/www.carideal.com\/blog\/#\/schema\/logo\/image\/\"},\"sameAs\":[\"https:\/\/www.facebook.com\/Carideal.mandataire.automobile\",\"https:\/\/x.com\/caridealauto\",\"https:\/\/www.instagram.com\/carideal1\/\",\"https:\/\/www.linkedin.com\/company\/carideal.com\",\"https:\/\/fr.pinterest.com\/schiavonsas\/\",\"https:\/\/www.youtube.com\/user\/caridealsas\"]},{\"@type\":\"Person\",\"@id\":\"https:\/\/www.carideal.com\/blog\/#\/schema\/person\/cd95dc7919660de90d31b366f85be1ec\",\"name\":\"Nicolas SCHIAVON\",\"image\":{\"@type\":\"ImageObject\",\"inLanguage\":\"fr-FR\",\"@id\":\"https:\/\/www.carideal.com\/blog\/#\/schema\/person\/image\/\",\"url\":\"https:\/\/secure.gravatar.com\/avatar\/c17e55009e671d92cc7f5dc837dc418a?s=96&r=g\",\"contentUrl\":\"https:\/\/secure.gravatar.com\/avatar\/c17e55009e671d92cc7f5dc837dc418a?s=96&r=g\",\"caption\":\"Nicolas SCHIAVON\"},\"description\":\"Nicolas Schiavon est tomb\u00e9 tout petit dans la marmite automobile. Ayant eu un garage de marque automobile, mandataire automobile de la premi\u00e8re heure d\u00e8s 1999. Nicolas a cr\u00e9\u00e9 ces premiers sites de vente de voiture et blog automobile d\u00e8s 1994. Carideal est n\u00e9 le 15 d\u00e9cembre 2000 de la volont\u00e9 de vendre des voitures d'occasions en ligne puis des voitures neuves. Il a pu essayer beaucoup de voitures tr\u00e8s diff\u00e9rentes et ayant eu personnellement quelques belles autos, Subaru Impreza, Mitsubishi Lancer Evo 7, Porsche 911, Ferrari Testarrossa, Audi RS3, RS4 et j'en passe...\",\"sameAs\":[\"http:\/\/www.carideal.com\",\"https:\/\/www.facebook.com\/nicolas.schiavon.39\",\"https:\/\/www.instagram.com\/carideal1\/\",\"https:\/\/www.linkedin.com\/in\/nschiavon\/\",\"https:\/\/x.com\/caridealauto\",\"https:\/\/www.youtube.com\/user\/caridealsas\/\"],\"url\":\"https:\/\/www.carideal.com\/blog\/author\/nschiavon\/\"}]}<\/script>\n<!-- \/ Yoast SEO plugin. -->","yoast_head_json":{"title":"Permis de conduire \u00e0 16 ans : faut-il l'instaurer ? - Blog auto Carid\u00e9al","description":"Aux Etats-Unis on passe son permis de conduire \u00e0 16 ans, Comme au Canada. En Nouvelle Z\u00e9lande ou en Australie, c'est 17 ans. Pourquoi pas nous ?","robots":{"index":"index","follow":"follow","max-snippet":"max-snippet:-1","max-image-preview":"max-image-preview:large","max-video-preview":"max-video-preview:-1"},"canonical":"https:\/\/www.carideal.com\/blog\/2007\/11\/12\/faut-il-instaurer-le-permis-de-conduire-a-16-ans\/","og_locale":"fr_FR","og_type":"article","og_title":"Permis de conduire \u00e0 16 ans : faut-il l'instaurer ? - Blog auto Carid\u00e9al","og_description":"Aux Etats-Unis on passe son permis de conduire \u00e0 16 ans, Comme au Canada. En Nouvelle Z\u00e9lande ou en Australie, c'est 17 ans. Pourquoi pas nous ?","og_url":"https:\/\/www.carideal.com\/blog\/2007\/11\/12\/faut-il-instaurer-le-permis-de-conduire-a-16-ans\/","og_site_name":"Blog auto Carid\u00e9al","article_publisher":"https:\/\/www.facebook.com\/Carideal.mandataire.automobile","article_author":"https:\/\/www.facebook.com\/nicolas.schiavon.39","article_published_time":"2007-11-12T00:00:00+00:00","article_modified_time":"2017-03-03T13:31:29+00:00","og_image":[{"width":285,"height":400,"url":"https:\/\/www.carideal.com\/blog\/wp-content\/uploads\/2007\/11\/permis-de-conduire-16-ans.jpg","type":"image\/jpeg"}],"author":"Nicolas SCHIAVON","twitter_card":"summary_large_image","twitter_creator":"@caridealauto","twitter_site":"@caridealauto","twitter_misc":{"\u00c9crit par":"Nicolas SCHIAVON","Dur\u00e9e de lecture estim\u00e9e":"2 minutes"},"schema":{"@context":"https:\/\/schema.org","@graph":[{"@type":"Article","@id":"https:\/\/www.carideal.com\/blog\/2007\/11\/12\/faut-il-instaurer-le-permis-de-conduire-a-16-ans\/#article","isPartOf":{"@id":"https:\/\/www.carideal.com\/blog\/2007\/11\/12\/faut-il-instaurer-le-permis-de-conduire-a-16-ans\/"},"author":{"name":"Nicolas SCHIAVON","@id":"https:\/\/www.carideal.com\/blog\/#\/schema\/person\/cd95dc7919660de90d31b366f85be1ec"},"headline":"Permis de conduire \u00e0 16 ans : faut-il l&rsquo;instaurer ?","datePublished":"2007-11-12T00:00:00+00:00","dateModified":"2017-03-03T13:31:29+00:00","mainEntityOfPage":{"@id":"https:\/\/www.carideal.com\/blog\/2007\/11\/12\/faut-il-instaurer-le-permis-de-conduire-a-16-ans\/"},"wordCount":495,"commentCount":0,"publisher":{"@id":"https:\/\/www.carideal.com\/blog\/#organization"},"image":{"@id":"https:\/\/www.carideal.com\/blog\/2007\/11\/12\/faut-il-instaurer-le-permis-de-conduire-a-16-ans\/#primaryimage"},"thumbnailUrl":"https:\/\/www.carideal.com\/blog\/wp-content\/uploads\/2007\/11\/permis-de-conduire-16-ans.jpg","keywords":["Etats-Unis march\u00e9 automobile am\u00e9ricain","Permis de conduire"],"articleSection":["Actualit\u00e9 automobile","L\u00e9gislation Automobile","Radar et s\u00e9curit\u00e9 routi\u00e8re"],"inLanguage":"fr-FR","potentialAction":[{"@type":"CommentAction","name":"Comment","target":["https:\/\/www.carideal.com\/blog\/2007\/11\/12\/faut-il-instaurer-le-permis-de-conduire-a-16-ans\/#respond"]}]},{"@type":"WebPage","@id":"https:\/\/www.carideal.com\/blog\/2007\/11\/12\/faut-il-instaurer-le-permis-de-conduire-a-16-ans\/","url":"https:\/\/www.carideal.com\/blog\/2007\/11\/12\/faut-il-instaurer-le-permis-de-conduire-a-16-ans\/","name":"Permis de conduire \u00e0 16 ans : faut-il l'instaurer ? - Blog auto Carid\u00e9al","isPartOf":{"@id":"https:\/\/www.carideal.com\/blog\/#website"},"primaryImageOfPage":{"@id":"https:\/\/www.carideal.com\/blog\/2007\/11\/12\/faut-il-instaurer-le-permis-de-conduire-a-16-ans\/#primaryimage"},"image":{"@id":"https:\/\/www.carideal.com\/blog\/2007\/11\/12\/faut-il-instaurer-le-permis-de-conduire-a-16-ans\/#primaryimage"},"thumbnailUrl":"https:\/\/www.carideal.com\/blog\/wp-content\/uploads\/2007\/11\/permis-de-conduire-16-ans.jpg","datePublished":"2007-11-12T00:00:00+00:00","dateModified":"2017-03-03T13:31:29+00:00","description":"Aux Etats-Unis on passe son permis de conduire \u00e0 16 ans, Comme au Canada. En Nouvelle Z\u00e9lande ou en Australie, c'est 17 ans. Pourquoi pas nous ?","breadcrumb":{"@id":"https:\/\/www.carideal.com\/blog\/2007\/11\/12\/faut-il-instaurer-le-permis-de-conduire-a-16-ans\/#breadcrumb"},"inLanguage":"fr-FR","potentialAction":[{"@type":"ReadAction","target":["https:\/\/www.carideal.com\/blog\/2007\/11\/12\/faut-il-instaurer-le-permis-de-conduire-a-16-ans\/"]}]},{"@type":"ImageObject","inLanguage":"fr-FR","@id":"https:\/\/www.carideal.com\/blog\/2007\/11\/12\/faut-il-instaurer-le-permis-de-conduire-a-16-ans\/#primaryimage","url":"https:\/\/www.carideal.com\/blog\/wp-content\/uploads\/2007\/11\/permis-de-conduire-16-ans.jpg","contentUrl":"https:\/\/www.carideal.com\/blog\/wp-content\/uploads\/2007\/11\/permis-de-conduire-16-ans.jpg","width":285,"height":400,"caption":"Permis de conduire \u00e0 16 ans"},{"@type":"BreadcrumbList","@id":"https:\/\/www.carideal.com\/blog\/2007\/11\/12\/faut-il-instaurer-le-permis-de-conduire-a-16-ans\/#breadcrumb","itemListElement":[{"@type":"ListItem","position":1,"name":"Blog Carid\u00e9al","item":"https:\/\/www.carideal.com\/blog\/"},{"@type":"ListItem","position":2,"name":"Actualit\u00e9 automobile","item":"https:\/\/www.carideal.com\/blog\/actualites-auto\/"},{"@type":"ListItem","position":3,"name":"Permis de conduire \u00e0 16 ans : faut-il l&rsquo;instaurer ?"}]},{"@type":"WebSite","@id":"https:\/\/www.carideal.com\/blog\/#website","url":"https:\/\/www.carideal.com\/blog\/","name":"Blog auto Carid\u00e9al","description":"Actualit\u00e9 auto par des passionn\u00e9s","publisher":{"@id":"https:\/\/www.carideal.com\/blog\/#organization"},"potentialAction":[{"@type":"SearchAction","target":{"@type":"EntryPoint","urlTemplate":"https:\/\/www.carideal.com\/blog\/?s={search_term_string}"},"query-input":{"@type":"PropertyValueSpecification","valueRequired":true,"valueName":"search_term_string"}}],"inLanguage":"fr-FR"},{"@type":"Organization","@id":"https:\/\/www.carideal.com\/blog\/#organization","name":"Carideal","url":"https:\/\/www.carideal.com\/blog\/","logo":{"@type":"ImageObject","inLanguage":"fr-FR","@id":"https:\/\/www.carideal.com\/blog\/#\/schema\/logo\/image\/","url":"http:\/\/www.carideal.com\/blog\/wp-content\/uploads\/2016\/03\/logo-carideal-mandataire-automobile.png","contentUrl":"http:\/\/www.carideal.com\/blog\/wp-content\/uploads\/2016\/03\/logo-carideal-mandataire-automobile.png","width":300,"height":300,"caption":"Carideal"},"image":{"@id":"https:\/\/www.carideal.com\/blog\/#\/schema\/logo\/image\/"},"sameAs":["https:\/\/www.facebook.com\/Carideal.mandataire.automobile","https:\/\/x.com\/caridealauto","https:\/\/www.instagram.com\/carideal1\/","https:\/\/www.linkedin.com\/company\/carideal.com","https:\/\/fr.pinterest.com\/schiavonsas\/","https:\/\/www.youtube.com\/user\/caridealsas"]},{"@type":"Person","@id":"https:\/\/www.carideal.com\/blog\/#\/schema\/person\/cd95dc7919660de90d31b366f85be1ec","name":"Nicolas SCHIAVON","image":{"@type":"ImageObject","inLanguage":"fr-FR","@id":"https:\/\/www.carideal.com\/blog\/#\/schema\/person\/image\/","url":"https:\/\/secure.gravatar.com\/avatar\/c17e55009e671d92cc7f5dc837dc418a?s=96&r=g","contentUrl":"https:\/\/secure.gravatar.com\/avatar\/c17e55009e671d92cc7f5dc837dc418a?s=96&r=g","caption":"Nicolas SCHIAVON"},"description":"Nicolas Schiavon est tomb\u00e9 tout petit dans la marmite automobile. Ayant eu un garage de marque automobile, mandataire automobile de la premi\u00e8re heure d\u00e8s 1999. Nicolas a cr\u00e9\u00e9 ces premiers sites de vente de voiture et blog automobile d\u00e8s 1994. Carideal est n\u00e9 le 15 d\u00e9cembre 2000 de la volont\u00e9 de vendre des voitures d'occasions en ligne puis des voitures neuves. Il a pu essayer beaucoup de voitures tr\u00e8s diff\u00e9rentes et ayant eu personnellement quelques belles autos, Subaru Impreza, Mitsubishi Lancer Evo 7, Porsche 911, Ferrari Testarrossa, Audi RS3, RS4 et j'en passe...","sameAs":["http:\/\/www.carideal.com","https:\/\/www.facebook.com\/nicolas.schiavon.39","https:\/\/www.instagram.com\/carideal1\/","https:\/\/www.linkedin.com\/in\/nschiavon\/","https:\/\/x.com\/caridealauto","https:\/\/www.youtube.com\/user\/caridealsas\/"],"url":"https:\/\/www.carideal.com\/blog\/author\/nschiavon\/"}]}},"uagb_featured_image_src":{"full":["https:\/\/www.carideal.com\/blog\/wp-content\/uploads\/2007\/11\/permis-de-conduire-16-ans.jpg",285,400,false],"thumbnail":["https:\/\/www.carideal.com\/blog\/wp-content\/uploads\/2007\/11\/permis-de-conduire-16-ans-150x150.jpg",150,150,true],"medium":["https:\/\/www.carideal.com\/blog\/wp-content\/uploads\/2007\/11\/permis-de-conduire-16-ans-214x300.jpg",214,300,true],"medium_large":["https:\/\/www.carideal.com\/blog\/wp-content\/uploads\/2007\/11\/permis-de-conduire-16-ans.jpg",285,400,false],"large":["https:\/\/www.carideal.com\/blog\/wp-content\/uploads\/2007\/11\/permis-de-conduire-16-ans.jpg",285,400,false],"1536x1536":["https:\/\/www.carideal.com\/blog\/wp-content\/uploads\/2007\/11\/permis-de-conduire-16-ans.jpg",285,400,false],"2048x2048":["https:\/\/www.carideal.com\/blog\/wp-content\/uploads\/2007\/11\/permis-de-conduire-16-ans.jpg",285,400,false],"wppr-widget":["https:\/\/www.carideal.com\/blog\/wp-content\/uploads\/2007\/11\/permis-de-conduire-16-ans.jpg",36,50,false]},"uagb_author_info":{"display_name":"Nicolas SCHIAVON","author_link":"https:\/\/www.carideal.com\/blog\/author\/nschiavon\/"},"uagb_comment_info":0,"uagb_excerpt":"Faut il Instaurer le Permis de conduire \u00e0 16 Ans ? Aux Etats-Unis on passe son permis de conduire \u00e0 16 ans, Comme au Canada. En Nouvelle Z\u00e9lande ou en Australie, c'est 17 ans. Pourquoi pas nous ? D'autant plus que nos ados doivent passer le BSR et l'ASSR pour pouvoir conduire leur scooter. Ils\u2026","_links":{"self":[{"href":"https:\/\/www.carideal.com\/blog\/wp-json\/wp\/v2\/posts\/4529"}],"collection":[{"href":"https:\/\/www.carideal.com\/blog\/wp-json\/wp\/v2\/posts"}],"about":[{"href":"https:\/\/www.carideal.com\/blog\/wp-json\/wp\/v2\/types\/post"}],"author":[{"embeddable":true,"href":"https:\/\/www.carideal.com\/blog\/wp-json\/wp\/v2\/users\/3"}],"replies":[{"embeddable":true,"href":"https:\/\/www.carideal.com\/blog\/wp-json\/wp\/v2\/comments?post=4529"}],"version-history":[{"count":0,"href":"https:\/\/www.carideal.com\/blog\/wp-json\/wp\/v2\/posts\/4529\/revisions"}],"wp:featuredmedia":[{"embeddable":true,"href":"https:\/\/www.carideal.com\/blog\/wp-json\/wp\/v2\/media\/15548"}],"wp:attachment":[{"href":"https:\/\/www.carideal.com\/blog\/wp-json\/wp\/v2\/media?parent=4529"}],"wp:term":[{"taxonomy":"category","embeddable":true,"href":"https:\/\/www.carideal.com\/blog\/wp-json\/wp\/v2\/categories?post=4529"},{"taxonomy":"post_tag","embeddable":true,"href":"https:\/\/www.carideal.com\/blog\/wp-json\/wp\/v2\/tags?post=4529"}],"curies":[{"name":"wp","href":"https:\/\/api.w.org\/{rel}","templated":true}]}}