{"id":4514,"date":"2007-06-18T23:00:00","date_gmt":"2007-06-18T23:00:00","guid":{"rendered":"http:\/\/www.carideal.com\/blog\/2007\/06\/18\/alcool-au-volant-baisse-a-02-g-l\/"},"modified":"2015-12-26T16:27:35","modified_gmt":"2015-12-26T15:27:35","slug":"alcool-au-volant-baisse-a-02-g-l","status":"publish","type":"post","link":"https:\/\/www.carideal.com\/blog\/2007\/06\/18\/alcool-au-volant-baisse-a-02-g-l\/","title":{"rendered":"ALCOOL AU VOLANT 0,2g ?"},"content":{"rendered":"<div>\n<figure style=\"width: 149px\" class=\"wp-caption alignnone\"><img loading=\"lazy\" decoding=\"async\" title=\"Alcool au volant 0.2 G ?\" src=\"http:\/\/www.carideal.com\/images_actualite\/alcoolauvolantcarideal-1190215972.jpg\" alt=\"Alcool au volant 0.2 G ?\" width=\"159\" height=\"150\" \/><figcaption class=\"wp-caption-text\">Alcool au volant 0.2 G ?<\/figcaption><\/figure>\n<h1>ALCOOL AU VOLANT Vise-t-on les 0,2g ?<\/h1>\n<\/div>\n<p style=\"margin-bottom: 0cm;\">Apr\u00e8s les mesures drastiques de r\u00e9pr\u00e9ssion routi\u00e8re, les radars \u00e0 foison et le racket qui s'en suivi, les statistiques routi\u00e8res red\u00e9gringoles encore, preuve que toutes ces mesures ne sont pas forc\u00e9ment les bonnes pour faire baisser le nombre de mort et d'accident sur nos route. Ces mesures servent plus \u00e0 remplir les caisse de l'\u00e9tat. Apr\u00e8s avoir annonc\u00e9 la supression des panneaux avertisseurs de radars fixes, le gourvernement veut baisser le <span style=\"text-decoration: underline;\"><a href=\"http:\/\/www.carideal.com\/blog\/2013\/02\/13\/alcool-au-volant-zero-pointe-pour-les-jeunes\/\">taux d'alcool\u00e9mie<\/a><\/span> au volant de 0,5 \u00e0 0,2 g\/L de sang.<br \/>\nQue repr\u00e9sente 0,2 g ? A table, un seul verre de vin de 12cl donne 0,10 \u00e0 0,14 g apr\u00e8s trente minutes. Il faut l'absorbtion d'un deuxi\u00e8me verre pour passer le cap de 0,2g. Bien entendu ces r\u00e9sultats varrient si on est une femme ou un homme, suivant notre corpulence, ou notre entrainement. Les <span style=\"text-decoration: underline;\"><a href=\"http:\/\/www.carideal.com\/blog\/2013\/03\/18\/les-irlandais-aime-l-alcool\/\">irlandais<\/a><\/span> eux aiment plus l'acool.<\/p>\n","protected":false},"excerpt":{"rendered":"<p>ALCOOL AU VOLANT Vise-t-on les 0,2g ? Apr\u00e8s les mesures drastiques de r\u00e9pr\u00e9ssion routi\u00e8re, les radars \u00e0 foison et le racket qui s&rsquo;en suivi, les statistiques routi\u00e8res red\u00e9gringoles encore, preuve que toutes ces mesures ne sont pas forc\u00e9ment les bonnes pour faire baisser le nombre de mort et d&rsquo;accident sur nos route. Ces mesures servent &#8230; <a title=\"ALCOOL AU VOLANT 0,2g ?\" class=\"read-more\" href=\"https:\/\/www.carideal.com\/blog\/2007\/06\/18\/alcool-au-volant-baisse-a-02-g-l\/\" aria-label=\"En savoir plus sur ALCOOL AU VOLANT 0,2g ?\">Lire plus<\/a><\/p>\n","protected":false},"author":3,"featured_media":0,"comment_status":"open","ping_status":"open","sticky":false,"template":"","format":"standard","meta":{"_uag_custom_page_level_css":"","_themeisle_gutenberg_block_has_review":false,"footnotes":""},"categories":[21],"tags":[],"class_list":["post-4514","post","type-post","status-publish","format-standard","hentry","category-actualites-auto"],"wppr_data":[],"yoast_head":"<!-- This site is optimized with the Yoast SEO plugin v24.8.1 - https:\/\/yoast.com\/wordpress\/plugins\/seo\/ -->\n<title>ALCOOL AU VOLANT 0,2g ? - Blog auto Carid\u00e9al<\/title>\n<meta name=\"description\" content=\"Alcool au volant vise-t-on les 0.2g ?\u00a0Apr\u00e8s les mesures drastiques de r\u00e9pr\u00e9ssion routi\u00e8re, les radars \u00e0 foison et le racket qui s&#039;en suivi\" \/>\n<meta name=\"robots\" content=\"index, follow, max-snippet:-1, max-image-preview:large, max-video-preview:-1\" \/>\n<link rel=\"canonical\" href=\"https:\/\/www.carideal.com\/blog\/2007\/06\/18\/alcool-au-volant-baisse-a-02-g-l\/\" \/>\n<meta property=\"og:locale\" content=\"fr_FR\" \/>\n<meta property=\"og:type\" content=\"article\" \/>\n<meta property=\"og:title\" content=\"ALCOOL AU VOLANT 0,2g ? - Blog auto Carid\u00e9al\" \/>\n<meta property=\"og:description\" content=\"Alcool au volant vise-t-on les 0.2g ?\u00a0Apr\u00e8s les mesures drastiques de r\u00e9pr\u00e9ssion routi\u00e8re, les radars \u00e0 foison et le racket qui s&#039;en suivi\" \/>\n<meta property=\"og:url\" content=\"https:\/\/www.carideal.com\/blog\/2007\/06\/18\/alcool-au-volant-baisse-a-02-g-l\/\" \/>\n<meta property=\"og:site_name\" content=\"Blog auto Carid\u00e9al\" \/>\n<meta property=\"article:publisher\" content=\"https:\/\/www.facebook.com\/Carideal.mandataire.automobile\" \/>\n<meta property=\"article:author\" content=\"https:\/\/www.facebook.com\/nicolas.schiavon.39\" \/>\n<meta property=\"article:published_time\" content=\"2007-06-18T23:00:00+00:00\" \/>\n<meta property=\"article:modified_time\" content=\"2015-12-26T15:27:35+00:00\" \/>\n<meta property=\"og:image\" content=\"http:\/\/www.carideal.com\/images_actualite\/alcoolauvolantcarideal-1190215972.jpg\" \/>\n<meta name=\"author\" content=\"Nicolas SCHIAVON\" \/>\n<meta name=\"twitter:card\" content=\"summary_large_image\" \/>\n<meta name=\"twitter:creator\" content=\"@caridealauto\" \/>\n<meta name=\"twitter:site\" content=\"@caridealauto\" \/>\n<meta name=\"twitter:label1\" content=\"\u00c9crit par\" \/>\n\t<meta name=\"twitter:data1\" content=\"Nicolas SCHIAVON\" \/>\n\t<meta name=\"twitter:label2\" content=\"Dur\u00e9e de lecture estim\u00e9e\" \/>\n\t<meta name=\"twitter:data2\" content=\"1 minute\" \/>\n<script type=\"application\/ld+json\" class=\"yoast-schema-graph\">{\"@context\":\"https:\/\/schema.org\",\"@graph\":[{\"@type\":\"Article\",\"@id\":\"https:\/\/www.carideal.com\/blog\/2007\/06\/18\/alcool-au-volant-baisse-a-02-g-l\/#article\",\"isPartOf\":{\"@id\":\"https:\/\/www.carideal.com\/blog\/2007\/06\/18\/alcool-au-volant-baisse-a-02-g-l\/\"},\"author\":{\"name\":\"Nicolas SCHIAVON\",\"@id\":\"https:\/\/www.carideal.com\/blog\/#\/schema\/person\/cd95dc7919660de90d31b366f85be1ec\"},\"headline\":\"ALCOOL AU VOLANT 0,2g ?\",\"datePublished\":\"2007-06-18T23:00:00+00:00\",\"dateModified\":\"2015-12-26T15:27:35+00:00\",\"mainEntityOfPage\":{\"@id\":\"https:\/\/www.carideal.com\/blog\/2007\/06\/18\/alcool-au-volant-baisse-a-02-g-l\/\"},\"wordCount\":166,\"commentCount\":0,\"publisher\":{\"@id\":\"https:\/\/www.carideal.com\/blog\/#organization\"},\"image\":{\"@id\":\"https:\/\/www.carideal.com\/blog\/2007\/06\/18\/alcool-au-volant-baisse-a-02-g-l\/#primaryimage\"},\"thumbnailUrl\":\"http:\/\/www.carideal.com\/images_actualite\/alcoolauvolantcarideal-1190215972.jpg\",\"articleSection\":[\"Actualit\u00e9 automobile\"],\"inLanguage\":\"fr-FR\",\"potentialAction\":[{\"@type\":\"CommentAction\",\"name\":\"Comment\",\"target\":[\"https:\/\/www.carideal.com\/blog\/2007\/06\/18\/alcool-au-volant-baisse-a-02-g-l\/#respond\"]}]},{\"@type\":\"WebPage\",\"@id\":\"https:\/\/www.carideal.com\/blog\/2007\/06\/18\/alcool-au-volant-baisse-a-02-g-l\/\",\"url\":\"https:\/\/www.carideal.com\/blog\/2007\/06\/18\/alcool-au-volant-baisse-a-02-g-l\/\",\"name\":\"ALCOOL AU VOLANT 0,2g ? - Blog auto Carid\u00e9al\",\"isPartOf\":{\"@id\":\"https:\/\/www.carideal.com\/blog\/#website\"},\"primaryImageOfPage\":{\"@id\":\"https:\/\/www.carideal.com\/blog\/2007\/06\/18\/alcool-au-volant-baisse-a-02-g-l\/#primaryimage\"},\"image\":{\"@id\":\"https:\/\/www.carideal.com\/blog\/2007\/06\/18\/alcool-au-volant-baisse-a-02-g-l\/#primaryimage\"},\"thumbnailUrl\":\"http:\/\/www.carideal.com\/images_actualite\/alcoolauvolantcarideal-1190215972.jpg\",\"datePublished\":\"2007-06-18T23:00:00+00:00\",\"dateModified\":\"2015-12-26T15:27:35+00:00\",\"description\":\"Alcool au volant vise-t-on les 0.2g ?\u00a0Apr\u00e8s les mesures drastiques de r\u00e9pr\u00e9ssion routi\u00e8re, les radars \u00e0 foison et le racket qui s'en suivi\",\"breadcrumb\":{\"@id\":\"https:\/\/www.carideal.com\/blog\/2007\/06\/18\/alcool-au-volant-baisse-a-02-g-l\/#breadcrumb\"},\"inLanguage\":\"fr-FR\",\"potentialAction\":[{\"@type\":\"ReadAction\",\"target\":[\"https:\/\/www.carideal.com\/blog\/2007\/06\/18\/alcool-au-volant-baisse-a-02-g-l\/\"]}]},{\"@type\":\"ImageObject\",\"inLanguage\":\"fr-FR\",\"@id\":\"https:\/\/www.carideal.com\/blog\/2007\/06\/18\/alcool-au-volant-baisse-a-02-g-l\/#primaryimage\",\"url\":\"http:\/\/www.carideal.com\/images_actualite\/alcoolauvolantcarideal-1190215972.jpg\",\"contentUrl\":\"http:\/\/www.carideal.com\/images_actualite\/alcoolauvolantcarideal-1190215972.jpg\"},{\"@type\":\"BreadcrumbList\",\"@id\":\"https:\/\/www.carideal.com\/blog\/2007\/06\/18\/alcool-au-volant-baisse-a-02-g-l\/#breadcrumb\",\"itemListElement\":[{\"@type\":\"ListItem\",\"position\":1,\"name\":\"Blog Carid\u00e9al\",\"item\":\"https:\/\/www.carideal.com\/blog\/\"},{\"@type\":\"ListItem\",\"position\":2,\"name\":\"Actualit\u00e9 automobile\",\"item\":\"https:\/\/www.carideal.com\/blog\/actualites-auto\/\"},{\"@type\":\"ListItem\",\"position\":3,\"name\":\"ALCOOL AU VOLANT 0,2g ?\"}]},{\"@type\":\"WebSite\",\"@id\":\"https:\/\/www.carideal.com\/blog\/#website\",\"url\":\"https:\/\/www.carideal.com\/blog\/\",\"name\":\"Blog auto Carid\u00e9al\",\"description\":\"Actualit\u00e9 auto par des passionn\u00e9s\",\"publisher\":{\"@id\":\"https:\/\/www.carideal.com\/blog\/#organization\"},\"potentialAction\":[{\"@type\":\"SearchAction\",\"target\":{\"@type\":\"EntryPoint\",\"urlTemplate\":\"https:\/\/www.carideal.com\/blog\/?s={search_term_string}\"},\"query-input\":{\"@type\":\"PropertyValueSpecification\",\"valueRequired\":true,\"valueName\":\"search_term_string\"}}],\"inLanguage\":\"fr-FR\"},{\"@type\":\"Organization\",\"@id\":\"https:\/\/www.carideal.com\/blog\/#organization\",\"name\":\"Carideal\",\"url\":\"https:\/\/www.carideal.com\/blog\/\",\"logo\":{\"@type\":\"ImageObject\",\"inLanguage\":\"fr-FR\",\"@id\":\"https:\/\/www.carideal.com\/blog\/#\/schema\/logo\/image\/\",\"url\":\"http:\/\/www.carideal.com\/blog\/wp-content\/uploads\/2016\/03\/logo-carideal-mandataire-automobile.png\",\"contentUrl\":\"http:\/\/www.carideal.com\/blog\/wp-content\/uploads\/2016\/03\/logo-carideal-mandataire-automobile.png\",\"width\":300,\"height\":300,\"caption\":\"Carideal\"},\"image\":{\"@id\":\"https:\/\/www.carideal.com\/blog\/#\/schema\/logo\/image\/\"},\"sameAs\":[\"https:\/\/www.facebook.com\/Carideal.mandataire.automobile\",\"https:\/\/x.com\/caridealauto\",\"https:\/\/www.instagram.com\/carideal1\/\",\"https:\/\/www.linkedin.com\/company\/carideal.com\",\"https:\/\/fr.pinterest.com\/schiavonsas\/\",\"https:\/\/www.youtube.com\/user\/caridealsas\"]},{\"@type\":\"Person\",\"@id\":\"https:\/\/www.carideal.com\/blog\/#\/schema\/person\/cd95dc7919660de90d31b366f85be1ec\",\"name\":\"Nicolas SCHIAVON\",\"image\":{\"@type\":\"ImageObject\",\"inLanguage\":\"fr-FR\",\"@id\":\"https:\/\/www.carideal.com\/blog\/#\/schema\/person\/image\/\",\"url\":\"https:\/\/secure.gravatar.com\/avatar\/c17e55009e671d92cc7f5dc837dc418a?s=96&r=g\",\"contentUrl\":\"https:\/\/secure.gravatar.com\/avatar\/c17e55009e671d92cc7f5dc837dc418a?s=96&r=g\",\"caption\":\"Nicolas SCHIAVON\"},\"description\":\"Nicolas Schiavon est tomb\u00e9 tout petit dans la marmite automobile. Ayant eu un garage de marque automobile, mandataire automobile de la premi\u00e8re heure d\u00e8s 1999. Nicolas a cr\u00e9\u00e9 ces premiers sites de vente de voiture et blog automobile d\u00e8s 1994. Carideal est n\u00e9 le 15 d\u00e9cembre 2000 de la volont\u00e9 de vendre des voitures d'occasions en ligne puis des voitures neuves. Il a pu essayer beaucoup de voitures tr\u00e8s diff\u00e9rentes et ayant eu personnellement quelques belles autos, Subaru Impreza, Mitsubishi Lancer Evo 7, Porsche 911, Ferrari Testarrossa, Audi RS3, RS4 et j'en passe...\",\"sameAs\":[\"http:\/\/www.carideal.com\",\"https:\/\/www.facebook.com\/nicolas.schiavon.39\",\"https:\/\/www.instagram.com\/carideal1\/\",\"https:\/\/www.linkedin.com\/in\/nschiavon\/\",\"https:\/\/x.com\/caridealauto\",\"https:\/\/www.youtube.com\/user\/caridealsas\/\"],\"url\":\"https:\/\/www.carideal.com\/blog\/author\/nschiavon\/\"}]}<\/script>\n<!-- \/ Yoast SEO plugin. -->","yoast_head_json":{"title":"ALCOOL AU VOLANT 0,2g ? - Blog auto Carid\u00e9al","description":"Alcool au volant vise-t-on les 0.2g ?\u00a0Apr\u00e8s les mesures drastiques de r\u00e9pr\u00e9ssion routi\u00e8re, les radars \u00e0 foison et le racket qui s'en suivi","robots":{"index":"index","follow":"follow","max-snippet":"max-snippet:-1","max-image-preview":"max-image-preview:large","max-video-preview":"max-video-preview:-1"},"canonical":"https:\/\/www.carideal.com\/blog\/2007\/06\/18\/alcool-au-volant-baisse-a-02-g-l\/","og_locale":"fr_FR","og_type":"article","og_title":"ALCOOL AU VOLANT 0,2g ? - Blog auto Carid\u00e9al","og_description":"Alcool au volant vise-t-on les 0.2g ?\u00a0Apr\u00e8s les mesures drastiques de r\u00e9pr\u00e9ssion routi\u00e8re, les radars \u00e0 foison et le racket qui s'en suivi","og_url":"https:\/\/www.carideal.com\/blog\/2007\/06\/18\/alcool-au-volant-baisse-a-02-g-l\/","og_site_name":"Blog auto Carid\u00e9al","article_publisher":"https:\/\/www.facebook.com\/Carideal.mandataire.automobile","article_author":"https:\/\/www.facebook.com\/nicolas.schiavon.39","article_published_time":"2007-06-18T23:00:00+00:00","article_modified_time":"2015-12-26T15:27:35+00:00","og_image":[{"url":"http:\/\/www.carideal.com\/images_actualite\/alcoolauvolantcarideal-1190215972.jpg","type":"","width":"","height":""}],"author":"Nicolas SCHIAVON","twitter_card":"summary_large_image","twitter_creator":"@caridealauto","twitter_site":"@caridealauto","twitter_misc":{"\u00c9crit par":"Nicolas SCHIAVON","Dur\u00e9e de lecture estim\u00e9e":"1 minute"},"schema":{"@context":"https:\/\/schema.org","@graph":[{"@type":"Article","@id":"https:\/\/www.carideal.com\/blog\/2007\/06\/18\/alcool-au-volant-baisse-a-02-g-l\/#article","isPartOf":{"@id":"https:\/\/www.carideal.com\/blog\/2007\/06\/18\/alcool-au-volant-baisse-a-02-g-l\/"},"author":{"name":"Nicolas SCHIAVON","@id":"https:\/\/www.carideal.com\/blog\/#\/schema\/person\/cd95dc7919660de90d31b366f85be1ec"},"headline":"ALCOOL AU VOLANT 0,2g ?","datePublished":"2007-06-18T23:00:00+00:00","dateModified":"2015-12-26T15:27:35+00:00","mainEntityOfPage":{"@id":"https:\/\/www.carideal.com\/blog\/2007\/06\/18\/alcool-au-volant-baisse-a-02-g-l\/"},"wordCount":166,"commentCount":0,"publisher":{"@id":"https:\/\/www.carideal.com\/blog\/#organization"},"image":{"@id":"https:\/\/www.carideal.com\/blog\/2007\/06\/18\/alcool-au-volant-baisse-a-02-g-l\/#primaryimage"},"thumbnailUrl":"http:\/\/www.carideal.com\/images_actualite\/alcoolauvolantcarideal-1190215972.jpg","articleSection":["Actualit\u00e9 automobile"],"inLanguage":"fr-FR","potentialAction":[{"@type":"CommentAction","name":"Comment","target":["https:\/\/www.carideal.com\/blog\/2007\/06\/18\/alcool-au-volant-baisse-a-02-g-l\/#respond"]}]},{"@type":"WebPage","@id":"https:\/\/www.carideal.com\/blog\/2007\/06\/18\/alcool-au-volant-baisse-a-02-g-l\/","url":"https:\/\/www.carideal.com\/blog\/2007\/06\/18\/alcool-au-volant-baisse-a-02-g-l\/","name":"ALCOOL AU VOLANT 0,2g ? - Blog auto Carid\u00e9al","isPartOf":{"@id":"https:\/\/www.carideal.com\/blog\/#website"},"primaryImageOfPage":{"@id":"https:\/\/www.carideal.com\/blog\/2007\/06\/18\/alcool-au-volant-baisse-a-02-g-l\/#primaryimage"},"image":{"@id":"https:\/\/www.carideal.com\/blog\/2007\/06\/18\/alcool-au-volant-baisse-a-02-g-l\/#primaryimage"},"thumbnailUrl":"http:\/\/www.carideal.com\/images_actualite\/alcoolauvolantcarideal-1190215972.jpg","datePublished":"2007-06-18T23:00:00+00:00","dateModified":"2015-12-26T15:27:35+00:00","description":"Alcool au volant vise-t-on les 0.2g ?\u00a0Apr\u00e8s les mesures drastiques de r\u00e9pr\u00e9ssion routi\u00e8re, les radars \u00e0 foison et le racket qui s'en suivi","breadcrumb":{"@id":"https:\/\/www.carideal.com\/blog\/2007\/06\/18\/alcool-au-volant-baisse-a-02-g-l\/#breadcrumb"},"inLanguage":"fr-FR","potentialAction":[{"@type":"ReadAction","target":["https:\/\/www.carideal.com\/blog\/2007\/06\/18\/alcool-au-volant-baisse-a-02-g-l\/"]}]},{"@type":"ImageObject","inLanguage":"fr-FR","@id":"https:\/\/www.carideal.com\/blog\/2007\/06\/18\/alcool-au-volant-baisse-a-02-g-l\/#primaryimage","url":"http:\/\/www.carideal.com\/images_actualite\/alcoolauvolantcarideal-1190215972.jpg","contentUrl":"http:\/\/www.carideal.com\/images_actualite\/alcoolauvolantcarideal-1190215972.jpg"},{"@type":"BreadcrumbList","@id":"https:\/\/www.carideal.com\/blog\/2007\/06\/18\/alcool-au-volant-baisse-a-02-g-l\/#breadcrumb","itemListElement":[{"@type":"ListItem","position":1,"name":"Blog Carid\u00e9al","item":"https:\/\/www.carideal.com\/blog\/"},{"@type":"ListItem","position":2,"name":"Actualit\u00e9 automobile","item":"https:\/\/www.carideal.com\/blog\/actualites-auto\/"},{"@type":"ListItem","position":3,"name":"ALCOOL AU VOLANT 0,2g ?"}]},{"@type":"WebSite","@id":"https:\/\/www.carideal.com\/blog\/#website","url":"https:\/\/www.carideal.com\/blog\/","name":"Blog auto Carid\u00e9al","description":"Actualit\u00e9 auto par des passionn\u00e9s","publisher":{"@id":"https:\/\/www.carideal.com\/blog\/#organization"},"potentialAction":[{"@type":"SearchAction","target":{"@type":"EntryPoint","urlTemplate":"https:\/\/www.carideal.com\/blog\/?s={search_term_string}"},"query-input":{"@type":"PropertyValueSpecification","valueRequired":true,"valueName":"search_term_string"}}],"inLanguage":"fr-FR"},{"@type":"Organization","@id":"https:\/\/www.carideal.com\/blog\/#organization","name":"Carideal","url":"https:\/\/www.carideal.com\/blog\/","logo":{"@type":"ImageObject","inLanguage":"fr-FR","@id":"https:\/\/www.carideal.com\/blog\/#\/schema\/logo\/image\/","url":"http:\/\/www.carideal.com\/blog\/wp-content\/uploads\/2016\/03\/logo-carideal-mandataire-automobile.png","contentUrl":"http:\/\/www.carideal.com\/blog\/wp-content\/uploads\/2016\/03\/logo-carideal-mandataire-automobile.png","width":300,"height":300,"caption":"Carideal"},"image":{"@id":"https:\/\/www.carideal.com\/blog\/#\/schema\/logo\/image\/"},"sameAs":["https:\/\/www.facebook.com\/Carideal.mandataire.automobile","https:\/\/x.com\/caridealauto","https:\/\/www.instagram.com\/carideal1\/","https:\/\/www.linkedin.com\/company\/carideal.com","https:\/\/fr.pinterest.com\/schiavonsas\/","https:\/\/www.youtube.com\/user\/caridealsas"]},{"@type":"Person","@id":"https:\/\/www.carideal.com\/blog\/#\/schema\/person\/cd95dc7919660de90d31b366f85be1ec","name":"Nicolas SCHIAVON","image":{"@type":"ImageObject","inLanguage":"fr-FR","@id":"https:\/\/www.carideal.com\/blog\/#\/schema\/person\/image\/","url":"https:\/\/secure.gravatar.com\/avatar\/c17e55009e671d92cc7f5dc837dc418a?s=96&r=g","contentUrl":"https:\/\/secure.gravatar.com\/avatar\/c17e55009e671d92cc7f5dc837dc418a?s=96&r=g","caption":"Nicolas SCHIAVON"},"description":"Nicolas Schiavon est tomb\u00e9 tout petit dans la marmite automobile. Ayant eu un garage de marque automobile, mandataire automobile de la premi\u00e8re heure d\u00e8s 1999. Nicolas a cr\u00e9\u00e9 ces premiers sites de vente de voiture et blog automobile d\u00e8s 1994. Carideal est n\u00e9 le 15 d\u00e9cembre 2000 de la volont\u00e9 de vendre des voitures d'occasions en ligne puis des voitures neuves. Il a pu essayer beaucoup de voitures tr\u00e8s diff\u00e9rentes et ayant eu personnellement quelques belles autos, Subaru Impreza, Mitsubishi Lancer Evo 7, Porsche 911, Ferrari Testarrossa, Audi RS3, RS4 et j'en passe...","sameAs":["http:\/\/www.carideal.com","https:\/\/www.facebook.com\/nicolas.schiavon.39","https:\/\/www.instagram.com\/carideal1\/","https:\/\/www.linkedin.com\/in\/nschiavon\/","https:\/\/x.com\/caridealauto","https:\/\/www.youtube.com\/user\/caridealsas\/"],"url":"https:\/\/www.carideal.com\/blog\/author\/nschiavon\/"}]}},"uagb_featured_image_src":{"full":false,"thumbnail":false,"medium":false,"medium_large":false,"large":false,"1536x1536":false,"2048x2048":false,"wppr-widget":false},"uagb_author_info":{"display_name":"Nicolas SCHIAVON","author_link":"https:\/\/www.carideal.com\/blog\/author\/nschiavon\/"},"uagb_comment_info":0,"uagb_excerpt":"ALCOOL AU VOLANT Vise-t-on les 0,2g ? Apr\u00e8s les mesures drastiques de r\u00e9pr\u00e9ssion routi\u00e8re, les radars \u00e0 foison et le racket qui s'en suivi, les statistiques routi\u00e8res red\u00e9gringoles encore, preuve que toutes ces mesures ne sont pas forc\u00e9ment les bonnes pour faire baisser le nombre de mort et d'accident sur nos route. Ces mesures servent\u2026","_links":{"self":[{"href":"https:\/\/www.carideal.com\/blog\/wp-json\/wp\/v2\/posts\/4514"}],"collection":[{"href":"https:\/\/www.carideal.com\/blog\/wp-json\/wp\/v2\/posts"}],"about":[{"href":"https:\/\/www.carideal.com\/blog\/wp-json\/wp\/v2\/types\/post"}],"author":[{"embeddable":true,"href":"https:\/\/www.carideal.com\/blog\/wp-json\/wp\/v2\/users\/3"}],"replies":[{"embeddable":true,"href":"https:\/\/www.carideal.com\/blog\/wp-json\/wp\/v2\/comments?post=4514"}],"version-history":[{"count":0,"href":"https:\/\/www.carideal.com\/blog\/wp-json\/wp\/v2\/posts\/4514\/revisions"}],"wp:attachment":[{"href":"https:\/\/www.carideal.com\/blog\/wp-json\/wp\/v2\/media?parent=4514"}],"wp:term":[{"taxonomy":"category","embeddable":true,"href":"https:\/\/www.carideal.com\/blog\/wp-json\/wp\/v2\/categories?post=4514"},{"taxonomy":"post_tag","embeddable":true,"href":"https:\/\/www.carideal.com\/blog\/wp-json\/wp\/v2\/tags?post=4514"}],"curies":[{"name":"wp","href":"https:\/\/api.w.org\/{rel}","templated":true}]}}