{"id":4512,"date":"2007-09-08T23:00:00","date_gmt":"2007-09-08T23:00:00","guid":{"rendered":"http:\/\/www.carideal.com\/blog\/2007\/09\/08\/plagiat-bmw-lance-des-demarches-judiciaires-contre-china-automobile\/"},"modified":"2015-07-03T18:06:06","modified_gmt":"2015-07-03T16:06:06","slug":"plagiat-bmw-lance-des-demarches-judiciaires-contre-china-automobile","status":"publish","type":"post","link":"https:\/\/www.carideal.com\/blog\/2007\/09\/08\/plagiat-bmw-lance-des-demarches-judiciaires-contre-china-automobile\/","title":{"rendered":"le CEO X5 Shuanghuan"},"content":{"rendered":"<div><img decoding=\"async\" src=\"http:\/\/www.carideal.com\/images_actualite\/shanghuan5carideal-1189166886.jpg\" alt=\"\" \/>le \"CEO X5 \" Shuanghuan<\/p>\n<\/div>\n<p>BMW vient d'indiquer vendredi soir avoir sasi la justice en vu d'attaquer China Automobile Deutchland Pour plagiat. Cette entreprise veut en effet pr\u00e9senter au salon de francfort un modele qui selon BMW est une copie de son mod\u00e8le de X5 d'il y a un an.\u00a0Le CEO du constructeur Shuanghuan, qui sera pr\u00e9sent\u00e9 au salon de Francfort est selon BMW une pure copie de son mod\u00e8le. Pour l'instant BMW refuse d'en dire plus mais il se pourrait aussi que mercedes fasse de m\u00eame au sujet de son mod\u00e8le smart copi\u00e9 par la Noble.<\/p>\n<p>&nbsp;<\/p>\n<p>Son patron, Karl Schl\u00f6ss, \u00e0 qui ces menaces ne font pas peur, a\u00a0d\u00e9clar\u00e9 \u00e0 la presse\u00a0\u00eatre toujours d\u00e9cid\u00e9 \u00e0 pr\u00e9senter le CEO lors du salon de Francfort,\u00a013 au 23 septembre. \u00abL'auto ne ressemble \u00e0 aucun mod\u00e8le de BMW\u00bb, a t il d\u00e9clar\u00e9.<\/p>\n","protected":false},"excerpt":{"rendered":"<p>le \u00ab\u00a0CEO X5 \u00a0\u00bb Shuanghuan BMW vient d&rsquo;indiquer vendredi soir avoir sasi la justice en vu d&rsquo;attaquer China Automobile Deutchland Pour plagiat. Cette entreprise veut en effet pr\u00e9senter au salon de francfort un modele qui selon BMW est une copie de son mod\u00e8le de X5 d&rsquo;il y a un an.\u00a0Le CEO du constructeur Shuanghuan, qui &#8230; <a title=\"le CEO X5 Shuanghuan\" class=\"read-more\" href=\"https:\/\/www.carideal.com\/blog\/2007\/09\/08\/plagiat-bmw-lance-des-demarches-judiciaires-contre-china-automobile\/\" aria-label=\"En savoir plus sur le CEO X5 Shuanghuan\">Lire plus<\/a><\/p>\n","protected":false},"author":3,"featured_media":0,"comment_status":"open","ping_status":"open","sticky":false,"template":"","format":"standard","meta":{"_uag_custom_page_level_css":"","_themeisle_gutenberg_block_has_review":false,"footnotes":""},"categories":[21],"tags":[],"class_list":["post-4512","post","type-post","status-publish","format-standard","hentry","category-actualites-auto"],"wppr_data":[],"yoast_head":"<!-- This site is optimized with the Yoast SEO plugin v24.8.1 - https:\/\/yoast.com\/wordpress\/plugins\/seo\/ -->\n<title>le CEO X5 Shuanghuan - Blog auto Carid\u00e9al<\/title>\n<meta name=\"robots\" content=\"index, follow, max-snippet:-1, max-image-preview:large, max-video-preview:-1\" \/>\n<link rel=\"canonical\" href=\"https:\/\/www.carideal.com\/blog\/2007\/09\/08\/plagiat-bmw-lance-des-demarches-judiciaires-contre-china-automobile\/\" \/>\n<meta property=\"og:locale\" content=\"fr_FR\" \/>\n<meta property=\"og:type\" content=\"article\" \/>\n<meta property=\"og:title\" content=\"le CEO X5 Shuanghuan - Blog auto Carid\u00e9al\" \/>\n<meta property=\"og:description\" content=\"le &quot;CEO X5 &quot; Shuanghuan BMW vient d&#039;indiquer vendredi soir avoir sasi la justice en vu d&#039;attaquer China Automobile Deutchland Pour plagiat. Cette entreprise veut en effet pr\u00e9senter au salon de francfort un modele qui selon BMW est une copie de son mod\u00e8le de X5 d&#039;il y a un an.\u00a0Le CEO du constructeur Shuanghuan, qui ... Lire plus\" \/>\n<meta property=\"og:url\" content=\"https:\/\/www.carideal.com\/blog\/2007\/09\/08\/plagiat-bmw-lance-des-demarches-judiciaires-contre-china-automobile\/\" \/>\n<meta property=\"og:site_name\" content=\"Blog auto Carid\u00e9al\" \/>\n<meta property=\"article:publisher\" content=\"https:\/\/www.facebook.com\/Carideal.mandataire.automobile\" \/>\n<meta property=\"article:author\" content=\"https:\/\/www.facebook.com\/nicolas.schiavon.39\" \/>\n<meta property=\"article:published_time\" content=\"2007-09-08T23:00:00+00:00\" \/>\n<meta property=\"article:modified_time\" content=\"2015-07-03T16:06:06+00:00\" \/>\n<meta property=\"og:image\" content=\"http:\/\/www.carideal.com\/images_actualite\/shanghuan5carideal-1189166886.jpg\" \/>\n<meta name=\"author\" content=\"Nicolas SCHIAVON\" \/>\n<meta name=\"twitter:card\" content=\"summary_large_image\" \/>\n<meta name=\"twitter:creator\" content=\"@caridealauto\" \/>\n<meta name=\"twitter:site\" content=\"@caridealauto\" \/>\n<meta name=\"twitter:label1\" content=\"\u00c9crit par\" \/>\n\t<meta name=\"twitter:data1\" content=\"Nicolas SCHIAVON\" \/>\n\t<meta name=\"twitter:label2\" content=\"Dur\u00e9e de lecture estim\u00e9e\" \/>\n\t<meta name=\"twitter:data2\" content=\"1 minute\" \/>\n<script type=\"application\/ld+json\" class=\"yoast-schema-graph\">{\"@context\":\"https:\/\/schema.org\",\"@graph\":[{\"@type\":\"Article\",\"@id\":\"https:\/\/www.carideal.com\/blog\/2007\/09\/08\/plagiat-bmw-lance-des-demarches-judiciaires-contre-china-automobile\/#article\",\"isPartOf\":{\"@id\":\"https:\/\/www.carideal.com\/blog\/2007\/09\/08\/plagiat-bmw-lance-des-demarches-judiciaires-contre-china-automobile\/\"},\"author\":{\"name\":\"Nicolas SCHIAVON\",\"@id\":\"https:\/\/www.carideal.com\/blog\/#\/schema\/person\/cd95dc7919660de90d31b366f85be1ec\"},\"headline\":\"le CEO X5 Shuanghuan\",\"datePublished\":\"2007-09-08T23:00:00+00:00\",\"dateModified\":\"2015-07-03T16:06:06+00:00\",\"mainEntityOfPage\":{\"@id\":\"https:\/\/www.carideal.com\/blog\/2007\/09\/08\/plagiat-bmw-lance-des-demarches-judiciaires-contre-china-automobile\/\"},\"wordCount\":153,\"commentCount\":0,\"publisher\":{\"@id\":\"https:\/\/www.carideal.com\/blog\/#organization\"},\"image\":{\"@id\":\"https:\/\/www.carideal.com\/blog\/2007\/09\/08\/plagiat-bmw-lance-des-demarches-judiciaires-contre-china-automobile\/#primaryimage\"},\"thumbnailUrl\":\"http:\/\/www.carideal.com\/images_actualite\/shanghuan5carideal-1189166886.jpg\",\"articleSection\":[\"Actualit\u00e9 automobile\"],\"inLanguage\":\"fr-FR\",\"potentialAction\":[{\"@type\":\"CommentAction\",\"name\":\"Comment\",\"target\":[\"https:\/\/www.carideal.com\/blog\/2007\/09\/08\/plagiat-bmw-lance-des-demarches-judiciaires-contre-china-automobile\/#respond\"]}]},{\"@type\":\"WebPage\",\"@id\":\"https:\/\/www.carideal.com\/blog\/2007\/09\/08\/plagiat-bmw-lance-des-demarches-judiciaires-contre-china-automobile\/\",\"url\":\"https:\/\/www.carideal.com\/blog\/2007\/09\/08\/plagiat-bmw-lance-des-demarches-judiciaires-contre-china-automobile\/\",\"name\":\"le CEO X5 Shuanghuan - Blog auto Carid\u00e9al\",\"isPartOf\":{\"@id\":\"https:\/\/www.carideal.com\/blog\/#website\"},\"primaryImageOfPage\":{\"@id\":\"https:\/\/www.carideal.com\/blog\/2007\/09\/08\/plagiat-bmw-lance-des-demarches-judiciaires-contre-china-automobile\/#primaryimage\"},\"image\":{\"@id\":\"https:\/\/www.carideal.com\/blog\/2007\/09\/08\/plagiat-bmw-lance-des-demarches-judiciaires-contre-china-automobile\/#primaryimage\"},\"thumbnailUrl\":\"http:\/\/www.carideal.com\/images_actualite\/shanghuan5carideal-1189166886.jpg\",\"datePublished\":\"2007-09-08T23:00:00+00:00\",\"dateModified\":\"2015-07-03T16:06:06+00:00\",\"breadcrumb\":{\"@id\":\"https:\/\/www.carideal.com\/blog\/2007\/09\/08\/plagiat-bmw-lance-des-demarches-judiciaires-contre-china-automobile\/#breadcrumb\"},\"inLanguage\":\"fr-FR\",\"potentialAction\":[{\"@type\":\"ReadAction\",\"target\":[\"https:\/\/www.carideal.com\/blog\/2007\/09\/08\/plagiat-bmw-lance-des-demarches-judiciaires-contre-china-automobile\/\"]}]},{\"@type\":\"ImageObject\",\"inLanguage\":\"fr-FR\",\"@id\":\"https:\/\/www.carideal.com\/blog\/2007\/09\/08\/plagiat-bmw-lance-des-demarches-judiciaires-contre-china-automobile\/#primaryimage\",\"url\":\"http:\/\/www.carideal.com\/images_actualite\/shanghuan5carideal-1189166886.jpg\",\"contentUrl\":\"http:\/\/www.carideal.com\/images_actualite\/shanghuan5carideal-1189166886.jpg\"},{\"@type\":\"BreadcrumbList\",\"@id\":\"https:\/\/www.carideal.com\/blog\/2007\/09\/08\/plagiat-bmw-lance-des-demarches-judiciaires-contre-china-automobile\/#breadcrumb\",\"itemListElement\":[{\"@type\":\"ListItem\",\"position\":1,\"name\":\"Blog Carid\u00e9al\",\"item\":\"https:\/\/www.carideal.com\/blog\/\"},{\"@type\":\"ListItem\",\"position\":2,\"name\":\"Actualit\u00e9 automobile\",\"item\":\"https:\/\/www.carideal.com\/blog\/actualites-auto\/\"},{\"@type\":\"ListItem\",\"position\":3,\"name\":\"le CEO X5 Shuanghuan\"}]},{\"@type\":\"WebSite\",\"@id\":\"https:\/\/www.carideal.com\/blog\/#website\",\"url\":\"https:\/\/www.carideal.com\/blog\/\",\"name\":\"Blog auto Carid\u00e9al\",\"description\":\"Actualit\u00e9 auto par des passionn\u00e9s\",\"publisher\":{\"@id\":\"https:\/\/www.carideal.com\/blog\/#organization\"},\"potentialAction\":[{\"@type\":\"SearchAction\",\"target\":{\"@type\":\"EntryPoint\",\"urlTemplate\":\"https:\/\/www.carideal.com\/blog\/?s={search_term_string}\"},\"query-input\":{\"@type\":\"PropertyValueSpecification\",\"valueRequired\":true,\"valueName\":\"search_term_string\"}}],\"inLanguage\":\"fr-FR\"},{\"@type\":\"Organization\",\"@id\":\"https:\/\/www.carideal.com\/blog\/#organization\",\"name\":\"Carideal\",\"url\":\"https:\/\/www.carideal.com\/blog\/\",\"logo\":{\"@type\":\"ImageObject\",\"inLanguage\":\"fr-FR\",\"@id\":\"https:\/\/www.carideal.com\/blog\/#\/schema\/logo\/image\/\",\"url\":\"http:\/\/www.carideal.com\/blog\/wp-content\/uploads\/2016\/03\/logo-carideal-mandataire-automobile.png\",\"contentUrl\":\"http:\/\/www.carideal.com\/blog\/wp-content\/uploads\/2016\/03\/logo-carideal-mandataire-automobile.png\",\"width\":300,\"height\":300,\"caption\":\"Carideal\"},\"image\":{\"@id\":\"https:\/\/www.carideal.com\/blog\/#\/schema\/logo\/image\/\"},\"sameAs\":[\"https:\/\/www.facebook.com\/Carideal.mandataire.automobile\",\"https:\/\/x.com\/caridealauto\",\"https:\/\/www.instagram.com\/carideal1\/\",\"https:\/\/www.linkedin.com\/company\/carideal.com\",\"https:\/\/fr.pinterest.com\/schiavonsas\/\",\"https:\/\/www.youtube.com\/user\/caridealsas\"]},{\"@type\":\"Person\",\"@id\":\"https:\/\/www.carideal.com\/blog\/#\/schema\/person\/cd95dc7919660de90d31b366f85be1ec\",\"name\":\"Nicolas SCHIAVON\",\"image\":{\"@type\":\"ImageObject\",\"inLanguage\":\"fr-FR\",\"@id\":\"https:\/\/www.carideal.com\/blog\/#\/schema\/person\/image\/\",\"url\":\"https:\/\/secure.gravatar.com\/avatar\/c17e55009e671d92cc7f5dc837dc418a?s=96&r=g\",\"contentUrl\":\"https:\/\/secure.gravatar.com\/avatar\/c17e55009e671d92cc7f5dc837dc418a?s=96&r=g\",\"caption\":\"Nicolas SCHIAVON\"},\"description\":\"Nicolas Schiavon est tomb\u00e9 tout petit dans la marmite automobile. Ayant eu un garage de marque automobile, mandataire automobile de la premi\u00e8re heure d\u00e8s 1999. Nicolas a cr\u00e9\u00e9 ces premiers sites de vente de voiture et blog automobile d\u00e8s 1994. Carideal est n\u00e9 le 15 d\u00e9cembre 2000 de la volont\u00e9 de vendre des voitures d'occasions en ligne puis des voitures neuves. Il a pu essayer beaucoup de voitures tr\u00e8s diff\u00e9rentes et ayant eu personnellement quelques belles autos, Subaru Impreza, Mitsubishi Lancer Evo 7, Porsche 911, Ferrari Testarrossa, Audi RS3, RS4 et j'en passe...\",\"sameAs\":[\"http:\/\/www.carideal.com\",\"https:\/\/www.facebook.com\/nicolas.schiavon.39\",\"https:\/\/www.instagram.com\/carideal1\/\",\"https:\/\/www.linkedin.com\/in\/nschiavon\/\",\"https:\/\/x.com\/caridealauto\",\"https:\/\/www.youtube.com\/user\/caridealsas\/\"],\"url\":\"https:\/\/www.carideal.com\/blog\/author\/nschiavon\/\"}]}<\/script>\n<!-- \/ Yoast SEO plugin. -->","yoast_head_json":{"title":"le CEO X5 Shuanghuan - Blog auto Carid\u00e9al","robots":{"index":"index","follow":"follow","max-snippet":"max-snippet:-1","max-image-preview":"max-image-preview:large","max-video-preview":"max-video-preview:-1"},"canonical":"https:\/\/www.carideal.com\/blog\/2007\/09\/08\/plagiat-bmw-lance-des-demarches-judiciaires-contre-china-automobile\/","og_locale":"fr_FR","og_type":"article","og_title":"le CEO X5 Shuanghuan - Blog auto Carid\u00e9al","og_description":"le \"CEO X5 \" Shuanghuan BMW vient d'indiquer vendredi soir avoir sasi la justice en vu d'attaquer China Automobile Deutchland Pour plagiat. Cette entreprise veut en effet pr\u00e9senter au salon de francfort un modele qui selon BMW est une copie de son mod\u00e8le de X5 d'il y a un an.\u00a0Le CEO du constructeur Shuanghuan, qui ... Lire plus","og_url":"https:\/\/www.carideal.com\/blog\/2007\/09\/08\/plagiat-bmw-lance-des-demarches-judiciaires-contre-china-automobile\/","og_site_name":"Blog auto Carid\u00e9al","article_publisher":"https:\/\/www.facebook.com\/Carideal.mandataire.automobile","article_author":"https:\/\/www.facebook.com\/nicolas.schiavon.39","article_published_time":"2007-09-08T23:00:00+00:00","article_modified_time":"2015-07-03T16:06:06+00:00","og_image":[{"url":"http:\/\/www.carideal.com\/images_actualite\/shanghuan5carideal-1189166886.jpg","type":"","width":"","height":""}],"author":"Nicolas SCHIAVON","twitter_card":"summary_large_image","twitter_creator":"@caridealauto","twitter_site":"@caridealauto","twitter_misc":{"\u00c9crit par":"Nicolas SCHIAVON","Dur\u00e9e de lecture estim\u00e9e":"1 minute"},"schema":{"@context":"https:\/\/schema.org","@graph":[{"@type":"Article","@id":"https:\/\/www.carideal.com\/blog\/2007\/09\/08\/plagiat-bmw-lance-des-demarches-judiciaires-contre-china-automobile\/#article","isPartOf":{"@id":"https:\/\/www.carideal.com\/blog\/2007\/09\/08\/plagiat-bmw-lance-des-demarches-judiciaires-contre-china-automobile\/"},"author":{"name":"Nicolas SCHIAVON","@id":"https:\/\/www.carideal.com\/blog\/#\/schema\/person\/cd95dc7919660de90d31b366f85be1ec"},"headline":"le CEO X5 Shuanghuan","datePublished":"2007-09-08T23:00:00+00:00","dateModified":"2015-07-03T16:06:06+00:00","mainEntityOfPage":{"@id":"https:\/\/www.carideal.com\/blog\/2007\/09\/08\/plagiat-bmw-lance-des-demarches-judiciaires-contre-china-automobile\/"},"wordCount":153,"commentCount":0,"publisher":{"@id":"https:\/\/www.carideal.com\/blog\/#organization"},"image":{"@id":"https:\/\/www.carideal.com\/blog\/2007\/09\/08\/plagiat-bmw-lance-des-demarches-judiciaires-contre-china-automobile\/#primaryimage"},"thumbnailUrl":"http:\/\/www.carideal.com\/images_actualite\/shanghuan5carideal-1189166886.jpg","articleSection":["Actualit\u00e9 automobile"],"inLanguage":"fr-FR","potentialAction":[{"@type":"CommentAction","name":"Comment","target":["https:\/\/www.carideal.com\/blog\/2007\/09\/08\/plagiat-bmw-lance-des-demarches-judiciaires-contre-china-automobile\/#respond"]}]},{"@type":"WebPage","@id":"https:\/\/www.carideal.com\/blog\/2007\/09\/08\/plagiat-bmw-lance-des-demarches-judiciaires-contre-china-automobile\/","url":"https:\/\/www.carideal.com\/blog\/2007\/09\/08\/plagiat-bmw-lance-des-demarches-judiciaires-contre-china-automobile\/","name":"le CEO X5 Shuanghuan - Blog auto Carid\u00e9al","isPartOf":{"@id":"https:\/\/www.carideal.com\/blog\/#website"},"primaryImageOfPage":{"@id":"https:\/\/www.carideal.com\/blog\/2007\/09\/08\/plagiat-bmw-lance-des-demarches-judiciaires-contre-china-automobile\/#primaryimage"},"image":{"@id":"https:\/\/www.carideal.com\/blog\/2007\/09\/08\/plagiat-bmw-lance-des-demarches-judiciaires-contre-china-automobile\/#primaryimage"},"thumbnailUrl":"http:\/\/www.carideal.com\/images_actualite\/shanghuan5carideal-1189166886.jpg","datePublished":"2007-09-08T23:00:00+00:00","dateModified":"2015-07-03T16:06:06+00:00","breadcrumb":{"@id":"https:\/\/www.carideal.com\/blog\/2007\/09\/08\/plagiat-bmw-lance-des-demarches-judiciaires-contre-china-automobile\/#breadcrumb"},"inLanguage":"fr-FR","potentialAction":[{"@type":"ReadAction","target":["https:\/\/www.carideal.com\/blog\/2007\/09\/08\/plagiat-bmw-lance-des-demarches-judiciaires-contre-china-automobile\/"]}]},{"@type":"ImageObject","inLanguage":"fr-FR","@id":"https:\/\/www.carideal.com\/blog\/2007\/09\/08\/plagiat-bmw-lance-des-demarches-judiciaires-contre-china-automobile\/#primaryimage","url":"http:\/\/www.carideal.com\/images_actualite\/shanghuan5carideal-1189166886.jpg","contentUrl":"http:\/\/www.carideal.com\/images_actualite\/shanghuan5carideal-1189166886.jpg"},{"@type":"BreadcrumbList","@id":"https:\/\/www.carideal.com\/blog\/2007\/09\/08\/plagiat-bmw-lance-des-demarches-judiciaires-contre-china-automobile\/#breadcrumb","itemListElement":[{"@type":"ListItem","position":1,"name":"Blog Carid\u00e9al","item":"https:\/\/www.carideal.com\/blog\/"},{"@type":"ListItem","position":2,"name":"Actualit\u00e9 automobile","item":"https:\/\/www.carideal.com\/blog\/actualites-auto\/"},{"@type":"ListItem","position":3,"name":"le CEO X5 Shuanghuan"}]},{"@type":"WebSite","@id":"https:\/\/www.carideal.com\/blog\/#website","url":"https:\/\/www.carideal.com\/blog\/","name":"Blog auto Carid\u00e9al","description":"Actualit\u00e9 auto par des passionn\u00e9s","publisher":{"@id":"https:\/\/www.carideal.com\/blog\/#organization"},"potentialAction":[{"@type":"SearchAction","target":{"@type":"EntryPoint","urlTemplate":"https:\/\/www.carideal.com\/blog\/?s={search_term_string}"},"query-input":{"@type":"PropertyValueSpecification","valueRequired":true,"valueName":"search_term_string"}}],"inLanguage":"fr-FR"},{"@type":"Organization","@id":"https:\/\/www.carideal.com\/blog\/#organization","name":"Carideal","url":"https:\/\/www.carideal.com\/blog\/","logo":{"@type":"ImageObject","inLanguage":"fr-FR","@id":"https:\/\/www.carideal.com\/blog\/#\/schema\/logo\/image\/","url":"http:\/\/www.carideal.com\/blog\/wp-content\/uploads\/2016\/03\/logo-carideal-mandataire-automobile.png","contentUrl":"http:\/\/www.carideal.com\/blog\/wp-content\/uploads\/2016\/03\/logo-carideal-mandataire-automobile.png","width":300,"height":300,"caption":"Carideal"},"image":{"@id":"https:\/\/www.carideal.com\/blog\/#\/schema\/logo\/image\/"},"sameAs":["https:\/\/www.facebook.com\/Carideal.mandataire.automobile","https:\/\/x.com\/caridealauto","https:\/\/www.instagram.com\/carideal1\/","https:\/\/www.linkedin.com\/company\/carideal.com","https:\/\/fr.pinterest.com\/schiavonsas\/","https:\/\/www.youtube.com\/user\/caridealsas"]},{"@type":"Person","@id":"https:\/\/www.carideal.com\/blog\/#\/schema\/person\/cd95dc7919660de90d31b366f85be1ec","name":"Nicolas SCHIAVON","image":{"@type":"ImageObject","inLanguage":"fr-FR","@id":"https:\/\/www.carideal.com\/blog\/#\/schema\/person\/image\/","url":"https:\/\/secure.gravatar.com\/avatar\/c17e55009e671d92cc7f5dc837dc418a?s=96&r=g","contentUrl":"https:\/\/secure.gravatar.com\/avatar\/c17e55009e671d92cc7f5dc837dc418a?s=96&r=g","caption":"Nicolas SCHIAVON"},"description":"Nicolas Schiavon est tomb\u00e9 tout petit dans la marmite automobile. Ayant eu un garage de marque automobile, mandataire automobile de la premi\u00e8re heure d\u00e8s 1999. Nicolas a cr\u00e9\u00e9 ces premiers sites de vente de voiture et blog automobile d\u00e8s 1994. Carideal est n\u00e9 le 15 d\u00e9cembre 2000 de la volont\u00e9 de vendre des voitures d'occasions en ligne puis des voitures neuves. Il a pu essayer beaucoup de voitures tr\u00e8s diff\u00e9rentes et ayant eu personnellement quelques belles autos, Subaru Impreza, Mitsubishi Lancer Evo 7, Porsche 911, Ferrari Testarrossa, Audi RS3, RS4 et j'en passe...","sameAs":["http:\/\/www.carideal.com","https:\/\/www.facebook.com\/nicolas.schiavon.39","https:\/\/www.instagram.com\/carideal1\/","https:\/\/www.linkedin.com\/in\/nschiavon\/","https:\/\/x.com\/caridealauto","https:\/\/www.youtube.com\/user\/caridealsas\/"],"url":"https:\/\/www.carideal.com\/blog\/author\/nschiavon\/"}]}},"uagb_featured_image_src":{"full":false,"thumbnail":false,"medium":false,"medium_large":false,"large":false,"1536x1536":false,"2048x2048":false,"wppr-widget":false},"uagb_author_info":{"display_name":"Nicolas SCHIAVON","author_link":"https:\/\/www.carideal.com\/blog\/author\/nschiavon\/"},"uagb_comment_info":0,"uagb_excerpt":"le \"CEO X5 \" Shuanghuan BMW vient d'indiquer vendredi soir avoir sasi la justice en vu d'attaquer China Automobile Deutchland Pour plagiat. Cette entreprise veut en effet pr\u00e9senter au salon de francfort un modele qui selon BMW est une copie de son mod\u00e8le de X5 d'il y a un an.\u00a0Le CEO du constructeur Shuanghuan, qui\u2026","_links":{"self":[{"href":"https:\/\/www.carideal.com\/blog\/wp-json\/wp\/v2\/posts\/4512"}],"collection":[{"href":"https:\/\/www.carideal.com\/blog\/wp-json\/wp\/v2\/posts"}],"about":[{"href":"https:\/\/www.carideal.com\/blog\/wp-json\/wp\/v2\/types\/post"}],"author":[{"embeddable":true,"href":"https:\/\/www.carideal.com\/blog\/wp-json\/wp\/v2\/users\/3"}],"replies":[{"embeddable":true,"href":"https:\/\/www.carideal.com\/blog\/wp-json\/wp\/v2\/comments?post=4512"}],"version-history":[{"count":0,"href":"https:\/\/www.carideal.com\/blog\/wp-json\/wp\/v2\/posts\/4512\/revisions"}],"wp:attachment":[{"href":"https:\/\/www.carideal.com\/blog\/wp-json\/wp\/v2\/media?parent=4512"}],"wp:term":[{"taxonomy":"category","embeddable":true,"href":"https:\/\/www.carideal.com\/blog\/wp-json\/wp\/v2\/categories?post=4512"},{"taxonomy":"post_tag","embeddable":true,"href":"https:\/\/www.carideal.com\/blog\/wp-json\/wp\/v2\/tags?post=4512"}],"curies":[{"name":"wp","href":"https:\/\/api.w.org\/{rel}","templated":true}]}}