{"id":4509,"date":"2007-09-03T23:00:00","date_gmt":"2007-09-03T23:00:00","guid":{"rendered":"http:\/\/www.carideal.com\/blog\/2007\/09\/03\/distribution-automobile-la-reglementation-d-exemption-automobile\/"},"modified":"2019-12-15T14:22:11","modified_gmt":"2019-12-15T13:22:11","slug":"distribution-automobile-la-reglementation-d-exemption-automobile","status":"publish","type":"post","link":"https:\/\/www.carideal.com\/blog\/2007\/09\/03\/distribution-automobile-la-reglementation-d-exemption-automobile\/","title":{"rendered":"R\u00e8glementation de la Distribution automobile 1400\/2002"},"content":{"rendered":"<h2>Le r\u00e8glement de la distribution automobile 1400\/2002<\/h2>\n<p>\"La distribution et la r\u00e9paration de v\u00e9hicules automobiles sont des domaines\u00a0d'une importance cruciale pour le consommateur europ\u00e9en. Le secteur\u00a0automobile a connu des probl\u00e8mes de concurrence qui lui sont propres,\u00a0notamment au sujet du droit que le march\u00e9 unique conf\u00e8re \u00e0 l'utilisateur final\u00a0d'<a href=\"http:\/\/www.carideal.com\/blog\/2013\/04\/21\/achat-dune-voiture-a-letranger-via-un-mandataire-automobile-carideal-chambery-savoie\/\"><span style=\"text-decoration: underline;\">acheter une voiture<\/span><\/a> o\u00f9 bon lui semble dans l'Union europ\u00e9enne. Le <strong>nouveau\u00a0r\u00e8glement de la distribution automobile 1400\/2002<\/strong> expliqu\u00e9 dans la pr\u00e9sente brochure vise \u00e0 r\u00e9soudre ces\u00a0probl\u00e8mes, tout en reconnaissant les sp\u00e9cificit\u00e9s du secteur automobile.<\/p>\n<figure id=\"attachment_10004\" aria-describedby=\"caption-attachment-10004\" style=\"width: 490px\" class=\"wp-caption alignnone\"><img loading=\"lazy\" decoding=\"async\" class=\"wp-image-10004 size-full\" title=\"reglement distribution automobile\" src=\"http:\/\/www.carideal.com\/blog\/wp-content\/uploads\/2007\/09\/reglement-distribution-automobile.jpg\" alt=\"reglement distribution automobile\" width=\"500\" height=\"334\" srcset=\"https:\/\/www.carideal.com\/blog\/wp-content\/uploads\/2007\/09\/reglement-distribution-automobile.jpg 500w, https:\/\/www.carideal.com\/blog\/wp-content\/uploads\/2007\/09\/reglement-distribution-automobile-300x200.jpg 300w\" sizes=\"(max-width: 500px) 100vw, 500px\" \/><figcaption id=\"caption-attachment-10004\" class=\"wp-caption-text\">r\u00e8glement distribution automobile 1400\/2002<\/figcaption><\/figure>\n<p>Ce r\u00e8glement de la distribution automobile traite \u00e9galement des questions concernant les services de\u00a0r\u00e9paration et d'entretien et la fourniture de pi\u00e8ces de rechange, puisque leur co\u00fbt\u00a0pendant la dur\u00e9e de vie d'un v\u00e9hicule est \u00e0 peu pr\u00e8s aussi \u00e9lev\u00e9 que le prix\u00a0d'achat initial du v\u00e9hicule.<\/p>\n<h2>l'Europe veut plus de concurrence dans la distribution automobile et va \u00eatre vigilante<\/h2>\n<p>Le nouveau r\u00e8glement de la distribution automobile est destin\u00e9 \u00e0 accro\u00eetre la concurrence et \u00e0 apporter des\u00a0avantages concrets aux consommateurs europ\u00e9ens. Il ouvre la voie \u00e0 une\u00a0utilisation plus large des nouvelles techniques de distribution, comme la <a href=\"http:\/\/www.carideal.com\"><span style=\"text-decoration: underline;\">vente de voiture sur Internet<\/span><\/a> et les concessionnaires multi marques. Il se traduira par une\u00a0concurrence accrue entre concessionnaires, facilitera largement les achats\u00a0transfrontaliers de <a href=\"http:\/\/www.carideal.com\/blog\/voiture-neuve-region\/\"><span style=\"text-decoration: underline;\">voitures neuves<\/span><\/a> et renforcera la concurrence sur les prix.\u00a0Enfin, les propri\u00e9taires de v\u00e9hicules auront une plus grande latitude de choix de\u00a0leur atelier de r\u00e9paration et des pi\u00e8ces de rechange \u00e0 utiliser.<\/p>\n<p>Cette brochure explicative \u00e9labor\u00e9e par la Direction g\u00e9n\u00e9rale de la Concurrence,\u00a0qui n'a pas d'effet juridique contraignant est destin\u00e9e \u00e0 servir de guide pour le\u00a0r\u00e8glement de distribution automobile. Elle vise \u00e0 fournir conseils et informations aux diff\u00e9rentes cat\u00e9gories\u00a0d'int\u00e9ress\u00e9s, et notamment aux utilisateurs finals, aux concessionnaires et aux\u00a0r\u00e9parateurs. Ces informations sont d'autant plus importantes que le r\u00e8glement de la distribution automobile\u00a0introduit des changements fondamentaux. La brochure contient des chapitres\u00a0distincts pour les diff\u00e9rents int\u00e9ress\u00e9s et apporte des r\u00e9ponses aux questions\u00a0susceptibles d'\u00eatre soulev\u00e9es, ce qui devrait faciliter au lecteur la recherche des\u00a0informations r\u00e9pondant \u00e0 ses besoins.<\/p>\n<p>La Direction g\u00e9n\u00e9rale de la Concurrence fera preuve de vigilance dans la\u00a0surveillance de la mise en \u0153uvre de cet important r\u00e8glement d'exemption de la distribution automobile et n'h\u00e9sitera pas, le\u00a0cas \u00e9ch\u00e9ant, \u00e0 prendre des mesures pour assurer le respect des r\u00e8gles de\u00a0concurrence et l'application du r\u00e8glement de la distribution automobile dans l'int\u00e9r\u00eat des consommateurs\u00a0europ\u00e9ens.\"<\/p>\n<p>Philip Lowe<br \/>\nDirecteur g\u00e9n\u00e9ral - Concurrence<\/p>\n","protected":false},"excerpt":{"rendered":"<p>Le r\u00e8glement de la distribution automobile 1400\/2002 \u00ab\u00a0La distribution et la r\u00e9paration de v\u00e9hicules automobiles sont des domaines\u00a0d&rsquo;une importance cruciale pour le consommateur europ\u00e9en. Le secteur\u00a0automobile a connu des probl\u00e8mes de concurrence qui lui sont propres,\u00a0notamment au sujet du droit que le march\u00e9 unique conf\u00e8re \u00e0 l&rsquo;utilisateur final\u00a0d&rsquo;acheter une voiture o\u00f9 bon lui semble dans &#8230; <a title=\"R\u00e8glementation de la Distribution automobile 1400\/2002\" class=\"read-more\" href=\"https:\/\/www.carideal.com\/blog\/2007\/09\/03\/distribution-automobile-la-reglementation-d-exemption-automobile\/\" aria-label=\"En savoir plus sur R\u00e8glementation de la Distribution automobile 1400\/2002\">Lire plus<\/a><\/p>\n","protected":false},"author":3,"featured_media":10004,"comment_status":"open","ping_status":"open","sticky":false,"template":"","format":"standard","meta":{"_uag_custom_page_level_css":"","_themeisle_gutenberg_block_has_review":false,"footnotes":""},"categories":[21,10],"tags":[],"class_list":["post-4509","post","type-post","status-publish","format-standard","has-post-thumbnail","hentry","category-actualites-auto","category-marche-automobile-voiture-neuve-occasion-4x4-suv"],"wppr_data":{"cwp_meta_box_check":"No"},"yoast_head":"<!-- This site is optimized with the Yoast SEO plugin v24.8.1 - https:\/\/yoast.com\/wordpress\/plugins\/seo\/ -->\n<title>R\u00e8glementation de la Distribution automobile 1400\/2002 - Blog auto Carid\u00e9al<\/title>\n<meta name=\"description\" content=\"Le r\u00e8glement de la distribution automobile europ\u00e9en 1400\/2002 pr\u00e9cise le cadre de la distribution et la r\u00e9paration de v\u00e9hicules automobiles\" \/>\n<meta name=\"robots\" content=\"index, follow, max-snippet:-1, max-image-preview:large, max-video-preview:-1\" \/>\n<link rel=\"canonical\" href=\"https:\/\/www.carideal.com\/blog\/2007\/09\/03\/distribution-automobile-la-reglementation-d-exemption-automobile\/\" \/>\n<meta property=\"og:locale\" content=\"fr_FR\" \/>\n<meta property=\"og:type\" content=\"article\" \/>\n<meta property=\"og:title\" content=\"R\u00e8glementation de la Distribution automobile 1400\/2002 - Blog auto Carid\u00e9al\" \/>\n<meta property=\"og:description\" content=\"Le r\u00e8glement de la distribution automobile europ\u00e9en 1400\/2002 pr\u00e9cise le cadre de la distribution et la r\u00e9paration de v\u00e9hicules automobiles\" \/>\n<meta property=\"og:url\" content=\"https:\/\/www.carideal.com\/blog\/2007\/09\/03\/distribution-automobile-la-reglementation-d-exemption-automobile\/\" \/>\n<meta property=\"og:site_name\" content=\"Blog auto Carid\u00e9al\" \/>\n<meta property=\"article:publisher\" content=\"https:\/\/www.facebook.com\/Carideal.mandataire.automobile\" \/>\n<meta property=\"article:author\" content=\"https:\/\/www.facebook.com\/nicolas.schiavon.39\" \/>\n<meta property=\"article:published_time\" content=\"2007-09-03T23:00:00+00:00\" \/>\n<meta property=\"article:modified_time\" content=\"2019-12-15T13:22:11+00:00\" \/>\n<meta property=\"og:image\" content=\"https:\/\/www.carideal.com\/blog\/wp-content\/uploads\/2007\/09\/reglement-distribution-automobile.jpg\" \/>\n\t<meta property=\"og:image:width\" content=\"500\" \/>\n\t<meta property=\"og:image:height\" content=\"334\" \/>\n\t<meta property=\"og:image:type\" content=\"image\/jpeg\" \/>\n<meta name=\"author\" content=\"Nicolas SCHIAVON\" \/>\n<meta name=\"twitter:card\" content=\"summary_large_image\" \/>\n<meta name=\"twitter:creator\" content=\"@caridealauto\" \/>\n<meta name=\"twitter:site\" content=\"@caridealauto\" \/>\n<meta name=\"twitter:label1\" content=\"\u00c9crit par\" \/>\n\t<meta name=\"twitter:data1\" content=\"Nicolas SCHIAVON\" \/>\n\t<meta name=\"twitter:label2\" content=\"Dur\u00e9e de lecture estim\u00e9e\" \/>\n\t<meta name=\"twitter:data2\" content=\"2 minutes\" \/>\n<script type=\"application\/ld+json\" class=\"yoast-schema-graph\">{\"@context\":\"https:\/\/schema.org\",\"@graph\":[{\"@type\":\"Article\",\"@id\":\"https:\/\/www.carideal.com\/blog\/2007\/09\/03\/distribution-automobile-la-reglementation-d-exemption-automobile\/#article\",\"isPartOf\":{\"@id\":\"https:\/\/www.carideal.com\/blog\/2007\/09\/03\/distribution-automobile-la-reglementation-d-exemption-automobile\/\"},\"author\":{\"name\":\"Nicolas SCHIAVON\",\"@id\":\"https:\/\/www.carideal.com\/blog\/#\/schema\/person\/cd95dc7919660de90d31b366f85be1ec\"},\"headline\":\"R\u00e8glementation de la Distribution automobile 1400\/2002\",\"datePublished\":\"2007-09-03T23:00:00+00:00\",\"dateModified\":\"2019-12-15T13:22:11+00:00\",\"mainEntityOfPage\":{\"@id\":\"https:\/\/www.carideal.com\/blog\/2007\/09\/03\/distribution-automobile-la-reglementation-d-exemption-automobile\/\"},\"wordCount\":470,\"commentCount\":0,\"publisher\":{\"@id\":\"https:\/\/www.carideal.com\/blog\/#organization\"},\"image\":{\"@id\":\"https:\/\/www.carideal.com\/blog\/2007\/09\/03\/distribution-automobile-la-reglementation-d-exemption-automobile\/#primaryimage\"},\"thumbnailUrl\":\"https:\/\/www.carideal.com\/blog\/wp-content\/uploads\/2007\/09\/reglement-distribution-automobile.jpg\",\"articleSection\":[\"Actualit\u00e9 automobile\",\"March\u00e9 automobile\"],\"inLanguage\":\"fr-FR\",\"potentialAction\":[{\"@type\":\"CommentAction\",\"name\":\"Comment\",\"target\":[\"https:\/\/www.carideal.com\/blog\/2007\/09\/03\/distribution-automobile-la-reglementation-d-exemption-automobile\/#respond\"]}]},{\"@type\":\"WebPage\",\"@id\":\"https:\/\/www.carideal.com\/blog\/2007\/09\/03\/distribution-automobile-la-reglementation-d-exemption-automobile\/\",\"url\":\"https:\/\/www.carideal.com\/blog\/2007\/09\/03\/distribution-automobile-la-reglementation-d-exemption-automobile\/\",\"name\":\"R\u00e8glementation de la Distribution automobile 1400\/2002 - Blog auto Carid\u00e9al\",\"isPartOf\":{\"@id\":\"https:\/\/www.carideal.com\/blog\/#website\"},\"primaryImageOfPage\":{\"@id\":\"https:\/\/www.carideal.com\/blog\/2007\/09\/03\/distribution-automobile-la-reglementation-d-exemption-automobile\/#primaryimage\"},\"image\":{\"@id\":\"https:\/\/www.carideal.com\/blog\/2007\/09\/03\/distribution-automobile-la-reglementation-d-exemption-automobile\/#primaryimage\"},\"thumbnailUrl\":\"https:\/\/www.carideal.com\/blog\/wp-content\/uploads\/2007\/09\/reglement-distribution-automobile.jpg\",\"datePublished\":\"2007-09-03T23:00:00+00:00\",\"dateModified\":\"2019-12-15T13:22:11+00:00\",\"description\":\"Le r\u00e8glement de la distribution automobile europ\u00e9en 1400\/2002 pr\u00e9cise le cadre de la distribution et la r\u00e9paration de v\u00e9hicules automobiles\",\"breadcrumb\":{\"@id\":\"https:\/\/www.carideal.com\/blog\/2007\/09\/03\/distribution-automobile-la-reglementation-d-exemption-automobile\/#breadcrumb\"},\"inLanguage\":\"fr-FR\",\"potentialAction\":[{\"@type\":\"ReadAction\",\"target\":[\"https:\/\/www.carideal.com\/blog\/2007\/09\/03\/distribution-automobile-la-reglementation-d-exemption-automobile\/\"]}]},{\"@type\":\"ImageObject\",\"inLanguage\":\"fr-FR\",\"@id\":\"https:\/\/www.carideal.com\/blog\/2007\/09\/03\/distribution-automobile-la-reglementation-d-exemption-automobile\/#primaryimage\",\"url\":\"https:\/\/www.carideal.com\/blog\/wp-content\/uploads\/2007\/09\/reglement-distribution-automobile.jpg\",\"contentUrl\":\"https:\/\/www.carideal.com\/blog\/wp-content\/uploads\/2007\/09\/reglement-distribution-automobile.jpg\",\"width\":500,\"height\":334,\"caption\":\"R\u00e8glement distribution automobile\"},{\"@type\":\"BreadcrumbList\",\"@id\":\"https:\/\/www.carideal.com\/blog\/2007\/09\/03\/distribution-automobile-la-reglementation-d-exemption-automobile\/#breadcrumb\",\"itemListElement\":[{\"@type\":\"ListItem\",\"position\":1,\"name\":\"Blog Carid\u00e9al\",\"item\":\"https:\/\/www.carideal.com\/blog\/\"},{\"@type\":\"ListItem\",\"position\":2,\"name\":\"Actualit\u00e9 automobile\",\"item\":\"https:\/\/www.carideal.com\/blog\/actualites-auto\/\"},{\"@type\":\"ListItem\",\"position\":3,\"name\":\"R\u00e8glementation de la Distribution automobile 1400\/2002\"}]},{\"@type\":\"WebSite\",\"@id\":\"https:\/\/www.carideal.com\/blog\/#website\",\"url\":\"https:\/\/www.carideal.com\/blog\/\",\"name\":\"Blog auto Carid\u00e9al\",\"description\":\"Actualit\u00e9 auto par des passionn\u00e9s\",\"publisher\":{\"@id\":\"https:\/\/www.carideal.com\/blog\/#organization\"},\"potentialAction\":[{\"@type\":\"SearchAction\",\"target\":{\"@type\":\"EntryPoint\",\"urlTemplate\":\"https:\/\/www.carideal.com\/blog\/?s={search_term_string}\"},\"query-input\":{\"@type\":\"PropertyValueSpecification\",\"valueRequired\":true,\"valueName\":\"search_term_string\"}}],\"inLanguage\":\"fr-FR\"},{\"@type\":\"Organization\",\"@id\":\"https:\/\/www.carideal.com\/blog\/#organization\",\"name\":\"Carideal\",\"url\":\"https:\/\/www.carideal.com\/blog\/\",\"logo\":{\"@type\":\"ImageObject\",\"inLanguage\":\"fr-FR\",\"@id\":\"https:\/\/www.carideal.com\/blog\/#\/schema\/logo\/image\/\",\"url\":\"http:\/\/www.carideal.com\/blog\/wp-content\/uploads\/2016\/03\/logo-carideal-mandataire-automobile.png\",\"contentUrl\":\"http:\/\/www.carideal.com\/blog\/wp-content\/uploads\/2016\/03\/logo-carideal-mandataire-automobile.png\",\"width\":300,\"height\":300,\"caption\":\"Carideal\"},\"image\":{\"@id\":\"https:\/\/www.carideal.com\/blog\/#\/schema\/logo\/image\/\"},\"sameAs\":[\"https:\/\/www.facebook.com\/Carideal.mandataire.automobile\",\"https:\/\/x.com\/caridealauto\",\"https:\/\/www.instagram.com\/carideal1\/\",\"https:\/\/www.linkedin.com\/company\/carideal.com\",\"https:\/\/fr.pinterest.com\/schiavonsas\/\",\"https:\/\/www.youtube.com\/user\/caridealsas\"]},{\"@type\":\"Person\",\"@id\":\"https:\/\/www.carideal.com\/blog\/#\/schema\/person\/cd95dc7919660de90d31b366f85be1ec\",\"name\":\"Nicolas SCHIAVON\",\"image\":{\"@type\":\"ImageObject\",\"inLanguage\":\"fr-FR\",\"@id\":\"https:\/\/www.carideal.com\/blog\/#\/schema\/person\/image\/\",\"url\":\"https:\/\/secure.gravatar.com\/avatar\/c17e55009e671d92cc7f5dc837dc418a?s=96&r=g\",\"contentUrl\":\"https:\/\/secure.gravatar.com\/avatar\/c17e55009e671d92cc7f5dc837dc418a?s=96&r=g\",\"caption\":\"Nicolas SCHIAVON\"},\"description\":\"Nicolas Schiavon est tomb\u00e9 tout petit dans la marmite automobile. Ayant eu un garage de marque automobile, mandataire automobile de la premi\u00e8re heure d\u00e8s 1999. Nicolas a cr\u00e9\u00e9 ces premiers sites de vente de voiture et blog automobile d\u00e8s 1994. Carideal est n\u00e9 le 15 d\u00e9cembre 2000 de la volont\u00e9 de vendre des voitures d'occasions en ligne puis des voitures neuves. Il a pu essayer beaucoup de voitures tr\u00e8s diff\u00e9rentes et ayant eu personnellement quelques belles autos, Subaru Impreza, Mitsubishi Lancer Evo 7, Porsche 911, Ferrari Testarrossa, Audi RS3, RS4 et j'en passe...\",\"sameAs\":[\"http:\/\/www.carideal.com\",\"https:\/\/www.facebook.com\/nicolas.schiavon.39\",\"https:\/\/www.instagram.com\/carideal1\/\",\"https:\/\/www.linkedin.com\/in\/nschiavon\/\",\"https:\/\/x.com\/caridealauto\",\"https:\/\/www.youtube.com\/user\/caridealsas\/\"],\"url\":\"https:\/\/www.carideal.com\/blog\/author\/nschiavon\/\"}]}<\/script>\n<!-- \/ Yoast SEO plugin. -->","yoast_head_json":{"title":"R\u00e8glementation de la Distribution automobile 1400\/2002 - Blog auto Carid\u00e9al","description":"Le r\u00e8glement de la distribution automobile europ\u00e9en 1400\/2002 pr\u00e9cise le cadre de la distribution et la r\u00e9paration de v\u00e9hicules automobiles","robots":{"index":"index","follow":"follow","max-snippet":"max-snippet:-1","max-image-preview":"max-image-preview:large","max-video-preview":"max-video-preview:-1"},"canonical":"https:\/\/www.carideal.com\/blog\/2007\/09\/03\/distribution-automobile-la-reglementation-d-exemption-automobile\/","og_locale":"fr_FR","og_type":"article","og_title":"R\u00e8glementation de la Distribution automobile 1400\/2002 - Blog auto Carid\u00e9al","og_description":"Le r\u00e8glement de la distribution automobile europ\u00e9en 1400\/2002 pr\u00e9cise le cadre de la distribution et la r\u00e9paration de v\u00e9hicules automobiles","og_url":"https:\/\/www.carideal.com\/blog\/2007\/09\/03\/distribution-automobile-la-reglementation-d-exemption-automobile\/","og_site_name":"Blog auto Carid\u00e9al","article_publisher":"https:\/\/www.facebook.com\/Carideal.mandataire.automobile","article_author":"https:\/\/www.facebook.com\/nicolas.schiavon.39","article_published_time":"2007-09-03T23:00:00+00:00","article_modified_time":"2019-12-15T13:22:11+00:00","og_image":[{"width":500,"height":334,"url":"https:\/\/www.carideal.com\/blog\/wp-content\/uploads\/2007\/09\/reglement-distribution-automobile.jpg","type":"image\/jpeg"}],"author":"Nicolas SCHIAVON","twitter_card":"summary_large_image","twitter_creator":"@caridealauto","twitter_site":"@caridealauto","twitter_misc":{"\u00c9crit par":"Nicolas SCHIAVON","Dur\u00e9e de lecture estim\u00e9e":"2 minutes"},"schema":{"@context":"https:\/\/schema.org","@graph":[{"@type":"Article","@id":"https:\/\/www.carideal.com\/blog\/2007\/09\/03\/distribution-automobile-la-reglementation-d-exemption-automobile\/#article","isPartOf":{"@id":"https:\/\/www.carideal.com\/blog\/2007\/09\/03\/distribution-automobile-la-reglementation-d-exemption-automobile\/"},"author":{"name":"Nicolas SCHIAVON","@id":"https:\/\/www.carideal.com\/blog\/#\/schema\/person\/cd95dc7919660de90d31b366f85be1ec"},"headline":"R\u00e8glementation de la Distribution automobile 1400\/2002","datePublished":"2007-09-03T23:00:00+00:00","dateModified":"2019-12-15T13:22:11+00:00","mainEntityOfPage":{"@id":"https:\/\/www.carideal.com\/blog\/2007\/09\/03\/distribution-automobile-la-reglementation-d-exemption-automobile\/"},"wordCount":470,"commentCount":0,"publisher":{"@id":"https:\/\/www.carideal.com\/blog\/#organization"},"image":{"@id":"https:\/\/www.carideal.com\/blog\/2007\/09\/03\/distribution-automobile-la-reglementation-d-exemption-automobile\/#primaryimage"},"thumbnailUrl":"https:\/\/www.carideal.com\/blog\/wp-content\/uploads\/2007\/09\/reglement-distribution-automobile.jpg","articleSection":["Actualit\u00e9 automobile","March\u00e9 automobile"],"inLanguage":"fr-FR","potentialAction":[{"@type":"CommentAction","name":"Comment","target":["https:\/\/www.carideal.com\/blog\/2007\/09\/03\/distribution-automobile-la-reglementation-d-exemption-automobile\/#respond"]}]},{"@type":"WebPage","@id":"https:\/\/www.carideal.com\/blog\/2007\/09\/03\/distribution-automobile-la-reglementation-d-exemption-automobile\/","url":"https:\/\/www.carideal.com\/blog\/2007\/09\/03\/distribution-automobile-la-reglementation-d-exemption-automobile\/","name":"R\u00e8glementation de la Distribution automobile 1400\/2002 - Blog auto Carid\u00e9al","isPartOf":{"@id":"https:\/\/www.carideal.com\/blog\/#website"},"primaryImageOfPage":{"@id":"https:\/\/www.carideal.com\/blog\/2007\/09\/03\/distribution-automobile-la-reglementation-d-exemption-automobile\/#primaryimage"},"image":{"@id":"https:\/\/www.carideal.com\/blog\/2007\/09\/03\/distribution-automobile-la-reglementation-d-exemption-automobile\/#primaryimage"},"thumbnailUrl":"https:\/\/www.carideal.com\/blog\/wp-content\/uploads\/2007\/09\/reglement-distribution-automobile.jpg","datePublished":"2007-09-03T23:00:00+00:00","dateModified":"2019-12-15T13:22:11+00:00","description":"Le r\u00e8glement de la distribution automobile europ\u00e9en 1400\/2002 pr\u00e9cise le cadre de la distribution et la r\u00e9paration de v\u00e9hicules automobiles","breadcrumb":{"@id":"https:\/\/www.carideal.com\/blog\/2007\/09\/03\/distribution-automobile-la-reglementation-d-exemption-automobile\/#breadcrumb"},"inLanguage":"fr-FR","potentialAction":[{"@type":"ReadAction","target":["https:\/\/www.carideal.com\/blog\/2007\/09\/03\/distribution-automobile-la-reglementation-d-exemption-automobile\/"]}]},{"@type":"ImageObject","inLanguage":"fr-FR","@id":"https:\/\/www.carideal.com\/blog\/2007\/09\/03\/distribution-automobile-la-reglementation-d-exemption-automobile\/#primaryimage","url":"https:\/\/www.carideal.com\/blog\/wp-content\/uploads\/2007\/09\/reglement-distribution-automobile.jpg","contentUrl":"https:\/\/www.carideal.com\/blog\/wp-content\/uploads\/2007\/09\/reglement-distribution-automobile.jpg","width":500,"height":334,"caption":"R\u00e8glement distribution automobile"},{"@type":"BreadcrumbList","@id":"https:\/\/www.carideal.com\/blog\/2007\/09\/03\/distribution-automobile-la-reglementation-d-exemption-automobile\/#breadcrumb","itemListElement":[{"@type":"ListItem","position":1,"name":"Blog Carid\u00e9al","item":"https:\/\/www.carideal.com\/blog\/"},{"@type":"ListItem","position":2,"name":"Actualit\u00e9 automobile","item":"https:\/\/www.carideal.com\/blog\/actualites-auto\/"},{"@type":"ListItem","position":3,"name":"R\u00e8glementation de la Distribution automobile 1400\/2002"}]},{"@type":"WebSite","@id":"https:\/\/www.carideal.com\/blog\/#website","url":"https:\/\/www.carideal.com\/blog\/","name":"Blog auto Carid\u00e9al","description":"Actualit\u00e9 auto par des passionn\u00e9s","publisher":{"@id":"https:\/\/www.carideal.com\/blog\/#organization"},"potentialAction":[{"@type":"SearchAction","target":{"@type":"EntryPoint","urlTemplate":"https:\/\/www.carideal.com\/blog\/?s={search_term_string}"},"query-input":{"@type":"PropertyValueSpecification","valueRequired":true,"valueName":"search_term_string"}}],"inLanguage":"fr-FR"},{"@type":"Organization","@id":"https:\/\/www.carideal.com\/blog\/#organization","name":"Carideal","url":"https:\/\/www.carideal.com\/blog\/","logo":{"@type":"ImageObject","inLanguage":"fr-FR","@id":"https:\/\/www.carideal.com\/blog\/#\/schema\/logo\/image\/","url":"http:\/\/www.carideal.com\/blog\/wp-content\/uploads\/2016\/03\/logo-carideal-mandataire-automobile.png","contentUrl":"http:\/\/www.carideal.com\/blog\/wp-content\/uploads\/2016\/03\/logo-carideal-mandataire-automobile.png","width":300,"height":300,"caption":"Carideal"},"image":{"@id":"https:\/\/www.carideal.com\/blog\/#\/schema\/logo\/image\/"},"sameAs":["https:\/\/www.facebook.com\/Carideal.mandataire.automobile","https:\/\/x.com\/caridealauto","https:\/\/www.instagram.com\/carideal1\/","https:\/\/www.linkedin.com\/company\/carideal.com","https:\/\/fr.pinterest.com\/schiavonsas\/","https:\/\/www.youtube.com\/user\/caridealsas"]},{"@type":"Person","@id":"https:\/\/www.carideal.com\/blog\/#\/schema\/person\/cd95dc7919660de90d31b366f85be1ec","name":"Nicolas SCHIAVON","image":{"@type":"ImageObject","inLanguage":"fr-FR","@id":"https:\/\/www.carideal.com\/blog\/#\/schema\/person\/image\/","url":"https:\/\/secure.gravatar.com\/avatar\/c17e55009e671d92cc7f5dc837dc418a?s=96&r=g","contentUrl":"https:\/\/secure.gravatar.com\/avatar\/c17e55009e671d92cc7f5dc837dc418a?s=96&r=g","caption":"Nicolas SCHIAVON"},"description":"Nicolas Schiavon est tomb\u00e9 tout petit dans la marmite automobile. Ayant eu un garage de marque automobile, mandataire automobile de la premi\u00e8re heure d\u00e8s 1999. Nicolas a cr\u00e9\u00e9 ces premiers sites de vente de voiture et blog automobile d\u00e8s 1994. Carideal est n\u00e9 le 15 d\u00e9cembre 2000 de la volont\u00e9 de vendre des voitures d'occasions en ligne puis des voitures neuves. Il a pu essayer beaucoup de voitures tr\u00e8s diff\u00e9rentes et ayant eu personnellement quelques belles autos, Subaru Impreza, Mitsubishi Lancer Evo 7, Porsche 911, Ferrari Testarrossa, Audi RS3, RS4 et j'en passe...","sameAs":["http:\/\/www.carideal.com","https:\/\/www.facebook.com\/nicolas.schiavon.39","https:\/\/www.instagram.com\/carideal1\/","https:\/\/www.linkedin.com\/in\/nschiavon\/","https:\/\/x.com\/caridealauto","https:\/\/www.youtube.com\/user\/caridealsas\/"],"url":"https:\/\/www.carideal.com\/blog\/author\/nschiavon\/"}]}},"uagb_featured_image_src":{"full":["https:\/\/www.carideal.com\/blog\/wp-content\/uploads\/2007\/09\/reglement-distribution-automobile.jpg",500,334,false],"thumbnail":["https:\/\/www.carideal.com\/blog\/wp-content\/uploads\/2007\/09\/reglement-distribution-automobile-150x150.jpg",150,150,true],"medium":["https:\/\/www.carideal.com\/blog\/wp-content\/uploads\/2007\/09\/reglement-distribution-automobile-300x200.jpg",300,200,true],"medium_large":["https:\/\/www.carideal.com\/blog\/wp-content\/uploads\/2007\/09\/reglement-distribution-automobile.jpg",500,334,false],"large":["https:\/\/www.carideal.com\/blog\/wp-content\/uploads\/2007\/09\/reglement-distribution-automobile.jpg",500,334,false],"1536x1536":["https:\/\/www.carideal.com\/blog\/wp-content\/uploads\/2007\/09\/reglement-distribution-automobile.jpg",500,334,false],"2048x2048":["https:\/\/www.carideal.com\/blog\/wp-content\/uploads\/2007\/09\/reglement-distribution-automobile.jpg",500,334,false],"wppr-widget":["https:\/\/www.carideal.com\/blog\/wp-content\/uploads\/2007\/09\/reglement-distribution-automobile.jpg",50,33,false]},"uagb_author_info":{"display_name":"Nicolas SCHIAVON","author_link":"https:\/\/www.carideal.com\/blog\/author\/nschiavon\/"},"uagb_comment_info":0,"uagb_excerpt":"Le r\u00e8glement de la distribution automobile 1400\/2002 \"La distribution et la r\u00e9paration de v\u00e9hicules automobiles sont des domaines\u00a0d'une importance cruciale pour le consommateur europ\u00e9en. Le secteur\u00a0automobile a connu des probl\u00e8mes de concurrence qui lui sont propres,\u00a0notamment au sujet du droit que le march\u00e9 unique conf\u00e8re \u00e0 l'utilisateur final\u00a0d'acheter une voiture o\u00f9 bon lui semble dans\u2026","_links":{"self":[{"href":"https:\/\/www.carideal.com\/blog\/wp-json\/wp\/v2\/posts\/4509"}],"collection":[{"href":"https:\/\/www.carideal.com\/blog\/wp-json\/wp\/v2\/posts"}],"about":[{"href":"https:\/\/www.carideal.com\/blog\/wp-json\/wp\/v2\/types\/post"}],"author":[{"embeddable":true,"href":"https:\/\/www.carideal.com\/blog\/wp-json\/wp\/v2\/users\/3"}],"replies":[{"embeddable":true,"href":"https:\/\/www.carideal.com\/blog\/wp-json\/wp\/v2\/comments?post=4509"}],"version-history":[{"count":0,"href":"https:\/\/www.carideal.com\/blog\/wp-json\/wp\/v2\/posts\/4509\/revisions"}],"wp:featuredmedia":[{"embeddable":true,"href":"https:\/\/www.carideal.com\/blog\/wp-json\/wp\/v2\/media\/10004"}],"wp:attachment":[{"href":"https:\/\/www.carideal.com\/blog\/wp-json\/wp\/v2\/media?parent=4509"}],"wp:term":[{"taxonomy":"category","embeddable":true,"href":"https:\/\/www.carideal.com\/blog\/wp-json\/wp\/v2\/categories?post=4509"},{"taxonomy":"post_tag","embeddable":true,"href":"https:\/\/www.carideal.com\/blog\/wp-json\/wp\/v2\/tags?post=4509"}],"curies":[{"name":"wp","href":"https:\/\/api.w.org\/{rel}","templated":true}]}}