{"id":4508,"date":"2007-09-03T23:00:00","date_gmt":"2007-09-03T23:00:00","guid":{"rendered":"http:\/\/www.carideal.com\/blog\/2007\/09\/03\/garantie-carideal\/"},"modified":"2019-12-15T14:32:35","modified_gmt":"2019-12-15T13:32:35","slug":"garantie-carideal","status":"publish","type":"post","link":"https:\/\/www.carideal.com\/blog\/2007\/09\/03\/garantie-carideal\/","title":{"rendered":"Garantie automobile Carideal"},"content":{"rendered":"<h2>Toutes les voitures vendues par Carideal, poss\u00e8dent une\u00a0garantie automobile<\/h2>\n<figure id=\"attachment_10010\" aria-describedby=\"caption-attachment-10010\" style=\"width: 310px\" class=\"wp-caption alignleft\"><img loading=\"lazy\" decoding=\"async\" class=\"wp-image-10010 size-full\" title=\"Garantie automobile\" src=\"http:\/\/www.carideal.com\/blog\/wp-content\/uploads\/2007\/09\/garantie-panne-m\u00e9canique-carideal-mandataire-automobile-1.jpg\" alt=\"Garantie automobile\" width=\"320\" height=\"212\" srcset=\"https:\/\/www.carideal.com\/blog\/wp-content\/uploads\/2007\/09\/garantie-panne-m\u00e9canique-carideal-mandataire-automobile-1.jpg 320w, https:\/\/www.carideal.com\/blog\/wp-content\/uploads\/2007\/09\/garantie-panne-m\u00e9canique-carideal-mandataire-automobile-1-300x199.jpg 300w\" sizes=\"(max-width: 320px) 100vw, 320px\" \/><figcaption id=\"caption-attachment-10010\" class=\"wp-caption-text\">Garantie automobile<\/figcaption><\/figure>\n<p>Selon la <span style=\"text-decoration: underline;\"><a href=\"http:\/\/www.carideal.com\/blog\/2007\/09\/03\/distribution-automobile-la-reglementation-d-exemption-automobile\/\">r\u00e9glementation de la distribution automobile<\/a><\/span> en vigueur, TOUTES les <a href=\"http:\/\/www.carideal.com\/blog\/voiture-neuve-region\/\">voitures neuves<\/a> poss\u00e8dent une garantie CONSTRUCTEUR europ\u00e9enne de <a href=\"https:\/\/www.europe-consommateurs.eu\/fr\/quels-sont-vos-droits\/acheter-en-europe\/garanties-legales-et-commerciales\/les-garanties-en-france\/la-garantie-legale-de-conformite\/\">24 mois<\/a> minimum. Certains constructeurs peuvent proposer des garanties sup\u00e9rieures. Le client devra se r\u00e9f\u00e9rer au carnet de garantie du v\u00e9hicule pour en conna\u00eetre les clauses. En application du <a href=\"http:\/\/www.carideal.com\/blog\/2007\/09\/03\/distribution-automobile-la-reglementation-d-exemption-automobile\/\">r\u00e8glement d'exemption de la distribution automobile 1400\/2002<\/a>, la garantie est exclusivement assur\u00e9e par les repr\u00e9sentants officiels de la marque de leur v\u00e9hicule en France et en Europe.<\/p>\n<h2>La garantie automobile vous est d\u00fb<\/h2>\n<p>La garantie automobile est une obligation l\u00e9gale \u00e0 minima de 24 mois sur une voiture neuve et de trois mois moteur boite pont sur une voiture d'occasion. Aucun Constructeur ne peut vous refuser la prise en charge de votre voiture dans le cadre de la garantie l\u00e9gale.<\/p>\n<p>Une marque qui garantirai une voiture plus de 24 mois, 36 mois ou 60 mois par exemple, comme <a href=\"http:\/\/www.carideal.com\/blog\/marque-de-voiture-actualites-essais\/hyundai\/\"><span style=\"text-decoration: underline;\">Hyundai<\/span><\/a>, serait pendant la p\u00e9riode de\u00a024 \u00e0\u00a060 mois dans le cas d'une garantie contractuelle. Donc dans ce cas, il faut bien respecter\u00a0les conditions de la garantie contractuelle afin d'en b\u00e9n\u00e9ficier.<\/p>\n<p>Pour une voiture d'occasion la loi impose une garantie automobile minimum de 3 mois moteur boite pont, quelle que soit la voiture, m\u00eame si le vendeur ne le stipule pas. Bien entendu chaque voiture est prot\u00e9g\u00e9e par la garantie contre le vice cach\u00e9.<\/p>\n<h2>Nos extensions de garantie automobile<\/h2>\n<p>Toutes nos <a href=\"http:\/\/www.carideal.com\/blog\/voitures-occasions\/\"><span style=\"text-decoration: underline;\">voitures d'occasions<\/span><\/a> sont vendues avec une garantie automobile, soit constructeur r\u00e9siduelle, soit une garantie par un organisme sp\u00e9cialis\u00e9 pour la garantie voiture d'occasion, comprenant une assistance 24\u00a0h\/24. Ces garanties pourront \u00eatre de\u00a03 \u00e0 24 mois en fonctions des voitures vendues, de leur \u00e2ge et de leur kilom\u00e9trage.<\/p>\n<p>Nous pouvons proposer des <span style=\"text-decoration: underline;\"><a href=\"http:\/\/www.carideal.com\/content\/7-extension-garantie\">extensions de garantie<\/a><\/span>, aussi bien pour votre voiture d'occasions r\u00e9centes encore sous garantie constructeur que pour une voiture neuve.<\/p>\n<p>Pour vous donner un exemple de garantie automobile constructeur :\u00a0un <a href=\"http:\/\/www.carideal.com\/blog\/2008\/03\/08\/citroen-xsara-picasso-occasion\/\">Citroen Xsara Picasso<\/a> de 11\/2006 achet\u00e9 par le biais de <a href=\"http:\/\/www.carideal.com\">Carideal mandataire automobile<\/a>, sera encore garantie par <a href=\"http:\/\/www.carideal.com\/blog\/marque-de-voiture-actualites-essais\/citroen\/\">Citroen<\/a> jusque le 11\/2008.<\/p>\n<p>&nbsp;<\/p>\n","protected":false},"excerpt":{"rendered":"<p>Toutes les voitures vendues par Carideal, poss\u00e8dent une\u00a0garantie automobile Selon la r\u00e9glementation de la distribution automobile en vigueur, TOUTES les voitures neuves poss\u00e8dent une garantie CONSTRUCTEUR europ\u00e9enne de 24 mois minimum. Certains constructeurs peuvent proposer des garanties sup\u00e9rieures. Le client devra se r\u00e9f\u00e9rer au carnet de garantie du v\u00e9hicule pour en conna\u00eetre les clauses. En &#8230; <a title=\"Garantie automobile Carideal\" class=\"read-more\" href=\"https:\/\/www.carideal.com\/blog\/2007\/09\/03\/garantie-carideal\/\" aria-label=\"En savoir plus sur Garantie automobile Carideal\">Lire plus<\/a><\/p>\n","protected":false},"author":3,"featured_media":10010,"comment_status":"open","ping_status":"open","sticky":false,"template":"","format":"standard","meta":{"_uag_custom_page_level_css":"","_themeisle_gutenberg_block_has_review":false,"footnotes":""},"categories":[21],"tags":[1152,2138],"class_list":["post-4508","post","type-post","status-publish","format-standard","has-post-thumbnail","hentry","category-actualites-auto","tag-garantie-constructeur","tag-garantie-contractuelle"],"wppr_data":{"cwp_meta_box_check":"No"},"yoast_head":"<!-- This site is optimized with the Yoast SEO plugin v24.8.1 - https:\/\/yoast.com\/wordpress\/plugins\/seo\/ -->\n<title>Garantie automobile Carideal - Blog auto Carid\u00e9al<\/title>\n<meta name=\"description\" content=\"Toutes les voitures vendues par Carideal, poss\u00e8dent une garantie automobile Selon la r\u00e9glementation de la distribution automobile en vigueur,\" \/>\n<meta name=\"robots\" content=\"index, follow, max-snippet:-1, max-image-preview:large, max-video-preview:-1\" \/>\n<link rel=\"canonical\" href=\"https:\/\/www.carideal.com\/blog\/2007\/09\/03\/garantie-carideal\/\" \/>\n<meta property=\"og:locale\" content=\"fr_FR\" \/>\n<meta property=\"og:type\" content=\"article\" \/>\n<meta property=\"og:title\" content=\"Garantie automobile Carideal - Blog auto Carid\u00e9al\" \/>\n<meta property=\"og:description\" content=\"Toutes les voitures vendues par Carideal, poss\u00e8dent une garantie automobile Selon la r\u00e9glementation de la distribution automobile en vigueur,\" \/>\n<meta property=\"og:url\" content=\"https:\/\/www.carideal.com\/blog\/2007\/09\/03\/garantie-carideal\/\" \/>\n<meta property=\"og:site_name\" content=\"Blog auto Carid\u00e9al\" \/>\n<meta property=\"article:publisher\" content=\"https:\/\/www.facebook.com\/Carideal.mandataire.automobile\" \/>\n<meta property=\"article:author\" content=\"https:\/\/www.facebook.com\/nicolas.schiavon.39\" \/>\n<meta property=\"article:published_time\" content=\"2007-09-03T23:00:00+00:00\" \/>\n<meta property=\"article:modified_time\" content=\"2019-12-15T13:32:35+00:00\" \/>\n<meta property=\"og:image\" content=\"https:\/\/www.carideal.com\/blog\/wp-content\/uploads\/2007\/09\/garantie-panne-m\u00e9canique-carideal-mandataire-automobile-1.jpg\" \/>\n\t<meta property=\"og:image:width\" content=\"320\" \/>\n\t<meta property=\"og:image:height\" content=\"212\" \/>\n\t<meta property=\"og:image:type\" content=\"image\/jpeg\" \/>\n<meta name=\"author\" content=\"Nicolas SCHIAVON\" \/>\n<meta name=\"twitter:card\" content=\"summary_large_image\" \/>\n<meta name=\"twitter:creator\" content=\"@caridealauto\" \/>\n<meta name=\"twitter:site\" content=\"@caridealauto\" \/>\n<meta name=\"twitter:label1\" content=\"\u00c9crit par\" \/>\n\t<meta name=\"twitter:data1\" content=\"Nicolas SCHIAVON\" \/>\n\t<meta name=\"twitter:label2\" content=\"Dur\u00e9e de lecture estim\u00e9e\" \/>\n\t<meta name=\"twitter:data2\" content=\"2 minutes\" \/>\n<script type=\"application\/ld+json\" class=\"yoast-schema-graph\">{\"@context\":\"https:\/\/schema.org\",\"@graph\":[{\"@type\":\"Article\",\"@id\":\"https:\/\/www.carideal.com\/blog\/2007\/09\/03\/garantie-carideal\/#article\",\"isPartOf\":{\"@id\":\"https:\/\/www.carideal.com\/blog\/2007\/09\/03\/garantie-carideal\/\"},\"author\":{\"name\":\"Nicolas SCHIAVON\",\"@id\":\"https:\/\/www.carideal.com\/blog\/#\/schema\/person\/cd95dc7919660de90d31b366f85be1ec\"},\"headline\":\"Garantie automobile Carideal\",\"datePublished\":\"2007-09-03T23:00:00+00:00\",\"dateModified\":\"2019-12-15T13:32:35+00:00\",\"mainEntityOfPage\":{\"@id\":\"https:\/\/www.carideal.com\/blog\/2007\/09\/03\/garantie-carideal\/\"},\"wordCount\":363,\"commentCount\":0,\"publisher\":{\"@id\":\"https:\/\/www.carideal.com\/blog\/#organization\"},\"image\":{\"@id\":\"https:\/\/www.carideal.com\/blog\/2007\/09\/03\/garantie-carideal\/#primaryimage\"},\"thumbnailUrl\":\"https:\/\/www.carideal.com\/blog\/wp-content\/uploads\/2007\/09\/garantie-panne-m\u00e9canique-carideal-mandataire-automobile-1.jpg\",\"keywords\":[\"garantie constructeur\",\"garantie contractuelle\"],\"articleSection\":[\"Actualit\u00e9 automobile\"],\"inLanguage\":\"fr-FR\",\"potentialAction\":[{\"@type\":\"CommentAction\",\"name\":\"Comment\",\"target\":[\"https:\/\/www.carideal.com\/blog\/2007\/09\/03\/garantie-carideal\/#respond\"]}]},{\"@type\":\"WebPage\",\"@id\":\"https:\/\/www.carideal.com\/blog\/2007\/09\/03\/garantie-carideal\/\",\"url\":\"https:\/\/www.carideal.com\/blog\/2007\/09\/03\/garantie-carideal\/\",\"name\":\"Garantie automobile Carideal - Blog auto Carid\u00e9al\",\"isPartOf\":{\"@id\":\"https:\/\/www.carideal.com\/blog\/#website\"},\"primaryImageOfPage\":{\"@id\":\"https:\/\/www.carideal.com\/blog\/2007\/09\/03\/garantie-carideal\/#primaryimage\"},\"image\":{\"@id\":\"https:\/\/www.carideal.com\/blog\/2007\/09\/03\/garantie-carideal\/#primaryimage\"},\"thumbnailUrl\":\"https:\/\/www.carideal.com\/blog\/wp-content\/uploads\/2007\/09\/garantie-panne-m\u00e9canique-carideal-mandataire-automobile-1.jpg\",\"datePublished\":\"2007-09-03T23:00:00+00:00\",\"dateModified\":\"2019-12-15T13:32:35+00:00\",\"description\":\"Toutes les voitures vendues par Carideal, poss\u00e8dent une garantie automobile Selon la r\u00e9glementation de la distribution automobile en vigueur,\",\"breadcrumb\":{\"@id\":\"https:\/\/www.carideal.com\/blog\/2007\/09\/03\/garantie-carideal\/#breadcrumb\"},\"inLanguage\":\"fr-FR\",\"potentialAction\":[{\"@type\":\"ReadAction\",\"target\":[\"https:\/\/www.carideal.com\/blog\/2007\/09\/03\/garantie-carideal\/\"]}]},{\"@type\":\"ImageObject\",\"inLanguage\":\"fr-FR\",\"@id\":\"https:\/\/www.carideal.com\/blog\/2007\/09\/03\/garantie-carideal\/#primaryimage\",\"url\":\"https:\/\/www.carideal.com\/blog\/wp-content\/uploads\/2007\/09\/garantie-panne-m\u00e9canique-carideal-mandataire-automobile-1.jpg\",\"contentUrl\":\"https:\/\/www.carideal.com\/blog\/wp-content\/uploads\/2007\/09\/garantie-panne-m\u00e9canique-carideal-mandataire-automobile-1.jpg\",\"width\":320,\"height\":212,\"caption\":\"garantie panne mecanique schiavon citroen bassens chambery\"},{\"@type\":\"BreadcrumbList\",\"@id\":\"https:\/\/www.carideal.com\/blog\/2007\/09\/03\/garantie-carideal\/#breadcrumb\",\"itemListElement\":[{\"@type\":\"ListItem\",\"position\":1,\"name\":\"Blog Carid\u00e9al\",\"item\":\"https:\/\/www.carideal.com\/blog\/\"},{\"@type\":\"ListItem\",\"position\":2,\"name\":\"Actualit\u00e9 automobile\",\"item\":\"https:\/\/www.carideal.com\/blog\/actualites-auto\/\"},{\"@type\":\"ListItem\",\"position\":3,\"name\":\"Garantie automobile Carideal\"}]},{\"@type\":\"WebSite\",\"@id\":\"https:\/\/www.carideal.com\/blog\/#website\",\"url\":\"https:\/\/www.carideal.com\/blog\/\",\"name\":\"Blog auto Carid\u00e9al\",\"description\":\"Actualit\u00e9 auto par des passionn\u00e9s\",\"publisher\":{\"@id\":\"https:\/\/www.carideal.com\/blog\/#organization\"},\"potentialAction\":[{\"@type\":\"SearchAction\",\"target\":{\"@type\":\"EntryPoint\",\"urlTemplate\":\"https:\/\/www.carideal.com\/blog\/?s={search_term_string}\"},\"query-input\":{\"@type\":\"PropertyValueSpecification\",\"valueRequired\":true,\"valueName\":\"search_term_string\"}}],\"inLanguage\":\"fr-FR\"},{\"@type\":\"Organization\",\"@id\":\"https:\/\/www.carideal.com\/blog\/#organization\",\"name\":\"Carideal\",\"url\":\"https:\/\/www.carideal.com\/blog\/\",\"logo\":{\"@type\":\"ImageObject\",\"inLanguage\":\"fr-FR\",\"@id\":\"https:\/\/www.carideal.com\/blog\/#\/schema\/logo\/image\/\",\"url\":\"http:\/\/www.carideal.com\/blog\/wp-content\/uploads\/2016\/03\/logo-carideal-mandataire-automobile.png\",\"contentUrl\":\"http:\/\/www.carideal.com\/blog\/wp-content\/uploads\/2016\/03\/logo-carideal-mandataire-automobile.png\",\"width\":300,\"height\":300,\"caption\":\"Carideal\"},\"image\":{\"@id\":\"https:\/\/www.carideal.com\/blog\/#\/schema\/logo\/image\/\"},\"sameAs\":[\"https:\/\/www.facebook.com\/Carideal.mandataire.automobile\",\"https:\/\/x.com\/caridealauto\",\"https:\/\/www.instagram.com\/carideal1\/\",\"https:\/\/www.linkedin.com\/company\/carideal.com\",\"https:\/\/fr.pinterest.com\/schiavonsas\/\",\"https:\/\/www.youtube.com\/user\/caridealsas\"]},{\"@type\":\"Person\",\"@id\":\"https:\/\/www.carideal.com\/blog\/#\/schema\/person\/cd95dc7919660de90d31b366f85be1ec\",\"name\":\"Nicolas SCHIAVON\",\"image\":{\"@type\":\"ImageObject\",\"inLanguage\":\"fr-FR\",\"@id\":\"https:\/\/www.carideal.com\/blog\/#\/schema\/person\/image\/\",\"url\":\"https:\/\/secure.gravatar.com\/avatar\/c17e55009e671d92cc7f5dc837dc418a?s=96&r=g\",\"contentUrl\":\"https:\/\/secure.gravatar.com\/avatar\/c17e55009e671d92cc7f5dc837dc418a?s=96&r=g\",\"caption\":\"Nicolas SCHIAVON\"},\"description\":\"Nicolas Schiavon est tomb\u00e9 tout petit dans la marmite automobile. Ayant eu un garage de marque automobile, mandataire automobile de la premi\u00e8re heure d\u00e8s 1999. Nicolas a cr\u00e9\u00e9 ces premiers sites de vente de voiture et blog automobile d\u00e8s 1994. Carideal est n\u00e9 le 15 d\u00e9cembre 2000 de la volont\u00e9 de vendre des voitures d'occasions en ligne puis des voitures neuves. Il a pu essayer beaucoup de voitures tr\u00e8s diff\u00e9rentes et ayant eu personnellement quelques belles autos, Subaru Impreza, Mitsubishi Lancer Evo 7, Porsche 911, Ferrari Testarrossa, Audi RS3, RS4 et j'en passe...\",\"sameAs\":[\"http:\/\/www.carideal.com\",\"https:\/\/www.facebook.com\/nicolas.schiavon.39\",\"https:\/\/www.instagram.com\/carideal1\/\",\"https:\/\/www.linkedin.com\/in\/nschiavon\/\",\"https:\/\/x.com\/caridealauto\",\"https:\/\/www.youtube.com\/user\/caridealsas\/\"],\"url\":\"https:\/\/www.carideal.com\/blog\/author\/nschiavon\/\"}]}<\/script>\n<!-- \/ Yoast SEO plugin. -->","yoast_head_json":{"title":"Garantie automobile Carideal - Blog auto Carid\u00e9al","description":"Toutes les voitures vendues par Carideal, poss\u00e8dent une garantie automobile Selon la r\u00e9glementation de la distribution automobile en vigueur,","robots":{"index":"index","follow":"follow","max-snippet":"max-snippet:-1","max-image-preview":"max-image-preview:large","max-video-preview":"max-video-preview:-1"},"canonical":"https:\/\/www.carideal.com\/blog\/2007\/09\/03\/garantie-carideal\/","og_locale":"fr_FR","og_type":"article","og_title":"Garantie automobile Carideal - Blog auto Carid\u00e9al","og_description":"Toutes les voitures vendues par Carideal, poss\u00e8dent une garantie automobile Selon la r\u00e9glementation de la distribution automobile en vigueur,","og_url":"https:\/\/www.carideal.com\/blog\/2007\/09\/03\/garantie-carideal\/","og_site_name":"Blog auto Carid\u00e9al","article_publisher":"https:\/\/www.facebook.com\/Carideal.mandataire.automobile","article_author":"https:\/\/www.facebook.com\/nicolas.schiavon.39","article_published_time":"2007-09-03T23:00:00+00:00","article_modified_time":"2019-12-15T13:32:35+00:00","og_image":[{"width":320,"height":212,"url":"https:\/\/www.carideal.com\/blog\/wp-content\/uploads\/2007\/09\/garantie-panne-m\u00e9canique-carideal-mandataire-automobile-1.jpg","type":"image\/jpeg"}],"author":"Nicolas SCHIAVON","twitter_card":"summary_large_image","twitter_creator":"@caridealauto","twitter_site":"@caridealauto","twitter_misc":{"\u00c9crit par":"Nicolas SCHIAVON","Dur\u00e9e de lecture estim\u00e9e":"2 minutes"},"schema":{"@context":"https:\/\/schema.org","@graph":[{"@type":"Article","@id":"https:\/\/www.carideal.com\/blog\/2007\/09\/03\/garantie-carideal\/#article","isPartOf":{"@id":"https:\/\/www.carideal.com\/blog\/2007\/09\/03\/garantie-carideal\/"},"author":{"name":"Nicolas SCHIAVON","@id":"https:\/\/www.carideal.com\/blog\/#\/schema\/person\/cd95dc7919660de90d31b366f85be1ec"},"headline":"Garantie automobile Carideal","datePublished":"2007-09-03T23:00:00+00:00","dateModified":"2019-12-15T13:32:35+00:00","mainEntityOfPage":{"@id":"https:\/\/www.carideal.com\/blog\/2007\/09\/03\/garantie-carideal\/"},"wordCount":363,"commentCount":0,"publisher":{"@id":"https:\/\/www.carideal.com\/blog\/#organization"},"image":{"@id":"https:\/\/www.carideal.com\/blog\/2007\/09\/03\/garantie-carideal\/#primaryimage"},"thumbnailUrl":"https:\/\/www.carideal.com\/blog\/wp-content\/uploads\/2007\/09\/garantie-panne-m\u00e9canique-carideal-mandataire-automobile-1.jpg","keywords":["garantie constructeur","garantie contractuelle"],"articleSection":["Actualit\u00e9 automobile"],"inLanguage":"fr-FR","potentialAction":[{"@type":"CommentAction","name":"Comment","target":["https:\/\/www.carideal.com\/blog\/2007\/09\/03\/garantie-carideal\/#respond"]}]},{"@type":"WebPage","@id":"https:\/\/www.carideal.com\/blog\/2007\/09\/03\/garantie-carideal\/","url":"https:\/\/www.carideal.com\/blog\/2007\/09\/03\/garantie-carideal\/","name":"Garantie automobile Carideal - Blog auto Carid\u00e9al","isPartOf":{"@id":"https:\/\/www.carideal.com\/blog\/#website"},"primaryImageOfPage":{"@id":"https:\/\/www.carideal.com\/blog\/2007\/09\/03\/garantie-carideal\/#primaryimage"},"image":{"@id":"https:\/\/www.carideal.com\/blog\/2007\/09\/03\/garantie-carideal\/#primaryimage"},"thumbnailUrl":"https:\/\/www.carideal.com\/blog\/wp-content\/uploads\/2007\/09\/garantie-panne-m\u00e9canique-carideal-mandataire-automobile-1.jpg","datePublished":"2007-09-03T23:00:00+00:00","dateModified":"2019-12-15T13:32:35+00:00","description":"Toutes les voitures vendues par Carideal, poss\u00e8dent une garantie automobile Selon la r\u00e9glementation de la distribution automobile en vigueur,","breadcrumb":{"@id":"https:\/\/www.carideal.com\/blog\/2007\/09\/03\/garantie-carideal\/#breadcrumb"},"inLanguage":"fr-FR","potentialAction":[{"@type":"ReadAction","target":["https:\/\/www.carideal.com\/blog\/2007\/09\/03\/garantie-carideal\/"]}]},{"@type":"ImageObject","inLanguage":"fr-FR","@id":"https:\/\/www.carideal.com\/blog\/2007\/09\/03\/garantie-carideal\/#primaryimage","url":"https:\/\/www.carideal.com\/blog\/wp-content\/uploads\/2007\/09\/garantie-panne-m\u00e9canique-carideal-mandataire-automobile-1.jpg","contentUrl":"https:\/\/www.carideal.com\/blog\/wp-content\/uploads\/2007\/09\/garantie-panne-m\u00e9canique-carideal-mandataire-automobile-1.jpg","width":320,"height":212,"caption":"garantie panne mecanique schiavon citroen bassens chambery"},{"@type":"BreadcrumbList","@id":"https:\/\/www.carideal.com\/blog\/2007\/09\/03\/garantie-carideal\/#breadcrumb","itemListElement":[{"@type":"ListItem","position":1,"name":"Blog Carid\u00e9al","item":"https:\/\/www.carideal.com\/blog\/"},{"@type":"ListItem","position":2,"name":"Actualit\u00e9 automobile","item":"https:\/\/www.carideal.com\/blog\/actualites-auto\/"},{"@type":"ListItem","position":3,"name":"Garantie automobile Carideal"}]},{"@type":"WebSite","@id":"https:\/\/www.carideal.com\/blog\/#website","url":"https:\/\/www.carideal.com\/blog\/","name":"Blog auto Carid\u00e9al","description":"Actualit\u00e9 auto par des passionn\u00e9s","publisher":{"@id":"https:\/\/www.carideal.com\/blog\/#organization"},"potentialAction":[{"@type":"SearchAction","target":{"@type":"EntryPoint","urlTemplate":"https:\/\/www.carideal.com\/blog\/?s={search_term_string}"},"query-input":{"@type":"PropertyValueSpecification","valueRequired":true,"valueName":"search_term_string"}}],"inLanguage":"fr-FR"},{"@type":"Organization","@id":"https:\/\/www.carideal.com\/blog\/#organization","name":"Carideal","url":"https:\/\/www.carideal.com\/blog\/","logo":{"@type":"ImageObject","inLanguage":"fr-FR","@id":"https:\/\/www.carideal.com\/blog\/#\/schema\/logo\/image\/","url":"http:\/\/www.carideal.com\/blog\/wp-content\/uploads\/2016\/03\/logo-carideal-mandataire-automobile.png","contentUrl":"http:\/\/www.carideal.com\/blog\/wp-content\/uploads\/2016\/03\/logo-carideal-mandataire-automobile.png","width":300,"height":300,"caption":"Carideal"},"image":{"@id":"https:\/\/www.carideal.com\/blog\/#\/schema\/logo\/image\/"},"sameAs":["https:\/\/www.facebook.com\/Carideal.mandataire.automobile","https:\/\/x.com\/caridealauto","https:\/\/www.instagram.com\/carideal1\/","https:\/\/www.linkedin.com\/company\/carideal.com","https:\/\/fr.pinterest.com\/schiavonsas\/","https:\/\/www.youtube.com\/user\/caridealsas"]},{"@type":"Person","@id":"https:\/\/www.carideal.com\/blog\/#\/schema\/person\/cd95dc7919660de90d31b366f85be1ec","name":"Nicolas SCHIAVON","image":{"@type":"ImageObject","inLanguage":"fr-FR","@id":"https:\/\/www.carideal.com\/blog\/#\/schema\/person\/image\/","url":"https:\/\/secure.gravatar.com\/avatar\/c17e55009e671d92cc7f5dc837dc418a?s=96&r=g","contentUrl":"https:\/\/secure.gravatar.com\/avatar\/c17e55009e671d92cc7f5dc837dc418a?s=96&r=g","caption":"Nicolas SCHIAVON"},"description":"Nicolas Schiavon est tomb\u00e9 tout petit dans la marmite automobile. Ayant eu un garage de marque automobile, mandataire automobile de la premi\u00e8re heure d\u00e8s 1999. Nicolas a cr\u00e9\u00e9 ces premiers sites de vente de voiture et blog automobile d\u00e8s 1994. Carideal est n\u00e9 le 15 d\u00e9cembre 2000 de la volont\u00e9 de vendre des voitures d'occasions en ligne puis des voitures neuves. Il a pu essayer beaucoup de voitures tr\u00e8s diff\u00e9rentes et ayant eu personnellement quelques belles autos, Subaru Impreza, Mitsubishi Lancer Evo 7, Porsche 911, Ferrari Testarrossa, Audi RS3, RS4 et j'en passe...","sameAs":["http:\/\/www.carideal.com","https:\/\/www.facebook.com\/nicolas.schiavon.39","https:\/\/www.instagram.com\/carideal1\/","https:\/\/www.linkedin.com\/in\/nschiavon\/","https:\/\/x.com\/caridealauto","https:\/\/www.youtube.com\/user\/caridealsas\/"],"url":"https:\/\/www.carideal.com\/blog\/author\/nschiavon\/"}]}},"uagb_featured_image_src":{"full":["https:\/\/www.carideal.com\/blog\/wp-content\/uploads\/2007\/09\/garantie-panne-m\u00e9canique-carideal-mandataire-automobile-1.jpg",320,212,false],"thumbnail":["https:\/\/www.carideal.com\/blog\/wp-content\/uploads\/2007\/09\/garantie-panne-m\u00e9canique-carideal-mandataire-automobile-1-150x150.jpg",150,150,true],"medium":["https:\/\/www.carideal.com\/blog\/wp-content\/uploads\/2007\/09\/garantie-panne-m\u00e9canique-carideal-mandataire-automobile-1-300x199.jpg",300,199,true],"medium_large":["https:\/\/www.carideal.com\/blog\/wp-content\/uploads\/2007\/09\/garantie-panne-m\u00e9canique-carideal-mandataire-automobile-1.jpg",320,212,false],"large":["https:\/\/www.carideal.com\/blog\/wp-content\/uploads\/2007\/09\/garantie-panne-m\u00e9canique-carideal-mandataire-automobile-1.jpg",320,212,false],"1536x1536":["https:\/\/www.carideal.com\/blog\/wp-content\/uploads\/2007\/09\/garantie-panne-m\u00e9canique-carideal-mandataire-automobile-1.jpg",320,212,false],"2048x2048":["https:\/\/www.carideal.com\/blog\/wp-content\/uploads\/2007\/09\/garantie-panne-m\u00e9canique-carideal-mandataire-automobile-1.jpg",320,212,false],"wppr-widget":["https:\/\/www.carideal.com\/blog\/wp-content\/uploads\/2007\/09\/garantie-panne-m\u00e9canique-carideal-mandataire-automobile-1.jpg",50,33,false]},"uagb_author_info":{"display_name":"Nicolas SCHIAVON","author_link":"https:\/\/www.carideal.com\/blog\/author\/nschiavon\/"},"uagb_comment_info":0,"uagb_excerpt":"Toutes les voitures vendues par Carideal, poss\u00e8dent une\u00a0garantie automobile Selon la r\u00e9glementation de la distribution automobile en vigueur, TOUTES les voitures neuves poss\u00e8dent une garantie CONSTRUCTEUR europ\u00e9enne de 24 mois minimum. Certains constructeurs peuvent proposer des garanties sup\u00e9rieures. Le client devra se r\u00e9f\u00e9rer au carnet de garantie du v\u00e9hicule pour en conna\u00eetre les clauses. En\u2026","_links":{"self":[{"href":"https:\/\/www.carideal.com\/blog\/wp-json\/wp\/v2\/posts\/4508"}],"collection":[{"href":"https:\/\/www.carideal.com\/blog\/wp-json\/wp\/v2\/posts"}],"about":[{"href":"https:\/\/www.carideal.com\/blog\/wp-json\/wp\/v2\/types\/post"}],"author":[{"embeddable":true,"href":"https:\/\/www.carideal.com\/blog\/wp-json\/wp\/v2\/users\/3"}],"replies":[{"embeddable":true,"href":"https:\/\/www.carideal.com\/blog\/wp-json\/wp\/v2\/comments?post=4508"}],"version-history":[{"count":0,"href":"https:\/\/www.carideal.com\/blog\/wp-json\/wp\/v2\/posts\/4508\/revisions"}],"wp:featuredmedia":[{"embeddable":true,"href":"https:\/\/www.carideal.com\/blog\/wp-json\/wp\/v2\/media\/10010"}],"wp:attachment":[{"href":"https:\/\/www.carideal.com\/blog\/wp-json\/wp\/v2\/media?parent=4508"}],"wp:term":[{"taxonomy":"category","embeddable":true,"href":"https:\/\/www.carideal.com\/blog\/wp-json\/wp\/v2\/categories?post=4508"},{"taxonomy":"post_tag","embeddable":true,"href":"https:\/\/www.carideal.com\/blog\/wp-json\/wp\/v2\/tags?post=4508"}],"curies":[{"name":"wp","href":"https:\/\/api.w.org\/{rel}","templated":true}]}}