{"id":4501,"date":"2007-08-15T23:00:00","date_gmt":"2007-08-15T23:00:00","guid":{"rendered":"http:\/\/www.carideal.com\/blog\/2007\/08\/15\/peugeot-308\/"},"modified":"2023-09-05T20:55:13","modified_gmt":"2023-09-05T18:55:13","slug":"peugeot-308","status":"publish","type":"post","link":"https:\/\/www.carideal.com\/blog\/2007\/08\/15\/peugeot-308\/","title":{"rendered":"Nouvelle Peugeot 308 2007"},"content":{"rendered":"\n<h2 class=\"wp-block-heading\">Peugeot confirme l'appelation de la nouvelle Peugeot 308 de 2007<\/h2>\n\n\n\n<p><a href=\"http:\/\/www.carideal.com\/blog\/marque-de-voiture-actualites-essais\/peugeot\/\">PEUGEOT<\/a>\u00a0Vient de confirmer le nom\u00a0de son futur mod\u00e8le rempla\u00e7ant la <a href=\"http:\/\/www.carideal.com\/blog\/2007\/11\/13\/rappel-des-307-dans-les-pays-nordiques\/\">Peugeot 307<\/a>, et ce sera bien sur la ..... 308 ! Elle sera fabriqu\u00e9e \u00e0 Montb\u00e9liard en Franche-Comt\u00e9. Elle aura la lourde t\u00e2che de d\u00e9boulonner la <a href=\"http:\/\/www.carideal.com\/blog\/2009\/03\/30\/precommandes-vw-golf-6-carat-5-portes-avec-remise\/\">Volkswagen Golf<\/a> de son tr\u00f4ne europ\u00e9en. La belle s'en donne les moyens on y reviendra plus tard.<\/p>\n\n\n\n<h2 class=\"wp-block-heading\">La Nouvelle Peugeot 308 : L'\u00c9volution Attendue<\/h2>\n\n\n\n<p><em>La Peugeot 307 est morte, vive la 308 !<\/em> Peugeot nous d\u00e9voile en avant-premi\u00e8re des images de sa nouvelle berline compacte qui rejoindra la gamme d'ici la fin de l'ann\u00e9e. Apr\u00e8s avoir \u00e9t\u00e9 la star du stand au salon de Francfort pr\u00e9vu pour la rentr\u00e9e, la Peugeot 308 promet de continuer l'h\u00e9ritage de son pr\u00e9d\u00e9cesseur tout en apportant des am\u00e9liorations notables.<\/p>\n\n\n\n<h3 class=\"wp-block-heading\">Un Style qui \u00c9volue en Douceur<\/h3>\n\n\n<div class=\"wp-block-image\">\n<figure class=\"aligncenter size-full\"><a href=\"http:\/\/www.carideal.com\/blog\/wp-content\/uploads\/2023\/09\/nouvelle-peugeot-308-2007.jpg\"><img loading=\"lazy\" decoding=\"async\" width=\"500\" height=\"332\" src=\"http:\/\/www.carideal.com\/blog\/wp-content\/uploads\/2023\/09\/nouvelle-peugeot-308-2007.jpg\" alt=\"Peugeot confirme l'appelation de la nouvelle Peugeot 308 de 2007\" class=\"wp-image-27174\" srcset=\"https:\/\/www.carideal.com\/blog\/wp-content\/uploads\/2023\/09\/nouvelle-peugeot-308-2007.jpg 500w, https:\/\/www.carideal.com\/blog\/wp-content\/uploads\/2023\/09\/nouvelle-peugeot-308-2007-300x199.jpg 300w, https:\/\/www.carideal.com\/blog\/wp-content\/uploads\/2023\/09\/nouvelle-peugeot-308-2007-50x33.jpg 50w, https:\/\/www.carideal.com\/blog\/wp-content\/uploads\/2023\/09\/nouvelle-peugeot-308-2007-110x73.jpg 110w, https:\/\/www.carideal.com\/blog\/wp-content\/uploads\/2023\/09\/nouvelle-peugeot-308-2007-420x279.jpg 420w, https:\/\/www.carideal.com\/blog\/wp-content\/uploads\/2023\/09\/nouvelle-peugeot-308-2007-272x182.jpg 272w\" sizes=\"(max-width: 500px) 100vw, 500px\" \/><\/a><figcaption class=\"wp-element-caption\">Peugeot confirme l'appelation de la nouvelle Peugeot 308 de 2007<\/figcaption><\/figure><\/div>\n\n\n<p><em>Carrosserie de la Peugeot 308<\/em><\/p>\n\n\n\n<p>Si la Peugeot 307 avait marqu\u00e9 une v\u00e9ritable rupture avec la 306, la 308 (qui inaugure la s\u00e9rie des \"08\") s'inscrit dans la continuit\u00e9 stylistique de la 307. Sa ligne g\u00e9n\u00e9rale rappelle celle de sa devanci\u00e8re, ressemblant en r\u00e9alit\u00e9 \u00e0 une version \u00e9largie de la <a href=\"http:\/\/www.carideal.com\/blog\/2008\/04\/21\/peugeot-207-d-occasion\/\">207<\/a> ou \u00e0 une variante plus compacte de la 407, reprenant l'esth\u00e9tique des antibrouillards de cette derni\u00e8re. Cependant, le profil de la 308 semble plus \u00e9lanc\u00e9 et plus muscl\u00e9, tandis que la face arri\u00e8re emprunte des \u00e9l\u00e9ments de la 407 SW dans sa partie haute et des caract\u00e9ristiques du <a href=\"http:\/\/www.carideal.com\/blog\/2008\/01\/20\/peugeot-407-coupe-20-hdi-136-fap\/\">Coup\u00e9 407<\/a> dans sa partie basse. Une \u00e9volution qui m\u00e9rite un second regard.<\/p>\n\n\n\n<h3 class=\"wp-block-heading\">Un Habitacle Raffin\u00e9<\/h3>\n\n\n<div class=\"wp-block-image\">\n<figure class=\"aligncenter size-full\"><a href=\"http:\/\/www.carideal.com\/blog\/wp-content\/uploads\/2023\/09\/interieur-peugeot-308-2007.jpg\"><img loading=\"lazy\" decoding=\"async\" width=\"450\" height=\"299\" src=\"http:\/\/www.carideal.com\/blog\/wp-content\/uploads\/2023\/09\/interieur-peugeot-308-2007.jpg\" alt=\"Int\u00e9rieur de la Peugeot 308\" class=\"wp-image-27175\" srcset=\"https:\/\/www.carideal.com\/blog\/wp-content\/uploads\/2023\/09\/interieur-peugeot-308-2007.jpg 450w, https:\/\/www.carideal.com\/blog\/wp-content\/uploads\/2023\/09\/interieur-peugeot-308-2007-300x199.jpg 300w, https:\/\/www.carideal.com\/blog\/wp-content\/uploads\/2023\/09\/interieur-peugeot-308-2007-50x33.jpg 50w, https:\/\/www.carideal.com\/blog\/wp-content\/uploads\/2023\/09\/interieur-peugeot-308-2007-110x73.jpg 110w, https:\/\/www.carideal.com\/blog\/wp-content\/uploads\/2023\/09\/interieur-peugeot-308-2007-420x279.jpg 420w, https:\/\/www.carideal.com\/blog\/wp-content\/uploads\/2023\/09\/interieur-peugeot-308-2007-272x182.jpg 272w\" sizes=\"(max-width: 450px) 100vw, 450px\" \/><\/a><figcaption class=\"wp-element-caption\">Int\u00e9rieur de la Peugeot 308<\/figcaption><\/figure><\/div>\n\n\n<p>La Peugeot 307 avait d\u00e9j\u00e0 marqu\u00e9 des progr\u00e8s significatifs en mati\u00e8re de finition par rapport \u00e0 la 306, et la 308 ne d\u00e9roge pas \u00e0 cette tendance. Son tableau de bord affiche des lignes \u00e9pur\u00e9es, avec un compteur emprunt\u00e9 \u00e0 la 207. La planche de bord descend en pente douce vers la console centrale, rappelant le design \u00e9l\u00e9gant de la <a href=\"http:\/\/www.carideal.com\/blog\/2011\/02\/09\/volvo-c30-electrique\/\">Volvo C30<\/a>. L'atmosph\u00e8re \u00e0 bord est apaisante, avec une climatisation r\u00e9glable par des a\u00e9rateurs ronds, au nombre de trois sur la console centrale, \u00e9voquant le raffinement des voitures haut de gamme comme l'Audi A4 Cabriolet.<\/p>\n\n\n\n<h2 class=\"wp-block-heading\">Les Perspectives de la Peugeot 308<\/h2>\n\n\n\n<p>Peugeot n'a pas encore d\u00e9voil\u00e9 toutes les informations concernant la nouvelle 308. Elle sera initialement propos\u00e9e en version 3 et 5 portes, en attendant l'arriv\u00e9e de variantes de carrosseries telles que les <a href=\"http:\/\/www.carideal.com\/blog\/2011\/06\/02\/nouvelle-peugeot-308-sw-hdi-163-bva\/\">SW<\/a> et les CC. Les d\u00e9tails sur les motorisations restent encore un myst\u00e8re, mais les amateurs de diesel peuvent s'attendre \u00e0 retrouver le puissant moteur 2.2 HDi d\u00e9veloppant 170 chevaux. Reste \u00e0 savoir si la 308 saura \u00eatre la digne succession tant attendue de la l\u00e9gendaire 306 S16.<\/p>\n\n\n\n<p>La nouvelle Peugeot 308 semble prometteuse, alliant une \u00e9volution en douceur de son style \u00e0 un int\u00e9rieur raffin\u00e9 et apaisant. Attendue avec impatience, elle suscite d\u00e9j\u00e0 de nombreuses attentes, notamment en ce qui concerne ses performances et ses motorisations \u00e0 venir. Nous avons h\u00e2te de d\u00e9couvrir cette nouvelle mouture de la gamme Peugeot \"08\" qui s'inscrit dans la continuit\u00e9 tout en apportant sa propre touche d'\u00e9l\u00e9gance et de modernit\u00e9.<\/p>\n","protected":false},"excerpt":{"rendered":"<p>Peugeot confirme l&rsquo;appelation de la nouvelle Peugeot 308 de 2007 PEUGEOT\u00a0Vient de confirmer le nom\u00a0de son futur mod\u00e8le rempla\u00e7ant la Peugeot 307, et ce sera bien sur la &#8230;.. 308 ! Elle sera fabriqu\u00e9e \u00e0 Montb\u00e9liard en Franche-Comt\u00e9. Elle aura la lourde t\u00e2che de d\u00e9boulonner la Volkswagen Golf de son tr\u00f4ne europ\u00e9en. La belle s&rsquo;en &#8230; <a title=\"Nouvelle Peugeot 308 2007\" class=\"read-more\" href=\"https:\/\/www.carideal.com\/blog\/2007\/08\/15\/peugeot-308\/\" aria-label=\"En savoir plus sur Nouvelle Peugeot 308 2007\">Lire plus<\/a><\/p>\n","protected":false},"author":3,"featured_media":27172,"comment_status":"open","ping_status":"open","sticky":false,"template":"","format":"standard","meta":{"_uag_custom_page_level_css":"","_themeisle_gutenberg_block_has_review":false,"footnotes":""},"categories":[5946,10],"tags":[],"class_list":["post-4501","post","type-post","status-publish","format-standard","has-post-thumbnail","hentry","category-peugeot","category-marche-automobile-voiture-neuve-occasion-4x4-suv"],"wppr_data":{"cwp_meta_box_check":"No"},"yoast_head":"<!-- This site is optimized with the Yoast SEO plugin v24.8.1 - https:\/\/yoast.com\/wordpress\/plugins\/seo\/ -->\n<title>Nouvelle Peugeot 308 2007 - Blog auto Carid\u00e9al<\/title>\n<meta name=\"description\" content=\"Nouvelle Peugeot 308 pour remplacer l&#039;actuelle Peugeot 307 avec pour mission de d\u00e9tronner la Volkswagen Golf leader de son segment en Europe.\" \/>\n<meta name=\"robots\" content=\"index, follow, max-snippet:-1, max-image-preview:large, max-video-preview:-1\" \/>\n<link rel=\"canonical\" href=\"https:\/\/www.carideal.com\/blog\/2007\/08\/15\/peugeot-308\/\" \/>\n<meta property=\"og:locale\" content=\"fr_FR\" \/>\n<meta property=\"og:type\" content=\"article\" \/>\n<meta property=\"og:title\" content=\"Nouvelle Peugeot 308 2007 - Blog auto Carid\u00e9al\" \/>\n<meta property=\"og:description\" content=\"Nouvelle Peugeot 308 pour remplacer l&#039;actuelle Peugeot 307 avec pour mission de d\u00e9tronner la Volkswagen Golf leader de son segment en Europe.\" \/>\n<meta property=\"og:url\" content=\"https:\/\/www.carideal.com\/blog\/2007\/08\/15\/peugeot-308\/\" \/>\n<meta property=\"og:site_name\" content=\"Blog auto Carid\u00e9al\" \/>\n<meta property=\"article:publisher\" content=\"https:\/\/www.facebook.com\/Carideal.mandataire.automobile\" \/>\n<meta property=\"article:author\" content=\"https:\/\/www.facebook.com\/nicolas.schiavon.39\" \/>\n<meta property=\"article:published_time\" content=\"2007-08-15T23:00:00+00:00\" \/>\n<meta property=\"article:modified_time\" content=\"2023-09-05T18:55:13+00:00\" \/>\n<meta property=\"og:image\" content=\"https:\/\/www.carideal.com\/blog\/wp-content\/uploads\/2007\/08\/peugeot308carideal-1187442397.jpg\" \/>\n\t<meta property=\"og:image:width\" content=\"500\" \/>\n\t<meta property=\"og:image:height\" content=\"375\" \/>\n\t<meta property=\"og:image:type\" content=\"image\/jpeg\" \/>\n<meta name=\"author\" content=\"Nicolas SCHIAVON\" \/>\n<meta name=\"twitter:card\" content=\"summary_large_image\" \/>\n<meta name=\"twitter:creator\" content=\"@caridealauto\" \/>\n<meta name=\"twitter:site\" content=\"@caridealauto\" \/>\n<meta name=\"twitter:label1\" content=\"\u00c9crit par\" \/>\n\t<meta name=\"twitter:data1\" content=\"Nicolas SCHIAVON\" \/>\n\t<meta name=\"twitter:label2\" content=\"Dur\u00e9e de lecture estim\u00e9e\" \/>\n\t<meta name=\"twitter:data2\" content=\"4 minutes\" \/>\n<script type=\"application\/ld+json\" class=\"yoast-schema-graph\">{\"@context\":\"https:\/\/schema.org\",\"@graph\":[{\"@type\":\"Article\",\"@id\":\"https:\/\/www.carideal.com\/blog\/2007\/08\/15\/peugeot-308\/#article\",\"isPartOf\":{\"@id\":\"https:\/\/www.carideal.com\/blog\/2007\/08\/15\/peugeot-308\/\"},\"author\":{\"name\":\"Nicolas SCHIAVON\",\"@id\":\"https:\/\/www.carideal.com\/blog\/#\/schema\/person\/cd95dc7919660de90d31b366f85be1ec\"},\"headline\":\"Nouvelle Peugeot 308 2007\",\"datePublished\":\"2007-08-15T23:00:00+00:00\",\"dateModified\":\"2023-09-05T18:55:13+00:00\",\"mainEntityOfPage\":{\"@id\":\"https:\/\/www.carideal.com\/blog\/2007\/08\/15\/peugeot-308\/\"},\"wordCount\":524,\"commentCount\":0,\"publisher\":{\"@id\":\"https:\/\/www.carideal.com\/blog\/#organization\"},\"image\":{\"@id\":\"https:\/\/www.carideal.com\/blog\/2007\/08\/15\/peugeot-308\/#primaryimage\"},\"thumbnailUrl\":\"https:\/\/www.carideal.com\/blog\/wp-content\/uploads\/2007\/08\/peugeot308carideal-1187442397.jpg\",\"articleSection\":[\"Actualit\u00e9 Peugeot\",\"March\u00e9 automobile\"],\"inLanguage\":\"fr-FR\",\"potentialAction\":[{\"@type\":\"CommentAction\",\"name\":\"Comment\",\"target\":[\"https:\/\/www.carideal.com\/blog\/2007\/08\/15\/peugeot-308\/#respond\"]}]},{\"@type\":\"WebPage\",\"@id\":\"https:\/\/www.carideal.com\/blog\/2007\/08\/15\/peugeot-308\/\",\"url\":\"https:\/\/www.carideal.com\/blog\/2007\/08\/15\/peugeot-308\/\",\"name\":\"Nouvelle Peugeot 308 2007 - Blog auto Carid\u00e9al\",\"isPartOf\":{\"@id\":\"https:\/\/www.carideal.com\/blog\/#website\"},\"primaryImageOfPage\":{\"@id\":\"https:\/\/www.carideal.com\/blog\/2007\/08\/15\/peugeot-308\/#primaryimage\"},\"image\":{\"@id\":\"https:\/\/www.carideal.com\/blog\/2007\/08\/15\/peugeot-308\/#primaryimage\"},\"thumbnailUrl\":\"https:\/\/www.carideal.com\/blog\/wp-content\/uploads\/2007\/08\/peugeot308carideal-1187442397.jpg\",\"datePublished\":\"2007-08-15T23:00:00+00:00\",\"dateModified\":\"2023-09-05T18:55:13+00:00\",\"description\":\"Nouvelle Peugeot 308 pour remplacer l'actuelle Peugeot 307 avec pour mission de d\u00e9tronner la Volkswagen Golf leader de son segment en Europe.\",\"breadcrumb\":{\"@id\":\"https:\/\/www.carideal.com\/blog\/2007\/08\/15\/peugeot-308\/#breadcrumb\"},\"inLanguage\":\"fr-FR\",\"potentialAction\":[{\"@type\":\"ReadAction\",\"target\":[\"https:\/\/www.carideal.com\/blog\/2007\/08\/15\/peugeot-308\/\"]}]},{\"@type\":\"ImageObject\",\"inLanguage\":\"fr-FR\",\"@id\":\"https:\/\/www.carideal.com\/blog\/2007\/08\/15\/peugeot-308\/#primaryimage\",\"url\":\"https:\/\/www.carideal.com\/blog\/wp-content\/uploads\/2007\/08\/peugeot308carideal-1187442397.jpg\",\"contentUrl\":\"https:\/\/www.carideal.com\/blog\/wp-content\/uploads\/2007\/08\/peugeot308carideal-1187442397.jpg\",\"width\":500,\"height\":375,\"caption\":\"Nouvelle Peugeot 308 2007\"},{\"@type\":\"BreadcrumbList\",\"@id\":\"https:\/\/www.carideal.com\/blog\/2007\/08\/15\/peugeot-308\/#breadcrumb\",\"itemListElement\":[{\"@type\":\"ListItem\",\"position\":1,\"name\":\"Blog Carid\u00e9al\",\"item\":\"https:\/\/www.carideal.com\/blog\/\"},{\"@type\":\"ListItem\",\"position\":2,\"name\":\"March\u00e9 automobile\",\"item\":\"https:\/\/www.carideal.com\/blog\/marche-automobile-voiture-neuve-occasion-4x4-suv\/\"},{\"@type\":\"ListItem\",\"position\":3,\"name\":\"Nouvelle Peugeot 308 2007\"}]},{\"@type\":\"WebSite\",\"@id\":\"https:\/\/www.carideal.com\/blog\/#website\",\"url\":\"https:\/\/www.carideal.com\/blog\/\",\"name\":\"Blog auto Carid\u00e9al\",\"description\":\"Actualit\u00e9 auto par des passionn\u00e9s\",\"publisher\":{\"@id\":\"https:\/\/www.carideal.com\/blog\/#organization\"},\"potentialAction\":[{\"@type\":\"SearchAction\",\"target\":{\"@type\":\"EntryPoint\",\"urlTemplate\":\"https:\/\/www.carideal.com\/blog\/?s={search_term_string}\"},\"query-input\":{\"@type\":\"PropertyValueSpecification\",\"valueRequired\":true,\"valueName\":\"search_term_string\"}}],\"inLanguage\":\"fr-FR\"},{\"@type\":\"Organization\",\"@id\":\"https:\/\/www.carideal.com\/blog\/#organization\",\"name\":\"Carideal\",\"url\":\"https:\/\/www.carideal.com\/blog\/\",\"logo\":{\"@type\":\"ImageObject\",\"inLanguage\":\"fr-FR\",\"@id\":\"https:\/\/www.carideal.com\/blog\/#\/schema\/logo\/image\/\",\"url\":\"http:\/\/www.carideal.com\/blog\/wp-content\/uploads\/2016\/03\/logo-carideal-mandataire-automobile.png\",\"contentUrl\":\"http:\/\/www.carideal.com\/blog\/wp-content\/uploads\/2016\/03\/logo-carideal-mandataire-automobile.png\",\"width\":300,\"height\":300,\"caption\":\"Carideal\"},\"image\":{\"@id\":\"https:\/\/www.carideal.com\/blog\/#\/schema\/logo\/image\/\"},\"sameAs\":[\"https:\/\/www.facebook.com\/Carideal.mandataire.automobile\",\"https:\/\/x.com\/caridealauto\",\"https:\/\/www.instagram.com\/carideal1\/\",\"https:\/\/www.linkedin.com\/company\/carideal.com\",\"https:\/\/fr.pinterest.com\/schiavonsas\/\",\"https:\/\/www.youtube.com\/user\/caridealsas\"]},{\"@type\":\"Person\",\"@id\":\"https:\/\/www.carideal.com\/blog\/#\/schema\/person\/cd95dc7919660de90d31b366f85be1ec\",\"name\":\"Nicolas SCHIAVON\",\"image\":{\"@type\":\"ImageObject\",\"inLanguage\":\"fr-FR\",\"@id\":\"https:\/\/www.carideal.com\/blog\/#\/schema\/person\/image\/\",\"url\":\"https:\/\/secure.gravatar.com\/avatar\/c17e55009e671d92cc7f5dc837dc418a?s=96&r=g\",\"contentUrl\":\"https:\/\/secure.gravatar.com\/avatar\/c17e55009e671d92cc7f5dc837dc418a?s=96&r=g\",\"caption\":\"Nicolas SCHIAVON\"},\"description\":\"Nicolas Schiavon est tomb\u00e9 tout petit dans la marmite automobile. Ayant eu un garage de marque automobile, mandataire automobile de la premi\u00e8re heure d\u00e8s 1999. Nicolas a cr\u00e9\u00e9 ces premiers sites de vente de voiture et blog automobile d\u00e8s 1994. Carideal est n\u00e9 le 15 d\u00e9cembre 2000 de la volont\u00e9 de vendre des voitures d'occasions en ligne puis des voitures neuves. Il a pu essayer beaucoup de voitures tr\u00e8s diff\u00e9rentes et ayant eu personnellement quelques belles autos, Subaru Impreza, Mitsubishi Lancer Evo 7, Porsche 911, Ferrari Testarrossa, Audi RS3, RS4 et j'en passe...\",\"sameAs\":[\"http:\/\/www.carideal.com\",\"https:\/\/www.facebook.com\/nicolas.schiavon.39\",\"https:\/\/www.instagram.com\/carideal1\/\",\"https:\/\/www.linkedin.com\/in\/nschiavon\/\",\"https:\/\/x.com\/caridealauto\",\"https:\/\/www.youtube.com\/user\/caridealsas\/\"],\"url\":\"https:\/\/www.carideal.com\/blog\/author\/nschiavon\/\"}]}<\/script>\n<!-- \/ Yoast SEO plugin. -->","yoast_head_json":{"title":"Nouvelle Peugeot 308 2007 - Blog auto Carid\u00e9al","description":"Nouvelle Peugeot 308 pour remplacer l'actuelle Peugeot 307 avec pour mission de d\u00e9tronner la Volkswagen Golf leader de son segment en Europe.","robots":{"index":"index","follow":"follow","max-snippet":"max-snippet:-1","max-image-preview":"max-image-preview:large","max-video-preview":"max-video-preview:-1"},"canonical":"https:\/\/www.carideal.com\/blog\/2007\/08\/15\/peugeot-308\/","og_locale":"fr_FR","og_type":"article","og_title":"Nouvelle Peugeot 308 2007 - Blog auto Carid\u00e9al","og_description":"Nouvelle Peugeot 308 pour remplacer l'actuelle Peugeot 307 avec pour mission de d\u00e9tronner la Volkswagen Golf leader de son segment en Europe.","og_url":"https:\/\/www.carideal.com\/blog\/2007\/08\/15\/peugeot-308\/","og_site_name":"Blog auto Carid\u00e9al","article_publisher":"https:\/\/www.facebook.com\/Carideal.mandataire.automobile","article_author":"https:\/\/www.facebook.com\/nicolas.schiavon.39","article_published_time":"2007-08-15T23:00:00+00:00","article_modified_time":"2023-09-05T18:55:13+00:00","og_image":[{"width":500,"height":375,"url":"https:\/\/www.carideal.com\/blog\/wp-content\/uploads\/2007\/08\/peugeot308carideal-1187442397.jpg","type":"image\/jpeg"}],"author":"Nicolas SCHIAVON","twitter_card":"summary_large_image","twitter_creator":"@caridealauto","twitter_site":"@caridealauto","twitter_misc":{"\u00c9crit par":"Nicolas SCHIAVON","Dur\u00e9e de lecture estim\u00e9e":"4 minutes"},"schema":{"@context":"https:\/\/schema.org","@graph":[{"@type":"Article","@id":"https:\/\/www.carideal.com\/blog\/2007\/08\/15\/peugeot-308\/#article","isPartOf":{"@id":"https:\/\/www.carideal.com\/blog\/2007\/08\/15\/peugeot-308\/"},"author":{"name":"Nicolas SCHIAVON","@id":"https:\/\/www.carideal.com\/blog\/#\/schema\/person\/cd95dc7919660de90d31b366f85be1ec"},"headline":"Nouvelle Peugeot 308 2007","datePublished":"2007-08-15T23:00:00+00:00","dateModified":"2023-09-05T18:55:13+00:00","mainEntityOfPage":{"@id":"https:\/\/www.carideal.com\/blog\/2007\/08\/15\/peugeot-308\/"},"wordCount":524,"commentCount":0,"publisher":{"@id":"https:\/\/www.carideal.com\/blog\/#organization"},"image":{"@id":"https:\/\/www.carideal.com\/blog\/2007\/08\/15\/peugeot-308\/#primaryimage"},"thumbnailUrl":"https:\/\/www.carideal.com\/blog\/wp-content\/uploads\/2007\/08\/peugeot308carideal-1187442397.jpg","articleSection":["Actualit\u00e9 Peugeot","March\u00e9 automobile"],"inLanguage":"fr-FR","potentialAction":[{"@type":"CommentAction","name":"Comment","target":["https:\/\/www.carideal.com\/blog\/2007\/08\/15\/peugeot-308\/#respond"]}]},{"@type":"WebPage","@id":"https:\/\/www.carideal.com\/blog\/2007\/08\/15\/peugeot-308\/","url":"https:\/\/www.carideal.com\/blog\/2007\/08\/15\/peugeot-308\/","name":"Nouvelle Peugeot 308 2007 - Blog auto Carid\u00e9al","isPartOf":{"@id":"https:\/\/www.carideal.com\/blog\/#website"},"primaryImageOfPage":{"@id":"https:\/\/www.carideal.com\/blog\/2007\/08\/15\/peugeot-308\/#primaryimage"},"image":{"@id":"https:\/\/www.carideal.com\/blog\/2007\/08\/15\/peugeot-308\/#primaryimage"},"thumbnailUrl":"https:\/\/www.carideal.com\/blog\/wp-content\/uploads\/2007\/08\/peugeot308carideal-1187442397.jpg","datePublished":"2007-08-15T23:00:00+00:00","dateModified":"2023-09-05T18:55:13+00:00","description":"Nouvelle Peugeot 308 pour remplacer l'actuelle Peugeot 307 avec pour mission de d\u00e9tronner la Volkswagen Golf leader de son segment en Europe.","breadcrumb":{"@id":"https:\/\/www.carideal.com\/blog\/2007\/08\/15\/peugeot-308\/#breadcrumb"},"inLanguage":"fr-FR","potentialAction":[{"@type":"ReadAction","target":["https:\/\/www.carideal.com\/blog\/2007\/08\/15\/peugeot-308\/"]}]},{"@type":"ImageObject","inLanguage":"fr-FR","@id":"https:\/\/www.carideal.com\/blog\/2007\/08\/15\/peugeot-308\/#primaryimage","url":"https:\/\/www.carideal.com\/blog\/wp-content\/uploads\/2007\/08\/peugeot308carideal-1187442397.jpg","contentUrl":"https:\/\/www.carideal.com\/blog\/wp-content\/uploads\/2007\/08\/peugeot308carideal-1187442397.jpg","width":500,"height":375,"caption":"Nouvelle Peugeot 308 2007"},{"@type":"BreadcrumbList","@id":"https:\/\/www.carideal.com\/blog\/2007\/08\/15\/peugeot-308\/#breadcrumb","itemListElement":[{"@type":"ListItem","position":1,"name":"Blog Carid\u00e9al","item":"https:\/\/www.carideal.com\/blog\/"},{"@type":"ListItem","position":2,"name":"March\u00e9 automobile","item":"https:\/\/www.carideal.com\/blog\/marche-automobile-voiture-neuve-occasion-4x4-suv\/"},{"@type":"ListItem","position":3,"name":"Nouvelle Peugeot 308 2007"}]},{"@type":"WebSite","@id":"https:\/\/www.carideal.com\/blog\/#website","url":"https:\/\/www.carideal.com\/blog\/","name":"Blog auto Carid\u00e9al","description":"Actualit\u00e9 auto par des passionn\u00e9s","publisher":{"@id":"https:\/\/www.carideal.com\/blog\/#organization"},"potentialAction":[{"@type":"SearchAction","target":{"@type":"EntryPoint","urlTemplate":"https:\/\/www.carideal.com\/blog\/?s={search_term_string}"},"query-input":{"@type":"PropertyValueSpecification","valueRequired":true,"valueName":"search_term_string"}}],"inLanguage":"fr-FR"},{"@type":"Organization","@id":"https:\/\/www.carideal.com\/blog\/#organization","name":"Carideal","url":"https:\/\/www.carideal.com\/blog\/","logo":{"@type":"ImageObject","inLanguage":"fr-FR","@id":"https:\/\/www.carideal.com\/blog\/#\/schema\/logo\/image\/","url":"http:\/\/www.carideal.com\/blog\/wp-content\/uploads\/2016\/03\/logo-carideal-mandataire-automobile.png","contentUrl":"http:\/\/www.carideal.com\/blog\/wp-content\/uploads\/2016\/03\/logo-carideal-mandataire-automobile.png","width":300,"height":300,"caption":"Carideal"},"image":{"@id":"https:\/\/www.carideal.com\/blog\/#\/schema\/logo\/image\/"},"sameAs":["https:\/\/www.facebook.com\/Carideal.mandataire.automobile","https:\/\/x.com\/caridealauto","https:\/\/www.instagram.com\/carideal1\/","https:\/\/www.linkedin.com\/company\/carideal.com","https:\/\/fr.pinterest.com\/schiavonsas\/","https:\/\/www.youtube.com\/user\/caridealsas"]},{"@type":"Person","@id":"https:\/\/www.carideal.com\/blog\/#\/schema\/person\/cd95dc7919660de90d31b366f85be1ec","name":"Nicolas SCHIAVON","image":{"@type":"ImageObject","inLanguage":"fr-FR","@id":"https:\/\/www.carideal.com\/blog\/#\/schema\/person\/image\/","url":"https:\/\/secure.gravatar.com\/avatar\/c17e55009e671d92cc7f5dc837dc418a?s=96&r=g","contentUrl":"https:\/\/secure.gravatar.com\/avatar\/c17e55009e671d92cc7f5dc837dc418a?s=96&r=g","caption":"Nicolas SCHIAVON"},"description":"Nicolas Schiavon est tomb\u00e9 tout petit dans la marmite automobile. Ayant eu un garage de marque automobile, mandataire automobile de la premi\u00e8re heure d\u00e8s 1999. Nicolas a cr\u00e9\u00e9 ces premiers sites de vente de voiture et blog automobile d\u00e8s 1994. Carideal est n\u00e9 le 15 d\u00e9cembre 2000 de la volont\u00e9 de vendre des voitures d'occasions en ligne puis des voitures neuves. Il a pu essayer beaucoup de voitures tr\u00e8s diff\u00e9rentes et ayant eu personnellement quelques belles autos, Subaru Impreza, Mitsubishi Lancer Evo 7, Porsche 911, Ferrari Testarrossa, Audi RS3, RS4 et j'en passe...","sameAs":["http:\/\/www.carideal.com","https:\/\/www.facebook.com\/nicolas.schiavon.39","https:\/\/www.instagram.com\/carideal1\/","https:\/\/www.linkedin.com\/in\/nschiavon\/","https:\/\/x.com\/caridealauto","https:\/\/www.youtube.com\/user\/caridealsas\/"],"url":"https:\/\/www.carideal.com\/blog\/author\/nschiavon\/"}]}},"uagb_featured_image_src":{"full":["https:\/\/www.carideal.com\/blog\/wp-content\/uploads\/2007\/08\/peugeot308carideal-1187442397.jpg",500,375,false],"thumbnail":["https:\/\/www.carideal.com\/blog\/wp-content\/uploads\/2007\/08\/peugeot308carideal-1187442397-150x150.jpg",150,150,true],"medium":["https:\/\/www.carideal.com\/blog\/wp-content\/uploads\/2007\/08\/peugeot308carideal-1187442397-300x225.jpg",300,225,true],"medium_large":["https:\/\/www.carideal.com\/blog\/wp-content\/uploads\/2007\/08\/peugeot308carideal-1187442397.jpg",500,375,false],"large":["https:\/\/www.carideal.com\/blog\/wp-content\/uploads\/2007\/08\/peugeot308carideal-1187442397.jpg",500,375,false],"1536x1536":["https:\/\/www.carideal.com\/blog\/wp-content\/uploads\/2007\/08\/peugeot308carideal-1187442397.jpg",500,375,false],"2048x2048":["https:\/\/www.carideal.com\/blog\/wp-content\/uploads\/2007\/08\/peugeot308carideal-1187442397.jpg",500,375,false],"wppr-widget":["https:\/\/www.carideal.com\/blog\/wp-content\/uploads\/2007\/08\/peugeot308carideal-1187442397-50x38.jpg",50,38,true]},"uagb_author_info":{"display_name":"Nicolas SCHIAVON","author_link":"https:\/\/www.carideal.com\/blog\/author\/nschiavon\/"},"uagb_comment_info":0,"uagb_excerpt":"Peugeot confirme l'appelation de la nouvelle Peugeot 308 de 2007 PEUGEOT\u00a0Vient de confirmer le nom\u00a0de son futur mod\u00e8le rempla\u00e7ant la Peugeot 307, et ce sera bien sur la ..... 308 ! Elle sera fabriqu\u00e9e \u00e0 Montb\u00e9liard en Franche-Comt\u00e9. Elle aura la lourde t\u00e2che de d\u00e9boulonner la Volkswagen Golf de son tr\u00f4ne europ\u00e9en. La belle s'en\u2026","_links":{"self":[{"href":"https:\/\/www.carideal.com\/blog\/wp-json\/wp\/v2\/posts\/4501"}],"collection":[{"href":"https:\/\/www.carideal.com\/blog\/wp-json\/wp\/v2\/posts"}],"about":[{"href":"https:\/\/www.carideal.com\/blog\/wp-json\/wp\/v2\/types\/post"}],"author":[{"embeddable":true,"href":"https:\/\/www.carideal.com\/blog\/wp-json\/wp\/v2\/users\/3"}],"replies":[{"embeddable":true,"href":"https:\/\/www.carideal.com\/blog\/wp-json\/wp\/v2\/comments?post=4501"}],"version-history":[{"count":0,"href":"https:\/\/www.carideal.com\/blog\/wp-json\/wp\/v2\/posts\/4501\/revisions"}],"wp:featuredmedia":[{"embeddable":true,"href":"https:\/\/www.carideal.com\/blog\/wp-json\/wp\/v2\/media\/27172"}],"wp:attachment":[{"href":"https:\/\/www.carideal.com\/blog\/wp-json\/wp\/v2\/media?parent=4501"}],"wp:term":[{"taxonomy":"category","embeddable":true,"href":"https:\/\/www.carideal.com\/blog\/wp-json\/wp\/v2\/categories?post=4501"},{"taxonomy":"post_tag","embeddable":true,"href":"https:\/\/www.carideal.com\/blog\/wp-json\/wp\/v2\/tags?post=4501"}],"curies":[{"name":"wp","href":"https:\/\/api.w.org\/{rel}","templated":true}]}}