{"id":449,"date":"2010-05-21T16:06:00","date_gmt":"2010-05-21T16:06:00","guid":{"rendered":"http:\/\/carideal.com\/blog\/?p=449"},"modified":"2020-02-06T13:10:30","modified_gmt":"2020-02-06T12:10:30","slug":"la-i-miev-aux-chevrons","status":"publish","type":"post","link":"https:\/\/www.carideal.com\/blog\/2010\/05\/21\/la-i-miev-aux-chevrons\/","title":{"rendered":"Citroen C-Zero i-MiEV aux Chevrons"},"content":{"rendered":"<h2>La Citroen C-Zero les Chevrons \u00e9lectriques<\/h2>\n<p>L'\u00e9lectrique semble enfin pointer le bout de son nez. <a href=\"http:\/\/www.carideal.com\/blog\/marque-de-voiture-actualites-essais\/citroen\/\">Citro\u00ebn<\/a> vient de d\u00e9voiler officiellement sa nouvelle voiture \u00e9lectrique baptis\u00e9e C-ZERO<\/p>\n<p>100% \u00e9lectrique, la <a href=\"http:\/\/www.carideal.com\/blog\/marque-de-voiture-actualites-essais\/citroen\/c-zero\/\">Citro\u00ebn C-ZERO<\/a> re\u00e7oit un moteur synchrone \u00e0 aimant permanent d\u00e9livrant 64 ch. Son couple maximal s'\u00e9l\u00e8ve \u00e0 180 Nm. La puissance est transmise aux roues arri\u00e8re via un r\u00e9ducteur mono-vitesse.<\/p>\n<p>L'alimentation du moteur est assur\u00e9e par des batteries de derni\u00e8re g\u00e9n\u00e9ration, de type Lithium-ion, implant\u00e9es au centre du v\u00e9hicule. Compos\u00e9e de 88 cellules de 50 Ah (\u00e9nergie embarqu\u00e9e de 16 kWh), l'alimentation est d\u00e9livr\u00e9e sous 330 Volts.<\/p>\n<p>Pour recharger, il suffit de raccorder le cordon d'alimentation \u00e0 une prise 220 Volts. Une recharge totale n\u00e9cessite 6 heures. Il est \u00e9galement possible, via un branchement \u00e0 une borne ext\u00e9rieure qui d\u00e9livre un courant monophas\u00e9, d'effectuer une recharge \u00e0 80% en seulement 30 minutes.<\/p>\n<p>Les performances annonc\u00e9es sont les suivantes\u00a0: vitesse maximale de 130 km\/h, 0 \u00e0 100 km\/h en 15 s et 60 \u00e0 90 km\/h en 6 secondes. L'autonomie est correcte avec 130 km.<\/p>\n<p>Cette quatre places est dot\u00e9e d'un coffre modeste de 166 litres de volume et disposera de tous les \u00e9quipements modernes\u00a0: direction assist\u00e9e, ESP, 6 airbags, bo\u00eetier t\u00e9l\u00e9matique autonome pour l'appel d'urgence et climatisation.<\/p>\n<p>Le prix de vente n'a pas encore \u00e9t\u00e9 communiqu\u00e9<\/p>\n","protected":false},"excerpt":{"rendered":"<p>La Citroen C-Zero les Chevrons \u00e9lectriques L&rsquo;\u00e9lectrique semble enfin pointer le bout de son nez. Citro\u00ebn vient de d\u00e9voiler officiellement sa nouvelle voiture \u00e9lectrique baptis\u00e9e C-ZERO 100% \u00e9lectrique, la Citro\u00ebn C-ZERO re\u00e7oit un moteur synchrone \u00e0 aimant permanent d\u00e9livrant 64 ch. Son couple maximal s&rsquo;\u00e9l\u00e8ve \u00e0 180 Nm. La puissance est transmise aux roues arri\u00e8re &#8230; <a title=\"Citroen C-Zero i-MiEV aux Chevrons\" class=\"read-more\" href=\"https:\/\/www.carideal.com\/blog\/2010\/05\/21\/la-i-miev-aux-chevrons\/\" aria-label=\"En savoir plus sur Citroen C-Zero i-MiEV aux Chevrons\">Lire plus<\/a><\/p>\n","protected":false},"author":1,"featured_media":0,"comment_status":"open","ping_status":"open","sticky":false,"template":"","format":"standard","meta":{"_uag_custom_page_level_css":"","_themeisle_gutenberg_block_has_review":false,"footnotes":""},"categories":[5,17191],"tags":[],"class_list":["post-449","post","type-post","status-publish","format-standard","hentry","category-citroen","category-actualites-citroen-c-zero"],"wppr_data":{"cwp_meta_box_check":"No"},"yoast_head":"<!-- This site is optimized with the Yoast SEO plugin v24.8.1 - https:\/\/yoast.com\/wordpress\/plugins\/seo\/ -->\n<title>Citroen C-Zero i-MiEV aux Chevrons - Blog auto Carid\u00e9al<\/title>\n<meta name=\"robots\" content=\"index, follow, max-snippet:-1, max-image-preview:large, max-video-preview:-1\" \/>\n<link rel=\"canonical\" href=\"https:\/\/www.carideal.com\/blog\/2010\/05\/21\/la-i-miev-aux-chevrons\/\" \/>\n<meta property=\"og:locale\" content=\"fr_FR\" \/>\n<meta property=\"og:type\" content=\"article\" \/>\n<meta property=\"og:title\" content=\"Citroen C-Zero i-MiEV aux Chevrons - Blog auto Carid\u00e9al\" \/>\n<meta property=\"og:description\" content=\"La Citroen C-Zero les Chevrons \u00e9lectriques L&#039;\u00e9lectrique semble enfin pointer le bout de son nez. Citro\u00ebn vient de d\u00e9voiler officiellement sa nouvelle voiture \u00e9lectrique baptis\u00e9e C-ZERO 100% \u00e9lectrique, la Citro\u00ebn C-ZERO re\u00e7oit un moteur synchrone \u00e0 aimant permanent d\u00e9livrant 64 ch. Son couple maximal s&#039;\u00e9l\u00e8ve \u00e0 180 Nm. La puissance est transmise aux roues arri\u00e8re ... Lire plus\" \/>\n<meta property=\"og:url\" content=\"https:\/\/www.carideal.com\/blog\/2010\/05\/21\/la-i-miev-aux-chevrons\/\" \/>\n<meta property=\"og:site_name\" content=\"Blog auto Carid\u00e9al\" \/>\n<meta property=\"article:publisher\" content=\"https:\/\/www.facebook.com\/Carideal.mandataire.automobile\" \/>\n<meta property=\"article:author\" content=\"https:\/\/www.facebook.com\/Carideal.mandataire.automobile\/\" \/>\n<meta property=\"article:published_time\" content=\"2010-05-21T16:06:00+00:00\" \/>\n<meta property=\"article:modified_time\" content=\"2020-02-06T12:10:30+00:00\" \/>\n<meta property=\"og:image\" content=\"https:\/\/www.carideal.com\/blog\/wp-content\/uploads\/2016\/03\/logo-carideal-mandataire-automobile.png\" \/>\n\t<meta property=\"og:image:width\" content=\"300\" \/>\n\t<meta property=\"og:image:height\" content=\"300\" \/>\n\t<meta property=\"og:image:type\" content=\"image\/png\" \/>\n<meta name=\"author\" content=\"N.S Carideal\" \/>\n<meta name=\"twitter:card\" content=\"summary_large_image\" \/>\n<meta name=\"twitter:creator\" content=\"@caridealauto\" \/>\n<meta name=\"twitter:site\" content=\"@caridealauto\" \/>\n<meta name=\"twitter:label1\" content=\"\u00c9crit par\" \/>\n\t<meta name=\"twitter:data1\" content=\"N.S Carideal\" \/>\n\t<meta name=\"twitter:label2\" content=\"Dur\u00e9e de lecture estim\u00e9e\" \/>\n\t<meta name=\"twitter:data2\" content=\"1 minute\" \/>\n<script type=\"application\/ld+json\" class=\"yoast-schema-graph\">{\"@context\":\"https:\/\/schema.org\",\"@graph\":[{\"@type\":\"Article\",\"@id\":\"https:\/\/www.carideal.com\/blog\/2010\/05\/21\/la-i-miev-aux-chevrons\/#article\",\"isPartOf\":{\"@id\":\"https:\/\/www.carideal.com\/blog\/2010\/05\/21\/la-i-miev-aux-chevrons\/\"},\"author\":{\"name\":\"N.S Carideal\",\"@id\":\"https:\/\/www.carideal.com\/blog\/#\/schema\/person\/985c7e757d1042d647f21bfaf8d41ebc\"},\"headline\":\"Citroen C-Zero i-MiEV aux Chevrons\",\"datePublished\":\"2010-05-21T16:06:00+00:00\",\"dateModified\":\"2020-02-06T12:10:30+00:00\",\"mainEntityOfPage\":{\"@id\":\"https:\/\/www.carideal.com\/blog\/2010\/05\/21\/la-i-miev-aux-chevrons\/\"},\"wordCount\":225,\"commentCount\":0,\"publisher\":{\"@id\":\"https:\/\/www.carideal.com\/blog\/#organization\"},\"articleSection\":[\"Actualit\u00e9 Citroen\",\"Actualit\u00e9s Citroen C-Zero\"],\"inLanguage\":\"fr-FR\",\"potentialAction\":[{\"@type\":\"CommentAction\",\"name\":\"Comment\",\"target\":[\"https:\/\/www.carideal.com\/blog\/2010\/05\/21\/la-i-miev-aux-chevrons\/#respond\"]}]},{\"@type\":\"WebPage\",\"@id\":\"https:\/\/www.carideal.com\/blog\/2010\/05\/21\/la-i-miev-aux-chevrons\/\",\"url\":\"https:\/\/www.carideal.com\/blog\/2010\/05\/21\/la-i-miev-aux-chevrons\/\",\"name\":\"Citroen C-Zero i-MiEV aux Chevrons - Blog auto Carid\u00e9al\",\"isPartOf\":{\"@id\":\"https:\/\/www.carideal.com\/blog\/#website\"},\"datePublished\":\"2010-05-21T16:06:00+00:00\",\"dateModified\":\"2020-02-06T12:10:30+00:00\",\"breadcrumb\":{\"@id\":\"https:\/\/www.carideal.com\/blog\/2010\/05\/21\/la-i-miev-aux-chevrons\/#breadcrumb\"},\"inLanguage\":\"fr-FR\",\"potentialAction\":[{\"@type\":\"ReadAction\",\"target\":[\"https:\/\/www.carideal.com\/blog\/2010\/05\/21\/la-i-miev-aux-chevrons\/\"]}]},{\"@type\":\"BreadcrumbList\",\"@id\":\"https:\/\/www.carideal.com\/blog\/2010\/05\/21\/la-i-miev-aux-chevrons\/#breadcrumb\",\"itemListElement\":[{\"@type\":\"ListItem\",\"position\":1,\"name\":\"Blog Carid\u00e9al\",\"item\":\"https:\/\/www.carideal.com\/blog\/\"},{\"@type\":\"ListItem\",\"position\":2,\"name\":\"Actualit\u00e9 constructeur automobile\",\"item\":\"https:\/\/www.carideal.com\/blog\/constructeur\/\"},{\"@type\":\"ListItem\",\"position\":3,\"name\":\"Actualit\u00e9 Citroen\",\"item\":\"https:\/\/www.carideal.com\/blog\/constructeur\/citroen\/\"},{\"@type\":\"ListItem\",\"position\":4,\"name\":\"Actualit\u00e9s Citroen C-Zero\",\"item\":\"https:\/\/www.carideal.com\/blog\/constructeur\/citroen\/actualites-citroen-c-zero\/\"},{\"@type\":\"ListItem\",\"position\":5,\"name\":\"Citroen C-Zero i-MiEV aux Chevrons\"}]},{\"@type\":\"WebSite\",\"@id\":\"https:\/\/www.carideal.com\/blog\/#website\",\"url\":\"https:\/\/www.carideal.com\/blog\/\",\"name\":\"Blog auto Carid\u00e9al\",\"description\":\"Actualit\u00e9 auto par des passionn\u00e9s\",\"publisher\":{\"@id\":\"https:\/\/www.carideal.com\/blog\/#organization\"},\"potentialAction\":[{\"@type\":\"SearchAction\",\"target\":{\"@type\":\"EntryPoint\",\"urlTemplate\":\"https:\/\/www.carideal.com\/blog\/?s={search_term_string}\"},\"query-input\":{\"@type\":\"PropertyValueSpecification\",\"valueRequired\":true,\"valueName\":\"search_term_string\"}}],\"inLanguage\":\"fr-FR\"},{\"@type\":\"Organization\",\"@id\":\"https:\/\/www.carideal.com\/blog\/#organization\",\"name\":\"Carideal\",\"url\":\"https:\/\/www.carideal.com\/blog\/\",\"logo\":{\"@type\":\"ImageObject\",\"inLanguage\":\"fr-FR\",\"@id\":\"https:\/\/www.carideal.com\/blog\/#\/schema\/logo\/image\/\",\"url\":\"http:\/\/www.carideal.com\/blog\/wp-content\/uploads\/2016\/03\/logo-carideal-mandataire-automobile.png\",\"contentUrl\":\"http:\/\/www.carideal.com\/blog\/wp-content\/uploads\/2016\/03\/logo-carideal-mandataire-automobile.png\",\"width\":300,\"height\":300,\"caption\":\"Carideal\"},\"image\":{\"@id\":\"https:\/\/www.carideal.com\/blog\/#\/schema\/logo\/image\/\"},\"sameAs\":[\"https:\/\/www.facebook.com\/Carideal.mandataire.automobile\",\"https:\/\/x.com\/caridealauto\",\"https:\/\/www.instagram.com\/carideal1\/\",\"https:\/\/www.linkedin.com\/company\/carideal.com\",\"https:\/\/fr.pinterest.com\/schiavonsas\/\",\"https:\/\/www.youtube.com\/user\/caridealsas\"]},{\"@type\":\"Person\",\"@id\":\"https:\/\/www.carideal.com\/blog\/#\/schema\/person\/985c7e757d1042d647f21bfaf8d41ebc\",\"name\":\"N.S Carideal\",\"image\":{\"@type\":\"ImageObject\",\"inLanguage\":\"fr-FR\",\"@id\":\"https:\/\/www.carideal.com\/blog\/#\/schema\/person\/image\/\",\"url\":\"https:\/\/secure.gravatar.com\/avatar\/edb7ccdf1a4e3d14aef967760d354d0e?s=96&r=g\",\"contentUrl\":\"https:\/\/secure.gravatar.com\/avatar\/edb7ccdf1a4e3d14aef967760d354d0e?s=96&r=g\",\"caption\":\"N.S Carideal\"},\"description\":\"Depuis tout petit fan d'automobile. Il est question d'essayer et de comparer toutes ces voitures qui nous ont fait r\u00e9ver, avant que celles-ci ne devient uniquement des voitures de collection.\",\"sameAs\":[\"http:\/\/www.carideal.com\/blog\",\"https:\/\/www.facebook.com\/Carideal.mandataire.automobile\/\",\"https:\/\/www.linkedin.com\/in\/nschiavon\/\",\"https:\/\/www.youtube.com\/user\/caridealsas\/\"],\"url\":\"https:\/\/www.carideal.com\/blog\/author\/admin_carideal\/\"}]}<\/script>\n<!-- \/ Yoast SEO plugin. -->","yoast_head_json":{"title":"Citroen C-Zero i-MiEV aux Chevrons - Blog auto Carid\u00e9al","robots":{"index":"index","follow":"follow","max-snippet":"max-snippet:-1","max-image-preview":"max-image-preview:large","max-video-preview":"max-video-preview:-1"},"canonical":"https:\/\/www.carideal.com\/blog\/2010\/05\/21\/la-i-miev-aux-chevrons\/","og_locale":"fr_FR","og_type":"article","og_title":"Citroen C-Zero i-MiEV aux Chevrons - Blog auto Carid\u00e9al","og_description":"La Citroen C-Zero les Chevrons \u00e9lectriques L'\u00e9lectrique semble enfin pointer le bout de son nez. Citro\u00ebn vient de d\u00e9voiler officiellement sa nouvelle voiture \u00e9lectrique baptis\u00e9e C-ZERO 100% \u00e9lectrique, la Citro\u00ebn C-ZERO re\u00e7oit un moteur synchrone \u00e0 aimant permanent d\u00e9livrant 64 ch. Son couple maximal s'\u00e9l\u00e8ve \u00e0 180 Nm. La puissance est transmise aux roues arri\u00e8re ... Lire plus","og_url":"https:\/\/www.carideal.com\/blog\/2010\/05\/21\/la-i-miev-aux-chevrons\/","og_site_name":"Blog auto Carid\u00e9al","article_publisher":"https:\/\/www.facebook.com\/Carideal.mandataire.automobile","article_author":"https:\/\/www.facebook.com\/Carideal.mandataire.automobile\/","article_published_time":"2010-05-21T16:06:00+00:00","article_modified_time":"2020-02-06T12:10:30+00:00","og_image":[{"width":300,"height":300,"url":"https:\/\/www.carideal.com\/blog\/wp-content\/uploads\/2016\/03\/logo-carideal-mandataire-automobile.png","type":"image\/png"}],"author":"N.S Carideal","twitter_card":"summary_large_image","twitter_creator":"@caridealauto","twitter_site":"@caridealauto","twitter_misc":{"\u00c9crit par":"N.S Carideal","Dur\u00e9e de lecture estim\u00e9e":"1 minute"},"schema":{"@context":"https:\/\/schema.org","@graph":[{"@type":"Article","@id":"https:\/\/www.carideal.com\/blog\/2010\/05\/21\/la-i-miev-aux-chevrons\/#article","isPartOf":{"@id":"https:\/\/www.carideal.com\/blog\/2010\/05\/21\/la-i-miev-aux-chevrons\/"},"author":{"name":"N.S Carideal","@id":"https:\/\/www.carideal.com\/blog\/#\/schema\/person\/985c7e757d1042d647f21bfaf8d41ebc"},"headline":"Citroen C-Zero i-MiEV aux Chevrons","datePublished":"2010-05-21T16:06:00+00:00","dateModified":"2020-02-06T12:10:30+00:00","mainEntityOfPage":{"@id":"https:\/\/www.carideal.com\/blog\/2010\/05\/21\/la-i-miev-aux-chevrons\/"},"wordCount":225,"commentCount":0,"publisher":{"@id":"https:\/\/www.carideal.com\/blog\/#organization"},"articleSection":["Actualit\u00e9 Citroen","Actualit\u00e9s Citroen C-Zero"],"inLanguage":"fr-FR","potentialAction":[{"@type":"CommentAction","name":"Comment","target":["https:\/\/www.carideal.com\/blog\/2010\/05\/21\/la-i-miev-aux-chevrons\/#respond"]}]},{"@type":"WebPage","@id":"https:\/\/www.carideal.com\/blog\/2010\/05\/21\/la-i-miev-aux-chevrons\/","url":"https:\/\/www.carideal.com\/blog\/2010\/05\/21\/la-i-miev-aux-chevrons\/","name":"Citroen C-Zero i-MiEV aux Chevrons - Blog auto Carid\u00e9al","isPartOf":{"@id":"https:\/\/www.carideal.com\/blog\/#website"},"datePublished":"2010-05-21T16:06:00+00:00","dateModified":"2020-02-06T12:10:30+00:00","breadcrumb":{"@id":"https:\/\/www.carideal.com\/blog\/2010\/05\/21\/la-i-miev-aux-chevrons\/#breadcrumb"},"inLanguage":"fr-FR","potentialAction":[{"@type":"ReadAction","target":["https:\/\/www.carideal.com\/blog\/2010\/05\/21\/la-i-miev-aux-chevrons\/"]}]},{"@type":"BreadcrumbList","@id":"https:\/\/www.carideal.com\/blog\/2010\/05\/21\/la-i-miev-aux-chevrons\/#breadcrumb","itemListElement":[{"@type":"ListItem","position":1,"name":"Blog Carid\u00e9al","item":"https:\/\/www.carideal.com\/blog\/"},{"@type":"ListItem","position":2,"name":"Actualit\u00e9 constructeur automobile","item":"https:\/\/www.carideal.com\/blog\/constructeur\/"},{"@type":"ListItem","position":3,"name":"Actualit\u00e9 Citroen","item":"https:\/\/www.carideal.com\/blog\/constructeur\/citroen\/"},{"@type":"ListItem","position":4,"name":"Actualit\u00e9s Citroen C-Zero","item":"https:\/\/www.carideal.com\/blog\/constructeur\/citroen\/actualites-citroen-c-zero\/"},{"@type":"ListItem","position":5,"name":"Citroen C-Zero i-MiEV aux Chevrons"}]},{"@type":"WebSite","@id":"https:\/\/www.carideal.com\/blog\/#website","url":"https:\/\/www.carideal.com\/blog\/","name":"Blog auto Carid\u00e9al","description":"Actualit\u00e9 auto par des passionn\u00e9s","publisher":{"@id":"https:\/\/www.carideal.com\/blog\/#organization"},"potentialAction":[{"@type":"SearchAction","target":{"@type":"EntryPoint","urlTemplate":"https:\/\/www.carideal.com\/blog\/?s={search_term_string}"},"query-input":{"@type":"PropertyValueSpecification","valueRequired":true,"valueName":"search_term_string"}}],"inLanguage":"fr-FR"},{"@type":"Organization","@id":"https:\/\/www.carideal.com\/blog\/#organization","name":"Carideal","url":"https:\/\/www.carideal.com\/blog\/","logo":{"@type":"ImageObject","inLanguage":"fr-FR","@id":"https:\/\/www.carideal.com\/blog\/#\/schema\/logo\/image\/","url":"http:\/\/www.carideal.com\/blog\/wp-content\/uploads\/2016\/03\/logo-carideal-mandataire-automobile.png","contentUrl":"http:\/\/www.carideal.com\/blog\/wp-content\/uploads\/2016\/03\/logo-carideal-mandataire-automobile.png","width":300,"height":300,"caption":"Carideal"},"image":{"@id":"https:\/\/www.carideal.com\/blog\/#\/schema\/logo\/image\/"},"sameAs":["https:\/\/www.facebook.com\/Carideal.mandataire.automobile","https:\/\/x.com\/caridealauto","https:\/\/www.instagram.com\/carideal1\/","https:\/\/www.linkedin.com\/company\/carideal.com","https:\/\/fr.pinterest.com\/schiavonsas\/","https:\/\/www.youtube.com\/user\/caridealsas"]},{"@type":"Person","@id":"https:\/\/www.carideal.com\/blog\/#\/schema\/person\/985c7e757d1042d647f21bfaf8d41ebc","name":"N.S Carideal","image":{"@type":"ImageObject","inLanguage":"fr-FR","@id":"https:\/\/www.carideal.com\/blog\/#\/schema\/person\/image\/","url":"https:\/\/secure.gravatar.com\/avatar\/edb7ccdf1a4e3d14aef967760d354d0e?s=96&r=g","contentUrl":"https:\/\/secure.gravatar.com\/avatar\/edb7ccdf1a4e3d14aef967760d354d0e?s=96&r=g","caption":"N.S Carideal"},"description":"Depuis tout petit fan d'automobile. Il est question d'essayer et de comparer toutes ces voitures qui nous ont fait r\u00e9ver, avant que celles-ci ne devient uniquement des voitures de collection.","sameAs":["http:\/\/www.carideal.com\/blog","https:\/\/www.facebook.com\/Carideal.mandataire.automobile\/","https:\/\/www.linkedin.com\/in\/nschiavon\/","https:\/\/www.youtube.com\/user\/caridealsas\/"],"url":"https:\/\/www.carideal.com\/blog\/author\/admin_carideal\/"}]}},"uagb_featured_image_src":{"full":false,"thumbnail":false,"medium":false,"medium_large":false,"large":false,"1536x1536":false,"2048x2048":false,"wppr-widget":false},"uagb_author_info":{"display_name":"N.S Carideal","author_link":"https:\/\/www.carideal.com\/blog\/author\/admin_carideal\/"},"uagb_comment_info":0,"uagb_excerpt":"La Citroen C-Zero les Chevrons \u00e9lectriques L'\u00e9lectrique semble enfin pointer le bout de son nez. Citro\u00ebn vient de d\u00e9voiler officiellement sa nouvelle voiture \u00e9lectrique baptis\u00e9e C-ZERO 100% \u00e9lectrique, la Citro\u00ebn C-ZERO re\u00e7oit un moteur synchrone \u00e0 aimant permanent d\u00e9livrant 64 ch. Son couple maximal s'\u00e9l\u00e8ve \u00e0 180 Nm. La puissance est transmise aux roues arri\u00e8re\u2026","_links":{"self":[{"href":"https:\/\/www.carideal.com\/blog\/wp-json\/wp\/v2\/posts\/449"}],"collection":[{"href":"https:\/\/www.carideal.com\/blog\/wp-json\/wp\/v2\/posts"}],"about":[{"href":"https:\/\/www.carideal.com\/blog\/wp-json\/wp\/v2\/types\/post"}],"author":[{"embeddable":true,"href":"https:\/\/www.carideal.com\/blog\/wp-json\/wp\/v2\/users\/1"}],"replies":[{"embeddable":true,"href":"https:\/\/www.carideal.com\/blog\/wp-json\/wp\/v2\/comments?post=449"}],"version-history":[{"count":0,"href":"https:\/\/www.carideal.com\/blog\/wp-json\/wp\/v2\/posts\/449\/revisions"}],"wp:attachment":[{"href":"https:\/\/www.carideal.com\/blog\/wp-json\/wp\/v2\/media?parent=449"}],"wp:term":[{"taxonomy":"category","embeddable":true,"href":"https:\/\/www.carideal.com\/blog\/wp-json\/wp\/v2\/categories?post=449"},{"taxonomy":"post_tag","embeddable":true,"href":"https:\/\/www.carideal.com\/blog\/wp-json\/wp\/v2\/tags?post=449"}],"curies":[{"name":"wp","href":"https:\/\/api.w.org\/{rel}","templated":true}]}}