{"id":448,"date":"2010-05-21T14:38:00","date_gmt":"2010-05-21T14:38:00","guid":{"rendered":"http:\/\/carideal.com\/blog\/?p=448"},"modified":"2016-10-16T15:31:11","modified_gmt":"2016-10-16T13:31:11","slug":"audi-frappe-fort-avec-son-nouveau-roadster-prevu-pour-2012-la-r4","status":"publish","type":"post","link":"https:\/\/www.carideal.com\/blog\/2010\/05\/21\/audi-frappe-fort-avec-son-nouveau-roadster-prevu-pour-2012-la-r4\/","title":{"rendered":"Audi Roadster R4 prevu pour 2012"},"content":{"rendered":"<h1><strong>Audi frappe fort avec son nouveau roadster prevu pour 2012 La R4<\/strong><\/h1>\n<p>Unique roadster \u00e0 moteur central de la gamme Audi, l\u2019\u00e9litiste R8 sera rejoint en 2012 par une plus abordable R4. Cette derni\u00e8re conserve l\u2019implantation du moteur sp\u00e9cifique de la R8, laquelle impose un habitacle biplace. Mais vu le positionnement tarifaire et le gabarit mini de la R4, son niveau de puissance sera nettement plus modeste.<\/p>\n<p>Longue de 3,93 m, soit 33 cm de moins qu\u2019une R8 , la R4 reprendra les lignes du concept e-tron r\u00e9v\u00e9l\u00e9 en janvier dernier \u00e0 Detroit. A l\u2019avant, la calandre single frame \u00e9volue l\u00e9g\u00e8rement en se dotant de contours biseaut\u00e9s dans la partie haute, tandis que la partie arri\u00e8re \u00e9voque sous certains angles, un muscle car am\u00e9ricain qui fleure bon les ann\u00e9es 1970. Trappue, l\u2019Audi R4 \u00e9voque la performance.<\/p>\n<p>Niveau motorisation, il s\u2019agira de moteurs \u00e0 quatre cylindres diesel et essence, implant\u00e9s transversalement et reli\u00e9s aux roues arri\u00e8re. Un 2.0 TDI de 180 ch sera compl\u00e9t\u00e9 par plusieurs d\u00e9clinaisons d\u2019un 2.0 TSI dont les puissances s\u2019\u00e9chelonneront de 200 \u00e0 300 ch<\/p>\n<p>Propos\u00e9e aux alentours de 35 000 \u20ac (\u00e0 comparer aux 112 950 \u20ac d\u2019une R8 V8, 146 800 \u20ac pour le mod\u00e8le dot\u00e9 du V10) la R4 sera n\u00e9anmoins propos\u00e9e en version Quattro dans ses d\u00e9finitions les plus sportives.<\/p>\n<p>Audi R4<\/p>\n<p>Commercialisation courant 2012<br \/>\nAudi A8 Hybride<br \/>\nAudi A4<\/p>\n","protected":false},"excerpt":{"rendered":"<p>Audi frappe fort avec son nouveau roadster prevu pour 2012 La R4 Unique roadster \u00e0 moteur central de la gamme Audi, l\u2019\u00e9litiste R8 sera rejoint en 2012 par une plus abordable R4. Cette derni\u00e8re conserve l\u2019implantation du moteur sp\u00e9cifique de la R8, laquelle impose un habitacle biplace. Mais vu le positionnement tarifaire et le gabarit &#8230; <a title=\"Audi Roadster R4 prevu pour 2012\" class=\"read-more\" href=\"https:\/\/www.carideal.com\/blog\/2010\/05\/21\/audi-frappe-fort-avec-son-nouveau-roadster-prevu-pour-2012-la-r4\/\" aria-label=\"En savoir plus sur Audi Roadster R4 prevu pour 2012\">Lire plus<\/a><\/p>\n","protected":false},"author":1,"featured_media":0,"comment_status":"open","ping_status":"open","sticky":false,"template":"","format":"standard","meta":{"_uag_custom_page_level_css":"","_themeisle_gutenberg_block_has_review":false,"footnotes":""},"categories":[9],"tags":[568,1244],"class_list":["post-448","post","type-post","status-publish","format-standard","hentry","category-divers","tag-r8","tag-roadster"],"wppr_data":[],"yoast_head":"<!-- This site is optimized with the Yoast SEO plugin v24.8.1 - https:\/\/yoast.com\/wordpress\/plugins\/seo\/ -->\n<title>Audi Roadster R4 prevu pour 2012 - Blog auto Carid\u00e9al<\/title>\n<meta name=\"robots\" content=\"index, follow, max-snippet:-1, max-image-preview:large, max-video-preview:-1\" \/>\n<link rel=\"canonical\" href=\"https:\/\/www.carideal.com\/blog\/2010\/05\/21\/audi-frappe-fort-avec-son-nouveau-roadster-prevu-pour-2012-la-r4\/\" \/>\n<meta property=\"og:locale\" content=\"fr_FR\" \/>\n<meta property=\"og:type\" content=\"article\" \/>\n<meta property=\"og:title\" content=\"Audi Roadster R4 prevu pour 2012 - Blog auto Carid\u00e9al\" \/>\n<meta property=\"og:description\" content=\"Audi frappe fort avec son nouveau roadster prevu pour 2012 La R4 Unique roadster \u00e0 moteur central de la gamme Audi, l\u2019\u00e9litiste R8 sera rejoint en 2012 par une plus abordable R4. Cette derni\u00e8re conserve l\u2019implantation du moteur sp\u00e9cifique de la R8, laquelle impose un habitacle biplace. Mais vu le positionnement tarifaire et le gabarit ... Lire plus\" \/>\n<meta property=\"og:url\" content=\"https:\/\/www.carideal.com\/blog\/2010\/05\/21\/audi-frappe-fort-avec-son-nouveau-roadster-prevu-pour-2012-la-r4\/\" \/>\n<meta property=\"og:site_name\" content=\"Blog auto Carid\u00e9al\" \/>\n<meta property=\"article:publisher\" content=\"https:\/\/www.facebook.com\/Carideal.mandataire.automobile\" \/>\n<meta property=\"article:author\" content=\"https:\/\/www.facebook.com\/Carideal.mandataire.automobile\/\" \/>\n<meta property=\"article:published_time\" content=\"2010-05-21T14:38:00+00:00\" \/>\n<meta property=\"article:modified_time\" content=\"2016-10-16T13:31:11+00:00\" \/>\n<meta property=\"og:image\" content=\"https:\/\/www.carideal.com\/blog\/wp-content\/uploads\/2016\/03\/logo-carideal-mandataire-automobile.png\" \/>\n\t<meta property=\"og:image:width\" content=\"300\" \/>\n\t<meta property=\"og:image:height\" content=\"300\" \/>\n\t<meta property=\"og:image:type\" content=\"image\/png\" \/>\n<meta name=\"author\" content=\"N.S Carideal\" \/>\n<meta name=\"twitter:card\" content=\"summary_large_image\" \/>\n<meta name=\"twitter:creator\" content=\"@caridealauto\" \/>\n<meta name=\"twitter:site\" content=\"@caridealauto\" \/>\n<meta name=\"twitter:label1\" content=\"\u00c9crit par\" \/>\n\t<meta name=\"twitter:data1\" content=\"N.S Carideal\" \/>\n\t<meta name=\"twitter:label2\" content=\"Dur\u00e9e de lecture estim\u00e9e\" \/>\n\t<meta name=\"twitter:data2\" content=\"1 minute\" \/>\n<script type=\"application\/ld+json\" class=\"yoast-schema-graph\">{\"@context\":\"https:\/\/schema.org\",\"@graph\":[{\"@type\":\"Article\",\"@id\":\"https:\/\/www.carideal.com\/blog\/2010\/05\/21\/audi-frappe-fort-avec-son-nouveau-roadster-prevu-pour-2012-la-r4\/#article\",\"isPartOf\":{\"@id\":\"https:\/\/www.carideal.com\/blog\/2010\/05\/21\/audi-frappe-fort-avec-son-nouveau-roadster-prevu-pour-2012-la-r4\/\"},\"author\":{\"name\":\"N.S Carideal\",\"@id\":\"https:\/\/www.carideal.com\/blog\/#\/schema\/person\/985c7e757d1042d647f21bfaf8d41ebc\"},\"headline\":\"Audi Roadster R4 prevu pour 2012\",\"datePublished\":\"2010-05-21T14:38:00+00:00\",\"dateModified\":\"2016-10-16T13:31:11+00:00\",\"mainEntityOfPage\":{\"@id\":\"https:\/\/www.carideal.com\/blog\/2010\/05\/21\/audi-frappe-fort-avec-son-nouveau-roadster-prevu-pour-2012-la-r4\/\"},\"wordCount\":235,\"commentCount\":0,\"publisher\":{\"@id\":\"https:\/\/www.carideal.com\/blog\/#organization\"},\"keywords\":[\"R8\",\"roadster\"],\"articleSection\":[\"Divers\"],\"inLanguage\":\"fr-FR\",\"potentialAction\":[{\"@type\":\"CommentAction\",\"name\":\"Comment\",\"target\":[\"https:\/\/www.carideal.com\/blog\/2010\/05\/21\/audi-frappe-fort-avec-son-nouveau-roadster-prevu-pour-2012-la-r4\/#respond\"]}]},{\"@type\":\"WebPage\",\"@id\":\"https:\/\/www.carideal.com\/blog\/2010\/05\/21\/audi-frappe-fort-avec-son-nouveau-roadster-prevu-pour-2012-la-r4\/\",\"url\":\"https:\/\/www.carideal.com\/blog\/2010\/05\/21\/audi-frappe-fort-avec-son-nouveau-roadster-prevu-pour-2012-la-r4\/\",\"name\":\"Audi Roadster R4 prevu pour 2012 - Blog auto Carid\u00e9al\",\"isPartOf\":{\"@id\":\"https:\/\/www.carideal.com\/blog\/#website\"},\"datePublished\":\"2010-05-21T14:38:00+00:00\",\"dateModified\":\"2016-10-16T13:31:11+00:00\",\"breadcrumb\":{\"@id\":\"https:\/\/www.carideal.com\/blog\/2010\/05\/21\/audi-frappe-fort-avec-son-nouveau-roadster-prevu-pour-2012-la-r4\/#breadcrumb\"},\"inLanguage\":\"fr-FR\",\"potentialAction\":[{\"@type\":\"ReadAction\",\"target\":[\"https:\/\/www.carideal.com\/blog\/2010\/05\/21\/audi-frappe-fort-avec-son-nouveau-roadster-prevu-pour-2012-la-r4\/\"]}]},{\"@type\":\"BreadcrumbList\",\"@id\":\"https:\/\/www.carideal.com\/blog\/2010\/05\/21\/audi-frappe-fort-avec-son-nouveau-roadster-prevu-pour-2012-la-r4\/#breadcrumb\",\"itemListElement\":[{\"@type\":\"ListItem\",\"position\":1,\"name\":\"Blog Carid\u00e9al\",\"item\":\"https:\/\/www.carideal.com\/blog\/\"},{\"@type\":\"ListItem\",\"position\":2,\"name\":\"Divers\",\"item\":\"https:\/\/www.carideal.com\/blog\/divers\/\"},{\"@type\":\"ListItem\",\"position\":3,\"name\":\"Audi Roadster R4 prevu pour 2012\"}]},{\"@type\":\"WebSite\",\"@id\":\"https:\/\/www.carideal.com\/blog\/#website\",\"url\":\"https:\/\/www.carideal.com\/blog\/\",\"name\":\"Blog auto Carid\u00e9al\",\"description\":\"Actualit\u00e9 auto par des passionn\u00e9s\",\"publisher\":{\"@id\":\"https:\/\/www.carideal.com\/blog\/#organization\"},\"potentialAction\":[{\"@type\":\"SearchAction\",\"target\":{\"@type\":\"EntryPoint\",\"urlTemplate\":\"https:\/\/www.carideal.com\/blog\/?s={search_term_string}\"},\"query-input\":{\"@type\":\"PropertyValueSpecification\",\"valueRequired\":true,\"valueName\":\"search_term_string\"}}],\"inLanguage\":\"fr-FR\"},{\"@type\":\"Organization\",\"@id\":\"https:\/\/www.carideal.com\/blog\/#organization\",\"name\":\"Carideal\",\"url\":\"https:\/\/www.carideal.com\/blog\/\",\"logo\":{\"@type\":\"ImageObject\",\"inLanguage\":\"fr-FR\",\"@id\":\"https:\/\/www.carideal.com\/blog\/#\/schema\/logo\/image\/\",\"url\":\"http:\/\/www.carideal.com\/blog\/wp-content\/uploads\/2016\/03\/logo-carideal-mandataire-automobile.png\",\"contentUrl\":\"http:\/\/www.carideal.com\/blog\/wp-content\/uploads\/2016\/03\/logo-carideal-mandataire-automobile.png\",\"width\":300,\"height\":300,\"caption\":\"Carideal\"},\"image\":{\"@id\":\"https:\/\/www.carideal.com\/blog\/#\/schema\/logo\/image\/\"},\"sameAs\":[\"https:\/\/www.facebook.com\/Carideal.mandataire.automobile\",\"https:\/\/x.com\/caridealauto\",\"https:\/\/www.instagram.com\/carideal1\/\",\"https:\/\/www.linkedin.com\/company\/carideal.com\",\"https:\/\/fr.pinterest.com\/schiavonsas\/\",\"https:\/\/www.youtube.com\/user\/caridealsas\"]},{\"@type\":\"Person\",\"@id\":\"https:\/\/www.carideal.com\/blog\/#\/schema\/person\/985c7e757d1042d647f21bfaf8d41ebc\",\"name\":\"N.S Carideal\",\"image\":{\"@type\":\"ImageObject\",\"inLanguage\":\"fr-FR\",\"@id\":\"https:\/\/www.carideal.com\/blog\/#\/schema\/person\/image\/\",\"url\":\"https:\/\/secure.gravatar.com\/avatar\/edb7ccdf1a4e3d14aef967760d354d0e?s=96&r=g\",\"contentUrl\":\"https:\/\/secure.gravatar.com\/avatar\/edb7ccdf1a4e3d14aef967760d354d0e?s=96&r=g\",\"caption\":\"N.S Carideal\"},\"description\":\"Depuis tout petit fan d'automobile. Il est question d'essayer et de comparer toutes ces voitures qui nous ont fait r\u00e9ver, avant que celles-ci ne devient uniquement des voitures de collection.\",\"sameAs\":[\"http:\/\/www.carideal.com\/blog\",\"https:\/\/www.facebook.com\/Carideal.mandataire.automobile\/\",\"https:\/\/www.linkedin.com\/in\/nschiavon\/\",\"https:\/\/www.youtube.com\/user\/caridealsas\/\"],\"url\":\"https:\/\/www.carideal.com\/blog\/author\/admin_carideal\/\"}]}<\/script>\n<!-- \/ Yoast SEO plugin. -->","yoast_head_json":{"title":"Audi Roadster R4 prevu pour 2012 - Blog auto Carid\u00e9al","robots":{"index":"index","follow":"follow","max-snippet":"max-snippet:-1","max-image-preview":"max-image-preview:large","max-video-preview":"max-video-preview:-1"},"canonical":"https:\/\/www.carideal.com\/blog\/2010\/05\/21\/audi-frappe-fort-avec-son-nouveau-roadster-prevu-pour-2012-la-r4\/","og_locale":"fr_FR","og_type":"article","og_title":"Audi Roadster R4 prevu pour 2012 - Blog auto Carid\u00e9al","og_description":"Audi frappe fort avec son nouveau roadster prevu pour 2012 La R4 Unique roadster \u00e0 moteur central de la gamme Audi, l\u2019\u00e9litiste R8 sera rejoint en 2012 par une plus abordable R4. Cette derni\u00e8re conserve l\u2019implantation du moteur sp\u00e9cifique de la R8, laquelle impose un habitacle biplace. Mais vu le positionnement tarifaire et le gabarit ... Lire plus","og_url":"https:\/\/www.carideal.com\/blog\/2010\/05\/21\/audi-frappe-fort-avec-son-nouveau-roadster-prevu-pour-2012-la-r4\/","og_site_name":"Blog auto Carid\u00e9al","article_publisher":"https:\/\/www.facebook.com\/Carideal.mandataire.automobile","article_author":"https:\/\/www.facebook.com\/Carideal.mandataire.automobile\/","article_published_time":"2010-05-21T14:38:00+00:00","article_modified_time":"2016-10-16T13:31:11+00:00","og_image":[{"width":300,"height":300,"url":"https:\/\/www.carideal.com\/blog\/wp-content\/uploads\/2016\/03\/logo-carideal-mandataire-automobile.png","type":"image\/png"}],"author":"N.S Carideal","twitter_card":"summary_large_image","twitter_creator":"@caridealauto","twitter_site":"@caridealauto","twitter_misc":{"\u00c9crit par":"N.S Carideal","Dur\u00e9e de lecture estim\u00e9e":"1 minute"},"schema":{"@context":"https:\/\/schema.org","@graph":[{"@type":"Article","@id":"https:\/\/www.carideal.com\/blog\/2010\/05\/21\/audi-frappe-fort-avec-son-nouveau-roadster-prevu-pour-2012-la-r4\/#article","isPartOf":{"@id":"https:\/\/www.carideal.com\/blog\/2010\/05\/21\/audi-frappe-fort-avec-son-nouveau-roadster-prevu-pour-2012-la-r4\/"},"author":{"name":"N.S Carideal","@id":"https:\/\/www.carideal.com\/blog\/#\/schema\/person\/985c7e757d1042d647f21bfaf8d41ebc"},"headline":"Audi Roadster R4 prevu pour 2012","datePublished":"2010-05-21T14:38:00+00:00","dateModified":"2016-10-16T13:31:11+00:00","mainEntityOfPage":{"@id":"https:\/\/www.carideal.com\/blog\/2010\/05\/21\/audi-frappe-fort-avec-son-nouveau-roadster-prevu-pour-2012-la-r4\/"},"wordCount":235,"commentCount":0,"publisher":{"@id":"https:\/\/www.carideal.com\/blog\/#organization"},"keywords":["R8","roadster"],"articleSection":["Divers"],"inLanguage":"fr-FR","potentialAction":[{"@type":"CommentAction","name":"Comment","target":["https:\/\/www.carideal.com\/blog\/2010\/05\/21\/audi-frappe-fort-avec-son-nouveau-roadster-prevu-pour-2012-la-r4\/#respond"]}]},{"@type":"WebPage","@id":"https:\/\/www.carideal.com\/blog\/2010\/05\/21\/audi-frappe-fort-avec-son-nouveau-roadster-prevu-pour-2012-la-r4\/","url":"https:\/\/www.carideal.com\/blog\/2010\/05\/21\/audi-frappe-fort-avec-son-nouveau-roadster-prevu-pour-2012-la-r4\/","name":"Audi Roadster R4 prevu pour 2012 - Blog auto Carid\u00e9al","isPartOf":{"@id":"https:\/\/www.carideal.com\/blog\/#website"},"datePublished":"2010-05-21T14:38:00+00:00","dateModified":"2016-10-16T13:31:11+00:00","breadcrumb":{"@id":"https:\/\/www.carideal.com\/blog\/2010\/05\/21\/audi-frappe-fort-avec-son-nouveau-roadster-prevu-pour-2012-la-r4\/#breadcrumb"},"inLanguage":"fr-FR","potentialAction":[{"@type":"ReadAction","target":["https:\/\/www.carideal.com\/blog\/2010\/05\/21\/audi-frappe-fort-avec-son-nouveau-roadster-prevu-pour-2012-la-r4\/"]}]},{"@type":"BreadcrumbList","@id":"https:\/\/www.carideal.com\/blog\/2010\/05\/21\/audi-frappe-fort-avec-son-nouveau-roadster-prevu-pour-2012-la-r4\/#breadcrumb","itemListElement":[{"@type":"ListItem","position":1,"name":"Blog Carid\u00e9al","item":"https:\/\/www.carideal.com\/blog\/"},{"@type":"ListItem","position":2,"name":"Divers","item":"https:\/\/www.carideal.com\/blog\/divers\/"},{"@type":"ListItem","position":3,"name":"Audi Roadster R4 prevu pour 2012"}]},{"@type":"WebSite","@id":"https:\/\/www.carideal.com\/blog\/#website","url":"https:\/\/www.carideal.com\/blog\/","name":"Blog auto Carid\u00e9al","description":"Actualit\u00e9 auto par des passionn\u00e9s","publisher":{"@id":"https:\/\/www.carideal.com\/blog\/#organization"},"potentialAction":[{"@type":"SearchAction","target":{"@type":"EntryPoint","urlTemplate":"https:\/\/www.carideal.com\/blog\/?s={search_term_string}"},"query-input":{"@type":"PropertyValueSpecification","valueRequired":true,"valueName":"search_term_string"}}],"inLanguage":"fr-FR"},{"@type":"Organization","@id":"https:\/\/www.carideal.com\/blog\/#organization","name":"Carideal","url":"https:\/\/www.carideal.com\/blog\/","logo":{"@type":"ImageObject","inLanguage":"fr-FR","@id":"https:\/\/www.carideal.com\/blog\/#\/schema\/logo\/image\/","url":"http:\/\/www.carideal.com\/blog\/wp-content\/uploads\/2016\/03\/logo-carideal-mandataire-automobile.png","contentUrl":"http:\/\/www.carideal.com\/blog\/wp-content\/uploads\/2016\/03\/logo-carideal-mandataire-automobile.png","width":300,"height":300,"caption":"Carideal"},"image":{"@id":"https:\/\/www.carideal.com\/blog\/#\/schema\/logo\/image\/"},"sameAs":["https:\/\/www.facebook.com\/Carideal.mandataire.automobile","https:\/\/x.com\/caridealauto","https:\/\/www.instagram.com\/carideal1\/","https:\/\/www.linkedin.com\/company\/carideal.com","https:\/\/fr.pinterest.com\/schiavonsas\/","https:\/\/www.youtube.com\/user\/caridealsas"]},{"@type":"Person","@id":"https:\/\/www.carideal.com\/blog\/#\/schema\/person\/985c7e757d1042d647f21bfaf8d41ebc","name":"N.S Carideal","image":{"@type":"ImageObject","inLanguage":"fr-FR","@id":"https:\/\/www.carideal.com\/blog\/#\/schema\/person\/image\/","url":"https:\/\/secure.gravatar.com\/avatar\/edb7ccdf1a4e3d14aef967760d354d0e?s=96&r=g","contentUrl":"https:\/\/secure.gravatar.com\/avatar\/edb7ccdf1a4e3d14aef967760d354d0e?s=96&r=g","caption":"N.S Carideal"},"description":"Depuis tout petit fan d'automobile. Il est question d'essayer et de comparer toutes ces voitures qui nous ont fait r\u00e9ver, avant que celles-ci ne devient uniquement des voitures de collection.","sameAs":["http:\/\/www.carideal.com\/blog","https:\/\/www.facebook.com\/Carideal.mandataire.automobile\/","https:\/\/www.linkedin.com\/in\/nschiavon\/","https:\/\/www.youtube.com\/user\/caridealsas\/"],"url":"https:\/\/www.carideal.com\/blog\/author\/admin_carideal\/"}]}},"uagb_featured_image_src":{"full":false,"thumbnail":false,"medium":false,"medium_large":false,"large":false,"1536x1536":false,"2048x2048":false,"wppr-widget":false},"uagb_author_info":{"display_name":"N.S Carideal","author_link":"https:\/\/www.carideal.com\/blog\/author\/admin_carideal\/"},"uagb_comment_info":0,"uagb_excerpt":"Audi frappe fort avec son nouveau roadster prevu pour 2012 La R4 Unique roadster \u00e0 moteur central de la gamme Audi, l\u2019\u00e9litiste R8 sera rejoint en 2012 par une plus abordable R4. Cette derni\u00e8re conserve l\u2019implantation du moteur sp\u00e9cifique de la R8, laquelle impose un habitacle biplace. Mais vu le positionnement tarifaire et le gabarit\u2026","_links":{"self":[{"href":"https:\/\/www.carideal.com\/blog\/wp-json\/wp\/v2\/posts\/448"}],"collection":[{"href":"https:\/\/www.carideal.com\/blog\/wp-json\/wp\/v2\/posts"}],"about":[{"href":"https:\/\/www.carideal.com\/blog\/wp-json\/wp\/v2\/types\/post"}],"author":[{"embeddable":true,"href":"https:\/\/www.carideal.com\/blog\/wp-json\/wp\/v2\/users\/1"}],"replies":[{"embeddable":true,"href":"https:\/\/www.carideal.com\/blog\/wp-json\/wp\/v2\/comments?post=448"}],"version-history":[{"count":0,"href":"https:\/\/www.carideal.com\/blog\/wp-json\/wp\/v2\/posts\/448\/revisions"}],"wp:attachment":[{"href":"https:\/\/www.carideal.com\/blog\/wp-json\/wp\/v2\/media?parent=448"}],"wp:term":[{"taxonomy":"category","embeddable":true,"href":"https:\/\/www.carideal.com\/blog\/wp-json\/wp\/v2\/categories?post=448"},{"taxonomy":"post_tag","embeddable":true,"href":"https:\/\/www.carideal.com\/blog\/wp-json\/wp\/v2\/tags?post=448"}],"curies":[{"name":"wp","href":"https:\/\/api.w.org\/{rel}","templated":true}]}}