{"id":4451,"date":"2015-03-05T12:54:56","date_gmt":"2015-03-05T11:54:56","guid":{"rendered":"http:\/\/www.carideal.com\/blog\/?p=4451"},"modified":"2018-10-30T10:10:08","modified_gmt":"2018-10-30T09:10:08","slug":"ds5-restylee","status":"publish","type":"post","link":"https:\/\/www.carideal.com\/blog\/2015\/03\/05\/ds5-restylee\/","title":{"rendered":"Nouvelle DS5 restyl\u00e9e 2015"},"content":{"rendered":"<h1><strong>Nouvelle DS5 Restyl\u00e9e 2015<\/strong><\/h1>\n<p>Ne l'appelez plus <a href=\"http:\/\/www.carideal.com\/blog\/marque-de-voiture-actualites-essais\/citroen\/\">Citroen<\/a> : la <strong>Nouvelle DS5 restyl\u00e9e 2015<\/strong> est le premier mod\u00e8le de la gamme \u00e0 arborer le logo et la nouvelle identit\u00e9 visuelle de la marque <a href=\"http:\/\/www.carideal.com\/blog\/marque-de-voiture-actualites-essais\/ds\/\">DS<\/a> !<\/p>\n<p>Tous tes mod\u00e8les de la marque DS respectent ces 4 marqueurs produits :<\/p>\n<p><strong>L'avant-garde du design :<\/strong> A l'ext\u00e9rieur, un style sculpt\u00e9, modele, puissant et charismatique, un style int\u00e9rieur Fluide, un axe conducteur affirm\u00e9 et la valorisation de la console centrale.<br \/>\n<strong>Un objet r\u00e9solument technologique<\/strong> : des motorisations technologiques aux performances \u00e9lev\u00e9es, des projecteurs et feux spectaculaires, aussi bien \u00e9teints qu'allum\u00e9s, porteurs des technologies les plus modernes et une offre connectivit\u00e9 et infotainment en phase avec le monde num\u00e9rique hors automobile.<\/p>\n<p><strong>L'hyperconfort dynamique :<\/strong> Des motorisations performantes, des assistances et de l'intelligence technologique au service de la conduite, une position de conduite naturelle et pr\u00e9cis\u00e9ment ajustabie, une suspension technologique offrant un confort sup\u00e9rieur \u00e0 toute la concurrence premium.<\/p>\n<p><strong>Le raffinement et l'attention du d\u00e9tail :<\/strong> Des mat\u00e9riaux nobles et innovants dans le monde automobile, des confections et des d\u00e9cors authentiques, fa\u00e7onn\u00e9s de mani\u00e8re unique.<br \/>\nDes d\u00e9tails soign\u00e9s \u00e0 l'extr\u00eame, cisel\u00e9s, inspir\u00e9s des meilleurs savoir-ire du luxe fran\u00e7ais (joaillerie, haute couture, \u00e9b\u00e9nisterie, maroquinerie.<br \/>\nLa Nouvelle DS5 restyl\u00e9e est une offre unique une cr\u00e9ation qui se d\u00e9marque originale et s\u00e9ductrice, une expression du luxe fran\u00e7ais. Une voiture qui repr\u00e9sente une image positive, une voiture dont le conducteur est fier. La premi\u00e8re de la s\u00e9rie \u00e0 offrir, gr\u00e2ce \u00e0\u00a0sa nouvelle identit\u00e9, la v\u00e9ritable expression de la marque DS.<\/p>\n<p>Con\u00e7u et cr\u00e9\u00e9 par les plus comp\u00e9tents dans leurs domaines, cet objet r\u00e9solument technotogique magn\u00e9tise l'attention par son design d'avant-garde, son raffinement et son attention du d\u00e9tail.<\/p>\n<p>La Nouvelle DS5 2015 procure au conducteur et \u00e0 ses passagers un hyperconfort dynamique, une exp\u00e9rience incroyable et unique o\u00f9 la r\u00e9alit\u00e9 et le r\u00eave se confondent. Une exp\u00e9rience fascinante.<\/p>\n<figure id=\"attachment_17823\" aria-describedby=\"caption-attachment-17823\" style=\"width: 490px\" class=\"wp-caption alignnone\"><a href=\"http:\/\/www.carideal.com\/blog\/wp-content\/uploads\/2015\/03\/ds-5-restylee-2015-int-cuir-carideal-blog-automobile-e1540889665236.jpg\"><img loading=\"lazy\" decoding=\"async\" class=\"wp-image-17823 size-full\" src=\"http:\/\/www.carideal.com\/blog\/wp-content\/uploads\/2015\/03\/ds-5-restylee-2015-int-cuir-carideal-blog-automobile-e1540889665236.jpg\" alt=\"DS5 restyl\u00e9e 2015 int\u00e9rieur Cuir\" width=\"500\" height=\"375\" \/><\/a><figcaption id=\"caption-attachment-17823\" class=\"wp-caption-text\">DS5 restyl\u00e9e 2015 int\u00e9rieur Cuir<\/figcaption><\/figure>\n<h2><strong>D\u00c9COUVRIR LA NOUVELLE DS5 2015<\/strong><\/h2>\n<p>Une cr\u00e9ation audacieuse, originale et s\u00e9duisante, qui affirme avec sa nouvelle calandre 'DS Wings' son appartenance \u00e0 la Marque Premium. Sculpt\u00e9e et sophistiqu\u00e9e, elle affiche une tr\u00e8s forte pr\u00e9sence sur la route -et inspire des sensations de conduite in\u00e9dites.<br \/>\nUn nouveau regard magn\u00e9tique.<br \/>\nLa technologie DS LED Vision associe des nouveaux projecteurs X\u00e9non et LED \u00e0 des indicateurs de direction d\u00e9filants. Ces nouveaux projecteurs apportent une prestation d'\u00e9clairage au meilleur niveau et un style moderne.<br \/>\nDe nouvelles motorisations <a href=\"http:\/\/www.carideal.com\/blog\/2014\/04\/25\/nouveaux-moteurs-bluehdi-1-6l-dv6f-euro6\/\">BlueHDi<\/a> et THP tr\u00e8s performantes r\u00e9pondant d\u00e9j\u00e0 \u00e0 la r\u00e9glementation Euro 6. Et une nouvelle boite de vitesses automatique <a href=\"http:\/\/www.carideal.com\/blog\/2015\/09\/09\/nouvelle-boite-de-vitesse-automatique-eat6\/\">EAT6<\/a>.<br \/>\nLe plaisir automobile au quotidien : une architecture hors-norme alliant compacit\u00e9 ext\u00e9rieure 4,53 ml,<br \/>\n5 vraies places, un coffre tr\u00e8s g\u00e9n\u00e9reux (468 L VDA) et modulable.<br \/>\nUne exp\u00e9rience de conduite unique gr\u00e2ce \u00e0 un hyperconfort dynamique rigoureux, une direction pr\u00e9cise et directe, une synth\u00e8se parfaite entre confort et dynamisme, une mise en sc\u00e8ne des \u00e9quipements de conduite.<\/p>\n<h3>La haute couture de la nouvelle DS5<\/h3>\n<p>A bord, des mat\u00e9riaux authentiques et du raffinement . 3 qualit\u00e9s de cuir disponibles dont le cuir serni-aniline et La confection bracelet des assises.<br \/>\nUn habitacle inspir\u00e9 de l'a\u00e9ronautique toit cockpit, affichage t\u00eate haute couleur, larges consoles centrales haute et basse int\u00e9grant des molettes et commandes type aviation appel\u00e9es Toggles switches.<br \/>\nDes \u00e9quipements modernes au service du bien-\u00eatre et de la\u00a0s\u00e9curit\u00e9 : acc\u00e8s et d\u00e9marrage mains-libres, cam\u00e9ra de recul, feux de route automatiques, Alerte de Franchissement Involontaire de Ligne.<\/p>\n<h4>Une connectivit\u00e9 sur-mesure<\/h4>\n<p>De la s\u00e9r\u00e9nit\u00e9 avec <a href=\"http:\/\/www.carideal.com\/blog\/2016\/01\/26\/ds-connect-nav\/\">DS Connect Box<\/a> et son \u00e9ventail de services, tels que les appels d'urgence et d'assistance localis\u00e9s .<br \/>\nUne nouvelle tablette tactile 7' avec la fonction Nouveau Mirror Screen pour piloter le contenu de son smartphone compatible.<br \/>\nLa technologie Hybrid 4x4.<br \/>\nUne cha\u00eene de traction full-hybride Diesel : 200 ch, 4 roues motrices, roulage urbain \u00e9lectrique {90 g de CO2\/kml. La fonction boost \u00e0 l'acc\u00e9l\u00e9ration. L'hybride \u00ab plaisir<\/p>\n<h2><strong>PR\u00c9SENTATION AU CLIENT DE LA NOUVELLE DS5<\/strong><\/h2>\n<h3>1 FACE AVANT DE LA NOUVELLE DS5<\/h3>\n<p>Une nouvelle calandre DS Wings Ent\u00e9grant le logo de la marque DS<br \/>\nLa technologie DS LED Vision, des optiques de toute derni\u00e8re g\u00e9n\u00e9ration : - Des Projecteurs directionnels X\u00e9non et des antibrougard \u00e0 LED pour une parfaite visibilit\u00e9<br \/>\n- Des projecteur} int\u00e9grant la trame DS<br \/>\n- Des indicateurs de direction d\u00e9filants pour plus de reconnaissance et de style. - Une cam\u00e9ra permettant \u00e0 la fois de d\u00e9tecter les franchissements Involontaires de ligne et de d\u00e9clencher automatiquement les feux de route pour plus de s\u00e9curit\u00e9.<br \/>\nUn pare-brise de taille optimis\u00e9e pour une parfaire visibilit\u00e9 et \u00e0 double vitrage pour le confort acoustique\u2011<\/p>\n<h3>2 COMPARTIMENT MOTEUR<\/h3>\n<p>- De nouvelles motorisations Diesel BlueHDi et essence THP tr\u00e8s performantes r\u00e9pondant d\u00e9j\u00e0 \u00e0 la r\u00e9glementation Euro 6<br \/>\n- Une nouvelle boire de vitesses automatique EAT6 offrant une consommation proche des boites manuelles et un agr\u00e9ment d'utilisation exceptionnel<br \/>\n- Une motorisation Hybrid 4x4 d\u00e9livrant 200 ch, 4 roues motrices, pour seulement 90 g\/km de CO,<\/p>\n<figure id=\"attachment_17824\" aria-describedby=\"caption-attachment-17824\" style=\"width: 590px\" class=\"wp-caption alignnone\"><a href=\"http:\/\/www.carideal.com\/blog\/wp-content\/uploads\/2015\/03\/DS5-nouvelle-phare-led-carideal-blog-automobile-2-e1540889854859.jpg\"><img loading=\"lazy\" decoding=\"async\" class=\"size-full wp-image-17824\" src=\"http:\/\/www.carideal.com\/blog\/wp-content\/uploads\/2015\/03\/DS5-nouvelle-phare-led-carideal-blog-automobile-2-e1540889854859.jpg\" alt=\"DS5 restyl\u00e9e 2015 phare LED\" width=\"600\" height=\"398\" \/><\/a><figcaption id=\"caption-attachment-17824\" class=\"wp-caption-text\">DS5 restyl\u00e9e 2015 phare LED<\/figcaption><\/figure>\n<h3>3 FACE LAT\u00c9RALE<\/h3>\n<p>- Des r\u00e9troviseurs en drapeau pour une meilleur visibilit\u00e9 int\u00e9grant un syst\u00e8me de surveillance d'angle mort pour plus de s\u00e9curit\u00e9<br \/>\n- Des vitres am\u00e8re teint\u00e9es pour une meilleure isolation thermique de l'habitai le - Des jantes 17\" avec des pneumatiques ultra-basse consommation.<br \/>\n- Des centres de roues avec le logo de la marque DS_<br \/>\n- Un acc\u00e8s facilit\u00e9 au v\u00e9hicule avec l'ADML. disponible sur les 4 portes.<br \/>\n- Des doubles joints floqu\u00e9s sur les portes avant et arri\u00e8re pour une meilleure insonorisation de l'habitacle\u2011<br \/>\n- Sur <a href=\"http:\/\/www.carideal.com\/blog\/marque-de-voiture-actualites-essais\/ds\/ds5\/\">Nouvelle DS5<\/a> Hybrid 4x4 des seuils de porte r\u00e9tro-\u00e9clair\u00e9s pour plus de style<\/p>\n<h3><strong>4 FACE ARRIERE DE LA NOUVELLE DS5<\/strong><\/h3>\n<p>- Une cam\u00e9ra de recul pour plus de facilit\u00e9 clans les man\u0153uvres de stationnement - Une poign\u00e9e de coffre non visible, parfaitement int\u00e9gr\u00e9e \u00e0 la carrosserie pour plus de style.<br \/>\nUn coffre g\u00e9n\u00e9reux, des assises de si\u00e8ges am\u00e8re d\u00e9rrirxitables,<br \/>\nune banquette 2\/3 - 1\/3 pour une optimisation de l'espace de chargement\u2022<br \/>\nPR\u00c9SENTATION AU CLIENT DE LA NOUVELLE DS5<\/p>\n<h3>5 HABITACLE DE LA NOUVELLE DS5<\/h3>\n<p>- Un raffinement r\u00e9pr\u00e9sentatif du luxe parisien, au travers :<br \/>\nd'une sellerie en cuir d'exception : Cuir Grain\u00e9, Cuir Nappa, Cuir Semi-aniline<br \/>\n- <strong>des poign\u00e9es de porte en v\u00e9ritable alu ! comme chez Aston Martin<\/strong> - d'une planche de bord soign\u00e9e et \u00e9pur\u00e9e avec des surpiqures int\u00e9grant \u00e9galement une nouvelle montre analogique pour plus de style.<br \/>\n- Un si\u00e8ge \u00e0 commandes \u00e9lectriques, int\u00e9grant un nez de coussin pour un parfait confort.<br \/>\n- Un habitacle inspir\u00e9 de l'a\u00e9ronautique : toit cockpit. affichage t\u00e9te haute couleur, push de d\u00e9marrage (ADML), larges consoles centrales int\u00e9grant des commandes type aviation appel\u00e9es toggles switches<br \/>\n- Un toit totalement vitr\u00e9 avec 3 puits de lumi\u00e8re ind\u00e9pendants, pour une luminosit\u00e9 optimale.<br \/>\nUne tablette tactile 7\" de derni\u00e8re g\u00e9n\u00e9ration, regroupant les commandes du v\u00e9hicule pour plus de facilit\u00e9 d'usage, et int\u00e9grant le Nouveau Mirror Screen pour profiter des applications compatibles de son Smartphone en toute s\u00e9curit\u00e9.<\/p>\n<h2><strong>LORS DE L'ESSAI DE LA NOUVELLE DS5<\/strong><\/h2>\n<p>- Une position de conduite sur-mesure (r\u00e9glages du du nez de coussin et du volant).<br \/>\n- Un Acc\u00e8s et D\u00e9marrage Mains Libres pour plus de facilit\u00e9 et de confort<br \/>\n- Un hyperconfort dynamique gr\u00e2ce \u00e0 une parfaite tenue de route, des liaisons au sol incisives, et des motorisations performantes toutes \u00e9quip\u00e9es du Stop &amp; Start<br \/>\n- Une tablette tactile 7, avec un usage intuitif pour plus de confort et de s\u00e9curit\u00e9 en conduisant.<br \/>\n- Un Affichage T\u00e8te Haute pour ne pas quitter la route des yeux.<br \/>\n- Des aides \u00e0 la conduite (Syst\u00e8me de Surveillance d'Angle Mort {SAM), Cam\u00e9ra de Recul, Aide au D\u00e9marrage en pente. Alerte de Franchissement Involontaire de Ligne, R\u00e9gulateur et Limiteur de Vitesse...) pour plus de s\u00e9curit\u00e9 et de confort.<\/p>\n<p>Con\u00e7ue \u00e0 Paris, capitale du luxe et de la mode, la marque DS affiche un raffinement d'exception et l'attention du d\u00e9tail. Elle adopte ainsi <strong>une offre de cuir unique dans le monde automobile.<\/strong> Une offre embl\u00e9matique du meilleur du savoir-faire \u00e0 la Fran\u00e7aise<br \/>\nLa marque DS dispose de la plus belle offre de cuir du monde automobile, permettant \u00e0 chacun de personnaliser son habitacle.<\/p>\n<p>Le cuir Grain\u00e9 est obtenu par une op\u00e9ration de refente horizontale d'une peau en deux parties, la fleur d'un c\u00f4t\u00e9 la cro\u00fbte de l'autre, ta fleur \u00e9tant la plus belle partie du cuir. La fleur du cuir grain\u00e9 est retravaill\u00e9e m\u00e9caniquement et subit un l\u00e9ger pon\u00e7age pour obtenir un grain r\u00e9gulier et un aspect homog\u00e8ne.<br \/>\n- Le cuir Nappa, est un cuir pleine fleur. Ce cuir a conserv\u00e9 toute l'\u00e9paisseur de sa fleur d'origine, car elle ne contient aucun d\u00e9faut ou tr\u00e8s peu Le cuir Nappa re\u00e7oit une couche de finition et de coloration r\u00e9sistante qui respecte le naturel de la Fleur.<br \/>\n- Le cuir Semi-aniline est une fleur naturelle qui pr\u00e9serve compl\u00e8tement l'aspect naturel de la peau tout en \u00e9tant parfaitement adapt\u00e9e aux contraintes et aux utilisations du secteur automobile<br \/>\nLe cuir Semi-aniline est la plus belle qualit\u00e9 de cuir disponible dans l'automobile. C'est un cuir de taureau de Bavi\u00e8re, \u00e9lev\u00e9 dans de grands espaces sans barbel\u00e9s<br \/>\nDes liasses de cuir sont mises \u00e0 disposition des points de vente pour illustrer ces diff\u00e9rentes qualit\u00e9s et les faire d\u00e9couvrir aux clients.<\/p>\n<h2><strong>UN RAFFINEMENT D'EXCEPTION POUR LA NOUVELLE DS5<\/strong><\/h2>\n<p><strong>Ils sont le r\u00e9sultat :<\/strong><br \/>\n- d'un long processus d'\u00e9laboration des peaux en <strong>21 \u00e9tapes<\/strong><br \/>\n- d'une <strong>s\u00e9lection tr\u00e8s rigoureuse<\/strong> des peaux aupr\u00e8s des meilleurs fournisseurs europ\u00e9ens (s\u00e9lection visuelle - absence de d\u00e9faut - tactile, olfactive, calorim\u00e9trique)<br \/>\nd'un <strong>savoir-faire artisanal<\/strong> tr\u00e8s ancien, le meilleur de ['industrie du cuir europ\u00e9en<br \/>\nd'une confection par des selliers compagnons tr\u00e8s exp\u00e9riment\u00e9s<br \/>\n<strong>Par ailleurs, une offre de couleurs permet \u00e0 chacun de personnaliser son habitacle. En plus d'une offre large, la Nouvelle DS5 b\u00e9n\u00e9ficie aussi de confections exclusives :<\/strong><br \/>\n- La <strong>confection bracelet<\/strong>, unique dans le monde automobile et r\u00e9serv\u00e9e sp\u00e9cialement \u00e0 la marque DS<br \/>\n- <strong>L'embossage du logo DS<\/strong> \u00bb sur les si\u00e8ges<\/p>\n<h3>LA TECHNOLOGIE Hybrid 4x4<\/h3>\n<p>La Nouvelle DS5 b\u00e9n\u00e9ficie de la <a href=\"http:\/\/www.carideal.com\/blog\/2011\/02\/20\/peugeot-3008-hybrid4\/\">technologie Hybrid 4x4<\/a>, une cha\u00eene de traction full hybrid associant les performances routi\u00e8res du moteur Diesel Hal 60 \u00e0 l'efficacit\u00e9 de la propulsion \u00e9lectrique. Assur\u00e9ment un hybride, qui offre des sensations de conduite<br \/>\n\u00e9nergisantes.<\/p>\n<h3>Les points forts de l'Hybrid 4x4 :<\/h3>\n<p>- 200 ch (puissance cumul\u00e9e).<br \/>\n- 4 roues motrices.<br \/>\n- Roulage urbain \u00e9lectrique.<br \/>\n- Fonction boost \u00e0 l'acc\u00e9l\u00e9ration.<br \/>\n- Une bo\u00eete de vitesses pilot\u00e9e offrant un agr\u00e9ment de conduite procur\u00e9 par la possibilit\u00e9 de choisir \u00e0 tout moment le mode de passage des vitesses, manuel ou automatique, avec tes commandes situ\u00e9es derri\u00e8re le volant.<br \/>\n- Emissions de CO2 exceptionnelles \u00e0 90 g\/km.<br \/>\nUne technologie rebaptis\u00e9e Hybrid 4x4 sur la Nouvelle DS5 pour souligner la fonction 4 roues motrices du v\u00e9hicule.<\/p>\n<h3>LA TECHNOLOGIE BlueHDi<\/h3>\n<p>Cette nouvelle famille de motorisations, \u00e0 la pointe de la technologie, permet de respecter la r\u00e9glementation europ\u00e9enne Euro 6 en \u00e9liminant 90% des \u00e9missions d'oxyde d'azote NOx ( tout en r\u00e9duisant la consommation de carburant et les \u00e9missions de CO2.<br \/>\nLa solution choisie par PSA est la plus performante du march\u00e9. La technologie SCR (Selective Catalytic Reduction), implant\u00e9e en amont du <a href=\"http:\/\/www.carideal.com\/blog\/2017\/01\/19\/selon-psa-filtre-a-particules-purification-de-lair\/\">Filtre \u00e0 Particules<\/a>, transforme gr\u00e2ce \u00e0 l'injection d'AdBlue les polluants en vapeur d'eau et en azote, inoffensifs pour la sant\u00e9.<\/p>\n<h3>LA TECHNOLOGIE TURBO THP<\/h3>\n<h4>EURO 6 THP 165 S&amp;S EAT6<\/h4>\n<p>La Nouvelle DS5 THP 165 S&amp;S consomme en cycle mixte 5,91\/100 km et affiche des \u00e9missions de CO2 de 135 g\/km.<\/p>\n<p>Avec une pression d'injection maximale de 200 bars et la technologie Stop &amp; Start l\u00e0 d\u00e9marreur renforc\u00e9, ce moteur d\u00e9livre une puissance maximale de 121 kW 165 ch CEE} \u00e0 6 000 tr\/min Le couple maximal obtenu est de 240 Nm d\u00e9s 1 400 tr\/min et reste constant jusqu'\u00e0<br \/>\n4 000 tr\/min, caract\u00e9ristique d'un remarquable agr\u00e9ment de conduite dans les bas et moyens r\u00e9gimes.<\/p>\n<h4>EURO 6 THP 210 S&amp;S BVM6<\/h4>\n<p>Avec une pression d'injection maximale de 200 bars, la g\u00e9n\u00e9ralisation de la triple injection sur les fortes charges et ta technologie <a href=\"http:\/\/www.carideal.com\/blog\/2012\/12\/06\/stopstart\/\">Stop &amp; Start<\/a> \u00e0 d\u00e9marreur renforc\u00e9, ce moteur d\u00e9livre une puissance maximal de 155 kW 210 ch CEE \u00e0 6 000 tr\/min. Le couple maximal obtenu est de 285 Nm d\u00e8s 1 750 tr\/min et reste constant jusqu'\u00e0 4 000 tr\/min, caract\u00e9ristique d'un remarquable agr\u00e9ment de conduite dans Les bas et moyens r\u00e9gimes.<\/p>\n<h3><strong>UNE NOUVELLE BO\u00ceTE DE VITESSES AUTOMATIQUE DE DERNI\u00c8RE G\u00c9N\u00c9RATION : EAT6<\/strong><\/h3>\n<p>La nouvelle boite de vitesses automatique EAT6 (Efficient Automatic Transmission 6) est con\u00e7ue et d\u00e9velopp\u00e9e par AISIN AW, 1er fabricant mondial de bo\u00eetes de vitesses automatique au niveau de qualit\u00e9 in\u00e9gal\u00e9.<br \/>\nElle permet<br \/>\n-Une <strong>consommation en rupture<\/strong> proche voire \u00e9quivalente \u00e0 des boites manuelles.<br \/>\n- Une <strong>r\u00e9duction drastique des \u00e9missions de CO2<\/strong>, avec des gains de 15 \u00e0 20 g\/km par rapport \u00e0 la g\u00e9n\u00e9ration pr\u00e9c\u00e9dente<br \/>\n- Une <strong>rapidit\u00e9 et fluidit\u00e9<\/strong> de passage am\u00e9lior\u00e9e environ 40% gr\u00e2ce \u00e0 la technologie <strong>Quickshift<\/strong> Cette technologie est une nouvelle strat\u00e9gie de pilotage synchronis\u00e9e du moteur et de la boite pour obtenir des changements de rapport plus rapides.<\/p>\n<h3><strong>LA TABLETTE TACTILE 7\" AVEC FONCTION NOUVEAU MIRROR SCREEN<\/strong><\/h3>\n<p>Parce que la technologie est indissociable de la marque DS, la Nouvelle DS5 arbore des nouveaut\u00e9s technologiques au service du bien-\u00eatre.<br \/>\nLa Nouvelle DS5 dispose d'une nouvelle tablette tactile couleur 7, v\u00e9ritable syst\u00e8me multim\u00e9dia qui centralise toute la t\u00e9l\u00e9matique embarqu\u00e9e de la voiture navigation GPS, lecteur multim\u00e9dia, connectrvit\u00e9 Smartphone...)<br \/>\nIl est ainsi possible<br \/>\n-de naviguer sur internet gr\u00e2ce \u00e0 un navigateur int\u00e9gr\u00e9. Cette navigation se fait gr\u00e2ce \u00e0 la connexion du Smartphone pr\u00e9alablement jumel\u00e9 via Bluetooth.<br \/>\n- d'\u00e9couter la radio num\u00e9rique avec une qualit\u00e9 de son nettement sup\u00e9rieure par rapport \u00e0 la technologie FM.<br \/>\n- de disposer de la Reconnaissance Vocale du Smartphone pour passer ses appels t\u00e9l\u00e9phoniques ou choisir de la musique.<br \/>\nLa fonction Nouveau Mirror Screen permet de profiter d'applications de son Smartphone compatible sur l'\u00e9cran tactile du v\u00e9hicule en toute s\u00e9curit\u00e9, gr\u00e2ce aux protocoles <a href=\"http:\/\/www.carideal.com\/blog\/2015\/02\/03\/mirrorlink-un-lien-entre-telephone-et-lecran-de-votre-voiture\/\">MirrorLink<\/a> (AndrOid) et CarPlay (Apple, fin 2015).<\/p>\n<h3>DS CONNECT BOX SUR LA NOUVELLE DS5 RESTYL\u00c9E 2015<\/h3>\n<h4>LA MARQUE DS PROPOSE UNE NOUVELLE OFFRE DE SERVICES INNOVANTS AUTOUR DE DEUX OBJECTIFS:<\/h4>\n<p>- Apporter un <strong>r\u00e9el bien-\u00eatre<\/strong> au conducteur et aux passagers au travers de services adapt\u00e9s aux besoins et sans surcharge inutile<br \/>\n- Apporter une <strong>dimension esth\u00e9tique et conviviale<\/strong> \u00e0 cette technologie par une mise en sc\u00e8ne intuitive, visible, raffin\u00e9e et valorisante pour le client<br \/>\nLes services connect\u00e9s de ta Marque ont pour vocation de r\u00e9pondre \u00e0 la double attente suivante :<br \/>\n<strong>- Gagner du temps<\/strong><br \/>\n<strong>- Profiter de la vie<\/strong><\/p>\n<h4>UN \u00c9VENTAIL DE PACKS OFFRANT PLUS DE FACILIT\u00c9<\/h4>\n<p>Gr\u00e2ce \u00e0 un module CPS et \u00e0 une carte SIMI int\u00e9gr\u00e9e \u00e0 bord, l'utilisateur peut b\u00e9n\u00e9ficier, durant toute la dur\u00e9e de vie du v\u00e9hicule, des services suivants<br \/>\n<strong>- Appels d'urgence et d'assistance localis\u00e9s<\/strong> \u2014 Rouler en s\u00e9curit\u00e9.<br \/>\n<strong>- Pack Monitoring<\/strong> \u2014 Conduite apais\u00e9e gr\u00e2ce \u00e0 l'\u00e9co-conduite et au carnet d'entretien virtuel.<br \/>\n<strong>- Pack Mapping<\/strong> \u2014 Localisation du v\u00e9hicule, affichage des informations sur l'utilisation du v\u00e9hicule en cas de pr\u00eat.<br \/>\n<strong>- Pack Tracking <\/strong>\u2014 G\u00e9olocalisation du v\u00e9hicule en cas de vol.<\/p>\n","protected":false},"excerpt":{"rendered":"<p>Nouvelle DS5 Restyl\u00e9e 2015 Ne l&rsquo;appelez plus Citroen : la Nouvelle DS5 restyl\u00e9e 2015 est le premier mod\u00e8le de la gamme \u00e0 arborer le logo et la nouvelle identit\u00e9 visuelle de la marque DS ! Tous tes mod\u00e8les de la marque DS respectent ces 4 marqueurs produits : L&rsquo;avant-garde du design : A l&rsquo;ext\u00e9rieur, un &#8230; <a title=\"Nouvelle DS5 restyl\u00e9e 2015\" class=\"read-more\" href=\"https:\/\/www.carideal.com\/blog\/2015\/03\/05\/ds5-restylee\/\" aria-label=\"En savoir plus sur Nouvelle DS5 restyl\u00e9e 2015\">Lire plus<\/a><\/p>\n","protected":false},"author":3,"featured_media":15051,"comment_status":"open","ping_status":"open","sticky":false,"template":"","format":"standard","meta":{"_uag_custom_page_level_css":"","_themeisle_gutenberg_block_has_review":false,"footnotes":""},"categories":[5944,6001,6225,6012,5974],"tags":[],"class_list":["post-4451","post","type-post","status-publish","format-standard","has-post-thumbnail","hentry","category-constructeur","category-ds","category-actualite-ds5","category-berlines","category-type-de-vehicule"],"wppr_data":{"cwp_meta_box_check":"No"},"yoast_head":"<!-- This site is optimized with the Yoast SEO plugin v24.8.1 - https:\/\/yoast.com\/wordpress\/plugins\/seo\/ -->\n<title>Nouvelle DS5 restyl\u00e9e 2015 - Blog auto Carid\u00e9al<\/title>\n<meta name=\"description\" content=\"Ne l&#039;appelez plus Citroen la Nouvelle DS5 restyl\u00e9e 2015 est le premier mod\u00e8le de la gamme \u00e0 arborer le logo et la nouvelle identit\u00e9 visuelle de la marque DS\" \/>\n<meta name=\"robots\" content=\"index, follow, max-snippet:-1, max-image-preview:large, max-video-preview:-1\" \/>\n<link rel=\"canonical\" href=\"https:\/\/www.carideal.com\/blog\/2015\/03\/05\/ds5-restylee\/\" \/>\n<meta property=\"og:locale\" content=\"fr_FR\" \/>\n<meta property=\"og:type\" content=\"article\" \/>\n<meta property=\"og:title\" content=\"Nouvelle DS5 restyl\u00e9e 2015 - Blog auto Carid\u00e9al\" \/>\n<meta property=\"og:description\" content=\"Ne l&#039;appelez plus Citroen la Nouvelle DS5 restyl\u00e9e 2015 est le premier mod\u00e8le de la gamme \u00e0 arborer le logo et la nouvelle identit\u00e9 visuelle de la marque DS\" \/>\n<meta property=\"og:url\" content=\"https:\/\/www.carideal.com\/blog\/2015\/03\/05\/ds5-restylee\/\" \/>\n<meta property=\"og:site_name\" content=\"Blog auto Carid\u00e9al\" \/>\n<meta property=\"article:publisher\" content=\"https:\/\/www.facebook.com\/Carideal.mandataire.automobile\" \/>\n<meta property=\"article:author\" content=\"https:\/\/www.facebook.com\/nicolas.schiavon.39\" \/>\n<meta property=\"article:published_time\" content=\"2015-03-05T11:54:56+00:00\" \/>\n<meta property=\"article:modified_time\" content=\"2018-10-30T09:10:08+00:00\" \/>\n<meta property=\"og:image\" content=\"https:\/\/www.carideal.com\/blog\/wp-content\/uploads\/2015\/03\/citroen_ds5_restylee-carideal-mandataire-automobile-1.jpg\" \/>\n\t<meta property=\"og:image:width\" content=\"617\" \/>\n\t<meta property=\"og:image:height\" content=\"324\" \/>\n\t<meta property=\"og:image:type\" content=\"image\/jpeg\" \/>\n<meta name=\"author\" content=\"Nicolas SCHIAVON\" \/>\n<meta name=\"twitter:card\" content=\"summary_large_image\" \/>\n<meta name=\"twitter:creator\" content=\"@caridealauto\" \/>\n<meta name=\"twitter:site\" content=\"@caridealauto\" \/>\n<meta name=\"twitter:label1\" content=\"\u00c9crit par\" \/>\n\t<meta name=\"twitter:data1\" content=\"Nicolas SCHIAVON\" \/>\n\t<meta name=\"twitter:label2\" content=\"Dur\u00e9e de lecture estim\u00e9e\" \/>\n\t<meta name=\"twitter:data2\" content=\"13 minutes\" \/>\n<script type=\"application\/ld+json\" class=\"yoast-schema-graph\">{\"@context\":\"https:\/\/schema.org\",\"@graph\":[{\"@type\":\"Article\",\"@id\":\"https:\/\/www.carideal.com\/blog\/2015\/03\/05\/ds5-restylee\/#article\",\"isPartOf\":{\"@id\":\"https:\/\/www.carideal.com\/blog\/2015\/03\/05\/ds5-restylee\/\"},\"author\":{\"name\":\"Nicolas SCHIAVON\",\"@id\":\"https:\/\/www.carideal.com\/blog\/#\/schema\/person\/cd95dc7919660de90d31b366f85be1ec\"},\"headline\":\"Nouvelle DS5 restyl\u00e9e 2015\",\"datePublished\":\"2015-03-05T11:54:56+00:00\",\"dateModified\":\"2018-10-30T09:10:08+00:00\",\"mainEntityOfPage\":{\"@id\":\"https:\/\/www.carideal.com\/blog\/2015\/03\/05\/ds5-restylee\/\"},\"wordCount\":2663,\"commentCount\":0,\"publisher\":{\"@id\":\"https:\/\/www.carideal.com\/blog\/#organization\"},\"image\":{\"@id\":\"https:\/\/www.carideal.com\/blog\/2015\/03\/05\/ds5-restylee\/#primaryimage\"},\"thumbnailUrl\":\"https:\/\/www.carideal.com\/blog\/wp-content\/uploads\/2015\/03\/citroen_ds5_restylee-carideal-mandataire-automobile-1.jpg\",\"articleSection\":[\"Actualit\u00e9 Constructeur automobile\",\"Actualit\u00e9 DS\",\"Actualit\u00e9 DS5\",\"Berlines\",\"Type de v\u00e9hicule\"],\"inLanguage\":\"fr-FR\",\"potentialAction\":[{\"@type\":\"CommentAction\",\"name\":\"Comment\",\"target\":[\"https:\/\/www.carideal.com\/blog\/2015\/03\/05\/ds5-restylee\/#respond\"]}]},{\"@type\":\"WebPage\",\"@id\":\"https:\/\/www.carideal.com\/blog\/2015\/03\/05\/ds5-restylee\/\",\"url\":\"https:\/\/www.carideal.com\/blog\/2015\/03\/05\/ds5-restylee\/\",\"name\":\"Nouvelle DS5 restyl\u00e9e 2015 - Blog auto Carid\u00e9al\",\"isPartOf\":{\"@id\":\"https:\/\/www.carideal.com\/blog\/#website\"},\"primaryImageOfPage\":{\"@id\":\"https:\/\/www.carideal.com\/blog\/2015\/03\/05\/ds5-restylee\/#primaryimage\"},\"image\":{\"@id\":\"https:\/\/www.carideal.com\/blog\/2015\/03\/05\/ds5-restylee\/#primaryimage\"},\"thumbnailUrl\":\"https:\/\/www.carideal.com\/blog\/wp-content\/uploads\/2015\/03\/citroen_ds5_restylee-carideal-mandataire-automobile-1.jpg\",\"datePublished\":\"2015-03-05T11:54:56+00:00\",\"dateModified\":\"2018-10-30T09:10:08+00:00\",\"description\":\"Ne l'appelez plus Citroen la Nouvelle DS5 restyl\u00e9e 2015 est le premier mod\u00e8le de la gamme \u00e0 arborer le logo et la nouvelle identit\u00e9 visuelle de la marque DS\",\"breadcrumb\":{\"@id\":\"https:\/\/www.carideal.com\/blog\/2015\/03\/05\/ds5-restylee\/#breadcrumb\"},\"inLanguage\":\"fr-FR\",\"potentialAction\":[{\"@type\":\"ReadAction\",\"target\":[\"https:\/\/www.carideal.com\/blog\/2015\/03\/05\/ds5-restylee\/\"]}]},{\"@type\":\"ImageObject\",\"inLanguage\":\"fr-FR\",\"@id\":\"https:\/\/www.carideal.com\/blog\/2015\/03\/05\/ds5-restylee\/#primaryimage\",\"url\":\"https:\/\/www.carideal.com\/blog\/wp-content\/uploads\/2015\/03\/citroen_ds5_restylee-carideal-mandataire-automobile-1.jpg\",\"contentUrl\":\"https:\/\/www.carideal.com\/blog\/wp-content\/uploads\/2015\/03\/citroen_ds5_restylee-carideal-mandataire-automobile-1.jpg\",\"width\":617,\"height\":324,\"caption\":\"Nouvelle DS5 restyl\u00e9e\"},{\"@type\":\"BreadcrumbList\",\"@id\":\"https:\/\/www.carideal.com\/blog\/2015\/03\/05\/ds5-restylee\/#breadcrumb\",\"itemListElement\":[{\"@type\":\"ListItem\",\"position\":1,\"name\":\"Blog Carid\u00e9al\",\"item\":\"https:\/\/www.carideal.com\/blog\/\"},{\"@type\":\"ListItem\",\"position\":2,\"name\":\"Actualit\u00e9 constructeur automobile\",\"item\":\"https:\/\/www.carideal.com\/blog\/constructeur\/\"},{\"@type\":\"ListItem\",\"position\":3,\"name\":\"Actualit\u00e9 DS\",\"item\":\"https:\/\/www.carideal.com\/blog\/constructeur\/ds\/\"},{\"@type\":\"ListItem\",\"position\":4,\"name\":\"Nouvelle DS5 restyl\u00e9e 2015\"}]},{\"@type\":\"WebSite\",\"@id\":\"https:\/\/www.carideal.com\/blog\/#website\",\"url\":\"https:\/\/www.carideal.com\/blog\/\",\"name\":\"Blog auto Carid\u00e9al\",\"description\":\"Actualit\u00e9 auto par des passionn\u00e9s\",\"publisher\":{\"@id\":\"https:\/\/www.carideal.com\/blog\/#organization\"},\"potentialAction\":[{\"@type\":\"SearchAction\",\"target\":{\"@type\":\"EntryPoint\",\"urlTemplate\":\"https:\/\/www.carideal.com\/blog\/?s={search_term_string}\"},\"query-input\":{\"@type\":\"PropertyValueSpecification\",\"valueRequired\":true,\"valueName\":\"search_term_string\"}}],\"inLanguage\":\"fr-FR\"},{\"@type\":\"Organization\",\"@id\":\"https:\/\/www.carideal.com\/blog\/#organization\",\"name\":\"Carideal\",\"url\":\"https:\/\/www.carideal.com\/blog\/\",\"logo\":{\"@type\":\"ImageObject\",\"inLanguage\":\"fr-FR\",\"@id\":\"https:\/\/www.carideal.com\/blog\/#\/schema\/logo\/image\/\",\"url\":\"http:\/\/www.carideal.com\/blog\/wp-content\/uploads\/2016\/03\/logo-carideal-mandataire-automobile.png\",\"contentUrl\":\"http:\/\/www.carideal.com\/blog\/wp-content\/uploads\/2016\/03\/logo-carideal-mandataire-automobile.png\",\"width\":300,\"height\":300,\"caption\":\"Carideal\"},\"image\":{\"@id\":\"https:\/\/www.carideal.com\/blog\/#\/schema\/logo\/image\/\"},\"sameAs\":[\"https:\/\/www.facebook.com\/Carideal.mandataire.automobile\",\"https:\/\/x.com\/caridealauto\",\"https:\/\/www.instagram.com\/carideal1\/\",\"https:\/\/www.linkedin.com\/company\/carideal.com\",\"https:\/\/fr.pinterest.com\/schiavonsas\/\",\"https:\/\/www.youtube.com\/user\/caridealsas\"]},{\"@type\":\"Person\",\"@id\":\"https:\/\/www.carideal.com\/blog\/#\/schema\/person\/cd95dc7919660de90d31b366f85be1ec\",\"name\":\"Nicolas SCHIAVON\",\"image\":{\"@type\":\"ImageObject\",\"inLanguage\":\"fr-FR\",\"@id\":\"https:\/\/www.carideal.com\/blog\/#\/schema\/person\/image\/\",\"url\":\"https:\/\/secure.gravatar.com\/avatar\/c17e55009e671d92cc7f5dc837dc418a?s=96&r=g\",\"contentUrl\":\"https:\/\/secure.gravatar.com\/avatar\/c17e55009e671d92cc7f5dc837dc418a?s=96&r=g\",\"caption\":\"Nicolas SCHIAVON\"},\"description\":\"Nicolas Schiavon est tomb\u00e9 tout petit dans la marmite automobile. Ayant eu un garage de marque automobile, mandataire automobile de la premi\u00e8re heure d\u00e8s 1999. Nicolas a cr\u00e9\u00e9 ces premiers sites de vente de voiture et blog automobile d\u00e8s 1994. Carideal est n\u00e9 le 15 d\u00e9cembre 2000 de la volont\u00e9 de vendre des voitures d'occasions en ligne puis des voitures neuves. Il a pu essayer beaucoup de voitures tr\u00e8s diff\u00e9rentes et ayant eu personnellement quelques belles autos, Subaru Impreza, Mitsubishi Lancer Evo 7, Porsche 911, Ferrari Testarrossa, Audi RS3, RS4 et j'en passe...\",\"sameAs\":[\"http:\/\/www.carideal.com\",\"https:\/\/www.facebook.com\/nicolas.schiavon.39\",\"https:\/\/www.instagram.com\/carideal1\/\",\"https:\/\/www.linkedin.com\/in\/nschiavon\/\",\"https:\/\/x.com\/caridealauto\",\"https:\/\/www.youtube.com\/user\/caridealsas\/\"],\"url\":\"https:\/\/www.carideal.com\/blog\/author\/nschiavon\/\"}]}<\/script>\n<!-- \/ Yoast SEO plugin. -->","yoast_head_json":{"title":"Nouvelle DS5 restyl\u00e9e 2015 - Blog auto Carid\u00e9al","description":"Ne l'appelez plus Citroen la Nouvelle DS5 restyl\u00e9e 2015 est le premier mod\u00e8le de la gamme \u00e0 arborer le logo et la nouvelle identit\u00e9 visuelle de la marque DS","robots":{"index":"index","follow":"follow","max-snippet":"max-snippet:-1","max-image-preview":"max-image-preview:large","max-video-preview":"max-video-preview:-1"},"canonical":"https:\/\/www.carideal.com\/blog\/2015\/03\/05\/ds5-restylee\/","og_locale":"fr_FR","og_type":"article","og_title":"Nouvelle DS5 restyl\u00e9e 2015 - Blog auto Carid\u00e9al","og_description":"Ne l'appelez plus Citroen la Nouvelle DS5 restyl\u00e9e 2015 est le premier mod\u00e8le de la gamme \u00e0 arborer le logo et la nouvelle identit\u00e9 visuelle de la marque DS","og_url":"https:\/\/www.carideal.com\/blog\/2015\/03\/05\/ds5-restylee\/","og_site_name":"Blog auto Carid\u00e9al","article_publisher":"https:\/\/www.facebook.com\/Carideal.mandataire.automobile","article_author":"https:\/\/www.facebook.com\/nicolas.schiavon.39","article_published_time":"2015-03-05T11:54:56+00:00","article_modified_time":"2018-10-30T09:10:08+00:00","og_image":[{"width":617,"height":324,"url":"https:\/\/www.carideal.com\/blog\/wp-content\/uploads\/2015\/03\/citroen_ds5_restylee-carideal-mandataire-automobile-1.jpg","type":"image\/jpeg"}],"author":"Nicolas SCHIAVON","twitter_card":"summary_large_image","twitter_creator":"@caridealauto","twitter_site":"@caridealauto","twitter_misc":{"\u00c9crit par":"Nicolas SCHIAVON","Dur\u00e9e de lecture estim\u00e9e":"13 minutes"},"schema":{"@context":"https:\/\/schema.org","@graph":[{"@type":"Article","@id":"https:\/\/www.carideal.com\/blog\/2015\/03\/05\/ds5-restylee\/#article","isPartOf":{"@id":"https:\/\/www.carideal.com\/blog\/2015\/03\/05\/ds5-restylee\/"},"author":{"name":"Nicolas SCHIAVON","@id":"https:\/\/www.carideal.com\/blog\/#\/schema\/person\/cd95dc7919660de90d31b366f85be1ec"},"headline":"Nouvelle DS5 restyl\u00e9e 2015","datePublished":"2015-03-05T11:54:56+00:00","dateModified":"2018-10-30T09:10:08+00:00","mainEntityOfPage":{"@id":"https:\/\/www.carideal.com\/blog\/2015\/03\/05\/ds5-restylee\/"},"wordCount":2663,"commentCount":0,"publisher":{"@id":"https:\/\/www.carideal.com\/blog\/#organization"},"image":{"@id":"https:\/\/www.carideal.com\/blog\/2015\/03\/05\/ds5-restylee\/#primaryimage"},"thumbnailUrl":"https:\/\/www.carideal.com\/blog\/wp-content\/uploads\/2015\/03\/citroen_ds5_restylee-carideal-mandataire-automobile-1.jpg","articleSection":["Actualit\u00e9 Constructeur automobile","Actualit\u00e9 DS","Actualit\u00e9 DS5","Berlines","Type de v\u00e9hicule"],"inLanguage":"fr-FR","potentialAction":[{"@type":"CommentAction","name":"Comment","target":["https:\/\/www.carideal.com\/blog\/2015\/03\/05\/ds5-restylee\/#respond"]}]},{"@type":"WebPage","@id":"https:\/\/www.carideal.com\/blog\/2015\/03\/05\/ds5-restylee\/","url":"https:\/\/www.carideal.com\/blog\/2015\/03\/05\/ds5-restylee\/","name":"Nouvelle DS5 restyl\u00e9e 2015 - Blog auto Carid\u00e9al","isPartOf":{"@id":"https:\/\/www.carideal.com\/blog\/#website"},"primaryImageOfPage":{"@id":"https:\/\/www.carideal.com\/blog\/2015\/03\/05\/ds5-restylee\/#primaryimage"},"image":{"@id":"https:\/\/www.carideal.com\/blog\/2015\/03\/05\/ds5-restylee\/#primaryimage"},"thumbnailUrl":"https:\/\/www.carideal.com\/blog\/wp-content\/uploads\/2015\/03\/citroen_ds5_restylee-carideal-mandataire-automobile-1.jpg","datePublished":"2015-03-05T11:54:56+00:00","dateModified":"2018-10-30T09:10:08+00:00","description":"Ne l'appelez plus Citroen la Nouvelle DS5 restyl\u00e9e 2015 est le premier mod\u00e8le de la gamme \u00e0 arborer le logo et la nouvelle identit\u00e9 visuelle de la marque DS","breadcrumb":{"@id":"https:\/\/www.carideal.com\/blog\/2015\/03\/05\/ds5-restylee\/#breadcrumb"},"inLanguage":"fr-FR","potentialAction":[{"@type":"ReadAction","target":["https:\/\/www.carideal.com\/blog\/2015\/03\/05\/ds5-restylee\/"]}]},{"@type":"ImageObject","inLanguage":"fr-FR","@id":"https:\/\/www.carideal.com\/blog\/2015\/03\/05\/ds5-restylee\/#primaryimage","url":"https:\/\/www.carideal.com\/blog\/wp-content\/uploads\/2015\/03\/citroen_ds5_restylee-carideal-mandataire-automobile-1.jpg","contentUrl":"https:\/\/www.carideal.com\/blog\/wp-content\/uploads\/2015\/03\/citroen_ds5_restylee-carideal-mandataire-automobile-1.jpg","width":617,"height":324,"caption":"Nouvelle DS5 restyl\u00e9e"},{"@type":"BreadcrumbList","@id":"https:\/\/www.carideal.com\/blog\/2015\/03\/05\/ds5-restylee\/#breadcrumb","itemListElement":[{"@type":"ListItem","position":1,"name":"Blog Carid\u00e9al","item":"https:\/\/www.carideal.com\/blog\/"},{"@type":"ListItem","position":2,"name":"Actualit\u00e9 constructeur automobile","item":"https:\/\/www.carideal.com\/blog\/constructeur\/"},{"@type":"ListItem","position":3,"name":"Actualit\u00e9 DS","item":"https:\/\/www.carideal.com\/blog\/constructeur\/ds\/"},{"@type":"ListItem","position":4,"name":"Nouvelle DS5 restyl\u00e9e 2015"}]},{"@type":"WebSite","@id":"https:\/\/www.carideal.com\/blog\/#website","url":"https:\/\/www.carideal.com\/blog\/","name":"Blog auto Carid\u00e9al","description":"Actualit\u00e9 auto par des passionn\u00e9s","publisher":{"@id":"https:\/\/www.carideal.com\/blog\/#organization"},"potentialAction":[{"@type":"SearchAction","target":{"@type":"EntryPoint","urlTemplate":"https:\/\/www.carideal.com\/blog\/?s={search_term_string}"},"query-input":{"@type":"PropertyValueSpecification","valueRequired":true,"valueName":"search_term_string"}}],"inLanguage":"fr-FR"},{"@type":"Organization","@id":"https:\/\/www.carideal.com\/blog\/#organization","name":"Carideal","url":"https:\/\/www.carideal.com\/blog\/","logo":{"@type":"ImageObject","inLanguage":"fr-FR","@id":"https:\/\/www.carideal.com\/blog\/#\/schema\/logo\/image\/","url":"http:\/\/www.carideal.com\/blog\/wp-content\/uploads\/2016\/03\/logo-carideal-mandataire-automobile.png","contentUrl":"http:\/\/www.carideal.com\/blog\/wp-content\/uploads\/2016\/03\/logo-carideal-mandataire-automobile.png","width":300,"height":300,"caption":"Carideal"},"image":{"@id":"https:\/\/www.carideal.com\/blog\/#\/schema\/logo\/image\/"},"sameAs":["https:\/\/www.facebook.com\/Carideal.mandataire.automobile","https:\/\/x.com\/caridealauto","https:\/\/www.instagram.com\/carideal1\/","https:\/\/www.linkedin.com\/company\/carideal.com","https:\/\/fr.pinterest.com\/schiavonsas\/","https:\/\/www.youtube.com\/user\/caridealsas"]},{"@type":"Person","@id":"https:\/\/www.carideal.com\/blog\/#\/schema\/person\/cd95dc7919660de90d31b366f85be1ec","name":"Nicolas SCHIAVON","image":{"@type":"ImageObject","inLanguage":"fr-FR","@id":"https:\/\/www.carideal.com\/blog\/#\/schema\/person\/image\/","url":"https:\/\/secure.gravatar.com\/avatar\/c17e55009e671d92cc7f5dc837dc418a?s=96&r=g","contentUrl":"https:\/\/secure.gravatar.com\/avatar\/c17e55009e671d92cc7f5dc837dc418a?s=96&r=g","caption":"Nicolas SCHIAVON"},"description":"Nicolas Schiavon est tomb\u00e9 tout petit dans la marmite automobile. Ayant eu un garage de marque automobile, mandataire automobile de la premi\u00e8re heure d\u00e8s 1999. Nicolas a cr\u00e9\u00e9 ces premiers sites de vente de voiture et blog automobile d\u00e8s 1994. Carideal est n\u00e9 le 15 d\u00e9cembre 2000 de la volont\u00e9 de vendre des voitures d'occasions en ligne puis des voitures neuves. Il a pu essayer beaucoup de voitures tr\u00e8s diff\u00e9rentes et ayant eu personnellement quelques belles autos, Subaru Impreza, Mitsubishi Lancer Evo 7, Porsche 911, Ferrari Testarrossa, Audi RS3, RS4 et j'en passe...","sameAs":["http:\/\/www.carideal.com","https:\/\/www.facebook.com\/nicolas.schiavon.39","https:\/\/www.instagram.com\/carideal1\/","https:\/\/www.linkedin.com\/in\/nschiavon\/","https:\/\/x.com\/caridealauto","https:\/\/www.youtube.com\/user\/caridealsas\/"],"url":"https:\/\/www.carideal.com\/blog\/author\/nschiavon\/"}]}},"uagb_featured_image_src":{"full":["https:\/\/www.carideal.com\/blog\/wp-content\/uploads\/2015\/03\/citroen_ds5_restylee-carideal-mandataire-automobile-1.jpg",617,324,false],"thumbnail":["https:\/\/www.carideal.com\/blog\/wp-content\/uploads\/2015\/03\/citroen_ds5_restylee-carideal-mandataire-automobile-1-150x150.jpg",150,150,true],"medium":["https:\/\/www.carideal.com\/blog\/wp-content\/uploads\/2015\/03\/citroen_ds5_restylee-carideal-mandataire-automobile-1-300x158.jpg",300,158,true],"medium_large":["https:\/\/www.carideal.com\/blog\/wp-content\/uploads\/2015\/03\/citroen_ds5_restylee-carideal-mandataire-automobile-1.jpg",617,324,false],"large":["https:\/\/www.carideal.com\/blog\/wp-content\/uploads\/2015\/03\/citroen_ds5_restylee-carideal-mandataire-automobile-1.jpg",617,324,false],"1536x1536":["https:\/\/www.carideal.com\/blog\/wp-content\/uploads\/2015\/03\/citroen_ds5_restylee-carideal-mandataire-automobile-1.jpg",617,324,false],"2048x2048":["https:\/\/www.carideal.com\/blog\/wp-content\/uploads\/2015\/03\/citroen_ds5_restylee-carideal-mandataire-automobile-1.jpg",617,324,false],"wppr-widget":["https:\/\/www.carideal.com\/blog\/wp-content\/uploads\/2015\/03\/citroen_ds5_restylee-carideal-mandataire-automobile-1.jpg",50,26,false]},"uagb_author_info":{"display_name":"Nicolas SCHIAVON","author_link":"https:\/\/www.carideal.com\/blog\/author\/nschiavon\/"},"uagb_comment_info":0,"uagb_excerpt":"Nouvelle DS5 Restyl\u00e9e 2015 Ne l'appelez plus Citroen : la Nouvelle DS5 restyl\u00e9e 2015 est le premier mod\u00e8le de la gamme \u00e0 arborer le logo et la nouvelle identit\u00e9 visuelle de la marque DS ! Tous tes mod\u00e8les de la marque DS respectent ces 4 marqueurs produits : L'avant-garde du design : A l'ext\u00e9rieur, un\u2026","_links":{"self":[{"href":"https:\/\/www.carideal.com\/blog\/wp-json\/wp\/v2\/posts\/4451"}],"collection":[{"href":"https:\/\/www.carideal.com\/blog\/wp-json\/wp\/v2\/posts"}],"about":[{"href":"https:\/\/www.carideal.com\/blog\/wp-json\/wp\/v2\/types\/post"}],"author":[{"embeddable":true,"href":"https:\/\/www.carideal.com\/blog\/wp-json\/wp\/v2\/users\/3"}],"replies":[{"embeddable":true,"href":"https:\/\/www.carideal.com\/blog\/wp-json\/wp\/v2\/comments?post=4451"}],"version-history":[{"count":0,"href":"https:\/\/www.carideal.com\/blog\/wp-json\/wp\/v2\/posts\/4451\/revisions"}],"wp:featuredmedia":[{"embeddable":true,"href":"https:\/\/www.carideal.com\/blog\/wp-json\/wp\/v2\/media\/15051"}],"wp:attachment":[{"href":"https:\/\/www.carideal.com\/blog\/wp-json\/wp\/v2\/media?parent=4451"}],"wp:term":[{"taxonomy":"category","embeddable":true,"href":"https:\/\/www.carideal.com\/blog\/wp-json\/wp\/v2\/categories?post=4451"},{"taxonomy":"post_tag","embeddable":true,"href":"https:\/\/www.carideal.com\/blog\/wp-json\/wp\/v2\/tags?post=4451"}],"curies":[{"name":"wp","href":"https:\/\/api.w.org\/{rel}","templated":true}]}}