{"id":445,"date":"2009-11-24T18:12:00","date_gmt":"2009-11-24T18:12:00","guid":{"rendered":"http:\/\/carideal.com\/blog\/?p=445"},"modified":"2020-05-21T11:43:34","modified_gmt":"2020-05-21T09:43:34","slug":"calendrier-pirelli-2010-est-sorti","status":"publish","type":"post","link":"https:\/\/www.carideal.com\/blog\/2009\/11\/24\/calendrier-pirelli-2010-est-sorti\/","title":{"rendered":"Le Calendrier Pirelli 2010 de Terry Richardson"},"content":{"rendered":"\n<h2 class=\"wp-block-heading\">Le Calendrier Pirelli 2010 de Terry Richardson<\/h2>\n\n\n\n<p>Le tr\u00e8s fabuleux <strong>calendrier Pirelli 2010<\/strong> vient d'\u00eatre r\u00e9v\u00e9l\u00e9 et est consultable sur son site internet. Ce calendrier et une l\u00e9gende et est attendu tous les ans par nombre de fans et collectionneurs. <\/p>\n\n\n\n<figure class=\"wp-block-image size-large\"><img loading=\"lazy\" decoding=\"async\" width=\"448\" height=\"280\" src=\"http:\/\/www.carideal.com\/blog\/wp-content\/uploads\/2009\/11\/calendrier_pirelli_2010_carideal_m.jpg\" alt=\"Le Calendrier Pirelli 2010 de Terry Richardson\" class=\"wp-image-18196\" srcset=\"https:\/\/www.carideal.com\/blog\/wp-content\/uploads\/2009\/11\/calendrier_pirelli_2010_carideal_m.jpg 448w, https:\/\/www.carideal.com\/blog\/wp-content\/uploads\/2009\/11\/calendrier_pirelli_2010_carideal_m-300x188.jpg 300w, https:\/\/www.carideal.com\/blog\/wp-content\/uploads\/2009\/11\/calendrier_pirelli_2010_carideal_m-50x31.jpg 50w, https:\/\/www.carideal.com\/blog\/wp-content\/uploads\/2009\/11\/calendrier_pirelli_2010_carideal_m-110x69.jpg 110w, https:\/\/www.carideal.com\/blog\/wp-content\/uploads\/2009\/11\/calendrier_pirelli_2010_carideal_m-420x263.jpg 420w\" sizes=\"(max-width: 448px) 100vw, 448px\" \/><figcaption>Le Calendrier Pirelli 2010 de Terry Richardson<\/figcaption><\/figure>\n\n\n\n<blockquote class=\"wp-block-quote is-layout-flow wp-block-quote-is-layout-flow\"><p>Nous on a un faible pour le mois de Mars en Brune&nbsp;!<\/p><cite>Carideal team<\/cite><\/blockquote>\n\n\n\n<p>Il a \u00e9t\u00e9 pr\u00e9sent\u00e9 au public cette ann\u00e9e \u00e0 Londres. C'est le photographe Terry Richardson qui a r\u00e9alis\u00e9 les 30 photos sur le th\u00e8me du Br\u00e9sil. Aucun trucage n'a \u00e9t\u00e9 n\u00e9cessaire pour les photos ni aucun \u00e9quipement suppl\u00e9mentaire. Le photographe ne d\u00e9sire que le pur moment.<\/p>\n\n\n\n<p><em>Nous chez Carideal on a eu les photos en premier\u00a0!<\/em> Le site officiel de Pirelli.<\/p>\n\n\n\n<p>Les beaut\u00e9s britanniques Daisy Lowe, Lily Cole et Rosie Huntington-Whiteley sont les stars du calendrier Pirelli.<\/p>\n\n\n\n<p>Les mod\u00e8les qui figurent dans le nouveau calendrier Pirelli iconique 2010 ont \u00e9t\u00e9 r\u00e9v\u00e9l\u00e9s hier soir lors d'un lancement \u00e0 Londres, et ont \u00e9t\u00e9 rejoints par la l\u00e9gende d'Hollywood et la fille Pirelli de 2007, Sophia Loren.<\/p>\n\n\n\n<p>Le calendrier collector en \u00e9dition limit\u00e9e, qui en est \u00e0 sa 46e ann\u00e9e, a \u00e9t\u00e9 r\u00e9alis\u00e9 par le photographe de mode Terry Richardson.<\/p>\n\n\n\n<h4 class=\"wp-block-heading\">Articles similaires<\/h4>\n\n\n\n\n\n<h3 class=\"wp-block-heading\">VOIR LES PHOTOS DU CALENDRIER ICI<\/h3>\n\n\n\n<iframe loading=\"lazy\" width=\"560\" height=\"315\" src=\"https:\/\/www.youtube.com\/embed\/FAFrqWqlN4o\" frameborder=\"0\" allow=\"accelerometer; autoplay; encrypted-media; gyroscope; picture-in-picture\" allowfullscreen><\/iframe>\n\n\n\n<p>Parmi les filles qui figurent sur le calendrier, on trouve les mannequins britanniques Lily Cole, Rosie Huntinton-Whitely et Daisy Lowe, qui a d\u00e9clar\u00e9 : \"C'\u00e9tait tr\u00e8s lib\u00e9rateur de pouvoir \u00eatre nue pendant une semaine\".<\/p>\n\n\n\n<p>Les filles ont pass\u00e9 une semaine au Br\u00e9sil o\u00f9 elles ont \u00e9t\u00e9 photographi\u00e9es dans des poses classiques et sexy de Pirelli - dont une o\u00f9 Daisy Lowe et le mannequin australien Catherine McNeil se tiennent ensemble, couvertes seulement par un pneu. Dans une photo, Lily Cole pose seins nus dans une piscine peu profonde et dans une autre o\u00f9 elle \u00e9treint un paresseux, ce qui, il faut l'admettre, n'a pas l'air sexy, mais elle couve encore !<\/p>\n","protected":false},"excerpt":{"rendered":"<p>Le Calendrier Pirelli 2010 de Terry Richardson Le tr\u00e8s fabuleux calendrier Pirelli 2010 vient d&rsquo;\u00eatre r\u00e9v\u00e9l\u00e9 et est consultable sur son site internet. Ce calendrier et une l\u00e9gende et est attendu tous les ans par nombre de fans et collectionneurs. Nous on a un faible pour le mois de Mars en Brune&nbsp;! Carideal team Il &#8230; <a title=\"Le Calendrier Pirelli 2010 de Terry Richardson\" class=\"read-more\" href=\"https:\/\/www.carideal.com\/blog\/2009\/11\/24\/calendrier-pirelli-2010-est-sorti\/\" aria-label=\"En savoir plus sur Le Calendrier Pirelli 2010 de Terry Richardson\">Lire plus<\/a><\/p>\n","protected":false},"author":1,"featured_media":18196,"comment_status":"open","ping_status":"open","sticky":false,"template":"","format":"image","meta":{"_uag_custom_page_level_css":"","_themeisle_gutenberg_block_has_review":false,"footnotes":""},"categories":[5943,5994],"tags":[1236],"class_list":["post-445","post","type-post","status-publish","format-image","has-post-thumbnail","hentry","category-pirelli","category-fun","tag-calendrier-pirelli","post_format-post-format-image"],"wppr_data":{"cwp_meta_box_check":"No"},"yoast_head":"<!-- This site is optimized with the Yoast SEO plugin v24.8.1 - https:\/\/yoast.com\/wordpress\/plugins\/seo\/ -->\n<title>Le Calendrier Pirelli 2010 de Terry Richardson - Blog auto Carid\u00e9al<\/title>\n<meta name=\"description\" content=\"Le tr\u00e8s fabuleux calendrier Pirelli 2010 vient d&#039;\u00eatre r\u00e9v\u00e9l\u00e9 et est consultable sur son site internet. Ce calendrier et une l\u00e9gende et est attendu tous les ans par nombre de fans et collectionneurs.\" \/>\n<meta name=\"robots\" content=\"index, follow, max-snippet:-1, max-image-preview:large, max-video-preview:-1\" \/>\n<link rel=\"canonical\" href=\"https:\/\/www.carideal.com\/blog\/2009\/11\/24\/calendrier-pirelli-2010-est-sorti\/\" \/>\n<meta property=\"og:locale\" content=\"fr_FR\" \/>\n<meta property=\"og:type\" content=\"article\" \/>\n<meta property=\"og:title\" content=\"Le Calendrier Pirelli 2010 de Terry Richardson - Blog auto Carid\u00e9al\" \/>\n<meta property=\"og:description\" content=\"Le tr\u00e8s fabuleux calendrier Pirelli 2010 vient d&#039;\u00eatre r\u00e9v\u00e9l\u00e9 et est consultable sur son site internet. Ce calendrier et une l\u00e9gende et est attendu tous les ans par nombre de fans et collectionneurs.\" \/>\n<meta property=\"og:url\" content=\"https:\/\/www.carideal.com\/blog\/2009\/11\/24\/calendrier-pirelli-2010-est-sorti\/\" \/>\n<meta property=\"og:site_name\" content=\"Blog auto Carid\u00e9al\" \/>\n<meta property=\"article:publisher\" content=\"https:\/\/www.facebook.com\/Carideal.mandataire.automobile\" \/>\n<meta property=\"article:author\" content=\"https:\/\/www.facebook.com\/Carideal.mandataire.automobile\/\" \/>\n<meta property=\"article:published_time\" content=\"2009-11-24T18:12:00+00:00\" \/>\n<meta property=\"article:modified_time\" content=\"2020-05-21T09:43:34+00:00\" \/>\n<meta property=\"og:image\" content=\"https:\/\/www.carideal.com\/blog\/wp-content\/uploads\/2009\/11\/calendrier_pirelli_2010_carideal_m.jpg\" \/>\n\t<meta property=\"og:image:width\" content=\"448\" \/>\n\t<meta property=\"og:image:height\" content=\"280\" \/>\n\t<meta property=\"og:image:type\" content=\"image\/jpeg\" \/>\n<meta name=\"author\" content=\"N.S Carideal\" \/>\n<meta name=\"twitter:card\" content=\"summary_large_image\" \/>\n<meta name=\"twitter:creator\" content=\"@caridealauto\" \/>\n<meta name=\"twitter:site\" content=\"@caridealauto\" \/>\n<meta name=\"twitter:label1\" content=\"\u00c9crit par\" \/>\n\t<meta name=\"twitter:data1\" content=\"N.S Carideal\" \/>\n\t<meta name=\"twitter:label2\" content=\"Dur\u00e9e de lecture estim\u00e9e\" \/>\n\t<meta name=\"twitter:data2\" content=\"2 minutes\" \/>\n<script type=\"application\/ld+json\" class=\"yoast-schema-graph\">{\"@context\":\"https:\/\/schema.org\",\"@graph\":[{\"@type\":\"Article\",\"@id\":\"https:\/\/www.carideal.com\/blog\/2009\/11\/24\/calendrier-pirelli-2010-est-sorti\/#article\",\"isPartOf\":{\"@id\":\"https:\/\/www.carideal.com\/blog\/2009\/11\/24\/calendrier-pirelli-2010-est-sorti\/\"},\"author\":{\"name\":\"N.S Carideal\",\"@id\":\"https:\/\/www.carideal.com\/blog\/#\/schema\/person\/985c7e757d1042d647f21bfaf8d41ebc\"},\"headline\":\"Le Calendrier Pirelli 2010 de Terry Richardson\",\"datePublished\":\"2009-11-24T18:12:00+00:00\",\"dateModified\":\"2020-05-21T09:43:34+00:00\",\"mainEntityOfPage\":{\"@id\":\"https:\/\/www.carideal.com\/blog\/2009\/11\/24\/calendrier-pirelli-2010-est-sorti\/\"},\"wordCount\":341,\"commentCount\":0,\"publisher\":{\"@id\":\"https:\/\/www.carideal.com\/blog\/#organization\"},\"image\":{\"@id\":\"https:\/\/www.carideal.com\/blog\/2009\/11\/24\/calendrier-pirelli-2010-est-sorti\/#primaryimage\"},\"thumbnailUrl\":\"https:\/\/www.carideal.com\/blog\/wp-content\/uploads\/2009\/11\/calendrier_pirelli_2010_carideal_m.jpg\",\"keywords\":[\"Calendrier Pirelli\"],\"articleSection\":[\"Actualit\u00e9 Pirelli\",\"Fun\"],\"inLanguage\":\"fr-FR\",\"potentialAction\":[{\"@type\":\"CommentAction\",\"name\":\"Comment\",\"target\":[\"https:\/\/www.carideal.com\/blog\/2009\/11\/24\/calendrier-pirelli-2010-est-sorti\/#respond\"]}]},{\"@type\":\"WebPage\",\"@id\":\"https:\/\/www.carideal.com\/blog\/2009\/11\/24\/calendrier-pirelli-2010-est-sorti\/\",\"url\":\"https:\/\/www.carideal.com\/blog\/2009\/11\/24\/calendrier-pirelli-2010-est-sorti\/\",\"name\":\"Le Calendrier Pirelli 2010 de Terry Richardson - Blog auto Carid\u00e9al\",\"isPartOf\":{\"@id\":\"https:\/\/www.carideal.com\/blog\/#website\"},\"primaryImageOfPage\":{\"@id\":\"https:\/\/www.carideal.com\/blog\/2009\/11\/24\/calendrier-pirelli-2010-est-sorti\/#primaryimage\"},\"image\":{\"@id\":\"https:\/\/www.carideal.com\/blog\/2009\/11\/24\/calendrier-pirelli-2010-est-sorti\/#primaryimage\"},\"thumbnailUrl\":\"https:\/\/www.carideal.com\/blog\/wp-content\/uploads\/2009\/11\/calendrier_pirelli_2010_carideal_m.jpg\",\"datePublished\":\"2009-11-24T18:12:00+00:00\",\"dateModified\":\"2020-05-21T09:43:34+00:00\",\"description\":\"Le tr\u00e8s fabuleux calendrier Pirelli 2010 vient d'\u00eatre r\u00e9v\u00e9l\u00e9 et est consultable sur son site internet. Ce calendrier et une l\u00e9gende et est attendu tous les ans par nombre de fans et collectionneurs.\",\"breadcrumb\":{\"@id\":\"https:\/\/www.carideal.com\/blog\/2009\/11\/24\/calendrier-pirelli-2010-est-sorti\/#breadcrumb\"},\"inLanguage\":\"fr-FR\",\"potentialAction\":[{\"@type\":\"ReadAction\",\"target\":[\"https:\/\/www.carideal.com\/blog\/2009\/11\/24\/calendrier-pirelli-2010-est-sorti\/\"]}]},{\"@type\":\"ImageObject\",\"inLanguage\":\"fr-FR\",\"@id\":\"https:\/\/www.carideal.com\/blog\/2009\/11\/24\/calendrier-pirelli-2010-est-sorti\/#primaryimage\",\"url\":\"https:\/\/www.carideal.com\/blog\/wp-content\/uploads\/2009\/11\/calendrier_pirelli_2010_carideal_m.jpg\",\"contentUrl\":\"https:\/\/www.carideal.com\/blog\/wp-content\/uploads\/2009\/11\/calendrier_pirelli_2010_carideal_m.jpg\",\"width\":448,\"height\":280,\"caption\":\"Le Calendrier Pirelli 2010 de Terry Richardson\"},{\"@type\":\"BreadcrumbList\",\"@id\":\"https:\/\/www.carideal.com\/blog\/2009\/11\/24\/calendrier-pirelli-2010-est-sorti\/#breadcrumb\",\"itemListElement\":[{\"@type\":\"ListItem\",\"position\":1,\"name\":\"Blog Carid\u00e9al\",\"item\":\"https:\/\/www.carideal.com\/blog\/\"},{\"@type\":\"ListItem\",\"position\":2,\"name\":\"Pneumatique\",\"item\":\"https:\/\/www.carideal.com\/blog\/pneumatique\/\"},{\"@type\":\"ListItem\",\"position\":3,\"name\":\"Actualit\u00e9 Pirelli\",\"item\":\"https:\/\/www.carideal.com\/blog\/pneumatique\/pirelli\/\"},{\"@type\":\"ListItem\",\"position\":4,\"name\":\"Le Calendrier Pirelli 2010 de Terry Richardson\"}]},{\"@type\":\"WebSite\",\"@id\":\"https:\/\/www.carideal.com\/blog\/#website\",\"url\":\"https:\/\/www.carideal.com\/blog\/\",\"name\":\"Blog auto Carid\u00e9al\",\"description\":\"Actualit\u00e9 auto par des passionn\u00e9s\",\"publisher\":{\"@id\":\"https:\/\/www.carideal.com\/blog\/#organization\"},\"potentialAction\":[{\"@type\":\"SearchAction\",\"target\":{\"@type\":\"EntryPoint\",\"urlTemplate\":\"https:\/\/www.carideal.com\/blog\/?s={search_term_string}\"},\"query-input\":{\"@type\":\"PropertyValueSpecification\",\"valueRequired\":true,\"valueName\":\"search_term_string\"}}],\"inLanguage\":\"fr-FR\"},{\"@type\":\"Organization\",\"@id\":\"https:\/\/www.carideal.com\/blog\/#organization\",\"name\":\"Carideal\",\"url\":\"https:\/\/www.carideal.com\/blog\/\",\"logo\":{\"@type\":\"ImageObject\",\"inLanguage\":\"fr-FR\",\"@id\":\"https:\/\/www.carideal.com\/blog\/#\/schema\/logo\/image\/\",\"url\":\"http:\/\/www.carideal.com\/blog\/wp-content\/uploads\/2016\/03\/logo-carideal-mandataire-automobile.png\",\"contentUrl\":\"http:\/\/www.carideal.com\/blog\/wp-content\/uploads\/2016\/03\/logo-carideal-mandataire-automobile.png\",\"width\":300,\"height\":300,\"caption\":\"Carideal\"},\"image\":{\"@id\":\"https:\/\/www.carideal.com\/blog\/#\/schema\/logo\/image\/\"},\"sameAs\":[\"https:\/\/www.facebook.com\/Carideal.mandataire.automobile\",\"https:\/\/x.com\/caridealauto\",\"https:\/\/www.instagram.com\/carideal1\/\",\"https:\/\/www.linkedin.com\/company\/carideal.com\",\"https:\/\/fr.pinterest.com\/schiavonsas\/\",\"https:\/\/www.youtube.com\/user\/caridealsas\"]},{\"@type\":\"Person\",\"@id\":\"https:\/\/www.carideal.com\/blog\/#\/schema\/person\/985c7e757d1042d647f21bfaf8d41ebc\",\"name\":\"N.S Carideal\",\"image\":{\"@type\":\"ImageObject\",\"inLanguage\":\"fr-FR\",\"@id\":\"https:\/\/www.carideal.com\/blog\/#\/schema\/person\/image\/\",\"url\":\"https:\/\/secure.gravatar.com\/avatar\/edb7ccdf1a4e3d14aef967760d354d0e?s=96&r=g\",\"contentUrl\":\"https:\/\/secure.gravatar.com\/avatar\/edb7ccdf1a4e3d14aef967760d354d0e?s=96&r=g\",\"caption\":\"N.S Carideal\"},\"description\":\"Depuis tout petit fan d'automobile. Il est question d'essayer et de comparer toutes ces voitures qui nous ont fait r\u00e9ver, avant que celles-ci ne devient uniquement des voitures de collection.\",\"sameAs\":[\"http:\/\/www.carideal.com\/blog\",\"https:\/\/www.facebook.com\/Carideal.mandataire.automobile\/\",\"https:\/\/www.linkedin.com\/in\/nschiavon\/\",\"https:\/\/www.youtube.com\/user\/caridealsas\/\"],\"url\":\"https:\/\/www.carideal.com\/blog\/author\/admin_carideal\/\"}]}<\/script>\n<!-- \/ Yoast SEO plugin. -->","yoast_head_json":{"title":"Le Calendrier Pirelli 2010 de Terry Richardson - Blog auto Carid\u00e9al","description":"Le tr\u00e8s fabuleux calendrier Pirelli 2010 vient d'\u00eatre r\u00e9v\u00e9l\u00e9 et est consultable sur son site internet. Ce calendrier et une l\u00e9gende et est attendu tous les ans par nombre de fans et collectionneurs.","robots":{"index":"index","follow":"follow","max-snippet":"max-snippet:-1","max-image-preview":"max-image-preview:large","max-video-preview":"max-video-preview:-1"},"canonical":"https:\/\/www.carideal.com\/blog\/2009\/11\/24\/calendrier-pirelli-2010-est-sorti\/","og_locale":"fr_FR","og_type":"article","og_title":"Le Calendrier Pirelli 2010 de Terry Richardson - Blog auto Carid\u00e9al","og_description":"Le tr\u00e8s fabuleux calendrier Pirelli 2010 vient d'\u00eatre r\u00e9v\u00e9l\u00e9 et est consultable sur son site internet. Ce calendrier et une l\u00e9gende et est attendu tous les ans par nombre de fans et collectionneurs.","og_url":"https:\/\/www.carideal.com\/blog\/2009\/11\/24\/calendrier-pirelli-2010-est-sorti\/","og_site_name":"Blog auto Carid\u00e9al","article_publisher":"https:\/\/www.facebook.com\/Carideal.mandataire.automobile","article_author":"https:\/\/www.facebook.com\/Carideal.mandataire.automobile\/","article_published_time":"2009-11-24T18:12:00+00:00","article_modified_time":"2020-05-21T09:43:34+00:00","og_image":[{"width":448,"height":280,"url":"https:\/\/www.carideal.com\/blog\/wp-content\/uploads\/2009\/11\/calendrier_pirelli_2010_carideal_m.jpg","type":"image\/jpeg"}],"author":"N.S Carideal","twitter_card":"summary_large_image","twitter_creator":"@caridealauto","twitter_site":"@caridealauto","twitter_misc":{"\u00c9crit par":"N.S Carideal","Dur\u00e9e de lecture estim\u00e9e":"2 minutes"},"schema":{"@context":"https:\/\/schema.org","@graph":[{"@type":"Article","@id":"https:\/\/www.carideal.com\/blog\/2009\/11\/24\/calendrier-pirelli-2010-est-sorti\/#article","isPartOf":{"@id":"https:\/\/www.carideal.com\/blog\/2009\/11\/24\/calendrier-pirelli-2010-est-sorti\/"},"author":{"name":"N.S Carideal","@id":"https:\/\/www.carideal.com\/blog\/#\/schema\/person\/985c7e757d1042d647f21bfaf8d41ebc"},"headline":"Le Calendrier Pirelli 2010 de Terry Richardson","datePublished":"2009-11-24T18:12:00+00:00","dateModified":"2020-05-21T09:43:34+00:00","mainEntityOfPage":{"@id":"https:\/\/www.carideal.com\/blog\/2009\/11\/24\/calendrier-pirelli-2010-est-sorti\/"},"wordCount":341,"commentCount":0,"publisher":{"@id":"https:\/\/www.carideal.com\/blog\/#organization"},"image":{"@id":"https:\/\/www.carideal.com\/blog\/2009\/11\/24\/calendrier-pirelli-2010-est-sorti\/#primaryimage"},"thumbnailUrl":"https:\/\/www.carideal.com\/blog\/wp-content\/uploads\/2009\/11\/calendrier_pirelli_2010_carideal_m.jpg","keywords":["Calendrier Pirelli"],"articleSection":["Actualit\u00e9 Pirelli","Fun"],"inLanguage":"fr-FR","potentialAction":[{"@type":"CommentAction","name":"Comment","target":["https:\/\/www.carideal.com\/blog\/2009\/11\/24\/calendrier-pirelli-2010-est-sorti\/#respond"]}]},{"@type":"WebPage","@id":"https:\/\/www.carideal.com\/blog\/2009\/11\/24\/calendrier-pirelli-2010-est-sorti\/","url":"https:\/\/www.carideal.com\/blog\/2009\/11\/24\/calendrier-pirelli-2010-est-sorti\/","name":"Le Calendrier Pirelli 2010 de Terry Richardson - Blog auto Carid\u00e9al","isPartOf":{"@id":"https:\/\/www.carideal.com\/blog\/#website"},"primaryImageOfPage":{"@id":"https:\/\/www.carideal.com\/blog\/2009\/11\/24\/calendrier-pirelli-2010-est-sorti\/#primaryimage"},"image":{"@id":"https:\/\/www.carideal.com\/blog\/2009\/11\/24\/calendrier-pirelli-2010-est-sorti\/#primaryimage"},"thumbnailUrl":"https:\/\/www.carideal.com\/blog\/wp-content\/uploads\/2009\/11\/calendrier_pirelli_2010_carideal_m.jpg","datePublished":"2009-11-24T18:12:00+00:00","dateModified":"2020-05-21T09:43:34+00:00","description":"Le tr\u00e8s fabuleux calendrier Pirelli 2010 vient d'\u00eatre r\u00e9v\u00e9l\u00e9 et est consultable sur son site internet. Ce calendrier et une l\u00e9gende et est attendu tous les ans par nombre de fans et collectionneurs.","breadcrumb":{"@id":"https:\/\/www.carideal.com\/blog\/2009\/11\/24\/calendrier-pirelli-2010-est-sorti\/#breadcrumb"},"inLanguage":"fr-FR","potentialAction":[{"@type":"ReadAction","target":["https:\/\/www.carideal.com\/blog\/2009\/11\/24\/calendrier-pirelli-2010-est-sorti\/"]}]},{"@type":"ImageObject","inLanguage":"fr-FR","@id":"https:\/\/www.carideal.com\/blog\/2009\/11\/24\/calendrier-pirelli-2010-est-sorti\/#primaryimage","url":"https:\/\/www.carideal.com\/blog\/wp-content\/uploads\/2009\/11\/calendrier_pirelli_2010_carideal_m.jpg","contentUrl":"https:\/\/www.carideal.com\/blog\/wp-content\/uploads\/2009\/11\/calendrier_pirelli_2010_carideal_m.jpg","width":448,"height":280,"caption":"Le Calendrier Pirelli 2010 de Terry Richardson"},{"@type":"BreadcrumbList","@id":"https:\/\/www.carideal.com\/blog\/2009\/11\/24\/calendrier-pirelli-2010-est-sorti\/#breadcrumb","itemListElement":[{"@type":"ListItem","position":1,"name":"Blog Carid\u00e9al","item":"https:\/\/www.carideal.com\/blog\/"},{"@type":"ListItem","position":2,"name":"Pneumatique","item":"https:\/\/www.carideal.com\/blog\/pneumatique\/"},{"@type":"ListItem","position":3,"name":"Actualit\u00e9 Pirelli","item":"https:\/\/www.carideal.com\/blog\/pneumatique\/pirelli\/"},{"@type":"ListItem","position":4,"name":"Le Calendrier Pirelli 2010 de Terry Richardson"}]},{"@type":"WebSite","@id":"https:\/\/www.carideal.com\/blog\/#website","url":"https:\/\/www.carideal.com\/blog\/","name":"Blog auto Carid\u00e9al","description":"Actualit\u00e9 auto par des passionn\u00e9s","publisher":{"@id":"https:\/\/www.carideal.com\/blog\/#organization"},"potentialAction":[{"@type":"SearchAction","target":{"@type":"EntryPoint","urlTemplate":"https:\/\/www.carideal.com\/blog\/?s={search_term_string}"},"query-input":{"@type":"PropertyValueSpecification","valueRequired":true,"valueName":"search_term_string"}}],"inLanguage":"fr-FR"},{"@type":"Organization","@id":"https:\/\/www.carideal.com\/blog\/#organization","name":"Carideal","url":"https:\/\/www.carideal.com\/blog\/","logo":{"@type":"ImageObject","inLanguage":"fr-FR","@id":"https:\/\/www.carideal.com\/blog\/#\/schema\/logo\/image\/","url":"http:\/\/www.carideal.com\/blog\/wp-content\/uploads\/2016\/03\/logo-carideal-mandataire-automobile.png","contentUrl":"http:\/\/www.carideal.com\/blog\/wp-content\/uploads\/2016\/03\/logo-carideal-mandataire-automobile.png","width":300,"height":300,"caption":"Carideal"},"image":{"@id":"https:\/\/www.carideal.com\/blog\/#\/schema\/logo\/image\/"},"sameAs":["https:\/\/www.facebook.com\/Carideal.mandataire.automobile","https:\/\/x.com\/caridealauto","https:\/\/www.instagram.com\/carideal1\/","https:\/\/www.linkedin.com\/company\/carideal.com","https:\/\/fr.pinterest.com\/schiavonsas\/","https:\/\/www.youtube.com\/user\/caridealsas"]},{"@type":"Person","@id":"https:\/\/www.carideal.com\/blog\/#\/schema\/person\/985c7e757d1042d647f21bfaf8d41ebc","name":"N.S Carideal","image":{"@type":"ImageObject","inLanguage":"fr-FR","@id":"https:\/\/www.carideal.com\/blog\/#\/schema\/person\/image\/","url":"https:\/\/secure.gravatar.com\/avatar\/edb7ccdf1a4e3d14aef967760d354d0e?s=96&r=g","contentUrl":"https:\/\/secure.gravatar.com\/avatar\/edb7ccdf1a4e3d14aef967760d354d0e?s=96&r=g","caption":"N.S Carideal"},"description":"Depuis tout petit fan d'automobile. Il est question d'essayer et de comparer toutes ces voitures qui nous ont fait r\u00e9ver, avant que celles-ci ne devient uniquement des voitures de collection.","sameAs":["http:\/\/www.carideal.com\/blog","https:\/\/www.facebook.com\/Carideal.mandataire.automobile\/","https:\/\/www.linkedin.com\/in\/nschiavon\/","https:\/\/www.youtube.com\/user\/caridealsas\/"],"url":"https:\/\/www.carideal.com\/blog\/author\/admin_carideal\/"}]}},"uagb_featured_image_src":{"full":["https:\/\/www.carideal.com\/blog\/wp-content\/uploads\/2009\/11\/calendrier_pirelli_2010_carideal_m.jpg",448,280,false],"thumbnail":["https:\/\/www.carideal.com\/blog\/wp-content\/uploads\/2009\/11\/calendrier_pirelli_2010_carideal_m-150x150.jpg",150,150,true],"medium":["https:\/\/www.carideal.com\/blog\/wp-content\/uploads\/2009\/11\/calendrier_pirelli_2010_carideal_m-300x188.jpg",300,188,true],"medium_large":["https:\/\/www.carideal.com\/blog\/wp-content\/uploads\/2009\/11\/calendrier_pirelli_2010_carideal_m.jpg",448,280,false],"large":["https:\/\/www.carideal.com\/blog\/wp-content\/uploads\/2009\/11\/calendrier_pirelli_2010_carideal_m.jpg",448,280,false],"1536x1536":["https:\/\/www.carideal.com\/blog\/wp-content\/uploads\/2009\/11\/calendrier_pirelli_2010_carideal_m.jpg",448,280,false],"2048x2048":["https:\/\/www.carideal.com\/blog\/wp-content\/uploads\/2009\/11\/calendrier_pirelli_2010_carideal_m.jpg",448,280,false],"wppr-widget":["https:\/\/www.carideal.com\/blog\/wp-content\/uploads\/2009\/11\/calendrier_pirelli_2010_carideal_m-50x31.jpg",50,31,true]},"uagb_author_info":{"display_name":"N.S Carideal","author_link":"https:\/\/www.carideal.com\/blog\/author\/admin_carideal\/"},"uagb_comment_info":0,"uagb_excerpt":"Le Calendrier Pirelli 2010 de Terry Richardson Le tr\u00e8s fabuleux calendrier Pirelli 2010 vient d'\u00eatre r\u00e9v\u00e9l\u00e9 et est consultable sur son site internet. Ce calendrier et une l\u00e9gende et est attendu tous les ans par nombre de fans et collectionneurs. Nous on a un faible pour le mois de Mars en Brune&nbsp;! Carideal team Il\u2026","_links":{"self":[{"href":"https:\/\/www.carideal.com\/blog\/wp-json\/wp\/v2\/posts\/445"}],"collection":[{"href":"https:\/\/www.carideal.com\/blog\/wp-json\/wp\/v2\/posts"}],"about":[{"href":"https:\/\/www.carideal.com\/blog\/wp-json\/wp\/v2\/types\/post"}],"author":[{"embeddable":true,"href":"https:\/\/www.carideal.com\/blog\/wp-json\/wp\/v2\/users\/1"}],"replies":[{"embeddable":true,"href":"https:\/\/www.carideal.com\/blog\/wp-json\/wp\/v2\/comments?post=445"}],"version-history":[{"count":0,"href":"https:\/\/www.carideal.com\/blog\/wp-json\/wp\/v2\/posts\/445\/revisions"}],"wp:featuredmedia":[{"embeddable":true,"href":"https:\/\/www.carideal.com\/blog\/wp-json\/wp\/v2\/media\/18196"}],"wp:attachment":[{"href":"https:\/\/www.carideal.com\/blog\/wp-json\/wp\/v2\/media?parent=445"}],"wp:term":[{"taxonomy":"category","embeddable":true,"href":"https:\/\/www.carideal.com\/blog\/wp-json\/wp\/v2\/categories?post=445"},{"taxonomy":"post_tag","embeddable":true,"href":"https:\/\/www.carideal.com\/blog\/wp-json\/wp\/v2\/tags?post=445"}],"curies":[{"name":"wp","href":"https:\/\/api.w.org\/{rel}","templated":true}]}}