{"id":4443,"date":"2015-02-03T11:52:55","date_gmt":"2015-02-03T10:52:55","guid":{"rendered":"http:\/\/www.carideal.com\/blog\/?p=4443"},"modified":"2020-03-08T07:38:18","modified_gmt":"2020-03-08T06:38:18","slug":"la-nouvelle-fiat-500x-arrive-en-concession","status":"publish","type":"post","link":"https:\/\/www.carideal.com\/blog\/2015\/02\/03\/la-nouvelle-fiat-500x-arrive-en-concession\/","title":{"rendered":"La nouvelle Fiat 500X arrive en concession"},"content":{"rendered":"<h1><strong>La nouvelle Fiat 500X arrive en concession<\/strong><\/h1>\n<p>Fiat d\u00e9cline la gamme de son best seller et le seul d'ailleurs \u00e0 se vendre, je parle bien s\u00fbr de la Fiat 500, en model tout chemin \/ SUV \/ 4X4 le Fiat 500X. Dire qu'il est attendu par tout le r\u00e9seau est un euph\u00e9misme.<\/p>\n<h2>Fiat 500X 1.6 MultiJet II 120 Lounge\u00a0n'est-ce pas mignon ? Le Fiat 500 s'est dop\u00e9\u00a0pour devenir le crossover 500X<\/h2>\n<h2>Plus d'info sur la Fiat 500X<\/h2>\n<figure id=\"attachment_13616\" aria-describedby=\"caption-attachment-13616\" style=\"width: 590px\" class=\"wp-caption alignnone\"><a href=\"http:\/\/www.carideal.com\/blog\/wp-content\/uploads\/2015\/02\/fiat-500-x-2-e1479568556574.jpg\"><img loading=\"lazy\" decoding=\"async\" class=\"wp-image-13616 size-full\" title=\"Nouvelle Fiat 500X\" src=\"http:\/\/www.carideal.com\/blog\/wp-content\/uploads\/2015\/02\/fiat-500-x-2-e1479568556574.jpg\" alt=\"Nouvelle Fiat 500X\" width=\"600\" height=\"333\" \/><\/a><figcaption id=\"caption-attachment-13616\" class=\"wp-caption-text\">Nouvelle Fiat 500X<\/figcaption><\/figure>\n<p>Si c'est une consolation pour les puristes, la nouvelle Fiat 500X est une tr\u00e8s bonne voiture. Le prolongement presque crois\u00e9 de la famille Fiat 500, lanouvelle Fiat 500X semble \u00e9galement \u00eatre un meilleur ajustement avec la marque Fiat 500 que les mod\u00e8les monospace 500L . La Fiat 500 est un produit \u00e0 la mode, et les <a href=\"http:\/\/www.carideal.com\/blog\/2013\/01\/11\/suv-en-europe-explosion-des-ventes\/\">crossovers compacts<\/a> sont la\u00a0cat\u00e9gorie en vogue du moment, de sorte que la nouvelle Fiat 500X pourrait bien repr\u00e9senter le diagramme de Venn produit du r\u00e9sultat marketing d'une longue s\u00e9ance de benchmarking de Fiat Chrysler. Cela pourrait \u00eatre une voiture \u00abparfaite\u00bb pour le march\u00e9.<\/p>\n<p>Ce n'est pas parfait. Vous devez \u00eatre choqu\u00e9. Mais de fa\u00e7on vitale, il semble que Fiat a r\u00e9alis\u00e9 que sa r\u00e9putation n'est pas exactement au top, et il \u00a0\u00e9tait essentielle de rajouter de la substance pour accompagner le style. \u00c0 cette fin, le 500X partage non seulement sa plate-forme avec le charismatique <a href=\"http:\/\/www.carideal.com\/blog\/2015\/06\/04\/renegade-la-jeep-qui-change-jeep\/\">Jeep Renegade<\/a>, mais un syst\u00e8me \u00e0 quatre roues motrices et une bo\u00eete de vitesses automatique \u00e0 neuf rapports. La qualit\u00e9 de l'habitacle\u00a0est peut-\u00eatre la meilleure que Fiat a jamais produit, et vous pouvez sentir qu'il ya eu une v\u00e9ritable attention accord\u00e9e \u00e0 l'ing\u00e9nierie.<\/p>\n<h2>Le Fiat 500X est-il aussi mignon que \u00e7a ?<\/h2>\n<figure id=\"attachment_13617\" aria-describedby=\"caption-attachment-13617\" style=\"width: 590px\" class=\"wp-caption alignnone\"><a href=\"http:\/\/www.carideal.com\/blog\/wp-content\/uploads\/2015\/02\/fiat-500-x-3-e1479568591909.jpg\"><img loading=\"lazy\" decoding=\"async\" class=\"wp-image-13617 size-full\" title=\"Nouvelle Fiat 500X\" src=\"http:\/\/www.carideal.com\/blog\/wp-content\/uploads\/2015\/02\/fiat-500-x-3-e1479568591909.jpg\" alt=\"Nouvelle Fiat 500X\" width=\"600\" height=\"333\" \/><\/a><figcaption id=\"caption-attachment-13617\" class=\"wp-caption-text\">Nouvelle Fiat 500X<\/figcaption><\/figure>\n<p>Il y aura des gens compl\u00e8tement \u00e9tonn\u00e9s que Fiat ait dop\u00e9 ainsi les 500 avec plein de st\u00e9ro\u00efdes. En fait, l'entreprise a publi\u00e9 une publicit\u00e9\u00a0sur YouTube impliquant une petite pilule bleue errante, et nous ne parlons pas de Matrix, - donc c'est \u00e0 peine ignorant de ce probl\u00e8me. Est-ce un \u00e9largissement plus efficace que la <a href=\"http:\/\/www.carideal.com\/blog\/2012\/10\/12\/la-mini-countryman-sera-fabriquee-aux-pays-bas\/\">Mini Countryman<\/a> ? C'est \u00e0 vous de voire, bien que nous aimons la fa\u00e7on dont la silhouette et la plupart des d\u00e9tails refl\u00e8te l'original Fiat 500 plus petite (2007).<\/p>\n<h3>\u00a0Publicit\u00e9 TV Fiat 500X Viagra<\/h3>\n<p><iframe loading=\"lazy\" src=\"https:\/\/www.youtube.com\/embed\/kCM2X9ToLlg\" width=\"560\" height=\"315\" frameborder=\"0\" allowfullscreen=\"allowfullscreen\"><\/iframe><br \/>\nC'est pas ce que l'on peut appeller pas mignon, pas exactement. La fa\u00e7on dont les lumi\u00e8res avant sont con\u00e7us lui donne l'air renfrogn\u00e9, un peu \u00e0 la mani\u00e8re d'un chaton en col\u00e8re.\u00a0Et comme pour un certain nombre de concurrents, la nouvelle Fiat 500X est offert avec un choix de mod\u00e8le \u00aburbain\u00bb (Pop, Pop Star et Lounge pour ses niveaux de finition,) et \u00aboff road\u00bb (Cross, Cross Plus) packs\u00a0de pare-chocs , Selon le niveau de finition, de sorte que vous pouvez \u00e9chapper aux danger\u00a0avec des plaques de protection\u00a0et des angles d'attaques\u00a0exag\u00e9r\u00e9s. Si cela devait\u00a0\u00eatre votre tasse de th\u00e9.<\/p>\n<p>Mais la nouvelle Fiat\u00a0500X n'a rien de semblable\u00a0de son fr\u00eare jumeau Renegade, il n'y a aucune araign\u00e9e qui se cache sous la trappe de remplissage de carburant, rien non plus du style des\u00a0Panda 4x4 des ann\u00e9es 1980. Au lieu de cela, vous obtenez le trait color\u00e9 des tableau de bord\u00a0des autres mod\u00e8les Fiat 500, des si\u00e8ges avec appuie-t\u00eate ronds, une grappe de cadran partiellement num\u00e9rique et l'impression r\u00e9elle que Fiat a pris le\u00a0soin que tout cela fonctionnent bien\u00a0ensemble.<\/p>\n<p>Avec une longueur de 4,25 m, la nouvelle Fiat 500X fait parti des\u00a0plus grands v\u00e9hicules de sa cat\u00e9gorie, comme\u00a0l'Opel Mokka (4,30 m). C'est 9 cm de plus que le 2008, 10 cm de plus que le Juke et 13 cm de plus que le Captur. La Fiat 500X peut ainsi proposer une belle habitabilit\u00e9, voire une certaine modularit\u00e9, crit\u00e8res d'achat de ce type de v\u00e9hicule. Renault qui s'\u00e9tait compl\u00e8tement tromp\u00e9 avec le Modus, a bien compris en proposant une banquette coulissante sur le Captur, alors que la plupart de la concurrence reste sur une classique banquette fixe 40\/60. Fiat pr\u00e9voit que la version 4x4 repr\u00e9sentera que 10 % de ventes.<\/p>\n<figure id=\"attachment_13622\" aria-describedby=\"caption-attachment-13622\" style=\"width: 590px\" class=\"wp-caption alignnone\"><a href=\"http:\/\/www.carideal.com\/blog\/wp-content\/uploads\/2015\/02\/fiat-500-x-8-e1479568789501.jpg\"><img loading=\"lazy\" decoding=\"async\" class=\"wp-image-13622 size-full\" title=\"Nouvelle Fiat 500X\" src=\"http:\/\/www.carideal.com\/blog\/wp-content\/uploads\/2015\/02\/fiat-500-x-8-e1479568789501.jpg\" alt=\"Nouvelle Fiat 500X\" width=\"600\" height=\"333\" \/><\/a><figcaption id=\"caption-attachment-13622\" class=\"wp-caption-text\">Nouvelle Fiat 500X<\/figcaption><\/figure>\n<h2>Quel est le meilleur moteur pour cette Fiat 500X?<\/h2>\n<p>Pas la peine ici, d'essayer de parler des capacit\u00e9s tout chemin de la nouvelle Fiat 500X : Lors de la conf\u00e9rence de presse, le constructeur a bien pr\u00e9sent\u00e9 l'augmentation de la hauteur de la voiture et des angles d'attaques\u00a0des versions X Cross, ce qui sera parfait pour attaquer les rampes d'acc\u00e8s des parkings souterrains qui sera plus son domaine de pr\u00e9dilection.<\/p>\n<p>Au lieu de cela il faut prendre\u00a0la route dans le 140 ch\u00a0turbo essence de 1.4 litres de cylindr\u00e9e et le diesel 1.6L de 118 ch et le sommet de la gamme\u00a0138 ch 2.0 litre turbodiesel 4x4 avec la boite de vitesse autoomatique \u00e0 neuf vitesses en option.<\/p>\n<figure id=\"attachment_13621\" aria-describedby=\"caption-attachment-13621\" style=\"width: 590px\" class=\"wp-caption alignnone\"><a href=\"http:\/\/www.carideal.com\/blog\/wp-content\/uploads\/2015\/02\/fiat-500-x-7-e1479568730224.jpg\"><img loading=\"lazy\" decoding=\"async\" class=\"wp-image-13621 size-full\" title=\"Nouvelle Fiat 500X\" src=\"http:\/\/www.carideal.com\/blog\/wp-content\/uploads\/2015\/02\/fiat-500-x-7-e1479568730224.jpg\" alt=\"Nouvelle Fiat 500X\" width=\"600\" height=\"333\" \/><\/a><figcaption id=\"caption-attachment-13621\" class=\"wp-caption-text\">Nouvelle Fiat 500X<\/figcaption><\/figure>\n<p>Le meilleur moteur du lot est le 1.6l, qui est assez raffin\u00e9, a une belle (oui, vraiment) boite manuelle six vitesses manuelle et propose absolument toutes les performances que la plupart des acheteurs n'auront jamais besoin. Il est \u00e9galement susceptible d'\u00eatre le best-seller, il est \u00e0 peu pr\u00e8s s\u00fbr que la nature rauque et pas particuli\u00e8rement inspirante du moteur l'essence 1,4 est certainement\u00a0susceptible de garantir.<\/p>\n<p>Le diesel de 2.0 litres est \u00e9galement grossier par comparaison, et s'est senti \u00e0 peine plus rapide ; La bo\u00eete \u00e0 neuf vitesses est rapide et efficace et le syst\u00e8me r\u00e9actif \u00e0 quatre roues motrices dipose\u00a0avec succ\u00e8s des arriv\u00e9es soudaines de couple du plus petit moteur diesel lors \u00a0de forte acc\u00e9l\u00e9ration dans des virages pus serr\u00e9s, quelque chose les syst\u00e8mes \u00e9lectroniques des versions traction avant ne peuvent bien g\u00e9rer. Pour finir, si vous pouvez vous permettre son achat, votre itin\u00e9raire de retour \u00e0 la maison sera plus s\u00e9curisant en\u00a0hiver.<\/p>\n<p>Cela dit, toutes les versions sont livr\u00e9es avec un s\u00e9lecteur \u00abDrive Mood\u00bb. Il s'agit de la r\u00e9ponse de Fiat au syst\u00e8me DNA des <a href=\"http:\/\/www.carideal.com\/blog\/alfa-romeo\/\">Alfa Romeo<\/a>, vous donnant le\u00a0choix entre les modes de conduite Normal, Sport et All-weather, ce dernier devenant Traction sur les variantes tout chemin. Pas de surprise ici ; le mode Sport, par exemple, donne \u00e0 l'acc\u00e9l\u00e9rateur un shoot\u00a0d'adr\u00e9naline, rafermit\u00a0la direction et transforme\u00a0la douce boite auto \u00e0 neuf rapport \u00e0 donner des secousses comme un junkie.<\/p>\n<h2>\u00c7a ne peut pas \u00eatre tout bon, si ?<\/h2>\n<figure id=\"attachment_13620\" aria-describedby=\"caption-attachment-13620\" style=\"width: 590px\" class=\"wp-caption alignnone\"><a href=\"http:\/\/www.carideal.com\/blog\/wp-content\/uploads\/2015\/02\/fiat-500-x-6-e1479568696505.jpg\"><img loading=\"lazy\" decoding=\"async\" class=\"wp-image-13620 size-full\" title=\"Nouvelle Fiat 500X\" src=\"http:\/\/www.carideal.com\/blog\/wp-content\/uploads\/2015\/02\/fiat-500-x-6-e1479568696505.jpg\" alt=\"Nouvelle Fiat 500X\" width=\"600\" height=\"333\" \/><\/a><figcaption id=\"caption-attachment-13620\" class=\"wp-caption-text\">Nouvelle Fiat 500X<\/figcaption><\/figure>\n<p>La nouvelle Fiat 500X distille\u00a0une touche de confort de roulement pour sa capacit\u00e9 \u00e0 prendre les virages. Le Fiat 500X\u00a0se penche, oui, mais ne se sent jamais ... d\u00e9lest\u00e9. La position assise relativement basse (pour un crossover) aide, de m\u00eame que le manque de r\u00e9action\u00a0dans la direction, et dans l'ensemble, c'est une voiture agr\u00e9able \u00e0 conduire. La conduite\u00a0n'est pas vraiment inconfortable, sp\u00e9cialement avec les\u00a0petites roues, c'est juste un peu dure\u00a0sur les imperfections du rev\u00e8tement ; Compte tenu de l'\u00e9tat de certaines des routes... c'est bien.<\/p>\n<p>Peu de plaintes. Et honn\u00eatement, peu d'autres endroits. Nous l'avons trouv\u00e9 vaguement amusant que la croix sup\u00e9rieure, la version Cross Plus a de loin la plus mauvaise\u00a0finition de tableau de bord, \u00e9changeant la peinture \u00e9mail des versions standarts pour un tableau fa\u00e7on plastique et sensible aux rayures. Et le syst\u00e8me de navigation\u00a0Uconnect TomTom a du mal \u00e0 s'en sortir pour localiser la voiture, incopr\u00e9hensible, il se perd m\u00eame en italie l\u00e0 ou est fabriqu\u00e9e la 500X.<\/p>\n<p>Mais comme la plupart des syst\u00e8mes modernes, l'Uconnect vous permet de rester \u00e0 jour avec Twitter et Facebook en roulant, donne des mises \u00e0 jour du trafic, des alertes radar, des informations m\u00e9t\u00e9orologiques et des bulletins d'information de Reuters. Vous pourrez \u00e9galement loger\u00a0cinq adultes \u00e0 l'int\u00e9rieur de la nouvelle Fiat 500X, le coffre\u00a0de 350 litres pourra\u00a0avaler pas mal de shopping de madame et Fiat offre propose toutes les aides \u00e0 la conduite les plus r\u00e9centes et de s\u00e9curit\u00e9, y compris le freinage autonome, l'avertissement de changement de file\u00a0et la surveillance d'angle mort, bien que seulement en option.<\/p>\n<h2>Verdict de cette pr\u00e9sentation de la nouvelle Fiat 500X<\/h2>\n<figure id=\"attachment_13615\" aria-describedby=\"caption-attachment-13615\" style=\"width: 590px\" class=\"wp-caption alignnone\"><a href=\"http:\/\/www.carideal.com\/blog\/wp-content\/uploads\/2015\/02\/fiat-500-x-e1479568514228.jpg\"><img loading=\"lazy\" decoding=\"async\" class=\"wp-image-13615 size-full\" title=\"Nouvelle Fiat 500X\" src=\"http:\/\/www.carideal.com\/blog\/wp-content\/uploads\/2015\/02\/fiat-500-x-e1479568514228.jpg\" alt=\"Nouvelle Fiat 500X\" width=\"600\" height=\"333\" \/><\/a><figcaption id=\"caption-attachment-13615\" class=\"wp-caption-text\">Nouvelle Fiat 500X<\/figcaption><\/figure>\n<p>Bonne voiture, que cette nouvelle Fiat\u00a0500X. Fiat a enfin mis\u00a0un regard s\u00e9rieux sur elle m\u00eame et sur la concurrence, et a produit quelque chose qui sent le bien fait, propre et cool\u00a0\u00e0 conduire, et semble distinctement \u00e9l\u00e9gant. Prix \u00e0 partir de 15 900 \u20ac\u00a0\u00e0 28 900 \u20ac, c'est un peu plus cher que la concurrence dominante, Nissan Juke, Opel Mokka, Renault Captur et Peugeot 2008, Kia Soul, Skoda Yeti, Ford Ecosport, Suzuki Vitara, et prochainement Mazda, avec le CX-3, mais moins cher que l'\u00e9quivalent Mini. La concurrence va donc \u00eatre rude, d'au\u00adtant que le segment est tir\u00e9 par deux poids lourds fran\u00e7ais, le Renault Captur et le Peugeot 2008, qui occupent respec\u00adtivement la troisi\u00e8me place des mod\u00e8les\u00a0vendus en France (62 985 unit\u00e9s, 3,5 % de part de march\u00e9) et 6\u00b0\u00a0place (54 161 unit\u00e9s, 3 %) Le model phare ? Sans doute le moteur\u00a01.6 litres MultiJet II turbodiesel.<br \/>\nAvec une longueur de 4,25 m, la 500X se place en effet parmi les v\u00e9hicules les plus grands de sa cat\u00e9gorie, \u00e0 l'instar de l'Ope' Mokka (4,30 m). C'est 9 cm de plus que le 2008, 10 cm de plus que le Juke et 13 cm de plus que le Captur.<\/p>\n<h2>Caract\u00e9ristiques de cette nouvelle Fiat 500X<\/h2>\n<p>Prix Neuf:\u00a0\u00e0 partir de 15950<br \/>\nEn vente : Fevrier 2015<br \/>\nMoteur: 1598cc turbodiesel \u00e0 quatre cylindres, 120 ch\u00a0@ 3750rpm, 320 Nm\u00a0@ 1750rpm<br \/>\nBoite de vitesse: six vitesses manuelle, traction avant<br \/>\nChiffres : 10.5sec 0-100 km\/h, 185 km\/h, 4.10 L\/100 km, 109g \/ km de CO2<br \/>\nPoids : 1320<br \/>\nDimensions (longueur \/ largeur \/ hauteur en mm): 4248\/1796\/1600<\/p>\n<h2>Galerie images de la nouvelle Fiat 500X<\/h2>\n<div id='gallery-1' class='gallery galleryid-4443 gallery-columns-3 gallery-size-medium'><figure class='gallery-item'>\n\t\t\t<div class='gallery-icon landscape'>\n\t\t\t\t<a href='https:\/\/www.carideal.com\/blog\/2015\/02\/03\/la-nouvelle-fiat-500x-arrive-en-concession\/fiat-500-x-3\/#main'><img loading=\"lazy\" decoding=\"async\" width=\"300\" height=\"166\" src=\"https:\/\/www.carideal.com\/blog\/wp-content\/uploads\/2015\/02\/fiat-500-x-300x166.jpg\" class=\"attachment-medium size-medium\" alt=\"Nouvelle Fiat 500X\" aria-describedby=\"gallery-1-13615\" srcset=\"https:\/\/www.carideal.com\/blog\/wp-content\/uploads\/2015\/02\/fiat-500-x-300x166.jpg 300w, https:\/\/www.carideal.com\/blog\/wp-content\/uploads\/2015\/02\/fiat-500-x-768x426.jpg 768w, https:\/\/www.carideal.com\/blog\/wp-content\/uploads\/2015\/02\/fiat-500-x-110x61.jpg 110w, https:\/\/www.carideal.com\/blog\/wp-content\/uploads\/2015\/02\/fiat-500-x-420x233.jpg 420w, https:\/\/www.carideal.com\/blog\/wp-content\/uploads\/2015\/02\/fiat-500-x-248x138.jpg 248w, https:\/\/www.carideal.com\/blog\/wp-content\/uploads\/2015\/02\/fiat-500-x-770x427.jpg 770w, https:\/\/www.carideal.com\/blog\/wp-content\/uploads\/2015\/02\/fiat-500-x-50x28.jpg 50w, https:\/\/www.carideal.com\/blog\/wp-content\/uploads\/2015\/02\/fiat-500-x-e1479568514228.jpg 600w\" sizes=\"(max-width: 300px) 100vw, 300px\" \/><\/a>\n\t\t\t<\/div>\n\t\t\t\t<figcaption class='wp-caption-text gallery-caption' id='gallery-1-13615'>\n\t\t\t\tNouvelle Fiat 500X\n\t\t\t\t<\/figcaption><\/figure><figure class='gallery-item'>\n\t\t\t<div class='gallery-icon landscape'>\n\t\t\t\t<a href='https:\/\/www.carideal.com\/blog\/2015\/02\/03\/la-nouvelle-fiat-500x-arrive-en-concession\/fiat-500-x-2-2\/#main'><img loading=\"lazy\" decoding=\"async\" width=\"300\" height=\"166\" src=\"https:\/\/www.carideal.com\/blog\/wp-content\/uploads\/2015\/02\/fiat-500-x-2-300x166.jpg\" class=\"attachment-medium size-medium\" alt=\"Nouvelle Fiat 500X\" aria-describedby=\"gallery-1-13616\" srcset=\"https:\/\/www.carideal.com\/blog\/wp-content\/uploads\/2015\/02\/fiat-500-x-2-300x166.jpg 300w, https:\/\/www.carideal.com\/blog\/wp-content\/uploads\/2015\/02\/fiat-500-x-2-768x426.jpg 768w, https:\/\/www.carideal.com\/blog\/wp-content\/uploads\/2015\/02\/fiat-500-x-2-110x61.jpg 110w, https:\/\/www.carideal.com\/blog\/wp-content\/uploads\/2015\/02\/fiat-500-x-2-420x233.jpg 420w, https:\/\/www.carideal.com\/blog\/wp-content\/uploads\/2015\/02\/fiat-500-x-2-248x138.jpg 248w, https:\/\/www.carideal.com\/blog\/wp-content\/uploads\/2015\/02\/fiat-500-x-2-770x427.jpg 770w, https:\/\/www.carideal.com\/blog\/wp-content\/uploads\/2015\/02\/fiat-500-x-2-50x28.jpg 50w, https:\/\/www.carideal.com\/blog\/wp-content\/uploads\/2015\/02\/fiat-500-x-2-e1479568556574.jpg 600w\" sizes=\"(max-width: 300px) 100vw, 300px\" \/><\/a>\n\t\t\t<\/div>\n\t\t\t\t<figcaption class='wp-caption-text gallery-caption' id='gallery-1-13616'>\n\t\t\t\tNouvelle Fiat 500X\n\t\t\t\t<\/figcaption><\/figure><figure class='gallery-item'>\n\t\t\t<div class='gallery-icon landscape'>\n\t\t\t\t<a href='https:\/\/www.carideal.com\/blog\/2015\/02\/03\/la-nouvelle-fiat-500x-arrive-en-concession\/fiat-500-x-3-2\/#main'><img loading=\"lazy\" decoding=\"async\" width=\"300\" height=\"166\" src=\"https:\/\/www.carideal.com\/blog\/wp-content\/uploads\/2015\/02\/fiat-500-x-3-300x166.jpg\" class=\"attachment-medium size-medium\" alt=\"Nouvelle Fiat 500X\" aria-describedby=\"gallery-1-13617\" srcset=\"https:\/\/www.carideal.com\/blog\/wp-content\/uploads\/2015\/02\/fiat-500-x-3-300x166.jpg 300w, https:\/\/www.carideal.com\/blog\/wp-content\/uploads\/2015\/02\/fiat-500-x-3-768x426.jpg 768w, https:\/\/www.carideal.com\/blog\/wp-content\/uploads\/2015\/02\/fiat-500-x-3-110x61.jpg 110w, https:\/\/www.carideal.com\/blog\/wp-content\/uploads\/2015\/02\/fiat-500-x-3-420x233.jpg 420w, https:\/\/www.carideal.com\/blog\/wp-content\/uploads\/2015\/02\/fiat-500-x-3-248x138.jpg 248w, https:\/\/www.carideal.com\/blog\/wp-content\/uploads\/2015\/02\/fiat-500-x-3-770x427.jpg 770w, https:\/\/www.carideal.com\/blog\/wp-content\/uploads\/2015\/02\/fiat-500-x-3-50x28.jpg 50w, https:\/\/www.carideal.com\/blog\/wp-content\/uploads\/2015\/02\/fiat-500-x-3-e1479568591909.jpg 600w\" sizes=\"(max-width: 300px) 100vw, 300px\" \/><\/a>\n\t\t\t<\/div>\n\t\t\t\t<figcaption class='wp-caption-text gallery-caption' id='gallery-1-13617'>\n\t\t\t\tNouvelle Fiat 500X\n\t\t\t\t<\/figcaption><\/figure><figure class='gallery-item'>\n\t\t\t<div class='gallery-icon landscape'>\n\t\t\t\t<a href='https:\/\/www.carideal.com\/blog\/2015\/02\/03\/la-nouvelle-fiat-500x-arrive-en-concession\/fiat-500-x-4\/#main'><img loading=\"lazy\" decoding=\"async\" width=\"300\" height=\"166\" src=\"https:\/\/www.carideal.com\/blog\/wp-content\/uploads\/2015\/02\/fiat-500-x-4-300x166.jpg\" class=\"attachment-medium size-medium\" alt=\"Nouvelle Fiat 500X\" aria-describedby=\"gallery-1-13618\" srcset=\"https:\/\/www.carideal.com\/blog\/wp-content\/uploads\/2015\/02\/fiat-500-x-4-300x166.jpg 300w, https:\/\/www.carideal.com\/blog\/wp-content\/uploads\/2015\/02\/fiat-500-x-4-768x426.jpg 768w, https:\/\/www.carideal.com\/blog\/wp-content\/uploads\/2015\/02\/fiat-500-x-4-110x61.jpg 110w, https:\/\/www.carideal.com\/blog\/wp-content\/uploads\/2015\/02\/fiat-500-x-4-420x233.jpg 420w, https:\/\/www.carideal.com\/blog\/wp-content\/uploads\/2015\/02\/fiat-500-x-4-248x138.jpg 248w, https:\/\/www.carideal.com\/blog\/wp-content\/uploads\/2015\/02\/fiat-500-x-4-770x427.jpg 770w, https:\/\/www.carideal.com\/blog\/wp-content\/uploads\/2015\/02\/fiat-500-x-4-50x28.jpg 50w, https:\/\/www.carideal.com\/blog\/wp-content\/uploads\/2015\/02\/fiat-500-x-4-e1479568628194.jpg 600w\" sizes=\"(max-width: 300px) 100vw, 300px\" \/><\/a>\n\t\t\t<\/div>\n\t\t\t\t<figcaption class='wp-caption-text gallery-caption' id='gallery-1-13618'>\n\t\t\t\tNouvelle Fiat 500X\n\t\t\t\t<\/figcaption><\/figure><figure class='gallery-item'>\n\t\t\t<div class='gallery-icon landscape'>\n\t\t\t\t<a href='https:\/\/www.carideal.com\/blog\/2015\/02\/03\/la-nouvelle-fiat-500x-arrive-en-concession\/fiat-500-x-5\/#main'><img loading=\"lazy\" decoding=\"async\" width=\"300\" height=\"166\" src=\"https:\/\/www.carideal.com\/blog\/wp-content\/uploads\/2015\/02\/fiat-500-x-5-300x166.jpg\" class=\"attachment-medium size-medium\" alt=\"Nouvelle Fiat 500X\" aria-describedby=\"gallery-1-13619\" srcset=\"https:\/\/www.carideal.com\/blog\/wp-content\/uploads\/2015\/02\/fiat-500-x-5-300x166.jpg 300w, https:\/\/www.carideal.com\/blog\/wp-content\/uploads\/2015\/02\/fiat-500-x-5-768x426.jpg 768w, https:\/\/www.carideal.com\/blog\/wp-content\/uploads\/2015\/02\/fiat-500-x-5-110x61.jpg 110w, https:\/\/www.carideal.com\/blog\/wp-content\/uploads\/2015\/02\/fiat-500-x-5-420x233.jpg 420w, https:\/\/www.carideal.com\/blog\/wp-content\/uploads\/2015\/02\/fiat-500-x-5-248x138.jpg 248w, https:\/\/www.carideal.com\/blog\/wp-content\/uploads\/2015\/02\/fiat-500-x-5-770x427.jpg 770w, https:\/\/www.carideal.com\/blog\/wp-content\/uploads\/2015\/02\/fiat-500-x-5-50x28.jpg 50w, https:\/\/www.carideal.com\/blog\/wp-content\/uploads\/2015\/02\/fiat-500-x-5-e1479568663819.jpg 600w\" sizes=\"(max-width: 300px) 100vw, 300px\" \/><\/a>\n\t\t\t<\/div>\n\t\t\t\t<figcaption class='wp-caption-text gallery-caption' id='gallery-1-13619'>\n\t\t\t\tNouvelle Fiat 500X\n\t\t\t\t<\/figcaption><\/figure><figure class='gallery-item'>\n\t\t\t<div class='gallery-icon landscape'>\n\t\t\t\t<a href='https:\/\/www.carideal.com\/blog\/2015\/02\/03\/la-nouvelle-fiat-500x-arrive-en-concession\/fiat-500-x-6\/#main'><img loading=\"lazy\" decoding=\"async\" width=\"300\" height=\"166\" src=\"https:\/\/www.carideal.com\/blog\/wp-content\/uploads\/2015\/02\/fiat-500-x-6-300x166.jpg\" class=\"attachment-medium size-medium\" alt=\"Nouvelle Fiat 500X\" aria-describedby=\"gallery-1-13620\" srcset=\"https:\/\/www.carideal.com\/blog\/wp-content\/uploads\/2015\/02\/fiat-500-x-6-300x166.jpg 300w, https:\/\/www.carideal.com\/blog\/wp-content\/uploads\/2015\/02\/fiat-500-x-6-768x426.jpg 768w, https:\/\/www.carideal.com\/blog\/wp-content\/uploads\/2015\/02\/fiat-500-x-6-110x61.jpg 110w, https:\/\/www.carideal.com\/blog\/wp-content\/uploads\/2015\/02\/fiat-500-x-6-420x233.jpg 420w, https:\/\/www.carideal.com\/blog\/wp-content\/uploads\/2015\/02\/fiat-500-x-6-248x138.jpg 248w, https:\/\/www.carideal.com\/blog\/wp-content\/uploads\/2015\/02\/fiat-500-x-6-770x427.jpg 770w, https:\/\/www.carideal.com\/blog\/wp-content\/uploads\/2015\/02\/fiat-500-x-6-50x28.jpg 50w, https:\/\/www.carideal.com\/blog\/wp-content\/uploads\/2015\/02\/fiat-500-x-6-e1479568696505.jpg 600w\" sizes=\"(max-width: 300px) 100vw, 300px\" \/><\/a>\n\t\t\t<\/div>\n\t\t\t\t<figcaption class='wp-caption-text gallery-caption' id='gallery-1-13620'>\n\t\t\t\tNouvelle Fiat 500X\n\t\t\t\t<\/figcaption><\/figure><figure class='gallery-item'>\n\t\t\t<div class='gallery-icon landscape'>\n\t\t\t\t<a href='https:\/\/www.carideal.com\/blog\/2015\/02\/03\/la-nouvelle-fiat-500x-arrive-en-concession\/fiat-500-x-7\/#main'><img loading=\"lazy\" decoding=\"async\" width=\"300\" height=\"166\" src=\"https:\/\/www.carideal.com\/blog\/wp-content\/uploads\/2015\/02\/fiat-500-x-7-300x166.jpg\" class=\"attachment-medium size-medium\" alt=\"Nouvelle Fiat 500X\" aria-describedby=\"gallery-1-13621\" srcset=\"https:\/\/www.carideal.com\/blog\/wp-content\/uploads\/2015\/02\/fiat-500-x-7-300x166.jpg 300w, https:\/\/www.carideal.com\/blog\/wp-content\/uploads\/2015\/02\/fiat-500-x-7-768x426.jpg 768w, https:\/\/www.carideal.com\/blog\/wp-content\/uploads\/2015\/02\/fiat-500-x-7-110x61.jpg 110w, https:\/\/www.carideal.com\/blog\/wp-content\/uploads\/2015\/02\/fiat-500-x-7-420x233.jpg 420w, https:\/\/www.carideal.com\/blog\/wp-content\/uploads\/2015\/02\/fiat-500-x-7-248x138.jpg 248w, https:\/\/www.carideal.com\/blog\/wp-content\/uploads\/2015\/02\/fiat-500-x-7-770x427.jpg 770w, https:\/\/www.carideal.com\/blog\/wp-content\/uploads\/2015\/02\/fiat-500-x-7-50x28.jpg 50w, https:\/\/www.carideal.com\/blog\/wp-content\/uploads\/2015\/02\/fiat-500-x-7-e1479568730224.jpg 600w\" sizes=\"(max-width: 300px) 100vw, 300px\" \/><\/a>\n\t\t\t<\/div>\n\t\t\t\t<figcaption class='wp-caption-text gallery-caption' id='gallery-1-13621'>\n\t\t\t\tNouvelle Fiat 500X\n\t\t\t\t<\/figcaption><\/figure><figure class='gallery-item'>\n\t\t\t<div class='gallery-icon landscape'>\n\t\t\t\t<a href='https:\/\/www.carideal.com\/blog\/2015\/02\/03\/la-nouvelle-fiat-500x-arrive-en-concession\/fiat-500-x-8\/#main'><img loading=\"lazy\" decoding=\"async\" width=\"300\" height=\"166\" src=\"https:\/\/www.carideal.com\/blog\/wp-content\/uploads\/2015\/02\/fiat-500-x-8-300x166.jpg\" class=\"attachment-medium size-medium\" alt=\"Nouvelle Fiat 500X\" aria-describedby=\"gallery-1-13622\" srcset=\"https:\/\/www.carideal.com\/blog\/wp-content\/uploads\/2015\/02\/fiat-500-x-8-300x166.jpg 300w, https:\/\/www.carideal.com\/blog\/wp-content\/uploads\/2015\/02\/fiat-500-x-8-768x426.jpg 768w, https:\/\/www.carideal.com\/blog\/wp-content\/uploads\/2015\/02\/fiat-500-x-8-110x61.jpg 110w, https:\/\/www.carideal.com\/blog\/wp-content\/uploads\/2015\/02\/fiat-500-x-8-420x233.jpg 420w, https:\/\/www.carideal.com\/blog\/wp-content\/uploads\/2015\/02\/fiat-500-x-8-248x138.jpg 248w, https:\/\/www.carideal.com\/blog\/wp-content\/uploads\/2015\/02\/fiat-500-x-8-770x427.jpg 770w, https:\/\/www.carideal.com\/blog\/wp-content\/uploads\/2015\/02\/fiat-500-x-8-50x28.jpg 50w, https:\/\/www.carideal.com\/blog\/wp-content\/uploads\/2015\/02\/fiat-500-x-8-e1479568789501.jpg 600w\" sizes=\"(max-width: 300px) 100vw, 300px\" \/><\/a>\n\t\t\t<\/div>\n\t\t\t\t<figcaption class='wp-caption-text gallery-caption' id='gallery-1-13622'>\n\t\t\t\tNouvelle Fiat 500X\n\t\t\t\t<\/figcaption><\/figure><figure class='gallery-item'>\n\t\t\t<div class='gallery-icon landscape'>\n\t\t\t\t<a href='https:\/\/www.carideal.com\/blog\/2015\/02\/03\/la-nouvelle-fiat-500x-arrive-en-concession\/fiat-500-x-9\/#main'><img loading=\"lazy\" decoding=\"async\" width=\"300\" height=\"166\" src=\"https:\/\/www.carideal.com\/blog\/wp-content\/uploads\/2015\/02\/fiat-500-x-9-300x166.jpg\" class=\"attachment-medium size-medium\" alt=\"Nouvelle Fiat 500X\" aria-describedby=\"gallery-1-13623\" srcset=\"https:\/\/www.carideal.com\/blog\/wp-content\/uploads\/2015\/02\/fiat-500-x-9-300x166.jpg 300w, https:\/\/www.carideal.com\/blog\/wp-content\/uploads\/2015\/02\/fiat-500-x-9-768x426.jpg 768w, https:\/\/www.carideal.com\/blog\/wp-content\/uploads\/2015\/02\/fiat-500-x-9-110x61.jpg 110w, https:\/\/www.carideal.com\/blog\/wp-content\/uploads\/2015\/02\/fiat-500-x-9-420x233.jpg 420w, https:\/\/www.carideal.com\/blog\/wp-content\/uploads\/2015\/02\/fiat-500-x-9-248x138.jpg 248w, https:\/\/www.carideal.com\/blog\/wp-content\/uploads\/2015\/02\/fiat-500-x-9-770x427.jpg 770w, https:\/\/www.carideal.com\/blog\/wp-content\/uploads\/2015\/02\/fiat-500-x-9-50x28.jpg 50w, https:\/\/www.carideal.com\/blog\/wp-content\/uploads\/2015\/02\/fiat-500-x-9-e1479568826486.jpg 600w\" sizes=\"(max-width: 300px) 100vw, 300px\" \/><\/a>\n\t\t\t<\/div>\n\t\t\t\t<figcaption class='wp-caption-text gallery-caption' id='gallery-1-13623'>\n\t\t\t\tNouvelle Fiat 500X\n\t\t\t\t<\/figcaption><\/figure><figure class='gallery-item'>\n\t\t\t<div class='gallery-icon landscape'>\n\t\t\t\t<a href='https:\/\/www.carideal.com\/blog\/2015\/02\/03\/la-nouvelle-fiat-500x-arrive-en-concession\/fiat-500-x-10\/#main'><img loading=\"lazy\" decoding=\"async\" width=\"300\" height=\"166\" src=\"https:\/\/www.carideal.com\/blog\/wp-content\/uploads\/2015\/02\/fiat-500-x-10-300x166.jpg\" class=\"attachment-medium size-medium\" alt=\"Nouvelle Fiat 500X\" aria-describedby=\"gallery-1-13624\" srcset=\"https:\/\/www.carideal.com\/blog\/wp-content\/uploads\/2015\/02\/fiat-500-x-10-300x166.jpg 300w, https:\/\/www.carideal.com\/blog\/wp-content\/uploads\/2015\/02\/fiat-500-x-10-768x426.jpg 768w, https:\/\/www.carideal.com\/blog\/wp-content\/uploads\/2015\/02\/fiat-500-x-10-110x61.jpg 110w, https:\/\/www.carideal.com\/blog\/wp-content\/uploads\/2015\/02\/fiat-500-x-10-420x233.jpg 420w, https:\/\/www.carideal.com\/blog\/wp-content\/uploads\/2015\/02\/fiat-500-x-10-248x138.jpg 248w, https:\/\/www.carideal.com\/blog\/wp-content\/uploads\/2015\/02\/fiat-500-x-10-770x427.jpg 770w, https:\/\/www.carideal.com\/blog\/wp-content\/uploads\/2015\/02\/fiat-500-x-10-50x28.jpg 50w, https:\/\/www.carideal.com\/blog\/wp-content\/uploads\/2015\/02\/fiat-500-x-10-e1479568863346.jpg 600w\" sizes=\"(max-width: 300px) 100vw, 300px\" \/><\/a>\n\t\t\t<\/div>\n\t\t\t\t<figcaption class='wp-caption-text gallery-caption' id='gallery-1-13624'>\n\t\t\t\tNouvelle Fiat 500X\n\t\t\t\t<\/figcaption><\/figure><figure class='gallery-item'>\n\t\t\t<div class='gallery-icon landscape'>\n\t\t\t\t<a href='https:\/\/www.carideal.com\/blog\/2015\/02\/03\/la-nouvelle-fiat-500x-arrive-en-concession\/fiat-500-x-carideal-300-2\/#main'><img loading=\"lazy\" decoding=\"async\" width=\"300\" height=\"225\" src=\"https:\/\/www.carideal.com\/blog\/wp-content\/uploads\/2015\/02\/fiat-500-x-carideal-300-300x225.jpg\" class=\"attachment-medium size-medium\" alt=\"Nouvelle Fiat 500X\" aria-describedby=\"gallery-1-13625\" srcset=\"https:\/\/www.carideal.com\/blog\/wp-content\/uploads\/2015\/02\/fiat-500-x-carideal-300.jpg 300w, https:\/\/www.carideal.com\/blog\/wp-content\/uploads\/2015\/02\/fiat-500-x-carideal-300-110x83.jpg 110w, https:\/\/www.carideal.com\/blog\/wp-content\/uploads\/2015\/02\/fiat-500-x-carideal-300-50x38.jpg 50w\" sizes=\"(max-width: 300px) 100vw, 300px\" \/><\/a>\n\t\t\t<\/div>\n\t\t\t\t<figcaption class='wp-caption-text gallery-caption' id='gallery-1-13625'>\n\t\t\t\tNouvelle Fiat 500X\n\t\t\t\t<\/figcaption><\/figure><figure class='gallery-item'>\n\t\t\t<div class='gallery-icon landscape'>\n\t\t\t\t<a href='https:\/\/www.carideal.com\/blog\/2015\/02\/03\/la-nouvelle-fiat-500x-arrive-en-concession\/fiat-500-x-carideal-640\/#main'><img loading=\"lazy\" decoding=\"async\" width=\"300\" height=\"225\" src=\"https:\/\/www.carideal.com\/blog\/wp-content\/uploads\/2015\/02\/fiat-500-x-carideal-640-300x225.jpg\" class=\"attachment-medium size-medium\" alt=\"Nouvelle Fiat 500X\" aria-describedby=\"gallery-1-13626\" srcset=\"https:\/\/www.carideal.com\/blog\/wp-content\/uploads\/2015\/02\/fiat-500-x-carideal-640-300x225.jpg 300w, https:\/\/www.carideal.com\/blog\/wp-content\/uploads\/2015\/02\/fiat-500-x-carideal-640-110x83.jpg 110w, https:\/\/www.carideal.com\/blog\/wp-content\/uploads\/2015\/02\/fiat-500-x-carideal-640-420x315.jpg 420w, https:\/\/www.carideal.com\/blog\/wp-content\/uploads\/2015\/02\/fiat-500-x-carideal-640-573x430.jpg 573w, https:\/\/www.carideal.com\/blog\/wp-content\/uploads\/2015\/02\/fiat-500-x-carideal-640-50x38.jpg 50w, https:\/\/www.carideal.com\/blog\/wp-content\/uploads\/2015\/02\/fiat-500-x-carideal-640-e1479568923277.jpg 600w\" sizes=\"(max-width: 300px) 100vw, 300px\" \/><\/a>\n\t\t\t<\/div>\n\t\t\t\t<figcaption class='wp-caption-text gallery-caption' id='gallery-1-13626'>\n\t\t\t\tNouvelle Fiat 500X\n\t\t\t\t<\/figcaption><\/figure><figure class='gallery-item'>\n\t\t\t<div class='gallery-icon landscape'>\n\t\t\t\t<a href='https:\/\/www.carideal.com\/blog\/2015\/02\/03\/la-nouvelle-fiat-500x-arrive-en-concession\/fiat-500x-carideal-mandataire-automobile\/#main'><img loading=\"lazy\" decoding=\"async\" width=\"300\" height=\"194\" src=\"https:\/\/www.carideal.com\/blog\/wp-content\/uploads\/2015\/02\/Fiat-500X-carideal-mandataire-automobile-300x194.jpg\" class=\"attachment-medium size-medium\" alt=\"Nouvelle Fiat 500X\" aria-describedby=\"gallery-1-13627\" srcset=\"https:\/\/www.carideal.com\/blog\/wp-content\/uploads\/2015\/02\/Fiat-500X-carideal-mandataire-automobile-300x194.jpg 300w, https:\/\/www.carideal.com\/blog\/wp-content\/uploads\/2015\/02\/Fiat-500X-carideal-mandataire-automobile-110x71.jpg 110w, https:\/\/www.carideal.com\/blog\/wp-content\/uploads\/2015\/02\/Fiat-500X-carideal-mandataire-automobile-420x271.jpg 420w, https:\/\/www.carideal.com\/blog\/wp-content\/uploads\/2015\/02\/Fiat-500X-carideal-mandataire-automobile-50x32.jpg 50w, https:\/\/www.carideal.com\/blog\/wp-content\/uploads\/2015\/02\/Fiat-500X-carideal-mandataire-automobile-e1479568953162.jpg 600w\" sizes=\"(max-width: 300px) 100vw, 300px\" \/><\/a>\n\t\t\t<\/div>\n\t\t\t\t<figcaption class='wp-caption-text gallery-caption' id='gallery-1-13627'>\n\t\t\t\tNouvelle Fiat 500X\n\t\t\t\t<\/figcaption><\/figure>\n\t\t<\/div>\n\n","protected":false},"excerpt":{"rendered":"<p>La nouvelle Fiat 500X arrive en concession Fiat d\u00e9cline la gamme de son best seller et le seul d&rsquo;ailleurs \u00e0 se vendre, je parle bien s\u00fbr de la Fiat 500, en model tout chemin \/ SUV \/ 4X4 le Fiat 500X. Dire qu&rsquo;il est attendu par tout le r\u00e9seau est un euph\u00e9misme. Fiat 500X 1.6 &#8230; <a title=\"La nouvelle Fiat 500X arrive en concession\" class=\"read-more\" href=\"https:\/\/www.carideal.com\/blog\/2015\/02\/03\/la-nouvelle-fiat-500x-arrive-en-concession\/\" aria-label=\"En savoir plus sur La nouvelle Fiat 500X arrive en concession\">Lire plus<\/a><\/p>\n","protected":false},"author":3,"featured_media":13628,"comment_status":"open","ping_status":"open","sticky":false,"template":"","format":"standard","meta":{"_uag_custom_page_level_css":"","_themeisle_gutenberg_block_has_review":false,"footnotes":""},"categories":[2,21,5944,5980,6182,6021,6183,6010,5974],"tags":[2206,3917],"class_list":["post-4443","post","type-post","status-publish","format-standard","has-post-thumbnail","hentry","category-4x4-suv","category-actualites-auto","category-constructeur","category-fiat","category-actualite-fiat-500-x","category-crossovers","category-essais-fiat-500x","category-suv","category-type-de-vehicule","tag-concession","tag-crossover-urbain"],"wppr_data":{"cwp_meta_box_check":"No"},"yoast_head":"<!-- This site is optimized with the Yoast SEO plugin v24.8.1 - https:\/\/yoast.com\/wordpress\/plugins\/seo\/ -->\n<title>La nouvelle Fiat 500X arrive en concession - Blog auto Carid\u00e9al<\/title>\n<meta name=\"description\" content=\"La nouvelle Fiat 500X Sera commercialis\u00e9e en F\u00e9vrier 2015. Fiat d\u00e9cline la gamme de son best seller en model tout chemin \/ SUV \/ 4X4 le Fiat 500 X.\" \/>\n<meta name=\"robots\" content=\"index, follow, max-snippet:-1, max-image-preview:large, max-video-preview:-1\" \/>\n<link rel=\"canonical\" href=\"https:\/\/www.carideal.com\/blog\/2015\/02\/03\/la-nouvelle-fiat-500x-arrive-en-concession\/\" \/>\n<meta property=\"og:locale\" content=\"fr_FR\" \/>\n<meta property=\"og:type\" content=\"article\" \/>\n<meta property=\"og:title\" content=\"La nouvelle Fiat 500X arrive en concession - Blog auto Carid\u00e9al\" \/>\n<meta property=\"og:description\" content=\"La nouvelle Fiat 500X Sera commercialis\u00e9e en F\u00e9vrier 2015. Fiat d\u00e9cline la gamme de son best seller en model tout chemin \/ SUV \/ 4X4 le Fiat 500 X.\" \/>\n<meta property=\"og:url\" content=\"https:\/\/www.carideal.com\/blog\/2015\/02\/03\/la-nouvelle-fiat-500x-arrive-en-concession\/\" \/>\n<meta property=\"og:site_name\" content=\"Blog auto Carid\u00e9al\" \/>\n<meta property=\"article:publisher\" content=\"https:\/\/www.facebook.com\/Carideal.mandataire.automobile\" \/>\n<meta property=\"article:author\" content=\"https:\/\/www.facebook.com\/nicolas.schiavon.39\" \/>\n<meta property=\"article:published_time\" content=\"2015-02-03T10:52:55+00:00\" \/>\n<meta property=\"article:modified_time\" content=\"2020-03-08T06:38:18+00:00\" \/>\n<meta property=\"og:image\" content=\"https:\/\/www.carideal.com\/blog\/wp-content\/uploads\/2015\/02\/fiat-500-x-carideal-mandataire-automobile.jpg\" \/>\n\t<meta property=\"og:image:width\" content=\"800\" \/>\n\t<meta property=\"og:image:height\" content=\"600\" \/>\n\t<meta property=\"og:image:type\" content=\"image\/jpeg\" \/>\n<meta name=\"author\" content=\"Nicolas SCHIAVON\" \/>\n<meta name=\"twitter:card\" content=\"summary_large_image\" \/>\n<meta name=\"twitter:creator\" content=\"@caridealauto\" \/>\n<meta name=\"twitter:site\" content=\"@caridealauto\" \/>\n<meta name=\"twitter:label1\" content=\"\u00c9crit par\" \/>\n\t<meta name=\"twitter:data1\" content=\"Nicolas SCHIAVON\" \/>\n\t<meta name=\"twitter:label2\" content=\"Dur\u00e9e de lecture estim\u00e9e\" \/>\n\t<meta name=\"twitter:data2\" content=\"8 minutes\" \/>\n<script type=\"application\/ld+json\" class=\"yoast-schema-graph\">{\"@context\":\"https:\/\/schema.org\",\"@graph\":[{\"@type\":\"Article\",\"@id\":\"https:\/\/www.carideal.com\/blog\/2015\/02\/03\/la-nouvelle-fiat-500x-arrive-en-concession\/#article\",\"isPartOf\":{\"@id\":\"https:\/\/www.carideal.com\/blog\/2015\/02\/03\/la-nouvelle-fiat-500x-arrive-en-concession\/\"},\"author\":{\"name\":\"Nicolas SCHIAVON\",\"@id\":\"https:\/\/www.carideal.com\/blog\/#\/schema\/person\/cd95dc7919660de90d31b366f85be1ec\"},\"headline\":\"La nouvelle Fiat 500X arrive en concession\",\"datePublished\":\"2015-02-03T10:52:55+00:00\",\"dateModified\":\"2020-03-08T06:38:18+00:00\",\"mainEntityOfPage\":{\"@id\":\"https:\/\/www.carideal.com\/blog\/2015\/02\/03\/la-nouvelle-fiat-500x-arrive-en-concession\/\"},\"wordCount\":1673,\"commentCount\":0,\"publisher\":{\"@id\":\"https:\/\/www.carideal.com\/blog\/#organization\"},\"image\":{\"@id\":\"https:\/\/www.carideal.com\/blog\/2015\/02\/03\/la-nouvelle-fiat-500x-arrive-en-concession\/#primaryimage\"},\"thumbnailUrl\":\"https:\/\/www.carideal.com\/blog\/wp-content\/uploads\/2015\/02\/fiat-500-x-carideal-mandataire-automobile.jpg\",\"keywords\":[\"Concession automobile\",\"Crossover urbain\"],\"articleSection\":[\"4X4 Actualit\u00e9\",\"Actualit\u00e9 automobile\",\"Actualit\u00e9 Constructeur automobile\",\"Actualit\u00e9 Fiat\",\"Actualit\u00e9 Fiat 500X\",\"Crossover\",\"Essais Fiat 500X\",\"SUV\",\"Type de v\u00e9hicule\"],\"inLanguage\":\"fr-FR\",\"potentialAction\":[{\"@type\":\"CommentAction\",\"name\":\"Comment\",\"target\":[\"https:\/\/www.carideal.com\/blog\/2015\/02\/03\/la-nouvelle-fiat-500x-arrive-en-concession\/#respond\"]}]},{\"@type\":\"WebPage\",\"@id\":\"https:\/\/www.carideal.com\/blog\/2015\/02\/03\/la-nouvelle-fiat-500x-arrive-en-concession\/\",\"url\":\"https:\/\/www.carideal.com\/blog\/2015\/02\/03\/la-nouvelle-fiat-500x-arrive-en-concession\/\",\"name\":\"La nouvelle Fiat 500X arrive en concession - Blog auto Carid\u00e9al\",\"isPartOf\":{\"@id\":\"https:\/\/www.carideal.com\/blog\/#website\"},\"primaryImageOfPage\":{\"@id\":\"https:\/\/www.carideal.com\/blog\/2015\/02\/03\/la-nouvelle-fiat-500x-arrive-en-concession\/#primaryimage\"},\"image\":{\"@id\":\"https:\/\/www.carideal.com\/blog\/2015\/02\/03\/la-nouvelle-fiat-500x-arrive-en-concession\/#primaryimage\"},\"thumbnailUrl\":\"https:\/\/www.carideal.com\/blog\/wp-content\/uploads\/2015\/02\/fiat-500-x-carideal-mandataire-automobile.jpg\",\"datePublished\":\"2015-02-03T10:52:55+00:00\",\"dateModified\":\"2020-03-08T06:38:18+00:00\",\"description\":\"La nouvelle Fiat 500X Sera commercialis\u00e9e en F\u00e9vrier 2015. Fiat d\u00e9cline la gamme de son best seller en model tout chemin \/ SUV \/ 4X4 le Fiat 500 X.\",\"breadcrumb\":{\"@id\":\"https:\/\/www.carideal.com\/blog\/2015\/02\/03\/la-nouvelle-fiat-500x-arrive-en-concession\/#breadcrumb\"},\"inLanguage\":\"fr-FR\",\"potentialAction\":[{\"@type\":\"ReadAction\",\"target\":[\"https:\/\/www.carideal.com\/blog\/2015\/02\/03\/la-nouvelle-fiat-500x-arrive-en-concession\/\"]}]},{\"@type\":\"ImageObject\",\"inLanguage\":\"fr-FR\",\"@id\":\"https:\/\/www.carideal.com\/blog\/2015\/02\/03\/la-nouvelle-fiat-500x-arrive-en-concession\/#primaryimage\",\"url\":\"https:\/\/www.carideal.com\/blog\/wp-content\/uploads\/2015\/02\/fiat-500-x-carideal-mandataire-automobile.jpg\",\"contentUrl\":\"https:\/\/www.carideal.com\/blog\/wp-content\/uploads\/2015\/02\/fiat-500-x-carideal-mandataire-automobile.jpg\",\"width\":800,\"height\":600,\"caption\":\"Nouvelle Fiat 500X\"},{\"@type\":\"BreadcrumbList\",\"@id\":\"https:\/\/www.carideal.com\/blog\/2015\/02\/03\/la-nouvelle-fiat-500x-arrive-en-concession\/#breadcrumb\",\"itemListElement\":[{\"@type\":\"ListItem\",\"position\":1,\"name\":\"Blog Carid\u00e9al\",\"item\":\"https:\/\/www.carideal.com\/blog\/\"},{\"@type\":\"ListItem\",\"position\":2,\"name\":\"Actualit\u00e9 automobile\",\"item\":\"https:\/\/www.carideal.com\/blog\/actualites-auto\/\"},{\"@type\":\"ListItem\",\"position\":3,\"name\":\"La nouvelle Fiat 500X arrive en concession\"}]},{\"@type\":\"WebSite\",\"@id\":\"https:\/\/www.carideal.com\/blog\/#website\",\"url\":\"https:\/\/www.carideal.com\/blog\/\",\"name\":\"Blog auto Carid\u00e9al\",\"description\":\"Actualit\u00e9 auto par des passionn\u00e9s\",\"publisher\":{\"@id\":\"https:\/\/www.carideal.com\/blog\/#organization\"},\"potentialAction\":[{\"@type\":\"SearchAction\",\"target\":{\"@type\":\"EntryPoint\",\"urlTemplate\":\"https:\/\/www.carideal.com\/blog\/?s={search_term_string}\"},\"query-input\":{\"@type\":\"PropertyValueSpecification\",\"valueRequired\":true,\"valueName\":\"search_term_string\"}}],\"inLanguage\":\"fr-FR\"},{\"@type\":\"Organization\",\"@id\":\"https:\/\/www.carideal.com\/blog\/#organization\",\"name\":\"Carideal\",\"url\":\"https:\/\/www.carideal.com\/blog\/\",\"logo\":{\"@type\":\"ImageObject\",\"inLanguage\":\"fr-FR\",\"@id\":\"https:\/\/www.carideal.com\/blog\/#\/schema\/logo\/image\/\",\"url\":\"http:\/\/www.carideal.com\/blog\/wp-content\/uploads\/2016\/03\/logo-carideal-mandataire-automobile.png\",\"contentUrl\":\"http:\/\/www.carideal.com\/blog\/wp-content\/uploads\/2016\/03\/logo-carideal-mandataire-automobile.png\",\"width\":300,\"height\":300,\"caption\":\"Carideal\"},\"image\":{\"@id\":\"https:\/\/www.carideal.com\/blog\/#\/schema\/logo\/image\/\"},\"sameAs\":[\"https:\/\/www.facebook.com\/Carideal.mandataire.automobile\",\"https:\/\/x.com\/caridealauto\",\"https:\/\/www.instagram.com\/carideal1\/\",\"https:\/\/www.linkedin.com\/company\/carideal.com\",\"https:\/\/fr.pinterest.com\/schiavonsas\/\",\"https:\/\/www.youtube.com\/user\/caridealsas\"]},{\"@type\":\"Person\",\"@id\":\"https:\/\/www.carideal.com\/blog\/#\/schema\/person\/cd95dc7919660de90d31b366f85be1ec\",\"name\":\"Nicolas SCHIAVON\",\"image\":{\"@type\":\"ImageObject\",\"inLanguage\":\"fr-FR\",\"@id\":\"https:\/\/www.carideal.com\/blog\/#\/schema\/person\/image\/\",\"url\":\"https:\/\/secure.gravatar.com\/avatar\/c17e55009e671d92cc7f5dc837dc418a?s=96&r=g\",\"contentUrl\":\"https:\/\/secure.gravatar.com\/avatar\/c17e55009e671d92cc7f5dc837dc418a?s=96&r=g\",\"caption\":\"Nicolas SCHIAVON\"},\"description\":\"Nicolas Schiavon est tomb\u00e9 tout petit dans la marmite automobile. Ayant eu un garage de marque automobile, mandataire automobile de la premi\u00e8re heure d\u00e8s 1999. Nicolas a cr\u00e9\u00e9 ces premiers sites de vente de voiture et blog automobile d\u00e8s 1994. Carideal est n\u00e9 le 15 d\u00e9cembre 2000 de la volont\u00e9 de vendre des voitures d'occasions en ligne puis des voitures neuves. Il a pu essayer beaucoup de voitures tr\u00e8s diff\u00e9rentes et ayant eu personnellement quelques belles autos, Subaru Impreza, Mitsubishi Lancer Evo 7, Porsche 911, Ferrari Testarrossa, Audi RS3, RS4 et j'en passe...\",\"sameAs\":[\"http:\/\/www.carideal.com\",\"https:\/\/www.facebook.com\/nicolas.schiavon.39\",\"https:\/\/www.instagram.com\/carideal1\/\",\"https:\/\/www.linkedin.com\/in\/nschiavon\/\",\"https:\/\/x.com\/caridealauto\",\"https:\/\/www.youtube.com\/user\/caridealsas\/\"],\"url\":\"https:\/\/www.carideal.com\/blog\/author\/nschiavon\/\"}]}<\/script>\n<!-- \/ Yoast SEO plugin. -->","yoast_head_json":{"title":"La nouvelle Fiat 500X arrive en concession - Blog auto Carid\u00e9al","description":"La nouvelle Fiat 500X Sera commercialis\u00e9e en F\u00e9vrier 2015. Fiat d\u00e9cline la gamme de son best seller en model tout chemin \/ SUV \/ 4X4 le Fiat 500 X.","robots":{"index":"index","follow":"follow","max-snippet":"max-snippet:-1","max-image-preview":"max-image-preview:large","max-video-preview":"max-video-preview:-1"},"canonical":"https:\/\/www.carideal.com\/blog\/2015\/02\/03\/la-nouvelle-fiat-500x-arrive-en-concession\/","og_locale":"fr_FR","og_type":"article","og_title":"La nouvelle Fiat 500X arrive en concession - Blog auto Carid\u00e9al","og_description":"La nouvelle Fiat 500X Sera commercialis\u00e9e en F\u00e9vrier 2015. Fiat d\u00e9cline la gamme de son best seller en model tout chemin \/ SUV \/ 4X4 le Fiat 500 X.","og_url":"https:\/\/www.carideal.com\/blog\/2015\/02\/03\/la-nouvelle-fiat-500x-arrive-en-concession\/","og_site_name":"Blog auto Carid\u00e9al","article_publisher":"https:\/\/www.facebook.com\/Carideal.mandataire.automobile","article_author":"https:\/\/www.facebook.com\/nicolas.schiavon.39","article_published_time":"2015-02-03T10:52:55+00:00","article_modified_time":"2020-03-08T06:38:18+00:00","og_image":[{"width":800,"height":600,"url":"https:\/\/www.carideal.com\/blog\/wp-content\/uploads\/2015\/02\/fiat-500-x-carideal-mandataire-automobile.jpg","type":"image\/jpeg"}],"author":"Nicolas SCHIAVON","twitter_card":"summary_large_image","twitter_creator":"@caridealauto","twitter_site":"@caridealauto","twitter_misc":{"\u00c9crit par":"Nicolas SCHIAVON","Dur\u00e9e de lecture estim\u00e9e":"8 minutes"},"schema":{"@context":"https:\/\/schema.org","@graph":[{"@type":"Article","@id":"https:\/\/www.carideal.com\/blog\/2015\/02\/03\/la-nouvelle-fiat-500x-arrive-en-concession\/#article","isPartOf":{"@id":"https:\/\/www.carideal.com\/blog\/2015\/02\/03\/la-nouvelle-fiat-500x-arrive-en-concession\/"},"author":{"name":"Nicolas SCHIAVON","@id":"https:\/\/www.carideal.com\/blog\/#\/schema\/person\/cd95dc7919660de90d31b366f85be1ec"},"headline":"La nouvelle Fiat 500X arrive en concession","datePublished":"2015-02-03T10:52:55+00:00","dateModified":"2020-03-08T06:38:18+00:00","mainEntityOfPage":{"@id":"https:\/\/www.carideal.com\/blog\/2015\/02\/03\/la-nouvelle-fiat-500x-arrive-en-concession\/"},"wordCount":1673,"commentCount":0,"publisher":{"@id":"https:\/\/www.carideal.com\/blog\/#organization"},"image":{"@id":"https:\/\/www.carideal.com\/blog\/2015\/02\/03\/la-nouvelle-fiat-500x-arrive-en-concession\/#primaryimage"},"thumbnailUrl":"https:\/\/www.carideal.com\/blog\/wp-content\/uploads\/2015\/02\/fiat-500-x-carideal-mandataire-automobile.jpg","keywords":["Concession automobile","Crossover urbain"],"articleSection":["4X4 Actualit\u00e9","Actualit\u00e9 automobile","Actualit\u00e9 Constructeur automobile","Actualit\u00e9 Fiat","Actualit\u00e9 Fiat 500X","Crossover","Essais Fiat 500X","SUV","Type de v\u00e9hicule"],"inLanguage":"fr-FR","potentialAction":[{"@type":"CommentAction","name":"Comment","target":["https:\/\/www.carideal.com\/blog\/2015\/02\/03\/la-nouvelle-fiat-500x-arrive-en-concession\/#respond"]}]},{"@type":"WebPage","@id":"https:\/\/www.carideal.com\/blog\/2015\/02\/03\/la-nouvelle-fiat-500x-arrive-en-concession\/","url":"https:\/\/www.carideal.com\/blog\/2015\/02\/03\/la-nouvelle-fiat-500x-arrive-en-concession\/","name":"La nouvelle Fiat 500X arrive en concession - Blog auto Carid\u00e9al","isPartOf":{"@id":"https:\/\/www.carideal.com\/blog\/#website"},"primaryImageOfPage":{"@id":"https:\/\/www.carideal.com\/blog\/2015\/02\/03\/la-nouvelle-fiat-500x-arrive-en-concession\/#primaryimage"},"image":{"@id":"https:\/\/www.carideal.com\/blog\/2015\/02\/03\/la-nouvelle-fiat-500x-arrive-en-concession\/#primaryimage"},"thumbnailUrl":"https:\/\/www.carideal.com\/blog\/wp-content\/uploads\/2015\/02\/fiat-500-x-carideal-mandataire-automobile.jpg","datePublished":"2015-02-03T10:52:55+00:00","dateModified":"2020-03-08T06:38:18+00:00","description":"La nouvelle Fiat 500X Sera commercialis\u00e9e en F\u00e9vrier 2015. Fiat d\u00e9cline la gamme de son best seller en model tout chemin \/ SUV \/ 4X4 le Fiat 500 X.","breadcrumb":{"@id":"https:\/\/www.carideal.com\/blog\/2015\/02\/03\/la-nouvelle-fiat-500x-arrive-en-concession\/#breadcrumb"},"inLanguage":"fr-FR","potentialAction":[{"@type":"ReadAction","target":["https:\/\/www.carideal.com\/blog\/2015\/02\/03\/la-nouvelle-fiat-500x-arrive-en-concession\/"]}]},{"@type":"ImageObject","inLanguage":"fr-FR","@id":"https:\/\/www.carideal.com\/blog\/2015\/02\/03\/la-nouvelle-fiat-500x-arrive-en-concession\/#primaryimage","url":"https:\/\/www.carideal.com\/blog\/wp-content\/uploads\/2015\/02\/fiat-500-x-carideal-mandataire-automobile.jpg","contentUrl":"https:\/\/www.carideal.com\/blog\/wp-content\/uploads\/2015\/02\/fiat-500-x-carideal-mandataire-automobile.jpg","width":800,"height":600,"caption":"Nouvelle Fiat 500X"},{"@type":"BreadcrumbList","@id":"https:\/\/www.carideal.com\/blog\/2015\/02\/03\/la-nouvelle-fiat-500x-arrive-en-concession\/#breadcrumb","itemListElement":[{"@type":"ListItem","position":1,"name":"Blog Carid\u00e9al","item":"https:\/\/www.carideal.com\/blog\/"},{"@type":"ListItem","position":2,"name":"Actualit\u00e9 automobile","item":"https:\/\/www.carideal.com\/blog\/actualites-auto\/"},{"@type":"ListItem","position":3,"name":"La nouvelle Fiat 500X arrive en concession"}]},{"@type":"WebSite","@id":"https:\/\/www.carideal.com\/blog\/#website","url":"https:\/\/www.carideal.com\/blog\/","name":"Blog auto Carid\u00e9al","description":"Actualit\u00e9 auto par des passionn\u00e9s","publisher":{"@id":"https:\/\/www.carideal.com\/blog\/#organization"},"potentialAction":[{"@type":"SearchAction","target":{"@type":"EntryPoint","urlTemplate":"https:\/\/www.carideal.com\/blog\/?s={search_term_string}"},"query-input":{"@type":"PropertyValueSpecification","valueRequired":true,"valueName":"search_term_string"}}],"inLanguage":"fr-FR"},{"@type":"Organization","@id":"https:\/\/www.carideal.com\/blog\/#organization","name":"Carideal","url":"https:\/\/www.carideal.com\/blog\/","logo":{"@type":"ImageObject","inLanguage":"fr-FR","@id":"https:\/\/www.carideal.com\/blog\/#\/schema\/logo\/image\/","url":"http:\/\/www.carideal.com\/blog\/wp-content\/uploads\/2016\/03\/logo-carideal-mandataire-automobile.png","contentUrl":"http:\/\/www.carideal.com\/blog\/wp-content\/uploads\/2016\/03\/logo-carideal-mandataire-automobile.png","width":300,"height":300,"caption":"Carideal"},"image":{"@id":"https:\/\/www.carideal.com\/blog\/#\/schema\/logo\/image\/"},"sameAs":["https:\/\/www.facebook.com\/Carideal.mandataire.automobile","https:\/\/x.com\/caridealauto","https:\/\/www.instagram.com\/carideal1\/","https:\/\/www.linkedin.com\/company\/carideal.com","https:\/\/fr.pinterest.com\/schiavonsas\/","https:\/\/www.youtube.com\/user\/caridealsas"]},{"@type":"Person","@id":"https:\/\/www.carideal.com\/blog\/#\/schema\/person\/cd95dc7919660de90d31b366f85be1ec","name":"Nicolas SCHIAVON","image":{"@type":"ImageObject","inLanguage":"fr-FR","@id":"https:\/\/www.carideal.com\/blog\/#\/schema\/person\/image\/","url":"https:\/\/secure.gravatar.com\/avatar\/c17e55009e671d92cc7f5dc837dc418a?s=96&r=g","contentUrl":"https:\/\/secure.gravatar.com\/avatar\/c17e55009e671d92cc7f5dc837dc418a?s=96&r=g","caption":"Nicolas SCHIAVON"},"description":"Nicolas Schiavon est tomb\u00e9 tout petit dans la marmite automobile. Ayant eu un garage de marque automobile, mandataire automobile de la premi\u00e8re heure d\u00e8s 1999. Nicolas a cr\u00e9\u00e9 ces premiers sites de vente de voiture et blog automobile d\u00e8s 1994. Carideal est n\u00e9 le 15 d\u00e9cembre 2000 de la volont\u00e9 de vendre des voitures d'occasions en ligne puis des voitures neuves. Il a pu essayer beaucoup de voitures tr\u00e8s diff\u00e9rentes et ayant eu personnellement quelques belles autos, Subaru Impreza, Mitsubishi Lancer Evo 7, Porsche 911, Ferrari Testarrossa, Audi RS3, RS4 et j'en passe...","sameAs":["http:\/\/www.carideal.com","https:\/\/www.facebook.com\/nicolas.schiavon.39","https:\/\/www.instagram.com\/carideal1\/","https:\/\/www.linkedin.com\/in\/nschiavon\/","https:\/\/x.com\/caridealauto","https:\/\/www.youtube.com\/user\/caridealsas\/"],"url":"https:\/\/www.carideal.com\/blog\/author\/nschiavon\/"}]}},"uagb_featured_image_src":{"full":["https:\/\/www.carideal.com\/blog\/wp-content\/uploads\/2015\/02\/fiat-500-x-carideal-mandataire-automobile.jpg",800,600,false],"thumbnail":["https:\/\/www.carideal.com\/blog\/wp-content\/uploads\/2015\/02\/fiat-500-x-carideal-mandataire-automobile-150x150.jpg",150,150,true],"medium":["https:\/\/www.carideal.com\/blog\/wp-content\/uploads\/2015\/02\/fiat-500-x-carideal-mandataire-automobile-300x225.jpg",300,225,true],"medium_large":["https:\/\/www.carideal.com\/blog\/wp-content\/uploads\/2015\/02\/fiat-500-x-carideal-mandataire-automobile-768x576.jpg",768,576,true],"large":["https:\/\/www.carideal.com\/blog\/wp-content\/uploads\/2015\/02\/fiat-500-x-carideal-mandataire-automobile.jpg",800,600,false],"1536x1536":["https:\/\/www.carideal.com\/blog\/wp-content\/uploads\/2015\/02\/fiat-500-x-carideal-mandataire-automobile.jpg",800,600,false],"2048x2048":["https:\/\/www.carideal.com\/blog\/wp-content\/uploads\/2015\/02\/fiat-500-x-carideal-mandataire-automobile.jpg",800,600,false],"wppr-widget":["https:\/\/www.carideal.com\/blog\/wp-content\/uploads\/2015\/02\/fiat-500-x-carideal-mandataire-automobile.jpg",50,38,false]},"uagb_author_info":{"display_name":"Nicolas SCHIAVON","author_link":"https:\/\/www.carideal.com\/blog\/author\/nschiavon\/"},"uagb_comment_info":0,"uagb_excerpt":"La nouvelle Fiat 500X arrive en concession Fiat d\u00e9cline la gamme de son best seller et le seul d'ailleurs \u00e0 se vendre, je parle bien s\u00fbr de la Fiat 500, en model tout chemin \/ SUV \/ 4X4 le Fiat 500X. Dire qu'il est attendu par tout le r\u00e9seau est un euph\u00e9misme. Fiat 500X 1.6\u2026","_links":{"self":[{"href":"https:\/\/www.carideal.com\/blog\/wp-json\/wp\/v2\/posts\/4443"}],"collection":[{"href":"https:\/\/www.carideal.com\/blog\/wp-json\/wp\/v2\/posts"}],"about":[{"href":"https:\/\/www.carideal.com\/blog\/wp-json\/wp\/v2\/types\/post"}],"author":[{"embeddable":true,"href":"https:\/\/www.carideal.com\/blog\/wp-json\/wp\/v2\/users\/3"}],"replies":[{"embeddable":true,"href":"https:\/\/www.carideal.com\/blog\/wp-json\/wp\/v2\/comments?post=4443"}],"version-history":[{"count":0,"href":"https:\/\/www.carideal.com\/blog\/wp-json\/wp\/v2\/posts\/4443\/revisions"}],"wp:featuredmedia":[{"embeddable":true,"href":"https:\/\/www.carideal.com\/blog\/wp-json\/wp\/v2\/media\/13628"}],"wp:attachment":[{"href":"https:\/\/www.carideal.com\/blog\/wp-json\/wp\/v2\/media?parent=4443"}],"wp:term":[{"taxonomy":"category","embeddable":true,"href":"https:\/\/www.carideal.com\/blog\/wp-json\/wp\/v2\/categories?post=4443"},{"taxonomy":"post_tag","embeddable":true,"href":"https:\/\/www.carideal.com\/blog\/wp-json\/wp\/v2\/tags?post=4443"}],"curies":[{"name":"wp","href":"https:\/\/api.w.org\/{rel}","templated":true}]}}