{"id":444,"date":"2009-11-21T09:15:00","date_gmt":"2009-11-21T09:15:00","guid":{"rendered":"http:\/\/carideal.com\/blog\/?p=444"},"modified":"2020-03-26T16:38:40","modified_gmt":"2020-03-26T15:38:40","slug":"nouvelle-hyundai-kona-electric-2020-avis","status":"publish","type":"post","link":"https:\/\/www.carideal.com\/blog\/2009\/11\/21\/nouvelle-hyundai-kona-electric-2020-avis\/","title":{"rendered":"Nouvelle Hyundai Kona Electric 2020 &#8211; Avis"},"content":{"rendered":"\n<h2 class=\"wp-block-heading\">Nouvelle Hyundai Kona Electric 2020 - Avis<\/h2>\n\n\n\n<p class=\"has-drop-cap has-medium-font-size\">Le populaire <strong>SUV \u00e9lectrique Hyundai Kona<\/strong> a \u00e9t\u00e9 mis \u00e0 jour pour 2020 et il est maintenant meilleur que jamais.<\/p>\n\n\n\n<figure class=\"wp-block-image size-full\"><img loading=\"lazy\" decoding=\"async\" width=\"600\" height=\"338\" src=\"http:\/\/www.carideal.com\/blog\/wp-content\/uploads\/2009\/11\/Hyundai-Kona-Electric-2020.jpg\" alt=\"Nouvelle Hyundai Kona Electric 2020 - Avis\" class=\"wp-image-24805\" srcset=\"https:\/\/www.carideal.com\/blog\/wp-content\/uploads\/2009\/11\/Hyundai-Kona-Electric-2020.jpg 600w, https:\/\/www.carideal.com\/blog\/wp-content\/uploads\/2009\/11\/Hyundai-Kona-Electric-2020-300x169.jpg 300w, https:\/\/www.carideal.com\/blog\/wp-content\/uploads\/2009\/11\/Hyundai-Kona-Electric-2020-50x28.jpg 50w, https:\/\/www.carideal.com\/blog\/wp-content\/uploads\/2009\/11\/Hyundai-Kona-Electric-2020-110x62.jpg 110w, https:\/\/www.carideal.com\/blog\/wp-content\/uploads\/2009\/11\/Hyundai-Kona-Electric-2020-420x237.jpg 420w\" sizes=\"(max-width: 600px) 100vw, 600px\" \/><figcaption>Nouvelle Hyundai Kona Electric 2020 - Avis<\/figcaption><\/figure>\n\n\n\n<p>La <strong>Hyundai Kona Electric<\/strong> n'est toujours pas le dernier mot en mati\u00e8re de plaisir de conduite, mais ces mises \u00e0 jour n'ont rien fait pour diminuer son attrait en tant que VE au prix raisonnable avec une impressionnante autonomie pour l'argent. La seule ombre au tableau, en fait, est que nous savons que d'autres am\u00e9liorations de l'autonomie sont pr\u00e9vues dans le courant de l'ann\u00e9e, et qu'il serait donc pr\u00e9f\u00e9rable d'attendre l'\u00e9t\u00e9 avant de passer commande.<\/p>\n\n\n\n<p>Avec le lancement de <a href=\"http:\/\/www.carideal.com\/blog\/2020\/02\/27\/meilleures-voitures-electriques-a-acheter-en-2020\/\">nouveaux mod\u00e8les purement \u00e9lectriques<\/a> presque chaque semaine ces jours-ci, il est facile d'oublier certaines des offres vedettes qui nous ont impressionn\u00e9s il n'y a pas si longtemps. Prenez la Hyundai Kona Electric ; elle a \u00e9t\u00e9 notre voiture \u00e9lectrique abordable de l'ann\u00e9e en 2018, mais elle a vite \u00e9t\u00e9 d\u00e9pass\u00e9e par la <a href=\"http:\/\/www.carideal.com\/blog\/2016\/02\/13\/kia-niro-2016\/\">Kia e-Niro<\/a>, qui combine une autonomie similaire et un habitacle l\u00e9g\u00e8rement plus grand.<\/p>\n\n\n\n<p>Aujourd'hui, la Kona Electric a re\u00e7u une s\u00e9rie de l\u00e9g\u00e8res r\u00e9visions de mi-vie - et bien qu'elles ne d\u00e9passent pas 40 mm dans l'empattement, elles pourraient pousser ce <a href=\"http:\/\/www.carideal.com\/blog\/2019\/12\/26\/meilleurs-petits-suv-et-crossovers-en-vente\/\">b\u00e9b\u00e9 SUV<\/a> vers le haut de la pile des v\u00e9hicules \u00e9lectriques.<\/p>\n\n\n\n<ul class=\"wp-block-list\"><li><a href=\"http:\/\/www.carideal.com\/blog\/2020\/02\/27\/meilleures-voitures-electriques-a-acheter-en-2020\/\">Les meilleures voitures \u00e9lectriques \u00e0 acheter en 2020<\/a><\/li><\/ul>\n\n\n\n<p>Il faut \u00eatre un aficionado de Kona pour rep\u00e9rer les changements de l'ext\u00e9rieur. Les phares ultra minces et le rev\u00eatement lat\u00e9ral complexe restent inchang\u00e9s, mais les feux inf\u00e9rieurs \u00e0 l'avant et les feux arri\u00e8re sont l\u00e9g\u00e8rement modifi\u00e9s pour am\u00e9liorer l'a\u00e9rodynamisme.<\/p>\n\n\n\n<p>17<br>\n\u00c0 l'int\u00e9rieur, la caract\u00e9ristique la plus remarquable est un nouvel \u00e9cran large d'info-divertissement de 10,25 pouces qui est standard sur toutes les voitures sauf les \u00e9ditions SE de base. Bien que l'interface demande un peu d'adaptation - elle m\u00e9lange les boutons \u00e0 l'\u00e9cran avec la possibilit\u00e9 de passer d'un \u00e9cran \u00e0 l'autre, \u00e0 gauche et \u00e0 droite - vous apprenez rapidement \u00e0 acc\u00e9der facilement \u00e0 vos fonctionnalit\u00e9s pr\u00e9f\u00e9r\u00e9es, et elle est claire, nette et rapide pour r\u00e9pondre aux entr\u00e9es.<\/p>\n\n\n\n<h3 class=\"wp-block-heading\">Articles similaires<\/h3>\n\n\n\n\n\n<p>Il y a quelques \u00e9l\u00e9ments de finition dans l'habitacle pour am\u00e9liorer un peu la qualit\u00e9 per\u00e7ue, mais le r\u00e9sultat final est toujours un int\u00e9rieur fonctionnel et \u00e9l\u00e9gant plut\u00f4t que luxueux. Comme auparavant, l'espace des si\u00e8ges arri\u00e8re est mieux r\u00e9serv\u00e9 aux enfants, et la capacit\u00e9 du coffre reste maigre, \u00e0 savoir 332 litres. La Kona est beaucoup de choses, mais elle ne peut pas se faire passer pour une voiture familiale de grande taille.<\/p>\n\n\n\n<p>En dessous, la recette de base n'a pas vraiment chang\u00e9 non plus - mais ce n'est pas une mauvaise chose. La Kona est \u00e9quip\u00e9e d'une batterie de 64 kWh, ce qui est suffisant pour une autonomie confortable au nord de 240 miles en utilisation r\u00e9elle. Sur la base de nos miles, le chiffre officiel du <a href=\"http:\/\/www.carideal.com\/blog\/2012\/11\/23\/citroen-peugeot-va-adopter-la-norme-wltp\/\">WLTP<\/a> de 450 km est tout \u00e0 fait r\u00e9alisable. Il y a maintenant un chargeur de bord triphas\u00e9 plus rapide, qui r\u00e9duit d'un cinqui\u00e8me le temps n\u00e9cessaire pour faire passer la batterie de z\u00e9ro \u00e0 80 % ; il est maintenant de 75 minutes.<\/p>\n\n\n\n<p>Sur la route, la Kona est \u00e0 peu pr\u00e8s la m\u00eame qu'avant. Le moteur de 201 ch et le couple de 395 Nm sont \u00e0 la limite de ce que le ch\u00e2ssis peut supporter, si bien que les pouss\u00e9es soudaines de l'acc\u00e9l\u00e9rateur font patiner les pneus avant et laissent la voiture se tortiller en essayant de trouver une traction suffisante sur ses pneus relativement fins.<\/p>\n\n\n\n<p>La meilleure tactique consiste \u00e0 choisir le mode de conduite Eco et \u00e0 profiter de la puissance rabougrie qui en d\u00e9coule. Il est plus progressif tout en restant assez rapide pour la plupart des situations, tout en \u00e9tant plus efficace.<\/p>\n\n\n\n<p>La deuxi\u00e8me partie du trajet est encore un peu trop ferme, si bien que si la voiture reste assez plate dans les virages, vous finissez par rebondir un peu sur des imperfections de la route encore plus petites.<\/p>\n\n\n\n<p>L'une des plus grandes am\u00e9liorations de la Kona n'est en fait pas du tout dans le v\u00e9hicule. Elle se trouve sur votre smartphone, o\u00f9 il existe d\u00e9sormais une application qui vous permet de contr\u00f4ler \u00e0 distance la charge et le pr\u00e9-conditionnement du v\u00e9hicule.<\/p>\n\n\n\n<p>Mais, fait \u00e9trange, nous savons d\u00e9j\u00e0 qu'une nouvelle r\u00e9vision de cette voiture est en cours. Attendez l'\u00e9t\u00e9 pour commander une Kona Electric, et elle aura des modifications de ch\u00e2ssis qui augmenteront son autonomie officielle, sur la m\u00eame batterie de 64 kWh, jusqu'\u00e0 un effrayant 480 km.<\/p>\n\n\n\n<h2 class=\"wp-block-heading\">Caract\u00e9ristiques de la Hyundai Kona Electrique<\/h2>\n\n\n\n<p><strong>Mod\u00e8le <\/strong>:    Hyundai Kona Electric Premium SE 64kWh<br><strong>Prix <\/strong>: A partir de 31400 \u20ac (apr\u00e8s d\u00e9ductio du bonus)<br><strong>Moteur <\/strong>: batterie de 64 kWh, moteur \u00e9lectrique simple<br><strong>Puissance \/ couple <\/strong>: 201 ch \/ 395 Nm<br><strong>Transmission<\/strong> :    Automatique \u00e0 une vitesse, traction avant<br><strong>0 \u00e0 100 km\/h <\/strong>: 7,9 secondes<br><strong>Vitesse maximale <\/strong>: 166 km\/h<br><strong>Autonomie <\/strong>: 450 km (WLTP)<br><strong>CO2<\/strong> :    0g \/ km<br><strong>En vente maintenant<\/strong><\/p>\n","protected":false},"excerpt":{"rendered":"<p>Nouvelle Hyundai Kona Electric 2020 &#8211; Avis Le populaire SUV \u00e9lectrique Hyundai Kona a \u00e9t\u00e9 mis \u00e0 jour pour 2020 et il est maintenant meilleur que jamais. La Hyundai Kona Electric n&rsquo;est toujours pas le dernier mot en mati\u00e8re de plaisir de conduite, mais ces mises \u00e0 jour n&rsquo;ont rien fait pour diminuer son attrait &#8230; <a title=\"Nouvelle Hyundai Kona Electric 2020 &#8211; Avis\" class=\"read-more\" href=\"https:\/\/www.carideal.com\/blog\/2009\/11\/21\/nouvelle-hyundai-kona-electric-2020-avis\/\" aria-label=\"En savoir plus sur Nouvelle Hyundai Kona Electric 2020 &#8211; Avis\">Lire plus<\/a><\/p>\n","protected":false},"author":1,"featured_media":24805,"comment_status":"open","ping_status":"open","sticky":false,"template":"","format":"standard","meta":{"_uag_custom_page_level_css":"","_themeisle_gutenberg_block_has_review":false,"footnotes":""},"categories":[6009,6010,5970],"tags":[],"class_list":["post-444","post","type-post","status-publish","format-standard","has-post-thumbnail","hentry","category-hyundai","category-suv","category-electrique-technologie-2"],"wppr_data":{"cwp_meta_box_check":"No"},"yoast_head":"<!-- This site is optimized with the Yoast SEO plugin v24.8.1 - https:\/\/yoast.com\/wordpress\/plugins\/seo\/ -->\n<title>Nouvelle Hyundai Kona Electric 2020 - Avis - Blog auto Carid\u00e9al<\/title>\n<meta name=\"description\" content=\"Le populaire SUV \u00e9lectrique Hyundai Kona a \u00e9t\u00e9 mis \u00e0 jour pour 2020 et il est maintenant meilleur que jamais.\" \/>\n<meta name=\"robots\" content=\"index, follow, max-snippet:-1, max-image-preview:large, max-video-preview:-1\" \/>\n<link rel=\"canonical\" href=\"https:\/\/www.carideal.com\/blog\/2009\/11\/21\/nouvelle-hyundai-kona-electric-2020-avis\/\" \/>\n<meta property=\"og:locale\" content=\"fr_FR\" \/>\n<meta property=\"og:type\" content=\"article\" \/>\n<meta property=\"og:title\" content=\"Nouvelle Hyundai Kona Electric 2020 - Avis - Blog auto Carid\u00e9al\" \/>\n<meta property=\"og:description\" content=\"Le populaire SUV \u00e9lectrique Hyundai Kona a \u00e9t\u00e9 mis \u00e0 jour pour 2020 et il est maintenant meilleur que jamais.\" \/>\n<meta property=\"og:url\" content=\"https:\/\/www.carideal.com\/blog\/2009\/11\/21\/nouvelle-hyundai-kona-electric-2020-avis\/\" \/>\n<meta property=\"og:site_name\" content=\"Blog auto Carid\u00e9al\" \/>\n<meta property=\"article:publisher\" content=\"https:\/\/www.facebook.com\/Carideal.mandataire.automobile\" \/>\n<meta property=\"article:author\" content=\"https:\/\/www.facebook.com\/Carideal.mandataire.automobile\/\" \/>\n<meta property=\"article:published_time\" content=\"2009-11-21T09:15:00+00:00\" \/>\n<meta property=\"article:modified_time\" content=\"2020-03-26T15:38:40+00:00\" \/>\n<meta property=\"og:image\" content=\"https:\/\/www.carideal.com\/blog\/wp-content\/uploads\/2009\/11\/Hyundai-Kona-Electric-2020.jpg\" \/>\n\t<meta property=\"og:image:width\" content=\"600\" \/>\n\t<meta property=\"og:image:height\" content=\"338\" \/>\n\t<meta property=\"og:image:type\" content=\"image\/jpeg\" \/>\n<meta name=\"author\" content=\"N.S Carideal\" \/>\n<meta name=\"twitter:card\" content=\"summary_large_image\" \/>\n<meta name=\"twitter:creator\" content=\"@caridealauto\" \/>\n<meta name=\"twitter:site\" content=\"@caridealauto\" \/>\n<meta name=\"twitter:label1\" content=\"\u00c9crit par\" \/>\n\t<meta name=\"twitter:data1\" content=\"N.S Carideal\" \/>\n\t<meta name=\"twitter:label2\" content=\"Dur\u00e9e de lecture estim\u00e9e\" \/>\n\t<meta name=\"twitter:data2\" content=\"4 minutes\" \/>\n<script type=\"application\/ld+json\" class=\"yoast-schema-graph\">{\"@context\":\"https:\/\/schema.org\",\"@graph\":[{\"@type\":\"Article\",\"@id\":\"https:\/\/www.carideal.com\/blog\/2009\/11\/21\/nouvelle-hyundai-kona-electric-2020-avis\/#article\",\"isPartOf\":{\"@id\":\"https:\/\/www.carideal.com\/blog\/2009\/11\/21\/nouvelle-hyundai-kona-electric-2020-avis\/\"},\"author\":{\"name\":\"N.S Carideal\",\"@id\":\"https:\/\/www.carideal.com\/blog\/#\/schema\/person\/985c7e757d1042d647f21bfaf8d41ebc\"},\"headline\":\"Nouvelle Hyundai Kona Electric 2020 &#8211; Avis\",\"datePublished\":\"2009-11-21T09:15:00+00:00\",\"dateModified\":\"2020-03-26T15:38:40+00:00\",\"mainEntityOfPage\":{\"@id\":\"https:\/\/www.carideal.com\/blog\/2009\/11\/21\/nouvelle-hyundai-kona-electric-2020-avis\/\"},\"wordCount\":856,\"commentCount\":0,\"publisher\":{\"@id\":\"https:\/\/www.carideal.com\/blog\/#organization\"},\"image\":{\"@id\":\"https:\/\/www.carideal.com\/blog\/2009\/11\/21\/nouvelle-hyundai-kona-electric-2020-avis\/#primaryimage\"},\"thumbnailUrl\":\"https:\/\/www.carideal.com\/blog\/wp-content\/uploads\/2009\/11\/Hyundai-Kona-Electric-2020.jpg\",\"articleSection\":[\"Actualit\u00e9 Hyundai\",\"SUV\",\"Voiture \u00e9lectrique\"],\"inLanguage\":\"fr-FR\",\"potentialAction\":[{\"@type\":\"CommentAction\",\"name\":\"Comment\",\"target\":[\"https:\/\/www.carideal.com\/blog\/2009\/11\/21\/nouvelle-hyundai-kona-electric-2020-avis\/#respond\"]}]},{\"@type\":\"WebPage\",\"@id\":\"https:\/\/www.carideal.com\/blog\/2009\/11\/21\/nouvelle-hyundai-kona-electric-2020-avis\/\",\"url\":\"https:\/\/www.carideal.com\/blog\/2009\/11\/21\/nouvelle-hyundai-kona-electric-2020-avis\/\",\"name\":\"Nouvelle Hyundai Kona Electric 2020 - Avis - Blog auto Carid\u00e9al\",\"isPartOf\":{\"@id\":\"https:\/\/www.carideal.com\/blog\/#website\"},\"primaryImageOfPage\":{\"@id\":\"https:\/\/www.carideal.com\/blog\/2009\/11\/21\/nouvelle-hyundai-kona-electric-2020-avis\/#primaryimage\"},\"image\":{\"@id\":\"https:\/\/www.carideal.com\/blog\/2009\/11\/21\/nouvelle-hyundai-kona-electric-2020-avis\/#primaryimage\"},\"thumbnailUrl\":\"https:\/\/www.carideal.com\/blog\/wp-content\/uploads\/2009\/11\/Hyundai-Kona-Electric-2020.jpg\",\"datePublished\":\"2009-11-21T09:15:00+00:00\",\"dateModified\":\"2020-03-26T15:38:40+00:00\",\"description\":\"Le populaire SUV \u00e9lectrique Hyundai Kona a \u00e9t\u00e9 mis \u00e0 jour pour 2020 et il est maintenant meilleur que jamais.\",\"breadcrumb\":{\"@id\":\"https:\/\/www.carideal.com\/blog\/2009\/11\/21\/nouvelle-hyundai-kona-electric-2020-avis\/#breadcrumb\"},\"inLanguage\":\"fr-FR\",\"potentialAction\":[{\"@type\":\"ReadAction\",\"target\":[\"https:\/\/www.carideal.com\/blog\/2009\/11\/21\/nouvelle-hyundai-kona-electric-2020-avis\/\"]}]},{\"@type\":\"ImageObject\",\"inLanguage\":\"fr-FR\",\"@id\":\"https:\/\/www.carideal.com\/blog\/2009\/11\/21\/nouvelle-hyundai-kona-electric-2020-avis\/#primaryimage\",\"url\":\"https:\/\/www.carideal.com\/blog\/wp-content\/uploads\/2009\/11\/Hyundai-Kona-Electric-2020.jpg\",\"contentUrl\":\"https:\/\/www.carideal.com\/blog\/wp-content\/uploads\/2009\/11\/Hyundai-Kona-Electric-2020.jpg\",\"width\":600,\"height\":338,\"caption\":\"Nouvelle Hyundai Kona Electric 2020 - Avis\"},{\"@type\":\"BreadcrumbList\",\"@id\":\"https:\/\/www.carideal.com\/blog\/2009\/11\/21\/nouvelle-hyundai-kona-electric-2020-avis\/#breadcrumb\",\"itemListElement\":[{\"@type\":\"ListItem\",\"position\":1,\"name\":\"Blog Carid\u00e9al\",\"item\":\"https:\/\/www.carideal.com\/blog\/\"},{\"@type\":\"ListItem\",\"position\":2,\"name\":\"Actualit\u00e9 constructeur automobile\",\"item\":\"https:\/\/www.carideal.com\/blog\/constructeur\/\"},{\"@type\":\"ListItem\",\"position\":3,\"name\":\"Actualit\u00e9 Hyundai\",\"item\":\"https:\/\/www.carideal.com\/blog\/constructeur\/hyundai\/\"},{\"@type\":\"ListItem\",\"position\":4,\"name\":\"Nouvelle Hyundai Kona Electric 2020 &#8211; Avis\"}]},{\"@type\":\"WebSite\",\"@id\":\"https:\/\/www.carideal.com\/blog\/#website\",\"url\":\"https:\/\/www.carideal.com\/blog\/\",\"name\":\"Blog auto Carid\u00e9al\",\"description\":\"Actualit\u00e9 auto par des passionn\u00e9s\",\"publisher\":{\"@id\":\"https:\/\/www.carideal.com\/blog\/#organization\"},\"potentialAction\":[{\"@type\":\"SearchAction\",\"target\":{\"@type\":\"EntryPoint\",\"urlTemplate\":\"https:\/\/www.carideal.com\/blog\/?s={search_term_string}\"},\"query-input\":{\"@type\":\"PropertyValueSpecification\",\"valueRequired\":true,\"valueName\":\"search_term_string\"}}],\"inLanguage\":\"fr-FR\"},{\"@type\":\"Organization\",\"@id\":\"https:\/\/www.carideal.com\/blog\/#organization\",\"name\":\"Carideal\",\"url\":\"https:\/\/www.carideal.com\/blog\/\",\"logo\":{\"@type\":\"ImageObject\",\"inLanguage\":\"fr-FR\",\"@id\":\"https:\/\/www.carideal.com\/blog\/#\/schema\/logo\/image\/\",\"url\":\"http:\/\/www.carideal.com\/blog\/wp-content\/uploads\/2016\/03\/logo-carideal-mandataire-automobile.png\",\"contentUrl\":\"http:\/\/www.carideal.com\/blog\/wp-content\/uploads\/2016\/03\/logo-carideal-mandataire-automobile.png\",\"width\":300,\"height\":300,\"caption\":\"Carideal\"},\"image\":{\"@id\":\"https:\/\/www.carideal.com\/blog\/#\/schema\/logo\/image\/\"},\"sameAs\":[\"https:\/\/www.facebook.com\/Carideal.mandataire.automobile\",\"https:\/\/x.com\/caridealauto\",\"https:\/\/www.instagram.com\/carideal1\/\",\"https:\/\/www.linkedin.com\/company\/carideal.com\",\"https:\/\/fr.pinterest.com\/schiavonsas\/\",\"https:\/\/www.youtube.com\/user\/caridealsas\"]},{\"@type\":\"Person\",\"@id\":\"https:\/\/www.carideal.com\/blog\/#\/schema\/person\/985c7e757d1042d647f21bfaf8d41ebc\",\"name\":\"N.S Carideal\",\"image\":{\"@type\":\"ImageObject\",\"inLanguage\":\"fr-FR\",\"@id\":\"https:\/\/www.carideal.com\/blog\/#\/schema\/person\/image\/\",\"url\":\"https:\/\/secure.gravatar.com\/avatar\/edb7ccdf1a4e3d14aef967760d354d0e?s=96&r=g\",\"contentUrl\":\"https:\/\/secure.gravatar.com\/avatar\/edb7ccdf1a4e3d14aef967760d354d0e?s=96&r=g\",\"caption\":\"N.S Carideal\"},\"description\":\"Depuis tout petit fan d'automobile. Il est question d'essayer et de comparer toutes ces voitures qui nous ont fait r\u00e9ver, avant que celles-ci ne devient uniquement des voitures de collection.\",\"sameAs\":[\"http:\/\/www.carideal.com\/blog\",\"https:\/\/www.facebook.com\/Carideal.mandataire.automobile\/\",\"https:\/\/www.linkedin.com\/in\/nschiavon\/\",\"https:\/\/www.youtube.com\/user\/caridealsas\/\"],\"url\":\"https:\/\/www.carideal.com\/blog\/author\/admin_carideal\/\"}]}<\/script>\n<!-- \/ Yoast SEO plugin. -->","yoast_head_json":{"title":"Nouvelle Hyundai Kona Electric 2020 - Avis - Blog auto Carid\u00e9al","description":"Le populaire SUV \u00e9lectrique Hyundai Kona a \u00e9t\u00e9 mis \u00e0 jour pour 2020 et il est maintenant meilleur que jamais.","robots":{"index":"index","follow":"follow","max-snippet":"max-snippet:-1","max-image-preview":"max-image-preview:large","max-video-preview":"max-video-preview:-1"},"canonical":"https:\/\/www.carideal.com\/blog\/2009\/11\/21\/nouvelle-hyundai-kona-electric-2020-avis\/","og_locale":"fr_FR","og_type":"article","og_title":"Nouvelle Hyundai Kona Electric 2020 - Avis - Blog auto Carid\u00e9al","og_description":"Le populaire SUV \u00e9lectrique Hyundai Kona a \u00e9t\u00e9 mis \u00e0 jour pour 2020 et il est maintenant meilleur que jamais.","og_url":"https:\/\/www.carideal.com\/blog\/2009\/11\/21\/nouvelle-hyundai-kona-electric-2020-avis\/","og_site_name":"Blog auto Carid\u00e9al","article_publisher":"https:\/\/www.facebook.com\/Carideal.mandataire.automobile","article_author":"https:\/\/www.facebook.com\/Carideal.mandataire.automobile\/","article_published_time":"2009-11-21T09:15:00+00:00","article_modified_time":"2020-03-26T15:38:40+00:00","og_image":[{"width":600,"height":338,"url":"https:\/\/www.carideal.com\/blog\/wp-content\/uploads\/2009\/11\/Hyundai-Kona-Electric-2020.jpg","type":"image\/jpeg"}],"author":"N.S Carideal","twitter_card":"summary_large_image","twitter_creator":"@caridealauto","twitter_site":"@caridealauto","twitter_misc":{"\u00c9crit par":"N.S Carideal","Dur\u00e9e de lecture estim\u00e9e":"4 minutes"},"schema":{"@context":"https:\/\/schema.org","@graph":[{"@type":"Article","@id":"https:\/\/www.carideal.com\/blog\/2009\/11\/21\/nouvelle-hyundai-kona-electric-2020-avis\/#article","isPartOf":{"@id":"https:\/\/www.carideal.com\/blog\/2009\/11\/21\/nouvelle-hyundai-kona-electric-2020-avis\/"},"author":{"name":"N.S Carideal","@id":"https:\/\/www.carideal.com\/blog\/#\/schema\/person\/985c7e757d1042d647f21bfaf8d41ebc"},"headline":"Nouvelle Hyundai Kona Electric 2020 &#8211; Avis","datePublished":"2009-11-21T09:15:00+00:00","dateModified":"2020-03-26T15:38:40+00:00","mainEntityOfPage":{"@id":"https:\/\/www.carideal.com\/blog\/2009\/11\/21\/nouvelle-hyundai-kona-electric-2020-avis\/"},"wordCount":856,"commentCount":0,"publisher":{"@id":"https:\/\/www.carideal.com\/blog\/#organization"},"image":{"@id":"https:\/\/www.carideal.com\/blog\/2009\/11\/21\/nouvelle-hyundai-kona-electric-2020-avis\/#primaryimage"},"thumbnailUrl":"https:\/\/www.carideal.com\/blog\/wp-content\/uploads\/2009\/11\/Hyundai-Kona-Electric-2020.jpg","articleSection":["Actualit\u00e9 Hyundai","SUV","Voiture \u00e9lectrique"],"inLanguage":"fr-FR","potentialAction":[{"@type":"CommentAction","name":"Comment","target":["https:\/\/www.carideal.com\/blog\/2009\/11\/21\/nouvelle-hyundai-kona-electric-2020-avis\/#respond"]}]},{"@type":"WebPage","@id":"https:\/\/www.carideal.com\/blog\/2009\/11\/21\/nouvelle-hyundai-kona-electric-2020-avis\/","url":"https:\/\/www.carideal.com\/blog\/2009\/11\/21\/nouvelle-hyundai-kona-electric-2020-avis\/","name":"Nouvelle Hyundai Kona Electric 2020 - Avis - Blog auto Carid\u00e9al","isPartOf":{"@id":"https:\/\/www.carideal.com\/blog\/#website"},"primaryImageOfPage":{"@id":"https:\/\/www.carideal.com\/blog\/2009\/11\/21\/nouvelle-hyundai-kona-electric-2020-avis\/#primaryimage"},"image":{"@id":"https:\/\/www.carideal.com\/blog\/2009\/11\/21\/nouvelle-hyundai-kona-electric-2020-avis\/#primaryimage"},"thumbnailUrl":"https:\/\/www.carideal.com\/blog\/wp-content\/uploads\/2009\/11\/Hyundai-Kona-Electric-2020.jpg","datePublished":"2009-11-21T09:15:00+00:00","dateModified":"2020-03-26T15:38:40+00:00","description":"Le populaire SUV \u00e9lectrique Hyundai Kona a \u00e9t\u00e9 mis \u00e0 jour pour 2020 et il est maintenant meilleur que jamais.","breadcrumb":{"@id":"https:\/\/www.carideal.com\/blog\/2009\/11\/21\/nouvelle-hyundai-kona-electric-2020-avis\/#breadcrumb"},"inLanguage":"fr-FR","potentialAction":[{"@type":"ReadAction","target":["https:\/\/www.carideal.com\/blog\/2009\/11\/21\/nouvelle-hyundai-kona-electric-2020-avis\/"]}]},{"@type":"ImageObject","inLanguage":"fr-FR","@id":"https:\/\/www.carideal.com\/blog\/2009\/11\/21\/nouvelle-hyundai-kona-electric-2020-avis\/#primaryimage","url":"https:\/\/www.carideal.com\/blog\/wp-content\/uploads\/2009\/11\/Hyundai-Kona-Electric-2020.jpg","contentUrl":"https:\/\/www.carideal.com\/blog\/wp-content\/uploads\/2009\/11\/Hyundai-Kona-Electric-2020.jpg","width":600,"height":338,"caption":"Nouvelle Hyundai Kona Electric 2020 - Avis"},{"@type":"BreadcrumbList","@id":"https:\/\/www.carideal.com\/blog\/2009\/11\/21\/nouvelle-hyundai-kona-electric-2020-avis\/#breadcrumb","itemListElement":[{"@type":"ListItem","position":1,"name":"Blog Carid\u00e9al","item":"https:\/\/www.carideal.com\/blog\/"},{"@type":"ListItem","position":2,"name":"Actualit\u00e9 constructeur automobile","item":"https:\/\/www.carideal.com\/blog\/constructeur\/"},{"@type":"ListItem","position":3,"name":"Actualit\u00e9 Hyundai","item":"https:\/\/www.carideal.com\/blog\/constructeur\/hyundai\/"},{"@type":"ListItem","position":4,"name":"Nouvelle Hyundai Kona Electric 2020 &#8211; Avis"}]},{"@type":"WebSite","@id":"https:\/\/www.carideal.com\/blog\/#website","url":"https:\/\/www.carideal.com\/blog\/","name":"Blog auto Carid\u00e9al","description":"Actualit\u00e9 auto par des passionn\u00e9s","publisher":{"@id":"https:\/\/www.carideal.com\/blog\/#organization"},"potentialAction":[{"@type":"SearchAction","target":{"@type":"EntryPoint","urlTemplate":"https:\/\/www.carideal.com\/blog\/?s={search_term_string}"},"query-input":{"@type":"PropertyValueSpecification","valueRequired":true,"valueName":"search_term_string"}}],"inLanguage":"fr-FR"},{"@type":"Organization","@id":"https:\/\/www.carideal.com\/blog\/#organization","name":"Carideal","url":"https:\/\/www.carideal.com\/blog\/","logo":{"@type":"ImageObject","inLanguage":"fr-FR","@id":"https:\/\/www.carideal.com\/blog\/#\/schema\/logo\/image\/","url":"http:\/\/www.carideal.com\/blog\/wp-content\/uploads\/2016\/03\/logo-carideal-mandataire-automobile.png","contentUrl":"http:\/\/www.carideal.com\/blog\/wp-content\/uploads\/2016\/03\/logo-carideal-mandataire-automobile.png","width":300,"height":300,"caption":"Carideal"},"image":{"@id":"https:\/\/www.carideal.com\/blog\/#\/schema\/logo\/image\/"},"sameAs":["https:\/\/www.facebook.com\/Carideal.mandataire.automobile","https:\/\/x.com\/caridealauto","https:\/\/www.instagram.com\/carideal1\/","https:\/\/www.linkedin.com\/company\/carideal.com","https:\/\/fr.pinterest.com\/schiavonsas\/","https:\/\/www.youtube.com\/user\/caridealsas"]},{"@type":"Person","@id":"https:\/\/www.carideal.com\/blog\/#\/schema\/person\/985c7e757d1042d647f21bfaf8d41ebc","name":"N.S Carideal","image":{"@type":"ImageObject","inLanguage":"fr-FR","@id":"https:\/\/www.carideal.com\/blog\/#\/schema\/person\/image\/","url":"https:\/\/secure.gravatar.com\/avatar\/edb7ccdf1a4e3d14aef967760d354d0e?s=96&r=g","contentUrl":"https:\/\/secure.gravatar.com\/avatar\/edb7ccdf1a4e3d14aef967760d354d0e?s=96&r=g","caption":"N.S Carideal"},"description":"Depuis tout petit fan d'automobile. Il est question d'essayer et de comparer toutes ces voitures qui nous ont fait r\u00e9ver, avant que celles-ci ne devient uniquement des voitures de collection.","sameAs":["http:\/\/www.carideal.com\/blog","https:\/\/www.facebook.com\/Carideal.mandataire.automobile\/","https:\/\/www.linkedin.com\/in\/nschiavon\/","https:\/\/www.youtube.com\/user\/caridealsas\/"],"url":"https:\/\/www.carideal.com\/blog\/author\/admin_carideal\/"}]}},"uagb_featured_image_src":{"full":["https:\/\/www.carideal.com\/blog\/wp-content\/uploads\/2009\/11\/Hyundai-Kona-Electric-2020.jpg",600,338,false],"thumbnail":["https:\/\/www.carideal.com\/blog\/wp-content\/uploads\/2009\/11\/Hyundai-Kona-Electric-2020-150x150.jpg",150,150,true],"medium":["https:\/\/www.carideal.com\/blog\/wp-content\/uploads\/2009\/11\/Hyundai-Kona-Electric-2020-300x169.jpg",300,169,true],"medium_large":["https:\/\/www.carideal.com\/blog\/wp-content\/uploads\/2009\/11\/Hyundai-Kona-Electric-2020.jpg",600,338,false],"large":["https:\/\/www.carideal.com\/blog\/wp-content\/uploads\/2009\/11\/Hyundai-Kona-Electric-2020.jpg",600,338,false],"1536x1536":["https:\/\/www.carideal.com\/blog\/wp-content\/uploads\/2009\/11\/Hyundai-Kona-Electric-2020.jpg",600,338,false],"2048x2048":["https:\/\/www.carideal.com\/blog\/wp-content\/uploads\/2009\/11\/Hyundai-Kona-Electric-2020.jpg",600,338,false],"wppr-widget":["https:\/\/www.carideal.com\/blog\/wp-content\/uploads\/2009\/11\/Hyundai-Kona-Electric-2020-50x28.jpg",50,28,true]},"uagb_author_info":{"display_name":"N.S Carideal","author_link":"https:\/\/www.carideal.com\/blog\/author\/admin_carideal\/"},"uagb_comment_info":1,"uagb_excerpt":"Nouvelle Hyundai Kona Electric 2020 - Avis Le populaire SUV \u00e9lectrique Hyundai Kona a \u00e9t\u00e9 mis \u00e0 jour pour 2020 et il est maintenant meilleur que jamais. La Hyundai Kona Electric n'est toujours pas le dernier mot en mati\u00e8re de plaisir de conduite, mais ces mises \u00e0 jour n'ont rien fait pour diminuer son attrait\u2026","_links":{"self":[{"href":"https:\/\/www.carideal.com\/blog\/wp-json\/wp\/v2\/posts\/444"}],"collection":[{"href":"https:\/\/www.carideal.com\/blog\/wp-json\/wp\/v2\/posts"}],"about":[{"href":"https:\/\/www.carideal.com\/blog\/wp-json\/wp\/v2\/types\/post"}],"author":[{"embeddable":true,"href":"https:\/\/www.carideal.com\/blog\/wp-json\/wp\/v2\/users\/1"}],"replies":[{"embeddable":true,"href":"https:\/\/www.carideal.com\/blog\/wp-json\/wp\/v2\/comments?post=444"}],"version-history":[{"count":0,"href":"https:\/\/www.carideal.com\/blog\/wp-json\/wp\/v2\/posts\/444\/revisions"}],"wp:featuredmedia":[{"embeddable":true,"href":"https:\/\/www.carideal.com\/blog\/wp-json\/wp\/v2\/media\/24805"}],"wp:attachment":[{"href":"https:\/\/www.carideal.com\/blog\/wp-json\/wp\/v2\/media?parent=444"}],"wp:term":[{"taxonomy":"category","embeddable":true,"href":"https:\/\/www.carideal.com\/blog\/wp-json\/wp\/v2\/categories?post=444"},{"taxonomy":"post_tag","embeddable":true,"href":"https:\/\/www.carideal.com\/blog\/wp-json\/wp\/v2\/tags?post=444"}],"curies":[{"name":"wp","href":"https:\/\/api.w.org\/{rel}","templated":true}]}}