{"id":4434,"date":"2015-03-01T19:47:11","date_gmt":"2015-03-01T18:47:11","guid":{"rendered":"http:\/\/www.carideal.com\/blog\/?p=4434"},"modified":"2016-12-08T18:22:48","modified_gmt":"2016-12-08T17:22:48","slug":"restylage-audi-a1-essai","status":"publish","type":"post","link":"https:\/\/www.carideal.com\/blog\/2015\/03\/01\/restylage-audi-a1-essai\/","title":{"rendered":"Restylage Audi A1 essai"},"content":{"rendered":"<figure id=\"attachment_4435\" aria-describedby=\"caption-attachment-4435\" style=\"width: 290px\" class=\"wp-caption alignnone\"><a href=\"http:\/\/www.carideal.com\/blog\/wp-content\/uploads\/2015\/03\/audi-a1-version-restylee-carideal-blog.jpg\"><img loading=\"lazy\" decoding=\"async\" class=\"size-medium wp-image-4435\" src=\"http:\/\/www.carideal.com\/blog\/wp-content\/uploads\/2015\/03\/audi-a1-version-restylee-carideal-blog-300x165.jpg\" alt=\"Audi A1 1.0 TFSI restyl\u00e9e 2015\" width=\"300\" height=\"165\" \/><\/a><figcaption id=\"caption-attachment-4435\" class=\"wp-caption-text\">Audi A1 1.0 TFSI restyl\u00e9e 2015<\/figcaption><\/figure>\n<h1><strong>Audi A1 restyl\u00e9e Essai<\/strong><\/h1>\n<p><strong>Elle s'occupe de ses attraits.<\/strong><br \/>\nLifting ultra-discr\u00e8te pour la jolie Audi A1. La chose importante est passe sous le capot, avec l'arriv\u00e9e de deux petits moteurs trois cylindres, essence et le diesel, ce qui lui va comme un gant.<\/p>\n<h2>PORTRAIT DE L'AUDI A1<\/h2>\n<p><strong>Heureux et bien arm\u00e9e<\/strong><br \/>\nAvec l'Audi A1, qui repr\u00e9sente 20 % de ses ventes en France, Audi a r\u00e9ussi sa gamme de petite voiture. Depuis 2010, Audi ne est pas n\u00e9cessairement gris chagrin pour plaire aux gestionnaires et autres quadras. Parce que l'Audi A1 est la combinaison de deux mondes. Elle est gai et sexy comme une citadine, avec ses arches de toit de couleur s\u00e9par\u00e9s. Elle est \u00e9galement arm\u00e9e comme une Audi: tous les moteurs avec turbo, injection directe et Stop &amp; Start, le 1.4 TFSI 150 qui coupe deux de ses cylindres \u00e0 vitesse constante, la boite automatique \u00e0 double embrayage transmission manuelle automatis\u00e9e, la version Sportback \u00e0 5 portes.<br \/>\nSachant d\u00e9j\u00e0 attirer l'attention, l'Audi Al se contente du strict minimum pour sa cure de rajeunissement: calandre l\u00e9g\u00e8rement agrandie, phares redessin\u00e9s bords l\u00e9g\u00e8rement plus prononc\u00e9s. But de l'op\u00e9ration, selon Audi, viriliser ses traits. En v\u00e9rit\u00e9, le r\u00e9sultat est presque imperceptible.<br \/>\nLes changements les plus notables se sont produits dans sa gamme de moteurs: le 2.0 TDI 143 a disparus, une consommation r\u00e9duite et la puissance croissante de la 1.6 TDI 116 ch (+ 9 ch) c\u00f4t\u00e9 diesel, deux versions du cot\u00e9 essence le 1.4 TFSI, 125 ch pour un (+ 3 ch ) et 150 pour l'autre (+ 10 ch) que le 1.8 TFSI 192 ch (7 ch). Le TFSI 192 \u00e9chappe au malus quand en m\u00eame temps il a gagn\u00e9 en puissance. Mais surtout, l'Audi A1 enlev\u00e9 un cylindre \u00e0 son moteur d'entr\u00e9e de gamme: les quatre cylindres 1.2 TFSI et 1.6 TDI de 86 et 90 ch sont remplac\u00e9s par le trois cylindres 1.0 TFSI et 1.4 TDI de 95 ch et 90 ch.<\/p>\n<h2>A LA CONDUITE<\/h2>\n<p><strong>Dynamique et pr\u00e9cise<\/strong><br \/>\nBien s\u00fbr, il faut aimer le confort allemand. En d'autres termes, si\u00e8ges fermes, suspensions s\u00e8ches: pas la m\u00eame douceur que dans une Renault Clio ou une Peugeot 208. En retour, l'Audi A1, avec son empattement court (2,47 m), a un temp\u00e9rament plus alerte que les deux reines du march\u00e9 fran\u00e7ais. Elle nous gratifie de changements de cap nettes et pr\u00e9cis, \u00e0 plat. Et comme elle est l\u00e9g\u00e8re (1125 kg), la nouvelle petite 1.0 essence suit le rythme: 10,9 s de 0 \u00e0 100 km \/ h. Au moins, lorsque le turbo se met \u00e0 souffler... Parce que s'il ne vibre pas ou n'\u00e9met pas de mauvais sons, les d\u00e9fauts fr\u00e9quents sur les trois cylindres, il ne peut pas cacher le mal inh\u00e9rent \u00e0 sa faible cylindr\u00e9e : un creux \u00e0 bas r\u00e9gime, ce qui encourage le conducteur \u00e0 tomber des rapports au d\u00e9triment de la consommation. Sur cette note, le diesel \u00e0 trois cylindres 1,4 au couple plus fort, le meilleur pour un roulage doux. Mais il est moins agr\u00e9able \u00e0 l'oreille. La bo\u00eete de vitesses \u00e0 double embrayage automatis\u00e9 r\u00e9sout le dilemme elle gomme la paresse du 1.0 \u00e0 faible r\u00e9gime du moteur l'essence en choisissant le rapport appropri\u00e9. Pourvu d'ajouter \u20ac 1780 au bon de commande<br \/>\nEssence ou diesel, le gain est toutefois perceptible. Le 1.0 TFSI 95 a plus d'\u00e9clat que son pr\u00e9d\u00e9cesseur le 1.2 TFSI 86 (11,9 s de 0 \u00e0 100 km \/ h) tout en consommant moins de 0,81 pour 100 km. Idem pour le 1.4 TDI de 90 par rapport aux 1,6 TDI 90: 11,4 s au lieu de 11,6 s, la m\u00eame \u00e9conomie de carburant.<\/p>\n<h2>VOITURE A VIVRE<\/h2>\n<p><strong>... Id\u00e9al pour deux!<\/strong><br \/>\nL'Audi A1 offre beaucoup de bonheur \u00e0 ses passagers avant: les si\u00e8ges maintiennent bien les reins, les mat\u00e9riaux et la qualit\u00e9 de finition du tableau de bord donnent le sentiment d'\u00eatre dans un cocon. Le moteur TFSI, discret au changement de vitesse constante est heureux quand il p\u00e9n\u00e8tre dans les tours. L'\u00e9quipement, tr\u00e8s correct de la finition de base, peut devenir luxueux, Sellerie cuir (\u20ac 1460), toit ouvrant vie (\u20ac 1090), si\u00e8ge avant chauffant (350 \u20ac) ... Malgr\u00e9 sa taille, l'Audi A1 Incite \u00e0 traverser les murs de la ville et \u00e0 s'\u00e9chapper. Mais seulement \u00e0 deux, rien que tous les deux. Mais \u00e0 l'arri\u00e8re c'est une autre histoire ... D\u00e9j\u00e0 que deux places \u00e0 l'arri\u00e8re. Seule la 5 portes Sportback y apporte une solution et offre une banquette 3 places gratuite. Il manque de l'espace partout, genoux, t\u00eate, jambes \u00e0 cause du tunnel central qui abrite la version quattro S1 de 231 CH. Une A1 ne peut transporter deux enfants \u00e0 l'arri\u00e8re pourvu qu'ils ne portent pas trop de bagages: 271 L seulement dans le coffre.<br \/>\nEn soit, ce n'est pas n\u00e9cessairement un d\u00e9faut pour les jeunes urbains, l'Audi Al n'est pas destin\u00e9 aux familles. Il aurait donc gagn\u00e9 \u00e0 \u00eatre plus personnalisable ext\u00e9rieurement qu'elle ne le fait: arches (425 \u20ac) et des r\u00e9troviseurs (115 \u20ac) ou le toit pour la Sportback mais l'int\u00e9rieur est rest\u00e9 trop discret juste un bandeau color\u00e9 \u00e0 travers le tableau de bord, des touches de couleurs plus lumineuses seraient n\u00e9anmoins bienvenues pour \u00e9gayer son int\u00e9rieur.<\/p>\n","protected":false},"excerpt":{"rendered":"<p>Audi A1 restyl\u00e9e Essai Elle s&rsquo;occupe de ses attraits. Lifting ultra-discr\u00e8te pour la jolie Audi A1. La chose importante est passe sous le capot, avec l&rsquo;arriv\u00e9e de deux petits moteurs trois cylindres, essence et le diesel, ce qui lui va comme un gant. PORTRAIT DE L&rsquo;AUDI A1 Heureux et bien arm\u00e9e Avec l&rsquo;Audi A1, qui &#8230; <a title=\"Restylage Audi A1 essai\" class=\"read-more\" href=\"https:\/\/www.carideal.com\/blog\/2015\/03\/01\/restylage-audi-a1-essai\/\" aria-label=\"En savoir plus sur Restylage Audi A1 essai\">Lire plus<\/a><\/p>\n","protected":false},"author":3,"featured_media":0,"comment_status":"open","ping_status":"open","sticky":false,"template":"","format":"standard","meta":{"_uag_custom_page_level_css":"","_themeisle_gutenberg_block_has_review":false,"footnotes":""},"categories":[5978,21,5944,6012,6011,5947,5974],"tags":[5044,407],"class_list":["post-4434","post","type-post","status-publish","format-standard","hentry","category-audi","category-actualites-auto","category-constructeur","category-berlines","category-audi-essai","category-essai","category-type-de-vehicule","tag-guide-achat","tag-tdi"],"wppr_data":{"cwp_meta_box_check":"No"},"yoast_head":"<!-- This site is optimized with the Yoast SEO plugin v24.8.1 - https:\/\/yoast.com\/wordpress\/plugins\/seo\/ -->\n<title>Restylage Audi A1 essai - Blog auto Carid\u00e9al<\/title>\n<meta name=\"robots\" content=\"index, follow, max-snippet:-1, max-image-preview:large, max-video-preview:-1\" \/>\n<link rel=\"canonical\" href=\"https:\/\/www.carideal.com\/blog\/2015\/03\/01\/restylage-audi-a1-essai\/\" \/>\n<meta property=\"og:locale\" content=\"fr_FR\" \/>\n<meta property=\"og:type\" content=\"article\" \/>\n<meta property=\"og:title\" content=\"Restylage Audi A1 essai - Blog auto Carid\u00e9al\" \/>\n<meta property=\"og:description\" content=\"Audi A1 restyl\u00e9e Essai Elle s&#039;occupe de ses attraits. Lifting ultra-discr\u00e8te pour la jolie Audi A1. La chose importante est passe sous le capot, avec l&#039;arriv\u00e9e de deux petits moteurs trois cylindres, essence et le diesel, ce qui lui va comme un gant. PORTRAIT DE L&#039;AUDI A1 Heureux et bien arm\u00e9e Avec l&#039;Audi A1, qui ... Lire plus\" \/>\n<meta property=\"og:url\" content=\"https:\/\/www.carideal.com\/blog\/2015\/03\/01\/restylage-audi-a1-essai\/\" \/>\n<meta property=\"og:site_name\" content=\"Blog auto Carid\u00e9al\" \/>\n<meta property=\"article:publisher\" content=\"https:\/\/www.facebook.com\/Carideal.mandataire.automobile\" \/>\n<meta property=\"article:author\" content=\"https:\/\/www.facebook.com\/nicolas.schiavon.39\" \/>\n<meta property=\"article:published_time\" content=\"2015-03-01T18:47:11+00:00\" \/>\n<meta property=\"article:modified_time\" content=\"2016-12-08T17:22:48+00:00\" \/>\n<meta property=\"og:image\" content=\"http:\/\/www.carideal.com\/blog\/wp-content\/uploads\/2015\/03\/audi-a1-version-restylee-carideal-blog-300x165.jpg\" \/>\n<meta name=\"author\" content=\"Nicolas SCHIAVON\" \/>\n<meta name=\"twitter:card\" content=\"summary_large_image\" \/>\n<meta name=\"twitter:creator\" content=\"@caridealauto\" \/>\n<meta name=\"twitter:site\" content=\"@caridealauto\" \/>\n<meta name=\"twitter:label1\" content=\"\u00c9crit par\" \/>\n\t<meta name=\"twitter:data1\" content=\"Nicolas SCHIAVON\" \/>\n\t<meta name=\"twitter:label2\" content=\"Dur\u00e9e de lecture estim\u00e9e\" \/>\n\t<meta name=\"twitter:data2\" content=\"4 minutes\" \/>\n<script type=\"application\/ld+json\" class=\"yoast-schema-graph\">{\"@context\":\"https:\/\/schema.org\",\"@graph\":[{\"@type\":\"Article\",\"@id\":\"https:\/\/www.carideal.com\/blog\/2015\/03\/01\/restylage-audi-a1-essai\/#article\",\"isPartOf\":{\"@id\":\"https:\/\/www.carideal.com\/blog\/2015\/03\/01\/restylage-audi-a1-essai\/\"},\"author\":{\"name\":\"Nicolas SCHIAVON\",\"@id\":\"https:\/\/www.carideal.com\/blog\/#\/schema\/person\/cd95dc7919660de90d31b366f85be1ec\"},\"headline\":\"Restylage Audi A1 essai\",\"datePublished\":\"2015-03-01T18:47:11+00:00\",\"dateModified\":\"2016-12-08T17:22:48+00:00\",\"mainEntityOfPage\":{\"@id\":\"https:\/\/www.carideal.com\/blog\/2015\/03\/01\/restylage-audi-a1-essai\/\"},\"wordCount\":849,\"commentCount\":0,\"publisher\":{\"@id\":\"https:\/\/www.carideal.com\/blog\/#organization\"},\"image\":{\"@id\":\"https:\/\/www.carideal.com\/blog\/2015\/03\/01\/restylage-audi-a1-essai\/#primaryimage\"},\"thumbnailUrl\":\"http:\/\/www.carideal.com\/blog\/wp-content\/uploads\/2015\/03\/audi-a1-version-restylee-carideal-blog-300x165.jpg\",\"keywords\":[\"Guide achat voiture\",\"TDI\"],\"articleSection\":[\"Actualit\u00e9 Audi\",\"Actualit\u00e9 automobile\",\"Actualit\u00e9 Constructeur automobile\",\"Berlines\",\"Essais Audi\",\"Essais automobile\",\"Type de v\u00e9hicule\"],\"inLanguage\":\"fr-FR\",\"potentialAction\":[{\"@type\":\"CommentAction\",\"name\":\"Comment\",\"target\":[\"https:\/\/www.carideal.com\/blog\/2015\/03\/01\/restylage-audi-a1-essai\/#respond\"]}]},{\"@type\":\"WebPage\",\"@id\":\"https:\/\/www.carideal.com\/blog\/2015\/03\/01\/restylage-audi-a1-essai\/\",\"url\":\"https:\/\/www.carideal.com\/blog\/2015\/03\/01\/restylage-audi-a1-essai\/\",\"name\":\"Restylage Audi A1 essai - Blog auto Carid\u00e9al\",\"isPartOf\":{\"@id\":\"https:\/\/www.carideal.com\/blog\/#website\"},\"primaryImageOfPage\":{\"@id\":\"https:\/\/www.carideal.com\/blog\/2015\/03\/01\/restylage-audi-a1-essai\/#primaryimage\"},\"image\":{\"@id\":\"https:\/\/www.carideal.com\/blog\/2015\/03\/01\/restylage-audi-a1-essai\/#primaryimage\"},\"thumbnailUrl\":\"http:\/\/www.carideal.com\/blog\/wp-content\/uploads\/2015\/03\/audi-a1-version-restylee-carideal-blog-300x165.jpg\",\"datePublished\":\"2015-03-01T18:47:11+00:00\",\"dateModified\":\"2016-12-08T17:22:48+00:00\",\"breadcrumb\":{\"@id\":\"https:\/\/www.carideal.com\/blog\/2015\/03\/01\/restylage-audi-a1-essai\/#breadcrumb\"},\"inLanguage\":\"fr-FR\",\"potentialAction\":[{\"@type\":\"ReadAction\",\"target\":[\"https:\/\/www.carideal.com\/blog\/2015\/03\/01\/restylage-audi-a1-essai\/\"]}]},{\"@type\":\"ImageObject\",\"inLanguage\":\"fr-FR\",\"@id\":\"https:\/\/www.carideal.com\/blog\/2015\/03\/01\/restylage-audi-a1-essai\/#primaryimage\",\"url\":\"http:\/\/www.carideal.com\/blog\/wp-content\/uploads\/2015\/03\/audi-a1-version-restylee-carideal-blog-300x165.jpg\",\"contentUrl\":\"http:\/\/www.carideal.com\/blog\/wp-content\/uploads\/2015\/03\/audi-a1-version-restylee-carideal-blog-300x165.jpg\"},{\"@type\":\"BreadcrumbList\",\"@id\":\"https:\/\/www.carideal.com\/blog\/2015\/03\/01\/restylage-audi-a1-essai\/#breadcrumb\",\"itemListElement\":[{\"@type\":\"ListItem\",\"position\":1,\"name\":\"Blog Carid\u00e9al\",\"item\":\"https:\/\/www.carideal.com\/blog\/\"},{\"@type\":\"ListItem\",\"position\":2,\"name\":\"Actualit\u00e9 automobile\",\"item\":\"https:\/\/www.carideal.com\/blog\/actualites-auto\/\"},{\"@type\":\"ListItem\",\"position\":3,\"name\":\"Restylage Audi A1 essai\"}]},{\"@type\":\"WebSite\",\"@id\":\"https:\/\/www.carideal.com\/blog\/#website\",\"url\":\"https:\/\/www.carideal.com\/blog\/\",\"name\":\"Blog auto Carid\u00e9al\",\"description\":\"Actualit\u00e9 auto par des passionn\u00e9s\",\"publisher\":{\"@id\":\"https:\/\/www.carideal.com\/blog\/#organization\"},\"potentialAction\":[{\"@type\":\"SearchAction\",\"target\":{\"@type\":\"EntryPoint\",\"urlTemplate\":\"https:\/\/www.carideal.com\/blog\/?s={search_term_string}\"},\"query-input\":{\"@type\":\"PropertyValueSpecification\",\"valueRequired\":true,\"valueName\":\"search_term_string\"}}],\"inLanguage\":\"fr-FR\"},{\"@type\":\"Organization\",\"@id\":\"https:\/\/www.carideal.com\/blog\/#organization\",\"name\":\"Carideal\",\"url\":\"https:\/\/www.carideal.com\/blog\/\",\"logo\":{\"@type\":\"ImageObject\",\"inLanguage\":\"fr-FR\",\"@id\":\"https:\/\/www.carideal.com\/blog\/#\/schema\/logo\/image\/\",\"url\":\"http:\/\/www.carideal.com\/blog\/wp-content\/uploads\/2016\/03\/logo-carideal-mandataire-automobile.png\",\"contentUrl\":\"http:\/\/www.carideal.com\/blog\/wp-content\/uploads\/2016\/03\/logo-carideal-mandataire-automobile.png\",\"width\":300,\"height\":300,\"caption\":\"Carideal\"},\"image\":{\"@id\":\"https:\/\/www.carideal.com\/blog\/#\/schema\/logo\/image\/\"},\"sameAs\":[\"https:\/\/www.facebook.com\/Carideal.mandataire.automobile\",\"https:\/\/x.com\/caridealauto\",\"https:\/\/www.instagram.com\/carideal1\/\",\"https:\/\/www.linkedin.com\/company\/carideal.com\",\"https:\/\/fr.pinterest.com\/schiavonsas\/\",\"https:\/\/www.youtube.com\/user\/caridealsas\"]},{\"@type\":\"Person\",\"@id\":\"https:\/\/www.carideal.com\/blog\/#\/schema\/person\/cd95dc7919660de90d31b366f85be1ec\",\"name\":\"Nicolas SCHIAVON\",\"image\":{\"@type\":\"ImageObject\",\"inLanguage\":\"fr-FR\",\"@id\":\"https:\/\/www.carideal.com\/blog\/#\/schema\/person\/image\/\",\"url\":\"https:\/\/secure.gravatar.com\/avatar\/c17e55009e671d92cc7f5dc837dc418a?s=96&r=g\",\"contentUrl\":\"https:\/\/secure.gravatar.com\/avatar\/c17e55009e671d92cc7f5dc837dc418a?s=96&r=g\",\"caption\":\"Nicolas SCHIAVON\"},\"description\":\"Nicolas Schiavon est tomb\u00e9 tout petit dans la marmite automobile. Ayant eu un garage de marque automobile, mandataire automobile de la premi\u00e8re heure d\u00e8s 1999. Nicolas a cr\u00e9\u00e9 ces premiers sites de vente de voiture et blog automobile d\u00e8s 1994. Carideal est n\u00e9 le 15 d\u00e9cembre 2000 de la volont\u00e9 de vendre des voitures d'occasions en ligne puis des voitures neuves. Il a pu essayer beaucoup de voitures tr\u00e8s diff\u00e9rentes et ayant eu personnellement quelques belles autos, Subaru Impreza, Mitsubishi Lancer Evo 7, Porsche 911, Ferrari Testarrossa, Audi RS3, RS4 et j'en passe...\",\"sameAs\":[\"http:\/\/www.carideal.com\",\"https:\/\/www.facebook.com\/nicolas.schiavon.39\",\"https:\/\/www.instagram.com\/carideal1\/\",\"https:\/\/www.linkedin.com\/in\/nschiavon\/\",\"https:\/\/x.com\/caridealauto\",\"https:\/\/www.youtube.com\/user\/caridealsas\/\"],\"url\":\"https:\/\/www.carideal.com\/blog\/author\/nschiavon\/\"}]}<\/script>\n<!-- \/ Yoast SEO plugin. -->","yoast_head_json":{"title":"Restylage Audi A1 essai - Blog auto Carid\u00e9al","robots":{"index":"index","follow":"follow","max-snippet":"max-snippet:-1","max-image-preview":"max-image-preview:large","max-video-preview":"max-video-preview:-1"},"canonical":"https:\/\/www.carideal.com\/blog\/2015\/03\/01\/restylage-audi-a1-essai\/","og_locale":"fr_FR","og_type":"article","og_title":"Restylage Audi A1 essai - Blog auto Carid\u00e9al","og_description":"Audi A1 restyl\u00e9e Essai Elle s'occupe de ses attraits. Lifting ultra-discr\u00e8te pour la jolie Audi A1. La chose importante est passe sous le capot, avec l'arriv\u00e9e de deux petits moteurs trois cylindres, essence et le diesel, ce qui lui va comme un gant. PORTRAIT DE L'AUDI A1 Heureux et bien arm\u00e9e Avec l'Audi A1, qui ... Lire plus","og_url":"https:\/\/www.carideal.com\/blog\/2015\/03\/01\/restylage-audi-a1-essai\/","og_site_name":"Blog auto Carid\u00e9al","article_publisher":"https:\/\/www.facebook.com\/Carideal.mandataire.automobile","article_author":"https:\/\/www.facebook.com\/nicolas.schiavon.39","article_published_time":"2015-03-01T18:47:11+00:00","article_modified_time":"2016-12-08T17:22:48+00:00","og_image":[{"url":"http:\/\/www.carideal.com\/blog\/wp-content\/uploads\/2015\/03\/audi-a1-version-restylee-carideal-blog-300x165.jpg","type":"","width":"","height":""}],"author":"Nicolas SCHIAVON","twitter_card":"summary_large_image","twitter_creator":"@caridealauto","twitter_site":"@caridealauto","twitter_misc":{"\u00c9crit par":"Nicolas SCHIAVON","Dur\u00e9e de lecture estim\u00e9e":"4 minutes"},"schema":{"@context":"https:\/\/schema.org","@graph":[{"@type":"Article","@id":"https:\/\/www.carideal.com\/blog\/2015\/03\/01\/restylage-audi-a1-essai\/#article","isPartOf":{"@id":"https:\/\/www.carideal.com\/blog\/2015\/03\/01\/restylage-audi-a1-essai\/"},"author":{"name":"Nicolas SCHIAVON","@id":"https:\/\/www.carideal.com\/blog\/#\/schema\/person\/cd95dc7919660de90d31b366f85be1ec"},"headline":"Restylage Audi A1 essai","datePublished":"2015-03-01T18:47:11+00:00","dateModified":"2016-12-08T17:22:48+00:00","mainEntityOfPage":{"@id":"https:\/\/www.carideal.com\/blog\/2015\/03\/01\/restylage-audi-a1-essai\/"},"wordCount":849,"commentCount":0,"publisher":{"@id":"https:\/\/www.carideal.com\/blog\/#organization"},"image":{"@id":"https:\/\/www.carideal.com\/blog\/2015\/03\/01\/restylage-audi-a1-essai\/#primaryimage"},"thumbnailUrl":"http:\/\/www.carideal.com\/blog\/wp-content\/uploads\/2015\/03\/audi-a1-version-restylee-carideal-blog-300x165.jpg","keywords":["Guide achat voiture","TDI"],"articleSection":["Actualit\u00e9 Audi","Actualit\u00e9 automobile","Actualit\u00e9 Constructeur automobile","Berlines","Essais Audi","Essais automobile","Type de v\u00e9hicule"],"inLanguage":"fr-FR","potentialAction":[{"@type":"CommentAction","name":"Comment","target":["https:\/\/www.carideal.com\/blog\/2015\/03\/01\/restylage-audi-a1-essai\/#respond"]}]},{"@type":"WebPage","@id":"https:\/\/www.carideal.com\/blog\/2015\/03\/01\/restylage-audi-a1-essai\/","url":"https:\/\/www.carideal.com\/blog\/2015\/03\/01\/restylage-audi-a1-essai\/","name":"Restylage Audi A1 essai - Blog auto Carid\u00e9al","isPartOf":{"@id":"https:\/\/www.carideal.com\/blog\/#website"},"primaryImageOfPage":{"@id":"https:\/\/www.carideal.com\/blog\/2015\/03\/01\/restylage-audi-a1-essai\/#primaryimage"},"image":{"@id":"https:\/\/www.carideal.com\/blog\/2015\/03\/01\/restylage-audi-a1-essai\/#primaryimage"},"thumbnailUrl":"http:\/\/www.carideal.com\/blog\/wp-content\/uploads\/2015\/03\/audi-a1-version-restylee-carideal-blog-300x165.jpg","datePublished":"2015-03-01T18:47:11+00:00","dateModified":"2016-12-08T17:22:48+00:00","breadcrumb":{"@id":"https:\/\/www.carideal.com\/blog\/2015\/03\/01\/restylage-audi-a1-essai\/#breadcrumb"},"inLanguage":"fr-FR","potentialAction":[{"@type":"ReadAction","target":["https:\/\/www.carideal.com\/blog\/2015\/03\/01\/restylage-audi-a1-essai\/"]}]},{"@type":"ImageObject","inLanguage":"fr-FR","@id":"https:\/\/www.carideal.com\/blog\/2015\/03\/01\/restylage-audi-a1-essai\/#primaryimage","url":"http:\/\/www.carideal.com\/blog\/wp-content\/uploads\/2015\/03\/audi-a1-version-restylee-carideal-blog-300x165.jpg","contentUrl":"http:\/\/www.carideal.com\/blog\/wp-content\/uploads\/2015\/03\/audi-a1-version-restylee-carideal-blog-300x165.jpg"},{"@type":"BreadcrumbList","@id":"https:\/\/www.carideal.com\/blog\/2015\/03\/01\/restylage-audi-a1-essai\/#breadcrumb","itemListElement":[{"@type":"ListItem","position":1,"name":"Blog Carid\u00e9al","item":"https:\/\/www.carideal.com\/blog\/"},{"@type":"ListItem","position":2,"name":"Actualit\u00e9 automobile","item":"https:\/\/www.carideal.com\/blog\/actualites-auto\/"},{"@type":"ListItem","position":3,"name":"Restylage Audi A1 essai"}]},{"@type":"WebSite","@id":"https:\/\/www.carideal.com\/blog\/#website","url":"https:\/\/www.carideal.com\/blog\/","name":"Blog auto Carid\u00e9al","description":"Actualit\u00e9 auto par des passionn\u00e9s","publisher":{"@id":"https:\/\/www.carideal.com\/blog\/#organization"},"potentialAction":[{"@type":"SearchAction","target":{"@type":"EntryPoint","urlTemplate":"https:\/\/www.carideal.com\/blog\/?s={search_term_string}"},"query-input":{"@type":"PropertyValueSpecification","valueRequired":true,"valueName":"search_term_string"}}],"inLanguage":"fr-FR"},{"@type":"Organization","@id":"https:\/\/www.carideal.com\/blog\/#organization","name":"Carideal","url":"https:\/\/www.carideal.com\/blog\/","logo":{"@type":"ImageObject","inLanguage":"fr-FR","@id":"https:\/\/www.carideal.com\/blog\/#\/schema\/logo\/image\/","url":"http:\/\/www.carideal.com\/blog\/wp-content\/uploads\/2016\/03\/logo-carideal-mandataire-automobile.png","contentUrl":"http:\/\/www.carideal.com\/blog\/wp-content\/uploads\/2016\/03\/logo-carideal-mandataire-automobile.png","width":300,"height":300,"caption":"Carideal"},"image":{"@id":"https:\/\/www.carideal.com\/blog\/#\/schema\/logo\/image\/"},"sameAs":["https:\/\/www.facebook.com\/Carideal.mandataire.automobile","https:\/\/x.com\/caridealauto","https:\/\/www.instagram.com\/carideal1\/","https:\/\/www.linkedin.com\/company\/carideal.com","https:\/\/fr.pinterest.com\/schiavonsas\/","https:\/\/www.youtube.com\/user\/caridealsas"]},{"@type":"Person","@id":"https:\/\/www.carideal.com\/blog\/#\/schema\/person\/cd95dc7919660de90d31b366f85be1ec","name":"Nicolas SCHIAVON","image":{"@type":"ImageObject","inLanguage":"fr-FR","@id":"https:\/\/www.carideal.com\/blog\/#\/schema\/person\/image\/","url":"https:\/\/secure.gravatar.com\/avatar\/c17e55009e671d92cc7f5dc837dc418a?s=96&r=g","contentUrl":"https:\/\/secure.gravatar.com\/avatar\/c17e55009e671d92cc7f5dc837dc418a?s=96&r=g","caption":"Nicolas SCHIAVON"},"description":"Nicolas Schiavon est tomb\u00e9 tout petit dans la marmite automobile. Ayant eu un garage de marque automobile, mandataire automobile de la premi\u00e8re heure d\u00e8s 1999. Nicolas a cr\u00e9\u00e9 ces premiers sites de vente de voiture et blog automobile d\u00e8s 1994. Carideal est n\u00e9 le 15 d\u00e9cembre 2000 de la volont\u00e9 de vendre des voitures d'occasions en ligne puis des voitures neuves. Il a pu essayer beaucoup de voitures tr\u00e8s diff\u00e9rentes et ayant eu personnellement quelques belles autos, Subaru Impreza, Mitsubishi Lancer Evo 7, Porsche 911, Ferrari Testarrossa, Audi RS3, RS4 et j'en passe...","sameAs":["http:\/\/www.carideal.com","https:\/\/www.facebook.com\/nicolas.schiavon.39","https:\/\/www.instagram.com\/carideal1\/","https:\/\/www.linkedin.com\/in\/nschiavon\/","https:\/\/x.com\/caridealauto","https:\/\/www.youtube.com\/user\/caridealsas\/"],"url":"https:\/\/www.carideal.com\/blog\/author\/nschiavon\/"}]}},"uagb_featured_image_src":{"full":false,"thumbnail":false,"medium":false,"medium_large":false,"large":false,"1536x1536":false,"2048x2048":false,"wppr-widget":false},"uagb_author_info":{"display_name":"Nicolas SCHIAVON","author_link":"https:\/\/www.carideal.com\/blog\/author\/nschiavon\/"},"uagb_comment_info":0,"uagb_excerpt":"Audi A1 restyl\u00e9e Essai Elle s'occupe de ses attraits. Lifting ultra-discr\u00e8te pour la jolie Audi A1. La chose importante est passe sous le capot, avec l'arriv\u00e9e de deux petits moteurs trois cylindres, essence et le diesel, ce qui lui va comme un gant. PORTRAIT DE L'AUDI A1 Heureux et bien arm\u00e9e Avec l'Audi A1, qui\u2026","_links":{"self":[{"href":"https:\/\/www.carideal.com\/blog\/wp-json\/wp\/v2\/posts\/4434"}],"collection":[{"href":"https:\/\/www.carideal.com\/blog\/wp-json\/wp\/v2\/posts"}],"about":[{"href":"https:\/\/www.carideal.com\/blog\/wp-json\/wp\/v2\/types\/post"}],"author":[{"embeddable":true,"href":"https:\/\/www.carideal.com\/blog\/wp-json\/wp\/v2\/users\/3"}],"replies":[{"embeddable":true,"href":"https:\/\/www.carideal.com\/blog\/wp-json\/wp\/v2\/comments?post=4434"}],"version-history":[{"count":0,"href":"https:\/\/www.carideal.com\/blog\/wp-json\/wp\/v2\/posts\/4434\/revisions"}],"wp:attachment":[{"href":"https:\/\/www.carideal.com\/blog\/wp-json\/wp\/v2\/media?parent=4434"}],"wp:term":[{"taxonomy":"category","embeddable":true,"href":"https:\/\/www.carideal.com\/blog\/wp-json\/wp\/v2\/categories?post=4434"},{"taxonomy":"post_tag","embeddable":true,"href":"https:\/\/www.carideal.com\/blog\/wp-json\/wp\/v2\/tags?post=4434"}],"curies":[{"name":"wp","href":"https:\/\/api.w.org\/{rel}","templated":true}]}}