{"id":4424,"date":"2015-02-28T11:41:46","date_gmt":"2015-02-28T10:41:46","guid":{"rendered":"http:\/\/www.carideal.com\/blog\/?p=4424"},"modified":"2020-03-07T16:50:27","modified_gmt":"2020-03-07T15:50:27","slug":"citroen-c4-2015-restylee","status":"publish","type":"post","link":"https:\/\/www.carideal.com\/blog\/2015\/02\/28\/citroen-c4-2015-restylee\/","title":{"rendered":"Nouvelle Citroen C4 2015 restyl\u00e9e"},"content":{"rendered":"<figure id=\"attachment_4425\" aria-describedby=\"caption-attachment-4425\" style=\"width: 290px\" class=\"wp-caption alignnone\"><a href=\"http:\/\/www.carideal.com\/blog\/wp-content\/uploads\/2015\/02\/citroen-nouvelle-gamme-c4-carideal-mandataire-automobile.jpg\"><img loading=\"lazy\" decoding=\"async\" class=\"wp-image-4425 size-medium\" title=\"Nouvelle Citroen C4 2015\" src=\"http:\/\/www.carideal.com\/blog\/wp-content\/uploads\/2015\/02\/citroen-nouvelle-gamme-c4-carideal-mandataire-automobile-300x166.jpg\" alt=\"Nouvelle Citroen C4 2015\" width=\"300\" height=\"166\" srcset=\"https:\/\/www.carideal.com\/blog\/wp-content\/uploads\/2015\/02\/citroen-nouvelle-gamme-c4-carideal-mandataire-automobile-300x166.jpg 300w, https:\/\/www.carideal.com\/blog\/wp-content\/uploads\/2015\/02\/citroen-nouvelle-gamme-c4-carideal-mandataire-automobile-624x346.jpg 624w, https:\/\/www.carideal.com\/blog\/wp-content\/uploads\/2015\/02\/citroen-nouvelle-gamme-c4-carideal-mandataire-automobile.jpg 633w\" sizes=\"(max-width: 300px) 100vw, 300px\" \/><\/a><figcaption id=\"caption-attachment-4425\" class=\"wp-caption-text\">Nouvelle Citroen C4 2015<\/figcaption><\/figure>\n<h1>Nouvelle Citroen C4 2015 Un l\u00e9ger restylage<\/h1>\n<p>De Janvier \u00e0 novembre 2014, il s'est \u00e9coul\u00e9 sque deux fois plus de <span style=\"text-decoration: underline;\">Peugeot 308<\/span> que de Citroen C4 en France (42 976 mplaires contre 24586). M\u00e8me la <span style=\"text-decoration: underline;\">Volkswagen Golf<\/span> fait mieux avec 370 unit\u00e9s vendues sur la m\u00eame p\u00e9\u00adriode. Citroen r\u00e9agit en apportant un brin de jeunesse \u00e0 sa C4. Mais ce resty\u00adlage de mi-carri\u00e8re est des plus discrets : optiques remodel\u00e9es int\u00e9grant des feux de jour \u00e0 LED, feux arri\u00e8re redessin\u00e9s, nouvelles jantes et teintes de carrosserie. \u00c0 bord, les \u00e9volutions ne sont gu\u00e8re plus\u00a0visibles, m\u00eame si la <span style=\"text-decoration: underline;\">C4<\/span> re\u00e7oit un nouveau syst\u00e8me multim\u00e9dia ainsi qu'un acc\u00e8s et d\u00e9marrage mains libres.<\/p>\n<h2>Sang neuf pour la nouvelle Citroen C4 2015<\/h2>\n<p>La nouvelle Citroen C4 2015 profite toutefois de ce restylage pour faire le m\u00e9nage sous son capot. Ainsi, le 1.6 VTi de 120 ch va peu \u00e0 peu s'effacer au profit du nouveau 3-cylindres 1.2 PureTech de 110 ch. D\u00e9j\u00e0 propos\u00e9 sur la Peugeot 308, ce bloc essence affiche une consommation mixte de 4,81\/100 km (113 Wlun de CO'). Quant au 1.2 <span style=\"text-decoration: underline;\"><a href=\"http:\/\/www.carideal.com\/blog\/2015\/09\/10\/citroen-c4-puretech-130-shine-en-arrivage-avec-remise\/\">PureTech de 130 ch<\/a><\/span>, il est d\u00e9sormais disponible avec l'excellente bo\u00eete automatique EAT6 \u00e0 six rapports. C\u00f4t\u00e9 diesel, son 1,6 BlueHDi permet \u00e0 la C4 d'afficher des valeurs de consommation parmi les plus faibles du segment : 3,6 1\/100 km (95 g\/km de CO2) dans sa version de 120 ch, et 3,31\/100 km (86 g\/km de CO2) en 100 ch.<br \/>\nLa nouvelle Citroen C4 2015 \u00e9volue donc en douceur, mais sans doute pas suffisamment pour inqui\u00e9ter ses rivales plus modernes, Peu\u00adgeot 308 et Volkswagen Golf en t\u00eate. On retrouve le m\u00eame sh\u00e9ma sur les ventes de <span style=\"text-decoration: underline;\">Citroen C4 occasion<\/span> qui sont moins demand\u00e9es que la\u00a0Peugeot 308 occasion, sur cette berline m\u00e9connue.<\/p>\n","protected":false},"excerpt":{"rendered":"<p>Nouvelle Citroen C4 2015 Un l\u00e9ger restylage De Janvier \u00e0 novembre 2014, il s&rsquo;est \u00e9coul\u00e9 sque deux fois plus de Peugeot 308 que de Citroen C4 en France (42 976 mplaires contre 24586). M\u00e8me la Volkswagen Golf fait mieux avec 370 unit\u00e9s vendues sur la m\u00eame p\u00e9\u00adriode. Citroen r\u00e9agit en apportant un brin de jeunesse &#8230; <a title=\"Nouvelle Citroen C4 2015 restyl\u00e9e\" class=\"read-more\" href=\"https:\/\/www.carideal.com\/blog\/2015\/02\/28\/citroen-c4-2015-restylee\/\" aria-label=\"En savoir plus sur Nouvelle Citroen C4 2015 restyl\u00e9e\">Lire plus<\/a><\/p>\n","protected":false},"author":3,"featured_media":0,"comment_status":"open","ping_status":"open","sticky":false,"template":"","format":"standard","meta":{"_uag_custom_page_level_css":"","_themeisle_gutenberg_block_has_review":false,"footnotes":""},"categories":[21,5,5944,6012,10,5974],"tags":[5044],"class_list":["post-4424","post","type-post","status-publish","format-standard","hentry","category-actualites-auto","category-citroen","category-constructeur","category-berlines","category-marche-automobile-voiture-neuve-occasion-4x4-suv","category-type-de-vehicule","tag-guide-achat"],"wppr_data":[],"yoast_head":"<!-- This site is optimized with the Yoast SEO plugin v24.8.1 - https:\/\/yoast.com\/wordpress\/plugins\/seo\/ -->\n<title>Nouvelle Citroen C4 2015 restyl\u00e9e - Blog auto Carid\u00e9al<\/title>\n<meta name=\"description\" content=\"Nouvelle Citroen C4 2015 un l\u00e9ger restylage pour cette berline m\u00e9connue qui se vend deux fois moins bien que sa cousine Peugeot 308\" \/>\n<meta name=\"robots\" content=\"index, follow, max-snippet:-1, max-image-preview:large, max-video-preview:-1\" \/>\n<link rel=\"canonical\" href=\"https:\/\/www.carideal.com\/blog\/2015\/02\/28\/citroen-c4-2015-restylee\/\" \/>\n<meta property=\"og:locale\" content=\"fr_FR\" \/>\n<meta property=\"og:type\" content=\"article\" \/>\n<meta property=\"og:title\" content=\"Nouvelle Citroen C4 2015 restyl\u00e9e - Blog auto Carid\u00e9al\" \/>\n<meta property=\"og:description\" content=\"Nouvelle Citroen C4 2015 un l\u00e9ger restylage pour cette berline m\u00e9connue qui se vend deux fois moins bien que sa cousine Peugeot 308\" \/>\n<meta property=\"og:url\" content=\"https:\/\/www.carideal.com\/blog\/2015\/02\/28\/citroen-c4-2015-restylee\/\" \/>\n<meta property=\"og:site_name\" content=\"Blog auto Carid\u00e9al\" \/>\n<meta property=\"article:publisher\" content=\"https:\/\/www.facebook.com\/Carideal.mandataire.automobile\" \/>\n<meta property=\"article:author\" content=\"https:\/\/www.facebook.com\/nicolas.schiavon.39\" \/>\n<meta property=\"article:published_time\" content=\"2015-02-28T10:41:46+00:00\" \/>\n<meta property=\"article:modified_time\" content=\"2020-03-07T15:50:27+00:00\" \/>\n<meta property=\"og:image\" content=\"http:\/\/www.carideal.com\/blog\/wp-content\/uploads\/2015\/02\/citroen-nouvelle-gamme-c4-carideal-mandataire-automobile-300x166.jpg\" \/>\n<meta name=\"author\" content=\"Nicolas SCHIAVON\" \/>\n<meta name=\"twitter:card\" content=\"summary_large_image\" \/>\n<meta name=\"twitter:creator\" content=\"@caridealauto\" \/>\n<meta name=\"twitter:site\" content=\"@caridealauto\" \/>\n<meta name=\"twitter:label1\" content=\"\u00c9crit par\" \/>\n\t<meta name=\"twitter:data1\" content=\"Nicolas SCHIAVON\" \/>\n\t<meta name=\"twitter:label2\" content=\"Dur\u00e9e de lecture estim\u00e9e\" \/>\n\t<meta name=\"twitter:data2\" content=\"1 minute\" \/>\n<script type=\"application\/ld+json\" class=\"yoast-schema-graph\">{\"@context\":\"https:\/\/schema.org\",\"@graph\":[{\"@type\":\"Article\",\"@id\":\"https:\/\/www.carideal.com\/blog\/2015\/02\/28\/citroen-c4-2015-restylee\/#article\",\"isPartOf\":{\"@id\":\"https:\/\/www.carideal.com\/blog\/2015\/02\/28\/citroen-c4-2015-restylee\/\"},\"author\":{\"name\":\"Nicolas SCHIAVON\",\"@id\":\"https:\/\/www.carideal.com\/blog\/#\/schema\/person\/cd95dc7919660de90d31b366f85be1ec\"},\"headline\":\"Nouvelle Citroen C4 2015 restyl\u00e9e\",\"datePublished\":\"2015-02-28T10:41:46+00:00\",\"dateModified\":\"2020-03-07T15:50:27+00:00\",\"mainEntityOfPage\":{\"@id\":\"https:\/\/www.carideal.com\/blog\/2015\/02\/28\/citroen-c4-2015-restylee\/\"},\"wordCount\":303,\"commentCount\":0,\"publisher\":{\"@id\":\"https:\/\/www.carideal.com\/blog\/#organization\"},\"image\":{\"@id\":\"https:\/\/www.carideal.com\/blog\/2015\/02\/28\/citroen-c4-2015-restylee\/#primaryimage\"},\"thumbnailUrl\":\"http:\/\/www.carideal.com\/blog\/wp-content\/uploads\/2015\/02\/citroen-nouvelle-gamme-c4-carideal-mandataire-automobile-300x166.jpg\",\"keywords\":[\"Guide achat voiture\"],\"articleSection\":[\"Actualit\u00e9 automobile\",\"Actualit\u00e9 Citroen\",\"Actualit\u00e9 Constructeur automobile\",\"Berlines\",\"March\u00e9 automobile\",\"Type de v\u00e9hicule\"],\"inLanguage\":\"fr-FR\",\"potentialAction\":[{\"@type\":\"CommentAction\",\"name\":\"Comment\",\"target\":[\"https:\/\/www.carideal.com\/blog\/2015\/02\/28\/citroen-c4-2015-restylee\/#respond\"]}]},{\"@type\":\"WebPage\",\"@id\":\"https:\/\/www.carideal.com\/blog\/2015\/02\/28\/citroen-c4-2015-restylee\/\",\"url\":\"https:\/\/www.carideal.com\/blog\/2015\/02\/28\/citroen-c4-2015-restylee\/\",\"name\":\"Nouvelle Citroen C4 2015 restyl\u00e9e - Blog auto Carid\u00e9al\",\"isPartOf\":{\"@id\":\"https:\/\/www.carideal.com\/blog\/#website\"},\"primaryImageOfPage\":{\"@id\":\"https:\/\/www.carideal.com\/blog\/2015\/02\/28\/citroen-c4-2015-restylee\/#primaryimage\"},\"image\":{\"@id\":\"https:\/\/www.carideal.com\/blog\/2015\/02\/28\/citroen-c4-2015-restylee\/#primaryimage\"},\"thumbnailUrl\":\"http:\/\/www.carideal.com\/blog\/wp-content\/uploads\/2015\/02\/citroen-nouvelle-gamme-c4-carideal-mandataire-automobile-300x166.jpg\",\"datePublished\":\"2015-02-28T10:41:46+00:00\",\"dateModified\":\"2020-03-07T15:50:27+00:00\",\"description\":\"Nouvelle Citroen C4 2015 un l\u00e9ger restylage pour cette berline m\u00e9connue qui se vend deux fois moins bien que sa cousine Peugeot 308\",\"breadcrumb\":{\"@id\":\"https:\/\/www.carideal.com\/blog\/2015\/02\/28\/citroen-c4-2015-restylee\/#breadcrumb\"},\"inLanguage\":\"fr-FR\",\"potentialAction\":[{\"@type\":\"ReadAction\",\"target\":[\"https:\/\/www.carideal.com\/blog\/2015\/02\/28\/citroen-c4-2015-restylee\/\"]}]},{\"@type\":\"ImageObject\",\"inLanguage\":\"fr-FR\",\"@id\":\"https:\/\/www.carideal.com\/blog\/2015\/02\/28\/citroen-c4-2015-restylee\/#primaryimage\",\"url\":\"http:\/\/www.carideal.com\/blog\/wp-content\/uploads\/2015\/02\/citroen-nouvelle-gamme-c4-carideal-mandataire-automobile-300x166.jpg\",\"contentUrl\":\"http:\/\/www.carideal.com\/blog\/wp-content\/uploads\/2015\/02\/citroen-nouvelle-gamme-c4-carideal-mandataire-automobile-300x166.jpg\"},{\"@type\":\"BreadcrumbList\",\"@id\":\"https:\/\/www.carideal.com\/blog\/2015\/02\/28\/citroen-c4-2015-restylee\/#breadcrumb\",\"itemListElement\":[{\"@type\":\"ListItem\",\"position\":1,\"name\":\"Blog Carid\u00e9al\",\"item\":\"https:\/\/www.carideal.com\/blog\/\"},{\"@type\":\"ListItem\",\"position\":2,\"name\":\"Actualit\u00e9 constructeur automobile\",\"item\":\"https:\/\/www.carideal.com\/blog\/constructeur\/\"},{\"@type\":\"ListItem\",\"position\":3,\"name\":\"Actualit\u00e9 Citroen\",\"item\":\"https:\/\/www.carideal.com\/blog\/constructeur\/citroen\/\"},{\"@type\":\"ListItem\",\"position\":4,\"name\":\"Nouvelle Citroen C4 2015 restyl\u00e9e\"}]},{\"@type\":\"WebSite\",\"@id\":\"https:\/\/www.carideal.com\/blog\/#website\",\"url\":\"https:\/\/www.carideal.com\/blog\/\",\"name\":\"Blog auto Carid\u00e9al\",\"description\":\"Actualit\u00e9 auto par des passionn\u00e9s\",\"publisher\":{\"@id\":\"https:\/\/www.carideal.com\/blog\/#organization\"},\"potentialAction\":[{\"@type\":\"SearchAction\",\"target\":{\"@type\":\"EntryPoint\",\"urlTemplate\":\"https:\/\/www.carideal.com\/blog\/?s={search_term_string}\"},\"query-input\":{\"@type\":\"PropertyValueSpecification\",\"valueRequired\":true,\"valueName\":\"search_term_string\"}}],\"inLanguage\":\"fr-FR\"},{\"@type\":\"Organization\",\"@id\":\"https:\/\/www.carideal.com\/blog\/#organization\",\"name\":\"Carideal\",\"url\":\"https:\/\/www.carideal.com\/blog\/\",\"logo\":{\"@type\":\"ImageObject\",\"inLanguage\":\"fr-FR\",\"@id\":\"https:\/\/www.carideal.com\/blog\/#\/schema\/logo\/image\/\",\"url\":\"http:\/\/www.carideal.com\/blog\/wp-content\/uploads\/2016\/03\/logo-carideal-mandataire-automobile.png\",\"contentUrl\":\"http:\/\/www.carideal.com\/blog\/wp-content\/uploads\/2016\/03\/logo-carideal-mandataire-automobile.png\",\"width\":300,\"height\":300,\"caption\":\"Carideal\"},\"image\":{\"@id\":\"https:\/\/www.carideal.com\/blog\/#\/schema\/logo\/image\/\"},\"sameAs\":[\"https:\/\/www.facebook.com\/Carideal.mandataire.automobile\",\"https:\/\/x.com\/caridealauto\",\"https:\/\/www.instagram.com\/carideal1\/\",\"https:\/\/www.linkedin.com\/company\/carideal.com\",\"https:\/\/fr.pinterest.com\/schiavonsas\/\",\"https:\/\/www.youtube.com\/user\/caridealsas\"]},{\"@type\":\"Person\",\"@id\":\"https:\/\/www.carideal.com\/blog\/#\/schema\/person\/cd95dc7919660de90d31b366f85be1ec\",\"name\":\"Nicolas SCHIAVON\",\"image\":{\"@type\":\"ImageObject\",\"inLanguage\":\"fr-FR\",\"@id\":\"https:\/\/www.carideal.com\/blog\/#\/schema\/person\/image\/\",\"url\":\"https:\/\/secure.gravatar.com\/avatar\/c17e55009e671d92cc7f5dc837dc418a?s=96&r=g\",\"contentUrl\":\"https:\/\/secure.gravatar.com\/avatar\/c17e55009e671d92cc7f5dc837dc418a?s=96&r=g\",\"caption\":\"Nicolas SCHIAVON\"},\"description\":\"Nicolas Schiavon est tomb\u00e9 tout petit dans la marmite automobile. Ayant eu un garage de marque automobile, mandataire automobile de la premi\u00e8re heure d\u00e8s 1999. Nicolas a cr\u00e9\u00e9 ces premiers sites de vente de voiture et blog automobile d\u00e8s 1994. Carideal est n\u00e9 le 15 d\u00e9cembre 2000 de la volont\u00e9 de vendre des voitures d'occasions en ligne puis des voitures neuves. Il a pu essayer beaucoup de voitures tr\u00e8s diff\u00e9rentes et ayant eu personnellement quelques belles autos, Subaru Impreza, Mitsubishi Lancer Evo 7, Porsche 911, Ferrari Testarrossa, Audi RS3, RS4 et j'en passe...\",\"sameAs\":[\"http:\/\/www.carideal.com\",\"https:\/\/www.facebook.com\/nicolas.schiavon.39\",\"https:\/\/www.instagram.com\/carideal1\/\",\"https:\/\/www.linkedin.com\/in\/nschiavon\/\",\"https:\/\/x.com\/caridealauto\",\"https:\/\/www.youtube.com\/user\/caridealsas\/\"],\"url\":\"https:\/\/www.carideal.com\/blog\/author\/nschiavon\/\"}]}<\/script>\n<!-- \/ Yoast SEO plugin. -->","yoast_head_json":{"title":"Nouvelle Citroen C4 2015 restyl\u00e9e - Blog auto Carid\u00e9al","description":"Nouvelle Citroen C4 2015 un l\u00e9ger restylage pour cette berline m\u00e9connue qui se vend deux fois moins bien que sa cousine Peugeot 308","robots":{"index":"index","follow":"follow","max-snippet":"max-snippet:-1","max-image-preview":"max-image-preview:large","max-video-preview":"max-video-preview:-1"},"canonical":"https:\/\/www.carideal.com\/blog\/2015\/02\/28\/citroen-c4-2015-restylee\/","og_locale":"fr_FR","og_type":"article","og_title":"Nouvelle Citroen C4 2015 restyl\u00e9e - Blog auto Carid\u00e9al","og_description":"Nouvelle Citroen C4 2015 un l\u00e9ger restylage pour cette berline m\u00e9connue qui se vend deux fois moins bien que sa cousine Peugeot 308","og_url":"https:\/\/www.carideal.com\/blog\/2015\/02\/28\/citroen-c4-2015-restylee\/","og_site_name":"Blog auto Carid\u00e9al","article_publisher":"https:\/\/www.facebook.com\/Carideal.mandataire.automobile","article_author":"https:\/\/www.facebook.com\/nicolas.schiavon.39","article_published_time":"2015-02-28T10:41:46+00:00","article_modified_time":"2020-03-07T15:50:27+00:00","og_image":[{"url":"http:\/\/www.carideal.com\/blog\/wp-content\/uploads\/2015\/02\/citroen-nouvelle-gamme-c4-carideal-mandataire-automobile-300x166.jpg","type":"","width":"","height":""}],"author":"Nicolas SCHIAVON","twitter_card":"summary_large_image","twitter_creator":"@caridealauto","twitter_site":"@caridealauto","twitter_misc":{"\u00c9crit par":"Nicolas SCHIAVON","Dur\u00e9e de lecture estim\u00e9e":"1 minute"},"schema":{"@context":"https:\/\/schema.org","@graph":[{"@type":"Article","@id":"https:\/\/www.carideal.com\/blog\/2015\/02\/28\/citroen-c4-2015-restylee\/#article","isPartOf":{"@id":"https:\/\/www.carideal.com\/blog\/2015\/02\/28\/citroen-c4-2015-restylee\/"},"author":{"name":"Nicolas SCHIAVON","@id":"https:\/\/www.carideal.com\/blog\/#\/schema\/person\/cd95dc7919660de90d31b366f85be1ec"},"headline":"Nouvelle Citroen C4 2015 restyl\u00e9e","datePublished":"2015-02-28T10:41:46+00:00","dateModified":"2020-03-07T15:50:27+00:00","mainEntityOfPage":{"@id":"https:\/\/www.carideal.com\/blog\/2015\/02\/28\/citroen-c4-2015-restylee\/"},"wordCount":303,"commentCount":0,"publisher":{"@id":"https:\/\/www.carideal.com\/blog\/#organization"},"image":{"@id":"https:\/\/www.carideal.com\/blog\/2015\/02\/28\/citroen-c4-2015-restylee\/#primaryimage"},"thumbnailUrl":"http:\/\/www.carideal.com\/blog\/wp-content\/uploads\/2015\/02\/citroen-nouvelle-gamme-c4-carideal-mandataire-automobile-300x166.jpg","keywords":["Guide achat voiture"],"articleSection":["Actualit\u00e9 automobile","Actualit\u00e9 Citroen","Actualit\u00e9 Constructeur automobile","Berlines","March\u00e9 automobile","Type de v\u00e9hicule"],"inLanguage":"fr-FR","potentialAction":[{"@type":"CommentAction","name":"Comment","target":["https:\/\/www.carideal.com\/blog\/2015\/02\/28\/citroen-c4-2015-restylee\/#respond"]}]},{"@type":"WebPage","@id":"https:\/\/www.carideal.com\/blog\/2015\/02\/28\/citroen-c4-2015-restylee\/","url":"https:\/\/www.carideal.com\/blog\/2015\/02\/28\/citroen-c4-2015-restylee\/","name":"Nouvelle Citroen C4 2015 restyl\u00e9e - Blog auto Carid\u00e9al","isPartOf":{"@id":"https:\/\/www.carideal.com\/blog\/#website"},"primaryImageOfPage":{"@id":"https:\/\/www.carideal.com\/blog\/2015\/02\/28\/citroen-c4-2015-restylee\/#primaryimage"},"image":{"@id":"https:\/\/www.carideal.com\/blog\/2015\/02\/28\/citroen-c4-2015-restylee\/#primaryimage"},"thumbnailUrl":"http:\/\/www.carideal.com\/blog\/wp-content\/uploads\/2015\/02\/citroen-nouvelle-gamme-c4-carideal-mandataire-automobile-300x166.jpg","datePublished":"2015-02-28T10:41:46+00:00","dateModified":"2020-03-07T15:50:27+00:00","description":"Nouvelle Citroen C4 2015 un l\u00e9ger restylage pour cette berline m\u00e9connue qui se vend deux fois moins bien que sa cousine Peugeot 308","breadcrumb":{"@id":"https:\/\/www.carideal.com\/blog\/2015\/02\/28\/citroen-c4-2015-restylee\/#breadcrumb"},"inLanguage":"fr-FR","potentialAction":[{"@type":"ReadAction","target":["https:\/\/www.carideal.com\/blog\/2015\/02\/28\/citroen-c4-2015-restylee\/"]}]},{"@type":"ImageObject","inLanguage":"fr-FR","@id":"https:\/\/www.carideal.com\/blog\/2015\/02\/28\/citroen-c4-2015-restylee\/#primaryimage","url":"http:\/\/www.carideal.com\/blog\/wp-content\/uploads\/2015\/02\/citroen-nouvelle-gamme-c4-carideal-mandataire-automobile-300x166.jpg","contentUrl":"http:\/\/www.carideal.com\/blog\/wp-content\/uploads\/2015\/02\/citroen-nouvelle-gamme-c4-carideal-mandataire-automobile-300x166.jpg"},{"@type":"BreadcrumbList","@id":"https:\/\/www.carideal.com\/blog\/2015\/02\/28\/citroen-c4-2015-restylee\/#breadcrumb","itemListElement":[{"@type":"ListItem","position":1,"name":"Blog Carid\u00e9al","item":"https:\/\/www.carideal.com\/blog\/"},{"@type":"ListItem","position":2,"name":"Actualit\u00e9 constructeur automobile","item":"https:\/\/www.carideal.com\/blog\/constructeur\/"},{"@type":"ListItem","position":3,"name":"Actualit\u00e9 Citroen","item":"https:\/\/www.carideal.com\/blog\/constructeur\/citroen\/"},{"@type":"ListItem","position":4,"name":"Nouvelle Citroen C4 2015 restyl\u00e9e"}]},{"@type":"WebSite","@id":"https:\/\/www.carideal.com\/blog\/#website","url":"https:\/\/www.carideal.com\/blog\/","name":"Blog auto Carid\u00e9al","description":"Actualit\u00e9 auto par des passionn\u00e9s","publisher":{"@id":"https:\/\/www.carideal.com\/blog\/#organization"},"potentialAction":[{"@type":"SearchAction","target":{"@type":"EntryPoint","urlTemplate":"https:\/\/www.carideal.com\/blog\/?s={search_term_string}"},"query-input":{"@type":"PropertyValueSpecification","valueRequired":true,"valueName":"search_term_string"}}],"inLanguage":"fr-FR"},{"@type":"Organization","@id":"https:\/\/www.carideal.com\/blog\/#organization","name":"Carideal","url":"https:\/\/www.carideal.com\/blog\/","logo":{"@type":"ImageObject","inLanguage":"fr-FR","@id":"https:\/\/www.carideal.com\/blog\/#\/schema\/logo\/image\/","url":"http:\/\/www.carideal.com\/blog\/wp-content\/uploads\/2016\/03\/logo-carideal-mandataire-automobile.png","contentUrl":"http:\/\/www.carideal.com\/blog\/wp-content\/uploads\/2016\/03\/logo-carideal-mandataire-automobile.png","width":300,"height":300,"caption":"Carideal"},"image":{"@id":"https:\/\/www.carideal.com\/blog\/#\/schema\/logo\/image\/"},"sameAs":["https:\/\/www.facebook.com\/Carideal.mandataire.automobile","https:\/\/x.com\/caridealauto","https:\/\/www.instagram.com\/carideal1\/","https:\/\/www.linkedin.com\/company\/carideal.com","https:\/\/fr.pinterest.com\/schiavonsas\/","https:\/\/www.youtube.com\/user\/caridealsas"]},{"@type":"Person","@id":"https:\/\/www.carideal.com\/blog\/#\/schema\/person\/cd95dc7919660de90d31b366f85be1ec","name":"Nicolas SCHIAVON","image":{"@type":"ImageObject","inLanguage":"fr-FR","@id":"https:\/\/www.carideal.com\/blog\/#\/schema\/person\/image\/","url":"https:\/\/secure.gravatar.com\/avatar\/c17e55009e671d92cc7f5dc837dc418a?s=96&r=g","contentUrl":"https:\/\/secure.gravatar.com\/avatar\/c17e55009e671d92cc7f5dc837dc418a?s=96&r=g","caption":"Nicolas SCHIAVON"},"description":"Nicolas Schiavon est tomb\u00e9 tout petit dans la marmite automobile. Ayant eu un garage de marque automobile, mandataire automobile de la premi\u00e8re heure d\u00e8s 1999. Nicolas a cr\u00e9\u00e9 ces premiers sites de vente de voiture et blog automobile d\u00e8s 1994. Carideal est n\u00e9 le 15 d\u00e9cembre 2000 de la volont\u00e9 de vendre des voitures d'occasions en ligne puis des voitures neuves. Il a pu essayer beaucoup de voitures tr\u00e8s diff\u00e9rentes et ayant eu personnellement quelques belles autos, Subaru Impreza, Mitsubishi Lancer Evo 7, Porsche 911, Ferrari Testarrossa, Audi RS3, RS4 et j'en passe...","sameAs":["http:\/\/www.carideal.com","https:\/\/www.facebook.com\/nicolas.schiavon.39","https:\/\/www.instagram.com\/carideal1\/","https:\/\/www.linkedin.com\/in\/nschiavon\/","https:\/\/x.com\/caridealauto","https:\/\/www.youtube.com\/user\/caridealsas\/"],"url":"https:\/\/www.carideal.com\/blog\/author\/nschiavon\/"}]}},"uagb_featured_image_src":{"full":false,"thumbnail":false,"medium":false,"medium_large":false,"large":false,"1536x1536":false,"2048x2048":false,"wppr-widget":false},"uagb_author_info":{"display_name":"Nicolas SCHIAVON","author_link":"https:\/\/www.carideal.com\/blog\/author\/nschiavon\/"},"uagb_comment_info":0,"uagb_excerpt":"Nouvelle Citroen C4 2015 Un l\u00e9ger restylage De Janvier \u00e0 novembre 2014, il s'est \u00e9coul\u00e9 sque deux fois plus de Peugeot 308 que de Citroen C4 en France (42 976 mplaires contre 24586). M\u00e8me la Volkswagen Golf fait mieux avec 370 unit\u00e9s vendues sur la m\u00eame p\u00e9\u00adriode. Citroen r\u00e9agit en apportant un brin de jeunesse\u2026","_links":{"self":[{"href":"https:\/\/www.carideal.com\/blog\/wp-json\/wp\/v2\/posts\/4424"}],"collection":[{"href":"https:\/\/www.carideal.com\/blog\/wp-json\/wp\/v2\/posts"}],"about":[{"href":"https:\/\/www.carideal.com\/blog\/wp-json\/wp\/v2\/types\/post"}],"author":[{"embeddable":true,"href":"https:\/\/www.carideal.com\/blog\/wp-json\/wp\/v2\/users\/3"}],"replies":[{"embeddable":true,"href":"https:\/\/www.carideal.com\/blog\/wp-json\/wp\/v2\/comments?post=4424"}],"version-history":[{"count":0,"href":"https:\/\/www.carideal.com\/blog\/wp-json\/wp\/v2\/posts\/4424\/revisions"}],"wp:attachment":[{"href":"https:\/\/www.carideal.com\/blog\/wp-json\/wp\/v2\/media?parent=4424"}],"wp:term":[{"taxonomy":"category","embeddable":true,"href":"https:\/\/www.carideal.com\/blog\/wp-json\/wp\/v2\/categories?post=4424"},{"taxonomy":"post_tag","embeddable":true,"href":"https:\/\/www.carideal.com\/blog\/wp-json\/wp\/v2\/tags?post=4424"}],"curies":[{"name":"wp","href":"https:\/\/api.w.org\/{rel}","templated":true}]}}