{"id":4416,"date":"2015-02-26T10:03:10","date_gmt":"2015-02-26T09:03:10","guid":{"rendered":"http:\/\/www.carideal.com\/blog\/?p=4416"},"modified":"2018-10-09T04:46:50","modified_gmt":"2018-10-09T02:46:50","slug":"mercedes-g500-4x4%c2%b2-en-folie-lache-en-montagne-video","status":"publish","type":"post","link":"https:\/\/www.carideal.com\/blog\/2015\/02\/26\/mercedes-g500-4x4%c2%b2-en-folie-lache-en-montagne-video\/","title":{"rendered":"Mercedes G500 4&#215;4\u00b2 lach\u00e9 en Montagne Vid\u00e9o"},"content":{"rendered":"<h1>Mercedes G500 4x4\u00b2 en folie lach\u00e9 en Montagne Vid\u00e9o<\/h1>\n<p><a href=\"http:\/\/www.carideal.com\/blog\/marque-de-voiture-actualites-essais\/mercedes\/\">Mercedes<\/a> adore l'anachronisme de sa \"grange roulante\" qu'est la Classe G, et le constructeur aime vraiment produire et vendre, les versions compl\u00e8tement dingues de sa vigoureuse b\u00eate (on comprend l'image avec le f\u00e9lin du d\u00e9but de la vid\u00e9o). <strong>Mercedes G500 4x4\u00b2<\/strong> : Consid\u00e9rons le <a href=\"http:\/\/www.carideal.com\/blog\/2013\/10\/10\/mercedes-classe-g-amg-6x6\/\">G63 AMG<\/a>. Et le V-12 G65 AMG. Et la insaniac 6 \u00d7 6. Tous bas\u00e9s sur ce qui est, essentiellement, encore un v\u00e9hicule militaire brut de d\u00e9coffrage pour lesquels la R&amp;D de base a \u00e9t\u00e9 fait il y a des d\u00e9cennies.<\/p>\n<p>Plus t\u00f4t cette semaine, Mercedes a publi\u00e9 cette vid\u00e9o de la derni\u00e8re Classe-G, la sauvage 4\u00d74\u00b2 fon\u00e7ant \u00e0 travers un terrain rocheux. Il reste un concept pour le moment, mais la vid\u00e9o de pr\u00e9sentation int\u00e9gr\u00e9 ci-dessous, accorde plus de cr\u00e9dibilit\u00e9 \u00e0 l'id\u00e9e que Mercedes pr\u00e9voit de construire le monstre. Profitez et regarder la B\u00eate !<\/p>\n<figure id=\"attachment_4417\" aria-describedby=\"caption-attachment-4417\" style=\"width: 277px\" class=\"wp-caption alignright\"><a href=\"http:\/\/www.carideal.com\/blog\/wp-content\/uploads\/2015\/02\/mercedes-benz-g500-4w4\u00b2-blog-carideal.jpg\"><img loading=\"lazy\" decoding=\"async\" class=\"wp-image-4417 size-full\" src=\"http:\/\/www.carideal.com\/blog\/wp-content\/uploads\/2015\/02\/mercedes-benz-g500-4w4\u00b2-blog-carideal.jpg\" alt=\"Regardez la vid\u00e9o du nouveau Show Car Mercedes G500 4x4\u00b2\" width=\"287\" height=\"175\" \/><\/a><figcaption id=\"caption-attachment-4417\" class=\"wp-caption-text\">Regardez la vid\u00e9o du nouveau Show Car Mercedes G500 4x4\u00b2<\/figcaption><\/figure>\n<p>Seule une Classe G peut \u00eatre mieux qu'une Classe G. C'est le credo suivie par les d\u00e9veloppeurs de Mercedes-Benz et ils pr\u00e9sentent la nouvelle Show Car G 500 4x4\u00b2.<br \/>\nPrenant comme mod\u00e8le le G 63 AMG 6x6 le nouveau \"G\" allie tous les avantages du mod\u00e8le de s\u00e9rie avec une performance consid\u00e9rablement augment\u00e9. Le compartiment moteur abrite un tout nouveau moteur V8 d'une cylindr\u00e9e de quatre litres, injection directe et biturbo. Avec la puissance du V8, un nouveau ch\u00e2ssis variables a \u00e9t\u00e9 d\u00e9velopp\u00e9, qui offre une parfaite symbiose de dynamisme sportif, d\u00e9tente et confort sur la route et en dehors. Les nouveaux G 500 4x4\u00b2 atteint toujours les performances tout-terrain les plus \u00e9lev\u00e9, gr\u00e2ce \u00e0 la transmission \u00e0 quatre roues motrices permanentes et les ponts portiques \u00e9prouv\u00e9es.<br \/>\n<iframe loading=\"lazy\" src=\"https:\/\/www.youtube.com\/embed\/fc7V7YPSwyg\" width=\"560\" height=\"315\" frameborder=\"0\" allowfullscreen=\"allowfullscreen\"><\/iframe><\/p>\n","protected":false},"excerpt":{"rendered":"<p>Mercedes G500 4&#215;4\u00b2 en folie lach\u00e9 en Montagne Vid\u00e9o Mercedes adore l&rsquo;anachronisme de sa \u00ab\u00a0grange roulante\u00a0\u00bb qu&rsquo;est la Classe G, et le constructeur aime vraiment produire et vendre, les versions compl\u00e8tement dingues de sa vigoureuse b\u00eate (on comprend l&rsquo;image avec le f\u00e9lin du d\u00e9but de la vid\u00e9o). Mercedes G500 4&#215;4\u00b2 : Consid\u00e9rons le G63 AMG. &#8230; <a title=\"Mercedes G500 4&#215;4\u00b2 lach\u00e9 en Montagne Vid\u00e9o\" class=\"read-more\" href=\"https:\/\/www.carideal.com\/blog\/2015\/02\/26\/mercedes-g500-4x4%c2%b2-en-folie-lache-en-montagne-video\/\" aria-label=\"En savoir plus sur Mercedes G500 4&#215;4\u00b2 lach\u00e9 en Montagne Vid\u00e9o\">Lire plus<\/a><\/p>\n","protected":false},"author":3,"featured_media":17651,"comment_status":"open","ping_status":"open","sticky":false,"template":"","format":"standard","meta":{"_uag_custom_page_level_css":"","_themeisle_gutenberg_block_has_review":false,"footnotes":""},"categories":[2,5995,9,5994],"tags":[1845,570],"class_list":["post-4416","post","type-post","status-publish","format-standard","has-post-thumbnail","hentry","category-4x4-suv","category-mercedes","category-divers","category-fun","tag-quatre-roues-motrices","tag-v8"],"wppr_data":{"cwp_meta_box_check":"No"},"yoast_head":"<!-- This site is optimized with the Yoast SEO plugin v24.8.1 - https:\/\/yoast.com\/wordpress\/plugins\/seo\/ -->\n<title>Mercedes G500 4x4\u00b2 lach\u00e9 en Montagne Vid\u00e9o - Blog auto Carid\u00e9al<\/title>\n<meta name=\"description\" content=\"Mercedes pr\u00e9sente sa nouvelle sow car : le Mercedes G500 4x4\u00b2. Seul un Mercedes classe G pouvait d\u00e9troner un G ! Et pour le coup le constructeur Allemenand a mis un V8 bi-turbo.\" \/>\n<meta name=\"robots\" content=\"index, follow, max-snippet:-1, max-image-preview:large, max-video-preview:-1\" \/>\n<link rel=\"canonical\" href=\"https:\/\/www.carideal.com\/blog\/2015\/02\/26\/mercedes-g500-4x4\u00b2-en-folie-lache-en-montagne-video\/\" \/>\n<meta property=\"og:locale\" content=\"fr_FR\" \/>\n<meta property=\"og:type\" content=\"article\" \/>\n<meta property=\"og:title\" content=\"Mercedes G500 4x4\u00b2 lach\u00e9 en Montagne Vid\u00e9o - Blog auto Carid\u00e9al\" \/>\n<meta property=\"og:description\" content=\"Mercedes pr\u00e9sente sa nouvelle sow car : le Mercedes G500 4x4\u00b2. Seul un Mercedes classe G pouvait d\u00e9troner un G ! Et pour le coup le constructeur Allemenand a mis un V8 bi-turbo.\" \/>\n<meta property=\"og:url\" content=\"https:\/\/www.carideal.com\/blog\/2015\/02\/26\/mercedes-g500-4x4\u00b2-en-folie-lache-en-montagne-video\/\" \/>\n<meta property=\"og:site_name\" content=\"Blog auto Carid\u00e9al\" \/>\n<meta property=\"article:publisher\" content=\"https:\/\/www.facebook.com\/Carideal.mandataire.automobile\" \/>\n<meta property=\"article:author\" content=\"https:\/\/www.facebook.com\/nicolas.schiavon.39\" \/>\n<meta property=\"article:published_time\" content=\"2015-02-26T09:03:10+00:00\" \/>\n<meta property=\"article:modified_time\" content=\"2018-10-09T02:46:50+00:00\" \/>\n<meta property=\"og:image\" content=\"https:\/\/www.carideal.com\/blog\/wp-content\/uploads\/2015\/02\/mercedes-benz-g500-4x4\u00b2-e1539052844671.jpg\" \/>\n\t<meta property=\"og:image:width\" content=\"800\" \/>\n\t<meta property=\"og:image:height\" content=\"488\" \/>\n\t<meta property=\"og:image:type\" content=\"image\/jpeg\" \/>\n<meta name=\"author\" content=\"Nicolas SCHIAVON\" \/>\n<meta name=\"twitter:card\" content=\"summary_large_image\" \/>\n<meta name=\"twitter:creator\" content=\"@caridealauto\" \/>\n<meta name=\"twitter:site\" content=\"@caridealauto\" \/>\n<meta name=\"twitter:label1\" content=\"\u00c9crit par\" \/>\n\t<meta name=\"twitter:data1\" content=\"Nicolas SCHIAVON\" \/>\n\t<meta name=\"twitter:label2\" content=\"Dur\u00e9e de lecture estim\u00e9e\" \/>\n\t<meta name=\"twitter:data2\" content=\"2 minutes\" \/>\n<script type=\"application\/ld+json\" class=\"yoast-schema-graph\">{\"@context\":\"https:\/\/schema.org\",\"@graph\":[{\"@type\":\"Article\",\"@id\":\"https:\/\/www.carideal.com\/blog\/2015\/02\/26\/mercedes-g500-4x4%c2%b2-en-folie-lache-en-montagne-video\/#article\",\"isPartOf\":{\"@id\":\"https:\/\/www.carideal.com\/blog\/2015\/02\/26\/mercedes-g500-4x4%c2%b2-en-folie-lache-en-montagne-video\/\"},\"author\":{\"name\":\"Nicolas SCHIAVON\",\"@id\":\"https:\/\/www.carideal.com\/blog\/#\/schema\/person\/cd95dc7919660de90d31b366f85be1ec\"},\"headline\":\"Mercedes G500 4&#215;4\u00b2 lach\u00e9 en Montagne Vid\u00e9o\",\"datePublished\":\"2015-02-26T09:03:10+00:00\",\"dateModified\":\"2018-10-09T02:46:50+00:00\",\"mainEntityOfPage\":{\"@id\":\"https:\/\/www.carideal.com\/blog\/2015\/02\/26\/mercedes-g500-4x4%c2%b2-en-folie-lache-en-montagne-video\/\"},\"wordCount\":325,\"commentCount\":0,\"publisher\":{\"@id\":\"https:\/\/www.carideal.com\/blog\/#organization\"},\"image\":{\"@id\":\"https:\/\/www.carideal.com\/blog\/2015\/02\/26\/mercedes-g500-4x4%c2%b2-en-folie-lache-en-montagne-video\/#primaryimage\"},\"thumbnailUrl\":\"https:\/\/www.carideal.com\/blog\/wp-content\/uploads\/2015\/02\/mercedes-benz-g500-4x4\u00b2-e1539052844671.jpg\",\"keywords\":[\"4 roues motrices\",\"Moteur V8\"],\"articleSection\":[\"4X4 Actualit\u00e9\",\"Actualit\u00e9 Mercedes\",\"Divers\",\"Fun\"],\"inLanguage\":\"fr-FR\",\"potentialAction\":[{\"@type\":\"CommentAction\",\"name\":\"Comment\",\"target\":[\"https:\/\/www.carideal.com\/blog\/2015\/02\/26\/mercedes-g500-4x4%c2%b2-en-folie-lache-en-montagne-video\/#respond\"]}]},{\"@type\":\"WebPage\",\"@id\":\"https:\/\/www.carideal.com\/blog\/2015\/02\/26\/mercedes-g500-4x4%c2%b2-en-folie-lache-en-montagne-video\/\",\"url\":\"https:\/\/www.carideal.com\/blog\/2015\/02\/26\/mercedes-g500-4x4%c2%b2-en-folie-lache-en-montagne-video\/\",\"name\":\"Mercedes G500 4x4\u00b2 lach\u00e9 en Montagne Vid\u00e9o - Blog auto Carid\u00e9al\",\"isPartOf\":{\"@id\":\"https:\/\/www.carideal.com\/blog\/#website\"},\"primaryImageOfPage\":{\"@id\":\"https:\/\/www.carideal.com\/blog\/2015\/02\/26\/mercedes-g500-4x4%c2%b2-en-folie-lache-en-montagne-video\/#primaryimage\"},\"image\":{\"@id\":\"https:\/\/www.carideal.com\/blog\/2015\/02\/26\/mercedes-g500-4x4%c2%b2-en-folie-lache-en-montagne-video\/#primaryimage\"},\"thumbnailUrl\":\"https:\/\/www.carideal.com\/blog\/wp-content\/uploads\/2015\/02\/mercedes-benz-g500-4x4\u00b2-e1539052844671.jpg\",\"datePublished\":\"2015-02-26T09:03:10+00:00\",\"dateModified\":\"2018-10-09T02:46:50+00:00\",\"description\":\"Mercedes pr\u00e9sente sa nouvelle sow car : le Mercedes G500 4x4\u00b2. Seul un Mercedes classe G pouvait d\u00e9troner un G ! Et pour le coup le constructeur Allemenand a mis un V8 bi-turbo.\",\"breadcrumb\":{\"@id\":\"https:\/\/www.carideal.com\/blog\/2015\/02\/26\/mercedes-g500-4x4%c2%b2-en-folie-lache-en-montagne-video\/#breadcrumb\"},\"inLanguage\":\"fr-FR\",\"potentialAction\":[{\"@type\":\"ReadAction\",\"target\":[\"https:\/\/www.carideal.com\/blog\/2015\/02\/26\/mercedes-g500-4x4%c2%b2-en-folie-lache-en-montagne-video\/\"]}]},{\"@type\":\"ImageObject\",\"inLanguage\":\"fr-FR\",\"@id\":\"https:\/\/www.carideal.com\/blog\/2015\/02\/26\/mercedes-g500-4x4%c2%b2-en-folie-lache-en-montagne-video\/#primaryimage\",\"url\":\"https:\/\/www.carideal.com\/blog\/wp-content\/uploads\/2015\/02\/mercedes-benz-g500-4x4\u00b2-e1539052844671.jpg\",\"contentUrl\":\"https:\/\/www.carideal.com\/blog\/wp-content\/uploads\/2015\/02\/mercedes-benz-g500-4x4\u00b2-e1539052844671.jpg\",\"width\":800,\"height\":488,\"caption\":\"Mercedes G500 4x4\u00b2\"},{\"@type\":\"BreadcrumbList\",\"@id\":\"https:\/\/www.carideal.com\/blog\/2015\/02\/26\/mercedes-g500-4x4%c2%b2-en-folie-lache-en-montagne-video\/#breadcrumb\",\"itemListElement\":[{\"@type\":\"ListItem\",\"position\":1,\"name\":\"Blog Carid\u00e9al\",\"item\":\"https:\/\/www.carideal.com\/blog\/\"},{\"@type\":\"ListItem\",\"position\":2,\"name\":\"Actualit\u00e9 constructeur automobile\",\"item\":\"https:\/\/www.carideal.com\/blog\/constructeur\/\"},{\"@type\":\"ListItem\",\"position\":3,\"name\":\"Actualit\u00e9 Mercedes\",\"item\":\"https:\/\/www.carideal.com\/blog\/constructeur\/mercedes\/\"},{\"@type\":\"ListItem\",\"position\":4,\"name\":\"Mercedes G500 4&#215;4\u00b2 lach\u00e9 en Montagne Vid\u00e9o\"}]},{\"@type\":\"WebSite\",\"@id\":\"https:\/\/www.carideal.com\/blog\/#website\",\"url\":\"https:\/\/www.carideal.com\/blog\/\",\"name\":\"Blog auto Carid\u00e9al\",\"description\":\"Actualit\u00e9 auto par des passionn\u00e9s\",\"publisher\":{\"@id\":\"https:\/\/www.carideal.com\/blog\/#organization\"},\"potentialAction\":[{\"@type\":\"SearchAction\",\"target\":{\"@type\":\"EntryPoint\",\"urlTemplate\":\"https:\/\/www.carideal.com\/blog\/?s={search_term_string}\"},\"query-input\":{\"@type\":\"PropertyValueSpecification\",\"valueRequired\":true,\"valueName\":\"search_term_string\"}}],\"inLanguage\":\"fr-FR\"},{\"@type\":\"Organization\",\"@id\":\"https:\/\/www.carideal.com\/blog\/#organization\",\"name\":\"Carideal\",\"url\":\"https:\/\/www.carideal.com\/blog\/\",\"logo\":{\"@type\":\"ImageObject\",\"inLanguage\":\"fr-FR\",\"@id\":\"https:\/\/www.carideal.com\/blog\/#\/schema\/logo\/image\/\",\"url\":\"http:\/\/www.carideal.com\/blog\/wp-content\/uploads\/2016\/03\/logo-carideal-mandataire-automobile.png\",\"contentUrl\":\"http:\/\/www.carideal.com\/blog\/wp-content\/uploads\/2016\/03\/logo-carideal-mandataire-automobile.png\",\"width\":300,\"height\":300,\"caption\":\"Carideal\"},\"image\":{\"@id\":\"https:\/\/www.carideal.com\/blog\/#\/schema\/logo\/image\/\"},\"sameAs\":[\"https:\/\/www.facebook.com\/Carideal.mandataire.automobile\",\"https:\/\/x.com\/caridealauto\",\"https:\/\/www.instagram.com\/carideal1\/\",\"https:\/\/www.linkedin.com\/company\/carideal.com\",\"https:\/\/fr.pinterest.com\/schiavonsas\/\",\"https:\/\/www.youtube.com\/user\/caridealsas\"]},{\"@type\":\"Person\",\"@id\":\"https:\/\/www.carideal.com\/blog\/#\/schema\/person\/cd95dc7919660de90d31b366f85be1ec\",\"name\":\"Nicolas SCHIAVON\",\"image\":{\"@type\":\"ImageObject\",\"inLanguage\":\"fr-FR\",\"@id\":\"https:\/\/www.carideal.com\/blog\/#\/schema\/person\/image\/\",\"url\":\"https:\/\/secure.gravatar.com\/avatar\/c17e55009e671d92cc7f5dc837dc418a?s=96&r=g\",\"contentUrl\":\"https:\/\/secure.gravatar.com\/avatar\/c17e55009e671d92cc7f5dc837dc418a?s=96&r=g\",\"caption\":\"Nicolas SCHIAVON\"},\"description\":\"Nicolas Schiavon est tomb\u00e9 tout petit dans la marmite automobile. Ayant eu un garage de marque automobile, mandataire automobile de la premi\u00e8re heure d\u00e8s 1999. Nicolas a cr\u00e9\u00e9 ces premiers sites de vente de voiture et blog automobile d\u00e8s 1994. Carideal est n\u00e9 le 15 d\u00e9cembre 2000 de la volont\u00e9 de vendre des voitures d'occasions en ligne puis des voitures neuves. Il a pu essayer beaucoup de voitures tr\u00e8s diff\u00e9rentes et ayant eu personnellement quelques belles autos, Subaru Impreza, Mitsubishi Lancer Evo 7, Porsche 911, Ferrari Testarrossa, Audi RS3, RS4 et j'en passe...\",\"sameAs\":[\"http:\/\/www.carideal.com\",\"https:\/\/www.facebook.com\/nicolas.schiavon.39\",\"https:\/\/www.instagram.com\/carideal1\/\",\"https:\/\/www.linkedin.com\/in\/nschiavon\/\",\"https:\/\/x.com\/caridealauto\",\"https:\/\/www.youtube.com\/user\/caridealsas\/\"],\"url\":\"https:\/\/www.carideal.com\/blog\/author\/nschiavon\/\"}]}<\/script>\n<!-- \/ Yoast SEO plugin. -->","yoast_head_json":{"title":"Mercedes G500 4x4\u00b2 lach\u00e9 en Montagne Vid\u00e9o - Blog auto Carid\u00e9al","description":"Mercedes pr\u00e9sente sa nouvelle sow car : le Mercedes G500 4x4\u00b2. Seul un Mercedes classe G pouvait d\u00e9troner un G ! Et pour le coup le constructeur Allemenand a mis un V8 bi-turbo.","robots":{"index":"index","follow":"follow","max-snippet":"max-snippet:-1","max-image-preview":"max-image-preview:large","max-video-preview":"max-video-preview:-1"},"canonical":"https:\/\/www.carideal.com\/blog\/2015\/02\/26\/mercedes-g500-4x4\u00b2-en-folie-lache-en-montagne-video\/","og_locale":"fr_FR","og_type":"article","og_title":"Mercedes G500 4x4\u00b2 lach\u00e9 en Montagne Vid\u00e9o - Blog auto Carid\u00e9al","og_description":"Mercedes pr\u00e9sente sa nouvelle sow car : le Mercedes G500 4x4\u00b2. Seul un Mercedes classe G pouvait d\u00e9troner un G ! Et pour le coup le constructeur Allemenand a mis un V8 bi-turbo.","og_url":"https:\/\/www.carideal.com\/blog\/2015\/02\/26\/mercedes-g500-4x4\u00b2-en-folie-lache-en-montagne-video\/","og_site_name":"Blog auto Carid\u00e9al","article_publisher":"https:\/\/www.facebook.com\/Carideal.mandataire.automobile","article_author":"https:\/\/www.facebook.com\/nicolas.schiavon.39","article_published_time":"2015-02-26T09:03:10+00:00","article_modified_time":"2018-10-09T02:46:50+00:00","og_image":[{"width":800,"height":488,"url":"https:\/\/www.carideal.com\/blog\/wp-content\/uploads\/2015\/02\/mercedes-benz-g500-4x4\u00b2-e1539052844671.jpg","type":"image\/jpeg"}],"author":"Nicolas SCHIAVON","twitter_card":"summary_large_image","twitter_creator":"@caridealauto","twitter_site":"@caridealauto","twitter_misc":{"\u00c9crit par":"Nicolas SCHIAVON","Dur\u00e9e de lecture estim\u00e9e":"2 minutes"},"schema":{"@context":"https:\/\/schema.org","@graph":[{"@type":"Article","@id":"https:\/\/www.carideal.com\/blog\/2015\/02\/26\/mercedes-g500-4x4%c2%b2-en-folie-lache-en-montagne-video\/#article","isPartOf":{"@id":"https:\/\/www.carideal.com\/blog\/2015\/02\/26\/mercedes-g500-4x4%c2%b2-en-folie-lache-en-montagne-video\/"},"author":{"name":"Nicolas SCHIAVON","@id":"https:\/\/www.carideal.com\/blog\/#\/schema\/person\/cd95dc7919660de90d31b366f85be1ec"},"headline":"Mercedes G500 4&#215;4\u00b2 lach\u00e9 en Montagne Vid\u00e9o","datePublished":"2015-02-26T09:03:10+00:00","dateModified":"2018-10-09T02:46:50+00:00","mainEntityOfPage":{"@id":"https:\/\/www.carideal.com\/blog\/2015\/02\/26\/mercedes-g500-4x4%c2%b2-en-folie-lache-en-montagne-video\/"},"wordCount":325,"commentCount":0,"publisher":{"@id":"https:\/\/www.carideal.com\/blog\/#organization"},"image":{"@id":"https:\/\/www.carideal.com\/blog\/2015\/02\/26\/mercedes-g500-4x4%c2%b2-en-folie-lache-en-montagne-video\/#primaryimage"},"thumbnailUrl":"https:\/\/www.carideal.com\/blog\/wp-content\/uploads\/2015\/02\/mercedes-benz-g500-4x4\u00b2-e1539052844671.jpg","keywords":["4 roues motrices","Moteur V8"],"articleSection":["4X4 Actualit\u00e9","Actualit\u00e9 Mercedes","Divers","Fun"],"inLanguage":"fr-FR","potentialAction":[{"@type":"CommentAction","name":"Comment","target":["https:\/\/www.carideal.com\/blog\/2015\/02\/26\/mercedes-g500-4x4%c2%b2-en-folie-lache-en-montagne-video\/#respond"]}]},{"@type":"WebPage","@id":"https:\/\/www.carideal.com\/blog\/2015\/02\/26\/mercedes-g500-4x4%c2%b2-en-folie-lache-en-montagne-video\/","url":"https:\/\/www.carideal.com\/blog\/2015\/02\/26\/mercedes-g500-4x4%c2%b2-en-folie-lache-en-montagne-video\/","name":"Mercedes G500 4x4\u00b2 lach\u00e9 en Montagne Vid\u00e9o - Blog auto Carid\u00e9al","isPartOf":{"@id":"https:\/\/www.carideal.com\/blog\/#website"},"primaryImageOfPage":{"@id":"https:\/\/www.carideal.com\/blog\/2015\/02\/26\/mercedes-g500-4x4%c2%b2-en-folie-lache-en-montagne-video\/#primaryimage"},"image":{"@id":"https:\/\/www.carideal.com\/blog\/2015\/02\/26\/mercedes-g500-4x4%c2%b2-en-folie-lache-en-montagne-video\/#primaryimage"},"thumbnailUrl":"https:\/\/www.carideal.com\/blog\/wp-content\/uploads\/2015\/02\/mercedes-benz-g500-4x4\u00b2-e1539052844671.jpg","datePublished":"2015-02-26T09:03:10+00:00","dateModified":"2018-10-09T02:46:50+00:00","description":"Mercedes pr\u00e9sente sa nouvelle sow car : le Mercedes G500 4x4\u00b2. Seul un Mercedes classe G pouvait d\u00e9troner un G ! Et pour le coup le constructeur Allemenand a mis un V8 bi-turbo.","breadcrumb":{"@id":"https:\/\/www.carideal.com\/blog\/2015\/02\/26\/mercedes-g500-4x4%c2%b2-en-folie-lache-en-montagne-video\/#breadcrumb"},"inLanguage":"fr-FR","potentialAction":[{"@type":"ReadAction","target":["https:\/\/www.carideal.com\/blog\/2015\/02\/26\/mercedes-g500-4x4%c2%b2-en-folie-lache-en-montagne-video\/"]}]},{"@type":"ImageObject","inLanguage":"fr-FR","@id":"https:\/\/www.carideal.com\/blog\/2015\/02\/26\/mercedes-g500-4x4%c2%b2-en-folie-lache-en-montagne-video\/#primaryimage","url":"https:\/\/www.carideal.com\/blog\/wp-content\/uploads\/2015\/02\/mercedes-benz-g500-4x4\u00b2-e1539052844671.jpg","contentUrl":"https:\/\/www.carideal.com\/blog\/wp-content\/uploads\/2015\/02\/mercedes-benz-g500-4x4\u00b2-e1539052844671.jpg","width":800,"height":488,"caption":"Mercedes G500 4x4\u00b2"},{"@type":"BreadcrumbList","@id":"https:\/\/www.carideal.com\/blog\/2015\/02\/26\/mercedes-g500-4x4%c2%b2-en-folie-lache-en-montagne-video\/#breadcrumb","itemListElement":[{"@type":"ListItem","position":1,"name":"Blog Carid\u00e9al","item":"https:\/\/www.carideal.com\/blog\/"},{"@type":"ListItem","position":2,"name":"Actualit\u00e9 constructeur automobile","item":"https:\/\/www.carideal.com\/blog\/constructeur\/"},{"@type":"ListItem","position":3,"name":"Actualit\u00e9 Mercedes","item":"https:\/\/www.carideal.com\/blog\/constructeur\/mercedes\/"},{"@type":"ListItem","position":4,"name":"Mercedes G500 4&#215;4\u00b2 lach\u00e9 en Montagne Vid\u00e9o"}]},{"@type":"WebSite","@id":"https:\/\/www.carideal.com\/blog\/#website","url":"https:\/\/www.carideal.com\/blog\/","name":"Blog auto Carid\u00e9al","description":"Actualit\u00e9 auto par des passionn\u00e9s","publisher":{"@id":"https:\/\/www.carideal.com\/blog\/#organization"},"potentialAction":[{"@type":"SearchAction","target":{"@type":"EntryPoint","urlTemplate":"https:\/\/www.carideal.com\/blog\/?s={search_term_string}"},"query-input":{"@type":"PropertyValueSpecification","valueRequired":true,"valueName":"search_term_string"}}],"inLanguage":"fr-FR"},{"@type":"Organization","@id":"https:\/\/www.carideal.com\/blog\/#organization","name":"Carideal","url":"https:\/\/www.carideal.com\/blog\/","logo":{"@type":"ImageObject","inLanguage":"fr-FR","@id":"https:\/\/www.carideal.com\/blog\/#\/schema\/logo\/image\/","url":"http:\/\/www.carideal.com\/blog\/wp-content\/uploads\/2016\/03\/logo-carideal-mandataire-automobile.png","contentUrl":"http:\/\/www.carideal.com\/blog\/wp-content\/uploads\/2016\/03\/logo-carideal-mandataire-automobile.png","width":300,"height":300,"caption":"Carideal"},"image":{"@id":"https:\/\/www.carideal.com\/blog\/#\/schema\/logo\/image\/"},"sameAs":["https:\/\/www.facebook.com\/Carideal.mandataire.automobile","https:\/\/x.com\/caridealauto","https:\/\/www.instagram.com\/carideal1\/","https:\/\/www.linkedin.com\/company\/carideal.com","https:\/\/fr.pinterest.com\/schiavonsas\/","https:\/\/www.youtube.com\/user\/caridealsas"]},{"@type":"Person","@id":"https:\/\/www.carideal.com\/blog\/#\/schema\/person\/cd95dc7919660de90d31b366f85be1ec","name":"Nicolas SCHIAVON","image":{"@type":"ImageObject","inLanguage":"fr-FR","@id":"https:\/\/www.carideal.com\/blog\/#\/schema\/person\/image\/","url":"https:\/\/secure.gravatar.com\/avatar\/c17e55009e671d92cc7f5dc837dc418a?s=96&r=g","contentUrl":"https:\/\/secure.gravatar.com\/avatar\/c17e55009e671d92cc7f5dc837dc418a?s=96&r=g","caption":"Nicolas SCHIAVON"},"description":"Nicolas Schiavon est tomb\u00e9 tout petit dans la marmite automobile. Ayant eu un garage de marque automobile, mandataire automobile de la premi\u00e8re heure d\u00e8s 1999. Nicolas a cr\u00e9\u00e9 ces premiers sites de vente de voiture et blog automobile d\u00e8s 1994. Carideal est n\u00e9 le 15 d\u00e9cembre 2000 de la volont\u00e9 de vendre des voitures d'occasions en ligne puis des voitures neuves. Il a pu essayer beaucoup de voitures tr\u00e8s diff\u00e9rentes et ayant eu personnellement quelques belles autos, Subaru Impreza, Mitsubishi Lancer Evo 7, Porsche 911, Ferrari Testarrossa, Audi RS3, RS4 et j'en passe...","sameAs":["http:\/\/www.carideal.com","https:\/\/www.facebook.com\/nicolas.schiavon.39","https:\/\/www.instagram.com\/carideal1\/","https:\/\/www.linkedin.com\/in\/nschiavon\/","https:\/\/x.com\/caridealauto","https:\/\/www.youtube.com\/user\/caridealsas\/"],"url":"https:\/\/www.carideal.com\/blog\/author\/nschiavon\/"}]}},"uagb_featured_image_src":{"full":["https:\/\/www.carideal.com\/blog\/wp-content\/uploads\/2015\/02\/mercedes-benz-g500-4x4\u00b2-e1539052844671.jpg",800,488,false],"thumbnail":["https:\/\/www.carideal.com\/blog\/wp-content\/uploads\/2015\/02\/mercedes-benz-g500-4x4\u00b2-150x150.jpg",150,150,true],"medium":["https:\/\/www.carideal.com\/blog\/wp-content\/uploads\/2015\/02\/mercedes-benz-g500-4x4\u00b2-300x183.jpg",300,183,true],"medium_large":["https:\/\/www.carideal.com\/blog\/wp-content\/uploads\/2015\/02\/mercedes-benz-g500-4x4\u00b2-768x468.jpg",768,468,true],"large":["https:\/\/www.carideal.com\/blog\/wp-content\/uploads\/2015\/02\/mercedes-benz-g500-4x4\u00b2-e1539052844671.jpg",800,488,false],"1536x1536":["https:\/\/www.carideal.com\/blog\/wp-content\/uploads\/2015\/02\/mercedes-benz-g500-4x4\u00b2-e1539052844671.jpg",800,488,false],"2048x2048":["https:\/\/www.carideal.com\/blog\/wp-content\/uploads\/2015\/02\/mercedes-benz-g500-4x4\u00b2-e1539052844671.jpg",800,488,false],"wppr-widget":["https:\/\/www.carideal.com\/blog\/wp-content\/uploads\/2015\/02\/mercedes-benz-g500-4x4\u00b2-50x31.jpg",50,31,true]},"uagb_author_info":{"display_name":"Nicolas SCHIAVON","author_link":"https:\/\/www.carideal.com\/blog\/author\/nschiavon\/"},"uagb_comment_info":0,"uagb_excerpt":"Mercedes G500 4x4\u00b2 en folie lach\u00e9 en Montagne Vid\u00e9o Mercedes adore l'anachronisme de sa \"grange roulante\" qu'est la Classe G, et le constructeur aime vraiment produire et vendre, les versions compl\u00e8tement dingues de sa vigoureuse b\u00eate (on comprend l'image avec le f\u00e9lin du d\u00e9but de la vid\u00e9o). Mercedes G500 4x4\u00b2 : Consid\u00e9rons le G63 AMG.\u2026","_links":{"self":[{"href":"https:\/\/www.carideal.com\/blog\/wp-json\/wp\/v2\/posts\/4416"}],"collection":[{"href":"https:\/\/www.carideal.com\/blog\/wp-json\/wp\/v2\/posts"}],"about":[{"href":"https:\/\/www.carideal.com\/blog\/wp-json\/wp\/v2\/types\/post"}],"author":[{"embeddable":true,"href":"https:\/\/www.carideal.com\/blog\/wp-json\/wp\/v2\/users\/3"}],"replies":[{"embeddable":true,"href":"https:\/\/www.carideal.com\/blog\/wp-json\/wp\/v2\/comments?post=4416"}],"version-history":[{"count":0,"href":"https:\/\/www.carideal.com\/blog\/wp-json\/wp\/v2\/posts\/4416\/revisions"}],"wp:featuredmedia":[{"embeddable":true,"href":"https:\/\/www.carideal.com\/blog\/wp-json\/wp\/v2\/media\/17651"}],"wp:attachment":[{"href":"https:\/\/www.carideal.com\/blog\/wp-json\/wp\/v2\/media?parent=4416"}],"wp:term":[{"taxonomy":"category","embeddable":true,"href":"https:\/\/www.carideal.com\/blog\/wp-json\/wp\/v2\/categories?post=4416"},{"taxonomy":"post_tag","embeddable":true,"href":"https:\/\/www.carideal.com\/blog\/wp-json\/wp\/v2\/tags?post=4416"}],"curies":[{"name":"wp","href":"https:\/\/api.w.org\/{rel}","templated":true}]}}