{"id":4386,"date":"2015-02-24T08:50:14","date_gmt":"2015-02-24T07:50:14","guid":{"rendered":"http:\/\/www.carideal.com\/blog\/?p=4386"},"modified":"2016-11-11T22:40:28","modified_gmt":"2016-11-11T21:40:28","slug":"confirmation-dun-nouveau-suv-pour-ds","status":"publish","type":"post","link":"https:\/\/www.carideal.com\/blog\/2015\/02\/24\/confirmation-dun-nouveau-suv-pour-ds\/","title":{"rendered":"Un nouveau SUV DS d\u00e8s 2018"},"content":{"rendered":"<h1><strong>Confirmation d'un nouveau SUV DS en 2018<\/strong><\/h1>\n<figure id=\"attachment_4387\" aria-describedby=\"caption-attachment-4387\" style=\"width: 290px\" class=\"wp-caption alignleft\"><a href=\"http:\/\/www.carideal.com\/blog\/wp-content\/uploads\/2015\/02\/suv-ds3-carideal-actualit\u00e9s-blog.jpg\"><img loading=\"lazy\" decoding=\"async\" class=\"wp-image-4387 size-medium\" title=\"L'usine de Poissy va produire un nouveau suv Ds\" src=\"http:\/\/www.carideal.com\/blog\/wp-content\/uploads\/2015\/02\/suv-ds3-carideal-actualit\u00e9s-blog-300x200.jpg\" alt=\"L'usine de Poissy va produire un nouveau suv Ds\" width=\"300\" height=\"200\" \/><\/a><figcaption id=\"caption-attachment-4387\" class=\"wp-caption-text\">L'usine de Poissy va produire un nouveau suv Ds<\/figcaption><\/figure>\n<p><strong>Nouveau SUV DS<\/strong> : PSA Peugeot Citro\u00ebn a confirm\u00e9 lundi 23 f\u00e9vrier un investissement de 150 millions d'euros et l'attribution d'un nouveau v\u00e9hicule compact premium pour l'usine de Poissy, mais on ne sait pas encore son nom. Reuters en avait d\u00e9j\u00e0 parl\u00e9 en d\u00e9cembre.<br \/>\nCe nouveau v\u00e9hicule premium compact \u00ab doit plus particuli\u00e8rement contribuer au d\u00e9veloppement de la marque DS \u00bb, dont il compl\u00e9tera l'offre sur ce segment aux c\u00f4t\u00e9s de <a href=\"http:\/\/www.carideal.com\/blog\/2016\/02\/12\/ds3-crossback\/\">DS3<\/a>, a communiqu\u00e9 PSA.<\/p>\n<p>Ce sera une Citadine haut de gamme qui devrait \u00eatre un SUV afin de concurrencer les <a href=\"http:\/\/www.carideal.com\/blog\/2016\/02\/14\/le-peugeot-2008-2-arrive-en-juin-2016\/\">2008 de Peugeot<\/a> ou le <a href=\"http:\/\/www.carideal.com\/blog\/2013\/10\/31\/renault-captur-le-succes\/\">Captur de Renault<\/a>. Elle sera bas\u00e9e sur une nouvelle plate-forme dont l'usine de Poissy sera le site lanceur. Cela repr\u00e9sente un investissement de plus 150 millions d'euros.<br \/>\nPSA veut moderniser son usine de Poissy afin d'en faire un site pour la production des <a href=\"http:\/\/www.carideal.com\/blog\/2014\/08\/26\/cette-annee-il-ny-a-pas-que-les-supercars-qui-attirent-du-monde\/\">citadines haut de gamme<\/a>.<\/p>\n<p>PSA veut sur la p\u00e9riode 2014-2016 le lancement d'au moins un mod\u00e8le dans chacune des usines du groupe en France.<\/p>\n<p>Rien n\u2019arr\u00e8te la marche en avant de la nouvelle <a href=\"http:\/\/www.carideal.com\/blog\/2014\/11\/17\/comment-ds-veut-devenir-une-marque\/\">marque DS<\/a> de PSA. Le march\u00e9 des SUV s\u2019envole et DS veut sa place. Pour cela il faut cibler et DS vise la concurrence de la <a href=\"http:\/\/www.carideal.com\/blog\/2012\/10\/12\/la-mini-countryman-sera-fabriquee-aux-pays-bas\/\">Mini Countryman<\/a>. DS avait d\u00e9j\u00e0 parl\u00e9 de ce projet il y quelques mois sous l\u2019appellation <a href=\"http:\/\/www.carideal.com\/blog\/2013\/10\/26\/ds-x-un-suv-de-luxe-pour-la-chine\/\"><strong>DSX<\/strong><\/a>.<\/p>\n<figure id=\"attachment_13374\" aria-describedby=\"caption-attachment-13374\" style=\"width: 590px\" class=\"wp-caption aligncenter\"><a href=\"http:\/\/www.carideal.com\/blog\/wp-content\/uploads\/2015\/02\/ds-3-suv-carideal.jpg\"><img loading=\"lazy\" decoding=\"async\" class=\"wp-image-13374 size-full\" title=\"Nouveau suv Ds\" src=\"http:\/\/www.carideal.com\/blog\/wp-content\/uploads\/2015\/02\/ds-3-suv-carideal.jpg\" alt=\"Nouveau suv Ds\" width=\"600\" height=\"426\" srcset=\"https:\/\/www.carideal.com\/blog\/wp-content\/uploads\/2015\/02\/ds-3-suv-carideal.jpg 600w, https:\/\/www.carideal.com\/blog\/wp-content\/uploads\/2015\/02\/ds-3-suv-carideal-300x213.jpg 300w, https:\/\/www.carideal.com\/blog\/wp-content\/uploads\/2015\/02\/ds-3-suv-carideal-110x78.jpg 110w, https:\/\/www.carideal.com\/blog\/wp-content\/uploads\/2015\/02\/ds-3-suv-carideal-420x298.jpg 420w, https:\/\/www.carideal.com\/blog\/wp-content\/uploads\/2015\/02\/ds-3-suv-carideal-50x36.jpg 50w\" sizes=\"(max-width: 600px) 100vw, 600px\" \/><\/a><figcaption id=\"caption-attachment-13374\" class=\"wp-caption-text\">Nouveau suv Ds (c) Auto Express<\/figcaption><\/figure>\n<p>Depuis quelques mois la marque DS a apport\u00e9 quelques coups de jeune (l\u00e9gers) \u00e0 ses produits, nouveaux phares sur la DS3, idem pour la <a href=\"http:\/\/www.carideal.com\/blog\/2015\/09\/04\/nouvelle-ds-4-berline-et-ds-4-crossback\/\">DS<\/a>4, une nouvelle version d\u00e9riv\u00e9e <a href=\"http:\/\/www.carideal.com\/blog\/2015\/09\/18\/ds-4-crossback-le-suv\/\">SUV pour la DS4 Crossback<\/a>, et <a href=\"http:\/\/www.carideal.com\/blog\/2015\/03\/05\/ds5-restylee\/\">nouvelle d\u00e9finition pour la DS5<\/a>, mais rien de nouveau \u00e0 proprement parler.<\/p>\n<h2>Le nouveau SUV DS3 sera-t-il le DS3 X ?<\/h2>\n<p><strong>Nouvelle DS 3<\/strong> : Le Groupe PSA pr\u00e9pare une nouvelle plateforme qui servira pour sa prochaine DS 3 et d\u2019autres mod\u00e8les du Groupe, et ainsi au futur <strong>nouveau\u00a0SUV DS d\u00e9riv\u00e9e de la DS 3<\/strong>.<\/p>\n<p>On remarque sur cette \u00e9bauche de style, que DS penserait \u00e0 garder \u00ab\u00a0l\u2019aileron de requin qui fait son look\u00a0\u00bb pour son nouveau SUV DS. De plus la DS3 qui a fait le succ\u00e8s dela marque DS, resterait en version 3 portes.<\/p>\n<p>Un SUV DS urbain mais pas de 4\u00d74 : Un crossover ou un SUV, c\u2019est sur\u00e9lev\u00e9, certes, mais pour des questions de co\u00fbt de d\u00e9veloppement PSA n\u2019envisage pas d\u2019y installer une transmission \u00e0 quatre roues motrices, 4\u00d74, car les ventes de ce type de v\u00e9hicules sur ce segment sont trop faibles.<\/p>\n","protected":false},"excerpt":{"rendered":"<p>Confirmation d&rsquo;un nouveau SUV DS en 2018 Nouveau SUV DS : PSA Peugeot Citro\u00ebn a confirm\u00e9 lundi 23 f\u00e9vrier un investissement de 150 millions d&rsquo;euros et l&rsquo;attribution d&rsquo;un nouveau v\u00e9hicule compact premium pour l&rsquo;usine de Poissy, mais on ne sait pas encore son nom. Reuters en avait d\u00e9j\u00e0 parl\u00e9 en d\u00e9cembre. Ce nouveau v\u00e9hicule premium &#8230; <a title=\"Un nouveau SUV DS d\u00e8s 2018\" class=\"read-more\" href=\"https:\/\/www.carideal.com\/blog\/2015\/02\/24\/confirmation-dun-nouveau-suv-pour-ds\/\" aria-label=\"En savoir plus sur Un nouveau SUV DS d\u00e8s 2018\">Lire plus<\/a><\/p>\n","protected":false},"author":3,"featured_media":13375,"comment_status":"open","ping_status":"open","sticky":false,"template":"","format":"standard","meta":{"_uag_custom_page_level_css":"","_themeisle_gutenberg_block_has_review":false,"footnotes":""},"categories":[21,5944,6001,6010,5974],"tags":[1359,1360],"class_list":["post-4386","post","type-post","status-publish","format-standard","has-post-thumbnail","hentry","category-actualites-auto","category-constructeur","category-ds","category-suv","category-type-de-vehicule","tag-haut-de-gamme","tag-premium"],"wppr_data":{"cwp_meta_box_check":"No"},"yoast_head":"<!-- This site is optimized with the Yoast SEO plugin v24.8.1 - https:\/\/yoast.com\/wordpress\/plugins\/seo\/ -->\n<title>Un nouveau SUV DS d\u00e8s 2018 - Blog auto Carid\u00e9al<\/title>\n<meta name=\"description\" content=\"PSA a confirm\u00e9 un investissement de 150 millions d&#039;euros et l&#039;attribution d&#039;un nouveau v\u00e9hicule compact premium pour l&#039;usine de Poissy, le nouveau SUV DS ?\" \/>\n<meta name=\"robots\" content=\"index, follow, max-snippet:-1, max-image-preview:large, max-video-preview:-1\" \/>\n<link rel=\"canonical\" href=\"https:\/\/www.carideal.com\/blog\/2015\/02\/24\/confirmation-dun-nouveau-suv-pour-ds\/\" \/>\n<meta property=\"og:locale\" content=\"fr_FR\" \/>\n<meta property=\"og:type\" content=\"article\" \/>\n<meta property=\"og:title\" content=\"Un nouveau SUV DS d\u00e8s 2018 - Blog auto Carid\u00e9al\" \/>\n<meta property=\"og:description\" content=\"PSA a confirm\u00e9 un investissement de 150 millions d&#039;euros et l&#039;attribution d&#039;un nouveau v\u00e9hicule compact premium pour l&#039;usine de Poissy, le nouveau SUV DS ?\" \/>\n<meta property=\"og:url\" content=\"https:\/\/www.carideal.com\/blog\/2015\/02\/24\/confirmation-dun-nouveau-suv-pour-ds\/\" \/>\n<meta property=\"og:site_name\" content=\"Blog auto Carid\u00e9al\" \/>\n<meta property=\"article:publisher\" content=\"https:\/\/www.facebook.com\/Carideal.mandataire.automobile\" \/>\n<meta property=\"article:author\" content=\"https:\/\/www.facebook.com\/nicolas.schiavon.39\" \/>\n<meta property=\"article:published_time\" content=\"2015-02-24T07:50:14+00:00\" \/>\n<meta property=\"article:modified_time\" content=\"2016-11-11T21:40:28+00:00\" \/>\n<meta property=\"og:image\" content=\"https:\/\/www.carideal.com\/blog\/wp-content\/uploads\/2015\/02\/nouceau-citroen-ds-wild-rubis.jpg\" \/>\n\t<meta property=\"og:image:width\" content=\"800\" \/>\n\t<meta property=\"og:image:height\" content=\"491\" \/>\n\t<meta property=\"og:image:type\" content=\"image\/jpeg\" \/>\n<meta name=\"author\" content=\"Nicolas SCHIAVON\" \/>\n<meta name=\"twitter:card\" content=\"summary_large_image\" \/>\n<meta name=\"twitter:creator\" content=\"@caridealauto\" \/>\n<meta name=\"twitter:site\" content=\"@caridealauto\" \/>\n<meta name=\"twitter:label1\" content=\"\u00c9crit par\" \/>\n\t<meta name=\"twitter:data1\" content=\"Nicolas SCHIAVON\" \/>\n\t<meta name=\"twitter:label2\" content=\"Dur\u00e9e de lecture estim\u00e9e\" \/>\n\t<meta name=\"twitter:data2\" content=\"2 minutes\" \/>\n<script type=\"application\/ld+json\" class=\"yoast-schema-graph\">{\"@context\":\"https:\/\/schema.org\",\"@graph\":[{\"@type\":\"Article\",\"@id\":\"https:\/\/www.carideal.com\/blog\/2015\/02\/24\/confirmation-dun-nouveau-suv-pour-ds\/#article\",\"isPartOf\":{\"@id\":\"https:\/\/www.carideal.com\/blog\/2015\/02\/24\/confirmation-dun-nouveau-suv-pour-ds\/\"},\"author\":{\"name\":\"Nicolas SCHIAVON\",\"@id\":\"https:\/\/www.carideal.com\/blog\/#\/schema\/person\/cd95dc7919660de90d31b366f85be1ec\"},\"headline\":\"Un nouveau SUV DS d\u00e8s 2018\",\"datePublished\":\"2015-02-24T07:50:14+00:00\",\"dateModified\":\"2016-11-11T21:40:28+00:00\",\"mainEntityOfPage\":{\"@id\":\"https:\/\/www.carideal.com\/blog\/2015\/02\/24\/confirmation-dun-nouveau-suv-pour-ds\/\"},\"wordCount\":456,\"commentCount\":0,\"publisher\":{\"@id\":\"https:\/\/www.carideal.com\/blog\/#organization\"},\"image\":{\"@id\":\"https:\/\/www.carideal.com\/blog\/2015\/02\/24\/confirmation-dun-nouveau-suv-pour-ds\/#primaryimage\"},\"thumbnailUrl\":\"https:\/\/www.carideal.com\/blog\/wp-content\/uploads\/2015\/02\/nouceau-citroen-ds-wild-rubis.jpg\",\"keywords\":[\"haut de gamme\",\"Voiture Premium\"],\"articleSection\":[\"Actualit\u00e9 automobile\",\"Actualit\u00e9 Constructeur automobile\",\"Actualit\u00e9 DS\",\"SUV\",\"Type de v\u00e9hicule\"],\"inLanguage\":\"fr-FR\",\"potentialAction\":[{\"@type\":\"CommentAction\",\"name\":\"Comment\",\"target\":[\"https:\/\/www.carideal.com\/blog\/2015\/02\/24\/confirmation-dun-nouveau-suv-pour-ds\/#respond\"]}]},{\"@type\":\"WebPage\",\"@id\":\"https:\/\/www.carideal.com\/blog\/2015\/02\/24\/confirmation-dun-nouveau-suv-pour-ds\/\",\"url\":\"https:\/\/www.carideal.com\/blog\/2015\/02\/24\/confirmation-dun-nouveau-suv-pour-ds\/\",\"name\":\"Un nouveau SUV DS d\u00e8s 2018 - Blog auto Carid\u00e9al\",\"isPartOf\":{\"@id\":\"https:\/\/www.carideal.com\/blog\/#website\"},\"primaryImageOfPage\":{\"@id\":\"https:\/\/www.carideal.com\/blog\/2015\/02\/24\/confirmation-dun-nouveau-suv-pour-ds\/#primaryimage\"},\"image\":{\"@id\":\"https:\/\/www.carideal.com\/blog\/2015\/02\/24\/confirmation-dun-nouveau-suv-pour-ds\/#primaryimage\"},\"thumbnailUrl\":\"https:\/\/www.carideal.com\/blog\/wp-content\/uploads\/2015\/02\/nouceau-citroen-ds-wild-rubis.jpg\",\"datePublished\":\"2015-02-24T07:50:14+00:00\",\"dateModified\":\"2016-11-11T21:40:28+00:00\",\"description\":\"PSA a confirm\u00e9 un investissement de 150 millions d'euros et l'attribution d'un nouveau v\u00e9hicule compact premium pour l'usine de Poissy, le nouveau SUV DS ?\",\"breadcrumb\":{\"@id\":\"https:\/\/www.carideal.com\/blog\/2015\/02\/24\/confirmation-dun-nouveau-suv-pour-ds\/#breadcrumb\"},\"inLanguage\":\"fr-FR\",\"potentialAction\":[{\"@type\":\"ReadAction\",\"target\":[\"https:\/\/www.carideal.com\/blog\/2015\/02\/24\/confirmation-dun-nouveau-suv-pour-ds\/\"]}]},{\"@type\":\"ImageObject\",\"inLanguage\":\"fr-FR\",\"@id\":\"https:\/\/www.carideal.com\/blog\/2015\/02\/24\/confirmation-dun-nouveau-suv-pour-ds\/#primaryimage\",\"url\":\"https:\/\/www.carideal.com\/blog\/wp-content\/uploads\/2015\/02\/nouceau-citroen-ds-wild-rubis.jpg\",\"contentUrl\":\"https:\/\/www.carideal.com\/blog\/wp-content\/uploads\/2015\/02\/nouceau-citroen-ds-wild-rubis.jpg\",\"width\":800,\"height\":491,\"caption\":\"Nouveau Citroen DS SUV Wild Rubis\"},{\"@type\":\"BreadcrumbList\",\"@id\":\"https:\/\/www.carideal.com\/blog\/2015\/02\/24\/confirmation-dun-nouveau-suv-pour-ds\/#breadcrumb\",\"itemListElement\":[{\"@type\":\"ListItem\",\"position\":1,\"name\":\"Blog Carid\u00e9al\",\"item\":\"https:\/\/www.carideal.com\/blog\/\"},{\"@type\":\"ListItem\",\"position\":2,\"name\":\"Actualit\u00e9 automobile\",\"item\":\"https:\/\/www.carideal.com\/blog\/actualites-auto\/\"},{\"@type\":\"ListItem\",\"position\":3,\"name\":\"Un nouveau SUV DS d\u00e8s 2018\"}]},{\"@type\":\"WebSite\",\"@id\":\"https:\/\/www.carideal.com\/blog\/#website\",\"url\":\"https:\/\/www.carideal.com\/blog\/\",\"name\":\"Blog auto Carid\u00e9al\",\"description\":\"Actualit\u00e9 auto par des passionn\u00e9s\",\"publisher\":{\"@id\":\"https:\/\/www.carideal.com\/blog\/#organization\"},\"potentialAction\":[{\"@type\":\"SearchAction\",\"target\":{\"@type\":\"EntryPoint\",\"urlTemplate\":\"https:\/\/www.carideal.com\/blog\/?s={search_term_string}\"},\"query-input\":{\"@type\":\"PropertyValueSpecification\",\"valueRequired\":true,\"valueName\":\"search_term_string\"}}],\"inLanguage\":\"fr-FR\"},{\"@type\":\"Organization\",\"@id\":\"https:\/\/www.carideal.com\/blog\/#organization\",\"name\":\"Carideal\",\"url\":\"https:\/\/www.carideal.com\/blog\/\",\"logo\":{\"@type\":\"ImageObject\",\"inLanguage\":\"fr-FR\",\"@id\":\"https:\/\/www.carideal.com\/blog\/#\/schema\/logo\/image\/\",\"url\":\"http:\/\/www.carideal.com\/blog\/wp-content\/uploads\/2016\/03\/logo-carideal-mandataire-automobile.png\",\"contentUrl\":\"http:\/\/www.carideal.com\/blog\/wp-content\/uploads\/2016\/03\/logo-carideal-mandataire-automobile.png\",\"width\":300,\"height\":300,\"caption\":\"Carideal\"},\"image\":{\"@id\":\"https:\/\/www.carideal.com\/blog\/#\/schema\/logo\/image\/\"},\"sameAs\":[\"https:\/\/www.facebook.com\/Carideal.mandataire.automobile\",\"https:\/\/x.com\/caridealauto\",\"https:\/\/www.instagram.com\/carideal1\/\",\"https:\/\/www.linkedin.com\/company\/carideal.com\",\"https:\/\/fr.pinterest.com\/schiavonsas\/\",\"https:\/\/www.youtube.com\/user\/caridealsas\"]},{\"@type\":\"Person\",\"@id\":\"https:\/\/www.carideal.com\/blog\/#\/schema\/person\/cd95dc7919660de90d31b366f85be1ec\",\"name\":\"Nicolas SCHIAVON\",\"image\":{\"@type\":\"ImageObject\",\"inLanguage\":\"fr-FR\",\"@id\":\"https:\/\/www.carideal.com\/blog\/#\/schema\/person\/image\/\",\"url\":\"https:\/\/secure.gravatar.com\/avatar\/c17e55009e671d92cc7f5dc837dc418a?s=96&r=g\",\"contentUrl\":\"https:\/\/secure.gravatar.com\/avatar\/c17e55009e671d92cc7f5dc837dc418a?s=96&r=g\",\"caption\":\"Nicolas SCHIAVON\"},\"description\":\"Nicolas Schiavon est tomb\u00e9 tout petit dans la marmite automobile. Ayant eu un garage de marque automobile, mandataire automobile de la premi\u00e8re heure d\u00e8s 1999. Nicolas a cr\u00e9\u00e9 ces premiers sites de vente de voiture et blog automobile d\u00e8s 1994. Carideal est n\u00e9 le 15 d\u00e9cembre 2000 de la volont\u00e9 de vendre des voitures d'occasions en ligne puis des voitures neuves. Il a pu essayer beaucoup de voitures tr\u00e8s diff\u00e9rentes et ayant eu personnellement quelques belles autos, Subaru Impreza, Mitsubishi Lancer Evo 7, Porsche 911, Ferrari Testarrossa, Audi RS3, RS4 et j'en passe...\",\"sameAs\":[\"http:\/\/www.carideal.com\",\"https:\/\/www.facebook.com\/nicolas.schiavon.39\",\"https:\/\/www.instagram.com\/carideal1\/\",\"https:\/\/www.linkedin.com\/in\/nschiavon\/\",\"https:\/\/x.com\/caridealauto\",\"https:\/\/www.youtube.com\/user\/caridealsas\/\"],\"url\":\"https:\/\/www.carideal.com\/blog\/author\/nschiavon\/\"}]}<\/script>\n<!-- \/ Yoast SEO plugin. -->","yoast_head_json":{"title":"Un nouveau SUV DS d\u00e8s 2018 - Blog auto Carid\u00e9al","description":"PSA a confirm\u00e9 un investissement de 150 millions d'euros et l'attribution d'un nouveau v\u00e9hicule compact premium pour l'usine de Poissy, le nouveau SUV DS ?","robots":{"index":"index","follow":"follow","max-snippet":"max-snippet:-1","max-image-preview":"max-image-preview:large","max-video-preview":"max-video-preview:-1"},"canonical":"https:\/\/www.carideal.com\/blog\/2015\/02\/24\/confirmation-dun-nouveau-suv-pour-ds\/","og_locale":"fr_FR","og_type":"article","og_title":"Un nouveau SUV DS d\u00e8s 2018 - Blog auto Carid\u00e9al","og_description":"PSA a confirm\u00e9 un investissement de 150 millions d'euros et l'attribution d'un nouveau v\u00e9hicule compact premium pour l'usine de Poissy, le nouveau SUV DS ?","og_url":"https:\/\/www.carideal.com\/blog\/2015\/02\/24\/confirmation-dun-nouveau-suv-pour-ds\/","og_site_name":"Blog auto Carid\u00e9al","article_publisher":"https:\/\/www.facebook.com\/Carideal.mandataire.automobile","article_author":"https:\/\/www.facebook.com\/nicolas.schiavon.39","article_published_time":"2015-02-24T07:50:14+00:00","article_modified_time":"2016-11-11T21:40:28+00:00","og_image":[{"width":800,"height":491,"url":"https:\/\/www.carideal.com\/blog\/wp-content\/uploads\/2015\/02\/nouceau-citroen-ds-wild-rubis.jpg","type":"image\/jpeg"}],"author":"Nicolas SCHIAVON","twitter_card":"summary_large_image","twitter_creator":"@caridealauto","twitter_site":"@caridealauto","twitter_misc":{"\u00c9crit par":"Nicolas SCHIAVON","Dur\u00e9e de lecture estim\u00e9e":"2 minutes"},"schema":{"@context":"https:\/\/schema.org","@graph":[{"@type":"Article","@id":"https:\/\/www.carideal.com\/blog\/2015\/02\/24\/confirmation-dun-nouveau-suv-pour-ds\/#article","isPartOf":{"@id":"https:\/\/www.carideal.com\/blog\/2015\/02\/24\/confirmation-dun-nouveau-suv-pour-ds\/"},"author":{"name":"Nicolas SCHIAVON","@id":"https:\/\/www.carideal.com\/blog\/#\/schema\/person\/cd95dc7919660de90d31b366f85be1ec"},"headline":"Un nouveau SUV DS d\u00e8s 2018","datePublished":"2015-02-24T07:50:14+00:00","dateModified":"2016-11-11T21:40:28+00:00","mainEntityOfPage":{"@id":"https:\/\/www.carideal.com\/blog\/2015\/02\/24\/confirmation-dun-nouveau-suv-pour-ds\/"},"wordCount":456,"commentCount":0,"publisher":{"@id":"https:\/\/www.carideal.com\/blog\/#organization"},"image":{"@id":"https:\/\/www.carideal.com\/blog\/2015\/02\/24\/confirmation-dun-nouveau-suv-pour-ds\/#primaryimage"},"thumbnailUrl":"https:\/\/www.carideal.com\/blog\/wp-content\/uploads\/2015\/02\/nouceau-citroen-ds-wild-rubis.jpg","keywords":["haut de gamme","Voiture Premium"],"articleSection":["Actualit\u00e9 automobile","Actualit\u00e9 Constructeur automobile","Actualit\u00e9 DS","SUV","Type de v\u00e9hicule"],"inLanguage":"fr-FR","potentialAction":[{"@type":"CommentAction","name":"Comment","target":["https:\/\/www.carideal.com\/blog\/2015\/02\/24\/confirmation-dun-nouveau-suv-pour-ds\/#respond"]}]},{"@type":"WebPage","@id":"https:\/\/www.carideal.com\/blog\/2015\/02\/24\/confirmation-dun-nouveau-suv-pour-ds\/","url":"https:\/\/www.carideal.com\/blog\/2015\/02\/24\/confirmation-dun-nouveau-suv-pour-ds\/","name":"Un nouveau SUV DS d\u00e8s 2018 - Blog auto Carid\u00e9al","isPartOf":{"@id":"https:\/\/www.carideal.com\/blog\/#website"},"primaryImageOfPage":{"@id":"https:\/\/www.carideal.com\/blog\/2015\/02\/24\/confirmation-dun-nouveau-suv-pour-ds\/#primaryimage"},"image":{"@id":"https:\/\/www.carideal.com\/blog\/2015\/02\/24\/confirmation-dun-nouveau-suv-pour-ds\/#primaryimage"},"thumbnailUrl":"https:\/\/www.carideal.com\/blog\/wp-content\/uploads\/2015\/02\/nouceau-citroen-ds-wild-rubis.jpg","datePublished":"2015-02-24T07:50:14+00:00","dateModified":"2016-11-11T21:40:28+00:00","description":"PSA a confirm\u00e9 un investissement de 150 millions d'euros et l'attribution d'un nouveau v\u00e9hicule compact premium pour l'usine de Poissy, le nouveau SUV DS ?","breadcrumb":{"@id":"https:\/\/www.carideal.com\/blog\/2015\/02\/24\/confirmation-dun-nouveau-suv-pour-ds\/#breadcrumb"},"inLanguage":"fr-FR","potentialAction":[{"@type":"ReadAction","target":["https:\/\/www.carideal.com\/blog\/2015\/02\/24\/confirmation-dun-nouveau-suv-pour-ds\/"]}]},{"@type":"ImageObject","inLanguage":"fr-FR","@id":"https:\/\/www.carideal.com\/blog\/2015\/02\/24\/confirmation-dun-nouveau-suv-pour-ds\/#primaryimage","url":"https:\/\/www.carideal.com\/blog\/wp-content\/uploads\/2015\/02\/nouceau-citroen-ds-wild-rubis.jpg","contentUrl":"https:\/\/www.carideal.com\/blog\/wp-content\/uploads\/2015\/02\/nouceau-citroen-ds-wild-rubis.jpg","width":800,"height":491,"caption":"Nouveau Citroen DS SUV Wild Rubis"},{"@type":"BreadcrumbList","@id":"https:\/\/www.carideal.com\/blog\/2015\/02\/24\/confirmation-dun-nouveau-suv-pour-ds\/#breadcrumb","itemListElement":[{"@type":"ListItem","position":1,"name":"Blog Carid\u00e9al","item":"https:\/\/www.carideal.com\/blog\/"},{"@type":"ListItem","position":2,"name":"Actualit\u00e9 automobile","item":"https:\/\/www.carideal.com\/blog\/actualites-auto\/"},{"@type":"ListItem","position":3,"name":"Un nouveau SUV DS d\u00e8s 2018"}]},{"@type":"WebSite","@id":"https:\/\/www.carideal.com\/blog\/#website","url":"https:\/\/www.carideal.com\/blog\/","name":"Blog auto Carid\u00e9al","description":"Actualit\u00e9 auto par des passionn\u00e9s","publisher":{"@id":"https:\/\/www.carideal.com\/blog\/#organization"},"potentialAction":[{"@type":"SearchAction","target":{"@type":"EntryPoint","urlTemplate":"https:\/\/www.carideal.com\/blog\/?s={search_term_string}"},"query-input":{"@type":"PropertyValueSpecification","valueRequired":true,"valueName":"search_term_string"}}],"inLanguage":"fr-FR"},{"@type":"Organization","@id":"https:\/\/www.carideal.com\/blog\/#organization","name":"Carideal","url":"https:\/\/www.carideal.com\/blog\/","logo":{"@type":"ImageObject","inLanguage":"fr-FR","@id":"https:\/\/www.carideal.com\/blog\/#\/schema\/logo\/image\/","url":"http:\/\/www.carideal.com\/blog\/wp-content\/uploads\/2016\/03\/logo-carideal-mandataire-automobile.png","contentUrl":"http:\/\/www.carideal.com\/blog\/wp-content\/uploads\/2016\/03\/logo-carideal-mandataire-automobile.png","width":300,"height":300,"caption":"Carideal"},"image":{"@id":"https:\/\/www.carideal.com\/blog\/#\/schema\/logo\/image\/"},"sameAs":["https:\/\/www.facebook.com\/Carideal.mandataire.automobile","https:\/\/x.com\/caridealauto","https:\/\/www.instagram.com\/carideal1\/","https:\/\/www.linkedin.com\/company\/carideal.com","https:\/\/fr.pinterest.com\/schiavonsas\/","https:\/\/www.youtube.com\/user\/caridealsas"]},{"@type":"Person","@id":"https:\/\/www.carideal.com\/blog\/#\/schema\/person\/cd95dc7919660de90d31b366f85be1ec","name":"Nicolas SCHIAVON","image":{"@type":"ImageObject","inLanguage":"fr-FR","@id":"https:\/\/www.carideal.com\/blog\/#\/schema\/person\/image\/","url":"https:\/\/secure.gravatar.com\/avatar\/c17e55009e671d92cc7f5dc837dc418a?s=96&r=g","contentUrl":"https:\/\/secure.gravatar.com\/avatar\/c17e55009e671d92cc7f5dc837dc418a?s=96&r=g","caption":"Nicolas SCHIAVON"},"description":"Nicolas Schiavon est tomb\u00e9 tout petit dans la marmite automobile. Ayant eu un garage de marque automobile, mandataire automobile de la premi\u00e8re heure d\u00e8s 1999. Nicolas a cr\u00e9\u00e9 ces premiers sites de vente de voiture et blog automobile d\u00e8s 1994. Carideal est n\u00e9 le 15 d\u00e9cembre 2000 de la volont\u00e9 de vendre des voitures d'occasions en ligne puis des voitures neuves. Il a pu essayer beaucoup de voitures tr\u00e8s diff\u00e9rentes et ayant eu personnellement quelques belles autos, Subaru Impreza, Mitsubishi Lancer Evo 7, Porsche 911, Ferrari Testarrossa, Audi RS3, RS4 et j'en passe...","sameAs":["http:\/\/www.carideal.com","https:\/\/www.facebook.com\/nicolas.schiavon.39","https:\/\/www.instagram.com\/carideal1\/","https:\/\/www.linkedin.com\/in\/nschiavon\/","https:\/\/x.com\/caridealauto","https:\/\/www.youtube.com\/user\/caridealsas\/"],"url":"https:\/\/www.carideal.com\/blog\/author\/nschiavon\/"}]}},"uagb_featured_image_src":{"full":["https:\/\/www.carideal.com\/blog\/wp-content\/uploads\/2015\/02\/nouceau-citroen-ds-wild-rubis.jpg",800,491,false],"thumbnail":["https:\/\/www.carideal.com\/blog\/wp-content\/uploads\/2015\/02\/nouceau-citroen-ds-wild-rubis-150x150.jpg",150,150,true],"medium":["https:\/\/www.carideal.com\/blog\/wp-content\/uploads\/2015\/02\/nouceau-citroen-ds-wild-rubis-300x184.jpg",300,184,true],"medium_large":["https:\/\/www.carideal.com\/blog\/wp-content\/uploads\/2015\/02\/nouceau-citroen-ds-wild-rubis-768x471.jpg",768,471,true],"large":["https:\/\/www.carideal.com\/blog\/wp-content\/uploads\/2015\/02\/nouceau-citroen-ds-wild-rubis.jpg",800,491,false],"1536x1536":["https:\/\/www.carideal.com\/blog\/wp-content\/uploads\/2015\/02\/nouceau-citroen-ds-wild-rubis.jpg",800,491,false],"2048x2048":["https:\/\/www.carideal.com\/blog\/wp-content\/uploads\/2015\/02\/nouceau-citroen-ds-wild-rubis.jpg",800,491,false],"wppr-widget":["https:\/\/www.carideal.com\/blog\/wp-content\/uploads\/2015\/02\/nouceau-citroen-ds-wild-rubis.jpg",50,31,false]},"uagb_author_info":{"display_name":"Nicolas SCHIAVON","author_link":"https:\/\/www.carideal.com\/blog\/author\/nschiavon\/"},"uagb_comment_info":0,"uagb_excerpt":"Confirmation d'un nouveau SUV DS en 2018 Nouveau SUV DS : PSA Peugeot Citro\u00ebn a confirm\u00e9 lundi 23 f\u00e9vrier un investissement de 150 millions d'euros et l'attribution d'un nouveau v\u00e9hicule compact premium pour l'usine de Poissy, mais on ne sait pas encore son nom. Reuters en avait d\u00e9j\u00e0 parl\u00e9 en d\u00e9cembre. Ce nouveau v\u00e9hicule premium\u2026","_links":{"self":[{"href":"https:\/\/www.carideal.com\/blog\/wp-json\/wp\/v2\/posts\/4386"}],"collection":[{"href":"https:\/\/www.carideal.com\/blog\/wp-json\/wp\/v2\/posts"}],"about":[{"href":"https:\/\/www.carideal.com\/blog\/wp-json\/wp\/v2\/types\/post"}],"author":[{"embeddable":true,"href":"https:\/\/www.carideal.com\/blog\/wp-json\/wp\/v2\/users\/3"}],"replies":[{"embeddable":true,"href":"https:\/\/www.carideal.com\/blog\/wp-json\/wp\/v2\/comments?post=4386"}],"version-history":[{"count":0,"href":"https:\/\/www.carideal.com\/blog\/wp-json\/wp\/v2\/posts\/4386\/revisions"}],"wp:featuredmedia":[{"embeddable":true,"href":"https:\/\/www.carideal.com\/blog\/wp-json\/wp\/v2\/media\/13375"}],"wp:attachment":[{"href":"https:\/\/www.carideal.com\/blog\/wp-json\/wp\/v2\/media?parent=4386"}],"wp:term":[{"taxonomy":"category","embeddable":true,"href":"https:\/\/www.carideal.com\/blog\/wp-json\/wp\/v2\/categories?post=4386"},{"taxonomy":"post_tag","embeddable":true,"href":"https:\/\/www.carideal.com\/blog\/wp-json\/wp\/v2\/tags?post=4386"}],"curies":[{"name":"wp","href":"https:\/\/api.w.org\/{rel}","templated":true}]}}