{"id":4353,"date":"2015-02-22T15:35:27","date_gmt":"2015-02-22T14:35:27","guid":{"rendered":"http:\/\/www.carideal.com\/blog\/?p=4353"},"modified":"2020-03-07T16:54:28","modified_gmt":"2020-03-07T15:54:28","slug":"jaguar-f-type-4x4","status":"publish","type":"post","link":"https:\/\/www.carideal.com\/blog\/2015\/02\/22\/jaguar-f-type-4x4\/","title":{"rendered":"Jaguar F-Type 4&#215;4"},"content":{"rendered":"<h1><strong>Jaguar F-Type 4x4<\/strong><\/h1>\n<p>Le grand <strong>coup\u00e9 Jaguar F-Type<\/strong> se dote d'une transmission int\u00e9grale pour plus d'efficacit\u00e9 afin de se poser en v\u00e9ritable concurrente de la <span style=\"text-decoration: underline;\">Porsche 911<\/span> et de proposer une gamme coh\u00e9rente. 4 roues motrices propuls\u00e9es par un moteur V6 de 380 ch ou un moteur V8 de 550 ch au choix. Question boite de vitesse, on a le choix d'une boite m\u00e9canique sur les moteurs V6 de 340 et 360 ch.<\/p>\n<h2>Les Prix de la Jaguar F-Type 4x4<\/h2>\n<ul>\n<li>Prix coup\u00e9 Jaguar F-Type 4x4 V6 380 ch 77590 \u20ac plus le malus de 8000 \u20ac<\/li>\n<li>Prix coup\u00e9 Jaguar F-Type 4x4 V8 R\u00a0AWD 550\u00a0ch 113660\u00a0\u20ac plus le malus de 8000 \u20ac<\/li>\n<\/ul>\n<h2>Transmission int\u00e9grale \u00e0 la sauce Jaguar F-Type<\/h2>\n<p>Le syst\u00e8me de transmission int\u00e9grale de la Jaguar 4x4 F-Type est original. Bien que ce soit une quaytre roues motrices, la distribution de la puissance est in\u00e9dite. Jaguar a voulu conserver le temp\u00e9rament des version \u00e0 deux roues motrices, et le type de conduite qui va avec une propulsion ! Je m'explique : la puissance part tout d'abord \u00e0 100 % sur le train arri\u00e8re, puis est distribu\u00e9e vers les roues avant via un diff\u00e9rentiel\u00a0central pilot\u00e9 electroniquement.<\/p>\n<p>L'\u00e9lectronique permet de faire de belles choses, sans doute. Le calculateur de la Jaguar F-Type 4x4 est capable, normalement, d'anticiper le braquage et la forte acc\u00e9l\u00e9ration, synonyme de d\u00e9crochage du train arri\u00e8re. Dans ce cas l'\u00e9lectronique transfert le couple aux roues avant pour \u00e9viter le survirage. Mais dans la neige c'est juste impraticable, et sur route glissante \u00e7a ne doit pas \u00eatre mieux. Le syst\u00e8me est fait pour des routes s\u00e8ches et sinueuses voir de la montagne avec de l'adh\u00e9rence.<\/p>\n<h2>Jaguar F-Type 4x4 V6 boite m\u00e9canique 340 ch<\/h2>\n<p>L'acheteur de la Jaguar F-Type 4x4 a le choix de la boite m\u00e9canique, sauf pour la version V8 R AWD ou l\u00e0 de\u00a0facto il aura une boite auto. Le Choix de la boite m\u00e9canique ZF permet aussi d'\u00e9conomiser 2550 \u20ac et de conserver les sensation de la conduite sportive. Manipuler le levier de vitesse fait parti du jeu. Nous avions pu <span style=\"text-decoration: underline;\"><a href=\"http:\/\/www.carideal.com\/blog\/2015\/11\/03\/essai-de-la-jaguar-f-type-coupe-v6-s\/\">essayer\u00a0cette Jaguar F-Type V6 en 2 roues motrices<\/a><\/span>, bri\u00e9vement. Le moteur V6 aliment\u00e9 par un compresseur porte la puissance \u00e0 380 ch. L'avantage de l'utilisation d'un compresseur est qu'il d\u00e9livre la puissance de mani\u00e8re lin\u00e9aire avec la mont\u00e9 en r\u00e9gime du moteur, pas du tout comme un turbocompresseur.<\/p>\n<p>Le bruit du moteur est enivrant, sifflement, feulement de f\u00e9lin, vous avez m\u00eame un bouton d'\u00e9chappement actif pour passer en \u00e9chappement sport. De quoi se croire dans une auto de course pour 240 \u20ac, la valeur de l'option. D'autan que le moteur V6 de 380 ch n'est pas avare de sensation et que la boite m\u00e9canique joue bien son r\u00f4le. Vous allez vite reprendre l'envie de jouer du talon pointe, talent des anciens pilotes de course aujourd'hui perdu, avec l'arriv\u00e9e des boites automatiques.<\/p>\n<h2>Si l'on devait choisir une Jaguar F-Type 4x4<\/h2>\n<p>Ce serait \u00e0 coup sur une <strong>Jaguar F-Type 4x4 V8 R 550 ch AWD<\/strong>. Elle a une gueule d'enfer !! Oui mais voila... C'est quand m\u00eame un budget cons\u00e9quent 113660 \u20ac sans parler du malus de 8000 \u20ac. Sur le cot\u00e9 n\u00e9gatif,\u00a0une Porsche Carrera 4S de 420 ch fait mieux mais pour 120700 \u20ac soit 7000 \u20ac de plus. La <a href=\"http:\/\/www.carideal.com\/blog\/marque-de-voiture-actualites-essais\/porsche\/\">Porsche<\/a> a surtout une transmission beaucoup plus efficace. On peut se demander comment va \"vieillir\" cette Jaguar ? d'un autre cot\u00e9 on sait tr\u00e8s bien qu'avec une Porsche on n'aura aucun soucis.<\/p>\n<p><strong>Mais quand m\u00eame cette Jaguar F-Type 4x4 ... qu'elle gueule !!<\/strong> Est-ce que la meilleur version ne serait pas la Jaguar F-Type V6 S 380 ch BVA 4x4 ?<\/p>\n<h2>Vid\u00e9o Jaguar F-Type 4x4<\/h2>\n<p><iframe loading=\"lazy\" src=\"https:\/\/www.youtube.com\/embed\/uGS3rNFIdHQ\" width=\"560\" height=\"315\" frameborder=\"0\" allowfullscreen=\"allowfullscreen\"><\/iframe><\/p>\n","protected":false},"excerpt":{"rendered":"<p>Jaguar F-Type 4&#215;4 Le grand coup\u00e9 Jaguar F-Type se dote d&rsquo;une transmission int\u00e9grale pour plus d&rsquo;efficacit\u00e9 afin de se poser en v\u00e9ritable concurrente de la Porsche 911 et de proposer une gamme coh\u00e9rente. 4 roues motrices propuls\u00e9es par un moteur V6 de 380 ch ou un moteur V8 de 550 ch au choix. Question boite &#8230; <a title=\"Jaguar F-Type 4&#215;4\" class=\"read-more\" href=\"https:\/\/www.carideal.com\/blog\/2015\/02\/22\/jaguar-f-type-4x4\/\" aria-label=\"En savoir plus sur Jaguar F-Type 4&#215;4\">Lire plus<\/a><\/p>\n","protected":false},"author":3,"featured_media":4354,"comment_status":"open","ping_status":"open","sticky":false,"template":"","format":"standard","meta":{"_uag_custom_page_level_css":"","_themeisle_gutenberg_block_has_review":false,"footnotes":""},"categories":[2,21,5944,5987,6020,5998,6000,5974,18],"tags":[1845,6158],"class_list":["post-4353","post","type-post","status-publish","format-standard","has-post-thumbnail","hentry","category-4x4-suv","category-actualites-auto","category-constructeur","category-jaguar","category-coupes","category-sportive","category-supercar","category-type-de-vehicule","category-videos","tag-quatre-roues-motrices","tag-voiture-de-luxe"],"wppr_data":{"cwp_meta_box_check":"No"},"yoast_head":"<!-- This site is optimized with the Yoast SEO plugin v24.8.1 - https:\/\/yoast.com\/wordpress\/plugins\/seo\/ -->\n<title>Jaguar F-Type 4x4 - Blog auto Carid\u00e9al<\/title>\n<meta name=\"description\" content=\"Le coup\u00e9 Jaguar F-Type 4x4 se dote d&#039;une transmission int\u00e9grale pour plus d&#039;efficacit\u00e9 afin de se poser en v\u00e9ritable concurrente de la Porsche 911.\" \/>\n<meta name=\"robots\" content=\"index, follow, max-snippet:-1, max-image-preview:large, max-video-preview:-1\" \/>\n<link rel=\"canonical\" href=\"https:\/\/www.carideal.com\/blog\/2015\/02\/22\/jaguar-f-type-4x4\/\" \/>\n<meta property=\"og:locale\" content=\"fr_FR\" \/>\n<meta property=\"og:type\" content=\"article\" \/>\n<meta property=\"og:title\" content=\"Jaguar F-Type 4x4 - Blog auto Carid\u00e9al\" \/>\n<meta property=\"og:description\" content=\"Le coup\u00e9 Jaguar F-Type 4x4 se dote d&#039;une transmission int\u00e9grale pour plus d&#039;efficacit\u00e9 afin de se poser en v\u00e9ritable concurrente de la Porsche 911.\" \/>\n<meta property=\"og:url\" content=\"https:\/\/www.carideal.com\/blog\/2015\/02\/22\/jaguar-f-type-4x4\/\" \/>\n<meta property=\"og:site_name\" content=\"Blog auto Carid\u00e9al\" \/>\n<meta property=\"article:publisher\" content=\"https:\/\/www.facebook.com\/Carideal.mandataire.automobile\" \/>\n<meta property=\"article:author\" content=\"https:\/\/www.facebook.com\/nicolas.schiavon.39\" \/>\n<meta property=\"article:published_time\" content=\"2015-02-22T14:35:27+00:00\" \/>\n<meta property=\"article:modified_time\" content=\"2020-03-07T15:54:28+00:00\" \/>\n<meta property=\"og:image\" content=\"https:\/\/www.carideal.com\/blog\/wp-content\/uploads\/2015\/02\/jaguar-f-type-4x4-carideal-blog-actualit\u00e9s-e1539053352568.jpg\" \/>\n\t<meta property=\"og:image:width\" content=\"800\" \/>\n\t<meta property=\"og:image:height\" content=\"413\" \/>\n\t<meta property=\"og:image:type\" content=\"image\/jpeg\" \/>\n<meta name=\"author\" content=\"Nicolas SCHIAVON\" \/>\n<meta name=\"twitter:card\" content=\"summary_large_image\" \/>\n<meta name=\"twitter:creator\" content=\"@caridealauto\" \/>\n<meta name=\"twitter:site\" content=\"@caridealauto\" \/>\n<meta name=\"twitter:label1\" content=\"\u00c9crit par\" \/>\n\t<meta name=\"twitter:data1\" content=\"Nicolas SCHIAVON\" \/>\n\t<meta name=\"twitter:label2\" content=\"Dur\u00e9e de lecture estim\u00e9e\" \/>\n\t<meta name=\"twitter:data2\" content=\"3 minutes\" \/>\n<script type=\"application\/ld+json\" class=\"yoast-schema-graph\">{\"@context\":\"https:\/\/schema.org\",\"@graph\":[{\"@type\":\"Article\",\"@id\":\"https:\/\/www.carideal.com\/blog\/2015\/02\/22\/jaguar-f-type-4x4\/#article\",\"isPartOf\":{\"@id\":\"https:\/\/www.carideal.com\/blog\/2015\/02\/22\/jaguar-f-type-4x4\/\"},\"author\":{\"name\":\"Nicolas SCHIAVON\",\"@id\":\"https:\/\/www.carideal.com\/blog\/#\/schema\/person\/cd95dc7919660de90d31b366f85be1ec\"},\"headline\":\"Jaguar F-Type 4&#215;4\",\"datePublished\":\"2015-02-22T14:35:27+00:00\",\"dateModified\":\"2020-03-07T15:54:28+00:00\",\"mainEntityOfPage\":{\"@id\":\"https:\/\/www.carideal.com\/blog\/2015\/02\/22\/jaguar-f-type-4x4\/\"},\"wordCount\":612,\"commentCount\":0,\"publisher\":{\"@id\":\"https:\/\/www.carideal.com\/blog\/#organization\"},\"image\":{\"@id\":\"https:\/\/www.carideal.com\/blog\/2015\/02\/22\/jaguar-f-type-4x4\/#primaryimage\"},\"thumbnailUrl\":\"https:\/\/www.carideal.com\/blog\/wp-content\/uploads\/2015\/02\/jaguar-f-type-4x4-carideal-blog-actualit\u00e9s-e1539053352568.jpg\",\"keywords\":[\"4 roues motrices\",\"voiture de luxe\"],\"articleSection\":[\"4X4 Actualit\u00e9\",\"Actualit\u00e9 automobile\",\"Actualit\u00e9 Constructeur automobile\",\"Actualit\u00e9s Jaguar\",\"Coup\u00e9\",\"Sportive\",\"Supercar\",\"Type de v\u00e9hicule\",\"Vid\u00e9o voiture : vid\u00e9o automobile\"],\"inLanguage\":\"fr-FR\",\"potentialAction\":[{\"@type\":\"CommentAction\",\"name\":\"Comment\",\"target\":[\"https:\/\/www.carideal.com\/blog\/2015\/02\/22\/jaguar-f-type-4x4\/#respond\"]}]},{\"@type\":\"WebPage\",\"@id\":\"https:\/\/www.carideal.com\/blog\/2015\/02\/22\/jaguar-f-type-4x4\/\",\"url\":\"https:\/\/www.carideal.com\/blog\/2015\/02\/22\/jaguar-f-type-4x4\/\",\"name\":\"Jaguar F-Type 4x4 - Blog auto Carid\u00e9al\",\"isPartOf\":{\"@id\":\"https:\/\/www.carideal.com\/blog\/#website\"},\"primaryImageOfPage\":{\"@id\":\"https:\/\/www.carideal.com\/blog\/2015\/02\/22\/jaguar-f-type-4x4\/#primaryimage\"},\"image\":{\"@id\":\"https:\/\/www.carideal.com\/blog\/2015\/02\/22\/jaguar-f-type-4x4\/#primaryimage\"},\"thumbnailUrl\":\"https:\/\/www.carideal.com\/blog\/wp-content\/uploads\/2015\/02\/jaguar-f-type-4x4-carideal-blog-actualit\u00e9s-e1539053352568.jpg\",\"datePublished\":\"2015-02-22T14:35:27+00:00\",\"dateModified\":\"2020-03-07T15:54:28+00:00\",\"description\":\"Le coup\u00e9 Jaguar F-Type 4x4 se dote d'une transmission int\u00e9grale pour plus d'efficacit\u00e9 afin de se poser en v\u00e9ritable concurrente de la Porsche 911.\",\"breadcrumb\":{\"@id\":\"https:\/\/www.carideal.com\/blog\/2015\/02\/22\/jaguar-f-type-4x4\/#breadcrumb\"},\"inLanguage\":\"fr-FR\",\"potentialAction\":[{\"@type\":\"ReadAction\",\"target\":[\"https:\/\/www.carideal.com\/blog\/2015\/02\/22\/jaguar-f-type-4x4\/\"]}]},{\"@type\":\"ImageObject\",\"inLanguage\":\"fr-FR\",\"@id\":\"https:\/\/www.carideal.com\/blog\/2015\/02\/22\/jaguar-f-type-4x4\/#primaryimage\",\"url\":\"https:\/\/www.carideal.com\/blog\/wp-content\/uploads\/2015\/02\/jaguar-f-type-4x4-carideal-blog-actualit\u00e9s-e1539053352568.jpg\",\"contentUrl\":\"https:\/\/www.carideal.com\/blog\/wp-content\/uploads\/2015\/02\/jaguar-f-type-4x4-carideal-blog-actualit\u00e9s-e1539053352568.jpg\",\"width\":800,\"height\":413,\"caption\":\"Jaguar F-Type 4x4\"},{\"@type\":\"BreadcrumbList\",\"@id\":\"https:\/\/www.carideal.com\/blog\/2015\/02\/22\/jaguar-f-type-4x4\/#breadcrumb\",\"itemListElement\":[{\"@type\":\"ListItem\",\"position\":1,\"name\":\"Blog Carid\u00e9al\",\"item\":\"https:\/\/www.carideal.com\/blog\/\"},{\"@type\":\"ListItem\",\"position\":2,\"name\":\"Actualit\u00e9 constructeur automobile\",\"item\":\"https:\/\/www.carideal.com\/blog\/constructeur\/\"},{\"@type\":\"ListItem\",\"position\":3,\"name\":\"Actualit\u00e9s Jaguar\",\"item\":\"https:\/\/www.carideal.com\/blog\/constructeur\/jaguar\/\"},{\"@type\":\"ListItem\",\"position\":4,\"name\":\"Jaguar F-Type 4&#215;4\"}]},{\"@type\":\"WebSite\",\"@id\":\"https:\/\/www.carideal.com\/blog\/#website\",\"url\":\"https:\/\/www.carideal.com\/blog\/\",\"name\":\"Blog auto Carid\u00e9al\",\"description\":\"Actualit\u00e9 auto par des passionn\u00e9s\",\"publisher\":{\"@id\":\"https:\/\/www.carideal.com\/blog\/#organization\"},\"potentialAction\":[{\"@type\":\"SearchAction\",\"target\":{\"@type\":\"EntryPoint\",\"urlTemplate\":\"https:\/\/www.carideal.com\/blog\/?s={search_term_string}\"},\"query-input\":{\"@type\":\"PropertyValueSpecification\",\"valueRequired\":true,\"valueName\":\"search_term_string\"}}],\"inLanguage\":\"fr-FR\"},{\"@type\":\"Organization\",\"@id\":\"https:\/\/www.carideal.com\/blog\/#organization\",\"name\":\"Carideal\",\"url\":\"https:\/\/www.carideal.com\/blog\/\",\"logo\":{\"@type\":\"ImageObject\",\"inLanguage\":\"fr-FR\",\"@id\":\"https:\/\/www.carideal.com\/blog\/#\/schema\/logo\/image\/\",\"url\":\"http:\/\/www.carideal.com\/blog\/wp-content\/uploads\/2016\/03\/logo-carideal-mandataire-automobile.png\",\"contentUrl\":\"http:\/\/www.carideal.com\/blog\/wp-content\/uploads\/2016\/03\/logo-carideal-mandataire-automobile.png\",\"width\":300,\"height\":300,\"caption\":\"Carideal\"},\"image\":{\"@id\":\"https:\/\/www.carideal.com\/blog\/#\/schema\/logo\/image\/\"},\"sameAs\":[\"https:\/\/www.facebook.com\/Carideal.mandataire.automobile\",\"https:\/\/x.com\/caridealauto\",\"https:\/\/www.instagram.com\/carideal1\/\",\"https:\/\/www.linkedin.com\/company\/carideal.com\",\"https:\/\/fr.pinterest.com\/schiavonsas\/\",\"https:\/\/www.youtube.com\/user\/caridealsas\"]},{\"@type\":\"Person\",\"@id\":\"https:\/\/www.carideal.com\/blog\/#\/schema\/person\/cd95dc7919660de90d31b366f85be1ec\",\"name\":\"Nicolas SCHIAVON\",\"image\":{\"@type\":\"ImageObject\",\"inLanguage\":\"fr-FR\",\"@id\":\"https:\/\/www.carideal.com\/blog\/#\/schema\/person\/image\/\",\"url\":\"https:\/\/secure.gravatar.com\/avatar\/c17e55009e671d92cc7f5dc837dc418a?s=96&r=g\",\"contentUrl\":\"https:\/\/secure.gravatar.com\/avatar\/c17e55009e671d92cc7f5dc837dc418a?s=96&r=g\",\"caption\":\"Nicolas SCHIAVON\"},\"description\":\"Nicolas Schiavon est tomb\u00e9 tout petit dans la marmite automobile. Ayant eu un garage de marque automobile, mandataire automobile de la premi\u00e8re heure d\u00e8s 1999. Nicolas a cr\u00e9\u00e9 ces premiers sites de vente de voiture et blog automobile d\u00e8s 1994. Carideal est n\u00e9 le 15 d\u00e9cembre 2000 de la volont\u00e9 de vendre des voitures d'occasions en ligne puis des voitures neuves. Il a pu essayer beaucoup de voitures tr\u00e8s diff\u00e9rentes et ayant eu personnellement quelques belles autos, Subaru Impreza, Mitsubishi Lancer Evo 7, Porsche 911, Ferrari Testarrossa, Audi RS3, RS4 et j'en passe...\",\"sameAs\":[\"http:\/\/www.carideal.com\",\"https:\/\/www.facebook.com\/nicolas.schiavon.39\",\"https:\/\/www.instagram.com\/carideal1\/\",\"https:\/\/www.linkedin.com\/in\/nschiavon\/\",\"https:\/\/x.com\/caridealauto\",\"https:\/\/www.youtube.com\/user\/caridealsas\/\"],\"url\":\"https:\/\/www.carideal.com\/blog\/author\/nschiavon\/\"}]}<\/script>\n<!-- \/ Yoast SEO plugin. -->","yoast_head_json":{"title":"Jaguar F-Type 4x4 - Blog auto Carid\u00e9al","description":"Le coup\u00e9 Jaguar F-Type 4x4 se dote d'une transmission int\u00e9grale pour plus d'efficacit\u00e9 afin de se poser en v\u00e9ritable concurrente de la Porsche 911.","robots":{"index":"index","follow":"follow","max-snippet":"max-snippet:-1","max-image-preview":"max-image-preview:large","max-video-preview":"max-video-preview:-1"},"canonical":"https:\/\/www.carideal.com\/blog\/2015\/02\/22\/jaguar-f-type-4x4\/","og_locale":"fr_FR","og_type":"article","og_title":"Jaguar F-Type 4x4 - Blog auto Carid\u00e9al","og_description":"Le coup\u00e9 Jaguar F-Type 4x4 se dote d'une transmission int\u00e9grale pour plus d'efficacit\u00e9 afin de se poser en v\u00e9ritable concurrente de la Porsche 911.","og_url":"https:\/\/www.carideal.com\/blog\/2015\/02\/22\/jaguar-f-type-4x4\/","og_site_name":"Blog auto Carid\u00e9al","article_publisher":"https:\/\/www.facebook.com\/Carideal.mandataire.automobile","article_author":"https:\/\/www.facebook.com\/nicolas.schiavon.39","article_published_time":"2015-02-22T14:35:27+00:00","article_modified_time":"2020-03-07T15:54:28+00:00","og_image":[{"width":800,"height":413,"url":"https:\/\/www.carideal.com\/blog\/wp-content\/uploads\/2015\/02\/jaguar-f-type-4x4-carideal-blog-actualit\u00e9s-e1539053352568.jpg","type":"image\/jpeg"}],"author":"Nicolas SCHIAVON","twitter_card":"summary_large_image","twitter_creator":"@caridealauto","twitter_site":"@caridealauto","twitter_misc":{"\u00c9crit par":"Nicolas SCHIAVON","Dur\u00e9e de lecture estim\u00e9e":"3 minutes"},"schema":{"@context":"https:\/\/schema.org","@graph":[{"@type":"Article","@id":"https:\/\/www.carideal.com\/blog\/2015\/02\/22\/jaguar-f-type-4x4\/#article","isPartOf":{"@id":"https:\/\/www.carideal.com\/blog\/2015\/02\/22\/jaguar-f-type-4x4\/"},"author":{"name":"Nicolas SCHIAVON","@id":"https:\/\/www.carideal.com\/blog\/#\/schema\/person\/cd95dc7919660de90d31b366f85be1ec"},"headline":"Jaguar F-Type 4&#215;4","datePublished":"2015-02-22T14:35:27+00:00","dateModified":"2020-03-07T15:54:28+00:00","mainEntityOfPage":{"@id":"https:\/\/www.carideal.com\/blog\/2015\/02\/22\/jaguar-f-type-4x4\/"},"wordCount":612,"commentCount":0,"publisher":{"@id":"https:\/\/www.carideal.com\/blog\/#organization"},"image":{"@id":"https:\/\/www.carideal.com\/blog\/2015\/02\/22\/jaguar-f-type-4x4\/#primaryimage"},"thumbnailUrl":"https:\/\/www.carideal.com\/blog\/wp-content\/uploads\/2015\/02\/jaguar-f-type-4x4-carideal-blog-actualit\u00e9s-e1539053352568.jpg","keywords":["4 roues motrices","voiture de luxe"],"articleSection":["4X4 Actualit\u00e9","Actualit\u00e9 automobile","Actualit\u00e9 Constructeur automobile","Actualit\u00e9s Jaguar","Coup\u00e9","Sportive","Supercar","Type de v\u00e9hicule","Vid\u00e9o voiture : vid\u00e9o automobile"],"inLanguage":"fr-FR","potentialAction":[{"@type":"CommentAction","name":"Comment","target":["https:\/\/www.carideal.com\/blog\/2015\/02\/22\/jaguar-f-type-4x4\/#respond"]}]},{"@type":"WebPage","@id":"https:\/\/www.carideal.com\/blog\/2015\/02\/22\/jaguar-f-type-4x4\/","url":"https:\/\/www.carideal.com\/blog\/2015\/02\/22\/jaguar-f-type-4x4\/","name":"Jaguar F-Type 4x4 - Blog auto Carid\u00e9al","isPartOf":{"@id":"https:\/\/www.carideal.com\/blog\/#website"},"primaryImageOfPage":{"@id":"https:\/\/www.carideal.com\/blog\/2015\/02\/22\/jaguar-f-type-4x4\/#primaryimage"},"image":{"@id":"https:\/\/www.carideal.com\/blog\/2015\/02\/22\/jaguar-f-type-4x4\/#primaryimage"},"thumbnailUrl":"https:\/\/www.carideal.com\/blog\/wp-content\/uploads\/2015\/02\/jaguar-f-type-4x4-carideal-blog-actualit\u00e9s-e1539053352568.jpg","datePublished":"2015-02-22T14:35:27+00:00","dateModified":"2020-03-07T15:54:28+00:00","description":"Le coup\u00e9 Jaguar F-Type 4x4 se dote d'une transmission int\u00e9grale pour plus d'efficacit\u00e9 afin de se poser en v\u00e9ritable concurrente de la Porsche 911.","breadcrumb":{"@id":"https:\/\/www.carideal.com\/blog\/2015\/02\/22\/jaguar-f-type-4x4\/#breadcrumb"},"inLanguage":"fr-FR","potentialAction":[{"@type":"ReadAction","target":["https:\/\/www.carideal.com\/blog\/2015\/02\/22\/jaguar-f-type-4x4\/"]}]},{"@type":"ImageObject","inLanguage":"fr-FR","@id":"https:\/\/www.carideal.com\/blog\/2015\/02\/22\/jaguar-f-type-4x4\/#primaryimage","url":"https:\/\/www.carideal.com\/blog\/wp-content\/uploads\/2015\/02\/jaguar-f-type-4x4-carideal-blog-actualit\u00e9s-e1539053352568.jpg","contentUrl":"https:\/\/www.carideal.com\/blog\/wp-content\/uploads\/2015\/02\/jaguar-f-type-4x4-carideal-blog-actualit\u00e9s-e1539053352568.jpg","width":800,"height":413,"caption":"Jaguar F-Type 4x4"},{"@type":"BreadcrumbList","@id":"https:\/\/www.carideal.com\/blog\/2015\/02\/22\/jaguar-f-type-4x4\/#breadcrumb","itemListElement":[{"@type":"ListItem","position":1,"name":"Blog Carid\u00e9al","item":"https:\/\/www.carideal.com\/blog\/"},{"@type":"ListItem","position":2,"name":"Actualit\u00e9 constructeur automobile","item":"https:\/\/www.carideal.com\/blog\/constructeur\/"},{"@type":"ListItem","position":3,"name":"Actualit\u00e9s Jaguar","item":"https:\/\/www.carideal.com\/blog\/constructeur\/jaguar\/"},{"@type":"ListItem","position":4,"name":"Jaguar F-Type 4&#215;4"}]},{"@type":"WebSite","@id":"https:\/\/www.carideal.com\/blog\/#website","url":"https:\/\/www.carideal.com\/blog\/","name":"Blog auto Carid\u00e9al","description":"Actualit\u00e9 auto par des passionn\u00e9s","publisher":{"@id":"https:\/\/www.carideal.com\/blog\/#organization"},"potentialAction":[{"@type":"SearchAction","target":{"@type":"EntryPoint","urlTemplate":"https:\/\/www.carideal.com\/blog\/?s={search_term_string}"},"query-input":{"@type":"PropertyValueSpecification","valueRequired":true,"valueName":"search_term_string"}}],"inLanguage":"fr-FR"},{"@type":"Organization","@id":"https:\/\/www.carideal.com\/blog\/#organization","name":"Carideal","url":"https:\/\/www.carideal.com\/blog\/","logo":{"@type":"ImageObject","inLanguage":"fr-FR","@id":"https:\/\/www.carideal.com\/blog\/#\/schema\/logo\/image\/","url":"http:\/\/www.carideal.com\/blog\/wp-content\/uploads\/2016\/03\/logo-carideal-mandataire-automobile.png","contentUrl":"http:\/\/www.carideal.com\/blog\/wp-content\/uploads\/2016\/03\/logo-carideal-mandataire-automobile.png","width":300,"height":300,"caption":"Carideal"},"image":{"@id":"https:\/\/www.carideal.com\/blog\/#\/schema\/logo\/image\/"},"sameAs":["https:\/\/www.facebook.com\/Carideal.mandataire.automobile","https:\/\/x.com\/caridealauto","https:\/\/www.instagram.com\/carideal1\/","https:\/\/www.linkedin.com\/company\/carideal.com","https:\/\/fr.pinterest.com\/schiavonsas\/","https:\/\/www.youtube.com\/user\/caridealsas"]},{"@type":"Person","@id":"https:\/\/www.carideal.com\/blog\/#\/schema\/person\/cd95dc7919660de90d31b366f85be1ec","name":"Nicolas SCHIAVON","image":{"@type":"ImageObject","inLanguage":"fr-FR","@id":"https:\/\/www.carideal.com\/blog\/#\/schema\/person\/image\/","url":"https:\/\/secure.gravatar.com\/avatar\/c17e55009e671d92cc7f5dc837dc418a?s=96&r=g","contentUrl":"https:\/\/secure.gravatar.com\/avatar\/c17e55009e671d92cc7f5dc837dc418a?s=96&r=g","caption":"Nicolas SCHIAVON"},"description":"Nicolas Schiavon est tomb\u00e9 tout petit dans la marmite automobile. Ayant eu un garage de marque automobile, mandataire automobile de la premi\u00e8re heure d\u00e8s 1999. Nicolas a cr\u00e9\u00e9 ces premiers sites de vente de voiture et blog automobile d\u00e8s 1994. Carideal est n\u00e9 le 15 d\u00e9cembre 2000 de la volont\u00e9 de vendre des voitures d'occasions en ligne puis des voitures neuves. Il a pu essayer beaucoup de voitures tr\u00e8s diff\u00e9rentes et ayant eu personnellement quelques belles autos, Subaru Impreza, Mitsubishi Lancer Evo 7, Porsche 911, Ferrari Testarrossa, Audi RS3, RS4 et j'en passe...","sameAs":["http:\/\/www.carideal.com","https:\/\/www.facebook.com\/nicolas.schiavon.39","https:\/\/www.instagram.com\/carideal1\/","https:\/\/www.linkedin.com\/in\/nschiavon\/","https:\/\/x.com\/caridealauto","https:\/\/www.youtube.com\/user\/caridealsas\/"],"url":"https:\/\/www.carideal.com\/blog\/author\/nschiavon\/"}]}},"uagb_featured_image_src":{"full":["https:\/\/www.carideal.com\/blog\/wp-content\/uploads\/2015\/02\/jaguar-f-type-4x4-carideal-blog-actualit\u00e9s-e1539053352568.jpg",800,413,false],"thumbnail":["https:\/\/www.carideal.com\/blog\/wp-content\/uploads\/2015\/02\/jaguar-f-type-4x4-carideal-blog-actualit\u00e9s-150x150.jpg",150,150,true],"medium":["https:\/\/www.carideal.com\/blog\/wp-content\/uploads\/2015\/02\/jaguar-f-type-4x4-carideal-blog-actualit\u00e9s-300x154.jpg",300,154,true],"medium_large":["https:\/\/www.carideal.com\/blog\/wp-content\/uploads\/2015\/02\/jaguar-f-type-4x4-carideal-blog-actualit\u00e9s-e1539053352568.jpg",768,396,false],"large":["https:\/\/www.carideal.com\/blog\/wp-content\/uploads\/2015\/02\/jaguar-f-type-4x4-carideal-blog-actualit\u00e9s-1024x528.jpg",1024,528,true],"1536x1536":["https:\/\/www.carideal.com\/blog\/wp-content\/uploads\/2015\/02\/jaguar-f-type-4x4-carideal-blog-actualit\u00e9s-e1539053352568.jpg",800,413,false],"2048x2048":["https:\/\/www.carideal.com\/blog\/wp-content\/uploads\/2015\/02\/jaguar-f-type-4x4-carideal-blog-actualit\u00e9s-e1539053352568.jpg",800,413,false],"wppr-widget":["https:\/\/www.carideal.com\/blog\/wp-content\/uploads\/2015\/02\/jaguar-f-type-4x4-carideal-blog-actualit\u00e9s-e1539053352568.jpg",50,26,false]},"uagb_author_info":{"display_name":"Nicolas SCHIAVON","author_link":"https:\/\/www.carideal.com\/blog\/author\/nschiavon\/"},"uagb_comment_info":0,"uagb_excerpt":"Jaguar F-Type 4x4 Le grand coup\u00e9 Jaguar F-Type se dote d'une transmission int\u00e9grale pour plus d'efficacit\u00e9 afin de se poser en v\u00e9ritable concurrente de la Porsche 911 et de proposer une gamme coh\u00e9rente. 4 roues motrices propuls\u00e9es par un moteur V6 de 380 ch ou un moteur V8 de 550 ch au choix. Question boite\u2026","_links":{"self":[{"href":"https:\/\/www.carideal.com\/blog\/wp-json\/wp\/v2\/posts\/4353"}],"collection":[{"href":"https:\/\/www.carideal.com\/blog\/wp-json\/wp\/v2\/posts"}],"about":[{"href":"https:\/\/www.carideal.com\/blog\/wp-json\/wp\/v2\/types\/post"}],"author":[{"embeddable":true,"href":"https:\/\/www.carideal.com\/blog\/wp-json\/wp\/v2\/users\/3"}],"replies":[{"embeddable":true,"href":"https:\/\/www.carideal.com\/blog\/wp-json\/wp\/v2\/comments?post=4353"}],"version-history":[{"count":0,"href":"https:\/\/www.carideal.com\/blog\/wp-json\/wp\/v2\/posts\/4353\/revisions"}],"wp:featuredmedia":[{"embeddable":true,"href":"https:\/\/www.carideal.com\/blog\/wp-json\/wp\/v2\/media\/4354"}],"wp:attachment":[{"href":"https:\/\/www.carideal.com\/blog\/wp-json\/wp\/v2\/media?parent=4353"}],"wp:term":[{"taxonomy":"category","embeddable":true,"href":"https:\/\/www.carideal.com\/blog\/wp-json\/wp\/v2\/categories?post=4353"},{"taxonomy":"post_tag","embeddable":true,"href":"https:\/\/www.carideal.com\/blog\/wp-json\/wp\/v2\/tags?post=4353"}],"curies":[{"name":"wp","href":"https:\/\/api.w.org\/{rel}","templated":true}]}}