{"id":4335,"date":"2015-02-20T08:12:09","date_gmt":"2015-02-20T07:12:09","guid":{"rendered":"http:\/\/www.carideal.com\/blog\/?p=4335"},"modified":"2017-01-12T09:59:52","modified_gmt":"2017-01-12T08:59:52","slug":"psa-en-inde-le-retour-en-iran","status":"publish","type":"post","link":"https:\/\/www.carideal.com\/blog\/2015\/02\/20\/psa-en-inde-le-retour-en-iran\/","title":{"rendered":"PSA en Inde ? le retour en Iran ?"},"content":{"rendered":"<h1><strong>PSA en Inde ? le retour en Iran ?<\/strong><\/h1>\n<p><strong>Carlos Tavares<\/strong> a annonc\u00e9, le 18 f\u00e9vrier, que <a href=\"http:\/\/www.carideal.com\/blog\/tag\/psa\/\" target=\"_blank\">PSA<\/a> allait mener une \u00e9tude afin de revenir en <strong>Inde<\/strong>.<br \/>\nPSA est aussi en train de pr\u00e9parer son retour en <strong>Iran<\/strong>.<br \/>\nApr\u00e8s la Chine, l\u2019Inde pourrait \u00eatre un nouveau d\u00e9bouch\u00e9 pour PSA.<\/p>\n<h2>Retour en Iran pour PSA<\/h2>\n<figure id=\"attachment_4336\" aria-describedby=\"caption-attachment-4336\" style=\"width: 290px\" class=\"wp-caption alignnone\"><a href=\"http:\/\/www.carideal.com\/blog\/wp-content\/uploads\/2015\/02\/psa_iran_carideal-mandataire-automobile.jpg\"><img loading=\"lazy\" decoding=\"async\" class=\"size-medium wp-image-4336\" src=\"http:\/\/www.carideal.com\/blog\/wp-content\/uploads\/2015\/02\/psa_iran_carideal-mandataire-automobile-300x155.jpg\" alt=\"Le retour de PSA en Iran ? Et une implantation en Inde ?\" width=\"300\" height=\"155\" srcset=\"https:\/\/www.carideal.com\/blog\/wp-content\/uploads\/2015\/02\/psa_iran_carideal-mandataire-automobile-300x155.jpg 300w, https:\/\/www.carideal.com\/blog\/wp-content\/uploads\/2015\/02\/psa_iran_carideal-mandataire-automobile-624x323.jpg 624w, https:\/\/www.carideal.com\/blog\/wp-content\/uploads\/2015\/02\/psa_iran_carideal-mandataire-automobile.jpg 638w\" sizes=\"(max-width: 300px) 100vw, 300px\" \/><\/a><figcaption id=\"caption-attachment-4336\" class=\"wp-caption-text\">Le retour de PSA en Iran ? Et une implantation en Inde ?<\/figcaption><\/figure>\n<p>On se souvient que les sanctions internationales et surtout le partenariat avec General Motors suite \u00e0 l'accord, avaient priv\u00e9 PSA de 450 000 ventes annuelles de v\u00e9hicules en Iran. Mine de rien 450 000 ce n'est pas rien. On s'est m\u00eame demand\u00e9 jusqu'o\u00f9 ceci n'avait pas \u00e9t\u00e9 une strat\u00e9gie du Groupe G\u00e9n\u00e9ral Motors avec le gouvernement am\u00e9ricain, m\u00eame lorsqu'on a appris que dans le m\u00eame temps G\u00e9n\u00e9ral Motors \u00e9tait en train de n\u00e9gocier son retour en Iran sans PSA.<\/p>\n<ul>\n<li><a title=\"Comment GM et les Etas-Unis ont acc\u00e9l\u00e9r\u00e9 la chute de PSA\" href=\"http:\/\/www.carideal.com\/blog\/2013\/11\/26\/comment-gm-et-les-etas-unis-ont-accelere-la-chute-de-psa\/\" target=\"_blank\">Comment GM et les Etas unis ont acc\u00e9l\u00e9r\u00e9 la chute de PSA<\/a><\/li>\n<\/ul>\n<p><strong>PSA<\/strong> n\u2019a cependant jamais rompu les contacts avec l'<strong>Iran<\/strong> et pr\u00e9pare son retour, \"si les sanctions internationales sont lev\u00e9es\" prend bien garde de pr\u00e9ciser Carlos Tavares.<br \/>\nPSA exp\u00e9die de nouveau des <a href=\"http:\/\/www.carideal.com\/blog\/2016\/07\/05\/pieces-de-rechange-offensive-de-psa\/\" target=\"_blank\">pi\u00e8ces de rechange<\/a> \u00e0 destination de l\u2019Iran.<\/p>\n<p>Lors de la pr\u00e9sentation des r\u00e9sultats financiers annuels, ce 18 f\u00e9vrier, Carlos Tavares a annonc\u00e9 que le directeur de la r\u00e9gion Inde-Pacifique avait pour mission de mener une \u00e9tude exploratoire pour \u00e9valuer le retour en Inde de PSA comme constructeur.<\/p>\n","protected":false},"excerpt":{"rendered":"<p>PSA en Inde ? le retour en Iran ? Carlos Tavares a annonc\u00e9, le 18 f\u00e9vrier, que PSA allait mener une \u00e9tude afin de revenir en Inde. PSA est aussi en train de pr\u00e9parer son retour en Iran. Apr\u00e8s la Chine, l\u2019Inde pourrait \u00eatre un nouveau d\u00e9bouch\u00e9 pour PSA. Retour en Iran pour PSA On &#8230; <a title=\"PSA en Inde ? le retour en Iran ?\" class=\"read-more\" href=\"https:\/\/www.carideal.com\/blog\/2015\/02\/20\/psa-en-inde-le-retour-en-iran\/\" aria-label=\"En savoir plus sur PSA en Inde ? le retour en Iran ?\">Lire plus<\/a><\/p>\n","protected":false},"author":3,"featured_media":14809,"comment_status":"open","ping_status":"open","sticky":false,"template":"","format":"standard","meta":{"_uag_custom_page_level_css":"","_themeisle_gutenberg_block_has_review":false,"footnotes":""},"categories":[21,10],"tags":[35],"class_list":["post-4335","post","type-post","status-publish","format-standard","has-post-thumbnail","hentry","category-actualites-auto","category-marche-automobile-voiture-neuve-occasion-4x4-suv","tag-psa"],"wppr_data":{"cwp_meta_box_check":"No"},"yoast_head":"<!-- This site is optimized with the Yoast SEO plugin v24.8.1 - https:\/\/yoast.com\/wordpress\/plugins\/seo\/ -->\n<title>PSA en Inde ? le retour en Iran ? - Blog auto Carid\u00e9al<\/title>\n<meta name=\"robots\" content=\"index, follow, max-snippet:-1, max-image-preview:large, max-video-preview:-1\" \/>\n<link rel=\"canonical\" href=\"https:\/\/www.carideal.com\/blog\/2015\/02\/20\/psa-en-inde-le-retour-en-iran\/\" \/>\n<meta property=\"og:locale\" content=\"fr_FR\" \/>\n<meta property=\"og:type\" content=\"article\" \/>\n<meta property=\"og:title\" content=\"PSA en Inde ? le retour en Iran ? - Blog auto Carid\u00e9al\" \/>\n<meta property=\"og:description\" content=\"PSA en Inde ? le retour en Iran ? Carlos Tavares a annonc\u00e9, le 18 f\u00e9vrier, que PSA allait mener une \u00e9tude afin de revenir en Inde. PSA est aussi en train de pr\u00e9parer son retour en Iran. Apr\u00e8s la Chine, l\u2019Inde pourrait \u00eatre un nouveau d\u00e9bouch\u00e9 pour PSA. Retour en Iran pour PSA On ... Lire plus\" \/>\n<meta property=\"og:url\" content=\"https:\/\/www.carideal.com\/blog\/2015\/02\/20\/psa-en-inde-le-retour-en-iran\/\" \/>\n<meta property=\"og:site_name\" content=\"Blog auto Carid\u00e9al\" \/>\n<meta property=\"article:publisher\" content=\"https:\/\/www.facebook.com\/Carideal.mandataire.automobile\" \/>\n<meta property=\"article:author\" content=\"https:\/\/www.facebook.com\/nicolas.schiavon.39\" \/>\n<meta property=\"article:published_time\" content=\"2015-02-20T07:12:09+00:00\" \/>\n<meta property=\"article:modified_time\" content=\"2017-01-12T08:59:52+00:00\" \/>\n<meta property=\"og:image\" content=\"https:\/\/www.carideal.com\/blog\/wp-content\/uploads\/2015\/02\/PSA-retour-en-iran-e1484211538320.jpg\" \/>\n\t<meta property=\"og:image:width\" content=\"800\" \/>\n\t<meta property=\"og:image:height\" content=\"400\" \/>\n\t<meta property=\"og:image:type\" content=\"image\/jpeg\" \/>\n<meta name=\"author\" content=\"Nicolas SCHIAVON\" \/>\n<meta name=\"twitter:card\" content=\"summary_large_image\" \/>\n<meta name=\"twitter:creator\" content=\"@caridealauto\" \/>\n<meta name=\"twitter:site\" content=\"@caridealauto\" \/>\n<meta name=\"twitter:label1\" content=\"\u00c9crit par\" \/>\n\t<meta name=\"twitter:data1\" content=\"Nicolas SCHIAVON\" \/>\n\t<meta name=\"twitter:label2\" content=\"Dur\u00e9e de lecture estim\u00e9e\" \/>\n\t<meta name=\"twitter:data2\" content=\"1 minute\" \/>\n<script type=\"application\/ld+json\" class=\"yoast-schema-graph\">{\"@context\":\"https:\/\/schema.org\",\"@graph\":[{\"@type\":\"Article\",\"@id\":\"https:\/\/www.carideal.com\/blog\/2015\/02\/20\/psa-en-inde-le-retour-en-iran\/#article\",\"isPartOf\":{\"@id\":\"https:\/\/www.carideal.com\/blog\/2015\/02\/20\/psa-en-inde-le-retour-en-iran\/\"},\"author\":{\"name\":\"Nicolas SCHIAVON\",\"@id\":\"https:\/\/www.carideal.com\/blog\/#\/schema\/person\/cd95dc7919660de90d31b366f85be1ec\"},\"headline\":\"PSA en Inde ? le retour en Iran ?\",\"datePublished\":\"2015-02-20T07:12:09+00:00\",\"dateModified\":\"2017-01-12T08:59:52+00:00\",\"mainEntityOfPage\":{\"@id\":\"https:\/\/www.carideal.com\/blog\/2015\/02\/20\/psa-en-inde-le-retour-en-iran\/\"},\"wordCount\":267,\"commentCount\":0,\"publisher\":{\"@id\":\"https:\/\/www.carideal.com\/blog\/#organization\"},\"image\":{\"@id\":\"https:\/\/www.carideal.com\/blog\/2015\/02\/20\/psa-en-inde-le-retour-en-iran\/#primaryimage\"},\"thumbnailUrl\":\"https:\/\/www.carideal.com\/blog\/wp-content\/uploads\/2015\/02\/PSA-retour-en-iran-e1484211538320.jpg\",\"keywords\":[\"PSA\"],\"articleSection\":[\"Actualit\u00e9 automobile\",\"March\u00e9 automobile\"],\"inLanguage\":\"fr-FR\",\"potentialAction\":[{\"@type\":\"CommentAction\",\"name\":\"Comment\",\"target\":[\"https:\/\/www.carideal.com\/blog\/2015\/02\/20\/psa-en-inde-le-retour-en-iran\/#respond\"]}]},{\"@type\":\"WebPage\",\"@id\":\"https:\/\/www.carideal.com\/blog\/2015\/02\/20\/psa-en-inde-le-retour-en-iran\/\",\"url\":\"https:\/\/www.carideal.com\/blog\/2015\/02\/20\/psa-en-inde-le-retour-en-iran\/\",\"name\":\"PSA en Inde ? le retour en Iran ? - Blog auto Carid\u00e9al\",\"isPartOf\":{\"@id\":\"https:\/\/www.carideal.com\/blog\/#website\"},\"primaryImageOfPage\":{\"@id\":\"https:\/\/www.carideal.com\/blog\/2015\/02\/20\/psa-en-inde-le-retour-en-iran\/#primaryimage\"},\"image\":{\"@id\":\"https:\/\/www.carideal.com\/blog\/2015\/02\/20\/psa-en-inde-le-retour-en-iran\/#primaryimage\"},\"thumbnailUrl\":\"https:\/\/www.carideal.com\/blog\/wp-content\/uploads\/2015\/02\/PSA-retour-en-iran-e1484211538320.jpg\",\"datePublished\":\"2015-02-20T07:12:09+00:00\",\"dateModified\":\"2017-01-12T08:59:52+00:00\",\"breadcrumb\":{\"@id\":\"https:\/\/www.carideal.com\/blog\/2015\/02\/20\/psa-en-inde-le-retour-en-iran\/#breadcrumb\"},\"inLanguage\":\"fr-FR\",\"potentialAction\":[{\"@type\":\"ReadAction\",\"target\":[\"https:\/\/www.carideal.com\/blog\/2015\/02\/20\/psa-en-inde-le-retour-en-iran\/\"]}]},{\"@type\":\"ImageObject\",\"inLanguage\":\"fr-FR\",\"@id\":\"https:\/\/www.carideal.com\/blog\/2015\/02\/20\/psa-en-inde-le-retour-en-iran\/#primaryimage\",\"url\":\"https:\/\/www.carideal.com\/blog\/wp-content\/uploads\/2015\/02\/PSA-retour-en-iran-e1484211538320.jpg\",\"contentUrl\":\"https:\/\/www.carideal.com\/blog\/wp-content\/uploads\/2015\/02\/PSA-retour-en-iran-e1484211538320.jpg\",\"width\":800,\"height\":400,\"caption\":\"PSA veut retourner en Iran\"},{\"@type\":\"BreadcrumbList\",\"@id\":\"https:\/\/www.carideal.com\/blog\/2015\/02\/20\/psa-en-inde-le-retour-en-iran\/#breadcrumb\",\"itemListElement\":[{\"@type\":\"ListItem\",\"position\":1,\"name\":\"Blog Carid\u00e9al\",\"item\":\"https:\/\/www.carideal.com\/blog\/\"},{\"@type\":\"ListItem\",\"position\":2,\"name\":\"Actualit\u00e9 automobile\",\"item\":\"https:\/\/www.carideal.com\/blog\/actualites-auto\/\"},{\"@type\":\"ListItem\",\"position\":3,\"name\":\"PSA en Inde ? le retour en Iran ?\"}]},{\"@type\":\"WebSite\",\"@id\":\"https:\/\/www.carideal.com\/blog\/#website\",\"url\":\"https:\/\/www.carideal.com\/blog\/\",\"name\":\"Blog auto Carid\u00e9al\",\"description\":\"Actualit\u00e9 auto par des passionn\u00e9s\",\"publisher\":{\"@id\":\"https:\/\/www.carideal.com\/blog\/#organization\"},\"potentialAction\":[{\"@type\":\"SearchAction\",\"target\":{\"@type\":\"EntryPoint\",\"urlTemplate\":\"https:\/\/www.carideal.com\/blog\/?s={search_term_string}\"},\"query-input\":{\"@type\":\"PropertyValueSpecification\",\"valueRequired\":true,\"valueName\":\"search_term_string\"}}],\"inLanguage\":\"fr-FR\"},{\"@type\":\"Organization\",\"@id\":\"https:\/\/www.carideal.com\/blog\/#organization\",\"name\":\"Carideal\",\"url\":\"https:\/\/www.carideal.com\/blog\/\",\"logo\":{\"@type\":\"ImageObject\",\"inLanguage\":\"fr-FR\",\"@id\":\"https:\/\/www.carideal.com\/blog\/#\/schema\/logo\/image\/\",\"url\":\"http:\/\/www.carideal.com\/blog\/wp-content\/uploads\/2016\/03\/logo-carideal-mandataire-automobile.png\",\"contentUrl\":\"http:\/\/www.carideal.com\/blog\/wp-content\/uploads\/2016\/03\/logo-carideal-mandataire-automobile.png\",\"width\":300,\"height\":300,\"caption\":\"Carideal\"},\"image\":{\"@id\":\"https:\/\/www.carideal.com\/blog\/#\/schema\/logo\/image\/\"},\"sameAs\":[\"https:\/\/www.facebook.com\/Carideal.mandataire.automobile\",\"https:\/\/x.com\/caridealauto\",\"https:\/\/www.instagram.com\/carideal1\/\",\"https:\/\/www.linkedin.com\/company\/carideal.com\",\"https:\/\/fr.pinterest.com\/schiavonsas\/\",\"https:\/\/www.youtube.com\/user\/caridealsas\"]},{\"@type\":\"Person\",\"@id\":\"https:\/\/www.carideal.com\/blog\/#\/schema\/person\/cd95dc7919660de90d31b366f85be1ec\",\"name\":\"Nicolas SCHIAVON\",\"image\":{\"@type\":\"ImageObject\",\"inLanguage\":\"fr-FR\",\"@id\":\"https:\/\/www.carideal.com\/blog\/#\/schema\/person\/image\/\",\"url\":\"https:\/\/secure.gravatar.com\/avatar\/c17e55009e671d92cc7f5dc837dc418a?s=96&r=g\",\"contentUrl\":\"https:\/\/secure.gravatar.com\/avatar\/c17e55009e671d92cc7f5dc837dc418a?s=96&r=g\",\"caption\":\"Nicolas SCHIAVON\"},\"description\":\"Nicolas Schiavon est tomb\u00e9 tout petit dans la marmite automobile. Ayant eu un garage de marque automobile, mandataire automobile de la premi\u00e8re heure d\u00e8s 1999. Nicolas a cr\u00e9\u00e9 ces premiers sites de vente de voiture et blog automobile d\u00e8s 1994. Carideal est n\u00e9 le 15 d\u00e9cembre 2000 de la volont\u00e9 de vendre des voitures d'occasions en ligne puis des voitures neuves. Il a pu essayer beaucoup de voitures tr\u00e8s diff\u00e9rentes et ayant eu personnellement quelques belles autos, Subaru Impreza, Mitsubishi Lancer Evo 7, Porsche 911, Ferrari Testarrossa, Audi RS3, RS4 et j'en passe...\",\"sameAs\":[\"http:\/\/www.carideal.com\",\"https:\/\/www.facebook.com\/nicolas.schiavon.39\",\"https:\/\/www.instagram.com\/carideal1\/\",\"https:\/\/www.linkedin.com\/in\/nschiavon\/\",\"https:\/\/x.com\/caridealauto\",\"https:\/\/www.youtube.com\/user\/caridealsas\/\"],\"url\":\"https:\/\/www.carideal.com\/blog\/author\/nschiavon\/\"}]}<\/script>\n<!-- \/ Yoast SEO plugin. -->","yoast_head_json":{"title":"PSA en Inde ? le retour en Iran ? - Blog auto Carid\u00e9al","robots":{"index":"index","follow":"follow","max-snippet":"max-snippet:-1","max-image-preview":"max-image-preview:large","max-video-preview":"max-video-preview:-1"},"canonical":"https:\/\/www.carideal.com\/blog\/2015\/02\/20\/psa-en-inde-le-retour-en-iran\/","og_locale":"fr_FR","og_type":"article","og_title":"PSA en Inde ? le retour en Iran ? - Blog auto Carid\u00e9al","og_description":"PSA en Inde ? le retour en Iran ? Carlos Tavares a annonc\u00e9, le 18 f\u00e9vrier, que PSA allait mener une \u00e9tude afin de revenir en Inde. PSA est aussi en train de pr\u00e9parer son retour en Iran. Apr\u00e8s la Chine, l\u2019Inde pourrait \u00eatre un nouveau d\u00e9bouch\u00e9 pour PSA. Retour en Iran pour PSA On ... Lire plus","og_url":"https:\/\/www.carideal.com\/blog\/2015\/02\/20\/psa-en-inde-le-retour-en-iran\/","og_site_name":"Blog auto Carid\u00e9al","article_publisher":"https:\/\/www.facebook.com\/Carideal.mandataire.automobile","article_author":"https:\/\/www.facebook.com\/nicolas.schiavon.39","article_published_time":"2015-02-20T07:12:09+00:00","article_modified_time":"2017-01-12T08:59:52+00:00","og_image":[{"width":800,"height":400,"url":"https:\/\/www.carideal.com\/blog\/wp-content\/uploads\/2015\/02\/PSA-retour-en-iran-e1484211538320.jpg","type":"image\/jpeg"}],"author":"Nicolas SCHIAVON","twitter_card":"summary_large_image","twitter_creator":"@caridealauto","twitter_site":"@caridealauto","twitter_misc":{"\u00c9crit par":"Nicolas SCHIAVON","Dur\u00e9e de lecture estim\u00e9e":"1 minute"},"schema":{"@context":"https:\/\/schema.org","@graph":[{"@type":"Article","@id":"https:\/\/www.carideal.com\/blog\/2015\/02\/20\/psa-en-inde-le-retour-en-iran\/#article","isPartOf":{"@id":"https:\/\/www.carideal.com\/blog\/2015\/02\/20\/psa-en-inde-le-retour-en-iran\/"},"author":{"name":"Nicolas SCHIAVON","@id":"https:\/\/www.carideal.com\/blog\/#\/schema\/person\/cd95dc7919660de90d31b366f85be1ec"},"headline":"PSA en Inde ? le retour en Iran ?","datePublished":"2015-02-20T07:12:09+00:00","dateModified":"2017-01-12T08:59:52+00:00","mainEntityOfPage":{"@id":"https:\/\/www.carideal.com\/blog\/2015\/02\/20\/psa-en-inde-le-retour-en-iran\/"},"wordCount":267,"commentCount":0,"publisher":{"@id":"https:\/\/www.carideal.com\/blog\/#organization"},"image":{"@id":"https:\/\/www.carideal.com\/blog\/2015\/02\/20\/psa-en-inde-le-retour-en-iran\/#primaryimage"},"thumbnailUrl":"https:\/\/www.carideal.com\/blog\/wp-content\/uploads\/2015\/02\/PSA-retour-en-iran-e1484211538320.jpg","keywords":["PSA"],"articleSection":["Actualit\u00e9 automobile","March\u00e9 automobile"],"inLanguage":"fr-FR","potentialAction":[{"@type":"CommentAction","name":"Comment","target":["https:\/\/www.carideal.com\/blog\/2015\/02\/20\/psa-en-inde-le-retour-en-iran\/#respond"]}]},{"@type":"WebPage","@id":"https:\/\/www.carideal.com\/blog\/2015\/02\/20\/psa-en-inde-le-retour-en-iran\/","url":"https:\/\/www.carideal.com\/blog\/2015\/02\/20\/psa-en-inde-le-retour-en-iran\/","name":"PSA en Inde ? le retour en Iran ? - Blog auto Carid\u00e9al","isPartOf":{"@id":"https:\/\/www.carideal.com\/blog\/#website"},"primaryImageOfPage":{"@id":"https:\/\/www.carideal.com\/blog\/2015\/02\/20\/psa-en-inde-le-retour-en-iran\/#primaryimage"},"image":{"@id":"https:\/\/www.carideal.com\/blog\/2015\/02\/20\/psa-en-inde-le-retour-en-iran\/#primaryimage"},"thumbnailUrl":"https:\/\/www.carideal.com\/blog\/wp-content\/uploads\/2015\/02\/PSA-retour-en-iran-e1484211538320.jpg","datePublished":"2015-02-20T07:12:09+00:00","dateModified":"2017-01-12T08:59:52+00:00","breadcrumb":{"@id":"https:\/\/www.carideal.com\/blog\/2015\/02\/20\/psa-en-inde-le-retour-en-iran\/#breadcrumb"},"inLanguage":"fr-FR","potentialAction":[{"@type":"ReadAction","target":["https:\/\/www.carideal.com\/blog\/2015\/02\/20\/psa-en-inde-le-retour-en-iran\/"]}]},{"@type":"ImageObject","inLanguage":"fr-FR","@id":"https:\/\/www.carideal.com\/blog\/2015\/02\/20\/psa-en-inde-le-retour-en-iran\/#primaryimage","url":"https:\/\/www.carideal.com\/blog\/wp-content\/uploads\/2015\/02\/PSA-retour-en-iran-e1484211538320.jpg","contentUrl":"https:\/\/www.carideal.com\/blog\/wp-content\/uploads\/2015\/02\/PSA-retour-en-iran-e1484211538320.jpg","width":800,"height":400,"caption":"PSA veut retourner en Iran"},{"@type":"BreadcrumbList","@id":"https:\/\/www.carideal.com\/blog\/2015\/02\/20\/psa-en-inde-le-retour-en-iran\/#breadcrumb","itemListElement":[{"@type":"ListItem","position":1,"name":"Blog Carid\u00e9al","item":"https:\/\/www.carideal.com\/blog\/"},{"@type":"ListItem","position":2,"name":"Actualit\u00e9 automobile","item":"https:\/\/www.carideal.com\/blog\/actualites-auto\/"},{"@type":"ListItem","position":3,"name":"PSA en Inde ? le retour en Iran ?"}]},{"@type":"WebSite","@id":"https:\/\/www.carideal.com\/blog\/#website","url":"https:\/\/www.carideal.com\/blog\/","name":"Blog auto Carid\u00e9al","description":"Actualit\u00e9 auto par des passionn\u00e9s","publisher":{"@id":"https:\/\/www.carideal.com\/blog\/#organization"},"potentialAction":[{"@type":"SearchAction","target":{"@type":"EntryPoint","urlTemplate":"https:\/\/www.carideal.com\/blog\/?s={search_term_string}"},"query-input":{"@type":"PropertyValueSpecification","valueRequired":true,"valueName":"search_term_string"}}],"inLanguage":"fr-FR"},{"@type":"Organization","@id":"https:\/\/www.carideal.com\/blog\/#organization","name":"Carideal","url":"https:\/\/www.carideal.com\/blog\/","logo":{"@type":"ImageObject","inLanguage":"fr-FR","@id":"https:\/\/www.carideal.com\/blog\/#\/schema\/logo\/image\/","url":"http:\/\/www.carideal.com\/blog\/wp-content\/uploads\/2016\/03\/logo-carideal-mandataire-automobile.png","contentUrl":"http:\/\/www.carideal.com\/blog\/wp-content\/uploads\/2016\/03\/logo-carideal-mandataire-automobile.png","width":300,"height":300,"caption":"Carideal"},"image":{"@id":"https:\/\/www.carideal.com\/blog\/#\/schema\/logo\/image\/"},"sameAs":["https:\/\/www.facebook.com\/Carideal.mandataire.automobile","https:\/\/x.com\/caridealauto","https:\/\/www.instagram.com\/carideal1\/","https:\/\/www.linkedin.com\/company\/carideal.com","https:\/\/fr.pinterest.com\/schiavonsas\/","https:\/\/www.youtube.com\/user\/caridealsas"]},{"@type":"Person","@id":"https:\/\/www.carideal.com\/blog\/#\/schema\/person\/cd95dc7919660de90d31b366f85be1ec","name":"Nicolas SCHIAVON","image":{"@type":"ImageObject","inLanguage":"fr-FR","@id":"https:\/\/www.carideal.com\/blog\/#\/schema\/person\/image\/","url":"https:\/\/secure.gravatar.com\/avatar\/c17e55009e671d92cc7f5dc837dc418a?s=96&r=g","contentUrl":"https:\/\/secure.gravatar.com\/avatar\/c17e55009e671d92cc7f5dc837dc418a?s=96&r=g","caption":"Nicolas SCHIAVON"},"description":"Nicolas Schiavon est tomb\u00e9 tout petit dans la marmite automobile. Ayant eu un garage de marque automobile, mandataire automobile de la premi\u00e8re heure d\u00e8s 1999. Nicolas a cr\u00e9\u00e9 ces premiers sites de vente de voiture et blog automobile d\u00e8s 1994. Carideal est n\u00e9 le 15 d\u00e9cembre 2000 de la volont\u00e9 de vendre des voitures d'occasions en ligne puis des voitures neuves. Il a pu essayer beaucoup de voitures tr\u00e8s diff\u00e9rentes et ayant eu personnellement quelques belles autos, Subaru Impreza, Mitsubishi Lancer Evo 7, Porsche 911, Ferrari Testarrossa, Audi RS3, RS4 et j'en passe...","sameAs":["http:\/\/www.carideal.com","https:\/\/www.facebook.com\/nicolas.schiavon.39","https:\/\/www.instagram.com\/carideal1\/","https:\/\/www.linkedin.com\/in\/nschiavon\/","https:\/\/x.com\/caridealauto","https:\/\/www.youtube.com\/user\/caridealsas\/"],"url":"https:\/\/www.carideal.com\/blog\/author\/nschiavon\/"}]}},"uagb_featured_image_src":{"full":["https:\/\/www.carideal.com\/blog\/wp-content\/uploads\/2015\/02\/PSA-retour-en-iran-e1484211538320.jpg",800,400,false],"thumbnail":["https:\/\/www.carideal.com\/blog\/wp-content\/uploads\/2015\/02\/PSA-retour-en-iran-150x150.jpg",150,150,true],"medium":["https:\/\/www.carideal.com\/blog\/wp-content\/uploads\/2015\/02\/PSA-retour-en-iran-300x150.jpg",300,150,true],"medium_large":["https:\/\/www.carideal.com\/blog\/wp-content\/uploads\/2015\/02\/PSA-retour-en-iran-768x384.jpg",768,384,true],"large":["https:\/\/www.carideal.com\/blog\/wp-content\/uploads\/2015\/02\/PSA-retour-en-iran-1024x512.jpg",1024,512,true],"1536x1536":["https:\/\/www.carideal.com\/blog\/wp-content\/uploads\/2015\/02\/PSA-retour-en-iran-e1484211538320.jpg",800,400,false],"2048x2048":["https:\/\/www.carideal.com\/blog\/wp-content\/uploads\/2015\/02\/PSA-retour-en-iran-e1484211538320.jpg",800,400,false],"wppr-widget":["https:\/\/www.carideal.com\/blog\/wp-content\/uploads\/2015\/02\/PSA-retour-en-iran-e1484211538320.jpg",50,25,false]},"uagb_author_info":{"display_name":"Nicolas SCHIAVON","author_link":"https:\/\/www.carideal.com\/blog\/author\/nschiavon\/"},"uagb_comment_info":0,"uagb_excerpt":"PSA en Inde ? le retour en Iran ? Carlos Tavares a annonc\u00e9, le 18 f\u00e9vrier, que PSA allait mener une \u00e9tude afin de revenir en Inde. PSA est aussi en train de pr\u00e9parer son retour en Iran. Apr\u00e8s la Chine, l\u2019Inde pourrait \u00eatre un nouveau d\u00e9bouch\u00e9 pour PSA. Retour en Iran pour PSA On\u2026","_links":{"self":[{"href":"https:\/\/www.carideal.com\/blog\/wp-json\/wp\/v2\/posts\/4335"}],"collection":[{"href":"https:\/\/www.carideal.com\/blog\/wp-json\/wp\/v2\/posts"}],"about":[{"href":"https:\/\/www.carideal.com\/blog\/wp-json\/wp\/v2\/types\/post"}],"author":[{"embeddable":true,"href":"https:\/\/www.carideal.com\/blog\/wp-json\/wp\/v2\/users\/3"}],"replies":[{"embeddable":true,"href":"https:\/\/www.carideal.com\/blog\/wp-json\/wp\/v2\/comments?post=4335"}],"version-history":[{"count":0,"href":"https:\/\/www.carideal.com\/blog\/wp-json\/wp\/v2\/posts\/4335\/revisions"}],"wp:featuredmedia":[{"embeddable":true,"href":"https:\/\/www.carideal.com\/blog\/wp-json\/wp\/v2\/media\/14809"}],"wp:attachment":[{"href":"https:\/\/www.carideal.com\/blog\/wp-json\/wp\/v2\/media?parent=4335"}],"wp:term":[{"taxonomy":"category","embeddable":true,"href":"https:\/\/www.carideal.com\/blog\/wp-json\/wp\/v2\/categories?post=4335"},{"taxonomy":"post_tag","embeddable":true,"href":"https:\/\/www.carideal.com\/blog\/wp-json\/wp\/v2\/tags?post=4335"}],"curies":[{"name":"wp","href":"https:\/\/api.w.org\/{rel}","templated":true}]}}