{"id":4322,"date":"2015-02-14T13:06:49","date_gmt":"2015-02-14T12:06:49","guid":{"rendered":"http:\/\/www.carideal.com\/blog\/?p=4322"},"modified":"2020-03-07T16:46:48","modified_gmt":"2020-03-07T15:46:48","slug":"votre-bmw-se-garera-toute-seule-grace-a-votre-montre","status":"publish","type":"post","link":"https:\/\/www.carideal.com\/blog\/2015\/02\/14\/votre-bmw-se-garera-toute-seule-grace-a-votre-montre\/","title":{"rendered":"BMW i3 autonome se gare seule"},"content":{"rendered":"<h1>Votre BMW i3 Autonome se garera toute seule gr\u00e2ce \u00e0 votre montre !<\/h1>\n<h2><strong>La BMW i3 autonome se gare toute seule !<\/strong><\/h2>\n<p>La <strong>BMW i3 autonome<\/strong> pr\u00e9sente une technolo\u00adgie de parking automatis\u00e9 qui permet, depuis une montre connect\u00e9e, de donner l'ordre \u00e0 sa voiture de chercher une place et de se garer de fa\u00e7on autonome.<\/p>\n<p>Dans un avenir proche, les <span style=\"text-decoration: underline;\">BMW<\/span> sauront se garer toutes seules, comme une <span style=\"text-decoration: underline;\"><a href=\"http:\/\/www.carideal.com\/blog\/2015\/10\/20\/une-voiture-autonome-de-psa-fait-le-trajet-paris-bordeaux-par-lautoroute\/\">voiture\u00a0totalement autonome<\/a><\/span>. Gr\u00e2ce \u00e0 quatre scanners lasers qui ana\u00adlysent en temps r\u00e9el l'environ\u00adnement de l'auto \u00e0 360\u00b0, La <span style=\"text-decoration: underline;\"><a href=\"http:\/\/www.carideal.com\/691-i3\">BMW i3<\/a><\/span>\u00a0se d\u00e9place sans intervention humaine. La BMW i3 autonome peut \u00e9viter toute collision avec un pi\u00e9ton, un pi\u00adlier de parking ou un autre v\u00e9\u00adhicule. Le syst\u00e8me s'appuie \u00e9galement sur une cartogra\u00adphie num\u00e9rique en 3D du lieu dans lequel la voiture \u00e9volue. La BMW i3 autonome peut se d\u00e9placer sans encombre. Enfin, lorsque la BMW i3 autonome\u00a0est gar\u00e9e, elle se ver\u00adrouille toute seule et en in\u00adforme le conducteur via sa <span style=\"text-decoration: underline;\"><a href=\"http:\/\/www.carideal.com\/blog\/2015\/02\/13\/demarre-sa-voiture-avec-sa-montre\/\">montre connect\u00e9e<\/a><\/span>.<\/p>\n<p>Ces voiture autonome utilisent toutes les principes technologiques d\u00e9velopp\u00e9s par les \u00e9quipementiers automobiles. Ce sont <span style=\"text-decoration: underline;\"><a href=\"http:\/\/www.carideal.com\/blog\/2015\/10\/06\/voiture-autonome-valeo-drive-4u\/\">Val\u00e9o et son Drive for U<\/a><\/span> et d'autres encore qui\u00a0mettent\u00a0au point des \u00e9l\u00e9ments de s\u00e9curit\u00e9 pour rendre sur la voiture autonome, tel <a href=\"http:\/\/www.carideal.com\/blog\/2014\/09\/24\/gm-va-tester-la-voiture-autonome-des-2017\/\">G\u00e9n\u00e9ral Motors<\/a>, ou bien <span style=\"text-decoration: underline;\"><a href=\"http:\/\/www.carideal.com\/blog\/2015\/02\/13\/la-voiture-autonome-de-luxe-mercedes-f015-luxury-in-motion\/\">Mercedes<\/a><\/span>. Mais un des pr\u00e9curseurs reste Citroen avec son <span style=\"text-decoration: underline;\"><a href=\"http:\/\/www.carideal.com\/blog\/2015\/10\/20\/une-voiture-autonome-de-psa-fait-le-trajet-paris-bordeaux-par-lautoroute\/\">C4 Picasso Autonome<\/a><\/span> et son Pack Park assist.<\/p>\n<h2>Prix et autonomie de la BMW i3<\/h2>\n<p>Mais si la BMW i3 propose des fonctions autonomes, sa v\u00e9ritable nouveaut\u00e9 avant tout est d'\u00eatre une <span style=\"text-decoration: underline;\"><a href=\"http:\/\/www.carideal.com\/blog\/2016\/02\/04\/vente-de-voiture-electrique-en-hausse\/\">voiture \u00e9lectrique<\/a><\/span>. Il faudra attendre 2016 pour voir des BMW de s\u00e9rie proposer en option, des syst\u00e8mes de conduite automone \u00e0 basse vitesse. Ce sera dans un premier temps pendant les phase de bouchon sur autoroute ou sur le p\u00e9riph\u00e9rique par exemple. Pour le moment donc point de BMW i3 autonome. En attendant BMW propose sa i3 au prix\u00a0de 35500 \u20ac et 170 ch pour une autonomie de 160 km. Un prolongateur d'autonomie (petit moteur essence) est disponible en option.<\/p>\n<p>Pour ceux qui ont un plus gros portefeuille, BMW propose aussi son i8 \u00e0 partir de 136 000 \u20ac mais qui est une <span style=\"text-decoration: underline;\"><a href=\"http:\/\/www.carideal.com\/blog\/2014\/05\/15\/faut-il-se-tourner-vers-un-vehicule-hybride\/\">voiture hybride<\/a><\/span>.<\/p>\n<p>&nbsp;<\/p>\n<p>&nbsp;<\/p>\n","protected":false},"excerpt":{"rendered":"<p>Votre BMW i3 Autonome se garera toute seule gr\u00e2ce \u00e0 votre montre ! La BMW i3 autonome se gare toute seule ! La BMW i3 autonome pr\u00e9sente une technolo\u00adgie de parking automatis\u00e9 qui permet, depuis une montre connect\u00e9e, de donner l&rsquo;ordre \u00e0 sa voiture de chercher une place et de se garer de fa\u00e7on autonome. &#8230; <a title=\"BMW i3 autonome se gare seule\" class=\"read-more\" href=\"https:\/\/www.carideal.com\/blog\/2015\/02\/14\/votre-bmw-se-garera-toute-seule-grace-a-votre-montre\/\" aria-label=\"En savoir plus sur BMW i3 autonome se gare seule\">Lire plus<\/a><\/p>\n","protected":false},"author":3,"featured_media":4323,"comment_status":"open","ping_status":"open","sticky":false,"template":"","format":"standard","meta":{"_uag_custom_page_level_css":"","_themeisle_gutenberg_block_has_review":false,"footnotes":""},"categories":[21,5945,5944,9,6,6041,5080,5974,6042,5970],"tags":[4450],"class_list":["post-4322","post","type-post","status-publish","format-standard","has-post-thumbnail","hentry","category-actualites-auto","category-bmw","category-constructeur","category-divers","category-ecologie","category-nouvelles-technologies","category-technologie-2","category-type-de-vehicule","category-voiture-autonome","category-electrique-technologie-2","tag-voiture-automatisee-et-autonome"],"wppr_data":{"cwp_meta_box_check":"No"},"yoast_head":"<!-- This site is optimized with the Yoast SEO plugin v24.8.1 - https:\/\/yoast.com\/wordpress\/plugins\/seo\/ -->\n<title>BMW i3 autonome se gare seule - Blog auto Carid\u00e9al<\/title>\n<meta name=\"description\" content=\"Votre BMW i3 Autonome se garera toute seule gr\u00e2ce \u00e0 votre montre ! Elle utilise pour cela 4 laser qui scane l&#039;espace \u00e0 360 \u00b0 autour d&#039;elle.\" \/>\n<meta name=\"robots\" content=\"index, follow, max-snippet:-1, max-image-preview:large, max-video-preview:-1\" \/>\n<link rel=\"canonical\" href=\"https:\/\/www.carideal.com\/blog\/2015\/02\/14\/votre-bmw-se-garera-toute-seule-grace-a-votre-montre\/\" \/>\n<meta property=\"og:locale\" content=\"fr_FR\" \/>\n<meta property=\"og:type\" content=\"article\" \/>\n<meta property=\"og:title\" content=\"BMW i3 autonome se gare seule - Blog auto Carid\u00e9al\" \/>\n<meta property=\"og:description\" content=\"Votre BMW i3 Autonome se garera toute seule gr\u00e2ce \u00e0 votre montre ! Elle utilise pour cela 4 laser qui scane l&#039;espace \u00e0 360 \u00b0 autour d&#039;elle.\" \/>\n<meta property=\"og:url\" content=\"https:\/\/www.carideal.com\/blog\/2015\/02\/14\/votre-bmw-se-garera-toute-seule-grace-a-votre-montre\/\" \/>\n<meta property=\"og:site_name\" content=\"Blog auto Carid\u00e9al\" \/>\n<meta property=\"article:publisher\" content=\"https:\/\/www.facebook.com\/Carideal.mandataire.automobile\" \/>\n<meta property=\"article:author\" content=\"https:\/\/www.facebook.com\/nicolas.schiavon.39\" \/>\n<meta property=\"article:published_time\" content=\"2015-02-14T12:06:49+00:00\" \/>\n<meta property=\"article:modified_time\" content=\"2020-03-07T15:46:48+00:00\" \/>\n<meta property=\"og:image\" content=\"https:\/\/www.carideal.com\/blog\/wp-content\/uploads\/2015\/02\/BMW-i3-smartwatchs-connecte-gare-seule-carideal-blog-e1572985605107.jpg\" \/>\n\t<meta property=\"og:image:width\" content=\"600\" \/>\n\t<meta property=\"og:image:height\" content=\"400\" \/>\n\t<meta property=\"og:image:type\" content=\"image\/jpeg\" \/>\n<meta name=\"author\" content=\"Nicolas SCHIAVON\" \/>\n<meta name=\"twitter:card\" content=\"summary_large_image\" \/>\n<meta name=\"twitter:creator\" content=\"@caridealauto\" \/>\n<meta name=\"twitter:site\" content=\"@caridealauto\" \/>\n<meta name=\"twitter:label1\" content=\"\u00c9crit par\" \/>\n\t<meta name=\"twitter:data1\" content=\"Nicolas SCHIAVON\" \/>\n\t<meta name=\"twitter:label2\" content=\"Dur\u00e9e de lecture estim\u00e9e\" \/>\n\t<meta name=\"twitter:data2\" content=\"2 minutes\" \/>\n<script type=\"application\/ld+json\" class=\"yoast-schema-graph\">{\"@context\":\"https:\/\/schema.org\",\"@graph\":[{\"@type\":\"Article\",\"@id\":\"https:\/\/www.carideal.com\/blog\/2015\/02\/14\/votre-bmw-se-garera-toute-seule-grace-a-votre-montre\/#article\",\"isPartOf\":{\"@id\":\"https:\/\/www.carideal.com\/blog\/2015\/02\/14\/votre-bmw-se-garera-toute-seule-grace-a-votre-montre\/\"},\"author\":{\"name\":\"Nicolas SCHIAVON\",\"@id\":\"https:\/\/www.carideal.com\/blog\/#\/schema\/person\/cd95dc7919660de90d31b366f85be1ec\"},\"headline\":\"BMW i3 autonome se gare seule\",\"datePublished\":\"2015-02-14T12:06:49+00:00\",\"dateModified\":\"2020-03-07T15:46:48+00:00\",\"mainEntityOfPage\":{\"@id\":\"https:\/\/www.carideal.com\/blog\/2015\/02\/14\/votre-bmw-se-garera-toute-seule-grace-a-votre-montre\/\"},\"wordCount\":377,\"commentCount\":0,\"publisher\":{\"@id\":\"https:\/\/www.carideal.com\/blog\/#organization\"},\"image\":{\"@id\":\"https:\/\/www.carideal.com\/blog\/2015\/02\/14\/votre-bmw-se-garera-toute-seule-grace-a-votre-montre\/#primaryimage\"},\"thumbnailUrl\":\"https:\/\/www.carideal.com\/blog\/wp-content\/uploads\/2015\/02\/BMW-i3-smartwatchs-connecte-gare-seule-carideal-blog-e1572985605107.jpg\",\"keywords\":[\"Voiture autonome \u00e9lectrique\"],\"articleSection\":[\"Actualit\u00e9 automobile\",\"Actualit\u00e9 BMW\",\"Actualit\u00e9 Constructeur automobile\",\"Divers\",\"Ecologie\",\"Nouvelles Technologies automobile\",\"Technologie Automobile\",\"Type de v\u00e9hicule\",\"Voiture autonome\",\"Voiture \u00e9lectrique\"],\"inLanguage\":\"fr-FR\",\"potentialAction\":[{\"@type\":\"CommentAction\",\"name\":\"Comment\",\"target\":[\"https:\/\/www.carideal.com\/blog\/2015\/02\/14\/votre-bmw-se-garera-toute-seule-grace-a-votre-montre\/#respond\"]}]},{\"@type\":\"WebPage\",\"@id\":\"https:\/\/www.carideal.com\/blog\/2015\/02\/14\/votre-bmw-se-garera-toute-seule-grace-a-votre-montre\/\",\"url\":\"https:\/\/www.carideal.com\/blog\/2015\/02\/14\/votre-bmw-se-garera-toute-seule-grace-a-votre-montre\/\",\"name\":\"BMW i3 autonome se gare seule - Blog auto Carid\u00e9al\",\"isPartOf\":{\"@id\":\"https:\/\/www.carideal.com\/blog\/#website\"},\"primaryImageOfPage\":{\"@id\":\"https:\/\/www.carideal.com\/blog\/2015\/02\/14\/votre-bmw-se-garera-toute-seule-grace-a-votre-montre\/#primaryimage\"},\"image\":{\"@id\":\"https:\/\/www.carideal.com\/blog\/2015\/02\/14\/votre-bmw-se-garera-toute-seule-grace-a-votre-montre\/#primaryimage\"},\"thumbnailUrl\":\"https:\/\/www.carideal.com\/blog\/wp-content\/uploads\/2015\/02\/BMW-i3-smartwatchs-connecte-gare-seule-carideal-blog-e1572985605107.jpg\",\"datePublished\":\"2015-02-14T12:06:49+00:00\",\"dateModified\":\"2020-03-07T15:46:48+00:00\",\"description\":\"Votre BMW i3 Autonome se garera toute seule gr\u00e2ce \u00e0 votre montre ! Elle utilise pour cela 4 laser qui scane l'espace \u00e0 360 \u00b0 autour d'elle.\",\"breadcrumb\":{\"@id\":\"https:\/\/www.carideal.com\/blog\/2015\/02\/14\/votre-bmw-se-garera-toute-seule-grace-a-votre-montre\/#breadcrumb\"},\"inLanguage\":\"fr-FR\",\"potentialAction\":[{\"@type\":\"ReadAction\",\"target\":[\"https:\/\/www.carideal.com\/blog\/2015\/02\/14\/votre-bmw-se-garera-toute-seule-grace-a-votre-montre\/\"]}]},{\"@type\":\"ImageObject\",\"inLanguage\":\"fr-FR\",\"@id\":\"https:\/\/www.carideal.com\/blog\/2015\/02\/14\/votre-bmw-se-garera-toute-seule-grace-a-votre-montre\/#primaryimage\",\"url\":\"https:\/\/www.carideal.com\/blog\/wp-content\/uploads\/2015\/02\/BMW-i3-smartwatchs-connecte-gare-seule-carideal-blog-e1572985605107.jpg\",\"contentUrl\":\"https:\/\/www.carideal.com\/blog\/wp-content\/uploads\/2015\/02\/BMW-i3-smartwatchs-connecte-gare-seule-carideal-blog-e1572985605107.jpg\",\"width\":600,\"height\":400,\"caption\":\"Dans un avenir proche les BMW saura se garer toute seule.\"},{\"@type\":\"BreadcrumbList\",\"@id\":\"https:\/\/www.carideal.com\/blog\/2015\/02\/14\/votre-bmw-se-garera-toute-seule-grace-a-votre-montre\/#breadcrumb\",\"itemListElement\":[{\"@type\":\"ListItem\",\"position\":1,\"name\":\"Blog Carid\u00e9al\",\"item\":\"https:\/\/www.carideal.com\/blog\/\"},{\"@type\":\"ListItem\",\"position\":2,\"name\":\"Actualit\u00e9 constructeur automobile\",\"item\":\"https:\/\/www.carideal.com\/blog\/constructeur\/\"},{\"@type\":\"ListItem\",\"position\":3,\"name\":\"Actualit\u00e9 BMW\",\"item\":\"https:\/\/www.carideal.com\/blog\/constructeur\/bmw\/\"},{\"@type\":\"ListItem\",\"position\":4,\"name\":\"BMW i3 autonome se gare seule\"}]},{\"@type\":\"WebSite\",\"@id\":\"https:\/\/www.carideal.com\/blog\/#website\",\"url\":\"https:\/\/www.carideal.com\/blog\/\",\"name\":\"Blog auto Carid\u00e9al\",\"description\":\"Actualit\u00e9 auto par des passionn\u00e9s\",\"publisher\":{\"@id\":\"https:\/\/www.carideal.com\/blog\/#organization\"},\"potentialAction\":[{\"@type\":\"SearchAction\",\"target\":{\"@type\":\"EntryPoint\",\"urlTemplate\":\"https:\/\/www.carideal.com\/blog\/?s={search_term_string}\"},\"query-input\":{\"@type\":\"PropertyValueSpecification\",\"valueRequired\":true,\"valueName\":\"search_term_string\"}}],\"inLanguage\":\"fr-FR\"},{\"@type\":\"Organization\",\"@id\":\"https:\/\/www.carideal.com\/blog\/#organization\",\"name\":\"Carideal\",\"url\":\"https:\/\/www.carideal.com\/blog\/\",\"logo\":{\"@type\":\"ImageObject\",\"inLanguage\":\"fr-FR\",\"@id\":\"https:\/\/www.carideal.com\/blog\/#\/schema\/logo\/image\/\",\"url\":\"http:\/\/www.carideal.com\/blog\/wp-content\/uploads\/2016\/03\/logo-carideal-mandataire-automobile.png\",\"contentUrl\":\"http:\/\/www.carideal.com\/blog\/wp-content\/uploads\/2016\/03\/logo-carideal-mandataire-automobile.png\",\"width\":300,\"height\":300,\"caption\":\"Carideal\"},\"image\":{\"@id\":\"https:\/\/www.carideal.com\/blog\/#\/schema\/logo\/image\/\"},\"sameAs\":[\"https:\/\/www.facebook.com\/Carideal.mandataire.automobile\",\"https:\/\/x.com\/caridealauto\",\"https:\/\/www.instagram.com\/carideal1\/\",\"https:\/\/www.linkedin.com\/company\/carideal.com\",\"https:\/\/fr.pinterest.com\/schiavonsas\/\",\"https:\/\/www.youtube.com\/user\/caridealsas\"]},{\"@type\":\"Person\",\"@id\":\"https:\/\/www.carideal.com\/blog\/#\/schema\/person\/cd95dc7919660de90d31b366f85be1ec\",\"name\":\"Nicolas SCHIAVON\",\"image\":{\"@type\":\"ImageObject\",\"inLanguage\":\"fr-FR\",\"@id\":\"https:\/\/www.carideal.com\/blog\/#\/schema\/person\/image\/\",\"url\":\"https:\/\/secure.gravatar.com\/avatar\/c17e55009e671d92cc7f5dc837dc418a?s=96&r=g\",\"contentUrl\":\"https:\/\/secure.gravatar.com\/avatar\/c17e55009e671d92cc7f5dc837dc418a?s=96&r=g\",\"caption\":\"Nicolas SCHIAVON\"},\"description\":\"Nicolas Schiavon est tomb\u00e9 tout petit dans la marmite automobile. Ayant eu un garage de marque automobile, mandataire automobile de la premi\u00e8re heure d\u00e8s 1999. Nicolas a cr\u00e9\u00e9 ces premiers sites de vente de voiture et blog automobile d\u00e8s 1994. Carideal est n\u00e9 le 15 d\u00e9cembre 2000 de la volont\u00e9 de vendre des voitures d'occasions en ligne puis des voitures neuves. Il a pu essayer beaucoup de voitures tr\u00e8s diff\u00e9rentes et ayant eu personnellement quelques belles autos, Subaru Impreza, Mitsubishi Lancer Evo 7, Porsche 911, Ferrari Testarrossa, Audi RS3, RS4 et j'en passe...\",\"sameAs\":[\"http:\/\/www.carideal.com\",\"https:\/\/www.facebook.com\/nicolas.schiavon.39\",\"https:\/\/www.instagram.com\/carideal1\/\",\"https:\/\/www.linkedin.com\/in\/nschiavon\/\",\"https:\/\/x.com\/caridealauto\",\"https:\/\/www.youtube.com\/user\/caridealsas\/\"],\"url\":\"https:\/\/www.carideal.com\/blog\/author\/nschiavon\/\"}]}<\/script>\n<!-- \/ Yoast SEO plugin. -->","yoast_head_json":{"title":"BMW i3 autonome se gare seule - Blog auto Carid\u00e9al","description":"Votre BMW i3 Autonome se garera toute seule gr\u00e2ce \u00e0 votre montre ! Elle utilise pour cela 4 laser qui scane l'espace \u00e0 360 \u00b0 autour d'elle.","robots":{"index":"index","follow":"follow","max-snippet":"max-snippet:-1","max-image-preview":"max-image-preview:large","max-video-preview":"max-video-preview:-1"},"canonical":"https:\/\/www.carideal.com\/blog\/2015\/02\/14\/votre-bmw-se-garera-toute-seule-grace-a-votre-montre\/","og_locale":"fr_FR","og_type":"article","og_title":"BMW i3 autonome se gare seule - Blog auto Carid\u00e9al","og_description":"Votre BMW i3 Autonome se garera toute seule gr\u00e2ce \u00e0 votre montre ! Elle utilise pour cela 4 laser qui scane l'espace \u00e0 360 \u00b0 autour d'elle.","og_url":"https:\/\/www.carideal.com\/blog\/2015\/02\/14\/votre-bmw-se-garera-toute-seule-grace-a-votre-montre\/","og_site_name":"Blog auto Carid\u00e9al","article_publisher":"https:\/\/www.facebook.com\/Carideal.mandataire.automobile","article_author":"https:\/\/www.facebook.com\/nicolas.schiavon.39","article_published_time":"2015-02-14T12:06:49+00:00","article_modified_time":"2020-03-07T15:46:48+00:00","og_image":[{"width":600,"height":400,"url":"https:\/\/www.carideal.com\/blog\/wp-content\/uploads\/2015\/02\/BMW-i3-smartwatchs-connecte-gare-seule-carideal-blog-e1572985605107.jpg","type":"image\/jpeg"}],"author":"Nicolas SCHIAVON","twitter_card":"summary_large_image","twitter_creator":"@caridealauto","twitter_site":"@caridealauto","twitter_misc":{"\u00c9crit par":"Nicolas SCHIAVON","Dur\u00e9e de lecture estim\u00e9e":"2 minutes"},"schema":{"@context":"https:\/\/schema.org","@graph":[{"@type":"Article","@id":"https:\/\/www.carideal.com\/blog\/2015\/02\/14\/votre-bmw-se-garera-toute-seule-grace-a-votre-montre\/#article","isPartOf":{"@id":"https:\/\/www.carideal.com\/blog\/2015\/02\/14\/votre-bmw-se-garera-toute-seule-grace-a-votre-montre\/"},"author":{"name":"Nicolas SCHIAVON","@id":"https:\/\/www.carideal.com\/blog\/#\/schema\/person\/cd95dc7919660de90d31b366f85be1ec"},"headline":"BMW i3 autonome se gare seule","datePublished":"2015-02-14T12:06:49+00:00","dateModified":"2020-03-07T15:46:48+00:00","mainEntityOfPage":{"@id":"https:\/\/www.carideal.com\/blog\/2015\/02\/14\/votre-bmw-se-garera-toute-seule-grace-a-votre-montre\/"},"wordCount":377,"commentCount":0,"publisher":{"@id":"https:\/\/www.carideal.com\/blog\/#organization"},"image":{"@id":"https:\/\/www.carideal.com\/blog\/2015\/02\/14\/votre-bmw-se-garera-toute-seule-grace-a-votre-montre\/#primaryimage"},"thumbnailUrl":"https:\/\/www.carideal.com\/blog\/wp-content\/uploads\/2015\/02\/BMW-i3-smartwatchs-connecte-gare-seule-carideal-blog-e1572985605107.jpg","keywords":["Voiture autonome \u00e9lectrique"],"articleSection":["Actualit\u00e9 automobile","Actualit\u00e9 BMW","Actualit\u00e9 Constructeur automobile","Divers","Ecologie","Nouvelles Technologies automobile","Technologie Automobile","Type de v\u00e9hicule","Voiture autonome","Voiture \u00e9lectrique"],"inLanguage":"fr-FR","potentialAction":[{"@type":"CommentAction","name":"Comment","target":["https:\/\/www.carideal.com\/blog\/2015\/02\/14\/votre-bmw-se-garera-toute-seule-grace-a-votre-montre\/#respond"]}]},{"@type":"WebPage","@id":"https:\/\/www.carideal.com\/blog\/2015\/02\/14\/votre-bmw-se-garera-toute-seule-grace-a-votre-montre\/","url":"https:\/\/www.carideal.com\/blog\/2015\/02\/14\/votre-bmw-se-garera-toute-seule-grace-a-votre-montre\/","name":"BMW i3 autonome se gare seule - Blog auto Carid\u00e9al","isPartOf":{"@id":"https:\/\/www.carideal.com\/blog\/#website"},"primaryImageOfPage":{"@id":"https:\/\/www.carideal.com\/blog\/2015\/02\/14\/votre-bmw-se-garera-toute-seule-grace-a-votre-montre\/#primaryimage"},"image":{"@id":"https:\/\/www.carideal.com\/blog\/2015\/02\/14\/votre-bmw-se-garera-toute-seule-grace-a-votre-montre\/#primaryimage"},"thumbnailUrl":"https:\/\/www.carideal.com\/blog\/wp-content\/uploads\/2015\/02\/BMW-i3-smartwatchs-connecte-gare-seule-carideal-blog-e1572985605107.jpg","datePublished":"2015-02-14T12:06:49+00:00","dateModified":"2020-03-07T15:46:48+00:00","description":"Votre BMW i3 Autonome se garera toute seule gr\u00e2ce \u00e0 votre montre ! Elle utilise pour cela 4 laser qui scane l'espace \u00e0 360 \u00b0 autour d'elle.","breadcrumb":{"@id":"https:\/\/www.carideal.com\/blog\/2015\/02\/14\/votre-bmw-se-garera-toute-seule-grace-a-votre-montre\/#breadcrumb"},"inLanguage":"fr-FR","potentialAction":[{"@type":"ReadAction","target":["https:\/\/www.carideal.com\/blog\/2015\/02\/14\/votre-bmw-se-garera-toute-seule-grace-a-votre-montre\/"]}]},{"@type":"ImageObject","inLanguage":"fr-FR","@id":"https:\/\/www.carideal.com\/blog\/2015\/02\/14\/votre-bmw-se-garera-toute-seule-grace-a-votre-montre\/#primaryimage","url":"https:\/\/www.carideal.com\/blog\/wp-content\/uploads\/2015\/02\/BMW-i3-smartwatchs-connecte-gare-seule-carideal-blog-e1572985605107.jpg","contentUrl":"https:\/\/www.carideal.com\/blog\/wp-content\/uploads\/2015\/02\/BMW-i3-smartwatchs-connecte-gare-seule-carideal-blog-e1572985605107.jpg","width":600,"height":400,"caption":"Dans un avenir proche les BMW saura se garer toute seule."},{"@type":"BreadcrumbList","@id":"https:\/\/www.carideal.com\/blog\/2015\/02\/14\/votre-bmw-se-garera-toute-seule-grace-a-votre-montre\/#breadcrumb","itemListElement":[{"@type":"ListItem","position":1,"name":"Blog Carid\u00e9al","item":"https:\/\/www.carideal.com\/blog\/"},{"@type":"ListItem","position":2,"name":"Actualit\u00e9 constructeur automobile","item":"https:\/\/www.carideal.com\/blog\/constructeur\/"},{"@type":"ListItem","position":3,"name":"Actualit\u00e9 BMW","item":"https:\/\/www.carideal.com\/blog\/constructeur\/bmw\/"},{"@type":"ListItem","position":4,"name":"BMW i3 autonome se gare seule"}]},{"@type":"WebSite","@id":"https:\/\/www.carideal.com\/blog\/#website","url":"https:\/\/www.carideal.com\/blog\/","name":"Blog auto Carid\u00e9al","description":"Actualit\u00e9 auto par des passionn\u00e9s","publisher":{"@id":"https:\/\/www.carideal.com\/blog\/#organization"},"potentialAction":[{"@type":"SearchAction","target":{"@type":"EntryPoint","urlTemplate":"https:\/\/www.carideal.com\/blog\/?s={search_term_string}"},"query-input":{"@type":"PropertyValueSpecification","valueRequired":true,"valueName":"search_term_string"}}],"inLanguage":"fr-FR"},{"@type":"Organization","@id":"https:\/\/www.carideal.com\/blog\/#organization","name":"Carideal","url":"https:\/\/www.carideal.com\/blog\/","logo":{"@type":"ImageObject","inLanguage":"fr-FR","@id":"https:\/\/www.carideal.com\/blog\/#\/schema\/logo\/image\/","url":"http:\/\/www.carideal.com\/blog\/wp-content\/uploads\/2016\/03\/logo-carideal-mandataire-automobile.png","contentUrl":"http:\/\/www.carideal.com\/blog\/wp-content\/uploads\/2016\/03\/logo-carideal-mandataire-automobile.png","width":300,"height":300,"caption":"Carideal"},"image":{"@id":"https:\/\/www.carideal.com\/blog\/#\/schema\/logo\/image\/"},"sameAs":["https:\/\/www.facebook.com\/Carideal.mandataire.automobile","https:\/\/x.com\/caridealauto","https:\/\/www.instagram.com\/carideal1\/","https:\/\/www.linkedin.com\/company\/carideal.com","https:\/\/fr.pinterest.com\/schiavonsas\/","https:\/\/www.youtube.com\/user\/caridealsas"]},{"@type":"Person","@id":"https:\/\/www.carideal.com\/blog\/#\/schema\/person\/cd95dc7919660de90d31b366f85be1ec","name":"Nicolas SCHIAVON","image":{"@type":"ImageObject","inLanguage":"fr-FR","@id":"https:\/\/www.carideal.com\/blog\/#\/schema\/person\/image\/","url":"https:\/\/secure.gravatar.com\/avatar\/c17e55009e671d92cc7f5dc837dc418a?s=96&r=g","contentUrl":"https:\/\/secure.gravatar.com\/avatar\/c17e55009e671d92cc7f5dc837dc418a?s=96&r=g","caption":"Nicolas SCHIAVON"},"description":"Nicolas Schiavon est tomb\u00e9 tout petit dans la marmite automobile. Ayant eu un garage de marque automobile, mandataire automobile de la premi\u00e8re heure d\u00e8s 1999. Nicolas a cr\u00e9\u00e9 ces premiers sites de vente de voiture et blog automobile d\u00e8s 1994. Carideal est n\u00e9 le 15 d\u00e9cembre 2000 de la volont\u00e9 de vendre des voitures d'occasions en ligne puis des voitures neuves. Il a pu essayer beaucoup de voitures tr\u00e8s diff\u00e9rentes et ayant eu personnellement quelques belles autos, Subaru Impreza, Mitsubishi Lancer Evo 7, Porsche 911, Ferrari Testarrossa, Audi RS3, RS4 et j'en passe...","sameAs":["http:\/\/www.carideal.com","https:\/\/www.facebook.com\/nicolas.schiavon.39","https:\/\/www.instagram.com\/carideal1\/","https:\/\/www.linkedin.com\/in\/nschiavon\/","https:\/\/x.com\/caridealauto","https:\/\/www.youtube.com\/user\/caridealsas\/"],"url":"https:\/\/www.carideal.com\/blog\/author\/nschiavon\/"}]}},"uagb_featured_image_src":{"full":["https:\/\/www.carideal.com\/blog\/wp-content\/uploads\/2015\/02\/BMW-i3-smartwatchs-connecte-gare-seule-carideal-blog-e1572985605107.jpg",600,400,false],"thumbnail":["https:\/\/www.carideal.com\/blog\/wp-content\/uploads\/2015\/02\/BMW-i3-smartwatchs-connecte-gare-seule-carideal-blog-150x150.jpg",150,150,true],"medium":["https:\/\/www.carideal.com\/blog\/wp-content\/uploads\/2015\/02\/BMW-i3-smartwatchs-connecte-gare-seule-carideal-blog-300x200.jpg",300,200,true],"medium_large":["https:\/\/www.carideal.com\/blog\/wp-content\/uploads\/2015\/02\/BMW-i3-smartwatchs-connecte-gare-seule-carideal-blog-e1572985605107.jpg",600,400,false],"large":["https:\/\/www.carideal.com\/blog\/wp-content\/uploads\/2015\/02\/BMW-i3-smartwatchs-connecte-gare-seule-carideal-blog-e1572985605107.jpg",600,400,false],"1536x1536":["https:\/\/www.carideal.com\/blog\/wp-content\/uploads\/2015\/02\/BMW-i3-smartwatchs-connecte-gare-seule-carideal-blog-e1572985605107.jpg",600,400,false],"2048x2048":["https:\/\/www.carideal.com\/blog\/wp-content\/uploads\/2015\/02\/BMW-i3-smartwatchs-connecte-gare-seule-carideal-blog-e1572985605107.jpg",600,400,false],"wppr-widget":["https:\/\/www.carideal.com\/blog\/wp-content\/uploads\/2015\/02\/BMW-i3-smartwatchs-connecte-gare-seule-carideal-blog-e1572985605107.jpg",50,33,false]},"uagb_author_info":{"display_name":"Nicolas SCHIAVON","author_link":"https:\/\/www.carideal.com\/blog\/author\/nschiavon\/"},"uagb_comment_info":0,"uagb_excerpt":"Votre BMW i3 Autonome se garera toute seule gr\u00e2ce \u00e0 votre montre ! La BMW i3 autonome se gare toute seule ! La BMW i3 autonome pr\u00e9sente une technolo\u00adgie de parking automatis\u00e9 qui permet, depuis une montre connect\u00e9e, de donner l'ordre \u00e0 sa voiture de chercher une place et de se garer de fa\u00e7on autonome.\u2026","_links":{"self":[{"href":"https:\/\/www.carideal.com\/blog\/wp-json\/wp\/v2\/posts\/4322"}],"collection":[{"href":"https:\/\/www.carideal.com\/blog\/wp-json\/wp\/v2\/posts"}],"about":[{"href":"https:\/\/www.carideal.com\/blog\/wp-json\/wp\/v2\/types\/post"}],"author":[{"embeddable":true,"href":"https:\/\/www.carideal.com\/blog\/wp-json\/wp\/v2\/users\/3"}],"replies":[{"embeddable":true,"href":"https:\/\/www.carideal.com\/blog\/wp-json\/wp\/v2\/comments?post=4322"}],"version-history":[{"count":0,"href":"https:\/\/www.carideal.com\/blog\/wp-json\/wp\/v2\/posts\/4322\/revisions"}],"wp:featuredmedia":[{"embeddable":true,"href":"https:\/\/www.carideal.com\/blog\/wp-json\/wp\/v2\/media\/4323"}],"wp:attachment":[{"href":"https:\/\/www.carideal.com\/blog\/wp-json\/wp\/v2\/media?parent=4322"}],"wp:term":[{"taxonomy":"category","embeddable":true,"href":"https:\/\/www.carideal.com\/blog\/wp-json\/wp\/v2\/categories?post=4322"},{"taxonomy":"post_tag","embeddable":true,"href":"https:\/\/www.carideal.com\/blog\/wp-json\/wp\/v2\/tags?post=4322"}],"curies":[{"name":"wp","href":"https:\/\/api.w.org\/{rel}","templated":true}]}}