{"id":4304,"date":"2015-02-13T09:48:06","date_gmt":"2015-02-13T08:48:06","guid":{"rendered":"http:\/\/www.carideal.com\/blog\/?p=4304"},"modified":"2020-03-07T16:53:50","modified_gmt":"2020-03-07T15:53:50","slug":"la-voiture-autonome-de-luxe-mercedes-f015-luxury-in-motion","status":"publish","type":"post","link":"https:\/\/www.carideal.com\/blog\/2015\/02\/13\/la-voiture-autonome-de-luxe-mercedes-f015-luxury-in-motion\/","title":{"rendered":"Concept car Mercedes F015 Luxury in Motion"},"content":{"rendered":"<figure id=\"attachment_4305\" aria-describedby=\"caption-attachment-4305\" style=\"width: 290px\" class=\"wp-caption alignnone\"><a href=\"http:\/\/www.carideal.com\/blog\/wp-content\/uploads\/2015\/02\/mercedes-f-105-luxury-in-motion.jpg\"><img loading=\"lazy\" decoding=\"async\" class=\"wp-image-4305 size-medium\" title=\"Concept car de voiture autonome Mercedes F015 Luxury in Motion\" src=\"http:\/\/www.carideal.com\/blog\/wp-content\/uploads\/2015\/02\/mercedes-f-105-luxury-in-motion-300x200.jpg\" alt=\"Concept car de voiture autonome Mercedes F015 Luxury in Motion\" width=\"300\" height=\"200\" \/><\/a><figcaption id=\"caption-attachment-4305\" class=\"wp-caption-text\">Concept car de voiture autonome Mercedes F015 Luxury in Motion<\/figcaption><\/figure>\n<h1>La voiture autonome de luxe Mercedes F015 Luxury in Motion<\/h1>\n<p>Prototype de voiture autonome qu'on croirait \u00e9chapp\u00e9e d'un film de science-fiction, la <span style=\"text-decoration: underline;\">Mercedes<\/span> F015 Luxury in Motion\u00a0est cens\u00e9e figurer ce \u00e0 quoi ressem\u00adblera l'automobile \u00e0 l'horizon 2030. Outre qu'ils participent \u00e0 l'aspect fu\u00adturiste de ce concept-car, les nom\u00adbreux LED qui ornent sa carrosserie ont une fonction utilitaire. Communi\u00adquer avec les autres usagers de la route en affichant au besoin, \u00e0 l'arri\u00e8re, des messages de prudence \u00ab ralentissez \u00bb, \u00abfrei\u00adnez \u00bb... \u00c0 l'avant, un faisceau laser indique aux pi\u00e9tons qu'ils ont \u00e9t\u00e9 d\u00e9tect\u00e9s par la voiture et leur trace un pas\u00adsage prot\u00e9g\u00e9 virtuel. \u00c0 l'int\u00e9\u00adrieur de cet imposant cocon sur roues, les larges fauteuils en cuir sont orientables \u00e0 180\u00b0 pour que les quatre passagers\u00a0puissent se faire face lorsque la <span style=\"text-decoration: underline;\"><a href=\"http:\/\/www.carideal.com\/blog\/2015\/09\/16\/20-voitures-autonomes-de-psa-sur-les-routes-en-2016\/\">voi\u00adture est en mode autonome<\/a><\/span>. Cet habi\u00adtacle int\u00e8gre six \u00e9crans tactiles HD pour consulter les syst\u00e8mes de s\u00e9cu\u00adrit\u00e9 et de divertissement. Construite en fibre de carbone, la F015 est mue par un <span style=\"text-decoration: underline;\"><a href=\"http:\/\/www.carideal.com\/blog\/2010\/09\/24\/voitures-hybrides-l-escroquerie\/\">syst\u00e8me hybride<\/a><\/span> de 272 ch com\u00adpos\u00e9 d'un moteur \u00e0 hydrog\u00e8ne et de deux modules \u00e9lectriques.<\/p>\n","protected":false},"excerpt":{"rendered":"<p>La voiture autonome de luxe Mercedes F015 Luxury in Motion Prototype de voiture autonome qu&rsquo;on croirait \u00e9chapp\u00e9e d&rsquo;un film de science-fiction, la Mercedes F015 Luxury in Motion\u00a0est cens\u00e9e figurer ce \u00e0 quoi ressem\u00adblera l&rsquo;automobile \u00e0 l&rsquo;horizon 2030. Outre qu&rsquo;ils participent \u00e0 l&rsquo;aspect fu\u00adturiste de ce concept-car, les nom\u00adbreux LED qui ornent sa carrosserie ont une &#8230; <a title=\"Concept car Mercedes F015 Luxury in Motion\" class=\"read-more\" href=\"https:\/\/www.carideal.com\/blog\/2015\/02\/13\/la-voiture-autonome-de-luxe-mercedes-f015-luxury-in-motion\/\" aria-label=\"En savoir plus sur Concept car Mercedes F015 Luxury in Motion\">Lire plus<\/a><\/p>\n","protected":false},"author":3,"featured_media":0,"comment_status":"open","ping_status":"open","sticky":false,"template":"","format":"standard","meta":{"_uag_custom_page_level_css":"","_themeisle_gutenberg_block_has_review":false,"footnotes":""},"categories":[5944,5995,5975,5080,5974,6042,6089],"tags":[],"class_list":["post-4304","post","type-post","status-publish","format-standard","hentry","category-constructeur","category-mercedes","category-concept-car","category-technologie-2","category-type-de-vehicule","category-voiture-autonome","category-hybride"],"wppr_data":[],"yoast_head":"<!-- This site is optimized with the Yoast SEO plugin v24.8.1 - https:\/\/yoast.com\/wordpress\/plugins\/seo\/ -->\n<title>Concept car Mercedes F015 Luxury in Motion - Blog auto Carid\u00e9al<\/title>\n<meta name=\"description\" content=\"Prototype de voiture autonome qu&#039;on croirait \u00e9chapp\u00e9e d&#039;un film de science-fiction, la Mercedes F015 Luxury in Motion pr\u00e9figure la voiture de 2030\" \/>\n<meta name=\"robots\" content=\"index, follow, max-snippet:-1, max-image-preview:large, max-video-preview:-1\" \/>\n<link rel=\"canonical\" href=\"https:\/\/www.carideal.com\/blog\/2015\/02\/13\/la-voiture-autonome-de-luxe-mercedes-f015-luxury-in-motion\/\" \/>\n<meta property=\"og:locale\" content=\"fr_FR\" \/>\n<meta property=\"og:type\" content=\"article\" \/>\n<meta property=\"og:title\" content=\"Concept car Mercedes F015 Luxury in Motion - Blog auto Carid\u00e9al\" \/>\n<meta property=\"og:description\" content=\"Prototype de voiture autonome qu&#039;on croirait \u00e9chapp\u00e9e d&#039;un film de science-fiction, la Mercedes F015 Luxury in Motion pr\u00e9figure la voiture de 2030\" \/>\n<meta property=\"og:url\" content=\"https:\/\/www.carideal.com\/blog\/2015\/02\/13\/la-voiture-autonome-de-luxe-mercedes-f015-luxury-in-motion\/\" \/>\n<meta property=\"og:site_name\" content=\"Blog auto Carid\u00e9al\" \/>\n<meta property=\"article:publisher\" content=\"https:\/\/www.facebook.com\/Carideal.mandataire.automobile\" \/>\n<meta property=\"article:author\" content=\"https:\/\/www.facebook.com\/nicolas.schiavon.39\" \/>\n<meta property=\"article:published_time\" content=\"2015-02-13T08:48:06+00:00\" \/>\n<meta property=\"article:modified_time\" content=\"2020-03-07T15:53:50+00:00\" \/>\n<meta property=\"og:image\" content=\"http:\/\/www.carideal.com\/blog\/wp-content\/uploads\/2015\/02\/mercedes-f-105-luxury-in-motion-300x200.jpg\" \/>\n<meta name=\"author\" content=\"Nicolas SCHIAVON\" \/>\n<meta name=\"twitter:card\" content=\"summary_large_image\" \/>\n<meta name=\"twitter:creator\" content=\"@caridealauto\" \/>\n<meta name=\"twitter:site\" content=\"@caridealauto\" \/>\n<meta name=\"twitter:label1\" content=\"\u00c9crit par\" \/>\n\t<meta name=\"twitter:data1\" content=\"Nicolas SCHIAVON\" \/>\n\t<meta name=\"twitter:label2\" content=\"Dur\u00e9e de lecture estim\u00e9e\" \/>\n\t<meta name=\"twitter:data2\" content=\"1 minute\" \/>\n<script type=\"application\/ld+json\" class=\"yoast-schema-graph\">{\"@context\":\"https:\/\/schema.org\",\"@graph\":[{\"@type\":\"Article\",\"@id\":\"https:\/\/www.carideal.com\/blog\/2015\/02\/13\/la-voiture-autonome-de-luxe-mercedes-f015-luxury-in-motion\/#article\",\"isPartOf\":{\"@id\":\"https:\/\/www.carideal.com\/blog\/2015\/02\/13\/la-voiture-autonome-de-luxe-mercedes-f015-luxury-in-motion\/\"},\"author\":{\"name\":\"Nicolas SCHIAVON\",\"@id\":\"https:\/\/www.carideal.com\/blog\/#\/schema\/person\/cd95dc7919660de90d31b366f85be1ec\"},\"headline\":\"Concept car Mercedes F015 Luxury in Motion\",\"datePublished\":\"2015-02-13T08:48:06+00:00\",\"dateModified\":\"2020-03-07T15:53:50+00:00\",\"mainEntityOfPage\":{\"@id\":\"https:\/\/www.carideal.com\/blog\/2015\/02\/13\/la-voiture-autonome-de-luxe-mercedes-f015-luxury-in-motion\/\"},\"wordCount\":211,\"commentCount\":0,\"publisher\":{\"@id\":\"https:\/\/www.carideal.com\/blog\/#organization\"},\"image\":{\"@id\":\"https:\/\/www.carideal.com\/blog\/2015\/02\/13\/la-voiture-autonome-de-luxe-mercedes-f015-luxury-in-motion\/#primaryimage\"},\"thumbnailUrl\":\"http:\/\/www.carideal.com\/blog\/wp-content\/uploads\/2015\/02\/mercedes-f-105-luxury-in-motion-300x200.jpg\",\"articleSection\":[\"Actualit\u00e9 Constructeur automobile\",\"Actualit\u00e9 Mercedes\",\"Concept car\",\"Technologie Automobile\",\"Type de v\u00e9hicule\",\"Voiture autonome\",\"Voiture Hybride\"],\"inLanguage\":\"fr-FR\",\"potentialAction\":[{\"@type\":\"CommentAction\",\"name\":\"Comment\",\"target\":[\"https:\/\/www.carideal.com\/blog\/2015\/02\/13\/la-voiture-autonome-de-luxe-mercedes-f015-luxury-in-motion\/#respond\"]}]},{\"@type\":\"WebPage\",\"@id\":\"https:\/\/www.carideal.com\/blog\/2015\/02\/13\/la-voiture-autonome-de-luxe-mercedes-f015-luxury-in-motion\/\",\"url\":\"https:\/\/www.carideal.com\/blog\/2015\/02\/13\/la-voiture-autonome-de-luxe-mercedes-f015-luxury-in-motion\/\",\"name\":\"Concept car Mercedes F015 Luxury in Motion - Blog auto Carid\u00e9al\",\"isPartOf\":{\"@id\":\"https:\/\/www.carideal.com\/blog\/#website\"},\"primaryImageOfPage\":{\"@id\":\"https:\/\/www.carideal.com\/blog\/2015\/02\/13\/la-voiture-autonome-de-luxe-mercedes-f015-luxury-in-motion\/#primaryimage\"},\"image\":{\"@id\":\"https:\/\/www.carideal.com\/blog\/2015\/02\/13\/la-voiture-autonome-de-luxe-mercedes-f015-luxury-in-motion\/#primaryimage\"},\"thumbnailUrl\":\"http:\/\/www.carideal.com\/blog\/wp-content\/uploads\/2015\/02\/mercedes-f-105-luxury-in-motion-300x200.jpg\",\"datePublished\":\"2015-02-13T08:48:06+00:00\",\"dateModified\":\"2020-03-07T15:53:50+00:00\",\"description\":\"Prototype de voiture autonome qu'on croirait \u00e9chapp\u00e9e d'un film de science-fiction, la Mercedes F015 Luxury in Motion pr\u00e9figure la voiture de 2030\",\"breadcrumb\":{\"@id\":\"https:\/\/www.carideal.com\/blog\/2015\/02\/13\/la-voiture-autonome-de-luxe-mercedes-f015-luxury-in-motion\/#breadcrumb\"},\"inLanguage\":\"fr-FR\",\"potentialAction\":[{\"@type\":\"ReadAction\",\"target\":[\"https:\/\/www.carideal.com\/blog\/2015\/02\/13\/la-voiture-autonome-de-luxe-mercedes-f015-luxury-in-motion\/\"]}]},{\"@type\":\"ImageObject\",\"inLanguage\":\"fr-FR\",\"@id\":\"https:\/\/www.carideal.com\/blog\/2015\/02\/13\/la-voiture-autonome-de-luxe-mercedes-f015-luxury-in-motion\/#primaryimage\",\"url\":\"http:\/\/www.carideal.com\/blog\/wp-content\/uploads\/2015\/02\/mercedes-f-105-luxury-in-motion-300x200.jpg\",\"contentUrl\":\"http:\/\/www.carideal.com\/blog\/wp-content\/uploads\/2015\/02\/mercedes-f-105-luxury-in-motion-300x200.jpg\"},{\"@type\":\"BreadcrumbList\",\"@id\":\"https:\/\/www.carideal.com\/blog\/2015\/02\/13\/la-voiture-autonome-de-luxe-mercedes-f015-luxury-in-motion\/#breadcrumb\",\"itemListElement\":[{\"@type\":\"ListItem\",\"position\":1,\"name\":\"Blog Carid\u00e9al\",\"item\":\"https:\/\/www.carideal.com\/blog\/\"},{\"@type\":\"ListItem\",\"position\":2,\"name\":\"Technologie Automobile\",\"item\":\"https:\/\/www.carideal.com\/blog\/technologie-2\/\"},{\"@type\":\"ListItem\",\"position\":3,\"name\":\"Concept car Mercedes F015 Luxury in Motion\"}]},{\"@type\":\"WebSite\",\"@id\":\"https:\/\/www.carideal.com\/blog\/#website\",\"url\":\"https:\/\/www.carideal.com\/blog\/\",\"name\":\"Blog auto Carid\u00e9al\",\"description\":\"Actualit\u00e9 auto par des passionn\u00e9s\",\"publisher\":{\"@id\":\"https:\/\/www.carideal.com\/blog\/#organization\"},\"potentialAction\":[{\"@type\":\"SearchAction\",\"target\":{\"@type\":\"EntryPoint\",\"urlTemplate\":\"https:\/\/www.carideal.com\/blog\/?s={search_term_string}\"},\"query-input\":{\"@type\":\"PropertyValueSpecification\",\"valueRequired\":true,\"valueName\":\"search_term_string\"}}],\"inLanguage\":\"fr-FR\"},{\"@type\":\"Organization\",\"@id\":\"https:\/\/www.carideal.com\/blog\/#organization\",\"name\":\"Carideal\",\"url\":\"https:\/\/www.carideal.com\/blog\/\",\"logo\":{\"@type\":\"ImageObject\",\"inLanguage\":\"fr-FR\",\"@id\":\"https:\/\/www.carideal.com\/blog\/#\/schema\/logo\/image\/\",\"url\":\"http:\/\/www.carideal.com\/blog\/wp-content\/uploads\/2016\/03\/logo-carideal-mandataire-automobile.png\",\"contentUrl\":\"http:\/\/www.carideal.com\/blog\/wp-content\/uploads\/2016\/03\/logo-carideal-mandataire-automobile.png\",\"width\":300,\"height\":300,\"caption\":\"Carideal\"},\"image\":{\"@id\":\"https:\/\/www.carideal.com\/blog\/#\/schema\/logo\/image\/\"},\"sameAs\":[\"https:\/\/www.facebook.com\/Carideal.mandataire.automobile\",\"https:\/\/x.com\/caridealauto\",\"https:\/\/www.instagram.com\/carideal1\/\",\"https:\/\/www.linkedin.com\/company\/carideal.com\",\"https:\/\/fr.pinterest.com\/schiavonsas\/\",\"https:\/\/www.youtube.com\/user\/caridealsas\"]},{\"@type\":\"Person\",\"@id\":\"https:\/\/www.carideal.com\/blog\/#\/schema\/person\/cd95dc7919660de90d31b366f85be1ec\",\"name\":\"Nicolas SCHIAVON\",\"image\":{\"@type\":\"ImageObject\",\"inLanguage\":\"fr-FR\",\"@id\":\"https:\/\/www.carideal.com\/blog\/#\/schema\/person\/image\/\",\"url\":\"https:\/\/secure.gravatar.com\/avatar\/c17e55009e671d92cc7f5dc837dc418a?s=96&r=g\",\"contentUrl\":\"https:\/\/secure.gravatar.com\/avatar\/c17e55009e671d92cc7f5dc837dc418a?s=96&r=g\",\"caption\":\"Nicolas SCHIAVON\"},\"description\":\"Nicolas Schiavon est tomb\u00e9 tout petit dans la marmite automobile. Ayant eu un garage de marque automobile, mandataire automobile de la premi\u00e8re heure d\u00e8s 1999. Nicolas a cr\u00e9\u00e9 ces premiers sites de vente de voiture et blog automobile d\u00e8s 1994. Carideal est n\u00e9 le 15 d\u00e9cembre 2000 de la volont\u00e9 de vendre des voitures d'occasions en ligne puis des voitures neuves. Il a pu essayer beaucoup de voitures tr\u00e8s diff\u00e9rentes et ayant eu personnellement quelques belles autos, Subaru Impreza, Mitsubishi Lancer Evo 7, Porsche 911, Ferrari Testarrossa, Audi RS3, RS4 et j'en passe...\",\"sameAs\":[\"http:\/\/www.carideal.com\",\"https:\/\/www.facebook.com\/nicolas.schiavon.39\",\"https:\/\/www.instagram.com\/carideal1\/\",\"https:\/\/www.linkedin.com\/in\/nschiavon\/\",\"https:\/\/x.com\/caridealauto\",\"https:\/\/www.youtube.com\/user\/caridealsas\/\"],\"url\":\"https:\/\/www.carideal.com\/blog\/author\/nschiavon\/\"}]}<\/script>\n<!-- \/ Yoast SEO plugin. -->","yoast_head_json":{"title":"Concept car Mercedes F015 Luxury in Motion - Blog auto Carid\u00e9al","description":"Prototype de voiture autonome qu'on croirait \u00e9chapp\u00e9e d'un film de science-fiction, la Mercedes F015 Luxury in Motion pr\u00e9figure la voiture de 2030","robots":{"index":"index","follow":"follow","max-snippet":"max-snippet:-1","max-image-preview":"max-image-preview:large","max-video-preview":"max-video-preview:-1"},"canonical":"https:\/\/www.carideal.com\/blog\/2015\/02\/13\/la-voiture-autonome-de-luxe-mercedes-f015-luxury-in-motion\/","og_locale":"fr_FR","og_type":"article","og_title":"Concept car Mercedes F015 Luxury in Motion - Blog auto Carid\u00e9al","og_description":"Prototype de voiture autonome qu'on croirait \u00e9chapp\u00e9e d'un film de science-fiction, la Mercedes F015 Luxury in Motion pr\u00e9figure la voiture de 2030","og_url":"https:\/\/www.carideal.com\/blog\/2015\/02\/13\/la-voiture-autonome-de-luxe-mercedes-f015-luxury-in-motion\/","og_site_name":"Blog auto Carid\u00e9al","article_publisher":"https:\/\/www.facebook.com\/Carideal.mandataire.automobile","article_author":"https:\/\/www.facebook.com\/nicolas.schiavon.39","article_published_time":"2015-02-13T08:48:06+00:00","article_modified_time":"2020-03-07T15:53:50+00:00","og_image":[{"url":"http:\/\/www.carideal.com\/blog\/wp-content\/uploads\/2015\/02\/mercedes-f-105-luxury-in-motion-300x200.jpg","type":"","width":"","height":""}],"author":"Nicolas SCHIAVON","twitter_card":"summary_large_image","twitter_creator":"@caridealauto","twitter_site":"@caridealauto","twitter_misc":{"\u00c9crit par":"Nicolas SCHIAVON","Dur\u00e9e de lecture estim\u00e9e":"1 minute"},"schema":{"@context":"https:\/\/schema.org","@graph":[{"@type":"Article","@id":"https:\/\/www.carideal.com\/blog\/2015\/02\/13\/la-voiture-autonome-de-luxe-mercedes-f015-luxury-in-motion\/#article","isPartOf":{"@id":"https:\/\/www.carideal.com\/blog\/2015\/02\/13\/la-voiture-autonome-de-luxe-mercedes-f015-luxury-in-motion\/"},"author":{"name":"Nicolas SCHIAVON","@id":"https:\/\/www.carideal.com\/blog\/#\/schema\/person\/cd95dc7919660de90d31b366f85be1ec"},"headline":"Concept car Mercedes F015 Luxury in Motion","datePublished":"2015-02-13T08:48:06+00:00","dateModified":"2020-03-07T15:53:50+00:00","mainEntityOfPage":{"@id":"https:\/\/www.carideal.com\/blog\/2015\/02\/13\/la-voiture-autonome-de-luxe-mercedes-f015-luxury-in-motion\/"},"wordCount":211,"commentCount":0,"publisher":{"@id":"https:\/\/www.carideal.com\/blog\/#organization"},"image":{"@id":"https:\/\/www.carideal.com\/blog\/2015\/02\/13\/la-voiture-autonome-de-luxe-mercedes-f015-luxury-in-motion\/#primaryimage"},"thumbnailUrl":"http:\/\/www.carideal.com\/blog\/wp-content\/uploads\/2015\/02\/mercedes-f-105-luxury-in-motion-300x200.jpg","articleSection":["Actualit\u00e9 Constructeur automobile","Actualit\u00e9 Mercedes","Concept car","Technologie Automobile","Type de v\u00e9hicule","Voiture autonome","Voiture Hybride"],"inLanguage":"fr-FR","potentialAction":[{"@type":"CommentAction","name":"Comment","target":["https:\/\/www.carideal.com\/blog\/2015\/02\/13\/la-voiture-autonome-de-luxe-mercedes-f015-luxury-in-motion\/#respond"]}]},{"@type":"WebPage","@id":"https:\/\/www.carideal.com\/blog\/2015\/02\/13\/la-voiture-autonome-de-luxe-mercedes-f015-luxury-in-motion\/","url":"https:\/\/www.carideal.com\/blog\/2015\/02\/13\/la-voiture-autonome-de-luxe-mercedes-f015-luxury-in-motion\/","name":"Concept car Mercedes F015 Luxury in Motion - Blog auto Carid\u00e9al","isPartOf":{"@id":"https:\/\/www.carideal.com\/blog\/#website"},"primaryImageOfPage":{"@id":"https:\/\/www.carideal.com\/blog\/2015\/02\/13\/la-voiture-autonome-de-luxe-mercedes-f015-luxury-in-motion\/#primaryimage"},"image":{"@id":"https:\/\/www.carideal.com\/blog\/2015\/02\/13\/la-voiture-autonome-de-luxe-mercedes-f015-luxury-in-motion\/#primaryimage"},"thumbnailUrl":"http:\/\/www.carideal.com\/blog\/wp-content\/uploads\/2015\/02\/mercedes-f-105-luxury-in-motion-300x200.jpg","datePublished":"2015-02-13T08:48:06+00:00","dateModified":"2020-03-07T15:53:50+00:00","description":"Prototype de voiture autonome qu'on croirait \u00e9chapp\u00e9e d'un film de science-fiction, la Mercedes F015 Luxury in Motion pr\u00e9figure la voiture de 2030","breadcrumb":{"@id":"https:\/\/www.carideal.com\/blog\/2015\/02\/13\/la-voiture-autonome-de-luxe-mercedes-f015-luxury-in-motion\/#breadcrumb"},"inLanguage":"fr-FR","potentialAction":[{"@type":"ReadAction","target":["https:\/\/www.carideal.com\/blog\/2015\/02\/13\/la-voiture-autonome-de-luxe-mercedes-f015-luxury-in-motion\/"]}]},{"@type":"ImageObject","inLanguage":"fr-FR","@id":"https:\/\/www.carideal.com\/blog\/2015\/02\/13\/la-voiture-autonome-de-luxe-mercedes-f015-luxury-in-motion\/#primaryimage","url":"http:\/\/www.carideal.com\/blog\/wp-content\/uploads\/2015\/02\/mercedes-f-105-luxury-in-motion-300x200.jpg","contentUrl":"http:\/\/www.carideal.com\/blog\/wp-content\/uploads\/2015\/02\/mercedes-f-105-luxury-in-motion-300x200.jpg"},{"@type":"BreadcrumbList","@id":"https:\/\/www.carideal.com\/blog\/2015\/02\/13\/la-voiture-autonome-de-luxe-mercedes-f015-luxury-in-motion\/#breadcrumb","itemListElement":[{"@type":"ListItem","position":1,"name":"Blog Carid\u00e9al","item":"https:\/\/www.carideal.com\/blog\/"},{"@type":"ListItem","position":2,"name":"Technologie Automobile","item":"https:\/\/www.carideal.com\/blog\/technologie-2\/"},{"@type":"ListItem","position":3,"name":"Concept car Mercedes F015 Luxury in Motion"}]},{"@type":"WebSite","@id":"https:\/\/www.carideal.com\/blog\/#website","url":"https:\/\/www.carideal.com\/blog\/","name":"Blog auto Carid\u00e9al","description":"Actualit\u00e9 auto par des passionn\u00e9s","publisher":{"@id":"https:\/\/www.carideal.com\/blog\/#organization"},"potentialAction":[{"@type":"SearchAction","target":{"@type":"EntryPoint","urlTemplate":"https:\/\/www.carideal.com\/blog\/?s={search_term_string}"},"query-input":{"@type":"PropertyValueSpecification","valueRequired":true,"valueName":"search_term_string"}}],"inLanguage":"fr-FR"},{"@type":"Organization","@id":"https:\/\/www.carideal.com\/blog\/#organization","name":"Carideal","url":"https:\/\/www.carideal.com\/blog\/","logo":{"@type":"ImageObject","inLanguage":"fr-FR","@id":"https:\/\/www.carideal.com\/blog\/#\/schema\/logo\/image\/","url":"http:\/\/www.carideal.com\/blog\/wp-content\/uploads\/2016\/03\/logo-carideal-mandataire-automobile.png","contentUrl":"http:\/\/www.carideal.com\/blog\/wp-content\/uploads\/2016\/03\/logo-carideal-mandataire-automobile.png","width":300,"height":300,"caption":"Carideal"},"image":{"@id":"https:\/\/www.carideal.com\/blog\/#\/schema\/logo\/image\/"},"sameAs":["https:\/\/www.facebook.com\/Carideal.mandataire.automobile","https:\/\/x.com\/caridealauto","https:\/\/www.instagram.com\/carideal1\/","https:\/\/www.linkedin.com\/company\/carideal.com","https:\/\/fr.pinterest.com\/schiavonsas\/","https:\/\/www.youtube.com\/user\/caridealsas"]},{"@type":"Person","@id":"https:\/\/www.carideal.com\/blog\/#\/schema\/person\/cd95dc7919660de90d31b366f85be1ec","name":"Nicolas SCHIAVON","image":{"@type":"ImageObject","inLanguage":"fr-FR","@id":"https:\/\/www.carideal.com\/blog\/#\/schema\/person\/image\/","url":"https:\/\/secure.gravatar.com\/avatar\/c17e55009e671d92cc7f5dc837dc418a?s=96&r=g","contentUrl":"https:\/\/secure.gravatar.com\/avatar\/c17e55009e671d92cc7f5dc837dc418a?s=96&r=g","caption":"Nicolas SCHIAVON"},"description":"Nicolas Schiavon est tomb\u00e9 tout petit dans la marmite automobile. Ayant eu un garage de marque automobile, mandataire automobile de la premi\u00e8re heure d\u00e8s 1999. Nicolas a cr\u00e9\u00e9 ces premiers sites de vente de voiture et blog automobile d\u00e8s 1994. Carideal est n\u00e9 le 15 d\u00e9cembre 2000 de la volont\u00e9 de vendre des voitures d'occasions en ligne puis des voitures neuves. Il a pu essayer beaucoup de voitures tr\u00e8s diff\u00e9rentes et ayant eu personnellement quelques belles autos, Subaru Impreza, Mitsubishi Lancer Evo 7, Porsche 911, Ferrari Testarrossa, Audi RS3, RS4 et j'en passe...","sameAs":["http:\/\/www.carideal.com","https:\/\/www.facebook.com\/nicolas.schiavon.39","https:\/\/www.instagram.com\/carideal1\/","https:\/\/www.linkedin.com\/in\/nschiavon\/","https:\/\/x.com\/caridealauto","https:\/\/www.youtube.com\/user\/caridealsas\/"],"url":"https:\/\/www.carideal.com\/blog\/author\/nschiavon\/"}]}},"uagb_featured_image_src":{"full":false,"thumbnail":false,"medium":false,"medium_large":false,"large":false,"1536x1536":false,"2048x2048":false,"wppr-widget":false},"uagb_author_info":{"display_name":"Nicolas SCHIAVON","author_link":"https:\/\/www.carideal.com\/blog\/author\/nschiavon\/"},"uagb_comment_info":0,"uagb_excerpt":"La voiture autonome de luxe Mercedes F015 Luxury in Motion Prototype de voiture autonome qu'on croirait \u00e9chapp\u00e9e d'un film de science-fiction, la Mercedes F015 Luxury in Motion\u00a0est cens\u00e9e figurer ce \u00e0 quoi ressem\u00adblera l'automobile \u00e0 l'horizon 2030. Outre qu'ils participent \u00e0 l'aspect fu\u00adturiste de ce concept-car, les nom\u00adbreux LED qui ornent sa carrosserie ont une\u2026","_links":{"self":[{"href":"https:\/\/www.carideal.com\/blog\/wp-json\/wp\/v2\/posts\/4304"}],"collection":[{"href":"https:\/\/www.carideal.com\/blog\/wp-json\/wp\/v2\/posts"}],"about":[{"href":"https:\/\/www.carideal.com\/blog\/wp-json\/wp\/v2\/types\/post"}],"author":[{"embeddable":true,"href":"https:\/\/www.carideal.com\/blog\/wp-json\/wp\/v2\/users\/3"}],"replies":[{"embeddable":true,"href":"https:\/\/www.carideal.com\/blog\/wp-json\/wp\/v2\/comments?post=4304"}],"version-history":[{"count":0,"href":"https:\/\/www.carideal.com\/blog\/wp-json\/wp\/v2\/posts\/4304\/revisions"}],"wp:attachment":[{"href":"https:\/\/www.carideal.com\/blog\/wp-json\/wp\/v2\/media?parent=4304"}],"wp:term":[{"taxonomy":"category","embeddable":true,"href":"https:\/\/www.carideal.com\/blog\/wp-json\/wp\/v2\/categories?post=4304"},{"taxonomy":"post_tag","embeddable":true,"href":"https:\/\/www.carideal.com\/blog\/wp-json\/wp\/v2\/tags?post=4304"}],"curies":[{"name":"wp","href":"https:\/\/api.w.org\/{rel}","templated":true}]}}