{"id":4286,"date":"2015-02-08T11:58:59","date_gmt":"2015-02-08T10:58:59","guid":{"rendered":"http:\/\/www.carideal.com\/blog\/?p=4286"},"modified":"2015-02-08T12:01:40","modified_gmt":"2015-02-08T11:01:40","slug":"nouveau-renault-espace-2014","status":"publish","type":"post","link":"https:\/\/www.carideal.com\/blog\/2015\/02\/08\/nouveau-renault-espace-2014\/","title":{"rendered":"Nouveau Renault Espace 2014"},"content":{"rendered":"<figure id=\"attachment_4287\" aria-describedby=\"caption-attachment-4287\" style=\"width: 290px\" class=\"wp-caption alignnone\"><a href=\"http:\/\/www.carideal.com\/blog\/wp-content\/uploads\/2015\/02\/renault-espace-2014-carideal-mandataire-automobile.jpg\"><img loading=\"lazy\" decoding=\"async\" class=\"size-medium wp-image-4287\" src=\"http:\/\/www.carideal.com\/blog\/wp-content\/uploads\/2015\/02\/renault-espace-2014-carideal-mandataire-automobile-300x150.jpg\" alt=\"Renault Espace 2014\" width=\"300\" height=\"150\" srcset=\"https:\/\/www.carideal.com\/blog\/wp-content\/uploads\/2015\/02\/renault-espace-2014-carideal-mandataire-automobile-300x150.jpg 300w, https:\/\/www.carideal.com\/blog\/wp-content\/uploads\/2015\/02\/renault-espace-2014-carideal-mandataire-automobile.jpg 591w\" sizes=\"(max-width: 300px) 100vw, 300px\" \/><\/a><figcaption id=\"caption-attachment-4287\" class=\"wp-caption-text\">Renault Espace 2014<\/figcaption><\/figure>\n<p><strong>Nouveau Renault Espace 2014 lancement en avril 2015<\/strong><\/p>\n<p>Le Nouveau Renault espace annonces des tarifs tr\u00e8s affut\u00e9s il est annonc\u00e9 \u00e0 34200 \u20ac en version Life DCI 130 contre l'actuel Grand Espace DCI 130 Limited \u00e0 34650 \u20ac plus 500 \u20ac de malus. On remarque donc que le Nouveau n'est pas sujet au malus sur cette version d'entr\u00e9e de gamme. Cette version Life est d'entr\u00e9e tr\u00e8s \u00e9quip\u00e9e avec la climatisation automatique la tablette multim\u00e9dia R-Link, radars avant et arri\u00e8re et lat\u00e9raux, Si\u00e8ge conducteur \u00e9lectrique, Feux Full Led, jantes alu 18\" etc.<\/p>\n<p>Renault veut jouer une nouvelle carte entre Grand monospace et SUV, le prix moyen sera plus dans les 40 000 \u20ac quand on le compare avec la concurrence directe Volkswagen Sharan, Ford S-Max et Galaxy, Lancia Voyager, Fiat Freemont, Citroen C8, et Seat Alhambra. Pour ce prix de 40 000 \u20ac vous aurez droit \u00e0 un Nouveau Espace DCI 160 EDC ZEN le deuxi\u00e8me niveau de finition. Vous n'aurez pas le choix de la boite robotis\u00e9e qui est impos\u00e9e. Cette deuxi\u00e8me finition ZEN sera mieux \u00e9quip\u00e9e que la concurrence avec la commutation automatique des feux de route\/croisement, la reconnaissance des panneaux de signalisation, l'avertisseur d'angle mort Feux Xenon Full LED etc.<\/p>\n<figure id=\"attachment_4288\" aria-describedby=\"caption-attachment-4288\" style=\"width: 290px\" class=\"wp-caption alignnone\"><a href=\"http:\/\/www.carideal.com\/blog\/wp-content\/uploads\/2015\/02\/renault-espace-2014-int-carideal-mandataire-automobile.jpg\"><img loading=\"lazy\" decoding=\"async\" class=\"size-medium wp-image-4288\" src=\"http:\/\/www.carideal.com\/blog\/wp-content\/uploads\/2015\/02\/renault-espace-2014-int-carideal-mandataire-automobile-300x200.jpg\" alt=\"L'int\u00e9rieur du nouveau Renault Espace 2014\" width=\"300\" height=\"200\" \/><\/a><figcaption id=\"caption-attachment-4288\" class=\"wp-caption-text\">L'int\u00e9rieur du nouveau Renault Espace 2014<\/figcaption><\/figure>\n<p>De mani\u00e8re g\u00e9n\u00e9ral la concurrence ne peut pas se battre ne proposant pas ses \u00e9quipements. A titre d'info le Sharan Confortline TDI 140 DSG. Une autre nuance qui a son importance, Alors que la concurrence souffre d'un Malus de 900 \u00a0\u20ac, lui en est exempt\u00e9 !<\/p>\n<p>Le Nouveau Renault espace met un sacr\u00e9 coup de jeune dans son segment, face \u00e0 une concurrence qui commence \u00e0 \u00eatre ag\u00e9e. Un avantage technologique, m\u00e9canique, et esth\u00e9tique qu'il faudra garder et capitaliser face \u00e0 l'arriv\u00e9 dans un peu plus d'un an du futur S-Max.<\/p>\n<p>Il est tr\u00e8s clair que le nouveau Renault Espace se donne les moyens de reprendre sa place de leader du segment avec par exemple l'amortissement pilot\u00e9 et un ch\u00e2ssis \u00e0 quatre roues directrices option \u00e0 1700 \u20ac.<\/p>\n<p>&nbsp;<\/p>\n","protected":false},"excerpt":{"rendered":"<p>Nouveau Renault Espace 2014 lancement en avril 2015 Le Nouveau Renault espace annonces des tarifs tr\u00e8s affut\u00e9s il est annonc\u00e9 \u00e0 34200 \u20ac en version Life DCI 130 contre l&rsquo;actuel Grand Espace DCI 130 Limited \u00e0 34650 \u20ac plus 500 \u20ac de malus. On remarque donc que le Nouveau n&rsquo;est pas sujet au malus sur &#8230; <a title=\"Nouveau Renault Espace 2014\" class=\"read-more\" href=\"https:\/\/www.carideal.com\/blog\/2015\/02\/08\/nouveau-renault-espace-2014\/\" aria-label=\"En savoir plus sur Nouveau Renault Espace 2014\">Lire plus<\/a><\/p>\n","protected":false},"author":3,"featured_media":0,"comment_status":"open","ping_status":"open","sticky":false,"template":"","format":"standard","meta":{"_uag_custom_page_level_css":"","_themeisle_gutenberg_block_has_review":false,"footnotes":""},"categories":[21],"tags":[],"class_list":["post-4286","post","type-post","status-publish","format-standard","hentry","category-actualites-auto"],"wppr_data":[],"yoast_head":"<!-- This site is optimized with the Yoast SEO plugin v24.8.1 - https:\/\/yoast.com\/wordpress\/plugins\/seo\/ -->\n<title>Nouveau Renault Espace 2014 - Blog auto Carid\u00e9al<\/title>\n<meta name=\"robots\" content=\"index, follow, max-snippet:-1, max-image-preview:large, max-video-preview:-1\" \/>\n<link rel=\"canonical\" href=\"https:\/\/www.carideal.com\/blog\/2015\/02\/08\/nouveau-renault-espace-2014\/\" \/>\n<meta property=\"og:locale\" content=\"fr_FR\" \/>\n<meta property=\"og:type\" content=\"article\" \/>\n<meta property=\"og:title\" content=\"Nouveau Renault Espace 2014 - Blog auto Carid\u00e9al\" \/>\n<meta property=\"og:description\" content=\"Nouveau Renault Espace 2014 lancement en avril 2015 Le Nouveau Renault espace annonces des tarifs tr\u00e8s affut\u00e9s il est annonc\u00e9 \u00e0 34200 \u20ac en version Life DCI 130 contre l&#039;actuel Grand Espace DCI 130 Limited \u00e0 34650 \u20ac plus 500 \u20ac de malus. On remarque donc que le Nouveau n&#039;est pas sujet au malus sur ... Lire plus\" \/>\n<meta property=\"og:url\" content=\"https:\/\/www.carideal.com\/blog\/2015\/02\/08\/nouveau-renault-espace-2014\/\" \/>\n<meta property=\"og:site_name\" content=\"Blog auto Carid\u00e9al\" \/>\n<meta property=\"article:publisher\" content=\"https:\/\/www.facebook.com\/Carideal.mandataire.automobile\" \/>\n<meta property=\"article:author\" content=\"https:\/\/www.facebook.com\/nicolas.schiavon.39\" \/>\n<meta property=\"article:published_time\" content=\"2015-02-08T10:58:59+00:00\" \/>\n<meta property=\"article:modified_time\" content=\"2015-02-08T11:01:40+00:00\" \/>\n<meta property=\"og:image\" content=\"http:\/\/www.carideal.com\/blog\/wp-content\/uploads\/2015\/02\/renault-espace-2014-carideal-mandataire-automobile-300x150.jpg\" \/>\n<meta name=\"author\" content=\"Nicolas SCHIAVON\" \/>\n<meta name=\"twitter:card\" content=\"summary_large_image\" \/>\n<meta name=\"twitter:creator\" content=\"@caridealauto\" \/>\n<meta name=\"twitter:site\" content=\"@caridealauto\" \/>\n<meta name=\"twitter:label1\" content=\"\u00c9crit par\" \/>\n\t<meta name=\"twitter:data1\" content=\"Nicolas SCHIAVON\" \/>\n\t<meta name=\"twitter:label2\" content=\"Dur\u00e9e de lecture estim\u00e9e\" \/>\n\t<meta name=\"twitter:data2\" content=\"2 minutes\" \/>\n<script type=\"application\/ld+json\" class=\"yoast-schema-graph\">{\"@context\":\"https:\/\/schema.org\",\"@graph\":[{\"@type\":\"Article\",\"@id\":\"https:\/\/www.carideal.com\/blog\/2015\/02\/08\/nouveau-renault-espace-2014\/#article\",\"isPartOf\":{\"@id\":\"https:\/\/www.carideal.com\/blog\/2015\/02\/08\/nouveau-renault-espace-2014\/\"},\"author\":{\"name\":\"Nicolas SCHIAVON\",\"@id\":\"https:\/\/www.carideal.com\/blog\/#\/schema\/person\/cd95dc7919660de90d31b366f85be1ec\"},\"headline\":\"Nouveau Renault Espace 2014\",\"datePublished\":\"2015-02-08T10:58:59+00:00\",\"dateModified\":\"2015-02-08T11:01:40+00:00\",\"mainEntityOfPage\":{\"@id\":\"https:\/\/www.carideal.com\/blog\/2015\/02\/08\/nouveau-renault-espace-2014\/\"},\"wordCount\":348,\"commentCount\":0,\"publisher\":{\"@id\":\"https:\/\/www.carideal.com\/blog\/#organization\"},\"image\":{\"@id\":\"https:\/\/www.carideal.com\/blog\/2015\/02\/08\/nouveau-renault-espace-2014\/#primaryimage\"},\"thumbnailUrl\":\"http:\/\/www.carideal.com\/blog\/wp-content\/uploads\/2015\/02\/renault-espace-2014-carideal-mandataire-automobile-300x150.jpg\",\"articleSection\":[\"Actualit\u00e9 automobile\"],\"inLanguage\":\"fr-FR\",\"potentialAction\":[{\"@type\":\"CommentAction\",\"name\":\"Comment\",\"target\":[\"https:\/\/www.carideal.com\/blog\/2015\/02\/08\/nouveau-renault-espace-2014\/#respond\"]}]},{\"@type\":\"WebPage\",\"@id\":\"https:\/\/www.carideal.com\/blog\/2015\/02\/08\/nouveau-renault-espace-2014\/\",\"url\":\"https:\/\/www.carideal.com\/blog\/2015\/02\/08\/nouveau-renault-espace-2014\/\",\"name\":\"Nouveau Renault Espace 2014 - Blog auto Carid\u00e9al\",\"isPartOf\":{\"@id\":\"https:\/\/www.carideal.com\/blog\/#website\"},\"primaryImageOfPage\":{\"@id\":\"https:\/\/www.carideal.com\/blog\/2015\/02\/08\/nouveau-renault-espace-2014\/#primaryimage\"},\"image\":{\"@id\":\"https:\/\/www.carideal.com\/blog\/2015\/02\/08\/nouveau-renault-espace-2014\/#primaryimage\"},\"thumbnailUrl\":\"http:\/\/www.carideal.com\/blog\/wp-content\/uploads\/2015\/02\/renault-espace-2014-carideal-mandataire-automobile-300x150.jpg\",\"datePublished\":\"2015-02-08T10:58:59+00:00\",\"dateModified\":\"2015-02-08T11:01:40+00:00\",\"breadcrumb\":{\"@id\":\"https:\/\/www.carideal.com\/blog\/2015\/02\/08\/nouveau-renault-espace-2014\/#breadcrumb\"},\"inLanguage\":\"fr-FR\",\"potentialAction\":[{\"@type\":\"ReadAction\",\"target\":[\"https:\/\/www.carideal.com\/blog\/2015\/02\/08\/nouveau-renault-espace-2014\/\"]}]},{\"@type\":\"ImageObject\",\"inLanguage\":\"fr-FR\",\"@id\":\"https:\/\/www.carideal.com\/blog\/2015\/02\/08\/nouveau-renault-espace-2014\/#primaryimage\",\"url\":\"http:\/\/www.carideal.com\/blog\/wp-content\/uploads\/2015\/02\/renault-espace-2014-carideal-mandataire-automobile-300x150.jpg\",\"contentUrl\":\"http:\/\/www.carideal.com\/blog\/wp-content\/uploads\/2015\/02\/renault-espace-2014-carideal-mandataire-automobile-300x150.jpg\"},{\"@type\":\"BreadcrumbList\",\"@id\":\"https:\/\/www.carideal.com\/blog\/2015\/02\/08\/nouveau-renault-espace-2014\/#breadcrumb\",\"itemListElement\":[{\"@type\":\"ListItem\",\"position\":1,\"name\":\"Blog Carid\u00e9al\",\"item\":\"https:\/\/www.carideal.com\/blog\/\"},{\"@type\":\"ListItem\",\"position\":2,\"name\":\"Actualit\u00e9 automobile\",\"item\":\"https:\/\/www.carideal.com\/blog\/actualites-auto\/\"},{\"@type\":\"ListItem\",\"position\":3,\"name\":\"Nouveau Renault Espace 2014\"}]},{\"@type\":\"WebSite\",\"@id\":\"https:\/\/www.carideal.com\/blog\/#website\",\"url\":\"https:\/\/www.carideal.com\/blog\/\",\"name\":\"Blog auto Carid\u00e9al\",\"description\":\"Actualit\u00e9 auto par des passionn\u00e9s\",\"publisher\":{\"@id\":\"https:\/\/www.carideal.com\/blog\/#organization\"},\"potentialAction\":[{\"@type\":\"SearchAction\",\"target\":{\"@type\":\"EntryPoint\",\"urlTemplate\":\"https:\/\/www.carideal.com\/blog\/?s={search_term_string}\"},\"query-input\":{\"@type\":\"PropertyValueSpecification\",\"valueRequired\":true,\"valueName\":\"search_term_string\"}}],\"inLanguage\":\"fr-FR\"},{\"@type\":\"Organization\",\"@id\":\"https:\/\/www.carideal.com\/blog\/#organization\",\"name\":\"Carideal\",\"url\":\"https:\/\/www.carideal.com\/blog\/\",\"logo\":{\"@type\":\"ImageObject\",\"inLanguage\":\"fr-FR\",\"@id\":\"https:\/\/www.carideal.com\/blog\/#\/schema\/logo\/image\/\",\"url\":\"http:\/\/www.carideal.com\/blog\/wp-content\/uploads\/2016\/03\/logo-carideal-mandataire-automobile.png\",\"contentUrl\":\"http:\/\/www.carideal.com\/blog\/wp-content\/uploads\/2016\/03\/logo-carideal-mandataire-automobile.png\",\"width\":300,\"height\":300,\"caption\":\"Carideal\"},\"image\":{\"@id\":\"https:\/\/www.carideal.com\/blog\/#\/schema\/logo\/image\/\"},\"sameAs\":[\"https:\/\/www.facebook.com\/Carideal.mandataire.automobile\",\"https:\/\/x.com\/caridealauto\",\"https:\/\/www.instagram.com\/carideal1\/\",\"https:\/\/www.linkedin.com\/company\/carideal.com\",\"https:\/\/fr.pinterest.com\/schiavonsas\/\",\"https:\/\/www.youtube.com\/user\/caridealsas\"]},{\"@type\":\"Person\",\"@id\":\"https:\/\/www.carideal.com\/blog\/#\/schema\/person\/cd95dc7919660de90d31b366f85be1ec\",\"name\":\"Nicolas SCHIAVON\",\"image\":{\"@type\":\"ImageObject\",\"inLanguage\":\"fr-FR\",\"@id\":\"https:\/\/www.carideal.com\/blog\/#\/schema\/person\/image\/\",\"url\":\"https:\/\/secure.gravatar.com\/avatar\/c17e55009e671d92cc7f5dc837dc418a?s=96&r=g\",\"contentUrl\":\"https:\/\/secure.gravatar.com\/avatar\/c17e55009e671d92cc7f5dc837dc418a?s=96&r=g\",\"caption\":\"Nicolas SCHIAVON\"},\"description\":\"Nicolas Schiavon est tomb\u00e9 tout petit dans la marmite automobile. Ayant eu un garage de marque automobile, mandataire automobile de la premi\u00e8re heure d\u00e8s 1999. Nicolas a cr\u00e9\u00e9 ces premiers sites de vente de voiture et blog automobile d\u00e8s 1994. Carideal est n\u00e9 le 15 d\u00e9cembre 2000 de la volont\u00e9 de vendre des voitures d'occasions en ligne puis des voitures neuves. Il a pu essayer beaucoup de voitures tr\u00e8s diff\u00e9rentes et ayant eu personnellement quelques belles autos, Subaru Impreza, Mitsubishi Lancer Evo 7, Porsche 911, Ferrari Testarrossa, Audi RS3, RS4 et j'en passe...\",\"sameAs\":[\"http:\/\/www.carideal.com\",\"https:\/\/www.facebook.com\/nicolas.schiavon.39\",\"https:\/\/www.instagram.com\/carideal1\/\",\"https:\/\/www.linkedin.com\/in\/nschiavon\/\",\"https:\/\/x.com\/caridealauto\",\"https:\/\/www.youtube.com\/user\/caridealsas\/\"],\"url\":\"https:\/\/www.carideal.com\/blog\/author\/nschiavon\/\"}]}<\/script>\n<!-- \/ Yoast SEO plugin. -->","yoast_head_json":{"title":"Nouveau Renault Espace 2014 - Blog auto Carid\u00e9al","robots":{"index":"index","follow":"follow","max-snippet":"max-snippet:-1","max-image-preview":"max-image-preview:large","max-video-preview":"max-video-preview:-1"},"canonical":"https:\/\/www.carideal.com\/blog\/2015\/02\/08\/nouveau-renault-espace-2014\/","og_locale":"fr_FR","og_type":"article","og_title":"Nouveau Renault Espace 2014 - Blog auto Carid\u00e9al","og_description":"Nouveau Renault Espace 2014 lancement en avril 2015 Le Nouveau Renault espace annonces des tarifs tr\u00e8s affut\u00e9s il est annonc\u00e9 \u00e0 34200 \u20ac en version Life DCI 130 contre l'actuel Grand Espace DCI 130 Limited \u00e0 34650 \u20ac plus 500 \u20ac de malus. On remarque donc que le Nouveau n'est pas sujet au malus sur ... Lire plus","og_url":"https:\/\/www.carideal.com\/blog\/2015\/02\/08\/nouveau-renault-espace-2014\/","og_site_name":"Blog auto Carid\u00e9al","article_publisher":"https:\/\/www.facebook.com\/Carideal.mandataire.automobile","article_author":"https:\/\/www.facebook.com\/nicolas.schiavon.39","article_published_time":"2015-02-08T10:58:59+00:00","article_modified_time":"2015-02-08T11:01:40+00:00","og_image":[{"url":"http:\/\/www.carideal.com\/blog\/wp-content\/uploads\/2015\/02\/renault-espace-2014-carideal-mandataire-automobile-300x150.jpg","type":"","width":"","height":""}],"author":"Nicolas SCHIAVON","twitter_card":"summary_large_image","twitter_creator":"@caridealauto","twitter_site":"@caridealauto","twitter_misc":{"\u00c9crit par":"Nicolas SCHIAVON","Dur\u00e9e de lecture estim\u00e9e":"2 minutes"},"schema":{"@context":"https:\/\/schema.org","@graph":[{"@type":"Article","@id":"https:\/\/www.carideal.com\/blog\/2015\/02\/08\/nouveau-renault-espace-2014\/#article","isPartOf":{"@id":"https:\/\/www.carideal.com\/blog\/2015\/02\/08\/nouveau-renault-espace-2014\/"},"author":{"name":"Nicolas SCHIAVON","@id":"https:\/\/www.carideal.com\/blog\/#\/schema\/person\/cd95dc7919660de90d31b366f85be1ec"},"headline":"Nouveau Renault Espace 2014","datePublished":"2015-02-08T10:58:59+00:00","dateModified":"2015-02-08T11:01:40+00:00","mainEntityOfPage":{"@id":"https:\/\/www.carideal.com\/blog\/2015\/02\/08\/nouveau-renault-espace-2014\/"},"wordCount":348,"commentCount":0,"publisher":{"@id":"https:\/\/www.carideal.com\/blog\/#organization"},"image":{"@id":"https:\/\/www.carideal.com\/blog\/2015\/02\/08\/nouveau-renault-espace-2014\/#primaryimage"},"thumbnailUrl":"http:\/\/www.carideal.com\/blog\/wp-content\/uploads\/2015\/02\/renault-espace-2014-carideal-mandataire-automobile-300x150.jpg","articleSection":["Actualit\u00e9 automobile"],"inLanguage":"fr-FR","potentialAction":[{"@type":"CommentAction","name":"Comment","target":["https:\/\/www.carideal.com\/blog\/2015\/02\/08\/nouveau-renault-espace-2014\/#respond"]}]},{"@type":"WebPage","@id":"https:\/\/www.carideal.com\/blog\/2015\/02\/08\/nouveau-renault-espace-2014\/","url":"https:\/\/www.carideal.com\/blog\/2015\/02\/08\/nouveau-renault-espace-2014\/","name":"Nouveau Renault Espace 2014 - Blog auto Carid\u00e9al","isPartOf":{"@id":"https:\/\/www.carideal.com\/blog\/#website"},"primaryImageOfPage":{"@id":"https:\/\/www.carideal.com\/blog\/2015\/02\/08\/nouveau-renault-espace-2014\/#primaryimage"},"image":{"@id":"https:\/\/www.carideal.com\/blog\/2015\/02\/08\/nouveau-renault-espace-2014\/#primaryimage"},"thumbnailUrl":"http:\/\/www.carideal.com\/blog\/wp-content\/uploads\/2015\/02\/renault-espace-2014-carideal-mandataire-automobile-300x150.jpg","datePublished":"2015-02-08T10:58:59+00:00","dateModified":"2015-02-08T11:01:40+00:00","breadcrumb":{"@id":"https:\/\/www.carideal.com\/blog\/2015\/02\/08\/nouveau-renault-espace-2014\/#breadcrumb"},"inLanguage":"fr-FR","potentialAction":[{"@type":"ReadAction","target":["https:\/\/www.carideal.com\/blog\/2015\/02\/08\/nouveau-renault-espace-2014\/"]}]},{"@type":"ImageObject","inLanguage":"fr-FR","@id":"https:\/\/www.carideal.com\/blog\/2015\/02\/08\/nouveau-renault-espace-2014\/#primaryimage","url":"http:\/\/www.carideal.com\/blog\/wp-content\/uploads\/2015\/02\/renault-espace-2014-carideal-mandataire-automobile-300x150.jpg","contentUrl":"http:\/\/www.carideal.com\/blog\/wp-content\/uploads\/2015\/02\/renault-espace-2014-carideal-mandataire-automobile-300x150.jpg"},{"@type":"BreadcrumbList","@id":"https:\/\/www.carideal.com\/blog\/2015\/02\/08\/nouveau-renault-espace-2014\/#breadcrumb","itemListElement":[{"@type":"ListItem","position":1,"name":"Blog Carid\u00e9al","item":"https:\/\/www.carideal.com\/blog\/"},{"@type":"ListItem","position":2,"name":"Actualit\u00e9 automobile","item":"https:\/\/www.carideal.com\/blog\/actualites-auto\/"},{"@type":"ListItem","position":3,"name":"Nouveau Renault Espace 2014"}]},{"@type":"WebSite","@id":"https:\/\/www.carideal.com\/blog\/#website","url":"https:\/\/www.carideal.com\/blog\/","name":"Blog auto Carid\u00e9al","description":"Actualit\u00e9 auto par des passionn\u00e9s","publisher":{"@id":"https:\/\/www.carideal.com\/blog\/#organization"},"potentialAction":[{"@type":"SearchAction","target":{"@type":"EntryPoint","urlTemplate":"https:\/\/www.carideal.com\/blog\/?s={search_term_string}"},"query-input":{"@type":"PropertyValueSpecification","valueRequired":true,"valueName":"search_term_string"}}],"inLanguage":"fr-FR"},{"@type":"Organization","@id":"https:\/\/www.carideal.com\/blog\/#organization","name":"Carideal","url":"https:\/\/www.carideal.com\/blog\/","logo":{"@type":"ImageObject","inLanguage":"fr-FR","@id":"https:\/\/www.carideal.com\/blog\/#\/schema\/logo\/image\/","url":"http:\/\/www.carideal.com\/blog\/wp-content\/uploads\/2016\/03\/logo-carideal-mandataire-automobile.png","contentUrl":"http:\/\/www.carideal.com\/blog\/wp-content\/uploads\/2016\/03\/logo-carideal-mandataire-automobile.png","width":300,"height":300,"caption":"Carideal"},"image":{"@id":"https:\/\/www.carideal.com\/blog\/#\/schema\/logo\/image\/"},"sameAs":["https:\/\/www.facebook.com\/Carideal.mandataire.automobile","https:\/\/x.com\/caridealauto","https:\/\/www.instagram.com\/carideal1\/","https:\/\/www.linkedin.com\/company\/carideal.com","https:\/\/fr.pinterest.com\/schiavonsas\/","https:\/\/www.youtube.com\/user\/caridealsas"]},{"@type":"Person","@id":"https:\/\/www.carideal.com\/blog\/#\/schema\/person\/cd95dc7919660de90d31b366f85be1ec","name":"Nicolas SCHIAVON","image":{"@type":"ImageObject","inLanguage":"fr-FR","@id":"https:\/\/www.carideal.com\/blog\/#\/schema\/person\/image\/","url":"https:\/\/secure.gravatar.com\/avatar\/c17e55009e671d92cc7f5dc837dc418a?s=96&r=g","contentUrl":"https:\/\/secure.gravatar.com\/avatar\/c17e55009e671d92cc7f5dc837dc418a?s=96&r=g","caption":"Nicolas SCHIAVON"},"description":"Nicolas Schiavon est tomb\u00e9 tout petit dans la marmite automobile. Ayant eu un garage de marque automobile, mandataire automobile de la premi\u00e8re heure d\u00e8s 1999. Nicolas a cr\u00e9\u00e9 ces premiers sites de vente de voiture et blog automobile d\u00e8s 1994. Carideal est n\u00e9 le 15 d\u00e9cembre 2000 de la volont\u00e9 de vendre des voitures d'occasions en ligne puis des voitures neuves. Il a pu essayer beaucoup de voitures tr\u00e8s diff\u00e9rentes et ayant eu personnellement quelques belles autos, Subaru Impreza, Mitsubishi Lancer Evo 7, Porsche 911, Ferrari Testarrossa, Audi RS3, RS4 et j'en passe...","sameAs":["http:\/\/www.carideal.com","https:\/\/www.facebook.com\/nicolas.schiavon.39","https:\/\/www.instagram.com\/carideal1\/","https:\/\/www.linkedin.com\/in\/nschiavon\/","https:\/\/x.com\/caridealauto","https:\/\/www.youtube.com\/user\/caridealsas\/"],"url":"https:\/\/www.carideal.com\/blog\/author\/nschiavon\/"}]}},"uagb_featured_image_src":{"full":false,"thumbnail":false,"medium":false,"medium_large":false,"large":false,"1536x1536":false,"2048x2048":false,"wppr-widget":false},"uagb_author_info":{"display_name":"Nicolas SCHIAVON","author_link":"https:\/\/www.carideal.com\/blog\/author\/nschiavon\/"},"uagb_comment_info":0,"uagb_excerpt":"Nouveau Renault Espace 2014 lancement en avril 2015 Le Nouveau Renault espace annonces des tarifs tr\u00e8s affut\u00e9s il est annonc\u00e9 \u00e0 34200 \u20ac en version Life DCI 130 contre l'actuel Grand Espace DCI 130 Limited \u00e0 34650 \u20ac plus 500 \u20ac de malus. On remarque donc que le Nouveau n'est pas sujet au malus sur\u2026","_links":{"self":[{"href":"https:\/\/www.carideal.com\/blog\/wp-json\/wp\/v2\/posts\/4286"}],"collection":[{"href":"https:\/\/www.carideal.com\/blog\/wp-json\/wp\/v2\/posts"}],"about":[{"href":"https:\/\/www.carideal.com\/blog\/wp-json\/wp\/v2\/types\/post"}],"author":[{"embeddable":true,"href":"https:\/\/www.carideal.com\/blog\/wp-json\/wp\/v2\/users\/3"}],"replies":[{"embeddable":true,"href":"https:\/\/www.carideal.com\/blog\/wp-json\/wp\/v2\/comments?post=4286"}],"version-history":[{"count":0,"href":"https:\/\/www.carideal.com\/blog\/wp-json\/wp\/v2\/posts\/4286\/revisions"}],"wp:attachment":[{"href":"https:\/\/www.carideal.com\/blog\/wp-json\/wp\/v2\/media?parent=4286"}],"wp:term":[{"taxonomy":"category","embeddable":true,"href":"https:\/\/www.carideal.com\/blog\/wp-json\/wp\/v2\/categories?post=4286"},{"taxonomy":"post_tag","embeddable":true,"href":"https:\/\/www.carideal.com\/blog\/wp-json\/wp\/v2\/tags?post=4286"}],"curies":[{"name":"wp","href":"https:\/\/api.w.org\/{rel}","templated":true}]}}