{"id":4273,"date":"2015-02-05T08:38:15","date_gmt":"2015-02-05T07:38:15","guid":{"rendered":"http:\/\/www.carideal.com\/blog\/?p=4273"},"modified":"2020-03-08T07:28:52","modified_gmt":"2020-03-08T06:28:52","slug":"toyota-aygo-x-wave-avec-un-toit-ouvrant","status":"publish","type":"post","link":"https:\/\/www.carideal.com\/blog\/2015\/02\/05\/toyota-aygo-x-wave-avec-un-toit-ouvrant\/","title":{"rendered":"Toyota Aygo X-wave avec un toit ouvrant"},"content":{"rendered":"<figure id=\"attachment_4274\" aria-describedby=\"caption-attachment-4274\" style=\"width: 290px\" class=\"wp-caption alignnone\"><a href=\"http:\/\/www.carideal.com\/blog\/wp-content\/uploads\/2015\/02\/aygo-x-wave-carideal-mandataire-automobile.jpg\"><img loading=\"lazy\" decoding=\"async\" class=\"wp-image-4274 size-medium\" title=\"La Toyota Aygo X-wave s'\u00e9quipe d'un toit ouvrant en toile.\" src=\"http:\/\/www.carideal.com\/blog\/wp-content\/uploads\/2015\/02\/aygo-x-wave-carideal-mandataire-automobile-300x168.jpg\" alt=\"La Toyota Aygo X-wave s'\u00e9quipe d'un toit ouvrant en toile.\" width=\"300\" height=\"168\" srcset=\"https:\/\/www.carideal.com\/blog\/wp-content\/uploads\/2015\/02\/aygo-x-wave-carideal-mandataire-automobile-300x168.jpg 300w, https:\/\/www.carideal.com\/blog\/wp-content\/uploads\/2015\/02\/aygo-x-wave-carideal-mandataire-automobile-624x350.jpg 624w, https:\/\/www.carideal.com\/blog\/wp-content\/uploads\/2015\/02\/aygo-x-wave-carideal-mandataire-automobile.jpg 633w\" sizes=\"(max-width: 300px) 100vw, 300px\" \/><\/a><figcaption id=\"caption-attachment-4274\" class=\"wp-caption-text\">La Toyota Aygo X-wave s'\u00e9quipe d'un toit ouvrant en toile.<\/figcaption><\/figure>\n<h1><strong>Toyota Aygo X-Wave avec un toit ouvrant<\/strong><\/h1>\n<p>La Toyota AyGo imite ses cousines Citroen C1 Airscape et Peugeot 108 Top et se dote d'un Toit ouvrant avec une capote en toile qui coulisse \u00e9lectriquement sur toute la longueur. pour l'occasion elle se dote de jantes alu de 15\" d'un \u00e9cran tactile, avec cam\u00e9ra de recul etc.<\/p>\n<pre>Achat Toyota Aygo X-Wave avec <span style=\"text-decoration: underline;\">Carideal Mandataire Toyota Aygo<\/span><\/pre>\n<h2>Liste des \u00e9quipements de la Toyota Aygo X-Wave<\/h2>\n<p>Finitions &amp; \u00c9quipements<\/p>\n<p>Jantes alliage 15\"<br \/>\nProjecteurs antibrouillard avant<br \/>\nR\u00e9troviseurs ext\u00e9rieurs \u00e9lectriques<br \/>\nFermeture centralis\u00e9e<br \/>\nVerrouillage de portes \u00e0 distance<br \/>\nVolant gain\u00e9 de cuir<br \/>\nDirection assist\u00e9e \u00e9lectrique asservie \u00e0 la vitesse<br \/>\nPommeau de levier de vitesses gain\u00e9 de cuir<br \/>\nClimatisation manuelle<br \/>\nLimiteur de vitesse<br \/>\nVitres avant \u00e9lectriques<br \/>\nSyst\u00e8me multim\u00e9dia x-touch avec \u00e9cran tactile 7\" et cam\u00e9ra de recul (entra\u00eene le changement de l'insert de pare-chocs en noir laqu\u00e9 pour x-play)<br \/>\nCommandes audio au volant<br \/>\nSyst\u00e8me de freinage antiblocage (ABS)<br \/>\nAide au d\u00e9marrage en c\u00f4te (HAC)<br \/>\n6 airbags (frontaux, lat\u00e9raux et rideaux)<br \/>\nJantes alliage 15\"<br \/>\nProjecteurs antibrouillard avant<br \/>\nR\u00e9troviseurs ext\u00e9rieurs \u00e9lectriques<br \/>\nFermeture centralis\u00e9e<br \/>\nVerrouillage de portes \u00e0 distance<br \/>\nVolant gain\u00e9 de cuir<br \/>\nDirection assist\u00e9e \u00e9lectrique asservie \u00e0 la vitesse<br \/>\nPommeau de levier de vitesses gain\u00e9 de cuir<br \/>\nSyst\u00e8mes de contr\u00f4le de stabilit\u00e9 (VSC) et de motricit\u00e9 (TRC)<br \/>\nClimatisation manuelle<br \/>\nLimiteur de vitesse<br \/>\nVitres avant \u00e9lectriques<br \/>\nSyst\u00e8me multim\u00e9dia x-touch avec \u00e9cran tactile 7\" et cam\u00e9ra de recul (entra\u00eene le changement de l'insert de pare-chocs en noir laqu\u00e9 pour x-play)<br \/>\nCommandes audio au volant<br \/>\nOrdinateur de bord multi-informations<br \/>\nSyst\u00e8me de freinage antiblocage (ABS)<br \/>\nAide au d\u00e9marrage en c\u00f4te (HAC)<br \/>\n6 airbags (frontaux, lat\u00e9raux et rideaux)<\/p>\n<h2>Prix de la Toyota Aygo X-Wave<\/h2>\n<p>Prix Toyota Aygo X-Wave 5 Portes 69 VVT-i Boite Manuelle 5 vitesses \u00a014 800 \u20ac<br \/>\nPrix Toyota AyGo X-Wave 5 Portes 69 VVT-i Boite Robotisee x-shift (entra\u00eene la suppression du syst\u00e8me Stop&amp;Start et du limiteur de vitesse) \u00a015 500 \u20ac<\/p>\n<h2>Vid\u00e9o de la Toyota Aygo X-Wave<\/h2>\n<p>Un peu de fun avec cette vid\u00e9o d\u00e9cal\u00e9e pour pr\u00e9senter la Toyota Aygo X-Wave et son toit ouvrant.<br \/>\n<iframe loading=\"lazy\" src=\"https:\/\/www.youtube.com\/embed\/u48o8BV9NoM\" width=\"560\" height=\"315\" frameborder=\"0\" allowfullscreen=\"allowfullscreen\"><\/iframe><\/p>\n","protected":false},"excerpt":{"rendered":"<p>Toyota Aygo X-Wave avec un toit ouvrant La Toyota AyGo imite ses cousines Citroen C1 Airscape et Peugeot 108 Top et se dote d&rsquo;un Toit ouvrant avec une capote en toile qui coulisse \u00e9lectriquement sur toute la longueur. pour l&rsquo;occasion elle se dote de jantes alu de 15&Prime; d&rsquo;un \u00e9cran tactile, avec cam\u00e9ra de recul &#8230; <a title=\"Toyota Aygo X-wave avec un toit ouvrant\" class=\"read-more\" href=\"https:\/\/www.carideal.com\/blog\/2015\/02\/05\/toyota-aygo-x-wave-avec-un-toit-ouvrant\/\" aria-label=\"En savoir plus sur Toyota Aygo X-wave avec un toit ouvrant\">Lire plus<\/a><\/p>\n","protected":false},"author":3,"featured_media":0,"comment_status":"open","ping_status":"open","sticky":false,"template":"","format":"standard","meta":{"_uag_custom_page_level_css":"","_themeisle_gutenberg_block_has_review":false,"footnotes":""},"categories":[21,5944,5951,6012,9,5994,10,5974,18],"tags":[5044],"class_list":["post-4273","post","type-post","status-publish","format-standard","hentry","category-actualites-auto","category-constructeur","category-toyota","category-berlines","category-divers","category-fun","category-marche-automobile-voiture-neuve-occasion-4x4-suv","category-type-de-vehicule","category-videos","tag-guide-achat"],"wppr_data":[],"yoast_head":"<!-- This site is optimized with the Yoast SEO plugin v24.8.1 - https:\/\/yoast.com\/wordpress\/plugins\/seo\/ -->\n<title>Toyota Aygo X-wave avec un toit ouvrant - Blog auto Carid\u00e9al<\/title>\n<meta name=\"description\" content=\"La Toyota AyGo X-Wave imite ses cousines Citroen C1 Airscape et Peugeot 108 Top et se dote d&#039;un Toit ouvrant avec une capote en toile.\" \/>\n<meta name=\"robots\" content=\"index, follow, max-snippet:-1, max-image-preview:large, max-video-preview:-1\" \/>\n<link rel=\"canonical\" href=\"https:\/\/www.carideal.com\/blog\/2015\/02\/05\/toyota-aygo-x-wave-avec-un-toit-ouvrant\/\" \/>\n<meta property=\"og:locale\" content=\"fr_FR\" \/>\n<meta property=\"og:type\" content=\"article\" \/>\n<meta property=\"og:title\" content=\"Toyota Aygo X-wave avec un toit ouvrant - Blog auto Carid\u00e9al\" \/>\n<meta property=\"og:description\" content=\"La Toyota AyGo X-Wave imite ses cousines Citroen C1 Airscape et Peugeot 108 Top et se dote d&#039;un Toit ouvrant avec une capote en toile.\" \/>\n<meta property=\"og:url\" content=\"https:\/\/www.carideal.com\/blog\/2015\/02\/05\/toyota-aygo-x-wave-avec-un-toit-ouvrant\/\" \/>\n<meta property=\"og:site_name\" content=\"Blog auto Carid\u00e9al\" \/>\n<meta property=\"article:publisher\" content=\"https:\/\/www.facebook.com\/Carideal.mandataire.automobile\" \/>\n<meta property=\"article:author\" content=\"https:\/\/www.facebook.com\/nicolas.schiavon.39\" \/>\n<meta property=\"article:published_time\" content=\"2015-02-05T07:38:15+00:00\" \/>\n<meta property=\"article:modified_time\" content=\"2020-03-08T06:28:52+00:00\" \/>\n<meta property=\"og:image\" content=\"http:\/\/www.carideal.com\/blog\/wp-content\/uploads\/2015\/02\/aygo-x-wave-carideal-mandataire-automobile-300x168.jpg\" \/>\n<meta name=\"author\" content=\"Nicolas SCHIAVON\" \/>\n<meta name=\"twitter:card\" content=\"summary_large_image\" \/>\n<meta name=\"twitter:creator\" content=\"@caridealauto\" \/>\n<meta name=\"twitter:site\" content=\"@caridealauto\" \/>\n<meta name=\"twitter:label1\" content=\"\u00c9crit par\" \/>\n\t<meta name=\"twitter:data1\" content=\"Nicolas SCHIAVON\" \/>\n\t<meta name=\"twitter:label2\" content=\"Dur\u00e9e de lecture estim\u00e9e\" \/>\n\t<meta name=\"twitter:data2\" content=\"2 minutes\" \/>\n<script type=\"application\/ld+json\" class=\"yoast-schema-graph\">{\"@context\":\"https:\/\/schema.org\",\"@graph\":[{\"@type\":\"Article\",\"@id\":\"https:\/\/www.carideal.com\/blog\/2015\/02\/05\/toyota-aygo-x-wave-avec-un-toit-ouvrant\/#article\",\"isPartOf\":{\"@id\":\"https:\/\/www.carideal.com\/blog\/2015\/02\/05\/toyota-aygo-x-wave-avec-un-toit-ouvrant\/\"},\"author\":{\"name\":\"Nicolas SCHIAVON\",\"@id\":\"https:\/\/www.carideal.com\/blog\/#\/schema\/person\/cd95dc7919660de90d31b366f85be1ec\"},\"headline\":\"Toyota Aygo X-wave avec un toit ouvrant\",\"datePublished\":\"2015-02-05T07:38:15+00:00\",\"dateModified\":\"2020-03-08T06:28:52+00:00\",\"mainEntityOfPage\":{\"@id\":\"https:\/\/www.carideal.com\/blog\/2015\/02\/05\/toyota-aygo-x-wave-avec-un-toit-ouvrant\/\"},\"wordCount\":363,\"commentCount\":0,\"publisher\":{\"@id\":\"https:\/\/www.carideal.com\/blog\/#organization\"},\"image\":{\"@id\":\"https:\/\/www.carideal.com\/blog\/2015\/02\/05\/toyota-aygo-x-wave-avec-un-toit-ouvrant\/#primaryimage\"},\"thumbnailUrl\":\"http:\/\/www.carideal.com\/blog\/wp-content\/uploads\/2015\/02\/aygo-x-wave-carideal-mandataire-automobile-300x168.jpg\",\"keywords\":[\"Guide achat voiture\"],\"articleSection\":[\"Actualit\u00e9 automobile\",\"Actualit\u00e9 Constructeur automobile\",\"Actualit\u00e9 Toyota\",\"Berlines\",\"Divers\",\"Fun\",\"March\u00e9 automobile\",\"Type de v\u00e9hicule\",\"Vid\u00e9o voiture : vid\u00e9o automobile\"],\"inLanguage\":\"fr-FR\",\"potentialAction\":[{\"@type\":\"CommentAction\",\"name\":\"Comment\",\"target\":[\"https:\/\/www.carideal.com\/blog\/2015\/02\/05\/toyota-aygo-x-wave-avec-un-toit-ouvrant\/#respond\"]}]},{\"@type\":\"WebPage\",\"@id\":\"https:\/\/www.carideal.com\/blog\/2015\/02\/05\/toyota-aygo-x-wave-avec-un-toit-ouvrant\/\",\"url\":\"https:\/\/www.carideal.com\/blog\/2015\/02\/05\/toyota-aygo-x-wave-avec-un-toit-ouvrant\/\",\"name\":\"Toyota Aygo X-wave avec un toit ouvrant - Blog auto Carid\u00e9al\",\"isPartOf\":{\"@id\":\"https:\/\/www.carideal.com\/blog\/#website\"},\"primaryImageOfPage\":{\"@id\":\"https:\/\/www.carideal.com\/blog\/2015\/02\/05\/toyota-aygo-x-wave-avec-un-toit-ouvrant\/#primaryimage\"},\"image\":{\"@id\":\"https:\/\/www.carideal.com\/blog\/2015\/02\/05\/toyota-aygo-x-wave-avec-un-toit-ouvrant\/#primaryimage\"},\"thumbnailUrl\":\"http:\/\/www.carideal.com\/blog\/wp-content\/uploads\/2015\/02\/aygo-x-wave-carideal-mandataire-automobile-300x168.jpg\",\"datePublished\":\"2015-02-05T07:38:15+00:00\",\"dateModified\":\"2020-03-08T06:28:52+00:00\",\"description\":\"La Toyota AyGo X-Wave imite ses cousines Citroen C1 Airscape et Peugeot 108 Top et se dote d'un Toit ouvrant avec une capote en toile.\",\"breadcrumb\":{\"@id\":\"https:\/\/www.carideal.com\/blog\/2015\/02\/05\/toyota-aygo-x-wave-avec-un-toit-ouvrant\/#breadcrumb\"},\"inLanguage\":\"fr-FR\",\"potentialAction\":[{\"@type\":\"ReadAction\",\"target\":[\"https:\/\/www.carideal.com\/blog\/2015\/02\/05\/toyota-aygo-x-wave-avec-un-toit-ouvrant\/\"]}]},{\"@type\":\"ImageObject\",\"inLanguage\":\"fr-FR\",\"@id\":\"https:\/\/www.carideal.com\/blog\/2015\/02\/05\/toyota-aygo-x-wave-avec-un-toit-ouvrant\/#primaryimage\",\"url\":\"http:\/\/www.carideal.com\/blog\/wp-content\/uploads\/2015\/02\/aygo-x-wave-carideal-mandataire-automobile-300x168.jpg\",\"contentUrl\":\"http:\/\/www.carideal.com\/blog\/wp-content\/uploads\/2015\/02\/aygo-x-wave-carideal-mandataire-automobile-300x168.jpg\"},{\"@type\":\"BreadcrumbList\",\"@id\":\"https:\/\/www.carideal.com\/blog\/2015\/02\/05\/toyota-aygo-x-wave-avec-un-toit-ouvrant\/#breadcrumb\",\"itemListElement\":[{\"@type\":\"ListItem\",\"position\":1,\"name\":\"Blog Carid\u00e9al\",\"item\":\"https:\/\/www.carideal.com\/blog\/\"},{\"@type\":\"ListItem\",\"position\":2,\"name\":\"Actualit\u00e9 automobile\",\"item\":\"https:\/\/www.carideal.com\/blog\/actualites-auto\/\"},{\"@type\":\"ListItem\",\"position\":3,\"name\":\"Toyota Aygo X-wave avec un toit ouvrant\"}]},{\"@type\":\"WebSite\",\"@id\":\"https:\/\/www.carideal.com\/blog\/#website\",\"url\":\"https:\/\/www.carideal.com\/blog\/\",\"name\":\"Blog auto Carid\u00e9al\",\"description\":\"Actualit\u00e9 auto par des passionn\u00e9s\",\"publisher\":{\"@id\":\"https:\/\/www.carideal.com\/blog\/#organization\"},\"potentialAction\":[{\"@type\":\"SearchAction\",\"target\":{\"@type\":\"EntryPoint\",\"urlTemplate\":\"https:\/\/www.carideal.com\/blog\/?s={search_term_string}\"},\"query-input\":{\"@type\":\"PropertyValueSpecification\",\"valueRequired\":true,\"valueName\":\"search_term_string\"}}],\"inLanguage\":\"fr-FR\"},{\"@type\":\"Organization\",\"@id\":\"https:\/\/www.carideal.com\/blog\/#organization\",\"name\":\"Carideal\",\"url\":\"https:\/\/www.carideal.com\/blog\/\",\"logo\":{\"@type\":\"ImageObject\",\"inLanguage\":\"fr-FR\",\"@id\":\"https:\/\/www.carideal.com\/blog\/#\/schema\/logo\/image\/\",\"url\":\"http:\/\/www.carideal.com\/blog\/wp-content\/uploads\/2016\/03\/logo-carideal-mandataire-automobile.png\",\"contentUrl\":\"http:\/\/www.carideal.com\/blog\/wp-content\/uploads\/2016\/03\/logo-carideal-mandataire-automobile.png\",\"width\":300,\"height\":300,\"caption\":\"Carideal\"},\"image\":{\"@id\":\"https:\/\/www.carideal.com\/blog\/#\/schema\/logo\/image\/\"},\"sameAs\":[\"https:\/\/www.facebook.com\/Carideal.mandataire.automobile\",\"https:\/\/x.com\/caridealauto\",\"https:\/\/www.instagram.com\/carideal1\/\",\"https:\/\/www.linkedin.com\/company\/carideal.com\",\"https:\/\/fr.pinterest.com\/schiavonsas\/\",\"https:\/\/www.youtube.com\/user\/caridealsas\"]},{\"@type\":\"Person\",\"@id\":\"https:\/\/www.carideal.com\/blog\/#\/schema\/person\/cd95dc7919660de90d31b366f85be1ec\",\"name\":\"Nicolas SCHIAVON\",\"image\":{\"@type\":\"ImageObject\",\"inLanguage\":\"fr-FR\",\"@id\":\"https:\/\/www.carideal.com\/blog\/#\/schema\/person\/image\/\",\"url\":\"https:\/\/secure.gravatar.com\/avatar\/c17e55009e671d92cc7f5dc837dc418a?s=96&r=g\",\"contentUrl\":\"https:\/\/secure.gravatar.com\/avatar\/c17e55009e671d92cc7f5dc837dc418a?s=96&r=g\",\"caption\":\"Nicolas SCHIAVON\"},\"description\":\"Nicolas Schiavon est tomb\u00e9 tout petit dans la marmite automobile. Ayant eu un garage de marque automobile, mandataire automobile de la premi\u00e8re heure d\u00e8s 1999. Nicolas a cr\u00e9\u00e9 ces premiers sites de vente de voiture et blog automobile d\u00e8s 1994. Carideal est n\u00e9 le 15 d\u00e9cembre 2000 de la volont\u00e9 de vendre des voitures d'occasions en ligne puis des voitures neuves. Il a pu essayer beaucoup de voitures tr\u00e8s diff\u00e9rentes et ayant eu personnellement quelques belles autos, Subaru Impreza, Mitsubishi Lancer Evo 7, Porsche 911, Ferrari Testarrossa, Audi RS3, RS4 et j'en passe...\",\"sameAs\":[\"http:\/\/www.carideal.com\",\"https:\/\/www.facebook.com\/nicolas.schiavon.39\",\"https:\/\/www.instagram.com\/carideal1\/\",\"https:\/\/www.linkedin.com\/in\/nschiavon\/\",\"https:\/\/x.com\/caridealauto\",\"https:\/\/www.youtube.com\/user\/caridealsas\/\"],\"url\":\"https:\/\/www.carideal.com\/blog\/author\/nschiavon\/\"}]}<\/script>\n<!-- \/ Yoast SEO plugin. -->","yoast_head_json":{"title":"Toyota Aygo X-wave avec un toit ouvrant - Blog auto Carid\u00e9al","description":"La Toyota AyGo X-Wave imite ses cousines Citroen C1 Airscape et Peugeot 108 Top et se dote d'un Toit ouvrant avec une capote en toile.","robots":{"index":"index","follow":"follow","max-snippet":"max-snippet:-1","max-image-preview":"max-image-preview:large","max-video-preview":"max-video-preview:-1"},"canonical":"https:\/\/www.carideal.com\/blog\/2015\/02\/05\/toyota-aygo-x-wave-avec-un-toit-ouvrant\/","og_locale":"fr_FR","og_type":"article","og_title":"Toyota Aygo X-wave avec un toit ouvrant - Blog auto Carid\u00e9al","og_description":"La Toyota AyGo X-Wave imite ses cousines Citroen C1 Airscape et Peugeot 108 Top et se dote d'un Toit ouvrant avec une capote en toile.","og_url":"https:\/\/www.carideal.com\/blog\/2015\/02\/05\/toyota-aygo-x-wave-avec-un-toit-ouvrant\/","og_site_name":"Blog auto Carid\u00e9al","article_publisher":"https:\/\/www.facebook.com\/Carideal.mandataire.automobile","article_author":"https:\/\/www.facebook.com\/nicolas.schiavon.39","article_published_time":"2015-02-05T07:38:15+00:00","article_modified_time":"2020-03-08T06:28:52+00:00","og_image":[{"url":"http:\/\/www.carideal.com\/blog\/wp-content\/uploads\/2015\/02\/aygo-x-wave-carideal-mandataire-automobile-300x168.jpg","type":"","width":"","height":""}],"author":"Nicolas SCHIAVON","twitter_card":"summary_large_image","twitter_creator":"@caridealauto","twitter_site":"@caridealauto","twitter_misc":{"\u00c9crit par":"Nicolas SCHIAVON","Dur\u00e9e de lecture estim\u00e9e":"2 minutes"},"schema":{"@context":"https:\/\/schema.org","@graph":[{"@type":"Article","@id":"https:\/\/www.carideal.com\/blog\/2015\/02\/05\/toyota-aygo-x-wave-avec-un-toit-ouvrant\/#article","isPartOf":{"@id":"https:\/\/www.carideal.com\/blog\/2015\/02\/05\/toyota-aygo-x-wave-avec-un-toit-ouvrant\/"},"author":{"name":"Nicolas SCHIAVON","@id":"https:\/\/www.carideal.com\/blog\/#\/schema\/person\/cd95dc7919660de90d31b366f85be1ec"},"headline":"Toyota Aygo X-wave avec un toit ouvrant","datePublished":"2015-02-05T07:38:15+00:00","dateModified":"2020-03-08T06:28:52+00:00","mainEntityOfPage":{"@id":"https:\/\/www.carideal.com\/blog\/2015\/02\/05\/toyota-aygo-x-wave-avec-un-toit-ouvrant\/"},"wordCount":363,"commentCount":0,"publisher":{"@id":"https:\/\/www.carideal.com\/blog\/#organization"},"image":{"@id":"https:\/\/www.carideal.com\/blog\/2015\/02\/05\/toyota-aygo-x-wave-avec-un-toit-ouvrant\/#primaryimage"},"thumbnailUrl":"http:\/\/www.carideal.com\/blog\/wp-content\/uploads\/2015\/02\/aygo-x-wave-carideal-mandataire-automobile-300x168.jpg","keywords":["Guide achat voiture"],"articleSection":["Actualit\u00e9 automobile","Actualit\u00e9 Constructeur automobile","Actualit\u00e9 Toyota","Berlines","Divers","Fun","March\u00e9 automobile","Type de v\u00e9hicule","Vid\u00e9o voiture : vid\u00e9o automobile"],"inLanguage":"fr-FR","potentialAction":[{"@type":"CommentAction","name":"Comment","target":["https:\/\/www.carideal.com\/blog\/2015\/02\/05\/toyota-aygo-x-wave-avec-un-toit-ouvrant\/#respond"]}]},{"@type":"WebPage","@id":"https:\/\/www.carideal.com\/blog\/2015\/02\/05\/toyota-aygo-x-wave-avec-un-toit-ouvrant\/","url":"https:\/\/www.carideal.com\/blog\/2015\/02\/05\/toyota-aygo-x-wave-avec-un-toit-ouvrant\/","name":"Toyota Aygo X-wave avec un toit ouvrant - Blog auto Carid\u00e9al","isPartOf":{"@id":"https:\/\/www.carideal.com\/blog\/#website"},"primaryImageOfPage":{"@id":"https:\/\/www.carideal.com\/blog\/2015\/02\/05\/toyota-aygo-x-wave-avec-un-toit-ouvrant\/#primaryimage"},"image":{"@id":"https:\/\/www.carideal.com\/blog\/2015\/02\/05\/toyota-aygo-x-wave-avec-un-toit-ouvrant\/#primaryimage"},"thumbnailUrl":"http:\/\/www.carideal.com\/blog\/wp-content\/uploads\/2015\/02\/aygo-x-wave-carideal-mandataire-automobile-300x168.jpg","datePublished":"2015-02-05T07:38:15+00:00","dateModified":"2020-03-08T06:28:52+00:00","description":"La Toyota AyGo X-Wave imite ses cousines Citroen C1 Airscape et Peugeot 108 Top et se dote d'un Toit ouvrant avec une capote en toile.","breadcrumb":{"@id":"https:\/\/www.carideal.com\/blog\/2015\/02\/05\/toyota-aygo-x-wave-avec-un-toit-ouvrant\/#breadcrumb"},"inLanguage":"fr-FR","potentialAction":[{"@type":"ReadAction","target":["https:\/\/www.carideal.com\/blog\/2015\/02\/05\/toyota-aygo-x-wave-avec-un-toit-ouvrant\/"]}]},{"@type":"ImageObject","inLanguage":"fr-FR","@id":"https:\/\/www.carideal.com\/blog\/2015\/02\/05\/toyota-aygo-x-wave-avec-un-toit-ouvrant\/#primaryimage","url":"http:\/\/www.carideal.com\/blog\/wp-content\/uploads\/2015\/02\/aygo-x-wave-carideal-mandataire-automobile-300x168.jpg","contentUrl":"http:\/\/www.carideal.com\/blog\/wp-content\/uploads\/2015\/02\/aygo-x-wave-carideal-mandataire-automobile-300x168.jpg"},{"@type":"BreadcrumbList","@id":"https:\/\/www.carideal.com\/blog\/2015\/02\/05\/toyota-aygo-x-wave-avec-un-toit-ouvrant\/#breadcrumb","itemListElement":[{"@type":"ListItem","position":1,"name":"Blog Carid\u00e9al","item":"https:\/\/www.carideal.com\/blog\/"},{"@type":"ListItem","position":2,"name":"Actualit\u00e9 automobile","item":"https:\/\/www.carideal.com\/blog\/actualites-auto\/"},{"@type":"ListItem","position":3,"name":"Toyota Aygo X-wave avec un toit ouvrant"}]},{"@type":"WebSite","@id":"https:\/\/www.carideal.com\/blog\/#website","url":"https:\/\/www.carideal.com\/blog\/","name":"Blog auto Carid\u00e9al","description":"Actualit\u00e9 auto par des passionn\u00e9s","publisher":{"@id":"https:\/\/www.carideal.com\/blog\/#organization"},"potentialAction":[{"@type":"SearchAction","target":{"@type":"EntryPoint","urlTemplate":"https:\/\/www.carideal.com\/blog\/?s={search_term_string}"},"query-input":{"@type":"PropertyValueSpecification","valueRequired":true,"valueName":"search_term_string"}}],"inLanguage":"fr-FR"},{"@type":"Organization","@id":"https:\/\/www.carideal.com\/blog\/#organization","name":"Carideal","url":"https:\/\/www.carideal.com\/blog\/","logo":{"@type":"ImageObject","inLanguage":"fr-FR","@id":"https:\/\/www.carideal.com\/blog\/#\/schema\/logo\/image\/","url":"http:\/\/www.carideal.com\/blog\/wp-content\/uploads\/2016\/03\/logo-carideal-mandataire-automobile.png","contentUrl":"http:\/\/www.carideal.com\/blog\/wp-content\/uploads\/2016\/03\/logo-carideal-mandataire-automobile.png","width":300,"height":300,"caption":"Carideal"},"image":{"@id":"https:\/\/www.carideal.com\/blog\/#\/schema\/logo\/image\/"},"sameAs":["https:\/\/www.facebook.com\/Carideal.mandataire.automobile","https:\/\/x.com\/caridealauto","https:\/\/www.instagram.com\/carideal1\/","https:\/\/www.linkedin.com\/company\/carideal.com","https:\/\/fr.pinterest.com\/schiavonsas\/","https:\/\/www.youtube.com\/user\/caridealsas"]},{"@type":"Person","@id":"https:\/\/www.carideal.com\/blog\/#\/schema\/person\/cd95dc7919660de90d31b366f85be1ec","name":"Nicolas SCHIAVON","image":{"@type":"ImageObject","inLanguage":"fr-FR","@id":"https:\/\/www.carideal.com\/blog\/#\/schema\/person\/image\/","url":"https:\/\/secure.gravatar.com\/avatar\/c17e55009e671d92cc7f5dc837dc418a?s=96&r=g","contentUrl":"https:\/\/secure.gravatar.com\/avatar\/c17e55009e671d92cc7f5dc837dc418a?s=96&r=g","caption":"Nicolas SCHIAVON"},"description":"Nicolas Schiavon est tomb\u00e9 tout petit dans la marmite automobile. Ayant eu un garage de marque automobile, mandataire automobile de la premi\u00e8re heure d\u00e8s 1999. Nicolas a cr\u00e9\u00e9 ces premiers sites de vente de voiture et blog automobile d\u00e8s 1994. Carideal est n\u00e9 le 15 d\u00e9cembre 2000 de la volont\u00e9 de vendre des voitures d'occasions en ligne puis des voitures neuves. Il a pu essayer beaucoup de voitures tr\u00e8s diff\u00e9rentes et ayant eu personnellement quelques belles autos, Subaru Impreza, Mitsubishi Lancer Evo 7, Porsche 911, Ferrari Testarrossa, Audi RS3, RS4 et j'en passe...","sameAs":["http:\/\/www.carideal.com","https:\/\/www.facebook.com\/nicolas.schiavon.39","https:\/\/www.instagram.com\/carideal1\/","https:\/\/www.linkedin.com\/in\/nschiavon\/","https:\/\/x.com\/caridealauto","https:\/\/www.youtube.com\/user\/caridealsas\/"],"url":"https:\/\/www.carideal.com\/blog\/author\/nschiavon\/"}]}},"uagb_featured_image_src":{"full":false,"thumbnail":false,"medium":false,"medium_large":false,"large":false,"1536x1536":false,"2048x2048":false,"wppr-widget":false},"uagb_author_info":{"display_name":"Nicolas SCHIAVON","author_link":"https:\/\/www.carideal.com\/blog\/author\/nschiavon\/"},"uagb_comment_info":0,"uagb_excerpt":"Toyota Aygo X-Wave avec un toit ouvrant La Toyota AyGo imite ses cousines Citroen C1 Airscape et Peugeot 108 Top et se dote d'un Toit ouvrant avec une capote en toile qui coulisse \u00e9lectriquement sur toute la longueur. pour l'occasion elle se dote de jantes alu de 15\" d'un \u00e9cran tactile, avec cam\u00e9ra de recul\u2026","_links":{"self":[{"href":"https:\/\/www.carideal.com\/blog\/wp-json\/wp\/v2\/posts\/4273"}],"collection":[{"href":"https:\/\/www.carideal.com\/blog\/wp-json\/wp\/v2\/posts"}],"about":[{"href":"https:\/\/www.carideal.com\/blog\/wp-json\/wp\/v2\/types\/post"}],"author":[{"embeddable":true,"href":"https:\/\/www.carideal.com\/blog\/wp-json\/wp\/v2\/users\/3"}],"replies":[{"embeddable":true,"href":"https:\/\/www.carideal.com\/blog\/wp-json\/wp\/v2\/comments?post=4273"}],"version-history":[{"count":0,"href":"https:\/\/www.carideal.com\/blog\/wp-json\/wp\/v2\/posts\/4273\/revisions"}],"wp:attachment":[{"href":"https:\/\/www.carideal.com\/blog\/wp-json\/wp\/v2\/media?parent=4273"}],"wp:term":[{"taxonomy":"category","embeddable":true,"href":"https:\/\/www.carideal.com\/blog\/wp-json\/wp\/v2\/categories?post=4273"},{"taxonomy":"post_tag","embeddable":true,"href":"https:\/\/www.carideal.com\/blog\/wp-json\/wp\/v2\/tags?post=4273"}],"curies":[{"name":"wp","href":"https:\/\/api.w.org\/{rel}","templated":true}]}}