{"id":4266,"date":"2015-02-04T14:46:48","date_gmt":"2015-02-04T13:46:48","guid":{"rendered":"http:\/\/www.carideal.com\/blog\/?p=4266"},"modified":"2020-03-08T07:35:36","modified_gmt":"2020-03-08T06:35:36","slug":"opel-mokka-se-dote-dun-moteur-diesel-moderne","status":"publish","type":"post","link":"https:\/\/www.carideal.com\/blog\/2015\/02\/04\/opel-mokka-se-dote-dun-moteur-diesel-moderne\/","title":{"rendered":"Opel Mokka diesel un moteur moderne"},"content":{"rendered":"<figure id=\"attachment_4267\" aria-describedby=\"caption-attachment-4267\" style=\"width: 290px\" class=\"wp-caption alignnone\"><a href=\"http:\/\/www.carideal.com\/blog\/wp-content\/uploads\/2015\/02\/Opel-Mokka-2015-carideal-mandataire-automobile.jpg\"><img loading=\"lazy\" decoding=\"async\" class=\"wp-image-4267 size-medium\" title=\"Opel Mokka diesel un moteur moderne\" src=\"http:\/\/www.carideal.com\/blog\/wp-content\/uploads\/2015\/02\/Opel-Mokka-2015-carideal-mandataire-automobile-300x158.jpg\" alt=\"Opel Mokka diesel un moteur moderne\" width=\"300\" height=\"158\" srcset=\"https:\/\/www.carideal.com\/blog\/wp-content\/uploads\/2015\/02\/Opel-Mokka-2015-carideal-mandataire-automobile-300x158.jpg 300w, https:\/\/www.carideal.com\/blog\/wp-content\/uploads\/2015\/02\/Opel-Mokka-2015-carideal-mandataire-automobile-624x330.jpg 624w, https:\/\/www.carideal.com\/blog\/wp-content\/uploads\/2015\/02\/Opel-Mokka-2015-carideal-mandataire-automobile.jpg 640w\" sizes=\"(max-width: 300px) 100vw, 300px\" \/><\/a><figcaption id=\"caption-attachment-4267\" class=\"wp-caption-text\">Opel Mokka diesel un moteur moderne<\/figcaption><\/figure>\n<h1><strong>L'Opel Mokka diesel se dote d'un moteur moderne<\/strong><\/h1>\n<p>L'OPEL MOKKA DIESEL se dote d'un moteur diesel moderne. Exit le d\u00e9pass\u00e9 moteur Isuzu 1.7 CDTI de 130 ch, en effet il \u00e9tait trop bruyant et g\u00e9n\u00e9rait trop de Vibrations. Le nouveau 1.6 CDTI gagne en puissance \u00e0 136 ch et en couple avec +20 Nm avec des consommations en baisse \u00e0 4.1 L\/100 km pour un CO2 de 109 g par km \u00e9mis.<\/p>\n<p>La transmission <span style=\"text-decoration: underline;\"><a href=\"http:\/\/www.carideal.com\/blog\/2013\/02\/17\/cinq-nouveaux-4x4\/\">4x4<\/a><\/span> est toujours disponible pour 2000 \u20ac suppl\u00e9mentaire comme la boite automatique \u00e0 six rapports ( +1200 \u20ac). La gamme <span style=\"text-decoration: underline;\">Opel Mokka<\/span> augmente ses tarifs de 250 \u20ac en g\u00e9n\u00e9ral et de 650 \u20ac pour ce 1.6 CDTI. La Finition Cosmo est aussi mieux \u00e9quip\u00e9 et s'\u00e9quipe le GPS et la Cam\u00e9ra de recul, les si\u00e8ges ergonomiques, la finition noire pour les jantes alu etc.<\/p>\n","protected":false},"excerpt":{"rendered":"<p>L&rsquo;Opel Mokka diesel se dote d&rsquo;un moteur moderne L&rsquo;OPEL MOKKA DIESEL se dote d&rsquo;un moteur diesel moderne. Exit le d\u00e9pass\u00e9 moteur Isuzu 1.7 CDTI de 130 ch, en effet il \u00e9tait trop bruyant et g\u00e9n\u00e9rait trop de Vibrations. Le nouveau 1.6 CDTI gagne en puissance \u00e0 136 ch et en couple avec +20 Nm avec &#8230; <a title=\"Opel Mokka diesel un moteur moderne\" class=\"read-more\" href=\"https:\/\/www.carideal.com\/blog\/2015\/02\/04\/opel-mokka-se-dote-dun-moteur-diesel-moderne\/\" aria-label=\"En savoir plus sur Opel Mokka diesel un moteur moderne\">Lire plus<\/a><\/p>\n","protected":false},"author":3,"featured_media":0,"comment_status":"open","ping_status":"open","sticky":false,"template":"","format":"standard","meta":{"_uag_custom_page_level_css":"","_themeisle_gutenberg_block_has_review":false,"footnotes":""},"categories":[2,21,5944,6017,5947,6018,5974],"tags":[],"class_list":["post-4266","post","type-post","status-publish","format-standard","hentry","category-4x4-suv","category-actualites-auto","category-constructeur","category-opel","category-essai","category-opel-essai","category-type-de-vehicule"],"wppr_data":[],"yoast_head":"<!-- This site is optimized with the Yoast SEO plugin v24.8.1 - https:\/\/yoast.com\/wordpress\/plugins\/seo\/ -->\n<title>Opel Mokka diesel un moteur moderne - Blog auto Carid\u00e9al<\/title>\n<meta name=\"description\" content=\"L&#039;Opel Mokka diesel se dote d&#039;un moteur diesel moderne. Exit le d\u00e9pass\u00e9 moteur Isuzu 1.7 CDTI de 130 ch, bruyant et g\u00e9n\u00e9rant des vibrations.\" \/>\n<meta name=\"robots\" content=\"index, follow, max-snippet:-1, max-image-preview:large, max-video-preview:-1\" \/>\n<link rel=\"canonical\" href=\"https:\/\/www.carideal.com\/blog\/2015\/02\/04\/opel-mokka-se-dote-dun-moteur-diesel-moderne\/\" \/>\n<meta property=\"og:locale\" content=\"fr_FR\" \/>\n<meta property=\"og:type\" content=\"article\" \/>\n<meta property=\"og:title\" content=\"Opel Mokka diesel un moteur moderne - Blog auto Carid\u00e9al\" \/>\n<meta property=\"og:description\" content=\"L&#039;Opel Mokka diesel se dote d&#039;un moteur diesel moderne. Exit le d\u00e9pass\u00e9 moteur Isuzu 1.7 CDTI de 130 ch, bruyant et g\u00e9n\u00e9rant des vibrations.\" \/>\n<meta property=\"og:url\" content=\"https:\/\/www.carideal.com\/blog\/2015\/02\/04\/opel-mokka-se-dote-dun-moteur-diesel-moderne\/\" \/>\n<meta property=\"og:site_name\" content=\"Blog auto Carid\u00e9al\" \/>\n<meta property=\"article:publisher\" content=\"https:\/\/www.facebook.com\/Carideal.mandataire.automobile\" \/>\n<meta property=\"article:author\" content=\"https:\/\/www.facebook.com\/nicolas.schiavon.39\" \/>\n<meta property=\"article:published_time\" content=\"2015-02-04T13:46:48+00:00\" \/>\n<meta property=\"article:modified_time\" content=\"2020-03-08T06:35:36+00:00\" \/>\n<meta property=\"og:image\" content=\"http:\/\/www.carideal.com\/blog\/wp-content\/uploads\/2015\/02\/Opel-Mokka-2015-carideal-mandataire-automobile-300x158.jpg\" \/>\n<meta name=\"author\" content=\"Nicolas SCHIAVON\" \/>\n<meta name=\"twitter:card\" content=\"summary_large_image\" \/>\n<meta name=\"twitter:creator\" content=\"@caridealauto\" \/>\n<meta name=\"twitter:site\" content=\"@caridealauto\" \/>\n<meta name=\"twitter:label1\" content=\"\u00c9crit par\" \/>\n\t<meta name=\"twitter:data1\" content=\"Nicolas SCHIAVON\" \/>\n\t<meta name=\"twitter:label2\" content=\"Dur\u00e9e de lecture estim\u00e9e\" \/>\n\t<meta name=\"twitter:data2\" content=\"1 minute\" \/>\n<script type=\"application\/ld+json\" class=\"yoast-schema-graph\">{\"@context\":\"https:\/\/schema.org\",\"@graph\":[{\"@type\":\"Article\",\"@id\":\"https:\/\/www.carideal.com\/blog\/2015\/02\/04\/opel-mokka-se-dote-dun-moteur-diesel-moderne\/#article\",\"isPartOf\":{\"@id\":\"https:\/\/www.carideal.com\/blog\/2015\/02\/04\/opel-mokka-se-dote-dun-moteur-diesel-moderne\/\"},\"author\":{\"name\":\"Nicolas SCHIAVON\",\"@id\":\"https:\/\/www.carideal.com\/blog\/#\/schema\/person\/cd95dc7919660de90d31b366f85be1ec\"},\"headline\":\"Opel Mokka diesel un moteur moderne\",\"datePublished\":\"2015-02-04T13:46:48+00:00\",\"dateModified\":\"2020-03-08T06:35:36+00:00\",\"mainEntityOfPage\":{\"@id\":\"https:\/\/www.carideal.com\/blog\/2015\/02\/04\/opel-mokka-se-dote-dun-moteur-diesel-moderne\/\"},\"wordCount\":147,\"commentCount\":3,\"publisher\":{\"@id\":\"https:\/\/www.carideal.com\/blog\/#organization\"},\"image\":{\"@id\":\"https:\/\/www.carideal.com\/blog\/2015\/02\/04\/opel-mokka-se-dote-dun-moteur-diesel-moderne\/#primaryimage\"},\"thumbnailUrl\":\"http:\/\/www.carideal.com\/blog\/wp-content\/uploads\/2015\/02\/Opel-Mokka-2015-carideal-mandataire-automobile-300x158.jpg\",\"articleSection\":[\"4X4 Actualit\u00e9\",\"Actualit\u00e9 automobile\",\"Actualit\u00e9 Constructeur automobile\",\"Actualit\u00e9 Opel\",\"Essais automobile\",\"Essais Opel\",\"Type de v\u00e9hicule\"],\"inLanguage\":\"fr-FR\",\"potentialAction\":[{\"@type\":\"CommentAction\",\"name\":\"Comment\",\"target\":[\"https:\/\/www.carideal.com\/blog\/2015\/02\/04\/opel-mokka-se-dote-dun-moteur-diesel-moderne\/#respond\"]}]},{\"@type\":\"WebPage\",\"@id\":\"https:\/\/www.carideal.com\/blog\/2015\/02\/04\/opel-mokka-se-dote-dun-moteur-diesel-moderne\/\",\"url\":\"https:\/\/www.carideal.com\/blog\/2015\/02\/04\/opel-mokka-se-dote-dun-moteur-diesel-moderne\/\",\"name\":\"Opel Mokka diesel un moteur moderne - Blog auto Carid\u00e9al\",\"isPartOf\":{\"@id\":\"https:\/\/www.carideal.com\/blog\/#website\"},\"primaryImageOfPage\":{\"@id\":\"https:\/\/www.carideal.com\/blog\/2015\/02\/04\/opel-mokka-se-dote-dun-moteur-diesel-moderne\/#primaryimage\"},\"image\":{\"@id\":\"https:\/\/www.carideal.com\/blog\/2015\/02\/04\/opel-mokka-se-dote-dun-moteur-diesel-moderne\/#primaryimage\"},\"thumbnailUrl\":\"http:\/\/www.carideal.com\/blog\/wp-content\/uploads\/2015\/02\/Opel-Mokka-2015-carideal-mandataire-automobile-300x158.jpg\",\"datePublished\":\"2015-02-04T13:46:48+00:00\",\"dateModified\":\"2020-03-08T06:35:36+00:00\",\"description\":\"L'Opel Mokka diesel se dote d'un moteur diesel moderne. Exit le d\u00e9pass\u00e9 moteur Isuzu 1.7 CDTI de 130 ch, bruyant et g\u00e9n\u00e9rant des vibrations.\",\"breadcrumb\":{\"@id\":\"https:\/\/www.carideal.com\/blog\/2015\/02\/04\/opel-mokka-se-dote-dun-moteur-diesel-moderne\/#breadcrumb\"},\"inLanguage\":\"fr-FR\",\"potentialAction\":[{\"@type\":\"ReadAction\",\"target\":[\"https:\/\/www.carideal.com\/blog\/2015\/02\/04\/opel-mokka-se-dote-dun-moteur-diesel-moderne\/\"]}]},{\"@type\":\"ImageObject\",\"inLanguage\":\"fr-FR\",\"@id\":\"https:\/\/www.carideal.com\/blog\/2015\/02\/04\/opel-mokka-se-dote-dun-moteur-diesel-moderne\/#primaryimage\",\"url\":\"http:\/\/www.carideal.com\/blog\/wp-content\/uploads\/2015\/02\/Opel-Mokka-2015-carideal-mandataire-automobile-300x158.jpg\",\"contentUrl\":\"http:\/\/www.carideal.com\/blog\/wp-content\/uploads\/2015\/02\/Opel-Mokka-2015-carideal-mandataire-automobile-300x158.jpg\"},{\"@type\":\"BreadcrumbList\",\"@id\":\"https:\/\/www.carideal.com\/blog\/2015\/02\/04\/opel-mokka-se-dote-dun-moteur-diesel-moderne\/#breadcrumb\",\"itemListElement\":[{\"@type\":\"ListItem\",\"position\":1,\"name\":\"Blog Carid\u00e9al\",\"item\":\"https:\/\/www.carideal.com\/blog\/\"},{\"@type\":\"ListItem\",\"position\":2,\"name\":\"Actualit\u00e9 automobile\",\"item\":\"https:\/\/www.carideal.com\/blog\/actualites-auto\/\"},{\"@type\":\"ListItem\",\"position\":3,\"name\":\"Opel Mokka diesel un moteur moderne\"}]},{\"@type\":\"WebSite\",\"@id\":\"https:\/\/www.carideal.com\/blog\/#website\",\"url\":\"https:\/\/www.carideal.com\/blog\/\",\"name\":\"Blog auto Carid\u00e9al\",\"description\":\"Actualit\u00e9 auto par des passionn\u00e9s\",\"publisher\":{\"@id\":\"https:\/\/www.carideal.com\/blog\/#organization\"},\"potentialAction\":[{\"@type\":\"SearchAction\",\"target\":{\"@type\":\"EntryPoint\",\"urlTemplate\":\"https:\/\/www.carideal.com\/blog\/?s={search_term_string}\"},\"query-input\":{\"@type\":\"PropertyValueSpecification\",\"valueRequired\":true,\"valueName\":\"search_term_string\"}}],\"inLanguage\":\"fr-FR\"},{\"@type\":\"Organization\",\"@id\":\"https:\/\/www.carideal.com\/blog\/#organization\",\"name\":\"Carideal\",\"url\":\"https:\/\/www.carideal.com\/blog\/\",\"logo\":{\"@type\":\"ImageObject\",\"inLanguage\":\"fr-FR\",\"@id\":\"https:\/\/www.carideal.com\/blog\/#\/schema\/logo\/image\/\",\"url\":\"http:\/\/www.carideal.com\/blog\/wp-content\/uploads\/2016\/03\/logo-carideal-mandataire-automobile.png\",\"contentUrl\":\"http:\/\/www.carideal.com\/blog\/wp-content\/uploads\/2016\/03\/logo-carideal-mandataire-automobile.png\",\"width\":300,\"height\":300,\"caption\":\"Carideal\"},\"image\":{\"@id\":\"https:\/\/www.carideal.com\/blog\/#\/schema\/logo\/image\/\"},\"sameAs\":[\"https:\/\/www.facebook.com\/Carideal.mandataire.automobile\",\"https:\/\/x.com\/caridealauto\",\"https:\/\/www.instagram.com\/carideal1\/\",\"https:\/\/www.linkedin.com\/company\/carideal.com\",\"https:\/\/fr.pinterest.com\/schiavonsas\/\",\"https:\/\/www.youtube.com\/user\/caridealsas\"]},{\"@type\":\"Person\",\"@id\":\"https:\/\/www.carideal.com\/blog\/#\/schema\/person\/cd95dc7919660de90d31b366f85be1ec\",\"name\":\"Nicolas SCHIAVON\",\"image\":{\"@type\":\"ImageObject\",\"inLanguage\":\"fr-FR\",\"@id\":\"https:\/\/www.carideal.com\/blog\/#\/schema\/person\/image\/\",\"url\":\"https:\/\/secure.gravatar.com\/avatar\/c17e55009e671d92cc7f5dc837dc418a?s=96&r=g\",\"contentUrl\":\"https:\/\/secure.gravatar.com\/avatar\/c17e55009e671d92cc7f5dc837dc418a?s=96&r=g\",\"caption\":\"Nicolas SCHIAVON\"},\"description\":\"Nicolas Schiavon est tomb\u00e9 tout petit dans la marmite automobile. Ayant eu un garage de marque automobile, mandataire automobile de la premi\u00e8re heure d\u00e8s 1999. Nicolas a cr\u00e9\u00e9 ces premiers sites de vente de voiture et blog automobile d\u00e8s 1994. Carideal est n\u00e9 le 15 d\u00e9cembre 2000 de la volont\u00e9 de vendre des voitures d'occasions en ligne puis des voitures neuves. Il a pu essayer beaucoup de voitures tr\u00e8s diff\u00e9rentes et ayant eu personnellement quelques belles autos, Subaru Impreza, Mitsubishi Lancer Evo 7, Porsche 911, Ferrari Testarrossa, Audi RS3, RS4 et j'en passe...\",\"sameAs\":[\"http:\/\/www.carideal.com\",\"https:\/\/www.facebook.com\/nicolas.schiavon.39\",\"https:\/\/www.instagram.com\/carideal1\/\",\"https:\/\/www.linkedin.com\/in\/nschiavon\/\",\"https:\/\/x.com\/caridealauto\",\"https:\/\/www.youtube.com\/user\/caridealsas\/\"],\"url\":\"https:\/\/www.carideal.com\/blog\/author\/nschiavon\/\"}]}<\/script>\n<!-- \/ Yoast SEO plugin. -->","yoast_head_json":{"title":"Opel Mokka diesel un moteur moderne - Blog auto Carid\u00e9al","description":"L'Opel Mokka diesel se dote d'un moteur diesel moderne. Exit le d\u00e9pass\u00e9 moteur Isuzu 1.7 CDTI de 130 ch, bruyant et g\u00e9n\u00e9rant des vibrations.","robots":{"index":"index","follow":"follow","max-snippet":"max-snippet:-1","max-image-preview":"max-image-preview:large","max-video-preview":"max-video-preview:-1"},"canonical":"https:\/\/www.carideal.com\/blog\/2015\/02\/04\/opel-mokka-se-dote-dun-moteur-diesel-moderne\/","og_locale":"fr_FR","og_type":"article","og_title":"Opel Mokka diesel un moteur moderne - Blog auto Carid\u00e9al","og_description":"L'Opel Mokka diesel se dote d'un moteur diesel moderne. Exit le d\u00e9pass\u00e9 moteur Isuzu 1.7 CDTI de 130 ch, bruyant et g\u00e9n\u00e9rant des vibrations.","og_url":"https:\/\/www.carideal.com\/blog\/2015\/02\/04\/opel-mokka-se-dote-dun-moteur-diesel-moderne\/","og_site_name":"Blog auto Carid\u00e9al","article_publisher":"https:\/\/www.facebook.com\/Carideal.mandataire.automobile","article_author":"https:\/\/www.facebook.com\/nicolas.schiavon.39","article_published_time":"2015-02-04T13:46:48+00:00","article_modified_time":"2020-03-08T06:35:36+00:00","og_image":[{"url":"http:\/\/www.carideal.com\/blog\/wp-content\/uploads\/2015\/02\/Opel-Mokka-2015-carideal-mandataire-automobile-300x158.jpg","type":"","width":"","height":""}],"author":"Nicolas SCHIAVON","twitter_card":"summary_large_image","twitter_creator":"@caridealauto","twitter_site":"@caridealauto","twitter_misc":{"\u00c9crit par":"Nicolas SCHIAVON","Dur\u00e9e de lecture estim\u00e9e":"1 minute"},"schema":{"@context":"https:\/\/schema.org","@graph":[{"@type":"Article","@id":"https:\/\/www.carideal.com\/blog\/2015\/02\/04\/opel-mokka-se-dote-dun-moteur-diesel-moderne\/#article","isPartOf":{"@id":"https:\/\/www.carideal.com\/blog\/2015\/02\/04\/opel-mokka-se-dote-dun-moteur-diesel-moderne\/"},"author":{"name":"Nicolas SCHIAVON","@id":"https:\/\/www.carideal.com\/blog\/#\/schema\/person\/cd95dc7919660de90d31b366f85be1ec"},"headline":"Opel Mokka diesel un moteur moderne","datePublished":"2015-02-04T13:46:48+00:00","dateModified":"2020-03-08T06:35:36+00:00","mainEntityOfPage":{"@id":"https:\/\/www.carideal.com\/blog\/2015\/02\/04\/opel-mokka-se-dote-dun-moteur-diesel-moderne\/"},"wordCount":147,"commentCount":3,"publisher":{"@id":"https:\/\/www.carideal.com\/blog\/#organization"},"image":{"@id":"https:\/\/www.carideal.com\/blog\/2015\/02\/04\/opel-mokka-se-dote-dun-moteur-diesel-moderne\/#primaryimage"},"thumbnailUrl":"http:\/\/www.carideal.com\/blog\/wp-content\/uploads\/2015\/02\/Opel-Mokka-2015-carideal-mandataire-automobile-300x158.jpg","articleSection":["4X4 Actualit\u00e9","Actualit\u00e9 automobile","Actualit\u00e9 Constructeur automobile","Actualit\u00e9 Opel","Essais automobile","Essais Opel","Type de v\u00e9hicule"],"inLanguage":"fr-FR","potentialAction":[{"@type":"CommentAction","name":"Comment","target":["https:\/\/www.carideal.com\/blog\/2015\/02\/04\/opel-mokka-se-dote-dun-moteur-diesel-moderne\/#respond"]}]},{"@type":"WebPage","@id":"https:\/\/www.carideal.com\/blog\/2015\/02\/04\/opel-mokka-se-dote-dun-moteur-diesel-moderne\/","url":"https:\/\/www.carideal.com\/blog\/2015\/02\/04\/opel-mokka-se-dote-dun-moteur-diesel-moderne\/","name":"Opel Mokka diesel un moteur moderne - Blog auto Carid\u00e9al","isPartOf":{"@id":"https:\/\/www.carideal.com\/blog\/#website"},"primaryImageOfPage":{"@id":"https:\/\/www.carideal.com\/blog\/2015\/02\/04\/opel-mokka-se-dote-dun-moteur-diesel-moderne\/#primaryimage"},"image":{"@id":"https:\/\/www.carideal.com\/blog\/2015\/02\/04\/opel-mokka-se-dote-dun-moteur-diesel-moderne\/#primaryimage"},"thumbnailUrl":"http:\/\/www.carideal.com\/blog\/wp-content\/uploads\/2015\/02\/Opel-Mokka-2015-carideal-mandataire-automobile-300x158.jpg","datePublished":"2015-02-04T13:46:48+00:00","dateModified":"2020-03-08T06:35:36+00:00","description":"L'Opel Mokka diesel se dote d'un moteur diesel moderne. Exit le d\u00e9pass\u00e9 moteur Isuzu 1.7 CDTI de 130 ch, bruyant et g\u00e9n\u00e9rant des vibrations.","breadcrumb":{"@id":"https:\/\/www.carideal.com\/blog\/2015\/02\/04\/opel-mokka-se-dote-dun-moteur-diesel-moderne\/#breadcrumb"},"inLanguage":"fr-FR","potentialAction":[{"@type":"ReadAction","target":["https:\/\/www.carideal.com\/blog\/2015\/02\/04\/opel-mokka-se-dote-dun-moteur-diesel-moderne\/"]}]},{"@type":"ImageObject","inLanguage":"fr-FR","@id":"https:\/\/www.carideal.com\/blog\/2015\/02\/04\/opel-mokka-se-dote-dun-moteur-diesel-moderne\/#primaryimage","url":"http:\/\/www.carideal.com\/blog\/wp-content\/uploads\/2015\/02\/Opel-Mokka-2015-carideal-mandataire-automobile-300x158.jpg","contentUrl":"http:\/\/www.carideal.com\/blog\/wp-content\/uploads\/2015\/02\/Opel-Mokka-2015-carideal-mandataire-automobile-300x158.jpg"},{"@type":"BreadcrumbList","@id":"https:\/\/www.carideal.com\/blog\/2015\/02\/04\/opel-mokka-se-dote-dun-moteur-diesel-moderne\/#breadcrumb","itemListElement":[{"@type":"ListItem","position":1,"name":"Blog Carid\u00e9al","item":"https:\/\/www.carideal.com\/blog\/"},{"@type":"ListItem","position":2,"name":"Actualit\u00e9 automobile","item":"https:\/\/www.carideal.com\/blog\/actualites-auto\/"},{"@type":"ListItem","position":3,"name":"Opel Mokka diesel un moteur moderne"}]},{"@type":"WebSite","@id":"https:\/\/www.carideal.com\/blog\/#website","url":"https:\/\/www.carideal.com\/blog\/","name":"Blog auto Carid\u00e9al","description":"Actualit\u00e9 auto par des passionn\u00e9s","publisher":{"@id":"https:\/\/www.carideal.com\/blog\/#organization"},"potentialAction":[{"@type":"SearchAction","target":{"@type":"EntryPoint","urlTemplate":"https:\/\/www.carideal.com\/blog\/?s={search_term_string}"},"query-input":{"@type":"PropertyValueSpecification","valueRequired":true,"valueName":"search_term_string"}}],"inLanguage":"fr-FR"},{"@type":"Organization","@id":"https:\/\/www.carideal.com\/blog\/#organization","name":"Carideal","url":"https:\/\/www.carideal.com\/blog\/","logo":{"@type":"ImageObject","inLanguage":"fr-FR","@id":"https:\/\/www.carideal.com\/blog\/#\/schema\/logo\/image\/","url":"http:\/\/www.carideal.com\/blog\/wp-content\/uploads\/2016\/03\/logo-carideal-mandataire-automobile.png","contentUrl":"http:\/\/www.carideal.com\/blog\/wp-content\/uploads\/2016\/03\/logo-carideal-mandataire-automobile.png","width":300,"height":300,"caption":"Carideal"},"image":{"@id":"https:\/\/www.carideal.com\/blog\/#\/schema\/logo\/image\/"},"sameAs":["https:\/\/www.facebook.com\/Carideal.mandataire.automobile","https:\/\/x.com\/caridealauto","https:\/\/www.instagram.com\/carideal1\/","https:\/\/www.linkedin.com\/company\/carideal.com","https:\/\/fr.pinterest.com\/schiavonsas\/","https:\/\/www.youtube.com\/user\/caridealsas"]},{"@type":"Person","@id":"https:\/\/www.carideal.com\/blog\/#\/schema\/person\/cd95dc7919660de90d31b366f85be1ec","name":"Nicolas SCHIAVON","image":{"@type":"ImageObject","inLanguage":"fr-FR","@id":"https:\/\/www.carideal.com\/blog\/#\/schema\/person\/image\/","url":"https:\/\/secure.gravatar.com\/avatar\/c17e55009e671d92cc7f5dc837dc418a?s=96&r=g","contentUrl":"https:\/\/secure.gravatar.com\/avatar\/c17e55009e671d92cc7f5dc837dc418a?s=96&r=g","caption":"Nicolas SCHIAVON"},"description":"Nicolas Schiavon est tomb\u00e9 tout petit dans la marmite automobile. Ayant eu un garage de marque automobile, mandataire automobile de la premi\u00e8re heure d\u00e8s 1999. Nicolas a cr\u00e9\u00e9 ces premiers sites de vente de voiture et blog automobile d\u00e8s 1994. Carideal est n\u00e9 le 15 d\u00e9cembre 2000 de la volont\u00e9 de vendre des voitures d'occasions en ligne puis des voitures neuves. Il a pu essayer beaucoup de voitures tr\u00e8s diff\u00e9rentes et ayant eu personnellement quelques belles autos, Subaru Impreza, Mitsubishi Lancer Evo 7, Porsche 911, Ferrari Testarrossa, Audi RS3, RS4 et j'en passe...","sameAs":["http:\/\/www.carideal.com","https:\/\/www.facebook.com\/nicolas.schiavon.39","https:\/\/www.instagram.com\/carideal1\/","https:\/\/www.linkedin.com\/in\/nschiavon\/","https:\/\/x.com\/caridealauto","https:\/\/www.youtube.com\/user\/caridealsas\/"],"url":"https:\/\/www.carideal.com\/blog\/author\/nschiavon\/"}]}},"uagb_featured_image_src":{"full":false,"thumbnail":false,"medium":false,"medium_large":false,"large":false,"1536x1536":false,"2048x2048":false,"wppr-widget":false},"uagb_author_info":{"display_name":"Nicolas SCHIAVON","author_link":"https:\/\/www.carideal.com\/blog\/author\/nschiavon\/"},"uagb_comment_info":3,"uagb_excerpt":"L'Opel Mokka diesel se dote d'un moteur moderne L'OPEL MOKKA DIESEL se dote d'un moteur diesel moderne. Exit le d\u00e9pass\u00e9 moteur Isuzu 1.7 CDTI de 130 ch, en effet il \u00e9tait trop bruyant et g\u00e9n\u00e9rait trop de Vibrations. Le nouveau 1.6 CDTI gagne en puissance \u00e0 136 ch et en couple avec +20 Nm avec\u2026","_links":{"self":[{"href":"https:\/\/www.carideal.com\/blog\/wp-json\/wp\/v2\/posts\/4266"}],"collection":[{"href":"https:\/\/www.carideal.com\/blog\/wp-json\/wp\/v2\/posts"}],"about":[{"href":"https:\/\/www.carideal.com\/blog\/wp-json\/wp\/v2\/types\/post"}],"author":[{"embeddable":true,"href":"https:\/\/www.carideal.com\/blog\/wp-json\/wp\/v2\/users\/3"}],"replies":[{"embeddable":true,"href":"https:\/\/www.carideal.com\/blog\/wp-json\/wp\/v2\/comments?post=4266"}],"version-history":[{"count":0,"href":"https:\/\/www.carideal.com\/blog\/wp-json\/wp\/v2\/posts\/4266\/revisions"}],"wp:attachment":[{"href":"https:\/\/www.carideal.com\/blog\/wp-json\/wp\/v2\/media?parent=4266"}],"wp:term":[{"taxonomy":"category","embeddable":true,"href":"https:\/\/www.carideal.com\/blog\/wp-json\/wp\/v2\/categories?post=4266"},{"taxonomy":"post_tag","embeddable":true,"href":"https:\/\/www.carideal.com\/blog\/wp-json\/wp\/v2\/tags?post=4266"}],"curies":[{"name":"wp","href":"https:\/\/api.w.org\/{rel}","templated":true}]}}