{"id":4258,"date":"2015-02-03T09:09:22","date_gmt":"2015-02-03T08:09:22","guid":{"rendered":"http:\/\/www.carideal.com\/blog\/?p=4258"},"modified":"2018-10-29T12:01:55","modified_gmt":"2018-10-29T11:01:55","slug":"la-tesla-model-s-arrive-4-roues-motrices-2-moteurs-electriques","status":"publish","type":"post","link":"https:\/\/www.carideal.com\/blog\/2015\/02\/03\/la-tesla-model-s-arrive-4-roues-motrices-2-moteurs-electriques\/","title":{"rendered":"La Tesla Model S arrive"},"content":{"rendered":"<figure id=\"attachment_4259\" aria-describedby=\"caption-attachment-4259\" style=\"width: 290px\" class=\"wp-caption alignnone\"><a href=\"http:\/\/www.carideal.com\/blog\/wp-content\/uploads\/2015\/02\/tesla-motors-model-s-carideal-mandataire-automobile.jpg\"><img loading=\"lazy\" decoding=\"async\" class=\"wp-image-4259 size-medium\" title=\"Tesla Model S\" src=\"http:\/\/www.carideal.com\/blog\/wp-content\/uploads\/2015\/02\/tesla-motors-model-s-carideal-mandataire-automobile-300x270.jpg\" alt=\"La Tesla Model S arrive en production : 4 Roues motrices avec 2 moteurs \u00e9lectriques\" width=\"300\" height=\"270\" srcset=\"https:\/\/www.carideal.com\/blog\/wp-content\/uploads\/2015\/02\/tesla-motors-model-s-carideal-mandataire-automobile-300x270.jpg 300w, https:\/\/www.carideal.com\/blog\/wp-content\/uploads\/2015\/02\/tesla-motors-model-s-carideal-mandataire-automobile-624x561.jpg 624w, https:\/\/www.carideal.com\/blog\/wp-content\/uploads\/2015\/02\/tesla-motors-model-s-carideal-mandataire-automobile.jpg 633w\" sizes=\"(max-width: 300px) 100vw, 300px\" \/><\/a><figcaption id=\"caption-attachment-4259\" class=\"wp-caption-text\">La Tesla Model S arrive en production : 4 Roues motrices avec 2 moteurs \u00e9lectriques<\/figcaption><\/figure>\n<h1>La Tesla Model S arrive : 4 roues motrices 2 moteurs \u00e9lectriques<\/h1>\n<p>Quatre roues motrices, deux moteurs \u00e9lectriques, la <strong>TESLA MODEL S<\/strong> est en vente. Contrairement aux v\u00e9hicules \u00e0 quatre roues motrices classiques qui sacrifient l'efficacit\u00e9 de carburant pour une meilleure traction, la traction int\u00e9grale, la Tesla\u00a0Model S offre un contr\u00f4le sup\u00e9rieur tout en am\u00e9liorant \u00e0 la fois effectivement l'autonomie\u00a0et l'acc\u00e9l\u00e9ration, m\u00eame dans des conditions hivernales difficiles.<\/p>\n<h2>Mise \u00e0 jour du Pilote automatique de la Tesla Model S<\/h2>\n<p>Chaque nouvelle Tesla\u00a0Model S est construit avec un pilote automatique, y compris une cam\u00e9ra de recul, radar, et des capteurs sonar \u00e0 360 degr\u00e9s qui permettent de prendre en compte\u00a0le trafic routier en temps r\u00e9el. Ils avertissent les conducteurs des dangers potentiels et permet d'\u00e9viter les collisions. Nouvelles caract\u00e9ristiques des \u00e9quipements\u00a0telles que le r\u00e9gulateur de vitesse actif et le stationnement automatique r\u00e9duisent la charge de travail du conducteur\u00a0pour rendre votre voyage plus facile.<\/p>\n<h2>De nouvelles options pour l'int\u00e9rieur de la Tesla Model S<\/h2>\n<figure id=\"attachment_4260\" aria-describedby=\"caption-attachment-4260\" style=\"width: 290px\" class=\"wp-caption alignnone\"><a href=\"http:\/\/www.carideal.com\/blog\/wp-content\/uploads\/2015\/02\/tesla-model-s-carideal-mandataire-automobile-2.jpg\"><img loading=\"lazy\" decoding=\"async\" class=\"size-medium wp-image-4260\" src=\"http:\/\/www.carideal.com\/blog\/wp-content\/uploads\/2015\/02\/tesla-model-s-carideal-mandataire-automobile-2-300x120.jpg\" alt=\"La Tesla Model S vous propose un int\u00e9rieur exclusive avec de nouveaux si\u00e8ges arri\u00e8res.\" width=\"300\" height=\"120\" \/><\/a><figcaption id=\"caption-attachment-4260\" class=\"wp-caption-text\">La Tesla Model S vous propose un int\u00e9rieur exclusive avec de nouveaux si\u00e8ges arri\u00e8res.<\/figcaption><\/figure>\n<p><span style=\"text-decoration: underline;\"><a href=\"http:\/\/www.carideal.com\/72-tesla\">Tesla<\/a><\/span> annonce la disponibilit\u00e9 de nouveaux si\u00e8ges arri\u00e8re ex\u00e9cutifs. Con\u00e7u pour am\u00e9liorer le confort et le\u00a0bien-\u00eatre, les si\u00e8ges s'harmonisent parfaitement avec le style et les mat\u00e9riaux int\u00e9rieurs\u00a0de la Tesla Model S. Les coussins d'assise sont l\u00e9g\u00e8rement\u00a0plus bas\u00a0dans la voiture d'environ 10-15mm afin plus de garde au toit, et ont un design plus enveloppant offrant un style de si\u00e8ge plus lounge. Les si\u00e8ges disposent de chauffage bi-zone et sont \u00e9quip\u00e9es d'une console d'accoudoir avec un couvercle de en cuir, un compartiment de rangement, un plateau\u00a0laqu\u00e9 (de taille appropri\u00e9e pour tenir un t\u00e9l\u00e9phone mobile) et un porte-gobelet double \u00e0 l'avant. Pour les conducteurs dans les climats froids, Tesla\u00a0propose maintenant un volant chauffant dans le cadre de son package\u00a0m\u00e9t\u00e9o subzero.<\/p>\n<h2>Charge Supercharger\u00a0Tesla Recharge.<\/h2>\n<p>Le meilleur moment pour recharger votre Tesla Model S est la nuit pendant que vous dormez. Il suffit de la brancher lorsque vous rentrez chez vous, et votre voiture sera pr\u00eate au matin. R\u00e9servez\u00a0votre emplacement \u00e0 la <span style=\"text-decoration: underline;\"><a href=\"http:\/\/www.carideal.com\/blog\/2013\/01\/16\/les-bornes-de-recharge-electrique\/\">borne de recharge \u00e9lectrique<\/a><\/span> vous fait ganger du temps et de ne jamais retourner dans\u00a0une station essence vous fait gagner de l'argent.<\/p>\n<p>Les Superchargers Tesla rechargent la\u00a0<span style=\"text-decoration: underline;\"><a href=\"http:\/\/www.carideal.com\/blog\/2014\/09\/26\/tesla-veut-la-plus-grosse-usine-de-batteries\/\">batterie<\/a><\/span>\u00a0de votre Tesla Model S \u00e0 mi-capacit\u00e9 en seulement\u00a020 minutes et sont strat\u00e9giquement plac\u00e9s pour permettre un voyage longue distance. Typiquement, les superchargers Tesla sont situ\u00e9s hors des grands axes routiers \u00e0 proximit\u00e9 de caf\u00e9s, centres commerciaux, et les places de voyage, permettant aux conducteurs et passagers de s'arr\u00eater pour une collation avant de reprendre la route. De nouveaux <span style=\"text-decoration: underline;\"><a href=\"http:\/\/www.carideal.com\/blog\/2013\/11\/07\/vehicule-electrique-et-borne-de-recharge\/\">Superchargers<\/a><\/span> ouvrent chaque semaine, et sont toujours rapide et gratuit.<\/p>\n<p>Les propri\u00e9taires de Tesla Model S trouveront \u00e9galement un nombre croissant de propri\u00e9t\u00e9s d'accueil offrant la charge comme un \u00e9quipement. Il suffit de laisser la voiture sur le stand du voiturier ou branchez la en partant, puis aller vous\u00a0d\u00e9tendre tandis que votre\u00a0Mod\u00e8le S se recharge. Lorsque vous revenez, votre Tesla Model S est repos\u00e9e et pr\u00eate pour la route.<\/p>\n<p>La Tesla Model S c'est 4.97m de long pour 416 ch et 200 km\/h maxi et une autonomie annonc\u00e9e par le constructeur de 375 ou 500km. Son prix : 71760 \u20ac ou 82150 \u20ac batteries comprises. La Tesla Model S propose deux pack de <span style=\"text-decoration: underline;\"><a href=\"http:\/\/www.carideal.com\/blog\/2014\/09\/26\/tesla-veut-la-plus-grosse-usine-de-batteries\/\">batteries<\/a><\/span> diff\u00e9rents avec des autonomies et des prix diff\u00e9rents. Elle reviendrait \u00e0 64760 \u20ac bonus d\u00e9duit et batteries comprises, ce qui pour une berline de 4.97m et 416 ch semble \u00eatre une affaire extraordinaire.<\/p>\n<p>Que de chemin parcouru par <span style=\"text-decoration: underline;\"><strong><a href=\"http:\/\/www.carideal.com\/blog\/2014\/08\/25\/32-milliards-de-dollards-de-capitalisation-boursiere-pour-tesla\/\">Tesla<\/a><\/strong><\/span> depuis la pr\u00e9sentation de son <span style=\"text-decoration: underline;\"><a href=\"http:\/\/www.carideal.com\/blog\/2016\/02\/04\/vente-de-voiture-electrique-en-hausse\/\">prototype \u00e9lectrique<\/a><\/span> \u00e0 carrosserie de Lotus. Apr\u00e8s toutes ses difficult\u00e9s financi\u00e8res, et <span style=\"text-decoration: underline;\"><a href=\"http:\/\/www.carideal.com\/blog\/2014\/07\/21\/une-tesla-model-s-incapable-de-boucler-le-tour-du-nurburgring\/\">technique<\/a><\/span> La firme californienne a r\u00e9ussi son pari de concevoir une <span style=\"text-decoration: underline;\"><a href=\"http:\/\/www.carideal.com\/blog\/2014\/04\/14\/voiture-electrique-croissance-soutenue\/\">berline de luxe \u00e9lectrique<\/a><\/span> \u00e0 moins de 50000 $.<\/p>\n<p>Source\u00a0<span style=\"text-decoration: underline;\"><a href=\"https:\/\/www.teslamotors.com\/fr_FR\/models\">https:\/\/www.teslamotors.com\/fr_FR\/models<\/a><\/span><\/p>\n<p>&nbsp;<\/p>\n","protected":false},"excerpt":{"rendered":"<p>La Tesla Model S arrive : 4 roues motrices 2 moteurs \u00e9lectriques Quatre roues motrices, deux moteurs \u00e9lectriques, la TESLA MODEL S est en vente. Contrairement aux v\u00e9hicules \u00e0 quatre roues motrices classiques qui sacrifient l&rsquo;efficacit\u00e9 de carburant pour une meilleure traction, la traction int\u00e9grale, la Tesla\u00a0Model S offre un contr\u00f4le sup\u00e9rieur tout en am\u00e9liorant &#8230; <a title=\"La Tesla Model S arrive\" class=\"read-more\" href=\"https:\/\/www.carideal.com\/blog\/2015\/02\/03\/la-tesla-model-s-arrive-4-roues-motrices-2-moteurs-electriques\/\" aria-label=\"En savoir plus sur La Tesla Model S arrive\">Lire plus<\/a><\/p>\n","protected":false},"author":3,"featured_media":13478,"comment_status":"open","ping_status":"open","sticky":false,"template":"","format":"standard","meta":{"_uag_custom_page_level_css":"","_themeisle_gutenberg_block_has_review":false,"footnotes":""},"categories":[21,5944,5986,6189,5998,5080,5974,5970],"tags":[3073],"class_list":["post-4258","post","type-post","status-publish","format-standard","has-post-thumbnail","hentry","category-actualites-auto","category-constructeur","category-tesla","category-actualite-tesla-model-s","category-sportive","category-technologie-2","category-type-de-vehicule","category-electrique-technologie-2","tag-berlines-de-luxe"],"wppr_data":{"cwp_meta_box_check":"No"},"yoast_head":"<!-- This site is optimized with the Yoast SEO plugin v24.8.1 - https:\/\/yoast.com\/wordpress\/plugins\/seo\/ -->\n<title>La Tesla Model S arrive - Blog auto Carid\u00e9al<\/title>\n<meta name=\"description\" content=\"La Tesla Model S arrive : 4 roues motrices 2 moteurs \u00e9lectriques Quatre roues motrices, deux moteurs \u00e9lectriques, la Tesla Model S est en vente.\" \/>\n<meta name=\"robots\" content=\"index, follow, max-snippet:-1, max-image-preview:large, max-video-preview:-1\" \/>\n<link rel=\"canonical\" href=\"https:\/\/www.carideal.com\/blog\/2015\/02\/03\/la-tesla-model-s-arrive-4-roues-motrices-2-moteurs-electriques\/\" \/>\n<meta property=\"og:locale\" content=\"fr_FR\" \/>\n<meta property=\"og:type\" content=\"article\" \/>\n<meta property=\"og:title\" content=\"La Tesla Model S arrive - Blog auto Carid\u00e9al\" \/>\n<meta property=\"og:description\" content=\"La Tesla Model S arrive : 4 roues motrices 2 moteurs \u00e9lectriques Quatre roues motrices, deux moteurs \u00e9lectriques, la Tesla Model S est en vente.\" \/>\n<meta property=\"og:url\" content=\"https:\/\/www.carideal.com\/blog\/2015\/02\/03\/la-tesla-model-s-arrive-4-roues-motrices-2-moteurs-electriques\/\" \/>\n<meta property=\"og:site_name\" content=\"Blog auto Carid\u00e9al\" \/>\n<meta property=\"article:publisher\" content=\"https:\/\/www.facebook.com\/Carideal.mandataire.automobile\" \/>\n<meta property=\"article:author\" content=\"https:\/\/www.facebook.com\/nicolas.schiavon.39\" \/>\n<meta property=\"article:published_time\" content=\"2015-02-03T08:09:22+00:00\" \/>\n<meta property=\"article:modified_time\" content=\"2018-10-29T11:01:55+00:00\" \/>\n<meta property=\"og:image\" content=\"https:\/\/www.carideal.com\/blog\/wp-content\/uploads\/2015\/02\/tesla-model-S.jpg\" \/>\n\t<meta property=\"og:image:width\" content=\"800\" \/>\n\t<meta property=\"og:image:height\" content=\"489\" \/>\n\t<meta property=\"og:image:type\" content=\"image\/jpeg\" \/>\n<meta name=\"author\" content=\"Nicolas SCHIAVON\" \/>\n<meta name=\"twitter:card\" content=\"summary_large_image\" \/>\n<meta name=\"twitter:creator\" content=\"@caridealauto\" \/>\n<meta name=\"twitter:site\" content=\"@caridealauto\" \/>\n<meta name=\"twitter:label1\" content=\"\u00c9crit par\" \/>\n\t<meta name=\"twitter:data1\" content=\"Nicolas SCHIAVON\" \/>\n\t<meta name=\"twitter:label2\" content=\"Dur\u00e9e de lecture estim\u00e9e\" \/>\n\t<meta name=\"twitter:data2\" content=\"3 minutes\" \/>\n<script type=\"application\/ld+json\" class=\"yoast-schema-graph\">{\"@context\":\"https:\/\/schema.org\",\"@graph\":[{\"@type\":\"Article\",\"@id\":\"https:\/\/www.carideal.com\/blog\/2015\/02\/03\/la-tesla-model-s-arrive-4-roues-motrices-2-moteurs-electriques\/#article\",\"isPartOf\":{\"@id\":\"https:\/\/www.carideal.com\/blog\/2015\/02\/03\/la-tesla-model-s-arrive-4-roues-motrices-2-moteurs-electriques\/\"},\"author\":{\"name\":\"Nicolas SCHIAVON\",\"@id\":\"https:\/\/www.carideal.com\/blog\/#\/schema\/person\/cd95dc7919660de90d31b366f85be1ec\"},\"headline\":\"La Tesla Model S arrive\",\"datePublished\":\"2015-02-03T08:09:22+00:00\",\"dateModified\":\"2018-10-29T11:01:55+00:00\",\"mainEntityOfPage\":{\"@id\":\"https:\/\/www.carideal.com\/blog\/2015\/02\/03\/la-tesla-model-s-arrive-4-roues-motrices-2-moteurs-electriques\/\"},\"wordCount\":702,\"commentCount\":1,\"publisher\":{\"@id\":\"https:\/\/www.carideal.com\/blog\/#organization\"},\"image\":{\"@id\":\"https:\/\/www.carideal.com\/blog\/2015\/02\/03\/la-tesla-model-s-arrive-4-roues-motrices-2-moteurs-electriques\/#primaryimage\"},\"thumbnailUrl\":\"https:\/\/www.carideal.com\/blog\/wp-content\/uploads\/2015\/02\/tesla-model-S.jpg\",\"keywords\":[\"Berline de luxe\"],\"articleSection\":[\"Actualit\u00e9 automobile\",\"Actualit\u00e9 Constructeur automobile\",\"Actualit\u00e9 Tesla\",\"Actualit\u00e9 Tesla Model S\",\"Sportive\",\"Technologie Automobile\",\"Type de v\u00e9hicule\",\"Voiture \u00e9lectrique\"],\"inLanguage\":\"fr-FR\",\"potentialAction\":[{\"@type\":\"CommentAction\",\"name\":\"Comment\",\"target\":[\"https:\/\/www.carideal.com\/blog\/2015\/02\/03\/la-tesla-model-s-arrive-4-roues-motrices-2-moteurs-electriques\/#respond\"]}]},{\"@type\":\"WebPage\",\"@id\":\"https:\/\/www.carideal.com\/blog\/2015\/02\/03\/la-tesla-model-s-arrive-4-roues-motrices-2-moteurs-electriques\/\",\"url\":\"https:\/\/www.carideal.com\/blog\/2015\/02\/03\/la-tesla-model-s-arrive-4-roues-motrices-2-moteurs-electriques\/\",\"name\":\"La Tesla Model S arrive - Blog auto Carid\u00e9al\",\"isPartOf\":{\"@id\":\"https:\/\/www.carideal.com\/blog\/#website\"},\"primaryImageOfPage\":{\"@id\":\"https:\/\/www.carideal.com\/blog\/2015\/02\/03\/la-tesla-model-s-arrive-4-roues-motrices-2-moteurs-electriques\/#primaryimage\"},\"image\":{\"@id\":\"https:\/\/www.carideal.com\/blog\/2015\/02\/03\/la-tesla-model-s-arrive-4-roues-motrices-2-moteurs-electriques\/#primaryimage\"},\"thumbnailUrl\":\"https:\/\/www.carideal.com\/blog\/wp-content\/uploads\/2015\/02\/tesla-model-S.jpg\",\"datePublished\":\"2015-02-03T08:09:22+00:00\",\"dateModified\":\"2018-10-29T11:01:55+00:00\",\"description\":\"La Tesla Model S arrive : 4 roues motrices 2 moteurs \u00e9lectriques Quatre roues motrices, deux moteurs \u00e9lectriques, la Tesla Model S est en vente.\",\"breadcrumb\":{\"@id\":\"https:\/\/www.carideal.com\/blog\/2015\/02\/03\/la-tesla-model-s-arrive-4-roues-motrices-2-moteurs-electriques\/#breadcrumb\"},\"inLanguage\":\"fr-FR\",\"potentialAction\":[{\"@type\":\"ReadAction\",\"target\":[\"https:\/\/www.carideal.com\/blog\/2015\/02\/03\/la-tesla-model-s-arrive-4-roues-motrices-2-moteurs-electriques\/\"]}]},{\"@type\":\"ImageObject\",\"inLanguage\":\"fr-FR\",\"@id\":\"https:\/\/www.carideal.com\/blog\/2015\/02\/03\/la-tesla-model-s-arrive-4-roues-motrices-2-moteurs-electriques\/#primaryimage\",\"url\":\"https:\/\/www.carideal.com\/blog\/wp-content\/uploads\/2015\/02\/tesla-model-S.jpg\",\"contentUrl\":\"https:\/\/www.carideal.com\/blog\/wp-content\/uploads\/2015\/02\/tesla-model-S.jpg\",\"width\":800,\"height\":489,\"caption\":\"Tesla Model S\"},{\"@type\":\"BreadcrumbList\",\"@id\":\"https:\/\/www.carideal.com\/blog\/2015\/02\/03\/la-tesla-model-s-arrive-4-roues-motrices-2-moteurs-electriques\/#breadcrumb\",\"itemListElement\":[{\"@type\":\"ListItem\",\"position\":1,\"name\":\"Blog Carid\u00e9al\",\"item\":\"https:\/\/www.carideal.com\/blog\/\"},{\"@type\":\"ListItem\",\"position\":2,\"name\":\"Actualit\u00e9 automobile\",\"item\":\"https:\/\/www.carideal.com\/blog\/actualites-auto\/\"},{\"@type\":\"ListItem\",\"position\":3,\"name\":\"La Tesla Model S arrive\"}]},{\"@type\":\"WebSite\",\"@id\":\"https:\/\/www.carideal.com\/blog\/#website\",\"url\":\"https:\/\/www.carideal.com\/blog\/\",\"name\":\"Blog auto Carid\u00e9al\",\"description\":\"Actualit\u00e9 auto par des passionn\u00e9s\",\"publisher\":{\"@id\":\"https:\/\/www.carideal.com\/blog\/#organization\"},\"potentialAction\":[{\"@type\":\"SearchAction\",\"target\":{\"@type\":\"EntryPoint\",\"urlTemplate\":\"https:\/\/www.carideal.com\/blog\/?s={search_term_string}\"},\"query-input\":{\"@type\":\"PropertyValueSpecification\",\"valueRequired\":true,\"valueName\":\"search_term_string\"}}],\"inLanguage\":\"fr-FR\"},{\"@type\":\"Organization\",\"@id\":\"https:\/\/www.carideal.com\/blog\/#organization\",\"name\":\"Carideal\",\"url\":\"https:\/\/www.carideal.com\/blog\/\",\"logo\":{\"@type\":\"ImageObject\",\"inLanguage\":\"fr-FR\",\"@id\":\"https:\/\/www.carideal.com\/blog\/#\/schema\/logo\/image\/\",\"url\":\"http:\/\/www.carideal.com\/blog\/wp-content\/uploads\/2016\/03\/logo-carideal-mandataire-automobile.png\",\"contentUrl\":\"http:\/\/www.carideal.com\/blog\/wp-content\/uploads\/2016\/03\/logo-carideal-mandataire-automobile.png\",\"width\":300,\"height\":300,\"caption\":\"Carideal\"},\"image\":{\"@id\":\"https:\/\/www.carideal.com\/blog\/#\/schema\/logo\/image\/\"},\"sameAs\":[\"https:\/\/www.facebook.com\/Carideal.mandataire.automobile\",\"https:\/\/x.com\/caridealauto\",\"https:\/\/www.instagram.com\/carideal1\/\",\"https:\/\/www.linkedin.com\/company\/carideal.com\",\"https:\/\/fr.pinterest.com\/schiavonsas\/\",\"https:\/\/www.youtube.com\/user\/caridealsas\"]},{\"@type\":\"Person\",\"@id\":\"https:\/\/www.carideal.com\/blog\/#\/schema\/person\/cd95dc7919660de90d31b366f85be1ec\",\"name\":\"Nicolas SCHIAVON\",\"image\":{\"@type\":\"ImageObject\",\"inLanguage\":\"fr-FR\",\"@id\":\"https:\/\/www.carideal.com\/blog\/#\/schema\/person\/image\/\",\"url\":\"https:\/\/secure.gravatar.com\/avatar\/c17e55009e671d92cc7f5dc837dc418a?s=96&r=g\",\"contentUrl\":\"https:\/\/secure.gravatar.com\/avatar\/c17e55009e671d92cc7f5dc837dc418a?s=96&r=g\",\"caption\":\"Nicolas SCHIAVON\"},\"description\":\"Nicolas Schiavon est tomb\u00e9 tout petit dans la marmite automobile. Ayant eu un garage de marque automobile, mandataire automobile de la premi\u00e8re heure d\u00e8s 1999. Nicolas a cr\u00e9\u00e9 ces premiers sites de vente de voiture et blog automobile d\u00e8s 1994. Carideal est n\u00e9 le 15 d\u00e9cembre 2000 de la volont\u00e9 de vendre des voitures d'occasions en ligne puis des voitures neuves. Il a pu essayer beaucoup de voitures tr\u00e8s diff\u00e9rentes et ayant eu personnellement quelques belles autos, Subaru Impreza, Mitsubishi Lancer Evo 7, Porsche 911, Ferrari Testarrossa, Audi RS3, RS4 et j'en passe...\",\"sameAs\":[\"http:\/\/www.carideal.com\",\"https:\/\/www.facebook.com\/nicolas.schiavon.39\",\"https:\/\/www.instagram.com\/carideal1\/\",\"https:\/\/www.linkedin.com\/in\/nschiavon\/\",\"https:\/\/x.com\/caridealauto\",\"https:\/\/www.youtube.com\/user\/caridealsas\/\"],\"url\":\"https:\/\/www.carideal.com\/blog\/author\/nschiavon\/\"}]}<\/script>\n<!-- \/ Yoast SEO plugin. -->","yoast_head_json":{"title":"La Tesla Model S arrive - Blog auto Carid\u00e9al","description":"La Tesla Model S arrive : 4 roues motrices 2 moteurs \u00e9lectriques Quatre roues motrices, deux moteurs \u00e9lectriques, la Tesla Model S est en vente.","robots":{"index":"index","follow":"follow","max-snippet":"max-snippet:-1","max-image-preview":"max-image-preview:large","max-video-preview":"max-video-preview:-1"},"canonical":"https:\/\/www.carideal.com\/blog\/2015\/02\/03\/la-tesla-model-s-arrive-4-roues-motrices-2-moteurs-electriques\/","og_locale":"fr_FR","og_type":"article","og_title":"La Tesla Model S arrive - Blog auto Carid\u00e9al","og_description":"La Tesla Model S arrive : 4 roues motrices 2 moteurs \u00e9lectriques Quatre roues motrices, deux moteurs \u00e9lectriques, la Tesla Model S est en vente.","og_url":"https:\/\/www.carideal.com\/blog\/2015\/02\/03\/la-tesla-model-s-arrive-4-roues-motrices-2-moteurs-electriques\/","og_site_name":"Blog auto Carid\u00e9al","article_publisher":"https:\/\/www.facebook.com\/Carideal.mandataire.automobile","article_author":"https:\/\/www.facebook.com\/nicolas.schiavon.39","article_published_time":"2015-02-03T08:09:22+00:00","article_modified_time":"2018-10-29T11:01:55+00:00","og_image":[{"width":800,"height":489,"url":"https:\/\/www.carideal.com\/blog\/wp-content\/uploads\/2015\/02\/tesla-model-S.jpg","type":"image\/jpeg"}],"author":"Nicolas SCHIAVON","twitter_card":"summary_large_image","twitter_creator":"@caridealauto","twitter_site":"@caridealauto","twitter_misc":{"\u00c9crit par":"Nicolas SCHIAVON","Dur\u00e9e de lecture estim\u00e9e":"3 minutes"},"schema":{"@context":"https:\/\/schema.org","@graph":[{"@type":"Article","@id":"https:\/\/www.carideal.com\/blog\/2015\/02\/03\/la-tesla-model-s-arrive-4-roues-motrices-2-moteurs-electriques\/#article","isPartOf":{"@id":"https:\/\/www.carideal.com\/blog\/2015\/02\/03\/la-tesla-model-s-arrive-4-roues-motrices-2-moteurs-electriques\/"},"author":{"name":"Nicolas SCHIAVON","@id":"https:\/\/www.carideal.com\/blog\/#\/schema\/person\/cd95dc7919660de90d31b366f85be1ec"},"headline":"La Tesla Model S arrive","datePublished":"2015-02-03T08:09:22+00:00","dateModified":"2018-10-29T11:01:55+00:00","mainEntityOfPage":{"@id":"https:\/\/www.carideal.com\/blog\/2015\/02\/03\/la-tesla-model-s-arrive-4-roues-motrices-2-moteurs-electriques\/"},"wordCount":702,"commentCount":1,"publisher":{"@id":"https:\/\/www.carideal.com\/blog\/#organization"},"image":{"@id":"https:\/\/www.carideal.com\/blog\/2015\/02\/03\/la-tesla-model-s-arrive-4-roues-motrices-2-moteurs-electriques\/#primaryimage"},"thumbnailUrl":"https:\/\/www.carideal.com\/blog\/wp-content\/uploads\/2015\/02\/tesla-model-S.jpg","keywords":["Berline de luxe"],"articleSection":["Actualit\u00e9 automobile","Actualit\u00e9 Constructeur automobile","Actualit\u00e9 Tesla","Actualit\u00e9 Tesla Model S","Sportive","Technologie Automobile","Type de v\u00e9hicule","Voiture \u00e9lectrique"],"inLanguage":"fr-FR","potentialAction":[{"@type":"CommentAction","name":"Comment","target":["https:\/\/www.carideal.com\/blog\/2015\/02\/03\/la-tesla-model-s-arrive-4-roues-motrices-2-moteurs-electriques\/#respond"]}]},{"@type":"WebPage","@id":"https:\/\/www.carideal.com\/blog\/2015\/02\/03\/la-tesla-model-s-arrive-4-roues-motrices-2-moteurs-electriques\/","url":"https:\/\/www.carideal.com\/blog\/2015\/02\/03\/la-tesla-model-s-arrive-4-roues-motrices-2-moteurs-electriques\/","name":"La Tesla Model S arrive - Blog auto Carid\u00e9al","isPartOf":{"@id":"https:\/\/www.carideal.com\/blog\/#website"},"primaryImageOfPage":{"@id":"https:\/\/www.carideal.com\/blog\/2015\/02\/03\/la-tesla-model-s-arrive-4-roues-motrices-2-moteurs-electriques\/#primaryimage"},"image":{"@id":"https:\/\/www.carideal.com\/blog\/2015\/02\/03\/la-tesla-model-s-arrive-4-roues-motrices-2-moteurs-electriques\/#primaryimage"},"thumbnailUrl":"https:\/\/www.carideal.com\/blog\/wp-content\/uploads\/2015\/02\/tesla-model-S.jpg","datePublished":"2015-02-03T08:09:22+00:00","dateModified":"2018-10-29T11:01:55+00:00","description":"La Tesla Model S arrive : 4 roues motrices 2 moteurs \u00e9lectriques Quatre roues motrices, deux moteurs \u00e9lectriques, la Tesla Model S est en vente.","breadcrumb":{"@id":"https:\/\/www.carideal.com\/blog\/2015\/02\/03\/la-tesla-model-s-arrive-4-roues-motrices-2-moteurs-electriques\/#breadcrumb"},"inLanguage":"fr-FR","potentialAction":[{"@type":"ReadAction","target":["https:\/\/www.carideal.com\/blog\/2015\/02\/03\/la-tesla-model-s-arrive-4-roues-motrices-2-moteurs-electriques\/"]}]},{"@type":"ImageObject","inLanguage":"fr-FR","@id":"https:\/\/www.carideal.com\/blog\/2015\/02\/03\/la-tesla-model-s-arrive-4-roues-motrices-2-moteurs-electriques\/#primaryimage","url":"https:\/\/www.carideal.com\/blog\/wp-content\/uploads\/2015\/02\/tesla-model-S.jpg","contentUrl":"https:\/\/www.carideal.com\/blog\/wp-content\/uploads\/2015\/02\/tesla-model-S.jpg","width":800,"height":489,"caption":"Tesla Model S"},{"@type":"BreadcrumbList","@id":"https:\/\/www.carideal.com\/blog\/2015\/02\/03\/la-tesla-model-s-arrive-4-roues-motrices-2-moteurs-electriques\/#breadcrumb","itemListElement":[{"@type":"ListItem","position":1,"name":"Blog Carid\u00e9al","item":"https:\/\/www.carideal.com\/blog\/"},{"@type":"ListItem","position":2,"name":"Actualit\u00e9 automobile","item":"https:\/\/www.carideal.com\/blog\/actualites-auto\/"},{"@type":"ListItem","position":3,"name":"La Tesla Model S arrive"}]},{"@type":"WebSite","@id":"https:\/\/www.carideal.com\/blog\/#website","url":"https:\/\/www.carideal.com\/blog\/","name":"Blog auto Carid\u00e9al","description":"Actualit\u00e9 auto par des passionn\u00e9s","publisher":{"@id":"https:\/\/www.carideal.com\/blog\/#organization"},"potentialAction":[{"@type":"SearchAction","target":{"@type":"EntryPoint","urlTemplate":"https:\/\/www.carideal.com\/blog\/?s={search_term_string}"},"query-input":{"@type":"PropertyValueSpecification","valueRequired":true,"valueName":"search_term_string"}}],"inLanguage":"fr-FR"},{"@type":"Organization","@id":"https:\/\/www.carideal.com\/blog\/#organization","name":"Carideal","url":"https:\/\/www.carideal.com\/blog\/","logo":{"@type":"ImageObject","inLanguage":"fr-FR","@id":"https:\/\/www.carideal.com\/blog\/#\/schema\/logo\/image\/","url":"http:\/\/www.carideal.com\/blog\/wp-content\/uploads\/2016\/03\/logo-carideal-mandataire-automobile.png","contentUrl":"http:\/\/www.carideal.com\/blog\/wp-content\/uploads\/2016\/03\/logo-carideal-mandataire-automobile.png","width":300,"height":300,"caption":"Carideal"},"image":{"@id":"https:\/\/www.carideal.com\/blog\/#\/schema\/logo\/image\/"},"sameAs":["https:\/\/www.facebook.com\/Carideal.mandataire.automobile","https:\/\/x.com\/caridealauto","https:\/\/www.instagram.com\/carideal1\/","https:\/\/www.linkedin.com\/company\/carideal.com","https:\/\/fr.pinterest.com\/schiavonsas\/","https:\/\/www.youtube.com\/user\/caridealsas"]},{"@type":"Person","@id":"https:\/\/www.carideal.com\/blog\/#\/schema\/person\/cd95dc7919660de90d31b366f85be1ec","name":"Nicolas SCHIAVON","image":{"@type":"ImageObject","inLanguage":"fr-FR","@id":"https:\/\/www.carideal.com\/blog\/#\/schema\/person\/image\/","url":"https:\/\/secure.gravatar.com\/avatar\/c17e55009e671d92cc7f5dc837dc418a?s=96&r=g","contentUrl":"https:\/\/secure.gravatar.com\/avatar\/c17e55009e671d92cc7f5dc837dc418a?s=96&r=g","caption":"Nicolas SCHIAVON"},"description":"Nicolas Schiavon est tomb\u00e9 tout petit dans la marmite automobile. Ayant eu un garage de marque automobile, mandataire automobile de la premi\u00e8re heure d\u00e8s 1999. Nicolas a cr\u00e9\u00e9 ces premiers sites de vente de voiture et blog automobile d\u00e8s 1994. Carideal est n\u00e9 le 15 d\u00e9cembre 2000 de la volont\u00e9 de vendre des voitures d'occasions en ligne puis des voitures neuves. Il a pu essayer beaucoup de voitures tr\u00e8s diff\u00e9rentes et ayant eu personnellement quelques belles autos, Subaru Impreza, Mitsubishi Lancer Evo 7, Porsche 911, Ferrari Testarrossa, Audi RS3, RS4 et j'en passe...","sameAs":["http:\/\/www.carideal.com","https:\/\/www.facebook.com\/nicolas.schiavon.39","https:\/\/www.instagram.com\/carideal1\/","https:\/\/www.linkedin.com\/in\/nschiavon\/","https:\/\/x.com\/caridealauto","https:\/\/www.youtube.com\/user\/caridealsas\/"],"url":"https:\/\/www.carideal.com\/blog\/author\/nschiavon\/"}]}},"uagb_featured_image_src":{"full":["https:\/\/www.carideal.com\/blog\/wp-content\/uploads\/2015\/02\/tesla-model-S.jpg",800,489,false],"thumbnail":["https:\/\/www.carideal.com\/blog\/wp-content\/uploads\/2015\/02\/tesla-model-S-150x150.jpg",150,150,true],"medium":["https:\/\/www.carideal.com\/blog\/wp-content\/uploads\/2015\/02\/tesla-model-S-300x183.jpg",300,183,true],"medium_large":["https:\/\/www.carideal.com\/blog\/wp-content\/uploads\/2015\/02\/tesla-model-S-768x469.jpg",768,469,true],"large":["https:\/\/www.carideal.com\/blog\/wp-content\/uploads\/2015\/02\/tesla-model-S.jpg",800,489,false],"1536x1536":["https:\/\/www.carideal.com\/blog\/wp-content\/uploads\/2015\/02\/tesla-model-S.jpg",800,489,false],"2048x2048":["https:\/\/www.carideal.com\/blog\/wp-content\/uploads\/2015\/02\/tesla-model-S.jpg",800,489,false],"wppr-widget":["https:\/\/www.carideal.com\/blog\/wp-content\/uploads\/2015\/02\/tesla-model-S.jpg",50,31,false]},"uagb_author_info":{"display_name":"Nicolas SCHIAVON","author_link":"https:\/\/www.carideal.com\/blog\/author\/nschiavon\/"},"uagb_comment_info":10,"uagb_excerpt":"La Tesla Model S arrive : 4 roues motrices 2 moteurs \u00e9lectriques Quatre roues motrices, deux moteurs \u00e9lectriques, la TESLA MODEL S est en vente. Contrairement aux v\u00e9hicules \u00e0 quatre roues motrices classiques qui sacrifient l'efficacit\u00e9 de carburant pour une meilleure traction, la traction int\u00e9grale, la Tesla\u00a0Model S offre un contr\u00f4le sup\u00e9rieur tout en am\u00e9liorant\u2026","_links":{"self":[{"href":"https:\/\/www.carideal.com\/blog\/wp-json\/wp\/v2\/posts\/4258"}],"collection":[{"href":"https:\/\/www.carideal.com\/blog\/wp-json\/wp\/v2\/posts"}],"about":[{"href":"https:\/\/www.carideal.com\/blog\/wp-json\/wp\/v2\/types\/post"}],"author":[{"embeddable":true,"href":"https:\/\/www.carideal.com\/blog\/wp-json\/wp\/v2\/users\/3"}],"replies":[{"embeddable":true,"href":"https:\/\/www.carideal.com\/blog\/wp-json\/wp\/v2\/comments?post=4258"}],"version-history":[{"count":0,"href":"https:\/\/www.carideal.com\/blog\/wp-json\/wp\/v2\/posts\/4258\/revisions"}],"wp:featuredmedia":[{"embeddable":true,"href":"https:\/\/www.carideal.com\/blog\/wp-json\/wp\/v2\/media\/13478"}],"wp:attachment":[{"href":"https:\/\/www.carideal.com\/blog\/wp-json\/wp\/v2\/media?parent=4258"}],"wp:term":[{"taxonomy":"category","embeddable":true,"href":"https:\/\/www.carideal.com\/blog\/wp-json\/wp\/v2\/categories?post=4258"},{"taxonomy":"post_tag","embeddable":true,"href":"https:\/\/www.carideal.com\/blog\/wp-json\/wp\/v2\/tags?post=4258"}],"curies":[{"name":"wp","href":"https:\/\/api.w.org\/{rel}","templated":true}]}}