{"id":4221,"date":"2014-03-31T15:12:02","date_gmt":"2014-03-31T13:12:02","guid":{"rendered":"http:\/\/www.carideal.com\/blog\/?p=4221"},"modified":"2015-01-30T15:17:17","modified_gmt":"2015-01-30T14:17:17","slug":"la-voiture-moyenne-en-france-na-jamais-ete-aussi-cher-quen-2013","status":"publish","type":"post","link":"https:\/\/www.carideal.com\/blog\/2014\/03\/31\/la-voiture-moyenne-en-france-na-jamais-ete-aussi-cher-quen-2013\/","title":{"rendered":"La voiture moyenne en France n&rsquo;a jamais \u00e9t\u00e9 aussi cher qu&rsquo;en 2013"},"content":{"rendered":"<figure id=\"attachment_4223\" aria-describedby=\"caption-attachment-4223\" style=\"width: 290px\" class=\"wp-caption alignnone\"><a href=\"http:\/\/www.carideal.com\/blog\/wp-content\/uploads\/2014\/03\/prix-voiture-moyenne-france-carideal-mandataire-auto.jpg\"><img loading=\"lazy\" decoding=\"async\" class=\"size-medium wp-image-4223\" src=\"http:\/\/www.carideal.com\/blog\/wp-content\/uploads\/2014\/03\/prix-voiture-moyenne-france-carideal-mandataire-auto-300x136.jpg\" alt=\"Prix de la voiture moyenne vendu en France en forte augmentation.\" width=\"300\" height=\"136\" srcset=\"https:\/\/www.carideal.com\/blog\/wp-content\/uploads\/2014\/03\/prix-voiture-moyenne-france-carideal-mandataire-auto-300x136.jpg 300w, https:\/\/www.carideal.com\/blog\/wp-content\/uploads\/2014\/03\/prix-voiture-moyenne-france-carideal-mandataire-auto-624x282.jpg 624w, https:\/\/www.carideal.com\/blog\/wp-content\/uploads\/2014\/03\/prix-voiture-moyenne-france-carideal-mandataire-auto.jpg 644w\" sizes=\"(max-width: 300px) 100vw, 300px\" \/><\/a><figcaption id=\"caption-attachment-4223\" class=\"wp-caption-text\">Prix de la voiture moyenne vendu en France en forte augmentation.<\/figcaption><\/figure>\n<p><b>La voiture moyenne de France n'a jamais \u00e9t\u00e9 aussi ch\u00e8re en 2013<\/b><\/p>\n<p align=\"JUSTIFY\"><span style=\"font-family: Arial, sans-serif;\">En mars 2014 que la voiture moyenne de 2007 avait une longueur de 4,17 m, une puissance de 105 ch, un poids de 1293 kg \u00e0 un prix d\u00e8s 20 000 \u20ac. En 2012, elle s'est am\u00e9lior\u00e9e pour atteindre les 4,21 m, 110 ch pour un prix sup\u00e9rieur \u00e0 celui de 2007, de 22 486 \u20ac.<\/span><\/p>\n<p align=\"JUSTIFY\"><span style=\"font-family: Arial, sans-serif;\">Ainsi la voiture moyenne \u00e0 beaucoup \u00e9volu\u00e9e de 1953 \u00e0 2013, sa longueur a chang\u00e9 de 4,12 m en 1953 \u00e0 4,20 m en 2013. Cependant sa puissance a tripl\u00e9 de 38 \u00e0 108 ch. Son toit s'est \u00e9lev\u00e9 de 1,29 m \u00e0 1,54 m. Son poids s'est renforc\u00e9 de 890 \u00e0 1266 kg en 2013. Elle s'est am\u00e9lior\u00e9 gr\u00e2ce au renforcement des normes de s\u00e9curit\u00e9 et de son confort. Le prix moyen en 2013 est de 23 407 \u20ac.<\/span><\/p>\n<p align=\"JUSTIFY\"><span style=\"font-family: Arial, sans-serif;\">En 2013, la r\u00e9partition des ventres par niveau de prix est faible pour les voitures de moins de 15 000 \u20ac car il est de 16 % alors qu'en 2009 il atteignait les 29 %. De plus pour les voitures de 15000 \u20ac \u00e0 25 000 \u20ac, le niveau est rest\u00e9 stable avec une moyenne de 46 %. Enfin il y a eu une petite diminution pour les voitures de plus de 25 000 \u20ac avec 38 %.<\/span><\/p>\n<p>&nbsp;<\/p>\n","protected":false},"excerpt":{"rendered":"<p>La voiture moyenne de France n&rsquo;a jamais \u00e9t\u00e9 aussi ch\u00e8re en 2013 En mars 2014 que la voiture moyenne de 2007 avait une longueur de 4,17 m, une puissance de 105 ch, un poids de 1293 kg \u00e0 un prix d\u00e8s 20 000 \u20ac. En 2012, elle s&rsquo;est am\u00e9lior\u00e9e pour atteindre les 4,21 m, 110 &#8230; <a title=\"La voiture moyenne en France n&rsquo;a jamais \u00e9t\u00e9 aussi cher qu&rsquo;en 2013\" class=\"read-more\" href=\"https:\/\/www.carideal.com\/blog\/2014\/03\/31\/la-voiture-moyenne-en-france-na-jamais-ete-aussi-cher-quen-2013\/\" aria-label=\"En savoir plus sur La voiture moyenne en France n&rsquo;a jamais \u00e9t\u00e9 aussi cher qu&rsquo;en 2013\">Lire plus<\/a><\/p>\n","protected":false},"author":3,"featured_media":0,"comment_status":"open","ping_status":"open","sticky":false,"template":"","format":"standard","meta":{"_uag_custom_page_level_css":"","_themeisle_gutenberg_block_has_review":false,"footnotes":""},"categories":[21],"tags":[51],"class_list":["post-4221","post","type-post","status-publish","format-standard","hentry","category-actualites-auto","tag-voiture-moyenne"],"wppr_data":[],"yoast_head":"<!-- This site is optimized with the Yoast SEO plugin v24.8.1 - https:\/\/yoast.com\/wordpress\/plugins\/seo\/ -->\n<title>La voiture moyenne en France n&#039;a jamais \u00e9t\u00e9 aussi cher qu&#039;en 2013 - Blog auto Carid\u00e9al<\/title>\n<meta name=\"robots\" content=\"index, follow, max-snippet:-1, max-image-preview:large, max-video-preview:-1\" \/>\n<link rel=\"canonical\" href=\"https:\/\/www.carideal.com\/blog\/2014\/03\/31\/la-voiture-moyenne-en-france-na-jamais-ete-aussi-cher-quen-2013\/\" \/>\n<meta property=\"og:locale\" content=\"fr_FR\" \/>\n<meta property=\"og:type\" content=\"article\" \/>\n<meta property=\"og:title\" content=\"La voiture moyenne en France n&#039;a jamais \u00e9t\u00e9 aussi cher qu&#039;en 2013 - Blog auto Carid\u00e9al\" \/>\n<meta property=\"og:description\" content=\"La voiture moyenne de France n&#039;a jamais \u00e9t\u00e9 aussi ch\u00e8re en 2013 En mars 2014 que la voiture moyenne de 2007 avait une longueur de 4,17 m, une puissance de 105 ch, un poids de 1293 kg \u00e0 un prix d\u00e8s 20 000 \u20ac. En 2012, elle s&#039;est am\u00e9lior\u00e9e pour atteindre les 4,21 m, 110 ... Lire plus\" \/>\n<meta property=\"og:url\" content=\"https:\/\/www.carideal.com\/blog\/2014\/03\/31\/la-voiture-moyenne-en-france-na-jamais-ete-aussi-cher-quen-2013\/\" \/>\n<meta property=\"og:site_name\" content=\"Blog auto Carid\u00e9al\" \/>\n<meta property=\"article:publisher\" content=\"https:\/\/www.facebook.com\/Carideal.mandataire.automobile\" \/>\n<meta property=\"article:author\" content=\"https:\/\/www.facebook.com\/nicolas.schiavon.39\" \/>\n<meta property=\"article:published_time\" content=\"2014-03-31T13:12:02+00:00\" \/>\n<meta property=\"article:modified_time\" content=\"2015-01-30T14:17:17+00:00\" \/>\n<meta property=\"og:image\" content=\"http:\/\/www.carideal.com\/blog\/wp-content\/uploads\/2014\/03\/prix-voiture-moyenne-france-carideal-mandataire-auto-300x136.jpg\" \/>\n<meta name=\"author\" content=\"Nicolas SCHIAVON\" \/>\n<meta name=\"twitter:card\" content=\"summary_large_image\" \/>\n<meta name=\"twitter:creator\" content=\"@caridealauto\" \/>\n<meta name=\"twitter:site\" content=\"@caridealauto\" \/>\n<meta name=\"twitter:label1\" content=\"\u00c9crit par\" \/>\n\t<meta name=\"twitter:data1\" content=\"Nicolas SCHIAVON\" \/>\n\t<meta name=\"twitter:label2\" content=\"Dur\u00e9e de lecture estim\u00e9e\" \/>\n\t<meta name=\"twitter:data2\" content=\"1 minute\" \/>\n<script type=\"application\/ld+json\" class=\"yoast-schema-graph\">{\"@context\":\"https:\/\/schema.org\",\"@graph\":[{\"@type\":\"Article\",\"@id\":\"https:\/\/www.carideal.com\/blog\/2014\/03\/31\/la-voiture-moyenne-en-france-na-jamais-ete-aussi-cher-quen-2013\/#article\",\"isPartOf\":{\"@id\":\"https:\/\/www.carideal.com\/blog\/2014\/03\/31\/la-voiture-moyenne-en-france-na-jamais-ete-aussi-cher-quen-2013\/\"},\"author\":{\"name\":\"Nicolas SCHIAVON\",\"@id\":\"https:\/\/www.carideal.com\/blog\/#\/schema\/person\/cd95dc7919660de90d31b366f85be1ec\"},\"headline\":\"La voiture moyenne en France n&rsquo;a jamais \u00e9t\u00e9 aussi cher qu&rsquo;en 2013\",\"datePublished\":\"2014-03-31T13:12:02+00:00\",\"dateModified\":\"2015-01-30T14:17:17+00:00\",\"mainEntityOfPage\":{\"@id\":\"https:\/\/www.carideal.com\/blog\/2014\/03\/31\/la-voiture-moyenne-en-france-na-jamais-ete-aussi-cher-quen-2013\/\"},\"wordCount\":203,\"commentCount\":0,\"publisher\":{\"@id\":\"https:\/\/www.carideal.com\/blog\/#organization\"},\"image\":{\"@id\":\"https:\/\/www.carideal.com\/blog\/2014\/03\/31\/la-voiture-moyenne-en-france-na-jamais-ete-aussi-cher-quen-2013\/#primaryimage\"},\"thumbnailUrl\":\"http:\/\/www.carideal.com\/blog\/wp-content\/uploads\/2014\/03\/prix-voiture-moyenne-france-carideal-mandataire-auto-300x136.jpg\",\"keywords\":[\"Voiture moyenne\"],\"articleSection\":[\"Actualit\u00e9 automobile\"],\"inLanguage\":\"fr-FR\",\"potentialAction\":[{\"@type\":\"CommentAction\",\"name\":\"Comment\",\"target\":[\"https:\/\/www.carideal.com\/blog\/2014\/03\/31\/la-voiture-moyenne-en-france-na-jamais-ete-aussi-cher-quen-2013\/#respond\"]}]},{\"@type\":\"WebPage\",\"@id\":\"https:\/\/www.carideal.com\/blog\/2014\/03\/31\/la-voiture-moyenne-en-france-na-jamais-ete-aussi-cher-quen-2013\/\",\"url\":\"https:\/\/www.carideal.com\/blog\/2014\/03\/31\/la-voiture-moyenne-en-france-na-jamais-ete-aussi-cher-quen-2013\/\",\"name\":\"La voiture moyenne en France n'a jamais \u00e9t\u00e9 aussi cher qu'en 2013 - Blog auto Carid\u00e9al\",\"isPartOf\":{\"@id\":\"https:\/\/www.carideal.com\/blog\/#website\"},\"primaryImageOfPage\":{\"@id\":\"https:\/\/www.carideal.com\/blog\/2014\/03\/31\/la-voiture-moyenne-en-france-na-jamais-ete-aussi-cher-quen-2013\/#primaryimage\"},\"image\":{\"@id\":\"https:\/\/www.carideal.com\/blog\/2014\/03\/31\/la-voiture-moyenne-en-france-na-jamais-ete-aussi-cher-quen-2013\/#primaryimage\"},\"thumbnailUrl\":\"http:\/\/www.carideal.com\/blog\/wp-content\/uploads\/2014\/03\/prix-voiture-moyenne-france-carideal-mandataire-auto-300x136.jpg\",\"datePublished\":\"2014-03-31T13:12:02+00:00\",\"dateModified\":\"2015-01-30T14:17:17+00:00\",\"breadcrumb\":{\"@id\":\"https:\/\/www.carideal.com\/blog\/2014\/03\/31\/la-voiture-moyenne-en-france-na-jamais-ete-aussi-cher-quen-2013\/#breadcrumb\"},\"inLanguage\":\"fr-FR\",\"potentialAction\":[{\"@type\":\"ReadAction\",\"target\":[\"https:\/\/www.carideal.com\/blog\/2014\/03\/31\/la-voiture-moyenne-en-france-na-jamais-ete-aussi-cher-quen-2013\/\"]}]},{\"@type\":\"ImageObject\",\"inLanguage\":\"fr-FR\",\"@id\":\"https:\/\/www.carideal.com\/blog\/2014\/03\/31\/la-voiture-moyenne-en-france-na-jamais-ete-aussi-cher-quen-2013\/#primaryimage\",\"url\":\"http:\/\/www.carideal.com\/blog\/wp-content\/uploads\/2014\/03\/prix-voiture-moyenne-france-carideal-mandataire-auto-300x136.jpg\",\"contentUrl\":\"http:\/\/www.carideal.com\/blog\/wp-content\/uploads\/2014\/03\/prix-voiture-moyenne-france-carideal-mandataire-auto-300x136.jpg\"},{\"@type\":\"BreadcrumbList\",\"@id\":\"https:\/\/www.carideal.com\/blog\/2014\/03\/31\/la-voiture-moyenne-en-france-na-jamais-ete-aussi-cher-quen-2013\/#breadcrumb\",\"itemListElement\":[{\"@type\":\"ListItem\",\"position\":1,\"name\":\"Blog Carid\u00e9al\",\"item\":\"https:\/\/www.carideal.com\/blog\/\"},{\"@type\":\"ListItem\",\"position\":2,\"name\":\"Actualit\u00e9 automobile\",\"item\":\"https:\/\/www.carideal.com\/blog\/actualites-auto\/\"},{\"@type\":\"ListItem\",\"position\":3,\"name\":\"La voiture moyenne en France n&rsquo;a jamais \u00e9t\u00e9 aussi cher qu&rsquo;en 2013\"}]},{\"@type\":\"WebSite\",\"@id\":\"https:\/\/www.carideal.com\/blog\/#website\",\"url\":\"https:\/\/www.carideal.com\/blog\/\",\"name\":\"Blog auto Carid\u00e9al\",\"description\":\"Actualit\u00e9 auto par des passionn\u00e9s\",\"publisher\":{\"@id\":\"https:\/\/www.carideal.com\/blog\/#organization\"},\"potentialAction\":[{\"@type\":\"SearchAction\",\"target\":{\"@type\":\"EntryPoint\",\"urlTemplate\":\"https:\/\/www.carideal.com\/blog\/?s={search_term_string}\"},\"query-input\":{\"@type\":\"PropertyValueSpecification\",\"valueRequired\":true,\"valueName\":\"search_term_string\"}}],\"inLanguage\":\"fr-FR\"},{\"@type\":\"Organization\",\"@id\":\"https:\/\/www.carideal.com\/blog\/#organization\",\"name\":\"Carideal\",\"url\":\"https:\/\/www.carideal.com\/blog\/\",\"logo\":{\"@type\":\"ImageObject\",\"inLanguage\":\"fr-FR\",\"@id\":\"https:\/\/www.carideal.com\/blog\/#\/schema\/logo\/image\/\",\"url\":\"http:\/\/www.carideal.com\/blog\/wp-content\/uploads\/2016\/03\/logo-carideal-mandataire-automobile.png\",\"contentUrl\":\"http:\/\/www.carideal.com\/blog\/wp-content\/uploads\/2016\/03\/logo-carideal-mandataire-automobile.png\",\"width\":300,\"height\":300,\"caption\":\"Carideal\"},\"image\":{\"@id\":\"https:\/\/www.carideal.com\/blog\/#\/schema\/logo\/image\/\"},\"sameAs\":[\"https:\/\/www.facebook.com\/Carideal.mandataire.automobile\",\"https:\/\/x.com\/caridealauto\",\"https:\/\/www.instagram.com\/carideal1\/\",\"https:\/\/www.linkedin.com\/company\/carideal.com\",\"https:\/\/fr.pinterest.com\/schiavonsas\/\",\"https:\/\/www.youtube.com\/user\/caridealsas\"]},{\"@type\":\"Person\",\"@id\":\"https:\/\/www.carideal.com\/blog\/#\/schema\/person\/cd95dc7919660de90d31b366f85be1ec\",\"name\":\"Nicolas SCHIAVON\",\"image\":{\"@type\":\"ImageObject\",\"inLanguage\":\"fr-FR\",\"@id\":\"https:\/\/www.carideal.com\/blog\/#\/schema\/person\/image\/\",\"url\":\"https:\/\/secure.gravatar.com\/avatar\/c17e55009e671d92cc7f5dc837dc418a?s=96&r=g\",\"contentUrl\":\"https:\/\/secure.gravatar.com\/avatar\/c17e55009e671d92cc7f5dc837dc418a?s=96&r=g\",\"caption\":\"Nicolas SCHIAVON\"},\"description\":\"Nicolas Schiavon est tomb\u00e9 tout petit dans la marmite automobile. Ayant eu un garage de marque automobile, mandataire automobile de la premi\u00e8re heure d\u00e8s 1999. Nicolas a cr\u00e9\u00e9 ces premiers sites de vente de voiture et blog automobile d\u00e8s 1994. Carideal est n\u00e9 le 15 d\u00e9cembre 2000 de la volont\u00e9 de vendre des voitures d'occasions en ligne puis des voitures neuves. Il a pu essayer beaucoup de voitures tr\u00e8s diff\u00e9rentes et ayant eu personnellement quelques belles autos, Subaru Impreza, Mitsubishi Lancer Evo 7, Porsche 911, Ferrari Testarrossa, Audi RS3, RS4 et j'en passe...\",\"sameAs\":[\"http:\/\/www.carideal.com\",\"https:\/\/www.facebook.com\/nicolas.schiavon.39\",\"https:\/\/www.instagram.com\/carideal1\/\",\"https:\/\/www.linkedin.com\/in\/nschiavon\/\",\"https:\/\/x.com\/caridealauto\",\"https:\/\/www.youtube.com\/user\/caridealsas\/\"],\"url\":\"https:\/\/www.carideal.com\/blog\/author\/nschiavon\/\"}]}<\/script>\n<!-- \/ Yoast SEO plugin. -->","yoast_head_json":{"title":"La voiture moyenne en France n'a jamais \u00e9t\u00e9 aussi cher qu'en 2013 - Blog auto Carid\u00e9al","robots":{"index":"index","follow":"follow","max-snippet":"max-snippet:-1","max-image-preview":"max-image-preview:large","max-video-preview":"max-video-preview:-1"},"canonical":"https:\/\/www.carideal.com\/blog\/2014\/03\/31\/la-voiture-moyenne-en-france-na-jamais-ete-aussi-cher-quen-2013\/","og_locale":"fr_FR","og_type":"article","og_title":"La voiture moyenne en France n'a jamais \u00e9t\u00e9 aussi cher qu'en 2013 - Blog auto Carid\u00e9al","og_description":"La voiture moyenne de France n'a jamais \u00e9t\u00e9 aussi ch\u00e8re en 2013 En mars 2014 que la voiture moyenne de 2007 avait une longueur de 4,17 m, une puissance de 105 ch, un poids de 1293 kg \u00e0 un prix d\u00e8s 20 000 \u20ac. En 2012, elle s'est am\u00e9lior\u00e9e pour atteindre les 4,21 m, 110 ... Lire plus","og_url":"https:\/\/www.carideal.com\/blog\/2014\/03\/31\/la-voiture-moyenne-en-france-na-jamais-ete-aussi-cher-quen-2013\/","og_site_name":"Blog auto Carid\u00e9al","article_publisher":"https:\/\/www.facebook.com\/Carideal.mandataire.automobile","article_author":"https:\/\/www.facebook.com\/nicolas.schiavon.39","article_published_time":"2014-03-31T13:12:02+00:00","article_modified_time":"2015-01-30T14:17:17+00:00","og_image":[{"url":"http:\/\/www.carideal.com\/blog\/wp-content\/uploads\/2014\/03\/prix-voiture-moyenne-france-carideal-mandataire-auto-300x136.jpg","type":"","width":"","height":""}],"author":"Nicolas SCHIAVON","twitter_card":"summary_large_image","twitter_creator":"@caridealauto","twitter_site":"@caridealauto","twitter_misc":{"\u00c9crit par":"Nicolas SCHIAVON","Dur\u00e9e de lecture estim\u00e9e":"1 minute"},"schema":{"@context":"https:\/\/schema.org","@graph":[{"@type":"Article","@id":"https:\/\/www.carideal.com\/blog\/2014\/03\/31\/la-voiture-moyenne-en-france-na-jamais-ete-aussi-cher-quen-2013\/#article","isPartOf":{"@id":"https:\/\/www.carideal.com\/blog\/2014\/03\/31\/la-voiture-moyenne-en-france-na-jamais-ete-aussi-cher-quen-2013\/"},"author":{"name":"Nicolas SCHIAVON","@id":"https:\/\/www.carideal.com\/blog\/#\/schema\/person\/cd95dc7919660de90d31b366f85be1ec"},"headline":"La voiture moyenne en France n&rsquo;a jamais \u00e9t\u00e9 aussi cher qu&rsquo;en 2013","datePublished":"2014-03-31T13:12:02+00:00","dateModified":"2015-01-30T14:17:17+00:00","mainEntityOfPage":{"@id":"https:\/\/www.carideal.com\/blog\/2014\/03\/31\/la-voiture-moyenne-en-france-na-jamais-ete-aussi-cher-quen-2013\/"},"wordCount":203,"commentCount":0,"publisher":{"@id":"https:\/\/www.carideal.com\/blog\/#organization"},"image":{"@id":"https:\/\/www.carideal.com\/blog\/2014\/03\/31\/la-voiture-moyenne-en-france-na-jamais-ete-aussi-cher-quen-2013\/#primaryimage"},"thumbnailUrl":"http:\/\/www.carideal.com\/blog\/wp-content\/uploads\/2014\/03\/prix-voiture-moyenne-france-carideal-mandataire-auto-300x136.jpg","keywords":["Voiture moyenne"],"articleSection":["Actualit\u00e9 automobile"],"inLanguage":"fr-FR","potentialAction":[{"@type":"CommentAction","name":"Comment","target":["https:\/\/www.carideal.com\/blog\/2014\/03\/31\/la-voiture-moyenne-en-france-na-jamais-ete-aussi-cher-quen-2013\/#respond"]}]},{"@type":"WebPage","@id":"https:\/\/www.carideal.com\/blog\/2014\/03\/31\/la-voiture-moyenne-en-france-na-jamais-ete-aussi-cher-quen-2013\/","url":"https:\/\/www.carideal.com\/blog\/2014\/03\/31\/la-voiture-moyenne-en-france-na-jamais-ete-aussi-cher-quen-2013\/","name":"La voiture moyenne en France n'a jamais \u00e9t\u00e9 aussi cher qu'en 2013 - Blog auto Carid\u00e9al","isPartOf":{"@id":"https:\/\/www.carideal.com\/blog\/#website"},"primaryImageOfPage":{"@id":"https:\/\/www.carideal.com\/blog\/2014\/03\/31\/la-voiture-moyenne-en-france-na-jamais-ete-aussi-cher-quen-2013\/#primaryimage"},"image":{"@id":"https:\/\/www.carideal.com\/blog\/2014\/03\/31\/la-voiture-moyenne-en-france-na-jamais-ete-aussi-cher-quen-2013\/#primaryimage"},"thumbnailUrl":"http:\/\/www.carideal.com\/blog\/wp-content\/uploads\/2014\/03\/prix-voiture-moyenne-france-carideal-mandataire-auto-300x136.jpg","datePublished":"2014-03-31T13:12:02+00:00","dateModified":"2015-01-30T14:17:17+00:00","breadcrumb":{"@id":"https:\/\/www.carideal.com\/blog\/2014\/03\/31\/la-voiture-moyenne-en-france-na-jamais-ete-aussi-cher-quen-2013\/#breadcrumb"},"inLanguage":"fr-FR","potentialAction":[{"@type":"ReadAction","target":["https:\/\/www.carideal.com\/blog\/2014\/03\/31\/la-voiture-moyenne-en-france-na-jamais-ete-aussi-cher-quen-2013\/"]}]},{"@type":"ImageObject","inLanguage":"fr-FR","@id":"https:\/\/www.carideal.com\/blog\/2014\/03\/31\/la-voiture-moyenne-en-france-na-jamais-ete-aussi-cher-quen-2013\/#primaryimage","url":"http:\/\/www.carideal.com\/blog\/wp-content\/uploads\/2014\/03\/prix-voiture-moyenne-france-carideal-mandataire-auto-300x136.jpg","contentUrl":"http:\/\/www.carideal.com\/blog\/wp-content\/uploads\/2014\/03\/prix-voiture-moyenne-france-carideal-mandataire-auto-300x136.jpg"},{"@type":"BreadcrumbList","@id":"https:\/\/www.carideal.com\/blog\/2014\/03\/31\/la-voiture-moyenne-en-france-na-jamais-ete-aussi-cher-quen-2013\/#breadcrumb","itemListElement":[{"@type":"ListItem","position":1,"name":"Blog Carid\u00e9al","item":"https:\/\/www.carideal.com\/blog\/"},{"@type":"ListItem","position":2,"name":"Actualit\u00e9 automobile","item":"https:\/\/www.carideal.com\/blog\/actualites-auto\/"},{"@type":"ListItem","position":3,"name":"La voiture moyenne en France n&rsquo;a jamais \u00e9t\u00e9 aussi cher qu&rsquo;en 2013"}]},{"@type":"WebSite","@id":"https:\/\/www.carideal.com\/blog\/#website","url":"https:\/\/www.carideal.com\/blog\/","name":"Blog auto Carid\u00e9al","description":"Actualit\u00e9 auto par des passionn\u00e9s","publisher":{"@id":"https:\/\/www.carideal.com\/blog\/#organization"},"potentialAction":[{"@type":"SearchAction","target":{"@type":"EntryPoint","urlTemplate":"https:\/\/www.carideal.com\/blog\/?s={search_term_string}"},"query-input":{"@type":"PropertyValueSpecification","valueRequired":true,"valueName":"search_term_string"}}],"inLanguage":"fr-FR"},{"@type":"Organization","@id":"https:\/\/www.carideal.com\/blog\/#organization","name":"Carideal","url":"https:\/\/www.carideal.com\/blog\/","logo":{"@type":"ImageObject","inLanguage":"fr-FR","@id":"https:\/\/www.carideal.com\/blog\/#\/schema\/logo\/image\/","url":"http:\/\/www.carideal.com\/blog\/wp-content\/uploads\/2016\/03\/logo-carideal-mandataire-automobile.png","contentUrl":"http:\/\/www.carideal.com\/blog\/wp-content\/uploads\/2016\/03\/logo-carideal-mandataire-automobile.png","width":300,"height":300,"caption":"Carideal"},"image":{"@id":"https:\/\/www.carideal.com\/blog\/#\/schema\/logo\/image\/"},"sameAs":["https:\/\/www.facebook.com\/Carideal.mandataire.automobile","https:\/\/x.com\/caridealauto","https:\/\/www.instagram.com\/carideal1\/","https:\/\/www.linkedin.com\/company\/carideal.com","https:\/\/fr.pinterest.com\/schiavonsas\/","https:\/\/www.youtube.com\/user\/caridealsas"]},{"@type":"Person","@id":"https:\/\/www.carideal.com\/blog\/#\/schema\/person\/cd95dc7919660de90d31b366f85be1ec","name":"Nicolas SCHIAVON","image":{"@type":"ImageObject","inLanguage":"fr-FR","@id":"https:\/\/www.carideal.com\/blog\/#\/schema\/person\/image\/","url":"https:\/\/secure.gravatar.com\/avatar\/c17e55009e671d92cc7f5dc837dc418a?s=96&r=g","contentUrl":"https:\/\/secure.gravatar.com\/avatar\/c17e55009e671d92cc7f5dc837dc418a?s=96&r=g","caption":"Nicolas SCHIAVON"},"description":"Nicolas Schiavon est tomb\u00e9 tout petit dans la marmite automobile. Ayant eu un garage de marque automobile, mandataire automobile de la premi\u00e8re heure d\u00e8s 1999. Nicolas a cr\u00e9\u00e9 ces premiers sites de vente de voiture et blog automobile d\u00e8s 1994. Carideal est n\u00e9 le 15 d\u00e9cembre 2000 de la volont\u00e9 de vendre des voitures d'occasions en ligne puis des voitures neuves. Il a pu essayer beaucoup de voitures tr\u00e8s diff\u00e9rentes et ayant eu personnellement quelques belles autos, Subaru Impreza, Mitsubishi Lancer Evo 7, Porsche 911, Ferrari Testarrossa, Audi RS3, RS4 et j'en passe...","sameAs":["http:\/\/www.carideal.com","https:\/\/www.facebook.com\/nicolas.schiavon.39","https:\/\/www.instagram.com\/carideal1\/","https:\/\/www.linkedin.com\/in\/nschiavon\/","https:\/\/x.com\/caridealauto","https:\/\/www.youtube.com\/user\/caridealsas\/"],"url":"https:\/\/www.carideal.com\/blog\/author\/nschiavon\/"}]}},"uagb_featured_image_src":{"full":false,"thumbnail":false,"medium":false,"medium_large":false,"large":false,"1536x1536":false,"2048x2048":false,"wppr-widget":false},"uagb_author_info":{"display_name":"Nicolas SCHIAVON","author_link":"https:\/\/www.carideal.com\/blog\/author\/nschiavon\/"},"uagb_comment_info":0,"uagb_excerpt":"La voiture moyenne de France n'a jamais \u00e9t\u00e9 aussi ch\u00e8re en 2013 En mars 2014 que la voiture moyenne de 2007 avait une longueur de 4,17 m, une puissance de 105 ch, un poids de 1293 kg \u00e0 un prix d\u00e8s 20 000 \u20ac. En 2012, elle s'est am\u00e9lior\u00e9e pour atteindre les 4,21 m, 110\u2026","_links":{"self":[{"href":"https:\/\/www.carideal.com\/blog\/wp-json\/wp\/v2\/posts\/4221"}],"collection":[{"href":"https:\/\/www.carideal.com\/blog\/wp-json\/wp\/v2\/posts"}],"about":[{"href":"https:\/\/www.carideal.com\/blog\/wp-json\/wp\/v2\/types\/post"}],"author":[{"embeddable":true,"href":"https:\/\/www.carideal.com\/blog\/wp-json\/wp\/v2\/users\/3"}],"replies":[{"embeddable":true,"href":"https:\/\/www.carideal.com\/blog\/wp-json\/wp\/v2\/comments?post=4221"}],"version-history":[{"count":0,"href":"https:\/\/www.carideal.com\/blog\/wp-json\/wp\/v2\/posts\/4221\/revisions"}],"wp:attachment":[{"href":"https:\/\/www.carideal.com\/blog\/wp-json\/wp\/v2\/media?parent=4221"}],"wp:term":[{"taxonomy":"category","embeddable":true,"href":"https:\/\/www.carideal.com\/blog\/wp-json\/wp\/v2\/categories?post=4221"},{"taxonomy":"post_tag","embeddable":true,"href":"https:\/\/www.carideal.com\/blog\/wp-json\/wp\/v2\/tags?post=4221"}],"curies":[{"name":"wp","href":"https:\/\/api.w.org\/{rel}","templated":true}]}}