{"id":4190,"date":"2015-01-21T13:15:03","date_gmt":"2015-01-21T12:15:03","guid":{"rendered":"http:\/\/www.carideal.com\/blog\/?p=4190"},"modified":"2016-12-08T18:25:47","modified_gmt":"2016-12-08T17:25:47","slug":"audi-q7-2015","status":"publish","type":"post","link":"https:\/\/www.carideal.com\/blog\/2015\/01\/21\/audi-q7-2015\/","title":{"rendered":"Audi Q7 2015"},"content":{"rendered":"<figure id=\"attachment_4191\" aria-describedby=\"caption-attachment-4191\" style=\"width: 290px\" class=\"wp-caption alignnone\"><a href=\"http:\/\/www.carideal.com\/blog\/wp-content\/uploads\/2015\/01\/Audi-Q7-2015-carideal-mandataire-automobile.jpg\"><img loading=\"lazy\" decoding=\"async\" class=\"size-medium wp-image-4191\" src=\"http:\/\/www.carideal.com\/blog\/wp-content\/uploads\/2015\/01\/Audi-Q7-2015-carideal-mandataire-automobile-300x169.jpg\" alt=\"Audi Q7\" width=\"300\" height=\"169\" \/><\/a><figcaption id=\"caption-attachment-4191\" class=\"wp-caption-text\">L'Audi Q7 2015 sera commercialis\u00e9 en Mai \u00e0 Partir de 65000 \u20ac<\/figcaption><\/figure>\n<h1><strong>Audi Q7 2015 : en mai \u00e0 partir de 65000 \u20ac<\/strong><\/h1>\n<p>L'Audi Q7 2015 sera commercialis\u00e9 en Mai et ses tarif d\u00e9buteront \u00e0 partir de 65000 \u20ac et sera plus l\u00e9ger et plus v\u00e9loce. 9 ans apr\u00e8s sa sorti, il utilise massivement l'aluminium dans son ch\u00e2ssis et ses \u00e9l\u00e9ments de carrosserie afin de perdre, ce qui n'est pas rien 325 kg. La version diesel 3.0 TDI de 272 ch passe ainsi sous la barre des 2 Tonnes et est donn\u00e9 pour une consommation de 5.7 L\/100 km en circuit mixte pour une \u00e9mission de CO2 de 149 g\/km ce qui limite le malus CO2 \u00e0 900 \u20ac. Pourtant cette version n'est pas ridicule et abat le 0 \u00e0 100 km\/h en seulement 6.3 sec contre 6.1 sec pour le 3.0 TFSI essence fort de 333 ch.<\/p>\n<p>Cot\u00e9 dimensions, bien qu'il soit l\u00e9g\u00e8rement moins long de 4 cm, il est spacieux et profite d'un habitacle revu et plus moderne, il reprend le tableau de bord num\u00e9rique virtuel de l'Audi TT.<\/p>\n","protected":false},"excerpt":{"rendered":"<p>Audi Q7 2015 : en mai \u00e0 partir de 65000 \u20ac L&rsquo;Audi Q7 2015 sera commercialis\u00e9 en Mai et ses tarif d\u00e9buteront \u00e0 partir de 65000 \u20ac et sera plus l\u00e9ger et plus v\u00e9loce. 9 ans apr\u00e8s sa sorti, il utilise massivement l&rsquo;aluminium dans son ch\u00e2ssis et ses \u00e9l\u00e9ments de carrosserie afin de perdre, ce &#8230; <a title=\"Audi Q7 2015\" class=\"read-more\" href=\"https:\/\/www.carideal.com\/blog\/2015\/01\/21\/audi-q7-2015\/\" aria-label=\"En savoir plus sur Audi Q7 2015\">Lire plus<\/a><\/p>\n","protected":false},"author":3,"featured_media":0,"comment_status":"open","ping_status":"open","sticky":false,"template":"","format":"standard","meta":{"_uag_custom_page_level_css":"","_themeisle_gutenberg_block_has_review":false,"footnotes":""},"categories":[2,5978,21,5944,5974],"tags":[60],"class_list":["post-4190","post","type-post","status-publish","format-standard","hentry","category-4x4-suv","category-audi","category-actualites-auto","category-constructeur","category-type-de-vehicule","tag-co2"],"wppr_data":{"cwp_meta_box_check":"No"},"yoast_head":"<!-- This site is optimized with the Yoast SEO plugin v24.8.1 - https:\/\/yoast.com\/wordpress\/plugins\/seo\/ -->\n<title>Audi Q7 2015 - Blog auto Carid\u00e9al<\/title>\n<meta name=\"robots\" content=\"index, follow, max-snippet:-1, max-image-preview:large, max-video-preview:-1\" \/>\n<link rel=\"canonical\" href=\"https:\/\/www.carideal.com\/blog\/2015\/01\/21\/audi-q7-2015\/\" \/>\n<meta property=\"og:locale\" content=\"fr_FR\" \/>\n<meta property=\"og:type\" content=\"article\" \/>\n<meta property=\"og:title\" content=\"Audi Q7 2015 - Blog auto Carid\u00e9al\" \/>\n<meta property=\"og:description\" content=\"Audi Q7 2015 : en mai \u00e0 partir de 65000 \u20ac L&#039;Audi Q7 2015 sera commercialis\u00e9 en Mai et ses tarif d\u00e9buteront \u00e0 partir de 65000 \u20ac et sera plus l\u00e9ger et plus v\u00e9loce. 9 ans apr\u00e8s sa sorti, il utilise massivement l&#039;aluminium dans son ch\u00e2ssis et ses \u00e9l\u00e9ments de carrosserie afin de perdre, ce ... Lire plus\" \/>\n<meta property=\"og:url\" content=\"https:\/\/www.carideal.com\/blog\/2015\/01\/21\/audi-q7-2015\/\" \/>\n<meta property=\"og:site_name\" content=\"Blog auto Carid\u00e9al\" \/>\n<meta property=\"article:publisher\" content=\"https:\/\/www.facebook.com\/Carideal.mandataire.automobile\" \/>\n<meta property=\"article:author\" content=\"https:\/\/www.facebook.com\/nicolas.schiavon.39\" \/>\n<meta property=\"article:published_time\" content=\"2015-01-21T12:15:03+00:00\" \/>\n<meta property=\"article:modified_time\" content=\"2016-12-08T17:25:47+00:00\" \/>\n<meta property=\"og:image\" content=\"http:\/\/www.carideal.com\/blog\/wp-content\/uploads\/2015\/01\/Audi-Q7-2015-carideal-mandataire-automobile-300x169.jpg\" \/>\n<meta name=\"author\" content=\"Nicolas SCHIAVON\" \/>\n<meta name=\"twitter:card\" content=\"summary_large_image\" \/>\n<meta name=\"twitter:creator\" content=\"@caridealauto\" \/>\n<meta name=\"twitter:site\" content=\"@caridealauto\" \/>\n<meta name=\"twitter:label1\" content=\"\u00c9crit par\" \/>\n\t<meta name=\"twitter:data1\" content=\"Nicolas SCHIAVON\" \/>\n\t<meta name=\"twitter:label2\" content=\"Dur\u00e9e de lecture estim\u00e9e\" \/>\n\t<meta name=\"twitter:data2\" content=\"1 minute\" \/>\n<script type=\"application\/ld+json\" class=\"yoast-schema-graph\">{\"@context\":\"https:\/\/schema.org\",\"@graph\":[{\"@type\":\"Article\",\"@id\":\"https:\/\/www.carideal.com\/blog\/2015\/01\/21\/audi-q7-2015\/#article\",\"isPartOf\":{\"@id\":\"https:\/\/www.carideal.com\/blog\/2015\/01\/21\/audi-q7-2015\/\"},\"author\":{\"name\":\"Nicolas SCHIAVON\",\"@id\":\"https:\/\/www.carideal.com\/blog\/#\/schema\/person\/cd95dc7919660de90d31b366f85be1ec\"},\"headline\":\"Audi Q7 2015\",\"datePublished\":\"2015-01-21T12:15:03+00:00\",\"dateModified\":\"2016-12-08T17:25:47+00:00\",\"mainEntityOfPage\":{\"@id\":\"https:\/\/www.carideal.com\/blog\/2015\/01\/21\/audi-q7-2015\/\"},\"wordCount\":170,\"commentCount\":0,\"publisher\":{\"@id\":\"https:\/\/www.carideal.com\/blog\/#organization\"},\"image\":{\"@id\":\"https:\/\/www.carideal.com\/blog\/2015\/01\/21\/audi-q7-2015\/#primaryimage\"},\"thumbnailUrl\":\"http:\/\/www.carideal.com\/blog\/wp-content\/uploads\/2015\/01\/Audi-Q7-2015-carideal-mandataire-automobile-300x169.jpg\",\"keywords\":[\"CO2 \u00e9mission de CO2\"],\"articleSection\":[\"4X4 Actualit\u00e9\",\"Actualit\u00e9 Audi\",\"Actualit\u00e9 automobile\",\"Actualit\u00e9 Constructeur automobile\",\"Type de v\u00e9hicule\"],\"inLanguage\":\"fr-FR\",\"potentialAction\":[{\"@type\":\"CommentAction\",\"name\":\"Comment\",\"target\":[\"https:\/\/www.carideal.com\/blog\/2015\/01\/21\/audi-q7-2015\/#respond\"]}]},{\"@type\":\"WebPage\",\"@id\":\"https:\/\/www.carideal.com\/blog\/2015\/01\/21\/audi-q7-2015\/\",\"url\":\"https:\/\/www.carideal.com\/blog\/2015\/01\/21\/audi-q7-2015\/\",\"name\":\"Audi Q7 2015 - Blog auto Carid\u00e9al\",\"isPartOf\":{\"@id\":\"https:\/\/www.carideal.com\/blog\/#website\"},\"primaryImageOfPage\":{\"@id\":\"https:\/\/www.carideal.com\/blog\/2015\/01\/21\/audi-q7-2015\/#primaryimage\"},\"image\":{\"@id\":\"https:\/\/www.carideal.com\/blog\/2015\/01\/21\/audi-q7-2015\/#primaryimage\"},\"thumbnailUrl\":\"http:\/\/www.carideal.com\/blog\/wp-content\/uploads\/2015\/01\/Audi-Q7-2015-carideal-mandataire-automobile-300x169.jpg\",\"datePublished\":\"2015-01-21T12:15:03+00:00\",\"dateModified\":\"2016-12-08T17:25:47+00:00\",\"breadcrumb\":{\"@id\":\"https:\/\/www.carideal.com\/blog\/2015\/01\/21\/audi-q7-2015\/#breadcrumb\"},\"inLanguage\":\"fr-FR\",\"potentialAction\":[{\"@type\":\"ReadAction\",\"target\":[\"https:\/\/www.carideal.com\/blog\/2015\/01\/21\/audi-q7-2015\/\"]}]},{\"@type\":\"ImageObject\",\"inLanguage\":\"fr-FR\",\"@id\":\"https:\/\/www.carideal.com\/blog\/2015\/01\/21\/audi-q7-2015\/#primaryimage\",\"url\":\"http:\/\/www.carideal.com\/blog\/wp-content\/uploads\/2015\/01\/Audi-Q7-2015-carideal-mandataire-automobile-300x169.jpg\",\"contentUrl\":\"http:\/\/www.carideal.com\/blog\/wp-content\/uploads\/2015\/01\/Audi-Q7-2015-carideal-mandataire-automobile-300x169.jpg\"},{\"@type\":\"BreadcrumbList\",\"@id\":\"https:\/\/www.carideal.com\/blog\/2015\/01\/21\/audi-q7-2015\/#breadcrumb\",\"itemListElement\":[{\"@type\":\"ListItem\",\"position\":1,\"name\":\"Blog Carid\u00e9al\",\"item\":\"https:\/\/www.carideal.com\/blog\/\"},{\"@type\":\"ListItem\",\"position\":2,\"name\":\"Actualit\u00e9 automobile\",\"item\":\"https:\/\/www.carideal.com\/blog\/actualites-auto\/\"},{\"@type\":\"ListItem\",\"position\":3,\"name\":\"Audi Q7 2015\"}]},{\"@type\":\"WebSite\",\"@id\":\"https:\/\/www.carideal.com\/blog\/#website\",\"url\":\"https:\/\/www.carideal.com\/blog\/\",\"name\":\"Blog auto Carid\u00e9al\",\"description\":\"Actualit\u00e9 auto par des passionn\u00e9s\",\"publisher\":{\"@id\":\"https:\/\/www.carideal.com\/blog\/#organization\"},\"potentialAction\":[{\"@type\":\"SearchAction\",\"target\":{\"@type\":\"EntryPoint\",\"urlTemplate\":\"https:\/\/www.carideal.com\/blog\/?s={search_term_string}\"},\"query-input\":{\"@type\":\"PropertyValueSpecification\",\"valueRequired\":true,\"valueName\":\"search_term_string\"}}],\"inLanguage\":\"fr-FR\"},{\"@type\":\"Organization\",\"@id\":\"https:\/\/www.carideal.com\/blog\/#organization\",\"name\":\"Carideal\",\"url\":\"https:\/\/www.carideal.com\/blog\/\",\"logo\":{\"@type\":\"ImageObject\",\"inLanguage\":\"fr-FR\",\"@id\":\"https:\/\/www.carideal.com\/blog\/#\/schema\/logo\/image\/\",\"url\":\"http:\/\/www.carideal.com\/blog\/wp-content\/uploads\/2016\/03\/logo-carideal-mandataire-automobile.png\",\"contentUrl\":\"http:\/\/www.carideal.com\/blog\/wp-content\/uploads\/2016\/03\/logo-carideal-mandataire-automobile.png\",\"width\":300,\"height\":300,\"caption\":\"Carideal\"},\"image\":{\"@id\":\"https:\/\/www.carideal.com\/blog\/#\/schema\/logo\/image\/\"},\"sameAs\":[\"https:\/\/www.facebook.com\/Carideal.mandataire.automobile\",\"https:\/\/x.com\/caridealauto\",\"https:\/\/www.instagram.com\/carideal1\/\",\"https:\/\/www.linkedin.com\/company\/carideal.com\",\"https:\/\/fr.pinterest.com\/schiavonsas\/\",\"https:\/\/www.youtube.com\/user\/caridealsas\"]},{\"@type\":\"Person\",\"@id\":\"https:\/\/www.carideal.com\/blog\/#\/schema\/person\/cd95dc7919660de90d31b366f85be1ec\",\"name\":\"Nicolas SCHIAVON\",\"image\":{\"@type\":\"ImageObject\",\"inLanguage\":\"fr-FR\",\"@id\":\"https:\/\/www.carideal.com\/blog\/#\/schema\/person\/image\/\",\"url\":\"https:\/\/secure.gravatar.com\/avatar\/c17e55009e671d92cc7f5dc837dc418a?s=96&r=g\",\"contentUrl\":\"https:\/\/secure.gravatar.com\/avatar\/c17e55009e671d92cc7f5dc837dc418a?s=96&r=g\",\"caption\":\"Nicolas SCHIAVON\"},\"description\":\"Nicolas Schiavon est tomb\u00e9 tout petit dans la marmite automobile. Ayant eu un garage de marque automobile, mandataire automobile de la premi\u00e8re heure d\u00e8s 1999. Nicolas a cr\u00e9\u00e9 ces premiers sites de vente de voiture et blog automobile d\u00e8s 1994. Carideal est n\u00e9 le 15 d\u00e9cembre 2000 de la volont\u00e9 de vendre des voitures d'occasions en ligne puis des voitures neuves. Il a pu essayer beaucoup de voitures tr\u00e8s diff\u00e9rentes et ayant eu personnellement quelques belles autos, Subaru Impreza, Mitsubishi Lancer Evo 7, Porsche 911, Ferrari Testarrossa, Audi RS3, RS4 et j'en passe...\",\"sameAs\":[\"http:\/\/www.carideal.com\",\"https:\/\/www.facebook.com\/nicolas.schiavon.39\",\"https:\/\/www.instagram.com\/carideal1\/\",\"https:\/\/www.linkedin.com\/in\/nschiavon\/\",\"https:\/\/x.com\/caridealauto\",\"https:\/\/www.youtube.com\/user\/caridealsas\/\"],\"url\":\"https:\/\/www.carideal.com\/blog\/author\/nschiavon\/\"}]}<\/script>\n<!-- \/ Yoast SEO plugin. -->","yoast_head_json":{"title":"Audi Q7 2015 - Blog auto Carid\u00e9al","robots":{"index":"index","follow":"follow","max-snippet":"max-snippet:-1","max-image-preview":"max-image-preview:large","max-video-preview":"max-video-preview:-1"},"canonical":"https:\/\/www.carideal.com\/blog\/2015\/01\/21\/audi-q7-2015\/","og_locale":"fr_FR","og_type":"article","og_title":"Audi Q7 2015 - Blog auto Carid\u00e9al","og_description":"Audi Q7 2015 : en mai \u00e0 partir de 65000 \u20ac L'Audi Q7 2015 sera commercialis\u00e9 en Mai et ses tarif d\u00e9buteront \u00e0 partir de 65000 \u20ac et sera plus l\u00e9ger et plus v\u00e9loce. 9 ans apr\u00e8s sa sorti, il utilise massivement l'aluminium dans son ch\u00e2ssis et ses \u00e9l\u00e9ments de carrosserie afin de perdre, ce ... Lire plus","og_url":"https:\/\/www.carideal.com\/blog\/2015\/01\/21\/audi-q7-2015\/","og_site_name":"Blog auto Carid\u00e9al","article_publisher":"https:\/\/www.facebook.com\/Carideal.mandataire.automobile","article_author":"https:\/\/www.facebook.com\/nicolas.schiavon.39","article_published_time":"2015-01-21T12:15:03+00:00","article_modified_time":"2016-12-08T17:25:47+00:00","og_image":[{"url":"http:\/\/www.carideal.com\/blog\/wp-content\/uploads\/2015\/01\/Audi-Q7-2015-carideal-mandataire-automobile-300x169.jpg","type":"","width":"","height":""}],"author":"Nicolas SCHIAVON","twitter_card":"summary_large_image","twitter_creator":"@caridealauto","twitter_site":"@caridealauto","twitter_misc":{"\u00c9crit par":"Nicolas SCHIAVON","Dur\u00e9e de lecture estim\u00e9e":"1 minute"},"schema":{"@context":"https:\/\/schema.org","@graph":[{"@type":"Article","@id":"https:\/\/www.carideal.com\/blog\/2015\/01\/21\/audi-q7-2015\/#article","isPartOf":{"@id":"https:\/\/www.carideal.com\/blog\/2015\/01\/21\/audi-q7-2015\/"},"author":{"name":"Nicolas SCHIAVON","@id":"https:\/\/www.carideal.com\/blog\/#\/schema\/person\/cd95dc7919660de90d31b366f85be1ec"},"headline":"Audi Q7 2015","datePublished":"2015-01-21T12:15:03+00:00","dateModified":"2016-12-08T17:25:47+00:00","mainEntityOfPage":{"@id":"https:\/\/www.carideal.com\/blog\/2015\/01\/21\/audi-q7-2015\/"},"wordCount":170,"commentCount":0,"publisher":{"@id":"https:\/\/www.carideal.com\/blog\/#organization"},"image":{"@id":"https:\/\/www.carideal.com\/blog\/2015\/01\/21\/audi-q7-2015\/#primaryimage"},"thumbnailUrl":"http:\/\/www.carideal.com\/blog\/wp-content\/uploads\/2015\/01\/Audi-Q7-2015-carideal-mandataire-automobile-300x169.jpg","keywords":["CO2 \u00e9mission de CO2"],"articleSection":["4X4 Actualit\u00e9","Actualit\u00e9 Audi","Actualit\u00e9 automobile","Actualit\u00e9 Constructeur automobile","Type de v\u00e9hicule"],"inLanguage":"fr-FR","potentialAction":[{"@type":"CommentAction","name":"Comment","target":["https:\/\/www.carideal.com\/blog\/2015\/01\/21\/audi-q7-2015\/#respond"]}]},{"@type":"WebPage","@id":"https:\/\/www.carideal.com\/blog\/2015\/01\/21\/audi-q7-2015\/","url":"https:\/\/www.carideal.com\/blog\/2015\/01\/21\/audi-q7-2015\/","name":"Audi Q7 2015 - Blog auto Carid\u00e9al","isPartOf":{"@id":"https:\/\/www.carideal.com\/blog\/#website"},"primaryImageOfPage":{"@id":"https:\/\/www.carideal.com\/blog\/2015\/01\/21\/audi-q7-2015\/#primaryimage"},"image":{"@id":"https:\/\/www.carideal.com\/blog\/2015\/01\/21\/audi-q7-2015\/#primaryimage"},"thumbnailUrl":"http:\/\/www.carideal.com\/blog\/wp-content\/uploads\/2015\/01\/Audi-Q7-2015-carideal-mandataire-automobile-300x169.jpg","datePublished":"2015-01-21T12:15:03+00:00","dateModified":"2016-12-08T17:25:47+00:00","breadcrumb":{"@id":"https:\/\/www.carideal.com\/blog\/2015\/01\/21\/audi-q7-2015\/#breadcrumb"},"inLanguage":"fr-FR","potentialAction":[{"@type":"ReadAction","target":["https:\/\/www.carideal.com\/blog\/2015\/01\/21\/audi-q7-2015\/"]}]},{"@type":"ImageObject","inLanguage":"fr-FR","@id":"https:\/\/www.carideal.com\/blog\/2015\/01\/21\/audi-q7-2015\/#primaryimage","url":"http:\/\/www.carideal.com\/blog\/wp-content\/uploads\/2015\/01\/Audi-Q7-2015-carideal-mandataire-automobile-300x169.jpg","contentUrl":"http:\/\/www.carideal.com\/blog\/wp-content\/uploads\/2015\/01\/Audi-Q7-2015-carideal-mandataire-automobile-300x169.jpg"},{"@type":"BreadcrumbList","@id":"https:\/\/www.carideal.com\/blog\/2015\/01\/21\/audi-q7-2015\/#breadcrumb","itemListElement":[{"@type":"ListItem","position":1,"name":"Blog Carid\u00e9al","item":"https:\/\/www.carideal.com\/blog\/"},{"@type":"ListItem","position":2,"name":"Actualit\u00e9 automobile","item":"https:\/\/www.carideal.com\/blog\/actualites-auto\/"},{"@type":"ListItem","position":3,"name":"Audi Q7 2015"}]},{"@type":"WebSite","@id":"https:\/\/www.carideal.com\/blog\/#website","url":"https:\/\/www.carideal.com\/blog\/","name":"Blog auto Carid\u00e9al","description":"Actualit\u00e9 auto par des passionn\u00e9s","publisher":{"@id":"https:\/\/www.carideal.com\/blog\/#organization"},"potentialAction":[{"@type":"SearchAction","target":{"@type":"EntryPoint","urlTemplate":"https:\/\/www.carideal.com\/blog\/?s={search_term_string}"},"query-input":{"@type":"PropertyValueSpecification","valueRequired":true,"valueName":"search_term_string"}}],"inLanguage":"fr-FR"},{"@type":"Organization","@id":"https:\/\/www.carideal.com\/blog\/#organization","name":"Carideal","url":"https:\/\/www.carideal.com\/blog\/","logo":{"@type":"ImageObject","inLanguage":"fr-FR","@id":"https:\/\/www.carideal.com\/blog\/#\/schema\/logo\/image\/","url":"http:\/\/www.carideal.com\/blog\/wp-content\/uploads\/2016\/03\/logo-carideal-mandataire-automobile.png","contentUrl":"http:\/\/www.carideal.com\/blog\/wp-content\/uploads\/2016\/03\/logo-carideal-mandataire-automobile.png","width":300,"height":300,"caption":"Carideal"},"image":{"@id":"https:\/\/www.carideal.com\/blog\/#\/schema\/logo\/image\/"},"sameAs":["https:\/\/www.facebook.com\/Carideal.mandataire.automobile","https:\/\/x.com\/caridealauto","https:\/\/www.instagram.com\/carideal1\/","https:\/\/www.linkedin.com\/company\/carideal.com","https:\/\/fr.pinterest.com\/schiavonsas\/","https:\/\/www.youtube.com\/user\/caridealsas"]},{"@type":"Person","@id":"https:\/\/www.carideal.com\/blog\/#\/schema\/person\/cd95dc7919660de90d31b366f85be1ec","name":"Nicolas SCHIAVON","image":{"@type":"ImageObject","inLanguage":"fr-FR","@id":"https:\/\/www.carideal.com\/blog\/#\/schema\/person\/image\/","url":"https:\/\/secure.gravatar.com\/avatar\/c17e55009e671d92cc7f5dc837dc418a?s=96&r=g","contentUrl":"https:\/\/secure.gravatar.com\/avatar\/c17e55009e671d92cc7f5dc837dc418a?s=96&r=g","caption":"Nicolas SCHIAVON"},"description":"Nicolas Schiavon est tomb\u00e9 tout petit dans la marmite automobile. Ayant eu un garage de marque automobile, mandataire automobile de la premi\u00e8re heure d\u00e8s 1999. Nicolas a cr\u00e9\u00e9 ces premiers sites de vente de voiture et blog automobile d\u00e8s 1994. Carideal est n\u00e9 le 15 d\u00e9cembre 2000 de la volont\u00e9 de vendre des voitures d'occasions en ligne puis des voitures neuves. Il a pu essayer beaucoup de voitures tr\u00e8s diff\u00e9rentes et ayant eu personnellement quelques belles autos, Subaru Impreza, Mitsubishi Lancer Evo 7, Porsche 911, Ferrari Testarrossa, Audi RS3, RS4 et j'en passe...","sameAs":["http:\/\/www.carideal.com","https:\/\/www.facebook.com\/nicolas.schiavon.39","https:\/\/www.instagram.com\/carideal1\/","https:\/\/www.linkedin.com\/in\/nschiavon\/","https:\/\/x.com\/caridealauto","https:\/\/www.youtube.com\/user\/caridealsas\/"],"url":"https:\/\/www.carideal.com\/blog\/author\/nschiavon\/"}]}},"uagb_featured_image_src":{"full":false,"thumbnail":false,"medium":false,"medium_large":false,"large":false,"1536x1536":false,"2048x2048":false,"wppr-widget":false},"uagb_author_info":{"display_name":"Nicolas SCHIAVON","author_link":"https:\/\/www.carideal.com\/blog\/author\/nschiavon\/"},"uagb_comment_info":0,"uagb_excerpt":"Audi Q7 2015 : en mai \u00e0 partir de 65000 \u20ac L'Audi Q7 2015 sera commercialis\u00e9 en Mai et ses tarif d\u00e9buteront \u00e0 partir de 65000 \u20ac et sera plus l\u00e9ger et plus v\u00e9loce. 9 ans apr\u00e8s sa sorti, il utilise massivement l'aluminium dans son ch\u00e2ssis et ses \u00e9l\u00e9ments de carrosserie afin de perdre, ce\u2026","_links":{"self":[{"href":"https:\/\/www.carideal.com\/blog\/wp-json\/wp\/v2\/posts\/4190"}],"collection":[{"href":"https:\/\/www.carideal.com\/blog\/wp-json\/wp\/v2\/posts"}],"about":[{"href":"https:\/\/www.carideal.com\/blog\/wp-json\/wp\/v2\/types\/post"}],"author":[{"embeddable":true,"href":"https:\/\/www.carideal.com\/blog\/wp-json\/wp\/v2\/users\/3"}],"replies":[{"embeddable":true,"href":"https:\/\/www.carideal.com\/blog\/wp-json\/wp\/v2\/comments?post=4190"}],"version-history":[{"count":0,"href":"https:\/\/www.carideal.com\/blog\/wp-json\/wp\/v2\/posts\/4190\/revisions"}],"wp:attachment":[{"href":"https:\/\/www.carideal.com\/blog\/wp-json\/wp\/v2\/media?parent=4190"}],"wp:term":[{"taxonomy":"category","embeddable":true,"href":"https:\/\/www.carideal.com\/blog\/wp-json\/wp\/v2\/categories?post=4190"},{"taxonomy":"post_tag","embeddable":true,"href":"https:\/\/www.carideal.com\/blog\/wp-json\/wp\/v2\/tags?post=4190"}],"curies":[{"name":"wp","href":"https:\/\/api.w.org\/{rel}","templated":true}]}}