{"id":385,"date":"2008-12-20T14:34:12","date_gmt":"2008-12-20T14:34:12","guid":{"rendered":"http:\/\/carideal.com\/blog\/?p=385"},"modified":"2020-06-13T17:38:40","modified_gmt":"2020-06-13T15:38:40","slug":"carideal-present-dans-micro-hebdo-hors-serie-47","status":"publish","type":"post","link":"https:\/\/www.carideal.com\/blog\/2008\/12\/20\/carideal-present-dans-micro-hebdo-hors-serie-47\/","title":{"rendered":"Carideal pr\u00e9sent dans Micro hebdo hors s\u00e9rie 47"},"content":{"rendered":"\n<h2 class=\"wp-block-heading\">Carideal pr\u00e9sent dans le hors s\u00e9rie 47 de micro Hebdo<\/h2>\n\n\n\n<p class=\"has-medium-font-size\"><strong>Carideal<\/strong> se retrouve dans la page 19 en haut \u00e0 droite dans le HORS-SERIE <a href=\"https:\/\/fr.shopping.rakuten.com\/nav\/Livres_Revues\/f2\/Micro+hebdo?pa=4\">num\u00e9ro 47<\/a> du <strong>Micro Hebdo<\/strong> sur les 560 meilleurs sites fran\u00e7ais. Ce num\u00e9ro regroupe les <strong>560 meilleurs sites de l\u2019ann\u00e9e 2008\u00a0! <\/strong><\/p>\n\n\n\n<div class=\"wp-block-image\"><figure class=\"aligncenter size-large\"><img loading=\"lazy\" decoding=\"async\" width=\"327\" height=\"448\" src=\"http:\/\/www.carideal.com\/blog\/wp-content\/uploads\/2008\/12\/micro-hebdo_carideal.jpg\" alt=\"Carideal pr\u00e9sent dans Micro hebdo hors s\u00e9rie 47\" class=\"wp-image-25535\" srcset=\"https:\/\/www.carideal.com\/blog\/wp-content\/uploads\/2008\/12\/micro-hebdo_carideal.jpg 327w, https:\/\/www.carideal.com\/blog\/wp-content\/uploads\/2008\/12\/micro-hebdo_carideal-219x300.jpg 219w, https:\/\/www.carideal.com\/blog\/wp-content\/uploads\/2008\/12\/micro-hebdo_carideal-36x50.jpg 36w, https:\/\/www.carideal.com\/blog\/wp-content\/uploads\/2008\/12\/micro-hebdo_carideal-80x110.jpg 80w, https:\/\/www.carideal.com\/blog\/wp-content\/uploads\/2008\/12\/micro-hebdo_carideal-307x420.jpg 307w, https:\/\/www.carideal.com\/blog\/wp-content\/uploads\/2008\/12\/micro-hebdo_carideal-314x430.jpg 314w\" sizes=\"(max-width: 327px) 100vw, 327px\" \/><figcaption>Carideal pr\u00e9sent dans Micro hebdo hors s\u00e9rie 47<\/figcaption><\/figure><\/div>\n\n\n\n<p>Voil\u00e0 qui r\u00e9compense le travaille de Carideal. Micro Hebdo note le site <a href=\"http:\/\/www.carideal.com\/\">www.carideal.com<\/a> avec la mention Bien, il salut son ergonomie et certaines de nos facilit\u00e9s. Ce matin nous avons re\u00e7u un coup de t\u00e9l\u00e9phone de f\u00e9licitation pour notre classement dans l'hebdomadaire. R\u00e9guli\u00e8rement Micro hebdo publie le classement des meilleurs sites internet.<\/p>\n\n\n\n<p>Apr\u00e8s le <a href=\"http:\/\/www.carideal.com\/blog\/2009\/01\/07\/carideal-une-fois-encore-cite-par-le-magazine-argus\/\">magazine de l'Argus<\/a>, c'est au tour de Micro-Hebdo de faire l'\u00e9loge du <a href=\"http:\/\/www.carideal.com\/\">mandataire auto<\/a> Carideal.<\/p>\n\n\n\n<h2 class=\"wp-block-heading\">Micro Hebdo classe carideal comme l'un des dix sites incontournables.<\/h2>\n\n\n\n<div class=\"wp-block-image\"><figure class=\"alignleft size-full\"><img loading=\"lazy\" decoding=\"async\" width=\"254\" height=\"480\" src=\"http:\/\/www.carideal.com\/blog\/wp-content\/uploads\/2020\/06\/micro-hebdo-carideal.jpg\" alt=\"Micro Hebdo recommande Carideal\" class=\"wp-image-25536\" srcset=\"https:\/\/www.carideal.com\/blog\/wp-content\/uploads\/2020\/06\/micro-hebdo-carideal.jpg 254w, https:\/\/www.carideal.com\/blog\/wp-content\/uploads\/2020\/06\/micro-hebdo-carideal-159x300.jpg 159w, https:\/\/www.carideal.com\/blog\/wp-content\/uploads\/2020\/06\/micro-hebdo-carideal-26x50.jpg 26w, https:\/\/www.carideal.com\/blog\/wp-content\/uploads\/2020\/06\/micro-hebdo-carideal-58x110.jpg 58w, https:\/\/www.carideal.com\/blog\/wp-content\/uploads\/2020\/06\/micro-hebdo-carideal-222x420.jpg 222w, https:\/\/www.carideal.com\/blog\/wp-content\/uploads\/2020\/06\/micro-hebdo-carideal-228x430.jpg 228w\" sizes=\"(max-width: 254px) 100vw, 254px\" \/><figcaption>Micro Hebdo recommande Carideal<\/figcaption><\/figure><\/div>\n\n\n\n<p>Carideal est un de ces sites qui vendent des voitures provenant d'autres pays de l'Union europ\u00e9enne \u00e0 des prix inf\u00e9rieurs \u00e0 ceux des concessionnaires classiques. Cette troisi\u00e8me version du site met \u00e0 la disposition des acheteurs un moteur de recherche d\u00e9taill\u00e9. Celui-ci comporte de nombreux crit\u00e8res, comme la marque, le mod\u00e8le, le carburant, le prix et la puissance.<\/p>\n\n\n\n<p>On peut dialoguer par t\u00e9l\u00e9phone avec des conseillers depuis le site via Skype.<\/p>\n\n\n\n<p>La livraison dans l'un des points de vente est gratuite, mais il en existe peu en France. Carideal propose une rubrique de petites annonces, o\u00f9 les particuliers peuvent acheter ou vendre leur v\u00e9hicule.<br><strong>Micro Hebdo nous a donn\u00e9 la mention bien !<\/strong><\/p>\n\n\n\n<p>Cela nous fait d'autant plus plaisir, que nous nous y attendions pas du tout premi\u00e8rement. Et deuxi\u00e8mement, le magazine n'est pas un sp\u00e9cialiste de l'automobile, mais d'internet et de l'informatique. C'est donc une cons\u00e9cration digitale que nous recevons l\u00e0.<\/p>\n\n\n\n<p>Ceci prouve que notre vision digitale de la <a href=\"http:\/\/www.carideal.com\/blog\/meilleur-site-pour-vendre-voiture\/\">vente de voiture sur internet<\/a> est la bonne : nous sommes jug\u00e9s par des sp\u00e9cialistes.<\/p>\n","protected":false},"excerpt":{"rendered":"<p>Carideal pr\u00e9sent dans le hors s\u00e9rie 47 de micro Hebdo Carideal se retrouve dans la page 19 en haut \u00e0 droite dans le HORS-SERIE num\u00e9ro 47 du Micro Hebdo sur les 560 meilleurs sites fran\u00e7ais. Ce num\u00e9ro regroupe les 560 meilleurs sites de l\u2019ann\u00e9e 2008\u00a0! Voil\u00e0 qui r\u00e9compense le travaille de Carideal. Micro Hebdo note &#8230; <a title=\"Carideal pr\u00e9sent dans Micro hebdo hors s\u00e9rie 47\" class=\"read-more\" href=\"https:\/\/www.carideal.com\/blog\/2008\/12\/20\/carideal-present-dans-micro-hebdo-hors-serie-47\/\" aria-label=\"En savoir plus sur Carideal pr\u00e9sent dans Micro hebdo hors s\u00e9rie 47\">Lire plus<\/a><\/p>\n","protected":false},"author":1,"featured_media":25535,"comment_status":"open","ping_status":"closed","sticky":false,"template":"","format":"standard","meta":{"_uag_custom_page_level_css":"","_themeisle_gutenberg_block_has_review":false,"footnotes":""},"categories":[9],"tags":[5813],"class_list":["post-385","post","type-post","status-publish","format-standard","has-post-thumbnail","hentry","category-divers","tag-meilleur-site"],"wppr_data":{"cwp_meta_box_check":"No"},"yoast_head":"<!-- This site is optimized with the Yoast SEO plugin v24.8.1 - https:\/\/yoast.com\/wordpress\/plugins\/seo\/ -->\n<title>Carideal pr\u00e9sent dans Micro hebdo hors s\u00e9rie 47 - Blog auto Carid\u00e9al<\/title>\n<meta name=\"description\" content=\"Carideal se retrouve dans la page 19 en haut \u00e0 droite dans le HORS-SERIE num\u00e9ro 47 du Micro Hebdo sur les 560 meilleurs sites fran\u00e7ais. Ce num\u00e9ro regroupe les 560 meilleurs sites de l\u2019ann\u00e9e 2008 !\" \/>\n<meta name=\"robots\" content=\"index, follow, max-snippet:-1, max-image-preview:large, max-video-preview:-1\" \/>\n<link rel=\"canonical\" href=\"https:\/\/www.carideal.com\/blog\/2008\/12\/20\/carideal-present-dans-micro-hebdo-hors-serie-47\/\" \/>\n<meta property=\"og:locale\" content=\"fr_FR\" \/>\n<meta property=\"og:type\" content=\"article\" \/>\n<meta property=\"og:title\" content=\"Carideal pr\u00e9sent dans Micro hebdo hors s\u00e9rie 47 - Blog auto Carid\u00e9al\" \/>\n<meta property=\"og:description\" content=\"Carideal se retrouve dans la page 19 en haut \u00e0 droite dans le HORS-SERIE num\u00e9ro 47 du Micro Hebdo sur les 560 meilleurs sites fran\u00e7ais. Ce num\u00e9ro regroupe les 560 meilleurs sites de l\u2019ann\u00e9e 2008 !\" \/>\n<meta property=\"og:url\" content=\"https:\/\/www.carideal.com\/blog\/2008\/12\/20\/carideal-present-dans-micro-hebdo-hors-serie-47\/\" \/>\n<meta property=\"og:site_name\" content=\"Blog auto Carid\u00e9al\" \/>\n<meta property=\"article:publisher\" content=\"https:\/\/www.facebook.com\/Carideal.mandataire.automobile\" \/>\n<meta property=\"article:author\" content=\"https:\/\/www.facebook.com\/Carideal.mandataire.automobile\/\" \/>\n<meta property=\"article:published_time\" content=\"2008-12-20T14:34:12+00:00\" \/>\n<meta property=\"article:modified_time\" content=\"2020-06-13T15:38:40+00:00\" \/>\n<meta property=\"og:image\" content=\"https:\/\/www.carideal.com\/blog\/wp-content\/uploads\/2008\/12\/micro-hebdo_carideal.jpg\" \/>\n\t<meta property=\"og:image:width\" content=\"327\" \/>\n\t<meta property=\"og:image:height\" content=\"448\" \/>\n\t<meta property=\"og:image:type\" content=\"image\/jpeg\" \/>\n<meta name=\"author\" content=\"N.S Carideal\" \/>\n<meta name=\"twitter:card\" content=\"summary_large_image\" \/>\n<meta name=\"twitter:creator\" content=\"@caridealauto\" \/>\n<meta name=\"twitter:site\" content=\"@caridealauto\" \/>\n<meta name=\"twitter:label1\" content=\"\u00c9crit par\" \/>\n\t<meta name=\"twitter:data1\" content=\"N.S Carideal\" \/>\n\t<meta name=\"twitter:label2\" content=\"Dur\u00e9e de lecture estim\u00e9e\" \/>\n\t<meta name=\"twitter:data2\" content=\"2 minutes\" \/>\n<script type=\"application\/ld+json\" class=\"yoast-schema-graph\">{\"@context\":\"https:\/\/schema.org\",\"@graph\":[{\"@type\":\"Article\",\"@id\":\"https:\/\/www.carideal.com\/blog\/2008\/12\/20\/carideal-present-dans-micro-hebdo-hors-serie-47\/#article\",\"isPartOf\":{\"@id\":\"https:\/\/www.carideal.com\/blog\/2008\/12\/20\/carideal-present-dans-micro-hebdo-hors-serie-47\/\"},\"author\":{\"name\":\"N.S Carideal\",\"@id\":\"https:\/\/www.carideal.com\/blog\/#\/schema\/person\/985c7e757d1042d647f21bfaf8d41ebc\"},\"headline\":\"Carideal pr\u00e9sent dans Micro hebdo hors s\u00e9rie 47\",\"datePublished\":\"2008-12-20T14:34:12+00:00\",\"dateModified\":\"2020-06-13T15:38:40+00:00\",\"mainEntityOfPage\":{\"@id\":\"https:\/\/www.carideal.com\/blog\/2008\/12\/20\/carideal-present-dans-micro-hebdo-hors-serie-47\/\"},\"wordCount\":343,\"commentCount\":0,\"publisher\":{\"@id\":\"https:\/\/www.carideal.com\/blog\/#organization\"},\"image\":{\"@id\":\"https:\/\/www.carideal.com\/blog\/2008\/12\/20\/carideal-present-dans-micro-hebdo-hors-serie-47\/#primaryimage\"},\"thumbnailUrl\":\"https:\/\/www.carideal.com\/blog\/wp-content\/uploads\/2008\/12\/micro-hebdo_carideal.jpg\",\"keywords\":[\"Meilleur SUV\"],\"articleSection\":[\"Divers\"],\"inLanguage\":\"fr-FR\",\"potentialAction\":[{\"@type\":\"CommentAction\",\"name\":\"Comment\",\"target\":[\"https:\/\/www.carideal.com\/blog\/2008\/12\/20\/carideal-present-dans-micro-hebdo-hors-serie-47\/#respond\"]}]},{\"@type\":\"WebPage\",\"@id\":\"https:\/\/www.carideal.com\/blog\/2008\/12\/20\/carideal-present-dans-micro-hebdo-hors-serie-47\/\",\"url\":\"https:\/\/www.carideal.com\/blog\/2008\/12\/20\/carideal-present-dans-micro-hebdo-hors-serie-47\/\",\"name\":\"Carideal pr\u00e9sent dans Micro hebdo hors s\u00e9rie 47 - Blog auto Carid\u00e9al\",\"isPartOf\":{\"@id\":\"https:\/\/www.carideal.com\/blog\/#website\"},\"primaryImageOfPage\":{\"@id\":\"https:\/\/www.carideal.com\/blog\/2008\/12\/20\/carideal-present-dans-micro-hebdo-hors-serie-47\/#primaryimage\"},\"image\":{\"@id\":\"https:\/\/www.carideal.com\/blog\/2008\/12\/20\/carideal-present-dans-micro-hebdo-hors-serie-47\/#primaryimage\"},\"thumbnailUrl\":\"https:\/\/www.carideal.com\/blog\/wp-content\/uploads\/2008\/12\/micro-hebdo_carideal.jpg\",\"datePublished\":\"2008-12-20T14:34:12+00:00\",\"dateModified\":\"2020-06-13T15:38:40+00:00\",\"description\":\"Carideal se retrouve dans la page 19 en haut \u00e0 droite dans le HORS-SERIE num\u00e9ro 47 du Micro Hebdo sur les 560 meilleurs sites fran\u00e7ais. Ce num\u00e9ro regroupe les 560 meilleurs sites de l\u2019ann\u00e9e 2008 !\",\"breadcrumb\":{\"@id\":\"https:\/\/www.carideal.com\/blog\/2008\/12\/20\/carideal-present-dans-micro-hebdo-hors-serie-47\/#breadcrumb\"},\"inLanguage\":\"fr-FR\",\"potentialAction\":[{\"@type\":\"ReadAction\",\"target\":[\"https:\/\/www.carideal.com\/blog\/2008\/12\/20\/carideal-present-dans-micro-hebdo-hors-serie-47\/\"]}]},{\"@type\":\"ImageObject\",\"inLanguage\":\"fr-FR\",\"@id\":\"https:\/\/www.carideal.com\/blog\/2008\/12\/20\/carideal-present-dans-micro-hebdo-hors-serie-47\/#primaryimage\",\"url\":\"https:\/\/www.carideal.com\/blog\/wp-content\/uploads\/2008\/12\/micro-hebdo_carideal.jpg\",\"contentUrl\":\"https:\/\/www.carideal.com\/blog\/wp-content\/uploads\/2008\/12\/micro-hebdo_carideal.jpg\",\"width\":327,\"height\":448,\"caption\":\"Carideal pr\u00e9sent dans Micro hebdo hors s\u00e9rie 47\"},{\"@type\":\"BreadcrumbList\",\"@id\":\"https:\/\/www.carideal.com\/blog\/2008\/12\/20\/carideal-present-dans-micro-hebdo-hors-serie-47\/#breadcrumb\",\"itemListElement\":[{\"@type\":\"ListItem\",\"position\":1,\"name\":\"Blog Carid\u00e9al\",\"item\":\"https:\/\/www.carideal.com\/blog\/\"},{\"@type\":\"ListItem\",\"position\":2,\"name\":\"Divers\",\"item\":\"https:\/\/www.carideal.com\/blog\/divers\/\"},{\"@type\":\"ListItem\",\"position\":3,\"name\":\"Carideal pr\u00e9sent dans Micro hebdo hors s\u00e9rie 47\"}]},{\"@type\":\"WebSite\",\"@id\":\"https:\/\/www.carideal.com\/blog\/#website\",\"url\":\"https:\/\/www.carideal.com\/blog\/\",\"name\":\"Blog auto Carid\u00e9al\",\"description\":\"Actualit\u00e9 auto par des passionn\u00e9s\",\"publisher\":{\"@id\":\"https:\/\/www.carideal.com\/blog\/#organization\"},\"potentialAction\":[{\"@type\":\"SearchAction\",\"target\":{\"@type\":\"EntryPoint\",\"urlTemplate\":\"https:\/\/www.carideal.com\/blog\/?s={search_term_string}\"},\"query-input\":{\"@type\":\"PropertyValueSpecification\",\"valueRequired\":true,\"valueName\":\"search_term_string\"}}],\"inLanguage\":\"fr-FR\"},{\"@type\":\"Organization\",\"@id\":\"https:\/\/www.carideal.com\/blog\/#organization\",\"name\":\"Carideal\",\"url\":\"https:\/\/www.carideal.com\/blog\/\",\"logo\":{\"@type\":\"ImageObject\",\"inLanguage\":\"fr-FR\",\"@id\":\"https:\/\/www.carideal.com\/blog\/#\/schema\/logo\/image\/\",\"url\":\"http:\/\/www.carideal.com\/blog\/wp-content\/uploads\/2016\/03\/logo-carideal-mandataire-automobile.png\",\"contentUrl\":\"http:\/\/www.carideal.com\/blog\/wp-content\/uploads\/2016\/03\/logo-carideal-mandataire-automobile.png\",\"width\":300,\"height\":300,\"caption\":\"Carideal\"},\"image\":{\"@id\":\"https:\/\/www.carideal.com\/blog\/#\/schema\/logo\/image\/\"},\"sameAs\":[\"https:\/\/www.facebook.com\/Carideal.mandataire.automobile\",\"https:\/\/x.com\/caridealauto\",\"https:\/\/www.instagram.com\/carideal1\/\",\"https:\/\/www.linkedin.com\/company\/carideal.com\",\"https:\/\/fr.pinterest.com\/schiavonsas\/\",\"https:\/\/www.youtube.com\/user\/caridealsas\"]},{\"@type\":\"Person\",\"@id\":\"https:\/\/www.carideal.com\/blog\/#\/schema\/person\/985c7e757d1042d647f21bfaf8d41ebc\",\"name\":\"N.S Carideal\",\"image\":{\"@type\":\"ImageObject\",\"inLanguage\":\"fr-FR\",\"@id\":\"https:\/\/www.carideal.com\/blog\/#\/schema\/person\/image\/\",\"url\":\"https:\/\/secure.gravatar.com\/avatar\/edb7ccdf1a4e3d14aef967760d354d0e?s=96&r=g\",\"contentUrl\":\"https:\/\/secure.gravatar.com\/avatar\/edb7ccdf1a4e3d14aef967760d354d0e?s=96&r=g\",\"caption\":\"N.S Carideal\"},\"description\":\"Depuis tout petit fan d'automobile. Il est question d'essayer et de comparer toutes ces voitures qui nous ont fait r\u00e9ver, avant que celles-ci ne devient uniquement des voitures de collection.\",\"sameAs\":[\"http:\/\/www.carideal.com\/blog\",\"https:\/\/www.facebook.com\/Carideal.mandataire.automobile\/\",\"https:\/\/www.linkedin.com\/in\/nschiavon\/\",\"https:\/\/www.youtube.com\/user\/caridealsas\/\"],\"url\":\"https:\/\/www.carideal.com\/blog\/author\/admin_carideal\/\"}]}<\/script>\n<!-- \/ Yoast SEO plugin. -->","yoast_head_json":{"title":"Carideal pr\u00e9sent dans Micro hebdo hors s\u00e9rie 47 - Blog auto Carid\u00e9al","description":"Carideal se retrouve dans la page 19 en haut \u00e0 droite dans le HORS-SERIE num\u00e9ro 47 du Micro Hebdo sur les 560 meilleurs sites fran\u00e7ais. Ce num\u00e9ro regroupe les 560 meilleurs sites de l\u2019ann\u00e9e 2008 !","robots":{"index":"index","follow":"follow","max-snippet":"max-snippet:-1","max-image-preview":"max-image-preview:large","max-video-preview":"max-video-preview:-1"},"canonical":"https:\/\/www.carideal.com\/blog\/2008\/12\/20\/carideal-present-dans-micro-hebdo-hors-serie-47\/","og_locale":"fr_FR","og_type":"article","og_title":"Carideal pr\u00e9sent dans Micro hebdo hors s\u00e9rie 47 - Blog auto Carid\u00e9al","og_description":"Carideal se retrouve dans la page 19 en haut \u00e0 droite dans le HORS-SERIE num\u00e9ro 47 du Micro Hebdo sur les 560 meilleurs sites fran\u00e7ais. Ce num\u00e9ro regroupe les 560 meilleurs sites de l\u2019ann\u00e9e 2008 !","og_url":"https:\/\/www.carideal.com\/blog\/2008\/12\/20\/carideal-present-dans-micro-hebdo-hors-serie-47\/","og_site_name":"Blog auto Carid\u00e9al","article_publisher":"https:\/\/www.facebook.com\/Carideal.mandataire.automobile","article_author":"https:\/\/www.facebook.com\/Carideal.mandataire.automobile\/","article_published_time":"2008-12-20T14:34:12+00:00","article_modified_time":"2020-06-13T15:38:40+00:00","og_image":[{"width":327,"height":448,"url":"https:\/\/www.carideal.com\/blog\/wp-content\/uploads\/2008\/12\/micro-hebdo_carideal.jpg","type":"image\/jpeg"}],"author":"N.S Carideal","twitter_card":"summary_large_image","twitter_creator":"@caridealauto","twitter_site":"@caridealauto","twitter_misc":{"\u00c9crit par":"N.S Carideal","Dur\u00e9e de lecture estim\u00e9e":"2 minutes"},"schema":{"@context":"https:\/\/schema.org","@graph":[{"@type":"Article","@id":"https:\/\/www.carideal.com\/blog\/2008\/12\/20\/carideal-present-dans-micro-hebdo-hors-serie-47\/#article","isPartOf":{"@id":"https:\/\/www.carideal.com\/blog\/2008\/12\/20\/carideal-present-dans-micro-hebdo-hors-serie-47\/"},"author":{"name":"N.S Carideal","@id":"https:\/\/www.carideal.com\/blog\/#\/schema\/person\/985c7e757d1042d647f21bfaf8d41ebc"},"headline":"Carideal pr\u00e9sent dans Micro hebdo hors s\u00e9rie 47","datePublished":"2008-12-20T14:34:12+00:00","dateModified":"2020-06-13T15:38:40+00:00","mainEntityOfPage":{"@id":"https:\/\/www.carideal.com\/blog\/2008\/12\/20\/carideal-present-dans-micro-hebdo-hors-serie-47\/"},"wordCount":343,"commentCount":0,"publisher":{"@id":"https:\/\/www.carideal.com\/blog\/#organization"},"image":{"@id":"https:\/\/www.carideal.com\/blog\/2008\/12\/20\/carideal-present-dans-micro-hebdo-hors-serie-47\/#primaryimage"},"thumbnailUrl":"https:\/\/www.carideal.com\/blog\/wp-content\/uploads\/2008\/12\/micro-hebdo_carideal.jpg","keywords":["Meilleur SUV"],"articleSection":["Divers"],"inLanguage":"fr-FR","potentialAction":[{"@type":"CommentAction","name":"Comment","target":["https:\/\/www.carideal.com\/blog\/2008\/12\/20\/carideal-present-dans-micro-hebdo-hors-serie-47\/#respond"]}]},{"@type":"WebPage","@id":"https:\/\/www.carideal.com\/blog\/2008\/12\/20\/carideal-present-dans-micro-hebdo-hors-serie-47\/","url":"https:\/\/www.carideal.com\/blog\/2008\/12\/20\/carideal-present-dans-micro-hebdo-hors-serie-47\/","name":"Carideal pr\u00e9sent dans Micro hebdo hors s\u00e9rie 47 - Blog auto Carid\u00e9al","isPartOf":{"@id":"https:\/\/www.carideal.com\/blog\/#website"},"primaryImageOfPage":{"@id":"https:\/\/www.carideal.com\/blog\/2008\/12\/20\/carideal-present-dans-micro-hebdo-hors-serie-47\/#primaryimage"},"image":{"@id":"https:\/\/www.carideal.com\/blog\/2008\/12\/20\/carideal-present-dans-micro-hebdo-hors-serie-47\/#primaryimage"},"thumbnailUrl":"https:\/\/www.carideal.com\/blog\/wp-content\/uploads\/2008\/12\/micro-hebdo_carideal.jpg","datePublished":"2008-12-20T14:34:12+00:00","dateModified":"2020-06-13T15:38:40+00:00","description":"Carideal se retrouve dans la page 19 en haut \u00e0 droite dans le HORS-SERIE num\u00e9ro 47 du Micro Hebdo sur les 560 meilleurs sites fran\u00e7ais. Ce num\u00e9ro regroupe les 560 meilleurs sites de l\u2019ann\u00e9e 2008 !","breadcrumb":{"@id":"https:\/\/www.carideal.com\/blog\/2008\/12\/20\/carideal-present-dans-micro-hebdo-hors-serie-47\/#breadcrumb"},"inLanguage":"fr-FR","potentialAction":[{"@type":"ReadAction","target":["https:\/\/www.carideal.com\/blog\/2008\/12\/20\/carideal-present-dans-micro-hebdo-hors-serie-47\/"]}]},{"@type":"ImageObject","inLanguage":"fr-FR","@id":"https:\/\/www.carideal.com\/blog\/2008\/12\/20\/carideal-present-dans-micro-hebdo-hors-serie-47\/#primaryimage","url":"https:\/\/www.carideal.com\/blog\/wp-content\/uploads\/2008\/12\/micro-hebdo_carideal.jpg","contentUrl":"https:\/\/www.carideal.com\/blog\/wp-content\/uploads\/2008\/12\/micro-hebdo_carideal.jpg","width":327,"height":448,"caption":"Carideal pr\u00e9sent dans Micro hebdo hors s\u00e9rie 47"},{"@type":"BreadcrumbList","@id":"https:\/\/www.carideal.com\/blog\/2008\/12\/20\/carideal-present-dans-micro-hebdo-hors-serie-47\/#breadcrumb","itemListElement":[{"@type":"ListItem","position":1,"name":"Blog Carid\u00e9al","item":"https:\/\/www.carideal.com\/blog\/"},{"@type":"ListItem","position":2,"name":"Divers","item":"https:\/\/www.carideal.com\/blog\/divers\/"},{"@type":"ListItem","position":3,"name":"Carideal pr\u00e9sent dans Micro hebdo hors s\u00e9rie 47"}]},{"@type":"WebSite","@id":"https:\/\/www.carideal.com\/blog\/#website","url":"https:\/\/www.carideal.com\/blog\/","name":"Blog auto Carid\u00e9al","description":"Actualit\u00e9 auto par des passionn\u00e9s","publisher":{"@id":"https:\/\/www.carideal.com\/blog\/#organization"},"potentialAction":[{"@type":"SearchAction","target":{"@type":"EntryPoint","urlTemplate":"https:\/\/www.carideal.com\/blog\/?s={search_term_string}"},"query-input":{"@type":"PropertyValueSpecification","valueRequired":true,"valueName":"search_term_string"}}],"inLanguage":"fr-FR"},{"@type":"Organization","@id":"https:\/\/www.carideal.com\/blog\/#organization","name":"Carideal","url":"https:\/\/www.carideal.com\/blog\/","logo":{"@type":"ImageObject","inLanguage":"fr-FR","@id":"https:\/\/www.carideal.com\/blog\/#\/schema\/logo\/image\/","url":"http:\/\/www.carideal.com\/blog\/wp-content\/uploads\/2016\/03\/logo-carideal-mandataire-automobile.png","contentUrl":"http:\/\/www.carideal.com\/blog\/wp-content\/uploads\/2016\/03\/logo-carideal-mandataire-automobile.png","width":300,"height":300,"caption":"Carideal"},"image":{"@id":"https:\/\/www.carideal.com\/blog\/#\/schema\/logo\/image\/"},"sameAs":["https:\/\/www.facebook.com\/Carideal.mandataire.automobile","https:\/\/x.com\/caridealauto","https:\/\/www.instagram.com\/carideal1\/","https:\/\/www.linkedin.com\/company\/carideal.com","https:\/\/fr.pinterest.com\/schiavonsas\/","https:\/\/www.youtube.com\/user\/caridealsas"]},{"@type":"Person","@id":"https:\/\/www.carideal.com\/blog\/#\/schema\/person\/985c7e757d1042d647f21bfaf8d41ebc","name":"N.S Carideal","image":{"@type":"ImageObject","inLanguage":"fr-FR","@id":"https:\/\/www.carideal.com\/blog\/#\/schema\/person\/image\/","url":"https:\/\/secure.gravatar.com\/avatar\/edb7ccdf1a4e3d14aef967760d354d0e?s=96&r=g","contentUrl":"https:\/\/secure.gravatar.com\/avatar\/edb7ccdf1a4e3d14aef967760d354d0e?s=96&r=g","caption":"N.S Carideal"},"description":"Depuis tout petit fan d'automobile. Il est question d'essayer et de comparer toutes ces voitures qui nous ont fait r\u00e9ver, avant que celles-ci ne devient uniquement des voitures de collection.","sameAs":["http:\/\/www.carideal.com\/blog","https:\/\/www.facebook.com\/Carideal.mandataire.automobile\/","https:\/\/www.linkedin.com\/in\/nschiavon\/","https:\/\/www.youtube.com\/user\/caridealsas\/"],"url":"https:\/\/www.carideal.com\/blog\/author\/admin_carideal\/"}]}},"uagb_featured_image_src":{"full":["https:\/\/www.carideal.com\/blog\/wp-content\/uploads\/2008\/12\/micro-hebdo_carideal.jpg",327,448,false],"thumbnail":["https:\/\/www.carideal.com\/blog\/wp-content\/uploads\/2008\/12\/micro-hebdo_carideal-150x150.jpg",150,150,true],"medium":["https:\/\/www.carideal.com\/blog\/wp-content\/uploads\/2008\/12\/micro-hebdo_carideal-219x300.jpg",219,300,true],"medium_large":["https:\/\/www.carideal.com\/blog\/wp-content\/uploads\/2008\/12\/micro-hebdo_carideal.jpg",327,448,false],"large":["https:\/\/www.carideal.com\/blog\/wp-content\/uploads\/2008\/12\/micro-hebdo_carideal.jpg",327,448,false],"1536x1536":["https:\/\/www.carideal.com\/blog\/wp-content\/uploads\/2008\/12\/micro-hebdo_carideal.jpg",327,448,false],"2048x2048":["https:\/\/www.carideal.com\/blog\/wp-content\/uploads\/2008\/12\/micro-hebdo_carideal.jpg",327,448,false],"wppr-widget":["https:\/\/www.carideal.com\/blog\/wp-content\/uploads\/2008\/12\/micro-hebdo_carideal-36x50.jpg",36,50,true]},"uagb_author_info":{"display_name":"N.S Carideal","author_link":"https:\/\/www.carideal.com\/blog\/author\/admin_carideal\/"},"uagb_comment_info":1,"uagb_excerpt":"Carideal pr\u00e9sent dans le hors s\u00e9rie 47 de micro Hebdo Carideal se retrouve dans la page 19 en haut \u00e0 droite dans le HORS-SERIE num\u00e9ro 47 du Micro Hebdo sur les 560 meilleurs sites fran\u00e7ais. Ce num\u00e9ro regroupe les 560 meilleurs sites de l\u2019ann\u00e9e 2008\u00a0! Voil\u00e0 qui r\u00e9compense le travaille de Carideal. Micro Hebdo note\u2026","_links":{"self":[{"href":"https:\/\/www.carideal.com\/blog\/wp-json\/wp\/v2\/posts\/385"}],"collection":[{"href":"https:\/\/www.carideal.com\/blog\/wp-json\/wp\/v2\/posts"}],"about":[{"href":"https:\/\/www.carideal.com\/blog\/wp-json\/wp\/v2\/types\/post"}],"author":[{"embeddable":true,"href":"https:\/\/www.carideal.com\/blog\/wp-json\/wp\/v2\/users\/1"}],"replies":[{"embeddable":true,"href":"https:\/\/www.carideal.com\/blog\/wp-json\/wp\/v2\/comments?post=385"}],"version-history":[{"count":0,"href":"https:\/\/www.carideal.com\/blog\/wp-json\/wp\/v2\/posts\/385\/revisions"}],"wp:featuredmedia":[{"embeddable":true,"href":"https:\/\/www.carideal.com\/blog\/wp-json\/wp\/v2\/media\/25535"}],"wp:attachment":[{"href":"https:\/\/www.carideal.com\/blog\/wp-json\/wp\/v2\/media?parent=385"}],"wp:term":[{"taxonomy":"category","embeddable":true,"href":"https:\/\/www.carideal.com\/blog\/wp-json\/wp\/v2\/categories?post=385"},{"taxonomy":"post_tag","embeddable":true,"href":"https:\/\/www.carideal.com\/blog\/wp-json\/wp\/v2\/tags?post=385"}],"curies":[{"name":"wp","href":"https:\/\/api.w.org\/{rel}","templated":true}]}}