{"id":3822,"date":"2014-11-18T14:30:00","date_gmt":"2014-11-18T14:30:00","guid":{"rendered":"http:\/\/carideal.com\/blog\/?p=3822"},"modified":"2016-06-26T13:06:53","modified_gmt":"2016-06-26T11:06:53","slug":"mercedes-parle-de-quitter-le-championnat-de-formule-1","status":"publish","type":"post","link":"https:\/\/www.carideal.com\/blog\/2014\/11\/18\/mercedes-parle-de-quitter-le-championnat-de-formule-1\/","title":{"rendered":"Mercedes parle de quitter la Formule 1"},"content":{"rendered":"<p><img decoding=\"async\" title=\"Moteur Mercedes AMG V6 1.6 Turbo hybrid, nov. 2014\" src=\"\/blog\/public\/.mercedes-benz-AMG-1.6-litre-turbo-v6-moteur-f1-carideal_m.jpg\" alt=\"Moteur Mercedes AMG V6 1.6 Turbo hybrid\" \/><\/p>\n<h1>Mercedes parle de Quitter le Championnat de Formule 1<\/h1>\n<h2>Mercedes menace de quitter la F1 si il y a abandon des moteur V6 1.6 Turbo Hybrid<\/h2>\n<p>Les \u00c9quipes de Formule 1 et les fans de tous bords en conviennent\u00a0: Ces sons en sourdine des nouvelles Formule 1, des moteurs hybrides turbo adopt\u00e9es cette ann\u00e9e, tout \u00e0 fait insatisfaisant doivent \u00eatre remplac\u00e9s. Mais Mercedes n'est pas d'accord avec le peuple LOL.<\/p>\n<p>Niki Lauda, pr\u00e9sident de Mercedes-AMG Petronas et ancien champion de F1 a d\u00e9clar\u00e9 \u00e0 Global Motorsport m\u00e9dias que: \u00abSi les moteurs V-8 revienent, Mercedes sortira du championnat.\" Lauda faisait r\u00e9f\u00e9rence \u00e0 la possibilit\u00e9 toujours plus \u00e9vidente que les r\u00e8gles de la F1 pourraient remplacer le complexe moteurs V-6 turbo de 1,6 litre et de ses moteurs \u00e9lectriques que la <a href=\"\/blog\/index.php?tag\/FIA\">FIA<\/a> avait rendu obligatoire pour la saison 2014. Son PDG F1 Bernie Ecclestone a d\u00e9clar\u00e9 la semaine derni\u00e8re que \"nous devons changer les r\u00e8gles et nous devons essayer de nous d\u00e9barrasser de ces moteurs (V-6).\" !!!<\/p>\n<p>Il n'y a aucune motivation pour Mercedes-AMG Petronas pour revenir en arri\u00e8re, la Fl\u00e8che d'Argent a remport\u00e9 tous remport\u00e9 cette ann\u00e9e sauf trois des 18 courses courues cette saison, avec la derni\u00e8re course de l'ann\u00e9e \u00e0 Abu Dhabi le 23 Novembre. Le mois dernier, l'\u00e9quipe a remport\u00e9 pour la premi\u00e8re fois le championnat constructeur et m\u00eame raill\u00e9 Ferrari devant le si\u00e8ge de Maranello de l'\u00e9quipe italienne. Mercedes \u00e9quipe m\u00eame en moteur trois autres \u00e9quipes de F1, y compris McLaren, Williams et Force India et Mercedes aimerait beaucoup voir ces contrats se poursuivent afin de rembourser ses d\u00e9penses de R&amp;D.<\/p>\n<p>La saison en cours a tu\u00e9 les V-8 2,4 litres \u00e0 aspiration naturelle qui avait \u00e9t\u00e9 en place depuis 2006. Ces moteurs tournent \u00e0 18 000 tours par minute et d\u00e9veloppent 750 chevaux ou plus sur de court instants gr\u00e2ce au syst\u00e8me KERS. Ils auraient \u00e9t\u00e9 moins cher \u00e0 d\u00e9velopper, aussi, ce qui est pourquoi les \u00e9quipes \u00e0 petit budget comme Caterham n'aiment pas les nouveaux moteurs, qui peuvent faire seulement 600 chevaux et avoir deux moteurs \u00e9lectriques de pointe qui peuvent augmenter la puissance \u00e0 environ 760 pour 33 secondes \u00e0 chaque tour.<\/p>\n<p>M\u00eame Ferrari, face \u00e0 des mauvais r\u00e9sultats, a exprim\u00e9 la possibilit\u00e9 en Juin qu'il pourrait quitter la F1 pour les courses de voitures de sport parce que \"personne ne regarde la course de F1 pour son rendement, il faut en convenir.\" Renault, le seul autre fabricant de moteur, a exprimer des pr\u00e9occupations similaires et pourrait forcer la F1, par un vote \u00e0 la majorit\u00e9 avec Ferrari, pour assouplir la r\u00e8glementation sur le futur du d\u00e9veloppement des moteurs de 2016. Honda, cependant, a d\u00e9cid\u00e9 de revenir \u00e0 la F1 pour 2015 apr\u00e8s une absence en raison de la r\u00e9glementation en carburant plus strictes il y a six ans, comme limitant le combustible \u00e0 environ 160 litres par voiture \u00e0 chaque course. Honda remplacera Mercedes pour motoriser McLaren \u00e0 partir de Mars. Quoi qu'il arrive, nous esp\u00e9rons F1 r\u00e8glera ses probl\u00e8mes et redevienne fi\u00e8re et bruyante.<\/p>\n","protected":false},"excerpt":{"rendered":"<p>Mercedes parle de Quitter le Championnat de Formule 1 Mercedes menace de quitter la F1 si il y a abandon des moteur V6 1.6 Turbo Hybrid Les \u00c9quipes de Formule 1 et les fans de tous bords en conviennent\u00a0: Ces sons en sourdine des nouvelles Formule 1, des moteurs hybrides turbo adopt\u00e9es cette ann\u00e9e, tout &#8230; <a title=\"Mercedes parle de quitter la Formule 1\" class=\"read-more\" href=\"https:\/\/www.carideal.com\/blog\/2014\/11\/18\/mercedes-parle-de-quitter-le-championnat-de-formule-1\/\" aria-label=\"En savoir plus sur Mercedes parle de quitter la Formule 1\">Lire plus<\/a><\/p>\n","protected":false},"author":1,"featured_media":0,"comment_status":"closed","ping_status":"open","sticky":false,"template":"","format":"standard","meta":{"_uag_custom_page_level_css":"","_themeisle_gutenberg_block_has_review":false,"footnotes":""},"categories":[5944,5995,6006,16],"tags":[],"class_list":["post-3822","post","type-post","status-publish","format-standard","hentry","category-constructeur","category-mercedes","category-formule-1","category-sport-auto"],"wppr_data":[],"yoast_head":"<!-- This site is optimized with the Yoast SEO plugin v24.8.1 - https:\/\/yoast.com\/wordpress\/plugins\/seo\/ -->\n<title>Mercedes parle de quitter la Formule 1 - Blog auto Carid\u00e9al<\/title>\n<meta name=\"robots\" content=\"index, follow, max-snippet:-1, max-image-preview:large, max-video-preview:-1\" \/>\n<link rel=\"canonical\" href=\"https:\/\/www.carideal.com\/blog\/2014\/11\/18\/mercedes-parle-de-quitter-le-championnat-de-formule-1\/\" \/>\n<meta property=\"og:locale\" content=\"fr_FR\" \/>\n<meta property=\"og:type\" content=\"article\" \/>\n<meta property=\"og:title\" content=\"Mercedes parle de quitter la Formule 1 - Blog auto Carid\u00e9al\" \/>\n<meta property=\"og:description\" content=\"Mercedes parle de Quitter le Championnat de Formule 1 Mercedes menace de quitter la F1 si il y a abandon des moteur V6 1.6 Turbo Hybrid Les \u00c9quipes de Formule 1 et les fans de tous bords en conviennent\u00a0: Ces sons en sourdine des nouvelles Formule 1, des moteurs hybrides turbo adopt\u00e9es cette ann\u00e9e, tout ... Lire plus\" \/>\n<meta property=\"og:url\" content=\"https:\/\/www.carideal.com\/blog\/2014\/11\/18\/mercedes-parle-de-quitter-le-championnat-de-formule-1\/\" \/>\n<meta property=\"og:site_name\" content=\"Blog auto Carid\u00e9al\" \/>\n<meta property=\"article:publisher\" content=\"https:\/\/www.facebook.com\/Carideal.mandataire.automobile\" \/>\n<meta property=\"article:author\" content=\"https:\/\/www.facebook.com\/Carideal.mandataire.automobile\/\" \/>\n<meta property=\"article:published_time\" content=\"2014-11-18T14:30:00+00:00\" \/>\n<meta property=\"article:modified_time\" content=\"2016-06-26T11:06:53+00:00\" \/>\n<meta property=\"og:image\" content=\"https:\/\/www.carideal.com\/blog\/wp-content\/uploads\/2016\/03\/logo-carideal-mandataire-automobile.png\" \/>\n\t<meta property=\"og:image:width\" content=\"300\" \/>\n\t<meta property=\"og:image:height\" content=\"300\" \/>\n\t<meta property=\"og:image:type\" content=\"image\/png\" \/>\n<meta name=\"author\" content=\"N.S Carideal\" \/>\n<meta name=\"twitter:card\" content=\"summary_large_image\" \/>\n<meta name=\"twitter:creator\" content=\"@caridealauto\" \/>\n<meta name=\"twitter:site\" content=\"@caridealauto\" \/>\n<meta name=\"twitter:label1\" content=\"\u00c9crit par\" \/>\n\t<meta name=\"twitter:data1\" content=\"N.S Carideal\" \/>\n\t<meta name=\"twitter:label2\" content=\"Dur\u00e9e de lecture estim\u00e9e\" \/>\n\t<meta name=\"twitter:data2\" content=\"3 minutes\" \/>\n<script type=\"application\/ld+json\" class=\"yoast-schema-graph\">{\"@context\":\"https:\/\/schema.org\",\"@graph\":[{\"@type\":\"Article\",\"@id\":\"https:\/\/www.carideal.com\/blog\/2014\/11\/18\/mercedes-parle-de-quitter-le-championnat-de-formule-1\/#article\",\"isPartOf\":{\"@id\":\"https:\/\/www.carideal.com\/blog\/2014\/11\/18\/mercedes-parle-de-quitter-le-championnat-de-formule-1\/\"},\"author\":{\"name\":\"N.S Carideal\",\"@id\":\"https:\/\/www.carideal.com\/blog\/#\/schema\/person\/985c7e757d1042d647f21bfaf8d41ebc\"},\"headline\":\"Mercedes parle de quitter la Formule 1\",\"datePublished\":\"2014-11-18T14:30:00+00:00\",\"dateModified\":\"2016-06-26T11:06:53+00:00\",\"mainEntityOfPage\":{\"@id\":\"https:\/\/www.carideal.com\/blog\/2014\/11\/18\/mercedes-parle-de-quitter-le-championnat-de-formule-1\/\"},\"wordCount\":515,\"publisher\":{\"@id\":\"https:\/\/www.carideal.com\/blog\/#organization\"},\"articleSection\":[\"Actualit\u00e9 Constructeur automobile\",\"Actualit\u00e9 Mercedes\",\"Formule 1\",\"Sport Automobile\"],\"inLanguage\":\"fr-FR\"},{\"@type\":\"WebPage\",\"@id\":\"https:\/\/www.carideal.com\/blog\/2014\/11\/18\/mercedes-parle-de-quitter-le-championnat-de-formule-1\/\",\"url\":\"https:\/\/www.carideal.com\/blog\/2014\/11\/18\/mercedes-parle-de-quitter-le-championnat-de-formule-1\/\",\"name\":\"Mercedes parle de quitter la Formule 1 - Blog auto Carid\u00e9al\",\"isPartOf\":{\"@id\":\"https:\/\/www.carideal.com\/blog\/#website\"},\"datePublished\":\"2014-11-18T14:30:00+00:00\",\"dateModified\":\"2016-06-26T11:06:53+00:00\",\"breadcrumb\":{\"@id\":\"https:\/\/www.carideal.com\/blog\/2014\/11\/18\/mercedes-parle-de-quitter-le-championnat-de-formule-1\/#breadcrumb\"},\"inLanguage\":\"fr-FR\",\"potentialAction\":[{\"@type\":\"ReadAction\",\"target\":[\"https:\/\/www.carideal.com\/blog\/2014\/11\/18\/mercedes-parle-de-quitter-le-championnat-de-formule-1\/\"]}]},{\"@type\":\"BreadcrumbList\",\"@id\":\"https:\/\/www.carideal.com\/blog\/2014\/11\/18\/mercedes-parle-de-quitter-le-championnat-de-formule-1\/#breadcrumb\",\"itemListElement\":[{\"@type\":\"ListItem\",\"position\":1,\"name\":\"Blog Carid\u00e9al\",\"item\":\"https:\/\/www.carideal.com\/blog\/\"},{\"@type\":\"ListItem\",\"position\":2,\"name\":\"Sport Automobile\",\"item\":\"https:\/\/www.carideal.com\/blog\/sport-auto\/\"},{\"@type\":\"ListItem\",\"position\":3,\"name\":\"Mercedes parle de quitter la Formule 1\"}]},{\"@type\":\"WebSite\",\"@id\":\"https:\/\/www.carideal.com\/blog\/#website\",\"url\":\"https:\/\/www.carideal.com\/blog\/\",\"name\":\"Blog auto Carid\u00e9al\",\"description\":\"Actualit\u00e9 auto par des passionn\u00e9s\",\"publisher\":{\"@id\":\"https:\/\/www.carideal.com\/blog\/#organization\"},\"potentialAction\":[{\"@type\":\"SearchAction\",\"target\":{\"@type\":\"EntryPoint\",\"urlTemplate\":\"https:\/\/www.carideal.com\/blog\/?s={search_term_string}\"},\"query-input\":{\"@type\":\"PropertyValueSpecification\",\"valueRequired\":true,\"valueName\":\"search_term_string\"}}],\"inLanguage\":\"fr-FR\"},{\"@type\":\"Organization\",\"@id\":\"https:\/\/www.carideal.com\/blog\/#organization\",\"name\":\"Carideal\",\"url\":\"https:\/\/www.carideal.com\/blog\/\",\"logo\":{\"@type\":\"ImageObject\",\"inLanguage\":\"fr-FR\",\"@id\":\"https:\/\/www.carideal.com\/blog\/#\/schema\/logo\/image\/\",\"url\":\"http:\/\/www.carideal.com\/blog\/wp-content\/uploads\/2016\/03\/logo-carideal-mandataire-automobile.png\",\"contentUrl\":\"http:\/\/www.carideal.com\/blog\/wp-content\/uploads\/2016\/03\/logo-carideal-mandataire-automobile.png\",\"width\":300,\"height\":300,\"caption\":\"Carideal\"},\"image\":{\"@id\":\"https:\/\/www.carideal.com\/blog\/#\/schema\/logo\/image\/\"},\"sameAs\":[\"https:\/\/www.facebook.com\/Carideal.mandataire.automobile\",\"https:\/\/x.com\/caridealauto\",\"https:\/\/www.instagram.com\/carideal1\/\",\"https:\/\/www.linkedin.com\/company\/carideal.com\",\"https:\/\/fr.pinterest.com\/schiavonsas\/\",\"https:\/\/www.youtube.com\/user\/caridealsas\"]},{\"@type\":\"Person\",\"@id\":\"https:\/\/www.carideal.com\/blog\/#\/schema\/person\/985c7e757d1042d647f21bfaf8d41ebc\",\"name\":\"N.S Carideal\",\"image\":{\"@type\":\"ImageObject\",\"inLanguage\":\"fr-FR\",\"@id\":\"https:\/\/www.carideal.com\/blog\/#\/schema\/person\/image\/\",\"url\":\"https:\/\/secure.gravatar.com\/avatar\/edb7ccdf1a4e3d14aef967760d354d0e?s=96&r=g\",\"contentUrl\":\"https:\/\/secure.gravatar.com\/avatar\/edb7ccdf1a4e3d14aef967760d354d0e?s=96&r=g\",\"caption\":\"N.S Carideal\"},\"description\":\"Depuis tout petit fan d'automobile. Il est question d'essayer et de comparer toutes ces voitures qui nous ont fait r\u00e9ver, avant que celles-ci ne devient uniquement des voitures de collection.\",\"sameAs\":[\"http:\/\/www.carideal.com\/blog\",\"https:\/\/www.facebook.com\/Carideal.mandataire.automobile\/\",\"https:\/\/www.linkedin.com\/in\/nschiavon\/\",\"https:\/\/www.youtube.com\/user\/caridealsas\/\"],\"url\":\"https:\/\/www.carideal.com\/blog\/author\/admin_carideal\/\"}]}<\/script>\n<!-- \/ Yoast SEO plugin. -->","yoast_head_json":{"title":"Mercedes parle de quitter la Formule 1 - Blog auto Carid\u00e9al","robots":{"index":"index","follow":"follow","max-snippet":"max-snippet:-1","max-image-preview":"max-image-preview:large","max-video-preview":"max-video-preview:-1"},"canonical":"https:\/\/www.carideal.com\/blog\/2014\/11\/18\/mercedes-parle-de-quitter-le-championnat-de-formule-1\/","og_locale":"fr_FR","og_type":"article","og_title":"Mercedes parle de quitter la Formule 1 - Blog auto Carid\u00e9al","og_description":"Mercedes parle de Quitter le Championnat de Formule 1 Mercedes menace de quitter la F1 si il y a abandon des moteur V6 1.6 Turbo Hybrid Les \u00c9quipes de Formule 1 et les fans de tous bords en conviennent\u00a0: Ces sons en sourdine des nouvelles Formule 1, des moteurs hybrides turbo adopt\u00e9es cette ann\u00e9e, tout ... Lire plus","og_url":"https:\/\/www.carideal.com\/blog\/2014\/11\/18\/mercedes-parle-de-quitter-le-championnat-de-formule-1\/","og_site_name":"Blog auto Carid\u00e9al","article_publisher":"https:\/\/www.facebook.com\/Carideal.mandataire.automobile","article_author":"https:\/\/www.facebook.com\/Carideal.mandataire.automobile\/","article_published_time":"2014-11-18T14:30:00+00:00","article_modified_time":"2016-06-26T11:06:53+00:00","og_image":[{"width":300,"height":300,"url":"https:\/\/www.carideal.com\/blog\/wp-content\/uploads\/2016\/03\/logo-carideal-mandataire-automobile.png","type":"image\/png"}],"author":"N.S Carideal","twitter_card":"summary_large_image","twitter_creator":"@caridealauto","twitter_site":"@caridealauto","twitter_misc":{"\u00c9crit par":"N.S Carideal","Dur\u00e9e de lecture estim\u00e9e":"3 minutes"},"schema":{"@context":"https:\/\/schema.org","@graph":[{"@type":"Article","@id":"https:\/\/www.carideal.com\/blog\/2014\/11\/18\/mercedes-parle-de-quitter-le-championnat-de-formule-1\/#article","isPartOf":{"@id":"https:\/\/www.carideal.com\/blog\/2014\/11\/18\/mercedes-parle-de-quitter-le-championnat-de-formule-1\/"},"author":{"name":"N.S Carideal","@id":"https:\/\/www.carideal.com\/blog\/#\/schema\/person\/985c7e757d1042d647f21bfaf8d41ebc"},"headline":"Mercedes parle de quitter la Formule 1","datePublished":"2014-11-18T14:30:00+00:00","dateModified":"2016-06-26T11:06:53+00:00","mainEntityOfPage":{"@id":"https:\/\/www.carideal.com\/blog\/2014\/11\/18\/mercedes-parle-de-quitter-le-championnat-de-formule-1\/"},"wordCount":515,"publisher":{"@id":"https:\/\/www.carideal.com\/blog\/#organization"},"articleSection":["Actualit\u00e9 Constructeur automobile","Actualit\u00e9 Mercedes","Formule 1","Sport Automobile"],"inLanguage":"fr-FR"},{"@type":"WebPage","@id":"https:\/\/www.carideal.com\/blog\/2014\/11\/18\/mercedes-parle-de-quitter-le-championnat-de-formule-1\/","url":"https:\/\/www.carideal.com\/blog\/2014\/11\/18\/mercedes-parle-de-quitter-le-championnat-de-formule-1\/","name":"Mercedes parle de quitter la Formule 1 - Blog auto Carid\u00e9al","isPartOf":{"@id":"https:\/\/www.carideal.com\/blog\/#website"},"datePublished":"2014-11-18T14:30:00+00:00","dateModified":"2016-06-26T11:06:53+00:00","breadcrumb":{"@id":"https:\/\/www.carideal.com\/blog\/2014\/11\/18\/mercedes-parle-de-quitter-le-championnat-de-formule-1\/#breadcrumb"},"inLanguage":"fr-FR","potentialAction":[{"@type":"ReadAction","target":["https:\/\/www.carideal.com\/blog\/2014\/11\/18\/mercedes-parle-de-quitter-le-championnat-de-formule-1\/"]}]},{"@type":"BreadcrumbList","@id":"https:\/\/www.carideal.com\/blog\/2014\/11\/18\/mercedes-parle-de-quitter-le-championnat-de-formule-1\/#breadcrumb","itemListElement":[{"@type":"ListItem","position":1,"name":"Blog Carid\u00e9al","item":"https:\/\/www.carideal.com\/blog\/"},{"@type":"ListItem","position":2,"name":"Sport Automobile","item":"https:\/\/www.carideal.com\/blog\/sport-auto\/"},{"@type":"ListItem","position":3,"name":"Mercedes parle de quitter la Formule 1"}]},{"@type":"WebSite","@id":"https:\/\/www.carideal.com\/blog\/#website","url":"https:\/\/www.carideal.com\/blog\/","name":"Blog auto Carid\u00e9al","description":"Actualit\u00e9 auto par des passionn\u00e9s","publisher":{"@id":"https:\/\/www.carideal.com\/blog\/#organization"},"potentialAction":[{"@type":"SearchAction","target":{"@type":"EntryPoint","urlTemplate":"https:\/\/www.carideal.com\/blog\/?s={search_term_string}"},"query-input":{"@type":"PropertyValueSpecification","valueRequired":true,"valueName":"search_term_string"}}],"inLanguage":"fr-FR"},{"@type":"Organization","@id":"https:\/\/www.carideal.com\/blog\/#organization","name":"Carideal","url":"https:\/\/www.carideal.com\/blog\/","logo":{"@type":"ImageObject","inLanguage":"fr-FR","@id":"https:\/\/www.carideal.com\/blog\/#\/schema\/logo\/image\/","url":"http:\/\/www.carideal.com\/blog\/wp-content\/uploads\/2016\/03\/logo-carideal-mandataire-automobile.png","contentUrl":"http:\/\/www.carideal.com\/blog\/wp-content\/uploads\/2016\/03\/logo-carideal-mandataire-automobile.png","width":300,"height":300,"caption":"Carideal"},"image":{"@id":"https:\/\/www.carideal.com\/blog\/#\/schema\/logo\/image\/"},"sameAs":["https:\/\/www.facebook.com\/Carideal.mandataire.automobile","https:\/\/x.com\/caridealauto","https:\/\/www.instagram.com\/carideal1\/","https:\/\/www.linkedin.com\/company\/carideal.com","https:\/\/fr.pinterest.com\/schiavonsas\/","https:\/\/www.youtube.com\/user\/caridealsas"]},{"@type":"Person","@id":"https:\/\/www.carideal.com\/blog\/#\/schema\/person\/985c7e757d1042d647f21bfaf8d41ebc","name":"N.S Carideal","image":{"@type":"ImageObject","inLanguage":"fr-FR","@id":"https:\/\/www.carideal.com\/blog\/#\/schema\/person\/image\/","url":"https:\/\/secure.gravatar.com\/avatar\/edb7ccdf1a4e3d14aef967760d354d0e?s=96&r=g","contentUrl":"https:\/\/secure.gravatar.com\/avatar\/edb7ccdf1a4e3d14aef967760d354d0e?s=96&r=g","caption":"N.S Carideal"},"description":"Depuis tout petit fan d'automobile. Il est question d'essayer et de comparer toutes ces voitures qui nous ont fait r\u00e9ver, avant que celles-ci ne devient uniquement des voitures de collection.","sameAs":["http:\/\/www.carideal.com\/blog","https:\/\/www.facebook.com\/Carideal.mandataire.automobile\/","https:\/\/www.linkedin.com\/in\/nschiavon\/","https:\/\/www.youtube.com\/user\/caridealsas\/"],"url":"https:\/\/www.carideal.com\/blog\/author\/admin_carideal\/"}]}},"uagb_featured_image_src":{"full":false,"thumbnail":false,"medium":false,"medium_large":false,"large":false,"1536x1536":false,"2048x2048":false,"wppr-widget":false},"uagb_author_info":{"display_name":"N.S Carideal","author_link":"https:\/\/www.carideal.com\/blog\/author\/admin_carideal\/"},"uagb_comment_info":0,"uagb_excerpt":"Mercedes parle de Quitter le Championnat de Formule 1 Mercedes menace de quitter la F1 si il y a abandon des moteur V6 1.6 Turbo Hybrid Les \u00c9quipes de Formule 1 et les fans de tous bords en conviennent\u00a0: Ces sons en sourdine des nouvelles Formule 1, des moteurs hybrides turbo adopt\u00e9es cette ann\u00e9e, tout\u2026","_links":{"self":[{"href":"https:\/\/www.carideal.com\/blog\/wp-json\/wp\/v2\/posts\/3822"}],"collection":[{"href":"https:\/\/www.carideal.com\/blog\/wp-json\/wp\/v2\/posts"}],"about":[{"href":"https:\/\/www.carideal.com\/blog\/wp-json\/wp\/v2\/types\/post"}],"author":[{"embeddable":true,"href":"https:\/\/www.carideal.com\/blog\/wp-json\/wp\/v2\/users\/1"}],"replies":[{"embeddable":true,"href":"https:\/\/www.carideal.com\/blog\/wp-json\/wp\/v2\/comments?post=3822"}],"version-history":[{"count":0,"href":"https:\/\/www.carideal.com\/blog\/wp-json\/wp\/v2\/posts\/3822\/revisions"}],"wp:attachment":[{"href":"https:\/\/www.carideal.com\/blog\/wp-json\/wp\/v2\/media?parent=3822"}],"wp:term":[{"taxonomy":"category","embeddable":true,"href":"https:\/\/www.carideal.com\/blog\/wp-json\/wp\/v2\/categories?post=3822"},{"taxonomy":"post_tag","embeddable":true,"href":"https:\/\/www.carideal.com\/blog\/wp-json\/wp\/v2\/tags?post=3822"}],"curies":[{"name":"wp","href":"https:\/\/api.w.org\/{rel}","templated":true}]}}