{"id":372,"date":"2008-11-07T10:54:56","date_gmt":"2008-11-07T10:54:56","guid":{"rendered":"http:\/\/carideal.com\/blog\/?p=372"},"modified":"2024-01-20T20:29:21","modified_gmt":"2024-01-20T19:29:21","slug":"petites-annonces-gratuites-de-voitures-doccasions","status":"publish","type":"post","link":"https:\/\/www.carideal.com\/blog\/2008\/11\/07\/petites-annonces-gratuites-de-voitures-doccasions\/","title":{"rendered":"Annonce auto voiture occasion"},"content":{"rendered":"\n<h2 class=\"wp-block-heading\">Annonce auto&nbsp;de voitures d'occasions par mandataire auto occasion<\/h2>\n\n\n\n<p><strong>Annonce auto&nbsp;par marque de voiture et mod\u00e8le sur&nbsp;Carideal.com mandataire auto occasion.<\/strong><\/p>\n\n\n\n<figure class=\"wp-block-image alignnone size-full wp-image-8666\"><img loading=\"lazy\" decoding=\"async\" width=\"600\" height=\"233\" src=\"http:\/\/www.carideal.com\/blog\/wp-content\/uploads\/2008\/11\/reprise-voiture-carideal-mandataire-automobile-e1576486268787.jpg\" alt=\"Annonce auto voiture occasion\" class=\"wp-image-8666\"\/><figcaption class=\"wp-element-caption\">Annonce voiture occasion<\/figcaption><\/figure>\n\n\n\n<figure class=\"wp-block-table is-style-stripes\"><table><tbody><tr><th colspan=\"3\">\n<h2>Top marques DE VOITURE et mod\u00e8les<\/h2>\n<\/th><th>\n<h2>Types de voitures<\/h2>\n<\/th><\/tr><tr><th><span style=\"text-decoration: underline;\">BMW<\/span><\/th><th><span style=\"text-decoration: underline;\">FORD<\/span><\/th><th><span style=\"text-decoration: underline;\">BMW 320<\/span><\/th><th>Utilitaire<\/th><\/tr><tr><th><span style=\"text-decoration: underline;\">AUDI<\/span><\/th><th><span style=\"text-decoration: underline;\">OPEL<\/span><\/th><th><span style=\"text-decoration: underline;\">RENAULT MEGANE<\/span><\/th><th>4x4<\/th><\/tr><tr><th><span style=\"text-decoration: underline;\">MERCEDES<\/span><\/th><th><span style=\"text-decoration: underline;\">TOYOTA<\/span><\/th><th><span style=\"text-decoration: underline;\">VW PASSAT<\/span><\/th><th>Monospace<\/th><\/tr><tr><th><span style=\"text-decoration: underline;\">VOLKSWAGEN<\/span><\/th><th><span style=\"text-decoration: underline;\">ALFA ROMEO<\/span><\/th><th><span style=\"text-decoration: underline;\">PEUGEOT 206<\/span><\/th><th>Break<\/th><\/tr><tr><th><span style=\"text-decoration: underline;\">RENAULT<\/span><\/th><th><span style=\"text-decoration: underline;\">VW GOLF<\/span><\/th><th><span style=\"text-decoration: underline;\">PEUGEOT 307<\/span><\/th><th>Coup\u00e9<\/th><\/tr><tr><th><span style=\"text-decoration: underline;\">PEUGEOT<\/span><\/th><th><span style=\"text-decoration: underline;\">AUDI A4<\/span><\/th><th><span style=\"text-decoration: underline;\">AUDI A6<\/span><\/th><th>Voiture Ancienne<\/th><\/tr><tr><th><span style=\"text-decoration: underline;\">CITROEN<\/span><\/th><th><span style=\"text-decoration: underline;\">AUDI A3<\/span><\/th><th><span style=\"text-decoration: underline;\">BMW X5<\/span><\/th><th>Voiture Accidentee<\/th><\/tr><tr><th><span style=\"text-decoration: underline;\">PORSCHE<\/span><\/th><th><span style=\"text-decoration: underline;\">RENAULT CLIO<\/span><\/th><th><span style=\"text-decoration: underline;\">MERCEDES CLASSE C<\/span><\/th><th>Cabriolet<\/th><\/tr><\/tbody><\/table><\/figure>\n\n\n\n<p>R\u00e9alisez votre&nbsp;r\u00eave automobile avec carideal.com,&nbsp;un des plus grands sites de voiture d'occasion&nbsp;en France.<br>\nRendez-vous sur le site de votre vendeur de voitures habituel et d\u00e9couvrez toutes ces annonces auto. Sur Carideal.com, vous aurez acc\u00e8s \u00e0 un gigantesque garage virtuel qui propose plusieurs milliers&nbsp;d'annonces auto, dont l\u2019une d\u2019entre elles&nbsp;pourrait bien devenir la v\u00f4tre. Qu\u2019il s\u2019agisse d\u2019une <a href=\"http:\/\/www.carideal.com\/blog\/voiture-neuve-region\/\"><span style=\"text-decoration: underline;\">voiture neuve<\/span><\/a> ou d\u2019une <a href=\"http:\/\/www.carideal.com\/blog\/voitures-occasions\/\"><span style=\"text-decoration: underline;\">voiture d\u2019occasion<\/span><\/a>, d\u2019une <span style=\"text-decoration: underline;\"><a href=\"http:\/\/www.carideal.com\/blog\/2014\/08\/26\/cette-annee-il-ny-a-pas-que-les-supercars-qui-attirent-du-monde\/\">citadine \u00e9cologique<\/a><\/span> ou d\u2019un v\u00e9hicule de sport puissant. &nbsp;La voiture de vos r\u00eaves est \u00e0 port\u00e9e de clics sur Carideal.com, et ce \u00e0 petit prix.<\/p>\n\n\n\n<p>Sur notre site de vente de voiture, vous trouverez l'annonce auto pour le v\u00e9hicule qui vous convient, aussi bien pour des voitures neuves ou des voitures&nbsp;d\u2019occasion qui r\u00e9pondent exactement \u00e0 vos attentes. Vous pourrez consulter rapidement ses caract\u00e9ristiques, et vous serez mis directement en contact avec le vendeur. C\u2019est vous et vous seul qui d\u00e9cidez de ce que vous trouvez. Vous pourrez s\u00e9lectionner votre annonce auto en fonction de plusieurs crit\u00e8res de s\u00e9lection, la fourchette de prix de la voiture, le mod\u00e8le et la <a href=\"http:\/\/www.carideal.com\/blog\/marque-de-voiture-actualites-essais\/\"><span style=\"text-decoration: underline;\">marque de la voiture<\/span><\/a>, le <span style=\"text-decoration: underline;\">type de voiture<\/span>, le carburant, le kilom\u00e9trage, la couleur, l\u2019\u00e9quipement, etc.<\/p>\n\n\n\n<h2 class=\"wp-block-heading\">Carideal des annonces auto et un site de vente de voiture mais aussi un Blog Auto<\/h2>\n\n\n\n<p>Depuis plus de 15 ans, Carideal.com&nbsp;teste de mani\u00e8re ind\u00e9pendante des voitures neuves et des voitures d\u2019occasions. Vous pouvez retrouver ces connaissances automobiles sp\u00e9cifiques en lisant notre <span style=\"text-decoration: underline;\"><a href=\"http:\/\/www.carideal.com\/blog\/\">Blog auto<\/a><\/span>. Chez nous, l'utilisateur, ne recherche pas seulement une annonce auto, mais il est aussi&nbsp;un explorateur, car il recherche une exp\u00e9rience. Vous d\u00e9couvrirez r\u00e9guli\u00e8rement des anecdotes sur l'automobile, des histoires et des d\u00e9tails techniques qui se cachent derri\u00e8re le terme g\u00e9n\u00e9rique de voiture.<\/p>\n\n\n\n<p>Vous allez en apprendre\u00a0plus sur les voitures neuves et automobiles de collection, les voiturettes, (voiture sans permis) et limousines de luxe, les voitures de sport et utilitaires, les ateliers, la <a href=\"http:\/\/www.carideal.com\/blog\/garage-automobile\/revision-voiture\/\">r\u00e9vision de voiture<\/a>, le <span style=\"text-decoration: underline;\"><a href=\"http:\/\/www.carideal.com\/blog\/2014\/04\/04\/entretien-quel-est-le-cout-reel-de-votre-vehicule\/\">co\u00fbt d'entretien de votre voiture<\/a><\/span>, et constructeurs automobiles, les marques de voiture, le <span style=\"text-decoration: underline;\"><a href=\"http:\/\/www.carideal.com\/blog\/category\/type-de-vehicule\/tuning\/\">tuning<\/a><\/span> et accessoires suppl\u00e9mentaires. Consultez\u00a0nos <span style=\"text-decoration: underline;\"><a href=\"http:\/\/www.carideal.com\/blog\/category\/actualites-auto\/\">actualit\u00e9s automobiles<\/a><\/span>, nos pages conseils, notre rubrique tuning ainsi que sur le lexique d\u00e9di\u00e9 aux voitures.<br> Vous recherchez une offre globale, et pas seulement la voiture de vos r\u00eaves, mais aussi un financement adapt\u00e9 \u00e0 vos besoins ? avec\u00a0une assurance appropri\u00e9e ? Gr\u00e2ce aux offres de services adapt\u00e9es \u00e0 vos besoins\u00a0de Carideal.com, <span style=\"text-decoration: underline;\"><a href=\"http:\/\/www.carideal.com\/\">mandataire auto d'occasion<\/a><\/span>, vous trouverez des mod\u00e8les de cr\u00e9dits individuels, de <a href=\"https:\/\/www.carideal.com\/blog\/credit-auto\/leasing\/\">leasing<\/a> ou d\u2019assurance auto afin pour que vous ne perdiez jamais de vue les d\u00e9tails importants lors d\u2019un achat \u00e0 la suite de votre visite sur une de nos annonces auto. Nous vous offrons aussi la possibilit\u00e9 de souscrire \u00e0 une <span style=\"text-decoration: underline;\"><a href=\"http:\/\/www.carideal.com\/content\/7-extension-garantie\">extension de garantie pour panne m\u00e9canique<\/a><\/span>.<\/p>\n\n\n\n<h2 class=\"wp-block-heading\">Annonce auto sur le site carideal.com<\/h2>\n\n\n\n<p>Sur le site carideal.com, trouvez&nbsp;l'annonce auto du v\u00e9hicule que vous recherchez. Vous pouvez consulter des annonces auto&nbsp;de voitures d'occasion.<\/p>\n\n\n\n<p>Carideal vous aide \u00e0 vendre votre ancienne voiture plus vite en vous la rachetant. <span style=\"text-decoration: underline;\"><a href=\"http:\/\/www.carideal.com\/blog\/2016\/01\/15\/vendez-votre-voiture\/\">Vendez votre voiture<\/a><\/span> et nous la reprenons.&nbsp;Pour cela il vous suffit de vous inscrire gratuitement sur notre site, en suivant nos conditions g\u00e9n\u00e9rales.<\/p>\n\n\n\n<h2 class=\"wp-block-heading\">Nous livrons votre voiture \u00e0 domicile partout en France<\/h2>\n\n\n\n<p>Vous avez achet\u00e9 votre voiture apr\u00e8s avoir lu notre annonce auto ? Sachez qu'il est possible de demander la <span style=\"text-decoration: underline;\"><a href=\"http:\/\/www.carideal.com\/content\/9-carideal-livraison-partout-en-france\">livraison de votre voiture \u00e0 domicile partout en France<\/a><\/span> :<\/p>\n","protected":false},"excerpt":{"rendered":"<p>Annonce auto&nbsp;de voitures d&rsquo;occasions par mandataire auto occasion Annonce auto&nbsp;par marque de voiture et mod\u00e8le sur&nbsp;Carideal.com mandataire auto occasion. Top marques DE VOITURE et mod\u00e8les Types de voitures BMW FORD BMW 320 Utilitaire AUDI OPEL RENAULT MEGANE 4&#215;4 MERCEDES TOYOTA VW PASSAT Monospace VOLKSWAGEN ALFA ROMEO PEUGEOT 206 Break RENAULT VW GOLF PEUGEOT 307 Coup\u00e9 &#8230; <a title=\"Annonce auto voiture occasion\" class=\"read-more\" href=\"https:\/\/www.carideal.com\/blog\/2008\/11\/07\/petites-annonces-gratuites-de-voitures-doccasions\/\" aria-label=\"En savoir plus sur Annonce auto voiture occasion\">Lire plus<\/a><\/p>\n","protected":false},"author":1,"featured_media":8666,"comment_status":"open","ping_status":"open","sticky":false,"template":"","format":"standard","meta":{"_uag_custom_page_level_css":"","_themeisle_gutenberg_block_has_review":false,"footnotes":""},"categories":[10,5974],"tags":[],"class_list":["post-372","post","type-post","status-publish","format-standard","has-post-thumbnail","hentry","category-marche-automobile-voiture-neuve-occasion-4x4-suv","category-type-de-vehicule"],"wppr_data":{"cwp_meta_box_check":"No"},"yoast_head":"<!-- This site is optimized with the Yoast SEO plugin v24.8.1 - https:\/\/yoast.com\/wordpress\/plugins\/seo\/ -->\n<title>Annonce auto voiture occasion - Blog auto Carid\u00e9al<\/title>\n<meta name=\"description\" content=\"Annonce auto par marque de voiture et mod\u00e8le sur Carideal.com mandataire auto occasion. Top marques et mod\u00e8les et types de voitures:\" \/>\n<meta name=\"robots\" content=\"index, follow, max-snippet:-1, max-image-preview:large, max-video-preview:-1\" \/>\n<link rel=\"canonical\" href=\"https:\/\/www.carideal.com\/blog\/2008\/11\/07\/petites-annonces-gratuites-de-voitures-doccasions\/\" \/>\n<meta property=\"og:locale\" content=\"fr_FR\" \/>\n<meta property=\"og:type\" content=\"article\" \/>\n<meta property=\"og:title\" content=\"Annonce auto voiture occasion - Blog auto Carid\u00e9al\" \/>\n<meta property=\"og:description\" content=\"Annonce auto par marque de voiture et mod\u00e8le sur Carideal.com mandataire auto occasion. Top marques et mod\u00e8les et types de voitures:\" \/>\n<meta property=\"og:url\" content=\"https:\/\/www.carideal.com\/blog\/2008\/11\/07\/petites-annonces-gratuites-de-voitures-doccasions\/\" \/>\n<meta property=\"og:site_name\" content=\"Blog auto Carid\u00e9al\" \/>\n<meta property=\"article:publisher\" content=\"https:\/\/www.facebook.com\/Carideal.mandataire.automobile\" \/>\n<meta property=\"article:author\" content=\"https:\/\/www.facebook.com\/Carideal.mandataire.automobile\/\" \/>\n<meta property=\"article:published_time\" content=\"2008-11-07T10:54:56+00:00\" \/>\n<meta property=\"article:modified_time\" content=\"2024-01-20T19:29:21+00:00\" \/>\n<meta property=\"og:image\" content=\"https:\/\/www.carideal.com\/blog\/wp-content\/uploads\/2008\/11\/reprise-voiture-carideal-mandataire-automobile-e1576486268787.jpg\" \/>\n\t<meta property=\"og:image:width\" content=\"600\" \/>\n\t<meta property=\"og:image:height\" content=\"233\" \/>\n\t<meta property=\"og:image:type\" content=\"image\/jpeg\" \/>\n<meta name=\"author\" content=\"N.S Carideal\" \/>\n<meta name=\"twitter:card\" content=\"summary_large_image\" \/>\n<meta name=\"twitter:creator\" content=\"@caridealauto\" \/>\n<meta name=\"twitter:site\" content=\"@caridealauto\" \/>\n<meta name=\"twitter:label1\" content=\"\u00c9crit par\" \/>\n\t<meta name=\"twitter:data1\" content=\"N.S Carideal\" \/>\n\t<meta name=\"twitter:label2\" content=\"Dur\u00e9e de lecture estim\u00e9e\" \/>\n\t<meta name=\"twitter:data2\" content=\"4 minutes\" \/>\n<script type=\"application\/ld+json\" class=\"yoast-schema-graph\">{\"@context\":\"https:\/\/schema.org\",\"@graph\":[{\"@type\":\"Article\",\"@id\":\"https:\/\/www.carideal.com\/blog\/2008\/11\/07\/petites-annonces-gratuites-de-voitures-doccasions\/#article\",\"isPartOf\":{\"@id\":\"https:\/\/www.carideal.com\/blog\/2008\/11\/07\/petites-annonces-gratuites-de-voitures-doccasions\/\"},\"author\":{\"name\":\"N.S Carideal\",\"@id\":\"https:\/\/www.carideal.com\/blog\/#\/schema\/person\/985c7e757d1042d647f21bfaf8d41ebc\"},\"headline\":\"Annonce auto voiture occasion\",\"datePublished\":\"2008-11-07T10:54:56+00:00\",\"dateModified\":\"2024-01-20T19:29:21+00:00\",\"mainEntityOfPage\":{\"@id\":\"https:\/\/www.carideal.com\/blog\/2008\/11\/07\/petites-annonces-gratuites-de-voitures-doccasions\/\"},\"wordCount\":702,\"commentCount\":0,\"publisher\":{\"@id\":\"https:\/\/www.carideal.com\/blog\/#organization\"},\"image\":{\"@id\":\"https:\/\/www.carideal.com\/blog\/2008\/11\/07\/petites-annonces-gratuites-de-voitures-doccasions\/#primaryimage\"},\"thumbnailUrl\":\"https:\/\/www.carideal.com\/blog\/wp-content\/uploads\/2008\/11\/reprise-voiture-carideal-mandataire-automobile-e1576486268787.jpg\",\"articleSection\":[\"March\u00e9 automobile\",\"Type de v\u00e9hicule\"],\"inLanguage\":\"fr-FR\",\"potentialAction\":[{\"@type\":\"CommentAction\",\"name\":\"Comment\",\"target\":[\"https:\/\/www.carideal.com\/blog\/2008\/11\/07\/petites-annonces-gratuites-de-voitures-doccasions\/#respond\"]}]},{\"@type\":\"WebPage\",\"@id\":\"https:\/\/www.carideal.com\/blog\/2008\/11\/07\/petites-annonces-gratuites-de-voitures-doccasions\/\",\"url\":\"https:\/\/www.carideal.com\/blog\/2008\/11\/07\/petites-annonces-gratuites-de-voitures-doccasions\/\",\"name\":\"Annonce auto voiture occasion - Blog auto Carid\u00e9al\",\"isPartOf\":{\"@id\":\"https:\/\/www.carideal.com\/blog\/#website\"},\"primaryImageOfPage\":{\"@id\":\"https:\/\/www.carideal.com\/blog\/2008\/11\/07\/petites-annonces-gratuites-de-voitures-doccasions\/#primaryimage\"},\"image\":{\"@id\":\"https:\/\/www.carideal.com\/blog\/2008\/11\/07\/petites-annonces-gratuites-de-voitures-doccasions\/#primaryimage\"},\"thumbnailUrl\":\"https:\/\/www.carideal.com\/blog\/wp-content\/uploads\/2008\/11\/reprise-voiture-carideal-mandataire-automobile-e1576486268787.jpg\",\"datePublished\":\"2008-11-07T10:54:56+00:00\",\"dateModified\":\"2024-01-20T19:29:21+00:00\",\"description\":\"Annonce auto par marque de voiture et mod\u00e8le sur Carideal.com mandataire auto occasion. Top marques et mod\u00e8les et types de voitures:\",\"breadcrumb\":{\"@id\":\"https:\/\/www.carideal.com\/blog\/2008\/11\/07\/petites-annonces-gratuites-de-voitures-doccasions\/#breadcrumb\"},\"inLanguage\":\"fr-FR\",\"potentialAction\":[{\"@type\":\"ReadAction\",\"target\":[\"https:\/\/www.carideal.com\/blog\/2008\/11\/07\/petites-annonces-gratuites-de-voitures-doccasions\/\"]}]},{\"@type\":\"ImageObject\",\"inLanguage\":\"fr-FR\",\"@id\":\"https:\/\/www.carideal.com\/blog\/2008\/11\/07\/petites-annonces-gratuites-de-voitures-doccasions\/#primaryimage\",\"url\":\"https:\/\/www.carideal.com\/blog\/wp-content\/uploads\/2008\/11\/reprise-voiture-carideal-mandataire-automobile-e1576486268787.jpg\",\"contentUrl\":\"https:\/\/www.carideal.com\/blog\/wp-content\/uploads\/2008\/11\/reprise-voiture-carideal-mandataire-automobile-e1576486268787.jpg\",\"width\":600,\"height\":233,\"caption\":\"Annonce voiture occasion\"},{\"@type\":\"BreadcrumbList\",\"@id\":\"https:\/\/www.carideal.com\/blog\/2008\/11\/07\/petites-annonces-gratuites-de-voitures-doccasions\/#breadcrumb\",\"itemListElement\":[{\"@type\":\"ListItem\",\"position\":1,\"name\":\"Blog Carid\u00e9al\",\"item\":\"https:\/\/www.carideal.com\/blog\/\"},{\"@type\":\"ListItem\",\"position\":2,\"name\":\"March\u00e9 automobile\",\"item\":\"https:\/\/www.carideal.com\/blog\/marche-automobile-voiture-neuve-occasion-4x4-suv\/\"},{\"@type\":\"ListItem\",\"position\":3,\"name\":\"Annonce auto voiture occasion\"}]},{\"@type\":\"WebSite\",\"@id\":\"https:\/\/www.carideal.com\/blog\/#website\",\"url\":\"https:\/\/www.carideal.com\/blog\/\",\"name\":\"Blog auto Carid\u00e9al\",\"description\":\"Actualit\u00e9 auto par des passionn\u00e9s\",\"publisher\":{\"@id\":\"https:\/\/www.carideal.com\/blog\/#organization\"},\"potentialAction\":[{\"@type\":\"SearchAction\",\"target\":{\"@type\":\"EntryPoint\",\"urlTemplate\":\"https:\/\/www.carideal.com\/blog\/?s={search_term_string}\"},\"query-input\":{\"@type\":\"PropertyValueSpecification\",\"valueRequired\":true,\"valueName\":\"search_term_string\"}}],\"inLanguage\":\"fr-FR\"},{\"@type\":\"Organization\",\"@id\":\"https:\/\/www.carideal.com\/blog\/#organization\",\"name\":\"Carideal\",\"url\":\"https:\/\/www.carideal.com\/blog\/\",\"logo\":{\"@type\":\"ImageObject\",\"inLanguage\":\"fr-FR\",\"@id\":\"https:\/\/www.carideal.com\/blog\/#\/schema\/logo\/image\/\",\"url\":\"http:\/\/www.carideal.com\/blog\/wp-content\/uploads\/2016\/03\/logo-carideal-mandataire-automobile.png\",\"contentUrl\":\"http:\/\/www.carideal.com\/blog\/wp-content\/uploads\/2016\/03\/logo-carideal-mandataire-automobile.png\",\"width\":300,\"height\":300,\"caption\":\"Carideal\"},\"image\":{\"@id\":\"https:\/\/www.carideal.com\/blog\/#\/schema\/logo\/image\/\"},\"sameAs\":[\"https:\/\/www.facebook.com\/Carideal.mandataire.automobile\",\"https:\/\/x.com\/caridealauto\",\"https:\/\/www.instagram.com\/carideal1\/\",\"https:\/\/www.linkedin.com\/company\/carideal.com\",\"https:\/\/fr.pinterest.com\/schiavonsas\/\",\"https:\/\/www.youtube.com\/user\/caridealsas\"]},{\"@type\":\"Person\",\"@id\":\"https:\/\/www.carideal.com\/blog\/#\/schema\/person\/985c7e757d1042d647f21bfaf8d41ebc\",\"name\":\"N.S Carideal\",\"image\":{\"@type\":\"ImageObject\",\"inLanguage\":\"fr-FR\",\"@id\":\"https:\/\/www.carideal.com\/blog\/#\/schema\/person\/image\/\",\"url\":\"https:\/\/secure.gravatar.com\/avatar\/edb7ccdf1a4e3d14aef967760d354d0e?s=96&r=g\",\"contentUrl\":\"https:\/\/secure.gravatar.com\/avatar\/edb7ccdf1a4e3d14aef967760d354d0e?s=96&r=g\",\"caption\":\"N.S Carideal\"},\"description\":\"Depuis tout petit fan d'automobile. Il est question d'essayer et de comparer toutes ces voitures qui nous ont fait r\u00e9ver, avant que celles-ci ne devient uniquement des voitures de collection.\",\"sameAs\":[\"http:\/\/www.carideal.com\/blog\",\"https:\/\/www.facebook.com\/Carideal.mandataire.automobile\/\",\"https:\/\/www.linkedin.com\/in\/nschiavon\/\",\"https:\/\/www.youtube.com\/user\/caridealsas\/\"],\"url\":\"https:\/\/www.carideal.com\/blog\/author\/admin_carideal\/\"}]}<\/script>\n<!-- \/ Yoast SEO plugin. -->","yoast_head_json":{"title":"Annonce auto voiture occasion - Blog auto Carid\u00e9al","description":"Annonce auto par marque de voiture et mod\u00e8le sur Carideal.com mandataire auto occasion. Top marques et mod\u00e8les et types de voitures:","robots":{"index":"index","follow":"follow","max-snippet":"max-snippet:-1","max-image-preview":"max-image-preview:large","max-video-preview":"max-video-preview:-1"},"canonical":"https:\/\/www.carideal.com\/blog\/2008\/11\/07\/petites-annonces-gratuites-de-voitures-doccasions\/","og_locale":"fr_FR","og_type":"article","og_title":"Annonce auto voiture occasion - Blog auto Carid\u00e9al","og_description":"Annonce auto par marque de voiture et mod\u00e8le sur Carideal.com mandataire auto occasion. Top marques et mod\u00e8les et types de voitures:","og_url":"https:\/\/www.carideal.com\/blog\/2008\/11\/07\/petites-annonces-gratuites-de-voitures-doccasions\/","og_site_name":"Blog auto Carid\u00e9al","article_publisher":"https:\/\/www.facebook.com\/Carideal.mandataire.automobile","article_author":"https:\/\/www.facebook.com\/Carideal.mandataire.automobile\/","article_published_time":"2008-11-07T10:54:56+00:00","article_modified_time":"2024-01-20T19:29:21+00:00","og_image":[{"width":600,"height":233,"url":"https:\/\/www.carideal.com\/blog\/wp-content\/uploads\/2008\/11\/reprise-voiture-carideal-mandataire-automobile-e1576486268787.jpg","type":"image\/jpeg"}],"author":"N.S Carideal","twitter_card":"summary_large_image","twitter_creator":"@caridealauto","twitter_site":"@caridealauto","twitter_misc":{"\u00c9crit par":"N.S Carideal","Dur\u00e9e de lecture estim\u00e9e":"4 minutes"},"schema":{"@context":"https:\/\/schema.org","@graph":[{"@type":"Article","@id":"https:\/\/www.carideal.com\/blog\/2008\/11\/07\/petites-annonces-gratuites-de-voitures-doccasions\/#article","isPartOf":{"@id":"https:\/\/www.carideal.com\/blog\/2008\/11\/07\/petites-annonces-gratuites-de-voitures-doccasions\/"},"author":{"name":"N.S Carideal","@id":"https:\/\/www.carideal.com\/blog\/#\/schema\/person\/985c7e757d1042d647f21bfaf8d41ebc"},"headline":"Annonce auto voiture occasion","datePublished":"2008-11-07T10:54:56+00:00","dateModified":"2024-01-20T19:29:21+00:00","mainEntityOfPage":{"@id":"https:\/\/www.carideal.com\/blog\/2008\/11\/07\/petites-annonces-gratuites-de-voitures-doccasions\/"},"wordCount":702,"commentCount":0,"publisher":{"@id":"https:\/\/www.carideal.com\/blog\/#organization"},"image":{"@id":"https:\/\/www.carideal.com\/blog\/2008\/11\/07\/petites-annonces-gratuites-de-voitures-doccasions\/#primaryimage"},"thumbnailUrl":"https:\/\/www.carideal.com\/blog\/wp-content\/uploads\/2008\/11\/reprise-voiture-carideal-mandataire-automobile-e1576486268787.jpg","articleSection":["March\u00e9 automobile","Type de v\u00e9hicule"],"inLanguage":"fr-FR","potentialAction":[{"@type":"CommentAction","name":"Comment","target":["https:\/\/www.carideal.com\/blog\/2008\/11\/07\/petites-annonces-gratuites-de-voitures-doccasions\/#respond"]}]},{"@type":"WebPage","@id":"https:\/\/www.carideal.com\/blog\/2008\/11\/07\/petites-annonces-gratuites-de-voitures-doccasions\/","url":"https:\/\/www.carideal.com\/blog\/2008\/11\/07\/petites-annonces-gratuites-de-voitures-doccasions\/","name":"Annonce auto voiture occasion - Blog auto Carid\u00e9al","isPartOf":{"@id":"https:\/\/www.carideal.com\/blog\/#website"},"primaryImageOfPage":{"@id":"https:\/\/www.carideal.com\/blog\/2008\/11\/07\/petites-annonces-gratuites-de-voitures-doccasions\/#primaryimage"},"image":{"@id":"https:\/\/www.carideal.com\/blog\/2008\/11\/07\/petites-annonces-gratuites-de-voitures-doccasions\/#primaryimage"},"thumbnailUrl":"https:\/\/www.carideal.com\/blog\/wp-content\/uploads\/2008\/11\/reprise-voiture-carideal-mandataire-automobile-e1576486268787.jpg","datePublished":"2008-11-07T10:54:56+00:00","dateModified":"2024-01-20T19:29:21+00:00","description":"Annonce auto par marque de voiture et mod\u00e8le sur Carideal.com mandataire auto occasion. Top marques et mod\u00e8les et types de voitures:","breadcrumb":{"@id":"https:\/\/www.carideal.com\/blog\/2008\/11\/07\/petites-annonces-gratuites-de-voitures-doccasions\/#breadcrumb"},"inLanguage":"fr-FR","potentialAction":[{"@type":"ReadAction","target":["https:\/\/www.carideal.com\/blog\/2008\/11\/07\/petites-annonces-gratuites-de-voitures-doccasions\/"]}]},{"@type":"ImageObject","inLanguage":"fr-FR","@id":"https:\/\/www.carideal.com\/blog\/2008\/11\/07\/petites-annonces-gratuites-de-voitures-doccasions\/#primaryimage","url":"https:\/\/www.carideal.com\/blog\/wp-content\/uploads\/2008\/11\/reprise-voiture-carideal-mandataire-automobile-e1576486268787.jpg","contentUrl":"https:\/\/www.carideal.com\/blog\/wp-content\/uploads\/2008\/11\/reprise-voiture-carideal-mandataire-automobile-e1576486268787.jpg","width":600,"height":233,"caption":"Annonce voiture occasion"},{"@type":"BreadcrumbList","@id":"https:\/\/www.carideal.com\/blog\/2008\/11\/07\/petites-annonces-gratuites-de-voitures-doccasions\/#breadcrumb","itemListElement":[{"@type":"ListItem","position":1,"name":"Blog Carid\u00e9al","item":"https:\/\/www.carideal.com\/blog\/"},{"@type":"ListItem","position":2,"name":"March\u00e9 automobile","item":"https:\/\/www.carideal.com\/blog\/marche-automobile-voiture-neuve-occasion-4x4-suv\/"},{"@type":"ListItem","position":3,"name":"Annonce auto voiture occasion"}]},{"@type":"WebSite","@id":"https:\/\/www.carideal.com\/blog\/#website","url":"https:\/\/www.carideal.com\/blog\/","name":"Blog auto Carid\u00e9al","description":"Actualit\u00e9 auto par des passionn\u00e9s","publisher":{"@id":"https:\/\/www.carideal.com\/blog\/#organization"},"potentialAction":[{"@type":"SearchAction","target":{"@type":"EntryPoint","urlTemplate":"https:\/\/www.carideal.com\/blog\/?s={search_term_string}"},"query-input":{"@type":"PropertyValueSpecification","valueRequired":true,"valueName":"search_term_string"}}],"inLanguage":"fr-FR"},{"@type":"Organization","@id":"https:\/\/www.carideal.com\/blog\/#organization","name":"Carideal","url":"https:\/\/www.carideal.com\/blog\/","logo":{"@type":"ImageObject","inLanguage":"fr-FR","@id":"https:\/\/www.carideal.com\/blog\/#\/schema\/logo\/image\/","url":"http:\/\/www.carideal.com\/blog\/wp-content\/uploads\/2016\/03\/logo-carideal-mandataire-automobile.png","contentUrl":"http:\/\/www.carideal.com\/blog\/wp-content\/uploads\/2016\/03\/logo-carideal-mandataire-automobile.png","width":300,"height":300,"caption":"Carideal"},"image":{"@id":"https:\/\/www.carideal.com\/blog\/#\/schema\/logo\/image\/"},"sameAs":["https:\/\/www.facebook.com\/Carideal.mandataire.automobile","https:\/\/x.com\/caridealauto","https:\/\/www.instagram.com\/carideal1\/","https:\/\/www.linkedin.com\/company\/carideal.com","https:\/\/fr.pinterest.com\/schiavonsas\/","https:\/\/www.youtube.com\/user\/caridealsas"]},{"@type":"Person","@id":"https:\/\/www.carideal.com\/blog\/#\/schema\/person\/985c7e757d1042d647f21bfaf8d41ebc","name":"N.S Carideal","image":{"@type":"ImageObject","inLanguage":"fr-FR","@id":"https:\/\/www.carideal.com\/blog\/#\/schema\/person\/image\/","url":"https:\/\/secure.gravatar.com\/avatar\/edb7ccdf1a4e3d14aef967760d354d0e?s=96&r=g","contentUrl":"https:\/\/secure.gravatar.com\/avatar\/edb7ccdf1a4e3d14aef967760d354d0e?s=96&r=g","caption":"N.S Carideal"},"description":"Depuis tout petit fan d'automobile. Il est question d'essayer et de comparer toutes ces voitures qui nous ont fait r\u00e9ver, avant que celles-ci ne devient uniquement des voitures de collection.","sameAs":["http:\/\/www.carideal.com\/blog","https:\/\/www.facebook.com\/Carideal.mandataire.automobile\/","https:\/\/www.linkedin.com\/in\/nschiavon\/","https:\/\/www.youtube.com\/user\/caridealsas\/"],"url":"https:\/\/www.carideal.com\/blog\/author\/admin_carideal\/"}]}},"uagb_featured_image_src":{"full":["https:\/\/www.carideal.com\/blog\/wp-content\/uploads\/2008\/11\/reprise-voiture-carideal-mandataire-automobile-e1576486268787.jpg",600,233,false],"thumbnail":["https:\/\/www.carideal.com\/blog\/wp-content\/uploads\/2008\/11\/reprise-voiture-carideal-mandataire-automobile-150x150.jpg",150,150,true],"medium":["https:\/\/www.carideal.com\/blog\/wp-content\/uploads\/2008\/11\/reprise-voiture-carideal-mandataire-automobile-300x117.jpg",300,117,true],"medium_large":["https:\/\/www.carideal.com\/blog\/wp-content\/uploads\/2008\/11\/reprise-voiture-carideal-mandataire-automobile-e1576486268787.jpg",600,233,false],"large":["https:\/\/www.carideal.com\/blog\/wp-content\/uploads\/2008\/11\/reprise-voiture-carideal-mandataire-automobile-e1576486268787.jpg",600,233,false],"1536x1536":["https:\/\/www.carideal.com\/blog\/wp-content\/uploads\/2008\/11\/reprise-voiture-carideal-mandataire-automobile-e1576486268787.jpg",600,233,false],"2048x2048":["https:\/\/www.carideal.com\/blog\/wp-content\/uploads\/2008\/11\/reprise-voiture-carideal-mandataire-automobile-e1576486268787.jpg",600,233,false],"wppr-widget":["https:\/\/www.carideal.com\/blog\/wp-content\/uploads\/2008\/11\/reprise-voiture-carideal-mandataire-automobile-e1576486268787.jpg",50,19,false]},"uagb_author_info":{"display_name":"N.S Carideal","author_link":"https:\/\/www.carideal.com\/blog\/author\/admin_carideal\/"},"uagb_comment_info":0,"uagb_excerpt":"Annonce auto&nbsp;de voitures d'occasions par mandataire auto occasion Annonce auto&nbsp;par marque de voiture et mod\u00e8le sur&nbsp;Carideal.com mandataire auto occasion. Top marques DE VOITURE et mod\u00e8les Types de voitures BMW FORD BMW 320 Utilitaire AUDI OPEL RENAULT MEGANE 4x4 MERCEDES TOYOTA VW PASSAT Monospace VOLKSWAGEN ALFA ROMEO PEUGEOT 206 Break RENAULT VW GOLF PEUGEOT 307 Coup\u00e9\u2026","_links":{"self":[{"href":"https:\/\/www.carideal.com\/blog\/wp-json\/wp\/v2\/posts\/372"}],"collection":[{"href":"https:\/\/www.carideal.com\/blog\/wp-json\/wp\/v2\/posts"}],"about":[{"href":"https:\/\/www.carideal.com\/blog\/wp-json\/wp\/v2\/types\/post"}],"author":[{"embeddable":true,"href":"https:\/\/www.carideal.com\/blog\/wp-json\/wp\/v2\/users\/1"}],"replies":[{"embeddable":true,"href":"https:\/\/www.carideal.com\/blog\/wp-json\/wp\/v2\/comments?post=372"}],"version-history":[{"count":0,"href":"https:\/\/www.carideal.com\/blog\/wp-json\/wp\/v2\/posts\/372\/revisions"}],"wp:featuredmedia":[{"embeddable":true,"href":"https:\/\/www.carideal.com\/blog\/wp-json\/wp\/v2\/media\/8666"}],"wp:attachment":[{"href":"https:\/\/www.carideal.com\/blog\/wp-json\/wp\/v2\/media?parent=372"}],"wp:term":[{"taxonomy":"category","embeddable":true,"href":"https:\/\/www.carideal.com\/blog\/wp-json\/wp\/v2\/categories?post=372"},{"taxonomy":"post_tag","embeddable":true,"href":"https:\/\/www.carideal.com\/blog\/wp-json\/wp\/v2\/tags?post=372"}],"curies":[{"name":"wp","href":"https:\/\/api.w.org\/{rel}","templated":true}]}}