{"id":37,"date":"2013-09-03T10:50:00","date_gmt":"2013-09-03T10:50:00","guid":{"rendered":"http:\/\/carideal.com\/blog\/?p=37"},"modified":"2020-03-07T16:45:20","modified_gmt":"2020-03-07T15:45:20","slug":"achat-renault-koleos-suv-doccasion","status":"publish","type":"post","link":"https:\/\/www.carideal.com\/blog\/2013\/09\/03\/achat-renault-koleos-suv-doccasion\/","title":{"rendered":"Koleos d&rsquo;occasion"},"content":{"rendered":" Koleos d'occasion\n<h1><strong>Guide d'achat\u00a0du\u00a0Renault Koleos d'occasion<\/strong><\/h1>\n<p>Certains disent que le <strong>KOLEOS D'OCCASION<\/strong> ne se vend pas \u00e0 cause de son look ?.... Ben avez seulement vu le <span style=\"text-decoration: underline;\">Nissan Qashqai<\/span> ou le <span style=\"text-decoration: underline;\">Peugeot 3008<\/span>\u00a0? Non je dirais que c'est plus par ce le <span style=\"text-decoration: underline;\">Koleos<\/span>\u00a0n'est quasi disponible qu'en <span style=\"text-decoration: underline;\">4x4<\/span> et \"fortes motorisations\" c'est \u00e0 dire 150 et 175 ch en diesel. Il est donc soumis \u00e0 un <span style=\"text-decoration: underline;\"><a href=\"http:\/\/www.carideal.com\/blog\/2011\/09\/26\/bonus-malus-2012-la-gabegie-continue\/\">malus<\/a><\/span> ce qui est r\u00e9dhibitoire en France. Un v\u00e9hicule lourd, 4x4 qui plus est, ce qui rajoute du poids, haut, avec des gros pneus, vous avez le cocktail d\u00e9tonnant pour augmenter la consommation et passer la barre du malus, effet psychologique garantie, pour rendre un v\u00e9hicule invendable.<\/p>\n<h2>Le Koleos d'occasion facile \u00e0 Vivre<\/h2>\n<p>Le Koleos est fabriqu\u00e9 chez Samsung en Cor\u00e9e du sud, une marque de l'Alliance Renault Nissan, mais on reconnais la patte et l'exp\u00e9rience de <span style=\"text-decoration: underline;\">Renault<\/span> dans les monospaces, le constructeur y a impl\u00e9menter des rangements tr\u00e8s pratiques un peu partout, plancher, dossiers, tablettes etc. ce qui rend le Kol\u00e9os d'occasion, facile a vivre, avec beaucoup d'ergonomie.<br \/>\nLe Koleos d'occasion est tr\u00e8s confortable et silencieux et les moteurs diesels puissants font tr\u00e8s bien leur travail. L'\u00e9quipement de s\u00e9rie est complet et les prix tr\u00e8s attractifs.<br \/>\nPar contre du \u00e0 son confort, ce v\u00e9hicule haut perch\u00e9 va se trouver un peu pataud et va subir des mouvements de caisse. La fabrication ne souffre d'aucun d\u00e9fauts majeurs si ce n'est des pneus qui ont du mal \u00e0 d\u00e9passer 30000 km.<\/p>\n<p>On trouve des Renault Koleos d'occasion avec le moteur 2.0 DCI 150 Dynamique 4x4 de 2010 \u00e0 45000 km en <span style=\"text-decoration: underline;\">voiture d'occasion<\/span> \u00e0 partir de 15000 \u20ac. Pensez \u00e0 souscrire une <span style=\"text-decoration: underline;\"><a href=\"http:\/\/www.carideal.com\/content\/7-extension-garantie\">extension de garantie<\/a><\/span> apr\u00e8s l'achat de votre Renault koleos d'ocasion, afin de p\u00e9r\u00e9niser votre achat et d'\u00eatre couvert en cas de sinistre.<\/p>\n<p>&nbsp;<\/p>\n","protected":false},"excerpt":{"rendered":"<p>Guide d&rsquo;achat\u00a0du\u00a0Renault Koleos d&rsquo;occasion Certains disent que le KOLEOS D&rsquo;OCCASION ne se vend pas \u00e0 cause de son look ?&#8230;. Ben avez seulement vu le Nissan Qashqai ou le Peugeot 3008\u00a0? Non je dirais que c&rsquo;est plus par ce le Koleos\u00a0n&rsquo;est quasi disponible qu&rsquo;en 4&#215;4 et \u00ab\u00a0fortes motorisations\u00a0\u00bb c&rsquo;est \u00e0 dire 150 et 175 ch &#8230; <a title=\"Koleos d&rsquo;occasion\" class=\"read-more\" href=\"https:\/\/www.carideal.com\/blog\/2013\/09\/03\/achat-renault-koleos-suv-doccasion\/\" aria-label=\"En savoir plus sur Koleos d&rsquo;occasion\">Lire plus<\/a><\/p>\n","protected":false},"author":1,"featured_media":0,"comment_status":"open","ping_status":"open","sticky":false,"template":"","format":"standard","meta":{"_uag_custom_page_level_css":"","_themeisle_gutenberg_block_has_review":false,"footnotes":""},"categories":[2,5944,5963,6025,6010,5974],"tags":[5044],"class_list":["post-37","post","type-post","status-publish","format-standard","hentry","category-4x4-suv","category-constructeur","category-renault","category-occasion-type-de-vehicule-type-de-vehicule","category-suv","category-type-de-vehicule","tag-guide-achat"],"wppr_data":[],"yoast_head":"<!-- This site is optimized with the Yoast SEO plugin v24.8.1 - https:\/\/yoast.com\/wordpress\/plugins\/seo\/ -->\n<title>Koleos d&#039;occasion - Blog auto Carid\u00e9al<\/title>\n<meta name=\"description\" content=\"Certains disent que le KOLEOS D&#039;OCCASION ne se vend pas \u00e0 cause de son look ? c&#039;est par ce qu&#039;il n&#039;est quasi disponible qu&#039;en 4x4 et &quot;fortes motorisations&quot;\" \/>\n<meta name=\"robots\" content=\"index, follow, max-snippet:-1, max-image-preview:large, max-video-preview:-1\" \/>\n<link rel=\"canonical\" href=\"https:\/\/www.carideal.com\/blog\/2013\/09\/03\/achat-renault-koleos-suv-doccasion\/\" \/>\n<meta property=\"og:locale\" content=\"fr_FR\" \/>\n<meta property=\"og:type\" content=\"article\" \/>\n<meta property=\"og:title\" content=\"Koleos d&#039;occasion - Blog auto Carid\u00e9al\" \/>\n<meta property=\"og:description\" content=\"Certains disent que le KOLEOS D&#039;OCCASION ne se vend pas \u00e0 cause de son look ? c&#039;est par ce qu&#039;il n&#039;est quasi disponible qu&#039;en 4x4 et &quot;fortes motorisations&quot;\" \/>\n<meta property=\"og:url\" content=\"https:\/\/www.carideal.com\/blog\/2013\/09\/03\/achat-renault-koleos-suv-doccasion\/\" \/>\n<meta property=\"og:site_name\" content=\"Blog auto Carid\u00e9al\" \/>\n<meta property=\"article:publisher\" content=\"https:\/\/www.facebook.com\/Carideal.mandataire.automobile\" \/>\n<meta property=\"article:author\" content=\"https:\/\/www.facebook.com\/Carideal.mandataire.automobile\/\" \/>\n<meta property=\"article:published_time\" content=\"2013-09-03T10:50:00+00:00\" \/>\n<meta property=\"article:modified_time\" content=\"2020-03-07T15:45:20+00:00\" \/>\n<meta property=\"og:image\" content=\"https:\/\/www.carideal.com\/blog\/wp-content\/uploads\/2016\/03\/logo-carideal-mandataire-automobile.png\" \/>\n\t<meta property=\"og:image:width\" content=\"300\" \/>\n\t<meta property=\"og:image:height\" content=\"300\" \/>\n\t<meta property=\"og:image:type\" content=\"image\/png\" \/>\n<meta name=\"author\" content=\"N.S Carideal\" \/>\n<meta name=\"twitter:card\" content=\"summary_large_image\" \/>\n<meta name=\"twitter:creator\" content=\"@caridealauto\" \/>\n<meta name=\"twitter:site\" content=\"@caridealauto\" \/>\n<meta name=\"twitter:label1\" content=\"\u00c9crit par\" \/>\n\t<meta name=\"twitter:data1\" content=\"N.S Carideal\" \/>\n\t<meta name=\"twitter:label2\" content=\"Dur\u00e9e de lecture estim\u00e9e\" \/>\n\t<meta name=\"twitter:data2\" content=\"2 minutes\" \/>\n<script type=\"application\/ld+json\" class=\"yoast-schema-graph\">{\"@context\":\"https:\/\/schema.org\",\"@graph\":[{\"@type\":\"Article\",\"@id\":\"https:\/\/www.carideal.com\/blog\/2013\/09\/03\/achat-renault-koleos-suv-doccasion\/#article\",\"isPartOf\":{\"@id\":\"https:\/\/www.carideal.com\/blog\/2013\/09\/03\/achat-renault-koleos-suv-doccasion\/\"},\"author\":{\"name\":\"N.S Carideal\",\"@id\":\"https:\/\/www.carideal.com\/blog\/#\/schema\/person\/985c7e757d1042d647f21bfaf8d41ebc\"},\"headline\":\"Koleos d&rsquo;occasion\",\"datePublished\":\"2013-09-03T10:50:00+00:00\",\"dateModified\":\"2020-03-07T15:45:20+00:00\",\"mainEntityOfPage\":{\"@id\":\"https:\/\/www.carideal.com\/blog\/2013\/09\/03\/achat-renault-koleos-suv-doccasion\/\"},\"wordCount\":311,\"commentCount\":0,\"publisher\":{\"@id\":\"https:\/\/www.carideal.com\/blog\/#organization\"},\"keywords\":[\"Guide achat voiture\"],\"articleSection\":[\"4X4 Actualit\u00e9\",\"Actualit\u00e9 Constructeur automobile\",\"Actualit\u00e9 Renault\",\"Essai Voiture Occasion\",\"SUV\",\"Type de v\u00e9hicule\"],\"inLanguage\":\"fr-FR\",\"potentialAction\":[{\"@type\":\"CommentAction\",\"name\":\"Comment\",\"target\":[\"https:\/\/www.carideal.com\/blog\/2013\/09\/03\/achat-renault-koleos-suv-doccasion\/#respond\"]}]},{\"@type\":\"WebPage\",\"@id\":\"https:\/\/www.carideal.com\/blog\/2013\/09\/03\/achat-renault-koleos-suv-doccasion\/\",\"url\":\"https:\/\/www.carideal.com\/blog\/2013\/09\/03\/achat-renault-koleos-suv-doccasion\/\",\"name\":\"Koleos d'occasion - Blog auto Carid\u00e9al\",\"isPartOf\":{\"@id\":\"https:\/\/www.carideal.com\/blog\/#website\"},\"datePublished\":\"2013-09-03T10:50:00+00:00\",\"dateModified\":\"2020-03-07T15:45:20+00:00\",\"description\":\"Certains disent que le KOLEOS D'OCCASION ne se vend pas \u00e0 cause de son look ? c'est par ce qu'il n'est quasi disponible qu'en 4x4 et \\\"fortes motorisations\\\"\",\"breadcrumb\":{\"@id\":\"https:\/\/www.carideal.com\/blog\/2013\/09\/03\/achat-renault-koleos-suv-doccasion\/#breadcrumb\"},\"inLanguage\":\"fr-FR\",\"potentialAction\":[{\"@type\":\"ReadAction\",\"target\":[\"https:\/\/www.carideal.com\/blog\/2013\/09\/03\/achat-renault-koleos-suv-doccasion\/\"]}]},{\"@type\":\"BreadcrumbList\",\"@id\":\"https:\/\/www.carideal.com\/blog\/2013\/09\/03\/achat-renault-koleos-suv-doccasion\/#breadcrumb\",\"itemListElement\":[{\"@type\":\"ListItem\",\"position\":1,\"name\":\"Blog Carid\u00e9al\",\"item\":\"https:\/\/www.carideal.com\/blog\/\"},{\"@type\":\"ListItem\",\"position\":2,\"name\":\"Type de v\u00e9hicule\",\"item\":\"https:\/\/www.carideal.com\/blog\/type-de-vehicule\/\"},{\"@type\":\"ListItem\",\"position\":3,\"name\":\"4X4 Actualit\u00e9\",\"item\":\"https:\/\/www.carideal.com\/blog\/type-de-vehicule\/4x4-suv\/\"},{\"@type\":\"ListItem\",\"position\":4,\"name\":\"Koleos d&rsquo;occasion\"}]},{\"@type\":\"WebSite\",\"@id\":\"https:\/\/www.carideal.com\/blog\/#website\",\"url\":\"https:\/\/www.carideal.com\/blog\/\",\"name\":\"Blog auto Carid\u00e9al\",\"description\":\"Actualit\u00e9 auto par des passionn\u00e9s\",\"publisher\":{\"@id\":\"https:\/\/www.carideal.com\/blog\/#organization\"},\"potentialAction\":[{\"@type\":\"SearchAction\",\"target\":{\"@type\":\"EntryPoint\",\"urlTemplate\":\"https:\/\/www.carideal.com\/blog\/?s={search_term_string}\"},\"query-input\":{\"@type\":\"PropertyValueSpecification\",\"valueRequired\":true,\"valueName\":\"search_term_string\"}}],\"inLanguage\":\"fr-FR\"},{\"@type\":\"Organization\",\"@id\":\"https:\/\/www.carideal.com\/blog\/#organization\",\"name\":\"Carideal\",\"url\":\"https:\/\/www.carideal.com\/blog\/\",\"logo\":{\"@type\":\"ImageObject\",\"inLanguage\":\"fr-FR\",\"@id\":\"https:\/\/www.carideal.com\/blog\/#\/schema\/logo\/image\/\",\"url\":\"http:\/\/www.carideal.com\/blog\/wp-content\/uploads\/2016\/03\/logo-carideal-mandataire-automobile.png\",\"contentUrl\":\"http:\/\/www.carideal.com\/blog\/wp-content\/uploads\/2016\/03\/logo-carideal-mandataire-automobile.png\",\"width\":300,\"height\":300,\"caption\":\"Carideal\"},\"image\":{\"@id\":\"https:\/\/www.carideal.com\/blog\/#\/schema\/logo\/image\/\"},\"sameAs\":[\"https:\/\/www.facebook.com\/Carideal.mandataire.automobile\",\"https:\/\/x.com\/caridealauto\",\"https:\/\/www.instagram.com\/carideal1\/\",\"https:\/\/www.linkedin.com\/company\/carideal.com\",\"https:\/\/fr.pinterest.com\/schiavonsas\/\",\"https:\/\/www.youtube.com\/user\/caridealsas\"]},{\"@type\":\"Person\",\"@id\":\"https:\/\/www.carideal.com\/blog\/#\/schema\/person\/985c7e757d1042d647f21bfaf8d41ebc\",\"name\":\"N.S Carideal\",\"image\":{\"@type\":\"ImageObject\",\"inLanguage\":\"fr-FR\",\"@id\":\"https:\/\/www.carideal.com\/blog\/#\/schema\/person\/image\/\",\"url\":\"https:\/\/secure.gravatar.com\/avatar\/edb7ccdf1a4e3d14aef967760d354d0e?s=96&r=g\",\"contentUrl\":\"https:\/\/secure.gravatar.com\/avatar\/edb7ccdf1a4e3d14aef967760d354d0e?s=96&r=g\",\"caption\":\"N.S Carideal\"},\"description\":\"Depuis tout petit fan d'automobile. Il est question d'essayer et de comparer toutes ces voitures qui nous ont fait r\u00e9ver, avant que celles-ci ne devient uniquement des voitures de collection.\",\"sameAs\":[\"http:\/\/www.carideal.com\/blog\",\"https:\/\/www.facebook.com\/Carideal.mandataire.automobile\/\",\"https:\/\/www.linkedin.com\/in\/nschiavon\/\",\"https:\/\/www.youtube.com\/user\/caridealsas\/\"],\"url\":\"https:\/\/www.carideal.com\/blog\/author\/admin_carideal\/\"}]}<\/script>\n<!-- \/ Yoast SEO plugin. -->","yoast_head_json":{"title":"Koleos d'occasion - Blog auto Carid\u00e9al","description":"Certains disent que le KOLEOS D'OCCASION ne se vend pas \u00e0 cause de son look ? c'est par ce qu'il n'est quasi disponible qu'en 4x4 et \"fortes motorisations\"","robots":{"index":"index","follow":"follow","max-snippet":"max-snippet:-1","max-image-preview":"max-image-preview:large","max-video-preview":"max-video-preview:-1"},"canonical":"https:\/\/www.carideal.com\/blog\/2013\/09\/03\/achat-renault-koleos-suv-doccasion\/","og_locale":"fr_FR","og_type":"article","og_title":"Koleos d'occasion - Blog auto Carid\u00e9al","og_description":"Certains disent que le KOLEOS D'OCCASION ne se vend pas \u00e0 cause de son look ? c'est par ce qu'il n'est quasi disponible qu'en 4x4 et \"fortes motorisations\"","og_url":"https:\/\/www.carideal.com\/blog\/2013\/09\/03\/achat-renault-koleos-suv-doccasion\/","og_site_name":"Blog auto Carid\u00e9al","article_publisher":"https:\/\/www.facebook.com\/Carideal.mandataire.automobile","article_author":"https:\/\/www.facebook.com\/Carideal.mandataire.automobile\/","article_published_time":"2013-09-03T10:50:00+00:00","article_modified_time":"2020-03-07T15:45:20+00:00","og_image":[{"width":300,"height":300,"url":"https:\/\/www.carideal.com\/blog\/wp-content\/uploads\/2016\/03\/logo-carideal-mandataire-automobile.png","type":"image\/png"}],"author":"N.S Carideal","twitter_card":"summary_large_image","twitter_creator":"@caridealauto","twitter_site":"@caridealauto","twitter_misc":{"\u00c9crit par":"N.S Carideal","Dur\u00e9e de lecture estim\u00e9e":"2 minutes"},"schema":{"@context":"https:\/\/schema.org","@graph":[{"@type":"Article","@id":"https:\/\/www.carideal.com\/blog\/2013\/09\/03\/achat-renault-koleos-suv-doccasion\/#article","isPartOf":{"@id":"https:\/\/www.carideal.com\/blog\/2013\/09\/03\/achat-renault-koleos-suv-doccasion\/"},"author":{"name":"N.S Carideal","@id":"https:\/\/www.carideal.com\/blog\/#\/schema\/person\/985c7e757d1042d647f21bfaf8d41ebc"},"headline":"Koleos d&rsquo;occasion","datePublished":"2013-09-03T10:50:00+00:00","dateModified":"2020-03-07T15:45:20+00:00","mainEntityOfPage":{"@id":"https:\/\/www.carideal.com\/blog\/2013\/09\/03\/achat-renault-koleos-suv-doccasion\/"},"wordCount":311,"commentCount":0,"publisher":{"@id":"https:\/\/www.carideal.com\/blog\/#organization"},"keywords":["Guide achat voiture"],"articleSection":["4X4 Actualit\u00e9","Actualit\u00e9 Constructeur automobile","Actualit\u00e9 Renault","Essai Voiture Occasion","SUV","Type de v\u00e9hicule"],"inLanguage":"fr-FR","potentialAction":[{"@type":"CommentAction","name":"Comment","target":["https:\/\/www.carideal.com\/blog\/2013\/09\/03\/achat-renault-koleos-suv-doccasion\/#respond"]}]},{"@type":"WebPage","@id":"https:\/\/www.carideal.com\/blog\/2013\/09\/03\/achat-renault-koleos-suv-doccasion\/","url":"https:\/\/www.carideal.com\/blog\/2013\/09\/03\/achat-renault-koleos-suv-doccasion\/","name":"Koleos d'occasion - Blog auto Carid\u00e9al","isPartOf":{"@id":"https:\/\/www.carideal.com\/blog\/#website"},"datePublished":"2013-09-03T10:50:00+00:00","dateModified":"2020-03-07T15:45:20+00:00","description":"Certains disent que le KOLEOS D'OCCASION ne se vend pas \u00e0 cause de son look ? c'est par ce qu'il n'est quasi disponible qu'en 4x4 et \"fortes motorisations\"","breadcrumb":{"@id":"https:\/\/www.carideal.com\/blog\/2013\/09\/03\/achat-renault-koleos-suv-doccasion\/#breadcrumb"},"inLanguage":"fr-FR","potentialAction":[{"@type":"ReadAction","target":["https:\/\/www.carideal.com\/blog\/2013\/09\/03\/achat-renault-koleos-suv-doccasion\/"]}]},{"@type":"BreadcrumbList","@id":"https:\/\/www.carideal.com\/blog\/2013\/09\/03\/achat-renault-koleos-suv-doccasion\/#breadcrumb","itemListElement":[{"@type":"ListItem","position":1,"name":"Blog Carid\u00e9al","item":"https:\/\/www.carideal.com\/blog\/"},{"@type":"ListItem","position":2,"name":"Type de v\u00e9hicule","item":"https:\/\/www.carideal.com\/blog\/type-de-vehicule\/"},{"@type":"ListItem","position":3,"name":"4X4 Actualit\u00e9","item":"https:\/\/www.carideal.com\/blog\/type-de-vehicule\/4x4-suv\/"},{"@type":"ListItem","position":4,"name":"Koleos d&rsquo;occasion"}]},{"@type":"WebSite","@id":"https:\/\/www.carideal.com\/blog\/#website","url":"https:\/\/www.carideal.com\/blog\/","name":"Blog auto Carid\u00e9al","description":"Actualit\u00e9 auto par des passionn\u00e9s","publisher":{"@id":"https:\/\/www.carideal.com\/blog\/#organization"},"potentialAction":[{"@type":"SearchAction","target":{"@type":"EntryPoint","urlTemplate":"https:\/\/www.carideal.com\/blog\/?s={search_term_string}"},"query-input":{"@type":"PropertyValueSpecification","valueRequired":true,"valueName":"search_term_string"}}],"inLanguage":"fr-FR"},{"@type":"Organization","@id":"https:\/\/www.carideal.com\/blog\/#organization","name":"Carideal","url":"https:\/\/www.carideal.com\/blog\/","logo":{"@type":"ImageObject","inLanguage":"fr-FR","@id":"https:\/\/www.carideal.com\/blog\/#\/schema\/logo\/image\/","url":"http:\/\/www.carideal.com\/blog\/wp-content\/uploads\/2016\/03\/logo-carideal-mandataire-automobile.png","contentUrl":"http:\/\/www.carideal.com\/blog\/wp-content\/uploads\/2016\/03\/logo-carideal-mandataire-automobile.png","width":300,"height":300,"caption":"Carideal"},"image":{"@id":"https:\/\/www.carideal.com\/blog\/#\/schema\/logo\/image\/"},"sameAs":["https:\/\/www.facebook.com\/Carideal.mandataire.automobile","https:\/\/x.com\/caridealauto","https:\/\/www.instagram.com\/carideal1\/","https:\/\/www.linkedin.com\/company\/carideal.com","https:\/\/fr.pinterest.com\/schiavonsas\/","https:\/\/www.youtube.com\/user\/caridealsas"]},{"@type":"Person","@id":"https:\/\/www.carideal.com\/blog\/#\/schema\/person\/985c7e757d1042d647f21bfaf8d41ebc","name":"N.S Carideal","image":{"@type":"ImageObject","inLanguage":"fr-FR","@id":"https:\/\/www.carideal.com\/blog\/#\/schema\/person\/image\/","url":"https:\/\/secure.gravatar.com\/avatar\/edb7ccdf1a4e3d14aef967760d354d0e?s=96&r=g","contentUrl":"https:\/\/secure.gravatar.com\/avatar\/edb7ccdf1a4e3d14aef967760d354d0e?s=96&r=g","caption":"N.S Carideal"},"description":"Depuis tout petit fan d'automobile. Il est question d'essayer et de comparer toutes ces voitures qui nous ont fait r\u00e9ver, avant que celles-ci ne devient uniquement des voitures de collection.","sameAs":["http:\/\/www.carideal.com\/blog","https:\/\/www.facebook.com\/Carideal.mandataire.automobile\/","https:\/\/www.linkedin.com\/in\/nschiavon\/","https:\/\/www.youtube.com\/user\/caridealsas\/"],"url":"https:\/\/www.carideal.com\/blog\/author\/admin_carideal\/"}]}},"uagb_featured_image_src":{"full":false,"thumbnail":false,"medium":false,"medium_large":false,"large":false,"1536x1536":false,"2048x2048":false,"wppr-widget":false},"uagb_author_info":{"display_name":"N.S Carideal","author_link":"https:\/\/www.carideal.com\/blog\/author\/admin_carideal\/"},"uagb_comment_info":0,"uagb_excerpt":"Guide d'achat\u00a0du\u00a0Renault Koleos d'occasion Certains disent que le KOLEOS D'OCCASION ne se vend pas \u00e0 cause de son look ?.... Ben avez seulement vu le Nissan Qashqai ou le Peugeot 3008\u00a0? Non je dirais que c'est plus par ce le Koleos\u00a0n'est quasi disponible qu'en 4x4 et \"fortes motorisations\" c'est \u00e0 dire 150 et 175 ch\u2026","_links":{"self":[{"href":"https:\/\/www.carideal.com\/blog\/wp-json\/wp\/v2\/posts\/37"}],"collection":[{"href":"https:\/\/www.carideal.com\/blog\/wp-json\/wp\/v2\/posts"}],"about":[{"href":"https:\/\/www.carideal.com\/blog\/wp-json\/wp\/v2\/types\/post"}],"author":[{"embeddable":true,"href":"https:\/\/www.carideal.com\/blog\/wp-json\/wp\/v2\/users\/1"}],"replies":[{"embeddable":true,"href":"https:\/\/www.carideal.com\/blog\/wp-json\/wp\/v2\/comments?post=37"}],"version-history":[{"count":0,"href":"https:\/\/www.carideal.com\/blog\/wp-json\/wp\/v2\/posts\/37\/revisions"}],"wp:attachment":[{"href":"https:\/\/www.carideal.com\/blog\/wp-json\/wp\/v2\/media?parent=37"}],"wp:term":[{"taxonomy":"category","embeddable":true,"href":"https:\/\/www.carideal.com\/blog\/wp-json\/wp\/v2\/categories?post=37"},{"taxonomy":"post_tag","embeddable":true,"href":"https:\/\/www.carideal.com\/blog\/wp-json\/wp\/v2\/tags?post=37"}],"curies":[{"name":"wp","href":"https:\/\/api.w.org\/{rel}","templated":true}]}}