{"id":365,"date":"2008-10-21T08:14:25","date_gmt":"2008-10-21T08:14:25","guid":{"rendered":"http:\/\/carideal.com\/blog\/?p=365"},"modified":"2023-08-24T11:37:07","modified_gmt":"2023-08-24T09:37:07","slug":"record-de-frequentation-pour-le-mondial-de-lautomobile","status":"publish","type":"post","link":"https:\/\/www.carideal.com\/blog\/2008\/10\/21\/record-de-frequentation-pour-le-mondial-de-lautomobile\/","title":{"rendered":"Record de fr\u00e9quentation pour le Mondial de l&rsquo;automobile 2008"},"content":{"rendered":"\n<h2 class=\"wp-block-heading\">Record de fr\u00e9quentation pour le Mondial de l'automobile 2008<\/h2>\n\n\n\n<p>En pleine <a href=\"http:\/\/www.carideal.com\/blog\/2008\/11\/27\/plan-de-relance-francais-pour-lautomobile-baisse-de-tva\/\">crise financi\u00e8re<\/a>, et morosit\u00e9 ambiante, le salon de l'automobile de Paris qui vient de fermer ses portes le 19 Octobre n'en a pas souffert. Sa <strong>fr\u00e9quentation a \u00e9t\u00e9 de 1.433 Millions de visiteurs<\/strong>. Ce sont surtout les petites voitures et les voitures propres qui ont attir\u00e9 le chaland dixit les organisateurs. <a href=\"http:\/\/www.carideal.com\/blog\/marque-de-voiture-actualites-essais\/\">Tous les constructeurs<\/a> se f\u00e9licitent du nombre de contacts pris en hausse par rapport aux ann\u00e9es pr\u00e9c\u00e9dentes, ce qui est en g\u00e9n\u00e9ral un bon signe pour les derniers mois de l'ann\u00e9e. Apr\u00e8s un mauvais mois d'aout, -15%, de Septembre, -8%, on peut esp\u00e9rer donc que le march\u00e9 se ressaisisse.<\/p>\n\n\n\n<h3 class=\"wp-block-heading\">Un Mondial de l'auto record<\/h3>\n\n\n\n<p>L'\u00e9dition 2008 du Mondial de l'automobile restera grav\u00e9e dans les m\u00e9moires comme un \u00e9v\u00e9nement d'envergure. Malgr\u00e9 la crise financi\u00e8re et le ralentissement \u00e9conomique, ce salon a attir\u00e9 pr\u00e8s d'1,5 million de visiteurs, soit une augmentation de 100 000 par rapport \u00e0 la derni\u00e8re \u00e9dition. Plus de 362 marques de 25 pays \u00e9taient pr\u00e9sentes, d\u00e9voilant plus de 90 nouveaut\u00e9s en premi\u00e8re mondiale. Mais comment un tel succ\u00e8s a-t-il \u00e9t\u00e9 possible en pleine tourmente \u00e9conomique ?<\/p>\n\n\n\n<h3 class=\"wp-block-heading\">Les v\u00e9hicules \u00e9lectriques et hybrides sur le devant de la sc\u00e8ne<\/h3>\n\n\n\n<p>Au cours de ce Mondial de l'auto, les constructeurs ont unanimement mis l'accent sur les nouvelles technologies et les voitures vertes. Les groupes fran\u00e7ais, par exemple, ont pr\u00e9sent\u00e9 des innovations telles que la <a href=\"http:\/\/www.carideal.com\/blog\/2008\/11\/28\/nouvelle-renault-megane-3\/\">Renault M\u00e9gane<\/a>, la <a href=\"http:\/\/www.carideal.com\/blog\/2010\/04\/23\/citroen-c3-picasso-le-bon-compromis\/\">Citro\u00ebn C3 Picasso<\/a> et la Peugeot 308 CC. Ils ont \u00e9galement d\u00e9voil\u00e9 leurs strat\u00e9gies pour d\u00e9velopper des voitures de plus en plus respectueuses de l'environnement. Quels \u00e9taient les principaux projets annonc\u00e9s par ces constructeurs en mati\u00e8re de mobilit\u00e9 durable ?<\/p>\n\n\n\n<h3 class=\"wp-block-heading\">Les grands projets de mobilit\u00e9 durable<\/h3>\n\n\n\n<p>Lors de ce salon, <a href=\"http:\/\/www.carideal.com\/blog\/marque-de-voiture-actualites-essais\/renault\/\">Renault<\/a> a pr\u00e9sent\u00e9 le <a href=\"http:\/\/www.carideal.com\/blog\/2009\/07\/04\/renault-devoile-son-concept-ze-electrique-au-salon-de-francfort\/\">prototype ZE Concept<\/a>, qui symbolise son engagement \u00e0 produire des <a href=\"http:\/\/www.carideal.com\/blog\/2013\/07\/27\/quelle-voitures-electriques-en-france\/\">v\u00e9hicules \u00e9lectriques<\/a> d\u00e8s 2011. De son c\u00f4t\u00e9, <a href=\"http:\/\/www.carideal.com\/blog\/2015\/05\/05\/des-nouvelles-hybrides-avant-2019-pour-ds-citroen-peugeot\/\">PSA<\/a> a annonc\u00e9 un vaste programme de d\u00e9veloppement de v\u00e9hicules hybrides diesel-\u00e9lectricit\u00e9 d\u00e8s 2011, avec des prototypes tels que la Peugeot Prologue. Les constructeurs \u00e9trangers, tels que <a href=\"http:\/\/www.carideal.com\/blog\/marque-de-voiture-actualites-essais\/honda\/\">Honda<\/a> et Mitsubishi, ont \u00e9galement expos\u00e9 leurs projets en mati\u00e8re de voitures \u00e9lectriques et hybrides. Mais ce n'est pas tout, quelles \u00e9taient les autres annonces importantes concernant les v\u00e9hicules verts ?<\/p>\n\n\n\n<ul class=\"wp-block-list\">\n<li><a href=\"http:\/\/www.carideal.com\/blog\/2015\/03\/15\/salon-de-geneve-2015-lattaque-des-clones\/\">Salon de Gen\u00e8ve 2015 l'attaque des Clones <\/a><\/li>\n<\/ul>\n\n\n\n<h3 class=\"wp-block-heading\">Le soutien gouvernemental aux v\u00e9hicules verts<\/h3>\n\n\n\n<p>Le pr\u00e9sident Nicolas Sarkozy a profit\u00e9 du Mondial de l'auto pour annoncer un plan de soutien gouvernemental de 400 millions d'euros sur 4 ans pour le d\u00e9veloppement des v\u00e9hicules sans ou \u00e0 faible niveau d'\u00e9missions de CO2. Une initiative qui montre bien l'importance accord\u00e9e \u00e0 la mobilit\u00e9 durable et aux technologies vertes. Toutefois, l'incertitude demeure quant aux cons\u00e9quences de la crise \u00e9conomique sur l'activit\u00e9 des constructeurs.<\/p>\n","protected":false},"excerpt":{"rendered":"<p>Record de fr\u00e9quentation pour le Mondial de l&rsquo;automobile 2008 En pleine crise financi\u00e8re, et morosit\u00e9 ambiante, le salon de l&rsquo;automobile de Paris qui vient de fermer ses portes le 19 Octobre n&rsquo;en a pas souffert. Sa fr\u00e9quentation a \u00e9t\u00e9 de 1.433 Millions de visiteurs. Ce sont surtout les petites voitures et les voitures propres qui &#8230; <a title=\"Record de fr\u00e9quentation pour le Mondial de l&rsquo;automobile 2008\" class=\"read-more\" href=\"https:\/\/www.carideal.com\/blog\/2008\/10\/21\/record-de-frequentation-pour-le-mondial-de-lautomobile\/\" aria-label=\"En savoir plus sur Record de fr\u00e9quentation pour le Mondial de l&rsquo;automobile 2008\">Lire plus<\/a><\/p>\n","protected":false},"author":1,"featured_media":27022,"comment_status":"open","ping_status":"open","sticky":false,"template":"","format":"standard","meta":{"_uag_custom_page_level_css":"","_themeisle_gutenberg_block_has_review":false,"footnotes":""},"categories":[5972],"tags":[],"class_list":["post-365","post","type-post","status-publish","format-standard","has-post-thumbnail","hentry","category-salons"],"wppr_data":{"cwp_meta_box_check":"No"},"yoast_head":"<!-- This site is optimized with the Yoast SEO plugin v24.8.1 - https:\/\/yoast.com\/wordpress\/plugins\/seo\/ -->\n<title>Record de fr\u00e9quentation pour le Mondial de l&#039;automobile 2008 - Blog auto Carid\u00e9al<\/title>\n<meta name=\"description\" content=\"En pleine crise financi\u00e8re, et morosit\u00e9 ambiante, le salon de l&#039;automobile de Paris qui vient de fermer ses portes le 19 Octobre n&#039;en a pas souffert. Sa fr\u00e9quentation a \u00e9t\u00e9 de 1.433 Millions de visiteurs.\" \/>\n<meta name=\"robots\" content=\"index, follow, max-snippet:-1, max-image-preview:large, max-video-preview:-1\" \/>\n<link rel=\"canonical\" href=\"https:\/\/www.carideal.com\/blog\/2008\/10\/21\/record-de-frequentation-pour-le-mondial-de-lautomobile\/\" \/>\n<meta property=\"og:locale\" content=\"fr_FR\" \/>\n<meta property=\"og:type\" content=\"article\" \/>\n<meta property=\"og:title\" content=\"Record de fr\u00e9quentation pour le Mondial de l&#039;automobile 2008 - Blog auto Carid\u00e9al\" \/>\n<meta property=\"og:description\" content=\"En pleine crise financi\u00e8re, et morosit\u00e9 ambiante, le salon de l&#039;automobile de Paris qui vient de fermer ses portes le 19 Octobre n&#039;en a pas souffert. Sa fr\u00e9quentation a \u00e9t\u00e9 de 1.433 Millions de visiteurs.\" \/>\n<meta property=\"og:url\" content=\"https:\/\/www.carideal.com\/blog\/2008\/10\/21\/record-de-frequentation-pour-le-mondial-de-lautomobile\/\" \/>\n<meta property=\"og:site_name\" content=\"Blog auto Carid\u00e9al\" \/>\n<meta property=\"article:publisher\" content=\"https:\/\/www.facebook.com\/Carideal.mandataire.automobile\" \/>\n<meta property=\"article:author\" content=\"https:\/\/www.facebook.com\/Carideal.mandataire.automobile\/\" \/>\n<meta property=\"article:published_time\" content=\"2008-10-21T08:14:25+00:00\" \/>\n<meta property=\"article:modified_time\" content=\"2023-08-24T09:37:07+00:00\" \/>\n<meta property=\"og:image\" content=\"https:\/\/www.carideal.com\/blog\/wp-content\/uploads\/2008\/10\/mondial-de-lautomobile-paris-2008-carideal-2.jpg\" \/>\n\t<meta property=\"og:image:width\" content=\"800\" \/>\n\t<meta property=\"og:image:height\" content=\"375\" \/>\n\t<meta property=\"og:image:type\" content=\"image\/jpeg\" \/>\n<meta name=\"author\" content=\"N.S Carideal\" \/>\n<meta name=\"twitter:card\" content=\"summary_large_image\" \/>\n<meta name=\"twitter:creator\" content=\"@caridealauto\" \/>\n<meta name=\"twitter:site\" content=\"@caridealauto\" \/>\n<meta name=\"twitter:label1\" content=\"\u00c9crit par\" \/>\n\t<meta name=\"twitter:data1\" content=\"N.S Carideal\" \/>\n\t<meta name=\"twitter:label2\" content=\"Dur\u00e9e de lecture estim\u00e9e\" \/>\n\t<meta name=\"twitter:data2\" content=\"3 minutes\" \/>\n<script type=\"application\/ld+json\" class=\"yoast-schema-graph\">{\"@context\":\"https:\/\/schema.org\",\"@graph\":[{\"@type\":\"Article\",\"@id\":\"https:\/\/www.carideal.com\/blog\/2008\/10\/21\/record-de-frequentation-pour-le-mondial-de-lautomobile\/#article\",\"isPartOf\":{\"@id\":\"https:\/\/www.carideal.com\/blog\/2008\/10\/21\/record-de-frequentation-pour-le-mondial-de-lautomobile\/\"},\"author\":{\"name\":\"N.S Carideal\",\"@id\":\"https:\/\/www.carideal.com\/blog\/#\/schema\/person\/985c7e757d1042d647f21bfaf8d41ebc\"},\"headline\":\"Record de fr\u00e9quentation pour le Mondial de l&rsquo;automobile 2008\",\"datePublished\":\"2008-10-21T08:14:25+00:00\",\"dateModified\":\"2023-08-24T09:37:07+00:00\",\"mainEntityOfPage\":{\"@id\":\"https:\/\/www.carideal.com\/blog\/2008\/10\/21\/record-de-frequentation-pour-le-mondial-de-lautomobile\/\"},\"wordCount\":485,\"commentCount\":0,\"publisher\":{\"@id\":\"https:\/\/www.carideal.com\/blog\/#organization\"},\"image\":{\"@id\":\"https:\/\/www.carideal.com\/blog\/2008\/10\/21\/record-de-frequentation-pour-le-mondial-de-lautomobile\/#primaryimage\"},\"thumbnailUrl\":\"https:\/\/www.carideal.com\/blog\/wp-content\/uploads\/2008\/10\/mondial-de-lautomobile-paris-2008-carideal-2.jpg\",\"articleSection\":[\"Salon automobile\"],\"inLanguage\":\"fr-FR\",\"potentialAction\":[{\"@type\":\"CommentAction\",\"name\":\"Comment\",\"target\":[\"https:\/\/www.carideal.com\/blog\/2008\/10\/21\/record-de-frequentation-pour-le-mondial-de-lautomobile\/#respond\"]}]},{\"@type\":\"WebPage\",\"@id\":\"https:\/\/www.carideal.com\/blog\/2008\/10\/21\/record-de-frequentation-pour-le-mondial-de-lautomobile\/\",\"url\":\"https:\/\/www.carideal.com\/blog\/2008\/10\/21\/record-de-frequentation-pour-le-mondial-de-lautomobile\/\",\"name\":\"Record de fr\u00e9quentation pour le Mondial de l'automobile 2008 - Blog auto Carid\u00e9al\",\"isPartOf\":{\"@id\":\"https:\/\/www.carideal.com\/blog\/#website\"},\"primaryImageOfPage\":{\"@id\":\"https:\/\/www.carideal.com\/blog\/2008\/10\/21\/record-de-frequentation-pour-le-mondial-de-lautomobile\/#primaryimage\"},\"image\":{\"@id\":\"https:\/\/www.carideal.com\/blog\/2008\/10\/21\/record-de-frequentation-pour-le-mondial-de-lautomobile\/#primaryimage\"},\"thumbnailUrl\":\"https:\/\/www.carideal.com\/blog\/wp-content\/uploads\/2008\/10\/mondial-de-lautomobile-paris-2008-carideal-2.jpg\",\"datePublished\":\"2008-10-21T08:14:25+00:00\",\"dateModified\":\"2023-08-24T09:37:07+00:00\",\"description\":\"En pleine crise financi\u00e8re, et morosit\u00e9 ambiante, le salon de l'automobile de Paris qui vient de fermer ses portes le 19 Octobre n'en a pas souffert. Sa fr\u00e9quentation a \u00e9t\u00e9 de 1.433 Millions de visiteurs.\",\"breadcrumb\":{\"@id\":\"https:\/\/www.carideal.com\/blog\/2008\/10\/21\/record-de-frequentation-pour-le-mondial-de-lautomobile\/#breadcrumb\"},\"inLanguage\":\"fr-FR\",\"potentialAction\":[{\"@type\":\"ReadAction\",\"target\":[\"https:\/\/www.carideal.com\/blog\/2008\/10\/21\/record-de-frequentation-pour-le-mondial-de-lautomobile\/\"]}]},{\"@type\":\"ImageObject\",\"inLanguage\":\"fr-FR\",\"@id\":\"https:\/\/www.carideal.com\/blog\/2008\/10\/21\/record-de-frequentation-pour-le-mondial-de-lautomobile\/#primaryimage\",\"url\":\"https:\/\/www.carideal.com\/blog\/wp-content\/uploads\/2008\/10\/mondial-de-lautomobile-paris-2008-carideal-2.jpg\",\"contentUrl\":\"https:\/\/www.carideal.com\/blog\/wp-content\/uploads\/2008\/10\/mondial-de-lautomobile-paris-2008-carideal-2.jpg\",\"width\":800,\"height\":375,\"caption\":\"Record de fr\u00e9quentation pour le mondial de l'automobile 2008\"},{\"@type\":\"BreadcrumbList\",\"@id\":\"https:\/\/www.carideal.com\/blog\/2008\/10\/21\/record-de-frequentation-pour-le-mondial-de-lautomobile\/#breadcrumb\",\"itemListElement\":[{\"@type\":\"ListItem\",\"position\":1,\"name\":\"Blog Carid\u00e9al\",\"item\":\"https:\/\/www.carideal.com\/blog\/\"},{\"@type\":\"ListItem\",\"position\":2,\"name\":\"Salon automobile\",\"item\":\"https:\/\/www.carideal.com\/blog\/salons\/\"},{\"@type\":\"ListItem\",\"position\":3,\"name\":\"Record de fr\u00e9quentation pour le Mondial de l&rsquo;automobile 2008\"}]},{\"@type\":\"WebSite\",\"@id\":\"https:\/\/www.carideal.com\/blog\/#website\",\"url\":\"https:\/\/www.carideal.com\/blog\/\",\"name\":\"Blog auto Carid\u00e9al\",\"description\":\"Actualit\u00e9 auto par des passionn\u00e9s\",\"publisher\":{\"@id\":\"https:\/\/www.carideal.com\/blog\/#organization\"},\"potentialAction\":[{\"@type\":\"SearchAction\",\"target\":{\"@type\":\"EntryPoint\",\"urlTemplate\":\"https:\/\/www.carideal.com\/blog\/?s={search_term_string}\"},\"query-input\":{\"@type\":\"PropertyValueSpecification\",\"valueRequired\":true,\"valueName\":\"search_term_string\"}}],\"inLanguage\":\"fr-FR\"},{\"@type\":\"Organization\",\"@id\":\"https:\/\/www.carideal.com\/blog\/#organization\",\"name\":\"Carideal\",\"url\":\"https:\/\/www.carideal.com\/blog\/\",\"logo\":{\"@type\":\"ImageObject\",\"inLanguage\":\"fr-FR\",\"@id\":\"https:\/\/www.carideal.com\/blog\/#\/schema\/logo\/image\/\",\"url\":\"http:\/\/www.carideal.com\/blog\/wp-content\/uploads\/2016\/03\/logo-carideal-mandataire-automobile.png\",\"contentUrl\":\"http:\/\/www.carideal.com\/blog\/wp-content\/uploads\/2016\/03\/logo-carideal-mandataire-automobile.png\",\"width\":300,\"height\":300,\"caption\":\"Carideal\"},\"image\":{\"@id\":\"https:\/\/www.carideal.com\/blog\/#\/schema\/logo\/image\/\"},\"sameAs\":[\"https:\/\/www.facebook.com\/Carideal.mandataire.automobile\",\"https:\/\/x.com\/caridealauto\",\"https:\/\/www.instagram.com\/carideal1\/\",\"https:\/\/www.linkedin.com\/company\/carideal.com\",\"https:\/\/fr.pinterest.com\/schiavonsas\/\",\"https:\/\/www.youtube.com\/user\/caridealsas\"]},{\"@type\":\"Person\",\"@id\":\"https:\/\/www.carideal.com\/blog\/#\/schema\/person\/985c7e757d1042d647f21bfaf8d41ebc\",\"name\":\"N.S Carideal\",\"image\":{\"@type\":\"ImageObject\",\"inLanguage\":\"fr-FR\",\"@id\":\"https:\/\/www.carideal.com\/blog\/#\/schema\/person\/image\/\",\"url\":\"https:\/\/secure.gravatar.com\/avatar\/edb7ccdf1a4e3d14aef967760d354d0e?s=96&r=g\",\"contentUrl\":\"https:\/\/secure.gravatar.com\/avatar\/edb7ccdf1a4e3d14aef967760d354d0e?s=96&r=g\",\"caption\":\"N.S Carideal\"},\"description\":\"Depuis tout petit fan d'automobile. Il est question d'essayer et de comparer toutes ces voitures qui nous ont fait r\u00e9ver, avant que celles-ci ne devient uniquement des voitures de collection.\",\"sameAs\":[\"http:\/\/www.carideal.com\/blog\",\"https:\/\/www.facebook.com\/Carideal.mandataire.automobile\/\",\"https:\/\/www.linkedin.com\/in\/nschiavon\/\",\"https:\/\/www.youtube.com\/user\/caridealsas\/\"],\"url\":\"https:\/\/www.carideal.com\/blog\/author\/admin_carideal\/\"}]}<\/script>\n<!-- \/ Yoast SEO plugin. -->","yoast_head_json":{"title":"Record de fr\u00e9quentation pour le Mondial de l'automobile 2008 - Blog auto Carid\u00e9al","description":"En pleine crise financi\u00e8re, et morosit\u00e9 ambiante, le salon de l'automobile de Paris qui vient de fermer ses portes le 19 Octobre n'en a pas souffert. Sa fr\u00e9quentation a \u00e9t\u00e9 de 1.433 Millions de visiteurs.","robots":{"index":"index","follow":"follow","max-snippet":"max-snippet:-1","max-image-preview":"max-image-preview:large","max-video-preview":"max-video-preview:-1"},"canonical":"https:\/\/www.carideal.com\/blog\/2008\/10\/21\/record-de-frequentation-pour-le-mondial-de-lautomobile\/","og_locale":"fr_FR","og_type":"article","og_title":"Record de fr\u00e9quentation pour le Mondial de l'automobile 2008 - Blog auto Carid\u00e9al","og_description":"En pleine crise financi\u00e8re, et morosit\u00e9 ambiante, le salon de l'automobile de Paris qui vient de fermer ses portes le 19 Octobre n'en a pas souffert. Sa fr\u00e9quentation a \u00e9t\u00e9 de 1.433 Millions de visiteurs.","og_url":"https:\/\/www.carideal.com\/blog\/2008\/10\/21\/record-de-frequentation-pour-le-mondial-de-lautomobile\/","og_site_name":"Blog auto Carid\u00e9al","article_publisher":"https:\/\/www.facebook.com\/Carideal.mandataire.automobile","article_author":"https:\/\/www.facebook.com\/Carideal.mandataire.automobile\/","article_published_time":"2008-10-21T08:14:25+00:00","article_modified_time":"2023-08-24T09:37:07+00:00","og_image":[{"width":800,"height":375,"url":"https:\/\/www.carideal.com\/blog\/wp-content\/uploads\/2008\/10\/mondial-de-lautomobile-paris-2008-carideal-2.jpg","type":"image\/jpeg"}],"author":"N.S Carideal","twitter_card":"summary_large_image","twitter_creator":"@caridealauto","twitter_site":"@caridealauto","twitter_misc":{"\u00c9crit par":"N.S Carideal","Dur\u00e9e de lecture estim\u00e9e":"3 minutes"},"schema":{"@context":"https:\/\/schema.org","@graph":[{"@type":"Article","@id":"https:\/\/www.carideal.com\/blog\/2008\/10\/21\/record-de-frequentation-pour-le-mondial-de-lautomobile\/#article","isPartOf":{"@id":"https:\/\/www.carideal.com\/blog\/2008\/10\/21\/record-de-frequentation-pour-le-mondial-de-lautomobile\/"},"author":{"name":"N.S Carideal","@id":"https:\/\/www.carideal.com\/blog\/#\/schema\/person\/985c7e757d1042d647f21bfaf8d41ebc"},"headline":"Record de fr\u00e9quentation pour le Mondial de l&rsquo;automobile 2008","datePublished":"2008-10-21T08:14:25+00:00","dateModified":"2023-08-24T09:37:07+00:00","mainEntityOfPage":{"@id":"https:\/\/www.carideal.com\/blog\/2008\/10\/21\/record-de-frequentation-pour-le-mondial-de-lautomobile\/"},"wordCount":485,"commentCount":0,"publisher":{"@id":"https:\/\/www.carideal.com\/blog\/#organization"},"image":{"@id":"https:\/\/www.carideal.com\/blog\/2008\/10\/21\/record-de-frequentation-pour-le-mondial-de-lautomobile\/#primaryimage"},"thumbnailUrl":"https:\/\/www.carideal.com\/blog\/wp-content\/uploads\/2008\/10\/mondial-de-lautomobile-paris-2008-carideal-2.jpg","articleSection":["Salon automobile"],"inLanguage":"fr-FR","potentialAction":[{"@type":"CommentAction","name":"Comment","target":["https:\/\/www.carideal.com\/blog\/2008\/10\/21\/record-de-frequentation-pour-le-mondial-de-lautomobile\/#respond"]}]},{"@type":"WebPage","@id":"https:\/\/www.carideal.com\/blog\/2008\/10\/21\/record-de-frequentation-pour-le-mondial-de-lautomobile\/","url":"https:\/\/www.carideal.com\/blog\/2008\/10\/21\/record-de-frequentation-pour-le-mondial-de-lautomobile\/","name":"Record de fr\u00e9quentation pour le Mondial de l'automobile 2008 - Blog auto Carid\u00e9al","isPartOf":{"@id":"https:\/\/www.carideal.com\/blog\/#website"},"primaryImageOfPage":{"@id":"https:\/\/www.carideal.com\/blog\/2008\/10\/21\/record-de-frequentation-pour-le-mondial-de-lautomobile\/#primaryimage"},"image":{"@id":"https:\/\/www.carideal.com\/blog\/2008\/10\/21\/record-de-frequentation-pour-le-mondial-de-lautomobile\/#primaryimage"},"thumbnailUrl":"https:\/\/www.carideal.com\/blog\/wp-content\/uploads\/2008\/10\/mondial-de-lautomobile-paris-2008-carideal-2.jpg","datePublished":"2008-10-21T08:14:25+00:00","dateModified":"2023-08-24T09:37:07+00:00","description":"En pleine crise financi\u00e8re, et morosit\u00e9 ambiante, le salon de l'automobile de Paris qui vient de fermer ses portes le 19 Octobre n'en a pas souffert. Sa fr\u00e9quentation a \u00e9t\u00e9 de 1.433 Millions de visiteurs.","breadcrumb":{"@id":"https:\/\/www.carideal.com\/blog\/2008\/10\/21\/record-de-frequentation-pour-le-mondial-de-lautomobile\/#breadcrumb"},"inLanguage":"fr-FR","potentialAction":[{"@type":"ReadAction","target":["https:\/\/www.carideal.com\/blog\/2008\/10\/21\/record-de-frequentation-pour-le-mondial-de-lautomobile\/"]}]},{"@type":"ImageObject","inLanguage":"fr-FR","@id":"https:\/\/www.carideal.com\/blog\/2008\/10\/21\/record-de-frequentation-pour-le-mondial-de-lautomobile\/#primaryimage","url":"https:\/\/www.carideal.com\/blog\/wp-content\/uploads\/2008\/10\/mondial-de-lautomobile-paris-2008-carideal-2.jpg","contentUrl":"https:\/\/www.carideal.com\/blog\/wp-content\/uploads\/2008\/10\/mondial-de-lautomobile-paris-2008-carideal-2.jpg","width":800,"height":375,"caption":"Record de fr\u00e9quentation pour le mondial de l'automobile 2008"},{"@type":"BreadcrumbList","@id":"https:\/\/www.carideal.com\/blog\/2008\/10\/21\/record-de-frequentation-pour-le-mondial-de-lautomobile\/#breadcrumb","itemListElement":[{"@type":"ListItem","position":1,"name":"Blog Carid\u00e9al","item":"https:\/\/www.carideal.com\/blog\/"},{"@type":"ListItem","position":2,"name":"Salon automobile","item":"https:\/\/www.carideal.com\/blog\/salons\/"},{"@type":"ListItem","position":3,"name":"Record de fr\u00e9quentation pour le Mondial de l&rsquo;automobile 2008"}]},{"@type":"WebSite","@id":"https:\/\/www.carideal.com\/blog\/#website","url":"https:\/\/www.carideal.com\/blog\/","name":"Blog auto Carid\u00e9al","description":"Actualit\u00e9 auto par des passionn\u00e9s","publisher":{"@id":"https:\/\/www.carideal.com\/blog\/#organization"},"potentialAction":[{"@type":"SearchAction","target":{"@type":"EntryPoint","urlTemplate":"https:\/\/www.carideal.com\/blog\/?s={search_term_string}"},"query-input":{"@type":"PropertyValueSpecification","valueRequired":true,"valueName":"search_term_string"}}],"inLanguage":"fr-FR"},{"@type":"Organization","@id":"https:\/\/www.carideal.com\/blog\/#organization","name":"Carideal","url":"https:\/\/www.carideal.com\/blog\/","logo":{"@type":"ImageObject","inLanguage":"fr-FR","@id":"https:\/\/www.carideal.com\/blog\/#\/schema\/logo\/image\/","url":"http:\/\/www.carideal.com\/blog\/wp-content\/uploads\/2016\/03\/logo-carideal-mandataire-automobile.png","contentUrl":"http:\/\/www.carideal.com\/blog\/wp-content\/uploads\/2016\/03\/logo-carideal-mandataire-automobile.png","width":300,"height":300,"caption":"Carideal"},"image":{"@id":"https:\/\/www.carideal.com\/blog\/#\/schema\/logo\/image\/"},"sameAs":["https:\/\/www.facebook.com\/Carideal.mandataire.automobile","https:\/\/x.com\/caridealauto","https:\/\/www.instagram.com\/carideal1\/","https:\/\/www.linkedin.com\/company\/carideal.com","https:\/\/fr.pinterest.com\/schiavonsas\/","https:\/\/www.youtube.com\/user\/caridealsas"]},{"@type":"Person","@id":"https:\/\/www.carideal.com\/blog\/#\/schema\/person\/985c7e757d1042d647f21bfaf8d41ebc","name":"N.S Carideal","image":{"@type":"ImageObject","inLanguage":"fr-FR","@id":"https:\/\/www.carideal.com\/blog\/#\/schema\/person\/image\/","url":"https:\/\/secure.gravatar.com\/avatar\/edb7ccdf1a4e3d14aef967760d354d0e?s=96&r=g","contentUrl":"https:\/\/secure.gravatar.com\/avatar\/edb7ccdf1a4e3d14aef967760d354d0e?s=96&r=g","caption":"N.S Carideal"},"description":"Depuis tout petit fan d'automobile. Il est question d'essayer et de comparer toutes ces voitures qui nous ont fait r\u00e9ver, avant que celles-ci ne devient uniquement des voitures de collection.","sameAs":["http:\/\/www.carideal.com\/blog","https:\/\/www.facebook.com\/Carideal.mandataire.automobile\/","https:\/\/www.linkedin.com\/in\/nschiavon\/","https:\/\/www.youtube.com\/user\/caridealsas\/"],"url":"https:\/\/www.carideal.com\/blog\/author\/admin_carideal\/"}]}},"uagb_featured_image_src":{"full":["https:\/\/www.carideal.com\/blog\/wp-content\/uploads\/2008\/10\/mondial-de-lautomobile-paris-2008-carideal-2.jpg",800,375,false],"thumbnail":["https:\/\/www.carideal.com\/blog\/wp-content\/uploads\/2008\/10\/mondial-de-lautomobile-paris-2008-carideal-2-150x150.jpg",150,150,true],"medium":["https:\/\/www.carideal.com\/blog\/wp-content\/uploads\/2008\/10\/mondial-de-lautomobile-paris-2008-carideal-2-300x141.jpg",300,141,true],"medium_large":["https:\/\/www.carideal.com\/blog\/wp-content\/uploads\/2008\/10\/mondial-de-lautomobile-paris-2008-carideal-2-768x360.jpg",768,360,true],"large":["https:\/\/www.carideal.com\/blog\/wp-content\/uploads\/2008\/10\/mondial-de-lautomobile-paris-2008-carideal-2.jpg",800,375,false],"1536x1536":["https:\/\/www.carideal.com\/blog\/wp-content\/uploads\/2008\/10\/mondial-de-lautomobile-paris-2008-carideal-2.jpg",800,375,false],"2048x2048":["https:\/\/www.carideal.com\/blog\/wp-content\/uploads\/2008\/10\/mondial-de-lautomobile-paris-2008-carideal-2.jpg",800,375,false],"wppr-widget":["https:\/\/www.carideal.com\/blog\/wp-content\/uploads\/2008\/10\/mondial-de-lautomobile-paris-2008-carideal-2-50x23.jpg",50,23,true]},"uagb_author_info":{"display_name":"N.S Carideal","author_link":"https:\/\/www.carideal.com\/blog\/author\/admin_carideal\/"},"uagb_comment_info":0,"uagb_excerpt":"Record de fr\u00e9quentation pour le Mondial de l'automobile 2008 En pleine crise financi\u00e8re, et morosit\u00e9 ambiante, le salon de l'automobile de Paris qui vient de fermer ses portes le 19 Octobre n'en a pas souffert. Sa fr\u00e9quentation a \u00e9t\u00e9 de 1.433 Millions de visiteurs. Ce sont surtout les petites voitures et les voitures propres qui\u2026","_links":{"self":[{"href":"https:\/\/www.carideal.com\/blog\/wp-json\/wp\/v2\/posts\/365"}],"collection":[{"href":"https:\/\/www.carideal.com\/blog\/wp-json\/wp\/v2\/posts"}],"about":[{"href":"https:\/\/www.carideal.com\/blog\/wp-json\/wp\/v2\/types\/post"}],"author":[{"embeddable":true,"href":"https:\/\/www.carideal.com\/blog\/wp-json\/wp\/v2\/users\/1"}],"replies":[{"embeddable":true,"href":"https:\/\/www.carideal.com\/blog\/wp-json\/wp\/v2\/comments?post=365"}],"version-history":[{"count":0,"href":"https:\/\/www.carideal.com\/blog\/wp-json\/wp\/v2\/posts\/365\/revisions"}],"wp:featuredmedia":[{"embeddable":true,"href":"https:\/\/www.carideal.com\/blog\/wp-json\/wp\/v2\/media\/27022"}],"wp:attachment":[{"href":"https:\/\/www.carideal.com\/blog\/wp-json\/wp\/v2\/media?parent=365"}],"wp:term":[{"taxonomy":"category","embeddable":true,"href":"https:\/\/www.carideal.com\/blog\/wp-json\/wp\/v2\/categories?post=365"},{"taxonomy":"post_tag","embeddable":true,"href":"https:\/\/www.carideal.com\/blog\/wp-json\/wp\/v2\/tags?post=365"}],"curies":[{"name":"wp","href":"https:\/\/api.w.org\/{rel}","templated":true}]}}