{"id":364,"date":"2008-10-13T11:12:22","date_gmt":"2008-10-13T11:12:22","guid":{"rendered":"http:\/\/carideal.com\/blog\/?p=364"},"modified":"2015-10-24T11:40:43","modified_gmt":"2015-10-24T09:40:43","slug":"salon-de-lautomobile-de-paris-2008","status":"publish","type":"post","link":"https:\/\/www.carideal.com\/blog\/2008\/10\/13\/salon-de-lautomobile-de-paris-2008\/","title":{"rendered":"Salon de l&rsquo;automobile de Paris 2008"},"content":{"rendered":"<p>Dimanche matin on s'est retrouv\u00e9 comme des milliers de visiteurs \u00e0 faire la queue pour admirer les stands des constructeurs au salon de l'automobile de Paris 2008, afin de pouvoir admirer les prototypes des voitures de demain et les nouvelles technologies comme la Citroen Hypnos. <img decoding=\"async\" src=\"\/blog\/images\/salon-de-l'auto-paris-2008-carideal.JPG\" alt=\"\" \/><img decoding=\"async\" src=\"\/blog\/images\/citroen-c3-picass2-carideal.jpg\" alt=\"\" \/><img decoding=\"async\" src=\"\/blog\/images\/citroen-c3-picasso-carideal.jpg\" alt=\"\" \/><img decoding=\"async\" src=\"\/blog\/images\/alfa-romeo-mito-carideal.jpg\" alt=\"\" \/><img decoding=\"async\" src=\"\/blog\/images\/audi-a6-carideal.JPG\" alt=\"\" \/><img decoding=\"async\" src=\"\/blog\/images\/citroen-c3-pluriel-charleston-carideal.jpg\" alt=\"\" \/><img decoding=\"async\" src=\"\/blog\/images\/citroen-c4-wrc-sebastien-loeb-carideal.jpg\" alt=\"\" \/><img decoding=\"async\" src=\"\/blog\/images\/audi-s6-2-carideal.jpg\" alt=\"\" \/><img decoding=\"async\" src=\"\/blog\/images\/audi-s6-carideal.jpg\" alt=\"\" \/><img decoding=\"async\" src=\"\/blog\/images\/chassis-sport-carideal.jpg\" alt=\"\" \/><img decoding=\"async\" src=\"\/blog\/images\/citroen-2cv-carideal.jpg\" alt=\"\" \/><img decoding=\"async\" src=\"\/blog\/images\/citroen-c4-carideal.jpg\" alt=\"\" \/><img decoding=\"async\" src=\"\/blog\/images\/citroen-c6-sp\u00e9ciale-carideal.JPG\" alt=\"\" \/><img decoding=\"async\" src=\"\/blog\/images\/citroen-hypnos-carideal.jpg\" alt=\"\" \/><img decoding=\"async\" src=\"\/blog\/images\/citroen-hypnos-2-carideal.jpg\" alt=\"\" \/><img decoding=\"async\" src=\"\/blog\/images\/citroen-hypnos-3-carideal.jpg\" alt=\"\" \/><img decoding=\"async\" src=\"\/blog\/images\/cumpert-aopollo-carideal.JPG\" alt=\"\" \/><img decoding=\"async\" src=\"\/blog\/images\/volkswagen-golf-carideal-2.jpg\" alt=\"\" \/><img decoding=\"async\" src=\"\/blog\/images\/volkswagen-golf-carideal.jpg\" alt=\"\" \/><img decoding=\"async\" src=\"\/blog\/images\/volkswagen-golf-gti-3-carideal.jpg\" alt=\"\" \/><img decoding=\"async\" src=\"\/blog\/images\/volkswagen-golf-gti-4-carideal.jpg\" alt=\"\" \/><img decoding=\"async\" src=\"\/blog\/images\/volkswagen-golf-gti-carideal.jpg\" alt=\"\" \/><img decoding=\"async\" src=\"\/blog\/images\/volkswagen-passat-cc-carideal.jpg\" alt=\"\" \/><img decoding=\"async\" src=\"\/blog\/images\/volkswagen-scirocco-carideal.jpg\" alt=\"\" \/><img decoding=\"async\" src=\"\/blog\/images\/venturi-2-carideal.JPG\" alt=\"\" \/><img decoding=\"async\" src=\"\/blog\/images\/venturi-carideal.JPG\" alt=\"\" \/><img decoding=\"async\" src=\"\/blog\/images\/megane_r26r-auto-salons-2008-carideal.jpg\" alt=\"\" \/><img decoding=\"async\" src=\"\/blog\/images\/renault-megane-r26r-carideal.jpg\" alt=\"\" \/><img decoding=\"async\" src=\"\/blog\/images\/renault-megane-r26r-0-carideal.jpg\" alt=\"\" \/><img decoding=\"async\" src=\"\/blog\/images\/renault-megane-r26r-2-carideal.jpg\" alt=\"\" \/><img decoding=\"async\" src=\"\/blog\/images\/renault-megane-r26r-3-carideal.jpg\" alt=\"\" \/><img decoding=\"async\" src=\"\/blog\/images\/renault-megane-r26r-5-carideal.jpg\" alt=\"\" \/><img decoding=\"async\" src=\"\/blog\/images\/renault-megane-r26r-9-carideal.jpg\" alt=\"\" \/><img decoding=\"async\" src=\"\/blog\/images\/rolls-royce-2-carideal.jpg\" alt=\"\" \/><img decoding=\"async\" src=\"\/blog\/images\/rolls-royce-3-carideal.jpg\" alt=\"\" \/><img decoding=\"async\" src=\"\/blog\/images\/rolls-royce-carideal.jpg\" alt=\"\" \/><img decoding=\"async\" src=\"\/blog\/images\/seat-toledo-2-carideal.jpg\" alt=\"\" \/><img decoding=\"async\" src=\"\/blog\/images\/seat-toledo-carideal.jpg\" alt=\"\" \/><img decoding=\"async\" src=\"\/blog\/images\/fornasari-2-carideal.JPG\" alt=\"\" \/><img decoding=\"async\" src=\"\/blog\/images\/fornasari-3-carideal.JPG\" alt=\"\" \/><img decoding=\"async\" src=\"\/blog\/images\/fornasari-carideal.JPG\" alt=\"\" \/><\/p>\n","protected":false},"excerpt":{"rendered":"<p>Dimanche matin on s&rsquo;est retrouv\u00e9 comme des milliers de visiteurs \u00e0 faire la queue pour admirer les stands des constructeurs au salon de l&rsquo;automobile de Paris 2008, afin de pouvoir admirer les prototypes des voitures de demain et les nouvelles technologies comme la Citroen Hypnos.<\/p>\n","protected":false},"author":1,"featured_media":0,"comment_status":"open","ping_status":"open","sticky":false,"template":"","format":"standard","meta":{"_uag_custom_page_level_css":"","_themeisle_gutenberg_block_has_review":false,"footnotes":""},"categories":[9],"tags":[],"class_list":["post-364","post","type-post","status-publish","format-standard","hentry","category-divers"],"wppr_data":[],"yoast_head":"<!-- This site is optimized with the Yoast SEO plugin v24.8.1 - https:\/\/yoast.com\/wordpress\/plugins\/seo\/ -->\n<title>Salon de l&#039;automobile de Paris 2008 - Blog auto Carid\u00e9al<\/title>\n<meta name=\"robots\" content=\"index, follow, max-snippet:-1, max-image-preview:large, max-video-preview:-1\" \/>\n<link rel=\"canonical\" href=\"https:\/\/www.carideal.com\/blog\/2008\/10\/13\/salon-de-lautomobile-de-paris-2008\/\" \/>\n<meta property=\"og:locale\" content=\"fr_FR\" \/>\n<meta property=\"og:type\" content=\"article\" \/>\n<meta property=\"og:title\" content=\"Salon de l&#039;automobile de Paris 2008 - Blog auto Carid\u00e9al\" \/>\n<meta property=\"og:description\" content=\"Dimanche matin on s&#039;est retrouv\u00e9 comme des milliers de visiteurs \u00e0 faire la queue pour admirer les stands des constructeurs au salon de l&#039;automobile de Paris 2008, afin de pouvoir admirer les prototypes des voitures de demain et les nouvelles technologies comme la Citroen Hypnos.\" \/>\n<meta property=\"og:url\" content=\"https:\/\/www.carideal.com\/blog\/2008\/10\/13\/salon-de-lautomobile-de-paris-2008\/\" \/>\n<meta property=\"og:site_name\" content=\"Blog auto Carid\u00e9al\" \/>\n<meta property=\"article:publisher\" content=\"https:\/\/www.facebook.com\/Carideal.mandataire.automobile\" \/>\n<meta property=\"article:author\" content=\"https:\/\/www.facebook.com\/Carideal.mandataire.automobile\/\" \/>\n<meta property=\"article:published_time\" content=\"2008-10-13T11:12:22+00:00\" \/>\n<meta property=\"article:modified_time\" content=\"2015-10-24T09:40:43+00:00\" \/>\n<meta property=\"og:image\" content=\"https:\/\/www.carideal.com\/blog\/wp-content\/uploads\/2016\/03\/logo-carideal-mandataire-automobile.png\" \/>\n\t<meta property=\"og:image:width\" content=\"300\" \/>\n\t<meta property=\"og:image:height\" content=\"300\" \/>\n\t<meta property=\"og:image:type\" content=\"image\/png\" \/>\n<meta name=\"author\" content=\"N.S Carideal\" \/>\n<meta name=\"twitter:card\" content=\"summary_large_image\" \/>\n<meta name=\"twitter:creator\" content=\"@caridealauto\" \/>\n<meta name=\"twitter:site\" content=\"@caridealauto\" \/>\n<meta name=\"twitter:label1\" content=\"\u00c9crit par\" \/>\n\t<meta name=\"twitter:data1\" content=\"N.S Carideal\" \/>\n<script type=\"application\/ld+json\" class=\"yoast-schema-graph\">{\"@context\":\"https:\/\/schema.org\",\"@graph\":[{\"@type\":\"Article\",\"@id\":\"https:\/\/www.carideal.com\/blog\/2008\/10\/13\/salon-de-lautomobile-de-paris-2008\/#article\",\"isPartOf\":{\"@id\":\"https:\/\/www.carideal.com\/blog\/2008\/10\/13\/salon-de-lautomobile-de-paris-2008\/\"},\"author\":{\"name\":\"N.S Carideal\",\"@id\":\"https:\/\/www.carideal.com\/blog\/#\/schema\/person\/985c7e757d1042d647f21bfaf8d41ebc\"},\"headline\":\"Salon de l&rsquo;automobile de Paris 2008\",\"datePublished\":\"2008-10-13T11:12:22+00:00\",\"dateModified\":\"2015-10-24T09:40:43+00:00\",\"mainEntityOfPage\":{\"@id\":\"https:\/\/www.carideal.com\/blog\/2008\/10\/13\/salon-de-lautomobile-de-paris-2008\/\"},\"wordCount\":48,\"commentCount\":0,\"publisher\":{\"@id\":\"https:\/\/www.carideal.com\/blog\/#organization\"},\"articleSection\":[\"Divers\"],\"inLanguage\":\"fr-FR\",\"potentialAction\":[{\"@type\":\"CommentAction\",\"name\":\"Comment\",\"target\":[\"https:\/\/www.carideal.com\/blog\/2008\/10\/13\/salon-de-lautomobile-de-paris-2008\/#respond\"]}]},{\"@type\":\"WebPage\",\"@id\":\"https:\/\/www.carideal.com\/blog\/2008\/10\/13\/salon-de-lautomobile-de-paris-2008\/\",\"url\":\"https:\/\/www.carideal.com\/blog\/2008\/10\/13\/salon-de-lautomobile-de-paris-2008\/\",\"name\":\"Salon de l'automobile de Paris 2008 - Blog auto Carid\u00e9al\",\"isPartOf\":{\"@id\":\"https:\/\/www.carideal.com\/blog\/#website\"},\"datePublished\":\"2008-10-13T11:12:22+00:00\",\"dateModified\":\"2015-10-24T09:40:43+00:00\",\"breadcrumb\":{\"@id\":\"https:\/\/www.carideal.com\/blog\/2008\/10\/13\/salon-de-lautomobile-de-paris-2008\/#breadcrumb\"},\"inLanguage\":\"fr-FR\",\"potentialAction\":[{\"@type\":\"ReadAction\",\"target\":[\"https:\/\/www.carideal.com\/blog\/2008\/10\/13\/salon-de-lautomobile-de-paris-2008\/\"]}]},{\"@type\":\"BreadcrumbList\",\"@id\":\"https:\/\/www.carideal.com\/blog\/2008\/10\/13\/salon-de-lautomobile-de-paris-2008\/#breadcrumb\",\"itemListElement\":[{\"@type\":\"ListItem\",\"position\":1,\"name\":\"Blog Carid\u00e9al\",\"item\":\"https:\/\/www.carideal.com\/blog\/\"},{\"@type\":\"ListItem\",\"position\":2,\"name\":\"Divers\",\"item\":\"https:\/\/www.carideal.com\/blog\/divers\/\"},{\"@type\":\"ListItem\",\"position\":3,\"name\":\"Salon de l&rsquo;automobile de Paris 2008\"}]},{\"@type\":\"WebSite\",\"@id\":\"https:\/\/www.carideal.com\/blog\/#website\",\"url\":\"https:\/\/www.carideal.com\/blog\/\",\"name\":\"Blog auto Carid\u00e9al\",\"description\":\"Actualit\u00e9 auto par des passionn\u00e9s\",\"publisher\":{\"@id\":\"https:\/\/www.carideal.com\/blog\/#organization\"},\"potentialAction\":[{\"@type\":\"SearchAction\",\"target\":{\"@type\":\"EntryPoint\",\"urlTemplate\":\"https:\/\/www.carideal.com\/blog\/?s={search_term_string}\"},\"query-input\":{\"@type\":\"PropertyValueSpecification\",\"valueRequired\":true,\"valueName\":\"search_term_string\"}}],\"inLanguage\":\"fr-FR\"},{\"@type\":\"Organization\",\"@id\":\"https:\/\/www.carideal.com\/blog\/#organization\",\"name\":\"Carideal\",\"url\":\"https:\/\/www.carideal.com\/blog\/\",\"logo\":{\"@type\":\"ImageObject\",\"inLanguage\":\"fr-FR\",\"@id\":\"https:\/\/www.carideal.com\/blog\/#\/schema\/logo\/image\/\",\"url\":\"http:\/\/www.carideal.com\/blog\/wp-content\/uploads\/2016\/03\/logo-carideal-mandataire-automobile.png\",\"contentUrl\":\"http:\/\/www.carideal.com\/blog\/wp-content\/uploads\/2016\/03\/logo-carideal-mandataire-automobile.png\",\"width\":300,\"height\":300,\"caption\":\"Carideal\"},\"image\":{\"@id\":\"https:\/\/www.carideal.com\/blog\/#\/schema\/logo\/image\/\"},\"sameAs\":[\"https:\/\/www.facebook.com\/Carideal.mandataire.automobile\",\"https:\/\/x.com\/caridealauto\",\"https:\/\/www.instagram.com\/carideal1\/\",\"https:\/\/www.linkedin.com\/company\/carideal.com\",\"https:\/\/fr.pinterest.com\/schiavonsas\/\",\"https:\/\/www.youtube.com\/user\/caridealsas\"]},{\"@type\":\"Person\",\"@id\":\"https:\/\/www.carideal.com\/blog\/#\/schema\/person\/985c7e757d1042d647f21bfaf8d41ebc\",\"name\":\"N.S Carideal\",\"image\":{\"@type\":\"ImageObject\",\"inLanguage\":\"fr-FR\",\"@id\":\"https:\/\/www.carideal.com\/blog\/#\/schema\/person\/image\/\",\"url\":\"https:\/\/secure.gravatar.com\/avatar\/edb7ccdf1a4e3d14aef967760d354d0e?s=96&r=g\",\"contentUrl\":\"https:\/\/secure.gravatar.com\/avatar\/edb7ccdf1a4e3d14aef967760d354d0e?s=96&r=g\",\"caption\":\"N.S Carideal\"},\"description\":\"Depuis tout petit fan d'automobile. Il est question d'essayer et de comparer toutes ces voitures qui nous ont fait r\u00e9ver, avant que celles-ci ne devient uniquement des voitures de collection.\",\"sameAs\":[\"http:\/\/www.carideal.com\/blog\",\"https:\/\/www.facebook.com\/Carideal.mandataire.automobile\/\",\"https:\/\/www.linkedin.com\/in\/nschiavon\/\",\"https:\/\/www.youtube.com\/user\/caridealsas\/\"],\"url\":\"https:\/\/www.carideal.com\/blog\/author\/admin_carideal\/\"}]}<\/script>\n<!-- \/ Yoast SEO plugin. -->","yoast_head_json":{"title":"Salon de l'automobile de Paris 2008 - Blog auto Carid\u00e9al","robots":{"index":"index","follow":"follow","max-snippet":"max-snippet:-1","max-image-preview":"max-image-preview:large","max-video-preview":"max-video-preview:-1"},"canonical":"https:\/\/www.carideal.com\/blog\/2008\/10\/13\/salon-de-lautomobile-de-paris-2008\/","og_locale":"fr_FR","og_type":"article","og_title":"Salon de l'automobile de Paris 2008 - Blog auto Carid\u00e9al","og_description":"Dimanche matin on s'est retrouv\u00e9 comme des milliers de visiteurs \u00e0 faire la queue pour admirer les stands des constructeurs au salon de l'automobile de Paris 2008, afin de pouvoir admirer les prototypes des voitures de demain et les nouvelles technologies comme la Citroen Hypnos.","og_url":"https:\/\/www.carideal.com\/blog\/2008\/10\/13\/salon-de-lautomobile-de-paris-2008\/","og_site_name":"Blog auto Carid\u00e9al","article_publisher":"https:\/\/www.facebook.com\/Carideal.mandataire.automobile","article_author":"https:\/\/www.facebook.com\/Carideal.mandataire.automobile\/","article_published_time":"2008-10-13T11:12:22+00:00","article_modified_time":"2015-10-24T09:40:43+00:00","og_image":[{"width":300,"height":300,"url":"https:\/\/www.carideal.com\/blog\/wp-content\/uploads\/2016\/03\/logo-carideal-mandataire-automobile.png","type":"image\/png"}],"author":"N.S Carideal","twitter_card":"summary_large_image","twitter_creator":"@caridealauto","twitter_site":"@caridealauto","twitter_misc":{"\u00c9crit par":"N.S Carideal"},"schema":{"@context":"https:\/\/schema.org","@graph":[{"@type":"Article","@id":"https:\/\/www.carideal.com\/blog\/2008\/10\/13\/salon-de-lautomobile-de-paris-2008\/#article","isPartOf":{"@id":"https:\/\/www.carideal.com\/blog\/2008\/10\/13\/salon-de-lautomobile-de-paris-2008\/"},"author":{"name":"N.S Carideal","@id":"https:\/\/www.carideal.com\/blog\/#\/schema\/person\/985c7e757d1042d647f21bfaf8d41ebc"},"headline":"Salon de l&rsquo;automobile de Paris 2008","datePublished":"2008-10-13T11:12:22+00:00","dateModified":"2015-10-24T09:40:43+00:00","mainEntityOfPage":{"@id":"https:\/\/www.carideal.com\/blog\/2008\/10\/13\/salon-de-lautomobile-de-paris-2008\/"},"wordCount":48,"commentCount":0,"publisher":{"@id":"https:\/\/www.carideal.com\/blog\/#organization"},"articleSection":["Divers"],"inLanguage":"fr-FR","potentialAction":[{"@type":"CommentAction","name":"Comment","target":["https:\/\/www.carideal.com\/blog\/2008\/10\/13\/salon-de-lautomobile-de-paris-2008\/#respond"]}]},{"@type":"WebPage","@id":"https:\/\/www.carideal.com\/blog\/2008\/10\/13\/salon-de-lautomobile-de-paris-2008\/","url":"https:\/\/www.carideal.com\/blog\/2008\/10\/13\/salon-de-lautomobile-de-paris-2008\/","name":"Salon de l'automobile de Paris 2008 - Blog auto Carid\u00e9al","isPartOf":{"@id":"https:\/\/www.carideal.com\/blog\/#website"},"datePublished":"2008-10-13T11:12:22+00:00","dateModified":"2015-10-24T09:40:43+00:00","breadcrumb":{"@id":"https:\/\/www.carideal.com\/blog\/2008\/10\/13\/salon-de-lautomobile-de-paris-2008\/#breadcrumb"},"inLanguage":"fr-FR","potentialAction":[{"@type":"ReadAction","target":["https:\/\/www.carideal.com\/blog\/2008\/10\/13\/salon-de-lautomobile-de-paris-2008\/"]}]},{"@type":"BreadcrumbList","@id":"https:\/\/www.carideal.com\/blog\/2008\/10\/13\/salon-de-lautomobile-de-paris-2008\/#breadcrumb","itemListElement":[{"@type":"ListItem","position":1,"name":"Blog Carid\u00e9al","item":"https:\/\/www.carideal.com\/blog\/"},{"@type":"ListItem","position":2,"name":"Divers","item":"https:\/\/www.carideal.com\/blog\/divers\/"},{"@type":"ListItem","position":3,"name":"Salon de l&rsquo;automobile de Paris 2008"}]},{"@type":"WebSite","@id":"https:\/\/www.carideal.com\/blog\/#website","url":"https:\/\/www.carideal.com\/blog\/","name":"Blog auto Carid\u00e9al","description":"Actualit\u00e9 auto par des passionn\u00e9s","publisher":{"@id":"https:\/\/www.carideal.com\/blog\/#organization"},"potentialAction":[{"@type":"SearchAction","target":{"@type":"EntryPoint","urlTemplate":"https:\/\/www.carideal.com\/blog\/?s={search_term_string}"},"query-input":{"@type":"PropertyValueSpecification","valueRequired":true,"valueName":"search_term_string"}}],"inLanguage":"fr-FR"},{"@type":"Organization","@id":"https:\/\/www.carideal.com\/blog\/#organization","name":"Carideal","url":"https:\/\/www.carideal.com\/blog\/","logo":{"@type":"ImageObject","inLanguage":"fr-FR","@id":"https:\/\/www.carideal.com\/blog\/#\/schema\/logo\/image\/","url":"http:\/\/www.carideal.com\/blog\/wp-content\/uploads\/2016\/03\/logo-carideal-mandataire-automobile.png","contentUrl":"http:\/\/www.carideal.com\/blog\/wp-content\/uploads\/2016\/03\/logo-carideal-mandataire-automobile.png","width":300,"height":300,"caption":"Carideal"},"image":{"@id":"https:\/\/www.carideal.com\/blog\/#\/schema\/logo\/image\/"},"sameAs":["https:\/\/www.facebook.com\/Carideal.mandataire.automobile","https:\/\/x.com\/caridealauto","https:\/\/www.instagram.com\/carideal1\/","https:\/\/www.linkedin.com\/company\/carideal.com","https:\/\/fr.pinterest.com\/schiavonsas\/","https:\/\/www.youtube.com\/user\/caridealsas"]},{"@type":"Person","@id":"https:\/\/www.carideal.com\/blog\/#\/schema\/person\/985c7e757d1042d647f21bfaf8d41ebc","name":"N.S Carideal","image":{"@type":"ImageObject","inLanguage":"fr-FR","@id":"https:\/\/www.carideal.com\/blog\/#\/schema\/person\/image\/","url":"https:\/\/secure.gravatar.com\/avatar\/edb7ccdf1a4e3d14aef967760d354d0e?s=96&r=g","contentUrl":"https:\/\/secure.gravatar.com\/avatar\/edb7ccdf1a4e3d14aef967760d354d0e?s=96&r=g","caption":"N.S Carideal"},"description":"Depuis tout petit fan d'automobile. Il est question d'essayer et de comparer toutes ces voitures qui nous ont fait r\u00e9ver, avant que celles-ci ne devient uniquement des voitures de collection.","sameAs":["http:\/\/www.carideal.com\/blog","https:\/\/www.facebook.com\/Carideal.mandataire.automobile\/","https:\/\/www.linkedin.com\/in\/nschiavon\/","https:\/\/www.youtube.com\/user\/caridealsas\/"],"url":"https:\/\/www.carideal.com\/blog\/author\/admin_carideal\/"}]}},"uagb_featured_image_src":{"full":false,"thumbnail":false,"medium":false,"medium_large":false,"large":false,"1536x1536":false,"2048x2048":false,"wppr-widget":false},"uagb_author_info":{"display_name":"N.S Carideal","author_link":"https:\/\/www.carideal.com\/blog\/author\/admin_carideal\/"},"uagb_comment_info":0,"uagb_excerpt":"Dimanche matin on s'est retrouv\u00e9 comme des milliers de visiteurs \u00e0 faire la queue pour admirer les stands des constructeurs au salon de l'automobile de Paris 2008, afin de pouvoir admirer les prototypes des voitures de demain et les nouvelles technologies comme la Citroen Hypnos.","_links":{"self":[{"href":"https:\/\/www.carideal.com\/blog\/wp-json\/wp\/v2\/posts\/364"}],"collection":[{"href":"https:\/\/www.carideal.com\/blog\/wp-json\/wp\/v2\/posts"}],"about":[{"href":"https:\/\/www.carideal.com\/blog\/wp-json\/wp\/v2\/types\/post"}],"author":[{"embeddable":true,"href":"https:\/\/www.carideal.com\/blog\/wp-json\/wp\/v2\/users\/1"}],"replies":[{"embeddable":true,"href":"https:\/\/www.carideal.com\/blog\/wp-json\/wp\/v2\/comments?post=364"}],"version-history":[{"count":0,"href":"https:\/\/www.carideal.com\/blog\/wp-json\/wp\/v2\/posts\/364\/revisions"}],"wp:attachment":[{"href":"https:\/\/www.carideal.com\/blog\/wp-json\/wp\/v2\/media?parent=364"}],"wp:term":[{"taxonomy":"category","embeddable":true,"href":"https:\/\/www.carideal.com\/blog\/wp-json\/wp\/v2\/categories?post=364"},{"taxonomy":"post_tag","embeddable":true,"href":"https:\/\/www.carideal.com\/blog\/wp-json\/wp\/v2\/tags?post=364"}],"curies":[{"name":"wp","href":"https:\/\/api.w.org\/{rel}","templated":true}]}}