{"id":3637,"date":"2014-11-30T17:35:00","date_gmt":"2014-11-30T17:35:00","guid":{"rendered":"http:\/\/carideal.com\/blog\/?p=3637"},"modified":"2020-03-07T16:55:33","modified_gmt":"2020-03-07T15:55:33","slug":"le-nouveau-moteur-psa-trois-cylindres-e-thp-130-ch","status":"publish","type":"post","link":"https:\/\/www.carideal.com\/blog\/2014\/11\/30\/le-nouveau-moteur-psa-trois-cylindres-e-thp-130-ch\/","title":{"rendered":"Le Moteur e-THP 130 ch PSA trois cylindres"},"content":{"rendered":"<figure style=\"width: 438px\" class=\"wp-caption alignnone\"><img loading=\"lazy\" decoding=\"async\" title=\"Moteur e-THP 130 ch\" src=\"\/blog\/public\/.moteur-citroen-c4-1-2-e-thp-130-carideal-mandataire-automobile_m.jpg\" alt=\"Moteur e-THP 130 ch\" width=\"448\" height=\"298\" \/><figcaption class=\"wp-caption-text\">Moteur e-THP 130 ch<\/figcaption><\/figure>\n<h1>Nouveau Moteur e-THP 130 ch 3 cylindres 1.2 L<\/h1>\n<p>Par rapport \u00e0 la version atmosph\u00e9rique de 82 ch que l'on peut trouver sur la Peugeot 308 par exemple, \u00a0le moteur e-THP 130 ch \u00e0 trois cylindres de 1.2 L de cylindr\u00e9e re\u00e7oit une injection directe \u00e0 haute pression et se voit greffer un turbo.<\/p>\n<p>Les r\u00e9sultats sont spectaculaires, le couple passe de 118 Nm \u00e0 230 Nm \u00e0 seulement 1750 tr\/min soit les meilleurs valeurs mondiales pour un bloc de cette cylindr\u00e9e, le Ford 1.0 Ecoboost ne propose lui que 117 Nm et le Renault 1.2 Tce lui 190 Nm avec ses quatre cylindres.<br \/>\nLe 1.2 e-THP se voit accoupl\u00e9 \u00e0 un syst\u00e8me stop &amp; start, mais au contraire de l'alterno-d\u00e9marreur des moteurs diesel e-hDI lui se est \u00e9quip\u00e9 d'un d\u00e9marreur renforc\u00e9 qui ne fonctionnera qu'\u00e0 l'arr\u00eat alors que les diesels se coupent sous les 20 km\/h.<br \/>\nLa <span style=\"text-decoration: underline; color: #0000ff;\">Citroen DS3<\/span> et les Peugeot 2008 et 308 auront aussi une version e-THP 110 ch.<\/p>\n<p>&nbsp;<\/p>\n","protected":false},"excerpt":{"rendered":"<p>Nouveau Moteur e-THP 130 ch 3 cylindres 1.2 L Par rapport \u00e0 la version atmosph\u00e9rique de 82 ch que l&rsquo;on peut trouver sur la Peugeot 308 par exemple, \u00a0le moteur e-THP 130 ch \u00e0 trois cylindres de 1.2 L de cylindr\u00e9e re\u00e7oit une injection directe \u00e0 haute pression et se voit greffer un turbo. Les &#8230; <a title=\"Le Moteur e-THP 130 ch PSA trois cylindres\" class=\"read-more\" href=\"https:\/\/www.carideal.com\/blog\/2014\/11\/30\/le-nouveau-moteur-psa-trois-cylindres-e-thp-130-ch\/\" aria-label=\"En savoir plus sur Le Moteur e-THP 130 ch PSA trois cylindres\">Lire plus<\/a><\/p>\n","protected":false},"author":1,"featured_media":0,"comment_status":"closed","ping_status":"open","sticky":false,"template":"","format":"standard","meta":{"_uag_custom_page_level_css":"","_themeisle_gutenberg_block_has_review":false,"footnotes":""},"categories":[10],"tags":[41],"class_list":["post-3637","post","type-post","status-publish","format-standard","hentry","category-marche-automobile-voiture-neuve-occasion-4x4-suv","tag-stop-start"],"wppr_data":[],"yoast_head":"<!-- This site is optimized with the Yoast SEO plugin v24.8.1 - https:\/\/yoast.com\/wordpress\/plugins\/seo\/ -->\n<title>Le Moteur e-THP 130 ch PSA trois cylindres - Blog auto Carid\u00e9al<\/title>\n<meta name=\"description\" content=\"Le Moteur e-THP 130 de PSA est le trois cylindres gr\u00e9ff\u00e9 un turbo et une injection directe d&#039;essence \u00e0 haute pression pour obtenir un couple de 230 Nm\u00a0\" \/>\n<meta name=\"robots\" content=\"index, follow, max-snippet:-1, max-image-preview:large, max-video-preview:-1\" \/>\n<link rel=\"canonical\" href=\"https:\/\/www.carideal.com\/blog\/2014\/11\/30\/le-nouveau-moteur-psa-trois-cylindres-e-thp-130-ch\/\" \/>\n<meta property=\"og:locale\" content=\"fr_FR\" \/>\n<meta property=\"og:type\" content=\"article\" \/>\n<meta property=\"og:title\" content=\"Le Moteur e-THP 130 ch PSA trois cylindres - Blog auto Carid\u00e9al\" \/>\n<meta property=\"og:description\" content=\"Le Moteur e-THP 130 de PSA est le trois cylindres gr\u00e9ff\u00e9 un turbo et une injection directe d&#039;essence \u00e0 haute pression pour obtenir un couple de 230 Nm\u00a0\" \/>\n<meta property=\"og:url\" content=\"https:\/\/www.carideal.com\/blog\/2014\/11\/30\/le-nouveau-moteur-psa-trois-cylindres-e-thp-130-ch\/\" \/>\n<meta property=\"og:site_name\" content=\"Blog auto Carid\u00e9al\" \/>\n<meta property=\"article:publisher\" content=\"https:\/\/www.facebook.com\/Carideal.mandataire.automobile\" \/>\n<meta property=\"article:author\" content=\"https:\/\/www.facebook.com\/Carideal.mandataire.automobile\/\" \/>\n<meta property=\"article:published_time\" content=\"2014-11-30T17:35:00+00:00\" \/>\n<meta property=\"article:modified_time\" content=\"2020-03-07T15:55:33+00:00\" \/>\n<meta property=\"og:image\" content=\"https:\/\/www.carideal.com\/blog\/wp-content\/uploads\/2016\/03\/logo-carideal-mandataire-automobile.png\" \/>\n\t<meta property=\"og:image:width\" content=\"300\" \/>\n\t<meta property=\"og:image:height\" content=\"300\" \/>\n\t<meta property=\"og:image:type\" content=\"image\/png\" \/>\n<meta name=\"author\" content=\"N.S Carideal\" \/>\n<meta name=\"twitter:card\" content=\"summary_large_image\" \/>\n<meta name=\"twitter:creator\" content=\"@caridealauto\" \/>\n<meta name=\"twitter:site\" content=\"@caridealauto\" \/>\n<meta name=\"twitter:label1\" content=\"\u00c9crit par\" \/>\n\t<meta name=\"twitter:data1\" content=\"N.S Carideal\" \/>\n\t<meta name=\"twitter:label2\" content=\"Dur\u00e9e de lecture estim\u00e9e\" \/>\n\t<meta name=\"twitter:data2\" content=\"1 minute\" \/>\n<script type=\"application\/ld+json\" class=\"yoast-schema-graph\">{\"@context\":\"https:\/\/schema.org\",\"@graph\":[{\"@type\":\"Article\",\"@id\":\"https:\/\/www.carideal.com\/blog\/2014\/11\/30\/le-nouveau-moteur-psa-trois-cylindres-e-thp-130-ch\/#article\",\"isPartOf\":{\"@id\":\"https:\/\/www.carideal.com\/blog\/2014\/11\/30\/le-nouveau-moteur-psa-trois-cylindres-e-thp-130-ch\/\"},\"author\":{\"name\":\"N.S Carideal\",\"@id\":\"https:\/\/www.carideal.com\/blog\/#\/schema\/person\/985c7e757d1042d647f21bfaf8d41ebc\"},\"headline\":\"Le Moteur e-THP 130 ch PSA trois cylindres\",\"datePublished\":\"2014-11-30T17:35:00+00:00\",\"dateModified\":\"2020-03-07T15:55:33+00:00\",\"mainEntityOfPage\":{\"@id\":\"https:\/\/www.carideal.com\/blog\/2014\/11\/30\/le-nouveau-moteur-psa-trois-cylindres-e-thp-130-ch\/\"},\"wordCount\":166,\"publisher\":{\"@id\":\"https:\/\/www.carideal.com\/blog\/#organization\"},\"keywords\":[\"Stop &amp; Start\"],\"articleSection\":[\"March\u00e9 automobile\"],\"inLanguage\":\"fr-FR\"},{\"@type\":\"WebPage\",\"@id\":\"https:\/\/www.carideal.com\/blog\/2014\/11\/30\/le-nouveau-moteur-psa-trois-cylindres-e-thp-130-ch\/\",\"url\":\"https:\/\/www.carideal.com\/blog\/2014\/11\/30\/le-nouveau-moteur-psa-trois-cylindres-e-thp-130-ch\/\",\"name\":\"Le Moteur e-THP 130 ch PSA trois cylindres - Blog auto Carid\u00e9al\",\"isPartOf\":{\"@id\":\"https:\/\/www.carideal.com\/blog\/#website\"},\"datePublished\":\"2014-11-30T17:35:00+00:00\",\"dateModified\":\"2020-03-07T15:55:33+00:00\",\"description\":\"Le Moteur e-THP 130 de PSA est le trois cylindres gr\u00e9ff\u00e9 un turbo et une injection directe d'essence \u00e0 haute pression pour obtenir un couple de 230 Nm\u00a0\",\"breadcrumb\":{\"@id\":\"https:\/\/www.carideal.com\/blog\/2014\/11\/30\/le-nouveau-moteur-psa-trois-cylindres-e-thp-130-ch\/#breadcrumb\"},\"inLanguage\":\"fr-FR\",\"potentialAction\":[{\"@type\":\"ReadAction\",\"target\":[\"https:\/\/www.carideal.com\/blog\/2014\/11\/30\/le-nouveau-moteur-psa-trois-cylindres-e-thp-130-ch\/\"]}]},{\"@type\":\"BreadcrumbList\",\"@id\":\"https:\/\/www.carideal.com\/blog\/2014\/11\/30\/le-nouveau-moteur-psa-trois-cylindres-e-thp-130-ch\/#breadcrumb\",\"itemListElement\":[{\"@type\":\"ListItem\",\"position\":1,\"name\":\"Blog Carid\u00e9al\",\"item\":\"https:\/\/www.carideal.com\/blog\/\"},{\"@type\":\"ListItem\",\"position\":2,\"name\":\"March\u00e9 automobile\",\"item\":\"https:\/\/www.carideal.com\/blog\/marche-automobile-voiture-neuve-occasion-4x4-suv\/\"},{\"@type\":\"ListItem\",\"position\":3,\"name\":\"Le Moteur e-THP 130 ch PSA trois cylindres\"}]},{\"@type\":\"WebSite\",\"@id\":\"https:\/\/www.carideal.com\/blog\/#website\",\"url\":\"https:\/\/www.carideal.com\/blog\/\",\"name\":\"Blog auto Carid\u00e9al\",\"description\":\"Actualit\u00e9 auto par des passionn\u00e9s\",\"publisher\":{\"@id\":\"https:\/\/www.carideal.com\/blog\/#organization\"},\"potentialAction\":[{\"@type\":\"SearchAction\",\"target\":{\"@type\":\"EntryPoint\",\"urlTemplate\":\"https:\/\/www.carideal.com\/blog\/?s={search_term_string}\"},\"query-input\":{\"@type\":\"PropertyValueSpecification\",\"valueRequired\":true,\"valueName\":\"search_term_string\"}}],\"inLanguage\":\"fr-FR\"},{\"@type\":\"Organization\",\"@id\":\"https:\/\/www.carideal.com\/blog\/#organization\",\"name\":\"Carideal\",\"url\":\"https:\/\/www.carideal.com\/blog\/\",\"logo\":{\"@type\":\"ImageObject\",\"inLanguage\":\"fr-FR\",\"@id\":\"https:\/\/www.carideal.com\/blog\/#\/schema\/logo\/image\/\",\"url\":\"http:\/\/www.carideal.com\/blog\/wp-content\/uploads\/2016\/03\/logo-carideal-mandataire-automobile.png\",\"contentUrl\":\"http:\/\/www.carideal.com\/blog\/wp-content\/uploads\/2016\/03\/logo-carideal-mandataire-automobile.png\",\"width\":300,\"height\":300,\"caption\":\"Carideal\"},\"image\":{\"@id\":\"https:\/\/www.carideal.com\/blog\/#\/schema\/logo\/image\/\"},\"sameAs\":[\"https:\/\/www.facebook.com\/Carideal.mandataire.automobile\",\"https:\/\/x.com\/caridealauto\",\"https:\/\/www.instagram.com\/carideal1\/\",\"https:\/\/www.linkedin.com\/company\/carideal.com\",\"https:\/\/fr.pinterest.com\/schiavonsas\/\",\"https:\/\/www.youtube.com\/user\/caridealsas\"]},{\"@type\":\"Person\",\"@id\":\"https:\/\/www.carideal.com\/blog\/#\/schema\/person\/985c7e757d1042d647f21bfaf8d41ebc\",\"name\":\"N.S Carideal\",\"image\":{\"@type\":\"ImageObject\",\"inLanguage\":\"fr-FR\",\"@id\":\"https:\/\/www.carideal.com\/blog\/#\/schema\/person\/image\/\",\"url\":\"https:\/\/secure.gravatar.com\/avatar\/edb7ccdf1a4e3d14aef967760d354d0e?s=96&r=g\",\"contentUrl\":\"https:\/\/secure.gravatar.com\/avatar\/edb7ccdf1a4e3d14aef967760d354d0e?s=96&r=g\",\"caption\":\"N.S Carideal\"},\"description\":\"Depuis tout petit fan d'automobile. Il est question d'essayer et de comparer toutes ces voitures qui nous ont fait r\u00e9ver, avant que celles-ci ne devient uniquement des voitures de collection.\",\"sameAs\":[\"http:\/\/www.carideal.com\/blog\",\"https:\/\/www.facebook.com\/Carideal.mandataire.automobile\/\",\"https:\/\/www.linkedin.com\/in\/nschiavon\/\",\"https:\/\/www.youtube.com\/user\/caridealsas\/\"],\"url\":\"https:\/\/www.carideal.com\/blog\/author\/admin_carideal\/\"}]}<\/script>\n<!-- \/ Yoast SEO plugin. -->","yoast_head_json":{"title":"Le Moteur e-THP 130 ch PSA trois cylindres - Blog auto Carid\u00e9al","description":"Le Moteur e-THP 130 de PSA est le trois cylindres gr\u00e9ff\u00e9 un turbo et une injection directe d'essence \u00e0 haute pression pour obtenir un couple de 230 Nm\u00a0","robots":{"index":"index","follow":"follow","max-snippet":"max-snippet:-1","max-image-preview":"max-image-preview:large","max-video-preview":"max-video-preview:-1"},"canonical":"https:\/\/www.carideal.com\/blog\/2014\/11\/30\/le-nouveau-moteur-psa-trois-cylindres-e-thp-130-ch\/","og_locale":"fr_FR","og_type":"article","og_title":"Le Moteur e-THP 130 ch PSA trois cylindres - Blog auto Carid\u00e9al","og_description":"Le Moteur e-THP 130 de PSA est le trois cylindres gr\u00e9ff\u00e9 un turbo et une injection directe d'essence \u00e0 haute pression pour obtenir un couple de 230 Nm\u00a0","og_url":"https:\/\/www.carideal.com\/blog\/2014\/11\/30\/le-nouveau-moteur-psa-trois-cylindres-e-thp-130-ch\/","og_site_name":"Blog auto Carid\u00e9al","article_publisher":"https:\/\/www.facebook.com\/Carideal.mandataire.automobile","article_author":"https:\/\/www.facebook.com\/Carideal.mandataire.automobile\/","article_published_time":"2014-11-30T17:35:00+00:00","article_modified_time":"2020-03-07T15:55:33+00:00","og_image":[{"width":300,"height":300,"url":"https:\/\/www.carideal.com\/blog\/wp-content\/uploads\/2016\/03\/logo-carideal-mandataire-automobile.png","type":"image\/png"}],"author":"N.S Carideal","twitter_card":"summary_large_image","twitter_creator":"@caridealauto","twitter_site":"@caridealauto","twitter_misc":{"\u00c9crit par":"N.S Carideal","Dur\u00e9e de lecture estim\u00e9e":"1 minute"},"schema":{"@context":"https:\/\/schema.org","@graph":[{"@type":"Article","@id":"https:\/\/www.carideal.com\/blog\/2014\/11\/30\/le-nouveau-moteur-psa-trois-cylindres-e-thp-130-ch\/#article","isPartOf":{"@id":"https:\/\/www.carideal.com\/blog\/2014\/11\/30\/le-nouveau-moteur-psa-trois-cylindres-e-thp-130-ch\/"},"author":{"name":"N.S Carideal","@id":"https:\/\/www.carideal.com\/blog\/#\/schema\/person\/985c7e757d1042d647f21bfaf8d41ebc"},"headline":"Le Moteur e-THP 130 ch PSA trois cylindres","datePublished":"2014-11-30T17:35:00+00:00","dateModified":"2020-03-07T15:55:33+00:00","mainEntityOfPage":{"@id":"https:\/\/www.carideal.com\/blog\/2014\/11\/30\/le-nouveau-moteur-psa-trois-cylindres-e-thp-130-ch\/"},"wordCount":166,"publisher":{"@id":"https:\/\/www.carideal.com\/blog\/#organization"},"keywords":["Stop &amp; Start"],"articleSection":["March\u00e9 automobile"],"inLanguage":"fr-FR"},{"@type":"WebPage","@id":"https:\/\/www.carideal.com\/blog\/2014\/11\/30\/le-nouveau-moteur-psa-trois-cylindres-e-thp-130-ch\/","url":"https:\/\/www.carideal.com\/blog\/2014\/11\/30\/le-nouveau-moteur-psa-trois-cylindres-e-thp-130-ch\/","name":"Le Moteur e-THP 130 ch PSA trois cylindres - Blog auto Carid\u00e9al","isPartOf":{"@id":"https:\/\/www.carideal.com\/blog\/#website"},"datePublished":"2014-11-30T17:35:00+00:00","dateModified":"2020-03-07T15:55:33+00:00","description":"Le Moteur e-THP 130 de PSA est le trois cylindres gr\u00e9ff\u00e9 un turbo et une injection directe d'essence \u00e0 haute pression pour obtenir un couple de 230 Nm\u00a0","breadcrumb":{"@id":"https:\/\/www.carideal.com\/blog\/2014\/11\/30\/le-nouveau-moteur-psa-trois-cylindres-e-thp-130-ch\/#breadcrumb"},"inLanguage":"fr-FR","potentialAction":[{"@type":"ReadAction","target":["https:\/\/www.carideal.com\/blog\/2014\/11\/30\/le-nouveau-moteur-psa-trois-cylindres-e-thp-130-ch\/"]}]},{"@type":"BreadcrumbList","@id":"https:\/\/www.carideal.com\/blog\/2014\/11\/30\/le-nouveau-moteur-psa-trois-cylindres-e-thp-130-ch\/#breadcrumb","itemListElement":[{"@type":"ListItem","position":1,"name":"Blog Carid\u00e9al","item":"https:\/\/www.carideal.com\/blog\/"},{"@type":"ListItem","position":2,"name":"March\u00e9 automobile","item":"https:\/\/www.carideal.com\/blog\/marche-automobile-voiture-neuve-occasion-4x4-suv\/"},{"@type":"ListItem","position":3,"name":"Le Moteur e-THP 130 ch PSA trois cylindres"}]},{"@type":"WebSite","@id":"https:\/\/www.carideal.com\/blog\/#website","url":"https:\/\/www.carideal.com\/blog\/","name":"Blog auto Carid\u00e9al","description":"Actualit\u00e9 auto par des passionn\u00e9s","publisher":{"@id":"https:\/\/www.carideal.com\/blog\/#organization"},"potentialAction":[{"@type":"SearchAction","target":{"@type":"EntryPoint","urlTemplate":"https:\/\/www.carideal.com\/blog\/?s={search_term_string}"},"query-input":{"@type":"PropertyValueSpecification","valueRequired":true,"valueName":"search_term_string"}}],"inLanguage":"fr-FR"},{"@type":"Organization","@id":"https:\/\/www.carideal.com\/blog\/#organization","name":"Carideal","url":"https:\/\/www.carideal.com\/blog\/","logo":{"@type":"ImageObject","inLanguage":"fr-FR","@id":"https:\/\/www.carideal.com\/blog\/#\/schema\/logo\/image\/","url":"http:\/\/www.carideal.com\/blog\/wp-content\/uploads\/2016\/03\/logo-carideal-mandataire-automobile.png","contentUrl":"http:\/\/www.carideal.com\/blog\/wp-content\/uploads\/2016\/03\/logo-carideal-mandataire-automobile.png","width":300,"height":300,"caption":"Carideal"},"image":{"@id":"https:\/\/www.carideal.com\/blog\/#\/schema\/logo\/image\/"},"sameAs":["https:\/\/www.facebook.com\/Carideal.mandataire.automobile","https:\/\/x.com\/caridealauto","https:\/\/www.instagram.com\/carideal1\/","https:\/\/www.linkedin.com\/company\/carideal.com","https:\/\/fr.pinterest.com\/schiavonsas\/","https:\/\/www.youtube.com\/user\/caridealsas"]},{"@type":"Person","@id":"https:\/\/www.carideal.com\/blog\/#\/schema\/person\/985c7e757d1042d647f21bfaf8d41ebc","name":"N.S Carideal","image":{"@type":"ImageObject","inLanguage":"fr-FR","@id":"https:\/\/www.carideal.com\/blog\/#\/schema\/person\/image\/","url":"https:\/\/secure.gravatar.com\/avatar\/edb7ccdf1a4e3d14aef967760d354d0e?s=96&r=g","contentUrl":"https:\/\/secure.gravatar.com\/avatar\/edb7ccdf1a4e3d14aef967760d354d0e?s=96&r=g","caption":"N.S Carideal"},"description":"Depuis tout petit fan d'automobile. Il est question d'essayer et de comparer toutes ces voitures qui nous ont fait r\u00e9ver, avant que celles-ci ne devient uniquement des voitures de collection.","sameAs":["http:\/\/www.carideal.com\/blog","https:\/\/www.facebook.com\/Carideal.mandataire.automobile\/","https:\/\/www.linkedin.com\/in\/nschiavon\/","https:\/\/www.youtube.com\/user\/caridealsas\/"],"url":"https:\/\/www.carideal.com\/blog\/author\/admin_carideal\/"}]}},"uagb_featured_image_src":{"full":false,"thumbnail":false,"medium":false,"medium_large":false,"large":false,"1536x1536":false,"2048x2048":false,"wppr-widget":false},"uagb_author_info":{"display_name":"N.S Carideal","author_link":"https:\/\/www.carideal.com\/blog\/author\/admin_carideal\/"},"uagb_comment_info":0,"uagb_excerpt":"Nouveau Moteur e-THP 130 ch 3 cylindres 1.2 L Par rapport \u00e0 la version atmosph\u00e9rique de 82 ch que l'on peut trouver sur la Peugeot 308 par exemple, \u00a0le moteur e-THP 130 ch \u00e0 trois cylindres de 1.2 L de cylindr\u00e9e re\u00e7oit une injection directe \u00e0 haute pression et se voit greffer un turbo. Les\u2026","_links":{"self":[{"href":"https:\/\/www.carideal.com\/blog\/wp-json\/wp\/v2\/posts\/3637"}],"collection":[{"href":"https:\/\/www.carideal.com\/blog\/wp-json\/wp\/v2\/posts"}],"about":[{"href":"https:\/\/www.carideal.com\/blog\/wp-json\/wp\/v2\/types\/post"}],"author":[{"embeddable":true,"href":"https:\/\/www.carideal.com\/blog\/wp-json\/wp\/v2\/users\/1"}],"replies":[{"embeddable":true,"href":"https:\/\/www.carideal.com\/blog\/wp-json\/wp\/v2\/comments?post=3637"}],"version-history":[{"count":0,"href":"https:\/\/www.carideal.com\/blog\/wp-json\/wp\/v2\/posts\/3637\/revisions"}],"wp:attachment":[{"href":"https:\/\/www.carideal.com\/blog\/wp-json\/wp\/v2\/media?parent=3637"}],"wp:term":[{"taxonomy":"category","embeddable":true,"href":"https:\/\/www.carideal.com\/blog\/wp-json\/wp\/v2\/categories?post=3637"},{"taxonomy":"post_tag","embeddable":true,"href":"https:\/\/www.carideal.com\/blog\/wp-json\/wp\/v2\/tags?post=3637"}],"curies":[{"name":"wp","href":"https:\/\/api.w.org\/{rel}","templated":true}]}}