{"id":36,"date":"2013-09-02T08:37:00","date_gmt":"2013-09-02T08:37:00","guid":{"rendered":"http:\/\/carideal.com\/blog\/?p=36"},"modified":"2020-03-07T16:34:55","modified_gmt":"2020-03-07T15:34:55","slug":"peugeot-3008-suv-doccasion","status":"publish","type":"post","link":"https:\/\/www.carideal.com\/blog\/2013\/09\/02\/peugeot-3008-suv-doccasion\/","title":{"rendered":"Peugeot 3008 d&rsquo;occasion"},"content":{"rendered":"<figure style=\"width: 438px\" class=\"wp-caption alignnone\"><img loading=\"lazy\" decoding=\"async\" title=\"Peugeot 3008 d'occasion\" src=\"\/blog\/public\/.peugeot-3008-suv-achat-occasion-carideal-mandataire-automobile_m.jpg\" alt=\"Peugeot 3008 d'occasion\" width=\"448\" height=\"336\" \/><figcaption class=\"wp-caption-text\">Peugeot 3008 d'occasion<\/figcaption><\/figure>\n<h1><strong>Guide d'achat\u00a0du\u00a0Peugeot 3008 d'occasion<\/strong><\/h1>\n<p>Peugeot a appliqu\u00e9 \u00e0 son <span style=\"text-decoration: underline;\">SUV<\/span>\u00a0le <span style=\"text-decoration: underline;\">3008<\/span> les m\u00eames recettes que Nissan \u00e0 Son Qashqai, un v\u00e9hicule \"moche\" mais p\u00e9trit de qualit\u00e9s. La pr\u00e9sentation du <strong>PEUGEOT 3008 D'OCCASION<\/strong> est soign\u00e9e et la large console valorise le \"pilote\". Les passagers arri\u00e8res ont de la place, le coffre du Peugeot 3008 d'occasion est moyen mais pas pratique, du \u00e0 sa hauteur de chargement et \u00e0 cette partie basse du coffre au dessus du parechoc qui \u00e0 la fa\u00e7on d'un pick-up doit s'abaisser afin de charger le coffre, ce qui nous \u00e9loigne de la partie de chargement : pas pratique du tout. Le Peugeot 3008 d'occasion est confortable sauf \u00e0 basse vitesse ou l'on sent toutes les imperfections de la route.<\/p>\n<h2>Le Peugeot 3008 d'occasion \u00e0 Vivre<\/h2>\n<p>Le Peugeot 3008 d'occasion est bien insonoris\u00e9, aussi bien pour la motorisation que ce qui est des bruits de roulement. La filtration sonore est tr\u00e8s bien r\u00e9alis\u00e9e. Une fois de plus \u00e0 mon avis le succ\u00e8s de ce 3008\u00a0est certainement d\u00fb \u00e0 son poste de conduite tr\u00e8s valorisant pour le conducteur. Question ergonomie, tout est fait pour le conducteur qui a toutes les commandes directement sous la main et m\u00eame orient\u00e9es vers lui. Les versions haut de gamme proposent m\u00eame des boutons style aviation, toggle switches. Il manque cependant de l'espace \u00e0 l'int\u00e9rieur, azussi bien pour les passager que pour le rangement, la faute au gros tunel centrale qui mange l'espace.<\/p>\n<p>On pourra cependant regretter cependant son poids un peu trop \u00e9lev\u00e9.<\/p>\n<p>Bon bilan fiabilit\u00e9 \/ qualit\u00e9 pour le 3008 qui \u00e0 part certaines de ses vannes EGR ne pr\u00e9sente pas de d\u00e9fauts r\u00e9currents ou majeurs. Il faudra penser \u00e0 souscrire une <span style=\"text-decoration: underline;\"><a href=\"http:\/\/www.carideal.com\/content\/7-extension-garantie\">extension de garantie<\/a><\/span> afin de se pr\u00e9munir contre tout risque \u00e9ventuel de panne.<br \/>\nOn pourra trouver en voiture d'occasion des Peugeot 3008 d'occasion 1.6 HDI 110 Premium Pack 4x2 de 2010 avec 80000 km \u00e0 15000 \u20ac.<\/p>\n","protected":false},"excerpt":{"rendered":"<p>Guide d&rsquo;achat\u00a0du\u00a0Peugeot 3008 d&rsquo;occasion Peugeot a appliqu\u00e9 \u00e0 son SUV\u00a0le 3008 les m\u00eames recettes que Nissan \u00e0 Son Qashqai, un v\u00e9hicule \u00ab\u00a0moche\u00a0\u00bb mais p\u00e9trit de qualit\u00e9s. La pr\u00e9sentation du PEUGEOT 3008 D&rsquo;OCCASION est soign\u00e9e et la large console valorise le \u00ab\u00a0pilote\u00a0\u00bb. Les passagers arri\u00e8res ont de la place, le coffre du Peugeot 3008 d&rsquo;occasion est &#8230; <a title=\"Peugeot 3008 d&rsquo;occasion\" class=\"read-more\" href=\"https:\/\/www.carideal.com\/blog\/2013\/09\/02\/peugeot-3008-suv-doccasion\/\" aria-label=\"En savoir plus sur Peugeot 3008 d&rsquo;occasion\">Lire plus<\/a><\/p>\n","protected":false},"author":1,"featured_media":0,"comment_status":"open","ping_status":"open","sticky":false,"template":"","format":"standard","meta":{"_uag_custom_page_level_css":"","_themeisle_gutenberg_block_has_review":false,"footnotes":""},"categories":[2,5944,5946,6025,6010,5974],"tags":[5044],"class_list":["post-36","post","type-post","status-publish","format-standard","hentry","category-4x4-suv","category-constructeur","category-peugeot","category-occasion-type-de-vehicule-type-de-vehicule","category-suv","category-type-de-vehicule","tag-guide-achat"],"wppr_data":[],"yoast_head":"<!-- This site is optimized with the Yoast SEO plugin v24.8.1 - https:\/\/yoast.com\/wordpress\/plugins\/seo\/ -->\n<title>Peugeot 3008 d&#039;occasion - Blog auto Carid\u00e9al<\/title>\n<meta name=\"description\" content=\"Peugeot a appliqu\u00e9 \u00e0 son SUV 3008 les m\u00eames recettes que Nissan \u00e0 Son Qashqai, un Peugeot 3008 d&#039;occasion &quot;moche&quot; mais p\u00e9trit de qualit\u00e9s.\" \/>\n<meta name=\"robots\" content=\"index, follow, max-snippet:-1, max-image-preview:large, max-video-preview:-1\" \/>\n<link rel=\"canonical\" href=\"https:\/\/www.carideal.com\/blog\/2013\/09\/02\/peugeot-3008-suv-doccasion\/\" \/>\n<meta property=\"og:locale\" content=\"fr_FR\" \/>\n<meta property=\"og:type\" content=\"article\" \/>\n<meta property=\"og:title\" content=\"Peugeot 3008 d&#039;occasion - Blog auto Carid\u00e9al\" \/>\n<meta property=\"og:description\" content=\"Peugeot a appliqu\u00e9 \u00e0 son SUV 3008 les m\u00eames recettes que Nissan \u00e0 Son Qashqai, un Peugeot 3008 d&#039;occasion &quot;moche&quot; mais p\u00e9trit de qualit\u00e9s.\" \/>\n<meta property=\"og:url\" content=\"https:\/\/www.carideal.com\/blog\/2013\/09\/02\/peugeot-3008-suv-doccasion\/\" \/>\n<meta property=\"og:site_name\" content=\"Blog auto Carid\u00e9al\" \/>\n<meta property=\"article:publisher\" content=\"https:\/\/www.facebook.com\/Carideal.mandataire.automobile\" \/>\n<meta property=\"article:author\" content=\"https:\/\/www.facebook.com\/Carideal.mandataire.automobile\/\" \/>\n<meta property=\"article:published_time\" content=\"2013-09-02T08:37:00+00:00\" \/>\n<meta property=\"article:modified_time\" content=\"2020-03-07T15:34:55+00:00\" \/>\n<meta property=\"og:image\" content=\"https:\/\/www.carideal.com\/blog\/wp-content\/uploads\/2016\/03\/logo-carideal-mandataire-automobile.png\" \/>\n\t<meta property=\"og:image:width\" content=\"300\" \/>\n\t<meta property=\"og:image:height\" content=\"300\" \/>\n\t<meta property=\"og:image:type\" content=\"image\/png\" \/>\n<meta name=\"author\" content=\"N.S Carideal\" \/>\n<meta name=\"twitter:card\" content=\"summary_large_image\" \/>\n<meta name=\"twitter:creator\" content=\"@caridealauto\" \/>\n<meta name=\"twitter:site\" content=\"@caridealauto\" \/>\n<meta name=\"twitter:label1\" content=\"\u00c9crit par\" \/>\n\t<meta name=\"twitter:data1\" content=\"N.S Carideal\" \/>\n\t<meta name=\"twitter:label2\" content=\"Dur\u00e9e de lecture estim\u00e9e\" \/>\n\t<meta name=\"twitter:data2\" content=\"2 minutes\" \/>\n<script type=\"application\/ld+json\" class=\"yoast-schema-graph\">{\"@context\":\"https:\/\/schema.org\",\"@graph\":[{\"@type\":\"Article\",\"@id\":\"https:\/\/www.carideal.com\/blog\/2013\/09\/02\/peugeot-3008-suv-doccasion\/#article\",\"isPartOf\":{\"@id\":\"https:\/\/www.carideal.com\/blog\/2013\/09\/02\/peugeot-3008-suv-doccasion\/\"},\"author\":{\"name\":\"N.S Carideal\",\"@id\":\"https:\/\/www.carideal.com\/blog\/#\/schema\/person\/985c7e757d1042d647f21bfaf8d41ebc\"},\"headline\":\"Peugeot 3008 d&rsquo;occasion\",\"datePublished\":\"2013-09-02T08:37:00+00:00\",\"dateModified\":\"2020-03-07T15:34:55+00:00\",\"mainEntityOfPage\":{\"@id\":\"https:\/\/www.carideal.com\/blog\/2013\/09\/02\/peugeot-3008-suv-doccasion\/\"},\"wordCount\":321,\"commentCount\":0,\"publisher\":{\"@id\":\"https:\/\/www.carideal.com\/blog\/#organization\"},\"keywords\":[\"Guide achat voiture\"],\"articleSection\":[\"4X4 Actualit\u00e9\",\"Actualit\u00e9 Constructeur automobile\",\"Actualit\u00e9 Peugeot\",\"Essai Voiture Occasion\",\"SUV\",\"Type de v\u00e9hicule\"],\"inLanguage\":\"fr-FR\",\"potentialAction\":[{\"@type\":\"CommentAction\",\"name\":\"Comment\",\"target\":[\"https:\/\/www.carideal.com\/blog\/2013\/09\/02\/peugeot-3008-suv-doccasion\/#respond\"]}]},{\"@type\":\"WebPage\",\"@id\":\"https:\/\/www.carideal.com\/blog\/2013\/09\/02\/peugeot-3008-suv-doccasion\/\",\"url\":\"https:\/\/www.carideal.com\/blog\/2013\/09\/02\/peugeot-3008-suv-doccasion\/\",\"name\":\"Peugeot 3008 d'occasion - Blog auto Carid\u00e9al\",\"isPartOf\":{\"@id\":\"https:\/\/www.carideal.com\/blog\/#website\"},\"datePublished\":\"2013-09-02T08:37:00+00:00\",\"dateModified\":\"2020-03-07T15:34:55+00:00\",\"description\":\"Peugeot a appliqu\u00e9 \u00e0 son SUV 3008 les m\u00eames recettes que Nissan \u00e0 Son Qashqai, un Peugeot 3008 d'occasion \\\"moche\\\" mais p\u00e9trit de qualit\u00e9s.\",\"breadcrumb\":{\"@id\":\"https:\/\/www.carideal.com\/blog\/2013\/09\/02\/peugeot-3008-suv-doccasion\/#breadcrumb\"},\"inLanguage\":\"fr-FR\",\"potentialAction\":[{\"@type\":\"ReadAction\",\"target\":[\"https:\/\/www.carideal.com\/blog\/2013\/09\/02\/peugeot-3008-suv-doccasion\/\"]}]},{\"@type\":\"BreadcrumbList\",\"@id\":\"https:\/\/www.carideal.com\/blog\/2013\/09\/02\/peugeot-3008-suv-doccasion\/#breadcrumb\",\"itemListElement\":[{\"@type\":\"ListItem\",\"position\":1,\"name\":\"Blog Carid\u00e9al\",\"item\":\"https:\/\/www.carideal.com\/blog\/\"},{\"@type\":\"ListItem\",\"position\":2,\"name\":\"Type de v\u00e9hicule\",\"item\":\"https:\/\/www.carideal.com\/blog\/type-de-vehicule\/\"},{\"@type\":\"ListItem\",\"position\":3,\"name\":\"4X4 Actualit\u00e9\",\"item\":\"https:\/\/www.carideal.com\/blog\/type-de-vehicule\/4x4-suv\/\"},{\"@type\":\"ListItem\",\"position\":4,\"name\":\"Peugeot 3008 d&rsquo;occasion\"}]},{\"@type\":\"WebSite\",\"@id\":\"https:\/\/www.carideal.com\/blog\/#website\",\"url\":\"https:\/\/www.carideal.com\/blog\/\",\"name\":\"Blog auto Carid\u00e9al\",\"description\":\"Actualit\u00e9 auto par des passionn\u00e9s\",\"publisher\":{\"@id\":\"https:\/\/www.carideal.com\/blog\/#organization\"},\"potentialAction\":[{\"@type\":\"SearchAction\",\"target\":{\"@type\":\"EntryPoint\",\"urlTemplate\":\"https:\/\/www.carideal.com\/blog\/?s={search_term_string}\"},\"query-input\":{\"@type\":\"PropertyValueSpecification\",\"valueRequired\":true,\"valueName\":\"search_term_string\"}}],\"inLanguage\":\"fr-FR\"},{\"@type\":\"Organization\",\"@id\":\"https:\/\/www.carideal.com\/blog\/#organization\",\"name\":\"Carideal\",\"url\":\"https:\/\/www.carideal.com\/blog\/\",\"logo\":{\"@type\":\"ImageObject\",\"inLanguage\":\"fr-FR\",\"@id\":\"https:\/\/www.carideal.com\/blog\/#\/schema\/logo\/image\/\",\"url\":\"http:\/\/www.carideal.com\/blog\/wp-content\/uploads\/2016\/03\/logo-carideal-mandataire-automobile.png\",\"contentUrl\":\"http:\/\/www.carideal.com\/blog\/wp-content\/uploads\/2016\/03\/logo-carideal-mandataire-automobile.png\",\"width\":300,\"height\":300,\"caption\":\"Carideal\"},\"image\":{\"@id\":\"https:\/\/www.carideal.com\/blog\/#\/schema\/logo\/image\/\"},\"sameAs\":[\"https:\/\/www.facebook.com\/Carideal.mandataire.automobile\",\"https:\/\/x.com\/caridealauto\",\"https:\/\/www.instagram.com\/carideal1\/\",\"https:\/\/www.linkedin.com\/company\/carideal.com\",\"https:\/\/fr.pinterest.com\/schiavonsas\/\",\"https:\/\/www.youtube.com\/user\/caridealsas\"]},{\"@type\":\"Person\",\"@id\":\"https:\/\/www.carideal.com\/blog\/#\/schema\/person\/985c7e757d1042d647f21bfaf8d41ebc\",\"name\":\"N.S Carideal\",\"image\":{\"@type\":\"ImageObject\",\"inLanguage\":\"fr-FR\",\"@id\":\"https:\/\/www.carideal.com\/blog\/#\/schema\/person\/image\/\",\"url\":\"https:\/\/secure.gravatar.com\/avatar\/edb7ccdf1a4e3d14aef967760d354d0e?s=96&r=g\",\"contentUrl\":\"https:\/\/secure.gravatar.com\/avatar\/edb7ccdf1a4e3d14aef967760d354d0e?s=96&r=g\",\"caption\":\"N.S Carideal\"},\"description\":\"Depuis tout petit fan d'automobile. Il est question d'essayer et de comparer toutes ces voitures qui nous ont fait r\u00e9ver, avant que celles-ci ne devient uniquement des voitures de collection.\",\"sameAs\":[\"http:\/\/www.carideal.com\/blog\",\"https:\/\/www.facebook.com\/Carideal.mandataire.automobile\/\",\"https:\/\/www.linkedin.com\/in\/nschiavon\/\",\"https:\/\/www.youtube.com\/user\/caridealsas\/\"],\"url\":\"https:\/\/www.carideal.com\/blog\/author\/admin_carideal\/\"}]}<\/script>\n<!-- \/ Yoast SEO plugin. -->","yoast_head_json":{"title":"Peugeot 3008 d'occasion - Blog auto Carid\u00e9al","description":"Peugeot a appliqu\u00e9 \u00e0 son SUV 3008 les m\u00eames recettes que Nissan \u00e0 Son Qashqai, un Peugeot 3008 d'occasion \"moche\" mais p\u00e9trit de qualit\u00e9s.","robots":{"index":"index","follow":"follow","max-snippet":"max-snippet:-1","max-image-preview":"max-image-preview:large","max-video-preview":"max-video-preview:-1"},"canonical":"https:\/\/www.carideal.com\/blog\/2013\/09\/02\/peugeot-3008-suv-doccasion\/","og_locale":"fr_FR","og_type":"article","og_title":"Peugeot 3008 d'occasion - Blog auto Carid\u00e9al","og_description":"Peugeot a appliqu\u00e9 \u00e0 son SUV 3008 les m\u00eames recettes que Nissan \u00e0 Son Qashqai, un Peugeot 3008 d'occasion \"moche\" mais p\u00e9trit de qualit\u00e9s.","og_url":"https:\/\/www.carideal.com\/blog\/2013\/09\/02\/peugeot-3008-suv-doccasion\/","og_site_name":"Blog auto Carid\u00e9al","article_publisher":"https:\/\/www.facebook.com\/Carideal.mandataire.automobile","article_author":"https:\/\/www.facebook.com\/Carideal.mandataire.automobile\/","article_published_time":"2013-09-02T08:37:00+00:00","article_modified_time":"2020-03-07T15:34:55+00:00","og_image":[{"width":300,"height":300,"url":"https:\/\/www.carideal.com\/blog\/wp-content\/uploads\/2016\/03\/logo-carideal-mandataire-automobile.png","type":"image\/png"}],"author":"N.S Carideal","twitter_card":"summary_large_image","twitter_creator":"@caridealauto","twitter_site":"@caridealauto","twitter_misc":{"\u00c9crit par":"N.S Carideal","Dur\u00e9e de lecture estim\u00e9e":"2 minutes"},"schema":{"@context":"https:\/\/schema.org","@graph":[{"@type":"Article","@id":"https:\/\/www.carideal.com\/blog\/2013\/09\/02\/peugeot-3008-suv-doccasion\/#article","isPartOf":{"@id":"https:\/\/www.carideal.com\/blog\/2013\/09\/02\/peugeot-3008-suv-doccasion\/"},"author":{"name":"N.S Carideal","@id":"https:\/\/www.carideal.com\/blog\/#\/schema\/person\/985c7e757d1042d647f21bfaf8d41ebc"},"headline":"Peugeot 3008 d&rsquo;occasion","datePublished":"2013-09-02T08:37:00+00:00","dateModified":"2020-03-07T15:34:55+00:00","mainEntityOfPage":{"@id":"https:\/\/www.carideal.com\/blog\/2013\/09\/02\/peugeot-3008-suv-doccasion\/"},"wordCount":321,"commentCount":0,"publisher":{"@id":"https:\/\/www.carideal.com\/blog\/#organization"},"keywords":["Guide achat voiture"],"articleSection":["4X4 Actualit\u00e9","Actualit\u00e9 Constructeur automobile","Actualit\u00e9 Peugeot","Essai Voiture Occasion","SUV","Type de v\u00e9hicule"],"inLanguage":"fr-FR","potentialAction":[{"@type":"CommentAction","name":"Comment","target":["https:\/\/www.carideal.com\/blog\/2013\/09\/02\/peugeot-3008-suv-doccasion\/#respond"]}]},{"@type":"WebPage","@id":"https:\/\/www.carideal.com\/blog\/2013\/09\/02\/peugeot-3008-suv-doccasion\/","url":"https:\/\/www.carideal.com\/blog\/2013\/09\/02\/peugeot-3008-suv-doccasion\/","name":"Peugeot 3008 d'occasion - Blog auto Carid\u00e9al","isPartOf":{"@id":"https:\/\/www.carideal.com\/blog\/#website"},"datePublished":"2013-09-02T08:37:00+00:00","dateModified":"2020-03-07T15:34:55+00:00","description":"Peugeot a appliqu\u00e9 \u00e0 son SUV 3008 les m\u00eames recettes que Nissan \u00e0 Son Qashqai, un Peugeot 3008 d'occasion \"moche\" mais p\u00e9trit de qualit\u00e9s.","breadcrumb":{"@id":"https:\/\/www.carideal.com\/blog\/2013\/09\/02\/peugeot-3008-suv-doccasion\/#breadcrumb"},"inLanguage":"fr-FR","potentialAction":[{"@type":"ReadAction","target":["https:\/\/www.carideal.com\/blog\/2013\/09\/02\/peugeot-3008-suv-doccasion\/"]}]},{"@type":"BreadcrumbList","@id":"https:\/\/www.carideal.com\/blog\/2013\/09\/02\/peugeot-3008-suv-doccasion\/#breadcrumb","itemListElement":[{"@type":"ListItem","position":1,"name":"Blog Carid\u00e9al","item":"https:\/\/www.carideal.com\/blog\/"},{"@type":"ListItem","position":2,"name":"Type de v\u00e9hicule","item":"https:\/\/www.carideal.com\/blog\/type-de-vehicule\/"},{"@type":"ListItem","position":3,"name":"4X4 Actualit\u00e9","item":"https:\/\/www.carideal.com\/blog\/type-de-vehicule\/4x4-suv\/"},{"@type":"ListItem","position":4,"name":"Peugeot 3008 d&rsquo;occasion"}]},{"@type":"WebSite","@id":"https:\/\/www.carideal.com\/blog\/#website","url":"https:\/\/www.carideal.com\/blog\/","name":"Blog auto Carid\u00e9al","description":"Actualit\u00e9 auto par des passionn\u00e9s","publisher":{"@id":"https:\/\/www.carideal.com\/blog\/#organization"},"potentialAction":[{"@type":"SearchAction","target":{"@type":"EntryPoint","urlTemplate":"https:\/\/www.carideal.com\/blog\/?s={search_term_string}"},"query-input":{"@type":"PropertyValueSpecification","valueRequired":true,"valueName":"search_term_string"}}],"inLanguage":"fr-FR"},{"@type":"Organization","@id":"https:\/\/www.carideal.com\/blog\/#organization","name":"Carideal","url":"https:\/\/www.carideal.com\/blog\/","logo":{"@type":"ImageObject","inLanguage":"fr-FR","@id":"https:\/\/www.carideal.com\/blog\/#\/schema\/logo\/image\/","url":"http:\/\/www.carideal.com\/blog\/wp-content\/uploads\/2016\/03\/logo-carideal-mandataire-automobile.png","contentUrl":"http:\/\/www.carideal.com\/blog\/wp-content\/uploads\/2016\/03\/logo-carideal-mandataire-automobile.png","width":300,"height":300,"caption":"Carideal"},"image":{"@id":"https:\/\/www.carideal.com\/blog\/#\/schema\/logo\/image\/"},"sameAs":["https:\/\/www.facebook.com\/Carideal.mandataire.automobile","https:\/\/x.com\/caridealauto","https:\/\/www.instagram.com\/carideal1\/","https:\/\/www.linkedin.com\/company\/carideal.com","https:\/\/fr.pinterest.com\/schiavonsas\/","https:\/\/www.youtube.com\/user\/caridealsas"]},{"@type":"Person","@id":"https:\/\/www.carideal.com\/blog\/#\/schema\/person\/985c7e757d1042d647f21bfaf8d41ebc","name":"N.S Carideal","image":{"@type":"ImageObject","inLanguage":"fr-FR","@id":"https:\/\/www.carideal.com\/blog\/#\/schema\/person\/image\/","url":"https:\/\/secure.gravatar.com\/avatar\/edb7ccdf1a4e3d14aef967760d354d0e?s=96&r=g","contentUrl":"https:\/\/secure.gravatar.com\/avatar\/edb7ccdf1a4e3d14aef967760d354d0e?s=96&r=g","caption":"N.S Carideal"},"description":"Depuis tout petit fan d'automobile. Il est question d'essayer et de comparer toutes ces voitures qui nous ont fait r\u00e9ver, avant que celles-ci ne devient uniquement des voitures de collection.","sameAs":["http:\/\/www.carideal.com\/blog","https:\/\/www.facebook.com\/Carideal.mandataire.automobile\/","https:\/\/www.linkedin.com\/in\/nschiavon\/","https:\/\/www.youtube.com\/user\/caridealsas\/"],"url":"https:\/\/www.carideal.com\/blog\/author\/admin_carideal\/"}]}},"uagb_featured_image_src":{"full":false,"thumbnail":false,"medium":false,"medium_large":false,"large":false,"1536x1536":false,"2048x2048":false,"wppr-widget":false},"uagb_author_info":{"display_name":"N.S Carideal","author_link":"https:\/\/www.carideal.com\/blog\/author\/admin_carideal\/"},"uagb_comment_info":0,"uagb_excerpt":"Guide d'achat\u00a0du\u00a0Peugeot 3008 d'occasion Peugeot a appliqu\u00e9 \u00e0 son SUV\u00a0le 3008 les m\u00eames recettes que Nissan \u00e0 Son Qashqai, un v\u00e9hicule \"moche\" mais p\u00e9trit de qualit\u00e9s. La pr\u00e9sentation du PEUGEOT 3008 D'OCCASION est soign\u00e9e et la large console valorise le \"pilote\". Les passagers arri\u00e8res ont de la place, le coffre du Peugeot 3008 d'occasion est\u2026","_links":{"self":[{"href":"https:\/\/www.carideal.com\/blog\/wp-json\/wp\/v2\/posts\/36"}],"collection":[{"href":"https:\/\/www.carideal.com\/blog\/wp-json\/wp\/v2\/posts"}],"about":[{"href":"https:\/\/www.carideal.com\/blog\/wp-json\/wp\/v2\/types\/post"}],"author":[{"embeddable":true,"href":"https:\/\/www.carideal.com\/blog\/wp-json\/wp\/v2\/users\/1"}],"replies":[{"embeddable":true,"href":"https:\/\/www.carideal.com\/blog\/wp-json\/wp\/v2\/comments?post=36"}],"version-history":[{"count":0,"href":"https:\/\/www.carideal.com\/blog\/wp-json\/wp\/v2\/posts\/36\/revisions"}],"wp:attachment":[{"href":"https:\/\/www.carideal.com\/blog\/wp-json\/wp\/v2\/media?parent=36"}],"wp:term":[{"taxonomy":"category","embeddable":true,"href":"https:\/\/www.carideal.com\/blog\/wp-json\/wp\/v2\/categories?post=36"},{"taxonomy":"post_tag","embeddable":true,"href":"https:\/\/www.carideal.com\/blog\/wp-json\/wp\/v2\/tags?post=36"}],"curies":[{"name":"wp","href":"https:\/\/api.w.org\/{rel}","templated":true}]}}