{"id":357,"date":"2008-09-08T06:43:26","date_gmt":"2008-09-08T06:43:26","guid":{"rendered":"http:\/\/carideal.com\/blog\/?p=357"},"modified":"2020-03-23T11:05:05","modified_gmt":"2020-03-23T10:05:05","slug":"citroen-c3-xtr-c3-picasso","status":"publish","type":"post","link":"https:\/\/www.carideal.com\/blog\/2008\/09\/08\/citroen-c3-xtr-c3-picasso\/","title":{"rendered":"Essai Citroen C3 XTR"},"content":{"rendered":"\n<h2 class=\"wp-block-heading\">Essai Citroen C3 XTR - C3 Picasso<\/h2>\n\n\n\n<p class=\"has-medium-font-size\"><strong>Essai Citroen C3 XTR, C3 Picasso<\/strong>\u00a0: Ce sera une des attractions du stand <a href=\"http:\/\/www.carideal.com\/blog\/marque-de-voiture-actualites-essais\/citroen\/\">Citro\u00ebn<\/a> au <a href=\"http:\/\/www.carideal.com\/blog\/salons\/mondial-de-lautomobile\/\">mondial de Paris<\/a> d\u00e8s le 4 Octobre, le <a href=\"http:\/\/www.carideal.com\/blog\/type-de-vehicule\/monospace\/\">petit monospace<\/a> C3 Picasso et la <a href=\"http:\/\/www.carideal.com\/blog\/marque-de-voiture-actualites-essais\/citroen\/c3\/\">Citro\u00ebn C3<\/a> auront droit \u00e0 une version baroudeur. <\/p>\n\n\n\n<p>Greffez-lui des boucliers noirs, renforc\u00e9s en partie basse, ainsi qu'une suspension r\u00e9hauss\u00e9e, et vous obtiendrez la future version XTR. Malgr\u00e9 ses airs de SUV et de petit 4X4, elle restera une traction. Cette C3 Picasso XTR sera le compl\u00e9ment id\u00e9al dans la gamme du Berlingo XTR, et partagera les m\u00eames moteurs diesels HDI 92, donnant droit \u00e0 un bonus de 200\u20ac, et de 110 ch. Pour les moteurs essences, il sera plus moderne que son grand fr\u00e8re avec ses blocs Vti de 95 ch et 120 ch.<\/p>\n\n\n\n<p>\u00c0 premi\u00e8re vue, le C3 XTR semble \u00eatre un exercice cosm\u00e9tique, le seul changement sous la peau \u00e9tant l'introduction d'un nouveau moteur \u00e0 essence de 1,4 litre. Cependant, avec autant d'\u00e9quipements suppl\u00e9mentaires en s\u00e9rie, c'est une offre plus pratique que les autres mod\u00e8les de la gamme. Une id\u00e9e bien mise en \u0153uvre qui prouve que le \"routier urbain\" pourrait bien \u00eatre l\u00e0 pour rester.<\/p>\n\n\n\n<p>Certains pensaient que le Rover Streetwise \u00e9tait une id\u00e9e stupide, mais \u00e9videmment pas la Citro\u00ebn. La firme fran\u00e7aise a toujours \u00e9t\u00e9 fan de concepts excentriques, et l'allure de la Rover en buggy lunaire a \u00e9t\u00e9 si bien accueillie \u00e0 Paris qu'elle a d\u00e9cid\u00e9 de cr\u00e9er sa propre version du gros \"urbain sur route\".<\/p>\n\n\n\n<p>Bas\u00e9e sur la quatri\u00e8me <a href=\"http:\/\/www.carideal.com\/blog\/2018\/03\/18\/meilleures-citadines-polyvalentes-2018\/\">citadine<\/a> la plus vendue en France, la <a href=\"http:\/\/www.carideal.com\/blog\/marque-de-voiture-actualites-essais\/citroen\/c3\/\">C3<\/a>, la XTR est plus robuste et mieux \u00e9quip\u00e9e que ses soeurs conventionnelles. Les pare-chocs, la calandre, les extensions de passage de roue et les seuils de porte en plastique noir lui donnent l'allure d'un b\u00e9b\u00e9 tout-terrain, bien que sa grosseur ne soit que superficielle, puisqu'elle est m\u00e9caniquement inchang\u00e9e par rapport \u00e0 la C3 standard. Si ces changements esth\u00e9tiques ne plaisent pas \u00e0 tout le monde, ils offrent une solution plus pratique aux \u00e9raflures et aux \u00e9raflures que doivent subir les voitures de ville.<\/p>\n\n\n\n<p>Une autre am\u00e9lioration pratique est une paire de rails de toit intelligents. Chaque rail contient un profil\u00e9 d'aluminium qui peut \u00eatre mont\u00e9 transversalement pour permettre le transport de v\u00e9los ou de skis. \u00c0 l'int\u00e9rieur, la XTR est dot\u00e9e d'un nouveau tissu de si\u00e8ge durable, et les passagers arri\u00e8re b\u00e9n\u00e9ficient de plateaux \u00e0 l'arri\u00e8re des si\u00e8ges avant. Les occupants avant et arri\u00e8re peuvent profiter du toit ouvrant panoramique sur toute la longueur, et Citro\u00ebn a \u00e9galement install\u00e9 de s\u00e9rie son s\u00e9parateur de coffre Moduboard.<\/p>\n\n\n\n<p>Deux variantes de moteur sont propos\u00e9es : le 1.4 HDi diesel, qui est coupl\u00e9 \u00e0 une bo\u00eete de vitesses manuelle, et - comme sur notre voiture d'essai - le nouveau 1.4i 16v essence. La puissance est affin\u00e9e jusqu'au sommet de la plage de r\u00e9gime, o\u00f9 elle commence \u00e0 \u00eatre un peu tendue. Cependant, il est possible de faire des progr\u00e8s rapides sans tirer sur le moteur, et bien que la bo\u00eete de vitesses sans embrayage <a href=\"http:\/\/www.carideal.com\/blog\/2012\/01\/12\/boite-de-vitesse-bmp-chez-psa\/\">SensoDrive<\/a> puisse se contenter de changements l\u00e9g\u00e8rement plus rapides, elle est douce.<\/p>\n\n\n\n<p>\u00c0 tous les autres \u00e9gards, le XTR se conduit comme n'importe quel autre C3. La voiture va l\u00e0 o\u00f9 vous la dirigez, mais la direction assist\u00e9e variable est une exp\u00e9rience relativement sans r\u00e9troaction. La conduite est ferme, ce qui devrait permettre un contr\u00f4le d\u00e9cent de la carrosserie, mais \u00e0 l'arriv\u00e9e des virages, la voiture penche beaucoup plus que ce \u00e0 quoi on pourrait s'attendre.<\/p>\n\n\n\n<p>Cependant, il n'y a aucun probl\u00e8me pour ralentir dans les virages, car les freins ABS sont excellents. Et les \u00e9quipements de s\u00e9curit\u00e9 ne s'arr\u00eatent pas l\u00e0, puisque la XTR est \u00e9quip\u00e9e de quatre airbags et d'un verrouillage central automatique lorsque vous \u00eates en mouvement - une caract\u00e9ristique bienvenue pour le conducteur de la ville, malgr\u00e9 son allure robuste\u2026<\/p>\n","protected":false},"excerpt":{"rendered":"<p>Essai Citroen C3 XTR &#8211; C3 Picasso Essai Citroen C3 XTR, C3 Picasso\u00a0: Ce sera une des attractions du stand Citro\u00ebn au mondial de Paris d\u00e8s le 4 Octobre, le petit monospace C3 Picasso et la Citro\u00ebn C3 auront droit \u00e0 une version baroudeur. Greffez-lui des boucliers noirs, renforc\u00e9s en partie basse, ainsi qu&rsquo;une suspension &#8230; <a title=\"Essai Citroen C3 XTR\" class=\"read-more\" href=\"https:\/\/www.carideal.com\/blog\/2008\/09\/08\/citroen-c3-xtr-c3-picasso\/\" aria-label=\"En savoir plus sur Essai Citroen C3 XTR\">Lire plus<\/a><\/p>\n","protected":false},"author":1,"featured_media":14710,"comment_status":"open","ping_status":"open","sticky":false,"template":"","format":"standard","meta":{"_uag_custom_page_level_css":"","_themeisle_gutenberg_block_has_review":false,"footnotes":""},"categories":[5,6211,6139,6023,5972,5974],"tags":[406],"class_list":["post-357","post","type-post","status-publish","format-standard","has-post-thumbnail","hentry","category-citroen","category-actualite-citroen-c3","category-mondial-de-lautomobile","category-monospace","category-salons","category-type-de-vehicule","tag-hdi"],"wppr_data":{"cwp_meta_box_check":"No"},"yoast_head":"<!-- This site is optimized with the Yoast SEO plugin v24.8.1 - https:\/\/yoast.com\/wordpress\/plugins\/seo\/ -->\n<title>Essai Citroen C3 XTR - Blog auto Carid\u00e9al<\/title>\n<meta name=\"description\" content=\"Essai Citroen C3 XTR . Citroen C3 XTR, C3 Picasso\u00a0: Ce sera une des attractions du stand au mondial de Paris d\u00e8s le 4 Octobre, le petit monospace C3 Picasso\" \/>\n<meta name=\"robots\" content=\"index, follow, max-snippet:-1, max-image-preview:large, max-video-preview:-1\" \/>\n<link rel=\"canonical\" href=\"https:\/\/www.carideal.com\/blog\/2008\/09\/08\/citroen-c3-xtr-c3-picasso\/\" \/>\n<meta property=\"og:locale\" content=\"fr_FR\" \/>\n<meta property=\"og:type\" content=\"article\" \/>\n<meta property=\"og:title\" content=\"Essai Citroen C3 XTR - Blog auto Carid\u00e9al\" \/>\n<meta property=\"og:description\" content=\"Essai Citroen C3 XTR . Citroen C3 XTR, C3 Picasso\u00a0: Ce sera une des attractions du stand au mondial de Paris d\u00e8s le 4 Octobre, le petit monospace C3 Picasso\" \/>\n<meta property=\"og:url\" content=\"https:\/\/www.carideal.com\/blog\/2008\/09\/08\/citroen-c3-xtr-c3-picasso\/\" \/>\n<meta property=\"og:site_name\" content=\"Blog auto Carid\u00e9al\" \/>\n<meta property=\"article:publisher\" content=\"https:\/\/www.facebook.com\/Carideal.mandataire.automobile\" \/>\n<meta property=\"article:author\" content=\"https:\/\/www.facebook.com\/Carideal.mandataire.automobile\/\" \/>\n<meta property=\"article:published_time\" content=\"2008-09-08T06:43:26+00:00\" \/>\n<meta property=\"article:modified_time\" content=\"2020-03-23T10:05:05+00:00\" \/>\n<meta property=\"og:image\" content=\"https:\/\/www.carideal.com\/blog\/wp-content\/uploads\/2008\/09\/citroen-c3-xtr-e1584728506925.jpg\" \/>\n\t<meta property=\"og:image:width\" content=\"600\" \/>\n\t<meta property=\"og:image:height\" content=\"328\" \/>\n\t<meta property=\"og:image:type\" content=\"image\/jpeg\" \/>\n<meta name=\"author\" content=\"N.S Carideal\" \/>\n<meta name=\"twitter:card\" content=\"summary_large_image\" \/>\n<meta name=\"twitter:creator\" content=\"@caridealauto\" \/>\n<meta name=\"twitter:site\" content=\"@caridealauto\" \/>\n<meta name=\"twitter:label1\" content=\"\u00c9crit par\" \/>\n\t<meta name=\"twitter:data1\" content=\"N.S Carideal\" \/>\n\t<meta name=\"twitter:label2\" content=\"Dur\u00e9e de lecture estim\u00e9e\" \/>\n\t<meta name=\"twitter:data2\" content=\"3 minutes\" \/>\n<script type=\"application\/ld+json\" class=\"yoast-schema-graph\">{\"@context\":\"https:\/\/schema.org\",\"@graph\":[{\"@type\":\"Article\",\"@id\":\"https:\/\/www.carideal.com\/blog\/2008\/09\/08\/citroen-c3-xtr-c3-picasso\/#article\",\"isPartOf\":{\"@id\":\"https:\/\/www.carideal.com\/blog\/2008\/09\/08\/citroen-c3-xtr-c3-picasso\/\"},\"author\":{\"name\":\"N.S Carideal\",\"@id\":\"https:\/\/www.carideal.com\/blog\/#\/schema\/person\/985c7e757d1042d647f21bfaf8d41ebc\"},\"headline\":\"Essai Citroen C3 XTR\",\"datePublished\":\"2008-09-08T06:43:26+00:00\",\"dateModified\":\"2020-03-23T10:05:05+00:00\",\"mainEntityOfPage\":{\"@id\":\"https:\/\/www.carideal.com\/blog\/2008\/09\/08\/citroen-c3-xtr-c3-picasso\/\"},\"wordCount\":678,\"commentCount\":0,\"publisher\":{\"@id\":\"https:\/\/www.carideal.com\/blog\/#organization\"},\"image\":{\"@id\":\"https:\/\/www.carideal.com\/blog\/2008\/09\/08\/citroen-c3-xtr-c3-picasso\/#primaryimage\"},\"thumbnailUrl\":\"https:\/\/www.carideal.com\/blog\/wp-content\/uploads\/2008\/09\/citroen-c3-xtr-e1584728506925.jpg\",\"keywords\":[\"HDI Moteur diesel PSA\"],\"articleSection\":[\"Actualit\u00e9 Citroen\",\"Actualit\u00e9 Citroen C3\",\"Mondial de l'automobile\",\"Monospace\",\"Salon automobile\",\"Type de v\u00e9hicule\"],\"inLanguage\":\"fr-FR\",\"potentialAction\":[{\"@type\":\"CommentAction\",\"name\":\"Comment\",\"target\":[\"https:\/\/www.carideal.com\/blog\/2008\/09\/08\/citroen-c3-xtr-c3-picasso\/#respond\"]}]},{\"@type\":\"WebPage\",\"@id\":\"https:\/\/www.carideal.com\/blog\/2008\/09\/08\/citroen-c3-xtr-c3-picasso\/\",\"url\":\"https:\/\/www.carideal.com\/blog\/2008\/09\/08\/citroen-c3-xtr-c3-picasso\/\",\"name\":\"Essai Citroen C3 XTR - Blog auto Carid\u00e9al\",\"isPartOf\":{\"@id\":\"https:\/\/www.carideal.com\/blog\/#website\"},\"primaryImageOfPage\":{\"@id\":\"https:\/\/www.carideal.com\/blog\/2008\/09\/08\/citroen-c3-xtr-c3-picasso\/#primaryimage\"},\"image\":{\"@id\":\"https:\/\/www.carideal.com\/blog\/2008\/09\/08\/citroen-c3-xtr-c3-picasso\/#primaryimage\"},\"thumbnailUrl\":\"https:\/\/www.carideal.com\/blog\/wp-content\/uploads\/2008\/09\/citroen-c3-xtr-e1584728506925.jpg\",\"datePublished\":\"2008-09-08T06:43:26+00:00\",\"dateModified\":\"2020-03-23T10:05:05+00:00\",\"description\":\"Essai Citroen C3 XTR . Citroen C3 XTR, C3 Picasso\u00a0: Ce sera une des attractions du stand au mondial de Paris d\u00e8s le 4 Octobre, le petit monospace C3 Picasso\",\"breadcrumb\":{\"@id\":\"https:\/\/www.carideal.com\/blog\/2008\/09\/08\/citroen-c3-xtr-c3-picasso\/#breadcrumb\"},\"inLanguage\":\"fr-FR\",\"potentialAction\":[{\"@type\":\"ReadAction\",\"target\":[\"https:\/\/www.carideal.com\/blog\/2008\/09\/08\/citroen-c3-xtr-c3-picasso\/\"]}]},{\"@type\":\"ImageObject\",\"inLanguage\":\"fr-FR\",\"@id\":\"https:\/\/www.carideal.com\/blog\/2008\/09\/08\/citroen-c3-xtr-c3-picasso\/#primaryimage\",\"url\":\"https:\/\/www.carideal.com\/blog\/wp-content\/uploads\/2008\/09\/citroen-c3-xtr-e1584728506925.jpg\",\"contentUrl\":\"https:\/\/www.carideal.com\/blog\/wp-content\/uploads\/2008\/09\/citroen-c3-xtr-e1584728506925.jpg\",\"width\":600,\"height\":328,\"caption\":\"Essai Citroen C3 XTR\"},{\"@type\":\"BreadcrumbList\",\"@id\":\"https:\/\/www.carideal.com\/blog\/2008\/09\/08\/citroen-c3-xtr-c3-picasso\/#breadcrumb\",\"itemListElement\":[{\"@type\":\"ListItem\",\"position\":1,\"name\":\"Blog Carid\u00e9al\",\"item\":\"https:\/\/www.carideal.com\/blog\/\"},{\"@type\":\"ListItem\",\"position\":2,\"name\":\"Actualit\u00e9 constructeur automobile\",\"item\":\"https:\/\/www.carideal.com\/blog\/constructeur\/\"},{\"@type\":\"ListItem\",\"position\":3,\"name\":\"Actualit\u00e9 Citroen\",\"item\":\"https:\/\/www.carideal.com\/blog\/constructeur\/citroen\/\"},{\"@type\":\"ListItem\",\"position\":4,\"name\":\"C3\",\"item\":\"https:\/\/www.carideal.com\/blog\/constructeur\/citroen\/actualite-citroen-c3\/\"},{\"@type\":\"ListItem\",\"position\":5,\"name\":\"Essai Citroen C3 XTR\"}]},{\"@type\":\"WebSite\",\"@id\":\"https:\/\/www.carideal.com\/blog\/#website\",\"url\":\"https:\/\/www.carideal.com\/blog\/\",\"name\":\"Blog auto Carid\u00e9al\",\"description\":\"Actualit\u00e9 auto par des passionn\u00e9s\",\"publisher\":{\"@id\":\"https:\/\/www.carideal.com\/blog\/#organization\"},\"potentialAction\":[{\"@type\":\"SearchAction\",\"target\":{\"@type\":\"EntryPoint\",\"urlTemplate\":\"https:\/\/www.carideal.com\/blog\/?s={search_term_string}\"},\"query-input\":{\"@type\":\"PropertyValueSpecification\",\"valueRequired\":true,\"valueName\":\"search_term_string\"}}],\"inLanguage\":\"fr-FR\"},{\"@type\":\"Organization\",\"@id\":\"https:\/\/www.carideal.com\/blog\/#organization\",\"name\":\"Carideal\",\"url\":\"https:\/\/www.carideal.com\/blog\/\",\"logo\":{\"@type\":\"ImageObject\",\"inLanguage\":\"fr-FR\",\"@id\":\"https:\/\/www.carideal.com\/blog\/#\/schema\/logo\/image\/\",\"url\":\"http:\/\/www.carideal.com\/blog\/wp-content\/uploads\/2016\/03\/logo-carideal-mandataire-automobile.png\",\"contentUrl\":\"http:\/\/www.carideal.com\/blog\/wp-content\/uploads\/2016\/03\/logo-carideal-mandataire-automobile.png\",\"width\":300,\"height\":300,\"caption\":\"Carideal\"},\"image\":{\"@id\":\"https:\/\/www.carideal.com\/blog\/#\/schema\/logo\/image\/\"},\"sameAs\":[\"https:\/\/www.facebook.com\/Carideal.mandataire.automobile\",\"https:\/\/x.com\/caridealauto\",\"https:\/\/www.instagram.com\/carideal1\/\",\"https:\/\/www.linkedin.com\/company\/carideal.com\",\"https:\/\/fr.pinterest.com\/schiavonsas\/\",\"https:\/\/www.youtube.com\/user\/caridealsas\"]},{\"@type\":\"Person\",\"@id\":\"https:\/\/www.carideal.com\/blog\/#\/schema\/person\/985c7e757d1042d647f21bfaf8d41ebc\",\"name\":\"N.S Carideal\",\"image\":{\"@type\":\"ImageObject\",\"inLanguage\":\"fr-FR\",\"@id\":\"https:\/\/www.carideal.com\/blog\/#\/schema\/person\/image\/\",\"url\":\"https:\/\/secure.gravatar.com\/avatar\/edb7ccdf1a4e3d14aef967760d354d0e?s=96&r=g\",\"contentUrl\":\"https:\/\/secure.gravatar.com\/avatar\/edb7ccdf1a4e3d14aef967760d354d0e?s=96&r=g\",\"caption\":\"N.S Carideal\"},\"description\":\"Depuis tout petit fan d'automobile. Il est question d'essayer et de comparer toutes ces voitures qui nous ont fait r\u00e9ver, avant que celles-ci ne devient uniquement des voitures de collection.\",\"sameAs\":[\"http:\/\/www.carideal.com\/blog\",\"https:\/\/www.facebook.com\/Carideal.mandataire.automobile\/\",\"https:\/\/www.linkedin.com\/in\/nschiavon\/\",\"https:\/\/www.youtube.com\/user\/caridealsas\/\"],\"url\":\"https:\/\/www.carideal.com\/blog\/author\/admin_carideal\/\"}]}<\/script>\n<!-- \/ Yoast SEO plugin. -->","yoast_head_json":{"title":"Essai Citroen C3 XTR - Blog auto Carid\u00e9al","description":"Essai Citroen C3 XTR . Citroen C3 XTR, C3 Picasso\u00a0: Ce sera une des attractions du stand au mondial de Paris d\u00e8s le 4 Octobre, le petit monospace C3 Picasso","robots":{"index":"index","follow":"follow","max-snippet":"max-snippet:-1","max-image-preview":"max-image-preview:large","max-video-preview":"max-video-preview:-1"},"canonical":"https:\/\/www.carideal.com\/blog\/2008\/09\/08\/citroen-c3-xtr-c3-picasso\/","og_locale":"fr_FR","og_type":"article","og_title":"Essai Citroen C3 XTR - Blog auto Carid\u00e9al","og_description":"Essai Citroen C3 XTR . Citroen C3 XTR, C3 Picasso\u00a0: Ce sera une des attractions du stand au mondial de Paris d\u00e8s le 4 Octobre, le petit monospace C3 Picasso","og_url":"https:\/\/www.carideal.com\/blog\/2008\/09\/08\/citroen-c3-xtr-c3-picasso\/","og_site_name":"Blog auto Carid\u00e9al","article_publisher":"https:\/\/www.facebook.com\/Carideal.mandataire.automobile","article_author":"https:\/\/www.facebook.com\/Carideal.mandataire.automobile\/","article_published_time":"2008-09-08T06:43:26+00:00","article_modified_time":"2020-03-23T10:05:05+00:00","og_image":[{"width":600,"height":328,"url":"https:\/\/www.carideal.com\/blog\/wp-content\/uploads\/2008\/09\/citroen-c3-xtr-e1584728506925.jpg","type":"image\/jpeg"}],"author":"N.S Carideal","twitter_card":"summary_large_image","twitter_creator":"@caridealauto","twitter_site":"@caridealauto","twitter_misc":{"\u00c9crit par":"N.S Carideal","Dur\u00e9e de lecture estim\u00e9e":"3 minutes"},"schema":{"@context":"https:\/\/schema.org","@graph":[{"@type":"Article","@id":"https:\/\/www.carideal.com\/blog\/2008\/09\/08\/citroen-c3-xtr-c3-picasso\/#article","isPartOf":{"@id":"https:\/\/www.carideal.com\/blog\/2008\/09\/08\/citroen-c3-xtr-c3-picasso\/"},"author":{"name":"N.S Carideal","@id":"https:\/\/www.carideal.com\/blog\/#\/schema\/person\/985c7e757d1042d647f21bfaf8d41ebc"},"headline":"Essai Citroen C3 XTR","datePublished":"2008-09-08T06:43:26+00:00","dateModified":"2020-03-23T10:05:05+00:00","mainEntityOfPage":{"@id":"https:\/\/www.carideal.com\/blog\/2008\/09\/08\/citroen-c3-xtr-c3-picasso\/"},"wordCount":678,"commentCount":0,"publisher":{"@id":"https:\/\/www.carideal.com\/blog\/#organization"},"image":{"@id":"https:\/\/www.carideal.com\/blog\/2008\/09\/08\/citroen-c3-xtr-c3-picasso\/#primaryimage"},"thumbnailUrl":"https:\/\/www.carideal.com\/blog\/wp-content\/uploads\/2008\/09\/citroen-c3-xtr-e1584728506925.jpg","keywords":["HDI Moteur diesel PSA"],"articleSection":["Actualit\u00e9 Citroen","Actualit\u00e9 Citroen C3","Mondial de l'automobile","Monospace","Salon automobile","Type de v\u00e9hicule"],"inLanguage":"fr-FR","potentialAction":[{"@type":"CommentAction","name":"Comment","target":["https:\/\/www.carideal.com\/blog\/2008\/09\/08\/citroen-c3-xtr-c3-picasso\/#respond"]}]},{"@type":"WebPage","@id":"https:\/\/www.carideal.com\/blog\/2008\/09\/08\/citroen-c3-xtr-c3-picasso\/","url":"https:\/\/www.carideal.com\/blog\/2008\/09\/08\/citroen-c3-xtr-c3-picasso\/","name":"Essai Citroen C3 XTR - Blog auto Carid\u00e9al","isPartOf":{"@id":"https:\/\/www.carideal.com\/blog\/#website"},"primaryImageOfPage":{"@id":"https:\/\/www.carideal.com\/blog\/2008\/09\/08\/citroen-c3-xtr-c3-picasso\/#primaryimage"},"image":{"@id":"https:\/\/www.carideal.com\/blog\/2008\/09\/08\/citroen-c3-xtr-c3-picasso\/#primaryimage"},"thumbnailUrl":"https:\/\/www.carideal.com\/blog\/wp-content\/uploads\/2008\/09\/citroen-c3-xtr-e1584728506925.jpg","datePublished":"2008-09-08T06:43:26+00:00","dateModified":"2020-03-23T10:05:05+00:00","description":"Essai Citroen C3 XTR . Citroen C3 XTR, C3 Picasso\u00a0: Ce sera une des attractions du stand au mondial de Paris d\u00e8s le 4 Octobre, le petit monospace C3 Picasso","breadcrumb":{"@id":"https:\/\/www.carideal.com\/blog\/2008\/09\/08\/citroen-c3-xtr-c3-picasso\/#breadcrumb"},"inLanguage":"fr-FR","potentialAction":[{"@type":"ReadAction","target":["https:\/\/www.carideal.com\/blog\/2008\/09\/08\/citroen-c3-xtr-c3-picasso\/"]}]},{"@type":"ImageObject","inLanguage":"fr-FR","@id":"https:\/\/www.carideal.com\/blog\/2008\/09\/08\/citroen-c3-xtr-c3-picasso\/#primaryimage","url":"https:\/\/www.carideal.com\/blog\/wp-content\/uploads\/2008\/09\/citroen-c3-xtr-e1584728506925.jpg","contentUrl":"https:\/\/www.carideal.com\/blog\/wp-content\/uploads\/2008\/09\/citroen-c3-xtr-e1584728506925.jpg","width":600,"height":328,"caption":"Essai Citroen C3 XTR"},{"@type":"BreadcrumbList","@id":"https:\/\/www.carideal.com\/blog\/2008\/09\/08\/citroen-c3-xtr-c3-picasso\/#breadcrumb","itemListElement":[{"@type":"ListItem","position":1,"name":"Blog Carid\u00e9al","item":"https:\/\/www.carideal.com\/blog\/"},{"@type":"ListItem","position":2,"name":"Actualit\u00e9 constructeur automobile","item":"https:\/\/www.carideal.com\/blog\/constructeur\/"},{"@type":"ListItem","position":3,"name":"Actualit\u00e9 Citroen","item":"https:\/\/www.carideal.com\/blog\/constructeur\/citroen\/"},{"@type":"ListItem","position":4,"name":"C3","item":"https:\/\/www.carideal.com\/blog\/constructeur\/citroen\/actualite-citroen-c3\/"},{"@type":"ListItem","position":5,"name":"Essai Citroen C3 XTR"}]},{"@type":"WebSite","@id":"https:\/\/www.carideal.com\/blog\/#website","url":"https:\/\/www.carideal.com\/blog\/","name":"Blog auto Carid\u00e9al","description":"Actualit\u00e9 auto par des passionn\u00e9s","publisher":{"@id":"https:\/\/www.carideal.com\/blog\/#organization"},"potentialAction":[{"@type":"SearchAction","target":{"@type":"EntryPoint","urlTemplate":"https:\/\/www.carideal.com\/blog\/?s={search_term_string}"},"query-input":{"@type":"PropertyValueSpecification","valueRequired":true,"valueName":"search_term_string"}}],"inLanguage":"fr-FR"},{"@type":"Organization","@id":"https:\/\/www.carideal.com\/blog\/#organization","name":"Carideal","url":"https:\/\/www.carideal.com\/blog\/","logo":{"@type":"ImageObject","inLanguage":"fr-FR","@id":"https:\/\/www.carideal.com\/blog\/#\/schema\/logo\/image\/","url":"http:\/\/www.carideal.com\/blog\/wp-content\/uploads\/2016\/03\/logo-carideal-mandataire-automobile.png","contentUrl":"http:\/\/www.carideal.com\/blog\/wp-content\/uploads\/2016\/03\/logo-carideal-mandataire-automobile.png","width":300,"height":300,"caption":"Carideal"},"image":{"@id":"https:\/\/www.carideal.com\/blog\/#\/schema\/logo\/image\/"},"sameAs":["https:\/\/www.facebook.com\/Carideal.mandataire.automobile","https:\/\/x.com\/caridealauto","https:\/\/www.instagram.com\/carideal1\/","https:\/\/www.linkedin.com\/company\/carideal.com","https:\/\/fr.pinterest.com\/schiavonsas\/","https:\/\/www.youtube.com\/user\/caridealsas"]},{"@type":"Person","@id":"https:\/\/www.carideal.com\/blog\/#\/schema\/person\/985c7e757d1042d647f21bfaf8d41ebc","name":"N.S Carideal","image":{"@type":"ImageObject","inLanguage":"fr-FR","@id":"https:\/\/www.carideal.com\/blog\/#\/schema\/person\/image\/","url":"https:\/\/secure.gravatar.com\/avatar\/edb7ccdf1a4e3d14aef967760d354d0e?s=96&r=g","contentUrl":"https:\/\/secure.gravatar.com\/avatar\/edb7ccdf1a4e3d14aef967760d354d0e?s=96&r=g","caption":"N.S Carideal"},"description":"Depuis tout petit fan d'automobile. Il est question d'essayer et de comparer toutes ces voitures qui nous ont fait r\u00e9ver, avant que celles-ci ne devient uniquement des voitures de collection.","sameAs":["http:\/\/www.carideal.com\/blog","https:\/\/www.facebook.com\/Carideal.mandataire.automobile\/","https:\/\/www.linkedin.com\/in\/nschiavon\/","https:\/\/www.youtube.com\/user\/caridealsas\/"],"url":"https:\/\/www.carideal.com\/blog\/author\/admin_carideal\/"}]}},"uagb_featured_image_src":{"full":["https:\/\/www.carideal.com\/blog\/wp-content\/uploads\/2008\/09\/citroen-c3-xtr-e1584728506925.jpg",600,328,false],"thumbnail":["https:\/\/www.carideal.com\/blog\/wp-content\/uploads\/2008\/09\/citroen-c3-xtr-150x150.jpg",150,150,true],"medium":["https:\/\/www.carideal.com\/blog\/wp-content\/uploads\/2008\/09\/citroen-c3-xtr-300x164.jpg",300,164,true],"medium_large":["https:\/\/www.carideal.com\/blog\/wp-content\/uploads\/2008\/09\/citroen-c3-xtr-e1584728506925.jpg",600,328,false],"large":["https:\/\/www.carideal.com\/blog\/wp-content\/uploads\/2008\/09\/citroen-c3-xtr-e1584728506925.jpg",600,328,false],"1536x1536":["https:\/\/www.carideal.com\/blog\/wp-content\/uploads\/2008\/09\/citroen-c3-xtr-e1584728506925.jpg",600,328,false],"2048x2048":["https:\/\/www.carideal.com\/blog\/wp-content\/uploads\/2008\/09\/citroen-c3-xtr-e1584728506925.jpg",600,328,false],"wppr-widget":["https:\/\/www.carideal.com\/blog\/wp-content\/uploads\/2008\/09\/citroen-c3-xtr-e1584728506925.jpg",50,27,false]},"uagb_author_info":{"display_name":"N.S Carideal","author_link":"https:\/\/www.carideal.com\/blog\/author\/admin_carideal\/"},"uagb_comment_info":0,"uagb_excerpt":"Essai Citroen C3 XTR - C3 Picasso Essai Citroen C3 XTR, C3 Picasso\u00a0: Ce sera une des attractions du stand Citro\u00ebn au mondial de Paris d\u00e8s le 4 Octobre, le petit monospace C3 Picasso et la Citro\u00ebn C3 auront droit \u00e0 une version baroudeur. Greffez-lui des boucliers noirs, renforc\u00e9s en partie basse, ainsi qu'une suspension\u2026","_links":{"self":[{"href":"https:\/\/www.carideal.com\/blog\/wp-json\/wp\/v2\/posts\/357"}],"collection":[{"href":"https:\/\/www.carideal.com\/blog\/wp-json\/wp\/v2\/posts"}],"about":[{"href":"https:\/\/www.carideal.com\/blog\/wp-json\/wp\/v2\/types\/post"}],"author":[{"embeddable":true,"href":"https:\/\/www.carideal.com\/blog\/wp-json\/wp\/v2\/users\/1"}],"replies":[{"embeddable":true,"href":"https:\/\/www.carideal.com\/blog\/wp-json\/wp\/v2\/comments?post=357"}],"version-history":[{"count":0,"href":"https:\/\/www.carideal.com\/blog\/wp-json\/wp\/v2\/posts\/357\/revisions"}],"wp:featuredmedia":[{"embeddable":true,"href":"https:\/\/www.carideal.com\/blog\/wp-json\/wp\/v2\/media\/14710"}],"wp:attachment":[{"href":"https:\/\/www.carideal.com\/blog\/wp-json\/wp\/v2\/media?parent=357"}],"wp:term":[{"taxonomy":"category","embeddable":true,"href":"https:\/\/www.carideal.com\/blog\/wp-json\/wp\/v2\/categories?post=357"},{"taxonomy":"post_tag","embeddable":true,"href":"https:\/\/www.carideal.com\/blog\/wp-json\/wp\/v2\/tags?post=357"}],"curies":[{"name":"wp","href":"https:\/\/api.w.org\/{rel}","templated":true}]}}