{"id":35,"date":"2013-09-02T08:21:00","date_gmt":"2013-09-02T08:21:00","guid":{"rendered":"http:\/\/carideal.com\/blog\/?p=35"},"modified":"2020-03-07T16:34:49","modified_gmt":"2020-03-07T15:34:49","slug":"nissan-qashqai-suv-doccasion","status":"publish","type":"post","link":"https:\/\/www.carideal.com\/blog\/2013\/09\/02\/nissan-qashqai-suv-doccasion\/","title":{"rendered":"Nissan Qashqai d&rsquo;occasion"},"content":{"rendered":"<figure style=\"width: 438px\" class=\"wp-caption alignnone\"><img loading=\"lazy\" decoding=\"async\" title=\"Nissan Qashqai d'occasion\" src=\"\/blog\/public\/.Nissan-Qashqai-suv-occasion-achat-carideal-mandataire-auto-chambery_m.jpg\" alt=\"Nissan Qashqai d'occasion\" width=\"448\" height=\"336\" \/><figcaption class=\"wp-caption-text\">Nissan Qashqai d'occasion<\/figcaption><\/figure>\n<h1><strong>SUV\u00a0Nissan Qashqai d'occasion<\/strong><\/h1>\n<p>Une chose est sur ce n'est pas gr\u00e2ce \u00e0 son physique que le Nissan Qashqai d'occasion caracole en t\u00eate des ventes dans son segment des <span style=\"text-decoration: underline;\">SUV<\/span> mais bien gr\u00e2ce \u00e0 ses qualit\u00e9s intrins\u00e8ques\u00a0:<\/p>\n<h2>A bord du Nissan Qashqai d'occasion<\/h2>\n<p>Le Nissan Qashqai a tout d'abord invent\u00e9 sa cat\u00e9gorie, de SUV compact, \u00e9tant le premier et comblant les atentes des clients, c'est normal que celui-ci devienne le champion des ventes. <span style=\"text-decoration: underline;\">Nissan<\/span> a compris que les clients \u00e9taient en train de se lasser des monospaces et en avaient fait le tour, ils voulaient un monospace haut sur pattes, un SUV.<\/p>\n<p>Le Nissan Qashqai d'occasion\u00a0est dot\u00e9 d'un comportement s\u00fbr, avec un bon confort de suspension dans un gabarit compact comparable \u00e0 celui d'une berline, ce qui ne l'emp\u00eache pas d'offrir de l'espace aux passagers arri\u00e8res.<br \/>\nSa dotation en \u00e9quipement de s\u00e9rie est compl\u00e8te et son coffre permet de partir en voyage \u00e0 quatre. Nissan a bien pens\u00e9 l'\u00e9rgonomie, avec des rangements et de l'espace, de quoi s\u00e9duire les passagers \u00e0 l'int\u00e9rieur. Car \u00e0 l'ext\u00e9rieur... ben c n'est pas \u00e7a ! Je me demande comment les feux et la calandre ont pu passer les tests consommateurs...<br \/>\nOn fera toujours les m\u00eames commentaires sur les japonaises, l'ambiance \u00e0 bord est triste et la finition est \"japonaise\".<\/p>\n<h2>La Fiabilit\u00e9 du Nissan Qashqai d'occasion<\/h2>\n<p>Le moteur 1.5 dci d'origine Renault a connu quelques probl\u00e8mes de jeunesse, trous \u00e0 l'acc\u00e9l\u00e9ration, probl\u00e8me de volant moteur bimasse, injecteurs, et coussinets de bielles (\u00e7ela dure depuis le Renault Scenic). On notera que le 1.5 dci est sur le Nissan Qashqai d'occasion un peu creux \u00e0 bas r\u00e9gime. Il faudra bien penser \u00e0 souscrire une <span style=\"text-decoration: underline;\"><a href=\"http:\/\/www.carideal.com\/content\/7-extension-garantie\">extension de garantie<\/a><\/span> sur votre Nissan Qashqai d'occasion afin de rouler sereinement.<\/p>\n<p>On pourra trouver sur le <span style=\"text-decoration: underline;\">march\u00e9 de la voiture\u00a0d'occasion<\/span> un <span style=\"text-decoration: underline;\">Nissan Qashqai<\/span> 1.5 dci 105 Acenta 4x2 de 2010 et 60000 km \u00e0 partir de 15000 \u20ac.<\/p>\n","protected":false},"excerpt":{"rendered":"<p>SUV\u00a0Nissan Qashqai d&rsquo;occasion Une chose est sur ce n&rsquo;est pas gr\u00e2ce \u00e0 son physique que le Nissan Qashqai d&rsquo;occasion caracole en t\u00eate des ventes dans son segment des SUV mais bien gr\u00e2ce \u00e0 ses qualit\u00e9s intrins\u00e8ques\u00a0: A bord du Nissan Qashqai d&rsquo;occasion Le Nissan Qashqai a tout d&rsquo;abord invent\u00e9 sa cat\u00e9gorie, de SUV compact, \u00e9tant &#8230; <a title=\"Nissan Qashqai d&rsquo;occasion\" class=\"read-more\" href=\"https:\/\/www.carideal.com\/blog\/2013\/09\/02\/nissan-qashqai-suv-doccasion\/\" aria-label=\"En savoir plus sur Nissan Qashqai d&rsquo;occasion\">Lire plus<\/a><\/p>\n","protected":false},"author":1,"featured_media":0,"comment_status":"open","ping_status":"open","sticky":false,"template":"","format":"standard","meta":{"_uag_custom_page_level_css":"","_themeisle_gutenberg_block_has_review":false,"footnotes":""},"categories":[2,5944,5991,6025,6010,5974],"tags":[5044],"class_list":["post-35","post","type-post","status-publish","format-standard","hentry","category-4x4-suv","category-constructeur","category-nissan-constructeur","category-occasion-type-de-vehicule-type-de-vehicule","category-suv","category-type-de-vehicule","tag-guide-achat"],"wppr_data":[],"yoast_head":"<!-- This site is optimized with the Yoast SEO plugin v24.8.1 - https:\/\/yoast.com\/wordpress\/plugins\/seo\/ -->\n<title>Nissan Qashqai d&#039;occasion - Blog auto Carid\u00e9al<\/title>\n<meta name=\"description\" content=\"Une chose est sur ce n&#039;est pas gr\u00e2ce \u00e0 son physique que le Nissan Qashqai d&#039;occasion caracole en t\u00eate des ventes dans son segment des SUV\" \/>\n<meta name=\"robots\" content=\"index, follow, max-snippet:-1, max-image-preview:large, max-video-preview:-1\" \/>\n<link rel=\"canonical\" href=\"https:\/\/www.carideal.com\/blog\/2013\/09\/02\/nissan-qashqai-suv-doccasion\/\" \/>\n<meta property=\"og:locale\" content=\"fr_FR\" \/>\n<meta property=\"og:type\" content=\"article\" \/>\n<meta property=\"og:title\" content=\"Nissan Qashqai d&#039;occasion - Blog auto Carid\u00e9al\" \/>\n<meta property=\"og:description\" content=\"Une chose est sur ce n&#039;est pas gr\u00e2ce \u00e0 son physique que le Nissan Qashqai d&#039;occasion caracole en t\u00eate des ventes dans son segment des SUV\" \/>\n<meta property=\"og:url\" content=\"https:\/\/www.carideal.com\/blog\/2013\/09\/02\/nissan-qashqai-suv-doccasion\/\" \/>\n<meta property=\"og:site_name\" content=\"Blog auto Carid\u00e9al\" \/>\n<meta property=\"article:publisher\" content=\"https:\/\/www.facebook.com\/Carideal.mandataire.automobile\" \/>\n<meta property=\"article:author\" content=\"https:\/\/www.facebook.com\/Carideal.mandataire.automobile\/\" \/>\n<meta property=\"article:published_time\" content=\"2013-09-02T08:21:00+00:00\" \/>\n<meta property=\"article:modified_time\" content=\"2020-03-07T15:34:49+00:00\" \/>\n<meta property=\"og:image\" content=\"https:\/\/www.carideal.com\/blog\/wp-content\/uploads\/2016\/03\/logo-carideal-mandataire-automobile.png\" \/>\n\t<meta property=\"og:image:width\" content=\"300\" \/>\n\t<meta property=\"og:image:height\" content=\"300\" \/>\n\t<meta property=\"og:image:type\" content=\"image\/png\" \/>\n<meta name=\"author\" content=\"N.S Carideal\" \/>\n<meta name=\"twitter:card\" content=\"summary_large_image\" \/>\n<meta name=\"twitter:creator\" content=\"@caridealauto\" \/>\n<meta name=\"twitter:site\" content=\"@caridealauto\" \/>\n<meta name=\"twitter:label1\" content=\"\u00c9crit par\" \/>\n\t<meta name=\"twitter:data1\" content=\"N.S Carideal\" \/>\n\t<meta name=\"twitter:label2\" content=\"Dur\u00e9e de lecture estim\u00e9e\" \/>\n\t<meta name=\"twitter:data2\" content=\"2 minutes\" \/>\n<script type=\"application\/ld+json\" class=\"yoast-schema-graph\">{\"@context\":\"https:\/\/schema.org\",\"@graph\":[{\"@type\":\"Article\",\"@id\":\"https:\/\/www.carideal.com\/blog\/2013\/09\/02\/nissan-qashqai-suv-doccasion\/#article\",\"isPartOf\":{\"@id\":\"https:\/\/www.carideal.com\/blog\/2013\/09\/02\/nissan-qashqai-suv-doccasion\/\"},\"author\":{\"name\":\"N.S Carideal\",\"@id\":\"https:\/\/www.carideal.com\/blog\/#\/schema\/person\/985c7e757d1042d647f21bfaf8d41ebc\"},\"headline\":\"Nissan Qashqai d&rsquo;occasion\",\"datePublished\":\"2013-09-02T08:21:00+00:00\",\"dateModified\":\"2020-03-07T15:34:49+00:00\",\"mainEntityOfPage\":{\"@id\":\"https:\/\/www.carideal.com\/blog\/2013\/09\/02\/nissan-qashqai-suv-doccasion\/\"},\"wordCount\":331,\"commentCount\":0,\"publisher\":{\"@id\":\"https:\/\/www.carideal.com\/blog\/#organization\"},\"keywords\":[\"Guide achat voiture\"],\"articleSection\":[\"4X4 Actualit\u00e9\",\"Actualit\u00e9 Constructeur automobile\",\"Actualit\u00e9 Nissan\",\"Essai Voiture Occasion\",\"SUV\",\"Type de v\u00e9hicule\"],\"inLanguage\":\"fr-FR\",\"potentialAction\":[{\"@type\":\"CommentAction\",\"name\":\"Comment\",\"target\":[\"https:\/\/www.carideal.com\/blog\/2013\/09\/02\/nissan-qashqai-suv-doccasion\/#respond\"]}]},{\"@type\":\"WebPage\",\"@id\":\"https:\/\/www.carideal.com\/blog\/2013\/09\/02\/nissan-qashqai-suv-doccasion\/\",\"url\":\"https:\/\/www.carideal.com\/blog\/2013\/09\/02\/nissan-qashqai-suv-doccasion\/\",\"name\":\"Nissan Qashqai d'occasion - Blog auto Carid\u00e9al\",\"isPartOf\":{\"@id\":\"https:\/\/www.carideal.com\/blog\/#website\"},\"datePublished\":\"2013-09-02T08:21:00+00:00\",\"dateModified\":\"2020-03-07T15:34:49+00:00\",\"description\":\"Une chose est sur ce n'est pas gr\u00e2ce \u00e0 son physique que le Nissan Qashqai d'occasion caracole en t\u00eate des ventes dans son segment des SUV\",\"breadcrumb\":{\"@id\":\"https:\/\/www.carideal.com\/blog\/2013\/09\/02\/nissan-qashqai-suv-doccasion\/#breadcrumb\"},\"inLanguage\":\"fr-FR\",\"potentialAction\":[{\"@type\":\"ReadAction\",\"target\":[\"https:\/\/www.carideal.com\/blog\/2013\/09\/02\/nissan-qashqai-suv-doccasion\/\"]}]},{\"@type\":\"BreadcrumbList\",\"@id\":\"https:\/\/www.carideal.com\/blog\/2013\/09\/02\/nissan-qashqai-suv-doccasion\/#breadcrumb\",\"itemListElement\":[{\"@type\":\"ListItem\",\"position\":1,\"name\":\"Blog Carid\u00e9al\",\"item\":\"https:\/\/www.carideal.com\/blog\/\"},{\"@type\":\"ListItem\",\"position\":2,\"name\":\"Type de v\u00e9hicule\",\"item\":\"https:\/\/www.carideal.com\/blog\/type-de-vehicule\/\"},{\"@type\":\"ListItem\",\"position\":3,\"name\":\"4X4 Actualit\u00e9\",\"item\":\"https:\/\/www.carideal.com\/blog\/type-de-vehicule\/4x4-suv\/\"},{\"@type\":\"ListItem\",\"position\":4,\"name\":\"Nissan Qashqai d&rsquo;occasion\"}]},{\"@type\":\"WebSite\",\"@id\":\"https:\/\/www.carideal.com\/blog\/#website\",\"url\":\"https:\/\/www.carideal.com\/blog\/\",\"name\":\"Blog auto Carid\u00e9al\",\"description\":\"Actualit\u00e9 auto par des passionn\u00e9s\",\"publisher\":{\"@id\":\"https:\/\/www.carideal.com\/blog\/#organization\"},\"potentialAction\":[{\"@type\":\"SearchAction\",\"target\":{\"@type\":\"EntryPoint\",\"urlTemplate\":\"https:\/\/www.carideal.com\/blog\/?s={search_term_string}\"},\"query-input\":{\"@type\":\"PropertyValueSpecification\",\"valueRequired\":true,\"valueName\":\"search_term_string\"}}],\"inLanguage\":\"fr-FR\"},{\"@type\":\"Organization\",\"@id\":\"https:\/\/www.carideal.com\/blog\/#organization\",\"name\":\"Carideal\",\"url\":\"https:\/\/www.carideal.com\/blog\/\",\"logo\":{\"@type\":\"ImageObject\",\"inLanguage\":\"fr-FR\",\"@id\":\"https:\/\/www.carideal.com\/blog\/#\/schema\/logo\/image\/\",\"url\":\"http:\/\/www.carideal.com\/blog\/wp-content\/uploads\/2016\/03\/logo-carideal-mandataire-automobile.png\",\"contentUrl\":\"http:\/\/www.carideal.com\/blog\/wp-content\/uploads\/2016\/03\/logo-carideal-mandataire-automobile.png\",\"width\":300,\"height\":300,\"caption\":\"Carideal\"},\"image\":{\"@id\":\"https:\/\/www.carideal.com\/blog\/#\/schema\/logo\/image\/\"},\"sameAs\":[\"https:\/\/www.facebook.com\/Carideal.mandataire.automobile\",\"https:\/\/x.com\/caridealauto\",\"https:\/\/www.instagram.com\/carideal1\/\",\"https:\/\/www.linkedin.com\/company\/carideal.com\",\"https:\/\/fr.pinterest.com\/schiavonsas\/\",\"https:\/\/www.youtube.com\/user\/caridealsas\"]},{\"@type\":\"Person\",\"@id\":\"https:\/\/www.carideal.com\/blog\/#\/schema\/person\/985c7e757d1042d647f21bfaf8d41ebc\",\"name\":\"N.S Carideal\",\"image\":{\"@type\":\"ImageObject\",\"inLanguage\":\"fr-FR\",\"@id\":\"https:\/\/www.carideal.com\/blog\/#\/schema\/person\/image\/\",\"url\":\"https:\/\/secure.gravatar.com\/avatar\/edb7ccdf1a4e3d14aef967760d354d0e?s=96&r=g\",\"contentUrl\":\"https:\/\/secure.gravatar.com\/avatar\/edb7ccdf1a4e3d14aef967760d354d0e?s=96&r=g\",\"caption\":\"N.S Carideal\"},\"description\":\"Depuis tout petit fan d'automobile. Il est question d'essayer et de comparer toutes ces voitures qui nous ont fait r\u00e9ver, avant que celles-ci ne devient uniquement des voitures de collection.\",\"sameAs\":[\"http:\/\/www.carideal.com\/blog\",\"https:\/\/www.facebook.com\/Carideal.mandataire.automobile\/\",\"https:\/\/www.linkedin.com\/in\/nschiavon\/\",\"https:\/\/www.youtube.com\/user\/caridealsas\/\"],\"url\":\"https:\/\/www.carideal.com\/blog\/author\/admin_carideal\/\"}]}<\/script>\n<!-- \/ Yoast SEO plugin. -->","yoast_head_json":{"title":"Nissan Qashqai d'occasion - Blog auto Carid\u00e9al","description":"Une chose est sur ce n'est pas gr\u00e2ce \u00e0 son physique que le Nissan Qashqai d'occasion caracole en t\u00eate des ventes dans son segment des SUV","robots":{"index":"index","follow":"follow","max-snippet":"max-snippet:-1","max-image-preview":"max-image-preview:large","max-video-preview":"max-video-preview:-1"},"canonical":"https:\/\/www.carideal.com\/blog\/2013\/09\/02\/nissan-qashqai-suv-doccasion\/","og_locale":"fr_FR","og_type":"article","og_title":"Nissan Qashqai d'occasion - Blog auto Carid\u00e9al","og_description":"Une chose est sur ce n'est pas gr\u00e2ce \u00e0 son physique que le Nissan Qashqai d'occasion caracole en t\u00eate des ventes dans son segment des SUV","og_url":"https:\/\/www.carideal.com\/blog\/2013\/09\/02\/nissan-qashqai-suv-doccasion\/","og_site_name":"Blog auto Carid\u00e9al","article_publisher":"https:\/\/www.facebook.com\/Carideal.mandataire.automobile","article_author":"https:\/\/www.facebook.com\/Carideal.mandataire.automobile\/","article_published_time":"2013-09-02T08:21:00+00:00","article_modified_time":"2020-03-07T15:34:49+00:00","og_image":[{"width":300,"height":300,"url":"https:\/\/www.carideal.com\/blog\/wp-content\/uploads\/2016\/03\/logo-carideal-mandataire-automobile.png","type":"image\/png"}],"author":"N.S Carideal","twitter_card":"summary_large_image","twitter_creator":"@caridealauto","twitter_site":"@caridealauto","twitter_misc":{"\u00c9crit par":"N.S Carideal","Dur\u00e9e de lecture estim\u00e9e":"2 minutes"},"schema":{"@context":"https:\/\/schema.org","@graph":[{"@type":"Article","@id":"https:\/\/www.carideal.com\/blog\/2013\/09\/02\/nissan-qashqai-suv-doccasion\/#article","isPartOf":{"@id":"https:\/\/www.carideal.com\/blog\/2013\/09\/02\/nissan-qashqai-suv-doccasion\/"},"author":{"name":"N.S Carideal","@id":"https:\/\/www.carideal.com\/blog\/#\/schema\/person\/985c7e757d1042d647f21bfaf8d41ebc"},"headline":"Nissan Qashqai d&rsquo;occasion","datePublished":"2013-09-02T08:21:00+00:00","dateModified":"2020-03-07T15:34:49+00:00","mainEntityOfPage":{"@id":"https:\/\/www.carideal.com\/blog\/2013\/09\/02\/nissan-qashqai-suv-doccasion\/"},"wordCount":331,"commentCount":0,"publisher":{"@id":"https:\/\/www.carideal.com\/blog\/#organization"},"keywords":["Guide achat voiture"],"articleSection":["4X4 Actualit\u00e9","Actualit\u00e9 Constructeur automobile","Actualit\u00e9 Nissan","Essai Voiture Occasion","SUV","Type de v\u00e9hicule"],"inLanguage":"fr-FR","potentialAction":[{"@type":"CommentAction","name":"Comment","target":["https:\/\/www.carideal.com\/blog\/2013\/09\/02\/nissan-qashqai-suv-doccasion\/#respond"]}]},{"@type":"WebPage","@id":"https:\/\/www.carideal.com\/blog\/2013\/09\/02\/nissan-qashqai-suv-doccasion\/","url":"https:\/\/www.carideal.com\/blog\/2013\/09\/02\/nissan-qashqai-suv-doccasion\/","name":"Nissan Qashqai d'occasion - Blog auto Carid\u00e9al","isPartOf":{"@id":"https:\/\/www.carideal.com\/blog\/#website"},"datePublished":"2013-09-02T08:21:00+00:00","dateModified":"2020-03-07T15:34:49+00:00","description":"Une chose est sur ce n'est pas gr\u00e2ce \u00e0 son physique que le Nissan Qashqai d'occasion caracole en t\u00eate des ventes dans son segment des SUV","breadcrumb":{"@id":"https:\/\/www.carideal.com\/blog\/2013\/09\/02\/nissan-qashqai-suv-doccasion\/#breadcrumb"},"inLanguage":"fr-FR","potentialAction":[{"@type":"ReadAction","target":["https:\/\/www.carideal.com\/blog\/2013\/09\/02\/nissan-qashqai-suv-doccasion\/"]}]},{"@type":"BreadcrumbList","@id":"https:\/\/www.carideal.com\/blog\/2013\/09\/02\/nissan-qashqai-suv-doccasion\/#breadcrumb","itemListElement":[{"@type":"ListItem","position":1,"name":"Blog Carid\u00e9al","item":"https:\/\/www.carideal.com\/blog\/"},{"@type":"ListItem","position":2,"name":"Type de v\u00e9hicule","item":"https:\/\/www.carideal.com\/blog\/type-de-vehicule\/"},{"@type":"ListItem","position":3,"name":"4X4 Actualit\u00e9","item":"https:\/\/www.carideal.com\/blog\/type-de-vehicule\/4x4-suv\/"},{"@type":"ListItem","position":4,"name":"Nissan Qashqai d&rsquo;occasion"}]},{"@type":"WebSite","@id":"https:\/\/www.carideal.com\/blog\/#website","url":"https:\/\/www.carideal.com\/blog\/","name":"Blog auto Carid\u00e9al","description":"Actualit\u00e9 auto par des passionn\u00e9s","publisher":{"@id":"https:\/\/www.carideal.com\/blog\/#organization"},"potentialAction":[{"@type":"SearchAction","target":{"@type":"EntryPoint","urlTemplate":"https:\/\/www.carideal.com\/blog\/?s={search_term_string}"},"query-input":{"@type":"PropertyValueSpecification","valueRequired":true,"valueName":"search_term_string"}}],"inLanguage":"fr-FR"},{"@type":"Organization","@id":"https:\/\/www.carideal.com\/blog\/#organization","name":"Carideal","url":"https:\/\/www.carideal.com\/blog\/","logo":{"@type":"ImageObject","inLanguage":"fr-FR","@id":"https:\/\/www.carideal.com\/blog\/#\/schema\/logo\/image\/","url":"http:\/\/www.carideal.com\/blog\/wp-content\/uploads\/2016\/03\/logo-carideal-mandataire-automobile.png","contentUrl":"http:\/\/www.carideal.com\/blog\/wp-content\/uploads\/2016\/03\/logo-carideal-mandataire-automobile.png","width":300,"height":300,"caption":"Carideal"},"image":{"@id":"https:\/\/www.carideal.com\/blog\/#\/schema\/logo\/image\/"},"sameAs":["https:\/\/www.facebook.com\/Carideal.mandataire.automobile","https:\/\/x.com\/caridealauto","https:\/\/www.instagram.com\/carideal1\/","https:\/\/www.linkedin.com\/company\/carideal.com","https:\/\/fr.pinterest.com\/schiavonsas\/","https:\/\/www.youtube.com\/user\/caridealsas"]},{"@type":"Person","@id":"https:\/\/www.carideal.com\/blog\/#\/schema\/person\/985c7e757d1042d647f21bfaf8d41ebc","name":"N.S Carideal","image":{"@type":"ImageObject","inLanguage":"fr-FR","@id":"https:\/\/www.carideal.com\/blog\/#\/schema\/person\/image\/","url":"https:\/\/secure.gravatar.com\/avatar\/edb7ccdf1a4e3d14aef967760d354d0e?s=96&r=g","contentUrl":"https:\/\/secure.gravatar.com\/avatar\/edb7ccdf1a4e3d14aef967760d354d0e?s=96&r=g","caption":"N.S Carideal"},"description":"Depuis tout petit fan d'automobile. Il est question d'essayer et de comparer toutes ces voitures qui nous ont fait r\u00e9ver, avant que celles-ci ne devient uniquement des voitures de collection.","sameAs":["http:\/\/www.carideal.com\/blog","https:\/\/www.facebook.com\/Carideal.mandataire.automobile\/","https:\/\/www.linkedin.com\/in\/nschiavon\/","https:\/\/www.youtube.com\/user\/caridealsas\/"],"url":"https:\/\/www.carideal.com\/blog\/author\/admin_carideal\/"}]}},"uagb_featured_image_src":{"full":false,"thumbnail":false,"medium":false,"medium_large":false,"large":false,"1536x1536":false,"2048x2048":false,"wppr-widget":false},"uagb_author_info":{"display_name":"N.S Carideal","author_link":"https:\/\/www.carideal.com\/blog\/author\/admin_carideal\/"},"uagb_comment_info":0,"uagb_excerpt":"SUV\u00a0Nissan Qashqai d'occasion Une chose est sur ce n'est pas gr\u00e2ce \u00e0 son physique que le Nissan Qashqai d'occasion caracole en t\u00eate des ventes dans son segment des SUV mais bien gr\u00e2ce \u00e0 ses qualit\u00e9s intrins\u00e8ques\u00a0: A bord du Nissan Qashqai d'occasion Le Nissan Qashqai a tout d'abord invent\u00e9 sa cat\u00e9gorie, de SUV compact, \u00e9tant\u2026","_links":{"self":[{"href":"https:\/\/www.carideal.com\/blog\/wp-json\/wp\/v2\/posts\/35"}],"collection":[{"href":"https:\/\/www.carideal.com\/blog\/wp-json\/wp\/v2\/posts"}],"about":[{"href":"https:\/\/www.carideal.com\/blog\/wp-json\/wp\/v2\/types\/post"}],"author":[{"embeddable":true,"href":"https:\/\/www.carideal.com\/blog\/wp-json\/wp\/v2\/users\/1"}],"replies":[{"embeddable":true,"href":"https:\/\/www.carideal.com\/blog\/wp-json\/wp\/v2\/comments?post=35"}],"version-history":[{"count":0,"href":"https:\/\/www.carideal.com\/blog\/wp-json\/wp\/v2\/posts\/35\/revisions"}],"wp:attachment":[{"href":"https:\/\/www.carideal.com\/blog\/wp-json\/wp\/v2\/media?parent=35"}],"wp:term":[{"taxonomy":"category","embeddable":true,"href":"https:\/\/www.carideal.com\/blog\/wp-json\/wp\/v2\/categories?post=35"},{"taxonomy":"post_tag","embeddable":true,"href":"https:\/\/www.carideal.com\/blog\/wp-json\/wp\/v2\/tags?post=35"}],"curies":[{"name":"wp","href":"https:\/\/api.w.org\/{rel}","templated":true}]}}