{"id":338,"date":"2010-05-28T14:48:00","date_gmt":"2010-05-28T14:48:00","guid":{"rendered":"http:\/\/carideal.com\/blog\/?p=338"},"modified":"2020-02-06T15:32:58","modified_gmt":"2020-02-06T14:32:58","slug":"psa-rappelle-pres-de-100-000-peugeot-107-et-citroen-c1","status":"publish","type":"post","link":"https:\/\/www.carideal.com\/blog\/2010\/05\/28\/psa-rappelle-pres-de-100-000-peugeot-107-et-citroen-c1\/","title":{"rendered":"PSA rappelle 100 000 Peugeot 107 et Citroen C1"},"content":{"rendered":"<h2>PSA rappelle pr\u00e8s de 100 000 Peugeot 107 et Citroen C1<\/h2>\n<p>Il s\u2019agit des mod\u00e8les de Peugeot 107 et <a href=\"http:\/\/www.carideal.com\/blog\/marque-de-voiture-actualites-essais\/citroen\/c1\/\">Citroen C1<\/a> commercialis\u00e9s jusqu\u2019en ao\u00fbt 2009, et sortis de l\u2019usine de Kolin en R\u00e9publique tch\u00e8que. Mais seulement une partie de la production est concern\u00e9e car, en fonction des versions, essence ou diesel, \"ce n\u2019est pas le m\u00eame type d\u2019\u00e9l\u00e9ment qui est utilis\u00e9\", pr\u00e9cise le constructeur.<\/p>\n<p>Les quelque 97.000 clients du groupe PSA <a href=\"http:\/\/www.carideal.com\/blog\/marque-de-voiture-actualites-essais\/peugeot\/\">Peugeot<\/a> &amp; <a href=\"http:\/\/www.carideal.com\/blog\/marque-de-voiture-actualites-essais\/citroen\/\">Citro\u00ebn<\/a> concern\u00e9s seront donc avertis par un courrier personnalis\u00e9, pr\u00e9cise PSA. En France, quelque 15.400 clients devraient recevoir ce courrier dans les prochains jours.<\/p>\n<p>Ce rappel, qui vient \u00e0 la suite de celui de <a href=\"http:\/\/www.carideal.com\/blog\/marque-de-voiture-actualites-essais\/toyota\/\">Toyota<\/a> lanc\u00e9 sur huit mod\u00e8les, concerne les m\u00eames dysfonctionnements potentiels de la p\u00e9dale d\u2019acc\u00e9l\u00e9rateur. Des mod\u00e8les issus d\u2019une coop\u00e9ration avec le num\u00e9ro un japonais, fabriqu\u00e9s dans l\u2019usine commune en R\u00e9publique Tch\u00e8que.<\/p>\n<p>Quelque 220.000 Peugeot et Citro\u00ebn sortent chaque ann\u00e9e de cette usine de Kolin. PSA et Toyota sont associ\u00e9s \u00e0 parts \u00e9gales dans leur soci\u00e9t\u00e9 commune TPCA (Toyota Peugeot Citro\u00ebn Automobile) qui g\u00e8re le site de Kolin. Mais dans les faits, il s\u2019agit bien d\u2019une usine Toyota, le Japonais \u00e9tant en charge de la conception et de la fabrication des v\u00e9hicules.<\/p>\n<ul>\n<li>Rappel constructeur<\/li>\n<\/ul>\n<h3>Peugeot 107 et Citroen C1 - rappel au service avec la Toyota Aygo<\/h3>\n<p>Le constructeur automobile fran\u00e7ais PSA Peugeot Citro\u00ebn a annonc\u00e9 qu\u2019il allait rappeler jusqu\u2019\u00e0 100 000 voitures - mod\u00e8les Peugeot 107 et <a href=\"http:\/\/www.carideal.com\/blog\/2009\/01\/09\/citroen-c1-neuve-a-moins-de-6000-e\/\">Citroen C1<\/a> construits avec la Toyota Aygo - en raison de probl\u00e8mes \u00e9ventuels li\u00e9s \u00e0 l\u2019acc\u00e9l\u00e9rateur.<\/p>\n<blockquote><p>\"Nous avons organis\u00e9 une campagne de rappel similaire de la part de Toyota pour nos mod\u00e8les Peugeot 107 et Citro\u00ebn C1\", a d\u00e9clar\u00e9 un porte-parole de la soci\u00e9t\u00e9.<\/p><\/blockquote>\n<p>Les deux mod\u00e8les, Peugeot 107 et Citroen C1, sont produits par PSA Peugeot Citro\u00ebn en joint-venture avec Toyota dans une usine en R\u00e9publique tch\u00e8que. Environ 200 000 unit\u00e9s Peugeot et Citro\u00ebn quittent l\u2019usine chaque ann\u00e9e.<\/p>\n<p>Le porte-parole de Peugeot, cit\u00e9 par les journalistes, a indiqu\u00e9 que les 100 000 voitures seraient rappel\u00e9es. Cependant, il n'a pas pr\u00e9cis\u00e9 quand d\u00e9butera la campagne de \"rappel\".<\/p>\n<p>Toyota a annonc\u00e9 le rappel \u00e0 1,8 million de voitures vendues en Europe de r\u00e9parer la p\u00e9dale d\u2019acc\u00e9l\u00e9rateur apr\u00e8s que la semaine derni\u00e8re il eut pris une d\u00e9cision similaire pour 2,3 millions de voitures vendues aux USA.<\/p>\n","protected":false},"excerpt":{"rendered":"<p>PSA rappelle pr\u00e8s de 100 000 Peugeot 107 et Citroen C1 Il s\u2019agit des mod\u00e8les de Peugeot 107 et Citroen C1 commercialis\u00e9s jusqu\u2019en ao\u00fbt 2009, et sortis de l\u2019usine de Kolin en R\u00e9publique tch\u00e8que. Mais seulement une partie de la production est concern\u00e9e car, en fonction des versions, essence ou diesel, \u00ab\u00a0ce n\u2019est pas le &#8230; <a title=\"PSA rappelle 100 000 Peugeot 107 et Citroen C1\" class=\"read-more\" href=\"https:\/\/www.carideal.com\/blog\/2010\/05\/28\/psa-rappelle-pres-de-100-000-peugeot-107-et-citroen-c1\/\" aria-label=\"En savoir plus sur PSA rappelle 100 000 Peugeot 107 et Citroen C1\">Lire plus<\/a><\/p>\n","protected":false},"author":1,"featured_media":17741,"comment_status":"open","ping_status":"open","sticky":false,"template":"","format":"standard","meta":{"_uag_custom_page_level_css":"","_themeisle_gutenberg_block_has_review":false,"footnotes":""},"categories":[21,17193],"tags":[35,6084],"class_list":["post-338","post","type-post","status-publish","format-standard","has-post-thumbnail","hentry","category-actualites-auto","category-actualites-citroen-c1","tag-psa","tag-rappel-constructeur"],"wppr_data":{"cwp_meta_box_check":"No"},"yoast_head":"<!-- This site is optimized with the Yoast SEO plugin v24.8.1 - https:\/\/yoast.com\/wordpress\/plugins\/seo\/ -->\n<title>PSA rappelle 100 000 Peugeot 107 et Citroen C1 - Blog auto Carid\u00e9al<\/title>\n<meta name=\"description\" content=\"PSA Peugeot Citro\u00ebn va rappeler pr\u00e9ventivement pr\u00e8s de 100.000 voitures pour un probl\u00e8me de p\u00e9dale d&#039;acc\u00e9l\u00e9rateur d\u00e9fectueuse annonce\" \/>\n<meta name=\"robots\" content=\"index, follow, max-snippet:-1, max-image-preview:large, max-video-preview:-1\" \/>\n<link rel=\"canonical\" href=\"https:\/\/www.carideal.com\/blog\/2010\/05\/28\/psa-rappelle-pres-de-100-000-peugeot-107-et-citroen-c1\/\" \/>\n<meta property=\"og:locale\" content=\"fr_FR\" \/>\n<meta property=\"og:type\" content=\"article\" \/>\n<meta property=\"og:title\" content=\"PSA rappelle 100 000 Peugeot 107 et Citroen C1 - Blog auto Carid\u00e9al\" \/>\n<meta property=\"og:description\" content=\"PSA Peugeot Citro\u00ebn va rappeler pr\u00e9ventivement pr\u00e8s de 100.000 voitures pour un probl\u00e8me de p\u00e9dale d&#039;acc\u00e9l\u00e9rateur d\u00e9fectueuse annonce\" \/>\n<meta property=\"og:url\" content=\"https:\/\/www.carideal.com\/blog\/2010\/05\/28\/psa-rappelle-pres-de-100-000-peugeot-107-et-citroen-c1\/\" \/>\n<meta property=\"og:site_name\" content=\"Blog auto Carid\u00e9al\" \/>\n<meta property=\"article:publisher\" content=\"https:\/\/www.facebook.com\/Carideal.mandataire.automobile\" \/>\n<meta property=\"article:author\" content=\"https:\/\/www.facebook.com\/Carideal.mandataire.automobile\/\" \/>\n<meta property=\"article:published_time\" content=\"2010-05-28T14:48:00+00:00\" \/>\n<meta property=\"article:modified_time\" content=\"2020-02-06T14:32:58+00:00\" \/>\n<meta property=\"og:image\" content=\"https:\/\/www.carideal.com\/blog\/wp-content\/uploads\/2010\/05\/psa-rapelle-100000.jpg\" \/>\n\t<meta property=\"og:image:width\" content=\"720\" \/>\n\t<meta property=\"og:image:height\" content=\"320\" \/>\n\t<meta property=\"og:image:type\" content=\"image\/jpeg\" \/>\n<meta name=\"author\" content=\"N.S Carideal\" \/>\n<meta name=\"twitter:card\" content=\"summary_large_image\" \/>\n<meta name=\"twitter:creator\" content=\"@caridealauto\" \/>\n<meta name=\"twitter:site\" content=\"@caridealauto\" \/>\n<meta name=\"twitter:label1\" content=\"\u00c9crit par\" \/>\n\t<meta name=\"twitter:data1\" content=\"N.S Carideal\" \/>\n\t<meta name=\"twitter:label2\" content=\"Dur\u00e9e de lecture estim\u00e9e\" \/>\n\t<meta name=\"twitter:data2\" content=\"2 minutes\" \/>\n<script type=\"application\/ld+json\" class=\"yoast-schema-graph\">{\"@context\":\"https:\/\/schema.org\",\"@graph\":[{\"@type\":\"Article\",\"@id\":\"https:\/\/www.carideal.com\/blog\/2010\/05\/28\/psa-rappelle-pres-de-100-000-peugeot-107-et-citroen-c1\/#article\",\"isPartOf\":{\"@id\":\"https:\/\/www.carideal.com\/blog\/2010\/05\/28\/psa-rappelle-pres-de-100-000-peugeot-107-et-citroen-c1\/\"},\"author\":{\"name\":\"N.S Carideal\",\"@id\":\"https:\/\/www.carideal.com\/blog\/#\/schema\/person\/985c7e757d1042d647f21bfaf8d41ebc\"},\"headline\":\"PSA rappelle 100 000 Peugeot 107 et Citroen C1\",\"datePublished\":\"2010-05-28T14:48:00+00:00\",\"dateModified\":\"2020-02-06T14:32:58+00:00\",\"mainEntityOfPage\":{\"@id\":\"https:\/\/www.carideal.com\/blog\/2010\/05\/28\/psa-rappelle-pres-de-100-000-peugeot-107-et-citroen-c1\/\"},\"wordCount\":433,\"commentCount\":0,\"publisher\":{\"@id\":\"https:\/\/www.carideal.com\/blog\/#organization\"},\"image\":{\"@id\":\"https:\/\/www.carideal.com\/blog\/2010\/05\/28\/psa-rappelle-pres-de-100-000-peugeot-107-et-citroen-c1\/#primaryimage\"},\"thumbnailUrl\":\"https:\/\/www.carideal.com\/blog\/wp-content\/uploads\/2010\/05\/psa-rapelle-100000.jpg\",\"keywords\":[\"PSA\",\"Rappel constructeur\"],\"articleSection\":[\"Actualit\u00e9 automobile\",\"Actualit\u00e9s Citroen C1\"],\"inLanguage\":\"fr-FR\",\"potentialAction\":[{\"@type\":\"CommentAction\",\"name\":\"Comment\",\"target\":[\"https:\/\/www.carideal.com\/blog\/2010\/05\/28\/psa-rappelle-pres-de-100-000-peugeot-107-et-citroen-c1\/#respond\"]}]},{\"@type\":\"WebPage\",\"@id\":\"https:\/\/www.carideal.com\/blog\/2010\/05\/28\/psa-rappelle-pres-de-100-000-peugeot-107-et-citroen-c1\/\",\"url\":\"https:\/\/www.carideal.com\/blog\/2010\/05\/28\/psa-rappelle-pres-de-100-000-peugeot-107-et-citroen-c1\/\",\"name\":\"PSA rappelle 100 000 Peugeot 107 et Citroen C1 - Blog auto Carid\u00e9al\",\"isPartOf\":{\"@id\":\"https:\/\/www.carideal.com\/blog\/#website\"},\"primaryImageOfPage\":{\"@id\":\"https:\/\/www.carideal.com\/blog\/2010\/05\/28\/psa-rappelle-pres-de-100-000-peugeot-107-et-citroen-c1\/#primaryimage\"},\"image\":{\"@id\":\"https:\/\/www.carideal.com\/blog\/2010\/05\/28\/psa-rappelle-pres-de-100-000-peugeot-107-et-citroen-c1\/#primaryimage\"},\"thumbnailUrl\":\"https:\/\/www.carideal.com\/blog\/wp-content\/uploads\/2010\/05\/psa-rapelle-100000.jpg\",\"datePublished\":\"2010-05-28T14:48:00+00:00\",\"dateModified\":\"2020-02-06T14:32:58+00:00\",\"description\":\"PSA Peugeot Citro\u00ebn va rappeler pr\u00e9ventivement pr\u00e8s de 100.000 voitures pour un probl\u00e8me de p\u00e9dale d'acc\u00e9l\u00e9rateur d\u00e9fectueuse annonce\",\"breadcrumb\":{\"@id\":\"https:\/\/www.carideal.com\/blog\/2010\/05\/28\/psa-rappelle-pres-de-100-000-peugeot-107-et-citroen-c1\/#breadcrumb\"},\"inLanguage\":\"fr-FR\",\"potentialAction\":[{\"@type\":\"ReadAction\",\"target\":[\"https:\/\/www.carideal.com\/blog\/2010\/05\/28\/psa-rappelle-pres-de-100-000-peugeot-107-et-citroen-c1\/\"]}]},{\"@type\":\"ImageObject\",\"inLanguage\":\"fr-FR\",\"@id\":\"https:\/\/www.carideal.com\/blog\/2010\/05\/28\/psa-rappelle-pres-de-100-000-peugeot-107-et-citroen-c1\/#primaryimage\",\"url\":\"https:\/\/www.carideal.com\/blog\/wp-content\/uploads\/2010\/05\/psa-rapelle-100000.jpg\",\"contentUrl\":\"https:\/\/www.carideal.com\/blog\/wp-content\/uploads\/2010\/05\/psa-rapelle-100000.jpg\",\"width\":720,\"height\":320,\"caption\":\"PSA rappelle 100 000 Citroen C1 et Peugeot 107\"},{\"@type\":\"BreadcrumbList\",\"@id\":\"https:\/\/www.carideal.com\/blog\/2010\/05\/28\/psa-rappelle-pres-de-100-000-peugeot-107-et-citroen-c1\/#breadcrumb\",\"itemListElement\":[{\"@type\":\"ListItem\",\"position\":1,\"name\":\"Blog Carid\u00e9al\",\"item\":\"https:\/\/www.carideal.com\/blog\/\"},{\"@type\":\"ListItem\",\"position\":2,\"name\":\"Actualit\u00e9 constructeur automobile\",\"item\":\"https:\/\/www.carideal.com\/blog\/constructeur\/\"},{\"@type\":\"ListItem\",\"position\":3,\"name\":\"Actualit\u00e9 Citroen\",\"item\":\"https:\/\/www.carideal.com\/blog\/constructeur\/citroen\/\"},{\"@type\":\"ListItem\",\"position\":4,\"name\":\"Actualit\u00e9s Citroen C1\",\"item\":\"https:\/\/www.carideal.com\/blog\/constructeur\/citroen\/actualites-citroen-c1\/\"},{\"@type\":\"ListItem\",\"position\":5,\"name\":\"PSA rappelle 100 000 Peugeot 107 et Citroen C1\"}]},{\"@type\":\"WebSite\",\"@id\":\"https:\/\/www.carideal.com\/blog\/#website\",\"url\":\"https:\/\/www.carideal.com\/blog\/\",\"name\":\"Blog auto Carid\u00e9al\",\"description\":\"Actualit\u00e9 auto par des passionn\u00e9s\",\"publisher\":{\"@id\":\"https:\/\/www.carideal.com\/blog\/#organization\"},\"potentialAction\":[{\"@type\":\"SearchAction\",\"target\":{\"@type\":\"EntryPoint\",\"urlTemplate\":\"https:\/\/www.carideal.com\/blog\/?s={search_term_string}\"},\"query-input\":{\"@type\":\"PropertyValueSpecification\",\"valueRequired\":true,\"valueName\":\"search_term_string\"}}],\"inLanguage\":\"fr-FR\"},{\"@type\":\"Organization\",\"@id\":\"https:\/\/www.carideal.com\/blog\/#organization\",\"name\":\"Carideal\",\"url\":\"https:\/\/www.carideal.com\/blog\/\",\"logo\":{\"@type\":\"ImageObject\",\"inLanguage\":\"fr-FR\",\"@id\":\"https:\/\/www.carideal.com\/blog\/#\/schema\/logo\/image\/\",\"url\":\"http:\/\/www.carideal.com\/blog\/wp-content\/uploads\/2016\/03\/logo-carideal-mandataire-automobile.png\",\"contentUrl\":\"http:\/\/www.carideal.com\/blog\/wp-content\/uploads\/2016\/03\/logo-carideal-mandataire-automobile.png\",\"width\":300,\"height\":300,\"caption\":\"Carideal\"},\"image\":{\"@id\":\"https:\/\/www.carideal.com\/blog\/#\/schema\/logo\/image\/\"},\"sameAs\":[\"https:\/\/www.facebook.com\/Carideal.mandataire.automobile\",\"https:\/\/x.com\/caridealauto\",\"https:\/\/www.instagram.com\/carideal1\/\",\"https:\/\/www.linkedin.com\/company\/carideal.com\",\"https:\/\/fr.pinterest.com\/schiavonsas\/\",\"https:\/\/www.youtube.com\/user\/caridealsas\"]},{\"@type\":\"Person\",\"@id\":\"https:\/\/www.carideal.com\/blog\/#\/schema\/person\/985c7e757d1042d647f21bfaf8d41ebc\",\"name\":\"N.S Carideal\",\"image\":{\"@type\":\"ImageObject\",\"inLanguage\":\"fr-FR\",\"@id\":\"https:\/\/www.carideal.com\/blog\/#\/schema\/person\/image\/\",\"url\":\"https:\/\/secure.gravatar.com\/avatar\/edb7ccdf1a4e3d14aef967760d354d0e?s=96&r=g\",\"contentUrl\":\"https:\/\/secure.gravatar.com\/avatar\/edb7ccdf1a4e3d14aef967760d354d0e?s=96&r=g\",\"caption\":\"N.S Carideal\"},\"description\":\"Depuis tout petit fan d'automobile. Il est question d'essayer et de comparer toutes ces voitures qui nous ont fait r\u00e9ver, avant que celles-ci ne devient uniquement des voitures de collection.\",\"sameAs\":[\"http:\/\/www.carideal.com\/blog\",\"https:\/\/www.facebook.com\/Carideal.mandataire.automobile\/\",\"https:\/\/www.linkedin.com\/in\/nschiavon\/\",\"https:\/\/www.youtube.com\/user\/caridealsas\/\"],\"url\":\"https:\/\/www.carideal.com\/blog\/author\/admin_carideal\/\"}]}<\/script>\n<!-- \/ Yoast SEO plugin. -->","yoast_head_json":{"title":"PSA rappelle 100 000 Peugeot 107 et Citroen C1 - Blog auto Carid\u00e9al","description":"PSA Peugeot Citro\u00ebn va rappeler pr\u00e9ventivement pr\u00e8s de 100.000 voitures pour un probl\u00e8me de p\u00e9dale d'acc\u00e9l\u00e9rateur d\u00e9fectueuse annonce","robots":{"index":"index","follow":"follow","max-snippet":"max-snippet:-1","max-image-preview":"max-image-preview:large","max-video-preview":"max-video-preview:-1"},"canonical":"https:\/\/www.carideal.com\/blog\/2010\/05\/28\/psa-rappelle-pres-de-100-000-peugeot-107-et-citroen-c1\/","og_locale":"fr_FR","og_type":"article","og_title":"PSA rappelle 100 000 Peugeot 107 et Citroen C1 - Blog auto Carid\u00e9al","og_description":"PSA Peugeot Citro\u00ebn va rappeler pr\u00e9ventivement pr\u00e8s de 100.000 voitures pour un probl\u00e8me de p\u00e9dale d'acc\u00e9l\u00e9rateur d\u00e9fectueuse annonce","og_url":"https:\/\/www.carideal.com\/blog\/2010\/05\/28\/psa-rappelle-pres-de-100-000-peugeot-107-et-citroen-c1\/","og_site_name":"Blog auto Carid\u00e9al","article_publisher":"https:\/\/www.facebook.com\/Carideal.mandataire.automobile","article_author":"https:\/\/www.facebook.com\/Carideal.mandataire.automobile\/","article_published_time":"2010-05-28T14:48:00+00:00","article_modified_time":"2020-02-06T14:32:58+00:00","og_image":[{"width":720,"height":320,"url":"https:\/\/www.carideal.com\/blog\/wp-content\/uploads\/2010\/05\/psa-rapelle-100000.jpg","type":"image\/jpeg"}],"author":"N.S Carideal","twitter_card":"summary_large_image","twitter_creator":"@caridealauto","twitter_site":"@caridealauto","twitter_misc":{"\u00c9crit par":"N.S Carideal","Dur\u00e9e de lecture estim\u00e9e":"2 minutes"},"schema":{"@context":"https:\/\/schema.org","@graph":[{"@type":"Article","@id":"https:\/\/www.carideal.com\/blog\/2010\/05\/28\/psa-rappelle-pres-de-100-000-peugeot-107-et-citroen-c1\/#article","isPartOf":{"@id":"https:\/\/www.carideal.com\/blog\/2010\/05\/28\/psa-rappelle-pres-de-100-000-peugeot-107-et-citroen-c1\/"},"author":{"name":"N.S Carideal","@id":"https:\/\/www.carideal.com\/blog\/#\/schema\/person\/985c7e757d1042d647f21bfaf8d41ebc"},"headline":"PSA rappelle 100 000 Peugeot 107 et Citroen C1","datePublished":"2010-05-28T14:48:00+00:00","dateModified":"2020-02-06T14:32:58+00:00","mainEntityOfPage":{"@id":"https:\/\/www.carideal.com\/blog\/2010\/05\/28\/psa-rappelle-pres-de-100-000-peugeot-107-et-citroen-c1\/"},"wordCount":433,"commentCount":0,"publisher":{"@id":"https:\/\/www.carideal.com\/blog\/#organization"},"image":{"@id":"https:\/\/www.carideal.com\/blog\/2010\/05\/28\/psa-rappelle-pres-de-100-000-peugeot-107-et-citroen-c1\/#primaryimage"},"thumbnailUrl":"https:\/\/www.carideal.com\/blog\/wp-content\/uploads\/2010\/05\/psa-rapelle-100000.jpg","keywords":["PSA","Rappel constructeur"],"articleSection":["Actualit\u00e9 automobile","Actualit\u00e9s Citroen C1"],"inLanguage":"fr-FR","potentialAction":[{"@type":"CommentAction","name":"Comment","target":["https:\/\/www.carideal.com\/blog\/2010\/05\/28\/psa-rappelle-pres-de-100-000-peugeot-107-et-citroen-c1\/#respond"]}]},{"@type":"WebPage","@id":"https:\/\/www.carideal.com\/blog\/2010\/05\/28\/psa-rappelle-pres-de-100-000-peugeot-107-et-citroen-c1\/","url":"https:\/\/www.carideal.com\/blog\/2010\/05\/28\/psa-rappelle-pres-de-100-000-peugeot-107-et-citroen-c1\/","name":"PSA rappelle 100 000 Peugeot 107 et Citroen C1 - Blog auto Carid\u00e9al","isPartOf":{"@id":"https:\/\/www.carideal.com\/blog\/#website"},"primaryImageOfPage":{"@id":"https:\/\/www.carideal.com\/blog\/2010\/05\/28\/psa-rappelle-pres-de-100-000-peugeot-107-et-citroen-c1\/#primaryimage"},"image":{"@id":"https:\/\/www.carideal.com\/blog\/2010\/05\/28\/psa-rappelle-pres-de-100-000-peugeot-107-et-citroen-c1\/#primaryimage"},"thumbnailUrl":"https:\/\/www.carideal.com\/blog\/wp-content\/uploads\/2010\/05\/psa-rapelle-100000.jpg","datePublished":"2010-05-28T14:48:00+00:00","dateModified":"2020-02-06T14:32:58+00:00","description":"PSA Peugeot Citro\u00ebn va rappeler pr\u00e9ventivement pr\u00e8s de 100.000 voitures pour un probl\u00e8me de p\u00e9dale d'acc\u00e9l\u00e9rateur d\u00e9fectueuse annonce","breadcrumb":{"@id":"https:\/\/www.carideal.com\/blog\/2010\/05\/28\/psa-rappelle-pres-de-100-000-peugeot-107-et-citroen-c1\/#breadcrumb"},"inLanguage":"fr-FR","potentialAction":[{"@type":"ReadAction","target":["https:\/\/www.carideal.com\/blog\/2010\/05\/28\/psa-rappelle-pres-de-100-000-peugeot-107-et-citroen-c1\/"]}]},{"@type":"ImageObject","inLanguage":"fr-FR","@id":"https:\/\/www.carideal.com\/blog\/2010\/05\/28\/psa-rappelle-pres-de-100-000-peugeot-107-et-citroen-c1\/#primaryimage","url":"https:\/\/www.carideal.com\/blog\/wp-content\/uploads\/2010\/05\/psa-rapelle-100000.jpg","contentUrl":"https:\/\/www.carideal.com\/blog\/wp-content\/uploads\/2010\/05\/psa-rapelle-100000.jpg","width":720,"height":320,"caption":"PSA rappelle 100 000 Citroen C1 et Peugeot 107"},{"@type":"BreadcrumbList","@id":"https:\/\/www.carideal.com\/blog\/2010\/05\/28\/psa-rappelle-pres-de-100-000-peugeot-107-et-citroen-c1\/#breadcrumb","itemListElement":[{"@type":"ListItem","position":1,"name":"Blog Carid\u00e9al","item":"https:\/\/www.carideal.com\/blog\/"},{"@type":"ListItem","position":2,"name":"Actualit\u00e9 constructeur automobile","item":"https:\/\/www.carideal.com\/blog\/constructeur\/"},{"@type":"ListItem","position":3,"name":"Actualit\u00e9 Citroen","item":"https:\/\/www.carideal.com\/blog\/constructeur\/citroen\/"},{"@type":"ListItem","position":4,"name":"Actualit\u00e9s Citroen C1","item":"https:\/\/www.carideal.com\/blog\/constructeur\/citroen\/actualites-citroen-c1\/"},{"@type":"ListItem","position":5,"name":"PSA rappelle 100 000 Peugeot 107 et Citroen C1"}]},{"@type":"WebSite","@id":"https:\/\/www.carideal.com\/blog\/#website","url":"https:\/\/www.carideal.com\/blog\/","name":"Blog auto Carid\u00e9al","description":"Actualit\u00e9 auto par des passionn\u00e9s","publisher":{"@id":"https:\/\/www.carideal.com\/blog\/#organization"},"potentialAction":[{"@type":"SearchAction","target":{"@type":"EntryPoint","urlTemplate":"https:\/\/www.carideal.com\/blog\/?s={search_term_string}"},"query-input":{"@type":"PropertyValueSpecification","valueRequired":true,"valueName":"search_term_string"}}],"inLanguage":"fr-FR"},{"@type":"Organization","@id":"https:\/\/www.carideal.com\/blog\/#organization","name":"Carideal","url":"https:\/\/www.carideal.com\/blog\/","logo":{"@type":"ImageObject","inLanguage":"fr-FR","@id":"https:\/\/www.carideal.com\/blog\/#\/schema\/logo\/image\/","url":"http:\/\/www.carideal.com\/blog\/wp-content\/uploads\/2016\/03\/logo-carideal-mandataire-automobile.png","contentUrl":"http:\/\/www.carideal.com\/blog\/wp-content\/uploads\/2016\/03\/logo-carideal-mandataire-automobile.png","width":300,"height":300,"caption":"Carideal"},"image":{"@id":"https:\/\/www.carideal.com\/blog\/#\/schema\/logo\/image\/"},"sameAs":["https:\/\/www.facebook.com\/Carideal.mandataire.automobile","https:\/\/x.com\/caridealauto","https:\/\/www.instagram.com\/carideal1\/","https:\/\/www.linkedin.com\/company\/carideal.com","https:\/\/fr.pinterest.com\/schiavonsas\/","https:\/\/www.youtube.com\/user\/caridealsas"]},{"@type":"Person","@id":"https:\/\/www.carideal.com\/blog\/#\/schema\/person\/985c7e757d1042d647f21bfaf8d41ebc","name":"N.S Carideal","image":{"@type":"ImageObject","inLanguage":"fr-FR","@id":"https:\/\/www.carideal.com\/blog\/#\/schema\/person\/image\/","url":"https:\/\/secure.gravatar.com\/avatar\/edb7ccdf1a4e3d14aef967760d354d0e?s=96&r=g","contentUrl":"https:\/\/secure.gravatar.com\/avatar\/edb7ccdf1a4e3d14aef967760d354d0e?s=96&r=g","caption":"N.S Carideal"},"description":"Depuis tout petit fan d'automobile. Il est question d'essayer et de comparer toutes ces voitures qui nous ont fait r\u00e9ver, avant que celles-ci ne devient uniquement des voitures de collection.","sameAs":["http:\/\/www.carideal.com\/blog","https:\/\/www.facebook.com\/Carideal.mandataire.automobile\/","https:\/\/www.linkedin.com\/in\/nschiavon\/","https:\/\/www.youtube.com\/user\/caridealsas\/"],"url":"https:\/\/www.carideal.com\/blog\/author\/admin_carideal\/"}]}},"uagb_featured_image_src":{"full":["https:\/\/www.carideal.com\/blog\/wp-content\/uploads\/2010\/05\/psa-rapelle-100000.jpg",720,320,false],"thumbnail":["https:\/\/www.carideal.com\/blog\/wp-content\/uploads\/2010\/05\/psa-rapelle-100000-150x150.jpg",150,150,true],"medium":["https:\/\/www.carideal.com\/blog\/wp-content\/uploads\/2010\/05\/psa-rapelle-100000-300x133.jpg",300,133,true],"medium_large":["https:\/\/www.carideal.com\/blog\/wp-content\/uploads\/2010\/05\/psa-rapelle-100000.jpg",720,320,false],"large":["https:\/\/www.carideal.com\/blog\/wp-content\/uploads\/2010\/05\/psa-rapelle-100000.jpg",720,320,false],"1536x1536":["https:\/\/www.carideal.com\/blog\/wp-content\/uploads\/2010\/05\/psa-rapelle-100000.jpg",720,320,false],"2048x2048":["https:\/\/www.carideal.com\/blog\/wp-content\/uploads\/2010\/05\/psa-rapelle-100000.jpg",720,320,false],"wppr-widget":["https:\/\/www.carideal.com\/blog\/wp-content\/uploads\/2010\/05\/psa-rapelle-100000-50x22.jpg",50,22,true]},"uagb_author_info":{"display_name":"N.S Carideal","author_link":"https:\/\/www.carideal.com\/blog\/author\/admin_carideal\/"},"uagb_comment_info":0,"uagb_excerpt":"PSA rappelle pr\u00e8s de 100 000 Peugeot 107 et Citroen C1 Il s\u2019agit des mod\u00e8les de Peugeot 107 et Citroen C1 commercialis\u00e9s jusqu\u2019en ao\u00fbt 2009, et sortis de l\u2019usine de Kolin en R\u00e9publique tch\u00e8que. Mais seulement une partie de la production est concern\u00e9e car, en fonction des versions, essence ou diesel, \"ce n\u2019est pas le\u2026","_links":{"self":[{"href":"https:\/\/www.carideal.com\/blog\/wp-json\/wp\/v2\/posts\/338"}],"collection":[{"href":"https:\/\/www.carideal.com\/blog\/wp-json\/wp\/v2\/posts"}],"about":[{"href":"https:\/\/www.carideal.com\/blog\/wp-json\/wp\/v2\/types\/post"}],"author":[{"embeddable":true,"href":"https:\/\/www.carideal.com\/blog\/wp-json\/wp\/v2\/users\/1"}],"replies":[{"embeddable":true,"href":"https:\/\/www.carideal.com\/blog\/wp-json\/wp\/v2\/comments?post=338"}],"version-history":[{"count":0,"href":"https:\/\/www.carideal.com\/blog\/wp-json\/wp\/v2\/posts\/338\/revisions"}],"wp:featuredmedia":[{"embeddable":true,"href":"https:\/\/www.carideal.com\/blog\/wp-json\/wp\/v2\/media\/17741"}],"wp:attachment":[{"href":"https:\/\/www.carideal.com\/blog\/wp-json\/wp\/v2\/media?parent=338"}],"wp:term":[{"taxonomy":"category","embeddable":true,"href":"https:\/\/www.carideal.com\/blog\/wp-json\/wp\/v2\/categories?post=338"},{"taxonomy":"post_tag","embeddable":true,"href":"https:\/\/www.carideal.com\/blog\/wp-json\/wp\/v2\/tags?post=338"}],"curies":[{"name":"wp","href":"https:\/\/api.w.org\/{rel}","templated":true}]}}